{"id":14838,"date":"2026-04-29T13:52:07","date_gmt":"2026-04-29T11:52:07","guid":{"rendered":"https:\/\/carselect.touring.be\/?p=14838"},"modified":"2026-04-29T13:52:07","modified_gmt":"2026-04-29T11:52:07","slug":"siege-auto-belgique-regles-ages-amendes","status":"publish","type":"post","link":"https:\/\/carselect.touring.be\/fr\/blog\/siege-auto-belgique-regles-ages-amendes\/","title":{"rendered":"Siege Auto en Belgique : R\u00e8gles, \u00c2ges et Amendes Expliqu\u00e9s"},"content":{"rendered":"\n\n\n<style>\n.banner-carousel div[class$=\"-banner\"] {\n  display: none;\n}\n\n.banner-carousel div[class$=\"-banner\"]:first-child,\n.banner-carousel.flickity-enabled div[class$=\"-banner\"] {\n  display: inline-flex;\n} \n\n  .roadside-margin-top {\n    margin-top: 0px;\n  }\n\n  .roadside-margin-top-stock {\n    margin-top: 24px;\n  }\n\n  .roadside-assistance-banner {\n    background-color: #E4EDF4;\n    color: var(--primary-color);\n    text-align: center;\n    height: 56px;\n    font-weight: bold;\n    position: static;\n    box-shadow: rgba(0, 0, 0, 0.15) 1px 1px 10px;\n  }\n\n  .roadside-assistance-banner img {\n    height: 30px;\n  }\n\n  .roadside-assistance-banner .full-banner-button {\n    color: var(--primary-color);\n    cursor: pointer;\n    display: inline-flex;\n    align-items: center;\n    justify-content: center;\n    height: 56px;\n  }\n\n.banner-carousel-container .quality-check-banner, \n.banner-carousel-container  .roadside-banner, \n.banner-carousel-container .stock-banner {\n    color: var(--primary-color);\n    display: inline-flex;\n    align-items: center;\n    justify-content: center;\n    height: 56px;\n  }\n\n  .roadside-assistance-banner.mobile-only .banner-text {\n    padding-right: 8px;\n    padding-left: 8px;\n    margin: 0px;\n  }\n\n  .roadside-assistance-banner .banner-text {\n    font-weight: bold;\n    margin-right: 24px;\n    margin-left: 8px;\n    font-size: 18px;\n  }\n\n  .roadside-assistance-banner.desktop-only {\n    height: 56px;\n    line-height: 56px;\n    width: 100%;\n  }\n  \n  .more-info-button {\n    color: white;\n    background-color: var(--primary-color);\n    padding: 6px 10px;\n    cursor: pointer;\n    border-radius: 5px;\n  }\n\n  .more-info-button:hover, .blog-single a:focus {\n    color: white!important;\n  }\n\n  .roadside-assistance-popup .roadside-assistance-title {\n    text-align: center;\n    margin-bottom: 8px; line-height: 15px;\n  }\n\n .roadside-assistance-popup .roadside-assistance-list {\n    display: flex;\n    flex-direction: column;\n    font-size: 16px;\n  }\n\n .roadside-assistance-popup .roadside-assistance-item {\n    display: flex;\n    align-items: baseline;\n    position: relative;\n    margin-bottom: 10px;\n  }\n\n .roadside-assistance-popup .roadside-assistance-circle {\n    width: 20px;\n    min-width: 20px;\n    height: 20px;\n    border-radius: 50%;\n    background-color: var(--primary-color);\n    display: flex;\n    justify-content: center;\n    align-items: center;\n    font-weight: bold;\n    position: relative;\n    color: white;\n  }\n\n .roadside-assistance-popup .roadside-assistance-text {\n    margin-left: 8px;\n    color: var(--primary-color);\n    line-height: 16px;\n  }\n\n .roadside-assistance-popup .roadside-assistance-item:not(:last-child)::before {\n    content: \"\";\n    position: absolute;\n    width: 1px;\n    height: 28px;\n    background-color: var(--primary-color);\n    left: 10px;\n    top: 20px;\n  }\n\n .roadside-assistance-popup .roadside-assistance-item:nth-child(3)::after {\n    content: \"\";\n    position: absolute;\n    left: 7px;\n    top: 40px;\n    border: solid var(--primary-color);\n    border-width: 0 1px 1px 0;\n    padding: 3px;\n    transform: rotate(45deg);\n    -webkit-transform: rotate(45deg);\n  }\n\n  .roadside-assistance-popup .roadside-assistance-item:last-child {\n    padding-top: 20px;\n  }\n\n  .roadside-assistance-popup .roadside-assistance-item:last-child .roadside-assistance-circle {\n    padding-top: 1px;\n    background-color: #08ccb4;\n    color: white;\n  }\n\n  .roadside-assistance-popup .roadside-assistance-sublist {\n    color:var(--primary-color);\n    font-size: 16px;\n    padding-left: 28px;\n  }\n\n  .roadside-assistance-popup .roadside-assistance-sublist .checkmark {\n    color: var(--primary-color);\n  }\n\n  .roadside-assistance-popup.lightbox-content {\n    background-color: unset;\n    box-shadow: unset;\n  }\n\n  .roadside-assistance-popup .dialog-container > .col-inner {\n    box-shadow: 3px 3px 20px 0 rgba(0, 0, 0, .15);\n  }\n\n  @media only screen and (max-width: 800px) {\n    .roadside-assistance-banner {\n      z-index: 1000;\n    }\n\n    .roadside-assistance-banner.mobile-only {\n      display: block !important;\n    }\n\n    .roadside-assistance-banner.desktop-only {\n      display: none;\n    }\n  }\n\n  @media only screen and (min-width: 801px) {\n    .roadside-assistance-banner {\n      z-index: 8;\n    }\n\n    .roadside-assistance-banner.mobile-only {\n      display: none;\n    }\n\n    .roadside-assistance-banner.desktop-only {\n      display: block;\n    }\n  }\n\n  @media only screen and (max-width: 548px) {\n    #stock-general .stock-general__header-order--3 {\n      margin-top: 12px;\n    }\n  }\n  .roadside-assistance-popup .service-link.button.close {\n    font-size: 16px;\n    margin-left: 8px;\n  }\n\n  .roadside-assistance-popup .car-item-detail {\n    align-items: center;\n  }\n\n  .article-text, .default-text  {\n    display: none;\n  }\n\n  @media only screen and (max-width: 500px) {\n    .roadside-assistance-banner.mobile-only .banner-text {\n      font-size: 14px;\n      line-height: 16px;\n    }\n  }\n\n  @media only screen and (max-width: 405px) {\n    .roadside-assistance-banner.mobile-only .article-text {\n      width: 75%;\n    }\n  }\n\n  .roadside-assistance-banner.mobile-only img {\n    margin-left: 8px;\n  }\n\n  article .roadside-assistance-banner {\n    width: 100vw !important;\n    margin-left: calc(50% - 50vw);\n  }\n<\/style>\n\n\n\n<div class=\"roadside-assistance-banner desktop-only banner-carousel-container\"> \n  <div class=\"banner-carousel\">\n    <div class=\"quality-check-banner\">\n<svg width=\"24\" height=\"24\" viewBox=\"0 0 24 24\" fill=\"none\" xmlns=\"http:\/\/www.w3.org\/2000\/svg\">\n<path d=\"M4 12.5L9.5 17L19 7\" stroke=\"#00418c\" stroke-width=\"2.5\" stroke-linecap=\"round\" stroke-linejoin=\"round\"\/>\n<\/svg>\n      <span class=\"banner-text\">\nContr\u00f4les de qualit\u00e9 par Touring\n      <\/span>\n    <\/div>\n    <div class=\"roadside-banner\">\n<svg width=\"24\" height=\"24\" viewBox=\"0 0 24 24\" fill=\"none\" xmlns=\"http:\/\/www.w3.org\/2000\/svg\">\n<path d=\"M4 12.5L9.5 17L19 7\" stroke=\"#00418c\" stroke-width=\"2.5\" stroke-linecap=\"round\" stroke-linejoin=\"round\"\/>\n<\/svg>\n      <span class=\"banner-text default-text\">\n12 mois de d\u00e9pannage offerts\n      <\/span>\n      <span class=\"banner-text article-text\">\nD\u00e9couvrez notre large stock de voitures d\u2019occasion fiables\n      <\/span>\n    <\/div>\n    <div class=\"stock-banner\">\n<svg width=\"24\" height=\"24\" viewBox=\"0 0 24 24\" fill=\"none\" xmlns=\"http:\/\/www.w3.org\/2000\/svg\">\n<path d=\"M4 12.5L9.5 17L19 7\" stroke=\"#00418c\" stroke-width=\"2.5\" stroke-linecap=\"round\" stroke-linejoin=\"round\"\/>\n<\/svg>\n      <span class=\"banner-text\">\n<span class=\"stock-count\">0<\/span> voitures disponibles\n      <\/span>\n    <\/div>\n  <\/div>\n<\/div>\n\n\n\n<div class=\"roadside-assistance-banner mobile-only banner-carousel-container\"> \n  <div class=\"banner-carousel\">\n    <div class=\"quality-check-banner\">\n<svg width=\"24\" height=\"24\" viewBox=\"0 0 24 24\" fill=\"none\" xmlns=\"http:\/\/www.w3.org\/2000\/svg\">\n<path d=\"M4 12.5L9.5 17L19 7\" stroke=\"#00418c\" stroke-width=\"2.5\" stroke-linecap=\"round\" stroke-linejoin=\"round\"\/>\n<\/svg>\n      <span class=\"banner-text\">\nContr\u00f4les de qualit\u00e9 par Touring\n      <\/span>\n    <\/div>\n    <div class=\"roadside-banner\">\n<svg width=\"24\" height=\"24\" viewBox=\"0 0 24 24\" fill=\"none\" xmlns=\"http:\/\/www.w3.org\/2000\/svg\">\n<path d=\"M4 12.5L9.5 17L19 7\" stroke=\"#00418c\" stroke-width=\"2.5\" stroke-linecap=\"round\" stroke-linejoin=\"round\"\/>\n<\/svg>\n        <span class=\"banner-text default-text\">\n12 mois de d\u00e9pannage offerts\n        <\/span>\n        <span class=\"banner-text article-text\">\nD\u00e9couvrez notre large stock de voitures d\u2019occasion fiables\n        <\/span>\n    <\/div>\n    <div class=\"stock-banner\">\n<svg width=\"24\" height=\"24\" viewBox=\"0 0 24 24\" fill=\"none\" xmlns=\"http:\/\/www.w3.org\/2000\/svg\">\n<path d=\"M4 12.5L9.5 17L19 7\" stroke=\"#00418c\" stroke-width=\"2.5\" stroke-linecap=\"round\" stroke-linejoin=\"round\"\/>\n<\/svg>\n      <span class=\"banner-text\">\n<span class=\"stock-count\">0<\/span> voitures disponibles\n      <\/span>\n    <\/div>\n  <\/div>\n<\/div>\n\n<div class=\"row align-center roadside-assistance-popup lightbox-by-id lightbox-content lightbox-white mfp-hide\"  id=\"row-1558623750\">\n\n\n\t<div id=\"col-1030229469\" class=\"col dialog-container medium-6 small-12 large-6\"  >\n\t\t\t\t<div class=\"col-inner\" style=\"background-color:rgb(255, 255, 255);\" >\n\t\t\t\n\t\t\t\n\n\t<div class=\"img has-hover x md-x lg-x y md-y lg-y\" id=\"image_130306474\">\n\t\t\t\t\t\t\t\t<div class=\"img-inner dark\" >\n\t\t\t<img loading=\"lazy\" decoding=\"async\" width=\"1020\" height=\"680\" src=\"\/wp-content\/uploads\/2025\/04\/Touring_221026_3058_NL-1-1024x683.webp\" class=\"attachment-large size-large\" alt=\"Roadside Assistance Banner NL\" srcset=\"\/wp-content\/uploads\/2025\/04\/Touring_221026_3058_NL-1-1024x683.webp 1024w, \/wp-content\/uploads\/2025\/04\/Touring_221026_3058_NL-1-300x200.webp 300w, \/wp-content\/uploads\/2025\/04\/Touring_221026_3058_NL-1-768x512.webp 768w, \/wp-content\/uploads\/2025\/04\/Touring_221026_3058_NL-1-1536x1024.webp 1536w, \/wp-content\/uploads\/2025\/04\/Touring_221026_3058_NL-1-2048x1365.webp 2048w\" sizes=\"auto, (max-width: 1020px) 100vw, 1020px\" \/>\t\t\t\t\t\t\n\t\t\t\t\t<\/div>\n\t\t\t\t\t\t\t\t\n<style>\n#image_130306474 {\n  width: 100%;\n}\n<\/style>\n\t<\/div>\n\t\n\n<div class=\"row\"  id=\"row-575225593\">\n\n\n\t<div id=\"col-1345383101\" class=\"col small-12 large-12\"  >\n\t\t\t\t<div class=\"col-inner\"  >\n\t\t\t\n\t\t\t\n\n\n\n<p data-text-color=\"primary\" class=\"roadside-assistance-title\">\n  <strong>12 mois d\u2019assistance d\u00e9pannage offerts sur tous les v\u00e9hicules<\/strong>\n<\/p>\n<div class=\"roadside-assistance-list\">\n  <div class=\"roadside-assistance-item\">\n      <div class=\"roadside-assistance-circle\">1<\/div>\n      <div class=\"roadside-assistance-text\">Trouvez votre v\u00e9hicule<\/div>\n  <\/div>\n  <div class=\"roadside-assistance-item\">\n      <div class=\"roadside-assistance-circle\">2<\/div>\n      <div class=\"roadside-assistance-text\">Rendez-vous dans votre concession<\/div>\n  <\/div>\n  <div class=\"roadside-assistance-item\">\n      <div class=\"roadside-assistance-circle\">3<\/div>\n      <div class=\"roadside-assistance-text\">Le vendeur active instantan\u00e9ment votre assistance<\/div>\n  <\/div>\n  <div class=\"roadside-assistance-item\">\n      <div class=\"roadside-assistance-circle\">\u2713<\/div>\n      <div class=\"roadside-assistance-text\"><strong>Profitez de votre assistance pendant 12 mois<\/strong><\/div>\n  <\/div>\n<\/div>\n<div class=\"roadside-assistance-sublist\">\n<div>\n<span class=\"checkmark \">\u2713<\/span>\n<span>Dans toute la Belgique<\/span>\n<\/div>\n<div>\n<span class=\"checkmark \">\u2713<\/span>\n<span>V\u00e9hicule de remplacement<\/span>\n<\/div>\n<\/div>\n\n\n\t\t<\/div>\n\t\t\t\t\t<\/div>\n\n\t\n\n\t<div id=\"col-46303217\" class=\"col small-12 large-12\"  >\n\t\t\t\t<div class=\"col-inner\"  >\n\t\t\t\n\t\t\t\n\n\n\n<div class=\"car-item-detail d-flex\"> \n         <a href=\"https:\/\/carselect.touring.be\/fr\/services-solutions\/#roadside-assistance\">\n         <div class=\"more-info-button bold\">\n Plus d\u2019information\n         <\/div>\n           <\/a>\n<button class=\"button success lowercase service-link close\">Fermer<\/button>\n      <\/div>\n\n\n\t\t<\/div>\n\t\t\t\t\t<\/div>\n\n\t\n\n\n<style>\n#row-575225593 > .col > .col-inner {\n  padding: 0px 24px 0px 24px;\n}\n<\/style>\n<\/div>\n\n\t\t<\/div>\n\t\t\t\t\t<\/div>\n\n\t\n\n<\/div>\n\n\n<script>\ndocument.querySelector('.roadside-assistance-popup').setAttribute('id', 'roadside-assistance-popup');\n\ndocument.querySelector('.roadside-assistance-popup .button.close').addEventListener('click', function() {\n$.magnificPopup.close();\n});\n\nif (window.location.pathname.includes(\"blog\")) {\n  const toShow = document.querySelectorAll(\".article-text\");\n  toShow.forEach(el => {\n    el.style.display=\"inline\";\n  });\n} else {\n  const toShow = document.querySelectorAll(\".default-text\");\n  toShow.forEach(el => {\n    el.style.display=\"inline\";\n  });\n}\n<\/script>\n\n\n\n\t<section class=\"section news-details\" id=\"section_596608565\">\n\t\t<div class=\"section-bg fill\" >\n\t\t\t\t\t\t\t\t\t\n\t\t\t\n\n\t\t<\/div>\n\n\t\t\n\n\t\t<div class=\"section-content relative\">\n\t\t\t\n\n<div class=\"row row-large\"  id=\"row-1996565305\">\n\n\n\t<div id=\"col-1345553923\" class=\"col small-12 large-12\"  >\n\t\t\t\t<div class=\"col-inner\"  >\n\t\t\t\n\t\t\t\n\n<div class=\"container section-title-container\" ><h1 class=\"section-title section-title-normal\"><b><\/b><span class=\"section-title-main\" >Siege Auto en Belgique : R\u00e8gles, \u00c2ges et Amendes Expliqu\u00e9s<\/span><b><\/b><\/h1><\/div>\n\n\t<div class=\"img has-hover x md-x lg-x y md-y lg-y\" id=\"image_1102528502\">\n\t\t\t\t\t\t\t\t<div class=\"img-inner dark\" >\n\t\t\t<img loading=\"lazy\" decoding=\"async\" width=\"1000\" height=\"667\" src=\"\/wp-content\/uploads\/2026\/04\/siege-auto-header.jpg\" class=\"attachment-large size-large\" alt=\"siege auto\" srcset=\"\/wp-content\/uploads\/2026\/04\/siege-auto-header.jpg 1000w, \/wp-content\/uploads\/2026\/04\/siege-auto-header-300x200.jpg 300w, \/wp-content\/uploads\/2026\/04\/siege-auto-header-768x512.jpg 768w\" sizes=\"auto, (max-width: 1000px) 100vw, 1000px\" \/>\t\t\t\t\t\t\n\t\t\t\t\t<\/div>\n\t\t\t\t\t\t\t\t\n<style>\n#image_1102528502 {\n  width: 100%;\n}\n<\/style>\n\t<\/div>\n\t\n\n\n\t\t<\/div>\n\t\t\t\t\n<style>\n#col-1345553923 > .col-inner {\n  margin: 0px 0px 25px 0px;\n}\n<\/style>\n\t<\/div>\n\n\t\n\n\t<div id=\"col-1119170888\" class=\"col medium-8 small-12 large-8\"  >\n\t\t\t\t<div class=\"col-inner\"  >\n\t\t\t\n\t\t\t\n\n<p>Beaucoup de parents roulent encore avec des si\u00e8ges auto qui ne respectent plus les r\u00e8gles actuelles. Pas par n\u00e9gligence : la r\u00e9glementation belge a \u00e9t\u00e9 renforc\u00e9e en septembre 2023 sans grande couverture m\u00e9diatique. Les articles de loi ont chang\u00e9 en silence.<\/p>\n<p>Le r\u00e9sultat : des enfants insuffisamment prot\u00e9g\u00e9s en cas de freinage soudain, et des parents qui risquent une amende sans le savoir. Cet article (parfois recherch\u00e9 sous \u00ab\u00a0siege auto\u00a0\u00bb sans accent) explique quel si\u00e8ge auto est obligatoire selon la taille de l&rsquo;enfant, comment fonctionnent les deux normes de s\u00e9curit\u00e9, quelles erreurs sont les plus fr\u00e9quentes lors du transport des enfants en voiture, et ce que vous risquez. Une bonne protection sur la route commence par un choix \u00e9clair\u00e9.<\/p>\n\n\n<script type=\"text\/javascript\">\n    var seoPlugins = window.seoPlugins || [];\n\n    seoPlugins.push({\n        \"PluginCode\": \"a9f957e3-d8b9-4005-bf73-c81df6fc4833\",\n        \"PluginName\": \"#lsqdfqsdf\",\n        \"FilterCookie\": {\"FuelTypeIds\":[\"3\",\"4\"],\"CarCategoryIds\":[\"1\"]}\n    })\n\n    window.seoPlugins = seoPlugins;\n\n    var seoPlugins = window.seoPlugins || [];\n\n    for (var i = 0; i < seoPlugins.length; i++) {\n        var pluginData = seoPlugins[i];\n        CFM.API.enable(pluginData.PluginCode, pluginData.PluginName, null, {\n            FilterCookie: pluginData.FilterCookie\n        });\n    }\n<\/script>\n<div id=\"lsqdfqsdf\"><\/div>\n\n<h2>Un Si\u00e8ge Auto Est-il Obligatoire en Belgique ?<\/h2>\n<h3>Que Dit la R\u00e9glementation Belge ?<\/h3>\n<p>En Belgique, la loi oblige \u00e0 transporter les enfants de moins de 18 ans et mesurant moins de 1,35 m\u00e8tre dans un dispositif de retenue adapt\u00e9. Cette r\u00e8gle s&rsquo;applique \u00e0 tout v\u00e9hicule, sur toute route, m\u00eame sur un trajet court. Les enfants d\u00e9passant 1,35 m\u00e8tre peuvent utiliser la ceinture de s\u00e9curit\u00e9 ordinaire. Un rehausseur reste alors recommand\u00e9, sans \u00eatre obligatoire.<\/p>\n<p>Les parents qui transportent des enfants de moins de 1,35 m\u00e8tre sans si\u00e8ge auto homologu\u00e9 risquent une perception imm\u00e9diate de 174 euros. La loi est claire en cette mati\u00e8re.<\/p>\n<h3>Y a-t-il des Exceptions ?<\/h3>\n<p>Les exceptions sont limit\u00e9es. Lors d&rsquo;un transport occasionnel en taxi ou v\u00e9hicule de transport en commun, les enfants de plus de 3 ans peuvent voyager sans si\u00e8ge auto si aucun n&rsquo;est disponible. La ceinture de s\u00e9curit\u00e9 reste alors obligatoire. Les enfants de moins de 3 ans doivent toujours \u00eatre plac\u00e9s dans d&rsquo;un si\u00e8ge auto adapt\u00e9, m\u00eame en taxi. La loi n&rsquo;admet aucune exception pour un trajet court.<\/p>\n<h2>Quel Si\u00e8ge Auto Pour Quel \u00c2ge et Quelle Taille ?<\/h2>\n<p>Le tableau pr\u00e9sente un aper\u00e7u des si\u00e8ges auto les plus utilis\u00e9s. Voici comment chaque type de si\u00e8ges correspond \u00e0 la taille de l&rsquo;enfant. L&rsquo;\u00e2ge n&rsquo;est qu&rsquo;une indication : la taille de l&rsquo;enfant et son poids restent d\u00e9terminants. Les types de si\u00e8ges auto se classent en groupes, en fonction du poids et de la morphologie. Ces si\u00e8ges couvrent tout le parcours, des nouveau-n\u00e9s aux enfants de 12 ans.<\/p>\n<table style=\"min-width: 100px\">\n<colgroup>\n<col style=\"min-width: 25px\">\n<col style=\"min-width: 25px\">\n<col style=\"min-width: 25px\">\n<col style=\"min-width: 25px\"><\/colgroup>\n<tbody>\n<tr>\n<th colspan=\"1\" rowspan=\"1\">\n<p>Type de si\u00e8ge<\/p>\n<\/th>\n<th colspan=\"1\" rowspan=\"1\">\n<p>Poids<\/p>\n<\/th>\n<th colspan=\"1\" rowspan=\"1\">\n<p>Taille (indicative)<\/p>\n<\/th>\n<th colspan=\"1\" rowspan=\"1\">\n<p>\u00c2ge (indicatif)<\/p>\n<\/th>\n<\/tr>\n<tr>\n<td colspan=\"1\" rowspan=\"1\">\n<p>Nacelle \/ si\u00e8ge b\u00e9b\u00e9 (groupe 0)<\/p>\n<\/td>\n<td colspan=\"1\" rowspan=\"1\">\n<p>0\u20139 kg<\/p>\n<\/td>\n<td colspan=\"1\" rowspan=\"1\">\n<p>jusqu&rsquo;\u00e0 \u00b165 cm<\/p>\n<\/td>\n<td colspan=\"1\" rowspan=\"1\">\n<p>0\u20136 mois<\/p>\n<\/td>\n<\/tr>\n<tr>\n<td colspan=\"1\" rowspan=\"1\">\n<p>Si\u00e8ge b\u00e9b\u00e9 (groupe 0+)<\/p>\n<\/td>\n<td colspan=\"1\" rowspan=\"1\">\n<p>0\u201313 kg<\/p>\n<\/td>\n<td colspan=\"1\" rowspan=\"1\">\n<p>jusqu&rsquo;\u00e0 \u00b175 cm<\/p>\n<\/td>\n<td colspan=\"1\" rowspan=\"1\">\n<p>0\u201315 mois<\/p>\n<\/td>\n<\/tr>\n<tr>\n<td colspan=\"1\" rowspan=\"1\">\n<p>Si\u00e8ge auto (groupe 1)<\/p>\n<\/td>\n<td colspan=\"1\" rowspan=\"1\">\n<p>9\u201318 kg<\/p>\n<\/td>\n<td colspan=\"1\" rowspan=\"1\">\n<p>jusqu&rsquo;\u00e0 \u00b1105 cm<\/p>\n<\/td>\n<td colspan=\"1\" rowspan=\"1\">\n<p>9 mois\u20134 ans<\/p>\n<\/td>\n<\/tr>\n<tr>\n<td colspan=\"1\" rowspan=\"1\">\n<p>Rehausseur avec dossier (groupe 2)<\/p>\n<\/td>\n<td colspan=\"1\" rowspan=\"1\">\n<p>15\u201325 kg<\/p>\n<\/td>\n<td colspan=\"1\" rowspan=\"1\">\n<p>jusqu&rsquo;\u00e0 \u00b1125 cm<\/p>\n<\/td>\n<td colspan=\"1\" rowspan=\"1\">\n<p>3\u20136 ans<\/p>\n<\/td>\n<\/tr>\n<tr>\n<td colspan=\"1\" rowspan=\"1\">\n<p>Rehausseur (groupe 3)<\/p>\n<\/td>\n<td colspan=\"1\" rowspan=\"1\">\n<p>22\u201336 kg<\/p>\n<\/td>\n<td colspan=\"1\" rowspan=\"1\">\n<p>jusqu&rsquo;\u00e0 135 cm<\/p>\n<\/td>\n<td colspan=\"1\" rowspan=\"1\">\n<p>5\u201312 ans<\/p>\n<\/td>\n<\/tr>\n<\/tbody>\n<\/table>\n<h3>Nacelle et Si\u00e8ge B\u00e9b\u00e9 : Pour les Plus Petits Enfants (Groupe 0 et 0+)<\/h3>\n<p>Une nacelle ou un si\u00e8ge auto b\u00e9b\u00e9 s&rsquo;utilise pour les enfants de la naissance \u00e0 environ 13 kg. Vous transportez toujours les jeunes enfants dos \u00e0 la route : la t\u00eate, la nuque et le dos sont ainsi soutenus en cas de choc frontal. La position dos \u00e0 la route reste la meilleure protection \u00e0 cette taille de l&rsquo;enfant. Le syst\u00e8me i-Size impose le dos \u00e0 la route jusqu&rsquo;\u00e0 15 mois minimum, car les muscles cervicaux des nouveau-n\u00e9s ne sont pas assez d\u00e9velopp\u00e9s pour absorber un choc. Pour les nouveau-n\u00e9s sortant de la maternit\u00e9, des si\u00e8ges adapt\u00e9s \u00e0 leur morphologie sont essentiels.<\/p>\n<p>Le si\u00e8ge auto doit \u00eatre correctement fix\u00e9 avec la ceinture ou le syst\u00e8me Isofix. Les sangles doivent \u00eatre bien serr\u00e9es : aucun poing ne doit pouvoir passer entre. Essayez le si\u00e8ge auto dans votre propre voiture pr\u00e9alablement \u00e0 l&rsquo;achat, car certaines voitures ont une longueur de ceinture insuffisante. Le groupe 0 et le groupe 0+ couvrent les premiers trajets du b\u00e9b\u00e9.<\/p>\n<h3>Si\u00e8ge Auto Pour B\u00e9b\u00e9s et Tout-Petits (Groupe 1)<\/h3>\n<p>Pour les enfants de 9 \u00e0 18 kg, vous utilisez un si\u00e8ge auto du groupe 1. Gardez les enfants dos \u00e0 la route plus longtemps possible. Cette position dos \u00e0 la route reste la plus s\u00fbre. Lors d&rsquo;un choc, les forces se r\u00e9partissent sur le dos, la nuque et la t\u00eate, plut\u00f4t que par la seule ceinture de s\u00e9curit\u00e9. Un appui-t\u00eate bien r\u00e9gl\u00e9 en hauteur offre une protection additionnelle. V\u00e9rifiez que le dossier du si\u00e8ge auto \u00e9pouse la position d&rsquo;assise. Beaucoup de si\u00e8ges auto de ce groupe permettent un passage face \u00e0 la route en fonction du gabarit. Ces types de si\u00e8ges \u00e9volutifs offrent un excellent compromis. Le face \u00e0 la route n&rsquo;est jamais autoris\u00e9 avant 15 mois.<\/p>\n<h3>Rehausseur : Pour Enfants de 15 \u00e0 36 kg (Groupe 2 et 3)<\/h3>\n<p>Le rehausseur s&rsquo;utilise pour les enfants de 15 \u00e0 36 kg. Le groupe 2 va de 15 \u00e0 25 kg, le groupe 3 de 22 \u00e0 36 kg. Un rehausseur sans dossier n&rsquo;est autoris\u00e9 en Belgique qu&rsquo;\u00e0 partir de 1,25 m\u00e8tre et 22 kg. Le rehausseur sur\u00e9l\u00e8ve l&rsquo;enfant pour que la ceinture de s\u00e9curit\u00e9 passe sur la poitrine et les hanches, plut\u00f4t que sur le ventre. V\u00e9rifiez que ces si\u00e8ges sont solidement fix\u00e9s et que la ceinture ne passe pas sur la t\u00eate. Ce type de si\u00e8ge enfant reste indispensable jusqu&rsquo;\u00e0 1,35 m\u00e8tre.<\/p>\n<p>Les enfants de plus de 1,35 m\u00e8tre peuvent utiliser la ceinture ordinaire. Dans certains pays voisins, la limite est plus haute : la r\u00e9glementation fran\u00e7aise impose un si\u00e8ge jusqu&rsquo;\u00e0 150 cm ou 12 ans. Beaucoup de mod\u00e8les et produits de la marque Maxi-Cosi couvrent l&rsquo;enfant jusqu&rsquo;\u00e0 150 cm, soit la totalit\u00e9 du parcours sur la route.<\/p>\n\n\t<div class=\"img has-hover x md-x lg-x y md-y lg-y\" id=\"image_10362307\">\n\t\t\t\t\t\t\t\t<div class=\"img-inner dark\" >\n\t\t\t<img loading=\"lazy\" decoding=\"async\" width=\"1000\" height=\"665\" src=\"\/wp-content\/uploads\/2026\/04\/siege-auto_intext.jpg\" class=\"attachment-large size-large\" alt=\"siege auto\" srcset=\"\/wp-content\/uploads\/2026\/04\/siege-auto_intext.jpg 1000w, \/wp-content\/uploads\/2026\/04\/siege-auto_intext-300x200.jpg 300w, \/wp-content\/uploads\/2026\/04\/siege-auto_intext-768x511.jpg 768w\" sizes=\"auto, (max-width: 1000px) 100vw, 1000px\" \/>\t\t\t\t\t\t\n\t\t\t\t\t<\/div>\n\t\t\t\t\t\t\t\t\n<style>\n#image_10362307 {\n  width: 100%;\n}\n<\/style>\n\t<\/div>\n\t\n\n\n\n<script type=\"text\/javascript\">\n    var seoPlugins = window.seoPlugins || [];\n\n    seoPlugins.push({\n        \"PluginCode\": \"a9f957e3-d8b9-4005-bf73-c81df6fc4833\",\n        \"PluginName\": \"#generaloverviewdww\",\n        \"FilterCookie\": {\"CarCategoryIds\":[\"1\",\"2\"]}\n    })\n\n    window.seoPlugins = seoPlugins;\n\n    var seoPlugins = window.seoPlugins || [];\n\n    for (var i = 0; i < seoPlugins.length; i++) {\n        var pluginData = seoPlugins[i];\n        CFM.API.enable(pluginData.PluginCode, pluginData.PluginName, null, {\n            FilterCookie: pluginData.FilterCookie\n        });\n    }\n<\/script>\n<div id=\"generaloverviewdww\"><\/div>\n\n<h2>R44\/04 ou i-Size ? Les Deux Normes de S\u00e9curit\u00e9 Expliqu\u00e9es<\/h2>\n<p>En Belgique, deux normes de s\u00e9curit\u00e9 r\u00e9gissent les si\u00e8ges auto : R44\/04 et i-Size (ECE R129). Tous les si\u00e8ges auto vendus doivent \u00eatre homologu\u00e9s et porter un label ECE. Ce label indique la norme, le groupe et le poids ou la taille maximum. Ces normes de s\u00e9curit\u00e9 issues de la r\u00e9glementation europ\u00e9enne garantissent la s\u00e9curit\u00e9 routi\u00e8re des plus jeunes. Les normes de s\u00e9curit\u00e9 \u00e9voluent r\u00e9guli\u00e8rement.<\/p>\n<h3>R44\/04 : Le Syst\u00e8me Bas\u00e9 Sur le Poids<\/h3>\n<p>R44 04 est l&rsquo;ancienne norme et classe les si\u00e8ges auto en fonction du poids dans les groupes 0 \u00e0 3. Les si\u00e8ges portant le label R44 04 restent homologu\u00e9s et autoris\u00e9s \u00e0 l&rsquo;utilisation. V\u00e9rifiez le label d&rsquo;un si\u00e8ge auto avant l&rsquo;achat. Une grande partie des si\u00e8ges auto vendus en Belgique rel\u00e8vent encore de la norme R44 04. Cette norme reste valable, mais sera progressivement remplac\u00e9e. Le syst\u00e8me R44 classe ces normes en cinq groupes distincts.<\/p>\n<h3>i-Size (R129) : La Nouvelle Norme de S\u00e9curit\u00e9<\/h3>\n<p>i-Size est la nouvelle norme pour les si\u00e8ges auto, bas\u00e9e sur la taille de l&rsquo;enfant. Les si\u00e8ges i-Size imposent le dos \u00e0 la route jusqu&rsquo;\u00e0 15 mois minimum. Lors d&rsquo;un choc frontal, ces si\u00e8ges r\u00e9partissent mieux les forces sur tout le corps. Ces si\u00e8ges couvrent les enfants jusqu&rsquo;\u00e0 150 cm. Beaucoup de si\u00e8ges permettent un passage face \u00e0 la route selon le gabarit. Ces normes remplacent progressivement les anciennes normes.<\/p>\n<p>Les si\u00e8ges i-Size exigent Isofix, le syst\u00e8me de fixation qui relie les si\u00e8ges \u00e0 la carrosserie. <a href=\"https:\/\/www.maxi-cosi.be\/c\/fr-be?hide_switcher=1\">Isofix<\/a> r\u00e9duit le risque de mauvaise installation. Les parents qui ach\u00e8tent de nouveaux si\u00e8ges choisissent un mod\u00e8le i-Size avec Isofix. Des marques comme Maxi-Cosi, Britax R\u00f6mer et Joie proposent des si\u00e8ges i-Size pour tous les groupes, certains mod\u00e8les jusqu&rsquo;\u00e0 150 cm. Le prix de ces si\u00e8ges varie selon le mod\u00e8le, le type et le produit. Les points d&rsquo;ancrage Isofix sont pr\u00e9sents dans la plupart des voitures r\u00e9centes. Ce syst\u00e8me moderne offre une protection renforc\u00e9e. Les si\u00e8ges Isofix garantissent une fixation pr\u00e9cise. Les produits homologu\u00e9s couvrent tous les groupes d&rsquo;enfants. Comparer les produits reste essentiel.<\/p>\n<h2>Un Enfant Peut-il S&rsquo;asseoir \u00e0 l&rsquo;Avant ?<\/h2>\n<h3>Quand l&rsquo;Avant Est-il Autoris\u00e9 ?<\/h3>\n<p>Les enfants de moins de 1,35 m\u00e8tre peuvent prendre place sur le si\u00e8ge passager si la banquette arri\u00e8re est enti\u00e8rement occup\u00e9e ou si le v\u00e9hicule n&rsquo;en a pas. Asseoir un enfant \u00e0 l&rsquo;avant reste autoris\u00e9, mais ne fait jamais partie du premier choix. La priorit\u00e9 va toujours aux places de derri\u00e8re, car en cas de collision lat\u00e9rale, ces si\u00e8ges offrent une meilleure protection. V\u00e9rifiez pr\u00e9alablement d&rsquo;un si\u00e8ge auto plac\u00e9 devant que le si\u00e8ge auto s&rsquo;adapte au si\u00e8ge passager.<\/p>\n<h3>D\u00e9sactiver l&rsquo;Airbag Frontal : Ne l&rsquo;Oubliez Jamais<\/h3>\n<p>Vous placez un si\u00e8ge auto en face oppos\u00e9e \u00e0 la route sur le si\u00e8ge passager avant ? D\u00e9sactivez imp\u00e9rativement l&rsquo;airbag frontal. Un airbag se d\u00e9clenche en cas de collision avec une force \u00e9norme et peut causer des blessures graves voire mortelles aux nouveau-n\u00e9s et jeunes enfants en cas d&rsquo;accident. V\u00e9rifiez si l&rsquo;airbag de votre v\u00e9hicule peut \u00eatre d\u00e9sactiv\u00e9. Certaines voitures disposent d&rsquo;un commutateur \u00e0 cl\u00e9. Cette fonction reste cruciale.<\/p>\n<p>Transporter un enfant sur le si\u00e8ge passager sans d\u00e9sactiver l&rsquo;airbag est l&rsquo;une des erreurs les plus dangereuses. Un doute ? Consultez le manuel de votre voiture : c&rsquo;est le moyen le plus simple d&rsquo;\u00e9viter un drame.<\/p>\n<h2>Erreurs Fr\u00e9quentes Lors de l&rsquo;Utilisation d&rsquo;un Si\u00e8ge Auto<\/h2>\n<p>Environ 60 \u00e0 80 % des enfants ne sont pas correctement attach\u00e9s en voiture. Les notices des si\u00e8ges auto sont complexes et les parents font confiance \u00e0 leur intuition. <a href=\"https:\/\/carselect.touring.be\/fr\/blog\/que-faire-suite-a-un-accident-de-la-route-suivez-ces-instructions-de-base\/\">En cas d&rsquo;accident de la route<\/a>, des si\u00e8ges auto mal mont\u00e9s peuvent consid\u00e9rablement augmenter l&rsquo;impact sur l&rsquo;enfant. Plusieurs articles sur la s\u00e9curit\u00e9 insistent tous sur ce point. Les si\u00e8ges mal install\u00e9s sont une cause majeure de blessures \u00e9vitables. Les articles sp\u00e9cialis\u00e9s rappellent que tous les si\u00e8ges ne se valent pas.<\/p>\n<h3>Ceinture Trop L\u00e2che, Si\u00e8ge Qui D\u00e9passe ou Mal Mont\u00e9<\/h3>\n<p>L&rsquo;erreur la plus fr\u00e9quente reste une ceinture ou des sangles trop l\u00e2ches. Le si\u00e8ge auto doit \u00eatre solidement fix\u00e9 et ne pas bouger de plus d&rsquo;un centim\u00e8tre. Si le si\u00e8ge auto d\u00e9passe sur le c\u00f4t\u00e9 ou bouge en tirant la ceinture, l&rsquo;installation est incorrecte. V\u00e9rifiez aussi que la ceinture trois points passe sur l&rsquo;\u00e9paule et ne tombe pas sur la t\u00eate. La position de la sangle est cruciale pour l&rsquo;installation.<\/p>\n<p>Pour les jeunes enfants, les adultes oublient parfois de retendre les sangles d&rsquo;\u00e9paule. Celles-ci doivent \u00eatre fix\u00e9es \u00e0 hauteur d&rsquo;\u00e9paule, ni trop bas ni trop haut. V\u00e9rifiez cela \u00e0 chaque fois. Une mauvaise position augmente le risque de chute ou de glissement \u00e0 chaque fois qu&rsquo;un choc survient. Refaites le contr\u00f4le deux fois. Cette position influence directement la protection.<\/p>\n<h3>Passer Trop T\u00f4t \u00e0 un Si\u00e8ge Plus Grand<\/h3>\n<p>Les parents passent trop vite au si\u00e8ge enfant suivant, parce que l&rsquo;enfant semble physiquement trop grand. Gardez le si\u00e8ge enfant actuel plus longtemps possible. Lors d&rsquo;une collision \u00e0 50 km\/h, le gabarit de l&rsquo;enfant est multipli\u00e9 par trente : un enfant de 15 kg exerce une force de presque 500 kg. Un si\u00e8ge auto correctement mont\u00e9 peut r\u00e9duire le risque de blessures graves jusqu&rsquo;\u00e0 70 % en cas d&rsquo;accident. Cette protection peut faire la diff\u00e9rence.<\/p>\n<h3>Acheter un Si\u00e8ge Sans l&rsquo;Essayer Dans Votre Propre Voiture<\/h3>\n<p>Tous les si\u00e8ges auto ne s&rsquo;adaptent pas \u00e0 toutes les voitures. Certaines voitures ont une longueur de ceinture insuffisante pour fixer correctement un si\u00e8ge auto. Essayez toujours plusieurs si\u00e8ges dans votre propre v\u00e9hicule avant de finaliser l&rsquo;achat. Faites-vous accompagner par un sp\u00e9cialiste qui assure l&rsquo;installation et contr\u00f4le tous les \u00e9quipements. Le prix d&rsquo;un si\u00e8ge auto varie selon le mod\u00e8le, mais ne fait jamais l&rsquo;\u00e9conomie de la s\u00e9curit\u00e9. Comparer plusieurs si\u00e8ges en magasin reste utile.<\/p>\n<h2>Choisir le Bon Si\u00e8ge Auto : Conseils Pratiques<\/h2>\n<h3>V\u00e9rifiez le Label ECE et Choisissez de Pr\u00e9f\u00e9rence i-Size<\/h3>\n<p>Chaque si\u00e8ge auto homologu\u00e9 porte un label ECE orange. Ce label mentionne la norme (R44 04 ou i-Size), le groupe et le poids ou la taille maximum. Un si\u00e8ge auto sans ce label ne peut pas \u00eatre utilis\u00e9 en Belgique. Au moment du choix, donnez la pr\u00e9f\u00e9rence \u00e0 un si\u00e8ge auto i-Size avec le syst\u00e8me Isofix. Les fabricants comme Maxi-Cosi proposent des \u00e9quipements et un produit additionnel comme un pare-soleil pour prot\u00e9ger l&rsquo;enfant pendant les trajets. Ces \u00e9quipements rendent les trajets plus confortables. Comparez plusieurs produits, mod\u00e8les et si\u00e8ges avant le choix d&rsquo;un si\u00e8ge auto. Les prix varient fortement entre mod\u00e8les. Le produit id\u00e9al allie s\u00e9curit\u00e9, protection et Isofix. Chaque produit doit respecter les normes. Un bon produit dure plusieurs ann\u00e9es. Le syst\u00e8me de fixation reste essentiel pour tous les si\u00e8ges.<\/p>\n<h3>Le Plus Longtemps Possible Dans le Si\u00e8ge Actuel<\/h3>\n<p>Gardez les enfants plus longtemps dans le si\u00e8ge auto actuel que vous ne le feriez intuitivement. La limite sup\u00e9rieure de poids ou de taille du si\u00e8ge auto constitue la r\u00e9f\u00e9rence. Les enfants qui passent juste la transition restent plus en s\u00e9curit\u00e9 dans des si\u00e8ges plus petits. Cela vaut pour tous les types de si\u00e8ges, tout mod\u00e8le et produit. La taille de l&rsquo;enfant d\u00e9termine vraiment le moment du changement. Ces si\u00e8ges avec Isofix tiennent mieux dans la dur\u00e9e.<\/p>\n<h3>Assurance Auto et Responsabilit\u00e9<\/h3>\n<p>Si l&rsquo;enfant n&rsquo;est pas correctement attach\u00e9 lors d&rsquo;un accident de la circulation, votre <a href=\"https:\/\/carselect.touring.be\/fr\/blog\/quel-est-le-prix-dune-assurance-auto-par-an-le-guide-complet\/\">assurance auto<\/a> peut en subir les cons\u00e9quences. V\u00e9rifiez votre police pour respecter les obligations l\u00e9gales relatives aux si\u00e8ges. Cette mati\u00e8re rel\u00e8ve de la s\u00e9curit\u00e9 routi\u00e8re et le risque de litige est r\u00e9el.<\/p>\n<h2>Amendes et Contr\u00f4les : Que Risquez-vous en Belgique ?<\/h2>\n<p>Transporter des enfants sans si\u00e8ges auto adapt\u00e9s entra\u00eene une perception imm\u00e9diate de 174 euros. Les r\u00e8gles s&rsquo;appliquent \u00e0 tout v\u00e9hicule, sur toute route et pour toute distance, et \u00e0 tous les si\u00e8ges. Un trajet court ou une banquette charg\u00e9e ne sont pas des raisons valables. Ces dispositions prot\u00e8gent tous les enfants. Le risque d&rsquo;amende reste \u00e9lev\u00e9.<\/p>\n<p>Vous voyagez \u00e0 l&rsquo;\u00e9tranger ? D&rsquo;autres r\u00e8gles s&rsquo;appliquent. En Allemagne, France et aux Pays-Bas, les seuils diff\u00e8rent. En France, l&rsquo;enfant doit rester dans des si\u00e8ges auto adapt\u00e9s jusqu&rsquo;\u00e0 10 ans ou 150 cm. En Allemagne, la r\u00e9glementation impose aussi 150 cm ou 12 ans. Emporter d&rsquo;un si\u00e8ge auto adapt\u00e9 en vacances n&rsquo;est pas un luxe. Comparer les mod\u00e8les et les prix avant le d\u00e9part reste judicieux. Les si\u00e8ges homologu\u00e9s sont plus chers, mais leur prix est justifi\u00e9 face au risque. Lisez nos <a href=\"https:\/\/carselect.touring.be\/fr\/blog\/conseils-pour-des-vacances-en-voiture-peages-vignettes-et-couts-du-carburant\/\">articles avec conseils pour des vacances sereines<\/a> sur la route avec enfants. Comparez les diff\u00e9rents si\u00e8ges en face \u00e0 face avant l&rsquo;achat.<\/p>\n<h2>\u00c0 la Recherche d&rsquo;une Voiture Familiale ?<\/h2>\n<p>Votre famille s&rsquo;agrandit et vous cherchez une voiture spacieuse, confortable et s\u00fbre pour tout le monde ? Une voiture familiale avec espace suffisant \u00e0 la place du passager, des points d&rsquo;ancrage Isofix sur la banquette et de larges porti\u00e8res simplifie le transport des enfants et de tous leurs si\u00e8ges. Sur <a href=\"https:\/\/carselect.touring.be\/fr\/acheter-une-voiture\/\">Touring CarSelect<\/a>, les familles trouvent une large offre de voitures d&rsquo;occasion, contr\u00f4l\u00e9es et pr\u00eates pour vos prochains trajets. Les familles qui font de la s\u00e9curit\u00e9 une priorit\u00e9 y trouveront leur bonheur.<\/p>\n\n\n<script type=\"text\/javascript\">\n    var seoPlugins = window.seoPlugins || [];\n\n    seoPlugins.push({\n        \"PluginCode\": \"a9f957e3-d8b9-4005-bf73-c81df6fc4833\",\n        \"PluginName\": \"#newgeneraloverview\",\n        \"FilterCookie\": {\"CarCategoryIds\":[\"1\",\"2\"]}\n    })\n\n    window.seoPlugins = seoPlugins;\n\n    var seoPlugins = window.seoPlugins || [];\n\n    for (var i = 0; i < seoPlugins.length; i++) {\n        var pluginData = seoPlugins[i];\n        CFM.API.enable(pluginData.PluginCode, pluginData.PluginName, null, {\n            FilterCookie: pluginData.FilterCookie\n        });\n    }\n<\/script>\n<div id=\"newgeneraloverview\"><\/div>\n\n<h2>Questions Fr\u00e9quentes Sur les Si\u00e8ges Auto en Voiture<\/h2>\n<h3>\u00c0 Quel \u00c2ge l&rsquo;Enfant N&rsquo;a-t-il Plus Besoin d&rsquo;un Si\u00e8ge Auto en Belgique ?<\/h3>\n<p>L&rsquo;\u00e2ge n&rsquo;est pas le crit\u00e8re. D\u00e8s que l&rsquo;enfant atteint 1,35 m\u00e8tre, la ceinture ordinaire suffit. La plupart des enfants atteignent cette limite vers 10 \u00e0 12 ans, mais cela varie. \u00c0 l&rsquo;\u00e9tranger, certaines r\u00e9glementations imposent un si\u00e8ge jusqu&rsquo;\u00e0 150 cm ou 12 ans.<\/p>\n<h3>Quand un Enfant Peut-il Utiliser un Rehausseur ?<\/h3>\n<p>Un rehausseur sans dossier n&rsquo;est autoris\u00e9 qu&rsquo;\u00e0 partir de 1,25 m\u00e8tre et 22 kg minimum, soit vers 5 \u00e0 6 ans. Basez-vous toujours sur la taille de l&rsquo;enfant, jamais sur les ann\u00e9es. Un petit enfant de 7 ans peut encore avoir besoin d&rsquo;un si\u00e8ge auto avec dossier. Le retour \u00e0 un rehausseur avec dossier reste parfois la meilleure option.<\/p>\n<h3>Quelles Sont les R\u00e8gles Pour un Si\u00e8ge Auto en Taxi ?<\/h3>\n<p>Lors d&rsquo;un transport occasionnel en taxi, les enfants de plus de 3 ans peuvent voyager sans si\u00e8ge auto si aucun n&rsquo;est disponible, \u00e0 condition qu&rsquo;ils portent la ceinture ordinaire. Les enfants de moins de 3 ans doivent toujours \u00eatre plac\u00e9s dans des si\u00e8ges adapt\u00e9s, m\u00eame en taxi. Ces si\u00e8ges de type nacelle ou b\u00e9b\u00e9 sont indispensables.<\/p>\n<h3>Que Faire Si la Voiture N&rsquo;a Pas de Banquette ?<\/h3>\n<p>Si le v\u00e9hicule n&rsquo;a pas de banquette derri\u00e8re ou si toutes les places sont occup\u00e9es, des si\u00e8ges adapt\u00e9s peuvent \u00eatre plac\u00e9s sur le si\u00e8ge passager avant. L&rsquo;airbag frontal doit alors \u00eatre d\u00e9sactiv\u00e9. Transporter des enfants sans v\u00e9rifier cela reste dangereux et punissable. Ces si\u00e8ges doivent \u00eatre correctement orient\u00e9s.<\/p>\n<h3>Le Si\u00e8ge Est-il Aussi Obligatoire Pour un Enfant Plus Grand Que Pr\u00e9vu ?<\/h3>\n<p>Oui. Les adultes sous-estiment parfois la taille de l&rsquo;enfant de 8 ou 9 ans. Tant que l&rsquo;enfant mesure moins de 1,35 m\u00e8tre, des si\u00e8ges adapt\u00e9s restent obligatoires en Belgique. Ne placez jamais les enfants dans la ceinture ordinaire sans avoir atteint cette limite. Tous les si\u00e8ges homologu\u00e9s font la diff\u00e9rence.<\/p>\n\n\t\t<\/div>\n\t\t\t\t\t<\/div>\n\n\t\n\n\t<div id=\"col-1451599005\" class=\"col medium-4 small-12 large-4\"  >\n\t\t\t\t<div class=\"col-inner\"  >\n\t\t\t\n\t\t\t\n\n\n  \n    <div class=\"row large-columns-1 medium-columns-1 small-columns-1\" >\n  <div class=\"col post-item\" >\n\t\t\t<div class=\"col-inner\">\n\t\t\t\t<div class=\"box box-normal box-text-bottom box-blog-post has-hover\">\n            \t\t\t\t\t<div class=\"box-image\" >\n  \t\t\t\t\t\t<div class=\"image-cover\" style=\"padding-top:56.25%;\">\n\t\t\t\t\t\t\t<a href=\"https:\/\/carselect.touring.be\/fr\/blog\/siege-auto-belgique-regles-ages-amendes\/\" class=\"plain\" aria-label=\"Siege Auto en Belgique : R\u00e8gles, \u00c2ges et Amendes Expliqu\u00e9s\">\n\t\t\t\t\t\t\t\t<img loading=\"lazy\" decoding=\"async\" width=\"300\" height=\"200\" src=\"\/wp-content\/uploads\/2026\/04\/siege-auto-header-300x200.jpg\" class=\"attachment-medium size-medium wp-post-image\" alt=\"siege auto\" srcset=\"\/wp-content\/uploads\/2026\/04\/siege-auto-header-300x200.jpg 300w, \/wp-content\/uploads\/2026\/04\/siege-auto-header-768x512.jpg 768w, \/wp-content\/uploads\/2026\/04\/siege-auto-header.jpg 1000w\" sizes=\"auto, (max-width: 300px) 100vw, 300px\" \/>\t\t\t\t\t\t\t<\/a>\n  \t\t\t\t\t\t\t  \t\t\t\t\t\t\t  \t\t\t\t\t\t<\/div>\n  \t\t\t\t\t\t  \t\t\t\t\t<\/div>\n          \t\t\t\t\t<div class=\"box-text text-left\" >\n\t\t\t\t\t<div class=\"box-text-inner blog-post-inner\">\n\n\t\t\t\t\t\n\t\t\t\t\t\t\t\t\t\t<h5 class=\"post-title is-large \">\n\t\t\t\t\t\t<a href=\"https:\/\/carselect.touring.be\/fr\/blog\/siege-auto-belgique-regles-ages-amendes\/\" class=\"plain\">Siege Auto en Belgique : R\u00e8gles, \u00c2ges et Amendes Expliqu\u00e9s<\/a>\n\t\t\t\t\t<\/h5>\n\t\t\t\t\t\t\t\t\t\t<div class=\"is-divider\"><\/div>\n\t\t\t\t\t\t\t\t\t\t<p class=\"from_the_blog_excerpt \">\n\t\t\t\t\t\tSi\u00e8ge auto en Belgique : r\u00e8gles, \u00e2ges et amendes expliqu\u00e9s. Ce que dit la loi [...]\t\t\t\t\t<\/p>\n\t\t\t\t\t                    \n\t\t\t\t\t\n\t\t\t\t\t\n\t\t\t\t\t<\/div>\n\t\t\t\t\t<\/div>\n\t\t\t\t\t\t\t\t\t<\/div>\n\t\t\t<\/div>\n\t\t<\/div><div class=\"col post-item\" >\n\t\t\t<div class=\"col-inner\">\n\t\t\t\t<div class=\"box box-normal box-text-bottom box-blog-post has-hover\">\n            \t\t\t\t\t<div class=\"box-image\" >\n  \t\t\t\t\t\t<div class=\"image-cover\" style=\"padding-top:56.25%;\">\n\t\t\t\t\t\t\t<a href=\"https:\/\/carselect.touring.be\/fr\/blog\/numero-chassis-voiture-verification-occasion\/\" class=\"plain\" aria-label=\"Rechercher le Num\u00e9ro de Ch\u00e2ssis Voiture : Comment V\u00e9rifier l&rsquo;Honn\u00eatet\u00e9 d&rsquo;une Occasion\">\n\t\t\t\t\t\t\t\t<img loading=\"lazy\" decoding=\"async\" width=\"300\" height=\"199\" src=\"\/wp-content\/uploads\/2026\/03\/Numero-de-Chassis-Voiture-300x199.jpg\" class=\"attachment-medium size-medium wp-post-image\" alt=\"Num\u00e9ro de Ch\u00e2ssis Voiture\" srcset=\"\/wp-content\/uploads\/2026\/03\/Numero-de-Chassis-Voiture-300x199.jpg 300w, \/wp-content\/uploads\/2026\/03\/Numero-de-Chassis-Voiture-768x510.jpg 768w, \/wp-content\/uploads\/2026\/03\/Numero-de-Chassis-Voiture.jpg 1000w\" sizes=\"auto, (max-width: 300px) 100vw, 300px\" \/>\t\t\t\t\t\t\t<\/a>\n  \t\t\t\t\t\t\t  \t\t\t\t\t\t\t  \t\t\t\t\t\t<\/div>\n  \t\t\t\t\t\t  \t\t\t\t\t<\/div>\n          \t\t\t\t\t<div class=\"box-text text-left\" >\n\t\t\t\t\t<div class=\"box-text-inner blog-post-inner\">\n\n\t\t\t\t\t\n\t\t\t\t\t\t\t\t\t\t<h5 class=\"post-title is-large \">\n\t\t\t\t\t\t<a href=\"https:\/\/carselect.touring.be\/fr\/blog\/numero-chassis-voiture-verification-occasion\/\" class=\"plain\">Rechercher le Num\u00e9ro de Ch\u00e2ssis Voiture : Comment V\u00e9rifier l&rsquo;Honn\u00eatet\u00e9 d&rsquo;une Occasion<\/a>\n\t\t\t\t\t<\/h5>\n\t\t\t\t\t\t\t\t\t\t<div class=\"is-divider\"><\/div>\n\t\t\t\t\t\t\t\t\t\t<p class=\"from_the_blog_excerpt \">\n\t\t\t\t\t\tNum\u00e9ro de ch\u00e2ssis voiture en Belgique ? D\u00e9couvrez ce que le VIN r\u00e9v\u00e8le, o\u00f9 le [...]\t\t\t\t\t<\/p>\n\t\t\t\t\t                    \n\t\t\t\t\t\n\t\t\t\t\t\n\t\t\t\t\t<\/div>\n\t\t\t\t\t<\/div>\n\t\t\t\t\t\t\t\t\t<\/div>\n\t\t\t<\/div>\n\t\t<\/div><div class=\"col post-item\" >\n\t\t\t<div class=\"col-inner\">\n\t\t\t\t<div class=\"box box-normal box-text-bottom box-blog-post has-hover\">\n            \t\t\t\t\t<div class=\"box-image\" >\n  \t\t\t\t\t\t<div class=\"image-cover\" style=\"padding-top:56.25%;\">\n\t\t\t\t\t\t\t<a href=\"https:\/\/carselect.touring.be\/fr\/blog\/prix-controle-technique-belgique\/\" class=\"plain\" aria-label=\"Prix Contr\u00f4le Technique en Belgique : Tous les Tarifs en Un Coup d&rsquo;\u0152il\">\n\t\t\t\t\t\t\t\t<img loading=\"lazy\" decoding=\"async\" width=\"300\" height=\"200\" src=\"\/wp-content\/uploads\/2026\/03\/prix-controle-technique-300x200.jpg\" class=\"attachment-medium size-medium wp-post-image\" alt=\"prix controle technique\" srcset=\"\/wp-content\/uploads\/2026\/03\/prix-controle-technique-300x200.jpg 300w, \/wp-content\/uploads\/2026\/03\/prix-controle-technique-768x512.jpg 768w, \/wp-content\/uploads\/2026\/03\/prix-controle-technique.jpg 1000w\" sizes=\"auto, (max-width: 300px) 100vw, 300px\" \/>\t\t\t\t\t\t\t<\/a>\n  \t\t\t\t\t\t\t  \t\t\t\t\t\t\t  \t\t\t\t\t\t<\/div>\n  \t\t\t\t\t\t  \t\t\t\t\t<\/div>\n          \t\t\t\t\t<div class=\"box-text text-left\" >\n\t\t\t\t\t<div class=\"box-text-inner blog-post-inner\">\n\n\t\t\t\t\t\n\t\t\t\t\t\t\t\t\t\t<h5 class=\"post-title is-large \">\n\t\t\t\t\t\t<a href=\"https:\/\/carselect.touring.be\/fr\/blog\/prix-controle-technique-belgique\/\" class=\"plain\">Prix Contr\u00f4le Technique en Belgique : Tous les Tarifs en Un Coup d&rsquo;\u0152il<\/a>\n\t\t\t\t\t<\/h5>\n\t\t\t\t\t\t\t\t\t\t<div class=\"is-divider\"><\/div>\n\t\t\t\t\t\t\t\t\t\t<p class=\"from_the_blog_excerpt \">\n\t\t\t\t\t\tPrix contr\u00f4le technique Belgique 2026 : d\u00e9couvrez tous les tarifs officiels pour essence, diesel, contr\u00f4le [...]\t\t\t\t\t<\/p>\n\t\t\t\t\t                    \n\t\t\t\t\t\n\t\t\t\t\t\n\t\t\t\t\t<\/div>\n\t\t\t\t\t<\/div>\n\t\t\t\t\t\t\t\t\t<\/div>\n\t\t\t<\/div>\n\t\t<\/div><div class=\"col post-item\" >\n\t\t\t<div class=\"col-inner\">\n\t\t\t\t<div class=\"box box-normal box-text-bottom box-blog-post has-hover\">\n            \t\t\t\t\t<div class=\"box-image\" >\n  \t\t\t\t\t\t<div class=\"image-cover\" style=\"padding-top:56.25%;\">\n\t\t\t\t\t\t\t<a href=\"https:\/\/carselect.touring.be\/fr\/blog\/covering-voiture-belgique-prix-legalite\/\" class=\"plain\" aria-label=\"Covering Voiture : Du R\u00eave Mat \u00e0 la R\u00e9alit\u00e9 Brillante, Comment \u00e7a Marche en Belgique\">\n\t\t\t\t\t\t\t\t<img loading=\"lazy\" decoding=\"async\" width=\"300\" height=\"200\" src=\"\/wp-content\/uploads\/2026\/03\/covering-voiture-header-300x200.jpg\" class=\"attachment-medium size-medium wp-post-image\" alt=\"covering voiture\" srcset=\"\/wp-content\/uploads\/2026\/03\/covering-voiture-header-300x200.jpg 300w, \/wp-content\/uploads\/2026\/03\/covering-voiture-header-768x512.jpg 768w, \/wp-content\/uploads\/2026\/03\/covering-voiture-header.jpg 1000w\" sizes=\"auto, (max-width: 300px) 100vw, 300px\" \/>\t\t\t\t\t\t\t<\/a>\n  \t\t\t\t\t\t\t  \t\t\t\t\t\t\t  \t\t\t\t\t\t<\/div>\n  \t\t\t\t\t\t  \t\t\t\t\t<\/div>\n          \t\t\t\t\t<div class=\"box-text text-left\" >\n\t\t\t\t\t<div class=\"box-text-inner blog-post-inner\">\n\n\t\t\t\t\t\n\t\t\t\t\t\t\t\t\t\t<h5 class=\"post-title is-large \">\n\t\t\t\t\t\t<a href=\"https:\/\/carselect.touring.be\/fr\/blog\/covering-voiture-belgique-prix-legalite\/\" class=\"plain\">Covering Voiture : Du R\u00eave Mat \u00e0 la R\u00e9alit\u00e9 Brillante, Comment \u00e7a Marche en Belgique<\/a>\n\t\t\t\t\t<\/h5>\n\t\t\t\t\t\t\t\t\t\t<div class=\"is-divider\"><\/div>\n\t\t\t\t\t\t\t\t\t\t<p class=\"from_the_blog_excerpt \">\n\t\t\t\t\t\tD\u00e9couvrez comment le covering voiture peut transformer votre v\u00e9hicule en un mod\u00e8le unique et styl\u00e9. [...]\t\t\t\t\t<\/p>\n\t\t\t\t\t                    \n\t\t\t\t\t\n\t\t\t\t\t\n\t\t\t\t\t<\/div>\n\t\t\t\t\t<\/div>\n\t\t\t\t\t\t\t\t\t<\/div>\n\t\t\t<\/div>\n\t\t<\/div><div class=\"col post-item\" >\n\t\t\t<div class=\"col-inner\">\n\t\t\t\t<div class=\"box box-normal box-text-bottom box-blog-post has-hover\">\n            \t\t\t\t\t<div class=\"box-image\" >\n  \t\t\t\t\t\t<div class=\"image-cover\" style=\"padding-top:56.25%;\">\n\t\t\t\t\t\t\t<a href=\"https:\/\/carselect.touring.be\/fr\/blog\/plaque-personnalisee-en-belgique\/\" class=\"plain\" aria-label=\"Plaque Personnalis\u00e9e Belgique : R\u00e8gles, Co\u00fbts et Comment en Faire la Demande\">\n\t\t\t\t\t\t\t\t<img loading=\"lazy\" decoding=\"async\" width=\"300\" height=\"200\" src=\"\/wp-content\/uploads\/2026\/03\/plaque-personnalisee-belgique-300x200.png\" class=\"attachment-medium size-medium wp-post-image\" alt=\"plaque personnalis\u00e9e belgique\" srcset=\"\/wp-content\/uploads\/2026\/03\/plaque-personnalisee-belgique-300x200.png 300w, \/wp-content\/uploads\/2026\/03\/plaque-personnalisee-belgique-1024x683.png 1024w, \/wp-content\/uploads\/2026\/03\/plaque-personnalisee-belgique-768x512.png 768w, \/wp-content\/uploads\/2026\/03\/plaque-personnalisee-belgique.png 1536w\" sizes=\"auto, (max-width: 300px) 100vw, 300px\" \/>\t\t\t\t\t\t\t<\/a>\n  \t\t\t\t\t\t\t  \t\t\t\t\t\t\t  \t\t\t\t\t\t<\/div>\n  \t\t\t\t\t\t  \t\t\t\t\t<\/div>\n          \t\t\t\t\t<div class=\"box-text text-left\" >\n\t\t\t\t\t<div class=\"box-text-inner blog-post-inner\">\n\n\t\t\t\t\t\n\t\t\t\t\t\t\t\t\t\t<h5 class=\"post-title is-large \">\n\t\t\t\t\t\t<a href=\"https:\/\/carselect.touring.be\/fr\/blog\/plaque-personnalisee-en-belgique\/\" class=\"plain\">Plaque Personnalis\u00e9e Belgique : R\u00e8gles, Co\u00fbts et Comment en Faire la Demande<\/a>\n\t\t\t\t\t<\/h5>\n\t\t\t\t\t\t\t\t\t\t<div class=\"is-divider\"><\/div>\n\t\t\t\t\t\t\t\t\t\t<p class=\"from_the_blog_excerpt \">\n\t\t\t\t\t\tCr\u00e9ez une plaque personnalis\u00e9e en Belgique pour afficher votre style unique sur la route. D\u00e9couvrez [...]\t\t\t\t\t<\/p>\n\t\t\t\t\t                    \n\t\t\t\t\t\n\t\t\t\t\t\n\t\t\t\t\t<\/div>\n\t\t\t\t\t<\/div>\n\t\t\t\t\t\t\t\t\t<\/div>\n\t\t\t<\/div>\n\t\t<\/div><div class=\"col post-item\" >\n\t\t\t<div class=\"col-inner\">\n\t\t\t\t<div class=\"box box-normal box-text-bottom box-blog-post has-hover\">\n            \t\t\t\t\t<div class=\"box-image\" >\n  \t\t\t\t\t\t<div class=\"image-cover\" style=\"padding-top:56.25%;\">\n\t\t\t\t\t\t\t<a href=\"https:\/\/carselect.touring.be\/fr\/blog\/plaque-immatriculation-belgique-regles-couts\/\" class=\"plain\" aria-label=\"Plaque d&rsquo;Immatriculation en Belgique : R\u00e8gles, Co\u00fbts et Ce Qu&rsquo;il Faut Retenir\">\n\t\t\t\t\t\t\t\t<img loading=\"lazy\" decoding=\"async\" width=\"300\" height=\"225\" src=\"\/wp-content\/uploads\/2026\/02\/plaque-dimmatriculation-header-300x225.jpg\" class=\"attachment-medium size-medium wp-post-image\" alt=\"plaque d&#039;immatriculation\" srcset=\"\/wp-content\/uploads\/2026\/02\/plaque-dimmatriculation-header-300x225.jpg 300w, \/wp-content\/uploads\/2026\/02\/plaque-dimmatriculation-header-1024x768.jpg 1024w, \/wp-content\/uploads\/2026\/02\/plaque-dimmatriculation-header-768x576.jpg 768w, \/wp-content\/uploads\/2026\/02\/plaque-dimmatriculation-header.jpg 1184w\" sizes=\"auto, (max-width: 300px) 100vw, 300px\" \/>\t\t\t\t\t\t\t<\/a>\n  \t\t\t\t\t\t\t  \t\t\t\t\t\t\t  \t\t\t\t\t\t<\/div>\n  \t\t\t\t\t\t  \t\t\t\t\t<\/div>\n          \t\t\t\t\t<div class=\"box-text text-left\" >\n\t\t\t\t\t<div class=\"box-text-inner blog-post-inner\">\n\n\t\t\t\t\t\n\t\t\t\t\t\t\t\t\t\t<h5 class=\"post-title is-large \">\n\t\t\t\t\t\t<a href=\"https:\/\/carselect.touring.be\/fr\/blog\/plaque-immatriculation-belgique-regles-couts\/\" class=\"plain\">Plaque d&rsquo;Immatriculation en Belgique : R\u00e8gles, Co\u00fbts et Ce Qu&rsquo;il Faut Retenir<\/a>\n\t\t\t\t\t<\/h5>\n\t\t\t\t\t\t\t\t\t\t<div class=\"is-divider\"><\/div>\n\t\t\t\t\t\t\t\t\t\t<p class=\"from_the_blog_excerpt \">\n\t\t\t\t\t\tPlaque d'immatriculation en Belgique : r\u00e8gles, co\u00fbts (\u20ac30), demande via DIV, garder ancienne plaque ou [...]\t\t\t\t\t<\/p>\n\t\t\t\t\t                    \n\t\t\t\t\t\n\t\t\t\t\t\n\t\t\t\t\t<\/div>\n\t\t\t\t\t<\/div>\n\t\t\t\t\t\t\t\t\t<\/div>\n\t\t\t<\/div>\n\t\t<\/div><div class=\"col post-item\" >\n\t\t\t<div class=\"col-inner\">\n\t\t\t\t<div class=\"box box-normal box-text-bottom box-blog-post has-hover\">\n            \t\t\t\t\t<div class=\"box-image\" >\n  \t\t\t\t\t\t<div class=\"image-cover\" style=\"padding-top:56.25%;\">\n\t\t\t\t\t\t\t<a href=\"https:\/\/carselect.touring.be\/fr\/blog\/radier-plaque-immatriculation-ou-transferer\/\" class=\"plain\" aria-label=\"Transf\u00e9rer ou radier plaque immatriculation : \u00c9vitez ces erreurs fr\u00e9quentes\">\n\t\t\t\t\t\t\t\t<img loading=\"lazy\" decoding=\"async\" width=\"300\" height=\"181\" src=\"\/wp-content\/uploads\/2026\/02\/radier-plaque-immatriculation-header-300x181.jpeg\" class=\"attachment-medium size-medium wp-post-image\" alt=\"radier plaque immatriculation\" srcset=\"\/wp-content\/uploads\/2026\/02\/radier-plaque-immatriculation-header-300x181.jpeg 300w, \/wp-content\/uploads\/2026\/02\/radier-plaque-immatriculation-header-768x462.jpeg 768w, \/wp-content\/uploads\/2026\/02\/radier-plaque-immatriculation-header.jpeg 1000w\" sizes=\"auto, (max-width: 300px) 100vw, 300px\" \/>\t\t\t\t\t\t\t<\/a>\n  \t\t\t\t\t\t\t  \t\t\t\t\t\t\t  \t\t\t\t\t\t<\/div>\n  \t\t\t\t\t\t  \t\t\t\t\t<\/div>\n          \t\t\t\t\t<div class=\"box-text text-left\" >\n\t\t\t\t\t<div class=\"box-text-inner blog-post-inner\">\n\n\t\t\t\t\t\n\t\t\t\t\t\t\t\t\t\t<h5 class=\"post-title is-large \">\n\t\t\t\t\t\t<a href=\"https:\/\/carselect.touring.be\/fr\/blog\/radier-plaque-immatriculation-ou-transferer\/\" class=\"plain\">Transf\u00e9rer ou radier plaque immatriculation : \u00c9vitez ces erreurs fr\u00e9quentes<\/a>\n\t\t\t\t\t<\/h5>\n\t\t\t\t\t\t\t\t\t\t<div class=\"is-divider\"><\/div>\n\t\t\t\t\t\t\t\t\t\t<p class=\"from_the_blog_excerpt \">\n\t\t\t\t\t\tD\u00e9couvrez comment radier une plaque immatriculation avec notre guide pratique et les \u00e9tapes essentielles \u00e0 [...]\t\t\t\t\t<\/p>\n\t\t\t\t\t                    \n\t\t\t\t\t\n\t\t\t\t\t\n\t\t\t\t\t<\/div>\n\t\t\t\t\t<\/div>\n\t\t\t\t\t\t\t\t\t<\/div>\n\t\t\t<\/div>\n\t\t<\/div><div class=\"col post-item\" >\n\t\t\t<div class=\"col-inner\">\n\t\t\t\t<div class=\"box box-normal box-text-bottom box-blog-post has-hover\">\n            \t\t\t\t\t<div class=\"box-image\" >\n  \t\t\t\t\t\t<div class=\"image-cover\" style=\"padding-top:56.25%;\">\n\t\t\t\t\t\t\t<a href=\"https:\/\/carselect.touring.be\/fr\/blog\/valeur-catalogue-voiture-comprendre-pourquoi-cest-important\/\" class=\"plain\" aria-label=\"Valeur Catalogue Voiture : Qu&rsquo;est-ce que c&rsquo;est, Comment la rechercher et pourquoi reste-t-elle importante m\u00eame pour l&rsquo;occasion ?\">\n\t\t\t\t\t\t\t\t<img loading=\"lazy\" decoding=\"async\" width=\"300\" height=\"200\" src=\"\/wp-content\/uploads\/2026\/01\/valeur-catalogue-voiture-header-300x200.jpg\" class=\"attachment-medium size-medium wp-post-image\" alt=\"Valeur Catalogue Voiture\" srcset=\"\/wp-content\/uploads\/2026\/01\/valeur-catalogue-voiture-header-300x200.jpg 300w, \/wp-content\/uploads\/2026\/01\/valeur-catalogue-voiture-header-768x512.jpg 768w, \/wp-content\/uploads\/2026\/01\/valeur-catalogue-voiture-header.jpg 1000w\" sizes=\"auto, (max-width: 300px) 100vw, 300px\" \/>\t\t\t\t\t\t\t<\/a>\n  \t\t\t\t\t\t\t  \t\t\t\t\t\t\t  \t\t\t\t\t\t<\/div>\n  \t\t\t\t\t\t  \t\t\t\t\t<\/div>\n          \t\t\t\t\t<div class=\"box-text text-left\" >\n\t\t\t\t\t<div class=\"box-text-inner blog-post-inner\">\n\n\t\t\t\t\t\n\t\t\t\t\t\t\t\t\t\t<h5 class=\"post-title is-large \">\n\t\t\t\t\t\t<a href=\"https:\/\/carselect.touring.be\/fr\/blog\/valeur-catalogue-voiture-comprendre-pourquoi-cest-important\/\" class=\"plain\">Valeur Catalogue Voiture : Qu&rsquo;est-ce que c&rsquo;est, Comment la rechercher et pourquoi reste-t-elle importante m\u00eame pour l&rsquo;occasion ?<\/a>\n\t\t\t\t\t<\/h5>\n\t\t\t\t\t\t\t\t\t\t<div class=\"is-divider\"><\/div>\n\t\t\t\t\t\t\t\t\t\t<p class=\"from_the_blog_excerpt \">\n\t\t\t\t\t\tD\u00e9couvrez ce que signifie la valeur catalogue d'une voiture pour votre achat. Faites un choix [...]\t\t\t\t\t<\/p>\n\t\t\t\t\t                    \n\t\t\t\t\t\n\t\t\t\t\t\n\t\t\t\t\t<\/div>\n\t\t\t\t\t<\/div>\n\t\t\t\t\t\t\t\t\t<\/div>\n\t\t\t<\/div>\n\t\t<\/div><div class=\"col post-item\" >\n\t\t\t<div class=\"col-inner\">\n\t\t\t\t<div class=\"box box-normal box-text-bottom box-blog-post has-hover\">\n            \t\t\t\t\t<div class=\"box-image\" >\n  \t\t\t\t\t\t<div class=\"image-cover\" style=\"padding-top:56.25%;\">\n\t\t\t\t\t\t\t<a href=\"https:\/\/carselect.touring.be\/fr\/blog\/la-voiture-la-plus-chere-du-monde-prix-et-pourquoi-elle-est-exceptionnelle\/\" class=\"plain\" aria-label=\"La Voiture la Plus Ch\u00e8re au Monde : Prix et Caract\u00e9ristiques\">\n\t\t\t\t\t\t\t\t<img loading=\"lazy\" decoding=\"async\" width=\"300\" height=\"187\" src=\"\/wp-content\/uploads\/2026\/01\/la-voiture-la-plus-chere-au-monde.jpg-300x187.jpg\" class=\"attachment-medium size-medium wp-post-image\" alt=\"La Voiture la Plus Ch\u00e8re au Monde\" srcset=\"\/wp-content\/uploads\/2026\/01\/la-voiture-la-plus-chere-au-monde.jpg-300x187.jpg 300w, \/wp-content\/uploads\/2026\/01\/la-voiture-la-plus-chere-au-monde.jpg-768x479.jpg 768w, \/wp-content\/uploads\/2026\/01\/la-voiture-la-plus-chere-au-monde.jpg.jpg 1000w\" sizes=\"auto, (max-width: 300px) 100vw, 300px\" \/>\t\t\t\t\t\t\t<\/a>\n  \t\t\t\t\t\t\t  \t\t\t\t\t\t\t  \t\t\t\t\t\t<\/div>\n  \t\t\t\t\t\t  \t\t\t\t\t<\/div>\n          \t\t\t\t\t<div class=\"box-text text-left\" >\n\t\t\t\t\t<div class=\"box-text-inner blog-post-inner\">\n\n\t\t\t\t\t\n\t\t\t\t\t\t\t\t\t\t<h5 class=\"post-title is-large \">\n\t\t\t\t\t\t<a href=\"https:\/\/carselect.touring.be\/fr\/blog\/la-voiture-la-plus-chere-du-monde-prix-et-pourquoi-elle-est-exceptionnelle\/\" class=\"plain\">La Voiture la Plus Ch\u00e8re au Monde : Prix et Caract\u00e9ristiques<\/a>\n\t\t\t\t\t<\/h5>\n\t\t\t\t\t\t\t\t\t\t<div class=\"is-divider\"><\/div>\n\t\t\t\t\t\t\t\t\t\t<p class=\"from_the_blog_excerpt \">\n\t\t\t\t\t\tQuelle est la voiture la plus ch\u00e8re au monde ? D\u00e9couvrez le record de 142 [...]\t\t\t\t\t<\/p>\n\t\t\t\t\t                    \n\t\t\t\t\t\n\t\t\t\t\t\n\t\t\t\t\t<\/div>\n\t\t\t\t\t<\/div>\n\t\t\t\t\t\t\t\t\t<\/div>\n\t\t\t<\/div>\n\t\t<\/div><div class=\"col post-item\" >\n\t\t\t<div class=\"col-inner\">\n\t\t\t\t<div class=\"box box-normal box-text-bottom box-blog-post has-hover\">\n            \t\t\t\t\t<div class=\"box-image\" >\n  \t\t\t\t\t\t<div class=\"image-cover\" style=\"padding-top:56.25%;\">\n\t\t\t\t\t\t\t<a href=\"https:\/\/carselect.touring.be\/fr\/blog\/qu-est-ce-que-l-aquaplanage-comment-le-reconnaitre-et-que-faire\/\" class=\"plain\" aria-label=\"Aquaplanage : Ce que c&rsquo;est, comment le reconna\u00eetre et quoi (ne pas) faire\">\n\t\t\t\t\t\t\t\t<img loading=\"lazy\" decoding=\"async\" width=\"300\" height=\"200\" src=\"\/wp-content\/uploads\/2026\/01\/aquaplanage-header-300x200.jpg\" class=\"attachment-medium size-medium wp-post-image\" alt=\"aquaplanage\" srcset=\"\/wp-content\/uploads\/2026\/01\/aquaplanage-header-300x200.jpg 300w, \/wp-content\/uploads\/2026\/01\/aquaplanage-header-768x512.jpg 768w, \/wp-content\/uploads\/2026\/01\/aquaplanage-header.jpg 1000w\" sizes=\"auto, (max-width: 300px) 100vw, 300px\" \/>\t\t\t\t\t\t\t<\/a>\n  \t\t\t\t\t\t\t  \t\t\t\t\t\t\t  \t\t\t\t\t\t<\/div>\n  \t\t\t\t\t\t  \t\t\t\t\t<\/div>\n          \t\t\t\t\t<div class=\"box-text text-left\" >\n\t\t\t\t\t<div class=\"box-text-inner blog-post-inner\">\n\n\t\t\t\t\t\n\t\t\t\t\t\t\t\t\t\t<h5 class=\"post-title is-large \">\n\t\t\t\t\t\t<a href=\"https:\/\/carselect.touring.be\/fr\/blog\/qu-est-ce-que-l-aquaplanage-comment-le-reconnaitre-et-que-faire\/\" class=\"plain\">Aquaplanage : Ce que c&rsquo;est, comment le reconna\u00eetre et quoi (ne pas) faire<\/a>\n\t\t\t\t\t<\/h5>\n\t\t\t\t\t\t\t\t\t\t<div class=\"is-divider\"><\/div>\n\t\t\t\t\t\t\t\t\t\t<p class=\"from_the_blog_excerpt \">\n\t\t\t\t\t\tD\u00e9couvrez comment pr\u00e9venir l'aquaplanage et r\u00e9agir en toute s\u00e9curit\u00e9 face aux situations dangereuses sur la [...]\t\t\t\t\t<\/p>\n\t\t\t\t\t                    \n\t\t\t\t\t\n\t\t\t\t\t\n\t\t\t\t\t<\/div>\n\t\t\t\t\t<\/div>\n\t\t\t\t\t\t\t\t\t<\/div>\n\t\t\t<\/div>\n\t\t<\/div><div class=\"col post-item\" >\n\t\t\t<div class=\"col-inner\">\n\t\t\t\t<div class=\"box box-normal box-text-bottom box-blog-post has-hover\">\n            \t\t\t\t\t<div class=\"box-image\" >\n  \t\t\t\t\t\t<div class=\"image-cover\" style=\"padding-top:56.25%;\">\n\t\t\t\t\t\t\t<a href=\"https:\/\/carselect.touring.be\/fr\/blog\/installer-attelage-belgique-legislation-prix-montage\/\" class=\"plain\" aria-label=\"Installer un attelage en Belgique ? Voici ce qu&rsquo;il faut savoir avant de commencer (l\u00e9gislation, co\u00fbts, montage)\">\n\t\t\t\t\t\t\t\t<img loading=\"lazy\" decoding=\"async\" width=\"300\" height=\"200\" src=\"\/wp-content\/uploads\/2026\/01\/attelage-header-300x200.jpg\" class=\"attachment-medium size-medium wp-post-image\" alt=\"attelage\" srcset=\"\/wp-content\/uploads\/2026\/01\/attelage-header-300x200.jpg 300w, \/wp-content\/uploads\/2026\/01\/attelage-header-768x512.jpg 768w, \/wp-content\/uploads\/2026\/01\/attelage-header.jpg 1000w\" sizes=\"auto, (max-width: 300px) 100vw, 300px\" \/>\t\t\t\t\t\t\t<\/a>\n  \t\t\t\t\t\t\t  \t\t\t\t\t\t\t  \t\t\t\t\t\t<\/div>\n  \t\t\t\t\t\t  \t\t\t\t\t<\/div>\n          \t\t\t\t\t<div class=\"box-text text-left\" >\n\t\t\t\t\t<div class=\"box-text-inner blog-post-inner\">\n\n\t\t\t\t\t\n\t\t\t\t\t\t\t\t\t\t<h5 class=\"post-title is-large \">\n\t\t\t\t\t\t<a href=\"https:\/\/carselect.touring.be\/fr\/blog\/installer-attelage-belgique-legislation-prix-montage\/\" class=\"plain\">Installer un attelage en Belgique ? Voici ce qu&rsquo;il faut savoir avant de commencer (l\u00e9gislation, co\u00fbts, montage)<\/a>\n\t\t\t\t\t<\/h5>\n\t\t\t\t\t\t\t\t\t\t<div class=\"is-divider\"><\/div>\n\t\t\t\t\t\t\t\t\t\t<p class=\"from_the_blog_excerpt \">\n\t\t\t\t\t\tInstaller attelage en Belgique ? L\u00e9gislation, co\u00fbts \u20ac450\u2013\u20ac1.200, types et contr\u00f4le obligatoire. Conseils voitures \u00e9lectriques [...]\t\t\t\t\t<\/p>\n\t\t\t\t\t                    \n\t\t\t\t\t\n\t\t\t\t\t\n\t\t\t\t\t<\/div>\n\t\t\t\t\t<\/div>\n\t\t\t\t\t\t\t\t\t<\/div>\n\t\t\t<\/div>\n\t\t<\/div><div class=\"col post-item\" >\n\t\t\t<div class=\"col-inner\">\n\t\t\t\t<div class=\"box box-normal box-text-bottom box-blog-post has-hover\">\n            \t\t\t\t\t<div class=\"box-image\" >\n  \t\t\t\t\t\t<div class=\"image-cover\" style=\"padding-top:56.25%;\">\n\t\t\t\t\t\t\t<a href=\"https:\/\/carselect.touring.be\/fr\/blog\/vignette-crit-air-france-zones-a-faibles-emissions-expliquees-pour-les-conducteurs-belges\/\" class=\"plain\" aria-label=\"Vignette Crit Air France : zones \u00e0 faibles \u00e9missions expliqu\u00e9es pour les conducteurs belges\">\n\t\t\t\t\t\t\t\t<img loading=\"lazy\" decoding=\"async\" width=\"300\" height=\"199\" src=\"\/wp-content\/uploads\/2025\/12\/vignette-crit-air-france\u200b-header-300x199.jpg\" class=\"attachment-medium size-medium wp-post-image\" alt=\"vignette crit air france\u200b\" srcset=\"\/wp-content\/uploads\/2025\/12\/vignette-crit-air-france\u200b-header-300x199.jpg 300w, \/wp-content\/uploads\/2025\/12\/vignette-crit-air-france\u200b-header-768x510.jpg 768w, \/wp-content\/uploads\/2025\/12\/vignette-crit-air-france\u200b-header.jpg 1000w\" sizes=\"auto, (max-width: 300px) 100vw, 300px\" \/>\t\t\t\t\t\t\t<\/a>\n  \t\t\t\t\t\t\t  \t\t\t\t\t\t\t  \t\t\t\t\t\t<\/div>\n  \t\t\t\t\t\t  \t\t\t\t\t<\/div>\n          \t\t\t\t\t<div class=\"box-text text-left\" >\n\t\t\t\t\t<div class=\"box-text-inner blog-post-inner\">\n\n\t\t\t\t\t\n\t\t\t\t\t\t\t\t\t\t<h5 class=\"post-title is-large \">\n\t\t\t\t\t\t<a href=\"https:\/\/carselect.touring.be\/fr\/blog\/vignette-crit-air-france-zones-a-faibles-emissions-expliquees-pour-les-conducteurs-belges\/\" class=\"plain\">Vignette Crit Air France : zones \u00e0 faibles \u00e9missions expliqu\u00e9es pour les conducteurs belges<\/a>\n\t\t\t\t\t<\/h5>\n\t\t\t\t\t\t\t\t\t\t<div class=\"is-divider\"><\/div>\n\t\t\t\t\t\t\t\t\t\t<p class=\"from_the_blog_excerpt \">\n\t\t\t\t\t\tD\u00e9couvrez tout ce qu'il faut savoir sur la vignette Crit'Air en France pour circuler en [...]\t\t\t\t\t<\/p>\n\t\t\t\t\t                    \n\t\t\t\t\t\n\t\t\t\t\t\n\t\t\t\t\t<\/div>\n\t\t\t\t\t<\/div>\n\t\t\t\t\t\t\t\t\t<\/div>\n\t\t\t<\/div>\n\t\t<\/div><div class=\"col post-item\" >\n\t\t\t<div class=\"col-inner\">\n\t\t\t\t<div class=\"box box-normal box-text-bottom box-blog-post has-hover\">\n            \t\t\t\t\t<div class=\"box-image\" >\n  \t\t\t\t\t\t<div class=\"image-cover\" style=\"padding-top:56.25%;\">\n\t\t\t\t\t\t\t<a href=\"https:\/\/carselect.touring.be\/fr\/blog\/vignette-allemagne-ou-acheter-quelle-couleur\/\" class=\"plain\" aria-label=\"Vignette Allemagne : o\u00f9 acheter &amp; quelle couleur ?\">\n\t\t\t\t\t\t\t\t<img loading=\"lazy\" decoding=\"async\" width=\"300\" height=\"200\" src=\"\/wp-content\/uploads\/2025\/11\/vignette-allemagne-header-300x200.jpg\" class=\"attachment-medium size-medium wp-post-image\" alt=\"vignette allemagne\" srcset=\"\/wp-content\/uploads\/2025\/11\/vignette-allemagne-header-300x200.jpg 300w, \/wp-content\/uploads\/2025\/11\/vignette-allemagne-header-768x512.jpg 768w, \/wp-content\/uploads\/2025\/11\/vignette-allemagne-header.jpg 1000w\" sizes=\"auto, (max-width: 300px) 100vw, 300px\" \/>\t\t\t\t\t\t\t<\/a>\n  \t\t\t\t\t\t\t  \t\t\t\t\t\t\t  \t\t\t\t\t\t<\/div>\n  \t\t\t\t\t\t  \t\t\t\t\t<\/div>\n          \t\t\t\t\t<div class=\"box-text text-left\" >\n\t\t\t\t\t<div class=\"box-text-inner blog-post-inner\">\n\n\t\t\t\t\t\n\t\t\t\t\t\t\t\t\t\t<h5 class=\"post-title is-large \">\n\t\t\t\t\t\t<a href=\"https:\/\/carselect.touring.be\/fr\/blog\/vignette-allemagne-ou-acheter-quelle-couleur\/\" class=\"plain\">Vignette Allemagne : o\u00f9 acheter &amp; quelle couleur ?<\/a>\n\t\t\t\t\t<\/h5>\n\t\t\t\t\t\t\t\t\t\t<div class=\"is-divider\"><\/div>\n\t\t\t\t\t\t\t\t\t\t<p class=\"from_the_blog_excerpt \">\n\t\t\t\t\t\tVignette Allemagne : verte, jaune ou rouge ? V\u00e9rifiez votre norme euro, commandez officiellement et [...]\t\t\t\t\t<\/p>\n\t\t\t\t\t                    \n\t\t\t\t\t\n\t\t\t\t\t\n\t\t\t\t\t<\/div>\n\t\t\t\t\t<\/div>\n\t\t\t\t\t\t\t\t\t<\/div>\n\t\t\t<\/div>\n\t\t<\/div><div class=\"col post-item\" >\n\t\t\t<div class=\"col-inner\">\n\t\t\t\t<div class=\"box box-normal box-text-bottom box-blog-post has-hover\">\n            \t\t\t\t\t<div class=\"box-image\" >\n  \t\t\t\t\t\t<div class=\"image-cover\" style=\"padding-top:56.25%;\">\n\t\t\t\t\t\t\t<a href=\"https:\/\/carselect.touring.be\/fr\/blog\/vignette-slovenie-informations-essentielles-pour-votre-voyage\/\" class=\"plain\" aria-label=\"Vignette Slov\u00e9nie : Informations essentielles pour votre voyage\">\n\t\t\t\t\t\t\t\t<img loading=\"lazy\" decoding=\"async\" width=\"300\" height=\"200\" src=\"\/wp-content\/uploads\/2025\/11\/vignette-slovenie-header-300x200.jpg\" class=\"attachment-medium size-medium wp-post-image\" alt=\"vignette slovenie\" srcset=\"\/wp-content\/uploads\/2025\/11\/vignette-slovenie-header-300x200.jpg 300w, \/wp-content\/uploads\/2025\/11\/vignette-slovenie-header-1024x683.jpg 1024w, \/wp-content\/uploads\/2025\/11\/vignette-slovenie-header-768x512.jpg 768w, \/wp-content\/uploads\/2025\/11\/vignette-slovenie-header-1536x1024.jpg 1536w, \/wp-content\/uploads\/2025\/11\/vignette-slovenie-header.jpg 1920w\" sizes=\"auto, (max-width: 300px) 100vw, 300px\" \/>\t\t\t\t\t\t\t<\/a>\n  \t\t\t\t\t\t\t  \t\t\t\t\t\t\t  \t\t\t\t\t\t<\/div>\n  \t\t\t\t\t\t  \t\t\t\t\t<\/div>\n          \t\t\t\t\t<div class=\"box-text text-left\" >\n\t\t\t\t\t<div class=\"box-text-inner blog-post-inner\">\n\n\t\t\t\t\t\n\t\t\t\t\t\t\t\t\t\t<h5 class=\"post-title is-large \">\n\t\t\t\t\t\t<a href=\"https:\/\/carselect.touring.be\/fr\/blog\/vignette-slovenie-informations-essentielles-pour-votre-voyage\/\" class=\"plain\">Vignette Slov\u00e9nie : Informations essentielles pour votre voyage<\/a>\n\t\t\t\t\t<\/h5>\n\t\t\t\t\t\t\t\t\t\t<div class=\"is-divider\"><\/div>\n\t\t\t\t\t\t\t\t\t\t<p class=\"from_the_blog_excerpt \">\n\t\t\t\t\t\tTout savoir sur la vignette Slov\u00e9nie\u202f: conditions, tarifs et conseils pratiques pour traverser l\u2019autoroute sans [...]\t\t\t\t\t<\/p>\n\t\t\t\t\t                    \n\t\t\t\t\t\n\t\t\t\t\t\n\t\t\t\t\t<\/div>\n\t\t\t\t\t<\/div>\n\t\t\t\t\t\t\t\t\t<\/div>\n\t\t\t<\/div>\n\t\t<\/div><div class=\"col post-item\" >\n\t\t\t<div class=\"col-inner\">\n\t\t\t\t<div class=\"box box-normal box-text-bottom box-blog-post has-hover\">\n            \t\t\t\t\t<div class=\"box-image\" >\n  \t\t\t\t\t\t<div class=\"image-cover\" style=\"padding-top:56.25%;\">\n\t\t\t\t\t\t\t<a href=\"https:\/\/carselect.touring.be\/fr\/blog\/pneus-hiver-ou-4-saisons-que-choisir-vraiment-en-belgique\/\" class=\"plain\" aria-label=\"Pneus hiver ou 4 saisons ? Que choisir vraiment en Belgique\">\n\t\t\t\t\t\t\t\t<img loading=\"lazy\" decoding=\"async\" width=\"300\" height=\"200\" src=\"\/wp-content\/uploads\/2025\/10\/pneus-hiver-ou-4-saisons-header-300x200.jpg\" class=\"attachment-medium size-medium wp-post-image\" alt=\"pneus hiver ou 4 saisons\" srcset=\"\/wp-content\/uploads\/2025\/10\/pneus-hiver-ou-4-saisons-header-300x200.jpg 300w, \/wp-content\/uploads\/2025\/10\/pneus-hiver-ou-4-saisons-header-768x512.jpg 768w, \/wp-content\/uploads\/2025\/10\/pneus-hiver-ou-4-saisons-header.jpg 1000w\" sizes=\"auto, (max-width: 300px) 100vw, 300px\" \/>\t\t\t\t\t\t\t<\/a>\n  \t\t\t\t\t\t\t  \t\t\t\t\t\t\t  \t\t\t\t\t\t<\/div>\n  \t\t\t\t\t\t  \t\t\t\t\t<\/div>\n          \t\t\t\t\t<div class=\"box-text text-left\" >\n\t\t\t\t\t<div class=\"box-text-inner blog-post-inner\">\n\n\t\t\t\t\t\n\t\t\t\t\t\t\t\t\t\t<h5 class=\"post-title is-large \">\n\t\t\t\t\t\t<a href=\"https:\/\/carselect.touring.be\/fr\/blog\/pneus-hiver-ou-4-saisons-que-choisir-vraiment-en-belgique\/\" class=\"plain\">Pneus hiver ou 4 saisons ? Que choisir vraiment en Belgique<\/a>\n\t\t\t\t\t<\/h5>\n\t\t\t\t\t\t\t\t\t\t<div class=\"is-divider\"><\/div>\n\t\t\t\t\t\t\t\t\t\t<p class=\"from_the_blog_excerpt \">\n\t\t\t\t\t\tD\u00e9couvrez si les pneus hiver ou 4 saisons sont la meilleure option pour garantir votre [...]\t\t\t\t\t<\/p>\n\t\t\t\t\t                    \n\t\t\t\t\t\n\t\t\t\t\t\n\t\t\t\t\t<\/div>\n\t\t\t\t\t<\/div>\n\t\t\t\t\t\t\t\t\t<\/div>\n\t\t\t<\/div>\n\t\t<\/div><\/div>\n\n\n\t\t<\/div>\n\t\t\t\t\t<\/div>\n\n\t\n\n<\/div>\n<div class=\"row\"  id=\"row-635948442\">\n\n\n\t<div id=\"col-698625246\" class=\"col small-12 large-12\"  >\n\t\t\t\t<div class=\"col-inner\"  >\n\t\t\t\n\t\t\t\n\n\n  <div class=\"banner has-hover\" id=\"banner-1571200762\">\n          <div class=\"banner-inner fill\">\n        <div class=\"banner-bg fill\" >\n            <img loading=\"lazy\" decoding=\"async\" width=\"1440\" height=\"160\" src=\"\/wp-content\/uploads\/2025\/01\/Mask-group.png\" class=\"bg attachment-original size-original\" alt=\"\" \/>                                    \n                    <\/div>\n\t\t\n        <div class=\"banner-layers container\">\n            <div class=\"fill banner-link\"><\/div>            \n\n   <div id=\"text-box-501725959\" class=\"text-box banner-layer x100 md-x100 lg-x100 y10 md-y10 lg-y10 res-text\">\n                                <div class=\"text-box-content text dark\">\n              \n              <div class=\"text-inner text-center\">\n                  \n\n<h2><em>Koop uw \u2028<\/em><\/h2>\n<h2><em>droomauto<\/em><\/h2>\n<a href=\"\/auto-kopen\" class=\"button success\"  >\n\t\t<span>Ontdek<\/span>\n\t<\/a>\n\n\n\n              <\/div>\n           <\/div>\n                            \n<style>\n#text-box-501725959 {\n  width: 35%;\n}\n#text-box-501725959 .text-box-content {\n  font-size: 100%;\n}\n<\/style>\n    <\/div>\n \n\n        <\/div>\n      <\/div>\n\n            \n<style>\n#banner-1571200762 {\n  padding-top: 250px;\n}\n#banner-1571200762 .banner-bg img {\n  object-position: 22% 0%;\n}\n<\/style>\n  <\/div>\n\n\n\n\t\t<\/div>\n\t\t\t\t\t<\/div>\n\n\t\n\n<\/div>\n\n\t\t<\/div>\n\n\t\t\n<style>\n#section_596608565 {\n  padding-top: 0px;\n  padding-bottom: 0px;\n}\n<\/style>\n\t<\/section>\n\t\n\n","protected":false},"excerpt":{"rendered":"<p>Si\u00e8ge auto en Belgique : r\u00e8gles, \u00e2ges et amendes expliqu\u00e9s. Ce que dit la loi apr\u00e8s septembre 2023 ? D\u00e9couvrez le bon si\u00e8ge pour votre enfant.<\/p>\n","protected":false},"author":28,"featured_media":14841,"comment_status":"closed","ping_status":"open","sticky":false,"template":"","format":"standard","meta":{"footnotes":""},"categories":[75],"tags":[],"class_list":["post-14838","post","type-post","status-publish","format-standard","has-post-thumbnail","hentry","category-conseils"],"yoast_head":"<!-- This site is optimized with the Yoast SEO Premium plugin v24.0 (Yoast SEO v24.0) - https:\/\/yoast.com\/wordpress\/plugins\/seo\/ -->\n<title>Siege Auto en Belgique : R\u00e8gles, \u00c2ges et Amendes Expliqu\u00e9s - Touring Dealer<\/title>\n<meta name=\"description\" content=\"Siege auto en Belgique : r\u00e8gles, \u00e2ges et amendes expliqu\u00e9s. Ce que dit la loi ? D\u00e9couvrez le bon si\u00e8ge pour votre enfant.\" \/>\n<meta name=\"robots\" content=\"index, follow, max-snippet:-1, max-image-preview:large, max-video-preview:-1\" \/>\n<link rel=\"canonical\" href=\"https:\/\/carselect.touring.be\/fr\/blog\/siege-auto-belgique-regles-ages-amendes\/\" \/>\n<meta property=\"og:locale\" content=\"fr_FR\" \/>\n<meta property=\"og:type\" content=\"article\" \/>\n<meta property=\"og:title\" content=\"Siege Auto en Belgique : R\u00e8gles, \u00c2ges et Amendes Expliqu\u00e9s\" \/>\n<meta property=\"og:description\" content=\"Siege auto en Belgique : r\u00e8gles, \u00e2ges et amendes expliqu\u00e9s. Ce que dit la loi ? D\u00e9couvrez le bon si\u00e8ge pour votre enfant.\" \/>\n<meta property=\"og:url\" content=\"https:\/\/carselect.touring.be\/fr\/blog\/siege-auto-belgique-regles-ages-amendes\/\" \/>\n<meta property=\"og:site_name\" content=\"Touring Dealer\" \/>\n<meta property=\"article:published_time\" content=\"2026-04-29T11:52:07+00:00\" \/>\n<meta property=\"og:image\" content=\"https:\/\/carselect.touring.be\/wp-content\/uploads\/2026\/04\/siege-auto-header.jpg\" \/>\n\t<meta property=\"og:image:width\" content=\"1000\" \/>\n\t<meta property=\"og:image:height\" content=\"667\" \/>\n\t<meta property=\"og:image:type\" content=\"image\/jpeg\" \/>\n<meta name=\"author\" content=\"Storme Wouter\" \/>\n<meta name=\"twitter:card\" content=\"summary_large_image\" \/>\n<meta name=\"twitter:label1\" content=\"\u00c9crit par\" \/>\n\t<meta name=\"twitter:data1\" content=\"Storme Wouter\" \/>\n\t<meta name=\"twitter:label2\" content=\"Dur\u00e9e de lecture est.\" \/>\n\t<meta name=\"twitter:data2\" content=\"11 minutes\" \/>\n<script type=\"application\/ld+json\" class=\"yoast-schema-graph\">{\"@context\":\"https:\/\/schema.org\",\"@graph\":[{\"@type\":\"Article\",\"@id\":\"https:\/\/carselect.touring.be\/fr\/blog\/siege-auto-belgique-regles-ages-amendes\/#article\",\"isPartOf\":{\"@id\":\"https:\/\/carselect.touring.be\/fr\/blog\/siege-auto-belgique-regles-ages-amendes\/\"},\"author\":{\"name\":\"Storme Wouter\",\"@id\":\"https:\/\/carselect.touring.be\/fr\/#\/schema\/person\/ac266868402e795f000a152b0f4fd4d8\"},\"headline\":\"Siege Auto en Belgique : R\u00e8gles, \u00c2ges et Amendes Expliqu\u00e9s\",\"datePublished\":\"2026-04-29T11:52:07+00:00\",\"dateModified\":\"2026-04-29T11:52:07+00:00\",\"mainEntityOfPage\":{\"@id\":\"https:\/\/carselect.touring.be\/fr\/blog\/siege-auto-belgique-regles-ages-amendes\/\"},\"wordCount\":3153,\"publisher\":{\"@id\":\"https:\/\/carselect.touring.be\/fr\/#organization\"},\"image\":{\"@id\":\"https:\/\/carselect.touring.be\/fr\/blog\/siege-auto-belgique-regles-ages-amendes\/#primaryimage\"},\"thumbnailUrl\":\"\/wp-content\/uploads\/2026\/04\/siege-auto-header.jpg\",\"articleSection\":[\"Conseils\"],\"inLanguage\":\"fr-BE\"},{\"@type\":\"WebPage\",\"@id\":\"https:\/\/carselect.touring.be\/fr\/blog\/siege-auto-belgique-regles-ages-amendes\/\",\"url\":\"https:\/\/carselect.touring.be\/fr\/blog\/siege-auto-belgique-regles-ages-amendes\/\",\"name\":\"Siege Auto en Belgique : R\u00e8gles, \u00c2ges et Amendes Expliqu\u00e9s - Touring Dealer\",\"isPartOf\":{\"@id\":\"https:\/\/carselect.touring.be\/fr\/#website\"},\"primaryImageOfPage\":{\"@id\":\"https:\/\/carselect.touring.be\/fr\/blog\/siege-auto-belgique-regles-ages-amendes\/#primaryimage\"},\"image\":{\"@id\":\"https:\/\/carselect.touring.be\/fr\/blog\/siege-auto-belgique-regles-ages-amendes\/#primaryimage\"},\"thumbnailUrl\":\"\/wp-content\/uploads\/2026\/04\/siege-auto-header.jpg\",\"datePublished\":\"2026-04-29T11:52:07+00:00\",\"dateModified\":\"2026-04-29T11:52:07+00:00\",\"description\":\"Siege auto en Belgique : r\u00e8gles, \u00e2ges et amendes expliqu\u00e9s. Ce que dit la loi ? D\u00e9couvrez le bon si\u00e8ge pour votre enfant.\",\"breadcrumb\":{\"@id\":\"https:\/\/carselect.touring.be\/fr\/blog\/siege-auto-belgique-regles-ages-amendes\/#breadcrumb\"},\"inLanguage\":\"fr-BE\",\"potentialAction\":[{\"@type\":\"ReadAction\",\"target\":[\"https:\/\/carselect.touring.be\/fr\/blog\/siege-auto-belgique-regles-ages-amendes\/\"]}]},{\"@type\":\"ImageObject\",\"inLanguage\":\"fr-BE\",\"@id\":\"https:\/\/carselect.touring.be\/fr\/blog\/siege-auto-belgique-regles-ages-amendes\/#primaryimage\",\"url\":\"\/wp-content\/uploads\/2026\/04\/siege-auto-header.jpg\",\"contentUrl\":\"\/wp-content\/uploads\/2026\/04\/siege-auto-header.jpg\",\"width\":1000,\"height\":667,\"caption\":\"siege auto\"},{\"@type\":\"BreadcrumbList\",\"@id\":\"https:\/\/carselect.touring.be\/fr\/blog\/siege-auto-belgique-regles-ages-amendes\/#breadcrumb\",\"itemListElement\":[{\"@type\":\"ListItem\",\"position\":1,\"name\":\"Home\",\"item\":\"https:\/\/carselect.touring.be\/fr\/\"},{\"@type\":\"ListItem\",\"position\":2,\"name\":\"Siege Auto en Belgique : R\u00e8gles, \u00c2ges et Amendes Expliqu\u00e9s\"}]},{\"@type\":\"WebSite\",\"@id\":\"https:\/\/carselect.touring.be\/fr\/#website\",\"url\":\"https:\/\/carselect.touring.be\/fr\/\",\"name\":\"Touring CarSelect\",\"description\":\"\",\"publisher\":{\"@id\":\"https:\/\/carselect.touring.be\/fr\/#organization\"},\"potentialAction\":[{\"@type\":\"SearchAction\",\"target\":{\"@type\":\"EntryPoint\",\"urlTemplate\":\"https:\/\/carselect.touring.be\/fr\/?s={search_term_string}\"},\"query-input\":{\"@type\":\"PropertyValueSpecification\",\"valueRequired\":true,\"valueName\":\"search_term_string\"}}],\"inLanguage\":\"fr-BE\"},{\"@type\":\"Organization\",\"@id\":\"https:\/\/carselect.touring.be\/fr\/#organization\",\"name\":\"Touring CarSelect\",\"url\":\"https:\/\/carselect.touring.be\/fr\/\",\"logo\":{\"@type\":\"ImageObject\",\"inLanguage\":\"fr-BE\",\"@id\":\"https:\/\/carselect.touring.be\/fr\/#\/schema\/logo\/image\/\",\"url\":\"\/wp-content\/uploads\/2024\/04\/Touring-Car-Select-Logo.png\",\"contentUrl\":\"\/wp-content\/uploads\/2024\/04\/Touring-Car-Select-Logo.png\",\"width\":154,\"height\":53,\"caption\":\"Touring CarSelect\"},\"image\":{\"@id\":\"https:\/\/carselect.touring.be\/fr\/#\/schema\/logo\/image\/\"}},{\"@type\":\"Person\",\"@id\":\"https:\/\/carselect.touring.be\/fr\/#\/schema\/person\/ac266868402e795f000a152b0f4fd4d8\",\"name\":\"Storme Wouter\",\"image\":{\"@type\":\"ImageObject\",\"inLanguage\":\"fr-BE\",\"@id\":\"https:\/\/carselect.touring.be\/fr\/#\/schema\/person\/image\/\",\"url\":\"https:\/\/secure.gravatar.com\/avatar\/84473de8cbf4200af853908f03b9ea9e?s=96&d=mm&r=g\",\"contentUrl\":\"https:\/\/secure.gravatar.com\/avatar\/84473de8cbf4200af853908f03b9ea9e?s=96&d=mm&r=g\",\"caption\":\"Storme Wouter\"},\"url\":\"https:\/\/carselect.touring.be\/fr\/blog\/author\/storme-wouter\/\"}]}<\/script>\n<!-- \/ Yoast SEO Premium plugin. -->","yoast_head_json":{"title":"Siege Auto en Belgique : R\u00e8gles, \u00c2ges et Amendes Expliqu\u00e9s - Touring Dealer","description":"Siege auto en Belgique : r\u00e8gles, \u00e2ges et amendes expliqu\u00e9s. Ce que dit la loi ? D\u00e9couvrez le bon si\u00e8ge pour votre enfant.","robots":{"index":"index","follow":"follow","max-snippet":"max-snippet:-1","max-image-preview":"max-image-preview:large","max-video-preview":"max-video-preview:-1"},"canonical":"https:\/\/carselect.touring.be\/fr\/blog\/siege-auto-belgique-regles-ages-amendes\/","og_locale":"fr_FR","og_type":"article","og_title":"Siege Auto en Belgique : R\u00e8gles, \u00c2ges et Amendes Expliqu\u00e9s","og_description":"Siege auto en Belgique : r\u00e8gles, \u00e2ges et amendes expliqu\u00e9s. Ce que dit la loi ? D\u00e9couvrez le bon si\u00e8ge pour votre enfant.","og_url":"https:\/\/carselect.touring.be\/fr\/blog\/siege-auto-belgique-regles-ages-amendes\/","og_site_name":"Touring Dealer","article_published_time":"2026-04-29T11:52:07+00:00","og_image":[{"width":1000,"height":667,"url":"https:\/\/carselect.touring.be\/wp-content\/uploads\/2026\/04\/siege-auto-header.jpg","type":"image\/jpeg"}],"author":"Storme Wouter","twitter_card":"summary_large_image","twitter_misc":{"\u00c9crit par":"Storme Wouter","Dur\u00e9e de lecture est.":"11 minutes"},"schema":{"@context":"https:\/\/schema.org","@graph":[{"@type":"Article","@id":"https:\/\/carselect.touring.be\/fr\/blog\/siege-auto-belgique-regles-ages-amendes\/#article","isPartOf":{"@id":"https:\/\/carselect.touring.be\/fr\/blog\/siege-auto-belgique-regles-ages-amendes\/"},"author":{"name":"Storme Wouter","@id":"https:\/\/carselect.touring.be\/fr\/#\/schema\/person\/ac266868402e795f000a152b0f4fd4d8"},"headline":"Siege Auto en Belgique : R\u00e8gles, \u00c2ges et Amendes Expliqu\u00e9s","datePublished":"2026-04-29T11:52:07+00:00","dateModified":"2026-04-29T11:52:07+00:00","mainEntityOfPage":{"@id":"https:\/\/carselect.touring.be\/fr\/blog\/siege-auto-belgique-regles-ages-amendes\/"},"wordCount":3153,"publisher":{"@id":"https:\/\/carselect.touring.be\/fr\/#organization"},"image":{"@id":"https:\/\/carselect.touring.be\/fr\/blog\/siege-auto-belgique-regles-ages-amendes\/#primaryimage"},"thumbnailUrl":"\/wp-content\/uploads\/2026\/04\/siege-auto-header.jpg","articleSection":["Conseils"],"inLanguage":"fr-BE"},{"@type":"WebPage","@id":"https:\/\/carselect.touring.be\/fr\/blog\/siege-auto-belgique-regles-ages-amendes\/","url":"https:\/\/carselect.touring.be\/fr\/blog\/siege-auto-belgique-regles-ages-amendes\/","name":"Siege Auto en Belgique : R\u00e8gles, \u00c2ges et Amendes Expliqu\u00e9s - Touring Dealer","isPartOf":{"@id":"https:\/\/carselect.touring.be\/fr\/#website"},"primaryImageOfPage":{"@id":"https:\/\/carselect.touring.be\/fr\/blog\/siege-auto-belgique-regles-ages-amendes\/#primaryimage"},"image":{"@id":"https:\/\/carselect.touring.be\/fr\/blog\/siege-auto-belgique-regles-ages-amendes\/#primaryimage"},"thumbnailUrl":"\/wp-content\/uploads\/2026\/04\/siege-auto-header.jpg","datePublished":"2026-04-29T11:52:07+00:00","dateModified":"2026-04-29T11:52:07+00:00","description":"Siege auto en Belgique : r\u00e8gles, \u00e2ges et amendes expliqu\u00e9s. Ce que dit la loi ? D\u00e9couvrez le bon si\u00e8ge pour votre enfant.","breadcrumb":{"@id":"https:\/\/carselect.touring.be\/fr\/blog\/siege-auto-belgique-regles-ages-amendes\/#breadcrumb"},"inLanguage":"fr-BE","potentialAction":[{"@type":"ReadAction","target":["https:\/\/carselect.touring.be\/fr\/blog\/siege-auto-belgique-regles-ages-amendes\/"]}]},{"@type":"ImageObject","inLanguage":"fr-BE","@id":"https:\/\/carselect.touring.be\/fr\/blog\/siege-auto-belgique-regles-ages-amendes\/#primaryimage","url":"\/wp-content\/uploads\/2026\/04\/siege-auto-header.jpg","contentUrl":"\/wp-content\/uploads\/2026\/04\/siege-auto-header.jpg","width":1000,"height":667,"caption":"siege auto"},{"@type":"BreadcrumbList","@id":"https:\/\/carselect.touring.be\/fr\/blog\/siege-auto-belgique-regles-ages-amendes\/#breadcrumb","itemListElement":[{"@type":"ListItem","position":1,"name":"Home","item":"https:\/\/carselect.touring.be\/fr\/"},{"@type":"ListItem","position":2,"name":"Siege Auto en Belgique : R\u00e8gles, \u00c2ges et Amendes Expliqu\u00e9s"}]},{"@type":"WebSite","@id":"https:\/\/carselect.touring.be\/fr\/#website","url":"https:\/\/carselect.touring.be\/fr\/","name":"Touring CarSelect","description":"","publisher":{"@id":"https:\/\/carselect.touring.be\/fr\/#organization"},"potentialAction":[{"@type":"SearchAction","target":{"@type":"EntryPoint","urlTemplate":"https:\/\/carselect.touring.be\/fr\/?s={search_term_string}"},"query-input":{"@type":"PropertyValueSpecification","valueRequired":true,"valueName":"search_term_string"}}],"inLanguage":"fr-BE"},{"@type":"Organization","@id":"https:\/\/carselect.touring.be\/fr\/#organization","name":"Touring CarSelect","url":"https:\/\/carselect.touring.be\/fr\/","logo":{"@type":"ImageObject","inLanguage":"fr-BE","@id":"https:\/\/carselect.touring.be\/fr\/#\/schema\/logo\/image\/","url":"\/wp-content\/uploads\/2024\/04\/Touring-Car-Select-Logo.png","contentUrl":"\/wp-content\/uploads\/2024\/04\/Touring-Car-Select-Logo.png","width":154,"height":53,"caption":"Touring CarSelect"},"image":{"@id":"https:\/\/carselect.touring.be\/fr\/#\/schema\/logo\/image\/"}},{"@type":"Person","@id":"https:\/\/carselect.touring.be\/fr\/#\/schema\/person\/ac266868402e795f000a152b0f4fd4d8","name":"Storme Wouter","image":{"@type":"ImageObject","inLanguage":"fr-BE","@id":"https:\/\/carselect.touring.be\/fr\/#\/schema\/person\/image\/","url":"https:\/\/secure.gravatar.com\/avatar\/84473de8cbf4200af853908f03b9ea9e?s=96&d=mm&r=g","contentUrl":"https:\/\/secure.gravatar.com\/avatar\/84473de8cbf4200af853908f03b9ea9e?s=96&d=mm&r=g","caption":"Storme Wouter"},"url":"https:\/\/carselect.touring.be\/fr\/blog\/author\/storme-wouter\/"}]}},"_links":{"self":[{"href":"https:\/\/carselect.touring.be\/fr\/wp-json\/wp\/v2\/posts\/14838","targetHints":{"allow":["GET"]}}],"collection":[{"href":"https:\/\/carselect.touring.be\/fr\/wp-json\/wp\/v2\/posts"}],"about":[{"href":"https:\/\/carselect.touring.be\/fr\/wp-json\/wp\/v2\/types\/post"}],"author":[{"embeddable":true,"href":"https:\/\/carselect.touring.be\/fr\/wp-json\/wp\/v2\/users\/28"}],"replies":[{"embeddable":true,"href":"https:\/\/carselect.touring.be\/fr\/wp-json\/wp\/v2\/comments?post=14838"}],"version-history":[{"count":2,"href":"https:\/\/carselect.touring.be\/fr\/wp-json\/wp\/v2\/posts\/14838\/revisions"}],"predecessor-version":[{"id":14844,"href":"https:\/\/carselect.touring.be\/fr\/wp-json\/wp\/v2\/posts\/14838\/revisions\/14844"}],"wp:featuredmedia":[{"embeddable":true,"href":"https:\/\/carselect.touring.be\/fr\/wp-json\/wp\/v2\/media\/14841"}],"wp:attachment":[{"href":"https:\/\/carselect.touring.be\/fr\/wp-json\/wp\/v2\/media?parent=14838"}],"wp:term":[{"taxonomy":"category","embeddable":true,"href":"https:\/\/carselect.touring.be\/fr\/wp-json\/wp\/v2\/categories?post=14838"},{"taxonomy":"post_tag","embeddable":true,"href":"https:\/\/carselect.touring.be\/fr\/wp-json\/wp\/v2\/tags?post=14838"}],"curies":[{"name":"wp","href":"https:\/\/api.w.org\/{rel}","templated":true}]}}