{"id":14646,"date":"2026-01-28T07:35:40","date_gmt":"2026-01-28T06:35:40","guid":{"rendered":"https:\/\/carselect.touring.be\/?p=14646"},"modified":"2026-01-28T07:35:43","modified_gmt":"2026-01-28T06:35:43","slug":"la-voiture-la-plus-chere-du-monde-prix-et-pourquoi-elle-est-exceptionnelle","status":"publish","type":"post","link":"https:\/\/carselect.touring.be\/fr\/blog\/la-voiture-la-plus-chere-du-monde-prix-et-pourquoi-elle-est-exceptionnelle\/","title":{"rendered":"La Voiture la Plus Ch\u00e8re au Monde : Prix et Caract\u00e9ristiques"},"content":{"rendered":"\n\n\n<style>\n.banner-carousel div[class$=\"-banner\"] {\n  display: none;\n}\n\n.banner-carousel div[class$=\"-banner\"]:first-child,\n.banner-carousel.flickity-enabled div[class$=\"-banner\"] {\n  display: inline-flex;\n} \n\n  .roadside-margin-top {\n    margin-top: 0px;\n  }\n\n  .roadside-margin-top-stock {\n    margin-top: 24px;\n  }\n\n  .roadside-assistance-banner {\n    background-color: #E4EDF4;\n    color: var(--primary-color);\n    text-align: center;\n    height: 56px;\n    font-weight: bold;\n    position: static;\n    box-shadow: rgba(0, 0, 0, 0.15) 1px 1px 10px;\n  }\n\n  .roadside-assistance-banner img {\n    height: 30px;\n  }\n\n  .roadside-assistance-banner .full-banner-button {\n    color: var(--primary-color);\n    cursor: pointer;\n    display: inline-flex;\n    align-items: center;\n    justify-content: center;\n    height: 56px;\n  }\n\n.banner-carousel-container .quality-check-banner, \n.banner-carousel-container  .roadside-banner, \n.banner-carousel-container .stock-banner {\n    color: var(--primary-color);\n    display: inline-flex;\n    align-items: center;\n    justify-content: center;\n    height: 56px;\n  }\n\n  .roadside-assistance-banner.mobile-only .banner-text {\n    padding-right: 8px;\n    padding-left: 8px;\n    margin: 0px;\n  }\n\n  .roadside-assistance-banner .banner-text {\n    font-weight: bold;\n    margin-right: 24px;\n    margin-left: 8px;\n    font-size: 18px;\n  }\n\n  .roadside-assistance-banner.desktop-only {\n    height: 56px;\n    line-height: 56px;\n    width: 100%;\n  }\n  \n  .more-info-button {\n    color: white;\n    background-color: var(--primary-color);\n    padding: 6px 10px;\n    cursor: pointer;\n    border-radius: 5px;\n  }\n\n  .more-info-button:hover, .blog-single a:focus {\n    color: white!important;\n  }\n\n  .roadside-assistance-popup .roadside-assistance-title {\n    text-align: center;\n    margin-bottom: 8px; line-height: 15px;\n  }\n\n .roadside-assistance-popup .roadside-assistance-list {\n    display: flex;\n    flex-direction: column;\n    font-size: 16px;\n  }\n\n .roadside-assistance-popup .roadside-assistance-item {\n    display: flex;\n    align-items: baseline;\n    position: relative;\n    margin-bottom: 10px;\n  }\n\n .roadside-assistance-popup .roadside-assistance-circle {\n    width: 20px;\n    min-width: 20px;\n    height: 20px;\n    border-radius: 50%;\n    background-color: var(--primary-color);\n    display: flex;\n    justify-content: center;\n    align-items: center;\n    font-weight: bold;\n    position: relative;\n    color: white;\n  }\n\n .roadside-assistance-popup .roadside-assistance-text {\n    margin-left: 8px;\n    color: var(--primary-color);\n    line-height: 16px;\n  }\n\n .roadside-assistance-popup .roadside-assistance-item:not(:last-child)::before {\n    content: \"\";\n    position: absolute;\n    width: 1px;\n    height: 28px;\n    background-color: var(--primary-color);\n    left: 10px;\n    top: 20px;\n  }\n\n .roadside-assistance-popup .roadside-assistance-item:nth-child(3)::after {\n    content: \"\";\n    position: absolute;\n    left: 7px;\n    top: 40px;\n    border: solid var(--primary-color);\n    border-width: 0 1px 1px 0;\n    padding: 3px;\n    transform: rotate(45deg);\n    -webkit-transform: rotate(45deg);\n  }\n\n  .roadside-assistance-popup .roadside-assistance-item:last-child {\n    padding-top: 20px;\n  }\n\n  .roadside-assistance-popup .roadside-assistance-item:last-child .roadside-assistance-circle {\n    padding-top: 1px;\n    background-color: #08ccb4;\n    color: white;\n  }\n\n  .roadside-assistance-popup .roadside-assistance-sublist {\n    color:var(--primary-color);\n    font-size: 16px;\n    padding-left: 28px;\n  }\n\n  .roadside-assistance-popup .roadside-assistance-sublist .checkmark {\n    color: var(--primary-color);\n  }\n\n  .roadside-assistance-popup.lightbox-content {\n    background-color: unset;\n    box-shadow: unset;\n  }\n\n  .roadside-assistance-popup .dialog-container > .col-inner {\n    box-shadow: 3px 3px 20px 0 rgba(0, 0, 0, .15);\n  }\n\n  @media only screen and (max-width: 800px) {\n    .roadside-assistance-banner {\n      z-index: 1000;\n    }\n\n    .roadside-assistance-banner.mobile-only {\n      display: block !important;\n    }\n\n    .roadside-assistance-banner.desktop-only {\n      display: none;\n    }\n  }\n\n  @media only screen and (min-width: 801px) {\n    .roadside-assistance-banner {\n      z-index: 8;\n    }\n\n    .roadside-assistance-banner.mobile-only {\n      display: none;\n    }\n\n    .roadside-assistance-banner.desktop-only {\n      display: block;\n    }\n  }\n\n  @media only screen and (max-width: 548px) {\n    #stock-general .stock-general__header-order--3 {\n      margin-top: 12px;\n    }\n  }\n  .roadside-assistance-popup .service-link.button.close {\n    font-size: 16px;\n    margin-left: 8px;\n  }\n\n  .roadside-assistance-popup .car-item-detail {\n    align-items: center;\n  }\n\n  .article-text, .default-text  {\n    display: none;\n  }\n\n  @media only screen and (max-width: 500px) {\n    .roadside-assistance-banner.mobile-only .banner-text {\n      font-size: 14px;\n      line-height: 16px;\n    }\n  }\n\n  @media only screen and (max-width: 405px) {\n    .roadside-assistance-banner.mobile-only .article-text {\n      width: 75%;\n    }\n  }\n\n  .roadside-assistance-banner.mobile-only img {\n    margin-left: 8px;\n  }\n\n  article .roadside-assistance-banner {\n    width: 100vw !important;\n    margin-left: calc(50% - 50vw);\n  }\n<\/style>\n\n\n\n<div class=\"roadside-assistance-banner desktop-only banner-carousel-container\"> \n  <div class=\"banner-carousel\">\n    <div class=\"quality-check-banner\">\n<svg width=\"24\" height=\"24\" viewBox=\"0 0 24 24\" fill=\"none\" xmlns=\"http:\/\/www.w3.org\/2000\/svg\">\n<path d=\"M4 12.5L9.5 17L19 7\" stroke=\"#00418c\" stroke-width=\"2.5\" stroke-linecap=\"round\" stroke-linejoin=\"round\"\/>\n<\/svg>\n      <span class=\"banner-text\">\nContr\u00f4les de qualit\u00e9 par Touring\n      <\/span>\n    <\/div>\n    <div class=\"roadside-banner\">\n<svg width=\"24\" height=\"24\" viewBox=\"0 0 24 24\" fill=\"none\" xmlns=\"http:\/\/www.w3.org\/2000\/svg\">\n<path d=\"M4 12.5L9.5 17L19 7\" stroke=\"#00418c\" stroke-width=\"2.5\" stroke-linecap=\"round\" stroke-linejoin=\"round\"\/>\n<\/svg>\n      <span class=\"banner-text default-text\">\n12 mois de d\u00e9pannage offerts\n      <\/span>\n      <span class=\"banner-text article-text\">\nD\u00e9couvrez notre large stock de voitures d\u2019occasion fiables\n      <\/span>\n    <\/div>\n    <div class=\"stock-banner\">\n<svg width=\"24\" height=\"24\" viewBox=\"0 0 24 24\" fill=\"none\" xmlns=\"http:\/\/www.w3.org\/2000\/svg\">\n<path d=\"M4 12.5L9.5 17L19 7\" stroke=\"#00418c\" stroke-width=\"2.5\" stroke-linecap=\"round\" stroke-linejoin=\"round\"\/>\n<\/svg>\n      <span class=\"banner-text\">\n<span class=\"stock-count\">0<\/span> voitures disponibles\n      <\/span>\n    <\/div>\n  <\/div>\n<\/div>\n\n\n\n<div class=\"roadside-assistance-banner mobile-only banner-carousel-container\"> \n  <div class=\"banner-carousel\">\n    <div class=\"quality-check-banner\">\n<svg width=\"24\" height=\"24\" viewBox=\"0 0 24 24\" fill=\"none\" xmlns=\"http:\/\/www.w3.org\/2000\/svg\">\n<path d=\"M4 12.5L9.5 17L19 7\" stroke=\"#00418c\" stroke-width=\"2.5\" stroke-linecap=\"round\" stroke-linejoin=\"round\"\/>\n<\/svg>\n      <span class=\"banner-text\">\nContr\u00f4les de qualit\u00e9 par Touring\n      <\/span>\n    <\/div>\n    <div class=\"roadside-banner\">\n<svg width=\"24\" height=\"24\" viewBox=\"0 0 24 24\" fill=\"none\" xmlns=\"http:\/\/www.w3.org\/2000\/svg\">\n<path d=\"M4 12.5L9.5 17L19 7\" stroke=\"#00418c\" stroke-width=\"2.5\" stroke-linecap=\"round\" stroke-linejoin=\"round\"\/>\n<\/svg>\n        <span class=\"banner-text default-text\">\n12 mois de d\u00e9pannage offerts\n        <\/span>\n        <span class=\"banner-text article-text\">\nD\u00e9couvrez notre large stock de voitures d\u2019occasion fiables\n        <\/span>\n    <\/div>\n    <div class=\"stock-banner\">\n<svg width=\"24\" height=\"24\" viewBox=\"0 0 24 24\" fill=\"none\" xmlns=\"http:\/\/www.w3.org\/2000\/svg\">\n<path d=\"M4 12.5L9.5 17L19 7\" stroke=\"#00418c\" stroke-width=\"2.5\" stroke-linecap=\"round\" stroke-linejoin=\"round\"\/>\n<\/svg>\n      <span class=\"banner-text\">\n<span class=\"stock-count\">0<\/span> voitures disponibles\n      <\/span>\n    <\/div>\n  <\/div>\n<\/div>\n\n<div class=\"row align-center roadside-assistance-popup lightbox-by-id lightbox-content lightbox-white mfp-hide\"  id=\"row-762087695\">\n\n\n\t<div id=\"col-278668103\" class=\"col dialog-container medium-6 small-12 large-6\"  >\n\t\t\t\t<div class=\"col-inner\" style=\"background-color:rgb(255, 255, 255);\" >\n\t\t\t\n\t\t\t\n\n\t<div class=\"img has-hover x md-x lg-x y md-y lg-y\" id=\"image_809067056\">\n\t\t\t\t\t\t\t\t<div class=\"img-inner dark\" >\n\t\t\t<img loading=\"lazy\" decoding=\"async\" width=\"1020\" height=\"680\" src=\"\/wp-content\/uploads\/2025\/04\/Touring_221026_3058_NL-1-1024x683.webp\" class=\"attachment-large size-large\" alt=\"Roadside Assistance Banner NL\" srcset=\"\/wp-content\/uploads\/2025\/04\/Touring_221026_3058_NL-1-1024x683.webp 1024w, \/wp-content\/uploads\/2025\/04\/Touring_221026_3058_NL-1-300x200.webp 300w, \/wp-content\/uploads\/2025\/04\/Touring_221026_3058_NL-1-768x512.webp 768w, \/wp-content\/uploads\/2025\/04\/Touring_221026_3058_NL-1-1536x1024.webp 1536w, \/wp-content\/uploads\/2025\/04\/Touring_221026_3058_NL-1-2048x1365.webp 2048w\" sizes=\"auto, (max-width: 1020px) 100vw, 1020px\" \/>\t\t\t\t\t\t\n\t\t\t\t\t<\/div>\n\t\t\t\t\t\t\t\t\n<style>\n#image_809067056 {\n  width: 100%;\n}\n<\/style>\n\t<\/div>\n\t\n\n<div class=\"row\"  id=\"row-1217551720\">\n\n\n\t<div id=\"col-1278460867\" class=\"col small-12 large-12\"  >\n\t\t\t\t<div class=\"col-inner\"  >\n\t\t\t\n\t\t\t\n\n\n\n<p data-text-color=\"primary\" class=\"roadside-assistance-title\">\n  <strong>12 mois d\u2019assistance d\u00e9pannage offerts sur tous les v\u00e9hicules<\/strong>\n<\/p>\n<div class=\"roadside-assistance-list\">\n  <div class=\"roadside-assistance-item\">\n      <div class=\"roadside-assistance-circle\">1<\/div>\n      <div class=\"roadside-assistance-text\">Trouvez votre v\u00e9hicule<\/div>\n  <\/div>\n  <div class=\"roadside-assistance-item\">\n      <div class=\"roadside-assistance-circle\">2<\/div>\n      <div class=\"roadside-assistance-text\">Rendez-vous dans votre concession<\/div>\n  <\/div>\n  <div class=\"roadside-assistance-item\">\n      <div class=\"roadside-assistance-circle\">3<\/div>\n      <div class=\"roadside-assistance-text\">Le vendeur active instantan\u00e9ment votre assistance<\/div>\n  <\/div>\n  <div class=\"roadside-assistance-item\">\n      <div class=\"roadside-assistance-circle\">\u2713<\/div>\n      <div class=\"roadside-assistance-text\"><strong>Profitez de votre assistance pendant 12 mois<\/strong><\/div>\n  <\/div>\n<\/div>\n<div class=\"roadside-assistance-sublist\">\n<div>\n<span class=\"checkmark \">\u2713<\/span>\n<span>Dans toute la Belgique<\/span>\n<\/div>\n<div>\n<span class=\"checkmark \">\u2713<\/span>\n<span>V\u00e9hicule de remplacement<\/span>\n<\/div>\n<\/div>\n\n\n\t\t<\/div>\n\t\t\t\t\t<\/div>\n\n\t\n\n\t<div id=\"col-1732915454\" class=\"col small-12 large-12\"  >\n\t\t\t\t<div class=\"col-inner\"  >\n\t\t\t\n\t\t\t\n\n\n\n<div class=\"car-item-detail d-flex\"> \n         <a href=\"https:\/\/carselect.touring.be\/fr\/services-solutions\/#roadside-assistance\">\n         <div class=\"more-info-button bold\">\n Plus d\u2019information\n         <\/div>\n           <\/a>\n<button class=\"button success lowercase service-link close\">Fermer<\/button>\n      <\/div>\n\n\n\t\t<\/div>\n\t\t\t\t\t<\/div>\n\n\t\n\n\n<style>\n#row-1217551720 > .col > .col-inner {\n  padding: 0px 24px 0px 24px;\n}\n<\/style>\n<\/div>\n\n\t\t<\/div>\n\t\t\t\t\t<\/div>\n\n\t\n\n<\/div>\n\n\n<script>\ndocument.querySelector('.roadside-assistance-popup').setAttribute('id', 'roadside-assistance-popup');\n\ndocument.querySelector('.roadside-assistance-popup .button.close').addEventListener('click', function() {\n$.magnificPopup.close();\n});\n\nif (window.location.pathname.includes(\"blog\")) {\n  const toShow = document.querySelectorAll(\".article-text\");\n  toShow.forEach(el => {\n    el.style.display=\"inline\";\n  });\n} else {\n  const toShow = document.querySelectorAll(\".default-text\");\n  toShow.forEach(el => {\n    el.style.display=\"inline\";\n  });\n}\n<\/script>\n\n\n\n\t<section class=\"section news-details\" id=\"section_971669734\">\n\t\t<div class=\"section-bg fill\" >\n\t\t\t\t\t\t\t\t\t\n\t\t\t\n\n\t\t<\/div>\n\n\t\t\n\n\t\t<div class=\"section-content relative\">\n\t\t\t\n\n<div class=\"row row-large\"  id=\"row-58317363\">\n\n\n\t<div id=\"col-521008124\" class=\"col small-12 large-12\"  >\n\t\t\t\t<div class=\"col-inner\"  >\n\t\t\t\n\t\t\t\n\n<div class=\"container section-title-container\" ><h1 class=\"section-title section-title-normal\"><b><\/b><span class=\"section-title-main\" >La Voiture la Plus Ch\u00e8re au Monde : Prix et Caract\u00e9ristiques<\/span><b><\/b><\/h1><\/div>\n\n\t<div class=\"img has-hover x md-x lg-x y md-y lg-y\" id=\"image_123674706\">\n\t\t\t\t\t\t\t\t<div class=\"img-inner dark\" >\n\t\t\t<img loading=\"lazy\" decoding=\"async\" width=\"1000\" height=\"624\" src=\"\/wp-content\/uploads\/2026\/01\/duurste-auto-ter-wereld-header.jpg.jpg\" class=\"attachment-large size-large\" alt=\"duurste auto ter wereld\" srcset=\"\/wp-content\/uploads\/2026\/01\/duurste-auto-ter-wereld-header.jpg.jpg 1000w, \/wp-content\/uploads\/2026\/01\/duurste-auto-ter-wereld-header.jpg-300x187.jpg 300w, \/wp-content\/uploads\/2026\/01\/duurste-auto-ter-wereld-header.jpg-768x479.jpg 768w\" sizes=\"auto, (max-width: 1000px) 100vw, 1000px\" \/>\t\t\t\t\t\t\n\t\t\t\t\t<\/div>\n\t\t\t\t\t\t\t\t\n<style>\n#image_123674706 {\n  width: 100%;\n}\n<\/style>\n\t<\/div>\n\t\n\n\n\t\t<\/div>\n\t\t\t\t\n<style>\n#col-521008124 > .col-inner {\n  margin: 0px 0px 25px 0px;\n}\n<\/style>\n\t<\/div>\n\n\t\n\n\t<div id=\"col-1253875309\" class=\"col medium-8 small-12 large-8\"  >\n\t\t\t\t<div class=\"col-inner\"  >\n\t\t\t\n\t\t\t\n\n<p><strong>142 millions d&rsquo;euros pour une voiture<\/strong>. Non, ce n&rsquo;est pas une faute de frappe.<\/p>\n<p>C&rsquo;est le montant pay\u00e9 par un acheteur anonyme en 2022 pour la Mercedes-Benz 300 SLR Uhlenhaut Coup\u00e9 : la voiture la plus ch\u00e8re au monde jamais vendue. Un coup\u00e9 argent\u00e9 de 1955, dont seulement deux exemplaires existent. Pas une supercar avec la derni\u00e8re technologie, mais un morceau d&rsquo;histoire automobile.<\/p>\n<p>Pourtant, ce record ne raconte pas toute l&rsquo;histoire. Car quelle est la voiture la plus ch\u00e8re du monde si nous regardons les mod\u00e8les neufs ? Alors des noms comme Rolls-Royce, Bugatti et Pagani apparaissent. Avec des \u00e9tiquettes de prix qui se chiffrent \u00e9galement en millions d&rsquo;euros, mais pour des raisons compl\u00e8tement diff\u00e9rentes.<\/p>\n<p>Dans cet article, vous d\u00e9couvrirez quelles voitures battent les records absolus, tant aux ench\u00e8res que dans les showrooms. Vous apprendrez pourquoi certaines voitures valent des dizaines de millions d&rsquo;euros. Et surtout : pourquoi ce type de voitures sont plus une \u0153uvre d&rsquo;art roulante qu&rsquo;un moyen de transport. Jamais destin\u00e9es \u00e0 la voie publique, toujours destin\u00e9es \u00e0 \u00eatre admir\u00e9es.<\/p>\n\n\n<script type=\"text\/javascript\">\n    var seoPlugins = window.seoPlugins || [];\n\n    seoPlugins.push({\n        \"PluginCode\": \"a9f957e3-d8b9-4005-bf73-c81df6fc4833\",\n        \"PluginName\": \"#lsqdfqsdf\",\n        \"FilterCookie\": {\"FuelTypeIds\":[\"3\",\"4\"],\"CarCategoryIds\":[\"1\"]}\n    })\n\n    window.seoPlugins = seoPlugins;\n\n    var seoPlugins = window.seoPlugins || [];\n\n    for (var i = 0; i < seoPlugins.length; i++) {\n        var pluginData = seoPlugins[i];\n        CFM.API.enable(pluginData.PluginCode, pluginData.PluginName, null, {\n            FilterCookie: pluginData.FilterCookie\n        });\n    }\n<\/script>\n<div id=\"lsqdfqsdf\"><\/div>\n\n<p>Lorsque les passionn\u00e9s d&rsquo;automobile d\u00e9battent de la voiture la plus ch\u00e8re au monde, un nom revient syst\u00e9matiquement en top : la Mercedes-Benz 300 SLR Uhlenhaut Coup\u00e9. Cette beaut\u00e9 argent\u00e9e de 1955 a pulv\u00e9ris\u00e9 tous les records en 2022. Mais qu&rsquo;est-ce qui rend cette voiture si sp\u00e9ciale qu&rsquo;une personne y consacre une petite fortune ?<\/p>\n<h3>Mercedes-Benz 300 SLR Uhlenhaut Coup\u00e9 : Le Record Absolu<\/h3>\n\t<div class=\"img has-hover x md-x lg-x y md-y lg-y\" id=\"image_735640262\">\n\t\t\t\t\t\t\t\t<div class=\"img-inner dark\" >\n\t\t\t<img loading=\"lazy\" decoding=\"async\" width=\"1020\" height=\"680\" src=\"\/wp-content\/uploads\/2026\/01\/Mercedes-Benz-300-SLR-Uhlenhaut-Coupe-1-1.jpg-1-1024x683.jpg\" class=\"attachment-large size-large\" alt=\"La Voiture la Plus Ch\u00e8re au Monde: Mercedes-Benz 300 SLR Uhlenhaut Coup\u00e9\" srcset=\"\/wp-content\/uploads\/2026\/01\/Mercedes-Benz-300-SLR-Uhlenhaut-Coupe-1-1.jpg-1-1024x683.jpg 1024w, \/wp-content\/uploads\/2026\/01\/Mercedes-Benz-300-SLR-Uhlenhaut-Coupe-1-1.jpg-1-300x200.jpg 300w, \/wp-content\/uploads\/2026\/01\/Mercedes-Benz-300-SLR-Uhlenhaut-Coupe-1-1.jpg-1-768x512.jpg 768w, \/wp-content\/uploads\/2026\/01\/Mercedes-Benz-300-SLR-Uhlenhaut-Coupe-1-1.jpg-1-1536x1024.jpg 1536w, \/wp-content\/uploads\/2026\/01\/Mercedes-Benz-300-SLR-Uhlenhaut-Coupe-1-1.jpg-1.jpg 1920w\" sizes=\"auto, (max-width: 1020px) 100vw, 1020px\" \/>\t\t\t\t\t\t\n\t\t\t\t\t<\/div>\n\t\t\t\t\t\t\t\t\n<style>\n#image_735640262 {\n  width: 100%;\n}\n<\/style>\n\t<\/div>\n\t\n\n<p>En mai 2022, une vente aux ench\u00e8res priv\u00e9e a eu lieu chez RM Sotheby&rsquo;s dans le mus\u00e9e Mercedes-Benz \u00e0 Stuttgart. Le r\u00e9sultat ? Un prix de vente de 135 millions d&rsquo;euros, soit 142 millions de dollars. La Mercedes-Benz 300 SLR Uhlenhaut Coup\u00e9 est ainsi devenue d&rsquo;un coup la voiture la plus ch\u00e8re jamais vendue au monde.<\/p>\n<p>L&rsquo;histoire derri\u00e8re cette voiture rend le prix plus compr\u00e9hensible. Mercedes n&rsquo;a construit que deux exemplaires de ce mod\u00e8le dans les ann\u00e9es &rsquo;50. La voiture a \u00e9t\u00e9 nomm\u00e9e d&rsquo;apr\u00e8s Rudolf Uhlenhaut, l&rsquo;ing\u00e9nieur g\u00e9nial \u00e0 la base de la conception. Il a m\u00eame utilis\u00e9 l&rsquo;un des deux exemplaires comme voiture personnelle. Un monstre de course avec lequel il se rendait au travail.<\/p>\n<p>La 300 SLR Uhlenhaut Coup\u00e9 n&rsquo;a jamais \u00e9t\u00e9 destin\u00e9e \u00e0 la vente. Mercedes a d\u00e9velopp\u00e9 la voiture comme version ferm\u00e9e de leur bolide de course W196 S couronn\u00e9 de succ\u00e8s. Sous le capot se trouve un moteur straight-eight de 3,0 litres d\u00e9livrant 310 chevaux. La vitesse de pointe ? Pas moins de 290 km\/h, inou\u00ef pour cette \u00e9poque.<\/p>\n<p>Apr\u00e8s le tragique accident lors des 24 Heures du Mans en 1955, Mercedes s&rsquo;est retir\u00e9 du sport automobile. Les deux exemplaires de l&rsquo;Uhlenhaut Coup\u00e9 ont disparu dans la collection de la marque, o\u00f9 ils sont rest\u00e9s pendant des d\u00e9cennies.<\/p>\n<h3>Pourquoi Cette Mercedes a-t-elle Rapport\u00e9 Autant ?<\/h3>\n<p>Le prix record de la Mercedes-Benz 300 SLR Uhlenhaut Coup\u00e9 n&rsquo;est pas un hasard. Diff\u00e9rents facteurs se sont combin\u00e9s pour faire de cette voiture la plus ch\u00e8re du monde.<\/p>\n<h3>Raret\u00e9 Extr\u00eame<\/h3>\n<p>Deux exemplaires. C&rsquo;est tout. Dans un monde o\u00f9 la raret\u00e9 cr\u00e9e de la valeur, c&rsquo;est l&rsquo;exemple ultime. Comparez avec les Ferrari 250 GTO, dont 36 ont \u00e9t\u00e9 construites \u2014 toujours rares, mais pas aussi exclusives que seulement deux exemplaires.<\/p>\n<h3>Valeur Historique<\/h3>\n<p>La 300 SLR est indissociablement li\u00e9e aux ann\u00e9es glorieuses de Mercedes dans le sport automobile. Le programme de course de la marque dominait la Formule 1 et les courses d&rsquo;endurance dans les ann\u00e9es &rsquo;50. La technologie de cette p\u00e9riode, d\u00e9velopp\u00e9e juste apr\u00e8s la Seconde Guerre mondiale, \u00e9tait r\u00e9volutionnaire.<\/p>\n<h3>\u00c9tat Parfait<\/h3>\n<p>Les deux exemplaires de l&rsquo;Uhlenhaut Coup\u00e9 n&rsquo;ont jamais \u00e9t\u00e9 restaur\u00e9s. Ils sont toujours dans leur \u00e9tat d&rsquo;origine, ce qui est exceptionnel pour des voitures d&rsquo;environ 70 ans. Pour les collectionneurs, l&rsquo;authenticit\u00e9 est essentielle \u2014 chaque modification diminue la valeur.<\/p>\n<h3>Valeur \u00c9motionnelle<\/h3>\n<p>Pour Mercedes-Benz, cette voiture repr\u00e9sente plus que de la technique. C&rsquo;est un symbole de leur h\u00e9ritage, un souvenir tangible d&rsquo;une \u00e9poque o\u00f9 la marque \u00e9tait in\u00e9galable. Cette charge \u00e9motionnelle se traduit dans le prix que les acheteurs sont pr\u00eats \u00e0 payer.<\/p>\n<p>La combinaison de ces facteurs fait de la 300 SLR Uhlenhaut Coup\u00e9 plus qu&rsquo;une voiture. C&rsquo;est une \u0153uvre d&rsquo;art roulante, un morceau d&rsquo;histoire sur quatre roues. Et cela explique pourquoi quelqu&rsquo;un a vers\u00e9 135 millions d&rsquo;euros pour le privil\u00e8ge d&rsquo;en \u00eatre propri\u00e9taire.<\/p>\n<h2>Les 10 Voitures les Plus Ch\u00e8res Jamais Vendues aux Ench\u00e8res<\/h2>\n<p>Quelles sont les 10 voitures les plus ch\u00e8res du monde ? Si nous regardons les r\u00e9sultats d&rsquo;ench\u00e8res, un groupe s\u00e9lect de classiques domine la liste. Toutes des l\u00e9gendes de course avec une histoire qui s&rsquo;av\u00e8re valoir des millions.<\/p>\n<h3>Un Aper\u00e7u des Classiques Record<\/h3>\n<p>Le monde des ench\u00e8res conna\u00eet sa propre hi\u00e9rarchie. Ces voitures ont battu des records et r\u00e9\u00e9crit la d\u00e9finition de \u00ab\u00a0voiture de valeur\u00a0\u00bb :<\/p>\n<h4>1. Mercedes-Benz 300 SLR Uhlenhaut Coup\u00e9 (1955)<\/h4>\n<p>\u20ac135 millions Deux exemplaires construits, un vendu. Le record absolu.<\/p>\n<h4>2. Mercedes-Benz W196 (1954)<\/h4>\n\t<div class=\"img has-hover x md-x lg-x y md-y lg-y\" id=\"image_874117518\">\n\t\t\t\t\t\t\t\t<div class=\"img-inner dark\" >\n\t\t\t<img loading=\"lazy\" decoding=\"async\" width=\"1000\" height=\"667\" src=\"\/wp-content\/uploads\/2026\/01\/Mercedes-Benz-W196.jpg.jpg\" class=\"attachment-large size-large\" alt=\"Mercedes-Benz W196 (1954)\" srcset=\"\/wp-content\/uploads\/2026\/01\/Mercedes-Benz-W196.jpg.jpg 1000w, \/wp-content\/uploads\/2026\/01\/Mercedes-Benz-W196.jpg-300x200.jpg 300w, \/wp-content\/uploads\/2026\/01\/Mercedes-Benz-W196.jpg-768x512.jpg 768w\" sizes=\"auto, (max-width: 1000px) 100vw, 1000px\" \/>\t\t\t\t\t\t\n\t\t\t\t\t<\/div>\n\t\t\t\t\t\t\t\t\n<style>\n#image_874117518 {\n  width: 100%;\n}\n<\/style>\n\t<\/div>\n\t\n\n<p>\u20ac50 millions La voiture de Formule 1 avec laquelle Juan Manuel Fangio a remport\u00e9 deux titres mondiaux.<\/p>\n<h4>3. Ferrari 250 GTO (1962)<\/h4>\n\t<div class=\"img has-hover x md-x lg-x y md-y lg-y\" id=\"image_811587572\">\n\t\t\t\t\t\t\t\t<div class=\"img-inner dark\" >\n\t\t\t<img loading=\"lazy\" decoding=\"async\" width=\"1000\" height=\"674\" src=\"\/wp-content\/uploads\/2026\/01\/Ferrari-250-GTO-1962.jpg.jpg\" class=\"attachment-large size-large\" alt=\"Ferrari 250 GTO (1962)\" srcset=\"\/wp-content\/uploads\/2026\/01\/Ferrari-250-GTO-1962.jpg.jpg 1000w, \/wp-content\/uploads\/2026\/01\/Ferrari-250-GTO-1962.jpg-300x202.jpg 300w, \/wp-content\/uploads\/2026\/01\/Ferrari-250-GTO-1962.jpg-768x518.jpg 768w\" sizes=\"auto, (max-width: 1000px) 100vw, 1000px\" \/>\t\t\t\t\t\t\n\t\t\t\t\t<\/div>\n\t\t\t\t\t\t\t\t\n<style>\n#image_811587572 {\n  width: 100%;\n}\n<\/style>\n\t<\/div>\n\t\n\n<p>\u20ac48 millions Plusieurs exemplaires vendus autour de ce montant. Seulement 36 exemplaires construits, tous avec historique de course.<\/p>\n<h4>4. Ferrari 335 Sport Scaglietti (1957)<\/h4>\n<p>\u20ac33 millions Vainqueur de course sur des circuits comme Sebring et les Mille Miglia.<\/p>\n<h4>5. Ferrari 290 MM (1956)<\/h4>\n\t<div class=\"img has-hover x md-x lg-x y md-y lg-y\" id=\"image_1890233596\">\n\t\t\t\t\t\t\t\t<div class=\"img-inner dark\" >\n\t\t\t<img loading=\"lazy\" decoding=\"async\" width=\"1000\" height=\"668\" src=\"\/wp-content\/uploads\/2026\/01\/Ferrari-290-MM-1956-1.jpg-1.jpg\" class=\"attachment-large size-large\" alt=\"cinqui\u00e8me voiture la plus ch\u00e8re au monde; Ferrari 290 MM (1956)\" srcset=\"\/wp-content\/uploads\/2026\/01\/Ferrari-290-MM-1956-1.jpg-1.jpg 1000w, \/wp-content\/uploads\/2026\/01\/Ferrari-290-MM-1956-1.jpg-1-300x200.jpg 300w, \/wp-content\/uploads\/2026\/01\/Ferrari-290-MM-1956-1.jpg-1-768x513.jpg 768w\" sizes=\"auto, (max-width: 1000px) 100vw, 1000px\" \/>\t\t\t\t\t\t\n\t\t\t\t\t<\/div>\n\t\t\t\t\t\t\t\t\n<style>\n#image_1890233596 {\n  width: 100%;\n}\n<\/style>\n\t<\/div>\n\t\n\n<p>\u20ac26 millions Construit pour les l\u00e9gendaires Mille Miglia, conduit par Fangio lui-m\u00eame.<\/p>\n<h4>6. Aston Martin DBR1 (1956)<p><\/p>\n\t<div class=\"img has-hover x md-x lg-x y md-y lg-y\" id=\"image_443581783\">\n\t\t\t\t\t\t\t\t<div class=\"img-inner dark\" >\n\t\t\t<img loading=\"lazy\" decoding=\"async\" width=\"1000\" height=\"500\" src=\"\/wp-content\/uploads\/2026\/01\/6.-Aston-Martin-DBR1-1956.jpg.jpg\" class=\"attachment-large size-large\" alt=\"Aston Martin DBR1 (1956)\" srcset=\"\/wp-content\/uploads\/2026\/01\/6.-Aston-Martin-DBR1-1956.jpg.jpg 1000w, \/wp-content\/uploads\/2026\/01\/6.-Aston-Martin-DBR1-1956.jpg-300x150.jpg 300w, \/wp-content\/uploads\/2026\/01\/6.-Aston-Martin-DBR1-1956.jpg-768x384.jpg 768w\" sizes=\"auto, (max-width: 1000px) 100vw, 1000px\" \/>\t\t\t\t\t\t\n\t\t\t\t\t<\/div>\n\t\t\t\t\t\t\t\t\n<style>\n#image_443581783 {\n  width: 100%;\n}\n<\/style>\n\t<\/div>\n\t\n\n<p>\u20ac21 millions La seule Aston Martin \u00e0 avoir gagn\u00e9 Le Mans. Seulement cinq exemplaires produits.<\/p>\n<\/h4>\n<h4>7. Jaguar D-Type (1955)<\/h4>\n\t<div class=\"img has-hover x md-x lg-x y md-y lg-y\" id=\"image_1265554026\">\n\t\t\t\t\t\t\t\t<div class=\"img-inner dark\" >\n\t\t\t<img loading=\"lazy\" decoding=\"async\" width=\"1000\" height=\"657\" src=\"\/wp-content\/uploads\/2026\/01\/Jaguar-D-Type-1955-.jpg.jpg\" class=\"attachment-large size-large\" alt=\"Jaguar D-Type (1955)\" srcset=\"\/wp-content\/uploads\/2026\/01\/Jaguar-D-Type-1955-.jpg.jpg 1000w, \/wp-content\/uploads\/2026\/01\/Jaguar-D-Type-1955-.jpg-300x197.jpg 300w, \/wp-content\/uploads\/2026\/01\/Jaguar-D-Type-1955-.jpg-768x505.jpg 768w\" sizes=\"auto, (max-width: 1000px) 100vw, 1000px\" \/>\t\t\t\t\t\t\n\t\t\t\t\t<\/div>\n\t\t\t\t\t\t\t\t\n<style>\n#image_1265554026 {\n  width: 100%;\n}\n<\/style>\n\t<\/div>\n\t\n\n<p>\u20ac20 millions Vainqueur du Mans en 1955, 1956 et 1957. Une l\u00e9gende britannique de course.<\/p>\n<h4>8. McLaren F1 (1995)<\/h4>\n\t<div class=\"img has-hover x md-x lg-x y md-y lg-y\" id=\"image_588686219\">\n\t\t\t\t\t\t\t\t<div class=\"img-inner dark\" >\n\t\t\t<img loading=\"lazy\" decoding=\"async\" width=\"1000\" height=\"667\" src=\"\/wp-content\/uploads\/2026\/01\/McLaren-F1.jpg.jpg\" class=\"attachment-large size-large\" alt=\"McLaren-F1\" srcset=\"\/wp-content\/uploads\/2026\/01\/McLaren-F1.jpg.jpg 1000w, \/wp-content\/uploads\/2026\/01\/McLaren-F1.jpg-300x200.jpg 300w, \/wp-content\/uploads\/2026\/01\/McLaren-F1.jpg-768x512.jpg 768w\" sizes=\"auto, (max-width: 1000px) 100vw, 1000px\" \/>\t\t\t\t\t\t\n\t\t\t\t\t<\/div>\n\t\t\t\t\t\t\t\t\n<style>\n#image_588686219 {\n  width: 100%;\n}\n<\/style>\n\t<\/div>\n\t\n\n<p>\u20ac19 millions La seule voiture \u00ab\u00a0moderne\u00a0\u00bb dans cette liste. Pendant des ann\u00e9es, la voiture de production la plus rapide du monde avec une vitesse de pointe de 386 km\/h. Si vous aviez achet\u00e9 cette voiture l&rsquo;ann\u00e9e de sa sortie, vous auriez d\u00e9j\u00e0 gagn\u00e9 un joli p\u00e9cule.<\/p>\n<h4>9. Ferrari 275 GTB\/4 NART Spider (1967)<\/h4>\n<p>\u20ac25 millions Un roadster dont seulement dix exemplaires existent.<\/p>\n<h4>10. Ferrari 250 GT SWB California Spider (1961)<\/h4>\n\t<div class=\"img has-hover x md-x lg-x y md-y lg-y\" id=\"image_1491752064\">\n\t\t\t\t\t\t\t\t<div class=\"img-inner dark\" >\n\t\t\t<img loading=\"lazy\" decoding=\"async\" width=\"1000\" height=\"666\" src=\"\/wp-content\/uploads\/2026\/01\/Ferrari-250-GT-SWB-California-Spider-1961-.jpg.jpg\" class=\"attachment-large size-large\" alt=\"Ferrari 250 GT SWB California Spider (1961)\" srcset=\"\/wp-content\/uploads\/2026\/01\/Ferrari-250-GT-SWB-California-Spider-1961-.jpg.jpg 1000w, \/wp-content\/uploads\/2026\/01\/Ferrari-250-GT-SWB-California-Spider-1961-.jpg-300x200.jpg 300w, \/wp-content\/uploads\/2026\/01\/Ferrari-250-GT-SWB-California-Spider-1961-.jpg-768x511.jpg 768w\" sizes=\"auto, (max-width: 1000px) 100vw, 1000px\" \/>\t\t\t\t\t\t\n\t\t\t\t\t<\/div>\n\t\t\t\t\t\t\t\t\n<style>\n#image_1491752064 {\n  width: 100%;\n}\n<\/style>\n\t<\/div>\n\t\n\n<p>\u20ac18 millions Un cabriolet symbole de l&rsquo;\u00e9l\u00e9gance italienne.<\/p>\n<h3>Que Remarque-t-on ? Ferrari et Mercedes Dominent<\/h3>\n<p>Un coup d&rsquo;\u0153il \u00e0 la liste le rend clair : deux marques dominent le top absolu. Ferrari revendique plus de la moiti\u00e9 des positions, tandis que Mercedes occupe les deux premi\u00e8res places.<\/p>\n<p>Ferrari doit sa position au succ\u00e8s sur circuit. Presque chaque Ferrari ch\u00e8re a une histoire qui commence sur la piste. Les victoires au Mans, aux Mille Miglia ou \u00e0 la Carrera Panamericana cr\u00e9ent une valeur historique qui rapporte des millions des d\u00e9cennies plus tard. La marque a d\u00e9lib\u00e9r\u00e9ment construit peu d&rsquo;exemplaires dans les ann\u00e9es &rsquo;50 et &rsquo;60, garantissant la raret\u00e9 aujourd&rsquo;hui.<\/p>\n<p>Mercedes marque des points avec l&rsquo;innovation technique. Les voitures de course Mercedes des ann\u00e9es &rsquo;50 repoussaient les limites de ce qui \u00e9tait techniquement possible. La 300 SLR et la W196 \u00e9taient des chefs-d&rsquo;\u0153uvre d&rsquo;ing\u00e9nierie, avec des innovations que la concurrence ne pouvait \u00e9galer. Ce leadership technique, combin\u00e9 \u00e0 une raret\u00e9 extr\u00eame, cr\u00e9e des prix records.<\/p>\n<p>Les autres marques dans le classement \u2014 Aston Martin, Jaguar, McLaren \u2014 partagent une caract\u00e9ristique commune : une histoire de course unique. Ce ne sont pas seulement des voitures rapides, mais des v\u00e9hicules qui ont \u00e9crit l&rsquo;histoire du sport automobile. Cette connexion \u00e9motionnelle avec les records du pass\u00e9 fait grimper les prix aux ench\u00e8res.<\/p>\n<h2>Quelle Est la Voiture la Plus Ch\u00e8re au Monde Actuellement en Vente ?<\/h2>\n<p>Les classiques aux ench\u00e8res battent des records, mais qu&rsquo;en est-il des voitures neuves ? Quels mod\u00e8les peuvent \u00eatre command\u00e9s aujourd&rsquo;hui avec un ch\u00e8que de plusieurs millions d&rsquo;euros ? Explorons les voitures les plus ch\u00e8res actuellement disponibles dans le monde du luxe automobile.<\/p>\n<h3>Rolls-Royce Boat Tail : 28 Millions d&rsquo;Euros Pour l&rsquo;Exclusivit\u00e9 Pure<\/h3>\n<p>La Rolls-Royce Boat Tail est actuellement la voiture la plus ch\u00e8re neuve du monde. L&rsquo;\u00e9tiquette de prix ? Environ 28 millions d&rsquo;euros. Pour ce montant, vous n&rsquo;obtenez pas un mod\u00e8le standard d&rsquo;un catalogue, mais une cr\u00e9ation enti\u00e8rement personnalis\u00e9e.<\/p>\n<p>Rolls-Royce n&rsquo;a construit que trois exemplaires de la Boat Tail. Chaque voiture a \u00e9t\u00e9 con\u00e7ue en \u00e9troite collaboration avec le futur propri\u00e9taire. De la couleur de la carrosserie \u00e0 la finition de l&rsquo;int\u00e9rieur. Tout est sur mesure.<\/p>\n<p>Qui sont les propri\u00e9taires ? D&rsquo;apr\u00e8s les informations, Jay-Z et Beyonc\u00e9 feraient partie du club exclusif. Les autres acheteurs restent anonymes \u2014 comme il se doit \u00e0 ce niveau de luxe.<\/p>\n<h3>Bugatti La Voiture Noire : La Bugatti de 16,5 Millions d&rsquo;Euros<\/h3>\n\t<div class=\"img has-hover x md-x lg-x y md-y lg-y\" id=\"image_97676041\">\n\t\t\t\t\t\t\t\t<div class=\"img-inner dark\" >\n\t\t\t<img loading=\"lazy\" decoding=\"async\" width=\"1000\" height=\"667\" src=\"\/wp-content\/uploads\/2026\/01\/Bugatti-La-Voiture-Noire-1.jpg-1.jpg\" class=\"attachment-large size-large\" alt=\"La voiture la plus ch\u00e8re au monde aujourd&#039;hui : Bugatti La Voiture Noire\" srcset=\"\/wp-content\/uploads\/2026\/01\/Bugatti-La-Voiture-Noire-1.jpg-1.jpg 1000w, \/wp-content\/uploads\/2026\/01\/Bugatti-La-Voiture-Noire-1.jpg-1-300x200.jpg 300w, \/wp-content\/uploads\/2026\/01\/Bugatti-La-Voiture-Noire-1.jpg-1-768x512.jpg 768w\" sizes=\"auto, (max-width: 1000px) 100vw, 1000px\" \/>\t\t\t\t\t\t\n\t\t\t\t\t<\/div>\n\t\t\t\t\t\t\t\t\n<style>\n#image_97676041 {\n  width: 100%;\n}\n<\/style>\n\t<\/div>\n\t\n\n<p>\u00c0 la deuxi\u00e8me place, nous trouvons la Bugatti La Voiture Noire. Cette voiture noire, litt\u00e9ralement traduite \u00ab\u00a0la rose noire\u00a0\u00bb, co\u00fbtait lors de sa r\u00e9v\u00e9lation en 2019 pas moins de 16,5 millions d&rsquo;euros. C&rsquo;\u00e9tait alors la voiture neuve la plus ch\u00e8re jamais.<\/p>\n<p>La Voiture Noire est un hommage \u00e0 la l\u00e9gendaire Bugatti Type 57 SC Atlantic de 1936. De ce mod\u00e8le, seulement deux exemplaires existent encore, dont un a \u00e9t\u00e9 disparu pendant des d\u00e9cennies. Bugatti a cr\u00e9\u00e9 avec La Voiture Noire une interpr\u00e9tation moderne de ce classique.<\/p>\n<p>Les sp\u00e9cifications sont impressionnantes. Sous le capot se trouve un moteur W16 de 8,0 litres d\u00e9livrant 1.500 chevaux. La vitesse de pointe atteint 420 km\/h. Pourtant, avec ce one-off, il ne s&rsquo;agit pas seulement de performances. Il s&rsquo;agit de la combinaison d&rsquo;histoire, de design et de raret\u00e9 extr\u00eame.<\/p>\n<h3>Autres Voitures Neuves Extr\u00eamement Ch\u00e8res<\/h3>\n<p>Outre les toppers absolus, il existe plus de voitures extr\u00eamement ch\u00e8res sur le march\u00e9. Ces mod\u00e8les combinent des performances d&rsquo;hypercar avec une production limit\u00e9e :<\/p>\n<p>Bugatti Centodieci 8 millions d&rsquo;euros Un hommage \u00e0 la Bugatti EB110 des ann\u00e9es &rsquo;90. Dix exemplaires construits, tous \u00e9puis\u00e9s avant la r\u00e9v\u00e9lation officielle.<\/p>\n<p>Pagani Huayra Codalunga \u20ac7 millions Une version allong\u00e9e de la Huayra avec une \u00e9l\u00e9gante carrosserie \u00ab\u00a0longtail\u00a0\u00bb. Seulement cinq exemplaires produits.<\/p>\n<p>Lamborghini Veneno Roadster \u20ac4,5 millions Un roadster extr\u00eame au design anguleux et 750 chevaux. Neuf exemplaires fabriqu\u00e9s pour la voie publique, plus quelques-uns pour le circuit.<\/p>\n<p>Bugatti Chiron Super Sport 300+ \u20ac3,5 millions La premi\u00e8re voiture de production \u00e0 franchir la barre des 300 mph (483 km\/h). Trente exemplaires construits avec des sp\u00e9cifications impressionnantes qui d\u00e9passent toute autre hypercar.<\/p>\n<h2>Quelle Est la Voiture la Plus Ch\u00e8re en Belgique ?<\/h2>\n<p>La Belgique a une r\u00e9putation particuli\u00e8re dans le monde des voitures exclusives. Notre pays compte remarquablement beaucoup de supercars et hypercars par habitant. Mais quelle est la voiture la plus ch\u00e8re qui roule ici ? Et pourquoi les collectionneurs choisissent-ils souvent une plaque belge ?<\/p>\n<h3>Supercars en Belgique : Que Roule-t-il ?<\/h3>\n<p>Promenez-vous un jour ensoleill\u00e9 \u00e0 Knokke ou Bruxelles et vous les rep\u00e9rerez certainement : Bugattis, Ferraris et Lamborghinis avec plaques belges. Notre pays est un aimant pour les voitures exclusives.<\/p>\n<p>Pour les top collectionneurs en Belgique, la cat\u00e9gorie de prix entre 1 et 5 millions d&rsquo;euros est encore \u00ab\u00a0accessible\u00a0\u00bb. Ce n&rsquo;est qu&rsquo;au-del\u00e0 que cela devient vraiment exclusif. Pensez aux cr\u00e9ations one-off ou aux classiques avec histoire de course qui apparaissent rarement ou jamais sur la voie publique.<\/p>\n<h3>L\u00e9gislation Belge et Voitures de Luxe<\/h3>\n<p>Pourquoi tant de voitures exclusives sont-elles enregistr\u00e9es en Belgique ? La fiscalit\u00e9 joue un r\u00f4le, bien qu&rsquo;elle soit devenue plus stricte ces derni\u00e8res ann\u00e9es.<\/p>\n<p>TMC (Taxe de Mise en Circulation) Lors de la premi\u00e8re immatriculation d&rsquo;une voiture en Belgique, vous payez la TMC. Pour les hypercars avec moteurs puissants, ce montant grimpe rapidement. Une Bugatti Chiron avec 1.500 chevaux ? Comptez une TMC de plus de 100.000 euros en Flandre. Pourtant, cela reste abordable pour les acheteurs de voitures \u00e0 millions par rapport \u00e0 certains pays voisins.<\/p>\n<p>Taxe de circulation annuelle La taxe de circulation annuelle augmente aussi avec la puissance du moteur. Pour une hypercar, vous payez facilement plusieurs milliers d&rsquo;euros par an. Compar\u00e9 \u00e0 des pays comme le Danemark ou les Pays-Bas \u2014 o\u00f9 les taxes d&rsquo;immatriculation peuvent atteindre 150% de la valeur \u2014 la Belgique reste attractive.<\/p>\n<p>Situation favorable La Belgique est situ\u00e9e au centre de l&rsquo;Europe. Les collectionneurs roulent en quelques heures vers le N\u00fcrburgring, Le Mans ou Monaco. Cette combinaison de fiscalit\u00e9 et de localisation explique pourquoi des marques exclusives comme Bentley et Rolls-Royce ont ici une client\u00e8le sup\u00e9rieure \u00e0 la moyenne.<\/p>\n<h2>Du R\u00eave \u00e0 la R\u00e9alit\u00e9 : Que Pouvez-vous R\u00e9ellement Conduire ?<\/h2>\n<p>28 millions d&rsquo;euros pour une Rolls-Royce Boat Tail. 16,5 millions pour une Bugatti La Voiture Noire. Des montants dont la plupart des gens ne peuvent que r\u00eaver. Et honn\u00eatement ? Ces voitures, vous ne les aurez probablement jamais dans votre garage.<\/p>\n<p>Mais est-ce que cela signifie que le plaisir de conduire est inaccessible ? Absolument pas.<\/p>\n<p>Une voiture fiable de top qualit\u00e9 ne doit pas co\u00fbter une fortune. Mieux encore : la plupart des passionn\u00e9s d&rsquo;automobile tirent autant de satisfaction d&rsquo;une voiture d&rsquo;occasion bien entretenue que les collectionneurs de leurs exemplaires \u00e0 millions. La diff\u00e9rence ? Vous pouvez r\u00e9ellement rouler avec \u2014 chaque jour, sans vous soucier de la d\u00e9pr\u00e9ciation.<\/p>\n<p>Les <a class=\"underline underline underline-offset-2 decoration-1 decoration-current\/40 hover:decoration-current focus:decoration-current\" href=\"https:\/\/carselect.touring.be\/fr\/blog\/marque-de-voiture-populaire-en-belgique-2025-top-10-et-tendances\/\" target=\"_blank\" rel=\"noopener noreferrer\">marques automobiles les plus populaires<\/a> du moment combinent fiabilit\u00e9 et plaisir de conduite. De la pr\u00e9cision allemande \u00e0 la solidit\u00e9 japonaise : il y a pour chaque budget une voiture qui correspond \u00e0 vos souhaits.<\/p>\n<p>R\u00eavez librement de Ferraris et de Bugattis. Mais lorsque vous \u00eates pr\u00eat \u00e0 embrasser la r\u00e9alit\u00e9, vous trouverez chez nous une large offre de voitures d&rsquo;occasion de qualit\u00e9 \u2014 soigneusement contr\u00f4l\u00e9es et pr\u00eates pour la route.<\/p>\n<p>Vous cherchez votre prochaine voiture ? D\u00e9couvrez l&rsquo;offre sur <a href=\"https:\/\/carselect.touring.be\/fr\/acheter-une-voiture\/\" target=\"_blank\" rel=\"noopener noreferrer\">carselect.touring.be<\/a> \u2014 pas besoin d&rsquo;un budget de millions, mais la m\u00eame passion pour le plaisir de conduire.<\/p>\n<h2>Questions Fr\u00e9quentes sur la Voiture la Plus Ch\u00e8re au Monde<\/h2>\n<h3>Combien Co\u00fbte la Voiture la Plus Ch\u00e8re au Monde ?<\/h3>\n<p>La voiture la plus ch\u00e8re au monde jamais vendue est la Mercedes-Benz 300 SLR Uhlenhaut Coup\u00e9. Cet exemplaire a chang\u00e9 de propri\u00e9taire en mai 2022 pour 135 millions d&rsquo;euros \u2014 le montant le plus \u00e9lev\u00e9 jamais pay\u00e9 pour une voiture aux ench\u00e8res.<\/p>\n<h3>Quelle Est la Voiture la Plus Ch\u00e8re au Monde en 2025 ?<\/h3>\n<p>Parmi les voitures neuves, la Rolls-Royce Boat Tail est actuellement la plus ch\u00e8re. L&rsquo;\u00e9tiquette de prix s&rsquo;\u00e9l\u00e8ve \u00e0 environ 28 millions d&rsquo;euros. Seulement trois exemplaires ont \u00e9t\u00e9 construits, chacun enti\u00e8rement sur mesure pour le propri\u00e9taire.<\/p>\n<h3>Qui Est le Propri\u00e9taire de la Voiture la Plus Ch\u00e8re au Monde ?<\/h3>\n<p>L&rsquo;acheteur de la Mercedes-Benz 300 SLR Uhlenhaut Coup\u00e9 reste anonyme. La voiture fait partie d&rsquo;une collection priv\u00e9e, mais est pr\u00eat\u00e9e au mus\u00e9e Mercedes-Benz pour que le public puisse admirer cette l\u00e9gende.<\/p>\n<h3>Quel Est le Prix d&rsquo;une Bugatti ?<\/h3>\n<p>Une Bugatti Chiron commence \u00e0 partir de 2,9 millions d&rsquo;euros. L&rsquo;exclusive Bugatti La Voiture Noire \u2014 un one-off \u2014 co\u00fbtait 16,5 millions d&rsquo;euros. D&rsquo;autres mod\u00e8les comme le Bugatti Centodieci ont une \u00e9tiquette de prix de 8 millions d&rsquo;euros.<\/p>\n<h3>Quelles Sont les 10 Voitures les Plus Ch\u00e8res au Monde ?<\/h3>\n<p>Le top 10 des voitures les plus ch\u00e8res jamais vendues se compose principalement de Ferraris classiques, de mod\u00e8les Mercedes et de bolides de course rares. Les prix varient entre 19 et 135 millions d&rsquo;euros. Ferrari et Mercedes dominent la liste gr\u00e2ce \u00e0 leur valeur historique et leur raret\u00e9 extr\u00eame.<\/p>\n<h3>Pourquoi Certaines Voitures Sont-elles Si Extr\u00eamement Ch\u00e8res ?<\/h3>\n<p>La raret\u00e9, la valeur historique, le savoir-faire et le prestige de la marque d\u00e9terminent ensemble le prix des voitures extr\u00eamement ch\u00e8res. Moins il y a d&rsquo;exemplaires construits, plus la valeur est \u00e9lev\u00e9e. Une riche histoire de course ou un lien avec des pilotes l\u00e9gendaires augmente encore le prix.<\/p>\n\n\t\t<\/div>\n\t\t\t\t\t<\/div>\n\n\t\n\n\t<div id=\"col-2129897649\" class=\"col medium-4 small-12 large-4\"  >\n\t\t\t\t<div class=\"col-inner\"  >\n\t\t\t\n\t\t\t\n\n\n  \n    <div class=\"row large-columns-1 medium-columns-1 small-columns-1\" >\n  <div class=\"col post-item\" >\n\t\t\t<div class=\"col-inner\">\n\t\t\t\t<div class=\"box box-normal box-text-bottom box-blog-post has-hover\">\n            \t\t\t\t\t<div class=\"box-image\" >\n  \t\t\t\t\t\t<div class=\"image-cover\" style=\"padding-top:56.25%;\">\n\t\t\t\t\t\t\t<a href=\"https:\/\/carselect.touring.be\/fr\/blog\/numero-chassis-voiture-verification-occasion\/\" class=\"plain\" aria-label=\"Rechercher le Num\u00e9ro de Ch\u00e2ssis Voiture : Comment V\u00e9rifier l&rsquo;Honn\u00eatet\u00e9 d&rsquo;une Occasion\">\n\t\t\t\t\t\t\t\t<img loading=\"lazy\" decoding=\"async\" width=\"300\" height=\"199\" src=\"\/wp-content\/uploads\/2026\/03\/Numero-de-Chassis-Voiture-300x199.jpg\" class=\"attachment-medium size-medium wp-post-image\" alt=\"Num\u00e9ro de Ch\u00e2ssis Voiture\" srcset=\"\/wp-content\/uploads\/2026\/03\/Numero-de-Chassis-Voiture-300x199.jpg 300w, \/wp-content\/uploads\/2026\/03\/Numero-de-Chassis-Voiture-768x510.jpg 768w, \/wp-content\/uploads\/2026\/03\/Numero-de-Chassis-Voiture.jpg 1000w\" sizes=\"auto, (max-width: 300px) 100vw, 300px\" \/>\t\t\t\t\t\t\t<\/a>\n  \t\t\t\t\t\t\t  \t\t\t\t\t\t\t  \t\t\t\t\t\t<\/div>\n  \t\t\t\t\t\t  \t\t\t\t\t<\/div>\n          \t\t\t\t\t<div class=\"box-text text-left\" >\n\t\t\t\t\t<div class=\"box-text-inner blog-post-inner\">\n\n\t\t\t\t\t\n\t\t\t\t\t\t\t\t\t\t<h5 class=\"post-title is-large \">\n\t\t\t\t\t\t<a href=\"https:\/\/carselect.touring.be\/fr\/blog\/numero-chassis-voiture-verification-occasion\/\" class=\"plain\">Rechercher le Num\u00e9ro de Ch\u00e2ssis Voiture : Comment V\u00e9rifier l&rsquo;Honn\u00eatet\u00e9 d&rsquo;une Occasion<\/a>\n\t\t\t\t\t<\/h5>\n\t\t\t\t\t\t\t\t\t\t<div class=\"is-divider\"><\/div>\n\t\t\t\t\t\t\t\t\t\t<p class=\"from_the_blog_excerpt \">\n\t\t\t\t\t\tNum\u00e9ro de ch\u00e2ssis voiture en Belgique ? D\u00e9couvrez ce que le VIN r\u00e9v\u00e8le, o\u00f9 le [...]\t\t\t\t\t<\/p>\n\t\t\t\t\t                    \n\t\t\t\t\t\n\t\t\t\t\t\n\t\t\t\t\t<\/div>\n\t\t\t\t\t<\/div>\n\t\t\t\t\t\t\t\t\t<\/div>\n\t\t\t<\/div>\n\t\t<\/div><div class=\"col post-item\" >\n\t\t\t<div class=\"col-inner\">\n\t\t\t\t<div class=\"box box-normal box-text-bottom box-blog-post has-hover\">\n            \t\t\t\t\t<div class=\"box-image\" >\n  \t\t\t\t\t\t<div class=\"image-cover\" style=\"padding-top:56.25%;\">\n\t\t\t\t\t\t\t<a href=\"https:\/\/carselect.touring.be\/fr\/blog\/prix-controle-technique-belgique\/\" class=\"plain\" aria-label=\"Prix Contr\u00f4le Technique en Belgique : Tous les Tarifs en Un Coup d&rsquo;\u0152il\">\n\t\t\t\t\t\t\t\t<img loading=\"lazy\" decoding=\"async\" width=\"300\" height=\"200\" src=\"\/wp-content\/uploads\/2026\/03\/prix-controle-technique-300x200.jpg\" class=\"attachment-medium size-medium wp-post-image\" alt=\"prix controle technique\" srcset=\"\/wp-content\/uploads\/2026\/03\/prix-controle-technique-300x200.jpg 300w, \/wp-content\/uploads\/2026\/03\/prix-controle-technique-768x512.jpg 768w, \/wp-content\/uploads\/2026\/03\/prix-controle-technique.jpg 1000w\" sizes=\"auto, (max-width: 300px) 100vw, 300px\" \/>\t\t\t\t\t\t\t<\/a>\n  \t\t\t\t\t\t\t  \t\t\t\t\t\t\t  \t\t\t\t\t\t<\/div>\n  \t\t\t\t\t\t  \t\t\t\t\t<\/div>\n          \t\t\t\t\t<div class=\"box-text text-left\" >\n\t\t\t\t\t<div class=\"box-text-inner blog-post-inner\">\n\n\t\t\t\t\t\n\t\t\t\t\t\t\t\t\t\t<h5 class=\"post-title is-large \">\n\t\t\t\t\t\t<a href=\"https:\/\/carselect.touring.be\/fr\/blog\/prix-controle-technique-belgique\/\" class=\"plain\">Prix Contr\u00f4le Technique en Belgique : Tous les Tarifs en Un Coup d&rsquo;\u0152il<\/a>\n\t\t\t\t\t<\/h5>\n\t\t\t\t\t\t\t\t\t\t<div class=\"is-divider\"><\/div>\n\t\t\t\t\t\t\t\t\t\t<p class=\"from_the_blog_excerpt \">\n\t\t\t\t\t\tPrix contr\u00f4le technique Belgique 2026 : d\u00e9couvrez tous les tarifs officiels pour essence, diesel, contr\u00f4le [...]\t\t\t\t\t<\/p>\n\t\t\t\t\t                    \n\t\t\t\t\t\n\t\t\t\t\t\n\t\t\t\t\t<\/div>\n\t\t\t\t\t<\/div>\n\t\t\t\t\t\t\t\t\t<\/div>\n\t\t\t<\/div>\n\t\t<\/div><div class=\"col post-item\" >\n\t\t\t<div class=\"col-inner\">\n\t\t\t\t<div class=\"box box-normal box-text-bottom box-blog-post has-hover\">\n            \t\t\t\t\t<div class=\"box-image\" >\n  \t\t\t\t\t\t<div class=\"image-cover\" style=\"padding-top:56.25%;\">\n\t\t\t\t\t\t\t<a href=\"https:\/\/carselect.touring.be\/fr\/blog\/covering-voiture-belgique-prix-legalite\/\" class=\"plain\" aria-label=\"Covering Voiture : Du R\u00eave Mat \u00e0 la R\u00e9alit\u00e9 Brillante, Comment \u00e7a Marche en Belgique\">\n\t\t\t\t\t\t\t\t<img loading=\"lazy\" decoding=\"async\" width=\"300\" height=\"200\" src=\"\/wp-content\/uploads\/2026\/03\/covering-voiture-header-300x200.jpg\" class=\"attachment-medium size-medium wp-post-image\" alt=\"covering voiture\" srcset=\"\/wp-content\/uploads\/2026\/03\/covering-voiture-header-300x200.jpg 300w, \/wp-content\/uploads\/2026\/03\/covering-voiture-header-768x512.jpg 768w, \/wp-content\/uploads\/2026\/03\/covering-voiture-header.jpg 1000w\" sizes=\"auto, (max-width: 300px) 100vw, 300px\" \/>\t\t\t\t\t\t\t<\/a>\n  \t\t\t\t\t\t\t  \t\t\t\t\t\t\t  \t\t\t\t\t\t<\/div>\n  \t\t\t\t\t\t  \t\t\t\t\t<\/div>\n          \t\t\t\t\t<div class=\"box-text text-left\" >\n\t\t\t\t\t<div class=\"box-text-inner blog-post-inner\">\n\n\t\t\t\t\t\n\t\t\t\t\t\t\t\t\t\t<h5 class=\"post-title is-large \">\n\t\t\t\t\t\t<a href=\"https:\/\/carselect.touring.be\/fr\/blog\/covering-voiture-belgique-prix-legalite\/\" class=\"plain\">Covering Voiture : Du R\u00eave Mat \u00e0 la R\u00e9alit\u00e9 Brillante, Comment \u00e7a Marche en Belgique<\/a>\n\t\t\t\t\t<\/h5>\n\t\t\t\t\t\t\t\t\t\t<div class=\"is-divider\"><\/div>\n\t\t\t\t\t\t\t\t\t\t<p class=\"from_the_blog_excerpt \">\n\t\t\t\t\t\tD\u00e9couvrez comment le covering voiture peut transformer votre v\u00e9hicule en un mod\u00e8le unique et styl\u00e9. [...]\t\t\t\t\t<\/p>\n\t\t\t\t\t                    \n\t\t\t\t\t\n\t\t\t\t\t\n\t\t\t\t\t<\/div>\n\t\t\t\t\t<\/div>\n\t\t\t\t\t\t\t\t\t<\/div>\n\t\t\t<\/div>\n\t\t<\/div><div class=\"col post-item\" >\n\t\t\t<div class=\"col-inner\">\n\t\t\t\t<div class=\"box box-normal box-text-bottom box-blog-post has-hover\">\n            \t\t\t\t\t<div class=\"box-image\" >\n  \t\t\t\t\t\t<div class=\"image-cover\" style=\"padding-top:56.25%;\">\n\t\t\t\t\t\t\t<a href=\"https:\/\/carselect.touring.be\/fr\/blog\/plaque-personnalisee-en-belgique\/\" class=\"plain\" aria-label=\"Plaque Personnalis\u00e9e Belgique : R\u00e8gles, Co\u00fbts et Comment en Faire la Demande\">\n\t\t\t\t\t\t\t\t<img loading=\"lazy\" decoding=\"async\" width=\"300\" height=\"200\" src=\"\/wp-content\/uploads\/2026\/03\/plaque-personnalisee-belgique-300x200.png\" class=\"attachment-medium size-medium wp-post-image\" alt=\"plaque personnalis\u00e9e belgique\" srcset=\"\/wp-content\/uploads\/2026\/03\/plaque-personnalisee-belgique-300x200.png 300w, \/wp-content\/uploads\/2026\/03\/plaque-personnalisee-belgique-1024x683.png 1024w, \/wp-content\/uploads\/2026\/03\/plaque-personnalisee-belgique-768x512.png 768w, \/wp-content\/uploads\/2026\/03\/plaque-personnalisee-belgique.png 1536w\" sizes=\"auto, (max-width: 300px) 100vw, 300px\" \/>\t\t\t\t\t\t\t<\/a>\n  \t\t\t\t\t\t\t  \t\t\t\t\t\t\t  \t\t\t\t\t\t<\/div>\n  \t\t\t\t\t\t  \t\t\t\t\t<\/div>\n          \t\t\t\t\t<div class=\"box-text text-left\" >\n\t\t\t\t\t<div class=\"box-text-inner blog-post-inner\">\n\n\t\t\t\t\t\n\t\t\t\t\t\t\t\t\t\t<h5 class=\"post-title is-large \">\n\t\t\t\t\t\t<a href=\"https:\/\/carselect.touring.be\/fr\/blog\/plaque-personnalisee-en-belgique\/\" class=\"plain\">Plaque Personnalis\u00e9e Belgique : R\u00e8gles, Co\u00fbts et Comment en Faire la Demande<\/a>\n\t\t\t\t\t<\/h5>\n\t\t\t\t\t\t\t\t\t\t<div class=\"is-divider\"><\/div>\n\t\t\t\t\t\t\t\t\t\t<p class=\"from_the_blog_excerpt \">\n\t\t\t\t\t\tCr\u00e9ez une plaque personnalis\u00e9e en Belgique pour afficher votre style unique sur la route. D\u00e9couvrez [...]\t\t\t\t\t<\/p>\n\t\t\t\t\t                    \n\t\t\t\t\t\n\t\t\t\t\t\n\t\t\t\t\t<\/div>\n\t\t\t\t\t<\/div>\n\t\t\t\t\t\t\t\t\t<\/div>\n\t\t\t<\/div>\n\t\t<\/div><div class=\"col post-item\" >\n\t\t\t<div class=\"col-inner\">\n\t\t\t\t<div class=\"box box-normal box-text-bottom box-blog-post has-hover\">\n            \t\t\t\t\t<div class=\"box-image\" >\n  \t\t\t\t\t\t<div class=\"image-cover\" style=\"padding-top:56.25%;\">\n\t\t\t\t\t\t\t<a href=\"https:\/\/carselect.touring.be\/fr\/blog\/plaque-immatriculation-belgique-regles-couts\/\" class=\"plain\" aria-label=\"Plaque d&rsquo;Immatriculation en Belgique : R\u00e8gles, Co\u00fbts et Ce Qu&rsquo;il Faut Retenir\">\n\t\t\t\t\t\t\t\t<img loading=\"lazy\" decoding=\"async\" width=\"300\" height=\"225\" src=\"\/wp-content\/uploads\/2026\/02\/plaque-dimmatriculation-header-300x225.jpg\" class=\"attachment-medium size-medium wp-post-image\" alt=\"plaque d&#039;immatriculation\" srcset=\"\/wp-content\/uploads\/2026\/02\/plaque-dimmatriculation-header-300x225.jpg 300w, \/wp-content\/uploads\/2026\/02\/plaque-dimmatriculation-header-1024x768.jpg 1024w, \/wp-content\/uploads\/2026\/02\/plaque-dimmatriculation-header-768x576.jpg 768w, \/wp-content\/uploads\/2026\/02\/plaque-dimmatriculation-header.jpg 1184w\" sizes=\"auto, (max-width: 300px) 100vw, 300px\" \/>\t\t\t\t\t\t\t<\/a>\n  \t\t\t\t\t\t\t  \t\t\t\t\t\t\t  \t\t\t\t\t\t<\/div>\n  \t\t\t\t\t\t  \t\t\t\t\t<\/div>\n          \t\t\t\t\t<div class=\"box-text text-left\" >\n\t\t\t\t\t<div class=\"box-text-inner blog-post-inner\">\n\n\t\t\t\t\t\n\t\t\t\t\t\t\t\t\t\t<h5 class=\"post-title is-large \">\n\t\t\t\t\t\t<a href=\"https:\/\/carselect.touring.be\/fr\/blog\/plaque-immatriculation-belgique-regles-couts\/\" class=\"plain\">Plaque d&rsquo;Immatriculation en Belgique : R\u00e8gles, Co\u00fbts et Ce Qu&rsquo;il Faut Retenir<\/a>\n\t\t\t\t\t<\/h5>\n\t\t\t\t\t\t\t\t\t\t<div class=\"is-divider\"><\/div>\n\t\t\t\t\t\t\t\t\t\t<p class=\"from_the_blog_excerpt \">\n\t\t\t\t\t\tPlaque d'immatriculation en Belgique : r\u00e8gles, co\u00fbts (\u20ac30), demande via DIV, garder ancienne plaque ou [...]\t\t\t\t\t<\/p>\n\t\t\t\t\t                    \n\t\t\t\t\t\n\t\t\t\t\t\n\t\t\t\t\t<\/div>\n\t\t\t\t\t<\/div>\n\t\t\t\t\t\t\t\t\t<\/div>\n\t\t\t<\/div>\n\t\t<\/div><div class=\"col post-item\" >\n\t\t\t<div class=\"col-inner\">\n\t\t\t\t<div class=\"box box-normal box-text-bottom box-blog-post has-hover\">\n            \t\t\t\t\t<div class=\"box-image\" >\n  \t\t\t\t\t\t<div class=\"image-cover\" style=\"padding-top:56.25%;\">\n\t\t\t\t\t\t\t<a href=\"https:\/\/carselect.touring.be\/fr\/blog\/radier-plaque-immatriculation-ou-transferer\/\" class=\"plain\" aria-label=\"Transf\u00e9rer ou radier plaque immatriculation : \u00c9vitez ces erreurs fr\u00e9quentes\">\n\t\t\t\t\t\t\t\t<img loading=\"lazy\" decoding=\"async\" width=\"300\" height=\"181\" src=\"\/wp-content\/uploads\/2026\/02\/radier-plaque-immatriculation-header-300x181.jpeg\" class=\"attachment-medium size-medium wp-post-image\" alt=\"radier plaque immatriculation\" srcset=\"\/wp-content\/uploads\/2026\/02\/radier-plaque-immatriculation-header-300x181.jpeg 300w, \/wp-content\/uploads\/2026\/02\/radier-plaque-immatriculation-header-768x462.jpeg 768w, \/wp-content\/uploads\/2026\/02\/radier-plaque-immatriculation-header.jpeg 1000w\" sizes=\"auto, (max-width: 300px) 100vw, 300px\" \/>\t\t\t\t\t\t\t<\/a>\n  \t\t\t\t\t\t\t  \t\t\t\t\t\t\t  \t\t\t\t\t\t<\/div>\n  \t\t\t\t\t\t  \t\t\t\t\t<\/div>\n          \t\t\t\t\t<div class=\"box-text text-left\" >\n\t\t\t\t\t<div class=\"box-text-inner blog-post-inner\">\n\n\t\t\t\t\t\n\t\t\t\t\t\t\t\t\t\t<h5 class=\"post-title is-large \">\n\t\t\t\t\t\t<a href=\"https:\/\/carselect.touring.be\/fr\/blog\/radier-plaque-immatriculation-ou-transferer\/\" class=\"plain\">Transf\u00e9rer ou radier plaque immatriculation : \u00c9vitez ces erreurs fr\u00e9quentes<\/a>\n\t\t\t\t\t<\/h5>\n\t\t\t\t\t\t\t\t\t\t<div class=\"is-divider\"><\/div>\n\t\t\t\t\t\t\t\t\t\t<p class=\"from_the_blog_excerpt \">\n\t\t\t\t\t\tD\u00e9couvrez comment radier une plaque immatriculation avec notre guide pratique et les \u00e9tapes essentielles \u00e0 [...]\t\t\t\t\t<\/p>\n\t\t\t\t\t                    \n\t\t\t\t\t\n\t\t\t\t\t\n\t\t\t\t\t<\/div>\n\t\t\t\t\t<\/div>\n\t\t\t\t\t\t\t\t\t<\/div>\n\t\t\t<\/div>\n\t\t<\/div><div class=\"col post-item\" >\n\t\t\t<div class=\"col-inner\">\n\t\t\t\t<div class=\"box box-normal box-text-bottom box-blog-post has-hover\">\n            \t\t\t\t\t<div class=\"box-image\" >\n  \t\t\t\t\t\t<div class=\"image-cover\" style=\"padding-top:56.25%;\">\n\t\t\t\t\t\t\t<a href=\"https:\/\/carselect.touring.be\/fr\/blog\/valeur-catalogue-voiture-comprendre-pourquoi-cest-important\/\" class=\"plain\" aria-label=\"Valeur Catalogue Voiture : Qu&rsquo;est-ce que c&rsquo;est, Comment la rechercher et pourquoi reste-t-elle importante m\u00eame pour l&rsquo;occasion ?\">\n\t\t\t\t\t\t\t\t<img loading=\"lazy\" decoding=\"async\" width=\"300\" height=\"200\" src=\"\/wp-content\/uploads\/2026\/01\/valeur-catalogue-voiture-header-300x200.jpg\" class=\"attachment-medium size-medium wp-post-image\" alt=\"Valeur Catalogue Voiture\" srcset=\"\/wp-content\/uploads\/2026\/01\/valeur-catalogue-voiture-header-300x200.jpg 300w, \/wp-content\/uploads\/2026\/01\/valeur-catalogue-voiture-header-768x512.jpg 768w, \/wp-content\/uploads\/2026\/01\/valeur-catalogue-voiture-header.jpg 1000w\" sizes=\"auto, (max-width: 300px) 100vw, 300px\" \/>\t\t\t\t\t\t\t<\/a>\n  \t\t\t\t\t\t\t  \t\t\t\t\t\t\t  \t\t\t\t\t\t<\/div>\n  \t\t\t\t\t\t  \t\t\t\t\t<\/div>\n          \t\t\t\t\t<div class=\"box-text text-left\" >\n\t\t\t\t\t<div class=\"box-text-inner blog-post-inner\">\n\n\t\t\t\t\t\n\t\t\t\t\t\t\t\t\t\t<h5 class=\"post-title is-large \">\n\t\t\t\t\t\t<a href=\"https:\/\/carselect.touring.be\/fr\/blog\/valeur-catalogue-voiture-comprendre-pourquoi-cest-important\/\" class=\"plain\">Valeur Catalogue Voiture : Qu&rsquo;est-ce que c&rsquo;est, Comment la rechercher et pourquoi reste-t-elle importante m\u00eame pour l&rsquo;occasion ?<\/a>\n\t\t\t\t\t<\/h5>\n\t\t\t\t\t\t\t\t\t\t<div class=\"is-divider\"><\/div>\n\t\t\t\t\t\t\t\t\t\t<p class=\"from_the_blog_excerpt \">\n\t\t\t\t\t\tD\u00e9couvrez ce que signifie la valeur catalogue d'une voiture pour votre achat. Faites un choix [...]\t\t\t\t\t<\/p>\n\t\t\t\t\t                    \n\t\t\t\t\t\n\t\t\t\t\t\n\t\t\t\t\t<\/div>\n\t\t\t\t\t<\/div>\n\t\t\t\t\t\t\t\t\t<\/div>\n\t\t\t<\/div>\n\t\t<\/div><div class=\"col post-item\" >\n\t\t\t<div class=\"col-inner\">\n\t\t\t\t<div class=\"box box-normal box-text-bottom box-blog-post has-hover\">\n            \t\t\t\t\t<div class=\"box-image\" >\n  \t\t\t\t\t\t<div class=\"image-cover\" style=\"padding-top:56.25%;\">\n\t\t\t\t\t\t\t<a href=\"https:\/\/carselect.touring.be\/fr\/blog\/la-voiture-la-plus-chere-du-monde-prix-et-pourquoi-elle-est-exceptionnelle\/\" class=\"plain\" aria-label=\"La Voiture la Plus Ch\u00e8re au Monde : Prix et Caract\u00e9ristiques\">\n\t\t\t\t\t\t\t\t<img loading=\"lazy\" decoding=\"async\" width=\"300\" height=\"187\" src=\"\/wp-content\/uploads\/2026\/01\/la-voiture-la-plus-chere-au-monde.jpg-300x187.jpg\" class=\"attachment-medium size-medium wp-post-image\" alt=\"La Voiture la Plus Ch\u00e8re au Monde\" srcset=\"\/wp-content\/uploads\/2026\/01\/la-voiture-la-plus-chere-au-monde.jpg-300x187.jpg 300w, \/wp-content\/uploads\/2026\/01\/la-voiture-la-plus-chere-au-monde.jpg-768x479.jpg 768w, \/wp-content\/uploads\/2026\/01\/la-voiture-la-plus-chere-au-monde.jpg.jpg 1000w\" sizes=\"auto, (max-width: 300px) 100vw, 300px\" \/>\t\t\t\t\t\t\t<\/a>\n  \t\t\t\t\t\t\t  \t\t\t\t\t\t\t  \t\t\t\t\t\t<\/div>\n  \t\t\t\t\t\t  \t\t\t\t\t<\/div>\n          \t\t\t\t\t<div class=\"box-text text-left\" >\n\t\t\t\t\t<div class=\"box-text-inner blog-post-inner\">\n\n\t\t\t\t\t\n\t\t\t\t\t\t\t\t\t\t<h5 class=\"post-title is-large \">\n\t\t\t\t\t\t<a href=\"https:\/\/carselect.touring.be\/fr\/blog\/la-voiture-la-plus-chere-du-monde-prix-et-pourquoi-elle-est-exceptionnelle\/\" class=\"plain\">La Voiture la Plus Ch\u00e8re au Monde : Prix et Caract\u00e9ristiques<\/a>\n\t\t\t\t\t<\/h5>\n\t\t\t\t\t\t\t\t\t\t<div class=\"is-divider\"><\/div>\n\t\t\t\t\t\t\t\t\t\t<p class=\"from_the_blog_excerpt \">\n\t\t\t\t\t\tQuelle est la voiture la plus ch\u00e8re au monde ? D\u00e9couvrez le record de 142 [...]\t\t\t\t\t<\/p>\n\t\t\t\t\t                    \n\t\t\t\t\t\n\t\t\t\t\t\n\t\t\t\t\t<\/div>\n\t\t\t\t\t<\/div>\n\t\t\t\t\t\t\t\t\t<\/div>\n\t\t\t<\/div>\n\t\t<\/div><div class=\"col post-item\" >\n\t\t\t<div class=\"col-inner\">\n\t\t\t\t<div class=\"box box-normal box-text-bottom box-blog-post has-hover\">\n            \t\t\t\t\t<div class=\"box-image\" >\n  \t\t\t\t\t\t<div class=\"image-cover\" style=\"padding-top:56.25%;\">\n\t\t\t\t\t\t\t<a href=\"https:\/\/carselect.touring.be\/fr\/blog\/qu-est-ce-que-l-aquaplanage-comment-le-reconnaitre-et-que-faire\/\" class=\"plain\" aria-label=\"Aquaplanage : Ce que c&rsquo;est, comment le reconna\u00eetre et quoi (ne pas) faire\">\n\t\t\t\t\t\t\t\t<img loading=\"lazy\" decoding=\"async\" width=\"300\" height=\"200\" src=\"\/wp-content\/uploads\/2026\/01\/aquaplanage-header-300x200.jpg\" class=\"attachment-medium size-medium wp-post-image\" alt=\"aquaplanage\" srcset=\"\/wp-content\/uploads\/2026\/01\/aquaplanage-header-300x200.jpg 300w, \/wp-content\/uploads\/2026\/01\/aquaplanage-header-768x512.jpg 768w, \/wp-content\/uploads\/2026\/01\/aquaplanage-header.jpg 1000w\" sizes=\"auto, (max-width: 300px) 100vw, 300px\" \/>\t\t\t\t\t\t\t<\/a>\n  \t\t\t\t\t\t\t  \t\t\t\t\t\t\t  \t\t\t\t\t\t<\/div>\n  \t\t\t\t\t\t  \t\t\t\t\t<\/div>\n          \t\t\t\t\t<div class=\"box-text text-left\" >\n\t\t\t\t\t<div class=\"box-text-inner blog-post-inner\">\n\n\t\t\t\t\t\n\t\t\t\t\t\t\t\t\t\t<h5 class=\"post-title is-large \">\n\t\t\t\t\t\t<a href=\"https:\/\/carselect.touring.be\/fr\/blog\/qu-est-ce-que-l-aquaplanage-comment-le-reconnaitre-et-que-faire\/\" class=\"plain\">Aquaplanage : Ce que c&rsquo;est, comment le reconna\u00eetre et quoi (ne pas) faire<\/a>\n\t\t\t\t\t<\/h5>\n\t\t\t\t\t\t\t\t\t\t<div class=\"is-divider\"><\/div>\n\t\t\t\t\t\t\t\t\t\t<p class=\"from_the_blog_excerpt \">\n\t\t\t\t\t\tD\u00e9couvrez comment pr\u00e9venir l'aquaplanage et r\u00e9agir en toute s\u00e9curit\u00e9 face aux situations dangereuses sur la [...]\t\t\t\t\t<\/p>\n\t\t\t\t\t                    \n\t\t\t\t\t\n\t\t\t\t\t\n\t\t\t\t\t<\/div>\n\t\t\t\t\t<\/div>\n\t\t\t\t\t\t\t\t\t<\/div>\n\t\t\t<\/div>\n\t\t<\/div><div class=\"col post-item\" >\n\t\t\t<div class=\"col-inner\">\n\t\t\t\t<div class=\"box box-normal box-text-bottom box-blog-post has-hover\">\n            \t\t\t\t\t<div class=\"box-image\" >\n  \t\t\t\t\t\t<div class=\"image-cover\" style=\"padding-top:56.25%;\">\n\t\t\t\t\t\t\t<a href=\"https:\/\/carselect.touring.be\/fr\/blog\/installer-attelage-belgique-legislation-prix-montage\/\" class=\"plain\" aria-label=\"Installer un attelage en Belgique ? Voici ce qu&rsquo;il faut savoir avant de commencer (l\u00e9gislation, co\u00fbts, montage)\">\n\t\t\t\t\t\t\t\t<img loading=\"lazy\" decoding=\"async\" width=\"300\" height=\"200\" src=\"\/wp-content\/uploads\/2026\/01\/attelage-header-300x200.jpg\" class=\"attachment-medium size-medium wp-post-image\" alt=\"attelage\" srcset=\"\/wp-content\/uploads\/2026\/01\/attelage-header-300x200.jpg 300w, \/wp-content\/uploads\/2026\/01\/attelage-header-768x512.jpg 768w, \/wp-content\/uploads\/2026\/01\/attelage-header.jpg 1000w\" sizes=\"auto, (max-width: 300px) 100vw, 300px\" \/>\t\t\t\t\t\t\t<\/a>\n  \t\t\t\t\t\t\t  \t\t\t\t\t\t\t  \t\t\t\t\t\t<\/div>\n  \t\t\t\t\t\t  \t\t\t\t\t<\/div>\n          \t\t\t\t\t<div class=\"box-text text-left\" >\n\t\t\t\t\t<div class=\"box-text-inner blog-post-inner\">\n\n\t\t\t\t\t\n\t\t\t\t\t\t\t\t\t\t<h5 class=\"post-title is-large \">\n\t\t\t\t\t\t<a href=\"https:\/\/carselect.touring.be\/fr\/blog\/installer-attelage-belgique-legislation-prix-montage\/\" class=\"plain\">Installer un attelage en Belgique ? Voici ce qu&rsquo;il faut savoir avant de commencer (l\u00e9gislation, co\u00fbts, montage)<\/a>\n\t\t\t\t\t<\/h5>\n\t\t\t\t\t\t\t\t\t\t<div class=\"is-divider\"><\/div>\n\t\t\t\t\t\t\t\t\t\t<p class=\"from_the_blog_excerpt \">\n\t\t\t\t\t\tInstaller attelage en Belgique ? L\u00e9gislation, co\u00fbts \u20ac450\u2013\u20ac1.200, types et contr\u00f4le obligatoire. Conseils voitures \u00e9lectriques [...]\t\t\t\t\t<\/p>\n\t\t\t\t\t                    \n\t\t\t\t\t\n\t\t\t\t\t\n\t\t\t\t\t<\/div>\n\t\t\t\t\t<\/div>\n\t\t\t\t\t\t\t\t\t<\/div>\n\t\t\t<\/div>\n\t\t<\/div><div class=\"col post-item\" >\n\t\t\t<div class=\"col-inner\">\n\t\t\t\t<div class=\"box box-normal box-text-bottom box-blog-post has-hover\">\n            \t\t\t\t\t<div class=\"box-image\" >\n  \t\t\t\t\t\t<div class=\"image-cover\" style=\"padding-top:56.25%;\">\n\t\t\t\t\t\t\t<a href=\"https:\/\/carselect.touring.be\/fr\/blog\/vignette-crit-air-france-zones-a-faibles-emissions-expliquees-pour-les-conducteurs-belges\/\" class=\"plain\" aria-label=\"Vignette Crit Air France : zones \u00e0 faibles \u00e9missions expliqu\u00e9es pour les conducteurs belges\">\n\t\t\t\t\t\t\t\t<img loading=\"lazy\" decoding=\"async\" width=\"300\" height=\"199\" src=\"\/wp-content\/uploads\/2025\/12\/vignette-crit-air-france\u200b-header-300x199.jpg\" class=\"attachment-medium size-medium wp-post-image\" alt=\"vignette crit air france\u200b\" srcset=\"\/wp-content\/uploads\/2025\/12\/vignette-crit-air-france\u200b-header-300x199.jpg 300w, \/wp-content\/uploads\/2025\/12\/vignette-crit-air-france\u200b-header-768x510.jpg 768w, \/wp-content\/uploads\/2025\/12\/vignette-crit-air-france\u200b-header.jpg 1000w\" sizes=\"auto, (max-width: 300px) 100vw, 300px\" \/>\t\t\t\t\t\t\t<\/a>\n  \t\t\t\t\t\t\t  \t\t\t\t\t\t\t  \t\t\t\t\t\t<\/div>\n  \t\t\t\t\t\t  \t\t\t\t\t<\/div>\n          \t\t\t\t\t<div class=\"box-text text-left\" >\n\t\t\t\t\t<div class=\"box-text-inner blog-post-inner\">\n\n\t\t\t\t\t\n\t\t\t\t\t\t\t\t\t\t<h5 class=\"post-title is-large \">\n\t\t\t\t\t\t<a href=\"https:\/\/carselect.touring.be\/fr\/blog\/vignette-crit-air-france-zones-a-faibles-emissions-expliquees-pour-les-conducteurs-belges\/\" class=\"plain\">Vignette Crit Air France : zones \u00e0 faibles \u00e9missions expliqu\u00e9es pour les conducteurs belges<\/a>\n\t\t\t\t\t<\/h5>\n\t\t\t\t\t\t\t\t\t\t<div class=\"is-divider\"><\/div>\n\t\t\t\t\t\t\t\t\t\t<p class=\"from_the_blog_excerpt \">\n\t\t\t\t\t\tD\u00e9couvrez tout ce qu'il faut savoir sur la vignette Crit'Air en France pour circuler en [...]\t\t\t\t\t<\/p>\n\t\t\t\t\t                    \n\t\t\t\t\t\n\t\t\t\t\t\n\t\t\t\t\t<\/div>\n\t\t\t\t\t<\/div>\n\t\t\t\t\t\t\t\t\t<\/div>\n\t\t\t<\/div>\n\t\t<\/div><div class=\"col post-item\" >\n\t\t\t<div class=\"col-inner\">\n\t\t\t\t<div class=\"box box-normal box-text-bottom box-blog-post has-hover\">\n            \t\t\t\t\t<div class=\"box-image\" >\n  \t\t\t\t\t\t<div class=\"image-cover\" style=\"padding-top:56.25%;\">\n\t\t\t\t\t\t\t<a href=\"https:\/\/carselect.touring.be\/fr\/blog\/vignette-allemagne-ou-acheter-quelle-couleur\/\" class=\"plain\" aria-label=\"Vignette Allemagne : o\u00f9 acheter &amp; quelle couleur ?\">\n\t\t\t\t\t\t\t\t<img loading=\"lazy\" decoding=\"async\" width=\"300\" height=\"200\" src=\"\/wp-content\/uploads\/2025\/11\/vignette-allemagne-header-300x200.jpg\" class=\"attachment-medium size-medium wp-post-image\" alt=\"vignette allemagne\" srcset=\"\/wp-content\/uploads\/2025\/11\/vignette-allemagne-header-300x200.jpg 300w, \/wp-content\/uploads\/2025\/11\/vignette-allemagne-header-768x512.jpg 768w, \/wp-content\/uploads\/2025\/11\/vignette-allemagne-header.jpg 1000w\" sizes=\"auto, (max-width: 300px) 100vw, 300px\" \/>\t\t\t\t\t\t\t<\/a>\n  \t\t\t\t\t\t\t  \t\t\t\t\t\t\t  \t\t\t\t\t\t<\/div>\n  \t\t\t\t\t\t  \t\t\t\t\t<\/div>\n          \t\t\t\t\t<div class=\"box-text text-left\" >\n\t\t\t\t\t<div class=\"box-text-inner blog-post-inner\">\n\n\t\t\t\t\t\n\t\t\t\t\t\t\t\t\t\t<h5 class=\"post-title is-large \">\n\t\t\t\t\t\t<a href=\"https:\/\/carselect.touring.be\/fr\/blog\/vignette-allemagne-ou-acheter-quelle-couleur\/\" class=\"plain\">Vignette Allemagne : o\u00f9 acheter &amp; quelle couleur ?<\/a>\n\t\t\t\t\t<\/h5>\n\t\t\t\t\t\t\t\t\t\t<div class=\"is-divider\"><\/div>\n\t\t\t\t\t\t\t\t\t\t<p class=\"from_the_blog_excerpt \">\n\t\t\t\t\t\tVignette Allemagne : verte, jaune ou rouge ? V\u00e9rifiez votre norme euro, commandez officiellement et [...]\t\t\t\t\t<\/p>\n\t\t\t\t\t                    \n\t\t\t\t\t\n\t\t\t\t\t\n\t\t\t\t\t<\/div>\n\t\t\t\t\t<\/div>\n\t\t\t\t\t\t\t\t\t<\/div>\n\t\t\t<\/div>\n\t\t<\/div><div class=\"col post-item\" >\n\t\t\t<div class=\"col-inner\">\n\t\t\t\t<div class=\"box box-normal box-text-bottom box-blog-post has-hover\">\n            \t\t\t\t\t<div class=\"box-image\" >\n  \t\t\t\t\t\t<div class=\"image-cover\" style=\"padding-top:56.25%;\">\n\t\t\t\t\t\t\t<a href=\"https:\/\/carselect.touring.be\/fr\/blog\/vignette-slovenie-informations-essentielles-pour-votre-voyage\/\" class=\"plain\" aria-label=\"Vignette Slov\u00e9nie : Informations essentielles pour votre voyage\">\n\t\t\t\t\t\t\t\t<img loading=\"lazy\" decoding=\"async\" width=\"300\" height=\"200\" src=\"\/wp-content\/uploads\/2025\/11\/vignette-slovenie-header-300x200.jpg\" class=\"attachment-medium size-medium wp-post-image\" alt=\"vignette slovenie\" srcset=\"\/wp-content\/uploads\/2025\/11\/vignette-slovenie-header-300x200.jpg 300w, \/wp-content\/uploads\/2025\/11\/vignette-slovenie-header-1024x683.jpg 1024w, \/wp-content\/uploads\/2025\/11\/vignette-slovenie-header-768x512.jpg 768w, \/wp-content\/uploads\/2025\/11\/vignette-slovenie-header-1536x1024.jpg 1536w, \/wp-content\/uploads\/2025\/11\/vignette-slovenie-header.jpg 1920w\" sizes=\"auto, (max-width: 300px) 100vw, 300px\" \/>\t\t\t\t\t\t\t<\/a>\n  \t\t\t\t\t\t\t  \t\t\t\t\t\t\t  \t\t\t\t\t\t<\/div>\n  \t\t\t\t\t\t  \t\t\t\t\t<\/div>\n          \t\t\t\t\t<div class=\"box-text text-left\" >\n\t\t\t\t\t<div class=\"box-text-inner blog-post-inner\">\n\n\t\t\t\t\t\n\t\t\t\t\t\t\t\t\t\t<h5 class=\"post-title is-large \">\n\t\t\t\t\t\t<a href=\"https:\/\/carselect.touring.be\/fr\/blog\/vignette-slovenie-informations-essentielles-pour-votre-voyage\/\" class=\"plain\">Vignette Slov\u00e9nie : Informations essentielles pour votre voyage<\/a>\n\t\t\t\t\t<\/h5>\n\t\t\t\t\t\t\t\t\t\t<div class=\"is-divider\"><\/div>\n\t\t\t\t\t\t\t\t\t\t<p class=\"from_the_blog_excerpt \">\n\t\t\t\t\t\tTout savoir sur la vignette Slov\u00e9nie\u202f: conditions, tarifs et conseils pratiques pour traverser l\u2019autoroute sans [...]\t\t\t\t\t<\/p>\n\t\t\t\t\t                    \n\t\t\t\t\t\n\t\t\t\t\t\n\t\t\t\t\t<\/div>\n\t\t\t\t\t<\/div>\n\t\t\t\t\t\t\t\t\t<\/div>\n\t\t\t<\/div>\n\t\t<\/div><div class=\"col post-item\" >\n\t\t\t<div class=\"col-inner\">\n\t\t\t\t<div class=\"box box-normal box-text-bottom box-blog-post has-hover\">\n            \t\t\t\t\t<div class=\"box-image\" >\n  \t\t\t\t\t\t<div class=\"image-cover\" style=\"padding-top:56.25%;\">\n\t\t\t\t\t\t\t<a href=\"https:\/\/carselect.touring.be\/fr\/blog\/pneus-hiver-ou-4-saisons-que-choisir-vraiment-en-belgique\/\" class=\"plain\" aria-label=\"Pneus hiver ou 4 saisons ? Que choisir vraiment en Belgique\">\n\t\t\t\t\t\t\t\t<img loading=\"lazy\" decoding=\"async\" width=\"300\" height=\"200\" src=\"\/wp-content\/uploads\/2025\/10\/pneus-hiver-ou-4-saisons-header-300x200.jpg\" class=\"attachment-medium size-medium wp-post-image\" alt=\"pneus hiver ou 4 saisons\" srcset=\"\/wp-content\/uploads\/2025\/10\/pneus-hiver-ou-4-saisons-header-300x200.jpg 300w, \/wp-content\/uploads\/2025\/10\/pneus-hiver-ou-4-saisons-header-768x512.jpg 768w, \/wp-content\/uploads\/2025\/10\/pneus-hiver-ou-4-saisons-header.jpg 1000w\" sizes=\"auto, (max-width: 300px) 100vw, 300px\" \/>\t\t\t\t\t\t\t<\/a>\n  \t\t\t\t\t\t\t  \t\t\t\t\t\t\t  \t\t\t\t\t\t<\/div>\n  \t\t\t\t\t\t  \t\t\t\t\t<\/div>\n          \t\t\t\t\t<div class=\"box-text text-left\" >\n\t\t\t\t\t<div class=\"box-text-inner blog-post-inner\">\n\n\t\t\t\t\t\n\t\t\t\t\t\t\t\t\t\t<h5 class=\"post-title is-large \">\n\t\t\t\t\t\t<a href=\"https:\/\/carselect.touring.be\/fr\/blog\/pneus-hiver-ou-4-saisons-que-choisir-vraiment-en-belgique\/\" class=\"plain\">Pneus hiver ou 4 saisons ? Que choisir vraiment en Belgique<\/a>\n\t\t\t\t\t<\/h5>\n\t\t\t\t\t\t\t\t\t\t<div class=\"is-divider\"><\/div>\n\t\t\t\t\t\t\t\t\t\t<p class=\"from_the_blog_excerpt \">\n\t\t\t\t\t\tD\u00e9couvrez si les pneus hiver ou 4 saisons sont la meilleure option pour garantir votre [...]\t\t\t\t\t<\/p>\n\t\t\t\t\t                    \n\t\t\t\t\t\n\t\t\t\t\t\n\t\t\t\t\t<\/div>\n\t\t\t\t\t<\/div>\n\t\t\t\t\t\t\t\t\t<\/div>\n\t\t\t<\/div>\n\t\t<\/div><div class=\"col post-item\" >\n\t\t\t<div class=\"col-inner\">\n\t\t\t\t<div class=\"box box-normal box-text-bottom box-blog-post has-hover\">\n            \t\t\t\t\t<div class=\"box-image\" >\n  \t\t\t\t\t\t<div class=\"image-cover\" style=\"padding-top:56.25%;\">\n\t\t\t\t\t\t\t<a href=\"https:\/\/carselect.touring.be\/fr\/blog\/pneus-hiver-quand-les-mettre-en-belgique\/\" class=\"plain\" aria-label=\"Quand faut-il mettre ses pneus hiver ? Le guide ultime pour la Belgique en 2025\">\n\t\t\t\t\t\t\t\t<img loading=\"lazy\" decoding=\"async\" width=\"300\" height=\"200\" src=\"\/wp-content\/uploads\/2025\/10\/pneus-hiver-quand-les-mettre-300x200.jpg\" class=\"attachment-medium size-medium wp-post-image\" alt=\"pneus hiver quand les mettre\" srcset=\"\/wp-content\/uploads\/2025\/10\/pneus-hiver-quand-les-mettre-300x200.jpg 300w, \/wp-content\/uploads\/2025\/10\/pneus-hiver-quand-les-mettre-768x512.jpg 768w, \/wp-content\/uploads\/2025\/10\/pneus-hiver-quand-les-mettre.jpg 1000w\" sizes=\"auto, (max-width: 300px) 100vw, 300px\" \/>\t\t\t\t\t\t\t<\/a>\n  \t\t\t\t\t\t\t  \t\t\t\t\t\t\t  \t\t\t\t\t\t<\/div>\n  \t\t\t\t\t\t  \t\t\t\t\t<\/div>\n          \t\t\t\t\t<div class=\"box-text text-left\" >\n\t\t\t\t\t<div class=\"box-text-inner blog-post-inner\">\n\n\t\t\t\t\t\n\t\t\t\t\t\t\t\t\t\t<h5 class=\"post-title is-large \">\n\t\t\t\t\t\t<a href=\"https:\/\/carselect.touring.be\/fr\/blog\/pneus-hiver-quand-les-mettre-en-belgique\/\" class=\"plain\">Quand faut-il mettre ses pneus hiver ? Le guide ultime pour la Belgique en 2025<\/a>\n\t\t\t\t\t<\/h5>\n\t\t\t\t\t\t\t\t\t\t<div class=\"is-divider\"><\/div>\n\t\t\t\t\t\t\t\t\t\t<p class=\"from_the_blog_excerpt \">\n\t\t\t\t\t\tQuand faut-il mettre ses pneus hiver en Belgique ? Suivez la r\u00e8gle des 7\u00b0C et [...]\t\t\t\t\t<\/p>\n\t\t\t\t\t                    \n\t\t\t\t\t\n\t\t\t\t\t\n\t\t\t\t\t<\/div>\n\t\t\t\t\t<\/div>\n\t\t\t\t\t\t\t\t\t<\/div>\n\t\t\t<\/div>\n\t\t<\/div><\/div>\n\n\n\t\t<\/div>\n\t\t\t\t\t<\/div>\n\n\t\n\n<\/div>\n<div class=\"row\"  id=\"row-1230014621\">\n\n\n\t<div id=\"col-619362088\" class=\"col small-12 large-12\"  >\n\t\t\t\t<div class=\"col-inner\"  >\n\t\t\t\n\t\t\t\n\n\n  <div class=\"banner has-hover\" id=\"banner-1709375785\">\n          <div class=\"banner-inner fill\">\n        <div class=\"banner-bg fill\" >\n            <img loading=\"lazy\" decoding=\"async\" width=\"1440\" height=\"160\" src=\"\/wp-content\/uploads\/2025\/01\/Mask-group.png\" class=\"bg attachment-original size-original\" alt=\"\" \/>                                    \n                    <\/div>\n\t\t\n        <div class=\"banner-layers container\">\n            <div class=\"fill banner-link\"><\/div>            \n\n   <div id=\"text-box-127597446\" class=\"text-box banner-layer x100 md-x100 lg-x100 y10 md-y10 lg-y10 res-text\">\n                                <div class=\"text-box-content text dark\">\n              \n              <div class=\"text-inner text-center\">\n                  \n\n<h2><em>Koop uw \u2028<\/em><\/h2>\n<h2><em>droomauto<\/em><\/h2>\n<a href=\"\/auto-kopen\" class=\"button success\"  >\n\t\t<span>Ontdek<\/span>\n\t<\/a>\n\n\n\n              <\/div>\n           <\/div>\n                            \n<style>\n#text-box-127597446 {\n  width: 35%;\n}\n#text-box-127597446 .text-box-content {\n  font-size: 100%;\n}\n<\/style>\n    <\/div>\n \n\n        <\/div>\n      <\/div>\n\n            \n<style>\n#banner-1709375785 {\n  padding-top: 250px;\n}\n#banner-1709375785 .banner-bg img {\n  object-position: 22% 0%;\n}\n<\/style>\n  <\/div>\n\n\n\n\t\t<\/div>\n\t\t\t\t\t<\/div>\n\n\t\n\n<\/div>\n\n\t\t<\/div>\n\n\t\t\n<style>\n#section_971669734 {\n  padding-top: 0px;\n  padding-bottom: 0px;\n}\n<\/style>\n\t<\/section>\n\t\n\n\n\n<p><\/p>\n","protected":false},"excerpt":{"rendered":"<p>Quelle est la voiture la plus ch\u00e8re au monde ? D\u00e9couvrez le record de 142 millions d&rsquo;euros, le top 10 vendu et pourquoi.<\/p>\n","protected":false},"author":28,"featured_media":14659,"comment_status":"closed","ping_status":"open","sticky":false,"template":"","format":"standard","meta":{"footnotes":""},"categories":[75],"tags":[],"class_list":["post-14646","post","type-post","status-publish","format-standard","has-post-thumbnail","hentry","category-conseils"],"yoast_head":"<!-- This site is optimized with the Yoast SEO Premium plugin v24.0 (Yoast SEO v24.0) - https:\/\/yoast.com\/wordpress\/plugins\/seo\/ -->\n<title>La Voiture la Plus Ch\u00e8re au Monde : Prix et Caract\u00e9ristiques - Touring Dealer<\/title>\n<meta name=\"description\" content=\"Quelle est la voiture la plus ch\u00e8re au monde ? D\u00e9couvrez le record de 142 millions d&#039;euros, le top 10 vendu et pourquoi.\" \/>\n<meta name=\"robots\" content=\"index, follow, max-snippet:-1, max-image-preview:large, max-video-preview:-1\" \/>\n<link rel=\"canonical\" href=\"https:\/\/carselect.touring.be\/fr\/blog\/la-voiture-la-plus-chere-du-monde-prix-et-pourquoi-elle-est-exceptionnelle\/\" \/>\n<meta property=\"og:locale\" content=\"fr_FR\" \/>\n<meta property=\"og:type\" content=\"article\" \/>\n<meta property=\"og:title\" content=\"La Voiture la Plus Ch\u00e8re au Monde : Prix et Caract\u00e9ristiques\" \/>\n<meta property=\"og:description\" content=\"Quelle est la voiture la plus ch\u00e8re au monde ? D\u00e9couvrez le record de 142 millions d&#039;euros, le top 10 vendu et pourquoi.\" \/>\n<meta property=\"og:url\" content=\"https:\/\/carselect.touring.be\/fr\/blog\/la-voiture-la-plus-chere-du-monde-prix-et-pourquoi-elle-est-exceptionnelle\/\" \/>\n<meta property=\"og:site_name\" content=\"Touring Dealer\" \/>\n<meta property=\"article:published_time\" content=\"2026-01-28T06:35:40+00:00\" \/>\n<meta property=\"article:modified_time\" content=\"2026-01-28T06:35:43+00:00\" \/>\n<meta property=\"og:image\" content=\"https:\/\/carselect.touring.be\/wp-content\/uploads\/2026\/01\/la-voiture-la-plus-chere-au-monde.jpg.jpg\" \/>\n\t<meta property=\"og:image:width\" content=\"1000\" \/>\n\t<meta property=\"og:image:height\" content=\"624\" \/>\n\t<meta property=\"og:image:type\" content=\"image\/jpeg\" \/>\n<meta name=\"author\" content=\"Storme Wouter\" \/>\n<meta name=\"twitter:card\" content=\"summary_large_image\" \/>\n<meta name=\"twitter:label1\" content=\"\u00c9crit par\" \/>\n\t<meta name=\"twitter:data1\" content=\"Storme Wouter\" \/>\n\t<meta name=\"twitter:label2\" content=\"Dur\u00e9e de lecture est.\" \/>\n\t<meta name=\"twitter:data2\" content=\"13 minutes\" \/>\n<script type=\"application\/ld+json\" class=\"yoast-schema-graph\">{\"@context\":\"https:\/\/schema.org\",\"@graph\":[{\"@type\":\"Article\",\"@id\":\"https:\/\/carselect.touring.be\/fr\/blog\/la-voiture-la-plus-chere-du-monde-prix-et-pourquoi-elle-est-exceptionnelle\/#article\",\"isPartOf\":{\"@id\":\"https:\/\/carselect.touring.be\/fr\/blog\/la-voiture-la-plus-chere-du-monde-prix-et-pourquoi-elle-est-exceptionnelle\/\"},\"author\":{\"name\":\"Storme Wouter\",\"@id\":\"https:\/\/carselect.touring.be\/fr\/#\/schema\/person\/ac266868402e795f000a152b0f4fd4d8\"},\"headline\":\"La Voiture la Plus Ch\u00e8re au Monde : Prix et Caract\u00e9ristiques\",\"datePublished\":\"2026-01-28T06:35:40+00:00\",\"dateModified\":\"2026-01-28T06:35:43+00:00\",\"mainEntityOfPage\":{\"@id\":\"https:\/\/carselect.touring.be\/fr\/blog\/la-voiture-la-plus-chere-du-monde-prix-et-pourquoi-elle-est-exceptionnelle\/\"},\"wordCount\":2819,\"publisher\":{\"@id\":\"https:\/\/carselect.touring.be\/fr\/#organization\"},\"image\":{\"@id\":\"https:\/\/carselect.touring.be\/fr\/blog\/la-voiture-la-plus-chere-du-monde-prix-et-pourquoi-elle-est-exceptionnelle\/#primaryimage\"},\"thumbnailUrl\":\"\/wp-content\/uploads\/2026\/01\/la-voiture-la-plus-chere-au-monde.jpg.jpg\",\"articleSection\":[\"Conseils\"],\"inLanguage\":\"fr-BE\"},{\"@type\":\"WebPage\",\"@id\":\"https:\/\/carselect.touring.be\/fr\/blog\/la-voiture-la-plus-chere-du-monde-prix-et-pourquoi-elle-est-exceptionnelle\/\",\"url\":\"https:\/\/carselect.touring.be\/fr\/blog\/la-voiture-la-plus-chere-du-monde-prix-et-pourquoi-elle-est-exceptionnelle\/\",\"name\":\"La Voiture la Plus Ch\u00e8re au Monde : Prix et Caract\u00e9ristiques - Touring Dealer\",\"isPartOf\":{\"@id\":\"https:\/\/carselect.touring.be\/fr\/#website\"},\"primaryImageOfPage\":{\"@id\":\"https:\/\/carselect.touring.be\/fr\/blog\/la-voiture-la-plus-chere-du-monde-prix-et-pourquoi-elle-est-exceptionnelle\/#primaryimage\"},\"image\":{\"@id\":\"https:\/\/carselect.touring.be\/fr\/blog\/la-voiture-la-plus-chere-du-monde-prix-et-pourquoi-elle-est-exceptionnelle\/#primaryimage\"},\"thumbnailUrl\":\"\/wp-content\/uploads\/2026\/01\/la-voiture-la-plus-chere-au-monde.jpg.jpg\",\"datePublished\":\"2026-01-28T06:35:40+00:00\",\"dateModified\":\"2026-01-28T06:35:43+00:00\",\"description\":\"Quelle est la voiture la plus ch\u00e8re au monde ? D\u00e9couvrez le record de 142 millions d'euros, le top 10 vendu et pourquoi.\",\"breadcrumb\":{\"@id\":\"https:\/\/carselect.touring.be\/fr\/blog\/la-voiture-la-plus-chere-du-monde-prix-et-pourquoi-elle-est-exceptionnelle\/#breadcrumb\"},\"inLanguage\":\"fr-BE\",\"potentialAction\":[{\"@type\":\"ReadAction\",\"target\":[\"https:\/\/carselect.touring.be\/fr\/blog\/la-voiture-la-plus-chere-du-monde-prix-et-pourquoi-elle-est-exceptionnelle\/\"]}]},{\"@type\":\"ImageObject\",\"inLanguage\":\"fr-BE\",\"@id\":\"https:\/\/carselect.touring.be\/fr\/blog\/la-voiture-la-plus-chere-du-monde-prix-et-pourquoi-elle-est-exceptionnelle\/#primaryimage\",\"url\":\"\/wp-content\/uploads\/2026\/01\/la-voiture-la-plus-chere-au-monde.jpg.jpg\",\"contentUrl\":\"\/wp-content\/uploads\/2026\/01\/la-voiture-la-plus-chere-au-monde.jpg.jpg\",\"width\":1000,\"height\":624,\"caption\":\"La Voiture la Plus Ch\u00e8re au Monde\"},{\"@type\":\"BreadcrumbList\",\"@id\":\"https:\/\/carselect.touring.be\/fr\/blog\/la-voiture-la-plus-chere-du-monde-prix-et-pourquoi-elle-est-exceptionnelle\/#breadcrumb\",\"itemListElement\":[{\"@type\":\"ListItem\",\"position\":1,\"name\":\"Home\",\"item\":\"https:\/\/carselect.touring.be\/fr\/\"},{\"@type\":\"ListItem\",\"position\":2,\"name\":\"La Voiture la Plus Ch\u00e8re au Monde : Prix et Caract\u00e9ristiques\"}]},{\"@type\":\"WebSite\",\"@id\":\"https:\/\/carselect.touring.be\/fr\/#website\",\"url\":\"https:\/\/carselect.touring.be\/fr\/\",\"name\":\"Touring CarSelect\",\"description\":\"\",\"publisher\":{\"@id\":\"https:\/\/carselect.touring.be\/fr\/#organization\"},\"potentialAction\":[{\"@type\":\"SearchAction\",\"target\":{\"@type\":\"EntryPoint\",\"urlTemplate\":\"https:\/\/carselect.touring.be\/fr\/?s={search_term_string}\"},\"query-input\":{\"@type\":\"PropertyValueSpecification\",\"valueRequired\":true,\"valueName\":\"search_term_string\"}}],\"inLanguage\":\"fr-BE\"},{\"@type\":\"Organization\",\"@id\":\"https:\/\/carselect.touring.be\/fr\/#organization\",\"name\":\"Touring CarSelect\",\"url\":\"https:\/\/carselect.touring.be\/fr\/\",\"logo\":{\"@type\":\"ImageObject\",\"inLanguage\":\"fr-BE\",\"@id\":\"https:\/\/carselect.touring.be\/fr\/#\/schema\/logo\/image\/\",\"url\":\"\/wp-content\/uploads\/2024\/04\/Touring-Car-Select-Logo.png\",\"contentUrl\":\"\/wp-content\/uploads\/2024\/04\/Touring-Car-Select-Logo.png\",\"width\":154,\"height\":53,\"caption\":\"Touring CarSelect\"},\"image\":{\"@id\":\"https:\/\/carselect.touring.be\/fr\/#\/schema\/logo\/image\/\"}},{\"@type\":\"Person\",\"@id\":\"https:\/\/carselect.touring.be\/fr\/#\/schema\/person\/ac266868402e795f000a152b0f4fd4d8\",\"name\":\"Storme Wouter\",\"image\":{\"@type\":\"ImageObject\",\"inLanguage\":\"fr-BE\",\"@id\":\"https:\/\/carselect.touring.be\/fr\/#\/schema\/person\/image\/\",\"url\":\"https:\/\/secure.gravatar.com\/avatar\/84473de8cbf4200af853908f03b9ea9e?s=96&d=mm&r=g\",\"contentUrl\":\"https:\/\/secure.gravatar.com\/avatar\/84473de8cbf4200af853908f03b9ea9e?s=96&d=mm&r=g\",\"caption\":\"Storme Wouter\"},\"url\":\"https:\/\/carselect.touring.be\/fr\/blog\/author\/storme-wouter\/\"}]}<\/script>\n<!-- \/ Yoast SEO Premium plugin. -->","yoast_head_json":{"title":"La Voiture la Plus Ch\u00e8re au Monde : Prix et Caract\u00e9ristiques - Touring Dealer","description":"Quelle est la voiture la plus ch\u00e8re au monde ? D\u00e9couvrez le record de 142 millions d'euros, le top 10 vendu et pourquoi.","robots":{"index":"index","follow":"follow","max-snippet":"max-snippet:-1","max-image-preview":"max-image-preview:large","max-video-preview":"max-video-preview:-1"},"canonical":"https:\/\/carselect.touring.be\/fr\/blog\/la-voiture-la-plus-chere-du-monde-prix-et-pourquoi-elle-est-exceptionnelle\/","og_locale":"fr_FR","og_type":"article","og_title":"La Voiture la Plus Ch\u00e8re au Monde : Prix et Caract\u00e9ristiques","og_description":"Quelle est la voiture la plus ch\u00e8re au monde ? D\u00e9couvrez le record de 142 millions d'euros, le top 10 vendu et pourquoi.","og_url":"https:\/\/carselect.touring.be\/fr\/blog\/la-voiture-la-plus-chere-du-monde-prix-et-pourquoi-elle-est-exceptionnelle\/","og_site_name":"Touring Dealer","article_published_time":"2026-01-28T06:35:40+00:00","article_modified_time":"2026-01-28T06:35:43+00:00","og_image":[{"width":1000,"height":624,"url":"https:\/\/carselect.touring.be\/wp-content\/uploads\/2026\/01\/la-voiture-la-plus-chere-au-monde.jpg.jpg","type":"image\/jpeg"}],"author":"Storme Wouter","twitter_card":"summary_large_image","twitter_misc":{"\u00c9crit par":"Storme Wouter","Dur\u00e9e de lecture est.":"13 minutes"},"schema":{"@context":"https:\/\/schema.org","@graph":[{"@type":"Article","@id":"https:\/\/carselect.touring.be\/fr\/blog\/la-voiture-la-plus-chere-du-monde-prix-et-pourquoi-elle-est-exceptionnelle\/#article","isPartOf":{"@id":"https:\/\/carselect.touring.be\/fr\/blog\/la-voiture-la-plus-chere-du-monde-prix-et-pourquoi-elle-est-exceptionnelle\/"},"author":{"name":"Storme Wouter","@id":"https:\/\/carselect.touring.be\/fr\/#\/schema\/person\/ac266868402e795f000a152b0f4fd4d8"},"headline":"La Voiture la Plus Ch\u00e8re au Monde : Prix et Caract\u00e9ristiques","datePublished":"2026-01-28T06:35:40+00:00","dateModified":"2026-01-28T06:35:43+00:00","mainEntityOfPage":{"@id":"https:\/\/carselect.touring.be\/fr\/blog\/la-voiture-la-plus-chere-du-monde-prix-et-pourquoi-elle-est-exceptionnelle\/"},"wordCount":2819,"publisher":{"@id":"https:\/\/carselect.touring.be\/fr\/#organization"},"image":{"@id":"https:\/\/carselect.touring.be\/fr\/blog\/la-voiture-la-plus-chere-du-monde-prix-et-pourquoi-elle-est-exceptionnelle\/#primaryimage"},"thumbnailUrl":"\/wp-content\/uploads\/2026\/01\/la-voiture-la-plus-chere-au-monde.jpg.jpg","articleSection":["Conseils"],"inLanguage":"fr-BE"},{"@type":"WebPage","@id":"https:\/\/carselect.touring.be\/fr\/blog\/la-voiture-la-plus-chere-du-monde-prix-et-pourquoi-elle-est-exceptionnelle\/","url":"https:\/\/carselect.touring.be\/fr\/blog\/la-voiture-la-plus-chere-du-monde-prix-et-pourquoi-elle-est-exceptionnelle\/","name":"La Voiture la Plus Ch\u00e8re au Monde : Prix et Caract\u00e9ristiques - Touring Dealer","isPartOf":{"@id":"https:\/\/carselect.touring.be\/fr\/#website"},"primaryImageOfPage":{"@id":"https:\/\/carselect.touring.be\/fr\/blog\/la-voiture-la-plus-chere-du-monde-prix-et-pourquoi-elle-est-exceptionnelle\/#primaryimage"},"image":{"@id":"https:\/\/carselect.touring.be\/fr\/blog\/la-voiture-la-plus-chere-du-monde-prix-et-pourquoi-elle-est-exceptionnelle\/#primaryimage"},"thumbnailUrl":"\/wp-content\/uploads\/2026\/01\/la-voiture-la-plus-chere-au-monde.jpg.jpg","datePublished":"2026-01-28T06:35:40+00:00","dateModified":"2026-01-28T06:35:43+00:00","description":"Quelle est la voiture la plus ch\u00e8re au monde ? D\u00e9couvrez le record de 142 millions d'euros, le top 10 vendu et pourquoi.","breadcrumb":{"@id":"https:\/\/carselect.touring.be\/fr\/blog\/la-voiture-la-plus-chere-du-monde-prix-et-pourquoi-elle-est-exceptionnelle\/#breadcrumb"},"inLanguage":"fr-BE","potentialAction":[{"@type":"ReadAction","target":["https:\/\/carselect.touring.be\/fr\/blog\/la-voiture-la-plus-chere-du-monde-prix-et-pourquoi-elle-est-exceptionnelle\/"]}]},{"@type":"ImageObject","inLanguage":"fr-BE","@id":"https:\/\/carselect.touring.be\/fr\/blog\/la-voiture-la-plus-chere-du-monde-prix-et-pourquoi-elle-est-exceptionnelle\/#primaryimage","url":"\/wp-content\/uploads\/2026\/01\/la-voiture-la-plus-chere-au-monde.jpg.jpg","contentUrl":"\/wp-content\/uploads\/2026\/01\/la-voiture-la-plus-chere-au-monde.jpg.jpg","width":1000,"height":624,"caption":"La Voiture la Plus Ch\u00e8re au Monde"},{"@type":"BreadcrumbList","@id":"https:\/\/carselect.touring.be\/fr\/blog\/la-voiture-la-plus-chere-du-monde-prix-et-pourquoi-elle-est-exceptionnelle\/#breadcrumb","itemListElement":[{"@type":"ListItem","position":1,"name":"Home","item":"https:\/\/carselect.touring.be\/fr\/"},{"@type":"ListItem","position":2,"name":"La Voiture la Plus Ch\u00e8re au Monde : Prix et Caract\u00e9ristiques"}]},{"@type":"WebSite","@id":"https:\/\/carselect.touring.be\/fr\/#website","url":"https:\/\/carselect.touring.be\/fr\/","name":"Touring CarSelect","description":"","publisher":{"@id":"https:\/\/carselect.touring.be\/fr\/#organization"},"potentialAction":[{"@type":"SearchAction","target":{"@type":"EntryPoint","urlTemplate":"https:\/\/carselect.touring.be\/fr\/?s={search_term_string}"},"query-input":{"@type":"PropertyValueSpecification","valueRequired":true,"valueName":"search_term_string"}}],"inLanguage":"fr-BE"},{"@type":"Organization","@id":"https:\/\/carselect.touring.be\/fr\/#organization","name":"Touring CarSelect","url":"https:\/\/carselect.touring.be\/fr\/","logo":{"@type":"ImageObject","inLanguage":"fr-BE","@id":"https:\/\/carselect.touring.be\/fr\/#\/schema\/logo\/image\/","url":"\/wp-content\/uploads\/2024\/04\/Touring-Car-Select-Logo.png","contentUrl":"\/wp-content\/uploads\/2024\/04\/Touring-Car-Select-Logo.png","width":154,"height":53,"caption":"Touring CarSelect"},"image":{"@id":"https:\/\/carselect.touring.be\/fr\/#\/schema\/logo\/image\/"}},{"@type":"Person","@id":"https:\/\/carselect.touring.be\/fr\/#\/schema\/person\/ac266868402e795f000a152b0f4fd4d8","name":"Storme Wouter","image":{"@type":"ImageObject","inLanguage":"fr-BE","@id":"https:\/\/carselect.touring.be\/fr\/#\/schema\/person\/image\/","url":"https:\/\/secure.gravatar.com\/avatar\/84473de8cbf4200af853908f03b9ea9e?s=96&d=mm&r=g","contentUrl":"https:\/\/secure.gravatar.com\/avatar\/84473de8cbf4200af853908f03b9ea9e?s=96&d=mm&r=g","caption":"Storme Wouter"},"url":"https:\/\/carselect.touring.be\/fr\/blog\/author\/storme-wouter\/"}]}},"_links":{"self":[{"href":"https:\/\/carselect.touring.be\/fr\/wp-json\/wp\/v2\/posts\/14646","targetHints":{"allow":["GET"]}}],"collection":[{"href":"https:\/\/carselect.touring.be\/fr\/wp-json\/wp\/v2\/posts"}],"about":[{"href":"https:\/\/carselect.touring.be\/fr\/wp-json\/wp\/v2\/types\/post"}],"author":[{"embeddable":true,"href":"https:\/\/carselect.touring.be\/fr\/wp-json\/wp\/v2\/users\/28"}],"replies":[{"embeddable":true,"href":"https:\/\/carselect.touring.be\/fr\/wp-json\/wp\/v2\/comments?post=14646"}],"version-history":[{"count":5,"href":"https:\/\/carselect.touring.be\/fr\/wp-json\/wp\/v2\/posts\/14646\/revisions"}],"predecessor-version":[{"id":14671,"href":"https:\/\/carselect.touring.be\/fr\/wp-json\/wp\/v2\/posts\/14646\/revisions\/14671"}],"wp:featuredmedia":[{"embeddable":true,"href":"https:\/\/carselect.touring.be\/fr\/wp-json\/wp\/v2\/media\/14659"}],"wp:attachment":[{"href":"https:\/\/carselect.touring.be\/fr\/wp-json\/wp\/v2\/media?parent=14646"}],"wp:term":[{"taxonomy":"category","embeddable":true,"href":"https:\/\/carselect.touring.be\/fr\/wp-json\/wp\/v2\/categories?post=14646"},{"taxonomy":"post_tag","embeddable":true,"href":"https:\/\/carselect.touring.be\/fr\/wp-json\/wp\/v2\/tags?post=14646"}],"curies":[{"name":"wp","href":"https:\/\/api.w.org\/{rel}","templated":true}]}}