{"id":14505,"date":"2025-12-02T11:47:56","date_gmt":"2025-12-02T10:47:56","guid":{"rendered":"https:\/\/carselect.touring.be\/blog\/vignette-crit-air-france-zones-a-faibles-emissions-expliquees-pour-les-conducteurs-belges\/"},"modified":"2026-01-22T15:27:01","modified_gmt":"2026-01-22T14:27:01","slug":"vignette-crit-air-france-zones-a-faibles-emissions-expliquees-pour-les-conducteurs-belges","status":"publish","type":"post","link":"https:\/\/carselect.touring.be\/fr\/blog\/vignette-crit-air-france-zones-a-faibles-emissions-expliquees-pour-les-conducteurs-belges\/","title":{"rendered":"Vignette Crit Air France : zones \u00e0 faibles \u00e9missions expliqu\u00e9es pour les conducteurs belges"},"content":{"rendered":"\n\n\n<style>\n.banner-carousel div[class$=\"-banner\"] {\n  display: none;\n}\n\n.banner-carousel div[class$=\"-banner\"]:first-child,\n.banner-carousel.flickity-enabled div[class$=\"-banner\"] {\n  display: inline-flex;\n} \n\n  .roadside-margin-top {\n    margin-top: 0px;\n  }\n\n  .roadside-margin-top-stock {\n    margin-top: 24px;\n  }\n\n  .roadside-assistance-banner {\n    background-color: #E4EDF4;\n    color: var(--primary-color);\n    text-align: center;\n    height: 56px;\n    font-weight: bold;\n    position: static;\n    box-shadow: rgba(0, 0, 0, 0.15) 1px 1px 10px;\n  }\n\n  .roadside-assistance-banner img {\n    height: 30px;\n  }\n\n  .roadside-assistance-banner .full-banner-button {\n    color: var(--primary-color);\n    cursor: pointer;\n    display: inline-flex;\n    align-items: center;\n    justify-content: center;\n    height: 56px;\n  }\n\n.banner-carousel-container .quality-check-banner, \n.banner-carousel-container  .roadside-banner, \n.banner-carousel-container .stock-banner {\n    color: var(--primary-color);\n    display: inline-flex;\n    align-items: center;\n    justify-content: center;\n    height: 56px;\n  }\n\n  .roadside-assistance-banner.mobile-only .banner-text {\n    padding-right: 8px;\n    padding-left: 8px;\n    margin: 0px;\n  }\n\n  .roadside-assistance-banner .banner-text {\n    font-weight: bold;\n    margin-right: 24px;\n    margin-left: 8px;\n    font-size: 18px;\n  }\n\n  .roadside-assistance-banner.desktop-only {\n    height: 56px;\n    line-height: 56px;\n    width: 100%;\n  }\n  \n  .more-info-button {\n    color: white;\n    background-color: var(--primary-color);\n    padding: 6px 10px;\n    cursor: pointer;\n    border-radius: 5px;\n  }\n\n  .more-info-button:hover, .blog-single a:focus {\n    color: white!important;\n  }\n\n  .roadside-assistance-popup .roadside-assistance-title {\n    text-align: center;\n    margin-bottom: 8px; line-height: 15px;\n  }\n\n .roadside-assistance-popup .roadside-assistance-list {\n    display: flex;\n    flex-direction: column;\n    font-size: 16px;\n  }\n\n .roadside-assistance-popup .roadside-assistance-item {\n    display: flex;\n    align-items: baseline;\n    position: relative;\n    margin-bottom: 10px;\n  }\n\n .roadside-assistance-popup .roadside-assistance-circle {\n    width: 20px;\n    min-width: 20px;\n    height: 20px;\n    border-radius: 50%;\n    background-color: var(--primary-color);\n    display: flex;\n    justify-content: center;\n    align-items: center;\n    font-weight: bold;\n    position: relative;\n    color: white;\n  }\n\n .roadside-assistance-popup .roadside-assistance-text {\n    margin-left: 8px;\n    color: var(--primary-color);\n    line-height: 16px;\n  }\n\n .roadside-assistance-popup .roadside-assistance-item:not(:last-child)::before {\n    content: \"\";\n    position: absolute;\n    width: 1px;\n    height: 28px;\n    background-color: var(--primary-color);\n    left: 10px;\n    top: 20px;\n  }\n\n .roadside-assistance-popup .roadside-assistance-item:nth-child(3)::after {\n    content: \"\";\n    position: absolute;\n    left: 7px;\n    top: 40px;\n    border: solid var(--primary-color);\n    border-width: 0 1px 1px 0;\n    padding: 3px;\n    transform: rotate(45deg);\n    -webkit-transform: rotate(45deg);\n  }\n\n  .roadside-assistance-popup .roadside-assistance-item:last-child {\n    padding-top: 20px;\n  }\n\n  .roadside-assistance-popup .roadside-assistance-item:last-child .roadside-assistance-circle {\n    padding-top: 1px;\n    background-color: #08ccb4;\n    color: white;\n  }\n\n  .roadside-assistance-popup .roadside-assistance-sublist {\n    color:var(--primary-color);\n    font-size: 16px;\n    padding-left: 28px;\n  }\n\n  .roadside-assistance-popup .roadside-assistance-sublist .checkmark {\n    color: var(--primary-color);\n  }\n\n  .roadside-assistance-popup.lightbox-content {\n    background-color: unset;\n    box-shadow: unset;\n  }\n\n  .roadside-assistance-popup .dialog-container > .col-inner {\n    box-shadow: 3px 3px 20px 0 rgba(0, 0, 0, .15);\n  }\n\n  @media only screen and (max-width: 800px) {\n    .roadside-assistance-banner {\n      z-index: 1000;\n    }\n\n    .roadside-assistance-banner.mobile-only {\n      display: block !important;\n    }\n\n    .roadside-assistance-banner.desktop-only {\n      display: none;\n    }\n  }\n\n  @media only screen and (min-width: 801px) {\n    .roadside-assistance-banner {\n      z-index: 8;\n    }\n\n    .roadside-assistance-banner.mobile-only {\n      display: none;\n    }\n\n    .roadside-assistance-banner.desktop-only {\n      display: block;\n    }\n  }\n\n  @media only screen and (max-width: 548px) {\n    #stock-general .stock-general__header-order--3 {\n      margin-top: 12px;\n    }\n  }\n  .roadside-assistance-popup .service-link.button.close {\n    font-size: 16px;\n    margin-left: 8px;\n  }\n\n  .roadside-assistance-popup .car-item-detail {\n    align-items: center;\n  }\n\n  .article-text, .default-text  {\n    display: none;\n  }\n\n  @media only screen and (max-width: 500px) {\n    .roadside-assistance-banner.mobile-only .banner-text {\n      font-size: 14px;\n      line-height: 16px;\n    }\n  }\n\n  @media only screen and (max-width: 405px) {\n    .roadside-assistance-banner.mobile-only .article-text {\n      width: 75%;\n    }\n  }\n\n  .roadside-assistance-banner.mobile-only img {\n    margin-left: 8px;\n  }\n\n  article .roadside-assistance-banner {\n    width: 100vw !important;\n    margin-left: calc(50% - 50vw);\n  }\n<\/style>\n\n\n\n<div class=\"roadside-assistance-banner desktop-only banner-carousel-container\"> \n  <div class=\"banner-carousel\">\n    <div class=\"quality-check-banner\">\n<svg width=\"24\" height=\"24\" viewBox=\"0 0 24 24\" fill=\"none\" xmlns=\"http:\/\/www.w3.org\/2000\/svg\">\n<path d=\"M4 12.5L9.5 17L19 7\" stroke=\"#00418c\" stroke-width=\"2.5\" stroke-linecap=\"round\" stroke-linejoin=\"round\"\/>\n<\/svg>\n      <span class=\"banner-text\">\nContr\u00f4les de qualit\u00e9 par Touring\n      <\/span>\n    <\/div>\n    <div class=\"roadside-banner\">\n<svg width=\"24\" height=\"24\" viewBox=\"0 0 24 24\" fill=\"none\" xmlns=\"http:\/\/www.w3.org\/2000\/svg\">\n<path d=\"M4 12.5L9.5 17L19 7\" stroke=\"#00418c\" stroke-width=\"2.5\" stroke-linecap=\"round\" stroke-linejoin=\"round\"\/>\n<\/svg>\n      <span class=\"banner-text default-text\">\n12 mois de d\u00e9pannage offerts\n      <\/span>\n      <span class=\"banner-text article-text\">\nD\u00e9couvrez notre large stock de voitures d\u2019occasion fiables\n      <\/span>\n    <\/div>\n    <div class=\"stock-banner\">\n<svg width=\"24\" height=\"24\" viewBox=\"0 0 24 24\" fill=\"none\" xmlns=\"http:\/\/www.w3.org\/2000\/svg\">\n<path d=\"M4 12.5L9.5 17L19 7\" stroke=\"#00418c\" stroke-width=\"2.5\" stroke-linecap=\"round\" stroke-linejoin=\"round\"\/>\n<\/svg>\n      <span class=\"banner-text\">\n<span class=\"stock-count\">0<\/span> voitures disponibles\n      <\/span>\n    <\/div>\n  <\/div>\n<\/div>\n\n\n\n<div class=\"roadside-assistance-banner mobile-only banner-carousel-container\"> \n  <div class=\"banner-carousel\">\n    <div class=\"quality-check-banner\">\n<svg width=\"24\" height=\"24\" viewBox=\"0 0 24 24\" fill=\"none\" xmlns=\"http:\/\/www.w3.org\/2000\/svg\">\n<path d=\"M4 12.5L9.5 17L19 7\" stroke=\"#00418c\" stroke-width=\"2.5\" stroke-linecap=\"round\" stroke-linejoin=\"round\"\/>\n<\/svg>\n      <span class=\"banner-text\">\nContr\u00f4les de qualit\u00e9 par Touring\n      <\/span>\n    <\/div>\n    <div class=\"roadside-banner\">\n<svg width=\"24\" height=\"24\" viewBox=\"0 0 24 24\" fill=\"none\" xmlns=\"http:\/\/www.w3.org\/2000\/svg\">\n<path d=\"M4 12.5L9.5 17L19 7\" stroke=\"#00418c\" stroke-width=\"2.5\" stroke-linecap=\"round\" stroke-linejoin=\"round\"\/>\n<\/svg>\n        <span class=\"banner-text default-text\">\n12 mois de d\u00e9pannage offerts\n        <\/span>\n        <span class=\"banner-text article-text\">\nD\u00e9couvrez notre large stock de voitures d\u2019occasion fiables\n        <\/span>\n    <\/div>\n    <div class=\"stock-banner\">\n<svg width=\"24\" height=\"24\" viewBox=\"0 0 24 24\" fill=\"none\" xmlns=\"http:\/\/www.w3.org\/2000\/svg\">\n<path d=\"M4 12.5L9.5 17L19 7\" stroke=\"#00418c\" stroke-width=\"2.5\" stroke-linecap=\"round\" stroke-linejoin=\"round\"\/>\n<\/svg>\n      <span class=\"banner-text\">\n<span class=\"stock-count\">0<\/span> voitures disponibles\n      <\/span>\n    <\/div>\n  <\/div>\n<\/div>\n\n<div class=\"row align-center roadside-assistance-popup lightbox-by-id lightbox-content lightbox-white mfp-hide\"  id=\"row-335414194\">\n\n\n\t<div id=\"col-610645403\" class=\"col dialog-container medium-6 small-12 large-6\"  >\n\t\t\t\t<div class=\"col-inner\" style=\"background-color:rgb(255, 255, 255);\" >\n\t\t\t\n\t\t\t\n\n\t<div class=\"img has-hover x md-x lg-x y md-y lg-y\" id=\"image_1041567289\">\n\t\t\t\t\t\t\t\t<div class=\"img-inner dark\" >\n\t\t\t<img loading=\"lazy\" decoding=\"async\" width=\"1020\" height=\"680\" src=\"\/wp-content\/uploads\/2025\/04\/Touring_221026_3058_NL-1-1024x683.webp\" class=\"attachment-large size-large\" alt=\"Roadside Assistance Banner NL\" srcset=\"\/wp-content\/uploads\/2025\/04\/Touring_221026_3058_NL-1-1024x683.webp 1024w, \/wp-content\/uploads\/2025\/04\/Touring_221026_3058_NL-1-300x200.webp 300w, \/wp-content\/uploads\/2025\/04\/Touring_221026_3058_NL-1-768x512.webp 768w, \/wp-content\/uploads\/2025\/04\/Touring_221026_3058_NL-1-1536x1024.webp 1536w, \/wp-content\/uploads\/2025\/04\/Touring_221026_3058_NL-1-2048x1365.webp 2048w\" sizes=\"auto, (max-width: 1020px) 100vw, 1020px\" \/>\t\t\t\t\t\t\n\t\t\t\t\t<\/div>\n\t\t\t\t\t\t\t\t\n<style>\n#image_1041567289 {\n  width: 100%;\n}\n<\/style>\n\t<\/div>\n\t\n\n<div class=\"row\"  id=\"row-400472358\">\n\n\n\t<div id=\"col-1695232463\" class=\"col small-12 large-12\"  >\n\t\t\t\t<div class=\"col-inner\"  >\n\t\t\t\n\t\t\t\n\n\n\n<p data-text-color=\"primary\" class=\"roadside-assistance-title\">\n  <strong>12 mois d\u2019assistance d\u00e9pannage offerts sur tous les v\u00e9hicules<\/strong>\n<\/p>\n<div class=\"roadside-assistance-list\">\n  <div class=\"roadside-assistance-item\">\n      <div class=\"roadside-assistance-circle\">1<\/div>\n      <div class=\"roadside-assistance-text\">Trouvez votre v\u00e9hicule<\/div>\n  <\/div>\n  <div class=\"roadside-assistance-item\">\n      <div class=\"roadside-assistance-circle\">2<\/div>\n      <div class=\"roadside-assistance-text\">Rendez-vous dans votre concession<\/div>\n  <\/div>\n  <div class=\"roadside-assistance-item\">\n      <div class=\"roadside-assistance-circle\">3<\/div>\n      <div class=\"roadside-assistance-text\">Le vendeur active instantan\u00e9ment votre assistance<\/div>\n  <\/div>\n  <div class=\"roadside-assistance-item\">\n      <div class=\"roadside-assistance-circle\">\u2713<\/div>\n      <div class=\"roadside-assistance-text\"><strong>Profitez de votre assistance pendant 12 mois<\/strong><\/div>\n  <\/div>\n<\/div>\n<div class=\"roadside-assistance-sublist\">\n<div>\n<span class=\"checkmark \">\u2713<\/span>\n<span>Dans toute la Belgique<\/span>\n<\/div>\n<div>\n<span class=\"checkmark \">\u2713<\/span>\n<span>V\u00e9hicule de remplacement<\/span>\n<\/div>\n<\/div>\n\n\n\t\t<\/div>\n\t\t\t\t\t<\/div>\n\n\t\n\n\t<div id=\"col-60599758\" class=\"col small-12 large-12\"  >\n\t\t\t\t<div class=\"col-inner\"  >\n\t\t\t\n\t\t\t\n\n\n\n<div class=\"car-item-detail d-flex\"> \n         <a href=\"https:\/\/carselect.touring.be\/fr\/services-solutions\/#roadside-assistance\">\n         <div class=\"more-info-button bold\">\n Plus d\u2019information\n         <\/div>\n           <\/a>\n<button class=\"button success lowercase service-link close\">Fermer<\/button>\n      <\/div>\n\n\n\t\t<\/div>\n\t\t\t\t\t<\/div>\n\n\t\n\n\n<style>\n#row-400472358 > .col > .col-inner {\n  padding: 0px 24px 0px 24px;\n}\n<\/style>\n<\/div>\n\n\t\t<\/div>\n\t\t\t\t\t<\/div>\n\n\t\n\n<\/div>\n\n\n<script>\ndocument.querySelector('.roadside-assistance-popup').setAttribute('id', 'roadside-assistance-popup');\n\ndocument.querySelector('.roadside-assistance-popup .button.close').addEventListener('click', function() {\n$.magnificPopup.close();\n});\n\nif (window.location.pathname.includes(\"blog\")) {\n  const toShow = document.querySelectorAll(\".article-text\");\n  toShow.forEach(el => {\n    el.style.display=\"inline\";\n  });\n} else {\n  const toShow = document.querySelectorAll(\".default-text\");\n  toShow.forEach(el => {\n    el.style.display=\"inline\";\n  });\n}\n<\/script>\n\n\n\n\t<section class=\"section news-details\" id=\"section_1540089708\">\n\t\t<div class=\"section-bg fill\" >\n\t\t\t\t\t\t\t\t\t\n\t\t\t\n\n\t\t<\/div>\n\n\t\t\n\n\t\t<div class=\"section-content relative\">\n\t\t\t\n\n<div class=\"row row-large\"  id=\"row-1514821785\">\n\n\n\t<div id=\"col-187567670\" class=\"col small-12 large-12\"  >\n\t\t\t\t<div class=\"col-inner\"  >\n\t\t\t\n\t\t\t\n\n<div class=\"container section-title-container\" ><h1 class=\"section-title section-title-normal\"><b><\/b><span class=\"section-title-main\" >Vignette Crit Air France : zones \u00e0 faibles \u00e9missions expliqu\u00e9es pour les conducteurs belges<\/span><b><\/b><\/h1><\/div>\n\n\t<div class=\"img has-hover x md-x lg-x y md-y lg-y\" id=\"image_1317717662\">\n\t\t\t\t\t\t\t\t<div class=\"img-inner dark\" >\n\t\t\t<img loading=\"lazy\" decoding=\"async\" width=\"1000\" height=\"664\" src=\"\/wp-content\/uploads\/2025\/12\/vignette-crit-air-france\u200b-header.jpg\" class=\"attachment-large size-large\" alt=\"vignette crit air france\u200b\" srcset=\"\/wp-content\/uploads\/2025\/12\/vignette-crit-air-france\u200b-header.jpg 1000w, \/wp-content\/uploads\/2025\/12\/vignette-crit-air-france\u200b-header-300x199.jpg 300w, \/wp-content\/uploads\/2025\/12\/vignette-crit-air-france\u200b-header-768x510.jpg 768w\" sizes=\"auto, (max-width: 1000px) 100vw, 1000px\" \/>\t\t\t\t\t\t\n\t\t\t\t\t<\/div>\n\t\t\t\t\t\t\t\t\n<style>\n#image_1317717662 {\n  width: 100%;\n}\n<\/style>\n\t<\/div>\n\t\n\n\n\t\t<\/div>\n\t\t\t\t\n<style>\n#col-187567670 > .col-inner {\n  margin: 0px 0px 25px 0px;\n}\n<\/style>\n\t<\/div>\n\n\t\n\n\t<div id=\"col-46116378\" class=\"col medium-8 small-12 large-8\"  >\n\t\t\t\t<div class=\"col-inner\"  >\n\t\t\t\n\t\t\t\n\n<p>Un citytrip \u00e0 Paris, un trajet ensoleill\u00e9 vers la C\u00f4te d\u2019Azur ou simplement une travers\u00e9e rapide vers l\u2019Espagne ? La France reste une destination de choix pour les automobilistes belges. Mais ce que beaucoup ignorent : dans un nombre croissant de villes fran\u00e7aises, la vignette environnementale Crit\u2019Air est obligatoire. De plus en plus de pays europ\u00e9ens instaurent des zones \u00e0 faibles \u00e9missions pour r\u00e9duire la pollution de l\u2019air ; la France n\u2019\u00e9chappe pas \u00e0 cette tendance et applique ses propres r\u00e8gles.   <\/p>\n<p>Sans cette fameuse vignette Crit\u2019Air, vous risquez une amende allant de 68 \u00e0 135 \u20ac \u2013 m\u00eame si vous traversez une zone sans vous arr\u00eater. Cette vignette sp\u00e9ciale se d\u00e9cline en plusieurs couleurs selon le niveau d\u2019\u00e9mission de votre v\u00e9hicule, et elle est exig\u00e9e pour acc\u00e9der \u00e0 certaines zones. Et oui, les contr\u00f4les sont fr\u00e9quents : la police locale et des cam\u00e9ras v\u00e9rifient si votre vignette est visible et conforme.  <\/p>\n<p>D\u2019o\u00f9 cet article pratique. Pas de d\u00e9tour via des sites commerciaux, pas d\u2019explications floues. Juste l\u2019essentiel : que devez-vous savoir en tant que Belge sur la vignette Crit\u2019Air en France en 2025 ?   <strong>Quelle couleur faut-il ? O\u00f9 l\u2019acheter ? Et qu\u2019en est-il des voitures \u00e9lectriques ou des anciens diesels ?<br \/>  <\/strong><\/p>\n<p>Spoiler : vous devez commander la seule vignette officielle en ligne \u00e0 temps et la coller sur votre pare-brise avant de franchir la fronti\u00e8re.<\/p>\n<p>Suivez notre guide pas \u00e0 pas. Vous roulerez ainsi l\u2019esprit tranquille en France \u2013 sans mauvaise surprise des autorit\u00e9s fran\u00e7aises.  <\/p>\n\n\n<script type=\"text\/javascript\">\n    var seoPlugins = window.seoPlugins || [];\n\n    seoPlugins.push({\n        \"PluginCode\": \"a9f957e3-d8b9-4005-bf73-c81df6fc4833\",\n        \"PluginName\": \"#lsqdfqsdf\",\n        \"FilterCookie\": {\"FuelTypeIds\":[\"3\",\"4\"],\"CarCategoryIds\":[\"1\"]}\n    })\n\n    window.seoPlugins = seoPlugins;\n\n    var seoPlugins = window.seoPlugins || [];\n\n    for (var i = 0; i < seoPlugins.length; i++) {\n        var pluginData = seoPlugins[i];\n        CFM.API.enable(pluginData.PluginCode, pluginData.PluginName, null, {\n            FilterCookie: pluginData.FilterCookie\n        });\n    }\n<\/script>\n<div id=\"lsqdfqsdf\"><\/div>\n\n<div class=\"container section-title-container\" ><h2 class=\"section-title section-title-normal\"><b><\/b><span class=\"section-title-main\" >Qu\u2019est-ce que la vignette Crit\u2019Air ? (Et pourquoi la France l\u2019impose)<\/span><b><\/b><\/h2><\/div>\n\n<p>La vignette Crit\u2019Air est un certificat qualit\u00e9 de l\u2019air obligatoire pour circuler dans certaines villes et r\u00e9gions fran\u00e7aises. Aussi appel\u00e9e vignette Crit\u2019Air ou certificat qualit\u00e9 de l\u2019air, elle constitue un marquage officiel visant \u00e0 classer les v\u00e9hicules selon leur niveau d\u2019\u00e9missions polluantes. Ce syst\u00e8me a \u00e9t\u00e9 mis en place par la France pour am\u00e9liorer la qualit\u00e9 de l\u2019air et limiter progressivement l\u2019acc\u00e8s aux v\u00e9hicules les plus polluants.  <\/p>\n<p>La France compte plusieurs zones \u00e0 faibles \u00e9missions mobilit\u00e9 (ZFE-m), chacune avec ses propres r\u00e8gles et crit\u00e8res d\u2019acc\u00e8s. Pour y circuler, un certificat qualit\u00e9 de l\u2019air est indispensable. C\u2019est la cat\u00e9gorie Crit\u2019Air qui d\u00e9termine si votre v\u00e9hicule peut ou non entrer dans une zone.  <\/p>\n<p>Cette mesure s\u2019inscrit dans une politique plus large en faveur de la mobilit\u00e9 durable. En cas de pic de pollution, certaines agglom\u00e9rations peuvent restreindre temporairement la circulation aux v\u00e9hicules les plus propres, en interdisant par exemple tous ceux qui ne disposent pas d\u2019une vignette en r\u00e8gle.  <\/p>\n<p>Autrement dit : ce n\u2019est pas une simple formalit\u00e9, mais une obligation \u00e0 respecter pour \u00e9viter une amende ou un interdit de circuler. \u00c0 Paris, Lyon, Strasbourg ou Grenoble, la pr\u00e9sence de cette vignette est d\u00e9j\u00e0 devenue un r\u00e9flexe quotidien. <\/p>\n<h3><strong>Six couleurs, six cat\u00e9gories Crit\u2019Air : du vert au gris<\/strong><\/h3>\n<p>Chaque vignette Crit\u2019Air France est associ\u00e9e \u00e0 une couleur, qui refl\u00e8te le niveau d\u2019\u00e9mission polluante de votre v\u00e9hicule. Il en existe six, class\u00e9es de 0 (la plus propre) \u00e0 5 (la plus polluante). <\/p>\n<table style=\"min-width: 75px\">\n<colgroup>\n<col style=\"min-width: 25px\">\n<col style=\"min-width: 25px\">\n<col style=\"min-width: 25px\"><\/colgroup>\n<tbody>\n<tr>\n<th colspan=\"1\" rowspan=\"1\">\n<p><strong>Cat\u00e9gorie<\/strong><\/p>\n<\/th>\n<th colspan=\"1\" rowspan=\"1\">\n<p><strong>Couleur<\/strong><\/p>\n<\/th>\n<th colspan=\"1\" rowspan=\"1\">\n<p><strong>Type de v\u00e9hicule<\/strong><\/p>\n<\/th>\n<\/tr>\n<tr>\n<td colspan=\"1\" rowspan=\"1\">\n<p>Crit\u2019Air 0<\/p>\n<\/td>\n<td colspan=\"1\" rowspan=\"1\">\n<p>Vert<\/p>\n<\/td>\n<td colspan=\"1\" rowspan=\"1\">\n<p>100 % \u00e9lectriques ou \u00e0 hydrog\u00e8ne<\/p>\n<\/td>\n<\/tr>\n<tr>\n<td colspan=\"1\" rowspan=\"1\">\n<p>Crit\u2019Air 1<\/p>\n<\/td>\n<td colspan=\"1\" rowspan=\"1\">\n<p>Violet<\/p>\n<\/td>\n<td colspan=\"1\" rowspan=\"1\">\n<p>V\u00e9hicules essence r\u00e9cents, hybrides<\/p>\n<\/td>\n<\/tr>\n<tr>\n<td colspan=\"1\" rowspan=\"1\">\n<p>Crit\u2019Air 2<\/p>\n<\/td>\n<td colspan=\"1\" rowspan=\"1\">\n<p>Jaune<\/p>\n<\/td>\n<td colspan=\"1\" rowspan=\"1\">\n<p>Diesel r\u00e9cents (normes Euro 5 et Euro 6)<\/p>\n<\/td>\n<\/tr>\n<tr>\n<td colspan=\"1\" rowspan=\"1\">\n<p>Crit\u2019Air 3<\/p>\n<\/td>\n<td colspan=\"1\" rowspan=\"1\">\n<p>Orange<\/p>\n<\/td>\n<td colspan=\"1\" rowspan=\"1\">\n<p>Essence plus anciens (normes Euro 2 \u00e0 4)<\/p>\n<\/td>\n<\/tr>\n<tr>\n<td colspan=\"1\" rowspan=\"1\">\n<p>Crit\u2019Air 4<\/p>\n<\/td>\n<td colspan=\"1\" rowspan=\"1\">\n<p>Bordeaux<\/p>\n<\/td>\n<td colspan=\"1\" rowspan=\"1\">\n<p>Diesel plus anciens (normes Euro 3 \u00e0 4)<\/p>\n<\/td>\n<\/tr>\n<tr>\n<td colspan=\"1\" rowspan=\"1\">\n<p>Crit\u2019Air 5<\/p>\n<\/td>\n<td colspan=\"1\" rowspan=\"1\">\n<p>Gris<\/p>\n<\/td>\n<td colspan=\"1\" rowspan=\"1\">\n<p>Diesel tr\u00e8s anciens (norme Euro 2 ou plus anciens)<\/p>\n<\/td>\n<\/tr>\n<\/tbody>\n<\/table>\n<p>La vignette Crit\u2019Air 2, souvent de couleur jaune, est attribu\u00e9e aux v\u00e9hicules diesel plus anciens, mais encore autoris\u00e9s en zone \u00e0 faibles \u00e9missions dans des conditions normales. Lors d\u2019un \u00e9pisode de pollution intense, ces v\u00e9hicules peuvent se voir refuser l\u2019acc\u00e8s. <\/p>\n<p>Attention : si votre v\u00e9hicule est trop ancien (diesel d\u2019avant 1997, par exemple), il n\u2019est pas \u00e9ligible \u00e0 une vignette Crit\u2019Air. Cela signifie que vous ne pourrez pas circuler en zone r\u00e9glement\u00e9e, m\u00eame temporairement.  <\/p>\n<h3><strong>Qu\u2019est-ce qui d\u00e9termine la couleur de votre vignette Crit\u2019Air ? <\/strong><\/h3>\n<p>Plusieurs facteurs sont pris en compte dans l\u2019attribution de votre certificat qualit\u00e9 de l\u2019air :<\/p>\n<ul>\n<li>\n<p>Le type de carburant (essence, diesel, hybride, \u00e9lectrique ou GPL)<\/p>\n<\/li>\n<li>\n<p>Les \u00e9missions de CO\u2082 (calcul\u00e9es indirectement via la norme Euro et la date d\u2019immatriculation)<\/p>\n<\/li>\n<li>\n<p>La norme Euro de votre v\u00e9hicule<\/p>\n<\/li>\n<li>\n<p>Le type de v\u00e9hicule : voiture particuli\u00e8re, utilitaire, moto, camping-car ou poids lourd<\/p>\n<\/li>\n<\/ul>\n<p>Vous trouverez <a target=\"_blank\" rel=\"noopener noreferrer\" href=\"https:\/\/carselect.touring.be\/fr\/blog\/norme-euro-voiture-explication-tableaux-conseils\/\">la norme Euro <\/a>sur votre certificat d\u2019immatriculation (carte grise). Plus votre v\u00e9hicule est r\u00e9cent et moins il pollue, meilleure sera sa cat\u00e9gorie Crit\u2019Air, ce qui vous ouvrira davantage de zones \u00e0 la circulation. <\/p>\n<p>Les voitures \u00e9lectriques obtiennent toujours la vignette Crit&rsquo;Air 0 (verte). De nombreux v\u00e9hicules hybrides peuvent pr\u00e9tendre \u00e0 la vignette Crit&rsquo;Air 1. Les vieux v\u00e9hicules diesel ? Ils doivent souvent se contenter de la vignette Crit&rsquo;Air 4 ou 5, voire sont totalement exclus. Les v\u00e9hicules les plus polluants ne re\u00e7oivent souvent aucune vignette et ne sont pas autoris\u00e9s \u00e0 circuler dans certaines zones.    <\/p>\n<h2><strong>La vignette Crit\u2019Air est-elle obligatoire en France ?<\/strong><\/h2>\n<p>Oui. Le certificat qualit\u00e9 de l\u2019air (vignette Crit\u2019Air) est obligatoire dans de nombreuses villes et r\u00e9gions fran\u00e7aises pour tous les v\u00e9hicules, y compris les v\u00e9hicules immatricul\u00e9s en Belgique. M\u00eame les touristes belges doivent s\u2019y conformer.  <\/p>\n<p>Dans de plus en plus de zones \u00e0 faibles \u00e9missions (ZFE), cette vignette est indispensable pour pouvoir circuler librement et \u00e9viter les amendes. La France a instaur\u00e9 cette obligation pour am\u00e9liorer la qualit\u00e9 de l\u2019air dans les zones urbaines fortement pollu\u00e9es. Et cette r\u00e9glementation devient chaque ann\u00e9e plus stricte.  <\/p>\n<p>Sans certificat Crit\u2019Air valide, vous risquez une amende allant jusqu\u2019\u00e0 135 \u20ac, souvent avant m\u00eame d\u2019avoir atteint le centre-ville.<\/p>\n<h3><strong>Quand faut-il une vignette Crit\u2019Air en France ?<\/strong><\/h3>\n<p>Vous devez apposer la vignette Crit\u2019Air sur votre pare-brise d\u00e8s que vous entrez dans une zone environnementale (ZCR ou ZFE). Cela peut \u00eatre une zone permanente (comme \u00e0 Paris ou Lyon) \u2013 appel\u00e9e Zone \u00e0 Circulation Restreinte \u2013 ou une zone temporaire, activ\u00e9e lors d\u2019un pic de pollution ou d\u2019un \u00e9pisode de smog. <\/p>\n<p>Important : la vignette doit \u00eatre en place avant d\u2019entrer dans la zone. Il n\u2019est donc pas possible d\u2019en acheter une sur place, \u00e0 une station-service par exemple. <\/p>\n<p>En 2025, les r\u00e8gles se durcissent :<\/p>\n<ul>\n<li>\n<p>De plus en plus de villes exigent une vignette Crit\u2019Air 2 ou 3 minimum<\/p>\n<\/li>\n<li>\n<p>Les v\u00e9hicules diesel plus anciens (Crit\u2019Air 4 ou 5) sont exclus de nombreuses zones<\/p>\n<\/li>\n<li>\n<p>Et cela concerne aussi les conducteurs belges en vacances<\/p>\n<\/li>\n<\/ul>\n<p>Aucune d\u00e9rogation ou preuve temporaire ne remplace la vraie vignette : seul le certificat qualit\u00e9 de l\u2019air officiel (Crit\u2019Air) est accept\u00e9. <\/p>\n<p>Sans vignette, vous \u00eates passible d\u2019une amende, m\u00eame si vous ne faites que traverser bri\u00e8vement une zone r\u00e9glement\u00e9e.<\/p>\n\t<div class=\"img has-hover x md-x lg-x y md-y lg-y\" id=\"image_796773018\">\n\t\t\t\t\t\t\t\t<div class=\"img-inner dark\" >\n\t\t\t<img loading=\"lazy\" decoding=\"async\" width=\"1000\" height=\"666\" src=\"\/wp-content\/uploads\/2025\/12\/vignette-crit-air-france-zone.jpg\" class=\"attachment-large size-large\" alt=\"vignette crit air france\u200b zone\" srcset=\"\/wp-content\/uploads\/2025\/12\/vignette-crit-air-france-zone.jpg 1000w, \/wp-content\/uploads\/2025\/12\/vignette-crit-air-france-zone-300x200.jpg 300w, \/wp-content\/uploads\/2025\/12\/vignette-crit-air-france-zone-768x511.jpg 768w\" sizes=\"auto, (max-width: 1000px) 100vw, 1000px\" \/>\t\t\t\t\t\t\n\t\t\t\t\t<\/div>\n\t\t\t\t\t\t\t\t\n<style>\n#image_796773018 {\n  width: 100%;\n}\n<\/style>\n\t<\/div>\n\t\n\n\n\n<script type=\"text\/javascript\">\n    var seoPlugins = window.seoPlugins || [];\n\n    seoPlugins.push({\n        \"PluginCode\": \"a9f957e3-d8b9-4005-bf73-c81df6fc4833\",\n        \"PluginName\": \"#generaloverviewdww\",\n        \"FilterCookie\": {\"CarCategoryIds\":[\"1\",\"2\"]}\n    })\n\n    window.seoPlugins = seoPlugins;\n\n    var seoPlugins = window.seoPlugins || [];\n\n    for (var i = 0; i < seoPlugins.length; i++) {\n        var pluginData = seoPlugins[i];\n        CFM.API.enable(pluginData.PluginCode, pluginData.PluginName, null, {\n            FilterCookie: pluginData.FilterCookie\n        });\n    }\n<\/script>\n<div id=\"generaloverviewdww\"><\/div>\n\n<div class=\"container section-title-container\" ><h3 class=\"section-title section-title-normal\"><b><\/b><span class=\"section-title-main\" >O\u00f9 la vignette est-elle obligatoire ? (Zones permanentes vs zones temporaires)<\/span><b><\/b><\/h3><\/div>\n\n<p>La France applique deux types de zones \u00e0 faibles \u00e9missions (ZFE), d\u00e9finies par les autorit\u00e9s locales. <\/p>\n<p>La premi\u00e8re est la zone \u00e0 faibles \u00e9missions permanente (ZFE-m), qui s&rsquo;applique dans les grandes villes et o\u00f9 l&rsquo;acc\u00e8s d\u00e9pend de la vignette environnementale. Les autorit\u00e9s locales d\u00e9terminent elles-m\u00eames quels v\u00e9hicules et quelles p\u00e9riodes rel\u00e8vent de ces zones, et cela vaut tant pour les v\u00e9hicules nationaux qu&rsquo;\u00e9trangers. <\/p>\n<p>Par ailleurs, il existe la zone environnementale temporaire, qui est instaur\u00e9e pendant les p\u00e9riodes de pollution atmosph\u00e9rique extr\u00eame. En cas de pollution atmosph\u00e9rique grave, il peut arriver qu&rsquo;une zone temporaire s&rsquo;ajoute, ce qui rend les r\u00e8gles temporairement plus strictes. La zone environnementale temporaire peut \u00eatre \u00e9tendue, avec par exemple des limitations de vitesse plus s\u00e9v\u00e8res ou des restrictions d&rsquo;acc\u00e8s suppl\u00e9mentaires, qui peuvent varier d&rsquo;un jour \u00e0 l&rsquo;autre et sont souvent annonc\u00e9es via les m\u00e9dias et les panneaux le long de la route.  <\/p>\n<h4><strong>1. Zones permanentes (ZFE-m)<\/strong><\/h4>\n<p>Dans ces zones, les r\u00e8gles s\u2019appliquent toute l\u2019ann\u00e9e, en fonction de la classe Crit\u2019Air de votre v\u00e9hicule. C\u2019est le cas notamment \u00e0 : <\/p>\n<ul>\n<li>\n<p>Paris et l\u2019\u00cele-de-France (acc\u00e8s tr\u00e8s restreint)<\/p>\n<\/li>\n<li>\n<p><strong>Lyon<\/strong><\/p>\n<\/li>\n<li>\n<p><strong>Grenoble<\/strong><\/p>\n<\/li>\n<li>\n<p><strong>Strasbourg<\/strong><\/p>\n<\/li>\n<li>\n<p><strong>Toulouse<\/strong><\/p>\n<\/li>\n<li>\n<p><strong>Marseille<\/strong><\/p>\n<\/li>\n<li>\n<p><strong>Rouen<\/strong><\/p>\n<\/li>\n<li>\n<p><strong>Montpellier<\/strong><\/p>\n<\/li>\n<li>\n<p>\u2026 et d\u2019autres villes qui durciront l\u2019acc\u00e8s d\u00e8s le 1er janvier 2025, en excluant les Crit\u2019Air 4 et 5.<\/p>\n<\/li>\n<\/ul>\n<p>Ces zones sont signal\u00e9es par des panneaux \u00e9lectroniques avec le symbole ou le texte \u201cZone \u00e0 Circulation Restreinte\u201d.<\/p>\n<h4><strong>2. Zones temporaires (ZPA)<\/strong><\/h4>\n<p>Lorsqu\u2019un pic de pollution se produit (ozone, particules\u2026), certaines villes peuvent activer temporairement une zone environnementale. Ces restrictions peuvent durer quelques jours et sont annonc\u00e9es par les m\u00e9dias et via les panneaux routiers. <\/p>\n<p>Exemples de villes qui activent ce type de zones :<\/p>\n<ul>\n<li>\n<p><strong>Lille<\/strong><\/p>\n<\/li>\n<li>\n<p><strong>Bordeaux<\/strong><\/p>\n<\/li>\n<li>\n<p><strong>Clermont-Ferrand<\/strong><\/p>\n<\/li>\n<li>\n<p><strong>Annecy<\/strong><\/p>\n<\/li>\n<li>\n<p><strong>Nancy<\/strong><\/p>\n<\/li>\n<li>\n<p>\u2026et bien d\u2019autres<\/p>\n<\/li>\n<\/ul>\n<p>Si vous ne disposez pas de vignette, vous devrez quitter la zone ou risquer une amende \u2013 m\u00eame pour un court trajet. <\/p>\n<blockquote>\n<p>\ud83d\udd17 Voyagez-vous \u00e9galement via d&rsquo;autres pays ? Lisez alors certainement aussi notre article sur la <a href=\"https:\/\/carselect.touring.be\/fr\/blog\/vignette-autriche-2025-voyagez-sans-souci-au-dela-de-la-frontiere\/\" target=\"_blank\" rel=\"noopener noreferrer\">vignette Autriche 2025<\/a>, la <a href=\"https:\/\/carselect.touring.be\/fr\/blog\/vignette-suisse-2025-obligatoire-numerique\/\" target=\"_blank\" rel=\"noopener noreferrer\">vignette Suisse 2025<\/a>, la v<a href=\"https:\/\/carselect.touring.be\/fr\/blog\/vignette-allemagne-ou-acheter-quelle-couleur\/\" target=\"_blank\" rel=\"noopener noreferrer\">ignette Allemagne<\/a> et la <a href=\"https:\/\/carselect.touring.be\/fr\/blog\/vignette-slovenie-2025-informations-essentielles-pour-votre-voyage\/\" target=\"_blank\" rel=\"noopener noreferrer\">vignette Slov\u00e9nie 2025<\/a>. <\/p>\n<\/blockquote>\n<h2><strong>Les villes et r\u00e9gions fran\u00e7aises contr\u00f4lent-elles strictement\u202f?<\/strong><\/h2>\n<p>Toutes les villes fran\u00e7aises ne contr\u00f4lent pas avec la m\u00eame rigueur, mais certaines r\u00e9gions appliquent des contr\u00f4les tr\u00e8s stricts. En France, ce sont les autorit\u00e9s locales qui d\u00e9terminent les zones \u00e0 faibles \u00e9missions et les modalit\u00e9s de contr\u00f4le. Les grandes villes avec beaucoup de trafic et une mauvaise qualit\u00e9 de l\u2019air ciblent activement les v\u00e9hicules polluants. Et cela se remarque imm\u00e9diatement\u202f: les amendes sont distribu\u00e9es de fa\u00e7on syst\u00e9matique via des cam\u00e9ras fixes et des contr\u00f4les mobiles de la police.   <\/p>\n<h3><strong>Zoom sur Paris, Lyon, Strasbourg et Grenoble<\/strong><\/h3>\n<p>La France applique une politique environnementale stricte dans ses grandes villes, avec comme objectif principal d\u2019am\u00e9liorer la qualit\u00e9 de l\u2019air.<\/p>\n<p>Ces quatre villes sont en t\u00eate en mati\u00e8re de contr\u00f4le. Chacune avec ses propres r\u00e8gles, amendes et exceptions. <\/p>\n<h4><strong>Paris<\/strong><\/h4>\n<p>Paris applique les r\u00e8gles les plus strictes. \u00c0 l\u2019int\u00e9rieur du boulevard p\u00e9riph\u00e9rique, le Crit\u2019Air 3 ou sup\u00e9rieur est exig\u00e9, et les diesels immatricul\u00e9s avant 2011 y sont compl\u00e8tement interdits. <\/p>\n<p>\u00c0 partir du 1er janvier 2025, seuls les v\u00e9hicules portant un Crit\u2019Air 1 ou 2 pourront encore y circuler \u2013 les voitures essence d\u2019avant 2006 et tous les vieux diesels seront exclus.<\/p>\n<p><strong>Amende en cas de contr\u00f4le sans vignette valide\u202f? 135\u202f\u20ac. <\/strong><\/p>\n<p>Attention\u202f: la ville utilise des cam\u00e9ras ANPR (reconnaissance automatique des plaques) et m\u00e8ne des contr\u00f4les renforc\u00e9s lors des pics de pollution. M\u00eame les plaques belges sont automatiquement scann\u00e9es. <\/p>\n<h4><strong>Lyon<\/strong><\/h4>\n<p>\u00c0 Lyon, la ZFE couvre la rive gauche du Rh\u00f4ne et la commune de Villeurbanne.<\/p>\n<p>Pour la majorit\u00e9 des v\u00e9hicules, les Crit\u2019Air 0, 1 ou 2 sont obligatoires. Les diesels avec Crit\u2019Air 4 ou 5 sont interdits, y compris pour les touristes. <\/p>\n<p>Lyon \u00e9tend encore sa zone en 2025. Attendez-vous \u00e0 des contr\u00f4les renforc\u00e9s et des amendes lors des inspections locales. <\/p>\n<h4><strong>Strasbourg<\/strong><\/h4>\n<p>Strasbourg dispose d\u2019une zone environnementale active (ZFE), qui se durcit progressivement depuis 2022.<\/p>\n<p>Depuis 2024, les Crit\u2019Air 4 et inf\u00e9rieurs sont exclus, et en 2025, le Crit\u2019Air 3 sera \u00e9galement interdit.<\/p>\n<p>Une p\u00e9riode de tol\u00e9rance avec avertissements existe, mais elle ne concerne que les plaques fran\u00e7aises. Les v\u00e9hicules belges sont directement verbalis\u00e9s en cas d\u2019infraction. <\/p>\n<h4><strong>Grenoble<\/strong><\/h4>\n<p>Grenoble est une des villes pionni\u00e8res en mati\u00e8re de ZFE, avec une application stricte d\u00e8s le d\u00e9part.<\/p>\n<p>Depuis 2023, les v\u00e9hicules Crit\u2019Air 5 et 4 sont interdits, et en 2025, le Crit\u2019Air 3 deviendra aussi obligatoire.<\/p>\n<p>Ici aussi\u202f: cam\u00e9ras fixes, zones bien signal\u00e9es, et pas de cl\u00e9mence pour les v\u00e9hicules \u00e9trangers sans vignette.<\/p>\n<h3><strong>Attention aux zones temporaires lors des pics de pollution<\/strong><\/h3>\n<p>En plus des ZFE permanentes, les autorit\u00e9s locales peuvent activer des zones environnementales temporaires (ZPA) en cas de pollution intense. Cela se produit souvent lors d\u2019alertes \u00e0 l\u2019ozone ou pendant les fortes chaleurs estivales. <\/p>\n<p>Ce qu\u2019il faut savoir<\/p>\n<ul>\n<li>\n<p>Vous avez toujours besoin d\u2019une vignette valide, m\u00eame si la ZPA n\u2019est pas visible sur les cartes habituelles.<\/p>\n<\/li>\n<li>\n<p>Les restrictions entrent g\u00e9n\u00e9ralement en vigueur d\u00e8s 6h du matin, et restent valables jusqu\u2019\u00e0 am\u00e9lioration de la qualit\u00e9 de l\u2019air.<\/p>\n<\/li>\n<li>\n<p>Elles incluent souvent une baisse des limitations de vitesse, des interdictions pour les v\u00e9hicules Crit\u2019Air 3\/4\/5, voire une exclusion totale des v\u00e9hicules polluants.<\/p>\n<\/li>\n<\/ul>\n<p>v\u00e9hicules Crit\u2019Air 3\/4\/5, voire une exclusion totale des v\u00e9hicules polluants.<br \/>Exemples de villes o\u00f9 les ZPA sont r\u00e9guli\u00e8rement activ\u00e9es\u202f:<\/p>\n<ul>\n<li>\n<p><strong>Bordeaux<\/strong><\/p>\n<\/li>\n<li>\n<p><strong>Lille<\/strong><\/p>\n<\/li>\n<li>\n<p><strong>Annecy<\/strong><\/p>\n<\/li>\n<li>\n<p><strong>Clermont-Ferrand<\/strong><\/p>\n<\/li>\n<li>\n<p><strong>Valence<\/strong><\/p>\n<\/li>\n<li>\n<p><strong>Avignon<\/strong><\/p>\n<\/li>\n<\/ul>\n<p>Ce qui complique la situation\u202f? Les r\u00e8gles varient selon la r\u00e9gion. V\u00e9rifiez donc toujours la situation locale juste avant votre d\u00e9part, via <a href=\"https:\/\/www.certificat-air.gouv.fr\" target=\"_blank\" rel=\"noopener noreferrer\">certificat-air.gouv <\/a>ou les applications officielles des autorit\u00e9s locales. <\/p>\n<h2><strong>O\u00f9 et comment acheter la vignette Crit\u2019Air pour la France\u202f?<\/strong><\/h2>\n<p>La vignette Crit\u2019Air est uniquement valable si vous l\u2019achetez correctement et \u00e0 temps. Et non, vous ne pouvez pas l\u2019obtenir \u00e0 la fronti\u00e8re ni dans une station-service. Si vous entrez en France sans vignette valide et que vous circulez dans une zone \u00e0 faibles \u00e9missions, vous risquez une amende allant jusqu\u2019\u00e0 135\u202f\u20ac.  <\/p>\n<h3><strong>Uniquement via le site officiel du gouvernement fran\u00e7ais<\/strong><\/h3>\n<p>Le seul site officiel pour commander une vignette Crit\u2019Air valable est le suivant\u202f: <a href=\"https:\/\/www.certificat-air.gouv.fr\" target=\"_blank\" rel=\"noopener noreferrer\">https:\/\/www.certificat-air.gouv.fr<\/a><\/p>\n<p>La proc\u00e9dure se fait enti\u00e8rement en ligne. Voici ce dont vous avez besoin\u202f: <\/p>\n<ul>\n<li>\n<p>Une copie du certificat d\u2019immatriculation (partie avant) \u2013 en PDF ou JPG<\/p>\n<\/li>\n<li>\n<p><strong>Votre adresse postale pour l\u2019envoi<\/strong><\/p>\n<\/li>\n<li>\n<p><strong>Un paiement par carte de cr\u00e9dit ou Bancontact<\/strong><\/p>\n<\/li>\n<\/ul>\n<p>Apr\u00e8s votre demande, vous recevez\u202f:<\/p>\n<ol>\n<li>\n<p>Une confirmation num\u00e9rique avec une facture (PDF, imm\u00e9diatement valable)<\/p>\n<\/li>\n<li>\n<p>Quelques jours plus tard\u202f: la vignette physique par courrier postal<\/p>\n<\/li>\n<\/ol>\n<p>Attention aux sites commerciaux qui facturent plus de 20\u202f\u20ac. Le prix officiel est de 4,61\u202f\u20ac (tarif 2025), frais de port vers la Belgique inclus. <\/p>\n<h3><strong>Peut-on acheter la vignette dans une station-service en France\u202f?<\/strong><\/h3>\n<p>Non. Il n\u2019est pas possible d\u2019acheter la vignette Crit\u2019Air physiquement en France, ni \u00e0 la fronti\u00e8re, ni dans une station-service.<\/p>\n<p>La vignette est toujours envoy\u00e9e par courrier apr\u00e8s une commande en ligne. Pourquoi\u202f?<\/p>\n<p>Parce que votre v\u00e9hicule doit d\u2019abord \u00eatre analys\u00e9 sur base de votre certificat d\u2019immatriculation, du type de carburant et de la norme Euro. Cette v\u00e9rification est automatique lors de la demande.  <\/p>\n<p>En r\u00e9sum\u00e9\u202f: commandez votre vignette au moins 10 jours ouvrables avant votre d\u00e9part pour \u00eatre s\u00fbr de la recevoir \u00e0 temps. Vous ne l\u2019avez pas encore re\u00e7ue par la poste\u202f? Votre e-mail de confirmation num\u00e9rique suffit tant que vous pouvez le pr\u00e9senter en cas de contr\u00f4le.  <\/p>\n<h3><strong>Quand commander et comment v\u00e9rifier sa validit\u00e9\u202f?<br \/> <\/strong><\/h3>\n<p>La vignette Crit\u2019Air est\u202f:<\/p>\n<ul>\n<li>\n<p>Valable \u00e0 dur\u00e9e illimit\u00e9e, tant que votre plaque ou v\u00e9hicule ne change pas<\/p>\n<\/li>\n<li>\n<p>lable \u00e0 dur\u00e9e illimit\u00e9e, tant que votre plaque ou v\u00e9hicule ne change pas<br \/>Li\u00e9e \u00e0 votre plaque d\u2019immatriculation, donc non transf\u00e9rable<\/p>\n<\/li>\n<\/ul>\n<p>Nous conseillons de passer commande deux \u00e0 trois semaines avant le d\u00e9part, surtout pendant les p\u00e9riodes de vacances.<\/p>\n<p>Apr\u00e8s votre commande, vous recevez imm\u00e9diatement\u202f:<\/p>\n<ul>\n<li>\n<p>Une facture \u00e9lectronique avec QR-code<\/p>\n<\/li>\n<li>\n<p>Celle-ci vous permet d\u00e9j\u00e0 de rouler l\u00e9galement en France, m\u00eame sans vignette physique \u2014 mais conservez toujours ce document (ou une capture d\u2019\u00e9cran) \u00e0 port\u00e9e de main.<\/p>\n<\/li>\n<\/ul>\n<p>Astuce\u202f: v\u00e9rifiez le statut de votre commande ou la validit\u00e9 de votre vignette via l\u2019e-mail de confirmation ou directement sur le site officiel.<\/p>\n<h2><strong>Que se passe-t-il si vous n\u2019avez pas de vignette Crit\u2019Air\u202f? (Et que vous \u00eates contr\u00f4l\u00e9\u202f?) <\/strong><\/h2>\n<p>Si vous entrez dans une zone \u00e0 faibles \u00e9missions (ZFE) en France sans vignette Crit\u2019Air valide, vous risquez non seulement une amende, mais aussi des retards impr\u00e9vus, des discussions \u00e0 un poste de contr\u00f4le ou des complications en cas d\u2019accident.<\/p>\n<h3><strong>L\u2019amende peut aller jusqu\u2019\u00e0 135\u202f\u20ac<\/strong><\/h3>\n<p>La police fran\u00e7aise effectue des contr\u00f4les cibl\u00e9s dans et autour des villes o\u00f9 la vignette Crit\u2019Air est obligatoire. Sans vignette valide, vous risquez\u202f: Une amende de 68\u202f\u20ac pour les motos et voitures particuli\u00e8res ou une amende de 135\u202f\u20ac pour les utilitaires ou v\u00e9hicules plus lourds. <\/p>\n<p>Dans certaines villes, en cas de r\u00e9cidive, votre droit d\u2019acc\u00e8s \u00e0 la zone peut m\u00eame \u00eatre suspendu. Cela signifie que vous ne pourrez plus entrer dans la ville avec votre v\u00e9hicule pendant un certain temps. <\/p>\n<p>\u00c0 noter\u202f: ces amendes s\u2019appliquent aussi si vous avez oubli\u00e9 de coller la vignette sur votre pare-brise ou si vous utilisez une vignette non officielle achet\u00e9e sur un site commercial.<\/p>\n\t<div class=\"img has-hover x md-x lg-x y md-y lg-y\" id=\"image_658982796\">\n\t\t\t\t\t\t\t\t<div class=\"img-inner dark\" >\n\t\t\t<img loading=\"lazy\" decoding=\"async\" width=\"1000\" height=\"667\" src=\"\/wp-content\/uploads\/2025\/12\/vignette-crit-air-france\u200b-controle.jpg\" class=\"attachment-large size-large\" alt=\"vignette crit air france\u200b contr\u00f4le\" srcset=\"\/wp-content\/uploads\/2025\/12\/vignette-crit-air-france\u200b-controle.jpg 1000w, \/wp-content\/uploads\/2025\/12\/vignette-crit-air-france\u200b-controle-300x200.jpg 300w, \/wp-content\/uploads\/2025\/12\/vignette-crit-air-france\u200b-controle-768x512.jpg 768w\" sizes=\"auto, (max-width: 1000px) 100vw, 1000px\" \/>\t\t\t\t\t\t\n\t\t\t\t\t<\/div>\n\t\t\t\t\t\t\t\t\n<style>\n#image_658982796 {\n  width: 100%;\n}\n<\/style>\n\t<\/div>\n\t\n\n\n\n<script type=\"text\/javascript\">\n    var seoPlugins = window.seoPlugins || [];\n\n    seoPlugins.push({\n        \"PluginCode\": \"a9f957e3-d8b9-4005-bf73-c81df6fc4833\",\n        \"PluginName\": \"#newgeneraloverview\",\n        \"FilterCookie\": {\"CarCategoryIds\":[\"1\",\"2\"]}\n    })\n\n    window.seoPlugins = seoPlugins;\n\n    var seoPlugins = window.seoPlugins || [];\n\n    for (var i = 0; i < seoPlugins.length; i++) {\n        var pluginData = seoPlugins[i];\n        CFM.API.enable(pluginData.PluginCode, pluginData.PluginName, null, {\n            FilterCookie: pluginData.FilterCookie\n        });\n    }\n<\/script>\n<div id=\"newgeneraloverview\"><\/div>\n\n<div class=\"container section-title-container\" ><h3 class=\"section-title section-title-normal\"><b><\/b><span class=\"section-title-main\" >Comment les autorit\u00e9s fran\u00e7aises effectuent-elles les contr\u00f4les\u202f?<\/span><b><\/b><\/h3><\/div>\n\n<p>Le contr\u00f4le se fait \u00e0 la fois de mani\u00e8re visuelle et \u00e9lectronique\u202f:<\/p>\n<ul>\n<li>\n<p>La vignette Crit\u2019Air doit \u00eatre coll\u00e9e visiblement sur le pare-brise, en bas \u00e0 droite<\/p>\n<\/li>\n<li>\n<p>Les services de police scannent votre plaque d\u2019immatriculation et la comparent aux donn\u00e9es enregistr\u00e9es (cat\u00e9gorie, niveau d\u2019\u00e9mission, date d\u2019enregistrement)<\/p>\n<\/li>\n<\/ul>\n<p>Montrer uniquement une preuve num\u00e9rique ne suffit pas.<br \/>La vignette physique est obligatoire, sauf si vous attendez encore sa livraison et que vous avez une preuve de commande r\u00e9cente. <\/p>\n<p>Conseil utile\u202f: gardez toujours une impression papier ou une capture d\u2019\u00e9cran de l\u2019e-mail de confirmation (PDF avec code QR) avec vous, surtout si vous \u00eates encore en attente de r\u00e9ception.<\/p>\n<h2><strong>Comparatif : vignette Crit\u2019Air France vs vignette environnementale Allemagne<\/strong><\/h2>\n<p>Si vous traversez r\u00e9guli\u00e8rement l\u2019Europe en voiture, vous avez sans doute remarqu\u00e9 que les zones \u00e0 faibles \u00e9missions deviennent peu \u00e0 peu la norme. La France et l\u2019Allemagne ont toutes deux introduit une vignette environnementale obligatoire, mais les r\u00e8gles et syst\u00e8mes diff\u00e8rent fortement. <\/p>\n<h3><strong>Deux vignettes obligatoires, mais des approches diff\u00e9rentes<\/strong><\/h3>\n<p>Que ce soit le certificat qualit\u00e9 de l\u2019air (vignette Crit\u2019Air) en France ou la plakette Umwelt en Allemagne, ces deux dispositifs visent \u00e0 limiter l\u2019acc\u00e8s des v\u00e9hicules polluants aux centres-villes. Pourtant, les crit\u00e8res varient. En Allemagne, le syst\u00e8me repose uniquement sur les \u00e9missions de particules fines. La vignette est divis\u00e9e en trois cat\u00e9gories : vert, jaune et rouge. Seule la vignette verte donne encore acc\u00e8s \u00e0 la majorit\u00e9 des villes allemandes. <\/p>\n<p>En France, le syst\u00e8me Crit\u2019Air va plus loin. Il prend en compte la norme Euro, les \u00e9missions de CO\u2082, le type de carburant et la cat\u00e9gorie de v\u00e9hicule. R\u00e9sultat : six classes, num\u00e9rot\u00e9es de 0 \u00e0 5, avec un code couleur allant du vert (\u00e9lectrique) au gris (diesel tr\u00e8s ancien). <\/p>\n<h3><strong>Quelles sont les principales diff\u00e9rences ?<\/strong><\/h3>\n<table style=\"min-width: 75px\">\n<colgroup>\n<col style=\"min-width: 25px\">\n<col style=\"min-width: 25px\">\n<col style=\"min-width: 25px\"><\/colgroup>\n<tbody>\n<tr>\n<th colspan=\"1\" rowspan=\"1\">\n<p><strong>Crit\u00e8re<\/strong><\/p>\n<\/th>\n<th colspan=\"1\" rowspan=\"1\">\n<p><strong>France (Crit\u2019Air)<\/strong><\/p>\n<\/th>\n<th colspan=\"1\" rowspan=\"1\">\n<p><strong>Allemagne (Umweltplakette)<\/strong><\/p>\n<\/th>\n<\/tr>\n<tr>\n<td colspan=\"1\" rowspan=\"1\">\n<p>Obligatoire dans les grandes villes ?<\/p>\n<\/td>\n<td colspan=\"1\" rowspan=\"1\">\n<p>Oui, de plus en plus de zones<\/p>\n<\/td>\n<td colspan=\"1\" rowspan=\"1\">\n<p>Oui, mais dans un numbre limit\u00e9 de villes. <\/p>\n<\/td>\n<\/tr>\n<tr>\n<td colspan=\"1\" rowspan=\"1\">\n<p>Nombre de vignettes<\/p>\n<\/td>\n<td colspan=\"1\" rowspan=\"1\">\n<p>6 couleurs (0 \u00e0 5)<\/p>\n<\/td>\n<td colspan=\"1\" rowspan=\"1\">\n<p>3 couleurs (vert, jaune, rouge).<\/p>\n<\/td>\n<\/tr>\n<tr>\n<td colspan=\"1\" rowspan=\"1\">\n<p>Crit\u00e8res principaux<\/p>\n<\/td>\n<td colspan=\"1\" rowspan=\"1\">\n<p>CO\u2082 + particules fines + carburan<\/p>\n<\/td>\n<td colspan=\"1\" rowspan=\"1\">\n<p>Particules fines uniquement<\/p>\n<\/td>\n<\/tr>\n<tr>\n<td colspan=\"1\" rowspan=\"1\">\n<p>D\u00e9rogations locales ?<\/p>\n<\/td>\n<td colspan=\"1\" rowspan=\"1\">\n<p>Oui, selon les collectivit\u00e9s<\/p>\n<\/td>\n<td colspan=\"1\" rowspan=\"1\">\n<p>Plus limit\u00e9<\/p>\n<\/td>\n<\/tr>\n<tr>\n<td colspan=\"1\" rowspan=\"1\">\n<p>Disponible en station-service ?<\/p>\n<\/td>\n<td colspan=\"1\" rowspan=\"1\">\n<p>Non<\/p>\n<\/td>\n<td colspan=\"1\" rowspan=\"1\">\n<p>Oui, dans de nombreux cas<\/p>\n<\/td>\n<\/tr>\n<tr>\n<td colspan=\"1\" rowspan=\"1\">\n<p>Commande depuis la Belgique ?<\/p>\n<\/td>\n<td colspan=\"1\" rowspan=\"1\">\n<p>Oui, via le site officiel<\/p>\n<\/td>\n<td colspan=\"1\" rowspan=\"1\">\n<p>Oui, via T\u00dcV ou Dekra<\/p>\n<\/td>\n<\/tr>\n<\/tbody>\n<\/table>\n<p>Vous partez aussi en Allemagne ? D\u00e9couvrez notre article complet : <a href=\"https:\/\/carselect.touring.be\/fr\/blog\/vignette-allemagne-ou-acheter-quelle-couleur\/\" target=\"_blank\" rel=\"noopener noreferrer\">Vignette Allemagne<\/a> : o\u00f9 acheter &amp; quelle couleur ?<\/p>\n<h2><strong>Comment savoir quelle vignette Crit\u2019Air il vous faut ?<\/strong><\/h2>\n<p>Vous ne savez pas quelle vignette Crit\u2019Air demander ? Alors, la norme euro de votre v\u00e9hicule est la cl\u00e9. C\u2019est elle qui d\u00e9termine dans quelle des six classes d\u2019\u00e9missions vous tombez \u2013 et donc la couleur de votre vignette.  <\/p>\n<h3><strong>Je euronorm opzoeken via onze handige gids<\/strong><\/h3>\n<p>La norme euro indique le niveau de pollution de votre v\u00e9hicule. Plus le num\u00e9ro est \u00e9lev\u00e9 (Euro 6 \u00e9tant la norme la plus stricte), plus votre voiture est propre. <\/p>\n<p>La majorit\u00e9 des voitures immatricul\u00e9es apr\u00e8s 2016 respectent la norme Euro 6 et re\u00e7oivent donc une vignette Crit\u2019Air 1 ou 2, selon le type de carburant. Les v\u00e9hicules \u00e9lectriques rel\u00e8vent automatiquement de la cat\u00e9gorie Crit\u2019Air 0. Les voitures plus anciennes \u2013 en particulier les diesels d\u2019avant 2011 \u2013 obtiennent souvent une classe inf\u00e9rieure, voire plus aucune vignette valide. <\/p>\n<p>\ud83d\udc49 Vous avez un doute sur votre norme euro ? Dans notre guide, vous d\u00e9couvrez rapidement o\u00f9 trouver cette information sur votre certificat d\u2019immatriculation ou via le Car-Pass : <a href=\"https:\/\/carselect.touring.be\/fr\/blog\/norme-euro-voiture-explication-tableaux-conseils\/\" target=\"_blank\" rel=\"noopener noreferrer\">la norme Euro de votre voiture.<\/a> <\/p>\n<p>Cela vous \u00e9vite bien des erreurs lors de la demande, et donc aussi des soucis sur la route.<\/p>\n<h2><strong>Conseils pratiques avant votre d\u00e9part vers la France<\/strong><\/h2>\n<p>Une bonne pr\u00e9paration vous \u00e9vite bien des tracas. Si vous perdez votre vignette ou qu\u2019elle est endommag\u00e9e, demandez-en une nouvelle \u00e0 temps et collez-la correctement sur votre pare-brise. Voici comment partir sereinement.  <\/p>\n<h3><strong>Imprimer votre facture + confirmation<\/strong><\/h3>\n<p>Apr\u00e8s votre commande sur le site officiel du gouvernement fran\u00e7ais, vous recevez un e-mail de confirmation et une facture \u00e9lectronique. Ce message contient g\u00e9n\u00e9ralement aussi une preuve temporaire de demande. <\/p>\n<p>Imprimez ces documents et gardez-les dans votre voiture \u2013 surtout si vous n\u2019avez pas encore re\u00e7u la vignette par la poste.<\/p>\n<p>Cela vous permettra de prouver, en cas de contr\u00f4le, que vous \u00eates bien en ordre.<\/p>\n<h3><strong>Placez votre autocollant au bon endroit sur le pare-brise.<\/strong><\/h3>\n<p>D\u00e8s r\u00e9ception de la vignette Crit\u2019Air (envoy\u00e9e par la poste depuis la France), vous devez la coller sur votre pare-brise.<\/p>\n<p>Elle doit \u00eatre plac\u00e9e en bas \u00e0 droite, c\u00f4t\u00e9 passager, \u00e0 l\u2019int\u00e9rieur du pare-brise. Assurez-vous qu\u2019elle soit bien visible de l\u2019ext\u00e9rieur, car les contr\u00f4les en France sont stricts. <\/p>\n<p>Une vignette mal plac\u00e9e ou non visible peut entra\u00eener une amende.<\/p>\n<h3><strong>Un dernier point important : n\u2019achetez jamais votre vignette via un site commercial.<\/strong><\/h3>\n<p>Le seul canal officiel pour la commander est le suivant : <a href=\"https:\/\/www.certificat-air.gouv.fr\/\" target=\"_blank\" rel=\"noopener noreferrer\">https:\/\/www.certificat-air.gouv.fr\/<\/a><\/p>\n<p>Attention aux sites qui pr\u00e9tendent offrir une vignette en toute l\u00e9galit\u00e9 mais vous facturent trois fois plus cher. Ils semblent fiables, mais vous paierez facilement 25 \u20ac ou plus pour quelque chose qui ne co\u00fbte que 4,76 \u20ac (hors frais d\u2019envoi) sur le site officiel. <\/p>\n<p>Ne commandez donc jamais via des publicit\u00e9s Facebook, des r\u00e9sultats de recherche sponsoris\u00e9s ou des boutiques en ligne douteuses. Ceux-ci sont souvent plus chers et pas toujours fiables. <\/p>\n<h2><strong>Tu passes par la Suisse ou l\u2019Autriche ?<\/strong><\/h2>\n<p>Tu pr\u00e9vois de passer par la Suisse, l\u2019Autriche ou la Slov\u00e9nie avant d\u2019arriver en France ? Dans ce cas, tu auras non seulement besoin de la vignette Crit\u2019Air pour la France, mais aussi d\u2019une vignette pour chacun de ces pays. N\u2019oublie pas cette \u00e9tape \u2013 les contr\u00f4les sont tout aussi stricts, et les amendes peuvent grimper tr\u00e8s vite.  <\/p>\n<h3><strong>N\u2019oublie pas non plus la vignette dans ces pays<\/strong><\/h3>\n<p>En Autriche, une e-vignette est obligatoire sur presque toutes les autoroutes et voies rapides, m\u00eame si tu ne fais que quelques kilom\u00e8tres. L\u2019autocollant classique sur le pare-brise a entre-temps \u00e9t\u00e9 remplac\u00e9 par un syst\u00e8me num\u00e9rique. <\/p>\n<p>\u00c0 lire : <a href=\"https:\/\/carselect.touring.be\/fr\/blog\/vignette-autriche-2025-voyagez-sans-souci-au-dela-de-la-frontiere\/\" target=\"_blank\" rel=\"noopener noreferrer\">Vignette Autriche 2025<\/a> : franchis la fronti\u00e8re sans stress<\/p>\n<p>En Suisse, l\u2019autocollant bien connu reste obligatoire pour tous les v\u00e9hicules de moins de 3,5 tonnes. Il n\u2019existe pas encore de version num\u00e9rique \u2013 tu dois donc toujours acheter \u00e0 temps une vignette physique \u00e0 coller.  <\/p>\n<p>\u00c0 lire : <a href=\"https:\/\/carselect.touring.be\/fr\/blog\/vignette-suisse-2025-obligatoire-numerique\/\" target=\"_blank\" rel=\"noopener noreferrer\">Vignette Suisse 2025 expliqu\u00e9e<\/a><\/p>\n<p>Tu continues vers les Balkans ou vers la Croatie via la Slov\u00e9nie ? Dans ce cas, une e-vignette est obligatoire sur toutes les autoroutes et voies rapides. Celle-ci est automatiquement li\u00e9e \u00e0 ta plaque d\u2019immatriculation. N\u2019oublie surtout pas de choisir la bonne cat\u00e9gorie de v\u00e9hicule.   <\/p>\n<p>\u00c0 lire : <a href=\"https:\/\/carselect.touring.be\/fr\/blog\/vignette-slovenie-2025-informations-essentielles-pour-votre-voyage\/\" target=\"_blank\" rel=\"noopener noreferrer\">Vignette Slov\u00e9nie 2025<\/a><\/p>\n<h2><strong>Conclusion : \u00e9vite le stress \u00e0 la fronti\u00e8re<\/strong><\/h2>\n<p>Un week-end \u00e0 Paris, des vacances d\u2019\u00e9t\u00e9 en Provence ou juste une travers\u00e9e vers l\u2019Espagne \u2014 dans de plus en plus de villes fran\u00e7aises, une vignette Crit\u2019Air valide est obligatoire. Sans la bonne vignette, tu risques d\u00e9j\u00e0 une amende avant m\u00eame d\u2019avoir aper\u00e7u la Tour Eiffel. <\/p>\n<p>La bonne nouvelle ? En commandant \u00e0 temps sur le site officiel, tout est simple. Tu v\u00e9rifies la bonne couleur via ta norme euro, tu re\u00e7ois la vignette par la poste, et tant qu\u2019elle est bien visible sur ton pare-brise, tu es parfaitement en r\u00e8gle.  <\/p>\n<p>Si tu voyages souvent en Europe, autant commander directement aussi les vignettes pour la Suisse, l\u2019Autriche et la Slov\u00e9nie. Tu partiras ainsi l\u2019esprit tranquille, sans stress de derni\u00e8re minute ni contraventions inutiles. <\/p>\n<h3><strong>Pr\u00eat \u00e0 prendre la route en toute s\u00e9r\u00e9nit\u00e9 ?<\/strong><\/h3>\n<p>D\u00e9couvre nos voitures d\u2019occasion avec GPS int\u00e9gr\u00e9, badge de p\u00e9age ou faibles \u00e9missions \u2014 id\u00e9ales pour obtenir une vignette Crit\u2019Air verte.<\/p>\n<p>Choisis un v\u00e9hicule adapt\u00e9 \u00e0 ton style de conduite et aux r\u00e8gles environnementales de demain.<\/p>\n<p><a href=\"https:\/\/carselect.touring.be\/fr\/\" target=\"_blank\" rel=\"noopener noreferrer\">Consulte l\u2019offre sur <\/a><a href=\"https:\/\/carselect.touring.be\" target=\"_blank\" rel=\"noopener noreferrer\">carselect.touring.be<\/a><\/p>\n<h2><strong>Questions fr\u00e9quentes sur la vignette Crit\u2019Air en France<\/strong><\/h2>\n<h3><strong>Peut-on aller en France sans vignette environnementale ?<\/strong><\/h3>\n<p>Oui, rien ne vous emp\u00eache de rouler en France sans vignette. Mais d\u00e8s que vous entrez dans une zone \u00e0 faibles \u00e9missions (ZFE), la vignette devient obligatoire. Dans des villes comme Paris, Lyon, Strasbourg ou Grenoble, cette r\u00e8gle est permanente. Sans vignette Crit\u2019Air valide, vous risquez une amende pouvant aller jusqu\u2019\u00e0 135 \u20ac. Autant l\u2019\u00e9viter.     <\/p>\n<h3><strong>O\u00f9 acheter la vignette Crit\u2019Air pour la France ?<\/strong><\/h3>\n<p>Le seul site officiel pour commander une vignette Crit\u2019Air valable est : <a href=\"https:\/\/www.certificat-air.gouv.fr\" target=\"_blank\" rel=\"noopener noreferrer\">https:\/\/www.certificat-air.gouv.fr.<\/a> Son prix ? 4,61 \u20ac en 2025, livraison en Belgique comprise. Attention : certains sites commerciaux facturent deux \u00e0 trois fois plus.  <\/p>\n<h3><strong>La vignette est-elle obligatoire sur les autoroutes fran\u00e7aises ?<\/strong><\/h3>\n<p>Non. Sur l\u2019autoroute, la vignette Crit\u2019Air n\u2019est pas exig\u00e9e. En revanche, d\u00e8s que vous quittez l\u2019autoroute pour entrer dans une ville dot\u00e9e d\u2019une zone ZFE, elle devient obligatoire. Par exemple, si vous quittez l\u2019A6 pour rejoindre le centre de Lyon, vous devez en \u00eatre \u00e9quip\u00e9. Pour \u00e9viter les surprises, mieux vaut v\u00e9rifier \u00e0 l\u2019avance les zones concern\u00e9es sur votre trajet.   <\/p>\n<h3><strong>Quelle vignette Crit\u2019Air faut-il pour mon v\u00e9hicule ?<\/strong><\/h3>\n<p>Cela d\u00e9pend de plusieurs crit\u00e8res : type de carburant, \u00e9missions de CO\u2082 et surtout<a href=\"https:\/\/carselect.touring.be\/fr\/blog\/norme-euro-voiture-explication-tableaux-conseils\/\" target=\"_blank\" rel=\"noopener noreferrer\"> <strong>la norme Euro de votre voiture<\/strong><\/a>. Les v\u00e9hicules \u00e9lectriques re\u00e7oivent la vignette verte Crit\u2019Air 0, les voitures essence r\u00e9centes obtiennent g\u00e9n\u00e9ralement Crit\u2019Air 1 ou 2. Les anciens diesels, eux, se retrouvent souvent en Crit\u2019Air 4 ou 5 voire exclus du syst\u00e8me. Pour conna\u00eetre votre cat\u00e9gorie, consultez notre guide sur la norme Euro.  <\/p>\n<h3><strong>Peut-on acheter la vignette \u00e0 la fronti\u00e8re ou dans une station-service en France ?<\/strong><\/h3>\n<p>Non. La vignette Crit\u2019Air ne s\u2019ach\u00e8te pas sur place. Elle doit \u00eatre command\u00e9e en ligne, puis envoy\u00e9e par la poste. Comptez au moins deux semaines pour la recevoir. Si vous \u00eates press\u00e9, imprimez au minimum la facture et la confirmation re\u00e7ues par e-mail. Elles peuvent servir de preuve temporaire lors d\u2019un contr\u00f4le.    <\/p>\n\n\n\t\t<\/div>\n\t\t\t\t\t<\/div>\n\n\t\n\n\t<div id=\"col-282515586\" class=\"col medium-4 small-12 large-4\"  >\n\t\t\t\t<div class=\"col-inner\"  >\n\t\t\t\n\t\t\t\n\n\n  \n    <div class=\"row large-columns-1 medium-columns-1 small-columns-1\" >\n  <div class=\"col post-item\" >\n\t\t\t<div class=\"col-inner\">\n\t\t\t\t<div class=\"box box-normal box-text-bottom box-blog-post has-hover\">\n            \t\t\t\t\t<div class=\"box-image\" >\n  \t\t\t\t\t\t<div class=\"image-cover\" style=\"padding-top:56.25%;\">\n\t\t\t\t\t\t\t<a href=\"https:\/\/carselect.touring.be\/fr\/blog\/vignette-suisse-2025-obligatoire-numerique\/\" class=\"plain\" aria-label=\"Vignette Suisse 2025 expliqu\u00e9e : simple, obligatoire et 100% num\u00e9rique\">\n\t\t\t\t\t\t\t\t<img loading=\"lazy\" decoding=\"async\" width=\"300\" height=\"200\" src=\"\/wp-content\/uploads\/2025\/03\/vignette-suisse-header-300x200.jpg\" class=\"attachment-medium size-medium wp-post-image\" alt=\"vignette suisse 2025\" srcset=\"\/wp-content\/uploads\/2025\/03\/vignette-suisse-header-300x200.jpg 300w, \/wp-content\/uploads\/2025\/03\/vignette-suisse-header-768x511.jpg 768w, \/wp-content\/uploads\/2025\/03\/vignette-suisse-header.jpg 1000w\" sizes=\"auto, (max-width: 300px) 100vw, 300px\" \/>\t\t\t\t\t\t\t<\/a>\n  \t\t\t\t\t\t\t  \t\t\t\t\t\t\t  \t\t\t\t\t\t<\/div>\n  \t\t\t\t\t\t  \t\t\t\t\t<\/div>\n          \t\t\t\t\t<div class=\"box-text text-left\" >\n\t\t\t\t\t<div class=\"box-text-inner blog-post-inner\">\n\n\t\t\t\t\t\n\t\t\t\t\t\t\t\t\t\t<h5 class=\"post-title is-large \">\n\t\t\t\t\t\t<a href=\"https:\/\/carselect.touring.be\/fr\/blog\/vignette-suisse-2025-obligatoire-numerique\/\" class=\"plain\">Vignette Suisse 2025 expliqu\u00e9e : simple, obligatoire et 100% num\u00e9rique<\/a>\n\t\t\t\t\t<\/h5>\n\t\t\t\t\t\t\t\t\t\t<div class=\"is-divider\"><\/div>\n\t\t\t\t\t\t\t\t\t\t<p class=\"from_the_blog_excerpt \">\n\t\t\t\t\t\tObtenez tout ce qu\u2019il faut savoir sur la vignette suisse 2025 : prix, validit\u00e9, amendes, [...]\t\t\t\t\t<\/p>\n\t\t\t\t\t                    \n\t\t\t\t\t\n\t\t\t\t\t\n\t\t\t\t\t<\/div>\n\t\t\t\t\t<\/div>\n\t\t\t\t\t\t\t\t\t<\/div>\n\t\t\t<\/div>\n\t\t<\/div><div class=\"col post-item\" >\n\t\t\t<div class=\"col-inner\">\n\t\t\t\t<div class=\"box box-normal box-text-bottom box-blog-post has-hover\">\n            \t\t\t\t\t<div class=\"box-image\" >\n  \t\t\t\t\t\t<div class=\"image-cover\" style=\"padding-top:56.25%;\">\n\t\t\t\t\t\t\t<a href=\"https:\/\/carselect.touring.be\/fr\/blog\/vignette-slovenie-informations-essentielles-pour-votre-voyage\/\" class=\"plain\" aria-label=\"Vignette Slov\u00e9nie : Informations essentielles pour votre voyage\">\n\t\t\t\t\t\t\t\t<img loading=\"lazy\" decoding=\"async\" width=\"300\" height=\"200\" src=\"\/wp-content\/uploads\/2025\/11\/vignette-slovenie-header-300x200.jpg\" class=\"attachment-medium size-medium wp-post-image\" alt=\"vignette slovenie\" srcset=\"\/wp-content\/uploads\/2025\/11\/vignette-slovenie-header-300x200.jpg 300w, \/wp-content\/uploads\/2025\/11\/vignette-slovenie-header-1024x683.jpg 1024w, \/wp-content\/uploads\/2025\/11\/vignette-slovenie-header-768x512.jpg 768w, \/wp-content\/uploads\/2025\/11\/vignette-slovenie-header-1536x1024.jpg 1536w, \/wp-content\/uploads\/2025\/11\/vignette-slovenie-header.jpg 1920w\" sizes=\"auto, (max-width: 300px) 100vw, 300px\" \/>\t\t\t\t\t\t\t<\/a>\n  \t\t\t\t\t\t\t  \t\t\t\t\t\t\t  \t\t\t\t\t\t<\/div>\n  \t\t\t\t\t\t  \t\t\t\t\t<\/div>\n          \t\t\t\t\t<div class=\"box-text text-left\" >\n\t\t\t\t\t<div class=\"box-text-inner blog-post-inner\">\n\n\t\t\t\t\t\n\t\t\t\t\t\t\t\t\t\t<h5 class=\"post-title is-large \">\n\t\t\t\t\t\t<a href=\"https:\/\/carselect.touring.be\/fr\/blog\/vignette-slovenie-informations-essentielles-pour-votre-voyage\/\" class=\"plain\">Vignette Slov\u00e9nie : Informations essentielles pour votre voyage<\/a>\n\t\t\t\t\t<\/h5>\n\t\t\t\t\t\t\t\t\t\t<div class=\"is-divider\"><\/div>\n\t\t\t\t\t\t\t\t\t\t<p class=\"from_the_blog_excerpt \">\n\t\t\t\t\t\tTout savoir sur la vignette Slov\u00e9nie\u202f: conditions, tarifs et conseils pratiques pour traverser l\u2019autoroute sans [...]\t\t\t\t\t<\/p>\n\t\t\t\t\t                    \n\t\t\t\t\t\n\t\t\t\t\t\n\t\t\t\t\t<\/div>\n\t\t\t\t\t<\/div>\n\t\t\t\t\t\t\t\t\t<\/div>\n\t\t\t<\/div>\n\t\t<\/div><div class=\"col post-item\" >\n\t\t\t<div class=\"col-inner\">\n\t\t\t\t<div class=\"box box-normal box-text-bottom box-blog-post has-hover\">\n            \t\t\t\t\t<div class=\"box-image\" >\n  \t\t\t\t\t\t<div class=\"image-cover\" style=\"padding-top:56.25%;\">\n\t\t\t\t\t\t\t<a href=\"https:\/\/carselect.touring.be\/fr\/blog\/vignette-autriche-2025-voyagez-sans-souci-au-dela-de-la-frontiere\/\" class=\"plain\" aria-label=\"Vignette Autriche 2025 : Voyagez sans souci au-del\u00e0 de la fronti\u00e8re !\">\n\t\t\t\t\t\t\t\t<img loading=\"lazy\" decoding=\"async\" width=\"300\" height=\"200\" src=\"\/wp-content\/uploads\/2025\/03\/vignette-autriche-2025-1-300x200.jpg\" class=\"attachment-medium size-medium wp-post-image\" alt=\"vignette autriche 2025\" srcset=\"\/wp-content\/uploads\/2025\/03\/vignette-autriche-2025-1-300x200.jpg 300w, \/wp-content\/uploads\/2025\/03\/vignette-autriche-2025-1-768x512.jpg 768w, \/wp-content\/uploads\/2025\/03\/vignette-autriche-2025-1.jpg 1000w\" sizes=\"auto, (max-width: 300px) 100vw, 300px\" \/>\t\t\t\t\t\t\t<\/a>\n  \t\t\t\t\t\t\t  \t\t\t\t\t\t\t  \t\t\t\t\t\t<\/div>\n  \t\t\t\t\t\t  \t\t\t\t\t<\/div>\n          \t\t\t\t\t<div class=\"box-text text-left\" >\n\t\t\t\t\t<div class=\"box-text-inner blog-post-inner\">\n\n\t\t\t\t\t\n\t\t\t\t\t\t\t\t\t\t<h5 class=\"post-title is-large \">\n\t\t\t\t\t\t<a href=\"https:\/\/carselect.touring.be\/fr\/blog\/vignette-autriche-2025-voyagez-sans-souci-au-dela-de-la-frontiere\/\" class=\"plain\">Vignette Autriche 2025 : Voyagez sans souci au-del\u00e0 de la fronti\u00e8re !<\/a>\n\t\t\t\t\t<\/h5>\n\t\t\t\t\t\t\t\t\t\t<div class=\"is-divider\"><\/div>\n\t\t\t\t\t\t\t\t\t\t<p class=\"from_the_blog_excerpt \">\n\t\t\t\t\t\tD\u00e9couvrez tout sur la vignette Autriche 2025 : prix, validit\u00e9 et conseils pratiques. Pr\u00e9parez votre [...]\t\t\t\t\t<\/p>\n\t\t\t\t\t                    \n\t\t\t\t\t\n\t\t\t\t\t\n\t\t\t\t\t<\/div>\n\t\t\t\t\t<\/div>\n\t\t\t\t\t\t\t\t\t<\/div>\n\t\t\t<\/div>\n\t\t<\/div><div class=\"col post-item\" >\n\t\t\t<div class=\"col-inner\">\n\t\t\t\t<div class=\"box box-normal box-text-bottom box-blog-post has-hover\">\n            \t\t\t\t\t<div class=\"box-image\" >\n  \t\t\t\t\t\t<div class=\"image-cover\" style=\"padding-top:56.25%;\">\n\t\t\t\t\t\t\t<a href=\"https:\/\/carselect.touring.be\/fr\/blog\/vignette-allemagne-ou-acheter-quelle-couleur\/\" class=\"plain\" aria-label=\"Vignette Allemagne : o\u00f9 acheter &amp; quelle couleur ?\">\n\t\t\t\t\t\t\t\t<img loading=\"lazy\" decoding=\"async\" width=\"300\" height=\"200\" src=\"\/wp-content\/uploads\/2025\/11\/vignette-allemagne-header-300x200.jpg\" class=\"attachment-medium size-medium wp-post-image\" alt=\"vignette allemagne\" srcset=\"\/wp-content\/uploads\/2025\/11\/vignette-allemagne-header-300x200.jpg 300w, \/wp-content\/uploads\/2025\/11\/vignette-allemagne-header-768x512.jpg 768w, \/wp-content\/uploads\/2025\/11\/vignette-allemagne-header.jpg 1000w\" sizes=\"auto, (max-width: 300px) 100vw, 300px\" \/>\t\t\t\t\t\t\t<\/a>\n  \t\t\t\t\t\t\t  \t\t\t\t\t\t\t  \t\t\t\t\t\t<\/div>\n  \t\t\t\t\t\t  \t\t\t\t\t<\/div>\n          \t\t\t\t\t<div class=\"box-text text-left\" >\n\t\t\t\t\t<div class=\"box-text-inner blog-post-inner\">\n\n\t\t\t\t\t\n\t\t\t\t\t\t\t\t\t\t<h5 class=\"post-title is-large \">\n\t\t\t\t\t\t<a href=\"https:\/\/carselect.touring.be\/fr\/blog\/vignette-allemagne-ou-acheter-quelle-couleur\/\" class=\"plain\">Vignette Allemagne : o\u00f9 acheter &amp; quelle couleur ?<\/a>\n\t\t\t\t\t<\/h5>\n\t\t\t\t\t\t\t\t\t\t<div class=\"is-divider\"><\/div>\n\t\t\t\t\t\t\t\t\t\t<p class=\"from_the_blog_excerpt \">\n\t\t\t\t\t\tVignette Allemagne : verte, jaune ou rouge ? V\u00e9rifiez votre norme euro, commandez officiellement et [...]\t\t\t\t\t<\/p>\n\t\t\t\t\t                    \n\t\t\t\t\t\n\t\t\t\t\t\n\t\t\t\t\t<\/div>\n\t\t\t\t\t<\/div>\n\t\t\t\t\t\t\t\t\t<\/div>\n\t\t\t<\/div>\n\t\t<\/div><div class=\"col post-item\" >\n\t\t\t<div class=\"col-inner\">\n\t\t\t\t<div class=\"box box-normal box-text-bottom box-blog-post has-hover\">\n            \t\t\t\t\t<div class=\"box-image\" >\n  \t\t\t\t\t\t<div class=\"image-cover\" style=\"padding-top:56.25%;\">\n\t\t\t\t\t\t\t<a href=\"https:\/\/carselect.touring.be\/fr\/blog\/pneus-hiver-quand-les-mettre-en-belgique\/\" class=\"plain\" aria-label=\"Quand faut-il mettre ses pneus hiver ? Le guide ultime pour la Belgique en 2025\">\n\t\t\t\t\t\t\t\t<img loading=\"lazy\" decoding=\"async\" width=\"300\" height=\"200\" src=\"\/wp-content\/uploads\/2025\/10\/pneus-hiver-quand-les-mettre-300x200.jpg\" class=\"attachment-medium size-medium wp-post-image\" alt=\"pneus hiver quand les mettre\" srcset=\"\/wp-content\/uploads\/2025\/10\/pneus-hiver-quand-les-mettre-300x200.jpg 300w, \/wp-content\/uploads\/2025\/10\/pneus-hiver-quand-les-mettre-768x512.jpg 768w, \/wp-content\/uploads\/2025\/10\/pneus-hiver-quand-les-mettre.jpg 1000w\" sizes=\"auto, (max-width: 300px) 100vw, 300px\" \/>\t\t\t\t\t\t\t<\/a>\n  \t\t\t\t\t\t\t  \t\t\t\t\t\t\t  \t\t\t\t\t\t<\/div>\n  \t\t\t\t\t\t  \t\t\t\t\t<\/div>\n          \t\t\t\t\t<div class=\"box-text text-left\" >\n\t\t\t\t\t<div class=\"box-text-inner blog-post-inner\">\n\n\t\t\t\t\t\n\t\t\t\t\t\t\t\t\t\t<h5 class=\"post-title is-large \">\n\t\t\t\t\t\t<a href=\"https:\/\/carselect.touring.be\/fr\/blog\/pneus-hiver-quand-les-mettre-en-belgique\/\" class=\"plain\">Quand faut-il mettre ses pneus hiver ? Le guide ultime pour la Belgique en 2025<\/a>\n\t\t\t\t\t<\/h5>\n\t\t\t\t\t\t\t\t\t\t<div class=\"is-divider\"><\/div>\n\t\t\t\t\t\t\t\t\t\t<p class=\"from_the_blog_excerpt \">\n\t\t\t\t\t\tQuand faut-il mettre ses pneus hiver en Belgique ? Suivez la r\u00e8gle des 7\u00b0C et [...]\t\t\t\t\t<\/p>\n\t\t\t\t\t                    \n\t\t\t\t\t\n\t\t\t\t\t\n\t\t\t\t\t<\/div>\n\t\t\t\t\t<\/div>\n\t\t\t\t\t\t\t\t\t<\/div>\n\t\t\t<\/div>\n\t\t<\/div><div class=\"col post-item\" >\n\t\t\t<div class=\"col-inner\">\n\t\t\t\t<div class=\"box box-normal box-text-bottom box-blog-post has-hover\">\n            \t\t\t\t\t<div class=\"box-image\" >\n  \t\t\t\t\t\t<div class=\"image-cover\" style=\"padding-top:56.25%;\">\n\t\t\t\t\t\t\t<a href=\"https:\/\/carselect.touring.be\/fr\/blog\/controle-technique-en-belgique-2025-regles-et-conseils-pour-une-inspection-reussie\/\" class=\"plain\" aria-label=\"Contr\u00f4le technique en Belgique 2025 : R\u00e8gles et conseils pour une inspection r\u00e9ussie\">\n\t\t\t\t\t\t\t\t<img loading=\"lazy\" decoding=\"async\" width=\"300\" height=\"200\" src=\"\/wp-content\/uploads\/2025\/01\/controle-technique-en-belgique-header-300x200.jpg\" class=\"attachment-medium size-medium wp-post-image\" alt=\"contr\u00f4le technique en belgique\" srcset=\"\/wp-content\/uploads\/2025\/01\/controle-technique-en-belgique-header-300x200.jpg 300w, \/wp-content\/uploads\/2025\/01\/controle-technique-en-belgique-header-768x512.jpg 768w, \/wp-content\/uploads\/2025\/01\/controle-technique-en-belgique-header.jpg 1000w\" sizes=\"auto, (max-width: 300px) 100vw, 300px\" \/>\t\t\t\t\t\t\t<\/a>\n  \t\t\t\t\t\t\t  \t\t\t\t\t\t\t  \t\t\t\t\t\t<\/div>\n  \t\t\t\t\t\t  \t\t\t\t\t<\/div>\n          \t\t\t\t\t<div class=\"box-text text-left\" >\n\t\t\t\t\t<div class=\"box-text-inner blog-post-inner\">\n\n\t\t\t\t\t\n\t\t\t\t\t\t\t\t\t\t<h5 class=\"post-title is-large \">\n\t\t\t\t\t\t<a href=\"https:\/\/carselect.touring.be\/fr\/blog\/controle-technique-en-belgique-2025-regles-et-conseils-pour-une-inspection-reussie\/\" class=\"plain\">Contr\u00f4le technique en Belgique 2025 : R\u00e8gles et conseils pour une inspection r\u00e9ussie<\/a>\n\t\t\t\t\t<\/h5>\n\t\t\t\t\t\t\t\t\t\t<div class=\"is-divider\"><\/div>\n\t\t\t\t\t\t\t\t\t\t<p class=\"from_the_blog_excerpt \">\n\t\t\t\t\t\tD\u00e9couvrez les r\u00e8gles et changements du contr\u00f4le technique en Belgique pour 2025 et comment bien [...]\t\t\t\t\t<\/p>\n\t\t\t\t\t                    \n\t\t\t\t\t\n\t\t\t\t\t\n\t\t\t\t\t<\/div>\n\t\t\t\t\t<\/div>\n\t\t\t\t\t\t\t\t\t<\/div>\n\t\t\t<\/div>\n\t\t<\/div><div class=\"col post-item\" >\n\t\t\t<div class=\"col-inner\">\n\t\t\t\t<div class=\"box box-normal box-text-bottom box-blog-post has-hover\">\n            \t\t\t\t\t<div class=\"box-image\" >\n  \t\t\t\t\t\t<div class=\"image-cover\" style=\"padding-top:56.25%;\">\n\t\t\t\t\t\t\t<a href=\"https:\/\/carselect.touring.be\/fr\/blog\/voiture-electrique-ou-hybride-rechargeable\/\" class=\"plain\" aria-label=\"Voiture \u00e9lectrique ou hybride (rechargeable) : quelle est la diff\u00e9rence ? Et laquelle vous convient le mieux ?\">\n\t\t\t\t\t\t\t\t<img loading=\"lazy\" decoding=\"async\" width=\"300\" height=\"169\" src=\"\/wp-content\/uploads\/2024\/12\/header-image-elektrische-en-hybride-wagen-2-300x169.jpg\" class=\"attachment-medium size-medium wp-post-image\" alt=\"Voiture \u00e9lectrique vs. hybride rechargeable\" srcset=\"\/wp-content\/uploads\/2024\/12\/header-image-elektrische-en-hybride-wagen-2-300x169.jpg 300w, \/wp-content\/uploads\/2024\/12\/header-image-elektrische-en-hybride-wagen-2-768x432.jpg 768w, \/wp-content\/uploads\/2024\/12\/header-image-elektrische-en-hybride-wagen-2.jpg 1000w\" sizes=\"auto, (max-width: 300px) 100vw, 300px\" \/>\t\t\t\t\t\t\t<\/a>\n  \t\t\t\t\t\t\t  \t\t\t\t\t\t\t  \t\t\t\t\t\t<\/div>\n  \t\t\t\t\t\t  \t\t\t\t\t<\/div>\n          \t\t\t\t\t<div class=\"box-text text-left\" >\n\t\t\t\t\t<div class=\"box-text-inner blog-post-inner\">\n\n\t\t\t\t\t\n\t\t\t\t\t\t\t\t\t\t<h5 class=\"post-title is-large \">\n\t\t\t\t\t\t<a href=\"https:\/\/carselect.touring.be\/fr\/blog\/voiture-electrique-ou-hybride-rechargeable\/\" class=\"plain\">Voiture \u00e9lectrique ou hybride (rechargeable) : quelle est la diff\u00e9rence ? Et laquelle vous convient le mieux ?<\/a>\n\t\t\t\t\t<\/h5>\n\t\t\t\t\t\t\t\t\t\t<div class=\"is-divider\"><\/div>\n\t\t\t\t\t\t\t\t\t\t<p class=\"from_the_blog_excerpt \">\n\t\t\t\t\t\tVous h\u00e9sitez entre l'achat d'une voiture hybride ou \u00e9lectrique ? D\u00e9couvrez les diff\u00e9rences et les [...]\t\t\t\t\t<\/p>\n\t\t\t\t\t                    \n\t\t\t\t\t\n\t\t\t\t\t\n\t\t\t\t\t<\/div>\n\t\t\t\t\t<\/div>\n\t\t\t\t\t\t\t\t\t<\/div>\n\t\t\t<\/div>\n\t\t<\/div><div class=\"col post-item\" >\n\t\t\t<div class=\"col-inner\">\n\t\t\t\t<div class=\"box box-normal box-text-bottom box-blog-post has-hover\">\n            \t\t\t\t\t<div class=\"box-image\" >\n  \t\t\t\t\t\t<div class=\"image-cover\" style=\"padding-top:56.25%;\">\n\t\t\t\t\t\t\t<a href=\"https:\/\/carselect.touring.be\/fr\/blog\/norme-euro-voiture-explication-tableaux-conseils\/\" class=\"plain\" aria-label=\"Quelle est la norme Euro de votre voiture ? Explication, tableaux et conseils pour la Belgique\">\n\t\t\t\t\t\t\t\t<img loading=\"lazy\" decoding=\"async\" width=\"300\" height=\"224\" src=\"\/wp-content\/uploads\/2025\/05\/header-norme-euro-300x224.jpg\" class=\"attachment-medium size-medium wp-post-image\" alt=\"norme euro voiture\" srcset=\"\/wp-content\/uploads\/2025\/05\/header-norme-euro-300x224.jpg 300w, \/wp-content\/uploads\/2025\/05\/header-norme-euro-768x573.jpg 768w, \/wp-content\/uploads\/2025\/05\/header-norme-euro.jpg 1000w\" sizes=\"auto, (max-width: 300px) 100vw, 300px\" \/>\t\t\t\t\t\t\t<\/a>\n  \t\t\t\t\t\t\t  \t\t\t\t\t\t\t  \t\t\t\t\t\t<\/div>\n  \t\t\t\t\t\t  \t\t\t\t\t<\/div>\n          \t\t\t\t\t<div class=\"box-text text-left\" >\n\t\t\t\t\t<div class=\"box-text-inner blog-post-inner\">\n\n\t\t\t\t\t\n\t\t\t\t\t\t\t\t\t\t<h5 class=\"post-title is-large \">\n\t\t\t\t\t\t<a href=\"https:\/\/carselect.touring.be\/fr\/blog\/norme-euro-voiture-explication-tableaux-conseils\/\" class=\"plain\">Quelle est la norme Euro de votre voiture ? Explication, tableaux et conseils pour la Belgique<\/a>\n\t\t\t\t\t<\/h5>\n\t\t\t\t\t\t\t\t\t\t<div class=\"is-divider\"><\/div>\n\t\t\t\t\t\t\t\t\t\t<p class=\"from_the_blog_excerpt \">\n\t\t\t\t\t\tD\u00e9couvrez tout ce qu'il faut savoir sur la norme euro pour les voitures. Am\u00e9liorez vos [...]\t\t\t\t\t<\/p>\n\t\t\t\t\t                    \n\t\t\t\t\t\n\t\t\t\t\t\n\t\t\t\t\t<\/div>\n\t\t\t\t\t<\/div>\n\t\t\t\t\t\t\t\t\t<\/div>\n\t\t\t<\/div>\n\t\t<\/div><div class=\"col post-item\" >\n\t\t\t<div class=\"col-inner\">\n\t\t\t\t<div class=\"box box-normal box-text-bottom box-blog-post has-hover\">\n            \t\t\t\t\t<div class=\"box-image\" >\n  \t\t\t\t\t\t<div class=\"image-cover\" style=\"padding-top:56.25%;\">\n\t\t\t\t\t\t\t<a href=\"https:\/\/carselect.touring.be\/fr\/blog\/prime-pour-voiture-electrique-que-se-passe-t-il-apres-la-suppression-de-la-subvention-en-2025\/\" class=\"plain\" aria-label=\"Prime pour voiture \u00e9lectrique : que se passe-t-il apr\u00e8s la suppression de la subvention en 2025 ?\">\n\t\t\t\t\t\t\t\t<img loading=\"lazy\" decoding=\"async\" width=\"300\" height=\"200\" src=\"\/wp-content\/uploads\/2025\/02\/header_prime-pour-voiture-electrique-300x200.jpg\" class=\"attachment-medium size-medium wp-post-image\" alt=\"prime pour voiture \u00e9lectrique\" srcset=\"\/wp-content\/uploads\/2025\/02\/header_prime-pour-voiture-electrique-300x200.jpg 300w, \/wp-content\/uploads\/2025\/02\/header_prime-pour-voiture-electrique-768x511.jpg 768w, \/wp-content\/uploads\/2025\/02\/header_prime-pour-voiture-electrique.jpg 1000w\" sizes=\"auto, (max-width: 300px) 100vw, 300px\" \/>\t\t\t\t\t\t\t<\/a>\n  \t\t\t\t\t\t\t  \t\t\t\t\t\t\t  \t\t\t\t\t\t<\/div>\n  \t\t\t\t\t\t  \t\t\t\t\t<\/div>\n          \t\t\t\t\t<div class=\"box-text text-left\" >\n\t\t\t\t\t<div class=\"box-text-inner blog-post-inner\">\n\n\t\t\t\t\t\n\t\t\t\t\t\t\t\t\t\t<h5 class=\"post-title is-large \">\n\t\t\t\t\t\t<a href=\"https:\/\/carselect.touring.be\/fr\/blog\/prime-pour-voiture-electrique-que-se-passe-t-il-apres-la-suppression-de-la-subvention-en-2025\/\" class=\"plain\">Prime pour voiture \u00e9lectrique : que se passe-t-il apr\u00e8s la suppression de la subvention en 2025 ?<\/a>\n\t\t\t\t\t<\/h5>\n\t\t\t\t\t\t\t\t\t\t<div class=\"is-divider\"><\/div>\n\t\t\t\t\t\t\t\t\t\t<p class=\"from_the_blog_excerpt \">\n\t\t\t\t\t\tTout sur la prime pour voiture \u00e9lectrique en 2024. Pourquoi a-t-elle \u00e9t\u00e9 arr\u00eat\u00e9e et quelles [...]\t\t\t\t\t<\/p>\n\t\t\t\t\t                    \n\t\t\t\t\t\n\t\t\t\t\t\n\t\t\t\t\t<\/div>\n\t\t\t\t\t<\/div>\n\t\t\t\t\t\t\t\t\t<\/div>\n\t\t\t<\/div>\n\t\t<\/div><div class=\"col post-item\" >\n\t\t\t<div class=\"col-inner\">\n\t\t\t\t<div class=\"box box-normal box-text-bottom box-blog-post has-hover\">\n            \t\t\t\t\t<div class=\"box-image\" >\n  \t\t\t\t\t\t<div class=\"image-cover\" style=\"padding-top:56.25%;\">\n\t\t\t\t\t\t\t<a href=\"https:\/\/carselect.touring.be\/fr\/blog\/comprendre-les-chevaux-fiscaux-guide-pratique-pour-votre-vehicule\/\" class=\"plain\" aria-label=\"Comprendre les chevaux fiscaux : Guide pratique pour votre v\u00e9hicule\">\n\t\t\t\t\t\t\t\t<img loading=\"lazy\" decoding=\"async\" width=\"300\" height=\"200\" src=\"\/wp-content\/uploads\/2025\/05\/chevaux-fiscaux-300x200.jpg\" class=\"attachment-medium size-medium wp-post-image\" alt=\"chevaux fiscaux\" srcset=\"\/wp-content\/uploads\/2025\/05\/chevaux-fiscaux-300x200.jpg 300w, \/wp-content\/uploads\/2025\/05\/chevaux-fiscaux-768x512.jpg 768w, \/wp-content\/uploads\/2025\/05\/chevaux-fiscaux.jpg 1000w\" sizes=\"auto, (max-width: 300px) 100vw, 300px\" \/>\t\t\t\t\t\t\t<\/a>\n  \t\t\t\t\t\t\t  \t\t\t\t\t\t\t  \t\t\t\t\t\t<\/div>\n  \t\t\t\t\t\t  \t\t\t\t\t<\/div>\n          \t\t\t\t\t<div class=\"box-text text-left\" >\n\t\t\t\t\t<div class=\"box-text-inner blog-post-inner\">\n\n\t\t\t\t\t\n\t\t\t\t\t\t\t\t\t\t<h5 class=\"post-title is-large \">\n\t\t\t\t\t\t<a href=\"https:\/\/carselect.touring.be\/fr\/blog\/comprendre-les-chevaux-fiscaux-guide-pratique-pour-votre-vehicule\/\" class=\"plain\">Comprendre les chevaux fiscaux : Guide pratique pour votre v\u00e9hicule<\/a>\n\t\t\t\t\t<\/h5>\n\t\t\t\t\t\t\t\t\t\t<div class=\"is-divider\"><\/div>\n\t\t\t\t\t\t\t\t\t\t<p class=\"from_the_blog_excerpt \">\n\t\t\t\t\t\tChevaux fiscaux : apprenez \u00e0 les trouver, les calculer, et \u00e0 comprendre leur r\u00f4le dans [...]\t\t\t\t\t<\/p>\n\t\t\t\t\t                    \n\t\t\t\t\t\n\t\t\t\t\t\n\t\t\t\t\t<\/div>\n\t\t\t\t\t<\/div>\n\t\t\t\t\t\t\t\t\t<\/div>\n\t\t\t<\/div>\n\t\t<\/div><div class=\"col post-item\" >\n\t\t\t<div class=\"col-inner\">\n\t\t\t\t<div class=\"box box-normal box-text-bottom box-blog-post has-hover\">\n            \t\t\t\t\t<div class=\"box-image\" >\n  \t\t\t\t\t\t<div class=\"image-cover\" style=\"padding-top:56.25%;\">\n\t\t\t\t\t\t\t<a href=\"https:\/\/carselect.touring.be\/fr\/blog\/leasing-professionnel-vs-leasing-particulier-quelle-formule\/\" class=\"plain\" aria-label=\"Leasing professionnel vs. leasing particulier: quelle formule?\">\n\t\t\t\t\t\t\t\t<img loading=\"lazy\" decoding=\"async\" width=\"300\" height=\"200\" src=\"\/wp-content\/uploads\/2025\/09\/leasing-particulier-vs-professionel-300x200.jpg\" class=\"attachment-medium size-medium wp-post-image\" alt=\"leasing particulier ou professionel\" srcset=\"\/wp-content\/uploads\/2025\/09\/leasing-particulier-vs-professionel-300x200.jpg 300w, \/wp-content\/uploads\/2025\/09\/leasing-particulier-vs-professionel-768x511.jpg 768w, \/wp-content\/uploads\/2025\/09\/leasing-particulier-vs-professionel.jpg 1000w\" sizes=\"auto, (max-width: 300px) 100vw, 300px\" \/>\t\t\t\t\t\t\t<\/a>\n  \t\t\t\t\t\t\t  \t\t\t\t\t\t\t  \t\t\t\t\t\t<\/div>\n  \t\t\t\t\t\t  \t\t\t\t\t<\/div>\n          \t\t\t\t\t<div class=\"box-text text-left\" >\n\t\t\t\t\t<div class=\"box-text-inner blog-post-inner\">\n\n\t\t\t\t\t\n\t\t\t\t\t\t\t\t\t\t<h5 class=\"post-title is-large \">\n\t\t\t\t\t\t<a href=\"https:\/\/carselect.touring.be\/fr\/blog\/leasing-professionnel-vs-leasing-particulier-quelle-formule\/\" class=\"plain\">Leasing professionnel vs. leasing particulier: quelle formule?<\/a>\n\t\t\t\t\t<\/h5>\n\t\t\t\t\t\t\t\t\t\t<div class=\"is-divider\"><\/div>\n\t\t\t\t\t\t\t\t\t\t<p class=\"from_the_blog_excerpt \">\n\t\t\t\t\t\tLeasing particulier ou professionnel ? D\u00e9couvrez 6 diff\u00e9rences cl\u00e9s et l\u2019option la plus avantageuse pour [...]\t\t\t\t\t<\/p>\n\t\t\t\t\t                    \n\t\t\t\t\t\n\t\t\t\t\t\n\t\t\t\t\t<\/div>\n\t\t\t\t\t<\/div>\n\t\t\t\t\t\t\t\t\t<\/div>\n\t\t\t<\/div>\n\t\t<\/div><div class=\"col post-item\" >\n\t\t\t<div class=\"col-inner\">\n\t\t\t\t<div class=\"box box-normal box-text-bottom box-blog-post has-hover\">\n            \t\t\t\t\t<div class=\"box-image\" >\n  \t\t\t\t\t\t<div class=\"image-cover\" style=\"padding-top:56.25%;\">\n\t\t\t\t\t\t\t<a href=\"https:\/\/carselect.touring.be\/fr\/blog\/comprendre-la-taxe-de-circulation-en-belgique\/\" class=\"plain\" aria-label=\"Comprendre la taxe de circulation en Belgique\">\n\t\t\t\t\t\t\t\t<img loading=\"lazy\" decoding=\"async\" width=\"300\" height=\"200\" src=\"\/wp-content\/uploads\/2025\/04\/taxe-de-circulation-300x200.jpg\" class=\"attachment-medium size-medium wp-post-image\" alt=\"taxe de circulation belgique\" srcset=\"\/wp-content\/uploads\/2025\/04\/taxe-de-circulation-300x200.jpg 300w, \/wp-content\/uploads\/2025\/04\/taxe-de-circulation-768x511.jpg 768w, \/wp-content\/uploads\/2025\/04\/taxe-de-circulation.jpg 1000w\" sizes=\"auto, (max-width: 300px) 100vw, 300px\" \/>\t\t\t\t\t\t\t<\/a>\n  \t\t\t\t\t\t\t  \t\t\t\t\t\t\t  \t\t\t\t\t\t<\/div>\n  \t\t\t\t\t\t  \t\t\t\t\t<\/div>\n          \t\t\t\t\t<div class=\"box-text text-left\" >\n\t\t\t\t\t<div class=\"box-text-inner blog-post-inner\">\n\n\t\t\t\t\t\n\t\t\t\t\t\t\t\t\t\t<h5 class=\"post-title is-large \">\n\t\t\t\t\t\t<a href=\"https:\/\/carselect.touring.be\/fr\/blog\/comprendre-la-taxe-de-circulation-en-belgique\/\" class=\"plain\">Comprendre la taxe de circulation en Belgique<\/a>\n\t\t\t\t\t<\/h5>\n\t\t\t\t\t\t\t\t\t\t<div class=\"is-divider\"><\/div>\n\t\t\t\t\t\t\t\t\t\t<p class=\"from_the_blog_excerpt \">\n\t\t\t\t\t\tD\u00e9couvrez tout ce qu'il faut savoir sur la taxe de circulation : conseils pratiques et [...]\t\t\t\t\t<\/p>\n\t\t\t\t\t                    \n\t\t\t\t\t\n\t\t\t\t\t\n\t\t\t\t\t<\/div>\n\t\t\t\t\t<\/div>\n\t\t\t\t\t\t\t\t\t<\/div>\n\t\t\t<\/div>\n\t\t<\/div><div class=\"col post-item\" >\n\t\t\t<div class=\"col-inner\">\n\t\t\t\t<div class=\"box box-normal box-text-bottom box-blog-post has-hover\">\n            \t\t\t\t\t<div class=\"box-image\" >\n  \t\t\t\t\t\t<div class=\"image-cover\" style=\"padding-top:56.25%;\">\n\t\t\t\t\t\t\t<a href=\"https:\/\/carselect.touring.be\/fr\/blog\/marque-de-voiture-populaire-en-belgique-2025-top-10-et-tendances\/\" class=\"plain\" aria-label=\"Marque de Voiture Populaire en Belgique 2025 : Top 10 et Tendances\">\n\t\t\t\t\t\t\t\t<img loading=\"lazy\" decoding=\"async\" width=\"300\" height=\"200\" src=\"\/wp-content\/uploads\/2025\/08\/header-marque-de-voiture-300x200.jpg\" class=\"attachment-medium size-medium wp-post-image\" alt=\"marque de voiture populaire Belgique\" srcset=\"\/wp-content\/uploads\/2025\/08\/header-marque-de-voiture-300x200.jpg 300w, \/wp-content\/uploads\/2025\/08\/header-marque-de-voiture-768x511.jpg 768w, \/wp-content\/uploads\/2025\/08\/header-marque-de-voiture.jpg 1000w\" sizes=\"auto, (max-width: 300px) 100vw, 300px\" \/>\t\t\t\t\t\t\t<\/a>\n  \t\t\t\t\t\t\t  \t\t\t\t\t\t\t  \t\t\t\t\t\t<\/div>\n  \t\t\t\t\t\t  \t\t\t\t\t<\/div>\n          \t\t\t\t\t<div class=\"box-text text-left\" >\n\t\t\t\t\t<div class=\"box-text-inner blog-post-inner\">\n\n\t\t\t\t\t\n\t\t\t\t\t\t\t\t\t\t<h5 class=\"post-title is-large \">\n\t\t\t\t\t\t<a href=\"https:\/\/carselect.touring.be\/fr\/blog\/marque-de-voiture-populaire-en-belgique-2025-top-10-et-tendances\/\" class=\"plain\">Marque de Voiture Populaire en Belgique 2025 : Top 10 et Tendances<\/a>\n\t\t\t\t\t<\/h5>\n\t\t\t\t\t\t\t\t\t\t<div class=\"is-divider\"><\/div>\n\t\t\t\t\t\t\t\t\t\t<p class=\"from_the_blog_excerpt \">\n\t\t\t\t\t\tD\u00e9couvrez le top 10 des marques de voitures les plus populaires en Belgique en 2025. [...]\t\t\t\t\t<\/p>\n\t\t\t\t\t                    \n\t\t\t\t\t\n\t\t\t\t\t\n\t\t\t\t\t<\/div>\n\t\t\t\t\t<\/div>\n\t\t\t\t\t\t\t\t\t<\/div>\n\t\t\t<\/div>\n\t\t<\/div><div class=\"col post-item\" >\n\t\t\t<div class=\"col-inner\">\n\t\t\t\t<div class=\"box box-normal box-text-bottom box-blog-post has-hover\">\n            \t\t\t\t\t<div class=\"box-image\" >\n  \t\t\t\t\t\t<div class=\"image-cover\" style=\"padding-top:56.25%;\">\n\t\t\t\t\t\t\t<a href=\"https:\/\/carselect.touring.be\/fr\/blog\/vendre-ma-voiture-en-belgique-les-8-conseils-indispensables-pour-2025\/\" class=\"plain\" aria-label=\"Vendre ma voiture en Belgique : les 8 conseils indispensables pour 2025\">\n\t\t\t\t\t\t\t\t<img loading=\"lazy\" decoding=\"async\" width=\"300\" height=\"200\" src=\"\/wp-content\/uploads\/2025\/07\/vendre-ma-voiture-header-300x200.jpg\" class=\"attachment-medium size-medium wp-post-image\" alt=\"vendre ma voiture\" srcset=\"\/wp-content\/uploads\/2025\/07\/vendre-ma-voiture-header-300x200.jpg 300w, \/wp-content\/uploads\/2025\/07\/vendre-ma-voiture-header-768x512.jpg 768w, \/wp-content\/uploads\/2025\/07\/vendre-ma-voiture-header.jpg 1000w\" sizes=\"auto, (max-width: 300px) 100vw, 300px\" \/>\t\t\t\t\t\t\t<\/a>\n  \t\t\t\t\t\t\t  \t\t\t\t\t\t\t  \t\t\t\t\t\t<\/div>\n  \t\t\t\t\t\t  \t\t\t\t\t<\/div>\n          \t\t\t\t\t<div class=\"box-text text-left\" >\n\t\t\t\t\t<div class=\"box-text-inner blog-post-inner\">\n\n\t\t\t\t\t\n\t\t\t\t\t\t\t\t\t\t<h5 class=\"post-title is-large \">\n\t\t\t\t\t\t<a href=\"https:\/\/carselect.touring.be\/fr\/blog\/vendre-ma-voiture-en-belgique-les-8-conseils-indispensables-pour-2025\/\" class=\"plain\">Vendre ma voiture en Belgique : les 8 conseils indispensables pour 2025<\/a>\n\t\t\t\t\t<\/h5>\n\t\t\t\t\t\t\t\t\t\t<div class=\"is-divider\"><\/div>\n\t\t\t\t\t\t\t\t\t\t<p class=\"from_the_blog_excerpt \">\n\t\t\t\t\t\tD\u00e9couvrez des conseils pratiques pour vendre votre voiture rapidement et facilement. Suivez nos \u00e9tapes simples [...]\t\t\t\t\t<\/p>\n\t\t\t\t\t                    \n\t\t\t\t\t\n\t\t\t\t\t\n\t\t\t\t\t<\/div>\n\t\t\t\t\t<\/div>\n\t\t\t\t\t\t\t\t\t<\/div>\n\t\t\t<\/div>\n\t\t<\/div><div class=\"col post-item\" >\n\t\t\t<div class=\"col-inner\">\n\t\t\t\t<div class=\"box box-normal box-text-bottom box-blog-post has-hover\">\n            \t\t\t\t\t<div class=\"box-image\" >\n  \t\t\t\t\t\t<div class=\"image-cover\" style=\"padding-top:56.25%;\">\n\t\t\t\t\t\t\t<a href=\"https:\/\/carselect.touring.be\/fr\/blog\/contrat-de-vente-de-voiture-tout-ce-quil-faut-savoir\/\" class=\"plain\" aria-label=\"Contrat de vente de voiture : Tout ce qu&rsquo;il faut savoir\">\n\t\t\t\t\t\t\t\t<img loading=\"lazy\" decoding=\"async\" width=\"300\" height=\"200\" src=\"\/wp-content\/uploads\/2025\/01\/header-vendre-voiture-1-300x200.jpg\" class=\"attachment-medium size-medium wp-post-image\" alt=\"contrat de vente de voiture\" srcset=\"\/wp-content\/uploads\/2025\/01\/header-vendre-voiture-1-300x200.jpg 300w, \/wp-content\/uploads\/2025\/01\/header-vendre-voiture-1-768x512.jpg 768w, \/wp-content\/uploads\/2025\/01\/header-vendre-voiture-1.jpg 1000w\" sizes=\"auto, (max-width: 300px) 100vw, 300px\" \/>\t\t\t\t\t\t\t<\/a>\n  \t\t\t\t\t\t\t  \t\t\t\t\t\t\t  \t\t\t\t\t\t<\/div>\n  \t\t\t\t\t\t  \t\t\t\t\t<\/div>\n          \t\t\t\t\t<div class=\"box-text text-left\" >\n\t\t\t\t\t<div class=\"box-text-inner blog-post-inner\">\n\n\t\t\t\t\t\n\t\t\t\t\t\t\t\t\t\t<h5 class=\"post-title is-large \">\n\t\t\t\t\t\t<a href=\"https:\/\/carselect.touring.be\/fr\/blog\/contrat-de-vente-de-voiture-tout-ce-quil-faut-savoir\/\" class=\"plain\">Contrat de vente de voiture : Tout ce qu&rsquo;il faut savoir<\/a>\n\t\t\t\t\t<\/h5>\n\t\t\t\t\t\t\t\t\t\t<div class=\"is-divider\"><\/div>\n\t\t\t\t\t\t\t\t\t\t<p class=\"from_the_blog_excerpt \">\n\t\t\t\t\t\tD\u00e9couvrez les \u00e9l\u00e9ments cl\u00e9s d'un contrat de vente de voiture. Assurez-vous d'une transaction s\u00e9curis\u00e9e et [...]\t\t\t\t\t<\/p>\n\t\t\t\t\t                    \n\t\t\t\t\t\n\t\t\t\t\t\n\t\t\t\t\t<\/div>\n\t\t\t\t\t<\/div>\n\t\t\t\t\t\t\t\t\t<\/div>\n\t\t\t<\/div>\n\t\t<\/div><div class=\"col post-item\" >\n\t\t\t<div class=\"col-inner\">\n\t\t\t\t<div class=\"box box-normal box-text-bottom box-blog-post has-hover\">\n            \t\t\t\t\t<div class=\"box-image\" >\n  \t\t\t\t\t\t<div class=\"image-cover\" style=\"padding-top:56.25%;\">\n\t\t\t\t\t\t\t<a href=\"https:\/\/carselect.touring.be\/fr\/blog\/zone-de-basses-emissions-belgique-un-apercu-concis\/\" class=\"plain\" aria-label=\"Zone de basses \u00e9missions Belgique : Un aper\u00e7u concis\">\n\t\t\t\t\t\t\t\t<img loading=\"lazy\" decoding=\"async\" width=\"300\" height=\"200\" src=\"\/wp-content\/uploads\/2025\/01\/header-sba-300x200.jpg\" class=\"attachment-medium size-medium wp-post-image\" alt=\"zone de basses \u00e9missions\" srcset=\"\/wp-content\/uploads\/2025\/01\/header-sba-300x200.jpg 300w, \/wp-content\/uploads\/2025\/01\/header-sba-768x512.jpg 768w, \/wp-content\/uploads\/2025\/01\/header-sba.jpg 1000w\" sizes=\"auto, (max-width: 300px) 100vw, 300px\" \/>\t\t\t\t\t\t\t<\/a>\n  \t\t\t\t\t\t\t  \t\t\t\t\t\t\t  \t\t\t\t\t\t<\/div>\n  \t\t\t\t\t\t  \t\t\t\t\t<\/div>\n          \t\t\t\t\t<div class=\"box-text text-left\" >\n\t\t\t\t\t<div class=\"box-text-inner blog-post-inner\">\n\n\t\t\t\t\t\n\t\t\t\t\t\t\t\t\t\t<h5 class=\"post-title is-large \">\n\t\t\t\t\t\t<a href=\"https:\/\/carselect.touring.be\/fr\/blog\/zone-de-basses-emissions-belgique-un-apercu-concis\/\" class=\"plain\">Zone de basses \u00e9missions Belgique : Un aper\u00e7u concis<\/a>\n\t\t\t\t\t<\/h5>\n\t\t\t\t\t\t\t\t\t\t<div class=\"is-divider\"><\/div>\n\t\t\t\t\t\t\t\t\t\t<p class=\"from_the_blog_excerpt \">\n\t\t\t\t\t\tD\u00e9couvrez tout sur la zone de basses \u00e9missions en Belgique et son impact sur votre [...]\t\t\t\t\t<\/p>\n\t\t\t\t\t                    \n\t\t\t\t\t\n\t\t\t\t\t\n\t\t\t\t\t<\/div>\n\t\t\t\t\t<\/div>\n\t\t\t\t\t\t\t\t\t<\/div>\n\t\t\t<\/div>\n\t\t<\/div><div class=\"col post-item\" >\n\t\t\t<div class=\"col-inner\">\n\t\t\t\t<div class=\"box box-normal box-text-bottom box-blog-post has-hover\">\n            \t\t\t\t\t<div class=\"box-image\" >\n  \t\t\t\t\t\t<div class=\"image-cover\" style=\"padding-top:56.25%;\">\n\t\t\t\t\t\t\t<a href=\"https:\/\/carselect.touring.be\/fr\/blog\/assurance-jeune-conducteur-en-belgique-quelles-sont-les-options\/\" class=\"plain\" aria-label=\"Assurance jeune conducteur en Belgique : quelles sont les options ?\">\n\t\t\t\t\t\t\t\t<img loading=\"lazy\" decoding=\"async\" width=\"300\" height=\"200\" src=\"\/wp-content\/uploads\/2025\/02\/assurance-jeune-conducteur-belgique-header-300x200.png\" class=\"attachment-medium size-medium wp-post-image\" alt=\"assurance jeune conducteur belgique\" srcset=\"\/wp-content\/uploads\/2025\/02\/assurance-jeune-conducteur-belgique-header-300x200.png 300w, \/wp-content\/uploads\/2025\/02\/assurance-jeune-conducteur-belgique-header-768x512.png 768w, \/wp-content\/uploads\/2025\/02\/assurance-jeune-conducteur-belgique-header.png 1000w\" sizes=\"auto, (max-width: 300px) 100vw, 300px\" \/>\t\t\t\t\t\t\t<\/a>\n  \t\t\t\t\t\t\t  \t\t\t\t\t\t\t  \t\t\t\t\t\t<\/div>\n  \t\t\t\t\t\t  \t\t\t\t\t<\/div>\n          \t\t\t\t\t<div class=\"box-text text-left\" >\n\t\t\t\t\t<div class=\"box-text-inner blog-post-inner\">\n\n\t\t\t\t\t\n\t\t\t\t\t\t\t\t\t\t<h5 class=\"post-title is-large \">\n\t\t\t\t\t\t<a href=\"https:\/\/carselect.touring.be\/fr\/blog\/assurance-jeune-conducteur-en-belgique-quelles-sont-les-options\/\" class=\"plain\">Assurance jeune conducteur en Belgique : quelles sont les options ?<\/a>\n\t\t\t\t\t<\/h5>\n\t\t\t\t\t\t\t\t\t\t<div class=\"is-divider\"><\/div>\n\t\t\t\t\t\t\t\t\t\t<p class=\"from_the_blog_excerpt \">\n\t\t\t\t\t\tL'assurance jeune conducteur en Belgique est co\u00fbteuse, mais il existe des astuces pour \u00e9conomiser ! [...]\t\t\t\t\t<\/p>\n\t\t\t\t\t                    \n\t\t\t\t\t\n\t\t\t\t\t\n\t\t\t\t\t<\/div>\n\t\t\t\t\t<\/div>\n\t\t\t\t\t\t\t\t\t<\/div>\n\t\t\t<\/div>\n\t\t<\/div><div class=\"col post-item\" >\n\t\t\t<div class=\"col-inner\">\n\t\t\t\t<div class=\"box box-normal box-text-bottom box-blog-post has-hover\">\n            \t\t\t\t\t<div class=\"box-image\" >\n  \t\t\t\t\t\t<div class=\"image-cover\" style=\"padding-top:56.25%;\">\n\t\t\t\t\t\t\t<a href=\"https:\/\/carselect.touring.be\/fr\/blog\/quel-est-le-prix-dune-assurance-auto-par-an-le-guide-complet\/\" class=\"plain\" aria-label=\"Quel est le prix d&rsquo;une assurance auto par an ? Le guide complet\">\n\t\t\t\t\t\t\t\t<img loading=\"lazy\" decoding=\"async\" width=\"300\" height=\"200\" src=\"\/wp-content\/uploads\/2025\/03\/headerimage-prix-assurance-auto-300x200.jpg\" class=\"attachment-medium size-medium wp-post-image\" alt=\"prix assurance automobile\" srcset=\"\/wp-content\/uploads\/2025\/03\/headerimage-prix-assurance-auto-300x200.jpg 300w, \/wp-content\/uploads\/2025\/03\/headerimage-prix-assurance-auto-768x511.jpg 768w, \/wp-content\/uploads\/2025\/03\/headerimage-prix-assurance-auto.jpg 1000w\" sizes=\"auto, (max-width: 300px) 100vw, 300px\" \/>\t\t\t\t\t\t\t<\/a>\n  \t\t\t\t\t\t\t  \t\t\t\t\t\t\t  \t\t\t\t\t\t<\/div>\n  \t\t\t\t\t\t  \t\t\t\t\t<\/div>\n          \t\t\t\t\t<div class=\"box-text text-left\" >\n\t\t\t\t\t<div class=\"box-text-inner blog-post-inner\">\n\n\t\t\t\t\t\n\t\t\t\t\t\t\t\t\t\t<h5 class=\"post-title is-large \">\n\t\t\t\t\t\t<a href=\"https:\/\/carselect.touring.be\/fr\/blog\/quel-est-le-prix-dune-assurance-auto-par-an-le-guide-complet\/\" class=\"plain\">Quel est le prix d&rsquo;une assurance auto par an ? Le guide complet<\/a>\n\t\t\t\t\t<\/h5>\n\t\t\t\t\t\t\t\t\t\t<div class=\"is-divider\"><\/div>\n\t\t\t\t\t\t\t\t\t\t<p class=\"from_the_blog_excerpt \">\n\t\t\t\t\t\tQuel est le prix d'une assurance auto par an en Belgique ? D\u00e9couvrez les tarifs [...]\t\t\t\t\t<\/p>\n\t\t\t\t\t                    \n\t\t\t\t\t\n\t\t\t\t\t\n\t\t\t\t\t<\/div>\n\t\t\t\t\t<\/div>\n\t\t\t\t\t\t\t\t\t<\/div>\n\t\t\t<\/div>\n\t\t<\/div><div class=\"col post-item\" >\n\t\t\t<div class=\"col-inner\">\n\t\t\t\t<div class=\"box box-normal box-text-bottom box-blog-post has-hover\">\n            \t\t\t\t\t<div class=\"box-image\" >\n  \t\t\t\t\t\t<div class=\"image-cover\" style=\"padding-top:56.25%;\">\n\t\t\t\t\t\t\t<a href=\"https:\/\/carselect.touring.be\/fr\/blog\/credit-ballon-vs-credit-classique-differences\/\" class=\"plain\" aria-label=\"Qu\u2019est-ce qu\u2019un cr\u00e9dit ballon ? Comparaison avec le cr\u00e9dit classique\">\n\t\t\t\t\t\t\t\t<img loading=\"lazy\" decoding=\"async\" width=\"300\" height=\"200\" src=\"\/wp-content\/uploads\/2025\/10\/credit-ballon-header-300x200.jpg\" class=\"attachment-medium size-medium wp-post-image\" alt=\"cr\u00e9dit ballon\" srcset=\"\/wp-content\/uploads\/2025\/10\/credit-ballon-header-300x200.jpg 300w, \/wp-content\/uploads\/2025\/10\/credit-ballon-header-768x512.jpg 768w, \/wp-content\/uploads\/2025\/10\/credit-ballon-header.jpg 1000w\" sizes=\"auto, (max-width: 300px) 100vw, 300px\" \/>\t\t\t\t\t\t\t<\/a>\n  \t\t\t\t\t\t\t  \t\t\t\t\t\t\t  \t\t\t\t\t\t<\/div>\n  \t\t\t\t\t\t  \t\t\t\t\t<\/div>\n          \t\t\t\t\t<div class=\"box-text text-left\" >\n\t\t\t\t\t<div class=\"box-text-inner blog-post-inner\">\n\n\t\t\t\t\t\n\t\t\t\t\t\t\t\t\t\t<h5 class=\"post-title is-large \">\n\t\t\t\t\t\t<a href=\"https:\/\/carselect.touring.be\/fr\/blog\/credit-ballon-vs-credit-classique-differences\/\" class=\"plain\">Qu\u2019est-ce qu\u2019un cr\u00e9dit ballon ? Comparaison avec le cr\u00e9dit classique<\/a>\n\t\t\t\t\t<\/h5>\n\t\t\t\t\t\t\t\t\t\t<div class=\"is-divider\"><\/div>\n\t\t\t\t\t\t\t\t\t\t<p class=\"from_the_blog_excerpt \">\n\t\t\t\t\t\tH\u00e9sitez-vous entre un cr\u00e9dit ballon et cr\u00e9dit classique ? D\u00e9couvrez les diff\u00e9rences, avantages et inconv\u00e9nients [...]\t\t\t\t\t<\/p>\n\t\t\t\t\t                    \n\t\t\t\t\t\n\t\t\t\t\t\n\t\t\t\t\t<\/div>\n\t\t\t\t\t<\/div>\n\t\t\t\t\t\t\t\t\t<\/div>\n\t\t\t<\/div>\n\t\t<\/div><div class=\"col post-item\" >\n\t\t\t<div class=\"col-inner\">\n\t\t\t\t<div class=\"box box-normal box-text-bottom box-blog-post has-hover\">\n            \t\t\t\t\t<div class=\"box-image\" >\n  \t\t\t\t\t\t<div class=\"image-cover\" style=\"padding-top:56.25%;\">\n\t\t\t\t\t\t\t<a href=\"https:\/\/carselect.touring.be\/fr\/blog\/voiture-sans-permis-voiturette-en-belgique-regles-et-modeles\/\" class=\"plain\" aria-label=\"Voiture sans permis (voiturette) en Belgique : r\u00e8gles et mod\u00e8les\">\n\t\t\t\t\t\t\t\t<img loading=\"lazy\" decoding=\"async\" width=\"300\" height=\"200\" src=\"\/wp-content\/uploads\/2025\/08\/voiture-sans-permis-300x200.jpg\" class=\"attachment-medium size-medium wp-post-image\" alt=\"voiture sans permis\" srcset=\"\/wp-content\/uploads\/2025\/08\/voiture-sans-permis-300x200.jpg 300w, \/wp-content\/uploads\/2025\/08\/voiture-sans-permis-768x512.jpg 768w, \/wp-content\/uploads\/2025\/08\/voiture-sans-permis.jpg 1000w\" sizes=\"auto, (max-width: 300px) 100vw, 300px\" \/>\t\t\t\t\t\t\t<\/a>\n  \t\t\t\t\t\t\t  \t\t\t\t\t\t\t  \t\t\t\t\t\t<\/div>\n  \t\t\t\t\t\t  \t\t\t\t\t<\/div>\n          \t\t\t\t\t<div class=\"box-text text-left\" >\n\t\t\t\t\t<div class=\"box-text-inner blog-post-inner\">\n\n\t\t\t\t\t\n\t\t\t\t\t\t\t\t\t\t<h5 class=\"post-title is-large \">\n\t\t\t\t\t\t<a href=\"https:\/\/carselect.touring.be\/fr\/blog\/voiture-sans-permis-voiturette-en-belgique-regles-et-modeles\/\" class=\"plain\">Voiture sans permis (voiturette) en Belgique : r\u00e8gles et mod\u00e8les<\/a>\n\t\t\t\t\t<\/h5>\n\t\t\t\t\t\t\t\t\t\t<div class=\"is-divider\"><\/div>\n\t\t\t\t\t\t\t\t\t\t<p class=\"from_the_blog_excerpt \">\n\t\t\t\t\t\tD\u00e9couvrez tout sur la voiture sans permis : mod\u00e8les, prix et performances. Informez-vous pour faire [...]\t\t\t\t\t<\/p>\n\t\t\t\t\t                    \n\t\t\t\t\t\n\t\t\t\t\t\n\t\t\t\t\t<\/div>\n\t\t\t\t\t<\/div>\n\t\t\t\t\t\t\t\t\t<\/div>\n\t\t\t<\/div>\n\t\t<\/div><div class=\"col post-item\" >\n\t\t\t<div class=\"col-inner\">\n\t\t\t\t<div class=\"box box-normal box-text-bottom box-blog-post has-hover\">\n            \t\t\t\t\t<div class=\"box-image\" >\n  \t\t\t\t\t\t<div class=\"image-cover\" style=\"padding-top:56.25%;\">\n\t\t\t\t\t\t\t<a href=\"https:\/\/carselect.touring.be\/fr\/blog\/que-faire-suite-a-un-accident-de-la-route-suivez-ces-instructions-de-base\/\" class=\"plain\" aria-label=\"Que faire suite \u00e0 un accident de la route : Suivez ces instructions de base\">\n\t\t\t\t\t\t\t\t<img loading=\"lazy\" decoding=\"async\" width=\"300\" height=\"200\" src=\"\/wp-content\/uploads\/2024\/12\/header-verkeersongeval-300x200.jpg\" class=\"attachment-medium size-medium wp-post-image\" alt=\"verkeersongeval\" srcset=\"\/wp-content\/uploads\/2024\/12\/header-verkeersongeval-300x200.jpg 300w, \/wp-content\/uploads\/2024\/12\/header-verkeersongeval-768x512.jpg 768w, \/wp-content\/uploads\/2024\/12\/header-verkeersongeval.jpg 1000w\" sizes=\"auto, (max-width: 300px) 100vw, 300px\" \/>\t\t\t\t\t\t\t<\/a>\n  \t\t\t\t\t\t\t  \t\t\t\t\t\t\t  \t\t\t\t\t\t<\/div>\n  \t\t\t\t\t\t  \t\t\t\t\t<\/div>\n          \t\t\t\t\t<div class=\"box-text text-left\" >\n\t\t\t\t\t<div class=\"box-text-inner blog-post-inner\">\n\n\t\t\t\t\t\n\t\t\t\t\t\t\t\t\t\t<h5 class=\"post-title is-large \">\n\t\t\t\t\t\t<a href=\"https:\/\/carselect.touring.be\/fr\/blog\/que-faire-suite-a-un-accident-de-la-route-suivez-ces-instructions-de-base\/\" class=\"plain\">Que faire suite \u00e0 un accident de la route : Suivez ces instructions de base<\/a>\n\t\t\t\t\t<\/h5>\n\t\t\t\t\t\t\t\t\t\t<div class=\"is-divider\"><\/div>\n\t\t\t\t\t\t\t\t\t\t<p class=\"from_the_blog_excerpt \">\n\t\t\t\t\t\tAccident de la route ? D\u00e9couvrez les \u00e9tapes essentielles \u00e0 suivre pour prot\u00e9ger vos droits [...]\t\t\t\t\t<\/p>\n\t\t\t\t\t                    \n\t\t\t\t\t\n\t\t\t\t\t\n\t\t\t\t\t<\/div>\n\t\t\t\t\t<\/div>\n\t\t\t\t\t\t\t\t\t<\/div>\n\t\t\t<\/div>\n\t\t<\/div><div class=\"col post-item\" >\n\t\t\t<div class=\"col-inner\">\n\t\t\t\t<div class=\"box box-normal box-text-bottom box-blog-post has-hover\">\n            \t\t\t\t\t<div class=\"box-image\" >\n  \t\t\t\t\t\t<div class=\"image-cover\" style=\"padding-top:56.25%;\">\n\t\t\t\t\t\t\t<a href=\"https:\/\/carselect.touring.be\/fr\/blog\/vendre-voiture-sans-controle-technique-en-belgique\/\" class=\"plain\" aria-label=\"Vendre voiture sans contr\u00f4le technique ? Voici comment le faire 100 % l\u00e9galement en Belgique\">\n\t\t\t\t\t\t\t\t<img loading=\"lazy\" decoding=\"async\" width=\"300\" height=\"200\" src=\"\/wp-content\/uploads\/2025\/07\/vendre-voiture-sans-controle-technique-header-300x200.jpg\" class=\"attachment-medium size-medium wp-post-image\" alt=\"vendre voiture sans contr\u00f4le technique\" srcset=\"\/wp-content\/uploads\/2025\/07\/vendre-voiture-sans-controle-technique-header-300x200.jpg 300w, \/wp-content\/uploads\/2025\/07\/vendre-voiture-sans-controle-technique-header-768x512.jpg 768w, \/wp-content\/uploads\/2025\/07\/vendre-voiture-sans-controle-technique-header.jpg 1000w\" sizes=\"auto, (max-width: 300px) 100vw, 300px\" \/>\t\t\t\t\t\t\t<\/a>\n  \t\t\t\t\t\t\t  \t\t\t\t\t\t\t  \t\t\t\t\t\t<\/div>\n  \t\t\t\t\t\t  \t\t\t\t\t<\/div>\n          \t\t\t\t\t<div class=\"box-text text-left\" >\n\t\t\t\t\t<div class=\"box-text-inner blog-post-inner\">\n\n\t\t\t\t\t\n\t\t\t\t\t\t\t\t\t\t<h5 class=\"post-title is-large \">\n\t\t\t\t\t\t<a href=\"https:\/\/carselect.touring.be\/fr\/blog\/vendre-voiture-sans-controle-technique-en-belgique\/\" class=\"plain\">Vendre voiture sans contr\u00f4le technique ? Voici comment le faire 100 % l\u00e9galement en Belgique<\/a>\n\t\t\t\t\t<\/h5>\n\t\t\t\t\t\t\t\t\t\t<div class=\"is-divider\"><\/div>\n\t\t\t\t\t\t\t\t\t\t<p class=\"from_the_blog_excerpt \">\n\t\t\t\t\t\tD\u00e9couvrez comment vendre votre voiture sans contr\u00f4le technique. Informez-vous sur les d\u00e9marches et les implications. [...]\t\t\t\t\t<\/p>\n\t\t\t\t\t                    \n\t\t\t\t\t\n\t\t\t\t\t\n\t\t\t\t\t<\/div>\n\t\t\t\t\t<\/div>\n\t\t\t\t\t\t\t\t\t<\/div>\n\t\t\t<\/div>\n\t\t<\/div><div class=\"col post-item\" >\n\t\t\t<div class=\"col-inner\">\n\t\t\t\t<div class=\"box box-normal box-text-bottom box-blog-post has-hover\">\n            \t\t\t\t\t<div class=\"box-image\" >\n  \t\t\t\t\t\t<div class=\"image-cover\" style=\"padding-top:56.25%;\">\n\t\t\t\t\t\t\t<a href=\"https:\/\/carselect.touring.be\/fr\/blog\/belles-destinations-de-vacances-pour-un-roadtrip-avec-votre-propre-voiture\/\" class=\"plain\" aria-label=\"Belles destinations de vacances pour un roadtrip avec votre propre voiture\">\n\t\t\t\t\t\t\t\t<img loading=\"lazy\" decoding=\"async\" width=\"300\" height=\"200\" src=\"\/wp-content\/uploads\/2025\/05\/roadtrip-header-optimized-300x200.jpg\" class=\"attachment-medium size-medium wp-post-image\" alt=\"roadtrip\" srcset=\"\/wp-content\/uploads\/2025\/05\/roadtrip-header-optimized-300x200.jpg 300w, \/wp-content\/uploads\/2025\/05\/roadtrip-header-optimized-768x512.jpg 768w, \/wp-content\/uploads\/2025\/05\/roadtrip-header-optimized.jpg 1000w\" sizes=\"auto, (max-width: 300px) 100vw, 300px\" \/>\t\t\t\t\t\t\t<\/a>\n  \t\t\t\t\t\t\t  \t\t\t\t\t\t\t  \t\t\t\t\t\t<\/div>\n  \t\t\t\t\t\t  \t\t\t\t\t<\/div>\n          \t\t\t\t\t<div class=\"box-text text-left\" >\n\t\t\t\t\t<div class=\"box-text-inner blog-post-inner\">\n\n\t\t\t\t\t\n\t\t\t\t\t\t\t\t\t\t<h5 class=\"post-title is-large \">\n\t\t\t\t\t\t<a href=\"https:\/\/carselect.touring.be\/fr\/blog\/belles-destinations-de-vacances-pour-un-roadtrip-avec-votre-propre-voiture\/\" class=\"plain\">Belles destinations de vacances pour un roadtrip avec votre propre voiture<\/a>\n\t\t\t\t\t<\/h5>\n\t\t\t\t\t\t\t\t\t\t<div class=\"is-divider\"><\/div>\n\t\t\t\t\t\t\t\t\t\t<p class=\"from_the_blog_excerpt \">\n\t\t\t\t\t\tExplorez les plus belles routes de roadtrip en Europe pour des vacances inoubliables. D\u00e9couvrez des [...]\t\t\t\t\t<\/p>\n\t\t\t\t\t                    \n\t\t\t\t\t\n\t\t\t\t\t\n\t\t\t\t\t<\/div>\n\t\t\t\t\t<\/div>\n\t\t\t\t\t\t\t\t\t<\/div>\n\t\t\t<\/div>\n\t\t<\/div><div class=\"col post-item\" >\n\t\t\t<div class=\"col-inner\">\n\t\t\t\t<div class=\"box box-normal box-text-bottom box-blog-post has-hover\">\n            \t\t\t\t\t<div class=\"box-image\" >\n  \t\t\t\t\t\t<div class=\"image-cover\" style=\"padding-top:56.25%;\">\n\t\t\t\t\t\t\t<a href=\"https:\/\/carselect.touring.be\/fr\/blog\/10-conseils-en-or-pour-des-vacances-en-voiture-avec-votre-voiture\/\" class=\"plain\" aria-label=\"10 conseils en or pour des vacances en voiture avec votre voiture\">\n\t\t\t\t\t\t\t\t<img loading=\"lazy\" decoding=\"async\" width=\"300\" height=\"200\" src=\"\/wp-content\/uploads\/2025\/05\/vacances-en-voiture-header-300x200.jpg\" class=\"attachment-medium size-medium wp-post-image\" alt=\"vacances en voiture\" srcset=\"\/wp-content\/uploads\/2025\/05\/vacances-en-voiture-header-300x200.jpg 300w, \/wp-content\/uploads\/2025\/05\/vacances-en-voiture-header-768x512.jpg 768w, \/wp-content\/uploads\/2025\/05\/vacances-en-voiture-header.jpg 1000w\" sizes=\"auto, (max-width: 300px) 100vw, 300px\" \/>\t\t\t\t\t\t\t<\/a>\n  \t\t\t\t\t\t\t  \t\t\t\t\t\t\t  \t\t\t\t\t\t<\/div>\n  \t\t\t\t\t\t  \t\t\t\t\t<\/div>\n          \t\t\t\t\t<div class=\"box-text text-left\" >\n\t\t\t\t\t<div class=\"box-text-inner blog-post-inner\">\n\n\t\t\t\t\t\n\t\t\t\t\t\t\t\t\t\t<h5 class=\"post-title is-large \">\n\t\t\t\t\t\t<a href=\"https:\/\/carselect.touring.be\/fr\/blog\/10-conseils-en-or-pour-des-vacances-en-voiture-avec-votre-voiture\/\" class=\"plain\">10 conseils en or pour des vacances en voiture avec votre voiture<\/a>\n\t\t\t\t\t<\/h5>\n\t\t\t\t\t\t\t\t\t\t<div class=\"is-divider\"><\/div>\n\t\t\t\t\t\t\t\t\t\t<p class=\"from_the_blog_excerpt \">\n\t\t\t\t\t\tD\u00e9couvrez des id\u00e9es inspirantes pour des escapades en voiture m\u00e9morables en 2025. Pr\u00e9parez-vous \u00e0 explorer [...]\t\t\t\t\t<\/p>\n\t\t\t\t\t                    \n\t\t\t\t\t\n\t\t\t\t\t\n\t\t\t\t\t<\/div>\n\t\t\t\t\t<\/div>\n\t\t\t\t\t\t\t\t\t<\/div>\n\t\t\t<\/div>\n\t\t<\/div><div class=\"col post-item\" >\n\t\t\t<div class=\"col-inner\">\n\t\t\t\t<div class=\"box box-normal box-text-bottom box-blog-post has-hover\">\n            \t\t\t\t\t<div class=\"box-image\" >\n  \t\t\t\t\t\t<div class=\"image-cover\" style=\"padding-top:56.25%;\">\n\t\t\t\t\t\t\t<a href=\"https:\/\/carselect.touring.be\/fr\/blog\/tout-savoir-sur-lautonomie-et-la-duree-de-vie-de-la-batterie-une-voiture-electrique\/\" class=\"plain\" aria-label=\"Tout savoir sur l\u2019autonomie et la dur\u00e9e de vie de la batterie d\u2019une voiture \u00e9lectrique\">\n\t\t\t\t\t\t\t\t<img loading=\"lazy\" decoding=\"async\" width=\"300\" height=\"163\" src=\"\/wp-content\/uploads\/2024\/12\/header-levensduur-1-300x163.jpg\" class=\"attachment-medium size-medium wp-post-image\" alt=\"Vue transparente d&#039;une batterie de voiture.\" srcset=\"\/wp-content\/uploads\/2024\/12\/header-levensduur-1-300x163.jpg 300w, \/wp-content\/uploads\/2024\/12\/header-levensduur-1-768x417.jpg 768w, \/wp-content\/uploads\/2024\/12\/header-levensduur-1.jpg 1000w\" sizes=\"auto, (max-width: 300px) 100vw, 300px\" \/>\t\t\t\t\t\t\t<\/a>\n  \t\t\t\t\t\t\t  \t\t\t\t\t\t\t  \t\t\t\t\t\t<\/div>\n  \t\t\t\t\t\t  \t\t\t\t\t<\/div>\n          \t\t\t\t\t<div class=\"box-text text-left\" >\n\t\t\t\t\t<div class=\"box-text-inner blog-post-inner\">\n\n\t\t\t\t\t\n\t\t\t\t\t\t\t\t\t\t<h5 class=\"post-title is-large \">\n\t\t\t\t\t\t<a href=\"https:\/\/carselect.touring.be\/fr\/blog\/tout-savoir-sur-lautonomie-et-la-duree-de-vie-de-la-batterie-une-voiture-electrique\/\" class=\"plain\">Tout savoir sur l\u2019autonomie et la dur\u00e9e de vie de la batterie d\u2019une voiture \u00e9lectrique<\/a>\n\t\t\t\t\t<\/h5>\n\t\t\t\t\t\t\t\t\t\t<div class=\"is-divider\"><\/div>\n\t\t\t\t\t\t\t\t\t\t<p class=\"from_the_blog_excerpt \">\n\t\t\t\t\t\tTout savoir sur l'autonomie et la dur\u00e9e de vie de la batterie des voitures \u00e9lectriques. [...]\t\t\t\t\t<\/p>\n\t\t\t\t\t                    \n\t\t\t\t\t\n\t\t\t\t\t\n\t\t\t\t\t<\/div>\n\t\t\t\t\t<\/div>\n\t\t\t\t\t\t\t\t\t<\/div>\n\t\t\t<\/div>\n\t\t<\/div><\/div>\n\n\n\t\t<\/div>\n\t\t\t\t\t<\/div>\n\n\t\n\n<\/div>\n<div class=\"row\"  id=\"row-1216338751\">\n\n\n\t<div id=\"col-1973228008\" class=\"col small-12 large-12\"  >\n\t\t\t\t<div class=\"col-inner\"  >\n\t\t\t\n\t\t\t\n\n\n  <div class=\"banner has-hover\" id=\"banner-1817367956\">\n          <div class=\"banner-inner fill\">\n        <div class=\"banner-bg fill\" >\n            <img loading=\"lazy\" decoding=\"async\" width=\"1440\" height=\"160\" src=\"\/wp-content\/uploads\/2025\/01\/Mask-group.png\" class=\"bg attachment-original size-original\" alt=\"\" \/>                                    \n                    <\/div>\n\t\t\n        <div class=\"banner-layers container\">\n            <div class=\"fill banner-link\"><\/div>            \n\n   <div id=\"text-box-1262933491\" class=\"text-box banner-layer x100 md-x100 lg-x100 y10 md-y10 lg-y10 res-text\">\n                                <div class=\"text-box-content text dark\">\n              \n              <div class=\"text-inner text-center\">\n                  \n\n<h2><em>Achetez votre<\/em><\/h2>\n<h2><em>Voiture de r\u00eave<\/em><\/h2>\n<a href=\"https:\/\/carselect.touring.be\/fr\/acheter-une-voiture\/\" class=\"button success\"  >\n\t\t<span>D\u00e9couvrez<\/span>\n\t<\/a>\n\n\n\n              <\/div>\n           <\/div>\n                            \n<style>\n#text-box-1262933491 {\n  width: 35%;\n}\n#text-box-1262933491 .text-box-content {\n  font-size: 100%;\n}\n<\/style>\n    <\/div>\n \n\n        <\/div>\n      <\/div>\n\n            \n<style>\n#banner-1817367956 {\n  padding-top: 250px;\n}\n#banner-1817367956 .banner-bg img {\n  object-position: 22% 0%;\n}\n<\/style>\n  <\/div>\n\n\n\n\t\t<\/div>\n\t\t\t\t\t<\/div>\n\n\t\n\n<\/div>\n\n\t\t<\/div>\n\n\t\t\n<style>\n#section_1540089708 {\n  padding-top: 0px;\n  padding-bottom: 0px;\n}\n<\/style>\n\t<\/section>\n\t\n\n","protected":false},"excerpt":{"rendered":"<p>D\u00e9couvrez tout ce qu&rsquo;il faut savoir sur la vignette Crit&rsquo;Air en France pour circuler en toute tranquillit\u00e9. Lisez notre article pour en savoir plus !<\/p>\n","protected":false},"author":28,"featured_media":14513,"comment_status":"closed","ping_status":"open","sticky":false,"template":"","format":"standard","meta":{"footnotes":""},"categories":[75],"tags":[],"class_list":["post-14505","post","type-post","status-publish","format-standard","has-post-thumbnail","hentry","category-conseils"],"yoast_head":"<!-- This site is optimized with the Yoast SEO Premium plugin v24.0 (Yoast SEO v24.0) - https:\/\/yoast.com\/wordpress\/plugins\/seo\/ -->\n<title>Vignette Crit Air France : expliqu\u00e9es pour les conducteurs belges<\/title>\n<meta name=\"description\" content=\"D\u00e9couvrez tout ce qu&#039;il faut savoir sur la vignette crit air france\u200b pour circuler en toute tranquillit\u00e9. Lisez notre article maintenant!\" \/>\n<meta name=\"robots\" content=\"index, follow, max-snippet:-1, max-image-preview:large, max-video-preview:-1\" \/>\n<link rel=\"canonical\" href=\"https:\/\/carselect.touring.be\/fr\/blog\/vignette-crit-air-france-zones-a-faibles-emissions-expliquees-pour-les-conducteurs-belges\/\" \/>\n<meta property=\"og:locale\" content=\"fr_FR\" \/>\n<meta property=\"og:type\" content=\"article\" \/>\n<meta property=\"og:title\" content=\"Vignette Crit Air France : zones \u00e0 faibles \u00e9missions expliqu\u00e9es pour les conducteurs belges\" \/>\n<meta property=\"og:description\" content=\"D\u00e9couvrez tout ce qu&#039;il faut savoir sur la vignette crit air france\u200b pour circuler en toute tranquillit\u00e9. Lisez notre article maintenant!\" \/>\n<meta property=\"og:url\" content=\"https:\/\/carselect.touring.be\/fr\/blog\/vignette-crit-air-france-zones-a-faibles-emissions-expliquees-pour-les-conducteurs-belges\/\" \/>\n<meta property=\"og:site_name\" content=\"Touring Dealer\" \/>\n<meta property=\"article:published_time\" content=\"2025-12-02T10:47:56+00:00\" \/>\n<meta property=\"article:modified_time\" content=\"2026-01-22T14:27:01+00:00\" \/>\n<meta property=\"og:image\" content=\"https:\/\/carselect.touring.be\/wp-content\/uploads\/2025\/12\/vignette-crit-air-france\u200b-header.jpg\" \/>\n\t<meta property=\"og:image:width\" content=\"1000\" \/>\n\t<meta property=\"og:image:height\" content=\"664\" \/>\n\t<meta property=\"og:image:type\" content=\"image\/jpeg\" \/>\n<meta name=\"author\" content=\"Storme Wouter\" \/>\n<meta name=\"twitter:card\" content=\"summary_large_image\" \/>\n<meta name=\"twitter:label1\" content=\"\u00c9crit par\" \/>\n\t<meta name=\"twitter:data1\" content=\"Storme Wouter\" \/>\n\t<meta name=\"twitter:label2\" content=\"Dur\u00e9e de lecture est.\" \/>\n\t<meta name=\"twitter:data2\" content=\"19 minutes\" \/>\n<script type=\"application\/ld+json\" class=\"yoast-schema-graph\">{\"@context\":\"https:\/\/schema.org\",\"@graph\":[{\"@type\":\"Article\",\"@id\":\"https:\/\/carselect.touring.be\/fr\/blog\/vignette-crit-air-france-zones-a-faibles-emissions-expliquees-pour-les-conducteurs-belges\/#article\",\"isPartOf\":{\"@id\":\"https:\/\/carselect.touring.be\/fr\/blog\/vignette-crit-air-france-zones-a-faibles-emissions-expliquees-pour-les-conducteurs-belges\/\"},\"author\":{\"name\":\"Storme Wouter\",\"@id\":\"https:\/\/carselect.touring.be\/fr\/#\/schema\/person\/ac266868402e795f000a152b0f4fd4d8\"},\"headline\":\"Vignette Crit Air France : zones \u00e0 faibles \u00e9missions expliqu\u00e9es pour les conducteurs belges\",\"datePublished\":\"2025-12-02T10:47:56+00:00\",\"dateModified\":\"2026-01-22T14:27:01+00:00\",\"mainEntityOfPage\":{\"@id\":\"https:\/\/carselect.touring.be\/fr\/blog\/vignette-crit-air-france-zones-a-faibles-emissions-expliquees-pour-les-conducteurs-belges\/\"},\"wordCount\":4748,\"publisher\":{\"@id\":\"https:\/\/carselect.touring.be\/fr\/#organization\"},\"image\":{\"@id\":\"https:\/\/carselect.touring.be\/fr\/blog\/vignette-crit-air-france-zones-a-faibles-emissions-expliquees-pour-les-conducteurs-belges\/#primaryimage\"},\"thumbnailUrl\":\"\/wp-content\/uploads\/2025\/12\/vignette-crit-air-france\u200b-header.jpg\",\"articleSection\":[\"Conseils\"],\"inLanguage\":\"fr-BE\"},{\"@type\":\"WebPage\",\"@id\":\"https:\/\/carselect.touring.be\/fr\/blog\/vignette-crit-air-france-zones-a-faibles-emissions-expliquees-pour-les-conducteurs-belges\/\",\"url\":\"https:\/\/carselect.touring.be\/fr\/blog\/vignette-crit-air-france-zones-a-faibles-emissions-expliquees-pour-les-conducteurs-belges\/\",\"name\":\"Vignette Crit Air France : expliqu\u00e9es pour les conducteurs belges\",\"isPartOf\":{\"@id\":\"https:\/\/carselect.touring.be\/fr\/#website\"},\"primaryImageOfPage\":{\"@id\":\"https:\/\/carselect.touring.be\/fr\/blog\/vignette-crit-air-france-zones-a-faibles-emissions-expliquees-pour-les-conducteurs-belges\/#primaryimage\"},\"image\":{\"@id\":\"https:\/\/carselect.touring.be\/fr\/blog\/vignette-crit-air-france-zones-a-faibles-emissions-expliquees-pour-les-conducteurs-belges\/#primaryimage\"},\"thumbnailUrl\":\"\/wp-content\/uploads\/2025\/12\/vignette-crit-air-france\u200b-header.jpg\",\"datePublished\":\"2025-12-02T10:47:56+00:00\",\"dateModified\":\"2026-01-22T14:27:01+00:00\",\"description\":\"D\u00e9couvrez tout ce qu'il faut savoir sur la vignette crit air france\u200b pour circuler en toute tranquillit\u00e9. Lisez notre article maintenant!\",\"breadcrumb\":{\"@id\":\"https:\/\/carselect.touring.be\/fr\/blog\/vignette-crit-air-france-zones-a-faibles-emissions-expliquees-pour-les-conducteurs-belges\/#breadcrumb\"},\"inLanguage\":\"fr-BE\",\"potentialAction\":[{\"@type\":\"ReadAction\",\"target\":[\"https:\/\/carselect.touring.be\/fr\/blog\/vignette-crit-air-france-zones-a-faibles-emissions-expliquees-pour-les-conducteurs-belges\/\"]}]},{\"@type\":\"ImageObject\",\"inLanguage\":\"fr-BE\",\"@id\":\"https:\/\/carselect.touring.be\/fr\/blog\/vignette-crit-air-france-zones-a-faibles-emissions-expliquees-pour-les-conducteurs-belges\/#primaryimage\",\"url\":\"\/wp-content\/uploads\/2025\/12\/vignette-crit-air-france\u200b-header.jpg\",\"contentUrl\":\"\/wp-content\/uploads\/2025\/12\/vignette-crit-air-france\u200b-header.jpg\",\"width\":1000,\"height\":664,\"caption\":\"vignette crit air france\u200b\"},{\"@type\":\"BreadcrumbList\",\"@id\":\"https:\/\/carselect.touring.be\/fr\/blog\/vignette-crit-air-france-zones-a-faibles-emissions-expliquees-pour-les-conducteurs-belges\/#breadcrumb\",\"itemListElement\":[{\"@type\":\"ListItem\",\"position\":1,\"name\":\"Home\",\"item\":\"https:\/\/carselect.touring.be\/fr\/\"},{\"@type\":\"ListItem\",\"position\":2,\"name\":\"Vignette Crit Air France : zones \u00e0 faibles \u00e9missions expliqu\u00e9es pour les conducteurs belges\"}]},{\"@type\":\"WebSite\",\"@id\":\"https:\/\/carselect.touring.be\/fr\/#website\",\"url\":\"https:\/\/carselect.touring.be\/fr\/\",\"name\":\"Touring CarSelect\",\"description\":\"\",\"publisher\":{\"@id\":\"https:\/\/carselect.touring.be\/fr\/#organization\"},\"potentialAction\":[{\"@type\":\"SearchAction\",\"target\":{\"@type\":\"EntryPoint\",\"urlTemplate\":\"https:\/\/carselect.touring.be\/fr\/?s={search_term_string}\"},\"query-input\":{\"@type\":\"PropertyValueSpecification\",\"valueRequired\":true,\"valueName\":\"search_term_string\"}}],\"inLanguage\":\"fr-BE\"},{\"@type\":\"Organization\",\"@id\":\"https:\/\/carselect.touring.be\/fr\/#organization\",\"name\":\"Touring CarSelect\",\"url\":\"https:\/\/carselect.touring.be\/fr\/\",\"logo\":{\"@type\":\"ImageObject\",\"inLanguage\":\"fr-BE\",\"@id\":\"https:\/\/carselect.touring.be\/fr\/#\/schema\/logo\/image\/\",\"url\":\"\/wp-content\/uploads\/2024\/04\/Touring-Car-Select-Logo.png\",\"contentUrl\":\"\/wp-content\/uploads\/2024\/04\/Touring-Car-Select-Logo.png\",\"width\":154,\"height\":53,\"caption\":\"Touring CarSelect\"},\"image\":{\"@id\":\"https:\/\/carselect.touring.be\/fr\/#\/schema\/logo\/image\/\"}},{\"@type\":\"Person\",\"@id\":\"https:\/\/carselect.touring.be\/fr\/#\/schema\/person\/ac266868402e795f000a152b0f4fd4d8\",\"name\":\"Storme Wouter\",\"image\":{\"@type\":\"ImageObject\",\"inLanguage\":\"fr-BE\",\"@id\":\"https:\/\/carselect.touring.be\/fr\/#\/schema\/person\/image\/\",\"url\":\"https:\/\/secure.gravatar.com\/avatar\/84473de8cbf4200af853908f03b9ea9e?s=96&d=mm&r=g\",\"contentUrl\":\"https:\/\/secure.gravatar.com\/avatar\/84473de8cbf4200af853908f03b9ea9e?s=96&d=mm&r=g\",\"caption\":\"Storme Wouter\"},\"url\":\"https:\/\/carselect.touring.be\/fr\/blog\/author\/storme-wouter\/\"}]}<\/script>\n<!-- \/ Yoast SEO Premium plugin. -->","yoast_head_json":{"title":"Vignette Crit Air France : expliqu\u00e9es pour les conducteurs belges","description":"D\u00e9couvrez tout ce qu'il faut savoir sur la vignette crit air france\u200b pour circuler en toute tranquillit\u00e9. Lisez notre article maintenant!","robots":{"index":"index","follow":"follow","max-snippet":"max-snippet:-1","max-image-preview":"max-image-preview:large","max-video-preview":"max-video-preview:-1"},"canonical":"https:\/\/carselect.touring.be\/fr\/blog\/vignette-crit-air-france-zones-a-faibles-emissions-expliquees-pour-les-conducteurs-belges\/","og_locale":"fr_FR","og_type":"article","og_title":"Vignette Crit Air France : zones \u00e0 faibles \u00e9missions expliqu\u00e9es pour les conducteurs belges","og_description":"D\u00e9couvrez tout ce qu'il faut savoir sur la vignette crit air france\u200b pour circuler en toute tranquillit\u00e9. Lisez notre article maintenant!","og_url":"https:\/\/carselect.touring.be\/fr\/blog\/vignette-crit-air-france-zones-a-faibles-emissions-expliquees-pour-les-conducteurs-belges\/","og_site_name":"Touring Dealer","article_published_time":"2025-12-02T10:47:56+00:00","article_modified_time":"2026-01-22T14:27:01+00:00","og_image":[{"width":1000,"height":664,"url":"https:\/\/carselect.touring.be\/wp-content\/uploads\/2025\/12\/vignette-crit-air-france\u200b-header.jpg","type":"image\/jpeg"}],"author":"Storme Wouter","twitter_card":"summary_large_image","twitter_misc":{"\u00c9crit par":"Storme Wouter","Dur\u00e9e de lecture est.":"19 minutes"},"schema":{"@context":"https:\/\/schema.org","@graph":[{"@type":"Article","@id":"https:\/\/carselect.touring.be\/fr\/blog\/vignette-crit-air-france-zones-a-faibles-emissions-expliquees-pour-les-conducteurs-belges\/#article","isPartOf":{"@id":"https:\/\/carselect.touring.be\/fr\/blog\/vignette-crit-air-france-zones-a-faibles-emissions-expliquees-pour-les-conducteurs-belges\/"},"author":{"name":"Storme Wouter","@id":"https:\/\/carselect.touring.be\/fr\/#\/schema\/person\/ac266868402e795f000a152b0f4fd4d8"},"headline":"Vignette Crit Air France : zones \u00e0 faibles \u00e9missions expliqu\u00e9es pour les conducteurs belges","datePublished":"2025-12-02T10:47:56+00:00","dateModified":"2026-01-22T14:27:01+00:00","mainEntityOfPage":{"@id":"https:\/\/carselect.touring.be\/fr\/blog\/vignette-crit-air-france-zones-a-faibles-emissions-expliquees-pour-les-conducteurs-belges\/"},"wordCount":4748,"publisher":{"@id":"https:\/\/carselect.touring.be\/fr\/#organization"},"image":{"@id":"https:\/\/carselect.touring.be\/fr\/blog\/vignette-crit-air-france-zones-a-faibles-emissions-expliquees-pour-les-conducteurs-belges\/#primaryimage"},"thumbnailUrl":"\/wp-content\/uploads\/2025\/12\/vignette-crit-air-france\u200b-header.jpg","articleSection":["Conseils"],"inLanguage":"fr-BE"},{"@type":"WebPage","@id":"https:\/\/carselect.touring.be\/fr\/blog\/vignette-crit-air-france-zones-a-faibles-emissions-expliquees-pour-les-conducteurs-belges\/","url":"https:\/\/carselect.touring.be\/fr\/blog\/vignette-crit-air-france-zones-a-faibles-emissions-expliquees-pour-les-conducteurs-belges\/","name":"Vignette Crit Air France : expliqu\u00e9es pour les conducteurs belges","isPartOf":{"@id":"https:\/\/carselect.touring.be\/fr\/#website"},"primaryImageOfPage":{"@id":"https:\/\/carselect.touring.be\/fr\/blog\/vignette-crit-air-france-zones-a-faibles-emissions-expliquees-pour-les-conducteurs-belges\/#primaryimage"},"image":{"@id":"https:\/\/carselect.touring.be\/fr\/blog\/vignette-crit-air-france-zones-a-faibles-emissions-expliquees-pour-les-conducteurs-belges\/#primaryimage"},"thumbnailUrl":"\/wp-content\/uploads\/2025\/12\/vignette-crit-air-france\u200b-header.jpg","datePublished":"2025-12-02T10:47:56+00:00","dateModified":"2026-01-22T14:27:01+00:00","description":"D\u00e9couvrez tout ce qu'il faut savoir sur la vignette crit air france\u200b pour circuler en toute tranquillit\u00e9. Lisez notre article maintenant!","breadcrumb":{"@id":"https:\/\/carselect.touring.be\/fr\/blog\/vignette-crit-air-france-zones-a-faibles-emissions-expliquees-pour-les-conducteurs-belges\/#breadcrumb"},"inLanguage":"fr-BE","potentialAction":[{"@type":"ReadAction","target":["https:\/\/carselect.touring.be\/fr\/blog\/vignette-crit-air-france-zones-a-faibles-emissions-expliquees-pour-les-conducteurs-belges\/"]}]},{"@type":"ImageObject","inLanguage":"fr-BE","@id":"https:\/\/carselect.touring.be\/fr\/blog\/vignette-crit-air-france-zones-a-faibles-emissions-expliquees-pour-les-conducteurs-belges\/#primaryimage","url":"\/wp-content\/uploads\/2025\/12\/vignette-crit-air-france\u200b-header.jpg","contentUrl":"\/wp-content\/uploads\/2025\/12\/vignette-crit-air-france\u200b-header.jpg","width":1000,"height":664,"caption":"vignette crit air france\u200b"},{"@type":"BreadcrumbList","@id":"https:\/\/carselect.touring.be\/fr\/blog\/vignette-crit-air-france-zones-a-faibles-emissions-expliquees-pour-les-conducteurs-belges\/#breadcrumb","itemListElement":[{"@type":"ListItem","position":1,"name":"Home","item":"https:\/\/carselect.touring.be\/fr\/"},{"@type":"ListItem","position":2,"name":"Vignette Crit Air France : zones \u00e0 faibles \u00e9missions expliqu\u00e9es pour les conducteurs belges"}]},{"@type":"WebSite","@id":"https:\/\/carselect.touring.be\/fr\/#website","url":"https:\/\/carselect.touring.be\/fr\/","name":"Touring CarSelect","description":"","publisher":{"@id":"https:\/\/carselect.touring.be\/fr\/#organization"},"potentialAction":[{"@type":"SearchAction","target":{"@type":"EntryPoint","urlTemplate":"https:\/\/carselect.touring.be\/fr\/?s={search_term_string}"},"query-input":{"@type":"PropertyValueSpecification","valueRequired":true,"valueName":"search_term_string"}}],"inLanguage":"fr-BE"},{"@type":"Organization","@id":"https:\/\/carselect.touring.be\/fr\/#organization","name":"Touring CarSelect","url":"https:\/\/carselect.touring.be\/fr\/","logo":{"@type":"ImageObject","inLanguage":"fr-BE","@id":"https:\/\/carselect.touring.be\/fr\/#\/schema\/logo\/image\/","url":"\/wp-content\/uploads\/2024\/04\/Touring-Car-Select-Logo.png","contentUrl":"\/wp-content\/uploads\/2024\/04\/Touring-Car-Select-Logo.png","width":154,"height":53,"caption":"Touring CarSelect"},"image":{"@id":"https:\/\/carselect.touring.be\/fr\/#\/schema\/logo\/image\/"}},{"@type":"Person","@id":"https:\/\/carselect.touring.be\/fr\/#\/schema\/person\/ac266868402e795f000a152b0f4fd4d8","name":"Storme Wouter","image":{"@type":"ImageObject","inLanguage":"fr-BE","@id":"https:\/\/carselect.touring.be\/fr\/#\/schema\/person\/image\/","url":"https:\/\/secure.gravatar.com\/avatar\/84473de8cbf4200af853908f03b9ea9e?s=96&d=mm&r=g","contentUrl":"https:\/\/secure.gravatar.com\/avatar\/84473de8cbf4200af853908f03b9ea9e?s=96&d=mm&r=g","caption":"Storme Wouter"},"url":"https:\/\/carselect.touring.be\/fr\/blog\/author\/storme-wouter\/"}]}},"_links":{"self":[{"href":"https:\/\/carselect.touring.be\/fr\/wp-json\/wp\/v2\/posts\/14505","targetHints":{"allow":["GET"]}}],"collection":[{"href":"https:\/\/carselect.touring.be\/fr\/wp-json\/wp\/v2\/posts"}],"about":[{"href":"https:\/\/carselect.touring.be\/fr\/wp-json\/wp\/v2\/types\/post"}],"author":[{"embeddable":true,"href":"https:\/\/carselect.touring.be\/fr\/wp-json\/wp\/v2\/users\/28"}],"replies":[{"embeddable":true,"href":"https:\/\/carselect.touring.be\/fr\/wp-json\/wp\/v2\/comments?post=14505"}],"version-history":[{"count":5,"href":"https:\/\/carselect.touring.be\/fr\/wp-json\/wp\/v2\/posts\/14505\/revisions"}],"predecessor-version":[{"id":14595,"href":"https:\/\/carselect.touring.be\/fr\/wp-json\/wp\/v2\/posts\/14505\/revisions\/14595"}],"wp:featuredmedia":[{"embeddable":true,"href":"https:\/\/carselect.touring.be\/fr\/wp-json\/wp\/v2\/media\/14513"}],"wp:attachment":[{"href":"https:\/\/carselect.touring.be\/fr\/wp-json\/wp\/v2\/media?parent=14505"}],"wp:term":[{"taxonomy":"category","embeddable":true,"href":"https:\/\/carselect.touring.be\/fr\/wp-json\/wp\/v2\/categories?post=14505"},{"taxonomy":"post_tag","embeddable":true,"href":"https:\/\/carselect.touring.be\/fr\/wp-json\/wp\/v2\/tags?post=14505"}],"curies":[{"name":"wp","href":"https:\/\/api.w.org\/{rel}","templated":true}]}}