{"id":14384,"date":"2025-10-28T18:50:12","date_gmt":"2025-10-28T17:50:12","guid":{"rendered":"https:\/\/carselect.touring.be\/blog\/quand-faut-il-mettre-ses-pneus-hiver-le-guide-ultime-pour-la-belgique-en-2025\/"},"modified":"2025-10-31T09:25:38","modified_gmt":"2025-10-31T08:25:38","slug":"pneus-hiver-quand-les-mettre-en-belgique","status":"publish","type":"post","link":"https:\/\/carselect.touring.be\/fr\/blog\/pneus-hiver-quand-les-mettre-en-belgique\/","title":{"rendered":"Quand faut-il mettre ses pneus hiver ? Le guide ultime pour la Belgique en 2025"},"content":{"rendered":"\n\n\n<style>\n.banner-carousel div[class$=\"-banner\"] {\n  display: none;\n}\n\n.banner-carousel div[class$=\"-banner\"]:first-child,\n.banner-carousel.flickity-enabled div[class$=\"-banner\"] {\n  display: inline-flex;\n} \n\n  .roadside-margin-top {\n    margin-top: 0px;\n  }\n\n  .roadside-margin-top-stock {\n    margin-top: 24px;\n  }\n\n  .roadside-assistance-banner {\n    background-color: #E4EDF4;\n    color: var(--primary-color);\n    text-align: center;\n    height: 56px;\n    font-weight: bold;\n    position: static;\n    box-shadow: rgba(0, 0, 0, 0.15) 1px 1px 10px;\n  }\n\n  .roadside-assistance-banner img {\n    height: 30px;\n  }\n\n  .roadside-assistance-banner .full-banner-button {\n    color: var(--primary-color);\n    cursor: pointer;\n    display: inline-flex;\n    align-items: center;\n    justify-content: center;\n    height: 56px;\n  }\n\n.banner-carousel-container .quality-check-banner, \n.banner-carousel-container  .roadside-banner, \n.banner-carousel-container .stock-banner {\n    color: var(--primary-color);\n    display: inline-flex;\n    align-items: center;\n    justify-content: center;\n    height: 56px;\n  }\n\n  .roadside-assistance-banner.mobile-only .banner-text {\n    padding-right: 8px;\n    padding-left: 8px;\n    margin: 0px;\n  }\n\n  .roadside-assistance-banner .banner-text {\n    font-weight: bold;\n    margin-right: 24px;\n    margin-left: 8px;\n    font-size: 18px;\n  }\n\n  .roadside-assistance-banner.desktop-only {\n    height: 56px;\n    line-height: 56px;\n    width: 100%;\n  }\n  \n  .more-info-button {\n    color: white;\n    background-color: var(--primary-color);\n    padding: 6px 10px;\n    cursor: pointer;\n    border-radius: 5px;\n  }\n\n  .more-info-button:hover, .blog-single a:focus {\n    color: white!important;\n  }\n\n  .roadside-assistance-popup .roadside-assistance-title {\n    text-align: center;\n    margin-bottom: 8px; line-height: 15px;\n  }\n\n .roadside-assistance-popup .roadside-assistance-list {\n    display: flex;\n    flex-direction: column;\n    font-size: 16px;\n  }\n\n .roadside-assistance-popup .roadside-assistance-item {\n    display: flex;\n    align-items: baseline;\n    position: relative;\n    margin-bottom: 10px;\n  }\n\n .roadside-assistance-popup .roadside-assistance-circle {\n    width: 20px;\n    min-width: 20px;\n    height: 20px;\n    border-radius: 50%;\n    background-color: var(--primary-color);\n    display: flex;\n    justify-content: center;\n    align-items: center;\n    font-weight: bold;\n    position: relative;\n    color: white;\n  }\n\n .roadside-assistance-popup .roadside-assistance-text {\n    margin-left: 8px;\n    color: var(--primary-color);\n    line-height: 16px;\n  }\n\n .roadside-assistance-popup .roadside-assistance-item:not(:last-child)::before {\n    content: \"\";\n    position: absolute;\n    width: 1px;\n    height: 28px;\n    background-color: var(--primary-color);\n    left: 10px;\n    top: 20px;\n  }\n\n .roadside-assistance-popup .roadside-assistance-item:nth-child(3)::after {\n    content: \"\";\n    position: absolute;\n    left: 7px;\n    top: 40px;\n    border: solid var(--primary-color);\n    border-width: 0 1px 1px 0;\n    padding: 3px;\n    transform: rotate(45deg);\n    -webkit-transform: rotate(45deg);\n  }\n\n  .roadside-assistance-popup .roadside-assistance-item:last-child {\n    padding-top: 20px;\n  }\n\n  .roadside-assistance-popup .roadside-assistance-item:last-child .roadside-assistance-circle {\n    padding-top: 1px;\n    background-color: #08ccb4;\n    color: white;\n  }\n\n  .roadside-assistance-popup .roadside-assistance-sublist {\n    color:var(--primary-color);\n    font-size: 16px;\n    padding-left: 28px;\n  }\n\n  .roadside-assistance-popup .roadside-assistance-sublist .checkmark {\n    color: var(--primary-color);\n  }\n\n  .roadside-assistance-popup.lightbox-content {\n    background-color: unset;\n    box-shadow: unset;\n  }\n\n  .roadside-assistance-popup .dialog-container > .col-inner {\n    box-shadow: 3px 3px 20px 0 rgba(0, 0, 0, .15);\n  }\n\n  @media only screen and (max-width: 800px) {\n    .roadside-assistance-banner {\n      z-index: 1000;\n    }\n\n    .roadside-assistance-banner.mobile-only {\n      display: block !important;\n    }\n\n    .roadside-assistance-banner.desktop-only {\n      display: none;\n    }\n  }\n\n  @media only screen and (min-width: 801px) {\n    .roadside-assistance-banner {\n      z-index: 8;\n    }\n\n    .roadside-assistance-banner.mobile-only {\n      display: none;\n    }\n\n    .roadside-assistance-banner.desktop-only {\n      display: block;\n    }\n  }\n\n  @media only screen and (max-width: 548px) {\n    #stock-general .stock-general__header-order--3 {\n      margin-top: 12px;\n    }\n  }\n  .roadside-assistance-popup .service-link.button.close {\n    font-size: 16px;\n    margin-left: 8px;\n  }\n\n  .roadside-assistance-popup .car-item-detail {\n    align-items: center;\n  }\n\n  .article-text, .default-text  {\n    display: none;\n  }\n\n  @media only screen and (max-width: 500px) {\n    .roadside-assistance-banner.mobile-only .banner-text {\n      font-size: 14px;\n      line-height: 16px;\n    }\n  }\n\n  @media only screen and (max-width: 405px) {\n    .roadside-assistance-banner.mobile-only .article-text {\n      width: 75%;\n    }\n  }\n\n  .roadside-assistance-banner.mobile-only img {\n    margin-left: 8px;\n  }\n\n  article .roadside-assistance-banner {\n    width: 100vw !important;\n    margin-left: calc(50% - 50vw);\n  }\n<\/style>\n\n\n\n<div class=\"roadside-assistance-banner desktop-only banner-carousel-container\"> \n  <div class=\"banner-carousel\">\n    <div class=\"quality-check-banner\">\n<svg width=\"24\" height=\"24\" viewBox=\"0 0 24 24\" fill=\"none\" xmlns=\"http:\/\/www.w3.org\/2000\/svg\">\n<path d=\"M4 12.5L9.5 17L19 7\" stroke=\"#00418c\" stroke-width=\"2.5\" stroke-linecap=\"round\" stroke-linejoin=\"round\"\/>\n<\/svg>\n      <span class=\"banner-text\">\nContr\u00f4les de qualit\u00e9 par Touring\n      <\/span>\n    <\/div>\n    <div class=\"roadside-banner\">\n<svg width=\"24\" height=\"24\" viewBox=\"0 0 24 24\" fill=\"none\" xmlns=\"http:\/\/www.w3.org\/2000\/svg\">\n<path d=\"M4 12.5L9.5 17L19 7\" stroke=\"#00418c\" stroke-width=\"2.5\" stroke-linecap=\"round\" stroke-linejoin=\"round\"\/>\n<\/svg>\n      <span class=\"banner-text default-text\">\n12 mois de d\u00e9pannage offerts\n      <\/span>\n      <span class=\"banner-text article-text\">\nD\u00e9couvrez notre large stock de voitures d\u2019occasion fiables\n      <\/span>\n    <\/div>\n    <div class=\"stock-banner\">\n<svg width=\"24\" height=\"24\" viewBox=\"0 0 24 24\" fill=\"none\" xmlns=\"http:\/\/www.w3.org\/2000\/svg\">\n<path d=\"M4 12.5L9.5 17L19 7\" stroke=\"#00418c\" stroke-width=\"2.5\" stroke-linecap=\"round\" stroke-linejoin=\"round\"\/>\n<\/svg>\n      <span class=\"banner-text\">\n<span class=\"stock-count\">0<\/span> voitures disponibles\n      <\/span>\n    <\/div>\n  <\/div>\n<\/div>\n\n\n\n<div class=\"roadside-assistance-banner mobile-only banner-carousel-container\"> \n  <div class=\"banner-carousel\">\n    <div class=\"quality-check-banner\">\n<svg width=\"24\" height=\"24\" viewBox=\"0 0 24 24\" fill=\"none\" xmlns=\"http:\/\/www.w3.org\/2000\/svg\">\n<path d=\"M4 12.5L9.5 17L19 7\" stroke=\"#00418c\" stroke-width=\"2.5\" stroke-linecap=\"round\" stroke-linejoin=\"round\"\/>\n<\/svg>\n      <span class=\"banner-text\">\nContr\u00f4les de qualit\u00e9 par Touring\n      <\/span>\n    <\/div>\n    <div class=\"roadside-banner\">\n<svg width=\"24\" height=\"24\" viewBox=\"0 0 24 24\" fill=\"none\" xmlns=\"http:\/\/www.w3.org\/2000\/svg\">\n<path d=\"M4 12.5L9.5 17L19 7\" stroke=\"#00418c\" stroke-width=\"2.5\" stroke-linecap=\"round\" stroke-linejoin=\"round\"\/>\n<\/svg>\n        <span class=\"banner-text default-text\">\n12 mois de d\u00e9pannage offerts\n        <\/span>\n        <span class=\"banner-text article-text\">\nD\u00e9couvrez notre large stock de voitures d\u2019occasion fiables\n        <\/span>\n    <\/div>\n    <div class=\"stock-banner\">\n<svg width=\"24\" height=\"24\" viewBox=\"0 0 24 24\" fill=\"none\" xmlns=\"http:\/\/www.w3.org\/2000\/svg\">\n<path d=\"M4 12.5L9.5 17L19 7\" stroke=\"#00418c\" stroke-width=\"2.5\" stroke-linecap=\"round\" stroke-linejoin=\"round\"\/>\n<\/svg>\n      <span class=\"banner-text\">\n<span class=\"stock-count\">0<\/span> voitures disponibles\n      <\/span>\n    <\/div>\n  <\/div>\n<\/div>\n\n<div class=\"row align-center roadside-assistance-popup lightbox-by-id lightbox-content lightbox-white mfp-hide\"  id=\"row-1713976030\">\n\n\n\t<div id=\"col-1217032863\" class=\"col dialog-container medium-6 small-12 large-6\"  >\n\t\t\t\t<div class=\"col-inner\" style=\"background-color:rgb(255, 255, 255);\" >\n\t\t\t\n\t\t\t\n\n\t<div class=\"img has-hover x md-x lg-x y md-y lg-y\" id=\"image_1994609695\">\n\t\t\t\t\t\t\t\t<div class=\"img-inner dark\" >\n\t\t\t<img loading=\"lazy\" decoding=\"async\" width=\"1020\" height=\"680\" src=\"\/wp-content\/uploads\/2025\/04\/Touring_221026_3058_NL-1-1024x683.webp\" class=\"attachment-large size-large\" alt=\"Roadside Assistance Banner NL\" srcset=\"\/wp-content\/uploads\/2025\/04\/Touring_221026_3058_NL-1-1024x683.webp 1024w, \/wp-content\/uploads\/2025\/04\/Touring_221026_3058_NL-1-300x200.webp 300w, \/wp-content\/uploads\/2025\/04\/Touring_221026_3058_NL-1-768x512.webp 768w, \/wp-content\/uploads\/2025\/04\/Touring_221026_3058_NL-1-1536x1024.webp 1536w, \/wp-content\/uploads\/2025\/04\/Touring_221026_3058_NL-1-2048x1365.webp 2048w\" sizes=\"auto, (max-width: 1020px) 100vw, 1020px\" \/>\t\t\t\t\t\t\n\t\t\t\t\t<\/div>\n\t\t\t\t\t\t\t\t\n<style>\n#image_1994609695 {\n  width: 100%;\n}\n<\/style>\n\t<\/div>\n\t\n\n<div class=\"row\"  id=\"row-119676880\">\n\n\n\t<div id=\"col-711759483\" class=\"col small-12 large-12\"  >\n\t\t\t\t<div class=\"col-inner\"  >\n\t\t\t\n\t\t\t\n\n\n\n<p data-text-color=\"primary\" class=\"roadside-assistance-title\">\n  <strong>12 mois d\u2019assistance d\u00e9pannage offerts sur tous les v\u00e9hicules<\/strong>\n<\/p>\n<div class=\"roadside-assistance-list\">\n  <div class=\"roadside-assistance-item\">\n      <div class=\"roadside-assistance-circle\">1<\/div>\n      <div class=\"roadside-assistance-text\">Trouvez votre v\u00e9hicule<\/div>\n  <\/div>\n  <div class=\"roadside-assistance-item\">\n      <div class=\"roadside-assistance-circle\">2<\/div>\n      <div class=\"roadside-assistance-text\">Rendez-vous dans votre concession<\/div>\n  <\/div>\n  <div class=\"roadside-assistance-item\">\n      <div class=\"roadside-assistance-circle\">3<\/div>\n      <div class=\"roadside-assistance-text\">Le vendeur active instantan\u00e9ment votre assistance<\/div>\n  <\/div>\n  <div class=\"roadside-assistance-item\">\n      <div class=\"roadside-assistance-circle\">\u2713<\/div>\n      <div class=\"roadside-assistance-text\"><strong>Profitez de votre assistance pendant 12 mois<\/strong><\/div>\n  <\/div>\n<\/div>\n<div class=\"roadside-assistance-sublist\">\n<div>\n<span class=\"checkmark \">\u2713<\/span>\n<span>Dans toute la Belgique<\/span>\n<\/div>\n<div>\n<span class=\"checkmark \">\u2713<\/span>\n<span>V\u00e9hicule de remplacement<\/span>\n<\/div>\n<\/div>\n\n\n\t\t<\/div>\n\t\t\t\t\t<\/div>\n\n\t\n\n\t<div id=\"col-1050926155\" class=\"col small-12 large-12\"  >\n\t\t\t\t<div class=\"col-inner\"  >\n\t\t\t\n\t\t\t\n\n\n\n<div class=\"car-item-detail d-flex\"> \n         <a href=\"https:\/\/carselect.touring.be\/fr\/services-solutions\/#roadside-assistance\">\n         <div class=\"more-info-button bold\">\n Plus d\u2019information\n         <\/div>\n           <\/a>\n<button class=\"button success lowercase service-link close\">Fermer<\/button>\n      <\/div>\n\n\n\t\t<\/div>\n\t\t\t\t\t<\/div>\n\n\t\n\n\n<style>\n#row-119676880 > .col > .col-inner {\n  padding: 0px 24px 0px 24px;\n}\n<\/style>\n<\/div>\n\n\t\t<\/div>\n\t\t\t\t\t<\/div>\n\n\t\n\n<\/div>\n\n\n<script>\ndocument.querySelector('.roadside-assistance-popup').setAttribute('id', 'roadside-assistance-popup');\n\ndocument.querySelector('.roadside-assistance-popup .button.close').addEventListener('click', function() {\n$.magnificPopup.close();\n});\n\nif (window.location.pathname.includes(\"blog\")) {\n  const toShow = document.querySelectorAll(\".article-text\");\n  toShow.forEach(el => {\n    el.style.display=\"inline\";\n  });\n} else {\n  const toShow = document.querySelectorAll(\".default-text\");\n  toShow.forEach(el => {\n    el.style.display=\"inline\";\n  });\n}\n<\/script>\n\n\n\n\t<section class=\"section news-details\" id=\"section_895370495\">\n\t\t<div class=\"section-bg fill\" >\n\t\t\t\t\t\t\t\t\t\n\t\t\t\n\n\t\t<\/div>\n\n\t\t\n\n\t\t<div class=\"section-content relative\">\n\t\t\t\n\n<div class=\"row row-large\"  id=\"row-1384614268\">\n\n\n\t<div id=\"col-298613093\" class=\"col small-12 large-12\"  >\n\t\t\t\t<div class=\"col-inner\"  >\n\t\t\t\n\t\t\t\n\n<div class=\"container section-title-container\" ><h1 class=\"section-title section-title-normal\"><b><\/b><span class=\"section-title-main\" >Quand faut-il mettre ses pneus hiver ? Le guide ultime pour la Belgique en 2025<\/span><b><\/b><\/h1><\/div>\n\n\t<div class=\"img has-hover x md-x lg-x y md-y lg-y\" id=\"image_1498519700\">\n\t\t\t\t\t\t\t\t<div class=\"img-inner dark\" >\n\t\t\t<img loading=\"lazy\" decoding=\"async\" width=\"1000\" height=\"667\" src=\"\/wp-content\/uploads\/2025\/10\/pneus-hiver-quand-les-mettre.jpg\" class=\"attachment-large size-large\" alt=\"pneus hiver quand les mettre\" srcset=\"\/wp-content\/uploads\/2025\/10\/pneus-hiver-quand-les-mettre.jpg 1000w, \/wp-content\/uploads\/2025\/10\/pneus-hiver-quand-les-mettre-300x200.jpg 300w, \/wp-content\/uploads\/2025\/10\/pneus-hiver-quand-les-mettre-768x512.jpg 768w\" sizes=\"auto, (max-width: 1000px) 100vw, 1000px\" \/>\t\t\t\t\t\t\n\t\t\t\t\t<\/div>\n\t\t\t\t\t\t\t\t\n<style>\n#image_1498519700 {\n  width: 100%;\n}\n<\/style>\n\t<\/div>\n\t\n\n\n\t\t<\/div>\n\t\t\t\t\n<style>\n#col-298613093 > .col-inner {\n  margin: 0px 0px 25px 0px;\n}\n<\/style>\n\t<\/div>\n\n\t\n\n\t<div id=\"col-108648372\" class=\"col medium-8 small-12 large-8\"  >\n\t\t\t\t<div class=\"col-inner\"  >\n\t\t\t\n\t\t\t\n\n<p>Vous vous demandez quand mettre vos pneus hiver en Belgique ? Vous n\u2019\u00eates pas seul. Chaque automne, les recherches autour de \u201cpneus hiver quand les mettre\u201d ou \u201c\u00e0 partir de quand sont-ils obligatoires\u201d explosent. Et pour cause : des pneus adapt\u00e9s aux basses temp\u00e9ratures font toute la diff\u00e9rence, tant pour votre s\u00e9curit\u00e9 que pour votre confort de conduite.   <\/p>\n<p>En Belgique, les pneus hiver ne sont pas obligatoires, mais ils sont fortement recommand\u00e9s en cas de conditions hivernales. Cela concerne les matin\u00e9es froides, les routes mouill\u00e9es ou les chauss\u00e9es glissantes d\u00e8s que le thermom\u00e8tre descend entre 3 et 7 degr\u00e9s. \u00c0 partir de ce moment-l\u00e0, les pneus \u00e9t\u00e9 perdent en adh\u00e9rence, tandis que les pneus hiver donnent le meilleur d\u2019eux-m\u00eames. Il est essentiel que votre v\u00e9hicule et vos pneumatiques soient adapt\u00e9s aux conditions hivernales pour garantir votre s\u00e9curit\u00e9.    <\/p>\n<p><strong>Pour ceux qui cherchent une r\u00e9ponse rapide :<\/strong><\/p>\n<ul>\n<li>\n<p>\u00c0 partir de quand faut-il mettre ses pneus hiver ? D\u00e8s que la temp\u00e9rature passe r\u00e9guli\u00e8rement sous les 7\u00b0C \u2013 g\u00e9n\u00e9ralement entre mi-octobre et d\u00e9but novembre.<\/p>\n<\/li>\n<li>\n<p>Quand changer ses pneus ? L\u2019id\u00e9al se situe entre mi-octobre et fin novembre.<\/p>\n<\/li>\n<li>\n<p><strong>Les pneus hiver sont-ils obligatoires en Belgique ?<\/strong> Non, mais fortement conseill\u00e9s en cas de pluie, verglas ou neige.<\/p>\n<\/li>\n<li>\n<p>Pourquoi les utiliser ? Pour plus d\u2019adh\u00e9rence, des distances de freinage r\u00e9duites et moins de risque d\u2019aquaplaning.<\/p>\n<\/li>\n<li>\n<p>Vous partez vers la Suisse, l\u2019Allemagne ou l\u2019Autriche ? L\u00e0, les pneus hiver sont obligatoires ou attendus en cas de neige ou de verglas. <\/p>\n<\/li>\n<\/ul>\n<p>Un bon rep\u00e8re : pensez au changement d\u2019heure d\u2019hiver comme rappel pratique pour effectuer le passage aux pneus hiver.<\/p>\n<p>Dans ce guide, vous d\u00e9couvrirez :<\/p>\n<ul>\n<li>\n<p>Pourquoi les pneus hiver sont indispensables m\u00eame sans neige<\/p>\n<\/li>\n<li>\n<p><strong>Le meilleur mois pour faire le changement<br \/><\/strong><\/p>\n<\/li>\n<li>\n<p><strong>Ce que dit la l\u00e9gislation en Belgique et \u00e0 l\u2019\u00e9tranger<\/strong><\/p>\n<\/li>\n<li>\n<p>Et comment choisir les bons pneus hiver pour votre voiture<\/p>\n<\/li>\n<\/ul>\n<p>Que vous soyez un conducteur chevronn\u00e9 ou que vous veniez d\u2019acheter votre premi\u00e8re voiture, ces conseils vous permettront de faire le bon choix cette ann\u00e9e.<\/p>\n<p><em>Conseil : envie de conna\u00eetre le prix d\u2019un v\u00e9hicule d\u00e9j\u00e0 \u00e9quip\u00e9 pour l\u2019hiver ?  <\/em>D\u00e9couvrez <a target=\"_blank\" rel=\"noopener noreferrer\" href=\"https:\/\/carselect.touring.be\/fr\/acheter-une-voiture\/\">notre s\u00e9lection de voitures d\u2019occasion<\/a> avec pneus hiver et trouvez le mod\u00e8le qui correspond \u00e0 votre style de conduite.<\/p>\n\n\n<script type=\"text\/javascript\">\n    var seoPlugins = window.seoPlugins || [];\n\n    seoPlugins.push({\n        \"PluginCode\": \"a9f957e3-d8b9-4005-bf73-c81df6fc4833\",\n        \"PluginName\": \"#lsqdfqsdf\",\n        \"FilterCookie\": {\"FuelTypeIds\":[\"3\",\"4\"],\"CarCategoryIds\":[\"1\"]}\n    })\n\n    window.seoPlugins = seoPlugins;\n\n    var seoPlugins = window.seoPlugins || [];\n\n    for (var i = 0; i < seoPlugins.length; i++) {\n        var pluginData = seoPlugins[i];\n        CFM.API.enable(pluginData.PluginCode, pluginData.PluginName, null, {\n            FilterCookie: pluginData.FilterCookie\n        });\n    }\n<\/script>\n<div id=\"lsqdfqsdf\"><\/div>\n\n<div class=\"container section-title-container\" ><h2 class=\"section-title section-title-normal\"><b><\/b><span class=\"section-title-main\" >Pourquoi les pneus hiver sont si importants en Belgique (m\u00eame sans neige)<\/span><b><\/b><\/h2><\/div>\n\n<p>Beaucoup de conducteurs pensent que les pneus hiver ne servent que lorsqu\u2019il neige. C\u2019est pourtant une id\u00e9e re\u00e7ue. En Belgique, les chutes de neige sont rares, mais cela ne signifie pas que vous ne devez pas adapter vos pneumatiques aux conditions hivernales.  <\/p>\n<p>D\u00e8s que la temp\u00e9rature descend sous les 7\u00b0C, les caract\u00e9ristiques de la route et de vos pneus changent. Sur chauss\u00e9e mouill\u00e9e, glissante, ou simplement par une fra\u00eecheur matinale et un peu de bruine, les pneus \u00e9t\u00e9 perdent rapidement en adh\u00e9rence. R\u00e9sultat : des distances de freinage allong\u00e9es, un contr\u00f4le r\u00e9duit en virage et un risque accru d\u2019aquaplaning.   <\/p>\n<div class=\"container section-title-container\" ><h3 class=\"section-title section-title-normal\"><b><\/b><span class=\"section-title-main\" >Que font les pneus hiver diff\u00e9remment ?<\/span><b><\/b><\/h3><\/div>\n\n<p>Les pneus hiver sont con\u00e7us pour faire face aux mois froids. Ils se distinguent des pneus \u00e9t\u00e9 par : <\/p>\n<ul>\n<li>Une gomme plus souple, qui reste efficace par basses temp\u00e9ratures. Ce m\u00e9lange de caoutchouc garde sa flexibilit\u00e9, ce qui est crucial pour une bonne tenue de route et plus de s\u00e9curit\u00e9. <\/li>\n<li>Des sculptures plus profondes et des blocs larges, qui \u00e9vacuent mieux l\u2019eau, la boue ou la neige fondue.<\/li>\n<li>Plus de lamelles, qui am\u00e9liorent le contact avec le sol et offrent plus de grip.<\/li>\n<li>Une distance de freinage plus courte, m\u00eame sur route mouill\u00e9e.<\/li>\n<\/ul>\n<p>M\u00eame sans neige, les pneus hiver apportent donc une s\u00e9curit\u00e9 suppl\u00e9mentaire. Vous sentirez la diff\u00e9rence surtout lors d\u2019un freinage d\u2019urgence, sur route verglac\u00e9e ou en prenant un virage sur un rev\u00eatement humide ou gras. <\/p>\n<div class=\"container section-title-container\" ><h3 class=\"section-title section-title-normal\"><b><\/b><span class=\"section-title-main\" >Pourquoi les pneus \u00e9t\u00e9 ne suffisent pas en hiver<\/span><b><\/b><\/h3><\/div>\n\n<p>D\u00e8s que le froid s\u2019installe, les pneus \u00e9t\u00e9 durcissent. Ils perdent en souplesse, et donc en adh\u00e9rence. Votre voiture d\u00e9rape plus facilement, surtout si vous devez \u00e9viter un obstacle ou freiner brusquement. Des \u00e9tudes montrent qu\u2019\u00e0 5\u00b0C sur route mouill\u00e9e, la distance de freinage peut \u00eatre 30% plus longue avec des pneus \u00e9t\u00e9 qu\u2019avec des pneus hiver. Et cette diff\u00e9rence peut clairement faire la diff\u00e9rence entre un presque-accident et une collision.    <\/p>\n<div class=\"container section-title-container\" ><h3 class=\"section-title section-title-normal\"><b><\/b><span class=\"section-title-main\" >M\u00eame en cas de pluie, brouillard ou gel<\/span><b><\/b><\/h3><\/div>\n\n<p>En Belgique, ce ne sont pas les flocons, mais bien les matin\u00e9es humides, la pluie fine pendant les heures de pointe et le verglas invisible qui repr\u00e9sentent le plus grand risque. Ce sont pr\u00e9cis\u00e9ment dans ces conditions que les pneus hiver sont les plus efficaces. <\/p>\n<p>En r\u00e9sum\u00e9 : n\u2019attendez pas qu\u2019il neige pour passer aux pneus hiver. Car m\u00eame sans paysages blancs, les routes peuvent \u00eatre glissantes, mouill\u00e9es ou tra\u00eetres. Avec les bons pneus, vous r\u00e9duisez les risques, raccourcissez vos distances de freinage, et vous roulez en toute confiance pendant l\u2019hiver belge.  <\/p>\n<div class=\"container section-title-container\" ><h2 class=\"section-title section-title-normal\"><b><\/b><span class=\"section-title-main\" >\u00c0 partir de quand faut-il mettre ses pneus hiver en Belgique ?<\/span><b><\/b><\/h2><\/div>\n\n<p>C\u2019est une question qui revient chaque ann\u00e9e : pneus hiver, quand les mettre ? <strong> La r\u00e9ponse est simple : d\u00e8s que la temp\u00e9rature descend r\u00e9guli\u00e8rement sous les 7\u00b0C.<\/strong><\/p>\n<p>Pas besoin d\u2019attendre la neige. D\u00e8s que les matin\u00e9es et soir\u00e9es deviennent plus froides, et que les routes peuvent \u00eatre humides ou glissantes, il est temps de passer aux pneus hiver.<\/p>\n<p>En Belgique, ce moment se situe g\u00e9n\u00e9ralement entre la mi-octobre et la mi-novembre. Attendre plus longtemps, c\u2019est risquer d\u2019\u00eatre surpris par des conditions hivernales : entr\u00e9e de garage gel\u00e9e, brouillard matinal, ou pont verglac\u00e9.  <\/p>\n<p>Les pneus hiver offrent alors plus de s\u00e9curit\u00e9, une meilleure adh\u00e9rence et des distances de freinage r\u00e9duites. C\u2019est pourquoi les sp\u00e9cialistes du pneu et la police conseillent de ne pas attendre. Mieux vaut une semaine trop t\u00f4t qu\u2019un jour trop tard.   <\/p>\n<div class=\"container section-title-container\" ><h3 class=\"section-title section-title-normal\"><b><\/b><span class=\"section-title-main\" >La r\u00e8gle d\u2019or des 7\u00b0C : temp\u00e9rature et comportement du caoutchouc<\/span><b><\/b><\/h3><\/div>\n\n<p>La r\u00e8gle des 7 degr\u00e9s est une r\u00e9f\u00e9rence essentielle pour tous les automobilistes.<\/p>\n<p>En dessous de cette temp\u00e9rature, le caoutchouc des pneus \u00e9t\u00e9 durcit, perd son \u00e9lasticit\u00e9 et donc son adh\u00e9rence. Cela signifie des performances de freinage r\u00e9duites et un risque accru de glissade en cas de pluie ou de gel. <\/p>\n<p>Les pneus hiver, eux, restent souples gr\u00e2ce \u00e0 leur composition riche en silice. Ils s\u2019adaptent mieux \u00e0 la chauss\u00e9e froide, m\u00eame mouill\u00e9e ou verglac\u00e9e, et conservent ainsi leurs performances. <\/p>\n<div class=\"container section-title-container\" ><h3 class=\"section-title section-title-normal\"><b><\/b><span class=\"section-title-main\" >Quel mois pour installer ses pneus hiver ? (Et quand les retirer ?)<\/span><b><\/b><\/h3><\/div>\n\n<p>Le meilleur moment pour effectuer le changement de pneus est octobre. D\u00e8s que les temp\u00e9ratures diurnes ou nocturnes chutent r\u00e9guli\u00e8rement, c\u2019est le bon moment pour prendre rendez-vous. <\/p>\n<p>En novembre, les centres de montage sont souvent d\u00e9bord\u00e9s. Mieux vaut donc anticiper.<\/p>\n<p>Recommandation pour la Belgique :<\/p>\n<ul>\n<li>Passage aux pneus hiver : entre le 15 octobre et le 15 novembre<\/li>\n<li>Retour aux pneus \u00e9t\u00e9 : autour d\u2019avril, lorsque la temp\u00e9rature d\u00e9passe r\u00e9guli\u00e8rement les 7\u00b0C<\/li>\n<\/ul>\n<p>Monter ses pneus trop tard, c\u2019est prendre le risque de manquer d\u2019adh\u00e9rence d\u00e8s les premiers jours froids. \u00c0 l\u2019inverse, les installer trop t\u00f4t peut acc\u00e9l\u00e9rer leur usure par temps doux \u2014 mais c\u2019est toujours plus s\u00fbr que de les monter trop tard. <\/p>\n\n\n<script type=\"text\/javascript\">\n    var seoPlugins = window.seoPlugins || [];\n\n    seoPlugins.push({\n        \"PluginCode\": \"a9f957e3-d8b9-4005-bf73-c81df6fc4833\",\n        \"PluginName\": \"#generaloverviewdww\",\n        \"FilterCookie\": {\"CarCategoryIds\":[\"1\",\"2\"]}\n    })\n\n    window.seoPlugins = seoPlugins;\n\n    var seoPlugins = window.seoPlugins || [];\n\n    for (var i = 0; i < seoPlugins.length; i++) {\n        var pluginData = seoPlugins[i];\n        CFM.API.enable(pluginData.PluginCode, pluginData.PluginName, null, {\n            FilterCookie: pluginData.FilterCookie\n        });\n    }\n<\/script>\n<div id=\"generaloverviewdww\"><\/div>\n\n<div class=\"container section-title-container\" ><h3 class=\"section-title section-title-normal\"><b><\/b><span class=\"section-title-main\" >Jusqu\u2019\u00e0 quand peut-on rouler avec des pneus hiver ?&lt;br&gt;<\/span><b><\/b><\/h3><\/div>\n\n<p>En Belgique, il n\u2019existe aucune interdiction : vous pouvez rouler avec vos pneus hiver toute l\u2019ann\u00e9e. Mais ce n\u2019est pas recommand\u00e9.  <\/p>\n<p>Au-dessus de 15\u00b0C, les pneus hiver s\u2019usent plus vite et offrent des performances de freinage r\u00e9duites sur chauss\u00e9e s\u00e8che. Les sp\u00e9cialistes conseillent donc de repasser aux pneus \u00e9t\u00e9 fin mars ou d\u00e9but avril, d\u00e8s que le printemps s\u2019installe. <\/p>\n<p>Astuce : avoir un jeu de jantes d\u00e9di\u00e9 pour l\u2019hiver permet de gagner du temps et de r\u00e9duire les co\u00fbts \u00e0 chaque changement de saison.<\/p>\n<div class=\"container section-title-container\" ><h3 class=\"section-title section-title-normal\"><b><\/b><span class=\"section-title-main\" >Est-ce obligatoire en Belgique ? Et qu\u2019en est-il \u00e0 l\u2019\u00e9tranger ?&lt;br&gt;<\/span><b><\/b><\/h3><\/div>\n\n<p>En Belgique, les pneus hiver ne sont pas obligatoires, mais ils sont vivement recommand\u00e9s en cas de conditions hivernales.<\/p>\n<p>Mais d\u00e8s que vous passez la fronti\u00e8re, les r\u00e8gles peuvent changer \u2014 et certaines sont strictes.<\/p>\n<p>Voici un r\u00e9sum\u00e9 pour nos pays voisins :<\/p>\n<ul>\n<li>Allemagne : pneus hiver obligatoires en cas de neige, verglas ou route glissante.<\/li>\n<li>France : obligatoires dans certaines zones montagneuses du 1er novembre au 31 mars (loi Montagne).<\/li>\n<li>Autriche et Suisse : obligatoires en cas de neige ou de glace sur la route.<\/li>\n<li>Luxembourg : m\u00eame r\u00e8gle qu\u2019en Allemagne \u2014 obligatoires en cas de conditions hivernales.<\/li>\n<\/ul>\n<p>Si vous roulez avec des pneus \u00e9t\u00e9 sous la neige dans ces pays, vous risquez une amende, et surtout d\u2019\u00eatre tenu responsable en cas d\u2019accident.<\/p>\n<p>Avant de partir au ski ou en vacances d\u2019hiver, pensez donc \u00e0 v\u00e9rifier vos pneus. Un bon jeu de pneus hiver avec le pictogramme flocon vous \u00e9vitera des ennuis, des co\u00fbts suppl\u00e9mentaires, et renforcera votre s\u00e9curit\u00e9 sur la route. <\/p>\n\t<div class=\"img has-hover x md-x lg-x y md-y lg-y\" id=\"image_1676151246\">\n\t\t\t\t\t\t\t\t<div class=\"img-inner dark\" >\n\t\t\t<img loading=\"lazy\" decoding=\"async\" width=\"1000\" height=\"407\" src=\"\/wp-content\/uploads\/2025\/10\/pneus-hiver-quand-les-mettre-changer.jpg\" class=\"attachment-large size-large\" alt=\"pneus hiver quand les mettre changer\" srcset=\"\/wp-content\/uploads\/2025\/10\/pneus-hiver-quand-les-mettre-changer.jpg 1000w, \/wp-content\/uploads\/2025\/10\/pneus-hiver-quand-les-mettre-changer-300x122.jpg 300w, \/wp-content\/uploads\/2025\/10\/pneus-hiver-quand-les-mettre-changer-768x313.jpg 768w\" sizes=\"auto, (max-width: 1000px) 100vw, 1000px\" \/>\t\t\t\t\t\t\n\t\t\t\t\t<\/div>\n\t\t\t\t\t\t\t\t\n<style>\n#image_1676151246 {\n  width: 100%;\n}\n<\/style>\n\t<\/div>\n\t\n\n<div class=\"container section-title-container\" ><h2 class=\"section-title section-title-normal\"><b><\/b><span class=\"section-title-main\" >Pneus 4 saisons vs. pneus hiver : quel est le bon choix ?<\/span><b><\/b><\/h2><\/div>\n\n<p>Le choix entre des pneus 4 saisons et un jeu de pneus hiver s\u00e9par\u00e9 d\u00e9pend de votre style de conduite, de la r\u00e9gion o\u00f9 vous roulez, et de vos attentes en mati\u00e8re de s\u00e9curit\u00e9. Les deux options ont leurs avantages, mais elles ne conviennent pas \u00e0 tout le monde. Les pneus hiver sont sp\u00e9cialement con\u00e7us pour les mois froids, et offrent donc des performances optimales pendant cette p\u00e9riode.  <\/p>\n<p>En Belgique, o\u00f9 la m\u00e9t\u00e9o est souvent instable, mais o\u00f9 les jours de neige sont rares, de plus en plus d\u2019automobilistes optent pour une solution interm\u00e9diaire pratique. Attention cependant : un pneu 4 saisons est toujours un compromis. Choisir les bons pneus demande donc un peu de r\u00e9flexion.  <\/p>\n<div class=\"container section-title-container\" ><h3 class=\"section-title section-title-normal\"><b><\/b><span class=\"section-title-main\" >Pour qui les pneus 4 saisons sont-ils un choix intelligent ?<\/span><b><\/b><\/h3><\/div>\n\n<p>Les pneus 4 saisons (ou pneus toutes saisons) combinent les caract\u00e9ristiques des pneus \u00e9t\u00e9 et des pneus hiver. Ils sont pens\u00e9s pour les conducteurs qui : <\/p>\n<ul>\n<li>Parcourent un nombre limit\u00e9 de kilom\u00e8tres par an<\/li>\n<li>Circulent principalement en ville ou dans des zones plates<\/li>\n<li>N\u2019empruntent que rarement des routes enneig\u00e9es ou montagneuses<\/li>\n<li>Ne veulent pas ou n\u2019ont pas le temps de faire un changement de pneus deux fois par an<\/li>\n<\/ul>\n<p>Pour ceux qui font de courts trajets en milieu urbain et ne partent pas au ski, les pneus 4 saisons peuvent donc repr\u00e9senter un choix malin et \u00e9conomique.<\/p>\n<p>Vous \u00e9conomisez sur :<\/p>\n<ul>\n<li><span style=\"color: #555555;font-size: 14.4px\">L\u2019achat d\u2019un deuxi\u00e8me jeu de jantes<\/span><\/li>\n<li>Les frais de changement saisonnier<\/li>\n<li>L\u2019espace de stockage pour vos pneus non utilis\u00e9s<\/li>\n<\/ul>\n<p>Attention : choisissez toujours des pneus 4 saisons avec le symbole flocon de neige (3PMSF), afin d\u2019\u00eatre en r\u00e8gle en cas de verglas.<\/p>\n<div class=\"container section-title-container\" ><h3 class=\"section-title section-title-normal\"><b><\/b><span class=\"section-title-main\" >Quelle diff\u00e9rence en termes d\u2019adh\u00e9rence, d\u2019usure et de freinage ?<\/span><b><\/b><\/h3><\/div>\n\n<p>M\u00eame si les pneus 4 saisons sont pratiques, ils n\u2019\u00e9galent pas les performances de vrais pneus hiver par temps froid. La composition en caoutchouc souple des pneus hiver est sp\u00e9cialement con\u00e7ue pour les temp\u00e9ratures inf\u00e9rieures \u00e0 7\u00b0C. <\/p>\n<p>Comparaison :<\/p>\n<table style=\"min-width: 75px\">\n<colgroup>\n<col style=\"min-width: 25px\">\n<col style=\"min-width: 25px\">\n<col style=\"min-width: 25px\"><\/colgroup>\n<tbody>\n<tr>\n<th colspan=\"1\" rowspan=\"1\">\n<p><strong>Caract\u00e9ristique<\/strong><\/p>\n<\/th>\n<th colspan=\"1\" rowspan=\"1\">\n<p><strong>Pneus hiver<\/strong><\/p>\n<\/th>\n<th colspan=\"1\" rowspan=\"1\">\n<p><strong>Pneus 4 saisons<\/strong><\/p>\n<\/th>\n<\/tr>\n<tr>\n<td colspan=\"1\" rowspan=\"1\">\n<p>Adh\u00e9rence sur neige\/verglas<\/p>\n<\/td>\n<td colspan=\"1\" rowspan=\"1\">\n<p>\u2605\u2605\u2605\u2605\u2605<\/p>\n<\/td>\n<td colspan=\"1\" rowspan=\"1\">\n<p>\u2605\u2605\u2605\u2606\u2606<\/p>\n<\/td>\n<\/tr>\n<tr>\n<td colspan=\"1\" rowspan=\"1\">\n<p>Adh\u00e9rence sous pluie et froid<\/p>\n<\/td>\n<td colspan=\"1\" rowspan=\"1\">\n<p>\u2605\u2605\u2605\u2605\u2605<\/p>\n<\/td>\n<td colspan=\"1\" rowspan=\"1\">\n<p>\u2605\u2605\u2605\u2605\u2606<\/p>\n<\/td>\n<\/tr>\n<tr>\n<td colspan=\"1\" rowspan=\"1\">\n<p>Distance de freinage par temps de gel<\/p>\n<\/td>\n<td colspan=\"1\" rowspan=\"1\">\n<p>Plus courte<\/p>\n<\/td>\n<td colspan=\"1\" rowspan=\"1\">\n<p>Plus longue<\/p>\n<\/td>\n<\/tr>\n<tr>\n<td colspan=\"1\" rowspan=\"1\">\n<p>Usure en \u00e9t\u00e9<\/p>\n<\/td>\n<td colspan=\"1\" rowspan=\"1\">\n<p>\u00c9lev\u00e9e<\/p>\n<\/td>\n<td colspan=\"1\" rowspan=\"1\">\n<p>Moyenne<\/p>\n<\/td>\n<\/tr>\n<tr>\n<td colspan=\"1\" rowspan=\"1\">\n<p>Facilit\u00e9 d\u2019utilisation<\/p>\n<\/td>\n<td colspan=\"1\" rowspan=\"1\">\n<p>Changement saisonnier<\/p>\n<\/td>\n<td colspan=\"1\" rowspan=\"1\">\n<p>Un seul jeu toute l\u2019ann\u00e9e<\/p>\n<\/td>\n<\/tr>\n<\/tbody>\n<\/table>\n<h2><strong>Prix et dur\u00e9e de vie : combien co\u00fbte vraiment un jeu de pneus hiver ?<\/strong><\/h2>\n<p>Les pneus hiver sont un investissement intelligent en mati\u00e8re de s\u00e9curit\u00e9, mais il est normal de vouloir savoir ce qu\u2019ils co\u00fbtent, combien de temps ils durent et si les pneus d\u2019occasion valent la peine. Voici un aper\u00e7u r\u00e9aliste des prix, frais de montage et conseils pour prolonger leur dur\u00e9e de vie. <\/p>\n<p>Car une bonne paire de pneumatiques hiver ne doit pas forc\u00e9ment co\u00fbter une fortune \u2014 surtout si vous faites les bons choix.<\/p>\n<div class=\"container section-title-container\" ><h3 class=\"section-title section-title-normal\"><b><\/b><span class=\"section-title-main\" >Quel est le co\u00fbt d\u2019un changement complet avec montage inclus ?<\/span><b><\/b><\/h3><\/div>\n\n<p>Le prix des pneus hiver d\u00e9pend de plusieurs facteurs :<\/p>\n<ul>\n<li>\n<p>La marque et le type de pneu (budget, milieu de gamme ou premium)<\/p>\n<\/li>\n<li>\n<p>La taille des pneus (de 13 \u00e0 20 pouces)<\/p>\n<\/li>\n<li>\n<p>Si vous choisissez des pneus seuls ou un jeu avec jantes<\/p>\n<\/li>\n<\/ul>\n<p>Prix indicatifs pour quatre pneus :<\/p>\n<ul>\n<li>\n<p>Marques \u00e9conomiques : entre 250 \u20ac et 350 \u20ac<\/p>\n<\/li>\n<li>\n<p>Marques milieu de gamme : entre 400 \u20ac et 600 \u20ac<\/p>\n<\/li>\n<li>\n<p>Marques premium (Michelin, Continental, Pirelli) : entre 600 \u20ac et 900 \u20ac<\/p>\n<\/li>\n<\/ul>\n<p>Frais de montage (changement + \u00e9quilibrage) :<\/p>\n<ul>\n<li>\n<p>Sur jantes existantes : entre 60 \u20ac et 100 \u20ac<\/p>\n<\/li>\n<li>\n<p>Sur un jeu s\u00e9par\u00e9 avec jantes : entre 30 \u20ac et 50 \u20ac (plus rapide et moins cher)Sur un jeu s\u00e9par\u00e9 avec jantes : entre 30 \u20ac et 50 \u20ac (plus rapide et moins cher)<\/p>\n<\/li>\n<\/ul>\n<h3>Quelle est la dur\u00e9e de vie des pneus hiver ? (conseils pour une long\u00e9vit\u00e9 maximale) <\/h3>\n<p>La dur\u00e9e de vie moyenne d\u2019un pneu hiver se situe entre 30.000 et 50.000 km, en fonction de :<\/p>\n<ul>\n<li>\n<p>Votre style de conduite<\/p>\n<\/li>\n<li>\n<p>Le type de routes emprunt\u00e9es<\/p>\n<\/li>\n<li>\n<p>Le respect de la pression recommand\u00e9e<\/p>\n<\/li>\n<li>\n<p>L\u2019usage exclusif en hiver (ce qui limite l\u2019usure)<\/p>\n<\/li>\n<\/ul>\n<h4>Conseils pour faire durer vos pneus plus longtemps:<\/h4>\n<ul>\n<li>\n<p>V\u00e9rifiez r\u00e9guli\u00e8rement la pression (surtout en p\u00e9riode de froid)<\/p>\n<\/li>\n<li>\n<p>\u00c9vitez les acc\u00e9l\u00e9rations brutales et les freinages soudains<\/p>\n<\/li>\n<li>\n<p>Changez \u00e0 temps pour des pneus \u00e9t\u00e9 d\u00e8s que les temp\u00e9ratures remontent<\/p>\n<\/li>\n<li>\n<p>Stockez vos pneus dans un endroit frais, sec et \u00e0 l\u2019abri du soleil<\/p>\n<\/li>\n<\/ul>\n<p>Attention : m\u00eame des pneus hiver de plus de 6 ans, encore peu us\u00e9s, perdent progressivement leur souplesse et leurs performances. V\u00e9rifiez le code DOT sur le flanc du pneu pour conna\u00eetre l\u2019ann\u00e9e de fabrication. <\/p>\n\t<div class=\"img has-hover x md-x lg-x y md-y lg-y\" id=\"image_669329651\">\n\t\t\t\t\t\t\t\t<div class=\"img-inner dark\" >\n\t\t\t<img loading=\"lazy\" decoding=\"async\" width=\"1000\" height=\"667\" src=\"\/wp-content\/uploads\/2025\/10\/pneus-hiver-quand-les-mettre-dot-code.jpg\" class=\"attachment-large size-large\" alt=\"pneus hiver quand les mettre dot code\" srcset=\"\/wp-content\/uploads\/2025\/10\/pneus-hiver-quand-les-mettre-dot-code.jpg 1000w, \/wp-content\/uploads\/2025\/10\/pneus-hiver-quand-les-mettre-dot-code-300x200.jpg 300w, \/wp-content\/uploads\/2025\/10\/pneus-hiver-quand-les-mettre-dot-code-768x512.jpg 768w\" sizes=\"auto, (max-width: 1000px) 100vw, 1000px\" \/>\t\t\t\t\t\t\n\t\t\t\t\t<\/div>\n\t\t\t\t\t\t\t\t\n<style>\n#image_669329651 {\n  width: 100%;\n}\n<\/style>\n\t<\/div>\n\t\n\n<div class=\"container section-title-container\" ><h3 class=\"section-title section-title-normal\"><b><\/b><span class=\"section-title-main\" >Pneus hiver d\u2019occasion : bonne affaire ou risque inutile ?<\/span><b><\/b><\/h3><\/div>\n\n<p>Les pneus hiver d\u2019occasion peuvent sembler une aubaine, mais m\u00e9fiance. Il existe de grandes diff\u00e9rences de qualit\u00e9, et ce que vous \u00e9conomisez \u00e0 l\u2019achat peut se payer cher en perte d\u2019adh\u00e9rence ou en s\u00e9curit\u00e9 r\u00e9duite. <\/p>\n<h4>\u00c0 v\u00e9rifier imp\u00e9rativement avant d\u2019acheter des pneus usag\u00e9s :<\/h4>\n<ul>\n<li>Profondeur des sculptures : minimum 5 mm recommand\u00e9 pour de bonnes performances hivernales<\/li>\n<li>\u00c2ge : id\u00e9alement moins de 5 ans (v\u00e9rifiez le code DOT)<\/li>\n<li>Usure r\u00e9guli\u00e8re : pas de fissures, craquelures ni usure asym\u00e9trique<\/li>\n<li>Pas de r\u00e9parations visibles (ex. : m\u00e8ches, coupures)\n<\/li>\n<li>Dimension et indice de vitesse adapt\u00e9s \u00e0 votre v\u00e9hicule<\/li>\n<\/ul>\n<p>Conclusion : acheter d\u2019occasion, oui, mais seulement si vous pouvez v\u00e9rifier la qualit\u00e9. En cas de doute, mieux vaut investir dans des pneus neufs ou passer par un revendeur agr\u00e9\u00e9 avec garantie. <\/p>\n\n\n<script type=\"text\/javascript\">\n    var seoPlugins = window.seoPlugins || [];\n\n    seoPlugins.push({\n        \"PluginCode\": \"a9f957e3-d8b9-4005-bf73-c81df6fc4833\",\n        \"PluginName\": \"#newgeneraloverview\",\n        \"FilterCookie\": {\"CarCategoryIds\":[\"1\",\"2\"]}\n    })\n\n    window.seoPlugins = seoPlugins;\n\n    var seoPlugins = window.seoPlugins || [];\n\n    for (var i = 0; i < seoPlugins.length; i++) {\n        var pluginData = seoPlugins[i];\n        CFM.API.enable(pluginData.PluginCode, pluginData.PluginName, null, {\n            FilterCookie: pluginData.FilterCookie\n        });\n    }\n<\/script>\n<div id=\"newgeneraloverview\"><\/div>\n\n<div class=\"container section-title-container\" ><h2 class=\"section-title section-title-normal\"><b><\/b><span class=\"section-title-main\" >Pneus hiver \u00e0 l\u2019\u00e9tranger : obligatoires ou simplement recommand\u00e9s ?<\/span><b><\/b><\/h2><\/div>\n\n<p>Lorsque vous partez \u00e0 l\u2019\u00e9tranger en hiver avec votre v\u00e9hicule, les r\u00e8gles sont souvent plus strictes qu\u2019en Belgique. Dans de nombreux pays, les pneus hiver sont obligatoires, et ce, m\u00eame sans neige. Parfois, il existe m\u00eame une obligation calendaire, quel que soit l\u2019\u00e9tat de la route.  <\/p>\n<p>Vous partez aux sports d\u2019hiver ou traversez une zone montagneuse ? D\u2019autres r\u00e8gles s\u2019appliquent concernant les cha\u00eenes \u00e0 neige ou les pneus clout\u00e9s. La l\u00e9gislation varie fortement d\u2019un pays \u00e0 l\u2019autre, et les amendes peuvent \u00eatre \u00e9lev\u00e9es en cas d\u2019infraction.  <\/p>\n<p>Retrouvez ci-dessous un aper\u00e7u clair des obligations par pays.<\/p>\n<div class=\"container section-title-container\" ><h3 class=\"section-title section-title-normal\"><b><\/b><span class=\"section-title-main\" >R\u00e9capitulatif des obligations par pays (y compris tableau)<\/span><b><\/b><\/h3><\/div>\n\n<\/p>\n<table style=\"min-width: 75px\">\n<colgroup>\n<col style=\"min-width: 25px\">\n<col style=\"min-width: 25px\">\n<col style=\"min-width: 25px\"><\/colgroup>\n<tbody>\n<tr>\n<th colspan=\"1\" rowspan=\"1\">\n<p><strong>Pays<\/strong><\/p>\n<\/th>\n<th colspan=\"1\" rowspan=\"1\">\n<p><strong>Pneus hiver obligatoires?<\/strong><\/p>\n<\/th>\n<th colspan=\"1\" rowspan=\"1\">\n<p><strong>P\u00e9riode ou conditions<\/strong><\/p>\n<\/th>\n<\/tr>\n<tr>\n<td colspan=\"1\" rowspan=\"1\">\n<p>Allemagne<\/p>\n<\/td>\n<td colspan=\"1\" rowspan=\"1\">\n<p>Oui, en conditions hivernales (obligation situationnelle)<\/p>\n<\/td>\n<td colspan=\"1\" rowspan=\"1\">\n<p>Pas de p\u00e9riode fixe \u2013 obligatoire en cas de neige, verglas, gel, givre ou neige boueuse (situative Winterreifenpflicht)<\/p>\n<\/td>\n<\/tr>\n<tr>\n<td colspan=\"1\" rowspan=\"1\">\n<p>France<\/p>\n<\/td>\n<td colspan=\"1\" rowspan=\"1\">\n<p>Oui, dans certaines r\u00e9gions montagneuses<\/p>\n<\/td>\n<td colspan=\"1\" rowspan=\"1\">\n<p>1er novembre \u2013 31 mars (dans 48 d\u00e9partements selon la Loi Montagne II ; signal\u00e9 par des panneaux<\/p>\n<\/td>\n<\/tr>\n<tr>\n<td colspan=\"1\" rowspan=\"1\">\n<p>Autriche<\/p>\n<\/td>\n<td colspan=\"1\" rowspan=\"1\">\n<p>Oui, en conditions hivernales<\/p>\n<\/td>\n<td colspan=\"1\" rowspan=\"1\">\n<p>1er novembre \u2013 15 avril \u2013 obligatoire en cas de neige, verglas ou boue ; pour les v\u00e9hicules &gt;&gt;3,5 tonnes toujours obligatoire durant cette p\u00e9riode<\/p>\n<\/td>\n<\/tr>\n<tr>\n<td colspan=\"1\" rowspan=\"1\">\n<p>Suisse<\/p>\n<\/td>\n<td colspan=\"1\" rowspan=\"1\">\n<p>Pas d&rsquo;obligation g\u00e9n\u00e9rale<\/p>\n<\/td>\n<td colspan=\"1\" rowspan=\"1\">\n<p>Toutefois recommand\u00e9 ; en cas d&rsquo;accident ou d&rsquo;obstruction du trafic sans pneus hiver, vous pouvez \u00eatre tenu responsable<\/p>\n<\/td>\n<\/tr>\n<tr>\n<td colspan=\"1\" rowspan=\"1\">\n<p>Luxembourg<\/p>\n<\/td>\n<td colspan=\"1\" rowspan=\"1\">\n<p>Oui, en conditions hivernales<\/p>\n<\/td>\n<td colspan=\"1\" rowspan=\"1\">\n<p>Pas de p\u00e9riode fixe, mais obligatoire en cas de neige, verglas ou givre<\/p>\n<\/td>\n<\/tr>\n<tr>\n<td colspan=\"1\" rowspan=\"1\">\n<p>Italie<\/p>\n<\/td>\n<td colspan=\"1\" rowspan=\"1\">\n<p>Oui, obligation locale (indiqu\u00e9e par des panneaux)<\/p>\n<\/td>\n<td colspan=\"1\" rowspan=\"1\">\n<p>Souvent du 15 novembre \u2013 15 avril dans les r\u00e9gions montagneuses (par ex. Val d&rsquo;Aoste, Bolzano, Brenner A22) ; 15 octobre \u2013 15 avril dans certaines zones<\/p>\n<\/td>\n<\/tr>\n<\/tbody>\n<\/table>\n<div class=\"container section-title-container\" ><h3 class=\"section-title section-title-normal\"><b><\/b><span class=\"section-title-main\" >Cha\u00eenes \u00e0 neige et pneus clout\u00e9s : quand sont-ils obligatoires ?<\/span><b><\/b><\/h3><\/div>\n\n<p>Dans les zones de montagne, les cha\u00eenes \u00e0 neige sont obligatoires d\u00e8s que les conditions deviennent difficiles ou lorsqu\u2019un panneau B26 (panneau bleu avec un symbole de cha\u00eene) est affich\u00e9.<\/p>\n<p><em>Quelques exemples :<\/em><\/p>\n<ul>\n<li>\n<p>En Autriche et en France, vous devez avoir des cha\u00eenes dans votre voiture d\u00e8s que vous entrez dans une zone signal\u00e9e.<\/p>\n<\/li>\n<li>\n<p>En Suisse et en Italie, les forces de l\u2019ordre peuvent effectuer des contr\u00f4les et interdire l\u2019acc\u00e8s aux v\u00e9hicules non \u00e9quip\u00e9s.<\/p>\n<\/li>\n<\/ul>\n<p>Les pneus clout\u00e9s (pneus hiver avec crampons m\u00e9talliques) sont :<\/p>\n<ul>\n<li>\n<p>Autoris\u00e9s en Suisse et en Autriche entre novembre et avril (avec limitation de vitesse)<\/p>\n<\/li>\n<li>\n<p><strong>Interdits en Allemagne et aux Pays-Bas<\/strong><\/p>\n<\/li>\n<li>\n<p>En France, uniquement autoris\u00e9s dans certaines r\u00e9gions et sous conditions sp\u00e9cifiques<\/p>\n<\/li>\n\t<div class=\"img has-hover x md-x lg-x y md-y lg-y\" id=\"image_579066463\">\n\t\t\t\t\t\t\t\t<div class=\"img-inner dark\" >\n\t\t\t<img loading=\"lazy\" decoding=\"async\" width=\"1000\" height=\"714\" src=\"\/wp-content\/uploads\/2025\/10\/pneus-hiver-quand-les-mettre-chaine.jpg\" class=\"attachment-large size-large\" alt=\"pneus clout\u00e9s pneus hiver quand les mettre\" srcset=\"\/wp-content\/uploads\/2025\/10\/pneus-hiver-quand-les-mettre-chaine.jpg 1000w, \/wp-content\/uploads\/2025\/10\/pneus-hiver-quand-les-mettre-chaine-300x214.jpg 300w, \/wp-content\/uploads\/2025\/10\/pneus-hiver-quand-les-mettre-chaine-768x548.jpg 768w\" sizes=\"auto, (max-width: 1000px) 100vw, 1000px\" \/>\t\t\t\t\t\t\n\t\t\t\t\t<\/div>\n\t\t\t\t\t\t\t\t\n<style>\n#image_579066463 {\n  width: 100%;\n}\n<\/style>\n\t<\/div>\n\t\n\n<div class=\"container section-title-container\" ><h3 class=\"section-title section-title-normal\"><b><\/b><span class=\"section-title-main\" >Contr\u00f4le en route : autocollant ou indice de vitesse visible ?<\/span><b><\/b><\/h3><\/div>\n\n<p>Dans certains pays, des exigences visuelles s\u2019appliquent en plus.<\/p>\n<p>Par exemple :<\/p>\n<ul>\n<li>France : votre voiture doit \u00eatre \u00e9quip\u00e9e de pneus hiver avec le symbole flocon de neige (3PMSF) ou de pneus 4 saisons portant le m\u00eame symbole.<\/li>\n<li>Suisse : si vous utilisez des pneus clout\u00e9s, vous devez coller un autocollant (max. 80 km\/h) visible \u00e0 l\u2019arri\u00e8re du v\u00e9hicule. <\/li>\n<li>Allemagne et Autriche : la police peut contr\u00f4ler l\u2019indice de vitesse de vos pneus hiver. Si celui-ci est inf\u00e9rieur \u00e0 celui pr\u00e9vu pour votre voiture, cela doit \u00eatre clairement indiqu\u00e9 dans l\u2019habitacle.  <\/li>\n<\/ul>\n<p>Veillez donc toujours \u00e0 ce que vos pneumatiques respectent les sp\u00e9cifications l\u00e9gales du pays visit\u00e9, et v\u00e9rifiez avant votre d\u00e9part que vos documents, vignettes ou autocollants sont en ordre.<\/p>\n<div class=\"container section-title-container\" ><h2 class=\"section-title section-title-normal\"><b><\/b><span class=\"section-title-main\" >Conclusion : Quand changer vos pneus ? Suivez ces conseils hiver&lt;br&gt;<\/span><b><\/b><\/h2><\/div>\n\n<p>La r\u00e9ponse \u00e0 la question \u201cpneus hiver quand les mettre\u201d est claire : d\u00e8s que la temp\u00e9rature descend sous les 7\u00b0C. En Belgique, cela signifie g\u00e9n\u00e9ralement entre la mi-octobre et le d\u00e9but novembre. Ne attendez donc pas la neige pour r\u00e9agir \u2014 ce sont justement les matins humides, glissants ou brumeux qui sont les plus dangereux.  <\/p>\n<p>Que vous choisissiez un jeu de pneus hiver d\u00e9di\u00e9 ou des pneus 4 saisons plus pratiques, l\u2019essentiel est de prendre la route en toute s\u00e9curit\u00e9 et avec confiance. Des pneus bien adapt\u00e9s font r\u00e9ellement la diff\u00e9rence en mati\u00e8re de : <\/p>\n<ul>\n<li>Distance de freinage et adh\u00e9rence par basses temp\u00e9ratures<\/li>\n<li>Confort et stabilit\u00e9 sur route mouill\u00e9e ou verglac\u00e9e\n<\/li>\n<li>Et m\u00eame sur le plan assurance, surtout si vous circulez \u00e0 l\u2019\u00e9tranger<\/li>\n<\/ul>\n<p>N\u2019oubliez pas non plus qu\u2019un entretien correct des pneus (pression ad\u00e9quate, profondeur suffisante, indice de vitesse conforme) garantit non seulement de meilleures performances, mais aussi une dur\u00e9e de vie plus longue.<\/p>\n<p><em>Pr\u00eat \u00e0 pr\u00e9parer votre voiture pour l\u2019hiver ?<br \/><\/em><\/p>\n<p>D\u00e9couvrez nos <a href=\"https:\/\/carselect.touring.be\/fr\/acheter-une-voiture\/\">voitures d\u2019occasion<\/a> \u00e9quip\u00e9es de pneus hiver ou pneus 4 saisons, pr\u00eates \u00e0 affronter toutes les saisons. <\/p>\n<h2><strong>Questions fr\u00e9quentes sur les pneus hiver en Belgique<\/strong><\/h2>\n<h3><strong>\u00c0 partir de quelle temp\u00e9rature faut-il mettre des pneus hiver ?<\/strong><\/h3>\n<p>D\u00e8s que la temp\u00e9rature descend en dessous de 7\u00b0C, les pneus hiver offrent de meilleures performances que les pneus \u00e9t\u00e9. Leur composition en caoutchouc reste souple par temps froid, ce qui garantit une meilleure adh\u00e9rence et des distances de freinage r\u00e9duites.  <\/p>\n<h3><strong>Quand peut-on changer ses pneus hiver ?<br \/><\/strong><\/h3>\n<p>En Belgique, il est autoris\u00e9 de rouler avec des pneus hiver toute l\u2019ann\u00e9e.<br \/>Mais il est recommand\u00e9 de repasser en pneus \u00e9t\u00e9 \u00e0 partir d\u2019avril, lorsque les temp\u00e9ratures deviennent durablement plus douces. Sinon, vos pneus hiver s\u2019usent plus vite et perdent en efficacit\u00e9 sur chauss\u00e9e s\u00e8che. <\/p>\n<h3><strong>Peut-on rouler avec des pneus \u00e9t\u00e9 lorsqu\u2019il g\u00e8le ?<\/strong><\/h3>\n<p>Techniquement oui, mais c\u2019est risqu\u00e9.<br \/>En dessous de 7\u00b0C, les pneus \u00e9t\u00e9 se durcissent, ce qui r\u00e9duit leur adh\u00e9rence et augmente la distance de freinage.<br \/>En cas de verglas ou de gel, les pneus \u00e9t\u00e9 deviennent dangereux. Mieux vaut \u00e9quiper son v\u00e9hicule de pneus hiver d\u00e8s les premi\u00e8res gel\u00e9es.   <\/p>\n<h3><strong>Quelle est la profondeur minimale du profil pour les pneus hiver ?<\/strong><\/h3>\n<p>La profondeur l\u00e9gale minimale en Belgique est de 1,6 mm, mais pour les pneus hiver, on recommande au moins 3 \u00e0 4 mm. En dessous de ce seuil, les pneumatiques perdent leurs propri\u00e9t\u00e9s hivernales, notamment sur routes mouill\u00e9es ou enneig\u00e9es. <br \/>Pensez aussi \u00e0 v\u00e9rifier r\u00e9guli\u00e8rement la pression de vos pneus en hiver.  <\/p>\n<h3><strong>Les pneus hiver sont-ils obligatoires en Belgique ou simplement conseill\u00e9s ?<\/strong><\/h3>\n<p>En Belgique, les pneus hiver ne sont pas obligatoires, mais ils sont vivement conseill\u00e9s d\u00e8s que les conditions hivernales apparaissent : pluie, verglas, neige, givre\u2026<br \/>En revanche, si vous voyagez vers des pays comme l\u2019Allemagne, l\u2019Autriche ou la France, ils deviennent obligatoires dans certaines r\u00e9gions ou p\u00e9riodes pr\u00e9cises.  <\/p>\n\n\t\t<\/div>\n\t\t\t\t\t<\/div>\n\n\t\n\n\t<div id=\"col-1468607727\" class=\"col medium-4 small-12 large-4\"  >\n\t\t\t\t<div class=\"col-inner\"  >\n\t\t\t\n\t\t\t\n\n\n  \n    <div class=\"row large-columns-1 medium-columns-1 small-columns-1\" >\n  <div class=\"col post-item\" >\n\t\t\t<div class=\"col-inner\">\n\t\t\t\t<div class=\"box box-normal box-text-bottom box-blog-post has-hover\">\n            \t\t\t\t\t<div class=\"box-image\" >\n  \t\t\t\t\t\t<div class=\"image-cover\" style=\"padding-top:56.25%;\">\n\t\t\t\t\t\t\t<a href=\"https:\/\/carselect.touring.be\/fr\/blog\/voiture-electrique-ou-hybride-rechargeable\/\" class=\"plain\" aria-label=\"Voiture \u00e9lectrique ou hybride (rechargeable) : quelle est la diff\u00e9rence ? Et laquelle vous convient le mieux ?\">\n\t\t\t\t\t\t\t\t<img loading=\"lazy\" decoding=\"async\" width=\"300\" height=\"169\" src=\"\/wp-content\/uploads\/2024\/12\/header-image-elektrische-en-hybride-wagen-2-300x169.jpg\" class=\"attachment-medium size-medium wp-post-image\" alt=\"Voiture \u00e9lectrique vs. hybride rechargeable\" srcset=\"\/wp-content\/uploads\/2024\/12\/header-image-elektrische-en-hybride-wagen-2-300x169.jpg 300w, \/wp-content\/uploads\/2024\/12\/header-image-elektrische-en-hybride-wagen-2-768x432.jpg 768w, \/wp-content\/uploads\/2024\/12\/header-image-elektrische-en-hybride-wagen-2.jpg 1000w\" sizes=\"auto, (max-width: 300px) 100vw, 300px\" \/>\t\t\t\t\t\t\t<\/a>\n  \t\t\t\t\t\t\t  \t\t\t\t\t\t\t  \t\t\t\t\t\t<\/div>\n  \t\t\t\t\t\t  \t\t\t\t\t<\/div>\n          \t\t\t\t\t<div class=\"box-text text-left\" >\n\t\t\t\t\t<div class=\"box-text-inner blog-post-inner\">\n\n\t\t\t\t\t\n\t\t\t\t\t\t\t\t\t\t<h5 class=\"post-title is-large \">\n\t\t\t\t\t\t<a href=\"https:\/\/carselect.touring.be\/fr\/blog\/voiture-electrique-ou-hybride-rechargeable\/\" class=\"plain\">Voiture \u00e9lectrique ou hybride (rechargeable) : quelle est la diff\u00e9rence ? Et laquelle vous convient le mieux ?<\/a>\n\t\t\t\t\t<\/h5>\n\t\t\t\t\t\t\t\t\t\t<div class=\"is-divider\"><\/div>\n\t\t\t\t\t\t\t\t\t\t<p class=\"from_the_blog_excerpt \">\n\t\t\t\t\t\tVous h\u00e9sitez entre l'achat d'une voiture hybride ou \u00e9lectrique ? D\u00e9couvrez les diff\u00e9rences et les [...]\t\t\t\t\t<\/p>\n\t\t\t\t\t                    \n\t\t\t\t\t\n\t\t\t\t\t\n\t\t\t\t\t<\/div>\n\t\t\t\t\t<\/div>\n\t\t\t\t\t\t\t\t\t<\/div>\n\t\t\t<\/div>\n\t\t<\/div><div class=\"col post-item\" >\n\t\t\t<div class=\"col-inner\">\n\t\t\t\t<div class=\"box box-normal box-text-bottom box-blog-post has-hover\">\n            \t\t\t\t\t<div class=\"box-image\" >\n  \t\t\t\t\t\t<div class=\"image-cover\" style=\"padding-top:56.25%;\">\n\t\t\t\t\t\t\t<a href=\"https:\/\/carselect.touring.be\/fr\/blog\/norme-euro-voiture-explication-tableaux-conseils\/\" class=\"plain\" aria-label=\"Quelle est la norme Euro de votre voiture ? Explication, tableaux et conseils pour la Belgique\">\n\t\t\t\t\t\t\t\t<img loading=\"lazy\" decoding=\"async\" width=\"300\" height=\"224\" src=\"\/wp-content\/uploads\/2025\/05\/header-norme-euro-300x224.jpg\" class=\"attachment-medium size-medium wp-post-image\" alt=\"norme euro voiture\" srcset=\"\/wp-content\/uploads\/2025\/05\/header-norme-euro-300x224.jpg 300w, \/wp-content\/uploads\/2025\/05\/header-norme-euro-768x573.jpg 768w, \/wp-content\/uploads\/2025\/05\/header-norme-euro.jpg 1000w\" sizes=\"auto, (max-width: 300px) 100vw, 300px\" \/>\t\t\t\t\t\t\t<\/a>\n  \t\t\t\t\t\t\t  \t\t\t\t\t\t\t  \t\t\t\t\t\t<\/div>\n  \t\t\t\t\t\t  \t\t\t\t\t<\/div>\n          \t\t\t\t\t<div class=\"box-text text-left\" >\n\t\t\t\t\t<div class=\"box-text-inner blog-post-inner\">\n\n\t\t\t\t\t\n\t\t\t\t\t\t\t\t\t\t<h5 class=\"post-title is-large \">\n\t\t\t\t\t\t<a href=\"https:\/\/carselect.touring.be\/fr\/blog\/norme-euro-voiture-explication-tableaux-conseils\/\" class=\"plain\">Quelle est la norme Euro de votre voiture ? Explication, tableaux et conseils pour la Belgique<\/a>\n\t\t\t\t\t<\/h5>\n\t\t\t\t\t\t\t\t\t\t<div class=\"is-divider\"><\/div>\n\t\t\t\t\t\t\t\t\t\t<p class=\"from_the_blog_excerpt \">\n\t\t\t\t\t\tD\u00e9couvrez tout ce qu'il faut savoir sur la norme euro pour les voitures. Am\u00e9liorez vos [...]\t\t\t\t\t<\/p>\n\t\t\t\t\t                    \n\t\t\t\t\t\n\t\t\t\t\t\n\t\t\t\t\t<\/div>\n\t\t\t\t\t<\/div>\n\t\t\t\t\t\t\t\t\t<\/div>\n\t\t\t<\/div>\n\t\t<\/div><div class=\"col post-item\" >\n\t\t\t<div class=\"col-inner\">\n\t\t\t\t<div class=\"box box-normal box-text-bottom box-blog-post has-hover\">\n            \t\t\t\t\t<div class=\"box-image\" >\n  \t\t\t\t\t\t<div class=\"image-cover\" style=\"padding-top:56.25%;\">\n\t\t\t\t\t\t\t<a href=\"https:\/\/carselect.touring.be\/fr\/blog\/prime-pour-voiture-electrique-que-se-passe-t-il-apres-la-suppression-de-la-subvention-en-2025\/\" class=\"plain\" aria-label=\"Prime pour voiture \u00e9lectrique : que se passe-t-il apr\u00e8s la suppression de la subvention en 2025 ?\">\n\t\t\t\t\t\t\t\t<img loading=\"lazy\" decoding=\"async\" width=\"300\" height=\"200\" src=\"\/wp-content\/uploads\/2025\/02\/header_prime-pour-voiture-electrique-300x200.jpg\" class=\"attachment-medium size-medium wp-post-image\" alt=\"prime pour voiture \u00e9lectrique\" srcset=\"\/wp-content\/uploads\/2025\/02\/header_prime-pour-voiture-electrique-300x200.jpg 300w, \/wp-content\/uploads\/2025\/02\/header_prime-pour-voiture-electrique-768x511.jpg 768w, \/wp-content\/uploads\/2025\/02\/header_prime-pour-voiture-electrique.jpg 1000w\" sizes=\"auto, (max-width: 300px) 100vw, 300px\" \/>\t\t\t\t\t\t\t<\/a>\n  \t\t\t\t\t\t\t  \t\t\t\t\t\t\t  \t\t\t\t\t\t<\/div>\n  \t\t\t\t\t\t  \t\t\t\t\t<\/div>\n          \t\t\t\t\t<div class=\"box-text text-left\" >\n\t\t\t\t\t<div class=\"box-text-inner blog-post-inner\">\n\n\t\t\t\t\t\n\t\t\t\t\t\t\t\t\t\t<h5 class=\"post-title is-large \">\n\t\t\t\t\t\t<a href=\"https:\/\/carselect.touring.be\/fr\/blog\/prime-pour-voiture-electrique-que-se-passe-t-il-apres-la-suppression-de-la-subvention-en-2025\/\" class=\"plain\">Prime pour voiture \u00e9lectrique : que se passe-t-il apr\u00e8s la suppression de la subvention en 2025 ?<\/a>\n\t\t\t\t\t<\/h5>\n\t\t\t\t\t\t\t\t\t\t<div class=\"is-divider\"><\/div>\n\t\t\t\t\t\t\t\t\t\t<p class=\"from_the_blog_excerpt \">\n\t\t\t\t\t\tTout sur la prime pour voiture \u00e9lectrique en 2024. Pourquoi a-t-elle \u00e9t\u00e9 arr\u00eat\u00e9e et quelles [...]\t\t\t\t\t<\/p>\n\t\t\t\t\t                    \n\t\t\t\t\t\n\t\t\t\t\t\n\t\t\t\t\t<\/div>\n\t\t\t\t\t<\/div>\n\t\t\t\t\t\t\t\t\t<\/div>\n\t\t\t<\/div>\n\t\t<\/div><div class=\"col post-item\" >\n\t\t\t<div class=\"col-inner\">\n\t\t\t\t<div class=\"box box-normal box-text-bottom box-blog-post has-hover\">\n            \t\t\t\t\t<div class=\"box-image\" >\n  \t\t\t\t\t\t<div class=\"image-cover\" style=\"padding-top:56.25%;\">\n\t\t\t\t\t\t\t<a href=\"https:\/\/carselect.touring.be\/fr\/blog\/comprendre-les-chevaux-fiscaux-guide-pratique-pour-votre-vehicule\/\" class=\"plain\" aria-label=\"Comprendre les chevaux fiscaux : Guide pratique pour votre v\u00e9hicule\">\n\t\t\t\t\t\t\t\t<img loading=\"lazy\" decoding=\"async\" width=\"300\" height=\"200\" src=\"\/wp-content\/uploads\/2025\/05\/chevaux-fiscaux-300x200.jpg\" class=\"attachment-medium size-medium wp-post-image\" alt=\"chevaux fiscaux\" srcset=\"\/wp-content\/uploads\/2025\/05\/chevaux-fiscaux-300x200.jpg 300w, \/wp-content\/uploads\/2025\/05\/chevaux-fiscaux-768x512.jpg 768w, \/wp-content\/uploads\/2025\/05\/chevaux-fiscaux.jpg 1000w\" sizes=\"auto, (max-width: 300px) 100vw, 300px\" \/>\t\t\t\t\t\t\t<\/a>\n  \t\t\t\t\t\t\t  \t\t\t\t\t\t\t  \t\t\t\t\t\t<\/div>\n  \t\t\t\t\t\t  \t\t\t\t\t<\/div>\n          \t\t\t\t\t<div class=\"box-text text-left\" >\n\t\t\t\t\t<div class=\"box-text-inner blog-post-inner\">\n\n\t\t\t\t\t\n\t\t\t\t\t\t\t\t\t\t<h5 class=\"post-title is-large \">\n\t\t\t\t\t\t<a href=\"https:\/\/carselect.touring.be\/fr\/blog\/comprendre-les-chevaux-fiscaux-guide-pratique-pour-votre-vehicule\/\" class=\"plain\">Comprendre les chevaux fiscaux : Guide pratique pour votre v\u00e9hicule<\/a>\n\t\t\t\t\t<\/h5>\n\t\t\t\t\t\t\t\t\t\t<div class=\"is-divider\"><\/div>\n\t\t\t\t\t\t\t\t\t\t<p class=\"from_the_blog_excerpt \">\n\t\t\t\t\t\tChevaux fiscaux : apprenez \u00e0 les trouver, les calculer, et \u00e0 comprendre leur r\u00f4le dans [...]\t\t\t\t\t<\/p>\n\t\t\t\t\t                    \n\t\t\t\t\t\n\t\t\t\t\t\n\t\t\t\t\t<\/div>\n\t\t\t\t\t<\/div>\n\t\t\t\t\t\t\t\t\t<\/div>\n\t\t\t<\/div>\n\t\t<\/div><div class=\"col post-item\" >\n\t\t\t<div class=\"col-inner\">\n\t\t\t\t<div class=\"box box-normal box-text-bottom box-blog-post has-hover\">\n            \t\t\t\t\t<div class=\"box-image\" >\n  \t\t\t\t\t\t<div class=\"image-cover\" style=\"padding-top:56.25%;\">\n\t\t\t\t\t\t\t<a href=\"https:\/\/carselect.touring.be\/fr\/blog\/leasing-professionnel-vs-leasing-particulier-quelle-formule\/\" class=\"plain\" aria-label=\"Leasing professionnel vs. leasing particulier: quelle formule?\">\n\t\t\t\t\t\t\t\t<img loading=\"lazy\" decoding=\"async\" width=\"300\" height=\"200\" src=\"\/wp-content\/uploads\/2025\/09\/leasing-particulier-vs-professionel-300x200.jpg\" class=\"attachment-medium size-medium wp-post-image\" alt=\"leasing particulier ou professionel\" srcset=\"\/wp-content\/uploads\/2025\/09\/leasing-particulier-vs-professionel-300x200.jpg 300w, \/wp-content\/uploads\/2025\/09\/leasing-particulier-vs-professionel-768x511.jpg 768w, \/wp-content\/uploads\/2025\/09\/leasing-particulier-vs-professionel.jpg 1000w\" sizes=\"auto, (max-width: 300px) 100vw, 300px\" \/>\t\t\t\t\t\t\t<\/a>\n  \t\t\t\t\t\t\t  \t\t\t\t\t\t\t  \t\t\t\t\t\t<\/div>\n  \t\t\t\t\t\t  \t\t\t\t\t<\/div>\n          \t\t\t\t\t<div class=\"box-text text-left\" >\n\t\t\t\t\t<div class=\"box-text-inner blog-post-inner\">\n\n\t\t\t\t\t\n\t\t\t\t\t\t\t\t\t\t<h5 class=\"post-title is-large \">\n\t\t\t\t\t\t<a href=\"https:\/\/carselect.touring.be\/fr\/blog\/leasing-professionnel-vs-leasing-particulier-quelle-formule\/\" class=\"plain\">Leasing professionnel vs. leasing particulier: quelle formule?<\/a>\n\t\t\t\t\t<\/h5>\n\t\t\t\t\t\t\t\t\t\t<div class=\"is-divider\"><\/div>\n\t\t\t\t\t\t\t\t\t\t<p class=\"from_the_blog_excerpt \">\n\t\t\t\t\t\tLeasing particulier ou professionnel ? D\u00e9couvrez 6 diff\u00e9rences cl\u00e9s et l\u2019option la plus avantageuse pour [...]\t\t\t\t\t<\/p>\n\t\t\t\t\t                    \n\t\t\t\t\t\n\t\t\t\t\t\n\t\t\t\t\t<\/div>\n\t\t\t\t\t<\/div>\n\t\t\t\t\t\t\t\t\t<\/div>\n\t\t\t<\/div>\n\t\t<\/div><div class=\"col post-item\" >\n\t\t\t<div class=\"col-inner\">\n\t\t\t\t<div class=\"box box-normal box-text-bottom box-blog-post has-hover\">\n            \t\t\t\t\t<div class=\"box-image\" >\n  \t\t\t\t\t\t<div class=\"image-cover\" style=\"padding-top:56.25%;\">\n\t\t\t\t\t\t\t<a href=\"https:\/\/carselect.touring.be\/fr\/blog\/comprendre-la-taxe-de-circulation-en-belgique\/\" class=\"plain\" aria-label=\"Comprendre la taxe de circulation en Belgique\">\n\t\t\t\t\t\t\t\t<img loading=\"lazy\" decoding=\"async\" width=\"300\" height=\"200\" src=\"\/wp-content\/uploads\/2025\/04\/taxe-de-circulation-300x200.jpg\" class=\"attachment-medium size-medium wp-post-image\" alt=\"taxe de circulation belgique\" srcset=\"\/wp-content\/uploads\/2025\/04\/taxe-de-circulation-300x200.jpg 300w, \/wp-content\/uploads\/2025\/04\/taxe-de-circulation-768x511.jpg 768w, \/wp-content\/uploads\/2025\/04\/taxe-de-circulation.jpg 1000w\" sizes=\"auto, (max-width: 300px) 100vw, 300px\" \/>\t\t\t\t\t\t\t<\/a>\n  \t\t\t\t\t\t\t  \t\t\t\t\t\t\t  \t\t\t\t\t\t<\/div>\n  \t\t\t\t\t\t  \t\t\t\t\t<\/div>\n          \t\t\t\t\t<div class=\"box-text text-left\" >\n\t\t\t\t\t<div class=\"box-text-inner blog-post-inner\">\n\n\t\t\t\t\t\n\t\t\t\t\t\t\t\t\t\t<h5 class=\"post-title is-large \">\n\t\t\t\t\t\t<a href=\"https:\/\/carselect.touring.be\/fr\/blog\/comprendre-la-taxe-de-circulation-en-belgique\/\" class=\"plain\">Comprendre la taxe de circulation en Belgique<\/a>\n\t\t\t\t\t<\/h5>\n\t\t\t\t\t\t\t\t\t\t<div class=\"is-divider\"><\/div>\n\t\t\t\t\t\t\t\t\t\t<p class=\"from_the_blog_excerpt \">\n\t\t\t\t\t\tD\u00e9couvrez tout ce qu'il faut savoir sur la taxe de circulation : conseils pratiques et [...]\t\t\t\t\t<\/p>\n\t\t\t\t\t                    \n\t\t\t\t\t\n\t\t\t\t\t\n\t\t\t\t\t<\/div>\n\t\t\t\t\t<\/div>\n\t\t\t\t\t\t\t\t\t<\/div>\n\t\t\t<\/div>\n\t\t<\/div><div class=\"col post-item\" >\n\t\t\t<div class=\"col-inner\">\n\t\t\t\t<div class=\"box box-normal box-text-bottom box-blog-post has-hover\">\n            \t\t\t\t\t<div class=\"box-image\" >\n  \t\t\t\t\t\t<div class=\"image-cover\" style=\"padding-top:56.25%;\">\n\t\t\t\t\t\t\t<a href=\"https:\/\/carselect.touring.be\/fr\/blog\/marque-de-voiture-populaire-en-belgique-2025-top-10-et-tendances\/\" class=\"plain\" aria-label=\"Marque de Voiture Populaire en Belgique 2025 : Top 10 et Tendances\">\n\t\t\t\t\t\t\t\t<img loading=\"lazy\" decoding=\"async\" width=\"300\" height=\"200\" src=\"\/wp-content\/uploads\/2025\/08\/header-marque-de-voiture-300x200.jpg\" class=\"attachment-medium size-medium wp-post-image\" alt=\"marque de voiture populaire Belgique\" srcset=\"\/wp-content\/uploads\/2025\/08\/header-marque-de-voiture-300x200.jpg 300w, \/wp-content\/uploads\/2025\/08\/header-marque-de-voiture-768x511.jpg 768w, \/wp-content\/uploads\/2025\/08\/header-marque-de-voiture.jpg 1000w\" sizes=\"auto, (max-width: 300px) 100vw, 300px\" \/>\t\t\t\t\t\t\t<\/a>\n  \t\t\t\t\t\t\t  \t\t\t\t\t\t\t  \t\t\t\t\t\t<\/div>\n  \t\t\t\t\t\t  \t\t\t\t\t<\/div>\n          \t\t\t\t\t<div class=\"box-text text-left\" >\n\t\t\t\t\t<div class=\"box-text-inner blog-post-inner\">\n\n\t\t\t\t\t\n\t\t\t\t\t\t\t\t\t\t<h5 class=\"post-title is-large \">\n\t\t\t\t\t\t<a href=\"https:\/\/carselect.touring.be\/fr\/blog\/marque-de-voiture-populaire-en-belgique-2025-top-10-et-tendances\/\" class=\"plain\">Marque de Voiture Populaire en Belgique 2025 : Top 10 et Tendances<\/a>\n\t\t\t\t\t<\/h5>\n\t\t\t\t\t\t\t\t\t\t<div class=\"is-divider\"><\/div>\n\t\t\t\t\t\t\t\t\t\t<p class=\"from_the_blog_excerpt \">\n\t\t\t\t\t\tD\u00e9couvrez le top 10 des marques de voitures les plus populaires en Belgique en 2025. [...]\t\t\t\t\t<\/p>\n\t\t\t\t\t                    \n\t\t\t\t\t\n\t\t\t\t\t\n\t\t\t\t\t<\/div>\n\t\t\t\t\t<\/div>\n\t\t\t\t\t\t\t\t\t<\/div>\n\t\t\t<\/div>\n\t\t<\/div><div class=\"col post-item\" >\n\t\t\t<div class=\"col-inner\">\n\t\t\t\t<div class=\"box box-normal box-text-bottom box-blog-post has-hover\">\n            \t\t\t\t\t<div class=\"box-image\" >\n  \t\t\t\t\t\t<div class=\"image-cover\" style=\"padding-top:56.25%;\">\n\t\t\t\t\t\t\t<a href=\"https:\/\/carselect.touring.be\/fr\/blog\/vendre-ma-voiture-en-belgique-les-8-conseils-indispensables-pour-2025\/\" class=\"plain\" aria-label=\"Vendre ma voiture en Belgique : les 8 conseils indispensables pour 2025\">\n\t\t\t\t\t\t\t\t<img loading=\"lazy\" decoding=\"async\" width=\"300\" height=\"200\" src=\"\/wp-content\/uploads\/2025\/07\/vendre-ma-voiture-header-300x200.jpg\" class=\"attachment-medium size-medium wp-post-image\" alt=\"vendre ma voiture\" srcset=\"\/wp-content\/uploads\/2025\/07\/vendre-ma-voiture-header-300x200.jpg 300w, \/wp-content\/uploads\/2025\/07\/vendre-ma-voiture-header-768x512.jpg 768w, \/wp-content\/uploads\/2025\/07\/vendre-ma-voiture-header.jpg 1000w\" sizes=\"auto, (max-width: 300px) 100vw, 300px\" \/>\t\t\t\t\t\t\t<\/a>\n  \t\t\t\t\t\t\t  \t\t\t\t\t\t\t  \t\t\t\t\t\t<\/div>\n  \t\t\t\t\t\t  \t\t\t\t\t<\/div>\n          \t\t\t\t\t<div class=\"box-text text-left\" >\n\t\t\t\t\t<div class=\"box-text-inner blog-post-inner\">\n\n\t\t\t\t\t\n\t\t\t\t\t\t\t\t\t\t<h5 class=\"post-title is-large \">\n\t\t\t\t\t\t<a href=\"https:\/\/carselect.touring.be\/fr\/blog\/vendre-ma-voiture-en-belgique-les-8-conseils-indispensables-pour-2025\/\" class=\"plain\">Vendre ma voiture en Belgique : les 8 conseils indispensables pour 2025<\/a>\n\t\t\t\t\t<\/h5>\n\t\t\t\t\t\t\t\t\t\t<div class=\"is-divider\"><\/div>\n\t\t\t\t\t\t\t\t\t\t<p class=\"from_the_blog_excerpt \">\n\t\t\t\t\t\tD\u00e9couvrez des conseils pratiques pour vendre votre voiture rapidement et facilement. Suivez nos \u00e9tapes simples [...]\t\t\t\t\t<\/p>\n\t\t\t\t\t                    \n\t\t\t\t\t\n\t\t\t\t\t\n\t\t\t\t\t<\/div>\n\t\t\t\t\t<\/div>\n\t\t\t\t\t\t\t\t\t<\/div>\n\t\t\t<\/div>\n\t\t<\/div><div class=\"col post-item\" >\n\t\t\t<div class=\"col-inner\">\n\t\t\t\t<div class=\"box box-normal box-text-bottom box-blog-post has-hover\">\n            \t\t\t\t\t<div class=\"box-image\" >\n  \t\t\t\t\t\t<div class=\"image-cover\" style=\"padding-top:56.25%;\">\n\t\t\t\t\t\t\t<a href=\"https:\/\/carselect.touring.be\/fr\/blog\/contrat-de-vente-de-voiture-tout-ce-quil-faut-savoir\/\" class=\"plain\" aria-label=\"Contrat de vente de voiture : Tout ce qu&rsquo;il faut savoir\">\n\t\t\t\t\t\t\t\t<img loading=\"lazy\" decoding=\"async\" width=\"300\" height=\"200\" src=\"\/wp-content\/uploads\/2025\/01\/header-vendre-voiture-1-300x200.jpg\" class=\"attachment-medium size-medium wp-post-image\" alt=\"contrat de vente de voiture\" srcset=\"\/wp-content\/uploads\/2025\/01\/header-vendre-voiture-1-300x200.jpg 300w, \/wp-content\/uploads\/2025\/01\/header-vendre-voiture-1-768x512.jpg 768w, \/wp-content\/uploads\/2025\/01\/header-vendre-voiture-1.jpg 1000w\" sizes=\"auto, (max-width: 300px) 100vw, 300px\" \/>\t\t\t\t\t\t\t<\/a>\n  \t\t\t\t\t\t\t  \t\t\t\t\t\t\t  \t\t\t\t\t\t<\/div>\n  \t\t\t\t\t\t  \t\t\t\t\t<\/div>\n          \t\t\t\t\t<div class=\"box-text text-left\" >\n\t\t\t\t\t<div class=\"box-text-inner blog-post-inner\">\n\n\t\t\t\t\t\n\t\t\t\t\t\t\t\t\t\t<h5 class=\"post-title is-large \">\n\t\t\t\t\t\t<a href=\"https:\/\/carselect.touring.be\/fr\/blog\/contrat-de-vente-de-voiture-tout-ce-quil-faut-savoir\/\" class=\"plain\">Contrat de vente de voiture : Tout ce qu&rsquo;il faut savoir<\/a>\n\t\t\t\t\t<\/h5>\n\t\t\t\t\t\t\t\t\t\t<div class=\"is-divider\"><\/div>\n\t\t\t\t\t\t\t\t\t\t<p class=\"from_the_blog_excerpt \">\n\t\t\t\t\t\tD\u00e9couvrez les \u00e9l\u00e9ments cl\u00e9s d'un contrat de vente de voiture. Assurez-vous d'une transaction s\u00e9curis\u00e9e et [...]\t\t\t\t\t<\/p>\n\t\t\t\t\t                    \n\t\t\t\t\t\n\t\t\t\t\t\n\t\t\t\t\t<\/div>\n\t\t\t\t\t<\/div>\n\t\t\t\t\t\t\t\t\t<\/div>\n\t\t\t<\/div>\n\t\t<\/div><div class=\"col post-item\" >\n\t\t\t<div class=\"col-inner\">\n\t\t\t\t<div class=\"box box-normal box-text-bottom box-blog-post has-hover\">\n            \t\t\t\t\t<div class=\"box-image\" >\n  \t\t\t\t\t\t<div class=\"image-cover\" style=\"padding-top:56.25%;\">\n\t\t\t\t\t\t\t<a href=\"https:\/\/carselect.touring.be\/fr\/blog\/vignette-suisse-2025-obligatoire-numerique\/\" class=\"plain\" aria-label=\"Vignette Suisse 2025 expliqu\u00e9e : simple, obligatoire et 100% num\u00e9rique\">\n\t\t\t\t\t\t\t\t<img loading=\"lazy\" decoding=\"async\" width=\"300\" height=\"200\" src=\"\/wp-content\/uploads\/2025\/03\/vignette-suisse-header-300x200.jpg\" class=\"attachment-medium size-medium wp-post-image\" alt=\"vignette suisse 2025\" srcset=\"\/wp-content\/uploads\/2025\/03\/vignette-suisse-header-300x200.jpg 300w, \/wp-content\/uploads\/2025\/03\/vignette-suisse-header-768x511.jpg 768w, \/wp-content\/uploads\/2025\/03\/vignette-suisse-header.jpg 1000w\" sizes=\"auto, (max-width: 300px) 100vw, 300px\" \/>\t\t\t\t\t\t\t<\/a>\n  \t\t\t\t\t\t\t  \t\t\t\t\t\t\t  \t\t\t\t\t\t<\/div>\n  \t\t\t\t\t\t  \t\t\t\t\t<\/div>\n          \t\t\t\t\t<div class=\"box-text text-left\" >\n\t\t\t\t\t<div class=\"box-text-inner blog-post-inner\">\n\n\t\t\t\t\t\n\t\t\t\t\t\t\t\t\t\t<h5 class=\"post-title is-large \">\n\t\t\t\t\t\t<a href=\"https:\/\/carselect.touring.be\/fr\/blog\/vignette-suisse-2025-obligatoire-numerique\/\" class=\"plain\">Vignette Suisse 2025 expliqu\u00e9e : simple, obligatoire et 100% num\u00e9rique<\/a>\n\t\t\t\t\t<\/h5>\n\t\t\t\t\t\t\t\t\t\t<div class=\"is-divider\"><\/div>\n\t\t\t\t\t\t\t\t\t\t<p class=\"from_the_blog_excerpt \">\n\t\t\t\t\t\tObtenez tout ce qu\u2019il faut savoir sur la vignette suisse 2025 : prix, validit\u00e9, amendes, [...]\t\t\t\t\t<\/p>\n\t\t\t\t\t                    \n\t\t\t\t\t\n\t\t\t\t\t\n\t\t\t\t\t<\/div>\n\t\t\t\t\t<\/div>\n\t\t\t\t\t\t\t\t\t<\/div>\n\t\t\t<\/div>\n\t\t<\/div><div class=\"col post-item\" >\n\t\t\t<div class=\"col-inner\">\n\t\t\t\t<div class=\"box box-normal box-text-bottom box-blog-post has-hover\">\n            \t\t\t\t\t<div class=\"box-image\" >\n  \t\t\t\t\t\t<div class=\"image-cover\" style=\"padding-top:56.25%;\">\n\t\t\t\t\t\t\t<a href=\"https:\/\/carselect.touring.be\/fr\/blog\/vignette-autriche-2025-voyagez-sans-souci-au-dela-de-la-frontiere\/\" class=\"plain\" aria-label=\"Vignette Autriche 2025 : Voyagez sans souci au-del\u00e0 de la fronti\u00e8re !\">\n\t\t\t\t\t\t\t\t<img loading=\"lazy\" decoding=\"async\" width=\"300\" height=\"200\" src=\"\/wp-content\/uploads\/2025\/03\/vignette-autriche-2025-1-300x200.jpg\" class=\"attachment-medium size-medium wp-post-image\" alt=\"vignette autriche 2025\" srcset=\"\/wp-content\/uploads\/2025\/03\/vignette-autriche-2025-1-300x200.jpg 300w, \/wp-content\/uploads\/2025\/03\/vignette-autriche-2025-1-768x512.jpg 768w, \/wp-content\/uploads\/2025\/03\/vignette-autriche-2025-1.jpg 1000w\" sizes=\"auto, (max-width: 300px) 100vw, 300px\" \/>\t\t\t\t\t\t\t<\/a>\n  \t\t\t\t\t\t\t  \t\t\t\t\t\t\t  \t\t\t\t\t\t<\/div>\n  \t\t\t\t\t\t  \t\t\t\t\t<\/div>\n          \t\t\t\t\t<div class=\"box-text text-left\" >\n\t\t\t\t\t<div class=\"box-text-inner blog-post-inner\">\n\n\t\t\t\t\t\n\t\t\t\t\t\t\t\t\t\t<h5 class=\"post-title is-large \">\n\t\t\t\t\t\t<a href=\"https:\/\/carselect.touring.be\/fr\/blog\/vignette-autriche-2025-voyagez-sans-souci-au-dela-de-la-frontiere\/\" class=\"plain\">Vignette Autriche 2025 : Voyagez sans souci au-del\u00e0 de la fronti\u00e8re !<\/a>\n\t\t\t\t\t<\/h5>\n\t\t\t\t\t\t\t\t\t\t<div class=\"is-divider\"><\/div>\n\t\t\t\t\t\t\t\t\t\t<p class=\"from_the_blog_excerpt \">\n\t\t\t\t\t\tD\u00e9couvrez tout sur la vignette Autriche 2025 : prix, validit\u00e9 et conseils pratiques. Pr\u00e9parez votre [...]\t\t\t\t\t<\/p>\n\t\t\t\t\t                    \n\t\t\t\t\t\n\t\t\t\t\t\n\t\t\t\t\t<\/div>\n\t\t\t\t\t<\/div>\n\t\t\t\t\t\t\t\t\t<\/div>\n\t\t\t<\/div>\n\t\t<\/div><div class=\"col post-item\" >\n\t\t\t<div class=\"col-inner\">\n\t\t\t\t<div class=\"box box-normal box-text-bottom box-blog-post has-hover\">\n            \t\t\t\t\t<div class=\"box-image\" >\n  \t\t\t\t\t\t<div class=\"image-cover\" style=\"padding-top:56.25%;\">\n\t\t\t\t\t\t\t<a href=\"https:\/\/carselect.touring.be\/fr\/blog\/zone-de-basses-emissions-belgique-un-apercu-concis\/\" class=\"plain\" aria-label=\"Zone de basses \u00e9missions Belgique : Un aper\u00e7u concis\">\n\t\t\t\t\t\t\t\t<img loading=\"lazy\" decoding=\"async\" width=\"300\" height=\"200\" src=\"\/wp-content\/uploads\/2025\/01\/header-sba-300x200.jpg\" class=\"attachment-medium size-medium wp-post-image\" alt=\"zone de basses \u00e9missions\" srcset=\"\/wp-content\/uploads\/2025\/01\/header-sba-300x200.jpg 300w, \/wp-content\/uploads\/2025\/01\/header-sba-768x512.jpg 768w, \/wp-content\/uploads\/2025\/01\/header-sba.jpg 1000w\" sizes=\"auto, (max-width: 300px) 100vw, 300px\" \/>\t\t\t\t\t\t\t<\/a>\n  \t\t\t\t\t\t\t  \t\t\t\t\t\t\t  \t\t\t\t\t\t<\/div>\n  \t\t\t\t\t\t  \t\t\t\t\t<\/div>\n          \t\t\t\t\t<div class=\"box-text text-left\" >\n\t\t\t\t\t<div class=\"box-text-inner blog-post-inner\">\n\n\t\t\t\t\t\n\t\t\t\t\t\t\t\t\t\t<h5 class=\"post-title is-large \">\n\t\t\t\t\t\t<a href=\"https:\/\/carselect.touring.be\/fr\/blog\/zone-de-basses-emissions-belgique-un-apercu-concis\/\" class=\"plain\">Zone de basses \u00e9missions Belgique : Un aper\u00e7u concis<\/a>\n\t\t\t\t\t<\/h5>\n\t\t\t\t\t\t\t\t\t\t<div class=\"is-divider\"><\/div>\n\t\t\t\t\t\t\t\t\t\t<p class=\"from_the_blog_excerpt \">\n\t\t\t\t\t\tD\u00e9couvrez tout sur la zone de basses \u00e9missions en Belgique et son impact sur votre [...]\t\t\t\t\t<\/p>\n\t\t\t\t\t                    \n\t\t\t\t\t\n\t\t\t\t\t\n\t\t\t\t\t<\/div>\n\t\t\t\t\t<\/div>\n\t\t\t\t\t\t\t\t\t<\/div>\n\t\t\t<\/div>\n\t\t<\/div><div class=\"col post-item\" >\n\t\t\t<div class=\"col-inner\">\n\t\t\t\t<div class=\"box box-normal box-text-bottom box-blog-post has-hover\">\n            \t\t\t\t\t<div class=\"box-image\" >\n  \t\t\t\t\t\t<div class=\"image-cover\" style=\"padding-top:56.25%;\">\n\t\t\t\t\t\t\t<a href=\"https:\/\/carselect.touring.be\/fr\/blog\/assurance-jeune-conducteur-en-belgique-quelles-sont-les-options\/\" class=\"plain\" aria-label=\"Assurance jeune conducteur en Belgique : quelles sont les options ?\">\n\t\t\t\t\t\t\t\t<img loading=\"lazy\" decoding=\"async\" width=\"300\" height=\"200\" src=\"\/wp-content\/uploads\/2025\/02\/assurance-jeune-conducteur-belgique-header-300x200.png\" class=\"attachment-medium size-medium wp-post-image\" alt=\"assurance jeune conducteur belgique\" srcset=\"\/wp-content\/uploads\/2025\/02\/assurance-jeune-conducteur-belgique-header-300x200.png 300w, \/wp-content\/uploads\/2025\/02\/assurance-jeune-conducteur-belgique-header-768x512.png 768w, \/wp-content\/uploads\/2025\/02\/assurance-jeune-conducteur-belgique-header.png 1000w\" sizes=\"auto, (max-width: 300px) 100vw, 300px\" \/>\t\t\t\t\t\t\t<\/a>\n  \t\t\t\t\t\t\t  \t\t\t\t\t\t\t  \t\t\t\t\t\t<\/div>\n  \t\t\t\t\t\t  \t\t\t\t\t<\/div>\n          \t\t\t\t\t<div class=\"box-text text-left\" >\n\t\t\t\t\t<div class=\"box-text-inner blog-post-inner\">\n\n\t\t\t\t\t\n\t\t\t\t\t\t\t\t\t\t<h5 class=\"post-title is-large \">\n\t\t\t\t\t\t<a href=\"https:\/\/carselect.touring.be\/fr\/blog\/assurance-jeune-conducteur-en-belgique-quelles-sont-les-options\/\" class=\"plain\">Assurance jeune conducteur en Belgique : quelles sont les options ?<\/a>\n\t\t\t\t\t<\/h5>\n\t\t\t\t\t\t\t\t\t\t<div class=\"is-divider\"><\/div>\n\t\t\t\t\t\t\t\t\t\t<p class=\"from_the_blog_excerpt \">\n\t\t\t\t\t\tL'assurance jeune conducteur en Belgique est co\u00fbteuse, mais il existe des astuces pour \u00e9conomiser ! [...]\t\t\t\t\t<\/p>\n\t\t\t\t\t                    \n\t\t\t\t\t\n\t\t\t\t\t\n\t\t\t\t\t<\/div>\n\t\t\t\t\t<\/div>\n\t\t\t\t\t\t\t\t\t<\/div>\n\t\t\t<\/div>\n\t\t<\/div><div class=\"col post-item\" >\n\t\t\t<div class=\"col-inner\">\n\t\t\t\t<div class=\"box box-normal box-text-bottom box-blog-post has-hover\">\n            \t\t\t\t\t<div class=\"box-image\" >\n  \t\t\t\t\t\t<div class=\"image-cover\" style=\"padding-top:56.25%;\">\n\t\t\t\t\t\t\t<a href=\"https:\/\/carselect.touring.be\/fr\/blog\/quel-est-le-prix-dune-assurance-auto-par-an-le-guide-complet\/\" class=\"plain\" aria-label=\"Quel est le prix d&rsquo;une assurance auto par an ? Le guide complet\">\n\t\t\t\t\t\t\t\t<img loading=\"lazy\" decoding=\"async\" width=\"300\" height=\"200\" src=\"\/wp-content\/uploads\/2025\/03\/headerimage-prix-assurance-auto-300x200.jpg\" class=\"attachment-medium size-medium wp-post-image\" alt=\"prix assurance automobile\" srcset=\"\/wp-content\/uploads\/2025\/03\/headerimage-prix-assurance-auto-300x200.jpg 300w, \/wp-content\/uploads\/2025\/03\/headerimage-prix-assurance-auto-768x511.jpg 768w, \/wp-content\/uploads\/2025\/03\/headerimage-prix-assurance-auto.jpg 1000w\" sizes=\"auto, (max-width: 300px) 100vw, 300px\" \/>\t\t\t\t\t\t\t<\/a>\n  \t\t\t\t\t\t\t  \t\t\t\t\t\t\t  \t\t\t\t\t\t<\/div>\n  \t\t\t\t\t\t  \t\t\t\t\t<\/div>\n          \t\t\t\t\t<div class=\"box-text text-left\" >\n\t\t\t\t\t<div class=\"box-text-inner blog-post-inner\">\n\n\t\t\t\t\t\n\t\t\t\t\t\t\t\t\t\t<h5 class=\"post-title is-large \">\n\t\t\t\t\t\t<a href=\"https:\/\/carselect.touring.be\/fr\/blog\/quel-est-le-prix-dune-assurance-auto-par-an-le-guide-complet\/\" class=\"plain\">Quel est le prix d&rsquo;une assurance auto par an ? Le guide complet<\/a>\n\t\t\t\t\t<\/h5>\n\t\t\t\t\t\t\t\t\t\t<div class=\"is-divider\"><\/div>\n\t\t\t\t\t\t\t\t\t\t<p class=\"from_the_blog_excerpt \">\n\t\t\t\t\t\tQuel est le prix d'une assurance auto par an en Belgique ? D\u00e9couvrez les tarifs [...]\t\t\t\t\t<\/p>\n\t\t\t\t\t                    \n\t\t\t\t\t\n\t\t\t\t\t\n\t\t\t\t\t<\/div>\n\t\t\t\t\t<\/div>\n\t\t\t\t\t\t\t\t\t<\/div>\n\t\t\t<\/div>\n\t\t<\/div><div class=\"col post-item\" >\n\t\t\t<div class=\"col-inner\">\n\t\t\t\t<div class=\"box box-normal box-text-bottom box-blog-post has-hover\">\n            \t\t\t\t\t<div class=\"box-image\" >\n  \t\t\t\t\t\t<div class=\"image-cover\" style=\"padding-top:56.25%;\">\n\t\t\t\t\t\t\t<a href=\"https:\/\/carselect.touring.be\/fr\/blog\/credit-ballon-vs-credit-classique-differences\/\" class=\"plain\" aria-label=\"Qu\u2019est-ce qu\u2019un cr\u00e9dit ballon ? Comparaison avec le cr\u00e9dit classique\">\n\t\t\t\t\t\t\t\t<img loading=\"lazy\" decoding=\"async\" width=\"300\" height=\"200\" src=\"\/wp-content\/uploads\/2025\/10\/credit-ballon-header-300x200.jpg\" class=\"attachment-medium size-medium wp-post-image\" alt=\"cr\u00e9dit ballon\" srcset=\"\/wp-content\/uploads\/2025\/10\/credit-ballon-header-300x200.jpg 300w, \/wp-content\/uploads\/2025\/10\/credit-ballon-header-768x512.jpg 768w, \/wp-content\/uploads\/2025\/10\/credit-ballon-header.jpg 1000w\" sizes=\"auto, (max-width: 300px) 100vw, 300px\" \/>\t\t\t\t\t\t\t<\/a>\n  \t\t\t\t\t\t\t  \t\t\t\t\t\t\t  \t\t\t\t\t\t<\/div>\n  \t\t\t\t\t\t  \t\t\t\t\t<\/div>\n          \t\t\t\t\t<div class=\"box-text text-left\" >\n\t\t\t\t\t<div class=\"box-text-inner blog-post-inner\">\n\n\t\t\t\t\t\n\t\t\t\t\t\t\t\t\t\t<h5 class=\"post-title is-large \">\n\t\t\t\t\t\t<a href=\"https:\/\/carselect.touring.be\/fr\/blog\/credit-ballon-vs-credit-classique-differences\/\" class=\"plain\">Qu\u2019est-ce qu\u2019un cr\u00e9dit ballon ? Comparaison avec le cr\u00e9dit classique<\/a>\n\t\t\t\t\t<\/h5>\n\t\t\t\t\t\t\t\t\t\t<div class=\"is-divider\"><\/div>\n\t\t\t\t\t\t\t\t\t\t<p class=\"from_the_blog_excerpt \">\n\t\t\t\t\t\tH\u00e9sitez-vous entre un cr\u00e9dit ballon et cr\u00e9dit classique ? D\u00e9couvrez les diff\u00e9rences, avantages et inconv\u00e9nients [...]\t\t\t\t\t<\/p>\n\t\t\t\t\t                    \n\t\t\t\t\t\n\t\t\t\t\t\n\t\t\t\t\t<\/div>\n\t\t\t\t\t<\/div>\n\t\t\t\t\t\t\t\t\t<\/div>\n\t\t\t<\/div>\n\t\t<\/div><div class=\"col post-item\" >\n\t\t\t<div class=\"col-inner\">\n\t\t\t\t<div class=\"box box-normal box-text-bottom box-blog-post has-hover\">\n            \t\t\t\t\t<div class=\"box-image\" >\n  \t\t\t\t\t\t<div class=\"image-cover\" style=\"padding-top:56.25%;\">\n\t\t\t\t\t\t\t<a href=\"https:\/\/carselect.touring.be\/fr\/blog\/voiture-sans-permis-voiturette-en-belgique-regles-et-modeles\/\" class=\"plain\" aria-label=\"Voiture sans permis (voiturette) en Belgique : r\u00e8gles et mod\u00e8les\">\n\t\t\t\t\t\t\t\t<img loading=\"lazy\" decoding=\"async\" width=\"300\" height=\"200\" src=\"\/wp-content\/uploads\/2025\/08\/voiture-sans-permis-300x200.jpg\" class=\"attachment-medium size-medium wp-post-image\" alt=\"voiture sans permis\" srcset=\"\/wp-content\/uploads\/2025\/08\/voiture-sans-permis-300x200.jpg 300w, \/wp-content\/uploads\/2025\/08\/voiture-sans-permis-768x512.jpg 768w, \/wp-content\/uploads\/2025\/08\/voiture-sans-permis.jpg 1000w\" sizes=\"auto, (max-width: 300px) 100vw, 300px\" \/>\t\t\t\t\t\t\t<\/a>\n  \t\t\t\t\t\t\t  \t\t\t\t\t\t\t  \t\t\t\t\t\t<\/div>\n  \t\t\t\t\t\t  \t\t\t\t\t<\/div>\n          \t\t\t\t\t<div class=\"box-text text-left\" >\n\t\t\t\t\t<div class=\"box-text-inner blog-post-inner\">\n\n\t\t\t\t\t\n\t\t\t\t\t\t\t\t\t\t<h5 class=\"post-title is-large \">\n\t\t\t\t\t\t<a href=\"https:\/\/carselect.touring.be\/fr\/blog\/voiture-sans-permis-voiturette-en-belgique-regles-et-modeles\/\" class=\"plain\">Voiture sans permis (voiturette) en Belgique : r\u00e8gles et mod\u00e8les<\/a>\n\t\t\t\t\t<\/h5>\n\t\t\t\t\t\t\t\t\t\t<div class=\"is-divider\"><\/div>\n\t\t\t\t\t\t\t\t\t\t<p class=\"from_the_blog_excerpt \">\n\t\t\t\t\t\tD\u00e9couvrez tout sur la voiture sans permis : mod\u00e8les, prix et performances. Informez-vous pour faire [...]\t\t\t\t\t<\/p>\n\t\t\t\t\t                    \n\t\t\t\t\t\n\t\t\t\t\t\n\t\t\t\t\t<\/div>\n\t\t\t\t\t<\/div>\n\t\t\t\t\t\t\t\t\t<\/div>\n\t\t\t<\/div>\n\t\t<\/div><div class=\"col post-item\" >\n\t\t\t<div class=\"col-inner\">\n\t\t\t\t<div class=\"box box-normal box-text-bottom box-blog-post has-hover\">\n            \t\t\t\t\t<div class=\"box-image\" >\n  \t\t\t\t\t\t<div class=\"image-cover\" style=\"padding-top:56.25%;\">\n\t\t\t\t\t\t\t<a href=\"https:\/\/carselect.touring.be\/fr\/blog\/que-faire-suite-a-un-accident-de-la-route-suivez-ces-instructions-de-base\/\" class=\"plain\" aria-label=\"Que faire suite \u00e0 un accident de la route : Suivez ces instructions de base\">\n\t\t\t\t\t\t\t\t<img loading=\"lazy\" decoding=\"async\" width=\"300\" height=\"200\" src=\"\/wp-content\/uploads\/2024\/12\/header-verkeersongeval-300x200.jpg\" class=\"attachment-medium size-medium wp-post-image\" alt=\"verkeersongeval\" srcset=\"\/wp-content\/uploads\/2024\/12\/header-verkeersongeval-300x200.jpg 300w, \/wp-content\/uploads\/2024\/12\/header-verkeersongeval-768x512.jpg 768w, \/wp-content\/uploads\/2024\/12\/header-verkeersongeval.jpg 1000w\" sizes=\"auto, (max-width: 300px) 100vw, 300px\" \/>\t\t\t\t\t\t\t<\/a>\n  \t\t\t\t\t\t\t  \t\t\t\t\t\t\t  \t\t\t\t\t\t<\/div>\n  \t\t\t\t\t\t  \t\t\t\t\t<\/div>\n          \t\t\t\t\t<div class=\"box-text text-left\" >\n\t\t\t\t\t<div class=\"box-text-inner blog-post-inner\">\n\n\t\t\t\t\t\n\t\t\t\t\t\t\t\t\t\t<h5 class=\"post-title is-large \">\n\t\t\t\t\t\t<a href=\"https:\/\/carselect.touring.be\/fr\/blog\/que-faire-suite-a-un-accident-de-la-route-suivez-ces-instructions-de-base\/\" class=\"plain\">Que faire suite \u00e0 un accident de la route : Suivez ces instructions de base<\/a>\n\t\t\t\t\t<\/h5>\n\t\t\t\t\t\t\t\t\t\t<div class=\"is-divider\"><\/div>\n\t\t\t\t\t\t\t\t\t\t<p class=\"from_the_blog_excerpt \">\n\t\t\t\t\t\tAccident de la route ? D\u00e9couvrez les \u00e9tapes essentielles \u00e0 suivre pour prot\u00e9ger vos droits [...]\t\t\t\t\t<\/p>\n\t\t\t\t\t                    \n\t\t\t\t\t\n\t\t\t\t\t\n\t\t\t\t\t<\/div>\n\t\t\t\t\t<\/div>\n\t\t\t\t\t\t\t\t\t<\/div>\n\t\t\t<\/div>\n\t\t<\/div><div class=\"col post-item\" >\n\t\t\t<div class=\"col-inner\">\n\t\t\t\t<div class=\"box box-normal box-text-bottom box-blog-post has-hover\">\n            \t\t\t\t\t<div class=\"box-image\" >\n  \t\t\t\t\t\t<div class=\"image-cover\" style=\"padding-top:56.25%;\">\n\t\t\t\t\t\t\t<a href=\"https:\/\/carselect.touring.be\/fr\/blog\/vendre-voiture-sans-controle-technique-en-belgique\/\" class=\"plain\" aria-label=\"Vendre voiture sans contr\u00f4le technique ? Voici comment le faire 100 % l\u00e9galement en Belgique\">\n\t\t\t\t\t\t\t\t<img loading=\"lazy\" decoding=\"async\" width=\"300\" height=\"200\" src=\"\/wp-content\/uploads\/2025\/07\/vendre-voiture-sans-controle-technique-header-300x200.jpg\" class=\"attachment-medium size-medium wp-post-image\" alt=\"vendre voiture sans contr\u00f4le technique\" srcset=\"\/wp-content\/uploads\/2025\/07\/vendre-voiture-sans-controle-technique-header-300x200.jpg 300w, \/wp-content\/uploads\/2025\/07\/vendre-voiture-sans-controle-technique-header-768x512.jpg 768w, \/wp-content\/uploads\/2025\/07\/vendre-voiture-sans-controle-technique-header.jpg 1000w\" sizes=\"auto, (max-width: 300px) 100vw, 300px\" \/>\t\t\t\t\t\t\t<\/a>\n  \t\t\t\t\t\t\t  \t\t\t\t\t\t\t  \t\t\t\t\t\t<\/div>\n  \t\t\t\t\t\t  \t\t\t\t\t<\/div>\n          \t\t\t\t\t<div class=\"box-text text-left\" >\n\t\t\t\t\t<div class=\"box-text-inner blog-post-inner\">\n\n\t\t\t\t\t\n\t\t\t\t\t\t\t\t\t\t<h5 class=\"post-title is-large \">\n\t\t\t\t\t\t<a href=\"https:\/\/carselect.touring.be\/fr\/blog\/vendre-voiture-sans-controle-technique-en-belgique\/\" class=\"plain\">Vendre voiture sans contr\u00f4le technique ? Voici comment le faire 100 % l\u00e9galement en Belgique<\/a>\n\t\t\t\t\t<\/h5>\n\t\t\t\t\t\t\t\t\t\t<div class=\"is-divider\"><\/div>\n\t\t\t\t\t\t\t\t\t\t<p class=\"from_the_blog_excerpt \">\n\t\t\t\t\t\tD\u00e9couvrez comment vendre votre voiture sans contr\u00f4le technique. Informez-vous sur les d\u00e9marches et les implications. [...]\t\t\t\t\t<\/p>\n\t\t\t\t\t                    \n\t\t\t\t\t\n\t\t\t\t\t\n\t\t\t\t\t<\/div>\n\t\t\t\t\t<\/div>\n\t\t\t\t\t\t\t\t\t<\/div>\n\t\t\t<\/div>\n\t\t<\/div><div class=\"col post-item\" >\n\t\t\t<div class=\"col-inner\">\n\t\t\t\t<div class=\"box box-normal box-text-bottom box-blog-post has-hover\">\n            \t\t\t\t\t<div class=\"box-image\" >\n  \t\t\t\t\t\t<div class=\"image-cover\" style=\"padding-top:56.25%;\">\n\t\t\t\t\t\t\t<a href=\"https:\/\/carselect.touring.be\/fr\/blog\/belles-destinations-de-vacances-pour-un-roadtrip-avec-votre-propre-voiture\/\" class=\"plain\" aria-label=\"Belles destinations de vacances pour un roadtrip avec votre propre voiture\">\n\t\t\t\t\t\t\t\t<img loading=\"lazy\" decoding=\"async\" width=\"300\" height=\"200\" src=\"\/wp-content\/uploads\/2025\/05\/roadtrip-header-optimized-300x200.jpg\" class=\"attachment-medium size-medium wp-post-image\" alt=\"roadtrip\" srcset=\"\/wp-content\/uploads\/2025\/05\/roadtrip-header-optimized-300x200.jpg 300w, \/wp-content\/uploads\/2025\/05\/roadtrip-header-optimized-768x512.jpg 768w, \/wp-content\/uploads\/2025\/05\/roadtrip-header-optimized.jpg 1000w\" sizes=\"auto, (max-width: 300px) 100vw, 300px\" \/>\t\t\t\t\t\t\t<\/a>\n  \t\t\t\t\t\t\t  \t\t\t\t\t\t\t  \t\t\t\t\t\t<\/div>\n  \t\t\t\t\t\t  \t\t\t\t\t<\/div>\n          \t\t\t\t\t<div class=\"box-text text-left\" >\n\t\t\t\t\t<div class=\"box-text-inner blog-post-inner\">\n\n\t\t\t\t\t\n\t\t\t\t\t\t\t\t\t\t<h5 class=\"post-title is-large \">\n\t\t\t\t\t\t<a href=\"https:\/\/carselect.touring.be\/fr\/blog\/belles-destinations-de-vacances-pour-un-roadtrip-avec-votre-propre-voiture\/\" class=\"plain\">Belles destinations de vacances pour un roadtrip avec votre propre voiture<\/a>\n\t\t\t\t\t<\/h5>\n\t\t\t\t\t\t\t\t\t\t<div class=\"is-divider\"><\/div>\n\t\t\t\t\t\t\t\t\t\t<p class=\"from_the_blog_excerpt \">\n\t\t\t\t\t\tExplorez les plus belles routes de roadtrip en Europe pour des vacances inoubliables. D\u00e9couvrez des [...]\t\t\t\t\t<\/p>\n\t\t\t\t\t                    \n\t\t\t\t\t\n\t\t\t\t\t\n\t\t\t\t\t<\/div>\n\t\t\t\t\t<\/div>\n\t\t\t\t\t\t\t\t\t<\/div>\n\t\t\t<\/div>\n\t\t<\/div><div class=\"col post-item\" >\n\t\t\t<div class=\"col-inner\">\n\t\t\t\t<div class=\"box box-normal box-text-bottom box-blog-post has-hover\">\n            \t\t\t\t\t<div class=\"box-image\" >\n  \t\t\t\t\t\t<div class=\"image-cover\" style=\"padding-top:56.25%;\">\n\t\t\t\t\t\t\t<a href=\"https:\/\/carselect.touring.be\/fr\/blog\/10-conseils-en-or-pour-des-vacances-en-voiture-avec-votre-voiture\/\" class=\"plain\" aria-label=\"10 conseils en or pour des vacances en voiture avec votre voiture\">\n\t\t\t\t\t\t\t\t<img loading=\"lazy\" decoding=\"async\" width=\"300\" height=\"200\" src=\"\/wp-content\/uploads\/2025\/05\/vacances-en-voiture-header-300x200.jpg\" class=\"attachment-medium size-medium wp-post-image\" alt=\"vacances en voiture\" srcset=\"\/wp-content\/uploads\/2025\/05\/vacances-en-voiture-header-300x200.jpg 300w, \/wp-content\/uploads\/2025\/05\/vacances-en-voiture-header-768x512.jpg 768w, \/wp-content\/uploads\/2025\/05\/vacances-en-voiture-header.jpg 1000w\" sizes=\"auto, (max-width: 300px) 100vw, 300px\" \/>\t\t\t\t\t\t\t<\/a>\n  \t\t\t\t\t\t\t  \t\t\t\t\t\t\t  \t\t\t\t\t\t<\/div>\n  \t\t\t\t\t\t  \t\t\t\t\t<\/div>\n          \t\t\t\t\t<div class=\"box-text text-left\" >\n\t\t\t\t\t<div class=\"box-text-inner blog-post-inner\">\n\n\t\t\t\t\t\n\t\t\t\t\t\t\t\t\t\t<h5 class=\"post-title is-large \">\n\t\t\t\t\t\t<a href=\"https:\/\/carselect.touring.be\/fr\/blog\/10-conseils-en-or-pour-des-vacances-en-voiture-avec-votre-voiture\/\" class=\"plain\">10 conseils en or pour des vacances en voiture avec votre voiture<\/a>\n\t\t\t\t\t<\/h5>\n\t\t\t\t\t\t\t\t\t\t<div class=\"is-divider\"><\/div>\n\t\t\t\t\t\t\t\t\t\t<p class=\"from_the_blog_excerpt \">\n\t\t\t\t\t\tD\u00e9couvrez des id\u00e9es inspirantes pour des escapades en voiture m\u00e9morables en 2025. Pr\u00e9parez-vous \u00e0 explorer [...]\t\t\t\t\t<\/p>\n\t\t\t\t\t                    \n\t\t\t\t\t\n\t\t\t\t\t\n\t\t\t\t\t<\/div>\n\t\t\t\t\t<\/div>\n\t\t\t\t\t\t\t\t\t<\/div>\n\t\t\t<\/div>\n\t\t<\/div><div class=\"col post-item\" >\n\t\t\t<div class=\"col-inner\">\n\t\t\t\t<div class=\"box box-normal box-text-bottom box-blog-post has-hover\">\n            \t\t\t\t\t<div class=\"box-image\" >\n  \t\t\t\t\t\t<div class=\"image-cover\" style=\"padding-top:56.25%;\">\n\t\t\t\t\t\t\t<a href=\"https:\/\/carselect.touring.be\/fr\/blog\/tout-savoir-sur-lautonomie-et-la-duree-de-vie-de-la-batterie-une-voiture-electrique\/\" class=\"plain\" aria-label=\"Tout savoir sur l\u2019autonomie et la dur\u00e9e de vie de la batterie d\u2019une voiture \u00e9lectrique\">\n\t\t\t\t\t\t\t\t<img loading=\"lazy\" decoding=\"async\" width=\"300\" height=\"163\" src=\"\/wp-content\/uploads\/2024\/12\/header-levensduur-1-300x163.jpg\" class=\"attachment-medium size-medium wp-post-image\" alt=\"Vue transparente d&#039;une batterie de voiture.\" srcset=\"\/wp-content\/uploads\/2024\/12\/header-levensduur-1-300x163.jpg 300w, \/wp-content\/uploads\/2024\/12\/header-levensduur-1-768x417.jpg 768w, \/wp-content\/uploads\/2024\/12\/header-levensduur-1.jpg 1000w\" sizes=\"auto, (max-width: 300px) 100vw, 300px\" \/>\t\t\t\t\t\t\t<\/a>\n  \t\t\t\t\t\t\t  \t\t\t\t\t\t\t  \t\t\t\t\t\t<\/div>\n  \t\t\t\t\t\t  \t\t\t\t\t<\/div>\n          \t\t\t\t\t<div class=\"box-text text-left\" >\n\t\t\t\t\t<div class=\"box-text-inner blog-post-inner\">\n\n\t\t\t\t\t\n\t\t\t\t\t\t\t\t\t\t<h5 class=\"post-title is-large \">\n\t\t\t\t\t\t<a href=\"https:\/\/carselect.touring.be\/fr\/blog\/tout-savoir-sur-lautonomie-et-la-duree-de-vie-de-la-batterie-une-voiture-electrique\/\" class=\"plain\">Tout savoir sur l\u2019autonomie et la dur\u00e9e de vie de la batterie d\u2019une voiture \u00e9lectrique<\/a>\n\t\t\t\t\t<\/h5>\n\t\t\t\t\t\t\t\t\t\t<div class=\"is-divider\"><\/div>\n\t\t\t\t\t\t\t\t\t\t<p class=\"from_the_blog_excerpt \">\n\t\t\t\t\t\tTout savoir sur l'autonomie et la dur\u00e9e de vie de la batterie des voitures \u00e9lectriques. [...]\t\t\t\t\t<\/p>\n\t\t\t\t\t                    \n\t\t\t\t\t\n\t\t\t\t\t\n\t\t\t\t\t<\/div>\n\t\t\t\t\t<\/div>\n\t\t\t\t\t\t\t\t\t<\/div>\n\t\t\t<\/div>\n\t\t<\/div><\/div>\n\n\n\t\t<\/div>\n\t\t\t\t\t<\/div>\n\n\t\n\n<\/div>\n<div class=\"row\"  id=\"row-271551711\">\n\n\n\t<div id=\"col-851525945\" class=\"col small-12 large-12\"  >\n\t\t\t\t<div class=\"col-inner\"  >\n\t\t\t\n\t\t\t\n\n\n  <div class=\"banner has-hover\" id=\"banner-463964821\">\n          <div class=\"banner-inner fill\">\n        <div class=\"banner-bg fill\" >\n            <img loading=\"lazy\" decoding=\"async\" width=\"1440\" height=\"160\" src=\"\/wp-content\/uploads\/2025\/01\/Mask-group.png\" class=\"bg attachment-original size-original\" alt=\"\" \/>                                    \n                    <\/div>\n\t\t\n        <div class=\"banner-layers container\">\n            <div class=\"fill banner-link\"><\/div>            \n\n   <div id=\"text-box-87690388\" class=\"text-box banner-layer x100 md-x100 lg-x100 y10 md-y10 lg-y10 res-text\">\n                                <div class=\"text-box-content text dark\">\n              \n              <div class=\"text-inner text-center\">\n                  \n\n<h2><em>Achetez votre<\/em><\/h2>\n<h2><em>Voiture de r\u00eave<\/em><\/h2>\n<a href=\"https:\/\/carselect.touring.be\/fr\/acheter-une-voiture\/\" class=\"button success\"  >\n\t\t<span>D\u00e9couvrez<\/span>\n\t<\/a>\n\n\n\n              <\/div>\n           <\/div>\n                            \n<style>\n#text-box-87690388 {\n  width: 35%;\n}\n#text-box-87690388 .text-box-content {\n  font-size: 100%;\n}\n<\/style>\n    <\/div>\n \n\n        <\/div>\n      <\/div>\n\n            \n<style>\n#banner-463964821 {\n  padding-top: 250px;\n}\n#banner-463964821 .banner-bg img {\n  object-position: 22% 0%;\n}\n<\/style>\n  <\/div>\n\n\n\n\t\t<\/div>\n\t\t\t\t\t<\/div>\n\n\t\n\n<\/div>\n\n\t\t<\/div>\n\n\t\t\n<style>\n#section_895370495 {\n  padding-top: 0px;\n  padding-bottom: 0px;\n}\n<\/style>\n\t<\/section>\n\t\n<\/ul>\n\n\n\n<p><\/p>\n","protected":false},"excerpt":{"rendered":"<p>Quand faut-il mettre ses pneus hiver en Belgique ? Suivez la r\u00e8gle des 7\u00b0C et pr\u00e9parez votre voiture d\u00e8s mi-octobre. Conseils l\u00e9gaux et pratiques ici.<\/p>\n","protected":false},"author":28,"featured_media":14393,"comment_status":"closed","ping_status":"open","sticky":false,"template":"","format":"standard","meta":{"footnotes":""},"categories":[75],"tags":[],"class_list":["post-14384","post","type-post","status-publish","format-standard","has-post-thumbnail","hentry","category-conseils"],"yoast_head":"<!-- This site is optimized with the Yoast SEO Premium plugin v24.0 (Yoast SEO v24.0) - https:\/\/yoast.com\/wordpress\/plugins\/seo\/ -->\n<title>Pneus hiver quand les mettre en Belgique 2025 - Touring Dealer<\/title>\n<meta name=\"description\" content=\"Pneus hiver quand les mettre en Belgique ? Suivez la r\u00e8gle des 7\u00b0C et pr\u00e9parez votre voiture d\u00e8s mi-octobre. Infos l\u00e9gales et conseils.\" \/>\n<meta name=\"robots\" content=\"index, follow, max-snippet:-1, max-image-preview:large, max-video-preview:-1\" \/>\n<link rel=\"canonical\" href=\"https:\/\/carselect.touring.be\/fr\/blog\/pneus-hiver-quand-les-mettre-en-belgique\/\" \/>\n<meta property=\"og:locale\" content=\"fr_FR\" \/>\n<meta property=\"og:type\" content=\"article\" \/>\n<meta property=\"og:title\" content=\"Quand faut-il mettre ses pneus hiver ? Le guide ultime pour la Belgique en 2025\" \/>\n<meta property=\"og:description\" content=\"Pneus hiver quand les mettre en Belgique ? Suivez la r\u00e8gle des 7\u00b0C et pr\u00e9parez votre voiture d\u00e8s mi-octobre. Infos l\u00e9gales et conseils.\" \/>\n<meta property=\"og:url\" content=\"https:\/\/carselect.touring.be\/fr\/blog\/pneus-hiver-quand-les-mettre-en-belgique\/\" \/>\n<meta property=\"og:site_name\" content=\"Touring Dealer\" \/>\n<meta property=\"article:published_time\" content=\"2025-10-28T17:50:12+00:00\" \/>\n<meta property=\"article:modified_time\" content=\"2025-10-31T08:25:38+00:00\" \/>\n<meta property=\"og:image\" content=\"https:\/\/carselect.touring.be\/wp-content\/uploads\/2025\/10\/pneus-hiver-quand-les-mettre.jpg\" \/>\n\t<meta property=\"og:image:width\" content=\"1000\" \/>\n\t<meta property=\"og:image:height\" content=\"667\" \/>\n\t<meta property=\"og:image:type\" content=\"image\/jpeg\" \/>\n<meta name=\"author\" content=\"Storme Wouter\" \/>\n<meta name=\"twitter:card\" content=\"summary_large_image\" \/>\n<meta name=\"twitter:label1\" content=\"\u00c9crit par\" \/>\n\t<meta name=\"twitter:data1\" content=\"Storme Wouter\" \/>\n\t<meta name=\"twitter:label2\" content=\"Dur\u00e9e de lecture est.\" \/>\n\t<meta name=\"twitter:data2\" content=\"17 minutes\" \/>\n<script type=\"application\/ld+json\" class=\"yoast-schema-graph\">{\"@context\":\"https:\/\/schema.org\",\"@graph\":[{\"@type\":\"Article\",\"@id\":\"https:\/\/carselect.touring.be\/fr\/blog\/pneus-hiver-quand-les-mettre-en-belgique\/#article\",\"isPartOf\":{\"@id\":\"https:\/\/carselect.touring.be\/fr\/blog\/pneus-hiver-quand-les-mettre-en-belgique\/\"},\"author\":{\"name\":\"Storme Wouter\",\"@id\":\"https:\/\/carselect.touring.be\/fr\/#\/schema\/person\/ac266868402e795f000a152b0f4fd4d8\"},\"headline\":\"Quand faut-il mettre ses pneus hiver ? Le guide ultime pour la Belgique en 2025\",\"datePublished\":\"2025-10-28T17:50:12+00:00\",\"dateModified\":\"2025-10-31T08:25:38+00:00\",\"mainEntityOfPage\":{\"@id\":\"https:\/\/carselect.touring.be\/fr\/blog\/pneus-hiver-quand-les-mettre-en-belgique\/\"},\"wordCount\":3849,\"publisher\":{\"@id\":\"https:\/\/carselect.touring.be\/fr\/#organization\"},\"image\":{\"@id\":\"https:\/\/carselect.touring.be\/fr\/blog\/pneus-hiver-quand-les-mettre-en-belgique\/#primaryimage\"},\"thumbnailUrl\":\"\/wp-content\/uploads\/2025\/10\/pneus-hiver-quand-les-mettre.jpg\",\"articleSection\":[\"Conseils\"],\"inLanguage\":\"fr-BE\"},{\"@type\":\"WebPage\",\"@id\":\"https:\/\/carselect.touring.be\/fr\/blog\/pneus-hiver-quand-les-mettre-en-belgique\/\",\"url\":\"https:\/\/carselect.touring.be\/fr\/blog\/pneus-hiver-quand-les-mettre-en-belgique\/\",\"name\":\"Pneus hiver quand les mettre en Belgique 2025 - Touring Dealer\",\"isPartOf\":{\"@id\":\"https:\/\/carselect.touring.be\/fr\/#website\"},\"primaryImageOfPage\":{\"@id\":\"https:\/\/carselect.touring.be\/fr\/blog\/pneus-hiver-quand-les-mettre-en-belgique\/#primaryimage\"},\"image\":{\"@id\":\"https:\/\/carselect.touring.be\/fr\/blog\/pneus-hiver-quand-les-mettre-en-belgique\/#primaryimage\"},\"thumbnailUrl\":\"\/wp-content\/uploads\/2025\/10\/pneus-hiver-quand-les-mettre.jpg\",\"datePublished\":\"2025-10-28T17:50:12+00:00\",\"dateModified\":\"2025-10-31T08:25:38+00:00\",\"description\":\"Pneus hiver quand les mettre en Belgique ? Suivez la r\u00e8gle des 7\u00b0C et pr\u00e9parez votre voiture d\u00e8s mi-octobre. Infos l\u00e9gales et conseils.\",\"breadcrumb\":{\"@id\":\"https:\/\/carselect.touring.be\/fr\/blog\/pneus-hiver-quand-les-mettre-en-belgique\/#breadcrumb\"},\"inLanguage\":\"fr-BE\",\"potentialAction\":[{\"@type\":\"ReadAction\",\"target\":[\"https:\/\/carselect.touring.be\/fr\/blog\/pneus-hiver-quand-les-mettre-en-belgique\/\"]}]},{\"@type\":\"ImageObject\",\"inLanguage\":\"fr-BE\",\"@id\":\"https:\/\/carselect.touring.be\/fr\/blog\/pneus-hiver-quand-les-mettre-en-belgique\/#primaryimage\",\"url\":\"\/wp-content\/uploads\/2025\/10\/pneus-hiver-quand-les-mettre.jpg\",\"contentUrl\":\"\/wp-content\/uploads\/2025\/10\/pneus-hiver-quand-les-mettre.jpg\",\"width\":1000,\"height\":667,\"caption\":\"pneus hiver quand les mettre\"},{\"@type\":\"BreadcrumbList\",\"@id\":\"https:\/\/carselect.touring.be\/fr\/blog\/pneus-hiver-quand-les-mettre-en-belgique\/#breadcrumb\",\"itemListElement\":[{\"@type\":\"ListItem\",\"position\":1,\"name\":\"Home\",\"item\":\"https:\/\/carselect.touring.be\/fr\/\"},{\"@type\":\"ListItem\",\"position\":2,\"name\":\"Quand faut-il mettre ses pneus hiver ? Le guide ultime pour la Belgique en 2025\"}]},{\"@type\":\"WebSite\",\"@id\":\"https:\/\/carselect.touring.be\/fr\/#website\",\"url\":\"https:\/\/carselect.touring.be\/fr\/\",\"name\":\"Touring CarSelect\",\"description\":\"\",\"publisher\":{\"@id\":\"https:\/\/carselect.touring.be\/fr\/#organization\"},\"potentialAction\":[{\"@type\":\"SearchAction\",\"target\":{\"@type\":\"EntryPoint\",\"urlTemplate\":\"https:\/\/carselect.touring.be\/fr\/?s={search_term_string}\"},\"query-input\":{\"@type\":\"PropertyValueSpecification\",\"valueRequired\":true,\"valueName\":\"search_term_string\"}}],\"inLanguage\":\"fr-BE\"},{\"@type\":\"Organization\",\"@id\":\"https:\/\/carselect.touring.be\/fr\/#organization\",\"name\":\"Touring CarSelect\",\"url\":\"https:\/\/carselect.touring.be\/fr\/\",\"logo\":{\"@type\":\"ImageObject\",\"inLanguage\":\"fr-BE\",\"@id\":\"https:\/\/carselect.touring.be\/fr\/#\/schema\/logo\/image\/\",\"url\":\"\/wp-content\/uploads\/2024\/04\/Touring-Car-Select-Logo.png\",\"contentUrl\":\"\/wp-content\/uploads\/2024\/04\/Touring-Car-Select-Logo.png\",\"width\":154,\"height\":53,\"caption\":\"Touring CarSelect\"},\"image\":{\"@id\":\"https:\/\/carselect.touring.be\/fr\/#\/schema\/logo\/image\/\"}},{\"@type\":\"Person\",\"@id\":\"https:\/\/carselect.touring.be\/fr\/#\/schema\/person\/ac266868402e795f000a152b0f4fd4d8\",\"name\":\"Storme Wouter\",\"image\":{\"@type\":\"ImageObject\",\"inLanguage\":\"fr-BE\",\"@id\":\"https:\/\/carselect.touring.be\/fr\/#\/schema\/person\/image\/\",\"url\":\"https:\/\/secure.gravatar.com\/avatar\/84473de8cbf4200af853908f03b9ea9e?s=96&d=mm&r=g\",\"contentUrl\":\"https:\/\/secure.gravatar.com\/avatar\/84473de8cbf4200af853908f03b9ea9e?s=96&d=mm&r=g\",\"caption\":\"Storme Wouter\"},\"url\":\"https:\/\/carselect.touring.be\/fr\/blog\/author\/storme-wouter\/\"}]}<\/script>\n<!-- \/ Yoast SEO Premium plugin. -->","yoast_head_json":{"title":"Pneus hiver quand les mettre en Belgique 2025 - Touring Dealer","description":"Pneus hiver quand les mettre en Belgique ? Suivez la r\u00e8gle des 7\u00b0C et pr\u00e9parez votre voiture d\u00e8s mi-octobre. Infos l\u00e9gales et conseils.","robots":{"index":"index","follow":"follow","max-snippet":"max-snippet:-1","max-image-preview":"max-image-preview:large","max-video-preview":"max-video-preview:-1"},"canonical":"https:\/\/carselect.touring.be\/fr\/blog\/pneus-hiver-quand-les-mettre-en-belgique\/","og_locale":"fr_FR","og_type":"article","og_title":"Quand faut-il mettre ses pneus hiver ? Le guide ultime pour la Belgique en 2025","og_description":"Pneus hiver quand les mettre en Belgique ? Suivez la r\u00e8gle des 7\u00b0C et pr\u00e9parez votre voiture d\u00e8s mi-octobre. Infos l\u00e9gales et conseils.","og_url":"https:\/\/carselect.touring.be\/fr\/blog\/pneus-hiver-quand-les-mettre-en-belgique\/","og_site_name":"Touring Dealer","article_published_time":"2025-10-28T17:50:12+00:00","article_modified_time":"2025-10-31T08:25:38+00:00","og_image":[{"width":1000,"height":667,"url":"https:\/\/carselect.touring.be\/wp-content\/uploads\/2025\/10\/pneus-hiver-quand-les-mettre.jpg","type":"image\/jpeg"}],"author":"Storme Wouter","twitter_card":"summary_large_image","twitter_misc":{"\u00c9crit par":"Storme Wouter","Dur\u00e9e de lecture est.":"17 minutes"},"schema":{"@context":"https:\/\/schema.org","@graph":[{"@type":"Article","@id":"https:\/\/carselect.touring.be\/fr\/blog\/pneus-hiver-quand-les-mettre-en-belgique\/#article","isPartOf":{"@id":"https:\/\/carselect.touring.be\/fr\/blog\/pneus-hiver-quand-les-mettre-en-belgique\/"},"author":{"name":"Storme Wouter","@id":"https:\/\/carselect.touring.be\/fr\/#\/schema\/person\/ac266868402e795f000a152b0f4fd4d8"},"headline":"Quand faut-il mettre ses pneus hiver ? Le guide ultime pour la Belgique en 2025","datePublished":"2025-10-28T17:50:12+00:00","dateModified":"2025-10-31T08:25:38+00:00","mainEntityOfPage":{"@id":"https:\/\/carselect.touring.be\/fr\/blog\/pneus-hiver-quand-les-mettre-en-belgique\/"},"wordCount":3849,"publisher":{"@id":"https:\/\/carselect.touring.be\/fr\/#organization"},"image":{"@id":"https:\/\/carselect.touring.be\/fr\/blog\/pneus-hiver-quand-les-mettre-en-belgique\/#primaryimage"},"thumbnailUrl":"\/wp-content\/uploads\/2025\/10\/pneus-hiver-quand-les-mettre.jpg","articleSection":["Conseils"],"inLanguage":"fr-BE"},{"@type":"WebPage","@id":"https:\/\/carselect.touring.be\/fr\/blog\/pneus-hiver-quand-les-mettre-en-belgique\/","url":"https:\/\/carselect.touring.be\/fr\/blog\/pneus-hiver-quand-les-mettre-en-belgique\/","name":"Pneus hiver quand les mettre en Belgique 2025 - Touring Dealer","isPartOf":{"@id":"https:\/\/carselect.touring.be\/fr\/#website"},"primaryImageOfPage":{"@id":"https:\/\/carselect.touring.be\/fr\/blog\/pneus-hiver-quand-les-mettre-en-belgique\/#primaryimage"},"image":{"@id":"https:\/\/carselect.touring.be\/fr\/blog\/pneus-hiver-quand-les-mettre-en-belgique\/#primaryimage"},"thumbnailUrl":"\/wp-content\/uploads\/2025\/10\/pneus-hiver-quand-les-mettre.jpg","datePublished":"2025-10-28T17:50:12+00:00","dateModified":"2025-10-31T08:25:38+00:00","description":"Pneus hiver quand les mettre en Belgique ? Suivez la r\u00e8gle des 7\u00b0C et pr\u00e9parez votre voiture d\u00e8s mi-octobre. Infos l\u00e9gales et conseils.","breadcrumb":{"@id":"https:\/\/carselect.touring.be\/fr\/blog\/pneus-hiver-quand-les-mettre-en-belgique\/#breadcrumb"},"inLanguage":"fr-BE","potentialAction":[{"@type":"ReadAction","target":["https:\/\/carselect.touring.be\/fr\/blog\/pneus-hiver-quand-les-mettre-en-belgique\/"]}]},{"@type":"ImageObject","inLanguage":"fr-BE","@id":"https:\/\/carselect.touring.be\/fr\/blog\/pneus-hiver-quand-les-mettre-en-belgique\/#primaryimage","url":"\/wp-content\/uploads\/2025\/10\/pneus-hiver-quand-les-mettre.jpg","contentUrl":"\/wp-content\/uploads\/2025\/10\/pneus-hiver-quand-les-mettre.jpg","width":1000,"height":667,"caption":"pneus hiver quand les mettre"},{"@type":"BreadcrumbList","@id":"https:\/\/carselect.touring.be\/fr\/blog\/pneus-hiver-quand-les-mettre-en-belgique\/#breadcrumb","itemListElement":[{"@type":"ListItem","position":1,"name":"Home","item":"https:\/\/carselect.touring.be\/fr\/"},{"@type":"ListItem","position":2,"name":"Quand faut-il mettre ses pneus hiver ? Le guide ultime pour la Belgique en 2025"}]},{"@type":"WebSite","@id":"https:\/\/carselect.touring.be\/fr\/#website","url":"https:\/\/carselect.touring.be\/fr\/","name":"Touring CarSelect","description":"","publisher":{"@id":"https:\/\/carselect.touring.be\/fr\/#organization"},"potentialAction":[{"@type":"SearchAction","target":{"@type":"EntryPoint","urlTemplate":"https:\/\/carselect.touring.be\/fr\/?s={search_term_string}"},"query-input":{"@type":"PropertyValueSpecification","valueRequired":true,"valueName":"search_term_string"}}],"inLanguage":"fr-BE"},{"@type":"Organization","@id":"https:\/\/carselect.touring.be\/fr\/#organization","name":"Touring CarSelect","url":"https:\/\/carselect.touring.be\/fr\/","logo":{"@type":"ImageObject","inLanguage":"fr-BE","@id":"https:\/\/carselect.touring.be\/fr\/#\/schema\/logo\/image\/","url":"\/wp-content\/uploads\/2024\/04\/Touring-Car-Select-Logo.png","contentUrl":"\/wp-content\/uploads\/2024\/04\/Touring-Car-Select-Logo.png","width":154,"height":53,"caption":"Touring CarSelect"},"image":{"@id":"https:\/\/carselect.touring.be\/fr\/#\/schema\/logo\/image\/"}},{"@type":"Person","@id":"https:\/\/carselect.touring.be\/fr\/#\/schema\/person\/ac266868402e795f000a152b0f4fd4d8","name":"Storme Wouter","image":{"@type":"ImageObject","inLanguage":"fr-BE","@id":"https:\/\/carselect.touring.be\/fr\/#\/schema\/person\/image\/","url":"https:\/\/secure.gravatar.com\/avatar\/84473de8cbf4200af853908f03b9ea9e?s=96&d=mm&r=g","contentUrl":"https:\/\/secure.gravatar.com\/avatar\/84473de8cbf4200af853908f03b9ea9e?s=96&d=mm&r=g","caption":"Storme Wouter"},"url":"https:\/\/carselect.touring.be\/fr\/blog\/author\/storme-wouter\/"}]}},"_links":{"self":[{"href":"https:\/\/carselect.touring.be\/fr\/wp-json\/wp\/v2\/posts\/14384","targetHints":{"allow":["GET"]}}],"collection":[{"href":"https:\/\/carselect.touring.be\/fr\/wp-json\/wp\/v2\/posts"}],"about":[{"href":"https:\/\/carselect.touring.be\/fr\/wp-json\/wp\/v2\/types\/post"}],"author":[{"embeddable":true,"href":"https:\/\/carselect.touring.be\/fr\/wp-json\/wp\/v2\/users\/28"}],"replies":[{"embeddable":true,"href":"https:\/\/carselect.touring.be\/fr\/wp-json\/wp\/v2\/comments?post=14384"}],"version-history":[{"count":3,"href":"https:\/\/carselect.touring.be\/fr\/wp-json\/wp\/v2\/posts\/14384\/revisions"}],"predecessor-version":[{"id":14396,"href":"https:\/\/carselect.touring.be\/fr\/wp-json\/wp\/v2\/posts\/14384\/revisions\/14396"}],"wp:featuredmedia":[{"embeddable":true,"href":"https:\/\/carselect.touring.be\/fr\/wp-json\/wp\/v2\/media\/14393"}],"wp:attachment":[{"href":"https:\/\/carselect.touring.be\/fr\/wp-json\/wp\/v2\/media?parent=14384"}],"wp:term":[{"taxonomy":"category","embeddable":true,"href":"https:\/\/carselect.touring.be\/fr\/wp-json\/wp\/v2\/categories?post=14384"},{"taxonomy":"post_tag","embeddable":true,"href":"https:\/\/carselect.touring.be\/fr\/wp-json\/wp\/v2\/tags?post=14384"}],"curies":[{"name":"wp","href":"https:\/\/api.w.org\/{rel}","templated":true}]}}