{"id":14229,"date":"2025-09-01T18:25:08","date_gmt":"2025-09-01T16:25:08","guid":{"rendered":"https:\/\/carselect.touring.be\/blog\/leasing-professionnel-vs-leasing-particulier-quelle-formule\/"},"modified":"2025-09-04T08:48:52","modified_gmt":"2025-09-04T06:48:52","slug":"leasing-professionnel-vs-leasing-particulier-quelle-formule","status":"publish","type":"post","link":"https:\/\/carselect.touring.be\/fr\/blog\/leasing-professionnel-vs-leasing-particulier-quelle-formule\/","title":{"rendered":"Leasing professionnel vs. leasing particulier: quelle formule?"},"content":{"rendered":"\n\n\n<style>\n.banner-carousel div[class$=\"-banner\"] {\n  display: none;\n}\n\n.banner-carousel div[class$=\"-banner\"]:first-child,\n.banner-carousel.flickity-enabled div[class$=\"-banner\"] {\n  display: inline-flex;\n} \n\n  .roadside-margin-top {\n    margin-top: 0px;\n  }\n\n  .roadside-margin-top-stock {\n    margin-top: 24px;\n  }\n\n  .roadside-assistance-banner {\n    background-color: #E4EDF4;\n    color: var(--primary-color);\n    text-align: center;\n    height: 56px;\n    font-weight: bold;\n    position: static;\n    box-shadow: rgba(0, 0, 0, 0.15) 1px 1px 10px;\n  }\n\n  .roadside-assistance-banner img {\n    height: 30px;\n  }\n\n  .roadside-assistance-banner .full-banner-button {\n    color: var(--primary-color);\n    cursor: pointer;\n    display: inline-flex;\n    align-items: center;\n    justify-content: center;\n    height: 56px;\n  }\n\n.banner-carousel-container .quality-check-banner, \n.banner-carousel-container  .roadside-banner, \n.banner-carousel-container .stock-banner {\n    color: var(--primary-color);\n    display: inline-flex;\n    align-items: center;\n    justify-content: center;\n    height: 56px;\n  }\n\n  .roadside-assistance-banner.mobile-only .banner-text {\n    padding-right: 8px;\n    padding-left: 8px;\n    margin: 0px;\n  }\n\n  .roadside-assistance-banner .banner-text {\n    font-weight: bold;\n    margin-right: 24px;\n    margin-left: 8px;\n    font-size: 18px;\n  }\n\n  .roadside-assistance-banner.desktop-only {\n    height: 56px;\n    line-height: 56px;\n    width: 100%;\n  }\n  \n  .more-info-button {\n    color: white;\n    background-color: var(--primary-color);\n    padding: 6px 10px;\n    cursor: pointer;\n    border-radius: 5px;\n  }\n\n  .more-info-button:hover, .blog-single a:focus {\n    color: white!important;\n  }\n\n  .roadside-assistance-popup .roadside-assistance-title {\n    text-align: center;\n    margin-bottom: 8px; line-height: 15px;\n  }\n\n .roadside-assistance-popup .roadside-assistance-list {\n    display: flex;\n    flex-direction: column;\n    font-size: 16px;\n  }\n\n .roadside-assistance-popup .roadside-assistance-item {\n    display: flex;\n    align-items: baseline;\n    position: relative;\n    margin-bottom: 10px;\n  }\n\n .roadside-assistance-popup .roadside-assistance-circle {\n    width: 20px;\n    min-width: 20px;\n    height: 20px;\n    border-radius: 50%;\n    background-color: var(--primary-color);\n    display: flex;\n    justify-content: center;\n    align-items: center;\n    font-weight: bold;\n    position: relative;\n    color: white;\n  }\n\n .roadside-assistance-popup .roadside-assistance-text {\n    margin-left: 8px;\n    color: var(--primary-color);\n    line-height: 16px;\n  }\n\n .roadside-assistance-popup .roadside-assistance-item:not(:last-child)::before {\n    content: \"\";\n    position: absolute;\n    width: 1px;\n    height: 28px;\n    background-color: var(--primary-color);\n    left: 10px;\n    top: 20px;\n  }\n\n .roadside-assistance-popup .roadside-assistance-item:nth-child(3)::after {\n    content: \"\";\n    position: absolute;\n    left: 7px;\n    top: 40px;\n    border: solid var(--primary-color);\n    border-width: 0 1px 1px 0;\n    padding: 3px;\n    transform: rotate(45deg);\n    -webkit-transform: rotate(45deg);\n  }\n\n  .roadside-assistance-popup .roadside-assistance-item:last-child {\n    padding-top: 20px;\n  }\n\n  .roadside-assistance-popup .roadside-assistance-item:last-child .roadside-assistance-circle {\n    padding-top: 1px;\n    background-color: #08ccb4;\n    color: white;\n  }\n\n  .roadside-assistance-popup .roadside-assistance-sublist {\n    color:var(--primary-color);\n    font-size: 16px;\n    padding-left: 28px;\n  }\n\n  .roadside-assistance-popup .roadside-assistance-sublist .checkmark {\n    color: var(--primary-color);\n  }\n\n  .roadside-assistance-popup.lightbox-content {\n    background-color: unset;\n    box-shadow: unset;\n  }\n\n  .roadside-assistance-popup .dialog-container > .col-inner {\n    box-shadow: 3px 3px 20px 0 rgba(0, 0, 0, .15);\n  }\n\n  @media only screen and (max-width: 800px) {\n    .roadside-assistance-banner {\n      z-index: 1000;\n    }\n\n    .roadside-assistance-banner.mobile-only {\n      display: block !important;\n    }\n\n    .roadside-assistance-banner.desktop-only {\n      display: none;\n    }\n  }\n\n  @media only screen and (min-width: 801px) {\n    .roadside-assistance-banner {\n      z-index: 8;\n    }\n\n    .roadside-assistance-banner.mobile-only {\n      display: none;\n    }\n\n    .roadside-assistance-banner.desktop-only {\n      display: block;\n    }\n  }\n\n  @media only screen and (max-width: 548px) {\n    #stock-general .stock-general__header-order--3 {\n      margin-top: 12px;\n    }\n  }\n  .roadside-assistance-popup .service-link.button.close {\n    font-size: 16px;\n    margin-left: 8px;\n  }\n\n  .roadside-assistance-popup .car-item-detail {\n    align-items: center;\n  }\n\n  .article-text, .default-text  {\n    display: none;\n  }\n\n  @media only screen and (max-width: 500px) {\n    .roadside-assistance-banner.mobile-only .banner-text {\n      font-size: 14px;\n      line-height: 16px;\n    }\n  }\n\n  @media only screen and (max-width: 405px) {\n    .roadside-assistance-banner.mobile-only .article-text {\n      width: 75%;\n    }\n  }\n\n  .roadside-assistance-banner.mobile-only img {\n    margin-left: 8px;\n  }\n\n  article .roadside-assistance-banner {\n    width: 100vw !important;\n    margin-left: calc(50% - 50vw);\n  }\n<\/style>\n\n\n\n<div class=\"roadside-assistance-banner desktop-only banner-carousel-container\"> \n  <div class=\"banner-carousel\">\n    <div class=\"quality-check-banner\">\n<svg width=\"24\" height=\"24\" viewBox=\"0 0 24 24\" fill=\"none\" xmlns=\"http:\/\/www.w3.org\/2000\/svg\">\n<path d=\"M4 12.5L9.5 17L19 7\" stroke=\"#00418c\" stroke-width=\"2.5\" stroke-linecap=\"round\" stroke-linejoin=\"round\"\/>\n<\/svg>\n      <span class=\"banner-text\">\nContr\u00f4les de qualit\u00e9 par Touring\n      <\/span>\n    <\/div>\n    <div class=\"roadside-banner\">\n<svg width=\"24\" height=\"24\" viewBox=\"0 0 24 24\" fill=\"none\" xmlns=\"http:\/\/www.w3.org\/2000\/svg\">\n<path d=\"M4 12.5L9.5 17L19 7\" stroke=\"#00418c\" stroke-width=\"2.5\" stroke-linecap=\"round\" stroke-linejoin=\"round\"\/>\n<\/svg>\n      <span class=\"banner-text default-text\">\n12 mois de d\u00e9pannage offerts\n      <\/span>\n      <span class=\"banner-text article-text\">\nD\u00e9couvrez notre large stock de voitures d\u2019occasion fiables\n      <\/span>\n    <\/div>\n    <div class=\"stock-banner\">\n<svg width=\"24\" height=\"24\" viewBox=\"0 0 24 24\" fill=\"none\" xmlns=\"http:\/\/www.w3.org\/2000\/svg\">\n<path d=\"M4 12.5L9.5 17L19 7\" stroke=\"#00418c\" stroke-width=\"2.5\" stroke-linecap=\"round\" stroke-linejoin=\"round\"\/>\n<\/svg>\n      <span class=\"banner-text\">\n<span class=\"stock-count\">0<\/span> voitures disponibles\n      <\/span>\n    <\/div>\n  <\/div>\n<\/div>\n\n\n\n<div class=\"roadside-assistance-banner mobile-only banner-carousel-container\"> \n  <div class=\"banner-carousel\">\n    <div class=\"quality-check-banner\">\n<svg width=\"24\" height=\"24\" viewBox=\"0 0 24 24\" fill=\"none\" xmlns=\"http:\/\/www.w3.org\/2000\/svg\">\n<path d=\"M4 12.5L9.5 17L19 7\" stroke=\"#00418c\" stroke-width=\"2.5\" stroke-linecap=\"round\" stroke-linejoin=\"round\"\/>\n<\/svg>\n      <span class=\"banner-text\">\nContr\u00f4les de qualit\u00e9 par Touring\n      <\/span>\n    <\/div>\n    <div class=\"roadside-banner\">\n<svg width=\"24\" height=\"24\" viewBox=\"0 0 24 24\" fill=\"none\" xmlns=\"http:\/\/www.w3.org\/2000\/svg\">\n<path d=\"M4 12.5L9.5 17L19 7\" stroke=\"#00418c\" stroke-width=\"2.5\" stroke-linecap=\"round\" stroke-linejoin=\"round\"\/>\n<\/svg>\n        <span class=\"banner-text default-text\">\n12 mois de d\u00e9pannage offerts\n        <\/span>\n        <span class=\"banner-text article-text\">\nD\u00e9couvrez notre large stock de voitures d\u2019occasion fiables\n        <\/span>\n    <\/div>\n    <div class=\"stock-banner\">\n<svg width=\"24\" height=\"24\" viewBox=\"0 0 24 24\" fill=\"none\" xmlns=\"http:\/\/www.w3.org\/2000\/svg\">\n<path d=\"M4 12.5L9.5 17L19 7\" stroke=\"#00418c\" stroke-width=\"2.5\" stroke-linecap=\"round\" stroke-linejoin=\"round\"\/>\n<\/svg>\n      <span class=\"banner-text\">\n<span class=\"stock-count\">0<\/span> voitures disponibles\n      <\/span>\n    <\/div>\n  <\/div>\n<\/div>\n\n<div class=\"row align-center roadside-assistance-popup lightbox-by-id lightbox-content lightbox-white mfp-hide\"  id=\"row-529471925\">\n\n\n\t<div id=\"col-741739656\" class=\"col dialog-container medium-6 small-12 large-6\"  >\n\t\t\t\t<div class=\"col-inner\" style=\"background-color:rgb(255, 255, 255);\" >\n\t\t\t\n\t\t\t\n\n\t<div class=\"img has-hover x md-x lg-x y md-y lg-y\" id=\"image_507999176\">\n\t\t\t\t\t\t\t\t<div class=\"img-inner dark\" >\n\t\t\t<img loading=\"lazy\" decoding=\"async\" width=\"1020\" height=\"680\" src=\"\/wp-content\/uploads\/2025\/04\/Touring_221026_3058_NL-1-1024x683.webp\" class=\"attachment-large size-large\" alt=\"Roadside Assistance Banner NL\" srcset=\"\/wp-content\/uploads\/2025\/04\/Touring_221026_3058_NL-1-1024x683.webp 1024w, \/wp-content\/uploads\/2025\/04\/Touring_221026_3058_NL-1-300x200.webp 300w, \/wp-content\/uploads\/2025\/04\/Touring_221026_3058_NL-1-768x512.webp 768w, \/wp-content\/uploads\/2025\/04\/Touring_221026_3058_NL-1-1536x1024.webp 1536w, \/wp-content\/uploads\/2025\/04\/Touring_221026_3058_NL-1-2048x1365.webp 2048w\" sizes=\"auto, (max-width: 1020px) 100vw, 1020px\" \/>\t\t\t\t\t\t\n\t\t\t\t\t<\/div>\n\t\t\t\t\t\t\t\t\n<style>\n#image_507999176 {\n  width: 100%;\n}\n<\/style>\n\t<\/div>\n\t\n\n<div class=\"row\"  id=\"row-413773331\">\n\n\n\t<div id=\"col-1001367491\" class=\"col small-12 large-12\"  >\n\t\t\t\t<div class=\"col-inner\"  >\n\t\t\t\n\t\t\t\n\n\n\n<p data-text-color=\"primary\" class=\"roadside-assistance-title\">\n  <strong>12 mois d\u2019assistance d\u00e9pannage offerts sur tous les v\u00e9hicules<\/strong>\n<\/p>\n<div class=\"roadside-assistance-list\">\n  <div class=\"roadside-assistance-item\">\n      <div class=\"roadside-assistance-circle\">1<\/div>\n      <div class=\"roadside-assistance-text\">Trouvez votre v\u00e9hicule<\/div>\n  <\/div>\n  <div class=\"roadside-assistance-item\">\n      <div class=\"roadside-assistance-circle\">2<\/div>\n      <div class=\"roadside-assistance-text\">Rendez-vous dans votre concession<\/div>\n  <\/div>\n  <div class=\"roadside-assistance-item\">\n      <div class=\"roadside-assistance-circle\">3<\/div>\n      <div class=\"roadside-assistance-text\">Le vendeur active instantan\u00e9ment votre assistance<\/div>\n  <\/div>\n  <div class=\"roadside-assistance-item\">\n      <div class=\"roadside-assistance-circle\">\u2713<\/div>\n      <div class=\"roadside-assistance-text\"><strong>Profitez de votre assistance pendant 12 mois<\/strong><\/div>\n  <\/div>\n<\/div>\n<div class=\"roadside-assistance-sublist\">\n<div>\n<span class=\"checkmark \">\u2713<\/span>\n<span>Dans toute la Belgique<\/span>\n<\/div>\n<div>\n<span class=\"checkmark \">\u2713<\/span>\n<span>V\u00e9hicule de remplacement<\/span>\n<\/div>\n<\/div>\n\n\n\t\t<\/div>\n\t\t\t\t\t<\/div>\n\n\t\n\n\t<div id=\"col-1909483882\" class=\"col small-12 large-12\"  >\n\t\t\t\t<div class=\"col-inner\"  >\n\t\t\t\n\t\t\t\n\n\n\n<div class=\"car-item-detail d-flex\"> \n         <a href=\"https:\/\/carselect.touring.be\/fr\/services-solutions\/#roadside-assistance\">\n         <div class=\"more-info-button bold\">\n Plus d\u2019information\n         <\/div>\n           <\/a>\n<button class=\"button success lowercase service-link close\">Fermer<\/button>\n      <\/div>\n\n\n\t\t<\/div>\n\t\t\t\t\t<\/div>\n\n\t\n\n\n<style>\n#row-413773331 > .col > .col-inner {\n  padding: 0px 24px 0px 24px;\n}\n<\/style>\n<\/div>\n\n\t\t<\/div>\n\t\t\t\t\t<\/div>\n\n\t\n\n<\/div>\n\n\n<script>\ndocument.querySelector('.roadside-assistance-popup').setAttribute('id', 'roadside-assistance-popup');\n\ndocument.querySelector('.roadside-assistance-popup .button.close').addEventListener('click', function() {\n$.magnificPopup.close();\n});\n\nif (window.location.pathname.includes(\"blog\")) {\n  const toShow = document.querySelectorAll(\".article-text\");\n  toShow.forEach(el => {\n    el.style.display=\"inline\";\n  });\n} else {\n  const toShow = document.querySelectorAll(\".default-text\");\n  toShow.forEach(el => {\n    el.style.display=\"inline\";\n  });\n}\n<\/script>\n\n\n\n\t<section class=\"section news-details\" id=\"section_1683632142\">\n\t\t<div class=\"section-bg fill\" >\n\t\t\t\t\t\t\t\t\t\n\t\t\t\n\n\t\t<\/div>\n\n\t\t\n\n\t\t<div class=\"section-content relative\">\n\t\t\t\n\n<div class=\"row row-large\"  id=\"row-1714364383\">\n\n\n\t<div id=\"col-919608154\" class=\"col small-12 large-12\"  >\n\t\t\t\t<div class=\"col-inner\"  >\n\t\t\t\n\t\t\t\n\n<div class=\"container section-title-container\" ><h1 class=\"section-title section-title-normal\"><b><\/b><span class=\"section-title-main\" >Leasing particulier ou professionnel ? D\u00e9couvrez 6 diff\u00e9rences cl\u00e9s et l\u2019option la plus avantageuse pour vous. Votre choix sera vite fait !<\/span><b><\/b><\/h1><\/div>\n\n\t<div class=\"img has-hover x md-x lg-x y md-y lg-y\" id=\"image_1836805954\">\n\t\t\t\t\t\t\t\t<div class=\"img-inner dark\" >\n\t\t\t<img loading=\"lazy\" decoding=\"async\" width=\"1000\" height=\"666\" src=\"\/wp-content\/uploads\/2025\/09\/leasing-particulier-vs-professionel.jpg\" class=\"attachment-large size-large\" alt=\"leasing particulier ou professionel\" srcset=\"\/wp-content\/uploads\/2025\/09\/leasing-particulier-vs-professionel.jpg 1000w, \/wp-content\/uploads\/2025\/09\/leasing-particulier-vs-professionel-300x200.jpg 300w, \/wp-content\/uploads\/2025\/09\/leasing-particulier-vs-professionel-768x511.jpg 768w\" sizes=\"auto, (max-width: 1000px) 100vw, 1000px\" \/>\t\t\t\t\t\t\n\t\t\t\t\t<\/div>\n\t\t\t\t\t\t\t\t\n<style>\n#image_1836805954 {\n  width: 100%;\n}\n<\/style>\n\t<\/div>\n\t\n\n\n\t\t<\/div>\n\t\t\t\t\n<style>\n#col-919608154 > .col-inner {\n  margin: 0px 0px 25px 0px;\n}\n<\/style>\n\t<\/div>\n\n\t\n\n\t<div id=\"col-1268978908\" class=\"col medium-8 small-12 large-8\"  >\n\t\t\t\t<div class=\"col-inner\"  >\n\t\t\t\n\t\t\t\n\n<p>Le leasing n\u2019est plus r\u00e9serv\u00e9 uniquement aux professionnels. Aujourd\u2019hui, des milliers de particuliers et d\u2019ind\u00e9pendants optent pour la location d\u2019un v\u00e9hicule via un contrat clair, avec tous les services inclus et sans tracas administratifs. Pensez-y : une voiture neuve au choix, un montant fixe par mois, et un pack de services compris allant de l\u2019entretien et des r\u00e9parations \u00e0 l\u2019assistance en cas de panne et \u00e0 l\u2019assurance. Pas de mauvaises surprises, mais une vraie tranquillit\u00e9 d\u2019esprit.   <\/p>\n<p>Chez Touring Carselect, nous collaborons avec des <a href=\"https:\/\/carselect.touring.be\/fr\/sur-nous\/\">partenaires fiables<\/a>. <a href=\"https:\/\/www.arval.be\/\">Arval<\/a> est notre partenaire privil\u00e9gi\u00e9 : un acteur reconnu dans le leasing voiture, dot\u00e9 d\u2019un service center haut de gamme et d\u2019une \u00e9quipe d\u00e9di\u00e9e.<\/p>\n<p>Mais comment fonctionne exactement le private lease ? Et quelles sont les diff\u00e9rences entre le leasing professionnel et l\u2019offre d\u00e9di\u00e9e aux clients en leasing voiture particulier ?<br \/>Dans cet article, on vous explique tout simplement : du nombre de kilom\u00e8tres annuels \u00e0 la dur\u00e9e du contrat, en passant par la finition du v\u00e9hicule et les services inclus. Vous vous demandez si la location d\u2019une voiture est la bonne solution pour vous, en tant que particulier ou professionnel ? Poursuivez votre lecture.    <\/p>\n\n\n<script type=\"text\/javascript\">\n    var seoPlugins = window.seoPlugins || [];\n\n    seoPlugins.push({\n        \"PluginCode\": \"a9f957e3-d8b9-4005-bf73-c81df6fc4833\",\n        \"PluginName\": \"#lsqdfqsdf\",\n        \"FilterCookie\": {\"FuelTypeIds\":[\"3\",\"4\"],\"CarCategoryIds\":[\"1\"]}\n    })\n\n    window.seoPlugins = seoPlugins;\n\n    var seoPlugins = window.seoPlugins || [];\n\n    for (var i = 0; i < seoPlugins.length; i++) {\n        var pluginData = seoPlugins[i];\n        CFM.API.enable(pluginData.PluginCode, pluginData.PluginName, null, {\n            FilterCookie: pluginData.FilterCookie\n        });\n    }\n<\/script>\n<div id=\"lsqdfqsdf\"><\/div>\n\n<div class=\"container section-title-container\" ><h2 class=\"section-title section-title-normal\"><b><\/b><span class=\"section-title-main\" >Qu\u2019est-ce que le leasing exactement ?<\/span><b><\/b><\/h2><\/div>\n\n<p>Leasing d\u2019une voiture signifie que vous utilisez le v\u00e9hicule sans en \u00eatre <strong>propri\u00e9taire<\/strong>. La soci\u00e9t\u00e9 de leasing reste propri\u00e9taire ; vous payez un <strong>loyer mensuel <\/strong>fixe pour en avoir l\u2019usage. Ce montant mensuel couvre, selon la formule choisie, bien plus que l\u2019usage du v\u00e9hicule : entretien, assurance, pneus, r\u00e9parations, taxe de mise en circulation, et souvent aussi l\u2019assistance en cas de panne.  <\/p>\n<p>De plus en plus de Belges choisissent le <a href=\"https:\/\/carselect.touring.be\/fr\/services-solutions\/#leasing\">leasing<\/a> voiture comme alternative \u00e0 l\u2019achat. Pas d\u2019investissement initial important, tout est r\u00e9gl\u00e9 dans un contrat clair et<strong> tout est compris<\/strong>. Il est toutefois essentiel de bien comprendre comment fonctionne le leasing, quelles formules existent et comment cela se compare \u00e0 la <strong>location classique<\/strong> ou \u00e0 <strong>l\u2019achat d\u2019une voiture.<\/strong>  <\/p>\n<div class=\"container section-title-container\" ><h3 class=\"section-title section-title-normal\"><b><\/b><span class=\"section-title-main\" >Comment fonctionne le leasing ?<\/span><b><\/b><\/h3><\/div>\n\n<p>Le leasing voiture commence par des choix d\u00e9finis en concertation avec la soci\u00e9t\u00e9 de leasing :<\/p>\n<ol>\n<li><strong>Dur\u00e9e du contrat<\/strong> (g\u00e9n\u00e9ralement entre 24 et 60 mois).<\/li>\n<li><strong>Nombre de kilom\u00e8tres par an <\/strong>(et donc au total pendant la p\u00e9riode de location).<\/li>\n<li>\n<p><strong>Options<\/strong> : service pneus, voiture de remplacement, assurance full omnium, borne de recharge pour voiture \u00e9lectrique.<\/p>\n<\/li>\n<\/ol>\n<p>Sur cette base, vous recevez une offre avec un loyer transparent. Souvent, aucun acompte n\u2019est requis, ce qui rend le leasing particulier accessible \u00e0 un large public. La soci\u00e9t\u00e9 prend en charge la valeur r\u00e9siduelle et l\u2019amortissement ; de votre c\u00f4t\u00e9, vous restituez simplement le v\u00e9hicule \u00e0 la fin du contrat (parfois avec option d\u2019achat dans le cadre d\u2019un leasing financier).  <\/p>\n<p>Le grand avantage ? Plus aucun souci li\u00e9 \u00e0 la revente, \u00e0 la perte de valeur ou aux frais impr\u00e9vus. Tout est inclus dans votre pack de services. Voil\u00e0 ce qu\u2019on appelle le leasing avec tranquillit\u00e9 d\u2019esprit.   <\/p>\n\t<div class=\"img has-hover x md-x lg-x y md-y lg-y\" id=\"image_314834725\">\n\t\t\t\t\t\t\t\t<div class=\"img-inner dark\" >\n\t\t\t<img loading=\"lazy\" decoding=\"async\" width=\"1000\" height=\"667\" src=\"\/wp-content\/uploads\/2025\/09\/leasing-vs-renting-1.jpg\" class=\"attachment-large size-large\" alt=\"renting vs leasing\" srcset=\"\/wp-content\/uploads\/2025\/09\/leasing-vs-renting-1.jpg 1000w, \/wp-content\/uploads\/2025\/09\/leasing-vs-renting-1-300x200.jpg 300w, \/wp-content\/uploads\/2025\/09\/leasing-vs-renting-1-768x512.jpg 768w\" sizes=\"auto, (max-width: 1000px) 100vw, 1000px\" \/>\t\t\t\t\t\t\n\t\t\t\t\t<\/div>\n\t\t\t\t\t\t\t\t\n<style>\n#image_314834725 {\n  width: 100%;\n}\n<\/style>\n\t<\/div>\n\t\n\n<div class=\"container section-title-container\" ><h3 class=\"section-title section-title-normal\"><b><\/b><span class=\"section-title-main\" >Quelle est la diff\u00e9rence avec la renting ou l\u2019achat ?<\/span><b><\/b><\/h3><\/div>\n\n<p>Bien que leasing et renting soient souvent mentionn\u00e9s ensemble, il existe des diff\u00e9rences claires. En cas de <strong>renting<\/strong>, vous louez un v\u00e9hicule pour <strong>une dur\u00e9e (tr\u00e8s) courte<\/strong>. C\u2019est une solution flexible, mais g\u00e9n\u00e9ralement plus co\u00fbteuse \u00e0 long terme. Le leasing, quant \u00e0 lui, est un contrat \u00e0 long terme avec un pack de services inclus, id\u00e9al pour ceux qui recherchent la stabilit\u00e9 et le confort.   <\/p>\n<p>Lorsque vous achetez une voiture, vous en devenez propri\u00e9taire d\u00e8s le premier jour. Vous payez en une fois ou via un pr\u00eat \u00e0 temp\u00e9rament. Ensuite, vous assumez tous les co\u00fbts et risques vous-m\u00eame : r\u00e9parations, pneus, assurance, revente\u2026 Celui qui ach\u00e8te construit en revanche du capital via la valeur r\u00e9siduelle du v\u00e9hicule.   <\/p>\n<p>Compar\u00e9 \u00e0 l\u2019achat, le leasing voiture offre donc plus de pr\u00e9visibilit\u00e9 et moins de tracas. C\u2019est une formule id\u00e9ale pour ceux qui privil\u00e9gient la s\u00e9curit\u00e9, la simplicit\u00e9 et un loyer mensuel fixe. <\/p>\n<div class=\"container section-title-container\" ><h3 class=\"section-title section-title-normal\"><b><\/b><span class=\"section-title-main\" >Quels types de leasing existent en Belgique ?<\/span><b><\/b><\/h3><\/div>\n\n<p>En Belgique, plusieurs formules de leasing existent, chacune avec ses sp\u00e9cificit\u00e9s et son public cible :<\/p>\n<ul>\n<li><strong>Leasing particulier<\/strong> (Private Lease)<br \/>Destin\u00e9 aux particuliers sans num\u00e9ro de TVA. Vous payez un <strong>loyer mensuel <\/strong>pour une voiture que vous utilisez \u00e0 titre priv\u00e9. C\u2019est la formule id\u00e9ale pour ceux qui recherchent le confort et la simplicit\u00e9, sans vouloir devenir propri\u00e9taire.  <\/li>\n<li><strong>Leasing professionnel <\/strong>(Professional Lease)<br \/>Con\u00e7u pour les ind\u00e9pendants, les soci\u00e9t\u00e9s ou les employ\u00e9s avec une voiture de soci\u00e9t\u00e9. Les avantages fiscaux jouent ici un r\u00f4le important. Selon les \u00e9missions de CO\u2082 et le type de v\u00e9hicule, vous pouvez d\u00e9duire (en partie) les co\u00fbts dans votre d\u00e9claration fiscale. Le tout avec un pack de <strong>services complet<\/strong> (comme chez Arval private lease, par exemple).   <\/li>\n<li><strong>Leasing financier<\/strong><br \/>Variante dans laquelle vous pouvez g\u00e9n\u00e9ralement <strong>acheter le v\u00e9hicule \u00e0 la fin du contrat.<\/strong> Vous assumez les risques \u00e9conomiques, et le v\u00e9hicule figure \u00e0 l\u2019actif de votre entreprise. Cette formule est souvent utilis\u00e9e par des soci\u00e9t\u00e9s avec leur propre comptabilit\u00e9.  <\/li>\n<li><strong>Leasing op\u00e9rationnel<\/strong><br \/>Ici, vous ne payez que pour<strong> l\u2019usage du v\u00e9hicule.<\/strong> La soci\u00e9t\u00e9 de leasing reste propri\u00e9taire, et vous restituez simplement la voiture \u00e0 la fin du contrat. Pas de souci de revente ni de valeur r\u00e9siduelle. C\u2019est souvent la formule standard dans le cas d\u2019un leasing particulier.   <\/li>\n<\/ul>\n<div class=\"container section-title-container\" ><h2 class=\"section-title section-title-normal\"><b><\/b><span class=\"section-title-main\" >Qu\u2019est-ce que le leasing particulier (private lease) ?<\/span><b><\/b><\/h2><\/div>\n\n<p>Le private lease, ou leasing voiture <strong>particulier<\/strong>, est une formule dans laquelle vous louez une voiture en tant que particulier pour <strong>une dur\u00e9e d\u00e9termin\u00e9e<\/strong>, sans devoir l\u2019acheter. Vous payez un montant fixe par mois, qui comprend presque tout : assurance, entretien, r\u00e9parations, pneus et m\u00eame l\u2019assistance en cas de panne. Aucun co\u00fbt impr\u00e9vu, juste une tranquillit\u00e9 d\u2019esprit.  <\/p>\n<p>Cette formule de leasing pour particuliers s\u00e9duit de plus en plus en Belgique. De nombreux conducteurs d\u00e9couvrent qu\u2019ils peuvent rouler avec une voiture neuve, sans devoir faire un gros investissement. \u00c0 la fin du contrat, il suffit simplement de rendre le v\u00e9hicule.  <\/p>\n<p>Le leasing priv\u00e9, est-ce fait pour vous ? D\u00e9couvrez ci-dessous ses avantages, ses inconv\u00e9nients et les profils pour lesquels cette formule est id\u00e9ale. <\/p>\n<div class=\"container section-title-container\" ><h3 class=\"section-title section-title-normal\"><b><\/b><span class=\"section-title-main\" >\u00c0 qui s\u2019adresse le leasing priv\u00e9 ?<\/span><b><\/b><\/h3><\/div>\n\n<p>Le private lease vise avant tout les particuliers sans num\u00e9ro de TVA. C\u2019est une solution id\u00e9ale pour ceux qui : <\/p>\n<ul>\n<li>souhaitent conduire une voiture neuve sans devoir investir ni emprunter ;<\/li>\n<li>recherchent la simplicit\u00e9, le confort et une exp\u00e9rience de conduite sans souci ;<\/li>\n<li>veulent garder leurs d\u00e9penses sous contr\u00f4le avec un loyer mensuel fixe ;<\/li>\n<li>pr\u00e9f\u00e8rent \u00e9viter les tracas li\u00e9s \u00e0 la revente ou aux visites chez le garagiste ;<\/li>\n<li>ne tiennent pas \u00e0 poss\u00e9der leur v\u00e9hicule mais veulent rester mobiles.<\/li>\n<\/ul>\n<p>Cette formule est particuli\u00e8rement<strong> populaire aupr\u00e8s des jeunes familles<\/strong>, <strong>des citadins, des seniors de 60+ ans<\/strong>, des jeunes actifs et m\u00eame des personnes en transition (apr\u00e8s un d\u00e9m\u00e9nagement ou pendant une ann\u00e9e sabbatique, par exemple).<\/p>\n\n\n<script type=\"text\/javascript\">\n    var seoPlugins = window.seoPlugins || [];\n\n    seoPlugins.push({\n        \"PluginCode\": \"a9f957e3-d8b9-4005-bf73-c81df6fc4833\",\n        \"PluginName\": \"#generaloverviewdww\",\n        \"FilterCookie\": {\"CarCategoryIds\":[\"1\",\"2\"]}\n    })\n\n    window.seoPlugins = seoPlugins;\n\n    var seoPlugins = window.seoPlugins || [];\n\n    for (var i = 0; i < seoPlugins.length; i++) {\n        var pluginData = seoPlugins[i];\n        CFM.API.enable(pluginData.PluginCode, pluginData.PluginName, null, {\n            FilterCookie: pluginData.FilterCookie\n        });\n    }\n<\/script>\n<div id=\"generaloverviewdww\"><\/div>\n\n<div class=\"container section-title-container\" ><h3 class=\"section-title section-title-normal\"><b><\/b><span class=\"section-title-main\" >Avantages du leasing particulier<\/span><b><\/b><\/h3><\/div>\n\n<p>Le leasing voiture pour particuliers est parfait pour ceux qui privil\u00e9gient la simplicit\u00e9 et le confort. Vous payez un montant mensuel fixe qui comprend presque tout : entretien, r\u00e9parations, assurance, assistance d\u00e9pannage et m\u00eame la taxe de mise en circulation. Pas de surprises, pas de paperasse : tout est pris en charge. Ce niveau de service apporte une r\u00e9elle tranquillit\u00e9 d\u2019esprit.   <\/p>\n<p>En plus, vous conduisez une voiture neuve, parfaitement entretenue, sans devoir puiser dans vos \u00e9conomies ni contracter de pr\u00eat \u00e0 temp\u00e9rament. La formule est accessible et flexible : vous choisissez votre mod\u00e8le, la finition et la dur\u00e9e en trois \u00e9tapes simples, avec l\u2019accompagnement d\u2019une \u00e9quipe d\u00e9di\u00e9e. <\/p>\n<div class=\"container section-title-container\" ><h3 class=\"section-title section-title-normal\"><b><\/b><span class=\"section-title-main\" >Inconv\u00e9nients du leasing particulier<\/span><b><\/b><\/h3><\/div>\n\n<p>Le leasing priv\u00e9 pr\u00e9sente aussi quelques limites. Vous ne devenez pas propri\u00e9taire et vous devez restituer la voiture \u00e0 la fin du contrat. Si vous roulez beaucoup ou souhaitez personnaliser votre v\u00e9hicule, vous pourriez \u00eatre limit\u00e9. Les kilom\u00e8tres suppl\u00e9mentaires, les dommages ou l\u2019usure peuvent entra\u00eener des frais additionnels. En cas de r\u00e9siliation anticip\u00e9e, des frais sont g\u00e9n\u00e9ralement appliqu\u00e9s. Une v\u00e9rification de cr\u00e9dit est \u00e9galement n\u00e9cessaire pour obtenir l\u2019approbation.    <\/p>\n<div class=\"container section-title-container\" ><h2 class=\"section-title section-title-normal\"><b><\/b><span class=\"section-title-main\" >Qu\u2019est-ce que le leasing professionnel ?<\/span><b><\/b><\/h2><\/div>\n\n<p>Le leasing professionnel est une formule populaire dans laquelle <strong>un v\u00e9hicule est mis \u00e0 disposition d\u2019un ind\u00e9pendant, d\u2019une soci\u00e9t\u00e9 ou d\u2019un salari\u00e9 pour un usage professionnel.<\/strong> Plut\u00f4t que d\u2019investir dans une voiture, vous la louez via un contrat avec une soci\u00e9t\u00e9 de leasing reconnue, comme par exemple <a href=\"https:\/\/autoselect.arval.be\/\">Arval<\/a>. Vous b\u00e9n\u00e9ficiez d\u2019avantages fiscaux, r\u00e9partissez les co\u00fbts dans le temps et confiez la gestion op\u00e9rationnelle \u00e0 un partenaire de leasing fiable.  <\/p>\n<p>Dans un contrat de leasing professionnel, le v\u00e9hicule est g\u00e9n\u00e9ralement utilis\u00e9 dans un cadre professionnel : comme voiture de soci\u00e9t\u00e9 pour les employ\u00e9s, comme v\u00e9hicule utilitaire pour les ind\u00e9pendants ou comme voiture de repr\u00e9sentation pour les fonctions commerciales et manag\u00e9riales.<\/p>\n<div class=\"container section-title-container\" ><h3 class=\"section-title section-title-normal\"><b><\/b><span class=\"section-title-main\" >\u00c0 qui s\u2019adresse le leasing professionnel ?<\/span><b><\/b><\/h3><\/div>\n\n<p>Le leasing voiture professionnel convient \u00e0 un large \u00e9ventail de profils :<\/p>\n<ul>\n<li>Soci\u00e9t\u00e9s souhaitant r\u00e9partir les co\u00fbts et utiliser des v\u00e9hicules \u00e0 des fins op\u00e9rationnelles ;<\/li>\n<li>Ind\u00e9pendants \u00e0 titre principal avec num\u00e9ro de TVA, d\u00e9sireux d\u2019optimiser leurs d\u00e9penses fiscalement ;<\/li>\n<li>Salari\u00e9s b\u00e9n\u00e9ficiant d\u2019une voiture de soci\u00e9t\u00e9 incluse dans leur package salarial ;<\/li>\n<li>Entrepreneurs d\u00e9butants qui ont besoin de mobilit\u00e9 sans vouloir investir directement.<\/li>\n<\/ul>\n<p>Cette formule est id\u00e9ale pour ceux qui ont besoin de mobilit\u00e9 dans le cadre de leur activit\u00e9, tout en profitant des avantages fiscaux li\u00e9s \u00e0 l\u2019usage professionnel du v\u00e9hicule.<\/p>\n<div class=\"container section-title-container\" ><h3 class=\"section-title section-title-normal\"><b><\/b><span class=\"section-title-main\" >Qu\u2019en est-il des avantages fiscaux et de l\u2019ATN ?<\/span><b><\/b><\/h3><\/div>\n\n<p>En Belgique, l\u2019un des grands atouts du leasing professionnel r\u00e9side dans sa d\u00e9ductibilit\u00e9 fiscale. Selon le type de v\u00e9hicule et son taux d\u2019\u00e9mission de CO\u2082, vous pouvez d\u00e9duire (une partie de) vos frais de leasing comme charges professionnelles. La TVA est \u00e9galement partiellement r\u00e9cup\u00e9rable dans certaines limites. Les <a href=\"https:\/\/carselect.touring.be\/fr\/blog\/les-voitures-electriques-les-plus-vendues\/\">v\u00e9hicules \u00e9lectriques<\/a> ou \u00e0 faibles \u00e9missions permettent de r\u00e9aliser des \u00e9conomies fiscales substantielles.   <\/p>\n<p>Pour les v\u00e9hicules command\u00e9s avant le 1er juillet 2023, des r\u00e8gles plus avantageuses s\u2019appliquent encore. Mais depuis 2025, un syst\u00e8me de d\u00e9gressivit\u00e9 est en vigueur :<\/p>\n<ul>\n<li>max. 75 % de d\u00e9ductibilit\u00e9 en 2025,<\/li>\n<li>max. 50 % en 2026,<\/li>\n<li>max. 25 % en 2027,<\/li>\n<li>et 0 % \u00e0 partir de 2028.<\/li>\n<\/ul>\n<p><strong>Exception<\/strong> : Les v\u00e9hicules 100 % \u00e9lectriques command\u00e9s jusqu\u2019au 31 d\u00e9cembre 2026 restent enti\u00e8rement d\u00e9ductibles \u00e0 100 %. Pour les voitures \u00e9lectriques command\u00e9es \u00e0 partir de 2027, la d\u00e9ductibilit\u00e9 diminue progressivement : 95 % en 2027, 90 % en 2028, 82,5 % en 2029 et 75 % \u00e0 partir de 2030. <\/p>\n<p><strong>Attention<\/strong> : Si vous utilisez votre voiture de leasing professionnel \u00e0 titre priv\u00e9, l\u2019avantage de toute nature (ATN) s\u2019applique. Cet avantage imposable d\u00e9pend de la valeur catalogue, des \u00e9missions de CO\u2082 (sur la base de la <a href=\"https:\/\/carselect.touring.be\/fr\/blog\/comprendre-les-chevaux-fiscaux-guide-pratique-pour-votre-vehicule\/\">puissance fiscale<\/a>) et de l\u2019\u00e2ge du v\u00e9hicule. L\u2019employeur paie 1\/7 de l\u2019ATN, et le salari\u00e9 est impos\u00e9 sur les 6\/7 restants, ajout\u00e9s \u00e0 son revenu brut. Il est donc essentiel d\u2019\u00eatre bien inform\u00e9 avant de signer.   <\/p>\n<div class=\"container section-title-container\" ><h3 class=\"section-title section-title-normal\"><b><\/b><span class=\"section-title-main\" >Avantages et inconv\u00e9nients du leasing professionnel<\/span><b><\/b><\/h3><\/div>\n\n<p>Le leasing professionnel offre de nombreux avantages \u00e0 ceux qui sont r\u00e9guli\u00e8rement sur la route : vous pr\u00e9servez votre tr\u00e9sorerie, r\u00e9partissez les co\u00fbts et b\u00e9n\u00e9ficiez d\u2019un service tout compris (assurance, entretien, gestion administrative). <\/p>\n<p>Vous n\u2019avez pas \u00e0 vous soucier de la revente ou de la d\u00e9pr\u00e9ciation du v\u00e9hicule : \u00e0 la fin du contrat, vous le restituez simplement. Gardez \u00e0 l\u2019esprit toutefois les dur\u00e9es fixes, les limites kilom\u00e9triques et l\u2019impact fiscal en cas d\u2019usage priv\u00e9 (ATN). Avec une bonne gestion et un conseil personnalis\u00e9, c\u2019est une solution de mobilit\u00e9 efficace et sans souci.  <\/p>\n<div class=\"container section-title-container\" ><h3 class=\"section-title section-title-normal\"><b><\/b><span class=\"section-title-main\" >L\u2019importance des \u00e9missions de CO\u2082 et de l\u2019\u00e9lectrique<\/span><b><\/b><\/h3><\/div>\n\n<p>D\u00e8s 2025, les \u00e9missions de CO\u2082 p\u00e8seront encore davantage dans le choix d\u2019un v\u00e9hicule en leasing voiture professionnel. La d\u00e9ductibilit\u00e9 fiscale est directement li\u00e9e \u00e0 l\u2019impact environnemental du mod\u00e8le choisi. Plus les \u00e9missions sont \u00e9lev\u00e9es, moins vous pourrez d\u00e9duire.  <\/p>\n<p>C\u2019est pourquoi de nombreuses entreprises optent aujourd\u2019hui pour des voitures de leasing \u00e9lectriques. Celles-ci sont totalement d\u00e9ductibles jusqu\u2019\u00e0 fin 2026, r\u00e9duisent l\u2019ATN et sont exon\u00e9r\u00e9es de taxe de mise en circulation et de <a href=\"https:\/\/carselect.touring.be\/fr\/blog\/comprendre-la-taxe-de-circulation-en-belgique\/\">taxe de circulation<\/a>. Gr\u00e2ce \u00e0 un large \u00e9ventail de mod\u00e8les \u2013 des SUV aux utilitaires \u2013 m\u00eame les professionnels les plus exigeants peuvent trouver la voiture qui leur convient.  <\/p>\n<div class=\"container section-title-container\" ><h3 class=\"section-title section-title-normal\"><b><\/b><span class=\"section-title-main\" >Quand opter pour un leasing professionnel ?<\/span><b><\/b><\/h3><\/div>\n\n<p>Le leasing professionnel est particuli\u00e8rement indiqu\u00e9 si vous :<\/p>\n<ul>\n<li>\u00eates une entreprise ou un ind\u00e9pendant avec un num\u00e9ro de TVA ;<\/li>\n<li>avez besoin de mobilit\u00e9 au quotidien pour vos d\u00e9placements ou visites clients ;<\/li>\n<li>souhaitez lisser vos d\u00e9penses sans investissement initial ;<\/li>\n<li>voulez optimiser votre fiscalit\u00e9 gr\u00e2ce \u00e0 un v\u00e9hicule \u00e9conomique ou \u00e9lectrique ;<\/li>\n<li>recherchez une solution sans tracas : entretien, revente, perte de valeur ;<\/li>\n<li>cherchez un partenaire de leasing transparent, qui vous accompagne avec des conseils clairs.<\/li>\n<\/ul>\n<p>Faites r\u00e9aliser une simulation, examinez attentivement les informations pr\u00e9contractuelles et collaborez avec un prestataire qui communique clairement. Vous saurez ainsi exactement o\u00f9 vous mettez les roues. <\/p>\n<div class=\"container section-title-container\" ><h2 class=\"section-title section-title-normal\"><b><\/b><span class=\"section-title-main\" >Leasing priv\u00e9 vs leasing professionnel : les 6 diff\u00e9rences cl\u00e9s<\/span><b><\/b><\/h2><\/div>\n\n<p>Vous h\u00e9sitez entre un leasing particulier et un leasing professionnel ? Voici les 6 points qui font vraiment la diff\u00e9rence. Gr\u00e2ce \u00e0 ce comparatif clair, vous choisissez facilement la formule qui correspond le mieux \u00e0 votre profil et \u00e0 vos besoins. <\/p>\n<div class=\"container section-title-container\" ><h3 class=\"section-title section-title-normal\"><b><\/b><span class=\"section-title-main\" >1. Forme du contrat &amp; propri\u00e9t\u00e9<\/span><b><\/b><\/h3><\/div>\n\n<p>En leasing priv\u00e9, vous louez le v\u00e9hicule en tant que particulier et le contrat est \u00e9tabli \u00e0 votre nom. Vous utilisez la voiture, mais n\u2019en \u00eates jamais propri\u00e9taire. Ce r\u00f4le reste attribu\u00e9 \u00e0 la soci\u00e9t\u00e9 de leasing, et \u00e0 la fin du contrat, vous restituez simplement la voiture.  <\/p>\n<p>En leasing professionnel, le contrat est conclu via votre entreprise ou en tant qu\u2019ind\u00e9pendant. L\u00e0 encore, vous n\u2019\u00eates g\u00e9n\u00e9ralement pas propri\u00e9taire, sauf si vous optez pour un leasing financier avec option d\u2019achat. Dans ce cas, le v\u00e9hicule figure \u00e0 l\u2019actif de votre soci\u00e9t\u00e9, ce qui peut offrir un avantage comptable.   <\/p>\n<div class=\"container section-title-container\" ><h3 class=\"section-title section-title-normal\"><b><\/b><span class=\"section-title-main\" >2. Impact fiscal &amp; avantages<\/span><b><\/b><\/h3><\/div>\n\n<p>La plus grande diff\u00e9rence entre les deux formules concerne la <strong>fiscalit\u00e9<\/strong>. En leasing particulier, il n\u2019y a pas de d\u00e9duction fiscale ni de r\u00e9cup\u00e9ration de TVA. Le loyer mensuel est all in, TVA incluse, mais ne vous apporte aucun avantage fiscal personnel.  <\/p>\n<p>En leasing professionnel, c\u2019est tout l\u2019inverse : les frais peuvent \u00eatre d\u00e9duits en tant que <strong>charges professionnelles <\/strong>(en fonction des \u00e9missions de CO\u2082 et du type de carburant), et une partie de la TVA peut \u00eatre r\u00e9cup\u00e9r\u00e9e. Les <a href=\"https:\/\/carselect.touring.be\/fr\/blog\/voiture-electrique-ou-hybride-rechargeable\/\">voitures \u00e9lectriques <\/a>offrent une d\u00e9duction maximale. Attention toutefois : si vous utilisez la voiture \u00e0 titre priv\u00e9, l\u2019avantage de toute nature (ATN) s\u2019applique, ce qui est imposable. L\u2019optimisation fiscale demande donc un peu de r\u00e9flexion \u2013 ou un bon conseiller.   <\/p>\n<div class=\"container section-title-container\" ><h3 class=\"section-title section-title-normal\"><b><\/b><span class=\"section-title-main\" >3. Limite kilom\u00e9trique &amp; flexibilit\u00e9<\/span><b><\/b><\/h3><\/div>\n\n<p>Dans les deux cas, vous choisissez \u00e0 l\u2019avance un <strong>nombre de kilom\u00e8tres annuels<\/strong>. Si vous d\u00e9passez cette limite, des frais suppl\u00e9mentaires sont factur\u00e9s en fin de contrat, au kilom\u00e8tre pr\u00e8s. <\/p>\n<p>Mais la flexibilit\u00e9 varie : en leasing professionnel, il est souvent possible d\u2019ajuster la formule en cours de contrat (selon le fournisseur). En leasing particulier, les conditions sont g\u00e9n\u00e9ralement plus strictes. Si vos habitudes de conduite sont susceptibles d\u2019\u00e9voluer, le leasing voiture professionnel est donc plus souple. <\/p>\n<div class=\"container section-title-container\" ><h3 class=\"section-title section-title-normal\"><b><\/b><span class=\"section-title-main\" >4. Services inclus<\/span><b><\/b><\/h3><\/div>\n\n<p>Les deux formules incluent un pack avec assurance, entretien, r\u00e9parations et assistance d\u00e9pannage.<\/p>\n<p>Le private lease est g\u00e9n\u00e9ralement 100 % tout compris : un montant fixe par mois, sans mauvaise surprise. Le leasing professionnel est plus modulaire : vous d\u00e9cidez des services inclus et de ceux que vous g\u00e9rez vous-m\u00eame. Cela permet d\u2019adapter le contrat \u00e0 vos besoins professionnels sp\u00e9cifiques.  <\/p>\n\t<div class=\"img has-hover x md-x lg-x y md-y lg-y\" id=\"image_1199994449\">\n\t\t\t\t\t\t\t\t<div class=\"img-inner dark\" >\n\t\t\t<img loading=\"lazy\" decoding=\"async\" width=\"1020\" height=\"680\" src=\"\/wp-content\/uploads\/2025\/04\/Touring_221026_3058_FR-2-1024x683.webp\" class=\"attachment-large size-large\" alt=\"Roadside Assistance Banner FR\" srcset=\"\/wp-content\/uploads\/2025\/04\/Touring_221026_3058_FR-2-1024x683.webp 1024w, \/wp-content\/uploads\/2025\/04\/Touring_221026_3058_FR-2-300x200.webp 300w, \/wp-content\/uploads\/2025\/04\/Touring_221026_3058_FR-2-768x512.webp 768w, \/wp-content\/uploads\/2025\/04\/Touring_221026_3058_FR-2-1536x1024.webp 1536w, \/wp-content\/uploads\/2025\/04\/Touring_221026_3058_FR-2-2048x1365.webp 2048w\" sizes=\"auto, (max-width: 1020px) 100vw, 1020px\" \/>\t\t\t\t\t\t\n\t\t\t\t\t<\/div>\n\t\t\t\t\t\t\t\t\n<style>\n#image_1199994449 {\n  width: 100%;\n}\n<\/style>\n\t<\/div>\n\t\n\n<div class=\"container section-title-container\" ><h3 class=\"section-title section-title-normal\"><b><\/b><span class=\"section-title-main\" >5. Dommages &amp; r\u00e9parations<\/span><b><\/b><\/h3><\/div>\n\n<p>Dans les deux cas, vous \u00eates responsable des dommages, mais la gestion diff\u00e8re.<\/p>\n<p>En leasing particulier, les r\u00e9parations sont strictement \u00e9valu\u00e9es lors de la restitution : les dommages au-del\u00e0 de l\u2019usure normale entra\u00eenent des frais. En leasing professionnel, les r\u00e8gles sont souvent plus souples, surtout pour les flottes ou avec une gestion interne des sinistres. Quoi qu\u2019il en soit, lisez bien les conditions de restitution pour \u00e9viter toute surprise.  <\/p>\n\n\n<script type=\"text\/javascript\">\n    var seoPlugins = window.seoPlugins || [];\n\n    seoPlugins.push({\n        \"PluginCode\": \"a9f957e3-d8b9-4005-bf73-c81df6fc4833\",\n        \"PluginName\": \"#newgeneraloverview\",\n        \"FilterCookie\": {\"CarCategoryIds\":[\"1\",\"2\"]}\n    })\n\n    window.seoPlugins = seoPlugins;\n\n    var seoPlugins = window.seoPlugins || [];\n\n    for (var i = 0; i < seoPlugins.length; i++) {\n        var pluginData = seoPlugins[i];\n        CFM.API.enable(pluginData.PluginCode, pluginData.PluginName, null, {\n            FilterCookie: pluginData.FilterCookie\n        });\n    }\n<\/script>\n<div id=\"newgeneraloverview\"><\/div>\n\n<div class=\"container section-title-container\" ><h3 class=\"section-title section-title-normal\"><b><\/b><span class=\"section-title-main\" >6. Complexit\u00e9 du contrat<\/span><b><\/b><\/h3><\/div>\n\n<p>Choisir une voiture via le private lease est simple : vous s\u00e9lectionnez un mod\u00e8le, une dur\u00e9e et un kilom\u00e9trage, puis signez en ligne \u2013 souvent en trois \u00e9tapes claires.<\/p>\n<p>Le leasing professionnel demande plus de formalit\u00e9s. Vous discutez avec un conseiller d\u00e9di\u00e9, recevez une offre personnalis\u00e9e et tenez compte de l\u2019optimisation fiscale. Cela implique plus d\u2019administration, mais donne lieu \u00e0 une solution mieux adapt\u00e9e pour les pros ou les entreprises avec plusieurs v\u00e9hicules.  <\/p>\n<div class=\"container section-title-container\" ><h2 class=\"section-title section-title-normal\"><b><\/b><span class=\"section-title-main\" >Cas pratiques : quelle formule choisir selon votre situation ?<\/span><b><\/b><\/h2><\/div>\n\n<p>Le choix entre leasing professionnel et leasing particulier d\u00e9pend de votre profil. Voici des exemples concrets pour vous aider \u00e0 d\u00e9terminer la formule qui vous convient le mieux. <\/p>\n<div class=\"container section-title-container\" ><h3 class=\"section-title section-title-normal\"><b><\/b><span class=\"section-title-main\" >Jeune particulier sans soci\u00e9t\u00e9<\/span><b><\/b><\/h3><\/div>\n\n<p>Vous venez de terminer vos \u00e9tudes, vous commencez \u00e0 travailler ou vous cherchez simplement une nouvelle voiture sans investir une grosse somme ? Le private lease est une excellente option. Aucun acompte requis, vous roulez l\u2019esprit tranquille dans une voiture r\u00e9cente et tout est compris dans un loyer mensuel fixe : assurance, entretien, r\u00e9parations, assistance, etc. Vous choisissez vous-m\u00eame le mod\u00e8le, la dur\u00e9e du contrat et le kilom\u00e9trage. C\u2019est une formule id\u00e9ale pour une gestion claire et sans surprise de votre budget.   <\/p>\n<div class=\"container section-title-container\" ><h3 class=\"section-title section-title-normal\"><b><\/b><span class=\"section-title-main\" >Ind\u00e9pendant en personne physique<\/span><b><\/b><\/h3><\/div>\n\n<p>Vous \u00eates ind\u00e9pendant sans soci\u00e9t\u00e9 (ou en activit\u00e9 compl\u00e9mentaire avec un num\u00e9ro de TVA) ? Le leasing professionnel vous permet de d\u00e9duire une partie des frais de mani\u00e8re fiscale. Avec une voiture \u00e9lectrique ou \u00e0 faibles \u00e9missions de CO\u2082, vous profitez m\u00eame d\u2019avantages suppl\u00e9mentaires. <\/p>\n<p>Pas besoin d\u2019un investissement initial important : vos d\u00e9penses sont liss\u00e9es sur un loyer mensuel fixe. Et gr\u00e2ce \u00e0 un r\u00e9seau de partenaires fiables, vous acc\u00e9dez plus rapidement au v\u00e9hicule qui vous convient.<\/p>\n<p>Attention : la d\u00e9ductibilit\u00e9 de la TVA et les avantages fiscaux d\u00e9pendent de votre usage et du type de v\u00e9hicule. Un bon conseil et une lecture attentive de votre contrat sont indispensables. <\/p>\n<div class=\"container section-title-container\" ><h3 class=\"section-title section-title-normal\"><b><\/b><span class=\"section-title-main\" >Soci\u00e9t\u00e9 avec plusieurs v\u00e9hicules<\/span><b><\/b><\/h3><\/div>\n\n<p>Pour les entreprises ou ASBL avec plusieurs collaborateurs, le leasing op\u00e9rationnel est souvent le meilleur choix. Vous pr\u00e9servez votre tr\u00e9sorerie, \u00e9vitez les gros achats et centralisez la gestion via des contrats-cadres clairs. <\/p>\n<p>Les mod\u00e8les, finitions et dur\u00e9es peuvent \u00eatre adapt\u00e9s par collaborateur. Parfait pour constituer une flotte flexible, coh\u00e9rente et facile \u00e0 g\u00e9rer. <\/p>\n<div class=\"container section-title-container\" ><h3 class=\"section-title section-title-normal\"><b><\/b><span class=\"section-title-main\" >Employ\u00e9 sans voiture de soci\u00e9t\u00e9<\/span><b><\/b><\/h3><\/div>\n\n<p>Vous n\u2019avez pas droit \u00e0 une voiture de soci\u00e9t\u00e9 via votre employeur, mais vous souhaitez tout de m\u00eame rouler dans une voiture confortable, sans tracas ? Le leasing voiture particulier est une formule intelligente. <\/p>\n<p>Vous choisissez un v\u00e9hicule adapt\u00e9 \u00e0 vos besoins, d\u00e9terminez votre kilom\u00e9trage annuel et payez un loyer mensuel fixe \u2013 assurance, entretiens et taxes inclus. Une solution id\u00e9ale pour un usage priv\u00e9 r\u00e9gulier, du trajet domicile-travail aux <a href=\"https:\/\/carselect.touring.be\/fr\/blog\/belles-destinations-de-vacances-pour-un-roadtrip-avec-votre-propre-voiture\/\">escapades du week-end.<\/a> <\/p>\n\t<div class=\"img has-hover x md-x lg-x y md-y lg-y\" id=\"image_1398180653\">\n\t\t\t\t\t\t\t\t<div class=\"img-inner dark\" >\n\t\t\t<img loading=\"lazy\" decoding=\"async\" width=\"1000\" height=\"667\" src=\"\/wp-content\/uploads\/2025\/09\/conduire-electrique.jpg\" class=\"attachment-large size-large\" alt=\"conduite \u00e9lectrique par leasing\" srcset=\"\/wp-content\/uploads\/2025\/09\/conduire-electrique.jpg 1000w, \/wp-content\/uploads\/2025\/09\/conduire-electrique-300x200.jpg 300w, \/wp-content\/uploads\/2025\/09\/conduire-electrique-768x512.jpg 768w\" sizes=\"auto, (max-width: 1000px) 100vw, 1000px\" \/>\t\t\t\t\t\t\n\t\t\t\t\t<\/div>\n\t\t\t\t\t\t\t\t\n<style>\n#image_1398180653 {\n  width: 100%;\n}\n<\/style>\n\t<\/div>\n\t\n\n<div class=\"container section-title-container\" ><h3 class=\"section-title section-title-normal\"><b><\/b><span class=\"section-title-main\" >Voiture \u00e9lectrique et leasing : comment bien combiner les deux ?<\/span><b><\/b><\/h3><\/div>\n\n<p>Que vous soyez un particulier ou un professionnel, rouler \u00e0 l\u2019\u00e9lectrique devient de plus en plus int\u00e9ressant. Non seulement pour des raisons environnementales, mais aussi financi\u00e8res. En leasing particulier comme en leasing professionnel, les options pour rouler en <a href=\"https:\/\/carselect.touring.be\/fr\/acheter-une-voiture\/?----------tweedehands-elektrisch\">voiture \u00e9lectrique<\/a> se multiplient.  <\/p>\n<p>Avec le leasing professionnel, vous b\u00e9n\u00e9ficiez jusqu\u2019\u00e0 fin 2026 d\u2019une d\u00e9ductibilit\u00e9 fiscale maximale. Et c\u00f4t\u00e9 leasing voiture particulier, les \u00e9conomies se concentrent sur les co\u00fbts de recharge, l\u2019entretien r\u00e9duit et les frais de roulage plus faibles.<\/p>\n<p>Quelques \u00e9l\u00e9ments \u00e0 v\u00e9rifier avant de signer :<\/p>\n<ul>\n<li>une <a href=\"https:\/\/carselect.touring.be\/fr\/blog\/recharger-une-voiture-electrique-domicile-ou-public-options-et-couts\/\">solution de recharge<\/a> est-elle incluse dans le contrat ?<\/li>\n<li>que pr\u00e9voit <strong>l\u2019assistance en cas de panne<\/strong> pour les mod\u00e8les \u00e9lectriques ?<\/li>\n<li>quel impact <strong>l\u2019autonomie<\/strong> et le <strong>temps de charge<\/strong> ont-ils sur votre usage quotidien ?<\/li>\n<\/ul>\n<p>Leasing une voiture \u00e9lectrique, c\u2019est aussi penser \u00e0 l\u2019\u00e9cosyst\u00e8me global : recharge \u00e0 domicile, cartes de recharge publiques, gestion via application et qualit\u00e9 du service client. Une bonne pr\u00e9paration permet de tirer le meilleur de la mobilit\u00e9 \u00e9lectrique. <\/p>\n<div class=\"container section-title-container\" ><h2 class=\"section-title section-title-normal\"><b><\/b><span class=\"section-title-main\" >Leasing voiture : une formule pour chaque profil, avec la tranquillit\u00e9 en plus<\/span><b><\/b><\/h2><\/div>\n\n<p>Que vous optiez pour un private lease tout compris ou que vous cherchiez une formule optimis\u00e9e fiscalement comme ind\u00e9pendant, le <strong>leasing voiture est aujourd\u2019hui plus accessible et plus intelligent que jamais<\/strong>. Vous <strong>d\u00e9finissez<\/strong> <strong>vos besoins<\/strong> : nombre de kilom\u00e8tres, dur\u00e9e du contrat, motorisation \u00e9lectrique ou non. Et vous profitez toujours d\u2019un loyer mensuel fixe, sans souci de pneus, taxes ou valeur r\u00e9siduelle.  <\/p>\n<p>Le plus important ? Choisir un p<strong>artenaire de leasing fiable<\/strong>, avec un centre de services de premier ordre, une communication claire et une \u00e9coute personnalis\u00e9e. Que vous soyez un particulier ou un professionnel dans une soci\u00e9t\u00e9 renomm\u00e9e, il existe toujours une formule de leasing qui correspond \u00e0 vos besoins.  <\/p>\n<p><strong>Demandez conseil, simulez votre offre ou prenez simplement contact<\/strong>. Et repartez bient\u00f4t au volant de la voiture id\u00e9ale, g\u00e9r\u00e9e de A \u00e0 Z, du contrat au confort. <\/p>\n\n\t\t<\/div>\n\t\t\t\t\t<\/div>\n\n\t\n\n\t<div id=\"col-486833347\" class=\"col medium-4 small-12 large-4\"  >\n\t\t\t\t<div class=\"col-inner\"  >\n\t\t\t\n\t\t\t\n\n\n  \n    <div class=\"row large-columns-1 medium-columns-1 small-columns-1\" >\n  <div class=\"col post-item\" >\n\t\t\t<div class=\"col-inner\">\n\t\t\t\t<div class=\"box box-normal box-text-bottom box-blog-post has-hover\">\n            \t\t\t\t\t<div class=\"box-image\" >\n  \t\t\t\t\t\t<div class=\"image-cover\" style=\"padding-top:56.25%;\">\n\t\t\t\t\t\t\t<a href=\"https:\/\/carselect.touring.be\/fr\/blog\/les-voitures-electriques-les-plus-vendues\/\" class=\"plain\" aria-label=\"Les voitures \u00e9lectriques les plus vendues en Belgique\">\n\t\t\t\t\t\t\t\t<img loading=\"lazy\" decoding=\"async\" width=\"300\" height=\"200\" src=\"\/wp-content\/uploads\/2024\/11\/header-4-300x200.jpg\" class=\"attachment-medium size-medium wp-post-image\" alt=\"Un aper\u00e7u de la voiture la plus vendue et d&#039;autres mod\u00e8les populaires.\" srcset=\"\/wp-content\/uploads\/2024\/11\/header-4-300x200.jpg 300w, \/wp-content\/uploads\/2024\/11\/header-4-768x511.jpg 768w, \/wp-content\/uploads\/2024\/11\/header-4.jpg 1000w\" sizes=\"auto, (max-width: 300px) 100vw, 300px\" \/>\t\t\t\t\t\t\t<\/a>\n  \t\t\t\t\t\t\t  \t\t\t\t\t\t\t  \t\t\t\t\t\t<\/div>\n  \t\t\t\t\t\t  \t\t\t\t\t<\/div>\n          \t\t\t\t\t<div class=\"box-text text-left\" >\n\t\t\t\t\t<div class=\"box-text-inner blog-post-inner\">\n\n\t\t\t\t\t\n\t\t\t\t\t\t\t\t\t\t<h5 class=\"post-title is-large \">\n\t\t\t\t\t\t<a href=\"https:\/\/carselect.touring.be\/fr\/blog\/les-voitures-electriques-les-plus-vendues\/\" class=\"plain\">Les voitures \u00e9lectriques les plus vendues en Belgique<\/a>\n\t\t\t\t\t<\/h5>\n\t\t\t\t\t\t\t\t\t\t<div class=\"is-divider\"><\/div>\n\t\t\t\t\t\t\t\t\t\t<p class=\"from_the_blog_excerpt \">\n\t\t\t\t\t\tD\u00e9couvrez les voitures \u00e9lectriques les plus vendues en Belgique et apprenez tout sur les mod\u00e8les [...]\t\t\t\t\t<\/p>\n\t\t\t\t\t                    \n\t\t\t\t\t\n\t\t\t\t\t\n\t\t\t\t\t<\/div>\n\t\t\t\t\t<\/div>\n\t\t\t\t\t\t\t\t\t<\/div>\n\t\t\t<\/div>\n\t\t<\/div><div class=\"col post-item\" >\n\t\t\t<div class=\"col-inner\">\n\t\t\t\t<div class=\"box box-normal box-text-bottom box-blog-post has-hover\">\n            \t\t\t\t\t<div class=\"box-image\" >\n  \t\t\t\t\t\t<div class=\"image-cover\" style=\"padding-top:56.25%;\">\n\t\t\t\t\t\t\t<a href=\"https:\/\/carselect.touring.be\/fr\/blog\/marque-de-voiture-populaire-en-belgique-2025-top-10-et-tendances\/\" class=\"plain\" aria-label=\"Marque de Voiture Populaire en Belgique 2025 : Top 10 et Tendances\">\n\t\t\t\t\t\t\t\t<img loading=\"lazy\" decoding=\"async\" width=\"300\" height=\"200\" src=\"\/wp-content\/uploads\/2025\/08\/header-marque-de-voiture-300x200.jpg\" class=\"attachment-medium size-medium wp-post-image\" alt=\"marque de voiture populaire Belgique\" srcset=\"\/wp-content\/uploads\/2025\/08\/header-marque-de-voiture-300x200.jpg 300w, \/wp-content\/uploads\/2025\/08\/header-marque-de-voiture-768x511.jpg 768w, \/wp-content\/uploads\/2025\/08\/header-marque-de-voiture.jpg 1000w\" sizes=\"auto, (max-width: 300px) 100vw, 300px\" \/>\t\t\t\t\t\t\t<\/a>\n  \t\t\t\t\t\t\t  \t\t\t\t\t\t\t  \t\t\t\t\t\t<\/div>\n  \t\t\t\t\t\t  \t\t\t\t\t<\/div>\n          \t\t\t\t\t<div class=\"box-text text-left\" >\n\t\t\t\t\t<div class=\"box-text-inner blog-post-inner\">\n\n\t\t\t\t\t\n\t\t\t\t\t\t\t\t\t\t<h5 class=\"post-title is-large \">\n\t\t\t\t\t\t<a href=\"https:\/\/carselect.touring.be\/fr\/blog\/marque-de-voiture-populaire-en-belgique-2025-top-10-et-tendances\/\" class=\"plain\">Marque de Voiture Populaire en Belgique 2025 : Top 10 et Tendances<\/a>\n\t\t\t\t\t<\/h5>\n\t\t\t\t\t\t\t\t\t\t<div class=\"is-divider\"><\/div>\n\t\t\t\t\t\t\t\t\t\t<p class=\"from_the_blog_excerpt \">\n\t\t\t\t\t\tD\u00e9couvrez le top 10 des marques de voitures les plus populaires en Belgique en 2025. [...]\t\t\t\t\t<\/p>\n\t\t\t\t\t                    \n\t\t\t\t\t\n\t\t\t\t\t\n\t\t\t\t\t<\/div>\n\t\t\t\t\t<\/div>\n\t\t\t\t\t\t\t\t\t<\/div>\n\t\t\t<\/div>\n\t\t<\/div><div class=\"col post-item\" >\n\t\t\t<div class=\"col-inner\">\n\t\t\t\t<div class=\"box box-normal box-text-bottom box-blog-post has-hover\">\n            \t\t\t\t\t<div class=\"box-image\" >\n  \t\t\t\t\t\t<div class=\"image-cover\" style=\"padding-top:56.25%;\">\n\t\t\t\t\t\t\t<a href=\"https:\/\/carselect.touring.be\/fr\/blog\/vendre-ma-voiture-en-belgique-les-8-conseils-indispensables-pour-2025\/\" class=\"plain\" aria-label=\"Vendre ma voiture en Belgique : les 8 conseils indispensables pour 2025\">\n\t\t\t\t\t\t\t\t<img loading=\"lazy\" decoding=\"async\" width=\"300\" height=\"200\" src=\"\/wp-content\/uploads\/2025\/07\/vendre-ma-voiture-header-300x200.jpg\" class=\"attachment-medium size-medium wp-post-image\" alt=\"vendre ma voiture\" srcset=\"\/wp-content\/uploads\/2025\/07\/vendre-ma-voiture-header-300x200.jpg 300w, \/wp-content\/uploads\/2025\/07\/vendre-ma-voiture-header-768x512.jpg 768w, \/wp-content\/uploads\/2025\/07\/vendre-ma-voiture-header.jpg 1000w\" sizes=\"auto, (max-width: 300px) 100vw, 300px\" \/>\t\t\t\t\t\t\t<\/a>\n  \t\t\t\t\t\t\t  \t\t\t\t\t\t\t  \t\t\t\t\t\t<\/div>\n  \t\t\t\t\t\t  \t\t\t\t\t<\/div>\n          \t\t\t\t\t<div class=\"box-text text-left\" >\n\t\t\t\t\t<div class=\"box-text-inner blog-post-inner\">\n\n\t\t\t\t\t\n\t\t\t\t\t\t\t\t\t\t<h5 class=\"post-title is-large \">\n\t\t\t\t\t\t<a href=\"https:\/\/carselect.touring.be\/fr\/blog\/vendre-ma-voiture-en-belgique-les-8-conseils-indispensables-pour-2025\/\" class=\"plain\">Vendre ma voiture en Belgique : les 8 conseils indispensables pour 2025<\/a>\n\t\t\t\t\t<\/h5>\n\t\t\t\t\t\t\t\t\t\t<div class=\"is-divider\"><\/div>\n\t\t\t\t\t\t\t\t\t\t<p class=\"from_the_blog_excerpt \">\n\t\t\t\t\t\tD\u00e9couvrez des conseils pratiques pour vendre votre voiture rapidement et facilement. Suivez nos \u00e9tapes simples [...]\t\t\t\t\t<\/p>\n\t\t\t\t\t                    \n\t\t\t\t\t\n\t\t\t\t\t\n\t\t\t\t\t<\/div>\n\t\t\t\t\t<\/div>\n\t\t\t\t\t\t\t\t\t<\/div>\n\t\t\t<\/div>\n\t\t<\/div><div class=\"col post-item\" >\n\t\t\t<div class=\"col-inner\">\n\t\t\t\t<div class=\"box box-normal box-text-bottom box-blog-post has-hover\">\n            \t\t\t\t\t<div class=\"box-image\" >\n  \t\t\t\t\t\t<div class=\"image-cover\" style=\"padding-top:56.25%;\">\n\t\t\t\t\t\t\t<a href=\"https:\/\/carselect.touring.be\/fr\/blog\/touring-assistance-depannage-12-mois-offerts-avec-votre-voiture\/\" class=\"plain\" aria-label=\"Touring assistance d\u00e9pannage : 12 mois offerts avec votre voiture !\">\n\t\t\t\t\t\t\t\t<img loading=\"lazy\" decoding=\"async\" width=\"300\" height=\"200\" src=\"\/wp-content\/uploads\/2025\/04\/touring-assistance-de\u0301panage-gratuite-300x200.jpg\" class=\"attachment-medium size-medium wp-post-image\" alt=\"Touring assistance d\u00e9pannage\" srcset=\"\/wp-content\/uploads\/2025\/04\/touring-assistance-de\u0301panage-gratuite-300x200.jpg 300w, \/wp-content\/uploads\/2025\/04\/touring-assistance-de\u0301panage-gratuite-1024x683.jpg 1024w, \/wp-content\/uploads\/2025\/04\/touring-assistance-de\u0301panage-gratuite-768x512.jpg 768w, \/wp-content\/uploads\/2025\/04\/touring-assistance-de\u0301panage-gratuite-1536x1024.jpg 1536w, \/wp-content\/uploads\/2025\/04\/touring-assistance-de\u0301panage-gratuite.jpg 1920w\" sizes=\"auto, (max-width: 300px) 100vw, 300px\" \/>\t\t\t\t\t\t\t<\/a>\n  \t\t\t\t\t\t\t  \t\t\t\t\t\t\t  \t\t\t\t\t\t<\/div>\n  \t\t\t\t\t\t  \t\t\t\t\t<\/div>\n          \t\t\t\t\t<div class=\"box-text text-left\" >\n\t\t\t\t\t<div class=\"box-text-inner blog-post-inner\">\n\n\t\t\t\t\t\n\t\t\t\t\t\t\t\t\t\t<h5 class=\"post-title is-large \">\n\t\t\t\t\t\t<a href=\"https:\/\/carselect.touring.be\/fr\/blog\/touring-assistance-depannage-12-mois-offerts-avec-votre-voiture\/\" class=\"plain\">Touring assistance d\u00e9pannage : 12 mois offerts avec votre voiture !<\/a>\n\t\t\t\t\t<\/h5>\n\t\t\t\t\t\t\t\t\t\t<div class=\"is-divider\"><\/div>\n\t\t\t\t\t\t\t\t\t\t<p class=\"from_the_blog_excerpt \">\n\t\t\t\t\t\tAchetez une voiture d\u2019occasion et profitez de 12 mois d\u2019assistance d\u00e9pannage gratuite ! Aide 24\/7 [...]\t\t\t\t\t<\/p>\n\t\t\t\t\t                    \n\t\t\t\t\t\n\t\t\t\t\t\n\t\t\t\t\t<\/div>\n\t\t\t\t\t<\/div>\n\t\t\t\t\t\t\t\t\t<\/div>\n\t\t\t<\/div>\n\t\t<\/div><div class=\"col post-item\" >\n\t\t\t<div class=\"col-inner\">\n\t\t\t\t<div class=\"box box-normal box-text-bottom box-blog-post has-hover\">\n            \t\t\t\t\t<div class=\"box-image\" >\n  \t\t\t\t\t\t<div class=\"image-cover\" style=\"padding-top:56.25%;\">\n\t\t\t\t\t\t\t<a href=\"https:\/\/carselect.touring.be\/fr\/blog\/contrat-de-vente-de-voiture-tout-ce-quil-faut-savoir\/\" class=\"plain\" aria-label=\"Contrat de vente de voiture : Tout ce qu&rsquo;il faut savoir\">\n\t\t\t\t\t\t\t\t<img loading=\"lazy\" decoding=\"async\" width=\"300\" height=\"200\" src=\"\/wp-content\/uploads\/2025\/01\/header-vendre-voiture-1-300x200.jpg\" class=\"attachment-medium size-medium wp-post-image\" alt=\"contrat de vente de voiture\" srcset=\"\/wp-content\/uploads\/2025\/01\/header-vendre-voiture-1-300x200.jpg 300w, \/wp-content\/uploads\/2025\/01\/header-vendre-voiture-1-768x512.jpg 768w, \/wp-content\/uploads\/2025\/01\/header-vendre-voiture-1.jpg 1000w\" sizes=\"auto, (max-width: 300px) 100vw, 300px\" \/>\t\t\t\t\t\t\t<\/a>\n  \t\t\t\t\t\t\t  \t\t\t\t\t\t\t  \t\t\t\t\t\t<\/div>\n  \t\t\t\t\t\t  \t\t\t\t\t<\/div>\n          \t\t\t\t\t<div class=\"box-text text-left\" >\n\t\t\t\t\t<div class=\"box-text-inner blog-post-inner\">\n\n\t\t\t\t\t\n\t\t\t\t\t\t\t\t\t\t<h5 class=\"post-title is-large \">\n\t\t\t\t\t\t<a href=\"https:\/\/carselect.touring.be\/fr\/blog\/contrat-de-vente-de-voiture-tout-ce-quil-faut-savoir\/\" class=\"plain\">Contrat de vente de voiture : Tout ce qu&rsquo;il faut savoir<\/a>\n\t\t\t\t\t<\/h5>\n\t\t\t\t\t\t\t\t\t\t<div class=\"is-divider\"><\/div>\n\t\t\t\t\t\t\t\t\t\t<p class=\"from_the_blog_excerpt \">\n\t\t\t\t\t\tD\u00e9couvrez les \u00e9l\u00e9ments cl\u00e9s d'un contrat de vente de voiture. Assurez-vous d'une transaction s\u00e9curis\u00e9e et [...]\t\t\t\t\t<\/p>\n\t\t\t\t\t                    \n\t\t\t\t\t\n\t\t\t\t\t\n\t\t\t\t\t<\/div>\n\t\t\t\t\t<\/div>\n\t\t\t\t\t\t\t\t\t<\/div>\n\t\t\t<\/div>\n\t\t<\/div><div class=\"col post-item\" >\n\t\t\t<div class=\"col-inner\">\n\t\t\t\t<div class=\"box box-normal box-text-bottom box-blog-post has-hover\">\n            \t\t\t\t\t<div class=\"box-image\" >\n  \t\t\t\t\t\t<div class=\"image-cover\" style=\"padding-top:56.25%;\">\n\t\t\t\t\t\t\t<a href=\"https:\/\/carselect.touring.be\/fr\/blog\/entretien-voiture-electrique-et-controle-technique\/\" class=\"plain\" aria-label=\"Contr\u00f4le technique et entretien voitures \u00e9lectriques : tout ce que vous devez savoir\">\n\t\t\t\t\t\t\t\t<img loading=\"lazy\" decoding=\"async\" width=\"300\" height=\"209\" src=\"\/wp-content\/uploads\/2024\/12\/headershutterstock_1122594407-300x209.jpg\" class=\"attachment-medium size-medium wp-post-image\" alt=\"elektrische auto onderhouden\" srcset=\"\/wp-content\/uploads\/2024\/12\/headershutterstock_1122594407-300x209.jpg 300w, \/wp-content\/uploads\/2024\/12\/headershutterstock_1122594407-768x536.jpg 768w, \/wp-content\/uploads\/2024\/12\/headershutterstock_1122594407.jpg 1000w\" sizes=\"auto, (max-width: 300px) 100vw, 300px\" \/>\t\t\t\t\t\t\t<\/a>\n  \t\t\t\t\t\t\t  \t\t\t\t\t\t\t  \t\t\t\t\t\t<\/div>\n  \t\t\t\t\t\t  \t\t\t\t\t<\/div>\n          \t\t\t\t\t<div class=\"box-text text-left\" >\n\t\t\t\t\t<div class=\"box-text-inner blog-post-inner\">\n\n\t\t\t\t\t\n\t\t\t\t\t\t\t\t\t\t<h5 class=\"post-title is-large \">\n\t\t\t\t\t\t<a href=\"https:\/\/carselect.touring.be\/fr\/blog\/entretien-voiture-electrique-et-controle-technique\/\" class=\"plain\">Contr\u00f4le technique et entretien voitures \u00e9lectriques : tout ce que vous devez savoir<\/a>\n\t\t\t\t\t<\/h5>\n\t\t\t\t\t\t\t\t\t\t<div class=\"is-divider\"><\/div>\n\t\t\t\t\t\t\t\t\t\t<p class=\"from_the_blog_excerpt \">\n\t\t\t\t\t\tD\u00e9couvrez des astuces pratiques pour entretenir votre voiture \u00e9lectrique \u00e0 moindre co\u00fbt et de mani\u00e8re [...]\t\t\t\t\t<\/p>\n\t\t\t\t\t                    \n\t\t\t\t\t\n\t\t\t\t\t\n\t\t\t\t\t<\/div>\n\t\t\t\t\t<\/div>\n\t\t\t\t\t\t\t\t\t<\/div>\n\t\t\t<\/div>\n\t\t<\/div><div class=\"col post-item\" >\n\t\t\t<div class=\"col-inner\">\n\t\t\t\t<div class=\"box box-normal box-text-bottom box-blog-post has-hover\">\n            \t\t\t\t\t<div class=\"box-image\" >\n  \t\t\t\t\t\t<div class=\"image-cover\" style=\"padding-top:56.25%;\">\n\t\t\t\t\t\t\t<a href=\"https:\/\/carselect.touring.be\/fr\/blog\/controle-technique-en-belgique-2025-regles-et-conseils-pour-une-inspection-reussie\/\" class=\"plain\" aria-label=\"Contr\u00f4le technique en Belgique 2025 : R\u00e8gles et conseils pour une inspection r\u00e9ussie\">\n\t\t\t\t\t\t\t\t<img loading=\"lazy\" decoding=\"async\" width=\"300\" height=\"200\" src=\"\/wp-content\/uploads\/2025\/01\/controle-technique-en-belgique-header-300x200.jpg\" class=\"attachment-medium size-medium wp-post-image\" alt=\"contr\u00f4le technique en belgique\" srcset=\"\/wp-content\/uploads\/2025\/01\/controle-technique-en-belgique-header-300x200.jpg 300w, \/wp-content\/uploads\/2025\/01\/controle-technique-en-belgique-header-768x512.jpg 768w, \/wp-content\/uploads\/2025\/01\/controle-technique-en-belgique-header.jpg 1000w\" sizes=\"auto, (max-width: 300px) 100vw, 300px\" \/>\t\t\t\t\t\t\t<\/a>\n  \t\t\t\t\t\t\t  \t\t\t\t\t\t\t  \t\t\t\t\t\t<\/div>\n  \t\t\t\t\t\t  \t\t\t\t\t<\/div>\n          \t\t\t\t\t<div class=\"box-text text-left\" >\n\t\t\t\t\t<div class=\"box-text-inner blog-post-inner\">\n\n\t\t\t\t\t\n\t\t\t\t\t\t\t\t\t\t<h5 class=\"post-title is-large \">\n\t\t\t\t\t\t<a href=\"https:\/\/carselect.touring.be\/fr\/blog\/controle-technique-en-belgique-2025-regles-et-conseils-pour-une-inspection-reussie\/\" class=\"plain\">Contr\u00f4le technique en Belgique 2025 : R\u00e8gles et conseils pour une inspection r\u00e9ussie<\/a>\n\t\t\t\t\t<\/h5>\n\t\t\t\t\t\t\t\t\t\t<div class=\"is-divider\"><\/div>\n\t\t\t\t\t\t\t\t\t\t<p class=\"from_the_blog_excerpt \">\n\t\t\t\t\t\tD\u00e9couvrez les r\u00e8gles et changements du contr\u00f4le technique en Belgique pour 2025 et comment bien [...]\t\t\t\t\t<\/p>\n\t\t\t\t\t                    \n\t\t\t\t\t\n\t\t\t\t\t\n\t\t\t\t\t<\/div>\n\t\t\t\t\t<\/div>\n\t\t\t\t\t\t\t\t\t<\/div>\n\t\t\t<\/div>\n\t\t<\/div><div class=\"col post-item\" >\n\t\t\t<div class=\"col-inner\">\n\t\t\t\t<div class=\"box box-normal box-text-bottom box-blog-post has-hover\">\n            \t\t\t\t\t<div class=\"box-image\" >\n  \t\t\t\t\t\t<div class=\"image-cover\" style=\"padding-top:56.25%;\">\n\t\t\t\t\t\t\t<a href=\"https:\/\/carselect.touring.be\/fr\/blog\/belles-destinations-de-vacances-pour-un-roadtrip-avec-votre-propre-voiture\/\" class=\"plain\" aria-label=\"Belles destinations de vacances pour un roadtrip avec votre propre voiture\">\n\t\t\t\t\t\t\t\t<img loading=\"lazy\" decoding=\"async\" width=\"300\" height=\"200\" src=\"\/wp-content\/uploads\/2025\/05\/roadtrip-header-optimized-300x200.jpg\" class=\"attachment-medium size-medium wp-post-image\" alt=\"roadtrip\" srcset=\"\/wp-content\/uploads\/2025\/05\/roadtrip-header-optimized-300x200.jpg 300w, \/wp-content\/uploads\/2025\/05\/roadtrip-header-optimized-768x512.jpg 768w, \/wp-content\/uploads\/2025\/05\/roadtrip-header-optimized.jpg 1000w\" sizes=\"auto, (max-width: 300px) 100vw, 300px\" \/>\t\t\t\t\t\t\t<\/a>\n  \t\t\t\t\t\t\t  \t\t\t\t\t\t\t  \t\t\t\t\t\t<\/div>\n  \t\t\t\t\t\t  \t\t\t\t\t<\/div>\n          \t\t\t\t\t<div class=\"box-text text-left\" >\n\t\t\t\t\t<div class=\"box-text-inner blog-post-inner\">\n\n\t\t\t\t\t\n\t\t\t\t\t\t\t\t\t\t<h5 class=\"post-title is-large \">\n\t\t\t\t\t\t<a href=\"https:\/\/carselect.touring.be\/fr\/blog\/belles-destinations-de-vacances-pour-un-roadtrip-avec-votre-propre-voiture\/\" class=\"plain\">Belles destinations de vacances pour un roadtrip avec votre propre voiture<\/a>\n\t\t\t\t\t<\/h5>\n\t\t\t\t\t\t\t\t\t\t<div class=\"is-divider\"><\/div>\n\t\t\t\t\t\t\t\t\t\t<p class=\"from_the_blog_excerpt \">\n\t\t\t\t\t\tExplorez les plus belles routes de roadtrip en Europe pour des vacances inoubliables. D\u00e9couvrez des [...]\t\t\t\t\t<\/p>\n\t\t\t\t\t                    \n\t\t\t\t\t\n\t\t\t\t\t\n\t\t\t\t\t<\/div>\n\t\t\t\t\t<\/div>\n\t\t\t\t\t\t\t\t\t<\/div>\n\t\t\t<\/div>\n\t\t<\/div><div class=\"col post-item\" >\n\t\t\t<div class=\"col-inner\">\n\t\t\t\t<div class=\"box box-normal box-text-bottom box-blog-post has-hover\">\n            \t\t\t\t\t<div class=\"box-image\" >\n  \t\t\t\t\t\t<div class=\"image-cover\" style=\"padding-top:56.25%;\">\n\t\t\t\t\t\t\t<a href=\"https:\/\/carselect.touring.be\/fr\/blog\/vignette-suisse-2025-obligatoire-numerique\/\" class=\"plain\" aria-label=\"Vignette Suisse 2025 expliqu\u00e9e : simple, obligatoire et 100% num\u00e9rique\">\n\t\t\t\t\t\t\t\t<img loading=\"lazy\" decoding=\"async\" width=\"300\" height=\"200\" src=\"\/wp-content\/uploads\/2025\/03\/vignette-suisse-header-300x200.jpg\" class=\"attachment-medium size-medium wp-post-image\" alt=\"vignette suisse 2025\" srcset=\"\/wp-content\/uploads\/2025\/03\/vignette-suisse-header-300x200.jpg 300w, \/wp-content\/uploads\/2025\/03\/vignette-suisse-header-768x511.jpg 768w, \/wp-content\/uploads\/2025\/03\/vignette-suisse-header.jpg 1000w\" sizes=\"auto, (max-width: 300px) 100vw, 300px\" \/>\t\t\t\t\t\t\t<\/a>\n  \t\t\t\t\t\t\t  \t\t\t\t\t\t\t  \t\t\t\t\t\t<\/div>\n  \t\t\t\t\t\t  \t\t\t\t\t<\/div>\n          \t\t\t\t\t<div class=\"box-text text-left\" >\n\t\t\t\t\t<div class=\"box-text-inner blog-post-inner\">\n\n\t\t\t\t\t\n\t\t\t\t\t\t\t\t\t\t<h5 class=\"post-title is-large \">\n\t\t\t\t\t\t<a href=\"https:\/\/carselect.touring.be\/fr\/blog\/vignette-suisse-2025-obligatoire-numerique\/\" class=\"plain\">Vignette Suisse 2025 expliqu\u00e9e : simple, obligatoire et 100% num\u00e9rique<\/a>\n\t\t\t\t\t<\/h5>\n\t\t\t\t\t\t\t\t\t\t<div class=\"is-divider\"><\/div>\n\t\t\t\t\t\t\t\t\t\t<p class=\"from_the_blog_excerpt \">\n\t\t\t\t\t\tObtenez tout ce qu\u2019il faut savoir sur la vignette suisse 2025 : prix, validit\u00e9, amendes, [...]\t\t\t\t\t<\/p>\n\t\t\t\t\t                    \n\t\t\t\t\t\n\t\t\t\t\t\n\t\t\t\t\t<\/div>\n\t\t\t\t\t<\/div>\n\t\t\t\t\t\t\t\t\t<\/div>\n\t\t\t<\/div>\n\t\t<\/div><div class=\"col post-item\" >\n\t\t\t<div class=\"col-inner\">\n\t\t\t\t<div class=\"box box-normal box-text-bottom box-blog-post has-hover\">\n            \t\t\t\t\t<div class=\"box-image\" >\n  \t\t\t\t\t\t<div class=\"image-cover\" style=\"padding-top:56.25%;\">\n\t\t\t\t\t\t\t<a href=\"https:\/\/carselect.touring.be\/fr\/blog\/vignette-autriche-2025-voyagez-sans-souci-au-dela-de-la-frontiere\/\" class=\"plain\" aria-label=\"Vignette Autriche 2025 : Voyagez sans souci au-del\u00e0 de la fronti\u00e8re !\">\n\t\t\t\t\t\t\t\t<img loading=\"lazy\" decoding=\"async\" width=\"300\" height=\"200\" src=\"\/wp-content\/uploads\/2025\/03\/vignette-autriche-2025-1-300x200.jpg\" class=\"attachment-medium size-medium wp-post-image\" alt=\"vignette autriche 2025\" srcset=\"\/wp-content\/uploads\/2025\/03\/vignette-autriche-2025-1-300x200.jpg 300w, \/wp-content\/uploads\/2025\/03\/vignette-autriche-2025-1-768x512.jpg 768w, \/wp-content\/uploads\/2025\/03\/vignette-autriche-2025-1.jpg 1000w\" sizes=\"auto, (max-width: 300px) 100vw, 300px\" \/>\t\t\t\t\t\t\t<\/a>\n  \t\t\t\t\t\t\t  \t\t\t\t\t\t\t  \t\t\t\t\t\t<\/div>\n  \t\t\t\t\t\t  \t\t\t\t\t<\/div>\n          \t\t\t\t\t<div class=\"box-text text-left\" >\n\t\t\t\t\t<div class=\"box-text-inner blog-post-inner\">\n\n\t\t\t\t\t\n\t\t\t\t\t\t\t\t\t\t<h5 class=\"post-title is-large \">\n\t\t\t\t\t\t<a href=\"https:\/\/carselect.touring.be\/fr\/blog\/vignette-autriche-2025-voyagez-sans-souci-au-dela-de-la-frontiere\/\" class=\"plain\">Vignette Autriche 2025 : Voyagez sans souci au-del\u00e0 de la fronti\u00e8re !<\/a>\n\t\t\t\t\t<\/h5>\n\t\t\t\t\t\t\t\t\t\t<div class=\"is-divider\"><\/div>\n\t\t\t\t\t\t\t\t\t\t<p class=\"from_the_blog_excerpt \">\n\t\t\t\t\t\tD\u00e9couvrez tout sur la vignette Autriche 2025 : prix, validit\u00e9 et conseils pratiques. Pr\u00e9parez votre [...]\t\t\t\t\t<\/p>\n\t\t\t\t\t                    \n\t\t\t\t\t\n\t\t\t\t\t\n\t\t\t\t\t<\/div>\n\t\t\t\t\t<\/div>\n\t\t\t\t\t\t\t\t\t<\/div>\n\t\t\t<\/div>\n\t\t<\/div><div class=\"col post-item\" >\n\t\t\t<div class=\"col-inner\">\n\t\t\t\t<div class=\"box box-normal box-text-bottom box-blog-post has-hover\">\n            \t\t\t\t\t<div class=\"box-image\" >\n  \t\t\t\t\t\t<div class=\"image-cover\" style=\"padding-top:56.25%;\">\n\t\t\t\t\t\t\t<a href=\"https:\/\/carselect.touring.be\/fr\/blog\/zone-de-basses-emissions-belgique-un-apercu-concis\/\" class=\"plain\" aria-label=\"Zone de basses \u00e9missions Belgique : Un aper\u00e7u concis\">\n\t\t\t\t\t\t\t\t<img loading=\"lazy\" decoding=\"async\" width=\"300\" height=\"200\" src=\"\/wp-content\/uploads\/2025\/01\/header-sba-300x200.jpg\" class=\"attachment-medium size-medium wp-post-image\" alt=\"zone de basses \u00e9missions\" srcset=\"\/wp-content\/uploads\/2025\/01\/header-sba-300x200.jpg 300w, \/wp-content\/uploads\/2025\/01\/header-sba-768x512.jpg 768w, \/wp-content\/uploads\/2025\/01\/header-sba.jpg 1000w\" sizes=\"auto, (max-width: 300px) 100vw, 300px\" \/>\t\t\t\t\t\t\t<\/a>\n  \t\t\t\t\t\t\t  \t\t\t\t\t\t\t  \t\t\t\t\t\t<\/div>\n  \t\t\t\t\t\t  \t\t\t\t\t<\/div>\n          \t\t\t\t\t<div class=\"box-text text-left\" >\n\t\t\t\t\t<div class=\"box-text-inner blog-post-inner\">\n\n\t\t\t\t\t\n\t\t\t\t\t\t\t\t\t\t<h5 class=\"post-title is-large \">\n\t\t\t\t\t\t<a href=\"https:\/\/carselect.touring.be\/fr\/blog\/zone-de-basses-emissions-belgique-un-apercu-concis\/\" class=\"plain\">Zone de basses \u00e9missions Belgique : Un aper\u00e7u concis<\/a>\n\t\t\t\t\t<\/h5>\n\t\t\t\t\t\t\t\t\t\t<div class=\"is-divider\"><\/div>\n\t\t\t\t\t\t\t\t\t\t<p class=\"from_the_blog_excerpt \">\n\t\t\t\t\t\tD\u00e9couvrez tout sur la zone de basses \u00e9missions en Belgique et son impact sur votre [...]\t\t\t\t\t<\/p>\n\t\t\t\t\t                    \n\t\t\t\t\t\n\t\t\t\t\t\n\t\t\t\t\t<\/div>\n\t\t\t\t\t<\/div>\n\t\t\t\t\t\t\t\t\t<\/div>\n\t\t\t<\/div>\n\t\t<\/div><div class=\"col post-item\" >\n\t\t\t<div class=\"col-inner\">\n\t\t\t\t<div class=\"box box-normal box-text-bottom box-blog-post has-hover\">\n            \t\t\t\t\t<div class=\"box-image\" >\n  \t\t\t\t\t\t<div class=\"image-cover\" style=\"padding-top:56.25%;\">\n\t\t\t\t\t\t\t<a href=\"https:\/\/carselect.touring.be\/fr\/blog\/conseils-pour-des-vacances-en-voiture-peages-vignettes-et-couts-du-carburant\/\" class=\"plain\" aria-label=\"Conseils pour des vacances en voiture sans stress : p\u00e9ages, vignettes et co\u00fbts du carburant\">\n\t\t\t\t\t\t\t\t<img loading=\"lazy\" decoding=\"async\" width=\"300\" height=\"140\" src=\"\/wp-content\/uploads\/2025\/01\/header-vacances-en-voiture-1-300x140.jpg\" class=\"attachment-medium size-medium wp-post-image\" alt=\"vacances en voiture\" srcset=\"\/wp-content\/uploads\/2025\/01\/header-vacances-en-voiture-1-300x140.jpg 300w, \/wp-content\/uploads\/2025\/01\/header-vacances-en-voiture-1-768x359.jpg 768w, \/wp-content\/uploads\/2025\/01\/header-vacances-en-voiture-1.jpg 1000w\" sizes=\"auto, (max-width: 300px) 100vw, 300px\" \/>\t\t\t\t\t\t\t<\/a>\n  \t\t\t\t\t\t\t  \t\t\t\t\t\t\t  \t\t\t\t\t\t<\/div>\n  \t\t\t\t\t\t  \t\t\t\t\t<\/div>\n          \t\t\t\t\t<div class=\"box-text text-left\" >\n\t\t\t\t\t<div class=\"box-text-inner blog-post-inner\">\n\n\t\t\t\t\t\n\t\t\t\t\t\t\t\t\t\t<h5 class=\"post-title is-large \">\n\t\t\t\t\t\t<a href=\"https:\/\/carselect.touring.be\/fr\/blog\/conseils-pour-des-vacances-en-voiture-peages-vignettes-et-couts-du-carburant\/\" class=\"plain\">Conseils pour des vacances en voiture sans stress : p\u00e9ages, vignettes et co\u00fbts du carburant<\/a>\n\t\t\t\t\t<\/h5>\n\t\t\t\t\t\t\t\t\t\t<div class=\"is-divider\"><\/div>\n\t\t\t\t\t\t\t\t\t\t<p class=\"from_the_blog_excerpt \">\n\t\t\t\t\t\tPr\u00e9parez vos vacances en voiture avec nos astuces pour les vignettes, les frais et une [...]\t\t\t\t\t<\/p>\n\t\t\t\t\t                    \n\t\t\t\t\t\n\t\t\t\t\t\n\t\t\t\t\t<\/div>\n\t\t\t\t\t<\/div>\n\t\t\t\t\t\t\t\t\t<\/div>\n\t\t\t<\/div>\n\t\t<\/div><div class=\"col post-item\" >\n\t\t\t<div class=\"col-inner\">\n\t\t\t\t<div class=\"box box-normal box-text-bottom box-blog-post has-hover\">\n            \t\t\t\t\t<div class=\"box-image\" >\n  \t\t\t\t\t\t<div class=\"image-cover\" style=\"padding-top:56.25%;\">\n\t\t\t\t\t\t\t<a href=\"https:\/\/carselect.touring.be\/fr\/blog\/voiture-electrique-ou-hybride-rechargeable\/\" class=\"plain\" aria-label=\"Voiture \u00e9lectrique ou hybride (rechargeable) : quelle est la diff\u00e9rence ? Et laquelle vous convient le mieux ?\">\n\t\t\t\t\t\t\t\t<img loading=\"lazy\" decoding=\"async\" width=\"300\" height=\"169\" src=\"\/wp-content\/uploads\/2024\/12\/header-image-elektrische-en-hybride-wagen-2-300x169.jpg\" class=\"attachment-medium size-medium wp-post-image\" alt=\"Voiture \u00e9lectrique vs. hybride rechargeable\" srcset=\"\/wp-content\/uploads\/2024\/12\/header-image-elektrische-en-hybride-wagen-2-300x169.jpg 300w, \/wp-content\/uploads\/2024\/12\/header-image-elektrische-en-hybride-wagen-2-768x432.jpg 768w, \/wp-content\/uploads\/2024\/12\/header-image-elektrische-en-hybride-wagen-2.jpg 1000w\" sizes=\"auto, (max-width: 300px) 100vw, 300px\" \/>\t\t\t\t\t\t\t<\/a>\n  \t\t\t\t\t\t\t  \t\t\t\t\t\t\t  \t\t\t\t\t\t<\/div>\n  \t\t\t\t\t\t  \t\t\t\t\t<\/div>\n          \t\t\t\t\t<div class=\"box-text text-left\" >\n\t\t\t\t\t<div class=\"box-text-inner blog-post-inner\">\n\n\t\t\t\t\t\n\t\t\t\t\t\t\t\t\t\t<h5 class=\"post-title is-large \">\n\t\t\t\t\t\t<a href=\"https:\/\/carselect.touring.be\/fr\/blog\/voiture-electrique-ou-hybride-rechargeable\/\" class=\"plain\">Voiture \u00e9lectrique ou hybride (rechargeable) : quelle est la diff\u00e9rence ? Et laquelle vous convient le mieux ?<\/a>\n\t\t\t\t\t<\/h5>\n\t\t\t\t\t\t\t\t\t\t<div class=\"is-divider\"><\/div>\n\t\t\t\t\t\t\t\t\t\t<p class=\"from_the_blog_excerpt \">\n\t\t\t\t\t\tVous h\u00e9sitez entre l'achat d'une voiture hybride ou \u00e9lectrique ? D\u00e9couvrez les diff\u00e9rences et les [...]\t\t\t\t\t<\/p>\n\t\t\t\t\t                    \n\t\t\t\t\t\n\t\t\t\t\t\n\t\t\t\t\t<\/div>\n\t\t\t\t\t<\/div>\n\t\t\t\t\t\t\t\t\t<\/div>\n\t\t\t<\/div>\n\t\t<\/div><div class=\"col post-item\" >\n\t\t\t<div class=\"col-inner\">\n\t\t\t\t<div class=\"box box-normal box-text-bottom box-blog-post has-hover\">\n            \t\t\t\t\t<div class=\"box-image\" >\n  \t\t\t\t\t\t<div class=\"image-cover\" style=\"padding-top:56.25%;\">\n\t\t\t\t\t\t\t<a href=\"https:\/\/carselect.touring.be\/fr\/blog\/prime-pour-voiture-electrique-que-se-passe-t-il-apres-la-suppression-de-la-subvention-en-2025\/\" class=\"plain\" aria-label=\"Prime pour voiture \u00e9lectrique : que se passe-t-il apr\u00e8s la suppression de la subvention en 2025 ?\">\n\t\t\t\t\t\t\t\t<img loading=\"lazy\" decoding=\"async\" width=\"300\" height=\"200\" src=\"\/wp-content\/uploads\/2025\/02\/header_prime-pour-voiture-electrique-300x200.jpg\" class=\"attachment-medium size-medium wp-post-image\" alt=\"prime pour voiture \u00e9lectrique\" srcset=\"\/wp-content\/uploads\/2025\/02\/header_prime-pour-voiture-electrique-300x200.jpg 300w, \/wp-content\/uploads\/2025\/02\/header_prime-pour-voiture-electrique-768x511.jpg 768w, \/wp-content\/uploads\/2025\/02\/header_prime-pour-voiture-electrique.jpg 1000w\" sizes=\"auto, (max-width: 300px) 100vw, 300px\" \/>\t\t\t\t\t\t\t<\/a>\n  \t\t\t\t\t\t\t  \t\t\t\t\t\t\t  \t\t\t\t\t\t<\/div>\n  \t\t\t\t\t\t  \t\t\t\t\t<\/div>\n          \t\t\t\t\t<div class=\"box-text text-left\" >\n\t\t\t\t\t<div class=\"box-text-inner blog-post-inner\">\n\n\t\t\t\t\t\n\t\t\t\t\t\t\t\t\t\t<h5 class=\"post-title is-large \">\n\t\t\t\t\t\t<a href=\"https:\/\/carselect.touring.be\/fr\/blog\/prime-pour-voiture-electrique-que-se-passe-t-il-apres-la-suppression-de-la-subvention-en-2025\/\" class=\"plain\">Prime pour voiture \u00e9lectrique : que se passe-t-il apr\u00e8s la suppression de la subvention en 2025 ?<\/a>\n\t\t\t\t\t<\/h5>\n\t\t\t\t\t\t\t\t\t\t<div class=\"is-divider\"><\/div>\n\t\t\t\t\t\t\t\t\t\t<p class=\"from_the_blog_excerpt \">\n\t\t\t\t\t\tTout sur la prime pour voiture \u00e9lectrique en 2024. Pourquoi a-t-elle \u00e9t\u00e9 arr\u00eat\u00e9e et quelles [...]\t\t\t\t\t<\/p>\n\t\t\t\t\t                    \n\t\t\t\t\t\n\t\t\t\t\t\n\t\t\t\t\t<\/div>\n\t\t\t\t\t<\/div>\n\t\t\t\t\t\t\t\t\t<\/div>\n\t\t\t<\/div>\n\t\t<\/div><div class=\"col post-item\" >\n\t\t\t<div class=\"col-inner\">\n\t\t\t\t<div class=\"box box-normal box-text-bottom box-blog-post has-hover\">\n            \t\t\t\t\t<div class=\"box-image\" >\n  \t\t\t\t\t\t<div class=\"image-cover\" style=\"padding-top:56.25%;\">\n\t\t\t\t\t\t\t<a href=\"https:\/\/carselect.touring.be\/fr\/blog\/assurance-jeune-conducteur-en-belgique-quelles-sont-les-options\/\" class=\"plain\" aria-label=\"Assurance jeune conducteur en Belgique : quelles sont les options ?\">\n\t\t\t\t\t\t\t\t<img loading=\"lazy\" decoding=\"async\" width=\"300\" height=\"200\" src=\"\/wp-content\/uploads\/2025\/02\/assurance-jeune-conducteur-belgique-header-300x200.png\" class=\"attachment-medium size-medium wp-post-image\" alt=\"assurance jeune conducteur belgique\" srcset=\"\/wp-content\/uploads\/2025\/02\/assurance-jeune-conducteur-belgique-header-300x200.png 300w, \/wp-content\/uploads\/2025\/02\/assurance-jeune-conducteur-belgique-header-768x512.png 768w, \/wp-content\/uploads\/2025\/02\/assurance-jeune-conducteur-belgique-header.png 1000w\" sizes=\"auto, (max-width: 300px) 100vw, 300px\" \/>\t\t\t\t\t\t\t<\/a>\n  \t\t\t\t\t\t\t  \t\t\t\t\t\t\t  \t\t\t\t\t\t<\/div>\n  \t\t\t\t\t\t  \t\t\t\t\t<\/div>\n          \t\t\t\t\t<div class=\"box-text text-left\" >\n\t\t\t\t\t<div class=\"box-text-inner blog-post-inner\">\n\n\t\t\t\t\t\n\t\t\t\t\t\t\t\t\t\t<h5 class=\"post-title is-large \">\n\t\t\t\t\t\t<a href=\"https:\/\/carselect.touring.be\/fr\/blog\/assurance-jeune-conducteur-en-belgique-quelles-sont-les-options\/\" class=\"plain\">Assurance jeune conducteur en Belgique : quelles sont les options ?<\/a>\n\t\t\t\t\t<\/h5>\n\t\t\t\t\t\t\t\t\t\t<div class=\"is-divider\"><\/div>\n\t\t\t\t\t\t\t\t\t\t<p class=\"from_the_blog_excerpt \">\n\t\t\t\t\t\tL'assurance jeune conducteur en Belgique est co\u00fbteuse, mais il existe des astuces pour \u00e9conomiser ! [...]\t\t\t\t\t<\/p>\n\t\t\t\t\t                    \n\t\t\t\t\t\n\t\t\t\t\t\n\t\t\t\t\t<\/div>\n\t\t\t\t\t<\/div>\n\t\t\t\t\t\t\t\t\t<\/div>\n\t\t\t<\/div>\n\t\t<\/div><div class=\"col post-item\" >\n\t\t\t<div class=\"col-inner\">\n\t\t\t\t<div class=\"box box-normal box-text-bottom box-blog-post has-hover\">\n            \t\t\t\t\t<div class=\"box-image\" >\n  \t\t\t\t\t\t<div class=\"image-cover\" style=\"padding-top:56.25%;\">\n\t\t\t\t\t\t\t<a href=\"https:\/\/carselect.touring.be\/fr\/blog\/comprendre-la-taxe-de-circulation-en-belgique\/\" class=\"plain\" aria-label=\"Comprendre la taxe de circulation en Belgique\">\n\t\t\t\t\t\t\t\t<img loading=\"lazy\" decoding=\"async\" width=\"300\" height=\"200\" src=\"\/wp-content\/uploads\/2025\/04\/taxe-de-circulation-300x200.jpg\" class=\"attachment-medium size-medium wp-post-image\" alt=\"taxe de circulation belgique\" srcset=\"\/wp-content\/uploads\/2025\/04\/taxe-de-circulation-300x200.jpg 300w, \/wp-content\/uploads\/2025\/04\/taxe-de-circulation-768x511.jpg 768w, \/wp-content\/uploads\/2025\/04\/taxe-de-circulation.jpg 1000w\" sizes=\"auto, (max-width: 300px) 100vw, 300px\" \/>\t\t\t\t\t\t\t<\/a>\n  \t\t\t\t\t\t\t  \t\t\t\t\t\t\t  \t\t\t\t\t\t<\/div>\n  \t\t\t\t\t\t  \t\t\t\t\t<\/div>\n          \t\t\t\t\t<div class=\"box-text text-left\" >\n\t\t\t\t\t<div class=\"box-text-inner blog-post-inner\">\n\n\t\t\t\t\t\n\t\t\t\t\t\t\t\t\t\t<h5 class=\"post-title is-large \">\n\t\t\t\t\t\t<a href=\"https:\/\/carselect.touring.be\/fr\/blog\/comprendre-la-taxe-de-circulation-en-belgique\/\" class=\"plain\">Comprendre la taxe de circulation en Belgique<\/a>\n\t\t\t\t\t<\/h5>\n\t\t\t\t\t\t\t\t\t\t<div class=\"is-divider\"><\/div>\n\t\t\t\t\t\t\t\t\t\t<p class=\"from_the_blog_excerpt \">\n\t\t\t\t\t\tD\u00e9couvrez tout ce qu'il faut savoir sur la taxe de circulation : conseils pratiques et [...]\t\t\t\t\t<\/p>\n\t\t\t\t\t                    \n\t\t\t\t\t\n\t\t\t\t\t\n\t\t\t\t\t<\/div>\n\t\t\t\t\t<\/div>\n\t\t\t\t\t\t\t\t\t<\/div>\n\t\t\t<\/div>\n\t\t<\/div><div class=\"col post-item\" >\n\t\t\t<div class=\"col-inner\">\n\t\t\t\t<div class=\"box box-normal box-text-bottom box-blog-post has-hover\">\n            \t\t\t\t\t<div class=\"box-image\" >\n  \t\t\t\t\t\t<div class=\"image-cover\" style=\"padding-top:56.25%;\">\n\t\t\t\t\t\t\t<a href=\"https:\/\/carselect.touring.be\/fr\/blog\/quel-est-le-prix-dune-assurance-auto-par-an-le-guide-complet\/\" class=\"plain\" aria-label=\"Quel est le prix d&rsquo;une assurance auto par an ? Le guide complet\">\n\t\t\t\t\t\t\t\t<img loading=\"lazy\" decoding=\"async\" width=\"300\" height=\"200\" src=\"\/wp-content\/uploads\/2025\/03\/headerimage-prix-assurance-auto-300x200.jpg\" class=\"attachment-medium size-medium wp-post-image\" alt=\"prix assurance automobile\" srcset=\"\/wp-content\/uploads\/2025\/03\/headerimage-prix-assurance-auto-300x200.jpg 300w, \/wp-content\/uploads\/2025\/03\/headerimage-prix-assurance-auto-768x511.jpg 768w, \/wp-content\/uploads\/2025\/03\/headerimage-prix-assurance-auto.jpg 1000w\" sizes=\"auto, (max-width: 300px) 100vw, 300px\" \/>\t\t\t\t\t\t\t<\/a>\n  \t\t\t\t\t\t\t  \t\t\t\t\t\t\t  \t\t\t\t\t\t<\/div>\n  \t\t\t\t\t\t  \t\t\t\t\t<\/div>\n          \t\t\t\t\t<div class=\"box-text text-left\" >\n\t\t\t\t\t<div class=\"box-text-inner blog-post-inner\">\n\n\t\t\t\t\t\n\t\t\t\t\t\t\t\t\t\t<h5 class=\"post-title is-large \">\n\t\t\t\t\t\t<a href=\"https:\/\/carselect.touring.be\/fr\/blog\/quel-est-le-prix-dune-assurance-auto-par-an-le-guide-complet\/\" class=\"plain\">Quel est le prix d&rsquo;une assurance auto par an ? Le guide complet<\/a>\n\t\t\t\t\t<\/h5>\n\t\t\t\t\t\t\t\t\t\t<div class=\"is-divider\"><\/div>\n\t\t\t\t\t\t\t\t\t\t<p class=\"from_the_blog_excerpt \">\n\t\t\t\t\t\tQuel est le prix d'une assurance auto par an en Belgique ? D\u00e9couvrez les tarifs [...]\t\t\t\t\t<\/p>\n\t\t\t\t\t                    \n\t\t\t\t\t\n\t\t\t\t\t\n\t\t\t\t\t<\/div>\n\t\t\t\t\t<\/div>\n\t\t\t\t\t\t\t\t\t<\/div>\n\t\t\t<\/div>\n\t\t<\/div><div class=\"col post-item\" >\n\t\t\t<div class=\"col-inner\">\n\t\t\t\t<div class=\"box box-normal box-text-bottom box-blog-post has-hover\">\n            \t\t\t\t\t<div class=\"box-image\" >\n  \t\t\t\t\t\t<div class=\"image-cover\" style=\"padding-top:56.25%;\">\n\t\t\t\t\t\t\t<a href=\"https:\/\/carselect.touring.be\/fr\/blog\/voiture-autonome-quand-la-norme\/\" class=\"plain\" aria-label=\"Voiture Autonome : Quand Deviendra-t-elle la Norme ?\">\n\t\t\t\t\t\t\t\t<img loading=\"lazy\" decoding=\"async\" width=\"300\" height=\"200\" src=\"\/wp-content\/uploads\/2025\/03\/Header-voiture-autonome-300x200.jpg\" class=\"attachment-medium size-medium wp-post-image\" alt=\"voiture autonome en \u00e9tats-unis\" srcset=\"\/wp-content\/uploads\/2025\/03\/Header-voiture-autonome-300x200.jpg 300w, \/wp-content\/uploads\/2025\/03\/Header-voiture-autonome-768x511.jpg 768w, \/wp-content\/uploads\/2025\/03\/Header-voiture-autonome.jpg 1000w\" sizes=\"auto, (max-width: 300px) 100vw, 300px\" \/>\t\t\t\t\t\t\t<\/a>\n  \t\t\t\t\t\t\t  \t\t\t\t\t\t\t  \t\t\t\t\t\t<\/div>\n  \t\t\t\t\t\t  \t\t\t\t\t<\/div>\n          \t\t\t\t\t<div class=\"box-text text-left\" >\n\t\t\t\t\t<div class=\"box-text-inner blog-post-inner\">\n\n\t\t\t\t\t\n\t\t\t\t\t\t\t\t\t\t<h5 class=\"post-title is-large \">\n\t\t\t\t\t\t<a href=\"https:\/\/carselect.touring.be\/fr\/blog\/voiture-autonome-quand-la-norme\/\" class=\"plain\">Voiture Autonome : Quand Deviendra-t-elle la Norme ?<\/a>\n\t\t\t\t\t<\/h5>\n\t\t\t\t\t\t\t\t\t\t<div class=\"is-divider\"><\/div>\n\t\t\t\t\t\t\t\t\t\t<p class=\"from_the_blog_excerpt \">\n\t\t\t\t\t\tQu'est-ce qu'une voiture autonome et comment \u00e9volue cette technologie ? D\u00e9couvrez les types, la l\u00e9gislation [...]\t\t\t\t\t<\/p>\n\t\t\t\t\t                    \n\t\t\t\t\t\n\t\t\t\t\t\n\t\t\t\t\t<\/div>\n\t\t\t\t\t<\/div>\n\t\t\t\t\t\t\t\t\t<\/div>\n\t\t\t<\/div>\n\t\t<\/div><div class=\"col post-item\" >\n\t\t\t<div class=\"col-inner\">\n\t\t\t\t<div class=\"box box-normal box-text-bottom box-blog-post has-hover\">\n            \t\t\t\t\t<div class=\"box-image\" >\n  \t\t\t\t\t\t<div class=\"image-cover\" style=\"padding-top:56.25%;\">\n\t\t\t\t\t\t\t<a href=\"https:\/\/carselect.touring.be\/fr\/blog\/tout-savoir-sur-lautonomie-et-la-duree-de-vie-de-la-batterie-une-voiture-electrique\/\" class=\"plain\" aria-label=\"Tout savoir sur l\u2019autonomie et la dur\u00e9e de vie de la batterie d\u2019une voiture \u00e9lectrique\">\n\t\t\t\t\t\t\t\t<img loading=\"lazy\" decoding=\"async\" width=\"300\" height=\"163\" src=\"\/wp-content\/uploads\/2024\/12\/header-levensduur-1-300x163.jpg\" class=\"attachment-medium size-medium wp-post-image\" alt=\"Vue transparente d&#039;une batterie de voiture.\" srcset=\"\/wp-content\/uploads\/2024\/12\/header-levensduur-1-300x163.jpg 300w, \/wp-content\/uploads\/2024\/12\/header-levensduur-1-768x417.jpg 768w, \/wp-content\/uploads\/2024\/12\/header-levensduur-1.jpg 1000w\" sizes=\"auto, (max-width: 300px) 100vw, 300px\" \/>\t\t\t\t\t\t\t<\/a>\n  \t\t\t\t\t\t\t  \t\t\t\t\t\t\t  \t\t\t\t\t\t<\/div>\n  \t\t\t\t\t\t  \t\t\t\t\t<\/div>\n          \t\t\t\t\t<div class=\"box-text text-left\" >\n\t\t\t\t\t<div class=\"box-text-inner blog-post-inner\">\n\n\t\t\t\t\t\n\t\t\t\t\t\t\t\t\t\t<h5 class=\"post-title is-large \">\n\t\t\t\t\t\t<a href=\"https:\/\/carselect.touring.be\/fr\/blog\/tout-savoir-sur-lautonomie-et-la-duree-de-vie-de-la-batterie-une-voiture-electrique\/\" class=\"plain\">Tout savoir sur l\u2019autonomie et la dur\u00e9e de vie de la batterie d\u2019une voiture \u00e9lectrique<\/a>\n\t\t\t\t\t<\/h5>\n\t\t\t\t\t\t\t\t\t\t<div class=\"is-divider\"><\/div>\n\t\t\t\t\t\t\t\t\t\t<p class=\"from_the_blog_excerpt \">\n\t\t\t\t\t\tTout savoir sur l'autonomie et la dur\u00e9e de vie de la batterie des voitures \u00e9lectriques. [...]\t\t\t\t\t<\/p>\n\t\t\t\t\t                    \n\t\t\t\t\t\n\t\t\t\t\t\n\t\t\t\t\t<\/div>\n\t\t\t\t\t<\/div>\n\t\t\t\t\t\t\t\t\t<\/div>\n\t\t\t<\/div>\n\t\t<\/div><div class=\"col post-item\" >\n\t\t\t<div class=\"col-inner\">\n\t\t\t\t<div class=\"box box-normal box-text-bottom box-blog-post has-hover\">\n            \t\t\t\t\t<div class=\"box-image\" >\n  \t\t\t\t\t\t<div class=\"image-cover\" style=\"padding-top:56.25%;\">\n\t\t\t\t\t\t\t<a href=\"https:\/\/carselect.touring.be\/fr\/blog\/impact-caillou-carrosserie-reparation-restauration-et-prevention-des-dommages\/\" class=\"plain\" aria-label=\"Impact caillou carrosserie : R\u00e9paration, restauration et pr\u00e9vention des dommages\">\n\t\t\t\t\t\t\t\t<img loading=\"lazy\" decoding=\"async\" width=\"300\" height=\"200\" src=\"\/wp-content\/uploads\/2024\/12\/header-impact-caillou-carrosserie-300x200.jpg\" class=\"attachment-medium size-medium wp-post-image\" alt=\"impact caillou carrosserie\" srcset=\"\/wp-content\/uploads\/2024\/12\/header-impact-caillou-carrosserie-300x200.jpg 300w, \/wp-content\/uploads\/2024\/12\/header-impact-caillou-carrosserie-768x512.jpg 768w, \/wp-content\/uploads\/2024\/12\/header-impact-caillou-carrosserie.jpg 1000w\" sizes=\"auto, (max-width: 300px) 100vw, 300px\" \/>\t\t\t\t\t\t\t<\/a>\n  \t\t\t\t\t\t\t  \t\t\t\t\t\t\t  \t\t\t\t\t\t<\/div>\n  \t\t\t\t\t\t  \t\t\t\t\t<\/div>\n          \t\t\t\t\t<div class=\"box-text text-left\" >\n\t\t\t\t\t<div class=\"box-text-inner blog-post-inner\">\n\n\t\t\t\t\t\n\t\t\t\t\t\t\t\t\t\t<h5 class=\"post-title is-large \">\n\t\t\t\t\t\t<a href=\"https:\/\/carselect.touring.be\/fr\/blog\/impact-caillou-carrosserie-reparation-restauration-et-prevention-des-dommages\/\" class=\"plain\">Impact caillou carrosserie : R\u00e9paration, restauration et pr\u00e9vention des dommages<\/a>\n\t\t\t\t\t<\/h5>\n\t\t\t\t\t\t\t\t\t\t<div class=\"is-divider\"><\/div>\n\t\t\t\t\t\t\t\t\t\t<p class=\"from_the_blog_excerpt \">\n\t\t\t\t\t\tD\u00e9couvrez comment r\u00e9parer un pare-brise efficacement et des essuie-glaces avec notre guide pratique et des [...]\t\t\t\t\t<\/p>\n\t\t\t\t\t                    \n\t\t\t\t\t\n\t\t\t\t\t\n\t\t\t\t\t<\/div>\n\t\t\t\t\t<\/div>\n\t\t\t\t\t\t\t\t\t<\/div>\n\t\t\t<\/div>\n\t\t<\/div><div class=\"col post-item\" >\n\t\t\t<div class=\"col-inner\">\n\t\t\t\t<div class=\"box box-normal box-text-bottom box-blog-post has-hover\">\n            \t\t\t\t\t<div class=\"box-image\" >\n  \t\t\t\t\t\t<div class=\"image-cover\" style=\"padding-top:56.25%;\">\n\t\t\t\t\t\t\t<a href=\"https:\/\/carselect.touring.be\/fr\/blog\/meilleur-porte-velos-pour-votre-voiture-conseils-et-astuces\/\" class=\"plain\" aria-label=\"Le meilleur porte v\u00e9los pour votre voiture : conseils et astuces pour faire le bon choix\">\n\t\t\t\t\t\t\t\t<img loading=\"lazy\" decoding=\"async\" width=\"300\" height=\"191\" src=\"\/wp-content\/uploads\/2024\/12\/porte-velos-header-300x191.jpg\" class=\"attachment-medium size-medium wp-post-image\" alt=\"Porte-v\u00e9los pour la voiture mais sur la barre d&#039;attelage\" srcset=\"\/wp-content\/uploads\/2024\/12\/porte-velos-header-300x191.jpg 300w, \/wp-content\/uploads\/2024\/12\/porte-velos-header-768x490.jpg 768w, \/wp-content\/uploads\/2024\/12\/porte-velos-header.jpg 1000w\" sizes=\"auto, (max-width: 300px) 100vw, 300px\" \/>\t\t\t\t\t\t\t<\/a>\n  \t\t\t\t\t\t\t  \t\t\t\t\t\t\t  \t\t\t\t\t\t<\/div>\n  \t\t\t\t\t\t  \t\t\t\t\t<\/div>\n          \t\t\t\t\t<div class=\"box-text text-left\" >\n\t\t\t\t\t<div class=\"box-text-inner blog-post-inner\">\n\n\t\t\t\t\t\n\t\t\t\t\t\t\t\t\t\t<h5 class=\"post-title is-large \">\n\t\t\t\t\t\t<a href=\"https:\/\/carselect.touring.be\/fr\/blog\/meilleur-porte-velos-pour-votre-voiture-conseils-et-astuces\/\" class=\"plain\">Le meilleur porte v\u00e9los pour votre voiture : conseils et astuces pour faire le bon choix<\/a>\n\t\t\t\t\t<\/h5>\n\t\t\t\t\t\t\t\t\t\t<div class=\"is-divider\"><\/div>\n\t\t\t\t\t\t\t\t\t\t<p class=\"from_the_blog_excerpt \">\n\t\t\t\t\t\tD\u00e9couvrez comment choisir le porte-v\u00e9los id\u00e9al pour votre v\u00e9hicule. \u00c9vitez les erreurs courantes et optimisez [...]\t\t\t\t\t<\/p>\n\t\t\t\t\t                    \n\t\t\t\t\t\n\t\t\t\t\t\n\t\t\t\t\t<\/div>\n\t\t\t\t\t<\/div>\n\t\t\t\t\t\t\t\t\t<\/div>\n\t\t\t<\/div>\n\t\t<\/div><\/div>\n\n\n\t\t<\/div>\n\t\t\t\t\t<\/div>\n\n\t\n\n<\/div>\n<div class=\"row\"  id=\"row-611137894\">\n\n\n\t<div id=\"col-818578015\" class=\"col small-12 large-12\"  >\n\t\t\t\t<div class=\"col-inner\"  >\n\t\t\t\n\t\t\t\n\n\n  <div class=\"banner has-hover\" id=\"banner-318593255\">\n          <div class=\"banner-inner fill\">\n        <div class=\"banner-bg fill\" >\n            <img loading=\"lazy\" decoding=\"async\" width=\"1440\" height=\"160\" src=\"\/wp-content\/uploads\/2025\/01\/Mask-group.png\" class=\"bg attachment-original size-original\" alt=\"\" \/>                                    \n                    <\/div>\n\t\t\n        <div class=\"banner-layers container\">\n            <div class=\"fill banner-link\"><\/div>            \n\n   <div id=\"text-box-2024409281\" class=\"text-box banner-layer x100 md-x100 lg-x100 y10 md-y10 lg-y10 res-text\">\n                                <div class=\"text-box-content text dark\">\n              \n              <div class=\"text-inner text-center\">\n                  \n\n<h2><em>Achetez votre<\/em><\/h2>\n<h2><em>Voiture de r\u00eave<\/em><\/h2>\n<a href=\"https:\/\/carselect.touring.be\/fr\/acheter-une-voiture\/\" class=\"button success\"  >\n\t\t<span>D\u00e9couvrez<\/span>\n\t<\/a>\n\n\n\n              <\/div>\n           <\/div>\n                            \n<style>\n#text-box-2024409281 {\n  width: 35%;\n}\n#text-box-2024409281 .text-box-content {\n  font-size: 100%;\n}\n<\/style>\n    <\/div>\n \n\n        <\/div>\n      <\/div>\n\n            \n<style>\n#banner-318593255 {\n  padding-top: 250px;\n}\n#banner-318593255 .banner-bg img {\n  object-position: 22% 0%;\n}\n<\/style>\n  <\/div>\n\n\n\n\t\t<\/div>\n\t\t\t\t\t<\/div>\n\n\t\n\n<\/div>\n\n\t\t<\/div>\n\n\t\t\n<style>\n#section_1683632142 {\n  padding-top: 0px;\n  padding-bottom: 0px;\n}\n<\/style>\n\t<\/section>\n\t\n\n\n\n<p><\/p>\n","protected":false},"excerpt":{"rendered":"<p>Leasing particulier ou professionnel ? D\u00e9couvrez 6 diff\u00e9rences cl\u00e9s et l\u2019option la plus avantageuse pour vous. Votre choix sera vite fait !<\/p>\n","protected":false},"author":28,"featured_media":14233,"comment_status":"closed","ping_status":"open","sticky":false,"template":"","format":"standard","meta":{"footnotes":""},"categories":[75],"tags":[],"class_list":["post-14229","post","type-post","status-publish","format-standard","has-post-thumbnail","hentry","category-conseils"],"yoast_head":"<!-- This site is optimized with the Yoast SEO Premium plugin v24.0 (Yoast SEO v24.0) - https:\/\/yoast.com\/wordpress\/plugins\/seo\/ -->\n<title>Leasing professionnel vs. leasing particulier: quelle formule? - Touring Dealer<\/title>\n<meta name=\"description\" content=\"Leasing particulier ou professionnel ? D\u00e9couvrez 6 diff\u00e9rences cl\u00e9s et l\u2019option la plus avantageuse pour vous. Votre choix sera vite fait !\" \/>\n<meta name=\"robots\" content=\"index, follow, max-snippet:-1, max-image-preview:large, max-video-preview:-1\" \/>\n<link rel=\"canonical\" href=\"https:\/\/carselect.touring.be\/fr\/blog\/leasing-professionnel-vs-leasing-particulier-quelle-formule\/\" \/>\n<meta property=\"og:locale\" content=\"fr_FR\" \/>\n<meta property=\"og:type\" content=\"article\" \/>\n<meta property=\"og:title\" content=\"Leasing professionnel vs. leasing particulier: quelle formule?\" \/>\n<meta property=\"og:description\" content=\"Leasing particulier ou professionnel ? D\u00e9couvrez 6 diff\u00e9rences cl\u00e9s et l\u2019option la plus avantageuse pour vous. Votre choix sera vite fait !\" \/>\n<meta property=\"og:url\" content=\"https:\/\/carselect.touring.be\/fr\/blog\/leasing-professionnel-vs-leasing-particulier-quelle-formule\/\" \/>\n<meta property=\"og:site_name\" content=\"Touring Dealer\" \/>\n<meta property=\"article:published_time\" content=\"2025-09-01T16:25:08+00:00\" \/>\n<meta property=\"article:modified_time\" content=\"2025-09-04T06:48:52+00:00\" \/>\n<meta property=\"og:image\" content=\"https:\/\/carselect.touring.be\/wp-content\/uploads\/2025\/09\/leasing-particulier-vs-professionel.jpg\" \/>\n\t<meta property=\"og:image:width\" content=\"1000\" \/>\n\t<meta property=\"og:image:height\" content=\"666\" \/>\n\t<meta property=\"og:image:type\" content=\"image\/jpeg\" \/>\n<meta name=\"author\" content=\"Storme Wouter\" \/>\n<meta name=\"twitter:card\" content=\"summary_large_image\" \/>\n<meta name=\"twitter:label1\" content=\"\u00c9crit par\" \/>\n\t<meta name=\"twitter:data1\" content=\"Storme Wouter\" \/>\n\t<meta name=\"twitter:label2\" content=\"Dur\u00e9e de lecture est.\" \/>\n\t<meta name=\"twitter:data2\" content=\"18 minutes\" \/>\n<script type=\"application\/ld+json\" class=\"yoast-schema-graph\">{\"@context\":\"https:\/\/schema.org\",\"@graph\":[{\"@type\":\"Article\",\"@id\":\"https:\/\/carselect.touring.be\/fr\/blog\/leasing-professionnel-vs-leasing-particulier-quelle-formule\/#article\",\"isPartOf\":{\"@id\":\"https:\/\/carselect.touring.be\/fr\/blog\/leasing-professionnel-vs-leasing-particulier-quelle-formule\/\"},\"author\":{\"name\":\"Storme Wouter\",\"@id\":\"https:\/\/carselect.touring.be\/fr\/#\/schema\/person\/ac266868402e795f000a152b0f4fd4d8\"},\"headline\":\"Leasing professionnel vs. leasing particulier: quelle formule?\",\"datePublished\":\"2025-09-01T16:25:08+00:00\",\"dateModified\":\"2025-09-04T06:48:52+00:00\",\"mainEntityOfPage\":{\"@id\":\"https:\/\/carselect.touring.be\/fr\/blog\/leasing-professionnel-vs-leasing-particulier-quelle-formule\/\"},\"wordCount\":3908,\"publisher\":{\"@id\":\"https:\/\/carselect.touring.be\/fr\/#organization\"},\"image\":{\"@id\":\"https:\/\/carselect.touring.be\/fr\/blog\/leasing-professionnel-vs-leasing-particulier-quelle-formule\/#primaryimage\"},\"thumbnailUrl\":\"\/wp-content\/uploads\/2025\/09\/leasing-particulier-vs-professionel.jpg\",\"articleSection\":[\"Conseils\"],\"inLanguage\":\"fr-BE\"},{\"@type\":\"WebPage\",\"@id\":\"https:\/\/carselect.touring.be\/fr\/blog\/leasing-professionnel-vs-leasing-particulier-quelle-formule\/\",\"url\":\"https:\/\/carselect.touring.be\/fr\/blog\/leasing-professionnel-vs-leasing-particulier-quelle-formule\/\",\"name\":\"Leasing professionnel vs. leasing particulier: quelle formule? - Touring Dealer\",\"isPartOf\":{\"@id\":\"https:\/\/carselect.touring.be\/fr\/#website\"},\"primaryImageOfPage\":{\"@id\":\"https:\/\/carselect.touring.be\/fr\/blog\/leasing-professionnel-vs-leasing-particulier-quelle-formule\/#primaryimage\"},\"image\":{\"@id\":\"https:\/\/carselect.touring.be\/fr\/blog\/leasing-professionnel-vs-leasing-particulier-quelle-formule\/#primaryimage\"},\"thumbnailUrl\":\"\/wp-content\/uploads\/2025\/09\/leasing-particulier-vs-professionel.jpg\",\"datePublished\":\"2025-09-01T16:25:08+00:00\",\"dateModified\":\"2025-09-04T06:48:52+00:00\",\"description\":\"Leasing particulier ou professionnel ? D\u00e9couvrez 6 diff\u00e9rences cl\u00e9s et l\u2019option la plus avantageuse pour vous. Votre choix sera vite fait !\",\"breadcrumb\":{\"@id\":\"https:\/\/carselect.touring.be\/fr\/blog\/leasing-professionnel-vs-leasing-particulier-quelle-formule\/#breadcrumb\"},\"inLanguage\":\"fr-BE\",\"potentialAction\":[{\"@type\":\"ReadAction\",\"target\":[\"https:\/\/carselect.touring.be\/fr\/blog\/leasing-professionnel-vs-leasing-particulier-quelle-formule\/\"]}]},{\"@type\":\"ImageObject\",\"inLanguage\":\"fr-BE\",\"@id\":\"https:\/\/carselect.touring.be\/fr\/blog\/leasing-professionnel-vs-leasing-particulier-quelle-formule\/#primaryimage\",\"url\":\"\/wp-content\/uploads\/2025\/09\/leasing-particulier-vs-professionel.jpg\",\"contentUrl\":\"\/wp-content\/uploads\/2025\/09\/leasing-particulier-vs-professionel.jpg\",\"width\":1000,\"height\":666,\"caption\":\"leasing particulier ou professionel\"},{\"@type\":\"BreadcrumbList\",\"@id\":\"https:\/\/carselect.touring.be\/fr\/blog\/leasing-professionnel-vs-leasing-particulier-quelle-formule\/#breadcrumb\",\"itemListElement\":[{\"@type\":\"ListItem\",\"position\":1,\"name\":\"Home\",\"item\":\"https:\/\/carselect.touring.be\/fr\/\"},{\"@type\":\"ListItem\",\"position\":2,\"name\":\"Leasing professionnel vs. leasing particulier: quelle formule?\"}]},{\"@type\":\"WebSite\",\"@id\":\"https:\/\/carselect.touring.be\/fr\/#website\",\"url\":\"https:\/\/carselect.touring.be\/fr\/\",\"name\":\"Touring CarSelect\",\"description\":\"\",\"publisher\":{\"@id\":\"https:\/\/carselect.touring.be\/fr\/#organization\"},\"potentialAction\":[{\"@type\":\"SearchAction\",\"target\":{\"@type\":\"EntryPoint\",\"urlTemplate\":\"https:\/\/carselect.touring.be\/fr\/?s={search_term_string}\"},\"query-input\":{\"@type\":\"PropertyValueSpecification\",\"valueRequired\":true,\"valueName\":\"search_term_string\"}}],\"inLanguage\":\"fr-BE\"},{\"@type\":\"Organization\",\"@id\":\"https:\/\/carselect.touring.be\/fr\/#organization\",\"name\":\"Touring CarSelect\",\"url\":\"https:\/\/carselect.touring.be\/fr\/\",\"logo\":{\"@type\":\"ImageObject\",\"inLanguage\":\"fr-BE\",\"@id\":\"https:\/\/carselect.touring.be\/fr\/#\/schema\/logo\/image\/\",\"url\":\"\/wp-content\/uploads\/2024\/04\/Touring-Car-Select-Logo.png\",\"contentUrl\":\"\/wp-content\/uploads\/2024\/04\/Touring-Car-Select-Logo.png\",\"width\":154,\"height\":53,\"caption\":\"Touring CarSelect\"},\"image\":{\"@id\":\"https:\/\/carselect.touring.be\/fr\/#\/schema\/logo\/image\/\"}},{\"@type\":\"Person\",\"@id\":\"https:\/\/carselect.touring.be\/fr\/#\/schema\/person\/ac266868402e795f000a152b0f4fd4d8\",\"name\":\"Storme Wouter\",\"image\":{\"@type\":\"ImageObject\",\"inLanguage\":\"fr-BE\",\"@id\":\"https:\/\/carselect.touring.be\/fr\/#\/schema\/person\/image\/\",\"url\":\"https:\/\/secure.gravatar.com\/avatar\/84473de8cbf4200af853908f03b9ea9e?s=96&d=mm&r=g\",\"contentUrl\":\"https:\/\/secure.gravatar.com\/avatar\/84473de8cbf4200af853908f03b9ea9e?s=96&d=mm&r=g\",\"caption\":\"Storme Wouter\"},\"url\":\"https:\/\/carselect.touring.be\/fr\/blog\/author\/storme-wouter\/\"}]}<\/script>\n<!-- \/ Yoast SEO Premium plugin. -->","yoast_head_json":{"title":"Leasing professionnel vs. leasing particulier: quelle formule? - Touring Dealer","description":"Leasing particulier ou professionnel ? D\u00e9couvrez 6 diff\u00e9rences cl\u00e9s et l\u2019option la plus avantageuse pour vous. Votre choix sera vite fait !","robots":{"index":"index","follow":"follow","max-snippet":"max-snippet:-1","max-image-preview":"max-image-preview:large","max-video-preview":"max-video-preview:-1"},"canonical":"https:\/\/carselect.touring.be\/fr\/blog\/leasing-professionnel-vs-leasing-particulier-quelle-formule\/","og_locale":"fr_FR","og_type":"article","og_title":"Leasing professionnel vs. leasing particulier: quelle formule?","og_description":"Leasing particulier ou professionnel ? D\u00e9couvrez 6 diff\u00e9rences cl\u00e9s et l\u2019option la plus avantageuse pour vous. Votre choix sera vite fait !","og_url":"https:\/\/carselect.touring.be\/fr\/blog\/leasing-professionnel-vs-leasing-particulier-quelle-formule\/","og_site_name":"Touring Dealer","article_published_time":"2025-09-01T16:25:08+00:00","article_modified_time":"2025-09-04T06:48:52+00:00","og_image":[{"width":1000,"height":666,"url":"https:\/\/carselect.touring.be\/wp-content\/uploads\/2025\/09\/leasing-particulier-vs-professionel.jpg","type":"image\/jpeg"}],"author":"Storme Wouter","twitter_card":"summary_large_image","twitter_misc":{"\u00c9crit par":"Storme Wouter","Dur\u00e9e de lecture est.":"18 minutes"},"schema":{"@context":"https:\/\/schema.org","@graph":[{"@type":"Article","@id":"https:\/\/carselect.touring.be\/fr\/blog\/leasing-professionnel-vs-leasing-particulier-quelle-formule\/#article","isPartOf":{"@id":"https:\/\/carselect.touring.be\/fr\/blog\/leasing-professionnel-vs-leasing-particulier-quelle-formule\/"},"author":{"name":"Storme Wouter","@id":"https:\/\/carselect.touring.be\/fr\/#\/schema\/person\/ac266868402e795f000a152b0f4fd4d8"},"headline":"Leasing professionnel vs. leasing particulier: quelle formule?","datePublished":"2025-09-01T16:25:08+00:00","dateModified":"2025-09-04T06:48:52+00:00","mainEntityOfPage":{"@id":"https:\/\/carselect.touring.be\/fr\/blog\/leasing-professionnel-vs-leasing-particulier-quelle-formule\/"},"wordCount":3908,"publisher":{"@id":"https:\/\/carselect.touring.be\/fr\/#organization"},"image":{"@id":"https:\/\/carselect.touring.be\/fr\/blog\/leasing-professionnel-vs-leasing-particulier-quelle-formule\/#primaryimage"},"thumbnailUrl":"\/wp-content\/uploads\/2025\/09\/leasing-particulier-vs-professionel.jpg","articleSection":["Conseils"],"inLanguage":"fr-BE"},{"@type":"WebPage","@id":"https:\/\/carselect.touring.be\/fr\/blog\/leasing-professionnel-vs-leasing-particulier-quelle-formule\/","url":"https:\/\/carselect.touring.be\/fr\/blog\/leasing-professionnel-vs-leasing-particulier-quelle-formule\/","name":"Leasing professionnel vs. leasing particulier: quelle formule? - Touring Dealer","isPartOf":{"@id":"https:\/\/carselect.touring.be\/fr\/#website"},"primaryImageOfPage":{"@id":"https:\/\/carselect.touring.be\/fr\/blog\/leasing-professionnel-vs-leasing-particulier-quelle-formule\/#primaryimage"},"image":{"@id":"https:\/\/carselect.touring.be\/fr\/blog\/leasing-professionnel-vs-leasing-particulier-quelle-formule\/#primaryimage"},"thumbnailUrl":"\/wp-content\/uploads\/2025\/09\/leasing-particulier-vs-professionel.jpg","datePublished":"2025-09-01T16:25:08+00:00","dateModified":"2025-09-04T06:48:52+00:00","description":"Leasing particulier ou professionnel ? D\u00e9couvrez 6 diff\u00e9rences cl\u00e9s et l\u2019option la plus avantageuse pour vous. Votre choix sera vite fait !","breadcrumb":{"@id":"https:\/\/carselect.touring.be\/fr\/blog\/leasing-professionnel-vs-leasing-particulier-quelle-formule\/#breadcrumb"},"inLanguage":"fr-BE","potentialAction":[{"@type":"ReadAction","target":["https:\/\/carselect.touring.be\/fr\/blog\/leasing-professionnel-vs-leasing-particulier-quelle-formule\/"]}]},{"@type":"ImageObject","inLanguage":"fr-BE","@id":"https:\/\/carselect.touring.be\/fr\/blog\/leasing-professionnel-vs-leasing-particulier-quelle-formule\/#primaryimage","url":"\/wp-content\/uploads\/2025\/09\/leasing-particulier-vs-professionel.jpg","contentUrl":"\/wp-content\/uploads\/2025\/09\/leasing-particulier-vs-professionel.jpg","width":1000,"height":666,"caption":"leasing particulier ou professionel"},{"@type":"BreadcrumbList","@id":"https:\/\/carselect.touring.be\/fr\/blog\/leasing-professionnel-vs-leasing-particulier-quelle-formule\/#breadcrumb","itemListElement":[{"@type":"ListItem","position":1,"name":"Home","item":"https:\/\/carselect.touring.be\/fr\/"},{"@type":"ListItem","position":2,"name":"Leasing professionnel vs. leasing particulier: quelle formule?"}]},{"@type":"WebSite","@id":"https:\/\/carselect.touring.be\/fr\/#website","url":"https:\/\/carselect.touring.be\/fr\/","name":"Touring CarSelect","description":"","publisher":{"@id":"https:\/\/carselect.touring.be\/fr\/#organization"},"potentialAction":[{"@type":"SearchAction","target":{"@type":"EntryPoint","urlTemplate":"https:\/\/carselect.touring.be\/fr\/?s={search_term_string}"},"query-input":{"@type":"PropertyValueSpecification","valueRequired":true,"valueName":"search_term_string"}}],"inLanguage":"fr-BE"},{"@type":"Organization","@id":"https:\/\/carselect.touring.be\/fr\/#organization","name":"Touring CarSelect","url":"https:\/\/carselect.touring.be\/fr\/","logo":{"@type":"ImageObject","inLanguage":"fr-BE","@id":"https:\/\/carselect.touring.be\/fr\/#\/schema\/logo\/image\/","url":"\/wp-content\/uploads\/2024\/04\/Touring-Car-Select-Logo.png","contentUrl":"\/wp-content\/uploads\/2024\/04\/Touring-Car-Select-Logo.png","width":154,"height":53,"caption":"Touring CarSelect"},"image":{"@id":"https:\/\/carselect.touring.be\/fr\/#\/schema\/logo\/image\/"}},{"@type":"Person","@id":"https:\/\/carselect.touring.be\/fr\/#\/schema\/person\/ac266868402e795f000a152b0f4fd4d8","name":"Storme Wouter","image":{"@type":"ImageObject","inLanguage":"fr-BE","@id":"https:\/\/carselect.touring.be\/fr\/#\/schema\/person\/image\/","url":"https:\/\/secure.gravatar.com\/avatar\/84473de8cbf4200af853908f03b9ea9e?s=96&d=mm&r=g","contentUrl":"https:\/\/secure.gravatar.com\/avatar\/84473de8cbf4200af853908f03b9ea9e?s=96&d=mm&r=g","caption":"Storme Wouter"},"url":"https:\/\/carselect.touring.be\/fr\/blog\/author\/storme-wouter\/"}]}},"_links":{"self":[{"href":"https:\/\/carselect.touring.be\/fr\/wp-json\/wp\/v2\/posts\/14229","targetHints":{"allow":["GET"]}}],"collection":[{"href":"https:\/\/carselect.touring.be\/fr\/wp-json\/wp\/v2\/posts"}],"about":[{"href":"https:\/\/carselect.touring.be\/fr\/wp-json\/wp\/v2\/types\/post"}],"author":[{"embeddable":true,"href":"https:\/\/carselect.touring.be\/fr\/wp-json\/wp\/v2\/users\/28"}],"replies":[{"embeddable":true,"href":"https:\/\/carselect.touring.be\/fr\/wp-json\/wp\/v2\/comments?post=14229"}],"version-history":[{"count":2,"href":"https:\/\/carselect.touring.be\/fr\/wp-json\/wp\/v2\/posts\/14229\/revisions"}],"predecessor-version":[{"id":14237,"href":"https:\/\/carselect.touring.be\/fr\/wp-json\/wp\/v2\/posts\/14229\/revisions\/14237"}],"wp:featuredmedia":[{"embeddable":true,"href":"https:\/\/carselect.touring.be\/fr\/wp-json\/wp\/v2\/media\/14233"}],"wp:attachment":[{"href":"https:\/\/carselect.touring.be\/fr\/wp-json\/wp\/v2\/media?parent=14229"}],"wp:term":[{"taxonomy":"category","embeddable":true,"href":"https:\/\/carselect.touring.be\/fr\/wp-json\/wp\/v2\/categories?post=14229"},{"taxonomy":"post_tag","embeddable":true,"href":"https:\/\/carselect.touring.be\/fr\/wp-json\/wp\/v2\/tags?post=14229"}],"curies":[{"name":"wp","href":"https:\/\/api.w.org\/{rel}","templated":true}]}}