{"id":14126,"date":"2025-07-29T20:18:22","date_gmt":"2025-07-29T18:18:22","guid":{"rendered":"https:\/\/carselect.touring.be\/blog\/vendre-voiture-sans-controle-technique-voici-comment-le-faire-100-legalement-en-belgique\/"},"modified":"2025-07-29T20:23:35","modified_gmt":"2025-07-29T18:23:35","slug":"vendre-voiture-sans-controle-technique-en-belgique","status":"publish","type":"post","link":"https:\/\/carselect.touring.be\/fr\/blog\/vendre-voiture-sans-controle-technique-en-belgique\/","title":{"rendered":"Vendre voiture sans contr\u00f4le technique ? Voici comment le faire 100 % l\u00e9galement en Belgique"},"content":{"rendered":"\n\n\n<style>\n.banner-carousel div[class$=\"-banner\"] {\n  display: none;\n}\n\n.banner-carousel div[class$=\"-banner\"]:first-child,\n.banner-carousel.flickity-enabled div[class$=\"-banner\"] {\n  display: inline-flex;\n} \n\n  .roadside-margin-top {\n    margin-top: 0px;\n  }\n\n  .roadside-margin-top-stock {\n    margin-top: 24px;\n  }\n\n  .roadside-assistance-banner {\n    background-color: #E4EDF4;\n    color: var(--primary-color);\n    text-align: center;\n    height: 56px;\n    font-weight: bold;\n    position: static;\n    box-shadow: rgba(0, 0, 0, 0.15) 1px 1px 10px;\n  }\n\n  .roadside-assistance-banner img {\n    height: 30px;\n  }\n\n  .roadside-assistance-banner .full-banner-button {\n    color: var(--primary-color);\n    cursor: pointer;\n    display: inline-flex;\n    align-items: center;\n    justify-content: center;\n    height: 56px;\n  }\n\n.banner-carousel-container .quality-check-banner, \n.banner-carousel-container  .roadside-banner, \n.banner-carousel-container .stock-banner {\n    color: var(--primary-color);\n    display: inline-flex;\n    align-items: center;\n    justify-content: center;\n    height: 56px;\n  }\n\n  .roadside-assistance-banner.mobile-only .banner-text {\n    padding-right: 8px;\n    padding-left: 8px;\n    margin: 0px;\n  }\n\n  .roadside-assistance-banner .banner-text {\n    font-weight: bold;\n    margin-right: 24px;\n    margin-left: 8px;\n    font-size: 18px;\n  }\n\n  .roadside-assistance-banner.desktop-only {\n    height: 56px;\n    line-height: 56px;\n    width: 100%;\n  }\n  \n  .more-info-button {\n    color: white;\n    background-color: var(--primary-color);\n    padding: 6px 10px;\n    cursor: pointer;\n    border-radius: 5px;\n  }\n\n  .more-info-button:hover, .blog-single a:focus {\n    color: white!important;\n  }\n\n  .roadside-assistance-popup .roadside-assistance-title {\n    text-align: center;\n    margin-bottom: 8px; line-height: 15px;\n  }\n\n .roadside-assistance-popup .roadside-assistance-list {\n    display: flex;\n    flex-direction: column;\n    font-size: 16px;\n  }\n\n .roadside-assistance-popup .roadside-assistance-item {\n    display: flex;\n    align-items: baseline;\n    position: relative;\n    margin-bottom: 10px;\n  }\n\n .roadside-assistance-popup .roadside-assistance-circle {\n    width: 20px;\n    min-width: 20px;\n    height: 20px;\n    border-radius: 50%;\n    background-color: var(--primary-color);\n    display: flex;\n    justify-content: center;\n    align-items: center;\n    font-weight: bold;\n    position: relative;\n    color: white;\n  }\n\n .roadside-assistance-popup .roadside-assistance-text {\n    margin-left: 8px;\n    color: var(--primary-color);\n    line-height: 16px;\n  }\n\n .roadside-assistance-popup .roadside-assistance-item:not(:last-child)::before {\n    content: \"\";\n    position: absolute;\n    width: 1px;\n    height: 28px;\n    background-color: var(--primary-color);\n    left: 10px;\n    top: 20px;\n  }\n\n .roadside-assistance-popup .roadside-assistance-item:nth-child(3)::after {\n    content: \"\";\n    position: absolute;\n    left: 7px;\n    top: 40px;\n    border: solid var(--primary-color);\n    border-width: 0 1px 1px 0;\n    padding: 3px;\n    transform: rotate(45deg);\n    -webkit-transform: rotate(45deg);\n  }\n\n  .roadside-assistance-popup .roadside-assistance-item:last-child {\n    padding-top: 20px;\n  }\n\n  .roadside-assistance-popup .roadside-assistance-item:last-child .roadside-assistance-circle {\n    padding-top: 1px;\n    background-color: #08ccb4;\n    color: white;\n  }\n\n  .roadside-assistance-popup .roadside-assistance-sublist {\n    color:var(--primary-color);\n    font-size: 16px;\n    padding-left: 28px;\n  }\n\n  .roadside-assistance-popup .roadside-assistance-sublist .checkmark {\n    color: var(--primary-color);\n  }\n\n  .roadside-assistance-popup.lightbox-content {\n    background-color: unset;\n    box-shadow: unset;\n  }\n\n  .roadside-assistance-popup .dialog-container > .col-inner {\n    box-shadow: 3px 3px 20px 0 rgba(0, 0, 0, .15);\n  }\n\n  @media only screen and (max-width: 800px) {\n    .roadside-assistance-banner {\n      z-index: 1000;\n    }\n\n    .roadside-assistance-banner.mobile-only {\n      display: block !important;\n    }\n\n    .roadside-assistance-banner.desktop-only {\n      display: none;\n    }\n  }\n\n  @media only screen and (min-width: 801px) {\n    .roadside-assistance-banner {\n      z-index: 8;\n    }\n\n    .roadside-assistance-banner.mobile-only {\n      display: none;\n    }\n\n    .roadside-assistance-banner.desktop-only {\n      display: block;\n    }\n  }\n\n  @media only screen and (max-width: 548px) {\n    #stock-general .stock-general__header-order--3 {\n      margin-top: 12px;\n    }\n  }\n  .roadside-assistance-popup .service-link.button.close {\n    font-size: 16px;\n    margin-left: 8px;\n  }\n\n  .roadside-assistance-popup .car-item-detail {\n    align-items: center;\n  }\n\n  .article-text, .default-text  {\n    display: none;\n  }\n\n  @media only screen and (max-width: 500px) {\n    .roadside-assistance-banner.mobile-only .banner-text {\n      font-size: 14px;\n      line-height: 16px;\n    }\n  }\n\n  @media only screen and (max-width: 405px) {\n    .roadside-assistance-banner.mobile-only .article-text {\n      width: 75%;\n    }\n  }\n\n  .roadside-assistance-banner.mobile-only img {\n    margin-left: 8px;\n  }\n\n  article .roadside-assistance-banner {\n    width: 100vw !important;\n    margin-left: calc(50% - 50vw);\n  }\n<\/style>\n\n\n\n<div class=\"roadside-assistance-banner desktop-only banner-carousel-container\"> \n  <div class=\"banner-carousel\">\n    <div class=\"quality-check-banner\">\n<svg width=\"24\" height=\"24\" viewBox=\"0 0 24 24\" fill=\"none\" xmlns=\"http:\/\/www.w3.org\/2000\/svg\">\n<path d=\"M4 12.5L9.5 17L19 7\" stroke=\"#00418c\" stroke-width=\"2.5\" stroke-linecap=\"round\" stroke-linejoin=\"round\"\/>\n<\/svg>\n      <span class=\"banner-text\">\nContr\u00f4les de qualit\u00e9 par Touring\n      <\/span>\n    <\/div>\n    <div class=\"roadside-banner\">\n<svg width=\"24\" height=\"24\" viewBox=\"0 0 24 24\" fill=\"none\" xmlns=\"http:\/\/www.w3.org\/2000\/svg\">\n<path d=\"M4 12.5L9.5 17L19 7\" stroke=\"#00418c\" stroke-width=\"2.5\" stroke-linecap=\"round\" stroke-linejoin=\"round\"\/>\n<\/svg>\n      <span class=\"banner-text default-text\">\n12 mois de d\u00e9pannage offerts\n      <\/span>\n      <span class=\"banner-text article-text\">\nD\u00e9couvrez notre large stock de voitures d\u2019occasion fiables\n      <\/span>\n    <\/div>\n    <div class=\"stock-banner\">\n<svg width=\"24\" height=\"24\" viewBox=\"0 0 24 24\" fill=\"none\" xmlns=\"http:\/\/www.w3.org\/2000\/svg\">\n<path d=\"M4 12.5L9.5 17L19 7\" stroke=\"#00418c\" stroke-width=\"2.5\" stroke-linecap=\"round\" stroke-linejoin=\"round\"\/>\n<\/svg>\n      <span class=\"banner-text\">\n<span class=\"stock-count\">0<\/span> voitures disponibles\n      <\/span>\n    <\/div>\n  <\/div>\n<\/div>\n\n\n\n<div class=\"roadside-assistance-banner mobile-only banner-carousel-container\"> \n  <div class=\"banner-carousel\">\n    <div class=\"quality-check-banner\">\n<svg width=\"24\" height=\"24\" viewBox=\"0 0 24 24\" fill=\"none\" xmlns=\"http:\/\/www.w3.org\/2000\/svg\">\n<path d=\"M4 12.5L9.5 17L19 7\" stroke=\"#00418c\" stroke-width=\"2.5\" stroke-linecap=\"round\" stroke-linejoin=\"round\"\/>\n<\/svg>\n      <span class=\"banner-text\">\nContr\u00f4les de qualit\u00e9 par Touring\n      <\/span>\n    <\/div>\n    <div class=\"roadside-banner\">\n<svg width=\"24\" height=\"24\" viewBox=\"0 0 24 24\" fill=\"none\" xmlns=\"http:\/\/www.w3.org\/2000\/svg\">\n<path d=\"M4 12.5L9.5 17L19 7\" stroke=\"#00418c\" stroke-width=\"2.5\" stroke-linecap=\"round\" stroke-linejoin=\"round\"\/>\n<\/svg>\n        <span class=\"banner-text default-text\">\n12 mois de d\u00e9pannage offerts\n        <\/span>\n        <span class=\"banner-text article-text\">\nD\u00e9couvrez notre large stock de voitures d\u2019occasion fiables\n        <\/span>\n    <\/div>\n    <div class=\"stock-banner\">\n<svg width=\"24\" height=\"24\" viewBox=\"0 0 24 24\" fill=\"none\" xmlns=\"http:\/\/www.w3.org\/2000\/svg\">\n<path d=\"M4 12.5L9.5 17L19 7\" stroke=\"#00418c\" stroke-width=\"2.5\" stroke-linecap=\"round\" stroke-linejoin=\"round\"\/>\n<\/svg>\n      <span class=\"banner-text\">\n<span class=\"stock-count\">0<\/span> voitures disponibles\n      <\/span>\n    <\/div>\n  <\/div>\n<\/div>\n\n<div class=\"row align-center roadside-assistance-popup lightbox-by-id lightbox-content lightbox-white mfp-hide\"  id=\"row-1690728228\">\n\n\n\t<div id=\"col-2015906011\" class=\"col dialog-container medium-6 small-12 large-6\"  >\n\t\t\t\t<div class=\"col-inner\" style=\"background-color:rgb(255, 255, 255);\" >\n\t\t\t\n\t\t\t\n\n\t<div class=\"img has-hover x md-x lg-x y md-y lg-y\" id=\"image_1875990706\">\n\t\t\t\t\t\t\t\t<div class=\"img-inner dark\" >\n\t\t\t<img loading=\"lazy\" decoding=\"async\" width=\"1020\" height=\"680\" src=\"\/wp-content\/uploads\/2025\/04\/Touring_221026_3058_NL-1-1024x683.webp\" class=\"attachment-large size-large\" alt=\"Roadside Assistance Banner NL\" srcset=\"\/wp-content\/uploads\/2025\/04\/Touring_221026_3058_NL-1-1024x683.webp 1024w, \/wp-content\/uploads\/2025\/04\/Touring_221026_3058_NL-1-300x200.webp 300w, \/wp-content\/uploads\/2025\/04\/Touring_221026_3058_NL-1-768x512.webp 768w, \/wp-content\/uploads\/2025\/04\/Touring_221026_3058_NL-1-1536x1024.webp 1536w, \/wp-content\/uploads\/2025\/04\/Touring_221026_3058_NL-1-2048x1365.webp 2048w\" sizes=\"auto, (max-width: 1020px) 100vw, 1020px\" \/>\t\t\t\t\t\t\n\t\t\t\t\t<\/div>\n\t\t\t\t\t\t\t\t\n<style>\n#image_1875990706 {\n  width: 100%;\n}\n<\/style>\n\t<\/div>\n\t\n\n<div class=\"row\"  id=\"row-1014912828\">\n\n\n\t<div id=\"col-219371801\" class=\"col small-12 large-12\"  >\n\t\t\t\t<div class=\"col-inner\"  >\n\t\t\t\n\t\t\t\n\n\n\n<p data-text-color=\"primary\" class=\"roadside-assistance-title\">\n  <strong>12 mois d\u2019assistance d\u00e9pannage offerts sur tous les v\u00e9hicules<\/strong>\n<\/p>\n<div class=\"roadside-assistance-list\">\n  <div class=\"roadside-assistance-item\">\n      <div class=\"roadside-assistance-circle\">1<\/div>\n      <div class=\"roadside-assistance-text\">Trouvez votre v\u00e9hicule<\/div>\n  <\/div>\n  <div class=\"roadside-assistance-item\">\n      <div class=\"roadside-assistance-circle\">2<\/div>\n      <div class=\"roadside-assistance-text\">Rendez-vous dans votre concession<\/div>\n  <\/div>\n  <div class=\"roadside-assistance-item\">\n      <div class=\"roadside-assistance-circle\">3<\/div>\n      <div class=\"roadside-assistance-text\">Le vendeur active instantan\u00e9ment votre assistance<\/div>\n  <\/div>\n  <div class=\"roadside-assistance-item\">\n      <div class=\"roadside-assistance-circle\">\u2713<\/div>\n      <div class=\"roadside-assistance-text\"><strong>Profitez de votre assistance pendant 12 mois<\/strong><\/div>\n  <\/div>\n<\/div>\n<div class=\"roadside-assistance-sublist\">\n<div>\n<span class=\"checkmark \">\u2713<\/span>\n<span>Dans toute la Belgique<\/span>\n<\/div>\n<div>\n<span class=\"checkmark \">\u2713<\/span>\n<span>V\u00e9hicule de remplacement<\/span>\n<\/div>\n<\/div>\n\n\n\t\t<\/div>\n\t\t\t\t\t<\/div>\n\n\t\n\n\t<div id=\"col-1472851835\" class=\"col small-12 large-12\"  >\n\t\t\t\t<div class=\"col-inner\"  >\n\t\t\t\n\t\t\t\n\n\n\n<div class=\"car-item-detail d-flex\"> \n         <a href=\"https:\/\/carselect.touring.be\/fr\/services-solutions\/#roadside-assistance\">\n         <div class=\"more-info-button bold\">\n Plus d\u2019information\n         <\/div>\n           <\/a>\n<button class=\"button success lowercase service-link close\">Fermer<\/button>\n      <\/div>\n\n\n\t\t<\/div>\n\t\t\t\t\t<\/div>\n\n\t\n\n\n<style>\n#row-1014912828 > .col > .col-inner {\n  padding: 0px 24px 0px 24px;\n}\n<\/style>\n<\/div>\n\n\t\t<\/div>\n\t\t\t\t\t<\/div>\n\n\t\n\n<\/div>\n\n\n<script>\ndocument.querySelector('.roadside-assistance-popup').setAttribute('id', 'roadside-assistance-popup');\n\ndocument.querySelector('.roadside-assistance-popup .button.close').addEventListener('click', function() {\n$.magnificPopup.close();\n});\n\nif (window.location.pathname.includes(\"blog\")) {\n  const toShow = document.querySelectorAll(\".article-text\");\n  toShow.forEach(el => {\n    el.style.display=\"inline\";\n  });\n} else {\n  const toShow = document.querySelectorAll(\".default-text\");\n  toShow.forEach(el => {\n    el.style.display=\"inline\";\n  });\n}\n<\/script>\n\n\n\n\t<section class=\"section news-details\" id=\"section_1084775606\">\n\t\t<div class=\"section-bg fill\" >\n\t\t\t\t\t\t\t\t\t\n\t\t\t\n\n\t\t<\/div>\n\n\t\t\n\n\t\t<div class=\"section-content relative\">\n\t\t\t\n\n<div class=\"row row-large\"  id=\"row-243964923\">\n\n\n\t<div id=\"col-1962273116\" class=\"col small-12 large-12\"  >\n\t\t\t\t<div class=\"col-inner\"  >\n\t\t\t\n\t\t\t\n\n<div class=\"container section-title-container\" ><h1 class=\"section-title section-title-normal\"><b><\/b><span class=\"section-title-main\" >Vendre voiture sans contr\u00f4le technique ? Voici comment le faire 100 % l\u00e9galement en Belgique<\/span><b><\/b><\/h1><\/div>\n\n\t<div class=\"img has-hover x md-x lg-x y md-y lg-y\" id=\"image_137741706\">\n\t\t\t\t\t\t\t\t<div class=\"img-inner dark\" >\n\t\t\t<img loading=\"lazy\" decoding=\"async\" width=\"1000\" height=\"667\" src=\"\/wp-content\/uploads\/2025\/07\/vendre-voiture-sans-controle-technique-header.jpg\" class=\"attachment-large size-large\" alt=\"vendre voiture sans contr\u00f4le technique\" srcset=\"\/wp-content\/uploads\/2025\/07\/vendre-voiture-sans-controle-technique-header.jpg 1000w, \/wp-content\/uploads\/2025\/07\/vendre-voiture-sans-controle-technique-header-300x200.jpg 300w, \/wp-content\/uploads\/2025\/07\/vendre-voiture-sans-controle-technique-header-768x512.jpg 768w\" sizes=\"auto, (max-width: 1000px) 100vw, 1000px\" \/>\t\t\t\t\t\t\n\t\t\t\t\t<\/div>\n\t\t\t\t\t\t\t\t\n<style>\n#image_137741706 {\n  width: 100%;\n}\n<\/style>\n\t<\/div>\n\t\n\n\n\t\t<\/div>\n\t\t\t\t\n<style>\n#col-1962273116 > .col-inner {\n  margin: 0px 0px 25px 0px;\n}\n<\/style>\n\t<\/div>\n\n\t\n\n\t<div id=\"col-827149735\" class=\"col medium-8 small-12 large-8\"  >\n\t\t\t\t<div class=\"col-inner\"  >\n\t\t\t\n\t\t\t\n\n<p>\u00ab\u202fVendre voiture sans contr\u00f4le technique\u202f\u00bb : cela peut sembler un raccourci vers une vente rapide, mais en r\u00e9alit\u00e9, la situation est un peu plus complexe. Le contr\u00f4le technique belge est devenu plus strict ces derniers temps, les d\u00e9lais d\u2019attente d\u00e9passent souvent trois semaines, et les acheteurs professionnels du march\u00e9 d\u2019exportation se ruent sur les voitures plus anciennes pr\u00e9sentant des d\u00e9fauts. R\u00e9sultat\u202f: de plus en plus de particuliers flamands se posent la question suivante\u202f: <strong>puis-je vendre ma voiture sans contr\u00f4le technique, et comment m\u2019y prendre l\u00e9galement\u202f?<\/strong>  <\/p>\n<p>Dans cet article, vous d\u00e9couvrirez comment vendre votre v\u00e9hicule non contr\u00f4l\u00e9 en toute s\u00e9curit\u00e9 et en respectant la loi, sans mauvaise surprise apr\u00e8s la transaction. Nous vous guidons \u00e0 travers cinq sc\u00e9narios de vente parfaitement l\u00e9gaux, vous expliquons quels documents sont obligatoires malgr\u00e9 tout, et montrons pourquoi vendre une voiture sans contr\u00f4le technique n\u2019est pas toujours un raccourci \u2013 mais peut devenir un choix malin, \u00e0 condition de bien s\u2019y prendre. <\/p>\n<p>Vous avez finalement d\u00e9cid\u00e9 de vous rendre au contr\u00f4le technique\u202f? Consultez alors notre guide complet : \u00ab\u202f<a href=\"https:\/\/carselect.touring.be\/fr\/blog\/controle-technique-en-belgique-2025-regles-et-conseils-pour-une-inspection-reussie\/\">Contr\u00f4le technique en Belgique 2025<\/a> : r\u00e8gles, nouveaut\u00e9s et conseils de pr\u00e9paration\u202f\u00bb. Vous y trouverez toutes les infos utiles pour \u00e9viter pertes de temps et d\u00e9penses inutiles.  <\/p>\n\n\n<script type=\"text\/javascript\">\n    var seoPlugins = window.seoPlugins || [];\n\n    seoPlugins.push({\n        \"PluginCode\": \"a9f957e3-d8b9-4005-bf73-c81df6fc4833\",\n        \"PluginName\": \"#lsqdfqsdf\",\n        \"FilterCookie\": {\"FuelTypeIds\":[\"3\",\"4\"],\"CarCategoryIds\":[\"1\"]}\n    })\n\n    window.seoPlugins = seoPlugins;\n\n    var seoPlugins = window.seoPlugins || [];\n\n    for (var i = 0; i < seoPlugins.length; i++) {\n        var pluginData = seoPlugins[i];\n        CFM.API.enable(pluginData.PluginCode, pluginData.PluginName, null, {\n            FilterCookie: pluginData.FilterCookie\n        });\n    }\n<\/script>\n<div id=\"lsqdfqsdf\"><\/div>\n\n<div class=\"container section-title-container\" ><h2 class=\"section-title section-title-normal\"><b><\/b><span class=\"section-title-main\" >Que dit la loi exactement ? Quand peut-on vendre une voiture sans contr\u00f4le technique ?<\/span><b><\/b><\/h2><\/div>\n\n<p>La r\u00e8gle de base est limpide :<strong> en Belgique, un v\u00e9hicule immatricul\u00e9 au nom d\u2019un particulier doit passer au contr\u00f4le technique dans les deux mois pr\u00e9c\u00e9dant la vente<\/strong>. Pourtant, certaines exceptions apparaissent dans le Code de la route, mais aussi dans la pratique du march\u00e9 de l\u2019exportation. Ci-dessous, nous vous expliquons clairement ces nuances. <\/p>\n<p><em>Attention : si le v\u00e9hicule a \u00e9t\u00e9 soumis \u00e0 un contr\u00f4le complet il y a moins de deux mois et que vous disposez d\u2019un certificat vert valable, un simple contr\u00f4le visuel (appel\u00e9 aussi \u00ab contr\u00f4le administratif \u00bb) suffit pour la vente. Cela signifie que seuls les papiers et l\u2019identit\u00e9 sont v\u00e9rifi\u00e9s, sans inspection technique compl\u00e8te. Cela permet de gagner du temps et d\u2019\u00e9conomiser des frais lors d\u2019une vente rapide.  <\/em><\/p>\n<p>Vous voulez en savoir plus sur la vente de voiture en Belgique ? Nos 8 conseils pour v<a href=\"https:\/\/carselect.touring.be\/fr\/blog\/vendre-ma-voiture-en-belgique-les-8-conseils-indispensables-pour-2025\/\">endre votre v\u00e9hicule<\/a> en 2025 font toute la diff\u00e9rence. Consultez notre guide complet.  <\/p>\n<div class=\"container section-title-container\" ><h3 class=\"section-title section-title-normal\"><b><\/b><span class=\"section-title-main\" >Vente \u00e0 un particulier : strictement interdit<\/span><b><\/b><\/h3><\/div>\n\n<p>Il est <strong>ill\u00e9gal<\/strong> de vendre une voiture non contr\u00f4l\u00e9e directement \u00e0 un autre particulier. L\u2019acheteur ne pourra pas immatriculer le v\u00e9hicule aupr\u00e8s de la DIV sans un certificat de contr\u00f4le technique valide, une Car-Pass et le formulaire rose. Vous restez donc juridiquement responsable de toutes les amendes, accidents ou taxes tant que la voiture n\u2019est pas officiellement enregistr\u00e9e \u00e0 son nom. Conclusion : si vous voulez vendre votre voiture sans contr\u00f4le technique \u00e0 un particulier, une seule option s\u2019offre \u00e0 vous : passer d\u2019abord par le centre de contr\u00f4le ou choisir un autre canal de vente.    <\/p>\n<div class=\"container section-title-container\" ><h4 class=\"section-title section-title-normal\"><b><\/b><span class=\"section-title-main\" >Exception : transfert familial avec conservation de la plaque<\/span><b><\/b><\/h4><\/div>\n\n<p>En cas de cession \u00e0 un conjoint, un partenaire cohabitant l\u00e9gal ou un (petit-)enfant, et si la plaque d\u2019immatriculation est conserv\u00e9e, aucun contr\u00f4le technique d\u2019occasion n\u2019est requis. Le transfert peut alors se faire directement via l\u2019assurance. <\/p>\n<p>Cette exception est valable uniquement si :<\/p>\n<ul>\n<li>La plaque est au format europ\u00e9en (7 caract\u00e8res) et est transmise telle quelle ;<\/li>\n<li>Le transfert se fait entre membres de la famille autoris\u00e9s ;<\/li>\n<li>Aucune nouvelle plaque n\u2019est demand\u00e9e.<\/li>\n<\/ul>\n<p>Si vous optez malgr\u00e9 tout pour une nouvelle plaque, un simple contr\u00f4le administratif suffit \u00e0 la place du contr\u00f4le technique complet d\u2019occasion.Professionele koper of erkende opkoper: de toegelaten uitzonderingen<\/p>\n<div class=\"container section-title-container\" ><h3 class=\"section-title section-title-normal\"><b><\/b><span class=\"section-title-main\" >Acheteur professionnel ou revendeur agr\u00e9\u00e9 : les exceptions admises<\/span><b><\/b><\/h3><\/div>\n\n<p>La loi autorise bien la vente \u00e0 un professionnel : concessionnaire de marque, marchand de v\u00e9hicules d\u2019occasion agr\u00e9\u00e9 ou acheteur certifi\u00e9. Ces professionnels suivent souvent des proc\u00e9dures sp\u00e9cifiques pour l\u2019achat de voitures non contr\u00f4l\u00e9es. Ils disposent d\u2019une \u00ab plaque marchand \u00bb (aussi appel\u00e9e plaque Z) qui leur permet de transporter le v\u00e9hicule sans devoir imm\u00e9diatement le faire contr\u00f4ler. La responsabilit\u00e9 pour le contr\u00f4le technique, l\u2019immatriculation et d\u2019\u00e9ventuelles r\u00e9parations est alors transf\u00e9r\u00e9e contractuellement.   <\/p>\n<p>Lors d\u2019une vente \u00e0 un professionnel, vous devez r\u00e9diger un contrat mentionnant clairement ce transfert de responsabilit\u00e9. Il vous sera demand\u00e9 de pr\u00e9senter le certificat d\u2019immatriculation. \u00c0 noter : la Car-Pass n\u2019est PAS obligatoire dans le cadre d\u2019une vente \u00e0 un acheteur professionnel du secteur automobile.  <\/p>\n<div class=\"container section-title-container\" ><h3 class=\"section-title section-title-normal\"><b><\/b><span class=\"section-title-main\" >Exportation et \u201cpour pi\u00e8ces\u201d : une zone grise clarifi\u00e9e<\/span><b><\/b><\/h3><\/div>\n\n<p>Pour la vente \u00e0 l\u2019exportation ou comme v\u00e9hicule destin\u00e9 \u00e0 servir de pi\u00e8ces d\u00e9tach\u00e9es, une autre r\u00e8gle s\u2019applique. Un exportateur agr\u00e9\u00e9 peut charger la voiture sur une remorque et la faire sortir de Belgique sans contr\u00f4le technique r\u00e9cent. L\u2019immatriculation \u00e9trang\u00e8re aura lieu uniquement apr\u00e8s un nouveau contr\u00f4le dans le pays de destination. En revanche, si vous vendez \u00e0 un particulier qui \u201cenvisage peut-\u00eatre\u201d une exportation future, vous retombez dans l\u2019ill\u00e9galit\u00e9 : sans contr\u00f4le technique belge et Car-Pass, la vente reste interdite.   <\/p>\n<p>Voyons maintenant comment fixer correctement le prix d\u2019un v\u00e9hicule non contr\u00f4l\u00e9 sans effrayer le march\u00e9\u2026 tout en gagnant la confiance des acheteurs professionnels.<\/p>\n<div class=\"container section-title-container\" ><h2 class=\"section-title section-title-normal\"><b><\/b><span class=\"section-title-main\" >Passer tout de m\u00eame le contr\u00f4le ? La m\u00e9thode la plus rapide et les co\u00fbts \u00e0 pr\u00e9voir<\/span><b><\/b><\/h2><\/div>\n\n<p>Peut-\u00eatre pr\u00e9f\u00e9rez-vous \u00e9viter toute discussion et simplement pr\u00e9senter votre voiture au contr\u00f4le technique. Dans ce cas, mieux vaut proc\u00e9der intelligemment, car les d\u00e9lais s\u2019allongent et un second passage co\u00fbte du temps et de l\u2019argent. <\/p>\n<ol>\n<li><strong>Planifiez votre visite en dehors des heures de pointe<\/strong> : t\u00f4t le matin ou juste avant la fermeture, les files d\u2019attente sont souvent r\u00e9duites d\u2019un tiers.<\/li>\n<li><strong>Prenez rendez-vous pour un \u00ab\u00a0pr\u00e9-contr\u00f4le\u00a0\u00bb chez votre garagiste<\/strong> : pour environ 50\u202f\u20ac, il rep\u00e8re les voyants, l\u2019usure des pneus ou les codes d\u2019erreur qui m\u00e8nent in\u00e9vitablement \u00e0 une carte rouge. Cela vous \u00e9vite la contre-visite (16,00\u202f\u20ac) et un double d\u00e9placement <\/li>\n<li><strong>Budget total <\/strong>: comptez entre 50\u202f\u20ac et 75\u202f\u20ac pour la visite, 10,80\u202f\u20ac pour la mise \u00e0 jour de la Car-Pass et quelques \u00e9ventuelles petites r\u00e9parations. N\u2019oubliez pas d\u2019inclure d\u2019\u00e9ventuels frais suppl\u00e9mentaires comme une seconde visite dans votre estimation globale. <\/li>\n<\/ol>\n<p>Si la validit\u00e9 du contr\u00f4le expire avant la vente, il faudra repasser au contr\u00f4le technique pour respecter la l\u00e9gislation.<\/p>\n<p>D\u00e8s que vous avez obtenu le certificat de visite verte, vous pouvez \u00e0 nouveau vendre votre v\u00e9hicule \u00e0 un particulier dans un d\u00e9lai de <strong>deux mois<\/strong>. Pr\u00eat \u00e0 parler paperasse ? <\/p>\n\n\n<script type=\"text\/javascript\">\n    var seoPlugins = window.seoPlugins || [];\n\n    seoPlugins.push({\n        \"PluginCode\": \"a9f957e3-d8b9-4005-bf73-c81df6fc4833\",\n        \"PluginName\": \"#generaloverviewdww\",\n        \"FilterCookie\": {\"CarCategoryIds\":[\"1\",\"2\"]}\n    })\n\n    window.seoPlugins = seoPlugins;\n\n    var seoPlugins = window.seoPlugins || [];\n\n    for (var i = 0; i < seoPlugins.length; i++) {\n        var pluginData = seoPlugins[i];\n        CFM.API.enable(pluginData.PluginCode, pluginData.PluginName, null, {\n            FilterCookie: pluginData.FilterCookie\n        });\n    }\n<\/script>\n<div id=\"generaloverviewdww\"><\/div>\n\n<div class=\"container section-title-container\" ><h2 class=\"section-title section-title-normal\"><b><\/b><span class=\"section-title-main\" >Les documents indispensables \u00e0 fournir, m\u00eame sans contr\u00f4le technique&lt;br&gt;&lt;br&gt;<\/span><b><\/b><\/h2><\/div>\n\n<p>Sans contr\u00f4le technique r\u00e9cent, vous pouvez parfois passer, mais <strong>sans papiers en r\u00e8gle, vous n\u2019irez nulle part.<\/strong> Cette checklist fait toute la diff\u00e9rence entre une vente fluide et une voiture qui stagne des semaines sur votre all\u00e9e. <\/p>\n<div class=\"container section-title-container\" ><h3 class=\"section-title section-title-normal\"><b><\/b><span class=\"section-title-main\" >Car-Pass, certificat d\u2019immatriculation et certificat de conformit\u00e9<\/span><b><\/b><\/h3><\/div>\n\n<ul>\n<li><strong>Car-Pass :<\/strong> document officiel garantissant le kilom\u00e9trage du v\u00e9hicule ; obligatoire uniquement pour les ventes entre particuliers ou de professionnel \u00e0 particulier. PAS requis si un particulier vend \u00e0 un professionnel (source : <a href=\"https:\/\/economie.fgov.be\/sites\/default\/files\/Files\/Consumer-protection\/Carpass-veelgesteldevragen.pdf\">fgov<\/a>).<\/li>\n<li><strong>Certificat d\u2019immatriculation (parties A &amp; B)<\/strong> : n\u00e9cessaire pour radier le v\u00e9hicule et pour permettre au professionnel de le transporter. Vous devez le pr\u00e9senter au moment de la vente.<\/li>\n<li><strong>Certificat de conformit\u00e9 (COC) <\/strong>: attestation que le v\u00e9hicule a \u00e9t\u00e9 approuv\u00e9 pour la circulation dans l\u2019UE. Il doit \u00eatre remis \u00e0 l\u2019acheteur. Les professionnels l\u2019exigent pour \u00e9viter tout probl\u00e8me d\u2019exportation.<\/li>\n<\/ul>\n<div class=\"container section-title-container\" ><h3 class=\"section-title section-title-normal\"><b><\/b><span class=\"section-title-main\" >Formulaire rose &amp; vignettes sp\u00e9ciales pour l\u2019exportation<\/span><b><\/b><\/h3><\/div>\n\n<p>Si vous vendez \u00e0 un exportateur, demandez <strong>le formulaire rose \u00ab demande d\u2019immatriculation sans contr\u00f4le technique \u00bb<\/strong> au centre de contr\u00f4le. Vous pouvez \u00e9galement y obtenir une vignette sp\u00e9ciale prouvant que le v\u00e9hicule a bien pass\u00e9 le contr\u00f4le technique. Cette vignette est g\u00e9n\u00e9ralement valable deux mois et doit \u00eatre utilis\u00e9e dans ce d\u00e9lai pour l\u2019immatriculation.  <\/p>\n<p>Certains pays exigent \u00e9galement une <strong>vignette Euro<\/strong> ou <strong>une attestation LEZ<\/strong>. Ajoutez ces documents \u00e0 votre dossier : cela augmente imm\u00e9diatement la valeur de votre \u00ab vieille voiture \u00bb sur le march\u00e9 international. <\/p>\n<div class=\"container section-title-container\" ><h3 class=\"section-title section-title-normal\"><b><\/b><span class=\"section-title-main\" >Facture d\u2019achat originale et contrat de vente<\/span><b><\/b><\/h3><\/div>\n\n<p>Les professionnels demandent souvent<strong> la premi\u00e8re facture d\u2019achat<\/strong> pour v\u00e9rifier l\u2019ann\u00e9e de construction et le statut TVA. Si vous concluez la vente avec un acheteur particulier \u00e9tranger, un <a href=\"https:\/\/carselect.touring.be\/fr\/blog\/contrat-de-vente-de-voiture-tout-ce-quil-faut-savoir\/\">contrat de vente<\/a> bien r\u00e9dig\u00e9 est crucial pour votre propre protection juridique. Assurez-vous que le contrat mentionne clairement tous les d\u00e9tails importants, y compris l\u2019\u00e9tat du v\u00e9hicule et l\u2019absence de contr\u00f4le technique.  <\/p>\n\t<div class=\"img has-hover x md-x lg-x y md-y lg-y\" id=\"image_1335558650\">\n\t\t\t\t\t\t\t\t<div class=\"img-inner dark\" >\n\t\t\t<img loading=\"lazy\" decoding=\"async\" width=\"1000\" height=\"563\" src=\"\/wp-content\/uploads\/2025\/07\/vendre-voiture-sans-controle-technique-export.jpg\" class=\"attachment-large size-large\" alt=\"vendre voiture sans contr\u00f4le technique export\" srcset=\"\/wp-content\/uploads\/2025\/07\/vendre-voiture-sans-controle-technique-export.jpg 1000w, \/wp-content\/uploads\/2025\/07\/vendre-voiture-sans-controle-technique-export-300x169.jpg 300w, \/wp-content\/uploads\/2025\/07\/vendre-voiture-sans-controle-technique-export-768x432.jpg 768w\" sizes=\"auto, (max-width: 1000px) 100vw, 1000px\" \/>\t\t\t\t\t\t\n\t\t\t\t\t<\/div>\n\t\t\t\t\t\t\t\t\n<style>\n#image_1335558650 {\n  width: 100%;\n}\n<\/style>\n\t<\/div>\n\t\n\n<div class=\"container section-title-container\" ><h2 class=\"section-title section-title-normal\"><b><\/b><span class=\"section-title-main\" >Cinq fa\u00e7ons de vendre une voiture sans contr\u00f4le technique en toute l\u00e9galit\u00e9<\/span><b><\/b><\/h2><\/div>\n\n<p>Si vous n\u2019avez pas le temps, ou simplement pas l\u2019envie, de passer par le contr\u00f4le technique, vous vous posez vite la question : \u201cO\u00f9 puis-je vendre ma voiture sans contr\u00f4le technique ?\u201d En Belgique, <strong>cinq options l\u00e9gales<\/strong> existent. Voici celle qui correspond le mieux \u00e0 votre situation. <\/p>\n<div class=\"container section-title-container\" ><h3 class=\"section-title section-title-normal\"><b><\/b><span class=\"section-title-main\" >1. Vente \u00e0 un marchand agr\u00e9\u00e9 avec licence d\u2019exportation<\/span><b><\/b><\/h3><\/div>\n\n<p>Le grand classique. Un <strong>acheteur professionnel<\/strong>, un marchand ou un concessionnaire disposant d\u2019un num\u00e9ro de TVA et d\u2019une autorisation d\u2019exportation ach\u00e8te le v\u00e9hicule \u201cdans l\u2019\u00e9tat\u201d et s\u2019occupe de l\u2019export. Ces marchands reprennent souvent un large \u00e9ventail de v\u00e9hicules, m\u00eame sans contr\u00f4le technique. Vous fournissez la voiture, le certificat d\u2019immatriculation et la Car-Pass. Le professionnel prend en charge le transport, les documents douaniers et le fameux formulaire rose. Le prix est g\u00e9n\u00e9ralement inf\u00e9rieur \u00e0 la valeur du march\u00e9 entre particuliers, mais vous gagnez du temps et \u00e9vitez les amendes li\u00e9es \u00e0 une validit\u00e9 expir\u00e9e. Id\u00e9al pour une vente rapide et sans tracas.      <\/p>\n<div class=\"container section-title-container\" ><h3 class=\"section-title section-title-normal\"><b><\/b><span class=\"section-title-main\" >2. Reprise en ligne avec enl\u00e8vement gratuit<\/span><b><\/b><\/h3><\/div>\n\n<p>Des plateformes comme <a href=\"https:\/\/www.wijkopenautos.be\/\">\u201cnous-achetons-votre-voiture<\/a>\u201d ou \u201ccar-buyer\u201d combinent une estimation en ligne avec un r\u00e9seau de revendeurs agr\u00e9\u00e9s. Ces services mettent rapidement en relation l\u2019offre et la demande, et vous permettent ainsi de vendre votre voiture sans contr\u00f4le technique. Vous indiquez la marque, l\u2019ann\u00e9e de construction et le kilom\u00e9trage. Environ une heure plus tard, vous recevez une offre. Si vous l\u2019acceptez, une d\u00e9panneuse vient chercher la voiture gratuitement, m\u00eame si elle ne d\u00e9marre plus.    <\/p>\n<p>La proc\u00e9dure est rapide : souvent conclue en 24 heures. Le paiement est effectu\u00e9 par virement bancaire avant que la voiture ne quitte votre rue. L\u2019avantage ? <strong>Aucun contr\u00f4le technique ou transport \u00e0 organiser<\/strong>. L\u2019inconv\u00e9nient : pas de n\u00e9gociation possible \u2014 c\u2019est l\u2019algorithme qui d\u00e9cide. Ce qui peut parfois jouer en votre faveur, mais pas toujours.    <\/p>\n<div class=\"container section-title-container\" ><h3 class=\"section-title section-title-normal\"><b><\/b><span class=\"section-title-main\" >3. Remise \u00e0 la casse<\/span><b><\/b><\/h3><\/div>\n\n<p>Si votre vieille voiture est en fin de vie ou rong\u00e9e par la rouille, vous pouvez la confier gratuitement \u00e0 un <strong>centre de recyclage agr\u00e9\u00e9<\/strong>, parfois avec une prime \u00e0 la cl\u00e9. Vous recevez une attestation de destruction permettant de radier l\u2019immatriculation aupr\u00e8s de la DIV, ce qui met automatiquement fin \u00e0 votre taxe de circulation. La valeur est ici symbolique, mais vous vous d\u00e9barrassez imm\u00e9diatement de toute responsabilit\u00e9.  <\/p>\n<div class=\"container section-title-container\" ><h3 class=\"section-title section-title-normal\"><b><\/b><span class=\"section-title-main\" >4. Plateforme de vente aux ench\u00e8res pour v\u00e9hicules non contr\u00f4l\u00e9s<\/span><b><\/b><\/h3><\/div>\n\n<p>Des sites comme <a href=\"https:\/\/www.bca.com\/nl\/\">BCA<\/a> ou <a href=\"https:\/\/www.autorola.be\/nl\/\">Autorola<\/a> organisent des ventes aux ench\u00e8res entre professionnels. Vous t\u00e9l\u00e9chargez 10 photos, pr\u00e9cisez que le v\u00e9hicule est \u201cnon contr\u00f4l\u00e9\u201d et fixez un <strong>prix de r\u00e9serve<\/strong>. <\/p>\n<p>Le processus se d\u00e9roule ainsi : si le prix de r\u00e9serve est atteint, la plateforme g\u00e8re la facture, le calcul de leur commission et le transport. Cette option permet souvent d\u2019obtenir un meilleur prix qu\u2019un rachat classique, mais il faut patienter quelques jours avant de recevoir l\u2019offre finale. <\/p>\n<div class=\"container section-title-container\" ><h3 class=\"section-title section-title-normal\"><b><\/b><span class=\"section-title-main\" >5. Vente pour pi\u00e8ces \u00e0 un passionn\u00e9<\/span><b><\/b><\/h3><\/div>\n\n<p>Des jantes uniques, un moteur turbo essence rare ou une bo\u00eete de vitesses intacte peuvent valoir plus que la voiture compl\u00e8te. Dans ce cas, contactez un sp\u00e9cialiste ou un pr\u00e9parateur de la marque. Il d\u00e9monte les pi\u00e8ces utilisables, vous paie en liquide ou par virement, et se charge de la cession administrative de l\u2019\u00e9pave. Assurez-vous que le contrat mentionne pr\u00e9cis\u00e9ment quelles pi\u00e8ces sont concern\u00e9es et dans quelles conditions. Ce march\u00e9 est plus confidentiel, demande plus de recherche, mais peut s\u2019av\u00e9rer \u00e9tonnamment lucratif.    <\/p>\n\n\n<script type=\"text\/javascript\">\n    var seoPlugins = window.seoPlugins || [];\n\n    seoPlugins.push({\n        \"PluginCode\": \"a9f957e3-d8b9-4005-bf73-c81df6fc4833\",\n        \"PluginName\": \"#newgeneraloverview\",\n        \"FilterCookie\": {\"CarCategoryIds\":[\"1\",\"2\"]}\n    })\n\n    window.seoPlugins = seoPlugins;\n\n    var seoPlugins = window.seoPlugins || [];\n\n    for (var i = 0; i < seoPlugins.length; i++) {\n        var pluginData = seoPlugins[i];\n        CFM.API.enable(pluginData.PluginCode, pluginData.PluginName, null, {\n            FilterCookie: pluginData.FilterCookie\n        });\n    }\n<\/script>\n<div id=\"newgeneraloverview\"><\/div>\n\n<div class=\"container section-title-container\" ><h2 class=\"section-title section-title-normal\"><b><\/b><span class=\"section-title-main\" >Paiement s\u00e9curis\u00e9 et radiation imm\u00e9diate<\/span><b><\/b><\/h2><\/div>\n\n<p>D\u00e8s que l\u2019acheteur et le vendeur s\u2019accordent sur le prix de vente, il faut passer \u00e0 l\u2019argent\u2026 et \u00e0 l\u2019administratif. Le moyen le plus s\u00fbr reste le virement bancaire. Privil\u00e9giez un virement instantan\u00e9 : l\u2019acheteur vous montre l\u2019\u00e9cran de confirmation sur place, vous v\u00e9rifiez dans votre application bancaire que le montant est \u201cen traitement\u201d, et vous ne remettez les cl\u00e9s qu\u2019\u00e0 ce moment-l\u00e0. Vous \u00e9vitez ainsi les faux billets ou les ch\u00e8ques sans provision, et vous disposez imm\u00e9diatement d\u2019une<strong> preuve de paiemen<\/strong>t pour votre comptabilit\u00e9.   <\/p>\n<p>Apr\u00e8s le paiement vient la radiation : la preuve administrative que vous n\u2019\u00eates plus propri\u00e9taire du v\u00e9hicule. Rendez-vous ensemble au <strong>guichet DIV<\/strong> le plus proche ou utilisez le module en ligne via Mon e-gov. La radiation prend cinq minutes : vous remettez <strong>la plaque<\/strong>, recevez une attestation d\u2019annulation, et d\u00e9cidez si vous souhaitez d\u00e9truire la plaque ou la r\u00e9utiliser plus tard. D\u00e8s cet instant, votre assurance prend automatiquement fin et la <a href=\"https:\/\/carselect.touring.be\/fr\/blog\/comprendre-la-taxe-de-circulation-en-belgique\/\"><strong>taxe de circulation<\/strong><\/a> vous est rembours\u00e9e au prorata.   <\/p>\n<div class=\"container section-title-container\" ><h2 class=\"section-title section-title-normal\"><b><\/b><span class=\"section-title-main\" >Risques et pi\u00e8ges : des vices cach\u00e9s \u00e0 la taxe de circulation<\/span><b><\/b><\/h2><\/div>\n\n<p>Vendre une voiture sans contr\u00f4le technique ne signifie pas que vous \u00e9chappez \u00e0 toute responsabilit\u00e9 apr\u00e8s coup. Dans certains cas, vous risquez m\u00eame une amende si vous ne respectez pas vos obligations l\u00e9gales \u2014 comme fournir un contr\u00f4le technique ou une Car-Pass lorsque c\u2019est obligatoire. Il est donc essentiel de conna\u00eetre les risques associ\u00e9s \u00e0 la vente sans contr\u00f4le technique.  <\/p>\n<p>En Belgique, il n\u2019existe pas de d\u00e9lai fixe de deux ans pour les vices cach\u00e9s. L\u2019acheteur doit signaler le d\u00e9faut dans un \u201cd\u00e9lai raisonnable\u201d apr\u00e8s l\u2019avoir d\u00e9couvert. Combien de temps cela repr\u00e9sente-t-il ? Cela d\u00e9pend du cas, et c\u2019est finalement le juge qui tranche.   <\/p>\n<p>N\u2019oubliez pas non plus votre <strong>assurance<\/strong>. Un simple e-mail suffit souvent pour r\u00e9silier le contrat, mais ne le faites qu\u2019apr\u00e8s la radiation effective de la plaque. <\/p>\n<p>Et enfin, la taxe de circulation. Si vous vendez votre v\u00e9hicule avant la fin de la p\u00e9riode en cours, vous pouvez demander un remboursement via My Minfin ou au moyen d\u2019un formulaire. Cela ne fonctionne que si la plaque est bien radi\u00e9e. Sinon, vous continuez \u00e0 payer des taxes pour une voiture que vous ne poss\u00e9dez plus.   <\/p>\n<div class=\"container section-title-container\" ><h2 class=\"section-title section-title-normal\"><b><\/b><span class=\"section-title-main\" >Conclusion : Vendre une voiture sans contr\u00f4le technique ? Oui, \u00e0 condition de respecter les r\u00e8gles<\/span><b><\/b><\/h2><\/div>\n\n<p>Vendre une voiture sans contr\u00f4le technique <strong>n\u2019est pas n\u00e9cessairement ill\u00e9gal<\/strong>, mais cela exige de bien conna\u00eetre les r\u00e8gles. Vous pouvez tout \u00e0 fait vendre une voiture sans contr\u00f4le technique, \u00e0 condition de suivre la proc\u00e9dure appropri\u00e9e. Vente \u00e0 un particulier ? Un contr\u00f4le valide est alors obligatoire. Vous pr\u00e9f\u00e9rez vendre sans passer par un centre de contr\u00f4le ? Dans ce cas, tournez-vous vers un professionnel, l\u2019export, la casse ou la vente pour pi\u00e8ces.     <\/p>\n<p>Avec <strong>une Car-Pass, un certificat d\u2019immatriculation, un contrat de vente clair et une radiation correcte de votre plaque<\/strong>, vous bouclez tout en toute s\u00e9curit\u00e9 et l\u00e9galit\u00e9. Ainsi, vous \u00e9vitez les probl\u00e8mes ult\u00e9rieurs li\u00e9s \u00e0 la taxe de circulation, \u00e0 l\u2019assurance ou aux vices cach\u00e9s. <\/p>\n<p>Vous voulez savoir exactement \u00e0 quoi faire attention lors de la vente de votre voiture ? Alors consultez sans attendre nos 8 conseils indispensables ! <\/p>\n\n\t\t<\/div>\n\t\t\t\t\t<\/div>\n\n\t\n\n\t<div id=\"col-1958586629\" class=\"col medium-4 small-12 large-4\"  >\n\t\t\t\t<div class=\"col-inner\"  >\n\t\t\t\n\t\t\t\n\n\n  \n    <div class=\"row large-columns-1 medium-columns-1 small-columns-1\" >\n  <div class=\"col post-item\" >\n\t\t\t<div class=\"col-inner\">\n\t\t\t\t<div class=\"box box-normal box-text-bottom box-blog-post has-hover\">\n            \t\t\t\t\t<div class=\"box-image\" >\n  \t\t\t\t\t\t<div class=\"image-cover\" style=\"padding-top:56.25%;\">\n\t\t\t\t\t\t\t<a href=\"https:\/\/carselect.touring.be\/fr\/blog\/vendre-ma-voiture-en-belgique-les-8-conseils-indispensables-pour-2025\/\" class=\"plain\" aria-label=\"Vendre ma voiture en Belgique : les 8 conseils indispensables pour 2025\">\n\t\t\t\t\t\t\t\t<img loading=\"lazy\" decoding=\"async\" width=\"300\" height=\"200\" src=\"\/wp-content\/uploads\/2025\/07\/vendre-ma-voiture-header-300x200.jpg\" class=\"attachment-medium size-medium wp-post-image\" alt=\"vendre ma voiture\" srcset=\"\/wp-content\/uploads\/2025\/07\/vendre-ma-voiture-header-300x200.jpg 300w, \/wp-content\/uploads\/2025\/07\/vendre-ma-voiture-header-768x512.jpg 768w, \/wp-content\/uploads\/2025\/07\/vendre-ma-voiture-header.jpg 1000w\" sizes=\"auto, (max-width: 300px) 100vw, 300px\" \/>\t\t\t\t\t\t\t<\/a>\n  \t\t\t\t\t\t\t  \t\t\t\t\t\t\t  \t\t\t\t\t\t<\/div>\n  \t\t\t\t\t\t  \t\t\t\t\t<\/div>\n          \t\t\t\t\t<div class=\"box-text text-left\" >\n\t\t\t\t\t<div class=\"box-text-inner blog-post-inner\">\n\n\t\t\t\t\t\n\t\t\t\t\t\t\t\t\t\t<h5 class=\"post-title is-large \">\n\t\t\t\t\t\t<a href=\"https:\/\/carselect.touring.be\/fr\/blog\/vendre-ma-voiture-en-belgique-les-8-conseils-indispensables-pour-2025\/\" class=\"plain\">Vendre ma voiture en Belgique : les 8 conseils indispensables pour 2025<\/a>\n\t\t\t\t\t<\/h5>\n\t\t\t\t\t\t\t\t\t\t<div class=\"is-divider\"><\/div>\n\t\t\t\t\t\t\t\t\t\t<p class=\"from_the_blog_excerpt \">\n\t\t\t\t\t\tD\u00e9couvrez des conseils pratiques pour vendre votre voiture rapidement et facilement. Suivez nos \u00e9tapes simples [...]\t\t\t\t\t<\/p>\n\t\t\t\t\t                    \n\t\t\t\t\t\n\t\t\t\t\t\n\t\t\t\t\t<\/div>\n\t\t\t\t\t<\/div>\n\t\t\t\t\t\t\t\t\t<\/div>\n\t\t\t<\/div>\n\t\t<\/div><div class=\"col post-item\" >\n\t\t\t<div class=\"col-inner\">\n\t\t\t\t<div class=\"box box-normal box-text-bottom box-blog-post has-hover\">\n            \t\t\t\t\t<div class=\"box-image\" >\n  \t\t\t\t\t\t<div class=\"image-cover\" style=\"padding-top:56.25%;\">\n\t\t\t\t\t\t\t<a href=\"https:\/\/carselect.touring.be\/fr\/blog\/contrat-de-vente-de-voiture-tout-ce-quil-faut-savoir\/\" class=\"plain\" aria-label=\"Contrat de vente de voiture : Tout ce qu&rsquo;il faut savoir\">\n\t\t\t\t\t\t\t\t<img loading=\"lazy\" decoding=\"async\" width=\"300\" height=\"200\" src=\"\/wp-content\/uploads\/2025\/01\/header-vendre-voiture-1-300x200.jpg\" class=\"attachment-medium size-medium wp-post-image\" alt=\"contrat de vente de voiture\" srcset=\"\/wp-content\/uploads\/2025\/01\/header-vendre-voiture-1-300x200.jpg 300w, \/wp-content\/uploads\/2025\/01\/header-vendre-voiture-1-768x512.jpg 768w, \/wp-content\/uploads\/2025\/01\/header-vendre-voiture-1.jpg 1000w\" sizes=\"auto, (max-width: 300px) 100vw, 300px\" \/>\t\t\t\t\t\t\t<\/a>\n  \t\t\t\t\t\t\t  \t\t\t\t\t\t\t  \t\t\t\t\t\t<\/div>\n  \t\t\t\t\t\t  \t\t\t\t\t<\/div>\n          \t\t\t\t\t<div class=\"box-text text-left\" >\n\t\t\t\t\t<div class=\"box-text-inner blog-post-inner\">\n\n\t\t\t\t\t\n\t\t\t\t\t\t\t\t\t\t<h5 class=\"post-title is-large \">\n\t\t\t\t\t\t<a href=\"https:\/\/carselect.touring.be\/fr\/blog\/contrat-de-vente-de-voiture-tout-ce-quil-faut-savoir\/\" class=\"plain\">Contrat de vente de voiture : Tout ce qu&rsquo;il faut savoir<\/a>\n\t\t\t\t\t<\/h5>\n\t\t\t\t\t\t\t\t\t\t<div class=\"is-divider\"><\/div>\n\t\t\t\t\t\t\t\t\t\t<p class=\"from_the_blog_excerpt \">\n\t\t\t\t\t\tD\u00e9couvrez les \u00e9l\u00e9ments cl\u00e9s d'un contrat de vente de voiture. Assurez-vous d'une transaction s\u00e9curis\u00e9e et [...]\t\t\t\t\t<\/p>\n\t\t\t\t\t                    \n\t\t\t\t\t\n\t\t\t\t\t\n\t\t\t\t\t<\/div>\n\t\t\t\t\t<\/div>\n\t\t\t\t\t\t\t\t\t<\/div>\n\t\t\t<\/div>\n\t\t<\/div><div class=\"col post-item\" >\n\t\t\t<div class=\"col-inner\">\n\t\t\t\t<div class=\"box box-normal box-text-bottom box-blog-post has-hover\">\n            \t\t\t\t\t<div class=\"box-image\" >\n  \t\t\t\t\t\t<div class=\"image-cover\" style=\"padding-top:56.25%;\">\n\t\t\t\t\t\t\t<a href=\"https:\/\/carselect.touring.be\/fr\/blog\/controle-technique-en-belgique-2025-regles-et-conseils-pour-une-inspection-reussie\/\" class=\"plain\" aria-label=\"Contr\u00f4le technique en Belgique 2025 : R\u00e8gles et conseils pour une inspection r\u00e9ussie\">\n\t\t\t\t\t\t\t\t<img loading=\"lazy\" decoding=\"async\" width=\"300\" height=\"200\" src=\"\/wp-content\/uploads\/2025\/01\/controle-technique-en-belgique-header-300x200.jpg\" class=\"attachment-medium size-medium wp-post-image\" alt=\"contr\u00f4le technique en belgique\" srcset=\"\/wp-content\/uploads\/2025\/01\/controle-technique-en-belgique-header-300x200.jpg 300w, \/wp-content\/uploads\/2025\/01\/controle-technique-en-belgique-header-768x512.jpg 768w, \/wp-content\/uploads\/2025\/01\/controle-technique-en-belgique-header.jpg 1000w\" sizes=\"auto, (max-width: 300px) 100vw, 300px\" \/>\t\t\t\t\t\t\t<\/a>\n  \t\t\t\t\t\t\t  \t\t\t\t\t\t\t  \t\t\t\t\t\t<\/div>\n  \t\t\t\t\t\t  \t\t\t\t\t<\/div>\n          \t\t\t\t\t<div class=\"box-text text-left\" >\n\t\t\t\t\t<div class=\"box-text-inner blog-post-inner\">\n\n\t\t\t\t\t\n\t\t\t\t\t\t\t\t\t\t<h5 class=\"post-title is-large \">\n\t\t\t\t\t\t<a href=\"https:\/\/carselect.touring.be\/fr\/blog\/controle-technique-en-belgique-2025-regles-et-conseils-pour-une-inspection-reussie\/\" class=\"plain\">Contr\u00f4le technique en Belgique 2025 : R\u00e8gles et conseils pour une inspection r\u00e9ussie<\/a>\n\t\t\t\t\t<\/h5>\n\t\t\t\t\t\t\t\t\t\t<div class=\"is-divider\"><\/div>\n\t\t\t\t\t\t\t\t\t\t<p class=\"from_the_blog_excerpt \">\n\t\t\t\t\t\tD\u00e9couvrez les r\u00e8gles et changements du contr\u00f4le technique en Belgique pour 2025 et comment bien [...]\t\t\t\t\t<\/p>\n\t\t\t\t\t                    \n\t\t\t\t\t\n\t\t\t\t\t\n\t\t\t\t\t<\/div>\n\t\t\t\t\t<\/div>\n\t\t\t\t\t\t\t\t\t<\/div>\n\t\t\t<\/div>\n\t\t<\/div><div class=\"col post-item\" >\n\t\t\t<div class=\"col-inner\">\n\t\t\t\t<div class=\"box box-normal box-text-bottom box-blog-post has-hover\">\n            \t\t\t\t\t<div class=\"box-image\" >\n  \t\t\t\t\t\t<div class=\"image-cover\" style=\"padding-top:56.25%;\">\n\t\t\t\t\t\t\t<a href=\"https:\/\/carselect.touring.be\/fr\/blog\/belles-destinations-de-vacances-pour-un-roadtrip-avec-votre-propre-voiture\/\" class=\"plain\" aria-label=\"Belles destinations de vacances pour un roadtrip avec votre propre voiture\">\n\t\t\t\t\t\t\t\t<img loading=\"lazy\" decoding=\"async\" width=\"300\" height=\"200\" src=\"\/wp-content\/uploads\/2025\/05\/roadtrip-header-optimized-300x200.jpg\" class=\"attachment-medium size-medium wp-post-image\" alt=\"roadtrip\" srcset=\"\/wp-content\/uploads\/2025\/05\/roadtrip-header-optimized-300x200.jpg 300w, \/wp-content\/uploads\/2025\/05\/roadtrip-header-optimized-768x512.jpg 768w, \/wp-content\/uploads\/2025\/05\/roadtrip-header-optimized.jpg 1000w\" sizes=\"auto, (max-width: 300px) 100vw, 300px\" \/>\t\t\t\t\t\t\t<\/a>\n  \t\t\t\t\t\t\t  \t\t\t\t\t\t\t  \t\t\t\t\t\t<\/div>\n  \t\t\t\t\t\t  \t\t\t\t\t<\/div>\n          \t\t\t\t\t<div class=\"box-text text-left\" >\n\t\t\t\t\t<div class=\"box-text-inner blog-post-inner\">\n\n\t\t\t\t\t\n\t\t\t\t\t\t\t\t\t\t<h5 class=\"post-title is-large \">\n\t\t\t\t\t\t<a href=\"https:\/\/carselect.touring.be\/fr\/blog\/belles-destinations-de-vacances-pour-un-roadtrip-avec-votre-propre-voiture\/\" class=\"plain\">Belles destinations de vacances pour un roadtrip avec votre propre voiture<\/a>\n\t\t\t\t\t<\/h5>\n\t\t\t\t\t\t\t\t\t\t<div class=\"is-divider\"><\/div>\n\t\t\t\t\t\t\t\t\t\t<p class=\"from_the_blog_excerpt \">\n\t\t\t\t\t\tExplorez les plus belles routes de roadtrip en Europe pour des vacances inoubliables. D\u00e9couvrez des [...]\t\t\t\t\t<\/p>\n\t\t\t\t\t                    \n\t\t\t\t\t\n\t\t\t\t\t\n\t\t\t\t\t<\/div>\n\t\t\t\t\t<\/div>\n\t\t\t\t\t\t\t\t\t<\/div>\n\t\t\t<\/div>\n\t\t<\/div><div class=\"col post-item\" >\n\t\t\t<div class=\"col-inner\">\n\t\t\t\t<div class=\"box box-normal box-text-bottom box-blog-post has-hover\">\n            \t\t\t\t\t<div class=\"box-image\" >\n  \t\t\t\t\t\t<div class=\"image-cover\" style=\"padding-top:56.25%;\">\n\t\t\t\t\t\t\t<a href=\"https:\/\/carselect.touring.be\/fr\/blog\/touring-assistance-depannage-12-mois-offerts-avec-votre-voiture\/\" class=\"plain\" aria-label=\"Touring assistance d\u00e9pannage : 12 mois offerts avec votre voiture !\">\n\t\t\t\t\t\t\t\t<img loading=\"lazy\" decoding=\"async\" width=\"300\" height=\"200\" src=\"\/wp-content\/uploads\/2025\/04\/touring-assistance-de\u0301panage-gratuite-300x200.jpg\" class=\"attachment-medium size-medium wp-post-image\" alt=\"Touring assistance d\u00e9pannage\" srcset=\"\/wp-content\/uploads\/2025\/04\/touring-assistance-de\u0301panage-gratuite-300x200.jpg 300w, \/wp-content\/uploads\/2025\/04\/touring-assistance-de\u0301panage-gratuite-1024x683.jpg 1024w, \/wp-content\/uploads\/2025\/04\/touring-assistance-de\u0301panage-gratuite-768x512.jpg 768w, \/wp-content\/uploads\/2025\/04\/touring-assistance-de\u0301panage-gratuite-1536x1024.jpg 1536w, \/wp-content\/uploads\/2025\/04\/touring-assistance-de\u0301panage-gratuite.jpg 1920w\" sizes=\"auto, (max-width: 300px) 100vw, 300px\" \/>\t\t\t\t\t\t\t<\/a>\n  \t\t\t\t\t\t\t  \t\t\t\t\t\t\t  \t\t\t\t\t\t<\/div>\n  \t\t\t\t\t\t  \t\t\t\t\t<\/div>\n          \t\t\t\t\t<div class=\"box-text text-left\" >\n\t\t\t\t\t<div class=\"box-text-inner blog-post-inner\">\n\n\t\t\t\t\t\n\t\t\t\t\t\t\t\t\t\t<h5 class=\"post-title is-large \">\n\t\t\t\t\t\t<a href=\"https:\/\/carselect.touring.be\/fr\/blog\/touring-assistance-depannage-12-mois-offerts-avec-votre-voiture\/\" class=\"plain\">Touring assistance d\u00e9pannage : 12 mois offerts avec votre voiture !<\/a>\n\t\t\t\t\t<\/h5>\n\t\t\t\t\t\t\t\t\t\t<div class=\"is-divider\"><\/div>\n\t\t\t\t\t\t\t\t\t\t<p class=\"from_the_blog_excerpt \">\n\t\t\t\t\t\tAchetez une voiture d\u2019occasion et profitez de 12 mois d\u2019assistance d\u00e9pannage gratuite ! Aide 24\/7 [...]\t\t\t\t\t<\/p>\n\t\t\t\t\t                    \n\t\t\t\t\t\n\t\t\t\t\t\n\t\t\t\t\t<\/div>\n\t\t\t\t\t<\/div>\n\t\t\t\t\t\t\t\t\t<\/div>\n\t\t\t<\/div>\n\t\t<\/div><div class=\"col post-item\" >\n\t\t\t<div class=\"col-inner\">\n\t\t\t\t<div class=\"box box-normal box-text-bottom box-blog-post has-hover\">\n            \t\t\t\t\t<div class=\"box-image\" >\n  \t\t\t\t\t\t<div class=\"image-cover\" style=\"padding-top:56.25%;\">\n\t\t\t\t\t\t\t<a href=\"https:\/\/carselect.touring.be\/fr\/blog\/vignette-suisse-2025-obligatoire-numerique\/\" class=\"plain\" aria-label=\"Vignette Suisse 2025 expliqu\u00e9e : simple, obligatoire et 100% num\u00e9rique\">\n\t\t\t\t\t\t\t\t<img loading=\"lazy\" decoding=\"async\" width=\"300\" height=\"200\" src=\"\/wp-content\/uploads\/2025\/03\/vignette-suisse-header-300x200.jpg\" class=\"attachment-medium size-medium wp-post-image\" alt=\"vignette suisse 2025\" srcset=\"\/wp-content\/uploads\/2025\/03\/vignette-suisse-header-300x200.jpg 300w, \/wp-content\/uploads\/2025\/03\/vignette-suisse-header-768x511.jpg 768w, \/wp-content\/uploads\/2025\/03\/vignette-suisse-header.jpg 1000w\" sizes=\"auto, (max-width: 300px) 100vw, 300px\" \/>\t\t\t\t\t\t\t<\/a>\n  \t\t\t\t\t\t\t  \t\t\t\t\t\t\t  \t\t\t\t\t\t<\/div>\n  \t\t\t\t\t\t  \t\t\t\t\t<\/div>\n          \t\t\t\t\t<div class=\"box-text text-left\" >\n\t\t\t\t\t<div class=\"box-text-inner blog-post-inner\">\n\n\t\t\t\t\t\n\t\t\t\t\t\t\t\t\t\t<h5 class=\"post-title is-large \">\n\t\t\t\t\t\t<a href=\"https:\/\/carselect.touring.be\/fr\/blog\/vignette-suisse-2025-obligatoire-numerique\/\" class=\"plain\">Vignette Suisse 2025 expliqu\u00e9e : simple, obligatoire et 100% num\u00e9rique<\/a>\n\t\t\t\t\t<\/h5>\n\t\t\t\t\t\t\t\t\t\t<div class=\"is-divider\"><\/div>\n\t\t\t\t\t\t\t\t\t\t<p class=\"from_the_blog_excerpt \">\n\t\t\t\t\t\tObtenez tout ce qu\u2019il faut savoir sur la vignette suisse 2025 : prix, validit\u00e9, amendes, [...]\t\t\t\t\t<\/p>\n\t\t\t\t\t                    \n\t\t\t\t\t\n\t\t\t\t\t\n\t\t\t\t\t<\/div>\n\t\t\t\t\t<\/div>\n\t\t\t\t\t\t\t\t\t<\/div>\n\t\t\t<\/div>\n\t\t<\/div><div class=\"col post-item\" >\n\t\t\t<div class=\"col-inner\">\n\t\t\t\t<div class=\"box box-normal box-text-bottom box-blog-post has-hover\">\n            \t\t\t\t\t<div class=\"box-image\" >\n  \t\t\t\t\t\t<div class=\"image-cover\" style=\"padding-top:56.25%;\">\n\t\t\t\t\t\t\t<a href=\"https:\/\/carselect.touring.be\/fr\/blog\/vignette-autriche-2025-voyagez-sans-souci-au-dela-de-la-frontiere\/\" class=\"plain\" aria-label=\"Vignette Autriche 2025 : Voyagez sans souci au-del\u00e0 de la fronti\u00e8re !\">\n\t\t\t\t\t\t\t\t<img loading=\"lazy\" decoding=\"async\" width=\"300\" height=\"200\" src=\"\/wp-content\/uploads\/2025\/03\/vignette-autriche-2025-1-300x200.jpg\" class=\"attachment-medium size-medium wp-post-image\" alt=\"vignette autriche 2025\" srcset=\"\/wp-content\/uploads\/2025\/03\/vignette-autriche-2025-1-300x200.jpg 300w, \/wp-content\/uploads\/2025\/03\/vignette-autriche-2025-1-768x512.jpg 768w, \/wp-content\/uploads\/2025\/03\/vignette-autriche-2025-1.jpg 1000w\" sizes=\"auto, (max-width: 300px) 100vw, 300px\" \/>\t\t\t\t\t\t\t<\/a>\n  \t\t\t\t\t\t\t  \t\t\t\t\t\t\t  \t\t\t\t\t\t<\/div>\n  \t\t\t\t\t\t  \t\t\t\t\t<\/div>\n          \t\t\t\t\t<div class=\"box-text text-left\" >\n\t\t\t\t\t<div class=\"box-text-inner blog-post-inner\">\n\n\t\t\t\t\t\n\t\t\t\t\t\t\t\t\t\t<h5 class=\"post-title is-large \">\n\t\t\t\t\t\t<a href=\"https:\/\/carselect.touring.be\/fr\/blog\/vignette-autriche-2025-voyagez-sans-souci-au-dela-de-la-frontiere\/\" class=\"plain\">Vignette Autriche 2025 : Voyagez sans souci au-del\u00e0 de la fronti\u00e8re !<\/a>\n\t\t\t\t\t<\/h5>\n\t\t\t\t\t\t\t\t\t\t<div class=\"is-divider\"><\/div>\n\t\t\t\t\t\t\t\t\t\t<p class=\"from_the_blog_excerpt \">\n\t\t\t\t\t\tD\u00e9couvrez tout sur la vignette Autriche 2025 : prix, validit\u00e9 et conseils pratiques. Pr\u00e9parez votre [...]\t\t\t\t\t<\/p>\n\t\t\t\t\t                    \n\t\t\t\t\t\n\t\t\t\t\t\n\t\t\t\t\t<\/div>\n\t\t\t\t\t<\/div>\n\t\t\t\t\t\t\t\t\t<\/div>\n\t\t\t<\/div>\n\t\t<\/div><div class=\"col post-item\" >\n\t\t\t<div class=\"col-inner\">\n\t\t\t\t<div class=\"box box-normal box-text-bottom box-blog-post has-hover\">\n            \t\t\t\t\t<div class=\"box-image\" >\n  \t\t\t\t\t\t<div class=\"image-cover\" style=\"padding-top:56.25%;\">\n\t\t\t\t\t\t\t<a href=\"https:\/\/carselect.touring.be\/fr\/blog\/zone-de-basses-emissions-belgique-un-apercu-concis\/\" class=\"plain\" aria-label=\"Zone de basses \u00e9missions Belgique : Un aper\u00e7u concis\">\n\t\t\t\t\t\t\t\t<img loading=\"lazy\" decoding=\"async\" width=\"300\" height=\"200\" src=\"\/wp-content\/uploads\/2025\/01\/header-sba-300x200.jpg\" class=\"attachment-medium size-medium wp-post-image\" alt=\"zone de basses \u00e9missions\" srcset=\"\/wp-content\/uploads\/2025\/01\/header-sba-300x200.jpg 300w, \/wp-content\/uploads\/2025\/01\/header-sba-768x512.jpg 768w, \/wp-content\/uploads\/2025\/01\/header-sba.jpg 1000w\" sizes=\"auto, (max-width: 300px) 100vw, 300px\" \/>\t\t\t\t\t\t\t<\/a>\n  \t\t\t\t\t\t\t  \t\t\t\t\t\t\t  \t\t\t\t\t\t<\/div>\n  \t\t\t\t\t\t  \t\t\t\t\t<\/div>\n          \t\t\t\t\t<div class=\"box-text text-left\" >\n\t\t\t\t\t<div class=\"box-text-inner blog-post-inner\">\n\n\t\t\t\t\t\n\t\t\t\t\t\t\t\t\t\t<h5 class=\"post-title is-large \">\n\t\t\t\t\t\t<a href=\"https:\/\/carselect.touring.be\/fr\/blog\/zone-de-basses-emissions-belgique-un-apercu-concis\/\" class=\"plain\">Zone de basses \u00e9missions Belgique : Un aper\u00e7u concis<\/a>\n\t\t\t\t\t<\/h5>\n\t\t\t\t\t\t\t\t\t\t<div class=\"is-divider\"><\/div>\n\t\t\t\t\t\t\t\t\t\t<p class=\"from_the_blog_excerpt \">\n\t\t\t\t\t\tD\u00e9couvrez tout sur la zone de basses \u00e9missions en Belgique et son impact sur votre [...]\t\t\t\t\t<\/p>\n\t\t\t\t\t                    \n\t\t\t\t\t\n\t\t\t\t\t\n\t\t\t\t\t<\/div>\n\t\t\t\t\t<\/div>\n\t\t\t\t\t\t\t\t\t<\/div>\n\t\t\t<\/div>\n\t\t<\/div><div class=\"col post-item\" >\n\t\t\t<div class=\"col-inner\">\n\t\t\t\t<div class=\"box box-normal box-text-bottom box-blog-post has-hover\">\n            \t\t\t\t\t<div class=\"box-image\" >\n  \t\t\t\t\t\t<div class=\"image-cover\" style=\"padding-top:56.25%;\">\n\t\t\t\t\t\t\t<a href=\"https:\/\/carselect.touring.be\/fr\/blog\/conseils-pour-des-vacances-en-voiture-peages-vignettes-et-couts-du-carburant\/\" class=\"plain\" aria-label=\"Conseils pour des vacances en voiture sans stress : p\u00e9ages, vignettes et co\u00fbts du carburant\">\n\t\t\t\t\t\t\t\t<img loading=\"lazy\" decoding=\"async\" width=\"300\" height=\"140\" src=\"\/wp-content\/uploads\/2025\/01\/header-vacances-en-voiture-1-300x140.jpg\" class=\"attachment-medium size-medium wp-post-image\" alt=\"vacances en voiture\" srcset=\"\/wp-content\/uploads\/2025\/01\/header-vacances-en-voiture-1-300x140.jpg 300w, \/wp-content\/uploads\/2025\/01\/header-vacances-en-voiture-1-768x359.jpg 768w, \/wp-content\/uploads\/2025\/01\/header-vacances-en-voiture-1.jpg 1000w\" sizes=\"auto, (max-width: 300px) 100vw, 300px\" \/>\t\t\t\t\t\t\t<\/a>\n  \t\t\t\t\t\t\t  \t\t\t\t\t\t\t  \t\t\t\t\t\t<\/div>\n  \t\t\t\t\t\t  \t\t\t\t\t<\/div>\n          \t\t\t\t\t<div class=\"box-text text-left\" >\n\t\t\t\t\t<div class=\"box-text-inner blog-post-inner\">\n\n\t\t\t\t\t\n\t\t\t\t\t\t\t\t\t\t<h5 class=\"post-title is-large \">\n\t\t\t\t\t\t<a href=\"https:\/\/carselect.touring.be\/fr\/blog\/conseils-pour-des-vacances-en-voiture-peages-vignettes-et-couts-du-carburant\/\" class=\"plain\">Conseils pour des vacances en voiture sans stress : p\u00e9ages, vignettes et co\u00fbts du carburant<\/a>\n\t\t\t\t\t<\/h5>\n\t\t\t\t\t\t\t\t\t\t<div class=\"is-divider\"><\/div>\n\t\t\t\t\t\t\t\t\t\t<p class=\"from_the_blog_excerpt \">\n\t\t\t\t\t\tPr\u00e9parez vos vacances en voiture avec nos astuces pour les vignettes, les frais et une [...]\t\t\t\t\t<\/p>\n\t\t\t\t\t                    \n\t\t\t\t\t\n\t\t\t\t\t\n\t\t\t\t\t<\/div>\n\t\t\t\t\t<\/div>\n\t\t\t\t\t\t\t\t\t<\/div>\n\t\t\t<\/div>\n\t\t<\/div><div class=\"col post-item\" >\n\t\t\t<div class=\"col-inner\">\n\t\t\t\t<div class=\"box box-normal box-text-bottom box-blog-post has-hover\">\n            \t\t\t\t\t<div class=\"box-image\" >\n  \t\t\t\t\t\t<div class=\"image-cover\" style=\"padding-top:56.25%;\">\n\t\t\t\t\t\t\t<a href=\"https:\/\/carselect.touring.be\/fr\/blog\/voiture-electrique-ou-hybride-rechargeable\/\" class=\"plain\" aria-label=\"Voiture \u00e9lectrique ou hybride (rechargeable) : quelle est la diff\u00e9rence ? Et laquelle vous convient le mieux ?\">\n\t\t\t\t\t\t\t\t<img loading=\"lazy\" decoding=\"async\" width=\"300\" height=\"169\" src=\"\/wp-content\/uploads\/2024\/12\/header-image-elektrische-en-hybride-wagen-2-300x169.jpg\" class=\"attachment-medium size-medium wp-post-image\" alt=\"Voiture \u00e9lectrique vs. hybride rechargeable\" srcset=\"\/wp-content\/uploads\/2024\/12\/header-image-elektrische-en-hybride-wagen-2-300x169.jpg 300w, \/wp-content\/uploads\/2024\/12\/header-image-elektrische-en-hybride-wagen-2-768x432.jpg 768w, \/wp-content\/uploads\/2024\/12\/header-image-elektrische-en-hybride-wagen-2.jpg 1000w\" sizes=\"auto, (max-width: 300px) 100vw, 300px\" \/>\t\t\t\t\t\t\t<\/a>\n  \t\t\t\t\t\t\t  \t\t\t\t\t\t\t  \t\t\t\t\t\t<\/div>\n  \t\t\t\t\t\t  \t\t\t\t\t<\/div>\n          \t\t\t\t\t<div class=\"box-text text-left\" >\n\t\t\t\t\t<div class=\"box-text-inner blog-post-inner\">\n\n\t\t\t\t\t\n\t\t\t\t\t\t\t\t\t\t<h5 class=\"post-title is-large \">\n\t\t\t\t\t\t<a href=\"https:\/\/carselect.touring.be\/fr\/blog\/voiture-electrique-ou-hybride-rechargeable\/\" class=\"plain\">Voiture \u00e9lectrique ou hybride (rechargeable) : quelle est la diff\u00e9rence ? Et laquelle vous convient le mieux ?<\/a>\n\t\t\t\t\t<\/h5>\n\t\t\t\t\t\t\t\t\t\t<div class=\"is-divider\"><\/div>\n\t\t\t\t\t\t\t\t\t\t<p class=\"from_the_blog_excerpt \">\n\t\t\t\t\t\tVous h\u00e9sitez entre l'achat d'une voiture hybride ou \u00e9lectrique ? D\u00e9couvrez les diff\u00e9rences et les [...]\t\t\t\t\t<\/p>\n\t\t\t\t\t                    \n\t\t\t\t\t\n\t\t\t\t\t\n\t\t\t\t\t<\/div>\n\t\t\t\t\t<\/div>\n\t\t\t\t\t\t\t\t\t<\/div>\n\t\t\t<\/div>\n\t\t<\/div><div class=\"col post-item\" >\n\t\t\t<div class=\"col-inner\">\n\t\t\t\t<div class=\"box box-normal box-text-bottom box-blog-post has-hover\">\n            \t\t\t\t\t<div class=\"box-image\" >\n  \t\t\t\t\t\t<div class=\"image-cover\" style=\"padding-top:56.25%;\">\n\t\t\t\t\t\t\t<a href=\"https:\/\/carselect.touring.be\/fr\/blog\/les-voitures-electriques-les-plus-vendues\/\" class=\"plain\" aria-label=\"Les voitures \u00e9lectriques les plus vendues en Belgique\">\n\t\t\t\t\t\t\t\t<img loading=\"lazy\" decoding=\"async\" width=\"300\" height=\"200\" src=\"\/wp-content\/uploads\/2024\/11\/header-4-300x200.jpg\" class=\"attachment-medium size-medium wp-post-image\" alt=\"Un aper\u00e7u de la voiture la plus vendue et d&#039;autres mod\u00e8les populaires.\" srcset=\"\/wp-content\/uploads\/2024\/11\/header-4-300x200.jpg 300w, \/wp-content\/uploads\/2024\/11\/header-4-768x511.jpg 768w, \/wp-content\/uploads\/2024\/11\/header-4.jpg 1000w\" sizes=\"auto, (max-width: 300px) 100vw, 300px\" \/>\t\t\t\t\t\t\t<\/a>\n  \t\t\t\t\t\t\t  \t\t\t\t\t\t\t  \t\t\t\t\t\t<\/div>\n  \t\t\t\t\t\t  \t\t\t\t\t<\/div>\n          \t\t\t\t\t<div class=\"box-text text-left\" >\n\t\t\t\t\t<div class=\"box-text-inner blog-post-inner\">\n\n\t\t\t\t\t\n\t\t\t\t\t\t\t\t\t\t<h5 class=\"post-title is-large \">\n\t\t\t\t\t\t<a href=\"https:\/\/carselect.touring.be\/fr\/blog\/les-voitures-electriques-les-plus-vendues\/\" class=\"plain\">Les voitures \u00e9lectriques les plus vendues en Belgique<\/a>\n\t\t\t\t\t<\/h5>\n\t\t\t\t\t\t\t\t\t\t<div class=\"is-divider\"><\/div>\n\t\t\t\t\t\t\t\t\t\t<p class=\"from_the_blog_excerpt \">\n\t\t\t\t\t\tD\u00e9couvrez les voitures \u00e9lectriques les plus vendues en Belgique et apprenez tout sur les mod\u00e8les [...]\t\t\t\t\t<\/p>\n\t\t\t\t\t                    \n\t\t\t\t\t\n\t\t\t\t\t\n\t\t\t\t\t<\/div>\n\t\t\t\t\t<\/div>\n\t\t\t\t\t\t\t\t\t<\/div>\n\t\t\t<\/div>\n\t\t<\/div><div class=\"col post-item\" >\n\t\t\t<div class=\"col-inner\">\n\t\t\t\t<div class=\"box box-normal box-text-bottom box-blog-post has-hover\">\n            \t\t\t\t\t<div class=\"box-image\" >\n  \t\t\t\t\t\t<div class=\"image-cover\" style=\"padding-top:56.25%;\">\n\t\t\t\t\t\t\t<a href=\"https:\/\/carselect.touring.be\/fr\/blog\/prime-pour-voiture-electrique-que-se-passe-t-il-apres-la-suppression-de-la-subvention-en-2025\/\" class=\"plain\" aria-label=\"Prime pour voiture \u00e9lectrique : que se passe-t-il apr\u00e8s la suppression de la subvention en 2025 ?\">\n\t\t\t\t\t\t\t\t<img loading=\"lazy\" decoding=\"async\" width=\"300\" height=\"200\" src=\"\/wp-content\/uploads\/2025\/02\/header_prime-pour-voiture-electrique-300x200.jpg\" class=\"attachment-medium size-medium wp-post-image\" alt=\"prime pour voiture \u00e9lectrique\" srcset=\"\/wp-content\/uploads\/2025\/02\/header_prime-pour-voiture-electrique-300x200.jpg 300w, \/wp-content\/uploads\/2025\/02\/header_prime-pour-voiture-electrique-768x511.jpg 768w, \/wp-content\/uploads\/2025\/02\/header_prime-pour-voiture-electrique.jpg 1000w\" sizes=\"auto, (max-width: 300px) 100vw, 300px\" \/>\t\t\t\t\t\t\t<\/a>\n  \t\t\t\t\t\t\t  \t\t\t\t\t\t\t  \t\t\t\t\t\t<\/div>\n  \t\t\t\t\t\t  \t\t\t\t\t<\/div>\n          \t\t\t\t\t<div class=\"box-text text-left\" >\n\t\t\t\t\t<div class=\"box-text-inner blog-post-inner\">\n\n\t\t\t\t\t\n\t\t\t\t\t\t\t\t\t\t<h5 class=\"post-title is-large \">\n\t\t\t\t\t\t<a href=\"https:\/\/carselect.touring.be\/fr\/blog\/prime-pour-voiture-electrique-que-se-passe-t-il-apres-la-suppression-de-la-subvention-en-2025\/\" class=\"plain\">Prime pour voiture \u00e9lectrique : que se passe-t-il apr\u00e8s la suppression de la subvention en 2025 ?<\/a>\n\t\t\t\t\t<\/h5>\n\t\t\t\t\t\t\t\t\t\t<div class=\"is-divider\"><\/div>\n\t\t\t\t\t\t\t\t\t\t<p class=\"from_the_blog_excerpt \">\n\t\t\t\t\t\tTout sur la prime pour voiture \u00e9lectrique en 2024. Pourquoi a-t-elle \u00e9t\u00e9 arr\u00eat\u00e9e et quelles [...]\t\t\t\t\t<\/p>\n\t\t\t\t\t                    \n\t\t\t\t\t\n\t\t\t\t\t\n\t\t\t\t\t<\/div>\n\t\t\t\t\t<\/div>\n\t\t\t\t\t\t\t\t\t<\/div>\n\t\t\t<\/div>\n\t\t<\/div><div class=\"col post-item\" >\n\t\t\t<div class=\"col-inner\">\n\t\t\t\t<div class=\"box box-normal box-text-bottom box-blog-post has-hover\">\n            \t\t\t\t\t<div class=\"box-image\" >\n  \t\t\t\t\t\t<div class=\"image-cover\" style=\"padding-top:56.25%;\">\n\t\t\t\t\t\t\t<a href=\"https:\/\/carselect.touring.be\/fr\/blog\/assurance-jeune-conducteur-en-belgique-quelles-sont-les-options\/\" class=\"plain\" aria-label=\"Assurance jeune conducteur en Belgique : quelles sont les options ?\">\n\t\t\t\t\t\t\t\t<img loading=\"lazy\" decoding=\"async\" width=\"300\" height=\"200\" src=\"\/wp-content\/uploads\/2025\/02\/assurance-jeune-conducteur-belgique-header-300x200.png\" class=\"attachment-medium size-medium wp-post-image\" alt=\"assurance jeune conducteur belgique\" srcset=\"\/wp-content\/uploads\/2025\/02\/assurance-jeune-conducteur-belgique-header-300x200.png 300w, \/wp-content\/uploads\/2025\/02\/assurance-jeune-conducteur-belgique-header-768x512.png 768w, \/wp-content\/uploads\/2025\/02\/assurance-jeune-conducteur-belgique-header.png 1000w\" sizes=\"auto, (max-width: 300px) 100vw, 300px\" \/>\t\t\t\t\t\t\t<\/a>\n  \t\t\t\t\t\t\t  \t\t\t\t\t\t\t  \t\t\t\t\t\t<\/div>\n  \t\t\t\t\t\t  \t\t\t\t\t<\/div>\n          \t\t\t\t\t<div class=\"box-text text-left\" >\n\t\t\t\t\t<div class=\"box-text-inner blog-post-inner\">\n\n\t\t\t\t\t\n\t\t\t\t\t\t\t\t\t\t<h5 class=\"post-title is-large \">\n\t\t\t\t\t\t<a href=\"https:\/\/carselect.touring.be\/fr\/blog\/assurance-jeune-conducteur-en-belgique-quelles-sont-les-options\/\" class=\"plain\">Assurance jeune conducteur en Belgique : quelles sont les options ?<\/a>\n\t\t\t\t\t<\/h5>\n\t\t\t\t\t\t\t\t\t\t<div class=\"is-divider\"><\/div>\n\t\t\t\t\t\t\t\t\t\t<p class=\"from_the_blog_excerpt \">\n\t\t\t\t\t\tL'assurance jeune conducteur en Belgique est co\u00fbteuse, mais il existe des astuces pour \u00e9conomiser ! [...]\t\t\t\t\t<\/p>\n\t\t\t\t\t                    \n\t\t\t\t\t\n\t\t\t\t\t\n\t\t\t\t\t<\/div>\n\t\t\t\t\t<\/div>\n\t\t\t\t\t\t\t\t\t<\/div>\n\t\t\t<\/div>\n\t\t<\/div><div class=\"col post-item\" >\n\t\t\t<div class=\"col-inner\">\n\t\t\t\t<div class=\"box box-normal box-text-bottom box-blog-post has-hover\">\n            \t\t\t\t\t<div class=\"box-image\" >\n  \t\t\t\t\t\t<div class=\"image-cover\" style=\"padding-top:56.25%;\">\n\t\t\t\t\t\t\t<a href=\"https:\/\/carselect.touring.be\/fr\/blog\/comprendre-la-taxe-de-circulation-en-belgique\/\" class=\"plain\" aria-label=\"Comprendre la taxe de circulation en Belgique\">\n\t\t\t\t\t\t\t\t<img loading=\"lazy\" decoding=\"async\" width=\"300\" height=\"200\" src=\"\/wp-content\/uploads\/2025\/04\/taxe-de-circulation-300x200.jpg\" class=\"attachment-medium size-medium wp-post-image\" alt=\"taxe de circulation belgique\" srcset=\"\/wp-content\/uploads\/2025\/04\/taxe-de-circulation-300x200.jpg 300w, \/wp-content\/uploads\/2025\/04\/taxe-de-circulation-768x511.jpg 768w, \/wp-content\/uploads\/2025\/04\/taxe-de-circulation.jpg 1000w\" sizes=\"auto, (max-width: 300px) 100vw, 300px\" \/>\t\t\t\t\t\t\t<\/a>\n  \t\t\t\t\t\t\t  \t\t\t\t\t\t\t  \t\t\t\t\t\t<\/div>\n  \t\t\t\t\t\t  \t\t\t\t\t<\/div>\n          \t\t\t\t\t<div class=\"box-text text-left\" >\n\t\t\t\t\t<div class=\"box-text-inner blog-post-inner\">\n\n\t\t\t\t\t\n\t\t\t\t\t\t\t\t\t\t<h5 class=\"post-title is-large \">\n\t\t\t\t\t\t<a href=\"https:\/\/carselect.touring.be\/fr\/blog\/comprendre-la-taxe-de-circulation-en-belgique\/\" class=\"plain\">Comprendre la taxe de circulation en Belgique<\/a>\n\t\t\t\t\t<\/h5>\n\t\t\t\t\t\t\t\t\t\t<div class=\"is-divider\"><\/div>\n\t\t\t\t\t\t\t\t\t\t<p class=\"from_the_blog_excerpt \">\n\t\t\t\t\t\tD\u00e9couvrez tout ce qu'il faut savoir sur la taxe de circulation : conseils pratiques et [...]\t\t\t\t\t<\/p>\n\t\t\t\t\t                    \n\t\t\t\t\t\n\t\t\t\t\t\n\t\t\t\t\t<\/div>\n\t\t\t\t\t<\/div>\n\t\t\t\t\t\t\t\t\t<\/div>\n\t\t\t<\/div>\n\t\t<\/div><div class=\"col post-item\" >\n\t\t\t<div class=\"col-inner\">\n\t\t\t\t<div class=\"box box-normal box-text-bottom box-blog-post has-hover\">\n            \t\t\t\t\t<div class=\"box-image\" >\n  \t\t\t\t\t\t<div class=\"image-cover\" style=\"padding-top:56.25%;\">\n\t\t\t\t\t\t\t<a href=\"https:\/\/carselect.touring.be\/fr\/blog\/quel-est-le-prix-dune-assurance-auto-par-an-le-guide-complet\/\" class=\"plain\" aria-label=\"Quel est le prix d&rsquo;une assurance auto par an ? Le guide complet\">\n\t\t\t\t\t\t\t\t<img loading=\"lazy\" decoding=\"async\" width=\"300\" height=\"200\" src=\"\/wp-content\/uploads\/2025\/03\/headerimage-prix-assurance-auto-300x200.jpg\" class=\"attachment-medium size-medium wp-post-image\" alt=\"prix assurance automobile\" srcset=\"\/wp-content\/uploads\/2025\/03\/headerimage-prix-assurance-auto-300x200.jpg 300w, \/wp-content\/uploads\/2025\/03\/headerimage-prix-assurance-auto-768x511.jpg 768w, \/wp-content\/uploads\/2025\/03\/headerimage-prix-assurance-auto.jpg 1000w\" sizes=\"auto, (max-width: 300px) 100vw, 300px\" \/>\t\t\t\t\t\t\t<\/a>\n  \t\t\t\t\t\t\t  \t\t\t\t\t\t\t  \t\t\t\t\t\t<\/div>\n  \t\t\t\t\t\t  \t\t\t\t\t<\/div>\n          \t\t\t\t\t<div class=\"box-text text-left\" >\n\t\t\t\t\t<div class=\"box-text-inner blog-post-inner\">\n\n\t\t\t\t\t\n\t\t\t\t\t\t\t\t\t\t<h5 class=\"post-title is-large \">\n\t\t\t\t\t\t<a href=\"https:\/\/carselect.touring.be\/fr\/blog\/quel-est-le-prix-dune-assurance-auto-par-an-le-guide-complet\/\" class=\"plain\">Quel est le prix d&rsquo;une assurance auto par an ? Le guide complet<\/a>\n\t\t\t\t\t<\/h5>\n\t\t\t\t\t\t\t\t\t\t<div class=\"is-divider\"><\/div>\n\t\t\t\t\t\t\t\t\t\t<p class=\"from_the_blog_excerpt \">\n\t\t\t\t\t\tQuel est le prix d'une assurance auto par an en Belgique ? D\u00e9couvrez les tarifs [...]\t\t\t\t\t<\/p>\n\t\t\t\t\t                    \n\t\t\t\t\t\n\t\t\t\t\t\n\t\t\t\t\t<\/div>\n\t\t\t\t\t<\/div>\n\t\t\t\t\t\t\t\t\t<\/div>\n\t\t\t<\/div>\n\t\t<\/div><div class=\"col post-item\" >\n\t\t\t<div class=\"col-inner\">\n\t\t\t\t<div class=\"box box-normal box-text-bottom box-blog-post has-hover\">\n            \t\t\t\t\t<div class=\"box-image\" >\n  \t\t\t\t\t\t<div class=\"image-cover\" style=\"padding-top:56.25%;\">\n\t\t\t\t\t\t\t<a href=\"https:\/\/carselect.touring.be\/fr\/blog\/entretien-voiture-electrique-et-controle-technique\/\" class=\"plain\" aria-label=\"Contr\u00f4le technique et entretien voitures \u00e9lectriques : tout ce que vous devez savoir\">\n\t\t\t\t\t\t\t\t<img loading=\"lazy\" decoding=\"async\" width=\"300\" height=\"209\" src=\"\/wp-content\/uploads\/2024\/12\/headershutterstock_1122594407-300x209.jpg\" class=\"attachment-medium size-medium wp-post-image\" alt=\"elektrische auto onderhouden\" srcset=\"\/wp-content\/uploads\/2024\/12\/headershutterstock_1122594407-300x209.jpg 300w, \/wp-content\/uploads\/2024\/12\/headershutterstock_1122594407-768x536.jpg 768w, \/wp-content\/uploads\/2024\/12\/headershutterstock_1122594407.jpg 1000w\" sizes=\"auto, (max-width: 300px) 100vw, 300px\" \/>\t\t\t\t\t\t\t<\/a>\n  \t\t\t\t\t\t\t  \t\t\t\t\t\t\t  \t\t\t\t\t\t<\/div>\n  \t\t\t\t\t\t  \t\t\t\t\t<\/div>\n          \t\t\t\t\t<div class=\"box-text text-left\" >\n\t\t\t\t\t<div class=\"box-text-inner blog-post-inner\">\n\n\t\t\t\t\t\n\t\t\t\t\t\t\t\t\t\t<h5 class=\"post-title is-large \">\n\t\t\t\t\t\t<a href=\"https:\/\/carselect.touring.be\/fr\/blog\/entretien-voiture-electrique-et-controle-technique\/\" class=\"plain\">Contr\u00f4le technique et entretien voitures \u00e9lectriques : tout ce que vous devez savoir<\/a>\n\t\t\t\t\t<\/h5>\n\t\t\t\t\t\t\t\t\t\t<div class=\"is-divider\"><\/div>\n\t\t\t\t\t\t\t\t\t\t<p class=\"from_the_blog_excerpt \">\n\t\t\t\t\t\tD\u00e9couvrez des astuces pratiques pour entretenir votre voiture \u00e9lectrique \u00e0 moindre co\u00fbt et de mani\u00e8re [...]\t\t\t\t\t<\/p>\n\t\t\t\t\t                    \n\t\t\t\t\t\n\t\t\t\t\t\n\t\t\t\t\t<\/div>\n\t\t\t\t\t<\/div>\n\t\t\t\t\t\t\t\t\t<\/div>\n\t\t\t<\/div>\n\t\t<\/div><div class=\"col post-item\" >\n\t\t\t<div class=\"col-inner\">\n\t\t\t\t<div class=\"box box-normal box-text-bottom box-blog-post has-hover\">\n            \t\t\t\t\t<div class=\"box-image\" >\n  \t\t\t\t\t\t<div class=\"image-cover\" style=\"padding-top:56.25%;\">\n\t\t\t\t\t\t\t<a href=\"https:\/\/carselect.touring.be\/fr\/blog\/voiture-autonome-quand-la-norme\/\" class=\"plain\" aria-label=\"Voiture Autonome : Quand Deviendra-t-elle la Norme ?\">\n\t\t\t\t\t\t\t\t<img loading=\"lazy\" decoding=\"async\" width=\"300\" height=\"200\" src=\"\/wp-content\/uploads\/2025\/03\/Header-voiture-autonome-300x200.jpg\" class=\"attachment-medium size-medium wp-post-image\" alt=\"voiture autonome en \u00e9tats-unis\" srcset=\"\/wp-content\/uploads\/2025\/03\/Header-voiture-autonome-300x200.jpg 300w, \/wp-content\/uploads\/2025\/03\/Header-voiture-autonome-768x511.jpg 768w, \/wp-content\/uploads\/2025\/03\/Header-voiture-autonome.jpg 1000w\" sizes=\"auto, (max-width: 300px) 100vw, 300px\" \/>\t\t\t\t\t\t\t<\/a>\n  \t\t\t\t\t\t\t  \t\t\t\t\t\t\t  \t\t\t\t\t\t<\/div>\n  \t\t\t\t\t\t  \t\t\t\t\t<\/div>\n          \t\t\t\t\t<div class=\"box-text text-left\" >\n\t\t\t\t\t<div class=\"box-text-inner blog-post-inner\">\n\n\t\t\t\t\t\n\t\t\t\t\t\t\t\t\t\t<h5 class=\"post-title is-large \">\n\t\t\t\t\t\t<a href=\"https:\/\/carselect.touring.be\/fr\/blog\/voiture-autonome-quand-la-norme\/\" class=\"plain\">Voiture Autonome : Quand Deviendra-t-elle la Norme ?<\/a>\n\t\t\t\t\t<\/h5>\n\t\t\t\t\t\t\t\t\t\t<div class=\"is-divider\"><\/div>\n\t\t\t\t\t\t\t\t\t\t<p class=\"from_the_blog_excerpt \">\n\t\t\t\t\t\tQu'est-ce qu'une voiture autonome et comment \u00e9volue cette technologie ? D\u00e9couvrez les types, la l\u00e9gislation [...]\t\t\t\t\t<\/p>\n\t\t\t\t\t                    \n\t\t\t\t\t\n\t\t\t\t\t\n\t\t\t\t\t<\/div>\n\t\t\t\t\t<\/div>\n\t\t\t\t\t\t\t\t\t<\/div>\n\t\t\t<\/div>\n\t\t<\/div><div class=\"col post-item\" >\n\t\t\t<div class=\"col-inner\">\n\t\t\t\t<div class=\"box box-normal box-text-bottom box-blog-post has-hover\">\n            \t\t\t\t\t<div class=\"box-image\" >\n  \t\t\t\t\t\t<div class=\"image-cover\" style=\"padding-top:56.25%;\">\n\t\t\t\t\t\t\t<a href=\"https:\/\/carselect.touring.be\/fr\/blog\/tout-savoir-sur-lautonomie-et-la-duree-de-vie-de-la-batterie-une-voiture-electrique\/\" class=\"plain\" aria-label=\"Tout savoir sur l\u2019autonomie et la dur\u00e9e de vie de la batterie d\u2019une voiture \u00e9lectrique\">\n\t\t\t\t\t\t\t\t<img loading=\"lazy\" decoding=\"async\" width=\"300\" height=\"163\" src=\"\/wp-content\/uploads\/2024\/12\/header-levensduur-1-300x163.jpg\" class=\"attachment-medium size-medium wp-post-image\" alt=\"Vue transparente d&#039;une batterie de voiture.\" srcset=\"\/wp-content\/uploads\/2024\/12\/header-levensduur-1-300x163.jpg 300w, \/wp-content\/uploads\/2024\/12\/header-levensduur-1-768x417.jpg 768w, \/wp-content\/uploads\/2024\/12\/header-levensduur-1.jpg 1000w\" sizes=\"auto, (max-width: 300px) 100vw, 300px\" \/>\t\t\t\t\t\t\t<\/a>\n  \t\t\t\t\t\t\t  \t\t\t\t\t\t\t  \t\t\t\t\t\t<\/div>\n  \t\t\t\t\t\t  \t\t\t\t\t<\/div>\n          \t\t\t\t\t<div class=\"box-text text-left\" >\n\t\t\t\t\t<div class=\"box-text-inner blog-post-inner\">\n\n\t\t\t\t\t\n\t\t\t\t\t\t\t\t\t\t<h5 class=\"post-title is-large \">\n\t\t\t\t\t\t<a href=\"https:\/\/carselect.touring.be\/fr\/blog\/tout-savoir-sur-lautonomie-et-la-duree-de-vie-de-la-batterie-une-voiture-electrique\/\" class=\"plain\">Tout savoir sur l\u2019autonomie et la dur\u00e9e de vie de la batterie d\u2019une voiture \u00e9lectrique<\/a>\n\t\t\t\t\t<\/h5>\n\t\t\t\t\t\t\t\t\t\t<div class=\"is-divider\"><\/div>\n\t\t\t\t\t\t\t\t\t\t<p class=\"from_the_blog_excerpt \">\n\t\t\t\t\t\tTout savoir sur l'autonomie et la dur\u00e9e de vie de la batterie des voitures \u00e9lectriques. [...]\t\t\t\t\t<\/p>\n\t\t\t\t\t                    \n\t\t\t\t\t\n\t\t\t\t\t\n\t\t\t\t\t<\/div>\n\t\t\t\t\t<\/div>\n\t\t\t\t\t\t\t\t\t<\/div>\n\t\t\t<\/div>\n\t\t<\/div><div class=\"col post-item\" >\n\t\t\t<div class=\"col-inner\">\n\t\t\t\t<div class=\"box box-normal box-text-bottom box-blog-post has-hover\">\n            \t\t\t\t\t<div class=\"box-image\" >\n  \t\t\t\t\t\t<div class=\"image-cover\" style=\"padding-top:56.25%;\">\n\t\t\t\t\t\t\t<a href=\"https:\/\/carselect.touring.be\/fr\/blog\/impact-caillou-carrosserie-reparation-restauration-et-prevention-des-dommages\/\" class=\"plain\" aria-label=\"Impact caillou carrosserie : R\u00e9paration, restauration et pr\u00e9vention des dommages\">\n\t\t\t\t\t\t\t\t<img loading=\"lazy\" decoding=\"async\" width=\"300\" height=\"200\" src=\"\/wp-content\/uploads\/2024\/12\/header-impact-caillou-carrosserie-300x200.jpg\" class=\"attachment-medium size-medium wp-post-image\" alt=\"impact caillou carrosserie\" srcset=\"\/wp-content\/uploads\/2024\/12\/header-impact-caillou-carrosserie-300x200.jpg 300w, \/wp-content\/uploads\/2024\/12\/header-impact-caillou-carrosserie-768x512.jpg 768w, \/wp-content\/uploads\/2024\/12\/header-impact-caillou-carrosserie.jpg 1000w\" sizes=\"auto, (max-width: 300px) 100vw, 300px\" \/>\t\t\t\t\t\t\t<\/a>\n  \t\t\t\t\t\t\t  \t\t\t\t\t\t\t  \t\t\t\t\t\t<\/div>\n  \t\t\t\t\t\t  \t\t\t\t\t<\/div>\n          \t\t\t\t\t<div class=\"box-text text-left\" >\n\t\t\t\t\t<div class=\"box-text-inner blog-post-inner\">\n\n\t\t\t\t\t\n\t\t\t\t\t\t\t\t\t\t<h5 class=\"post-title is-large \">\n\t\t\t\t\t\t<a href=\"https:\/\/carselect.touring.be\/fr\/blog\/impact-caillou-carrosserie-reparation-restauration-et-prevention-des-dommages\/\" class=\"plain\">Impact caillou carrosserie : R\u00e9paration, restauration et pr\u00e9vention des dommages<\/a>\n\t\t\t\t\t<\/h5>\n\t\t\t\t\t\t\t\t\t\t<div class=\"is-divider\"><\/div>\n\t\t\t\t\t\t\t\t\t\t<p class=\"from_the_blog_excerpt \">\n\t\t\t\t\t\tD\u00e9couvrez comment r\u00e9parer un pare-brise efficacement et des essuie-glaces avec notre guide pratique et des [...]\t\t\t\t\t<\/p>\n\t\t\t\t\t                    \n\t\t\t\t\t\n\t\t\t\t\t\n\t\t\t\t\t<\/div>\n\t\t\t\t\t<\/div>\n\t\t\t\t\t\t\t\t\t<\/div>\n\t\t\t<\/div>\n\t\t<\/div><div class=\"col post-item\" >\n\t\t\t<div class=\"col-inner\">\n\t\t\t\t<div class=\"box box-normal box-text-bottom box-blog-post has-hover\">\n            \t\t\t\t\t<div class=\"box-image\" >\n  \t\t\t\t\t\t<div class=\"image-cover\" style=\"padding-top:56.25%;\">\n\t\t\t\t\t\t\t<a href=\"https:\/\/carselect.touring.be\/fr\/blog\/meilleur-porte-velos-pour-votre-voiture-conseils-et-astuces\/\" class=\"plain\" aria-label=\"Le meilleur porte v\u00e9los pour votre voiture : conseils et astuces pour faire le bon choix\">\n\t\t\t\t\t\t\t\t<img loading=\"lazy\" decoding=\"async\" width=\"300\" height=\"191\" src=\"\/wp-content\/uploads\/2024\/12\/porte-velos-header-300x191.jpg\" class=\"attachment-medium size-medium wp-post-image\" alt=\"Porte-v\u00e9los pour la voiture mais sur la barre d&#039;attelage\" srcset=\"\/wp-content\/uploads\/2024\/12\/porte-velos-header-300x191.jpg 300w, \/wp-content\/uploads\/2024\/12\/porte-velos-header-768x490.jpg 768w, \/wp-content\/uploads\/2024\/12\/porte-velos-header.jpg 1000w\" sizes=\"auto, (max-width: 300px) 100vw, 300px\" \/>\t\t\t\t\t\t\t<\/a>\n  \t\t\t\t\t\t\t  \t\t\t\t\t\t\t  \t\t\t\t\t\t<\/div>\n  \t\t\t\t\t\t  \t\t\t\t\t<\/div>\n          \t\t\t\t\t<div class=\"box-text text-left\" >\n\t\t\t\t\t<div class=\"box-text-inner blog-post-inner\">\n\n\t\t\t\t\t\n\t\t\t\t\t\t\t\t\t\t<h5 class=\"post-title is-large \">\n\t\t\t\t\t\t<a href=\"https:\/\/carselect.touring.be\/fr\/blog\/meilleur-porte-velos-pour-votre-voiture-conseils-et-astuces\/\" class=\"plain\">Le meilleur porte v\u00e9los pour votre voiture : conseils et astuces pour faire le bon choix<\/a>\n\t\t\t\t\t<\/h5>\n\t\t\t\t\t\t\t\t\t\t<div class=\"is-divider\"><\/div>\n\t\t\t\t\t\t\t\t\t\t<p class=\"from_the_blog_excerpt \">\n\t\t\t\t\t\tD\u00e9couvrez comment choisir le porte-v\u00e9los id\u00e9al pour votre v\u00e9hicule. \u00c9vitez les erreurs courantes et optimisez [...]\t\t\t\t\t<\/p>\n\t\t\t\t\t                    \n\t\t\t\t\t\n\t\t\t\t\t\n\t\t\t\t\t<\/div>\n\t\t\t\t\t<\/div>\n\t\t\t\t\t\t\t\t\t<\/div>\n\t\t\t<\/div>\n\t\t<\/div><\/div>\n\n\n\t\t<\/div>\n\t\t\t\t\t<\/div>\n\n\t\n\n<\/div>\n<div class=\"row\"  id=\"row-720783429\">\n\n\n\t<div id=\"col-283480838\" class=\"col small-12 large-12\"  >\n\t\t\t\t<div class=\"col-inner\"  >\n\t\t\t\n\t\t\t\n\n\n  <div class=\"banner has-hover\" id=\"banner-1726170046\">\n          <div class=\"banner-inner fill\">\n        <div class=\"banner-bg fill\" >\n            <img loading=\"lazy\" decoding=\"async\" width=\"1440\" height=\"160\" src=\"\/wp-content\/uploads\/2025\/01\/Mask-group.png\" class=\"bg attachment-original size-original\" alt=\"\" \/>                                    \n                    <\/div>\n\t\t\n        <div class=\"banner-layers container\">\n            <div class=\"fill banner-link\"><\/div>            \n\n   <div id=\"text-box-1846715918\" class=\"text-box banner-layer x100 md-x100 lg-x100 y10 md-y10 lg-y10 res-text\">\n                                <div class=\"text-box-content text dark\">\n              \n              <div class=\"text-inner text-center\">\n                  \n\n<h2><em>Achetez votre<\/em><\/h2>\n<h2><em>Voiture de r\u00eave<\/em><\/h2>\n<a href=\"https:\/\/carselect.touring.be\/fr\/acheter-une-voiture\/\" class=\"button success\"  >\n\t\t<span>D\u00e9couvrez<\/span>\n\t<\/a>\n\n\n\n              <\/div>\n           <\/div>\n                            \n<style>\n#text-box-1846715918 {\n  width: 35%;\n}\n#text-box-1846715918 .text-box-content {\n  font-size: 100%;\n}\n<\/style>\n    <\/div>\n \n\n        <\/div>\n      <\/div>\n\n            \n<style>\n#banner-1726170046 {\n  padding-top: 250px;\n}\n#banner-1726170046 .banner-bg img {\n  object-position: 22% 0%;\n}\n<\/style>\n  <\/div>\n\n\n\n\t\t<\/div>\n\t\t\t\t\t<\/div>\n\n\t\n\n<\/div>\n\n\t\t<\/div>\n\n\t\t\n<style>\n#section_1084775606 {\n  padding-top: 0px;\n  padding-bottom: 0px;\n}\n<\/style>\n\t<\/section>\n\t\n\n\n\n<p><\/p>\n","protected":false},"excerpt":{"rendered":"<p>D\u00e9couvrez comment vendre votre voiture sans contr\u00f4le technique. Informez-vous sur les d\u00e9marches et les implications. Lisez l&rsquo;article pour en savoir plus.<\/p>\n","protected":false},"author":28,"featured_media":14130,"comment_status":"closed","ping_status":"open","sticky":false,"template":"","format":"standard","meta":{"footnotes":""},"categories":[75],"tags":[],"class_list":["post-14126","post","type-post","status-publish","format-standard","has-post-thumbnail","hentry","category-conseils"],"yoast_head":"<!-- This site is optimized with the Yoast SEO Premium plugin v24.0 (Yoast SEO v24.0) - https:\/\/yoast.com\/wordpress\/plugins\/seo\/ -->\n<title>Vendre voiture sans contr\u00f4le technique ? Comment faire en Belgique - Touring Dealer<\/title>\n<meta name=\"description\" content=\"D\u00e9couvrez comment vendre votre voiture sans contr\u00f4le technique. Informez-vous sur les d\u00e9marches et les implications, maintenant.\" \/>\n<meta name=\"robots\" content=\"index, follow, max-snippet:-1, max-image-preview:large, max-video-preview:-1\" \/>\n<link rel=\"canonical\" href=\"https:\/\/carselect.touring.be\/fr\/blog\/vendre-voiture-sans-controle-technique-en-belgique\/\" \/>\n<meta property=\"og:locale\" content=\"fr_FR\" \/>\n<meta property=\"og:type\" content=\"article\" \/>\n<meta property=\"og:title\" content=\"Vendre voiture sans contr\u00f4le technique ? Voici comment le faire 100 % l\u00e9galement en Belgique\" \/>\n<meta property=\"og:description\" content=\"D\u00e9couvrez comment vendre votre voiture sans contr\u00f4le technique. Informez-vous sur les d\u00e9marches et les implications, maintenant.\" \/>\n<meta property=\"og:url\" content=\"https:\/\/carselect.touring.be\/fr\/blog\/vendre-voiture-sans-controle-technique-en-belgique\/\" \/>\n<meta property=\"og:site_name\" content=\"Touring Dealer\" \/>\n<meta property=\"article:published_time\" content=\"2025-07-29T18:18:22+00:00\" \/>\n<meta property=\"article:modified_time\" content=\"2025-07-29T18:23:35+00:00\" \/>\n<meta property=\"og:image\" content=\"https:\/\/carselect.touring.be\/wp-content\/uploads\/2025\/07\/vendre-voiture-sans-controle-technique-header.jpg\" \/>\n\t<meta property=\"og:image:width\" content=\"1000\" \/>\n\t<meta property=\"og:image:height\" content=\"667\" \/>\n\t<meta property=\"og:image:type\" content=\"image\/jpeg\" \/>\n<meta name=\"author\" content=\"Storme Wouter\" \/>\n<meta name=\"twitter:card\" content=\"summary_large_image\" \/>\n<meta name=\"twitter:label1\" content=\"\u00c9crit par\" \/>\n\t<meta name=\"twitter:data1\" content=\"Storme Wouter\" \/>\n\t<meta name=\"twitter:label2\" content=\"Dur\u00e9e de lecture est.\" \/>\n\t<meta name=\"twitter:data2\" content=\"13 minutes\" \/>\n<script type=\"application\/ld+json\" class=\"yoast-schema-graph\">{\"@context\":\"https:\/\/schema.org\",\"@graph\":[{\"@type\":\"Article\",\"@id\":\"https:\/\/carselect.touring.be\/fr\/blog\/vendre-voiture-sans-controle-technique-en-belgique\/#article\",\"isPartOf\":{\"@id\":\"https:\/\/carselect.touring.be\/fr\/blog\/vendre-voiture-sans-controle-technique-en-belgique\/\"},\"author\":{\"name\":\"Storme Wouter\",\"@id\":\"https:\/\/carselect.touring.be\/fr\/#\/schema\/person\/ac266868402e795f000a152b0f4fd4d8\"},\"headline\":\"Vendre voiture sans contr\u00f4le technique ? Voici comment le faire 100 % l\u00e9galement en Belgique\",\"datePublished\":\"2025-07-29T18:18:22+00:00\",\"dateModified\":\"2025-07-29T18:23:35+00:00\",\"mainEntityOfPage\":{\"@id\":\"https:\/\/carselect.touring.be\/fr\/blog\/vendre-voiture-sans-controle-technique-en-belgique\/\"},\"wordCount\":2951,\"publisher\":{\"@id\":\"https:\/\/carselect.touring.be\/fr\/#organization\"},\"image\":{\"@id\":\"https:\/\/carselect.touring.be\/fr\/blog\/vendre-voiture-sans-controle-technique-en-belgique\/#primaryimage\"},\"thumbnailUrl\":\"\/wp-content\/uploads\/2025\/07\/vendre-voiture-sans-controle-technique-header.jpg\",\"articleSection\":[\"Conseils\"],\"inLanguage\":\"fr-BE\"},{\"@type\":\"WebPage\",\"@id\":\"https:\/\/carselect.touring.be\/fr\/blog\/vendre-voiture-sans-controle-technique-en-belgique\/\",\"url\":\"https:\/\/carselect.touring.be\/fr\/blog\/vendre-voiture-sans-controle-technique-en-belgique\/\",\"name\":\"Vendre voiture sans contr\u00f4le technique ? Comment faire en Belgique - Touring Dealer\",\"isPartOf\":{\"@id\":\"https:\/\/carselect.touring.be\/fr\/#website\"},\"primaryImageOfPage\":{\"@id\":\"https:\/\/carselect.touring.be\/fr\/blog\/vendre-voiture-sans-controle-technique-en-belgique\/#primaryimage\"},\"image\":{\"@id\":\"https:\/\/carselect.touring.be\/fr\/blog\/vendre-voiture-sans-controle-technique-en-belgique\/#primaryimage\"},\"thumbnailUrl\":\"\/wp-content\/uploads\/2025\/07\/vendre-voiture-sans-controle-technique-header.jpg\",\"datePublished\":\"2025-07-29T18:18:22+00:00\",\"dateModified\":\"2025-07-29T18:23:35+00:00\",\"description\":\"D\u00e9couvrez comment vendre votre voiture sans contr\u00f4le technique. Informez-vous sur les d\u00e9marches et les implications, maintenant.\",\"breadcrumb\":{\"@id\":\"https:\/\/carselect.touring.be\/fr\/blog\/vendre-voiture-sans-controle-technique-en-belgique\/#breadcrumb\"},\"inLanguage\":\"fr-BE\",\"potentialAction\":[{\"@type\":\"ReadAction\",\"target\":[\"https:\/\/carselect.touring.be\/fr\/blog\/vendre-voiture-sans-controle-technique-en-belgique\/\"]}]},{\"@type\":\"ImageObject\",\"inLanguage\":\"fr-BE\",\"@id\":\"https:\/\/carselect.touring.be\/fr\/blog\/vendre-voiture-sans-controle-technique-en-belgique\/#primaryimage\",\"url\":\"\/wp-content\/uploads\/2025\/07\/vendre-voiture-sans-controle-technique-header.jpg\",\"contentUrl\":\"\/wp-content\/uploads\/2025\/07\/vendre-voiture-sans-controle-technique-header.jpg\",\"width\":1000,\"height\":667,\"caption\":\"vendre voiture sans contr\u00f4le technique\"},{\"@type\":\"BreadcrumbList\",\"@id\":\"https:\/\/carselect.touring.be\/fr\/blog\/vendre-voiture-sans-controle-technique-en-belgique\/#breadcrumb\",\"itemListElement\":[{\"@type\":\"ListItem\",\"position\":1,\"name\":\"Home\",\"item\":\"https:\/\/carselect.touring.be\/fr\/\"},{\"@type\":\"ListItem\",\"position\":2,\"name\":\"Vendre voiture sans contr\u00f4le technique ? Voici comment le faire 100 % l\u00e9galement en Belgique\"}]},{\"@type\":\"WebSite\",\"@id\":\"https:\/\/carselect.touring.be\/fr\/#website\",\"url\":\"https:\/\/carselect.touring.be\/fr\/\",\"name\":\"Touring CarSelect\",\"description\":\"\",\"publisher\":{\"@id\":\"https:\/\/carselect.touring.be\/fr\/#organization\"},\"potentialAction\":[{\"@type\":\"SearchAction\",\"target\":{\"@type\":\"EntryPoint\",\"urlTemplate\":\"https:\/\/carselect.touring.be\/fr\/?s={search_term_string}\"},\"query-input\":{\"@type\":\"PropertyValueSpecification\",\"valueRequired\":true,\"valueName\":\"search_term_string\"}}],\"inLanguage\":\"fr-BE\"},{\"@type\":\"Organization\",\"@id\":\"https:\/\/carselect.touring.be\/fr\/#organization\",\"name\":\"Touring CarSelect\",\"url\":\"https:\/\/carselect.touring.be\/fr\/\",\"logo\":{\"@type\":\"ImageObject\",\"inLanguage\":\"fr-BE\",\"@id\":\"https:\/\/carselect.touring.be\/fr\/#\/schema\/logo\/image\/\",\"url\":\"\/wp-content\/uploads\/2024\/04\/Touring-Car-Select-Logo.png\",\"contentUrl\":\"\/wp-content\/uploads\/2024\/04\/Touring-Car-Select-Logo.png\",\"width\":154,\"height\":53,\"caption\":\"Touring CarSelect\"},\"image\":{\"@id\":\"https:\/\/carselect.touring.be\/fr\/#\/schema\/logo\/image\/\"}},{\"@type\":\"Person\",\"@id\":\"https:\/\/carselect.touring.be\/fr\/#\/schema\/person\/ac266868402e795f000a152b0f4fd4d8\",\"name\":\"Storme Wouter\",\"image\":{\"@type\":\"ImageObject\",\"inLanguage\":\"fr-BE\",\"@id\":\"https:\/\/carselect.touring.be\/fr\/#\/schema\/person\/image\/\",\"url\":\"https:\/\/secure.gravatar.com\/avatar\/84473de8cbf4200af853908f03b9ea9e?s=96&d=mm&r=g\",\"contentUrl\":\"https:\/\/secure.gravatar.com\/avatar\/84473de8cbf4200af853908f03b9ea9e?s=96&d=mm&r=g\",\"caption\":\"Storme Wouter\"},\"url\":\"https:\/\/carselect.touring.be\/fr\/blog\/author\/storme-wouter\/\"}]}<\/script>\n<!-- \/ Yoast SEO Premium plugin. -->","yoast_head_json":{"title":"Vendre voiture sans contr\u00f4le technique ? Comment faire en Belgique - Touring Dealer","description":"D\u00e9couvrez comment vendre votre voiture sans contr\u00f4le technique. Informez-vous sur les d\u00e9marches et les implications, maintenant.","robots":{"index":"index","follow":"follow","max-snippet":"max-snippet:-1","max-image-preview":"max-image-preview:large","max-video-preview":"max-video-preview:-1"},"canonical":"https:\/\/carselect.touring.be\/fr\/blog\/vendre-voiture-sans-controle-technique-en-belgique\/","og_locale":"fr_FR","og_type":"article","og_title":"Vendre voiture sans contr\u00f4le technique ? Voici comment le faire 100 % l\u00e9galement en Belgique","og_description":"D\u00e9couvrez comment vendre votre voiture sans contr\u00f4le technique. Informez-vous sur les d\u00e9marches et les implications, maintenant.","og_url":"https:\/\/carselect.touring.be\/fr\/blog\/vendre-voiture-sans-controle-technique-en-belgique\/","og_site_name":"Touring Dealer","article_published_time":"2025-07-29T18:18:22+00:00","article_modified_time":"2025-07-29T18:23:35+00:00","og_image":[{"width":1000,"height":667,"url":"https:\/\/carselect.touring.be\/wp-content\/uploads\/2025\/07\/vendre-voiture-sans-controle-technique-header.jpg","type":"image\/jpeg"}],"author":"Storme Wouter","twitter_card":"summary_large_image","twitter_misc":{"\u00c9crit par":"Storme Wouter","Dur\u00e9e de lecture est.":"13 minutes"},"schema":{"@context":"https:\/\/schema.org","@graph":[{"@type":"Article","@id":"https:\/\/carselect.touring.be\/fr\/blog\/vendre-voiture-sans-controle-technique-en-belgique\/#article","isPartOf":{"@id":"https:\/\/carselect.touring.be\/fr\/blog\/vendre-voiture-sans-controle-technique-en-belgique\/"},"author":{"name":"Storme Wouter","@id":"https:\/\/carselect.touring.be\/fr\/#\/schema\/person\/ac266868402e795f000a152b0f4fd4d8"},"headline":"Vendre voiture sans contr\u00f4le technique ? Voici comment le faire 100 % l\u00e9galement en Belgique","datePublished":"2025-07-29T18:18:22+00:00","dateModified":"2025-07-29T18:23:35+00:00","mainEntityOfPage":{"@id":"https:\/\/carselect.touring.be\/fr\/blog\/vendre-voiture-sans-controle-technique-en-belgique\/"},"wordCount":2951,"publisher":{"@id":"https:\/\/carselect.touring.be\/fr\/#organization"},"image":{"@id":"https:\/\/carselect.touring.be\/fr\/blog\/vendre-voiture-sans-controle-technique-en-belgique\/#primaryimage"},"thumbnailUrl":"\/wp-content\/uploads\/2025\/07\/vendre-voiture-sans-controle-technique-header.jpg","articleSection":["Conseils"],"inLanguage":"fr-BE"},{"@type":"WebPage","@id":"https:\/\/carselect.touring.be\/fr\/blog\/vendre-voiture-sans-controle-technique-en-belgique\/","url":"https:\/\/carselect.touring.be\/fr\/blog\/vendre-voiture-sans-controle-technique-en-belgique\/","name":"Vendre voiture sans contr\u00f4le technique ? Comment faire en Belgique - Touring Dealer","isPartOf":{"@id":"https:\/\/carselect.touring.be\/fr\/#website"},"primaryImageOfPage":{"@id":"https:\/\/carselect.touring.be\/fr\/blog\/vendre-voiture-sans-controle-technique-en-belgique\/#primaryimage"},"image":{"@id":"https:\/\/carselect.touring.be\/fr\/blog\/vendre-voiture-sans-controle-technique-en-belgique\/#primaryimage"},"thumbnailUrl":"\/wp-content\/uploads\/2025\/07\/vendre-voiture-sans-controle-technique-header.jpg","datePublished":"2025-07-29T18:18:22+00:00","dateModified":"2025-07-29T18:23:35+00:00","description":"D\u00e9couvrez comment vendre votre voiture sans contr\u00f4le technique. Informez-vous sur les d\u00e9marches et les implications, maintenant.","breadcrumb":{"@id":"https:\/\/carselect.touring.be\/fr\/blog\/vendre-voiture-sans-controle-technique-en-belgique\/#breadcrumb"},"inLanguage":"fr-BE","potentialAction":[{"@type":"ReadAction","target":["https:\/\/carselect.touring.be\/fr\/blog\/vendre-voiture-sans-controle-technique-en-belgique\/"]}]},{"@type":"ImageObject","inLanguage":"fr-BE","@id":"https:\/\/carselect.touring.be\/fr\/blog\/vendre-voiture-sans-controle-technique-en-belgique\/#primaryimage","url":"\/wp-content\/uploads\/2025\/07\/vendre-voiture-sans-controle-technique-header.jpg","contentUrl":"\/wp-content\/uploads\/2025\/07\/vendre-voiture-sans-controle-technique-header.jpg","width":1000,"height":667,"caption":"vendre voiture sans contr\u00f4le technique"},{"@type":"BreadcrumbList","@id":"https:\/\/carselect.touring.be\/fr\/blog\/vendre-voiture-sans-controle-technique-en-belgique\/#breadcrumb","itemListElement":[{"@type":"ListItem","position":1,"name":"Home","item":"https:\/\/carselect.touring.be\/fr\/"},{"@type":"ListItem","position":2,"name":"Vendre voiture sans contr\u00f4le technique ? Voici comment le faire 100 % l\u00e9galement en Belgique"}]},{"@type":"WebSite","@id":"https:\/\/carselect.touring.be\/fr\/#website","url":"https:\/\/carselect.touring.be\/fr\/","name":"Touring CarSelect","description":"","publisher":{"@id":"https:\/\/carselect.touring.be\/fr\/#organization"},"potentialAction":[{"@type":"SearchAction","target":{"@type":"EntryPoint","urlTemplate":"https:\/\/carselect.touring.be\/fr\/?s={search_term_string}"},"query-input":{"@type":"PropertyValueSpecification","valueRequired":true,"valueName":"search_term_string"}}],"inLanguage":"fr-BE"},{"@type":"Organization","@id":"https:\/\/carselect.touring.be\/fr\/#organization","name":"Touring CarSelect","url":"https:\/\/carselect.touring.be\/fr\/","logo":{"@type":"ImageObject","inLanguage":"fr-BE","@id":"https:\/\/carselect.touring.be\/fr\/#\/schema\/logo\/image\/","url":"\/wp-content\/uploads\/2024\/04\/Touring-Car-Select-Logo.png","contentUrl":"\/wp-content\/uploads\/2024\/04\/Touring-Car-Select-Logo.png","width":154,"height":53,"caption":"Touring CarSelect"},"image":{"@id":"https:\/\/carselect.touring.be\/fr\/#\/schema\/logo\/image\/"}},{"@type":"Person","@id":"https:\/\/carselect.touring.be\/fr\/#\/schema\/person\/ac266868402e795f000a152b0f4fd4d8","name":"Storme Wouter","image":{"@type":"ImageObject","inLanguage":"fr-BE","@id":"https:\/\/carselect.touring.be\/fr\/#\/schema\/person\/image\/","url":"https:\/\/secure.gravatar.com\/avatar\/84473de8cbf4200af853908f03b9ea9e?s=96&d=mm&r=g","contentUrl":"https:\/\/secure.gravatar.com\/avatar\/84473de8cbf4200af853908f03b9ea9e?s=96&d=mm&r=g","caption":"Storme Wouter"},"url":"https:\/\/carselect.touring.be\/fr\/blog\/author\/storme-wouter\/"}]}},"_links":{"self":[{"href":"https:\/\/carselect.touring.be\/fr\/wp-json\/wp\/v2\/posts\/14126","targetHints":{"allow":["GET"]}}],"collection":[{"href":"https:\/\/carselect.touring.be\/fr\/wp-json\/wp\/v2\/posts"}],"about":[{"href":"https:\/\/carselect.touring.be\/fr\/wp-json\/wp\/v2\/types\/post"}],"author":[{"embeddable":true,"href":"https:\/\/carselect.touring.be\/fr\/wp-json\/wp\/v2\/users\/28"}],"replies":[{"embeddable":true,"href":"https:\/\/carselect.touring.be\/fr\/wp-json\/wp\/v2\/comments?post=14126"}],"version-history":[{"count":3,"href":"https:\/\/carselect.touring.be\/fr\/wp-json\/wp\/v2\/posts\/14126\/revisions"}],"predecessor-version":[{"id":14133,"href":"https:\/\/carselect.touring.be\/fr\/wp-json\/wp\/v2\/posts\/14126\/revisions\/14133"}],"wp:featuredmedia":[{"embeddable":true,"href":"https:\/\/carselect.touring.be\/fr\/wp-json\/wp\/v2\/media\/14130"}],"wp:attachment":[{"href":"https:\/\/carselect.touring.be\/fr\/wp-json\/wp\/v2\/media?parent=14126"}],"wp:term":[{"taxonomy":"category","embeddable":true,"href":"https:\/\/carselect.touring.be\/fr\/wp-json\/wp\/v2\/categories?post=14126"},{"taxonomy":"post_tag","embeddable":true,"href":"https:\/\/carselect.touring.be\/fr\/wp-json\/wp\/v2\/tags?post=14126"}],"curies":[{"name":"wp","href":"https:\/\/api.w.org\/{rel}","templated":true}]}}