{"id":13601,"date":"2025-04-15T21:14:48","date_gmt":"2025-04-15T19:14:48","guid":{"rendered":"https:\/\/carselect.touring.be\/blog\/comprendre-la-taxe-de-circulation-en-belgique\/"},"modified":"2025-10-24T09:30:19","modified_gmt":"2025-10-24T07:30:19","slug":"comprendre-la-taxe-de-circulation-en-belgique","status":"publish","type":"post","link":"https:\/\/carselect.touring.be\/fr\/blog\/comprendre-la-taxe-de-circulation-en-belgique\/","title":{"rendered":"Comprendre la taxe de circulation en Belgique"},"content":{"rendered":"\n\n\n<style>\n.banner-carousel div[class$=\"-banner\"] {\n  display: none;\n}\n\n.banner-carousel div[class$=\"-banner\"]:first-child,\n.banner-carousel.flickity-enabled div[class$=\"-banner\"] {\n  display: inline-flex;\n} \n\n  .roadside-margin-top {\n    margin-top: 0px;\n  }\n\n  .roadside-margin-top-stock {\n    margin-top: 24px;\n  }\n\n  .roadside-assistance-banner {\n    background-color: #E4EDF4;\n    color: var(--primary-color);\n    text-align: center;\n    height: 56px;\n    font-weight: bold;\n    position: static;\n    box-shadow: rgba(0, 0, 0, 0.15) 1px 1px 10px;\n  }\n\n  .roadside-assistance-banner img {\n    height: 30px;\n  }\n\n  .roadside-assistance-banner .full-banner-button {\n    color: var(--primary-color);\n    cursor: pointer;\n    display: inline-flex;\n    align-items: center;\n    justify-content: center;\n    height: 56px;\n  }\n\n.banner-carousel-container .quality-check-banner, \n.banner-carousel-container  .roadside-banner, \n.banner-carousel-container .stock-banner {\n    color: var(--primary-color);\n    display: inline-flex;\n    align-items: center;\n    justify-content: center;\n    height: 56px;\n  }\n\n  .roadside-assistance-banner.mobile-only .banner-text {\n    padding-right: 8px;\n    padding-left: 8px;\n    margin: 0px;\n  }\n\n  .roadside-assistance-banner .banner-text {\n    font-weight: bold;\n    margin-right: 24px;\n    margin-left: 8px;\n    font-size: 18px;\n  }\n\n  .roadside-assistance-banner.desktop-only {\n    height: 56px;\n    line-height: 56px;\n    width: 100%;\n  }\n  \n  .more-info-button {\n    color: white;\n    background-color: var(--primary-color);\n    padding: 6px 10px;\n    cursor: pointer;\n    border-radius: 5px;\n  }\n\n  .more-info-button:hover, .blog-single a:focus {\n    color: white!important;\n  }\n\n  .roadside-assistance-popup .roadside-assistance-title {\n    text-align: center;\n    margin-bottom: 8px; line-height: 15px;\n  }\n\n .roadside-assistance-popup .roadside-assistance-list {\n    display: flex;\n    flex-direction: column;\n    font-size: 16px;\n  }\n\n .roadside-assistance-popup .roadside-assistance-item {\n    display: flex;\n    align-items: baseline;\n    position: relative;\n    margin-bottom: 10px;\n  }\n\n .roadside-assistance-popup .roadside-assistance-circle {\n    width: 20px;\n    min-width: 20px;\n    height: 20px;\n    border-radius: 50%;\n    background-color: var(--primary-color);\n    display: flex;\n    justify-content: center;\n    align-items: center;\n    font-weight: bold;\n    position: relative;\n    color: white;\n  }\n\n .roadside-assistance-popup .roadside-assistance-text {\n    margin-left: 8px;\n    color: var(--primary-color);\n    line-height: 16px;\n  }\n\n .roadside-assistance-popup .roadside-assistance-item:not(:last-child)::before {\n    content: \"\";\n    position: absolute;\n    width: 1px;\n    height: 28px;\n    background-color: var(--primary-color);\n    left: 10px;\n    top: 20px;\n  }\n\n .roadside-assistance-popup .roadside-assistance-item:nth-child(3)::after {\n    content: \"\";\n    position: absolute;\n    left: 7px;\n    top: 40px;\n    border: solid var(--primary-color);\n    border-width: 0 1px 1px 0;\n    padding: 3px;\n    transform: rotate(45deg);\n    -webkit-transform: rotate(45deg);\n  }\n\n  .roadside-assistance-popup .roadside-assistance-item:last-child {\n    padding-top: 20px;\n  }\n\n  .roadside-assistance-popup .roadside-assistance-item:last-child .roadside-assistance-circle {\n    padding-top: 1px;\n    background-color: #08ccb4;\n    color: white;\n  }\n\n  .roadside-assistance-popup .roadside-assistance-sublist {\n    color:var(--primary-color);\n    font-size: 16px;\n    padding-left: 28px;\n  }\n\n  .roadside-assistance-popup .roadside-assistance-sublist .checkmark {\n    color: var(--primary-color);\n  }\n\n  .roadside-assistance-popup.lightbox-content {\n    background-color: unset;\n    box-shadow: unset;\n  }\n\n  .roadside-assistance-popup .dialog-container > .col-inner {\n    box-shadow: 3px 3px 20px 0 rgba(0, 0, 0, .15);\n  }\n\n  @media only screen and (max-width: 800px) {\n    .roadside-assistance-banner {\n      z-index: 1000;\n    }\n\n    .roadside-assistance-banner.mobile-only {\n      display: block !important;\n    }\n\n    .roadside-assistance-banner.desktop-only {\n      display: none;\n    }\n  }\n\n  @media only screen and (min-width: 801px) {\n    .roadside-assistance-banner {\n      z-index: 8;\n    }\n\n    .roadside-assistance-banner.mobile-only {\n      display: none;\n    }\n\n    .roadside-assistance-banner.desktop-only {\n      display: block;\n    }\n  }\n\n  @media only screen and (max-width: 548px) {\n    #stock-general .stock-general__header-order--3 {\n      margin-top: 12px;\n    }\n  }\n  .roadside-assistance-popup .service-link.button.close {\n    font-size: 16px;\n    margin-left: 8px;\n  }\n\n  .roadside-assistance-popup .car-item-detail {\n    align-items: center;\n  }\n\n  .article-text, .default-text  {\n    display: none;\n  }\n\n  @media only screen and (max-width: 500px) {\n    .roadside-assistance-banner.mobile-only .banner-text {\n      font-size: 14px;\n      line-height: 16px;\n    }\n  }\n\n  @media only screen and (max-width: 405px) {\n    .roadside-assistance-banner.mobile-only .article-text {\n      width: 75%;\n    }\n  }\n\n  .roadside-assistance-banner.mobile-only img {\n    margin-left: 8px;\n  }\n\n  article .roadside-assistance-banner {\n    width: 100vw !important;\n    margin-left: calc(50% - 50vw);\n  }\n<\/style>\n\n\n\n<div class=\"roadside-assistance-banner desktop-only banner-carousel-container\"> \n  <div class=\"banner-carousel\">\n    <div class=\"quality-check-banner\">\n<svg width=\"24\" height=\"24\" viewBox=\"0 0 24 24\" fill=\"none\" xmlns=\"http:\/\/www.w3.org\/2000\/svg\">\n<path d=\"M4 12.5L9.5 17L19 7\" stroke=\"#00418c\" stroke-width=\"2.5\" stroke-linecap=\"round\" stroke-linejoin=\"round\"\/>\n<\/svg>\n      <span class=\"banner-text\">\nContr\u00f4les de qualit\u00e9 par Touring\n      <\/span>\n    <\/div>\n    <div class=\"roadside-banner\">\n<svg width=\"24\" height=\"24\" viewBox=\"0 0 24 24\" fill=\"none\" xmlns=\"http:\/\/www.w3.org\/2000\/svg\">\n<path d=\"M4 12.5L9.5 17L19 7\" stroke=\"#00418c\" stroke-width=\"2.5\" stroke-linecap=\"round\" stroke-linejoin=\"round\"\/>\n<\/svg>\n      <span class=\"banner-text default-text\">\n12 mois de d\u00e9pannage offerts\n      <\/span>\n      <span class=\"banner-text article-text\">\nD\u00e9couvrez notre large stock de voitures d\u2019occasion fiables\n      <\/span>\n    <\/div>\n    <div class=\"stock-banner\">\n<svg width=\"24\" height=\"24\" viewBox=\"0 0 24 24\" fill=\"none\" xmlns=\"http:\/\/www.w3.org\/2000\/svg\">\n<path d=\"M4 12.5L9.5 17L19 7\" stroke=\"#00418c\" stroke-width=\"2.5\" stroke-linecap=\"round\" stroke-linejoin=\"round\"\/>\n<\/svg>\n      <span class=\"banner-text\">\n<span class=\"stock-count\">0<\/span> voitures disponibles\n      <\/span>\n    <\/div>\n  <\/div>\n<\/div>\n\n\n\n<div class=\"roadside-assistance-banner mobile-only banner-carousel-container\"> \n  <div class=\"banner-carousel\">\n    <div class=\"quality-check-banner\">\n<svg width=\"24\" height=\"24\" viewBox=\"0 0 24 24\" fill=\"none\" xmlns=\"http:\/\/www.w3.org\/2000\/svg\">\n<path d=\"M4 12.5L9.5 17L19 7\" stroke=\"#00418c\" stroke-width=\"2.5\" stroke-linecap=\"round\" stroke-linejoin=\"round\"\/>\n<\/svg>\n      <span class=\"banner-text\">\nContr\u00f4les de qualit\u00e9 par Touring\n      <\/span>\n    <\/div>\n    <div class=\"roadside-banner\">\n<svg width=\"24\" height=\"24\" viewBox=\"0 0 24 24\" fill=\"none\" xmlns=\"http:\/\/www.w3.org\/2000\/svg\">\n<path d=\"M4 12.5L9.5 17L19 7\" stroke=\"#00418c\" stroke-width=\"2.5\" stroke-linecap=\"round\" stroke-linejoin=\"round\"\/>\n<\/svg>\n        <span class=\"banner-text default-text\">\n12 mois de d\u00e9pannage offerts\n        <\/span>\n        <span class=\"banner-text article-text\">\nD\u00e9couvrez notre large stock de voitures d\u2019occasion fiables\n        <\/span>\n    <\/div>\n    <div class=\"stock-banner\">\n<svg width=\"24\" height=\"24\" viewBox=\"0 0 24 24\" fill=\"none\" xmlns=\"http:\/\/www.w3.org\/2000\/svg\">\n<path d=\"M4 12.5L9.5 17L19 7\" stroke=\"#00418c\" stroke-width=\"2.5\" stroke-linecap=\"round\" stroke-linejoin=\"round\"\/>\n<\/svg>\n      <span class=\"banner-text\">\n<span class=\"stock-count\">0<\/span> voitures disponibles\n      <\/span>\n    <\/div>\n  <\/div>\n<\/div>\n\n<div class=\"row align-center roadside-assistance-popup lightbox-by-id lightbox-content lightbox-white mfp-hide\"  id=\"row-1517305654\">\n\n\n\t<div id=\"col-584308127\" class=\"col dialog-container medium-6 small-12 large-6\"  >\n\t\t\t\t<div class=\"col-inner\" style=\"background-color:rgb(255, 255, 255);\" >\n\t\t\t\n\t\t\t\n\n\t<div class=\"img has-hover x md-x lg-x y md-y lg-y\" id=\"image_1820277698\">\n\t\t\t\t\t\t\t\t<div class=\"img-inner dark\" >\n\t\t\t<img loading=\"lazy\" decoding=\"async\" width=\"1020\" height=\"680\" src=\"\/wp-content\/uploads\/2025\/04\/Touring_221026_3058_NL-1-1024x683.webp\" class=\"attachment-large size-large\" alt=\"Roadside Assistance Banner NL\" srcset=\"\/wp-content\/uploads\/2025\/04\/Touring_221026_3058_NL-1-1024x683.webp 1024w, \/wp-content\/uploads\/2025\/04\/Touring_221026_3058_NL-1-300x200.webp 300w, \/wp-content\/uploads\/2025\/04\/Touring_221026_3058_NL-1-768x512.webp 768w, \/wp-content\/uploads\/2025\/04\/Touring_221026_3058_NL-1-1536x1024.webp 1536w, \/wp-content\/uploads\/2025\/04\/Touring_221026_3058_NL-1-2048x1365.webp 2048w\" sizes=\"auto, (max-width: 1020px) 100vw, 1020px\" \/>\t\t\t\t\t\t\n\t\t\t\t\t<\/div>\n\t\t\t\t\t\t\t\t\n<style>\n#image_1820277698 {\n  width: 100%;\n}\n<\/style>\n\t<\/div>\n\t\n\n<div class=\"row\"  id=\"row-559423636\">\n\n\n\t<div id=\"col-1936127421\" class=\"col small-12 large-12\"  >\n\t\t\t\t<div class=\"col-inner\"  >\n\t\t\t\n\t\t\t\n\n\n\n<p data-text-color=\"primary\" class=\"roadside-assistance-title\">\n  <strong>12 mois d\u2019assistance d\u00e9pannage offerts sur tous les v\u00e9hicules<\/strong>\n<\/p>\n<div class=\"roadside-assistance-list\">\n  <div class=\"roadside-assistance-item\">\n      <div class=\"roadside-assistance-circle\">1<\/div>\n      <div class=\"roadside-assistance-text\">Trouvez votre v\u00e9hicule<\/div>\n  <\/div>\n  <div class=\"roadside-assistance-item\">\n      <div class=\"roadside-assistance-circle\">2<\/div>\n      <div class=\"roadside-assistance-text\">Rendez-vous dans votre concession<\/div>\n  <\/div>\n  <div class=\"roadside-assistance-item\">\n      <div class=\"roadside-assistance-circle\">3<\/div>\n      <div class=\"roadside-assistance-text\">Le vendeur active instantan\u00e9ment votre assistance<\/div>\n  <\/div>\n  <div class=\"roadside-assistance-item\">\n      <div class=\"roadside-assistance-circle\">\u2713<\/div>\n      <div class=\"roadside-assistance-text\"><strong>Profitez de votre assistance pendant 12 mois<\/strong><\/div>\n  <\/div>\n<\/div>\n<div class=\"roadside-assistance-sublist\">\n<div>\n<span class=\"checkmark \">\u2713<\/span>\n<span>Dans toute la Belgique<\/span>\n<\/div>\n<div>\n<span class=\"checkmark \">\u2713<\/span>\n<span>V\u00e9hicule de remplacement<\/span>\n<\/div>\n<\/div>\n\n\n\t\t<\/div>\n\t\t\t\t\t<\/div>\n\n\t\n\n\t<div id=\"col-811702356\" class=\"col small-12 large-12\"  >\n\t\t\t\t<div class=\"col-inner\"  >\n\t\t\t\n\t\t\t\n\n\n\n<div class=\"car-item-detail d-flex\"> \n         <a href=\"https:\/\/carselect.touring.be\/fr\/services-solutions\/#roadside-assistance\">\n         <div class=\"more-info-button bold\">\n Plus d\u2019information\n         <\/div>\n           <\/a>\n<button class=\"button success lowercase service-link close\">Fermer<\/button>\n      <\/div>\n\n\n\t\t<\/div>\n\t\t\t\t\t<\/div>\n\n\t\n\n\n<style>\n#row-559423636 > .col > .col-inner {\n  padding: 0px 24px 0px 24px;\n}\n<\/style>\n<\/div>\n\n\t\t<\/div>\n\t\t\t\t\t<\/div>\n\n\t\n\n<\/div>\n\n\n<script>\ndocument.querySelector('.roadside-assistance-popup').setAttribute('id', 'roadside-assistance-popup');\n\ndocument.querySelector('.roadside-assistance-popup .button.close').addEventListener('click', function() {\n$.magnificPopup.close();\n});\n\nif (window.location.pathname.includes(\"blog\")) {\n  const toShow = document.querySelectorAll(\".article-text\");\n  toShow.forEach(el => {\n    el.style.display=\"inline\";\n  });\n} else {\n  const toShow = document.querySelectorAll(\".default-text\");\n  toShow.forEach(el => {\n    el.style.display=\"inline\";\n  });\n}\n<\/script>\n\n\n\n\t<section class=\"section news-details\" id=\"section_854116185\">\n\t\t<div class=\"section-bg fill\" >\n\t\t\t\t\t\t\t\t\t\n\t\t\t\n\n\t\t<\/div>\n\n\t\t\n\n\t\t<div class=\"section-content relative\">\n\t\t\t\n\n<div class=\"row row-large\"  id=\"row-435033563\">\n\n\n\t<div id=\"col-1913283148\" class=\"col medium-8 small-12 large-8\"  >\n\t\t\t\t<div class=\"col-inner\"  >\n\t\t\t\n\t\t\t\n\n<div class=\"container section-title-container\" ><h1 class=\"section-title section-title-normal\"><b><\/b><span class=\"section-title-main\" >Comprendre la taxe de circulation en Belgique<\/span><b><\/b><\/h1><\/div>\n\n\n\t\t<\/div>\n\t\t\t\t\n<style>\n#col-1913283148 > .col-inner {\n  padding: 0px 0px 0px 0px;\n  margin: 0px 0px 0px 0px;\n}\n<\/style>\n\t<\/div>\n\n\t\n\n\t<div id=\"col-1155792423\" class=\"col small-12 large-12\"  >\n\t\t\t\t<div class=\"col-inner\"  >\n\t\t\t\n\t\t\t\n\n\t<div class=\"img has-hover x md-x lg-x y md-y lg-y\" id=\"image_783327201\">\n\t\t\t\t\t\t\t\t<div class=\"img-inner dark\" >\n\t\t\t<img loading=\"lazy\" decoding=\"async\" width=\"1000\" height=\"666\" src=\"\/wp-content\/uploads\/2025\/04\/taxe-de-circulation.jpg\" class=\"attachment-large size-large\" alt=\"taxe de circulation belgique\" srcset=\"\/wp-content\/uploads\/2025\/04\/taxe-de-circulation.jpg 1000w, \/wp-content\/uploads\/2025\/04\/taxe-de-circulation-300x200.jpg 300w, \/wp-content\/uploads\/2025\/04\/taxe-de-circulation-768x511.jpg 768w\" sizes=\"auto, (max-width: 1000px) 100vw, 1000px\" \/>\t\t\t\t\t\t\n\t\t\t\t\t<\/div>\n\t\t\t\t\t\t\t\t\n<style>\n#image_783327201 {\n  width: 100%;\n}\n<\/style>\n\t<\/div>\n\t\n\n\n\t\t<\/div>\n\t\t\t\t\n<style>\n#col-1155792423 > .col-inner {\n  margin: 0px 0px 25px 0px;\n}\n<\/style>\n\t<\/div>\n\n\t\n\n\t<div id=\"col-1980981579\" class=\"col medium-8 small-12 large-8\"  >\n\t\t\t\t<div class=\"col-inner\"  >\n\t\t\t\n\t\t\t\n\n<p>La taxe de circulation est une charge annuelle pour les propri\u00e9taires de voitures en Belgique. Son montant d\u00e9pend de plusieurs facteurs, notamment <strong>la puissance du moteur, les \u00e9missions de CO\u2082 et la r\u00e9glementation r\u00e9gionale.<\/strong><\/p>\n<p>De plus, la <strong>puissance fiscale, Euronorm, votre r\u00e9gion<\/strong> et le <strong>poids<\/strong> de votre voiture jouent un r\u00f4le important dans le calcul.<\/p>\n<p>Mais combien devez-vous exactement payer ? En 2025, de nouvelles r\u00e8gles entreront en vigueur pour les v\u00e9hicules \u00e9lectriques et hybrides, ce qui entra\u00eenera la suppression de certains avantages fiscaux tandis que d\u2019autres seront maintenus. <\/p>\n<p>Dans cet article, nous vous expliquons comment est calcul\u00e9e la taxe de circulation, quelles sont les modifications pr\u00e9vues pour 2025 et quelles options vous pouvez envisager pour r\u00e9duire vos co\u00fbts.<\/p>\n<div class=\"container section-title-container\" ><h2 class=\"section-title section-title-normal\"><b><\/b><span class=\"section-title-main\" >Qu&#039;est-ce que la taxe de circulation et pourquoi devez-vous la payer ?<\/span><b><\/b><\/h2><\/div>\n\n<p>La taxe de circulation est un<strong> imp\u00f4t annuel obligatoire<\/strong> en Belgique qui permet d\u2019utiliser un v\u00e9hicule sur la voie publique.<\/p>\n<p>Le montant varie en fonction de la r\u00e9gion (Flandre, Bruxelles ou Wallonie) et est calcul\u00e9 selon plusieurs crit\u00e8res, notamment la puissance du moteur, les \u00e9missions de CO\u2082 et le type de v\u00e9hicule.<\/p>\n<p>En plus de la taxe de circulation standard, d&rsquo;autres taxes peuvent s&rsquo;appliquer, comme la taxe de mise en circulation (BIV), qui est due lors de la premi\u00e8re immatriculation d\u2019un v\u00e9hicule.<\/p>\n<div class=\"container section-title-container\" ><h3 class=\"section-title section-title-normal\"><b><\/b><span class=\"section-title-main\" >Taxe de circulation en Belgique : Quels v\u00e9hicules sont concern\u00e9s ?<\/span><b><\/b><\/h3><\/div>\n\n<p>La taxe de circulation s\u2019applique \u00e0 la plupart des v\u00e9hicules motoris\u00e9s circulant sur la voie publique. Cela inclut : <\/p>\n<ul>\n<li>Les voitures particuli\u00e8res (essence, diesel, hybrides et \u00e9lectriques).<\/li>\n<li>Les v\u00e9hicules utilitaires l\u00e9gers et les minibus.<\/li>\n<li>Les motos et cyclomoteurs.<\/li>\n<li>Les remorques et camping-cars (au-del\u00e0 d\u2019une certaine masse).<\/li>\n<li>Les taxis et v\u00e9hicules \u00e0 usage mixte.<\/li>\n<li>Les v\u00e9hicules d\u2019entreprise et les voitures en leasing.<\/li>\n<\/ul>\n<p>Certains v\u00e9hicules, comme les voitures de collection et les camping-cars, sont soumis \u00e0 une taxe forfaitaire.<\/p>\n<p>D&rsquo;autres types de v\u00e9hicules peuvent <strong>b\u00e9n\u00e9ficier d&rsquo;exon\u00e9rations ou de r\u00e9ductions<\/strong>, comme les <a href=\"https:\/\/carselect.touring.be\/fr\/blog\/voiture-electrique-ou-hybride-rechargeable\/\"><strong>v\u00e9hicules \u00e9lectriques ou<\/strong><strong> hybride<\/strong><\/a> ou ceux utilis\u00e9s par des<strong> personnes \u00e0 mobilit\u00e9 r\u00e9duite.<\/strong><\/p>\n\n\n<script type=\"text\/javascript\">\n    var seoPlugins = window.seoPlugins || [];\n\n    seoPlugins.push({\n        \"PluginCode\": \"a9f957e3-d8b9-4005-bf73-c81df6fc4833\",\n        \"PluginName\": \"#secondhandelectricvhybrid2\",\n        \"FilterCookie\": {\"FuelTypeIds\":[\"3\",\"4\"],\"CarCategoryIds\":[\"1\"]}\n    })\n\n    window.seoPlugins = seoPlugins;\n\n    var seoPlugins = window.seoPlugins || [];\n\n    for (var i = 0; i < seoPlugins.length; i++) {\n        var pluginData = seoPlugins[i];\n        CFM.API.enable(pluginData.PluginCode, pluginData.PluginName, null, {\n            FilterCookie: pluginData.FilterCookie\n        });\n    }\n<\/script>\n<div id=\"secondhandelectricvhybrid2\"><\/div>\n\n<div class=\"container section-title-container\" ><h3 class=\"section-title section-title-normal\"><b><\/b><span class=\"section-title-main\" >Qui per\u00e7oit la taxe de circulation en Belgique ?<\/span><b><\/b><\/h3><\/div>\n\n<p>L\u2019<strong>administration fiscale flamande<\/strong> (<a href=\"https:\/\/www.vlaanderen.be\/vlaamse-belastingdienst\">VLABEL<\/a>) est responsable de la perception de la taxe de circulation en Flandre. \u00c0 Bruxelles et en Wallonie, cette mission est assur\u00e9e par le <strong>SPF Finances <\/strong>ou les administrations fiscales r\u00e9gionales. Ces organismes calculent et pr\u00e9l\u00e8vent la taxe de circulation annuelle, envoient les avis d\u2019imposition et d\u00e9terminent si un v\u00e9hicule est \u00e9ligible \u00e0 une exon\u00e9ration ou une r\u00e9duction.  <\/p>\n<p>Le paiement doit \u00eatre effectu\u00e9 dans les d\u00e9lais impartis. Un retard peut entra\u00eener une amende ou une majoration du montant initial. <\/p>\n<div class=\"container section-title-container\" ><h2 class=\"section-title section-title-normal\"><b><\/b><span class=\"section-title-main\" >Comment est calcul\u00e9e la taxe de circulation ?<\/span><b><\/b><\/h2><\/div>\n\n<p>Le calcul de la taxe de circulation en Belgique d\u00e9pend de plusieurs param\u00e8tres. La Flandre, Bruxelles et la Wallonie appliquent des m\u00e9thodes diff\u00e9rentes, mais les principaux facteurs pris en compte sont : <\/p>\n<div class=\"container section-title-container\" ><h3 class=\"section-title section-title-normal\"><b><\/b><span class=\"section-title-main\" >1. La puissance fiscale<\/span><b><\/b><\/h3><\/div>\n\n<p>La puissance fiscale influence en Belgique le montant de <strong>la taxe de circulation, la taxe de mise en circulation (BIV) et m\u00eame la prime d\u2019assurance.<\/strong><\/p>\n<p>Elle est calcul\u00e9e sur base de la <strong>cylindr\u00e9e du moteur<\/strong> : plus le nombre de chevaux fiscaux est \u00e9lev\u00e9, plus les taxes augmentent. En Flandre, les <strong>\u00e9missions de CO\u2082 <\/strong>sont \u00e9galement prises en compte, tandis que Bruxelles et la Wallonie appliquent une autre m\u00e9thode de calcul. <\/p>\n<div class=\"container section-title-container\" ><h4 class=\"section-title section-title-normal\"><b><\/b><span class=\"section-title-main\" >Comment est calcul\u00e9e la puissance fiscale en Belgique ?<\/span><b><\/b><\/h4><\/div>\n\n<p>La puissance fiscale (chevaux fiscaux) est <strong>obtenue en divisant la cylindr\u00e9e du moteur (cm\u00b3) par 200.<\/strong> Par exemple, un moteur de 2000 cm\u00b3 aura une puissance fiscale de 10 chevaux. <\/p>\n<p>En Flandre, la taxe est aussi modul\u00e9e en fonction des \u00e9missions de CO\u2082 et du type de carburant, permettant aux v\u00e9hicules plus \u00e9cologiques de b\u00e9n\u00e9ficier d\u2019une r\u00e9duction fiscale.<\/p>\n<div class=\"container section-title-container\" ><h3 class=\"section-title section-title-normal\"><b><\/b><span class=\"section-title-main\" >2. Les \u00e9missions de CO\u2082 et la norme Euro<\/span><b><\/b><\/h3><\/div>\n\n<p>Les v\u00e9hicules \u00e9mettant <strong>plus de CO\u2082 sont soumis \u00e0 une taxation plus \u00e9lev\u00e9e.<\/strong> La norme Euro, qui d\u00e9finit le niveau de pollution d\u2019un v\u00e9hicule, est \u00e9galement un crit\u00e8re cl\u00e9 dans le calcul. <br \/>Les voitures \u00e9lectriques b\u00e9n\u00e9ficient actuellement d\u2019une exon\u00e9ration ou d\u2019une r\u00e9duction significative de la taxe de circulation dans certaines r\u00e9gions.  <\/p>\n<div class=\"container section-title-container\" ><h3 class=\"section-title section-title-normal\"><b><\/b><span class=\"section-title-main\" >3. L\u2019\u00e2ge et le type de v\u00e9hicule<\/span><b><\/b><\/h3><\/div>\n\n<p>Les voitures plus anciennes sont g\u00e9n\u00e9ralement soumises \u00e0 une taxe plus \u00e9lev\u00e9e. De plus, les v\u00e9hicules utilitaires l\u00e9gers et les voitures en leasing sont tax\u00e9s selon d&rsquo;autres grilles tarifaires que les voitures particuli\u00e8res.<\/p>\n<div class=\"container section-title-container\" ><h3 class=\"section-title section-title-normal\"><b><\/b><span class=\"section-title-main\" >4. R\u00e9glementation et diff\u00e9rences r\u00e9gionales<\/span><b><\/b><\/h3><\/div>\n\n<p>Le syst\u00e8me fiscal automobile en Belgique varie selon les r\u00e9gions. Les r\u00e8gles appliqu\u00e9es \u00e0 Bruxelles et en Wallonie diff\u00e8rent de celles en vigueur en Flandre, rendant parfois la compr\u00e9hension de la taxe de circulation plus complexe.<\/p>\n<div class=\"container section-title-container\" ><h2 class=\"section-title section-title-normal\"><b><\/b><span class=\"section-title-main\" >Taxe de circulation en 2025 : Quels changements et quel impact sur votre budget ?<\/span><b><\/b><\/h2><\/div>\n\n<p>La taxe de circulation en Belgique est r\u00e9vis\u00e9e chaque ann\u00e9e, ce qui signifie que les tarifs et les r\u00e9glementations pour les diff\u00e9rentes cat\u00e9gories de v\u00e9hicules sont r\u00e9guli\u00e8rement ajust\u00e9s.<\/p>\n<p>En 2025, plusieurs modifications importantes entrent en vigueur, notamment pour les v\u00e9hicules hybrides et \u00e9lectriques. Voici un aper\u00e7u des changements \u00e0 pr\u00e9voir selon le type de v\u00e9hicule. <\/p>\n<div class=\"container section-title-container\" ><h3 class=\"section-title section-title-normal\"><b><\/b><span class=\"section-title-main\" >Taxe de circulation pour les voitures \u00e9lectriques et hybrides<\/span><b><\/b><\/h3><\/div>\n\n<p>Les avantages fiscaux pour les <a href=\"https:\/\/carselect.touring.be\/fr\/blog\/voiture-electrique-ou-hybride-rechargeable\/\">voitures \u00e9lectriques et hybrides <\/a>\u00e9voluent en 2025. Alors que les v\u00e9hicules hybrides \u00e9taient auparavant totalement exon\u00e9r\u00e9s de la taxe de circulation, certaines r\u00e9gions introduisent d\u00e9sormais de nouvelles taxes. Cela impactera directement le co\u00fbt annuel pour les propri\u00e9taires de ces v\u00e9hicules.  <\/p>\n<div class=\"container section-title-container\" ><h4 class=\"section-title section-title-normal\"><b><\/b><span class=\"section-title-main\" >Taxe pour les hybrides : payez-vous moins que pour une voiture classique ?<\/span><b><\/b><\/h4><\/div>\n\n<p>Depuis 2025, les <strong>hybrides rechargeables<\/strong> en Flandre b\u00e9n\u00e9ficient de moins d\u2019avantages fiscaux. Seuls les mod\u00e8les affichant une faible \u00e9mission de CO\u2082 conservent un taux r\u00e9duit pour la BIV et la taxe de circulation. Les hybrides avec une \u00e9mission de CO\u2082 plus \u00e9lev\u00e9e sont d\u00e9sormais tax\u00e9s presque au m\u00eame niveau que les voitures essence et diesel.  <\/p>\n<p><strong>\u00c0 Bruxelles et en Wallonie, les v\u00e9hicules hybrides restent pour l\u2019instant fiscalement avantageux<\/strong>, avec des r\u00e9ductions sur la BIV et la taxe de circulation, en particulier pour les mod\u00e8les affichant une faible \u00e9mission de CO\u2082.<\/p>\n<p><strong>Attention<\/strong> : certains hybrides rechargeables plus lourds, comme les v\u00e9hicules utilitaires l\u00e9gers, peuvent \u00eatre soumis \u00e0 un autre r\u00e9gime fiscal, ce qui peut repr\u00e9senter un avantage ou un inconv\u00e9nient selon la r\u00e9gion o\u00f9 vous immatriculez votre v\u00e9hicule.<\/p>\n\t<div class=\"img has-hover x md-x lg-x y md-y lg-y\" id=\"image_1535294434\">\n\t\t\t\t\t\t\t\t<div class=\"img-inner dark\" >\n\t\t\t<img loading=\"lazy\" decoding=\"async\" width=\"1000\" height=\"667\" src=\"\/wp-content\/uploads\/2025\/04\/taxe-de-circulation-hybride-plug-in.jpg\" class=\"attachment-large size-large\" alt=\"taxe de circulation hybride ou \u00e9lectrique\" srcset=\"\/wp-content\/uploads\/2025\/04\/taxe-de-circulation-hybride-plug-in.jpg 1000w, \/wp-content\/uploads\/2025\/04\/taxe-de-circulation-hybride-plug-in-300x200.jpg 300w, \/wp-content\/uploads\/2025\/04\/taxe-de-circulation-hybride-plug-in-768x512.jpg 768w\" sizes=\"auto, (max-width: 1000px) 100vw, 1000px\" \/>\t\t\t\t\t\t\n\t\t\t\t\t<\/div>\n\t\t\t\t\t\t\t\t\n<style>\n#image_1535294434 {\n  width: 100%;\n}\n<\/style>\n\t<\/div>\n\t\n\n<div class=\"container section-title-container\" ><h3 class=\"section-title section-title-normal\"><b><\/b><span class=\"section-title-main\" >Voitures \u00e0 moteur thermique : Tarifs selon la puissance et les \u00e9missions de CO\u2082<\/span><b><\/b><\/h3><\/div>\n\n<p>En Flandre, la taxe de circulation pour les voitures essence et diesel est calcul\u00e9e en fonction de plusieurs crit\u00e8res :<\/p>\n<ul>\n<li>La puissance : exprim\u00e9e en chevaux fiscaux (CV).<\/li>\n<li>Les \u00e9missions de CO\u2082 : plus elles sont \u00e9lev\u00e9es, plus la taxe est importante.<\/li>\n<li>La norme Euro : les voitures modernes et plus respectueuses de l\u2019environnement b\u00e9n\u00e9ficient d\u2019une taxe r\u00e9duite.<\/li>\n<\/ul>\n<p>Consultez<a href=\"https:\/\/www.vlaanderen.be\/belastingen-en-begroting\/vlaamse-belastingen\/verkeersbelastingen\/jaarlijkse-verkeersbelasting\/tarieven-jaarlijkse-verkeersbelasting\/tarief-personenauto-auto-voor-dubbel-gebruik-en-minibus\"> le site officiel du gouvernement flamand<\/a> pour obtenir un aper\u00e7u d\u00e9taill\u00e9 des tarifs en vigueur.<\/p>\n<div class=\"container section-title-container\" ><h3 class=\"section-title section-title-normal\"><b><\/b><span class=\"section-title-main\" >V\u00e9hicules utilitaires l\u00e9gers et remorques : Payez-vous plus ou moins ?<\/span><b><\/b><\/h3><\/div>\n\n<p><span style=\"font-weight: 400\">Les v\u00e9hicules utilitaires l\u00e9gers et les remorques sont soumis \u00e0 des r\u00e8gles sp\u00e9cifiques :<\/span><\/p>\n<ul>\n<li style=\"font-weight: 400\"><b>V\u00e9hicules utilitaires l\u00e9gers<\/b><span style=\"font-weight: 400\"> (jusqu\u2019\u00e0 3,5 tonnes) : un montant fixe est appliqu\u00e9 en fonction de la charge utile.<\/span><\/li>\n<li style=\"font-weight: 400\"><b>Remorques de plus de 750 kg<\/b><span style=\"font-weight: 400\"> : elles sont soumises \u00e0 une taxe annuelle bas\u00e9e sur leur masse maximale autoris\u00e9e (MMA).<\/span><\/li>\n<\/ul>\n<p><span style=\"font-weight: 400\">Ces cat\u00e9gories de v\u00e9hicules peuvent parfois b\u00e9n\u00e9ficier de r\u00e9ductions selon leur usage sp\u00e9cifique et leur impact environnemental.<\/span><\/p>\n\t<div class=\"img has-hover x md-x lg-x y md-y lg-y\" id=\"image_579941273\">\n\t\t\t\t\t\t\t\t<div class=\"img-inner dark\" >\n\t\t\t<img loading=\"lazy\" decoding=\"async\" width=\"1000\" height=\"667\" src=\"\/wp-content\/uploads\/2025\/04\/taxe-de-circulation-vehicule-entreprise.jpg\" class=\"attachment-large size-large\" alt=\"taxe de circulation v\u00e9hicules utilitaires l\u00e9gers et remorques\" srcset=\"\/wp-content\/uploads\/2025\/04\/taxe-de-circulation-vehicule-entreprise.jpg 1000w, \/wp-content\/uploads\/2025\/04\/taxe-de-circulation-vehicule-entreprise-300x200.jpg 300w, \/wp-content\/uploads\/2025\/04\/taxe-de-circulation-vehicule-entreprise-768x512.jpg 768w\" sizes=\"auto, (max-width: 1000px) 100vw, 1000px\" \/>\t\t\t\t\t\t\n\t\t\t\t\t<\/div>\n\t\t\t\t\t\t\t\t\n<style>\n#image_579941273 {\n  width: 100%;\n}\n<\/style>\n\t<\/div>\n\t\n\n<p><i><span style=\"font-weight: 400\">Exception pour les camping-cars: <\/span><\/i><span style=\"font-weight: 400\">En Flandre, la taxe de circulation des camping-cars est calcul\u00e9e en fonction de leur masse maximale autoris\u00e9e (MMA). Dans certains cas, ces v\u00e9hicules peuvent b\u00e9n\u00e9ficier de tarifs r\u00e9duits. Il est recommand\u00e9 de v\u00e9rifier la r\u00e9glementation en vigueur pour voir si votre v\u00e9hicule est \u00e9ligible \u00e0 ces avantages fiscaux.<\/span><\/p>\n<div class=\"container section-title-container\" ><h2 class=\"section-title section-title-normal\"><b><\/b><span class=\"section-title-main\" >Qui doit payer la taxe de circulation et quand faut-il s\u2019en acquitter ?<\/span><b><\/b><\/h2><\/div>\n\n<p><span style=\"font-weight: 400\">Comme mentionn\u00e9 pr\u00e9c\u00e9demment, la taxe de circulation est per\u00e7ue annuellement par <a href=\"https:\/\/www.vlaanderen.be\/vlaamse-belastingdienst\">VLABEL<\/a> (l\u2019Administration fiscale flamande) ou par les services fiscaux r\u00e9gionaux en Bruxelles et Wallonie. Mais quand exactement faut-il la payer ?<\/span><\/p>\n<p><span style=\"font-weight: 400\">D\u00e8s l\u2019immatriculation d\u2019un v\u00e9hicule aupr\u00e8s de la DIV (Direction pour l\u2019Immatriculation des V\u00e9hicules), la taxe de circulation devient due, que ce soit pour un v\u00e9hicule neuf ou d\u2019occasion.<\/span><\/p>\n<div class=\"container section-title-container\" ><h4 class=\"section-title section-title-normal\"><b><\/b><span class=\"section-title-main\" >Quand payer la taxe de circulation apr\u00e8s l\u2019achat d\u2019un v\u00e9hicule ?<\/span><b><\/b><\/h4><\/div>\n\n<ul>\n<li><span style=\"font-weight: 400\">Une fois le v\u00e9hicule <\/span><b>immatricul\u00e9<\/b><span style=\"font-weight: 400\">, un <\/span><b>avis d\u2019imposition<\/b><span style=\"font-weight: 400\"> est envoy\u00e9 par l\u2019administration fiscale.<\/span><\/li>\n<li><span style=\"font-weight: 400\">Le propri\u00e9taire dispose <\/span><b>d\u2019environ deux mois<\/b><span style=\"font-weight: 400\"> pour effectuer le premier paiement.<\/span><\/li>\n<li><span style=\"font-weight: 400\">Par la suite, le paiement se fait <\/span><b>chaque ann\u00e9e<\/b><span style=\"font-weight: 400\">, tant que le v\u00e9hicule reste immatricul\u00e9.<\/span><\/li>\n<\/ul>\n<p><span style=\"font-weight: 400\">Dans le cas des voitures en leasing, la soci\u00e9t\u00e9 de leasing prend g\u00e9n\u00e9ralement en charge le paiement des taxes et de l\u2019assurance, selon les termes du contrat.<\/span><\/p>\n<div class=\"container section-title-container\" ><h3 class=\"section-title section-title-normal\"><b><\/b><span class=\"section-title-main\" >Que se passe-t-il si vous achetez une voiture d\u2019occasion ?<\/span><b><\/b><\/h3><\/div>\n\n<p><span style=\"font-weight: 400\">La taxe de circulation continue de s\u2019appliquer tant que le v\u00e9hicule reste immatricul\u00e9. Lorsqu\u2019un nouveau propri\u00e9taire inscrit le v\u00e9hicule \u00e0 son nom, il re\u00e7oit un nouvel avis d\u2019imposition apr\u00e8s l\u2019immatriculation.<\/span><\/p>\n<p><span style=\"font-weight: 400\">Par exemple : si vous achetez une voiture d\u2019occasion en mai 2025, vous recevrez un avis d\u2019imposition dans les deux mois suivant l\u2019immatriculation.<\/span><\/p>\n<div class=\"container section-title-container\" ><h3 class=\"section-title section-title-normal\"><b><\/b><span class=\"section-title-main\" >Vente ou radiation d\u2019un v\u00e9hicule : qu\u2019advient-il de votre taxe de circulation et de votre plaque d\u2019immatriculation ?<\/span><b><\/b><\/h3><\/div>\n\n<p><span style=\"font-weight: 400\">En cas de vente \u00e0 un particulier, c&rsquo;est le nouvel acheteur qui reprend la responsabilit\u00e9 du paiement de la taxe de circulation. En revanche, si le v\u00e9hicule est export\u00e9 ou radi\u00e9 aupr\u00e8s de la DIV, la taxe cesse automatiquement d\u00e8s que l\u2019immatriculation est officiellement annul\u00e9e.<\/span><\/p>\n<p><span style=\"font-weight: 400\">Pour \u00e9viter tout paiement suppl\u00e9mentaire, il est essentiel de proc\u00e9der \u00e0 la radiation officielle de la plaque d\u2019immatriculation aupr\u00e8s de la DIV, garantissant ainsi que plus aucune taxe ne soit due.<\/span><\/p>\n<div class=\"container section-title-container\" ><h2 class=\"section-title section-title-normal\"><b><\/b><span class=\"section-title-main\" >\u00c9lectrique, hybride ou mod\u00e8le compact ? Comment r\u00e9duire la taxe de circulation<\/span><b><\/b><\/h2><\/div>\n\n<p><span style=\"font-weight: 400\">Bien que la taxe de circulation soit une charge annuelle in\u00e9vitable, il existe des strat\u00e9gies pour en limiter le co\u00fbt. En choisissant intelligemment votre v\u00e9hicule ou en optant pour des formes d\u2019immatriculation sp\u00e9cifiques, vous pouvez r\u00e9duire vos d\u00e9penses annuelles.<\/span><\/p>\n<div class=\"container section-title-container\" ><h4 class=\"section-title section-title-normal\"><b><\/b><span class=\"section-title-main\" >Opter pour une puissance fiscale et des \u00e9missions de CO\u2082 r\u00e9duites<\/span><b><\/b><\/h4><\/div>\n\n<p><span style=\"font-weight: 400\">Un v\u00e9hicule avec une cylindr\u00e9e plus petite et des \u00e9missions de CO\u2082 r\u00e9duites entra\u00eene automatiquement une taxe de circulation plus basse ainsi qu\u2019une consommation de carburant plus \u00e9conomique. Puisque la puissance fiscale influence fortement le montant de votre taxe, il est judicieux d\u2019opter pour un mod\u00e8le qui obtient un score avantageux \u00e0 ce niveau. Cela permet non seulement de r\u00e9duire la fiscalit\u00e9 automobile, mais aussi d\u2019\u00e9conomiser sur les co\u00fbts de carburant.<\/span><\/p>\n<div class=\"container section-title-container\" ><h4 class=\"section-title section-title-normal\"><b><\/b><span class=\"section-title-main\" >Immatriculations alternatives : Quand choisir une plaque temporaire ou un v\u00e9hicule utilitaire l\u00e9ger ?<\/span><b><\/b><\/h4><\/div>\n\n<p><span style=\"font-weight: 400\">Pour les ind\u00e9pendants et certains particuliers, l\u2019immatriculation en tant que v\u00e9hicule utilitaire l\u00e9ger peut \u00eatre fiscalement avantageuse, avec une taxe de circulation r\u00e9duite. Cela s\u2019applique aux fourgonnettes ainsi qu\u2019\u00e0 certains SUV r\u00e9pondant aux crit\u00e8res techniques requis, tels qu\u2019un volume de chargement suffisant et l\u2019absence de si\u00e8ges passagers arri\u00e8re.<\/span><\/p>\n<p><span style=\"font-weight: 400\">De plus, les plaques temporaires peuvent \u00eatre utiles pour les v\u00e9hicules import\u00e9s ou ceux utilis\u00e9s seulement une partie de l\u2019ann\u00e9e, comme une voiture de sport destin\u00e9e aux trajets estivaux. Cette solution permet parfois de reporter ou d\u2019\u00e9viter certaines taxes.<\/span><\/p>\n<div class=\"container section-title-container\" ><h4 class=\"section-title section-title-normal\"><b><\/b><span class=\"section-title-main\" >Exon\u00e9rations et r\u00e9ductions : Qui peut b\u00e9n\u00e9ficier d\u2019un all\u00e8gement fiscal ?<\/span><b><\/b><\/h4><\/div>\n\n<p><span style=\"font-weight: 400\">Certaines exemptions et r\u00e9ductions existent \u00e9galement. En Flandre, les personnes en situation de handicap, les v\u00e9hicules plus anciens et certains mod\u00e8les fonctionnant avec des carburants alternatifs peuvent b\u00e9n\u00e9ficier d\u2019une exon\u00e9ration ou d\u2019une r\u00e9duction de la taxe de circulation annuelle.<\/span><\/p>\n<p><span style=\"font-weight: 400\">Dans certains cas, les ind\u00e9pendants et les entreprises peuvent \u00e9galement profiter d\u2019avantages fiscaux, selon l\u2019usage et l\u2019immatriculation du v\u00e9hicule.<\/span><\/p>\n<p><span style=\"font-weight: 400\">Pour \u00e9viter les mauvaises surprises et prendre une d\u00e9cision \u00e9clair\u00e9e, il est recommand\u00e9 d\u2019effectuer <a href=\"https:\/\/finances.belgium.be\/fr\/entreprises\/autres-taxes\/taxes-sur-les-vehicules\/taxe_de_circulation\">une simulation sur le site du Service Public des Finances<\/a> ou via les autorit\u00e9s fiscales r\u00e9gionales. Cela vous permettra d\u2019anticiper le montant exact de la taxe de circulation et d\u2019identifier les opportunit\u00e9s de r\u00e9duction de co\u00fbts disponibles.<\/span><\/p>\n<p>Vous souhaitez \u00e9galement planifier intelligemment le financement de votre v\u00e9hicule ? Faites une simulation de pr\u00eat auto sur <a href=\"https:\/\/www.cetelem.be\/fr\/\">Cetelem<\/a> et d\u00e9couvrez la mensualit\u00e9 qui correspond \u00e0 votre budget.<\/p>\n\n\n<script type=\"text\/javascript\">\n    var seoPlugins = window.seoPlugins || [];\n\n    seoPlugins.push({\n        \"PluginCode\": \"a9f957e3-d8b9-4005-bf73-c81df6fc4833\",\n        \"PluginName\": \"#secondhandelectricvhybrid3\",\n        \"FilterCookie\": {\"FuelTypeIds\":[\"13\",\"3\",\"4\"],\"CarCategoryIds\":[\"1\"]}\n    })\n\n    window.seoPlugins = seoPlugins;\n\n    var seoPlugins = window.seoPlugins || [];\n\n    for (var i = 0; i < seoPlugins.length; i++) {\n        var pluginData = seoPlugins[i];\n        CFM.API.enable(pluginData.PluginCode, pluginData.PluginName, null, {\n            FilterCookie: pluginData.FilterCookie\n        });\n    }\n<\/script>\n<div id=\"secondhandelectricvhybrid3\"><\/div>\n\n<div class=\"container section-title-container\" ><h2 class=\"section-title section-title-normal\"><b><\/b><span class=\"section-title-main\" >Acheter une voiture neuve ou d\u2019occasion ? N\u2019oubliez pas la taxe de mise en circulation (BIV) !<\/span><b><\/b><\/h2><\/div>\n\n<p><span style=\"font-weight: 400\">En plus de la taxe de circulation annuelle \u00e0 laquelle chaque propri\u00e9taire de v\u00e9hicule doit faire face, il est \u00e9galement n\u00e9cessaire de payer la taxe de mise en circulation (BIV). En r\u00e9sum\u00e9, il s\u2019agit d\u2019une taxe unique que vous devez r\u00e9gler lorsque vous immatriculez un v\u00e9hicule \u00e0 votre nom pour la premi\u00e8re fois en Belgique. Cette obligation s\u2019applique aussi bien aux voitures neuves qu\u2019aux voitures d\u2019occasion qui prennent la route sous votre propri\u00e9t\u00e9 pour la premi\u00e8re fois !<\/span><\/p>\n<p><span style=\"font-weight: 400\">En Flandre, le montant de cette taxe est d\u00e9termin\u00e9 en fonction de plusieurs crit\u00e8res li\u00e9s aux caract\u00e9ristiques du v\u00e9hicule. Le syst\u00e8me est con\u00e7u pour tenir compte \u00e0 la fois de l\u2019impact environnemental et des sp\u00e9cifications techniques, ce qui permet un calcul en ad\u00e9quation avec la charge r\u00e9elle que votre voiture repr\u00e9sente pour l\u2019environnement.<\/span><\/p>\n<p><span style=\"font-weight: 400\">En Wallonie, une r\u00e9forme de la taxe de mise en circulation (BIV) est pr\u00e9vue \u00e0 partir du 1er juillet 2025. Cette nouvelle m\u00e9thode de calcul combinera les \u00e9missions de CO\u2082, le poids et la puissance du v\u00e9hicule pour d\u00e9terminer le montant \u00e0 payer. L\u2019objectif de cette r\u00e9forme est clair : inciter les conducteurs \u00e0 choisir des voitures plus l\u00e9g\u00e8res, moins puissantes et plus respectueuses de l\u2019environnement.<\/span><\/p>\n<p><span style=\"font-weight: 400\">Cependant, la taxe de circulation annuelle restera inchang\u00e9e. La nouvelle r\u00e8gle sur la BIV s\u2019appliquera uniquement aux v\u00e9hicules immatricul\u00e9s \u00e0 partir de la date d\u2019entr\u00e9e en vigueur de la r\u00e9forme (source :<\/span><a href=\"http:\/\/wallonie.be\"> <span style=\"font-weight: 400\">wallonie.be<\/span><\/a><span style=\"font-weight: 400\">).<\/span><\/p>\n<div class=\"container section-title-container\" ><h2 class=\"section-title section-title-normal\"><b><\/b><span class=\"section-title-main\" >Taxe de circulation en 2025 et au-del\u00e0 : Que nous r\u00e9serve l\u2019avenir ?<\/span><b><\/b><\/h2><\/div>\n\n<p>La taxe de circulation en Belgique reste un \u00e9l\u00e9ment cl\u00e9 du co\u00fbt total de possession d\u2019un v\u00e9hicule. Avec les changements pr\u00e9vus en 2025, il est essentiel pour les conducteurs de bien comprendre leurs obligations fiscales. Les v\u00e9hicules enti\u00e8rement \u00e9lectriques b\u00e9n\u00e9ficient toujours d\u2019une exon\u00e9ration, mais les avantages fiscaux pour les hybrides disparaissent progressivement. Par ailleurs, les \u00e9missions de CO\u2082 et les chevaux fiscaux continuent de jouer un r\u00f4le central dans le calcul de la taxe de circulation.<\/p>\n<p>Les v\u00e9hicules enti\u00e8rement \u00e9lectriques b\u00e9n\u00e9ficient toujours d\u2019une exon\u00e9ration, mais les avantages fiscaux pour les hybrides disparaissent progressivement. Par ailleurs, les <strong>\u00e9missions de CO\u2082 et les chevaux fiscaux <\/strong>continuent de jouer un r\u00f4le central dans le calcul de la taxe de circulation. <\/p>\n<p>L\u2019avenir de cette taxation demeure incertain. La Flandre introduira-t-elle un forfait minimum pour les voitures \u00e9lectriques ? La Wallonie et Bruxelles maintiendront-elles leurs avantages fiscaux ? Une chose est s\u00fbre : l<strong>\u2019accent mis sur la mobilit\u00e9 durable<\/strong> ne fera que cro\u00eetre, et la taxe de circulation restera un levier important dans cette transition.   <\/p>\n<p>Comment \u00e9viter les mauvaises surprises ? Optez pour un v\u00e9hicule \u00e0 faibles \u00e9missions, renseignez-vous sur les formes d\u2019immatriculation alternatives, et effectuez une simulation avant d\u2019acheter votre voiture. Cela vous aidera \u00e0 limiter les frais inattendus et \u00e0 mieux ma\u00eetriser votre budget automobile.  <\/p>\n\n\n<script type=\"text\/javascript\">\n    var seoPlugins = window.seoPlugins || [];\n\n    seoPlugins.push({\n        \"PluginCode\": \"a9f957e3-d8b9-4005-bf73-c81df6fc4833\",\n        \"PluginName\": \"#newsecondhandelectricvhybrid3\",\n        \"FilterCookie\": {\"FuelTypeIds\":[\"13\",\"3\",\"4\"],\"CarCategoryIds\":[\"1\"]}\n    })\n\n    window.seoPlugins = seoPlugins;\n\n    var seoPlugins = window.seoPlugins || [];\n\n    for (var i = 0; i < seoPlugins.length; i++) {\n        var pluginData = seoPlugins[i];\n        CFM.API.enable(pluginData.PluginCode, pluginData.PluginName, null, {\n            FilterCookie: pluginData.FilterCookie\n        });\n    }\n<\/script>\n<div id=\"newsecondhandelectricvhybrid3\"><\/div>\n\n\n\t\t<\/div>\n\t\t\t\t\t<\/div>\n\n\t\n\n\t<div id=\"col-891262826\" class=\"col medium-4 small-12 large-4\"  >\n\t\t\t\t<div class=\"col-inner\"  >\n\t\t\t\n\t\t\t\n\n\n  \n    <div class=\"row large-columns-1 medium-columns-1 small-columns-1\" >\n  <div class=\"col post-item\" >\n\t\t\t<div class=\"col-inner\">\n\t\t\t\t<div class=\"box box-normal box-text-bottom box-blog-post has-hover\">\n            \t\t\t\t\t<div class=\"box-image\" >\n  \t\t\t\t\t\t<div class=\"image-cover\" style=\"padding-top:56.25%;\">\n\t\t\t\t\t\t\t<a href=\"https:\/\/carselect.touring.be\/fr\/blog\/touring-assistance-depannage-12-mois-offerts-avec-votre-voiture\/\" class=\"plain\" aria-label=\"Touring assistance d\u00e9pannage : 12 mois offerts avec votre voiture !\">\n\t\t\t\t\t\t\t\t<img loading=\"lazy\" decoding=\"async\" width=\"300\" height=\"200\" src=\"\/wp-content\/uploads\/2025\/04\/touring-assistance-de\u0301panage-gratuite-300x200.jpg\" class=\"attachment-medium size-medium wp-post-image\" alt=\"Touring assistance d\u00e9pannage\" srcset=\"\/wp-content\/uploads\/2025\/04\/touring-assistance-de\u0301panage-gratuite-300x200.jpg 300w, \/wp-content\/uploads\/2025\/04\/touring-assistance-de\u0301panage-gratuite-1024x683.jpg 1024w, \/wp-content\/uploads\/2025\/04\/touring-assistance-de\u0301panage-gratuite-768x512.jpg 768w, \/wp-content\/uploads\/2025\/04\/touring-assistance-de\u0301panage-gratuite-1536x1024.jpg 1536w, \/wp-content\/uploads\/2025\/04\/touring-assistance-de\u0301panage-gratuite.jpg 1920w\" sizes=\"auto, (max-width: 300px) 100vw, 300px\" \/>\t\t\t\t\t\t\t<\/a>\n  \t\t\t\t\t\t\t  \t\t\t\t\t\t\t  \t\t\t\t\t\t<\/div>\n  \t\t\t\t\t\t  \t\t\t\t\t<\/div>\n          \t\t\t\t\t<div class=\"box-text text-left\" >\n\t\t\t\t\t<div class=\"box-text-inner blog-post-inner\">\n\n\t\t\t\t\t\n\t\t\t\t\t\t\t\t\t\t<h5 class=\"post-title is-large \">\n\t\t\t\t\t\t<a href=\"https:\/\/carselect.touring.be\/fr\/blog\/touring-assistance-depannage-12-mois-offerts-avec-votre-voiture\/\" class=\"plain\">Touring assistance d\u00e9pannage : 12 mois offerts avec votre voiture !<\/a>\n\t\t\t\t\t<\/h5>\n\t\t\t\t\t\t\t\t\t\t<div class=\"is-divider\"><\/div>\n\t\t\t\t\t\t\t\t\t\t<p class=\"from_the_blog_excerpt \">\n\t\t\t\t\t\tAchetez une voiture d\u2019occasion et profitez de 12 mois d\u2019assistance d\u00e9pannage gratuite ! Aide 24\/7 [...]\t\t\t\t\t<\/p>\n\t\t\t\t\t                    \n\t\t\t\t\t\n\t\t\t\t\t\n\t\t\t\t\t<\/div>\n\t\t\t\t\t<\/div>\n\t\t\t\t\t\t\t\t\t<\/div>\n\t\t\t<\/div>\n\t\t<\/div><div class=\"col post-item\" >\n\t\t\t<div class=\"col-inner\">\n\t\t\t\t<div class=\"box box-normal box-text-bottom box-blog-post has-hover\">\n            \t\t\t\t\t<div class=\"box-image\" >\n  \t\t\t\t\t\t<div class=\"image-cover\" style=\"padding-top:56.25%;\">\n\t\t\t\t\t\t\t<a href=\"https:\/\/carselect.touring.be\/fr\/blog\/voiture-electrique-ou-hybride-rechargeable\/\" class=\"plain\" aria-label=\"Voiture \u00e9lectrique ou hybride (rechargeable) : quelle est la diff\u00e9rence ? Et laquelle vous convient le mieux ?\">\n\t\t\t\t\t\t\t\t<img loading=\"lazy\" decoding=\"async\" width=\"300\" height=\"169\" src=\"\/wp-content\/uploads\/2024\/12\/header-image-elektrische-en-hybride-wagen-2-300x169.jpg\" class=\"attachment-medium size-medium wp-post-image\" alt=\"Voiture \u00e9lectrique vs. hybride rechargeable\" srcset=\"\/wp-content\/uploads\/2024\/12\/header-image-elektrische-en-hybride-wagen-2-300x169.jpg 300w, \/wp-content\/uploads\/2024\/12\/header-image-elektrische-en-hybride-wagen-2-768x432.jpg 768w, \/wp-content\/uploads\/2024\/12\/header-image-elektrische-en-hybride-wagen-2.jpg 1000w\" sizes=\"auto, (max-width: 300px) 100vw, 300px\" \/>\t\t\t\t\t\t\t<\/a>\n  \t\t\t\t\t\t\t  \t\t\t\t\t\t\t  \t\t\t\t\t\t<\/div>\n  \t\t\t\t\t\t  \t\t\t\t\t<\/div>\n          \t\t\t\t\t<div class=\"box-text text-left\" >\n\t\t\t\t\t<div class=\"box-text-inner blog-post-inner\">\n\n\t\t\t\t\t\n\t\t\t\t\t\t\t\t\t\t<h5 class=\"post-title is-large \">\n\t\t\t\t\t\t<a href=\"https:\/\/carselect.touring.be\/fr\/blog\/voiture-electrique-ou-hybride-rechargeable\/\" class=\"plain\">Voiture \u00e9lectrique ou hybride (rechargeable) : quelle est la diff\u00e9rence ? Et laquelle vous convient le mieux ?<\/a>\n\t\t\t\t\t<\/h5>\n\t\t\t\t\t\t\t\t\t\t<div class=\"is-divider\"><\/div>\n\t\t\t\t\t\t\t\t\t\t<p class=\"from_the_blog_excerpt \">\n\t\t\t\t\t\tVous h\u00e9sitez entre l'achat d'une voiture hybride ou \u00e9lectrique ? D\u00e9couvrez les diff\u00e9rences et les [...]\t\t\t\t\t<\/p>\n\t\t\t\t\t                    \n\t\t\t\t\t\n\t\t\t\t\t\n\t\t\t\t\t<\/div>\n\t\t\t\t\t<\/div>\n\t\t\t\t\t\t\t\t\t<\/div>\n\t\t\t<\/div>\n\t\t<\/div><div class=\"col post-item\" >\n\t\t\t<div class=\"col-inner\">\n\t\t\t\t<div class=\"box box-normal box-text-bottom box-blog-post has-hover\">\n            \t\t\t\t\t<div class=\"box-image\" >\n  \t\t\t\t\t\t<div class=\"image-cover\" style=\"padding-top:56.25%;\">\n\t\t\t\t\t\t\t<a href=\"https:\/\/carselect.touring.be\/fr\/blog\/les-voitures-electriques-les-plus-vendues\/\" class=\"plain\" aria-label=\"Les voitures \u00e9lectriques les plus vendues en Belgique\">\n\t\t\t\t\t\t\t\t<img loading=\"lazy\" decoding=\"async\" width=\"300\" height=\"200\" src=\"\/wp-content\/uploads\/2024\/11\/header-4-300x200.jpg\" class=\"attachment-medium size-medium wp-post-image\" alt=\"Un aper\u00e7u de la voiture la plus vendue et d&#039;autres mod\u00e8les populaires.\" srcset=\"\/wp-content\/uploads\/2024\/11\/header-4-300x200.jpg 300w, \/wp-content\/uploads\/2024\/11\/header-4-768x511.jpg 768w, \/wp-content\/uploads\/2024\/11\/header-4.jpg 1000w\" sizes=\"auto, (max-width: 300px) 100vw, 300px\" \/>\t\t\t\t\t\t\t<\/a>\n  \t\t\t\t\t\t\t  \t\t\t\t\t\t\t  \t\t\t\t\t\t<\/div>\n  \t\t\t\t\t\t  \t\t\t\t\t<\/div>\n          \t\t\t\t\t<div class=\"box-text text-left\" >\n\t\t\t\t\t<div class=\"box-text-inner blog-post-inner\">\n\n\t\t\t\t\t\n\t\t\t\t\t\t\t\t\t\t<h5 class=\"post-title is-large \">\n\t\t\t\t\t\t<a href=\"https:\/\/carselect.touring.be\/fr\/blog\/les-voitures-electriques-les-plus-vendues\/\" class=\"plain\">Les voitures \u00e9lectriques les plus vendues en Belgique<\/a>\n\t\t\t\t\t<\/h5>\n\t\t\t\t\t\t\t\t\t\t<div class=\"is-divider\"><\/div>\n\t\t\t\t\t\t\t\t\t\t<p class=\"from_the_blog_excerpt \">\n\t\t\t\t\t\tD\u00e9couvrez les voitures \u00e9lectriques les plus vendues en Belgique et apprenez tout sur les mod\u00e8les [...]\t\t\t\t\t<\/p>\n\t\t\t\t\t                    \n\t\t\t\t\t\n\t\t\t\t\t\n\t\t\t\t\t<\/div>\n\t\t\t\t\t<\/div>\n\t\t\t\t\t\t\t\t\t<\/div>\n\t\t\t<\/div>\n\t\t<\/div><div class=\"col post-item\" >\n\t\t\t<div class=\"col-inner\">\n\t\t\t\t<div class=\"box box-normal box-text-bottom box-blog-post has-hover\">\n            \t\t\t\t\t<div class=\"box-image\" >\n  \t\t\t\t\t\t<div class=\"image-cover\" style=\"padding-top:56.25%;\">\n\t\t\t\t\t\t\t<a href=\"https:\/\/carselect.touring.be\/fr\/blog\/assurance-jeune-conducteur-en-belgique-quelles-sont-les-options\/\" class=\"plain\" aria-label=\"Assurance jeune conducteur en Belgique : quelles sont les options ?\">\n\t\t\t\t\t\t\t\t<img loading=\"lazy\" decoding=\"async\" width=\"300\" height=\"200\" src=\"\/wp-content\/uploads\/2025\/02\/assurance-jeune-conducteur-belgique-header-300x200.png\" class=\"attachment-medium size-medium wp-post-image\" alt=\"assurance jeune conducteur belgique\" srcset=\"\/wp-content\/uploads\/2025\/02\/assurance-jeune-conducteur-belgique-header-300x200.png 300w, \/wp-content\/uploads\/2025\/02\/assurance-jeune-conducteur-belgique-header-768x512.png 768w, \/wp-content\/uploads\/2025\/02\/assurance-jeune-conducteur-belgique-header.png 1000w\" sizes=\"auto, (max-width: 300px) 100vw, 300px\" \/>\t\t\t\t\t\t\t<\/a>\n  \t\t\t\t\t\t\t  \t\t\t\t\t\t\t  \t\t\t\t\t\t<\/div>\n  \t\t\t\t\t\t  \t\t\t\t\t<\/div>\n          \t\t\t\t\t<div class=\"box-text text-left\" >\n\t\t\t\t\t<div class=\"box-text-inner blog-post-inner\">\n\n\t\t\t\t\t\n\t\t\t\t\t\t\t\t\t\t<h5 class=\"post-title is-large \">\n\t\t\t\t\t\t<a href=\"https:\/\/carselect.touring.be\/fr\/blog\/assurance-jeune-conducteur-en-belgique-quelles-sont-les-options\/\" class=\"plain\">Assurance jeune conducteur en Belgique : quelles sont les options ?<\/a>\n\t\t\t\t\t<\/h5>\n\t\t\t\t\t\t\t\t\t\t<div class=\"is-divider\"><\/div>\n\t\t\t\t\t\t\t\t\t\t<p class=\"from_the_blog_excerpt \">\n\t\t\t\t\t\tL'assurance jeune conducteur en Belgique est co\u00fbteuse, mais il existe des astuces pour \u00e9conomiser ! [...]\t\t\t\t\t<\/p>\n\t\t\t\t\t                    \n\t\t\t\t\t\n\t\t\t\t\t\n\t\t\t\t\t<\/div>\n\t\t\t\t\t<\/div>\n\t\t\t\t\t\t\t\t\t<\/div>\n\t\t\t<\/div>\n\t\t<\/div><div class=\"col post-item\" >\n\t\t\t<div class=\"col-inner\">\n\t\t\t\t<div class=\"box box-normal box-text-bottom box-blog-post has-hover\">\n            \t\t\t\t\t<div class=\"box-image\" >\n  \t\t\t\t\t\t<div class=\"image-cover\" style=\"padding-top:56.25%;\">\n\t\t\t\t\t\t\t<a href=\"https:\/\/carselect.touring.be\/fr\/blog\/quel-est-le-prix-dune-assurance-auto-par-an-le-guide-complet\/\" class=\"plain\" aria-label=\"Quel est le prix d&rsquo;une assurance auto par an ? Le guide complet\">\n\t\t\t\t\t\t\t\t<img loading=\"lazy\" decoding=\"async\" width=\"300\" height=\"200\" src=\"\/wp-content\/uploads\/2025\/03\/headerimage-prix-assurance-auto-300x200.jpg\" class=\"attachment-medium size-medium wp-post-image\" alt=\"prix assurance automobile\" srcset=\"\/wp-content\/uploads\/2025\/03\/headerimage-prix-assurance-auto-300x200.jpg 300w, \/wp-content\/uploads\/2025\/03\/headerimage-prix-assurance-auto-768x511.jpg 768w, \/wp-content\/uploads\/2025\/03\/headerimage-prix-assurance-auto.jpg 1000w\" sizes=\"auto, (max-width: 300px) 100vw, 300px\" \/>\t\t\t\t\t\t\t<\/a>\n  \t\t\t\t\t\t\t  \t\t\t\t\t\t\t  \t\t\t\t\t\t<\/div>\n  \t\t\t\t\t\t  \t\t\t\t\t<\/div>\n          \t\t\t\t\t<div class=\"box-text text-left\" >\n\t\t\t\t\t<div class=\"box-text-inner blog-post-inner\">\n\n\t\t\t\t\t\n\t\t\t\t\t\t\t\t\t\t<h5 class=\"post-title is-large \">\n\t\t\t\t\t\t<a href=\"https:\/\/carselect.touring.be\/fr\/blog\/quel-est-le-prix-dune-assurance-auto-par-an-le-guide-complet\/\" class=\"plain\">Quel est le prix d&rsquo;une assurance auto par an ? Le guide complet<\/a>\n\t\t\t\t\t<\/h5>\n\t\t\t\t\t\t\t\t\t\t<div class=\"is-divider\"><\/div>\n\t\t\t\t\t\t\t\t\t\t<p class=\"from_the_blog_excerpt \">\n\t\t\t\t\t\tQuel est le prix d'une assurance auto par an en Belgique ? D\u00e9couvrez les tarifs [...]\t\t\t\t\t<\/p>\n\t\t\t\t\t                    \n\t\t\t\t\t\n\t\t\t\t\t\n\t\t\t\t\t<\/div>\n\t\t\t\t\t<\/div>\n\t\t\t\t\t\t\t\t\t<\/div>\n\t\t\t<\/div>\n\t\t<\/div><div class=\"col post-item\" >\n\t\t\t<div class=\"col-inner\">\n\t\t\t\t<div class=\"box box-normal box-text-bottom box-blog-post has-hover\">\n            \t\t\t\t\t<div class=\"box-image\" >\n  \t\t\t\t\t\t<div class=\"image-cover\" style=\"padding-top:56.25%;\">\n\t\t\t\t\t\t\t<a href=\"https:\/\/carselect.touring.be\/fr\/blog\/contrat-de-vente-de-voiture-tout-ce-quil-faut-savoir\/\" class=\"plain\" aria-label=\"Contrat de vente de voiture : Tout ce qu&rsquo;il faut savoir\">\n\t\t\t\t\t\t\t\t<img loading=\"lazy\" decoding=\"async\" width=\"300\" height=\"200\" src=\"\/wp-content\/uploads\/2025\/01\/header-vendre-voiture-1-300x200.jpg\" class=\"attachment-medium size-medium wp-post-image\" alt=\"contrat de vente de voiture\" srcset=\"\/wp-content\/uploads\/2025\/01\/header-vendre-voiture-1-300x200.jpg 300w, \/wp-content\/uploads\/2025\/01\/header-vendre-voiture-1-768x512.jpg 768w, \/wp-content\/uploads\/2025\/01\/header-vendre-voiture-1.jpg 1000w\" sizes=\"auto, (max-width: 300px) 100vw, 300px\" \/>\t\t\t\t\t\t\t<\/a>\n  \t\t\t\t\t\t\t  \t\t\t\t\t\t\t  \t\t\t\t\t\t<\/div>\n  \t\t\t\t\t\t  \t\t\t\t\t<\/div>\n          \t\t\t\t\t<div class=\"box-text text-left\" >\n\t\t\t\t\t<div class=\"box-text-inner blog-post-inner\">\n\n\t\t\t\t\t\n\t\t\t\t\t\t\t\t\t\t<h5 class=\"post-title is-large \">\n\t\t\t\t\t\t<a href=\"https:\/\/carselect.touring.be\/fr\/blog\/contrat-de-vente-de-voiture-tout-ce-quil-faut-savoir\/\" class=\"plain\">Contrat de vente de voiture : Tout ce qu&rsquo;il faut savoir<\/a>\n\t\t\t\t\t<\/h5>\n\t\t\t\t\t\t\t\t\t\t<div class=\"is-divider\"><\/div>\n\t\t\t\t\t\t\t\t\t\t<p class=\"from_the_blog_excerpt \">\n\t\t\t\t\t\tD\u00e9couvrez les \u00e9l\u00e9ments cl\u00e9s d'un contrat de vente de voiture. Assurez-vous d'une transaction s\u00e9curis\u00e9e et [...]\t\t\t\t\t<\/p>\n\t\t\t\t\t                    \n\t\t\t\t\t\n\t\t\t\t\t\n\t\t\t\t\t<\/div>\n\t\t\t\t\t<\/div>\n\t\t\t\t\t\t\t\t\t<\/div>\n\t\t\t<\/div>\n\t\t<\/div><div class=\"col post-item\" >\n\t\t\t<div class=\"col-inner\">\n\t\t\t\t<div class=\"box box-normal box-text-bottom box-blog-post has-hover\">\n            \t\t\t\t\t<div class=\"box-image\" >\n  \t\t\t\t\t\t<div class=\"image-cover\" style=\"padding-top:56.25%;\">\n\t\t\t\t\t\t\t<a href=\"https:\/\/carselect.touring.be\/fr\/blog\/entretien-voiture-electrique-et-controle-technique\/\" class=\"plain\" aria-label=\"Contr\u00f4le technique et entretien voitures \u00e9lectriques : tout ce que vous devez savoir\">\n\t\t\t\t\t\t\t\t<img loading=\"lazy\" decoding=\"async\" width=\"300\" height=\"209\" src=\"\/wp-content\/uploads\/2024\/12\/headershutterstock_1122594407-300x209.jpg\" class=\"attachment-medium size-medium wp-post-image\" alt=\"elektrische auto onderhouden\" srcset=\"\/wp-content\/uploads\/2024\/12\/headershutterstock_1122594407-300x209.jpg 300w, \/wp-content\/uploads\/2024\/12\/headershutterstock_1122594407-768x536.jpg 768w, \/wp-content\/uploads\/2024\/12\/headershutterstock_1122594407.jpg 1000w\" sizes=\"auto, (max-width: 300px) 100vw, 300px\" \/>\t\t\t\t\t\t\t<\/a>\n  \t\t\t\t\t\t\t  \t\t\t\t\t\t\t  \t\t\t\t\t\t<\/div>\n  \t\t\t\t\t\t  \t\t\t\t\t<\/div>\n          \t\t\t\t\t<div class=\"box-text text-left\" >\n\t\t\t\t\t<div class=\"box-text-inner blog-post-inner\">\n\n\t\t\t\t\t\n\t\t\t\t\t\t\t\t\t\t<h5 class=\"post-title is-large \">\n\t\t\t\t\t\t<a href=\"https:\/\/carselect.touring.be\/fr\/blog\/entretien-voiture-electrique-et-controle-technique\/\" class=\"plain\">Contr\u00f4le technique et entretien voitures \u00e9lectriques : tout ce que vous devez savoir<\/a>\n\t\t\t\t\t<\/h5>\n\t\t\t\t\t\t\t\t\t\t<div class=\"is-divider\"><\/div>\n\t\t\t\t\t\t\t\t\t\t<p class=\"from_the_blog_excerpt \">\n\t\t\t\t\t\tD\u00e9couvrez des astuces pratiques pour entretenir votre voiture \u00e9lectrique \u00e0 moindre co\u00fbt et de mani\u00e8re [...]\t\t\t\t\t<\/p>\n\t\t\t\t\t                    \n\t\t\t\t\t\n\t\t\t\t\t\n\t\t\t\t\t<\/div>\n\t\t\t\t\t<\/div>\n\t\t\t\t\t\t\t\t\t<\/div>\n\t\t\t<\/div>\n\t\t<\/div><div class=\"col post-item\" >\n\t\t\t<div class=\"col-inner\">\n\t\t\t\t<div class=\"box box-normal box-text-bottom box-blog-post has-hover\">\n            \t\t\t\t\t<div class=\"box-image\" >\n  \t\t\t\t\t\t<div class=\"image-cover\" style=\"padding-top:56.25%;\">\n\t\t\t\t\t\t\t<a href=\"https:\/\/carselect.touring.be\/fr\/blog\/prime-pour-voiture-electrique-que-se-passe-t-il-apres-la-suppression-de-la-subvention-en-2025\/\" class=\"plain\" aria-label=\"Prime pour voiture \u00e9lectrique : que se passe-t-il apr\u00e8s la suppression de la subvention en 2025 ?\">\n\t\t\t\t\t\t\t\t<img loading=\"lazy\" decoding=\"async\" width=\"300\" height=\"200\" src=\"\/wp-content\/uploads\/2025\/02\/header_prime-pour-voiture-electrique-300x200.jpg\" class=\"attachment-medium size-medium wp-post-image\" alt=\"prime pour voiture \u00e9lectrique\" srcset=\"\/wp-content\/uploads\/2025\/02\/header_prime-pour-voiture-electrique-300x200.jpg 300w, \/wp-content\/uploads\/2025\/02\/header_prime-pour-voiture-electrique-768x511.jpg 768w, \/wp-content\/uploads\/2025\/02\/header_prime-pour-voiture-electrique.jpg 1000w\" sizes=\"auto, (max-width: 300px) 100vw, 300px\" \/>\t\t\t\t\t\t\t<\/a>\n  \t\t\t\t\t\t\t  \t\t\t\t\t\t\t  \t\t\t\t\t\t<\/div>\n  \t\t\t\t\t\t  \t\t\t\t\t<\/div>\n          \t\t\t\t\t<div class=\"box-text text-left\" >\n\t\t\t\t\t<div class=\"box-text-inner blog-post-inner\">\n\n\t\t\t\t\t\n\t\t\t\t\t\t\t\t\t\t<h5 class=\"post-title is-large \">\n\t\t\t\t\t\t<a href=\"https:\/\/carselect.touring.be\/fr\/blog\/prime-pour-voiture-electrique-que-se-passe-t-il-apres-la-suppression-de-la-subvention-en-2025\/\" class=\"plain\">Prime pour voiture \u00e9lectrique : que se passe-t-il apr\u00e8s la suppression de la subvention en 2025 ?<\/a>\n\t\t\t\t\t<\/h5>\n\t\t\t\t\t\t\t\t\t\t<div class=\"is-divider\"><\/div>\n\t\t\t\t\t\t\t\t\t\t<p class=\"from_the_blog_excerpt \">\n\t\t\t\t\t\tTout sur la prime pour voiture \u00e9lectrique en 2024. Pourquoi a-t-elle \u00e9t\u00e9 arr\u00eat\u00e9e et quelles [...]\t\t\t\t\t<\/p>\n\t\t\t\t\t                    \n\t\t\t\t\t\n\t\t\t\t\t\n\t\t\t\t\t<\/div>\n\t\t\t\t\t<\/div>\n\t\t\t\t\t\t\t\t\t<\/div>\n\t\t\t<\/div>\n\t\t<\/div><div class=\"col post-item\" >\n\t\t\t<div class=\"col-inner\">\n\t\t\t\t<div class=\"box box-normal box-text-bottom box-blog-post has-hover\">\n            \t\t\t\t\t<div class=\"box-image\" >\n  \t\t\t\t\t\t<div class=\"image-cover\" style=\"padding-top:56.25%;\">\n\t\t\t\t\t\t\t<a href=\"https:\/\/carselect.touring.be\/fr\/blog\/vignette-autriche-2025-voyagez-sans-souci-au-dela-de-la-frontiere\/\" class=\"plain\" aria-label=\"Vignette Autriche 2025 : Voyagez sans souci au-del\u00e0 de la fronti\u00e8re !\">\n\t\t\t\t\t\t\t\t<img loading=\"lazy\" decoding=\"async\" width=\"300\" height=\"200\" src=\"\/wp-content\/uploads\/2025\/03\/vignette-autriche-2025-1-300x200.jpg\" class=\"attachment-medium size-medium wp-post-image\" alt=\"vignette autriche 2025\" srcset=\"\/wp-content\/uploads\/2025\/03\/vignette-autriche-2025-1-300x200.jpg 300w, \/wp-content\/uploads\/2025\/03\/vignette-autriche-2025-1-768x512.jpg 768w, \/wp-content\/uploads\/2025\/03\/vignette-autriche-2025-1.jpg 1000w\" sizes=\"auto, (max-width: 300px) 100vw, 300px\" \/>\t\t\t\t\t\t\t<\/a>\n  \t\t\t\t\t\t\t  \t\t\t\t\t\t\t  \t\t\t\t\t\t<\/div>\n  \t\t\t\t\t\t  \t\t\t\t\t<\/div>\n          \t\t\t\t\t<div class=\"box-text text-left\" >\n\t\t\t\t\t<div class=\"box-text-inner blog-post-inner\">\n\n\t\t\t\t\t\n\t\t\t\t\t\t\t\t\t\t<h5 class=\"post-title is-large \">\n\t\t\t\t\t\t<a href=\"https:\/\/carselect.touring.be\/fr\/blog\/vignette-autriche-2025-voyagez-sans-souci-au-dela-de-la-frontiere\/\" class=\"plain\">Vignette Autriche 2025 : Voyagez sans souci au-del\u00e0 de la fronti\u00e8re !<\/a>\n\t\t\t\t\t<\/h5>\n\t\t\t\t\t\t\t\t\t\t<div class=\"is-divider\"><\/div>\n\t\t\t\t\t\t\t\t\t\t<p class=\"from_the_blog_excerpt \">\n\t\t\t\t\t\tD\u00e9couvrez tout sur la vignette Autriche 2025 : prix, validit\u00e9 et conseils pratiques. Pr\u00e9parez votre [...]\t\t\t\t\t<\/p>\n\t\t\t\t\t                    \n\t\t\t\t\t\n\t\t\t\t\t\n\t\t\t\t\t<\/div>\n\t\t\t\t\t<\/div>\n\t\t\t\t\t\t\t\t\t<\/div>\n\t\t\t<\/div>\n\t\t<\/div><div class=\"col post-item\" >\n\t\t\t<div class=\"col-inner\">\n\t\t\t\t<div class=\"box box-normal box-text-bottom box-blog-post has-hover\">\n            \t\t\t\t\t<div class=\"box-image\" >\n  \t\t\t\t\t\t<div class=\"image-cover\" style=\"padding-top:56.25%;\">\n\t\t\t\t\t\t\t<a href=\"https:\/\/carselect.touring.be\/fr\/blog\/vignette-suisse-2025-obligatoire-numerique\/\" class=\"plain\" aria-label=\"Vignette Suisse 2025 expliqu\u00e9e : simple, obligatoire et 100% num\u00e9rique\">\n\t\t\t\t\t\t\t\t<img loading=\"lazy\" decoding=\"async\" width=\"300\" height=\"200\" src=\"\/wp-content\/uploads\/2025\/03\/vignette-suisse-header-300x200.jpg\" class=\"attachment-medium size-medium wp-post-image\" alt=\"vignette suisse 2025\" srcset=\"\/wp-content\/uploads\/2025\/03\/vignette-suisse-header-300x200.jpg 300w, \/wp-content\/uploads\/2025\/03\/vignette-suisse-header-768x511.jpg 768w, \/wp-content\/uploads\/2025\/03\/vignette-suisse-header.jpg 1000w\" sizes=\"auto, (max-width: 300px) 100vw, 300px\" \/>\t\t\t\t\t\t\t<\/a>\n  \t\t\t\t\t\t\t  \t\t\t\t\t\t\t  \t\t\t\t\t\t<\/div>\n  \t\t\t\t\t\t  \t\t\t\t\t<\/div>\n          \t\t\t\t\t<div class=\"box-text text-left\" >\n\t\t\t\t\t<div class=\"box-text-inner blog-post-inner\">\n\n\t\t\t\t\t\n\t\t\t\t\t\t\t\t\t\t<h5 class=\"post-title is-large \">\n\t\t\t\t\t\t<a href=\"https:\/\/carselect.touring.be\/fr\/blog\/vignette-suisse-2025-obligatoire-numerique\/\" class=\"plain\">Vignette Suisse 2025 expliqu\u00e9e : simple, obligatoire et 100% num\u00e9rique<\/a>\n\t\t\t\t\t<\/h5>\n\t\t\t\t\t\t\t\t\t\t<div class=\"is-divider\"><\/div>\n\t\t\t\t\t\t\t\t\t\t<p class=\"from_the_blog_excerpt \">\n\t\t\t\t\t\tObtenez tout ce qu\u2019il faut savoir sur la vignette suisse 2025 : prix, validit\u00e9, amendes, [...]\t\t\t\t\t<\/p>\n\t\t\t\t\t                    \n\t\t\t\t\t\n\t\t\t\t\t\n\t\t\t\t\t<\/div>\n\t\t\t\t\t<\/div>\n\t\t\t\t\t\t\t\t\t<\/div>\n\t\t\t<\/div>\n\t\t<\/div><div class=\"col post-item\" >\n\t\t\t<div class=\"col-inner\">\n\t\t\t\t<div class=\"box box-normal box-text-bottom box-blog-post has-hover\">\n            \t\t\t\t\t<div class=\"box-image\" >\n  \t\t\t\t\t\t<div class=\"image-cover\" style=\"padding-top:56.25%;\">\n\t\t\t\t\t\t\t<a href=\"https:\/\/carselect.touring.be\/fr\/blog\/conseils-pour-des-vacances-en-voiture-peages-vignettes-et-couts-du-carburant\/\" class=\"plain\" aria-label=\"Conseils pour des vacances en voiture sans stress : p\u00e9ages, vignettes et co\u00fbts du carburant\">\n\t\t\t\t\t\t\t\t<img loading=\"lazy\" decoding=\"async\" width=\"300\" height=\"140\" src=\"\/wp-content\/uploads\/2025\/01\/header-vacances-en-voiture-1-300x140.jpg\" class=\"attachment-medium size-medium wp-post-image\" alt=\"vacances en voiture\" srcset=\"\/wp-content\/uploads\/2025\/01\/header-vacances-en-voiture-1-300x140.jpg 300w, \/wp-content\/uploads\/2025\/01\/header-vacances-en-voiture-1-768x359.jpg 768w, \/wp-content\/uploads\/2025\/01\/header-vacances-en-voiture-1.jpg 1000w\" sizes=\"auto, (max-width: 300px) 100vw, 300px\" \/>\t\t\t\t\t\t\t<\/a>\n  \t\t\t\t\t\t\t  \t\t\t\t\t\t\t  \t\t\t\t\t\t<\/div>\n  \t\t\t\t\t\t  \t\t\t\t\t<\/div>\n          \t\t\t\t\t<div class=\"box-text text-left\" >\n\t\t\t\t\t<div class=\"box-text-inner blog-post-inner\">\n\n\t\t\t\t\t\n\t\t\t\t\t\t\t\t\t\t<h5 class=\"post-title is-large \">\n\t\t\t\t\t\t<a href=\"https:\/\/carselect.touring.be\/fr\/blog\/conseils-pour-des-vacances-en-voiture-peages-vignettes-et-couts-du-carburant\/\" class=\"plain\">Conseils pour des vacances en voiture sans stress : p\u00e9ages, vignettes et co\u00fbts du carburant<\/a>\n\t\t\t\t\t<\/h5>\n\t\t\t\t\t\t\t\t\t\t<div class=\"is-divider\"><\/div>\n\t\t\t\t\t\t\t\t\t\t<p class=\"from_the_blog_excerpt \">\n\t\t\t\t\t\tPr\u00e9parez vos vacances en voiture avec nos astuces pour les vignettes, les frais et une [...]\t\t\t\t\t<\/p>\n\t\t\t\t\t                    \n\t\t\t\t\t\n\t\t\t\t\t\n\t\t\t\t\t<\/div>\n\t\t\t\t\t<\/div>\n\t\t\t\t\t\t\t\t\t<\/div>\n\t\t\t<\/div>\n\t\t<\/div><div class=\"col post-item\" >\n\t\t\t<div class=\"col-inner\">\n\t\t\t\t<div class=\"box box-normal box-text-bottom box-blog-post has-hover\">\n            \t\t\t\t\t<div class=\"box-image\" >\n  \t\t\t\t\t\t<div class=\"image-cover\" style=\"padding-top:56.25%;\">\n\t\t\t\t\t\t\t<a href=\"https:\/\/carselect.touring.be\/fr\/blog\/voiture-autonome-quand-la-norme\/\" class=\"plain\" aria-label=\"Voiture Autonome : Quand Deviendra-t-elle la Norme ?\">\n\t\t\t\t\t\t\t\t<img loading=\"lazy\" decoding=\"async\" width=\"300\" height=\"200\" src=\"\/wp-content\/uploads\/2025\/03\/Header-voiture-autonome-300x200.jpg\" class=\"attachment-medium size-medium wp-post-image\" alt=\"voiture autonome en \u00e9tats-unis\" srcset=\"\/wp-content\/uploads\/2025\/03\/Header-voiture-autonome-300x200.jpg 300w, \/wp-content\/uploads\/2025\/03\/Header-voiture-autonome-768x511.jpg 768w, \/wp-content\/uploads\/2025\/03\/Header-voiture-autonome.jpg 1000w\" sizes=\"auto, (max-width: 300px) 100vw, 300px\" \/>\t\t\t\t\t\t\t<\/a>\n  \t\t\t\t\t\t\t  \t\t\t\t\t\t\t  \t\t\t\t\t\t<\/div>\n  \t\t\t\t\t\t  \t\t\t\t\t<\/div>\n          \t\t\t\t\t<div class=\"box-text text-left\" >\n\t\t\t\t\t<div class=\"box-text-inner blog-post-inner\">\n\n\t\t\t\t\t\n\t\t\t\t\t\t\t\t\t\t<h5 class=\"post-title is-large \">\n\t\t\t\t\t\t<a href=\"https:\/\/carselect.touring.be\/fr\/blog\/voiture-autonome-quand-la-norme\/\" class=\"plain\">Voiture Autonome : Quand Deviendra-t-elle la Norme ?<\/a>\n\t\t\t\t\t<\/h5>\n\t\t\t\t\t\t\t\t\t\t<div class=\"is-divider\"><\/div>\n\t\t\t\t\t\t\t\t\t\t<p class=\"from_the_blog_excerpt \">\n\t\t\t\t\t\tQu'est-ce qu'une voiture autonome et comment \u00e9volue cette technologie ? D\u00e9couvrez les types, la l\u00e9gislation [...]\t\t\t\t\t<\/p>\n\t\t\t\t\t                    \n\t\t\t\t\t\n\t\t\t\t\t\n\t\t\t\t\t<\/div>\n\t\t\t\t\t<\/div>\n\t\t\t\t\t\t\t\t\t<\/div>\n\t\t\t<\/div>\n\t\t<\/div><div class=\"col post-item\" >\n\t\t\t<div class=\"col-inner\">\n\t\t\t\t<div class=\"box box-normal box-text-bottom box-blog-post has-hover\">\n            \t\t\t\t\t<div class=\"box-image\" >\n  \t\t\t\t\t\t<div class=\"image-cover\" style=\"padding-top:56.25%;\">\n\t\t\t\t\t\t\t<a href=\"https:\/\/carselect.touring.be\/fr\/blog\/tout-savoir-sur-lautonomie-et-la-duree-de-vie-de-la-batterie-une-voiture-electrique\/\" class=\"plain\" aria-label=\"Tout savoir sur l\u2019autonomie et la dur\u00e9e de vie de la batterie d\u2019une voiture \u00e9lectrique\">\n\t\t\t\t\t\t\t\t<img loading=\"lazy\" decoding=\"async\" width=\"300\" height=\"163\" src=\"\/wp-content\/uploads\/2024\/12\/header-levensduur-1-300x163.jpg\" class=\"attachment-medium size-medium wp-post-image\" alt=\"Vue transparente d&#039;une batterie de voiture.\" srcset=\"\/wp-content\/uploads\/2024\/12\/header-levensduur-1-300x163.jpg 300w, \/wp-content\/uploads\/2024\/12\/header-levensduur-1-768x417.jpg 768w, \/wp-content\/uploads\/2024\/12\/header-levensduur-1.jpg 1000w\" sizes=\"auto, (max-width: 300px) 100vw, 300px\" \/>\t\t\t\t\t\t\t<\/a>\n  \t\t\t\t\t\t\t  \t\t\t\t\t\t\t  \t\t\t\t\t\t<\/div>\n  \t\t\t\t\t\t  \t\t\t\t\t<\/div>\n          \t\t\t\t\t<div class=\"box-text text-left\" >\n\t\t\t\t\t<div class=\"box-text-inner blog-post-inner\">\n\n\t\t\t\t\t\n\t\t\t\t\t\t\t\t\t\t<h5 class=\"post-title is-large \">\n\t\t\t\t\t\t<a href=\"https:\/\/carselect.touring.be\/fr\/blog\/tout-savoir-sur-lautonomie-et-la-duree-de-vie-de-la-batterie-une-voiture-electrique\/\" class=\"plain\">Tout savoir sur l\u2019autonomie et la dur\u00e9e de vie de la batterie d\u2019une voiture \u00e9lectrique<\/a>\n\t\t\t\t\t<\/h5>\n\t\t\t\t\t\t\t\t\t\t<div class=\"is-divider\"><\/div>\n\t\t\t\t\t\t\t\t\t\t<p class=\"from_the_blog_excerpt \">\n\t\t\t\t\t\tTout savoir sur l'autonomie et la dur\u00e9e de vie de la batterie des voitures \u00e9lectriques. [...]\t\t\t\t\t<\/p>\n\t\t\t\t\t                    \n\t\t\t\t\t\n\t\t\t\t\t\n\t\t\t\t\t<\/div>\n\t\t\t\t\t<\/div>\n\t\t\t\t\t\t\t\t\t<\/div>\n\t\t\t<\/div>\n\t\t<\/div><div class=\"col post-item\" >\n\t\t\t<div class=\"col-inner\">\n\t\t\t\t<div class=\"box box-normal box-text-bottom box-blog-post has-hover\">\n            \t\t\t\t\t<div class=\"box-image\" >\n  \t\t\t\t\t\t<div class=\"image-cover\" style=\"padding-top:56.25%;\">\n\t\t\t\t\t\t\t<a href=\"https:\/\/carselect.touring.be\/fr\/blog\/controle-technique-en-belgique-2025-regles-et-conseils-pour-une-inspection-reussie\/\" class=\"plain\" aria-label=\"Contr\u00f4le technique en Belgique 2025 : R\u00e8gles et conseils pour une inspection r\u00e9ussie\">\n\t\t\t\t\t\t\t\t<img loading=\"lazy\" decoding=\"async\" width=\"300\" height=\"200\" src=\"\/wp-content\/uploads\/2025\/01\/controle-technique-en-belgique-header-300x200.jpg\" class=\"attachment-medium size-medium wp-post-image\" alt=\"contr\u00f4le technique en belgique\" srcset=\"\/wp-content\/uploads\/2025\/01\/controle-technique-en-belgique-header-300x200.jpg 300w, \/wp-content\/uploads\/2025\/01\/controle-technique-en-belgique-header-768x512.jpg 768w, \/wp-content\/uploads\/2025\/01\/controle-technique-en-belgique-header.jpg 1000w\" sizes=\"auto, (max-width: 300px) 100vw, 300px\" \/>\t\t\t\t\t\t\t<\/a>\n  \t\t\t\t\t\t\t  \t\t\t\t\t\t\t  \t\t\t\t\t\t<\/div>\n  \t\t\t\t\t\t  \t\t\t\t\t<\/div>\n          \t\t\t\t\t<div class=\"box-text text-left\" >\n\t\t\t\t\t<div class=\"box-text-inner blog-post-inner\">\n\n\t\t\t\t\t\n\t\t\t\t\t\t\t\t\t\t<h5 class=\"post-title is-large \">\n\t\t\t\t\t\t<a href=\"https:\/\/carselect.touring.be\/fr\/blog\/controle-technique-en-belgique-2025-regles-et-conseils-pour-une-inspection-reussie\/\" class=\"plain\">Contr\u00f4le technique en Belgique 2025 : R\u00e8gles et conseils pour une inspection r\u00e9ussie<\/a>\n\t\t\t\t\t<\/h5>\n\t\t\t\t\t\t\t\t\t\t<div class=\"is-divider\"><\/div>\n\t\t\t\t\t\t\t\t\t\t<p class=\"from_the_blog_excerpt \">\n\t\t\t\t\t\tD\u00e9couvrez les r\u00e8gles et changements du contr\u00f4le technique en Belgique pour 2025 et comment bien [...]\t\t\t\t\t<\/p>\n\t\t\t\t\t                    \n\t\t\t\t\t\n\t\t\t\t\t\n\t\t\t\t\t<\/div>\n\t\t\t\t\t<\/div>\n\t\t\t\t\t\t\t\t\t<\/div>\n\t\t\t<\/div>\n\t\t<\/div><div class=\"col post-item\" >\n\t\t\t<div class=\"col-inner\">\n\t\t\t\t<div class=\"box box-normal box-text-bottom box-blog-post has-hover\">\n            \t\t\t\t\t<div class=\"box-image\" >\n  \t\t\t\t\t\t<div class=\"image-cover\" style=\"padding-top:56.25%;\">\n\t\t\t\t\t\t\t<a href=\"https:\/\/carselect.touring.be\/fr\/blog\/impact-caillou-carrosserie-reparation-restauration-et-prevention-des-dommages\/\" class=\"plain\" aria-label=\"Impact caillou carrosserie : R\u00e9paration, restauration et pr\u00e9vention des dommages\">\n\t\t\t\t\t\t\t\t<img loading=\"lazy\" decoding=\"async\" width=\"300\" height=\"200\" src=\"\/wp-content\/uploads\/2024\/12\/header-impact-caillou-carrosserie-300x200.jpg\" class=\"attachment-medium size-medium wp-post-image\" alt=\"impact caillou carrosserie\" srcset=\"\/wp-content\/uploads\/2024\/12\/header-impact-caillou-carrosserie-300x200.jpg 300w, \/wp-content\/uploads\/2024\/12\/header-impact-caillou-carrosserie-768x512.jpg 768w, \/wp-content\/uploads\/2024\/12\/header-impact-caillou-carrosserie.jpg 1000w\" sizes=\"auto, (max-width: 300px) 100vw, 300px\" \/>\t\t\t\t\t\t\t<\/a>\n  \t\t\t\t\t\t\t  \t\t\t\t\t\t\t  \t\t\t\t\t\t<\/div>\n  \t\t\t\t\t\t  \t\t\t\t\t<\/div>\n          \t\t\t\t\t<div class=\"box-text text-left\" >\n\t\t\t\t\t<div class=\"box-text-inner blog-post-inner\">\n\n\t\t\t\t\t\n\t\t\t\t\t\t\t\t\t\t<h5 class=\"post-title is-large \">\n\t\t\t\t\t\t<a href=\"https:\/\/carselect.touring.be\/fr\/blog\/impact-caillou-carrosserie-reparation-restauration-et-prevention-des-dommages\/\" class=\"plain\">Impact caillou carrosserie : R\u00e9paration, restauration et pr\u00e9vention des dommages<\/a>\n\t\t\t\t\t<\/h5>\n\t\t\t\t\t\t\t\t\t\t<div class=\"is-divider\"><\/div>\n\t\t\t\t\t\t\t\t\t\t<p class=\"from_the_blog_excerpt \">\n\t\t\t\t\t\tD\u00e9couvrez comment r\u00e9parer un pare-brise efficacement et des essuie-glaces avec notre guide pratique et des [...]\t\t\t\t\t<\/p>\n\t\t\t\t\t                    \n\t\t\t\t\t\n\t\t\t\t\t\n\t\t\t\t\t<\/div>\n\t\t\t\t\t<\/div>\n\t\t\t\t\t\t\t\t\t<\/div>\n\t\t\t<\/div>\n\t\t<\/div><div class=\"col post-item\" >\n\t\t\t<div class=\"col-inner\">\n\t\t\t\t<div class=\"box box-normal box-text-bottom box-blog-post has-hover\">\n            \t\t\t\t\t<div class=\"box-image\" >\n  \t\t\t\t\t\t<div class=\"image-cover\" style=\"padding-top:56.25%;\">\n\t\t\t\t\t\t\t<a href=\"https:\/\/carselect.touring.be\/fr\/blog\/meilleur-porte-velos-pour-votre-voiture-conseils-et-astuces\/\" class=\"plain\" aria-label=\"Le meilleur porte v\u00e9los pour votre voiture : conseils et astuces pour faire le bon choix\">\n\t\t\t\t\t\t\t\t<img loading=\"lazy\" decoding=\"async\" width=\"300\" height=\"191\" src=\"\/wp-content\/uploads\/2024\/12\/porte-velos-header-300x191.jpg\" class=\"attachment-medium size-medium wp-post-image\" alt=\"Porte-v\u00e9los pour la voiture mais sur la barre d&#039;attelage\" srcset=\"\/wp-content\/uploads\/2024\/12\/porte-velos-header-300x191.jpg 300w, \/wp-content\/uploads\/2024\/12\/porte-velos-header-768x490.jpg 768w, \/wp-content\/uploads\/2024\/12\/porte-velos-header.jpg 1000w\" sizes=\"auto, (max-width: 300px) 100vw, 300px\" \/>\t\t\t\t\t\t\t<\/a>\n  \t\t\t\t\t\t\t  \t\t\t\t\t\t\t  \t\t\t\t\t\t<\/div>\n  \t\t\t\t\t\t  \t\t\t\t\t<\/div>\n          \t\t\t\t\t<div class=\"box-text text-left\" >\n\t\t\t\t\t<div class=\"box-text-inner blog-post-inner\">\n\n\t\t\t\t\t\n\t\t\t\t\t\t\t\t\t\t<h5 class=\"post-title is-large \">\n\t\t\t\t\t\t<a href=\"https:\/\/carselect.touring.be\/fr\/blog\/meilleur-porte-velos-pour-votre-voiture-conseils-et-astuces\/\" class=\"plain\">Le meilleur porte v\u00e9los pour votre voiture : conseils et astuces pour faire le bon choix<\/a>\n\t\t\t\t\t<\/h5>\n\t\t\t\t\t\t\t\t\t\t<div class=\"is-divider\"><\/div>\n\t\t\t\t\t\t\t\t\t\t<p class=\"from_the_blog_excerpt \">\n\t\t\t\t\t\tD\u00e9couvrez comment choisir le porte-v\u00e9los id\u00e9al pour votre v\u00e9hicule. \u00c9vitez les erreurs courantes et optimisez [...]\t\t\t\t\t<\/p>\n\t\t\t\t\t                    \n\t\t\t\t\t\n\t\t\t\t\t\n\t\t\t\t\t<\/div>\n\t\t\t\t\t<\/div>\n\t\t\t\t\t\t\t\t\t<\/div>\n\t\t\t<\/div>\n\t\t<\/div><\/div>\n\n\n\t\t<\/div>\n\t\t\t\t\t<\/div>\n\n\t\n\n<\/div>\n<div class=\"row\"  id=\"row-614932828\">\n\n\n\t<div id=\"col-602109742\" class=\"col small-12 large-12\"  >\n\t\t\t\t<div class=\"col-inner\"  >\n\t\t\t\n\t\t\t\n\n\n  <div class=\"banner has-hover\" id=\"banner-1680996399\">\n          <div class=\"banner-inner fill\">\n        <div class=\"banner-bg fill\" >\n            <img loading=\"lazy\" decoding=\"async\" width=\"1440\" height=\"160\" src=\"\/wp-content\/uploads\/2025\/01\/Mask-group.png\" class=\"bg attachment-original size-original\" alt=\"\" \/>                                    \n                    <\/div>\n\t\t\n        <div class=\"banner-layers container\">\n            <div class=\"fill banner-link\"><\/div>            \n\n   <div id=\"text-box-1963918840\" class=\"text-box banner-layer x100 md-x100 lg-x100 y10 md-y10 lg-y10 res-text\">\n                                <div class=\"text-box-content text dark\">\n              \n              <div class=\"text-inner text-center\">\n                  \n\n<h2><em>Achetez votre<\/em><\/h2>\n<h2><em>Voiture de r\u00eave<\/em><\/h2>\n<a href=\"https:\/\/carselect.touring.be\/fr\/acheter-une-voiture\/\" class=\"button success\"  >\n\t\t<span>D\u00e9couvrez<\/span>\n\t<\/a>\n\n\n\n              <\/div>\n           <\/div>\n                            \n<style>\n#text-box-1963918840 {\n  width: 35%;\n}\n#text-box-1963918840 .text-box-content {\n  font-size: 100%;\n}\n<\/style>\n    <\/div>\n \n\n        <\/div>\n      <\/div>\n\n            \n<style>\n#banner-1680996399 {\n  padding-top: 250px;\n}\n#banner-1680996399 .banner-bg img {\n  object-position: 22% 0%;\n}\n<\/style>\n  <\/div>\n\n\n\n\t\t<\/div>\n\t\t\t\t\t<\/div>\n\n\t\n\n<\/div>\n\n\t\t<\/div>\n\n\t\t\n<style>\n#section_854116185 {\n  padding-top: 0px;\n  padding-bottom: 0px;\n}\n<\/style>\n\t<\/section>\n\t\n\n\n\n<p><\/p>\n\n\n\n<div class=\"row row-full-width align-middle align-center legalTextContainer representativeExampleBanner qa-testid-representative-banner-fr\"  id=\"row-1971390591\">\r\n\r\n\n\t<div id=\"col-1973103785\" class=\"col text-container representative-example-container small-12 large-12\"  >\n\t\t\t\t<div class=\"col-inner\"  >\n\t\t\t\n\t\t\t\r\n\r\n<div class=\"legal-text-title\">Attention, emprunter de l\u2019argent co\u00fbte aussi de l\u2019argent.<\/div>\r\n<div class=\"legal-text-content mt-half\">\r\n<p>\r\nExemple repr\u00e9sentatif \u2013 Cr\u00e9dit ballon : <b>Pr\u00eat \u00e0 temp\u00e9rament avec derni\u00e8re mensualit\u00e9 major\u00e9e<\/b>. Montant du cr\u00e9dit : \u20ac 35.002,79. Acompte (facultatif) : \u20ac 0. Prix comptant: \u20ac 35.002,79. <b>TAEG (Taux Annuel Effectif Global)<\/b> de <b>5,99 %<\/b>, taux d\u00e9biteur annuel <b>fixe<\/b> : 5,99 %. Dur\u00e9e du cr\u00e9dit : <b>60 mois<\/b>. Remboursable en 59 mensualit\u00e9s de <b>\u20ac 522,81<\/b>. Derni\u00e8re mensualit\u00e9 major\u00e9e : <b>\u20ac 11.023,64<\/b>. Montant total d\u00fb : \u20ac 41.869,16.\r\n      <\/p>\r\n<p>\r\n        Exemple repr\u00e9sentatif \u2013 Cr\u00e9dit classique : <b>Pr\u00eat \u00e0 temp\u00e9rament<\/b>. Montant du cr\u00e9dit : \u20ac 35.002,79. Acompte (facultatif) : \u20ac 0. Prix comptant : \u20ac 35.002,79. <b>TAEG (Taux Annuel Effectif Global)<\/b> de <b>5,99 %<\/b>, taux d\u00e9biteur annuel <b>fixe<\/b>: 5,99 %. Dur\u00e9e de <b>60 mois<\/b>. Remboursable en 60 mensualit\u00e9s de <b>\u20ac 673,96<\/b>. Montant total d\u00fb : \u20ac 40.437,85.\r\n      <\/p>\r\n<p>\r\n        Sous r\u00e9serve d\u2019acceptation de votre demande de cr\u00e9dit par Alpha Credit s.a., pr\u00eateur, Montagne du Parc 8\/3, 1000 Bruxelles, TVA BE 0445.781.316, RPM Bruxelles. Annonceur : TCS Mobility S.A., agent \u00e0 titre accessoire, Boulevard Albert II 4, B12, 1000 Bruxelles, TVA BE 1003.765.106, BE93 0019 6639 0767, RPM Bruxelles. La souscription d\u2019un pr\u00eat \u00e0 temp\u00e9rament est soumise \u00e0 la l\u00e9gislation relative au cr\u00e9dit \u00e0 la consommation, et plus sp\u00e9cifiquement au livre VII du Code de droit \u00e9conomique.\r\n      <\/p>\r\n<\/div>\r\n\r\n\r\n\t\t<\/div>\n\t\t\t\t\t<\/div>\n\n\t\r\n\n\t<div id=\"col-3267224\" class=\"col text-container ilustrative-example-container small-12 large-12\"  >\n\t\t\t\t<div class=\"col-inner\"  >\n\t\t\t\n\t\t\t\r\n\r\n<div class=\"legal-text-title\">Attention, emprunter de l\u2019argent co\u00fbte aussi de l\u2019argent.<\/div>\r\n<div class=\"legal-text-content mt-half\">\r\n<p class=\"balloon-financing\">Exemple illustratif \u2013 Cr\u00e9dit ballon : Pr\u00eat \u00e0 temp\u00e9rament avec derni\u00e8re mensualit\u00e9 major\u00e9e. Montant du cr\u00e9dit : \u20ac\u00a0<span id=\"balloon-loan-amount\">35.002,79<\/span>. Acompte (facultatif) : \u20ac\u00a00. Prix comptant: \u20ac\u00a0<span id=\"balloon-price\">35.002,79<\/span>. TAEG (Taux Annuel Effectif Global) de <span id=\"balloon-jkp\">5,99<\/span> %, taux d\u00e9biteur annuel fixe : <span id=\"balloon-interest-rate\">5,99<\/span> %. Dur\u00e9e du cr\u00e9dit : <span id=\"balloon-number-of-months\">60<\/span> mois. Remboursable en <span id=\"balloon-lower-rate-number-of-months\">59<\/span> mensualit\u00e9s de \u20ac\u00a0<span id=\"balloon-rate-per-month\">522,81<\/span>. Derni\u00e8re mensualit\u00e9 major\u00e9e : \u20ac\u00a0<span id=\"balloon-residual-value\">11.023,64<\/span>. Montant total d\u00fb : \u20ac\u00a0<span id=\"balloon-total-financing-cost\">41.869,16<\/span>.<\/p>\r\n<p class=\"classic-financing\">Exemple illustratif \u2013 Cr\u00e9dit classique : Pr\u00eat \u00e0 temp\u00e9rament. Montant du cr\u00e9dit : \u20ac\u00a0<span id=\"classic-loan-amount\">35.002,79<\/span>. Acompte (facultatif) : \u20ac\u00a00. Prix comptant : \u20ac\u00a0<span id=\"classic-price\">35.002,79<\/span>. TAEG (Taux Annuel Effectif Global) de <span id=\"classic-jkp\">5,99<\/span> %, taux d\u00e9biteur annuel fixe: <span id=\"classic-interest-rate\">5,99<\/span> %. Dur\u00e9e de <span id=\"classic-number-of-months\">60<\/span> mois. Remboursable en 60 mensualit\u00e9s de \u20ac\u00a0<span id=\"classic-rate-per-month\">673,96<\/span>. Montant total d\u00fb : \u20ac\u00a0<span id=\"classic-total-financing-cost\">40.437,85<\/span>.<\/p>\r\n<\/div>\r\n\r\n\r\n\t\t<\/div>\n\t\t\t\t\t<\/div>\n\n\t\r\n\n\t<div id=\"col-1369115726\" class=\"col buttons-container small-12 large-12\"  >\n\t\t\t\t<div class=\"col-inner\"  >\n\t\t\t\n\t\t\t\r\n\r\n<a class=\"button success lowercase hideLegalText\"  >\n\t\t<span>Fermer<\/span>\n\t<\/a>\n\r\n\r\n<a href=\"\/fr\/blog\/choisir-la-meilleure-couleur-des-voiture-pour-votre-style\/\" class=\"button white lowercase more-info hidden\"  >\n\t\t<span>Plus d\u2019infos<\/span>\n\t<\/a>\n\r\n\r\n\r\n\t\t<\/div>\n\t\t\t\t\t<\/div>\n\n\t\r\n\r\n<\/div>\n\n\n","protected":false},"excerpt":{"rendered":"<p>D\u00e9couvrez tout ce qu&rsquo;il faut savoir sur la taxe de circulation : conseils pratiques et astuces pour mieux g\u00e9rer vos obligations fiscales. Lisez l&rsquo;article !<\/p>\n","protected":false},"author":28,"featured_media":13607,"comment_status":"closed","ping_status":"open","sticky":false,"template":"","format":"standard","meta":{"footnotes":""},"categories":[75],"tags":[],"class_list":["post-13601","post","type-post","status-publish","format-standard","has-post-thumbnail","hentry","category-conseils"],"yoast_head":"<!-- This site is optimized with the Yoast SEO Premium plugin v24.0 (Yoast SEO v24.0) - https:\/\/yoast.com\/wordpress\/plugins\/seo\/ -->\n<title>Comprendre la taxe de circulation en Belgique - Touring Dealer<\/title>\n<meta name=\"description\" content=\"Tout sur la taxe de circulation : infos cl\u00e9s, conseils utiles et astuces pour mieux g\u00e9rer vos d\u00e9marches fiscales. Cliquez pour tout savoir !\" \/>\n<meta name=\"robots\" content=\"index, follow, max-snippet:-1, max-image-preview:large, max-video-preview:-1\" \/>\n<link rel=\"canonical\" href=\"https:\/\/carselect.touring.be\/fr\/blog\/comprendre-la-taxe-de-circulation-en-belgique\/\" \/>\n<meta property=\"og:locale\" content=\"fr_FR\" \/>\n<meta property=\"og:type\" content=\"article\" \/>\n<meta property=\"og:title\" content=\"Comprendre la taxe de circulation en Belgique\" \/>\n<meta property=\"og:description\" content=\"Tout sur la taxe de circulation : infos cl\u00e9s, conseils utiles et astuces pour mieux g\u00e9rer vos d\u00e9marches fiscales. Cliquez pour tout savoir !\" \/>\n<meta property=\"og:url\" content=\"https:\/\/carselect.touring.be\/fr\/blog\/comprendre-la-taxe-de-circulation-en-belgique\/\" \/>\n<meta property=\"og:site_name\" content=\"Touring Dealer\" \/>\n<meta property=\"article:published_time\" content=\"2025-04-15T19:14:48+00:00\" \/>\n<meta property=\"article:modified_time\" content=\"2025-10-24T07:30:19+00:00\" \/>\n<meta property=\"og:image\" content=\"https:\/\/carselect.touring.be\/wp-content\/uploads\/2025\/04\/taxe-de-circulation.jpg\" \/>\n\t<meta property=\"og:image:width\" content=\"1000\" \/>\n\t<meta property=\"og:image:height\" content=\"666\" \/>\n\t<meta property=\"og:image:type\" content=\"image\/jpeg\" \/>\n<meta name=\"author\" content=\"Storme Wouter\" \/>\n<meta name=\"twitter:card\" content=\"summary_large_image\" \/>\n<meta name=\"twitter:label1\" content=\"\u00c9crit par\" \/>\n\t<meta name=\"twitter:data1\" content=\"Storme Wouter\" \/>\n\t<meta name=\"twitter:label2\" content=\"Dur\u00e9e de lecture est.\" \/>\n\t<meta name=\"twitter:data2\" content=\"13 minutes\" \/>\n<script type=\"application\/ld+json\" class=\"yoast-schema-graph\">{\"@context\":\"https:\/\/schema.org\",\"@graph\":[{\"@type\":\"Article\",\"@id\":\"https:\/\/carselect.touring.be\/fr\/blog\/comprendre-la-taxe-de-circulation-en-belgique\/#article\",\"isPartOf\":{\"@id\":\"https:\/\/carselect.touring.be\/fr\/blog\/comprendre-la-taxe-de-circulation-en-belgique\/\"},\"author\":{\"name\":\"Storme Wouter\",\"@id\":\"https:\/\/carselect.touring.be\/fr\/#\/schema\/person\/ac266868402e795f000a152b0f4fd4d8\"},\"headline\":\"Comprendre la taxe de circulation en Belgique\",\"datePublished\":\"2025-04-15T19:14:48+00:00\",\"dateModified\":\"2025-10-24T07:30:19+00:00\",\"mainEntityOfPage\":{\"@id\":\"https:\/\/carselect.touring.be\/fr\/blog\/comprendre-la-taxe-de-circulation-en-belgique\/\"},\"wordCount\":2993,\"publisher\":{\"@id\":\"https:\/\/carselect.touring.be\/fr\/#organization\"},\"image\":{\"@id\":\"https:\/\/carselect.touring.be\/fr\/blog\/comprendre-la-taxe-de-circulation-en-belgique\/#primaryimage\"},\"thumbnailUrl\":\"\/wp-content\/uploads\/2025\/04\/taxe-de-circulation.jpg\",\"articleSection\":[\"Conseils\"],\"inLanguage\":\"fr-BE\"},{\"@type\":\"WebPage\",\"@id\":\"https:\/\/carselect.touring.be\/fr\/blog\/comprendre-la-taxe-de-circulation-en-belgique\/\",\"url\":\"https:\/\/carselect.touring.be\/fr\/blog\/comprendre-la-taxe-de-circulation-en-belgique\/\",\"name\":\"Comprendre la taxe de circulation en Belgique - Touring Dealer\",\"isPartOf\":{\"@id\":\"https:\/\/carselect.touring.be\/fr\/#website\"},\"primaryImageOfPage\":{\"@id\":\"https:\/\/carselect.touring.be\/fr\/blog\/comprendre-la-taxe-de-circulation-en-belgique\/#primaryimage\"},\"image\":{\"@id\":\"https:\/\/carselect.touring.be\/fr\/blog\/comprendre-la-taxe-de-circulation-en-belgique\/#primaryimage\"},\"thumbnailUrl\":\"\/wp-content\/uploads\/2025\/04\/taxe-de-circulation.jpg\",\"datePublished\":\"2025-04-15T19:14:48+00:00\",\"dateModified\":\"2025-10-24T07:30:19+00:00\",\"description\":\"Tout sur la taxe de circulation : infos cl\u00e9s, conseils utiles et astuces pour mieux g\u00e9rer vos d\u00e9marches fiscales. Cliquez pour tout savoir !\",\"breadcrumb\":{\"@id\":\"https:\/\/carselect.touring.be\/fr\/blog\/comprendre-la-taxe-de-circulation-en-belgique\/#breadcrumb\"},\"inLanguage\":\"fr-BE\",\"potentialAction\":[{\"@type\":\"ReadAction\",\"target\":[\"https:\/\/carselect.touring.be\/fr\/blog\/comprendre-la-taxe-de-circulation-en-belgique\/\"]}]},{\"@type\":\"ImageObject\",\"inLanguage\":\"fr-BE\",\"@id\":\"https:\/\/carselect.touring.be\/fr\/blog\/comprendre-la-taxe-de-circulation-en-belgique\/#primaryimage\",\"url\":\"\/wp-content\/uploads\/2025\/04\/taxe-de-circulation.jpg\",\"contentUrl\":\"\/wp-content\/uploads\/2025\/04\/taxe-de-circulation.jpg\",\"width\":1000,\"height\":666,\"caption\":\"taxe de circulation belgique\"},{\"@type\":\"BreadcrumbList\",\"@id\":\"https:\/\/carselect.touring.be\/fr\/blog\/comprendre-la-taxe-de-circulation-en-belgique\/#breadcrumb\",\"itemListElement\":[{\"@type\":\"ListItem\",\"position\":1,\"name\":\"Home\",\"item\":\"https:\/\/carselect.touring.be\/fr\/\"},{\"@type\":\"ListItem\",\"position\":2,\"name\":\"Comprendre la taxe de circulation en Belgique\"}]},{\"@type\":\"WebSite\",\"@id\":\"https:\/\/carselect.touring.be\/fr\/#website\",\"url\":\"https:\/\/carselect.touring.be\/fr\/\",\"name\":\"Touring CarSelect\",\"description\":\"\",\"publisher\":{\"@id\":\"https:\/\/carselect.touring.be\/fr\/#organization\"},\"potentialAction\":[{\"@type\":\"SearchAction\",\"target\":{\"@type\":\"EntryPoint\",\"urlTemplate\":\"https:\/\/carselect.touring.be\/fr\/?s={search_term_string}\"},\"query-input\":{\"@type\":\"PropertyValueSpecification\",\"valueRequired\":true,\"valueName\":\"search_term_string\"}}],\"inLanguage\":\"fr-BE\"},{\"@type\":\"Organization\",\"@id\":\"https:\/\/carselect.touring.be\/fr\/#organization\",\"name\":\"Touring CarSelect\",\"url\":\"https:\/\/carselect.touring.be\/fr\/\",\"logo\":{\"@type\":\"ImageObject\",\"inLanguage\":\"fr-BE\",\"@id\":\"https:\/\/carselect.touring.be\/fr\/#\/schema\/logo\/image\/\",\"url\":\"\/wp-content\/uploads\/2024\/04\/Touring-Car-Select-Logo.png\",\"contentUrl\":\"\/wp-content\/uploads\/2024\/04\/Touring-Car-Select-Logo.png\",\"width\":154,\"height\":53,\"caption\":\"Touring CarSelect\"},\"image\":{\"@id\":\"https:\/\/carselect.touring.be\/fr\/#\/schema\/logo\/image\/\"}},{\"@type\":\"Person\",\"@id\":\"https:\/\/carselect.touring.be\/fr\/#\/schema\/person\/ac266868402e795f000a152b0f4fd4d8\",\"name\":\"Storme Wouter\",\"image\":{\"@type\":\"ImageObject\",\"inLanguage\":\"fr-BE\",\"@id\":\"https:\/\/carselect.touring.be\/fr\/#\/schema\/person\/image\/\",\"url\":\"https:\/\/secure.gravatar.com\/avatar\/84473de8cbf4200af853908f03b9ea9e?s=96&d=mm&r=g\",\"contentUrl\":\"https:\/\/secure.gravatar.com\/avatar\/84473de8cbf4200af853908f03b9ea9e?s=96&d=mm&r=g\",\"caption\":\"Storme Wouter\"},\"url\":\"https:\/\/carselect.touring.be\/fr\/blog\/author\/storme-wouter\/\"}]}<\/script>\n<!-- \/ Yoast SEO Premium plugin. -->","yoast_head_json":{"title":"Comprendre la taxe de circulation en Belgique - Touring Dealer","description":"Tout sur la taxe de circulation : infos cl\u00e9s, conseils utiles et astuces pour mieux g\u00e9rer vos d\u00e9marches fiscales. Cliquez pour tout savoir !","robots":{"index":"index","follow":"follow","max-snippet":"max-snippet:-1","max-image-preview":"max-image-preview:large","max-video-preview":"max-video-preview:-1"},"canonical":"https:\/\/carselect.touring.be\/fr\/blog\/comprendre-la-taxe-de-circulation-en-belgique\/","og_locale":"fr_FR","og_type":"article","og_title":"Comprendre la taxe de circulation en Belgique","og_description":"Tout sur la taxe de circulation : infos cl\u00e9s, conseils utiles et astuces pour mieux g\u00e9rer vos d\u00e9marches fiscales. Cliquez pour tout savoir !","og_url":"https:\/\/carselect.touring.be\/fr\/blog\/comprendre-la-taxe-de-circulation-en-belgique\/","og_site_name":"Touring Dealer","article_published_time":"2025-04-15T19:14:48+00:00","article_modified_time":"2025-10-24T07:30:19+00:00","og_image":[{"width":1000,"height":666,"url":"https:\/\/carselect.touring.be\/wp-content\/uploads\/2025\/04\/taxe-de-circulation.jpg","type":"image\/jpeg"}],"author":"Storme Wouter","twitter_card":"summary_large_image","twitter_misc":{"\u00c9crit par":"Storme Wouter","Dur\u00e9e de lecture est.":"13 minutes"},"schema":{"@context":"https:\/\/schema.org","@graph":[{"@type":"Article","@id":"https:\/\/carselect.touring.be\/fr\/blog\/comprendre-la-taxe-de-circulation-en-belgique\/#article","isPartOf":{"@id":"https:\/\/carselect.touring.be\/fr\/blog\/comprendre-la-taxe-de-circulation-en-belgique\/"},"author":{"name":"Storme Wouter","@id":"https:\/\/carselect.touring.be\/fr\/#\/schema\/person\/ac266868402e795f000a152b0f4fd4d8"},"headline":"Comprendre la taxe de circulation en Belgique","datePublished":"2025-04-15T19:14:48+00:00","dateModified":"2025-10-24T07:30:19+00:00","mainEntityOfPage":{"@id":"https:\/\/carselect.touring.be\/fr\/blog\/comprendre-la-taxe-de-circulation-en-belgique\/"},"wordCount":2993,"publisher":{"@id":"https:\/\/carselect.touring.be\/fr\/#organization"},"image":{"@id":"https:\/\/carselect.touring.be\/fr\/blog\/comprendre-la-taxe-de-circulation-en-belgique\/#primaryimage"},"thumbnailUrl":"\/wp-content\/uploads\/2025\/04\/taxe-de-circulation.jpg","articleSection":["Conseils"],"inLanguage":"fr-BE"},{"@type":"WebPage","@id":"https:\/\/carselect.touring.be\/fr\/blog\/comprendre-la-taxe-de-circulation-en-belgique\/","url":"https:\/\/carselect.touring.be\/fr\/blog\/comprendre-la-taxe-de-circulation-en-belgique\/","name":"Comprendre la taxe de circulation en Belgique - Touring Dealer","isPartOf":{"@id":"https:\/\/carselect.touring.be\/fr\/#website"},"primaryImageOfPage":{"@id":"https:\/\/carselect.touring.be\/fr\/blog\/comprendre-la-taxe-de-circulation-en-belgique\/#primaryimage"},"image":{"@id":"https:\/\/carselect.touring.be\/fr\/blog\/comprendre-la-taxe-de-circulation-en-belgique\/#primaryimage"},"thumbnailUrl":"\/wp-content\/uploads\/2025\/04\/taxe-de-circulation.jpg","datePublished":"2025-04-15T19:14:48+00:00","dateModified":"2025-10-24T07:30:19+00:00","description":"Tout sur la taxe de circulation : infos cl\u00e9s, conseils utiles et astuces pour mieux g\u00e9rer vos d\u00e9marches fiscales. Cliquez pour tout savoir !","breadcrumb":{"@id":"https:\/\/carselect.touring.be\/fr\/blog\/comprendre-la-taxe-de-circulation-en-belgique\/#breadcrumb"},"inLanguage":"fr-BE","potentialAction":[{"@type":"ReadAction","target":["https:\/\/carselect.touring.be\/fr\/blog\/comprendre-la-taxe-de-circulation-en-belgique\/"]}]},{"@type":"ImageObject","inLanguage":"fr-BE","@id":"https:\/\/carselect.touring.be\/fr\/blog\/comprendre-la-taxe-de-circulation-en-belgique\/#primaryimage","url":"\/wp-content\/uploads\/2025\/04\/taxe-de-circulation.jpg","contentUrl":"\/wp-content\/uploads\/2025\/04\/taxe-de-circulation.jpg","width":1000,"height":666,"caption":"taxe de circulation belgique"},{"@type":"BreadcrumbList","@id":"https:\/\/carselect.touring.be\/fr\/blog\/comprendre-la-taxe-de-circulation-en-belgique\/#breadcrumb","itemListElement":[{"@type":"ListItem","position":1,"name":"Home","item":"https:\/\/carselect.touring.be\/fr\/"},{"@type":"ListItem","position":2,"name":"Comprendre la taxe de circulation en Belgique"}]},{"@type":"WebSite","@id":"https:\/\/carselect.touring.be\/fr\/#website","url":"https:\/\/carselect.touring.be\/fr\/","name":"Touring CarSelect","description":"","publisher":{"@id":"https:\/\/carselect.touring.be\/fr\/#organization"},"potentialAction":[{"@type":"SearchAction","target":{"@type":"EntryPoint","urlTemplate":"https:\/\/carselect.touring.be\/fr\/?s={search_term_string}"},"query-input":{"@type":"PropertyValueSpecification","valueRequired":true,"valueName":"search_term_string"}}],"inLanguage":"fr-BE"},{"@type":"Organization","@id":"https:\/\/carselect.touring.be\/fr\/#organization","name":"Touring CarSelect","url":"https:\/\/carselect.touring.be\/fr\/","logo":{"@type":"ImageObject","inLanguage":"fr-BE","@id":"https:\/\/carselect.touring.be\/fr\/#\/schema\/logo\/image\/","url":"\/wp-content\/uploads\/2024\/04\/Touring-Car-Select-Logo.png","contentUrl":"\/wp-content\/uploads\/2024\/04\/Touring-Car-Select-Logo.png","width":154,"height":53,"caption":"Touring CarSelect"},"image":{"@id":"https:\/\/carselect.touring.be\/fr\/#\/schema\/logo\/image\/"}},{"@type":"Person","@id":"https:\/\/carselect.touring.be\/fr\/#\/schema\/person\/ac266868402e795f000a152b0f4fd4d8","name":"Storme Wouter","image":{"@type":"ImageObject","inLanguage":"fr-BE","@id":"https:\/\/carselect.touring.be\/fr\/#\/schema\/person\/image\/","url":"https:\/\/secure.gravatar.com\/avatar\/84473de8cbf4200af853908f03b9ea9e?s=96&d=mm&r=g","contentUrl":"https:\/\/secure.gravatar.com\/avatar\/84473de8cbf4200af853908f03b9ea9e?s=96&d=mm&r=g","caption":"Storme Wouter"},"url":"https:\/\/carselect.touring.be\/fr\/blog\/author\/storme-wouter\/"}]}},"_links":{"self":[{"href":"https:\/\/carselect.touring.be\/fr\/wp-json\/wp\/v2\/posts\/13601","targetHints":{"allow":["GET"]}}],"collection":[{"href":"https:\/\/carselect.touring.be\/fr\/wp-json\/wp\/v2\/posts"}],"about":[{"href":"https:\/\/carselect.touring.be\/fr\/wp-json\/wp\/v2\/types\/post"}],"author":[{"embeddable":true,"href":"https:\/\/carselect.touring.be\/fr\/wp-json\/wp\/v2\/users\/28"}],"replies":[{"embeddable":true,"href":"https:\/\/carselect.touring.be\/fr\/wp-json\/wp\/v2\/comments?post=13601"}],"version-history":[{"count":5,"href":"https:\/\/carselect.touring.be\/fr\/wp-json\/wp\/v2\/posts\/13601\/revisions"}],"predecessor-version":[{"id":14366,"href":"https:\/\/carselect.touring.be\/fr\/wp-json\/wp\/v2\/posts\/13601\/revisions\/14366"}],"wp:featuredmedia":[{"embeddable":true,"href":"https:\/\/carselect.touring.be\/fr\/wp-json\/wp\/v2\/media\/13607"}],"wp:attachment":[{"href":"https:\/\/carselect.touring.be\/fr\/wp-json\/wp\/v2\/media?parent=13601"}],"wp:term":[{"taxonomy":"category","embeddable":true,"href":"https:\/\/carselect.touring.be\/fr\/wp-json\/wp\/v2\/categories?post=13601"},{"taxonomy":"post_tag","embeddable":true,"href":"https:\/\/carselect.touring.be\/fr\/wp-json\/wp\/v2\/tags?post=13601"}],"curies":[{"name":"wp","href":"https:\/\/api.w.org\/{rel}","templated":true}]}}