{"id":13329,"date":"2025-03-24T22:48:07","date_gmt":"2025-03-24T21:48:07","guid":{"rendered":"https:\/\/carselect.touring.be\/blog\/vignette-autriche-2025-voyagez-sans-souci-au-dela-de-la-frontiere\/"},"modified":"2025-07-10T08:49:14","modified_gmt":"2025-07-10T06:49:14","slug":"vignette-autriche-2025-voyagez-sans-souci-au-dela-de-la-frontiere","status":"publish","type":"post","link":"https:\/\/carselect.touring.be\/fr\/blog\/vignette-autriche-2025-voyagez-sans-souci-au-dela-de-la-frontiere\/","title":{"rendered":"Vignette Autriche 2025 : Voyagez sans souci au-del\u00e0 de la fronti\u00e8re !"},"content":{"rendered":"\n\n\n<style>\n.banner-carousel div[class$=\"-banner\"] {\n  display: none;\n}\n\n.banner-carousel div[class$=\"-banner\"]:first-child,\n.banner-carousel.flickity-enabled div[class$=\"-banner\"] {\n  display: inline-flex;\n} \n\n  .roadside-margin-top {\n    margin-top: 0px;\n  }\n\n  .roadside-margin-top-stock {\n    margin-top: 24px;\n  }\n\n  .roadside-assistance-banner {\n    background-color: #E4EDF4;\n    color: var(--primary-color);\n    text-align: center;\n    height: 56px;\n    font-weight: bold;\n    position: static;\n    box-shadow: rgba(0, 0, 0, 0.15) 1px 1px 10px;\n  }\n\n  .roadside-assistance-banner img {\n    height: 30px;\n  }\n\n  .roadside-assistance-banner .full-banner-button {\n    color: var(--primary-color);\n    cursor: pointer;\n    display: inline-flex;\n    align-items: center;\n    justify-content: center;\n    height: 56px;\n  }\n\n.banner-carousel-container .quality-check-banner, \n.banner-carousel-container  .roadside-banner, \n.banner-carousel-container .stock-banner {\n    color: var(--primary-color);\n    display: inline-flex;\n    align-items: center;\n    justify-content: center;\n    height: 56px;\n  }\n\n  .roadside-assistance-banner.mobile-only .banner-text {\n    padding-right: 8px;\n    padding-left: 8px;\n    margin: 0px;\n  }\n\n  .roadside-assistance-banner .banner-text {\n    font-weight: bold;\n    margin-right: 24px;\n    margin-left: 8px;\n    font-size: 18px;\n  }\n\n  .roadside-assistance-banner.desktop-only {\n    height: 56px;\n    line-height: 56px;\n    width: 100%;\n  }\n  \n  .more-info-button {\n    color: white;\n    background-color: var(--primary-color);\n    padding: 6px 10px;\n    cursor: pointer;\n    border-radius: 5px;\n  }\n\n  .more-info-button:hover, .blog-single a:focus {\n    color: white!important;\n  }\n\n  .roadside-assistance-popup .roadside-assistance-title {\n    text-align: center;\n    margin-bottom: 8px; line-height: 15px;\n  }\n\n .roadside-assistance-popup .roadside-assistance-list {\n    display: flex;\n    flex-direction: column;\n    font-size: 16px;\n  }\n\n .roadside-assistance-popup .roadside-assistance-item {\n    display: flex;\n    align-items: baseline;\n    position: relative;\n    margin-bottom: 10px;\n  }\n\n .roadside-assistance-popup .roadside-assistance-circle {\n    width: 20px;\n    min-width: 20px;\n    height: 20px;\n    border-radius: 50%;\n    background-color: var(--primary-color);\n    display: flex;\n    justify-content: center;\n    align-items: center;\n    font-weight: bold;\n    position: relative;\n    color: white;\n  }\n\n .roadside-assistance-popup .roadside-assistance-text {\n    margin-left: 8px;\n    color: var(--primary-color);\n    line-height: 16px;\n  }\n\n .roadside-assistance-popup .roadside-assistance-item:not(:last-child)::before {\n    content: \"\";\n    position: absolute;\n    width: 1px;\n    height: 28px;\n    background-color: var(--primary-color);\n    left: 10px;\n    top: 20px;\n  }\n\n .roadside-assistance-popup .roadside-assistance-item:nth-child(3)::after {\n    content: \"\";\n    position: absolute;\n    left: 7px;\n    top: 40px;\n    border: solid var(--primary-color);\n    border-width: 0 1px 1px 0;\n    padding: 3px;\n    transform: rotate(45deg);\n    -webkit-transform: rotate(45deg);\n  }\n\n  .roadside-assistance-popup .roadside-assistance-item:last-child {\n    padding-top: 20px;\n  }\n\n  .roadside-assistance-popup .roadside-assistance-item:last-child .roadside-assistance-circle {\n    padding-top: 1px;\n    background-color: #08ccb4;\n    color: white;\n  }\n\n  .roadside-assistance-popup .roadside-assistance-sublist {\n    color:var(--primary-color);\n    font-size: 16px;\n    padding-left: 28px;\n  }\n\n  .roadside-assistance-popup .roadside-assistance-sublist .checkmark {\n    color: var(--primary-color);\n  }\n\n  .roadside-assistance-popup.lightbox-content {\n    background-color: unset;\n    box-shadow: unset;\n  }\n\n  .roadside-assistance-popup .dialog-container > .col-inner {\n    box-shadow: 3px 3px 20px 0 rgba(0, 0, 0, .15);\n  }\n\n  @media only screen and (max-width: 800px) {\n    .roadside-assistance-banner {\n      z-index: 1000;\n    }\n\n    .roadside-assistance-banner.mobile-only {\n      display: block !important;\n    }\n\n    .roadside-assistance-banner.desktop-only {\n      display: none;\n    }\n  }\n\n  @media only screen and (min-width: 801px) {\n    .roadside-assistance-banner {\n      z-index: 8;\n    }\n\n    .roadside-assistance-banner.mobile-only {\n      display: none;\n    }\n\n    .roadside-assistance-banner.desktop-only {\n      display: block;\n    }\n  }\n\n  @media only screen and (max-width: 548px) {\n    #stock-general .stock-general__header-order--3 {\n      margin-top: 12px;\n    }\n  }\n  .roadside-assistance-popup .service-link.button.close {\n    font-size: 16px;\n    margin-left: 8px;\n  }\n\n  .roadside-assistance-popup .car-item-detail {\n    align-items: center;\n  }\n\n  .article-text, .default-text  {\n    display: none;\n  }\n\n  @media only screen and (max-width: 500px) {\n    .roadside-assistance-banner.mobile-only .banner-text {\n      font-size: 14px;\n      line-height: 16px;\n    }\n  }\n\n  @media only screen and (max-width: 405px) {\n    .roadside-assistance-banner.mobile-only .article-text {\n      width: 75%;\n    }\n  }\n\n  .roadside-assistance-banner.mobile-only img {\n    margin-left: 8px;\n  }\n\n  article .roadside-assistance-banner {\n    width: 100vw !important;\n    margin-left: calc(50% - 50vw);\n  }\n<\/style>\n\n\n\n<div class=\"roadside-assistance-banner desktop-only banner-carousel-container\"> \n  <div class=\"banner-carousel\">\n    <div class=\"quality-check-banner\">\n<svg width=\"24\" height=\"24\" viewBox=\"0 0 24 24\" fill=\"none\" xmlns=\"http:\/\/www.w3.org\/2000\/svg\">\n<path d=\"M4 12.5L9.5 17L19 7\" stroke=\"#00418c\" stroke-width=\"2.5\" stroke-linecap=\"round\" stroke-linejoin=\"round\"\/>\n<\/svg>\n      <span class=\"banner-text\">\nContr\u00f4les de qualit\u00e9 par Touring\n      <\/span>\n    <\/div>\n    <div class=\"roadside-banner\">\n<svg width=\"24\" height=\"24\" viewBox=\"0 0 24 24\" fill=\"none\" xmlns=\"http:\/\/www.w3.org\/2000\/svg\">\n<path d=\"M4 12.5L9.5 17L19 7\" stroke=\"#00418c\" stroke-width=\"2.5\" stroke-linecap=\"round\" stroke-linejoin=\"round\"\/>\n<\/svg>\n      <span class=\"banner-text default-text\">\n12 mois de d\u00e9pannage offerts\n      <\/span>\n      <span class=\"banner-text article-text\">\nD\u00e9couvrez notre large stock de voitures d\u2019occasion fiables\n      <\/span>\n    <\/div>\n    <div class=\"stock-banner\">\n<svg width=\"24\" height=\"24\" viewBox=\"0 0 24 24\" fill=\"none\" xmlns=\"http:\/\/www.w3.org\/2000\/svg\">\n<path d=\"M4 12.5L9.5 17L19 7\" stroke=\"#00418c\" stroke-width=\"2.5\" stroke-linecap=\"round\" stroke-linejoin=\"round\"\/>\n<\/svg>\n      <span class=\"banner-text\">\n<span class=\"stock-count\">0<\/span> voitures disponibles\n      <\/span>\n    <\/div>\n  <\/div>\n<\/div>\n\n\n\n<div class=\"roadside-assistance-banner mobile-only banner-carousel-container\"> \n  <div class=\"banner-carousel\">\n    <div class=\"quality-check-banner\">\n<svg width=\"24\" height=\"24\" viewBox=\"0 0 24 24\" fill=\"none\" xmlns=\"http:\/\/www.w3.org\/2000\/svg\">\n<path d=\"M4 12.5L9.5 17L19 7\" stroke=\"#00418c\" stroke-width=\"2.5\" stroke-linecap=\"round\" stroke-linejoin=\"round\"\/>\n<\/svg>\n      <span class=\"banner-text\">\nContr\u00f4les de qualit\u00e9 par Touring\n      <\/span>\n    <\/div>\n    <div class=\"roadside-banner\">\n<svg width=\"24\" height=\"24\" viewBox=\"0 0 24 24\" fill=\"none\" xmlns=\"http:\/\/www.w3.org\/2000\/svg\">\n<path d=\"M4 12.5L9.5 17L19 7\" stroke=\"#00418c\" stroke-width=\"2.5\" stroke-linecap=\"round\" stroke-linejoin=\"round\"\/>\n<\/svg>\n        <span class=\"banner-text default-text\">\n12 mois de d\u00e9pannage offerts\n        <\/span>\n        <span class=\"banner-text article-text\">\nD\u00e9couvrez notre large stock de voitures d\u2019occasion fiables\n        <\/span>\n    <\/div>\n    <div class=\"stock-banner\">\n<svg width=\"24\" height=\"24\" viewBox=\"0 0 24 24\" fill=\"none\" xmlns=\"http:\/\/www.w3.org\/2000\/svg\">\n<path d=\"M4 12.5L9.5 17L19 7\" stroke=\"#00418c\" stroke-width=\"2.5\" stroke-linecap=\"round\" stroke-linejoin=\"round\"\/>\n<\/svg>\n      <span class=\"banner-text\">\n<span class=\"stock-count\">0<\/span> voitures disponibles\n      <\/span>\n    <\/div>\n  <\/div>\n<\/div>\n\n<div class=\"row align-center roadside-assistance-popup lightbox-by-id lightbox-content lightbox-white mfp-hide\"  id=\"row-113586326\">\n\n\n\t<div id=\"col-1484689050\" class=\"col dialog-container medium-6 small-12 large-6\"  >\n\t\t\t\t<div class=\"col-inner\" style=\"background-color:rgb(255, 255, 255);\" >\n\t\t\t\n\t\t\t\n\n\t<div class=\"img has-hover x md-x lg-x y md-y lg-y\" id=\"image_427995937\">\n\t\t\t\t\t\t\t\t<div class=\"img-inner dark\" >\n\t\t\t<img loading=\"lazy\" decoding=\"async\" width=\"1020\" height=\"680\" src=\"\/wp-content\/uploads\/2025\/04\/Touring_221026_3058_NL-1-1024x683.webp\" class=\"attachment-large size-large\" alt=\"Roadside Assistance Banner NL\" srcset=\"\/wp-content\/uploads\/2025\/04\/Touring_221026_3058_NL-1-1024x683.webp 1024w, \/wp-content\/uploads\/2025\/04\/Touring_221026_3058_NL-1-300x200.webp 300w, \/wp-content\/uploads\/2025\/04\/Touring_221026_3058_NL-1-768x512.webp 768w, \/wp-content\/uploads\/2025\/04\/Touring_221026_3058_NL-1-1536x1024.webp 1536w, \/wp-content\/uploads\/2025\/04\/Touring_221026_3058_NL-1-2048x1365.webp 2048w\" sizes=\"auto, (max-width: 1020px) 100vw, 1020px\" \/>\t\t\t\t\t\t\n\t\t\t\t\t<\/div>\n\t\t\t\t\t\t\t\t\n<style>\n#image_427995937 {\n  width: 100%;\n}\n<\/style>\n\t<\/div>\n\t\n\n<div class=\"row\"  id=\"row-1269878476\">\n\n\n\t<div id=\"col-1653548016\" class=\"col small-12 large-12\"  >\n\t\t\t\t<div class=\"col-inner\"  >\n\t\t\t\n\t\t\t\n\n\n\n<p data-text-color=\"primary\" class=\"roadside-assistance-title\">\n  <strong>12 mois d\u2019assistance d\u00e9pannage offerts sur tous les v\u00e9hicules<\/strong>\n<\/p>\n<div class=\"roadside-assistance-list\">\n  <div class=\"roadside-assistance-item\">\n      <div class=\"roadside-assistance-circle\">1<\/div>\n      <div class=\"roadside-assistance-text\">Trouvez votre v\u00e9hicule<\/div>\n  <\/div>\n  <div class=\"roadside-assistance-item\">\n      <div class=\"roadside-assistance-circle\">2<\/div>\n      <div class=\"roadside-assistance-text\">Rendez-vous dans votre concession<\/div>\n  <\/div>\n  <div class=\"roadside-assistance-item\">\n      <div class=\"roadside-assistance-circle\">3<\/div>\n      <div class=\"roadside-assistance-text\">Le vendeur active instantan\u00e9ment votre assistance<\/div>\n  <\/div>\n  <div class=\"roadside-assistance-item\">\n      <div class=\"roadside-assistance-circle\">\u2713<\/div>\n      <div class=\"roadside-assistance-text\"><strong>Profitez de votre assistance pendant 12 mois<\/strong><\/div>\n  <\/div>\n<\/div>\n<div class=\"roadside-assistance-sublist\">\n<div>\n<span class=\"checkmark \">\u2713<\/span>\n<span>Dans toute la Belgique<\/span>\n<\/div>\n<div>\n<span class=\"checkmark \">\u2713<\/span>\n<span>V\u00e9hicule de remplacement<\/span>\n<\/div>\n<\/div>\n\n\n\t\t<\/div>\n\t\t\t\t\t<\/div>\n\n\t\n\n\t<div id=\"col-1558397078\" class=\"col small-12 large-12\"  >\n\t\t\t\t<div class=\"col-inner\"  >\n\t\t\t\n\t\t\t\n\n\n\n<div class=\"car-item-detail d-flex\"> \n         <a href=\"https:\/\/carselect.touring.be\/fr\/services-solutions\/#roadside-assistance\">\n         <div class=\"more-info-button bold\">\n Plus d\u2019information\n         <\/div>\n           <\/a>\n<button class=\"button success lowercase service-link close\">Fermer<\/button>\n      <\/div>\n\n\n\t\t<\/div>\n\t\t\t\t\t<\/div>\n\n\t\n\n\n<style>\n#row-1269878476 > .col > .col-inner {\n  padding: 0px 24px 0px 24px;\n}\n<\/style>\n<\/div>\n\n\t\t<\/div>\n\t\t\t\t\t<\/div>\n\n\t\n\n<\/div>\n\n\n<script>\ndocument.querySelector('.roadside-assistance-popup').setAttribute('id', 'roadside-assistance-popup');\n\ndocument.querySelector('.roadside-assistance-popup .button.close').addEventListener('click', function() {\n$.magnificPopup.close();\n});\n\nif (window.location.pathname.includes(\"blog\")) {\n  const toShow = document.querySelectorAll(\".article-text\");\n  toShow.forEach(el => {\n    el.style.display=\"inline\";\n  });\n} else {\n  const toShow = document.querySelectorAll(\".default-text\");\n  toShow.forEach(el => {\n    el.style.display=\"inline\";\n  });\n}\n<\/script>\n\n\n\n\t<section class=\"section news-details\" id=\"section_1217716923\">\n\t\t<div class=\"section-bg fill\" >\n\t\t\t\t\t\t\t\t\t\n\t\t\t\n\n\t\t<\/div>\n\n\t\t\n\n\t\t<div class=\"section-content relative\">\n\t\t\t\n\n<div class=\"row row-large\"  id=\"row-1637728838\">\n\n\n\t<div id=\"col-339403938\" class=\"col medium-8 small-12 large-8\"  >\n\t\t\t\t<div class=\"col-inner\"  >\n\t\t\t\n\t\t\t\n\n<div class=\"container section-title-container\" ><h1 class=\"section-title section-title-normal\"><b><\/b><span class=\"section-title-main\" >Vignette Autriche 2025 : Voyagez sans souci au-del\u00e0 de la fronti\u00e8re !<\/span><b><\/b><\/h1><\/div>\n\n\n\t\t<\/div>\n\t\t\t\t\n<style>\n#col-339403938 > .col-inner {\n  padding: 0px 0px 0px 0px;\n  margin: 0px 0px 0px 0px;\n}\n<\/style>\n\t<\/div>\n\n\t\n\n\t<div id=\"col-1438013352\" class=\"col small-12 large-12\"  >\n\t\t\t\t<div class=\"col-inner\"  >\n\t\t\t\n\t\t\t\n\n\t<div class=\"img has-hover x md-x lg-x y md-y lg-y\" id=\"image_554770741\">\n\t\t\t\t\t\t\t\t<div class=\"img-inner dark\" >\n\t\t\t<img loading=\"lazy\" decoding=\"async\" width=\"1000\" height=\"667\" src=\"\/wp-content\/uploads\/2025\/03\/vignette-autriche-2025-1.jpg\" class=\"attachment-large size-large\" alt=\"vignette autriche 2025\" srcset=\"\/wp-content\/uploads\/2025\/03\/vignette-autriche-2025-1.jpg 1000w, \/wp-content\/uploads\/2025\/03\/vignette-autriche-2025-1-300x200.jpg 300w, \/wp-content\/uploads\/2025\/03\/vignette-autriche-2025-1-768x512.jpg 768w\" sizes=\"auto, (max-width: 1000px) 100vw, 1000px\" \/>\t\t\t\t\t\t\n\t\t\t\t\t<\/div>\n\t\t\t\t\t\t\t\t\n<style>\n#image_554770741 {\n  width: 100%;\n}\n<\/style>\n\t<\/div>\n\t\n\n\n\t\t<\/div>\n\t\t\t\t\n<style>\n#col-1438013352 > .col-inner {\n  margin: 0px 0px 25px 0px;\n}\n<\/style>\n\t<\/div>\n\n\t\n\n\t<div id=\"col-1677642529\" class=\"col medium-8 small-12 large-8\"  >\n\t\t\t\t<div class=\"col-inner\"  >\n\t\t\t\n\t\t\t\n\n<p>Vous partez en Autriche en 2025, pour des vacances au ski ou un roadtrip ? Alors, la vignette Autriche est obligatoire sur les autoroutes. Heureusement, la vignette est d\u00e9sormais enti\u00e8rement num\u00e9rique : plus besoin d\u2019autocollant sur le pare-brise.<\/p>\n<p>Mais quelle vignette faut-il exactement ? O\u00f9 l\u2019acheter ? Et combien co\u00fbte-t-elle ? Dans cet article, vous d\u00e9couvrez tout sur la vignette num\u00e9rique pour l\u2019Autriche, les amendes \u00e9ventuelles et les sections de routes \u00e0 p\u00e9age suppl\u00e9mentaires, pour traverser la fronti\u00e8re l\u2019esprit tranquille.<\/p>\n<p class=\"p1\"><i>Vous partez plut\u00f4t en direction de la Suisse ? Consultez aussi notre guide complet sur la <\/i><a href=\"https:\/\/carselect.touring.be\/fr\/blog\/vignette-suisse-2025-obligatoire-numerique\/\"><span class=\"s1\"><i>vignette Suisse 2025<\/i><\/span><\/a><\/p>\n<div class=\"container section-title-container\" ><h2 class=\"section-title section-title-normal\"><b><\/b><span class=\"section-title-main\" >Ce qu\u2019il faut savoir pour 2025<\/span><b><\/b><\/h2><\/div>\n\n<ul>\n<li>Le vignette num\u00e9rique Autriche est <strong>imm\u00e9diatement valide<\/strong> apr\u00e8s l\u2019achat et li\u00e9e \u00e9lectroniquement \u00e0 la plaque d&rsquo;immatriculation du v\u00e9hicule. Plus besoin de vignette papier.<\/li>\n<li>La vignette est <strong>obligatoire pour circuler sur les autoroutes et voies rapides autrichiennes.<\/strong> Elle permet d\u2019\u00e9viter les amendes \u00e9lev\u00e9es. Plusieurs formules sont disponibles selon la dur\u00e9e de validit\u00e9 et le type de v\u00e9hicule.<\/li>\n<li>En plus de la vignette,<strong> certaines routes \u00e0 p\u00e9age sp\u00e9ciales<\/strong> n\u00e9cessitent un paiement suppl\u00e9mentaire. Pour les v\u00e9hicules de plus de 3,5 tonnes, une <strong>GO-Box <\/strong>est obligatoire pour r\u00e9gler les frais de p\u00e9age.<\/li>\n<\/ul>\n<div class=\"container section-title-container\" ><h2 class=\"section-title section-title-normal\"><b><\/b><span class=\"section-title-main\" >Qu\u2019est-ce qu\u2019une vignette num\u00e9rique pour l\u2019Autriche ?<\/span><b><\/b><\/h2><\/div>\n\n<p>Une vignette num\u00e9rique pour l\u2019Autriche est la version \u00e9lectronique moderne de la traditionnelle vignette autocollante requise pour emprunter les autoroutes et voies rapides autrichiennes. Au lieu d\u2019un autocollant sur le pare-brise, la e-vignette est directement li\u00e9e \u00e0 la plaque d\u2019immatriculation de votre v\u00e9hicule. Cela signifie qu\u2019apr\u00e8s l\u2019achat, elle est imm\u00e9diatement valable \u2013 aucun d\u00e9lai d\u2019attente.  <\/p>\n<p>Ce syst\u00e8me num\u00e9rique pr\u00e9sente de nombreux avantages. En plus d\u2019\u00e9viter d\u2019avoir \u00e0 coller quoi que ce soit sur votre pare-brise, il est plus \u00e9cologique et r\u00e9duit les risques de perte ou de d\u00e9t\u00e9rioration d\u2019une vignette papier. Tout est con\u00e7u pour rendre votre voyage en Autriche plus simple et sans stress.   <\/p>\n<p>Gr\u00e2ce au lien \u00e9lectronique avec votre plaque d\u2019immatriculation, aucun document physique n\u2019est requis. Il suffit de conserver votre preuve d\u2019achat, au cas o\u00f9 vous seriez contr\u00f4l\u00e9. C\u2019est donc une solution rapide, pratique et fiable pour r\u00e9gler les frais de p\u00e9age sur les routes autrichiennes.  <\/p>\n<p>Vous partez en<a href=\"https:\/\/carselect.touring.be\/fr\/blog\/conseils-pour-des-vacances-en-voiture-peages-vignettes-et-couts-du-carburant\/\"> vacances en voiture<\/a> ? Consultez aussi notre article d\u00e9di\u00e9, avec des conseils pratiques et un aper\u00e7u clair pour bien pr\u00e9parer votre trajet.  <\/p>\n<div class=\"container section-title-container\" ><h2 class=\"section-title section-title-normal\"><b><\/b><span class=\"section-title-main\" >Vignette num\u00e9rique Autriche 2025 \u2013 Validit\u00e9 imm\u00e9diate<\/span><b><\/b><\/h2><\/div>\n\n<p>La vignette num\u00e9rique pour l\u2019Autriche est indispensable pour tout conducteur empruntant les autoroutes autrichiennes. L\u2019un de ses plus grands avantages en 2025 ? Elle est imm\u00e9diatement valable apr\u00e8s l\u2019achat. D\u00e8s que vous l\u2019avez command\u00e9e et pay\u00e9e, elle est active. Aucun d\u00e9lai d\u2019attente : vous pouvez directement prendre la route.   <\/p>\n<p>La proc\u00e9dure d\u2019achat est simple et rapide. En quelques minutes, vous recevez votre e-vignette, automatiquement li\u00e9e \u00e0 votre plaque d\u2019immatriculation. Fini les autocollants \u00e0 coller sur le pare-brise : tout est d\u00e9sormais digital, plus pratique et \u00e9cologique.   <\/p>\n<p>Gr\u00e2ce \u00e0 ce syst\u00e8me num\u00e9rique, vous pouvez circuler sans tracas sur les routes autrichiennes. Aucun document papier n\u2019est requis : seule votre preuve d\u2019achat peut vous \u00eatre demand\u00e9e en cas de contr\u00f4le. Ce syst\u00e8me moderne garantit une exp\u00e9rience fluide et s\u00e9curis\u00e9e sur les autoroutes autrichiennes.  <\/p>\n<p>Vous pouvez acheter votre vignette digitale Autriche facilement via <a href=\"https:\/\/shop.asfinag.at\/fr\/\">le site officiel.<\/a><\/p>\n\n\n<script type=\"text\/javascript\">\n    var seoPlugins = window.seoPlugins || [];\n\n    seoPlugins.push({\n        \"PluginCode\": \"a9f957e3-d8b9-4005-bf73-c81df6fc4833\",\n        \"PluginName\": \"#vakantiewagens\",\n        \"FilterCookie\": {\"BodyworkTypeIds\":[\"3\",\"10\",\"16\",\"5\"]}\n    })\n\n    window.seoPlugins = seoPlugins;\n\n    var seoPlugins = window.seoPlugins || [];\n\n    for (var i = 0; i < seoPlugins.length; i++) {\n        var pluginData = seoPlugins[i];\n        CFM.API.enable(pluginData.PluginCode, pluginData.PluginName, null, {\n            FilterCookie: pluginData.FilterCookie\n        });\n    }\n<\/script>\n<div id=\"vakantiewagens\"><\/div>\n\n<div class=\"container section-title-container\" ><h3 class=\"section-title section-title-normal\"><b><\/b><span class=\"section-title-main\" >Pourquoi une vignette est-elle obligatoire sur les autoroutes autrichiennes ?<\/span><b><\/b><\/h3><\/div>\n\n<p>La vignette est obligatoire pour circuler sur les autoroutes et voies rapides en Autriche. Elle prouve que vous avez r\u00e9gl\u00e9 les frais de p\u00e9age pour l\u2019utilisation du r\u00e9seau routier, et elle contribue au financement de son entretien et de son am\u00e9lioration. <strong>En l\u2019absence de vignette, vous encourez une amende pouvant aller jusqu\u2019\u00e0 120 euros.<\/strong>  <\/p>\n<p>Cette vignette n\u2019est donc pas seulement une obligation l\u00e9gale, elle est aussi une mesure utile pour maintenir les routes en bon \u00e9tat. Les p\u00e9ages permettent d\u2019investir dans la qualit\u00e9 et la s\u00e9curit\u00e9 des infrastructures, vous assurant ainsi un voyage en toute s\u00e9r\u00e9nit\u00e9. La liaison entre la vignette et votre plaque est assur\u00e9e par l\u2019autorit\u00e9 autrichienne comp\u00e9tente, ce qui rend toute fraude facilement d\u00e9tectable. <br \/>Si vous roulez sans vignette valide, vous risquez d\u2019\u00eatre contr\u00f4l\u00e9 et d\u2019\u00eatre forc\u00e9 d\u2019en acheter une sur-le-champ pour \u00e9viter des sanctions plus graves.   <\/p>\n<p>Des points comme Salzburg Nord, Kufstein S\u00fcd et Hohenems sont connus comme zones de contr\u00f4le fr\u00e9quentes. Assurez-vous donc d\u2019avoir achet\u00e9 votre vignette num\u00e9rique avant de franchir la fronti\u00e8re pour \u00e9viter toute mauvaise surprise.  <\/p>\n<div class=\"container section-title-container\" ><h2 class=\"section-title section-title-normal\"><b><\/b><span class=\"section-title-main\" >Types de vignettes num\u00e9riques et leur prix<\/span><b><\/b><\/h2><\/div>\n\n<p>Pour les s\u00e9jours prolong\u00e9s, il existe plusieurs formats de vignettes num\u00e9riques pour l\u2019Autriche : <strong>la vignette 10 jours<\/strong>, la vignette 2 mois et la vignette annuelle. La vignette 10 jours est id\u00e9ale pour un court s\u00e9jour ou des vacances de ski, au prix de 12,40 \u20ac.<strong> La vignette 2 mois<\/strong> co\u00fbte 31,10 \u20ac et convient parfaitement aux voyageurs qui visitent l\u2019Autriche \u00e0 plusieurs reprises dans l\u2019ann\u00e9e. <strong>La vignette annuelle<\/strong> offre la meilleure solution pour les conducteurs r\u00e9guliers. <\/p>\n<p>Attention : la vignette 2 mois et la vignette annuelle ne sont valables qu\u2019\u00e0 partir du 18e jour apr\u00e8s l\u2019achat, en raison des r\u00e8gles de protection du consommateur. Pour une utilisation imm\u00e9diate, mieux vaut opter pour une vignette 10 jours ou une vignette 1 jour, d\u00e9sormais disponible au prix de 9,30 \u20ac \u2013 id\u00e9ale pour un passage rapide ou un aller-retour. <br \/>Attention : la vignette 2 mois et la vignette annuelle ne sont valables qu\u2019\u00e0 partir du 18e jour apr\u00e8s l\u2019achat, en raison des r\u00e8gles de protection du consommateur. Pour une utilisation imm\u00e9diate, mieux vaut opter pour une vignette 10 jours ou une vignette 1 jour, d\u00e9sormais disponible au prix de 9,30 \u20ac \u2013 id\u00e9ale pour un passage rapide ou un aller-retour.  <\/p>\n<p>En parall\u00e8le de ces vignettes classiques pour voitures, il existe des vignettes sp\u00e9cifiques pour les v\u00e9hicules plus lourds, comme les camping-cars ou camions. Ces formats tiennent compte du poids total du v\u00e9hicule (plus de 3,5 tonnes) et de son impact environnemental. Ces v\u00e9hicules utilisent g\u00e9n\u00e9ralement le syst\u00e8me GO-Box, qui fonctionne par pr\u00e9l\u00e8vement \u00e9lectronique au kilom\u00e8tre parcouru. <\/p>\n\t<div class=\"img has-hover x md-x lg-x y md-y lg-y\" id=\"image_1122307137\">\n\t\t\t\t\t\t\t\t<div class=\"img-inner dark\" >\n\t\t\t<img loading=\"lazy\" decoding=\"async\" width=\"768\" height=\"512\" src=\"\/wp-content\/uploads\/2025\/03\/vignette-autriche-2025-768x512.jpg\" class=\"attachment-medium_large size-medium_large\" alt=\"vignette physique ancienne autriche\" srcset=\"\/wp-content\/uploads\/2025\/03\/vignette-autriche-2025-768x512.jpg 768w, \/wp-content\/uploads\/2025\/03\/vignette-autriche-2025-300x200.jpg 300w, \/wp-content\/uploads\/2025\/03\/vignette-autriche-2025.jpg 1000w\" sizes=\"auto, (max-width: 768px) 100vw, 768px\" \/>\t\t\t\t\t\t\n\t\t\t\t\t<\/div>\n\t\t\t\t\t\t\t\t\n<style>\n#image_1122307137 {\n  width: 100%;\n}\n<\/style>\n\t<\/div>\n\t\n\n<div class=\"container section-title-container\" ><h2 class=\"section-title section-title-normal\"><b><\/b><span class=\"section-title-main\" >Quelle vignette faut-il pour l\u2019Autriche ?<\/span><b><\/b><\/h2><\/div>\n\n<p>Le choix de la vignette autriche d\u00e9pend de plusieurs facteurs, comme le type de v\u00e9hicule que vous conduisez et la dur\u00e9e de votre s\u00e9jour. Pour les v\u00e9hicules l\u00e9gers tels que les voitures particuli\u00e8res, les vignettes standards sont suffisantes. En revanche, les v\u00e9hicules plus lourds comme les camions ou autocars doivent obligatoirement utiliser une GO-Box, un syst\u00e8me sp\u00e9cifique de p\u00e9age bas\u00e9 sur la distance parcourue. Cette obligation concerne tous les v\u00e9hicules de plus de 3,5 tonnes.  <\/p>\n<p>Si vous pr\u00e9voyez de rester plus de 10 jours en Autriche, il est plus avantageux d\u2019acheter une vignette valable 2 mois ou m\u00eame une vignette annuelle. Cela vous \u00e9vite de devoir acheter plusieurs vignettes successives et permet de r\u00e9duire les co\u00fbts \u00e0 long terme. <\/p>\n<p>En fonction de vos projets de voyage, vous pouvez optimiser le choix de la vignette num\u00e9rique pour l\u2019Autriche. Par exemple, si vous partez pour un court s\u00e9jour, une vignette 10 jours suffira. Si vous voyagez plusieurs fois par an vers la m\u00eame destination, la vignette annuelle est sans doute la meilleure option.  <\/p>\n<div class=\"container section-title-container\" ><h2 class=\"section-title section-title-normal\"><b><\/b><span class=\"section-title-main\" >Comment acheter une vignette num\u00e9rique pour l\u2019Autriche ?<\/span><b><\/b><\/h2><\/div>\n\n<p>Acheter une vignette num\u00e9rique pour circuler en Autriche est tr\u00e8s simple et peut se faire enti\u00e8rement en ligne. Le prix de la vignette num\u00e9rique est identique \u00e0 celui d\u2019un autocollant classique, et l\u2019achat peut se faire via diff\u00e9rents canaux, notamment la boutique officielle ASFINAG.<br \/>Sur <a href=\"https:\/\/shop.asfinag.at\/fr\/\">le site web<\/a>, il suffit de choisir le produit souhait\u00e9 et de confirmer si vous \u00eates un particulier ou une entreprise. <\/p>\n<p>Vous pouvez cr\u00e9er un compte client ou finaliser l\u2019achat sans enregistrement. Ensuite, il vous suffit de renseigner votre plaque d&rsquo;immatriculation, votre adresse e-mail, de choisir un mode de paiement, et de v\u00e9rifier toutes les informations avant validation.<\/p>\n<p>Les consommateurs b\u00e9n\u00e9ficient d\u2019un d\u00e9lai de r\u00e9tractation de 14 jours, sauf si vous optez pour une validit\u00e9 imm\u00e9diate. Dans ce cas, le droit de r\u00e9tractation tombe. Pour les professionnels, la vignette devient imm\u00e9diatement valable apr\u00e8s l\u2019achat, sans p\u00e9riode de r\u00e9tractation.  <\/p>\n<p>Une confirmation et une facture vous sont envoy\u00e9es par e-mail. Conservez ce justificatif, il pourra vous \u00eatre demand\u00e9 en cas de contr\u00f4le sur les routes autrichiennes.<br \/>Gr\u00e2ce \u00e0 ce syst\u00e8me moderne et rapide, vous pouvez acheter la vignette autriche en ligne et partir l\u2019esprit tranquille.  <\/p>\n<div class=\"container section-title-container\" ><h2 class=\"section-title section-title-normal\"><b><\/b><span class=\"section-title-main\" >O\u00f9 peut-on acheter une vignette num\u00e9rique pour l\u2019Autriche ?<\/span><b><\/b><\/h2><\/div>\n\n<p>Il existe plusieurs fa\u00e7ons d\u2019acheter une vignette num\u00e9rique pour l\u2019Autriche. La m\u00e9thode la plus pratique est de faire l\u2019achat en ligne, via des plateformes comme <a href=\"https:\/\/shop.asfinag.at\/nl\/\">ASFINAG.at<\/a> ou <a href=\"https:\/\/www.vignetbestellen.be\/\">Vignetbestellen.be.<\/a> Ces sites permettent d\u2019obtenir rapidement votre e-vignette, sans avoir \u00e0 vous d\u00e9placer.  <\/p>\n<p>Vous pouvez \u00e9galement acheter votre vignette num\u00e9rique dans des points de vente physiques, notamment dans les bureaux de l\u2019\u00d6AMTC, les stations de p\u00e9age ASFINAG, les bureaux de tabac et certaines stations-service. Dans ce cas, la validit\u00e9 est imm\u00e9diate d\u00e8s l\u2019achat. <\/p>\n<p>Enfin, vous trouverez aussi des bornes automatiques install\u00e9es dans les aires de repos autrichiennes. Elles permettent d\u2019acheter une vignette avec un paiement sans contact. Ces diff\u00e9rentes options rendent l\u2019achat facile, quel que soit votre lieu de d\u00e9part. <\/p>\n<div class=\"container section-title-container\" ><h2 class=\"section-title section-title-normal\"><b><\/b><span class=\"section-title-main\" >Suppl\u00e9ment de p\u00e9age et routes \u00e0 p\u00e9age sp\u00e9ciales (Sondermautstrecken)<\/span><b><\/b><\/h2><\/div>\n\n<p>En plus de la vignette classique, l\u2019Autriche impose un p\u00e9age suppl\u00e9mentaire sur certaines portions appel\u00e9es Sondermautstrecken. Il s\u2019agit de six sections sp\u00e9cifiques, souvent des tunnels ou cols de montagne, pour lesquelles il faut payer un p\u00e9age en plus de la vignette autriche.  <\/p>\n<p>Parmi les plus connues figurent le tunnel routier de l\u2019Arlberg et le Bosrucktunnel. Les tarifs de ces sections \u00e0 p\u00e9age sp\u00e9cial varient, et il est souvent possible de payer \u00e0 l\u2019avance pour gagner du temps. M\u00eame si ces routes peuvent \u00eatre \u00e9vit\u00e9es, les itin\u00e9raires alternatifs sont souvent longs et peu pratiques. <\/p>\n<div class=\"container section-title-container\" ><h2 class=\"section-title section-title-normal\"><b><\/b><span class=\"section-title-main\" >Exemptions de vignette et cas particuliers<\/span><b><\/b><\/h2><\/div>\n\n<p>M\u00eame si la vignette autriche est en principe obligatoire sur toutes les autoroutes, il existe quelques exceptions utiles \u00e0 conna\u00eetre. Certaines sections d\u2019autoroutes ne sont plus soumises \u00e0 l\u2019obligation de vignette. C\u2019est notamment le cas de l\u2019A1 Westautobahn entre la fronti\u00e8re de Walserberg et l\u2019\u00e9changeur Salzburg Nord. Vous pouvez donc rouler sur cette portion sans vignette, ce qui est pratique pour un transit rapide ou un court s\u00e9jour.   <\/p>\n<p>De plus, certains domaines skiables restent accessibles sans vignette. Des stations populaires comme SkiWelt Wilder Kaiser &#8211; Brixental et Zell am See-Kaprun peuvent \u00eatre atteintes sans obligation d\u2019achat d\u2019une vignette. Cela offre plus de flexibilit\u00e9 pour les amateurs de sports d\u2019hiver et permet de r\u00e9aliser des \u00e9conomies non n\u00e9gligeables.  <\/p>\n<p>Il est donc vivement conseill\u00e9 de v\u00e9rifier votre itin\u00e9raire \u00e0 l\u2019avance en ligne. Cela vous \u00e9vite de payer un p\u00e9age inutile ou de recevoir une amende. En planifiant votre voyage de mani\u00e8re avis\u00e9e, vous profitez pleinement de votre s\u00e9jour en Autriche, sans stress li\u00e9 aux r\u00e8gles de p\u00e9age.  <\/p>\n<div class=\"container section-title-container\" ><h2 class=\"section-title section-title-normal\"><b><\/b><span class=\"section-title-main\" >Contr\u00f4les et amendes<\/span><b><\/b><\/h2><\/div>\n\n<p><span style=\"font-weight: 400\">Ne pas disposer d\u2019une vignette autriche valide peut vous co\u00fbter cher. En Autriche, la vignette est obligatoire sur la majorit\u00e9 des autoroutes et voies rapides, et une infraction peut entra\u00eener une amende forfaitaire de 120 euros \u2013 bien sup\u00e9rieure au prix de la vignette elle-m\u00eame. Les autorit\u00e9s effectuent des contr\u00f4les via des cam\u00e9ras strat\u00e9giquement plac\u00e9es qui scannent les plaques d\u2019immatriculation pour v\u00e9rifier la validit\u00e9 de la vignette num\u00e9rique.   <\/span><\/p>\n<div class=\"container section-title-container\" ><h2 class=\"section-title section-title-normal\"><b><\/b><span class=\"section-title-main\" >GO-Box pour v\u00e9hicules de plus de 3,5 tonnes<\/span><b><\/b><\/h2><\/div>\n\n\t<div class=\"img has-hover x md-x lg-x y md-y lg-y\" id=\"image_1188829617\">\n\t\t\t\t\t\t\t\t<div class=\"img-inner dark\" >\n\t\t\t<img loading=\"lazy\" decoding=\"async\" width=\"768\" height=\"513\" src=\"\/wp-content\/uploads\/2025\/03\/vignette-autriche-go-box-768x513.jpg\" class=\"attachment-medium_large size-medium_large\" alt=\"vignette autriche go-box pour v\u00e9hicules lourds\" srcset=\"\/wp-content\/uploads\/2025\/03\/vignette-autriche-go-box-768x513.jpg 768w, \/wp-content\/uploads\/2025\/03\/vignette-autriche-go-box-300x200.jpg 300w, \/wp-content\/uploads\/2025\/03\/vignette-autriche-go-box.jpg 1000w\" sizes=\"auto, (max-width: 768px) 100vw, 768px\" \/>\t\t\t\t\t\t\n\t\t\t\t\t<\/div>\n\t\t\t\t\t\t\t\t\n<style>\n#image_1188829617 {\n  width: 100%;\n}\n<\/style>\n\t<\/div>\n\t\n\n<p>Les v\u00e9hicules de plus de 3 500 kg, comme les camions ou camping-cars lourds, ne peuvent pas circuler avec une vignette classique. Ils doivent utiliser une GO-Box, un dispositif \u00e9lectronique qui calcule automatiquement les frais de p\u00e9age en fonction des kilom\u00e8tres parcourus, de la classe EURO du moteur et du nombre d\u2019essieux.  <\/p>\n<p>La GO-Box fonctionne via une technologie micro-ondes qui communique avec les portiques de p\u00e9age. Vous pouvez l\u2019obtenir dans plus de 175 points de vente GO ou directement en ligne via le <a href=\"https:\/\/www.go-maut.at\/fr\/systeme-de-peage-go\/portail-selfcare\/\">SelfCare-Portal d\u2019ASFINAG<\/a>. Il est crucial de garder vos donn\u00e9es \u00e0 jour sur l\u2019appareil afin de payer le bon montant de p\u00e9age.  <\/p>\n<p>Un guide d\u2019utilisation accompagne le dispositif, incluant les instructions pour l\u2019installation, l\u2019activation et l\u2019utilisation correcte. Cela garantit un trajet fluide \u00e0 travers l\u2019Autriche, sans interruptions ni mauvaises surprises. <\/p>\n<div class=\"container section-title-container\" ><h2 class=\"section-title section-title-normal\"><b><\/b><span class=\"section-title-main\" >Autoroutes sans vignette en Autriche<\/span><b><\/b><\/h2><\/div>\n\n<p>Depuis 2019, certaines sections d\u2019autoroutes autrichiennes sont exempt\u00e9es de vignette. Bien que ce soit une exception, elles offrent une option \u00e9conomique pour les voyageurs. Parmi elles, on retrouve la Rheintal\/Walgau-Autobahn et la Linzer Autobahn.   <\/p>\n<p>Certains domaines skiables populaires comme SkiWelt Wilder Kaiser &#8211; Brixental et Zell am See-Kaprun sont \u00e9galement accessibles sans vignette. D\u2019autres zones, comme la Tiroler Zugspitz Arena ou la Wildkogel Arena, peuvent \u00eatre atteintes via des sorties sp\u00e9cifiques qui vous \u00e9vitent les sections payantes. <br \/>Ces itin\u00e9raires offrent plus de flexibilit\u00e9 aux voyageurs souhaitant explorer des r\u00e9gions pr\u00e9cises sans frais suppl\u00e9mentaires.  <\/p>\n<div class=\"container section-title-container\" ><h2 class=\"section-title section-title-normal\"><b><\/b><span class=\"section-title-main\" >Vignette Autriche 2025 : Roulez sans stress, \u00e9vitez les amendes<\/span><b><\/b><\/h2><\/div>\n\n<p><span style=\"font-weight: 400\">En 2025, la vignette autriche reste obligatoire sur la plupart des autoroutes, mais heureusement, son obtention est simple et 100 % num\u00e9rique. Choisissez le type de vignette adapt\u00e9 \u00e0 votre dur\u00e9e de s\u00e9jour et \u00e0 votre type de v\u00e9hicule, et assurez-vous d\u2019\u00eatre en r\u00e8gle avant de franchir la fronti\u00e8re.<\/span><\/p>\n<p><span style=\"font-weight: 400\">N\u2019oubliez pas : certaines routes \u00e0 p\u00e9age sp\u00e9ciales n\u00e9cessitent un suppl\u00e9ment, et les v\u00e9hicules de plus de 3,5 tonnes doivent obligatoirement \u00eatre \u00e9quip\u00e9s d\u2019une GO-Box.<\/span><\/p>\n<p><span style=\"font-weight: 400\">Anticipez votre achat, planifiez votre itin\u00e9raire, et voyagez l\u2019esprit tranquille \u00e0 travers l\u2019Autriche !<\/span><\/p>\n\n\n<script type=\"text\/javascript\">\n    var seoPlugins = window.seoPlugins || [];\n\n    seoPlugins.push({\n        \"PluginCode\": \"a9f957e3-d8b9-4005-bf73-c81df6fc4833\",\n        \"PluginName\": \"#newvakantiewagens\",\n        \"FilterCookie\": {\"BodyworkTypeIds\":[\"3\",\"10\",\"16\",\"5\"]}\n    })\n\n    window.seoPlugins = seoPlugins;\n\n    var seoPlugins = window.seoPlugins || [];\n\n    for (var i = 0; i < seoPlugins.length; i++) {\n        var pluginData = seoPlugins[i];\n        CFM.API.enable(pluginData.PluginCode, pluginData.PluginName, null, {\n            FilterCookie: pluginData.FilterCookie\n        });\n    }\n<\/script>\n<div id=\"newvakantiewagens\"><\/div>\n\n\n\t\t<\/div>\n\t\t\t\t\t<\/div>\n\n\t\n\n\t<div id=\"col-12835054\" class=\"col medium-4 small-12 large-4\"  >\n\t\t\t\t<div class=\"col-inner\"  >\n\t\t\t\n\t\t\t\n\n\n  \n    <div class=\"row large-columns-1 medium-columns-1 small-columns-1\" >\n  <div class=\"col post-item\" >\n\t\t\t<div class=\"col-inner\">\n\t\t\t\t<div class=\"box box-normal box-text-bottom box-blog-post has-hover\">\n            \t\t\t\t\t<div class=\"box-image\" >\n  \t\t\t\t\t\t<div class=\"image-cover\" style=\"padding-top:56.25%;\">\n\t\t\t\t\t\t\t<a href=\"https:\/\/carselect.touring.be\/fr\/blog\/vignette-suisse-2025-obligatoire-numerique\/\" class=\"plain\" aria-label=\"Vignette Suisse 2025 expliqu\u00e9e : simple, obligatoire et 100% num\u00e9rique\">\n\t\t\t\t\t\t\t\t<img loading=\"lazy\" decoding=\"async\" width=\"300\" height=\"200\" src=\"\/wp-content\/uploads\/2025\/03\/vignette-suisse-header-300x200.jpg\" class=\"attachment-medium size-medium wp-post-image\" alt=\"vignette suisse 2025\" srcset=\"\/wp-content\/uploads\/2025\/03\/vignette-suisse-header-300x200.jpg 300w, \/wp-content\/uploads\/2025\/03\/vignette-suisse-header-768x511.jpg 768w, \/wp-content\/uploads\/2025\/03\/vignette-suisse-header.jpg 1000w\" sizes=\"auto, (max-width: 300px) 100vw, 300px\" \/>\t\t\t\t\t\t\t<\/a>\n  \t\t\t\t\t\t\t  \t\t\t\t\t\t\t  \t\t\t\t\t\t<\/div>\n  \t\t\t\t\t\t  \t\t\t\t\t<\/div>\n          \t\t\t\t\t<div class=\"box-text text-left\" >\n\t\t\t\t\t<div class=\"box-text-inner blog-post-inner\">\n\n\t\t\t\t\t\n\t\t\t\t\t\t\t\t\t\t<h5 class=\"post-title is-large \">\n\t\t\t\t\t\t<a href=\"https:\/\/carselect.touring.be\/fr\/blog\/vignette-suisse-2025-obligatoire-numerique\/\" class=\"plain\">Vignette Suisse 2025 expliqu\u00e9e : simple, obligatoire et 100% num\u00e9rique<\/a>\n\t\t\t\t\t<\/h5>\n\t\t\t\t\t\t\t\t\t\t<div class=\"is-divider\"><\/div>\n\t\t\t\t\t\t\t\t\t\t<p class=\"from_the_blog_excerpt \">\n\t\t\t\t\t\tObtenez tout ce qu\u2019il faut savoir sur la vignette suisse 2025 : prix, validit\u00e9, amendes, [...]\t\t\t\t\t<\/p>\n\t\t\t\t\t                    \n\t\t\t\t\t\n\t\t\t\t\t\n\t\t\t\t\t<\/div>\n\t\t\t\t\t<\/div>\n\t\t\t\t\t\t\t\t\t<\/div>\n\t\t\t<\/div>\n\t\t<\/div><div class=\"col post-item\" >\n\t\t\t<div class=\"col-inner\">\n\t\t\t\t<div class=\"box box-normal box-text-bottom box-blog-post has-hover\">\n            \t\t\t\t\t<div class=\"box-image\" >\n  \t\t\t\t\t\t<div class=\"image-cover\" style=\"padding-top:56.25%;\">\n\t\t\t\t\t\t\t<a href=\"https:\/\/carselect.touring.be\/fr\/blog\/conseils-pour-des-vacances-en-voiture-peages-vignettes-et-couts-du-carburant\/\" class=\"plain\" aria-label=\"Conseils pour des vacances en voiture sans stress : p\u00e9ages, vignettes et co\u00fbts du carburant\">\n\t\t\t\t\t\t\t\t<img loading=\"lazy\" decoding=\"async\" width=\"300\" height=\"140\" src=\"\/wp-content\/uploads\/2025\/01\/header-vacances-en-voiture-1-300x140.jpg\" class=\"attachment-medium size-medium wp-post-image\" alt=\"vacances en voiture\" srcset=\"\/wp-content\/uploads\/2025\/01\/header-vacances-en-voiture-1-300x140.jpg 300w, \/wp-content\/uploads\/2025\/01\/header-vacances-en-voiture-1-768x359.jpg 768w, \/wp-content\/uploads\/2025\/01\/header-vacances-en-voiture-1.jpg 1000w\" sizes=\"auto, (max-width: 300px) 100vw, 300px\" \/>\t\t\t\t\t\t\t<\/a>\n  \t\t\t\t\t\t\t  \t\t\t\t\t\t\t  \t\t\t\t\t\t<\/div>\n  \t\t\t\t\t\t  \t\t\t\t\t<\/div>\n          \t\t\t\t\t<div class=\"box-text text-left\" >\n\t\t\t\t\t<div class=\"box-text-inner blog-post-inner\">\n\n\t\t\t\t\t\n\t\t\t\t\t\t\t\t\t\t<h5 class=\"post-title is-large \">\n\t\t\t\t\t\t<a href=\"https:\/\/carselect.touring.be\/fr\/blog\/conseils-pour-des-vacances-en-voiture-peages-vignettes-et-couts-du-carburant\/\" class=\"plain\">Conseils pour des vacances en voiture sans stress : p\u00e9ages, vignettes et co\u00fbts du carburant<\/a>\n\t\t\t\t\t<\/h5>\n\t\t\t\t\t\t\t\t\t\t<div class=\"is-divider\"><\/div>\n\t\t\t\t\t\t\t\t\t\t<p class=\"from_the_blog_excerpt \">\n\t\t\t\t\t\tPr\u00e9parez vos vacances en voiture avec nos astuces pour les vignettes, les frais et une [...]\t\t\t\t\t<\/p>\n\t\t\t\t\t                    \n\t\t\t\t\t\n\t\t\t\t\t\n\t\t\t\t\t<\/div>\n\t\t\t\t\t<\/div>\n\t\t\t\t\t\t\t\t\t<\/div>\n\t\t\t<\/div>\n\t\t<\/div><div class=\"col post-item\" >\n\t\t\t<div class=\"col-inner\">\n\t\t\t\t<div class=\"box box-normal box-text-bottom box-blog-post has-hover\">\n            \t\t\t\t\t<div class=\"box-image\" >\n  \t\t\t\t\t\t<div class=\"image-cover\" style=\"padding-top:56.25%;\">\n\t\t\t\t\t\t\t<a href=\"https:\/\/carselect.touring.be\/fr\/blog\/meilleur-porte-velos-pour-votre-voiture-conseils-et-astuces\/\" class=\"plain\" aria-label=\"Le meilleur porte v\u00e9los pour votre voiture : conseils et astuces pour faire le bon choix\">\n\t\t\t\t\t\t\t\t<img loading=\"lazy\" decoding=\"async\" width=\"300\" height=\"191\" src=\"\/wp-content\/uploads\/2024\/12\/porte-velos-header-300x191.jpg\" class=\"attachment-medium size-medium wp-post-image\" alt=\"Porte-v\u00e9los pour la voiture mais sur la barre d&#039;attelage\" srcset=\"\/wp-content\/uploads\/2024\/12\/porte-velos-header-300x191.jpg 300w, \/wp-content\/uploads\/2024\/12\/porte-velos-header-768x490.jpg 768w, \/wp-content\/uploads\/2024\/12\/porte-velos-header.jpg 1000w\" sizes=\"auto, (max-width: 300px) 100vw, 300px\" \/>\t\t\t\t\t\t\t<\/a>\n  \t\t\t\t\t\t\t  \t\t\t\t\t\t\t  \t\t\t\t\t\t<\/div>\n  \t\t\t\t\t\t  \t\t\t\t\t<\/div>\n          \t\t\t\t\t<div class=\"box-text text-left\" >\n\t\t\t\t\t<div class=\"box-text-inner blog-post-inner\">\n\n\t\t\t\t\t\n\t\t\t\t\t\t\t\t\t\t<h5 class=\"post-title is-large \">\n\t\t\t\t\t\t<a href=\"https:\/\/carselect.touring.be\/fr\/blog\/meilleur-porte-velos-pour-votre-voiture-conseils-et-astuces\/\" class=\"plain\">Le meilleur porte v\u00e9los pour votre voiture : conseils et astuces pour faire le bon choix<\/a>\n\t\t\t\t\t<\/h5>\n\t\t\t\t\t\t\t\t\t\t<div class=\"is-divider\"><\/div>\n\t\t\t\t\t\t\t\t\t\t<p class=\"from_the_blog_excerpt \">\n\t\t\t\t\t\tD\u00e9couvrez comment choisir le porte-v\u00e9los id\u00e9al pour votre v\u00e9hicule. \u00c9vitez les erreurs courantes et optimisez [...]\t\t\t\t\t<\/p>\n\t\t\t\t\t                    \n\t\t\t\t\t\n\t\t\t\t\t\n\t\t\t\t\t<\/div>\n\t\t\t\t\t<\/div>\n\t\t\t\t\t\t\t\t\t<\/div>\n\t\t\t<\/div>\n\t\t<\/div><div class=\"col post-item\" >\n\t\t\t<div class=\"col-inner\">\n\t\t\t\t<div class=\"box box-normal box-text-bottom box-blog-post has-hover\">\n            \t\t\t\t\t<div class=\"box-image\" >\n  \t\t\t\t\t\t<div class=\"image-cover\" style=\"padding-top:56.25%;\">\n\t\t\t\t\t\t\t<a href=\"https:\/\/carselect.touring.be\/fr\/blog\/que-faire-suite-a-un-accident-de-la-route-suivez-ces-instructions-de-base\/\" class=\"plain\" aria-label=\"Que faire suite \u00e0 un accident de la route : Suivez ces instructions de base\">\n\t\t\t\t\t\t\t\t<img loading=\"lazy\" decoding=\"async\" width=\"300\" height=\"200\" src=\"\/wp-content\/uploads\/2024\/12\/header-verkeersongeval-300x200.jpg\" class=\"attachment-medium size-medium wp-post-image\" alt=\"verkeersongeval\" srcset=\"\/wp-content\/uploads\/2024\/12\/header-verkeersongeval-300x200.jpg 300w, \/wp-content\/uploads\/2024\/12\/header-verkeersongeval-768x512.jpg 768w, \/wp-content\/uploads\/2024\/12\/header-verkeersongeval.jpg 1000w\" sizes=\"auto, (max-width: 300px) 100vw, 300px\" \/>\t\t\t\t\t\t\t<\/a>\n  \t\t\t\t\t\t\t  \t\t\t\t\t\t\t  \t\t\t\t\t\t<\/div>\n  \t\t\t\t\t\t  \t\t\t\t\t<\/div>\n          \t\t\t\t\t<div class=\"box-text text-left\" >\n\t\t\t\t\t<div class=\"box-text-inner blog-post-inner\">\n\n\t\t\t\t\t\n\t\t\t\t\t\t\t\t\t\t<h5 class=\"post-title is-large \">\n\t\t\t\t\t\t<a href=\"https:\/\/carselect.touring.be\/fr\/blog\/que-faire-suite-a-un-accident-de-la-route-suivez-ces-instructions-de-base\/\" class=\"plain\">Que faire suite \u00e0 un accident de la route : Suivez ces instructions de base<\/a>\n\t\t\t\t\t<\/h5>\n\t\t\t\t\t\t\t\t\t\t<div class=\"is-divider\"><\/div>\n\t\t\t\t\t\t\t\t\t\t<p class=\"from_the_blog_excerpt \">\n\t\t\t\t\t\tAccident de la route ? D\u00e9couvrez les \u00e9tapes essentielles \u00e0 suivre pour prot\u00e9ger vos droits [...]\t\t\t\t\t<\/p>\n\t\t\t\t\t                    \n\t\t\t\t\t\n\t\t\t\t\t\n\t\t\t\t\t<\/div>\n\t\t\t\t\t<\/div>\n\t\t\t\t\t\t\t\t\t<\/div>\n\t\t\t<\/div>\n\t\t<\/div><div class=\"col post-item\" >\n\t\t\t<div class=\"col-inner\">\n\t\t\t\t<div class=\"box box-normal box-text-bottom box-blog-post has-hover\">\n            \t\t\t\t\t<div class=\"box-image\" >\n  \t\t\t\t\t\t<div class=\"image-cover\" style=\"padding-top:56.25%;\">\n\t\t\t\t\t\t\t<a href=\"https:\/\/carselect.touring.be\/fr\/blog\/voiture-electrique-ou-hybride-rechargeable\/\" class=\"plain\" aria-label=\"Voiture \u00e9lectrique ou hybride (rechargeable) : quelle est la diff\u00e9rence ? Et laquelle vous convient le mieux ?\">\n\t\t\t\t\t\t\t\t<img loading=\"lazy\" decoding=\"async\" width=\"300\" height=\"169\" src=\"\/wp-content\/uploads\/2024\/12\/header-image-elektrische-en-hybride-wagen-2-300x169.jpg\" class=\"attachment-medium size-medium wp-post-image\" alt=\"Voiture \u00e9lectrique vs. hybride rechargeable\" srcset=\"\/wp-content\/uploads\/2024\/12\/header-image-elektrische-en-hybride-wagen-2-300x169.jpg 300w, \/wp-content\/uploads\/2024\/12\/header-image-elektrische-en-hybride-wagen-2-768x432.jpg 768w, \/wp-content\/uploads\/2024\/12\/header-image-elektrische-en-hybride-wagen-2.jpg 1000w\" sizes=\"auto, (max-width: 300px) 100vw, 300px\" \/>\t\t\t\t\t\t\t<\/a>\n  \t\t\t\t\t\t\t  \t\t\t\t\t\t\t  \t\t\t\t\t\t<\/div>\n  \t\t\t\t\t\t  \t\t\t\t\t<\/div>\n          \t\t\t\t\t<div class=\"box-text text-left\" >\n\t\t\t\t\t<div class=\"box-text-inner blog-post-inner\">\n\n\t\t\t\t\t\n\t\t\t\t\t\t\t\t\t\t<h5 class=\"post-title is-large \">\n\t\t\t\t\t\t<a href=\"https:\/\/carselect.touring.be\/fr\/blog\/voiture-electrique-ou-hybride-rechargeable\/\" class=\"plain\">Voiture \u00e9lectrique ou hybride (rechargeable) : quelle est la diff\u00e9rence ? Et laquelle vous convient le mieux ?<\/a>\n\t\t\t\t\t<\/h5>\n\t\t\t\t\t\t\t\t\t\t<div class=\"is-divider\"><\/div>\n\t\t\t\t\t\t\t\t\t\t<p class=\"from_the_blog_excerpt \">\n\t\t\t\t\t\tVous h\u00e9sitez entre l'achat d'une voiture hybride ou \u00e9lectrique ? D\u00e9couvrez les diff\u00e9rences et les [...]\t\t\t\t\t<\/p>\n\t\t\t\t\t                    \n\t\t\t\t\t\n\t\t\t\t\t\n\t\t\t\t\t<\/div>\n\t\t\t\t\t<\/div>\n\t\t\t\t\t\t\t\t\t<\/div>\n\t\t\t<\/div>\n\t\t<\/div><div class=\"col post-item\" >\n\t\t\t<div class=\"col-inner\">\n\t\t\t\t<div class=\"box box-normal box-text-bottom box-blog-post has-hover\">\n            \t\t\t\t\t<div class=\"box-image\" >\n  \t\t\t\t\t\t<div class=\"image-cover\" style=\"padding-top:56.25%;\">\n\t\t\t\t\t\t\t<a href=\"https:\/\/carselect.touring.be\/fr\/blog\/voiture-electrique-en-hiver-conseils-pour-optimiser-autonomie-et-confort\/\" class=\"plain\" aria-label=\"Voiture \u00e9lectrique en hiver : conseils pour optimiser autonomie et confort\">\n\t\t\t\t\t\t\t\t<img loading=\"lazy\" decoding=\"async\" width=\"300\" height=\"200\" src=\"\/wp-content\/uploads\/2024\/12\/header-elekrische-wagen-winter-1-1-300x200.jpg\" class=\"attachment-medium size-medium wp-post-image\" alt=\"voiture \u00e9lectrique en hiver\u200b\" srcset=\"\/wp-content\/uploads\/2024\/12\/header-elekrische-wagen-winter-1-1-300x200.jpg 300w, \/wp-content\/uploads\/2024\/12\/header-elekrische-wagen-winter-1-1-768x512.jpg 768w, \/wp-content\/uploads\/2024\/12\/header-elekrische-wagen-winter-1-1.jpg 1000w\" sizes=\"auto, (max-width: 300px) 100vw, 300px\" \/>\t\t\t\t\t\t\t<\/a>\n  \t\t\t\t\t\t\t  \t\t\t\t\t\t\t  \t\t\t\t\t\t<\/div>\n  \t\t\t\t\t\t  \t\t\t\t\t<\/div>\n          \t\t\t\t\t<div class=\"box-text text-left\" >\n\t\t\t\t\t<div class=\"box-text-inner blog-post-inner\">\n\n\t\t\t\t\t\n\t\t\t\t\t\t\t\t\t\t<h5 class=\"post-title is-large \">\n\t\t\t\t\t\t<a href=\"https:\/\/carselect.touring.be\/fr\/blog\/voiture-electrique-en-hiver-conseils-pour-optimiser-autonomie-et-confort\/\" class=\"plain\">Voiture \u00e9lectrique en hiver : conseils pour optimiser autonomie et confort<\/a>\n\t\t\t\t\t<\/h5>\n\t\t\t\t\t\t\t\t\t\t<div class=\"is-divider\"><\/div>\n\t\t\t\t\t\t\t\t\t\t<p class=\"from_the_blog_excerpt \">\n\t\t\t\t\t\tD\u00e9couvrez des conseils pratiques pour optimiser l'autonomie et les performances de votre voiture \u00e9lectrique cet [...]\t\t\t\t\t<\/p>\n\t\t\t\t\t                    \n\t\t\t\t\t\n\t\t\t\t\t\n\t\t\t\t\t<\/div>\n\t\t\t\t\t<\/div>\n\t\t\t\t\t\t\t\t\t<\/div>\n\t\t\t<\/div>\n\t\t<\/div><div class=\"col post-item\" >\n\t\t\t<div class=\"col-inner\">\n\t\t\t\t<div class=\"box box-normal box-text-bottom box-blog-post has-hover\">\n            \t\t\t\t\t<div class=\"box-image\" >\n  \t\t\t\t\t\t<div class=\"image-cover\" style=\"padding-top:56.25%;\">\n\t\t\t\t\t\t\t<a href=\"https:\/\/carselect.touring.be\/fr\/blog\/contrat-de-vente-de-voiture-tout-ce-quil-faut-savoir\/\" class=\"plain\" aria-label=\"Contrat de vente de voiture : Tout ce qu&rsquo;il faut savoir\">\n\t\t\t\t\t\t\t\t<img loading=\"lazy\" decoding=\"async\" width=\"300\" height=\"200\" src=\"\/wp-content\/uploads\/2025\/01\/header-vendre-voiture-1-300x200.jpg\" class=\"attachment-medium size-medium wp-post-image\" alt=\"contrat de vente de voiture\" srcset=\"\/wp-content\/uploads\/2025\/01\/header-vendre-voiture-1-300x200.jpg 300w, \/wp-content\/uploads\/2025\/01\/header-vendre-voiture-1-768x512.jpg 768w, \/wp-content\/uploads\/2025\/01\/header-vendre-voiture-1.jpg 1000w\" sizes=\"auto, (max-width: 300px) 100vw, 300px\" \/>\t\t\t\t\t\t\t<\/a>\n  \t\t\t\t\t\t\t  \t\t\t\t\t\t\t  \t\t\t\t\t\t<\/div>\n  \t\t\t\t\t\t  \t\t\t\t\t<\/div>\n          \t\t\t\t\t<div class=\"box-text text-left\" >\n\t\t\t\t\t<div class=\"box-text-inner blog-post-inner\">\n\n\t\t\t\t\t\n\t\t\t\t\t\t\t\t\t\t<h5 class=\"post-title is-large \">\n\t\t\t\t\t\t<a href=\"https:\/\/carselect.touring.be\/fr\/blog\/contrat-de-vente-de-voiture-tout-ce-quil-faut-savoir\/\" class=\"plain\">Contrat de vente de voiture : Tout ce qu&rsquo;il faut savoir<\/a>\n\t\t\t\t\t<\/h5>\n\t\t\t\t\t\t\t\t\t\t<div class=\"is-divider\"><\/div>\n\t\t\t\t\t\t\t\t\t\t<p class=\"from_the_blog_excerpt \">\n\t\t\t\t\t\tD\u00e9couvrez les \u00e9l\u00e9ments cl\u00e9s d'un contrat de vente de voiture. Assurez-vous d'une transaction s\u00e9curis\u00e9e et [...]\t\t\t\t\t<\/p>\n\t\t\t\t\t                    \n\t\t\t\t\t\n\t\t\t\t\t\n\t\t\t\t\t<\/div>\n\t\t\t\t\t<\/div>\n\t\t\t\t\t\t\t\t\t<\/div>\n\t\t\t<\/div>\n\t\t<\/div><div class=\"col post-item\" >\n\t\t\t<div class=\"col-inner\">\n\t\t\t\t<div class=\"box box-normal box-text-bottom box-blog-post has-hover\">\n            \t\t\t\t\t<div class=\"box-image\" >\n  \t\t\t\t\t\t<div class=\"image-cover\" style=\"padding-top:56.25%;\">\n\t\t\t\t\t\t\t<a href=\"https:\/\/carselect.touring.be\/fr\/blog\/prime-pour-voiture-electrique-que-se-passe-t-il-apres-la-suppression-de-la-subvention-en-2025\/\" class=\"plain\" aria-label=\"Prime pour voiture \u00e9lectrique : que se passe-t-il apr\u00e8s la suppression de la subvention en 2025 ?\">\n\t\t\t\t\t\t\t\t<img loading=\"lazy\" decoding=\"async\" width=\"300\" height=\"200\" src=\"\/wp-content\/uploads\/2025\/02\/header_prime-pour-voiture-electrique-300x200.jpg\" class=\"attachment-medium size-medium wp-post-image\" alt=\"prime pour voiture \u00e9lectrique\" srcset=\"\/wp-content\/uploads\/2025\/02\/header_prime-pour-voiture-electrique-300x200.jpg 300w, \/wp-content\/uploads\/2025\/02\/header_prime-pour-voiture-electrique-768x511.jpg 768w, \/wp-content\/uploads\/2025\/02\/header_prime-pour-voiture-electrique.jpg 1000w\" sizes=\"auto, (max-width: 300px) 100vw, 300px\" \/>\t\t\t\t\t\t\t<\/a>\n  \t\t\t\t\t\t\t  \t\t\t\t\t\t\t  \t\t\t\t\t\t<\/div>\n  \t\t\t\t\t\t  \t\t\t\t\t<\/div>\n          \t\t\t\t\t<div class=\"box-text text-left\" >\n\t\t\t\t\t<div class=\"box-text-inner blog-post-inner\">\n\n\t\t\t\t\t\n\t\t\t\t\t\t\t\t\t\t<h5 class=\"post-title is-large \">\n\t\t\t\t\t\t<a href=\"https:\/\/carselect.touring.be\/fr\/blog\/prime-pour-voiture-electrique-que-se-passe-t-il-apres-la-suppression-de-la-subvention-en-2025\/\" class=\"plain\">Prime pour voiture \u00e9lectrique : que se passe-t-il apr\u00e8s la suppression de la subvention en 2025 ?<\/a>\n\t\t\t\t\t<\/h5>\n\t\t\t\t\t\t\t\t\t\t<div class=\"is-divider\"><\/div>\n\t\t\t\t\t\t\t\t\t\t<p class=\"from_the_blog_excerpt \">\n\t\t\t\t\t\tTout sur la prime pour voiture \u00e9lectrique en 2024. Pourquoi a-t-elle \u00e9t\u00e9 arr\u00eat\u00e9e et quelles [...]\t\t\t\t\t<\/p>\n\t\t\t\t\t                    \n\t\t\t\t\t\n\t\t\t\t\t\n\t\t\t\t\t<\/div>\n\t\t\t\t\t<\/div>\n\t\t\t\t\t\t\t\t\t<\/div>\n\t\t\t<\/div>\n\t\t<\/div><div class=\"col post-item\" >\n\t\t\t<div class=\"col-inner\">\n\t\t\t\t<div class=\"box box-normal box-text-bottom box-blog-post has-hover\">\n            \t\t\t\t\t<div class=\"box-image\" >\n  \t\t\t\t\t\t<div class=\"image-cover\" style=\"padding-top:56.25%;\">\n\t\t\t\t\t\t\t<a href=\"https:\/\/carselect.touring.be\/fr\/blog\/les-voitures-electriques-avec-la-plus-grande-autonomie\/\" class=\"plain\" aria-label=\"Les voitures \u00e9lectriques avec la plus grande autonomie\">\n\t\t\t\t\t\t\t\t<img loading=\"lazy\" decoding=\"async\" width=\"300\" height=\"187\" src=\"\/wp-content\/uploads\/2024\/12\/header-1-300x187.jpg\" class=\"attachment-medium size-medium wp-post-image\" alt=\"diff\u00e9rentes voitures \u00e9lectriques avec la plus grande autonomie\" srcset=\"\/wp-content\/uploads\/2024\/12\/header-1-300x187.jpg 300w, \/wp-content\/uploads\/2024\/12\/header-1-768x479.jpg 768w, \/wp-content\/uploads\/2024\/12\/header-1.jpg 1000w\" sizes=\"auto, (max-width: 300px) 100vw, 300px\" \/>\t\t\t\t\t\t\t<\/a>\n  \t\t\t\t\t\t\t  \t\t\t\t\t\t\t  \t\t\t\t\t\t<\/div>\n  \t\t\t\t\t\t  \t\t\t\t\t<\/div>\n          \t\t\t\t\t<div class=\"box-text text-left\" >\n\t\t\t\t\t<div class=\"box-text-inner blog-post-inner\">\n\n\t\t\t\t\t\n\t\t\t\t\t\t\t\t\t\t<h5 class=\"post-title is-large \">\n\t\t\t\t\t\t<a href=\"https:\/\/carselect.touring.be\/fr\/blog\/les-voitures-electriques-avec-la-plus-grande-autonomie\/\" class=\"plain\">Les voitures \u00e9lectriques avec la plus grande autonomie<\/a>\n\t\t\t\t\t<\/h5>\n\t\t\t\t\t\t\t\t\t\t<div class=\"is-divider\"><\/div>\n\t\t\t\t\t\t\t\t\t\t<p class=\"from_the_blog_excerpt \">\n\t\t\t\t\t\tD\u00e9couvrez les meilleures voitures \u00e9lectriques de 2024. Comparez l'autonomie et le prix pour faire le [...]\t\t\t\t\t<\/p>\n\t\t\t\t\t                    \n\t\t\t\t\t\n\t\t\t\t\t\n\t\t\t\t\t<\/div>\n\t\t\t\t\t<\/div>\n\t\t\t\t\t\t\t\t\t<\/div>\n\t\t\t<\/div>\n\t\t<\/div><div class=\"col post-item\" >\n\t\t\t<div class=\"col-inner\">\n\t\t\t\t<div class=\"box box-normal box-text-bottom box-blog-post has-hover\">\n            \t\t\t\t\t<div class=\"box-image\" >\n  \t\t\t\t\t\t<div class=\"image-cover\" style=\"padding-top:56.25%;\">\n\t\t\t\t\t\t\t<a href=\"https:\/\/carselect.touring.be\/fr\/blog\/voiture-hydrogene-avantages-fonctionnement-et-ou-faire-le-plein-2\/\" class=\"plain\" aria-label=\"Voiture hydrog\u00e8ne : avantages, fonctionnement et o\u00f9 faire le plein\">\n\t\t\t\t\t\t\t\t<img loading=\"lazy\" decoding=\"async\" width=\"300\" height=\"161\" src=\"\/wp-content\/uploads\/2025\/01\/header-voiture-hydrogene-300x161.jpg\" class=\"attachment-medium size-medium wp-post-image\" alt=\"voiture hydrog\u00e8ne\" srcset=\"\/wp-content\/uploads\/2025\/01\/header-voiture-hydrogene-300x161.jpg 300w, \/wp-content\/uploads\/2025\/01\/header-voiture-hydrogene-768x412.jpg 768w, \/wp-content\/uploads\/2025\/01\/header-voiture-hydrogene.jpg 1000w\" sizes=\"auto, (max-width: 300px) 100vw, 300px\" \/>\t\t\t\t\t\t\t<\/a>\n  \t\t\t\t\t\t\t  \t\t\t\t\t\t\t  \t\t\t\t\t\t<\/div>\n  \t\t\t\t\t\t  \t\t\t\t\t<\/div>\n          \t\t\t\t\t<div class=\"box-text text-left\" >\n\t\t\t\t\t<div class=\"box-text-inner blog-post-inner\">\n\n\t\t\t\t\t\n\t\t\t\t\t\t\t\t\t\t<h5 class=\"post-title is-large \">\n\t\t\t\t\t\t<a href=\"https:\/\/carselect.touring.be\/fr\/blog\/voiture-hydrogene-avantages-fonctionnement-et-ou-faire-le-plein-2\/\" class=\"plain\">Voiture hydrog\u00e8ne : avantages, fonctionnement et o\u00f9 faire le plein<\/a>\n\t\t\t\t\t<\/h5>\n\t\t\t\t\t\t\t\t\t\t<div class=\"is-divider\"><\/div>\n\t\t\t\t\t\t\t\t\t\t<p class=\"from_the_blog_excerpt \">\n\t\t\t\t\t\tD\u00e9couvrez les avantages des voitures hydrog\u00e8ne pour une mobilit\u00e9 durable. Apprenez leur fonctionnement et leur [...]\t\t\t\t\t<\/p>\n\t\t\t\t\t                    \n\t\t\t\t\t\n\t\t\t\t\t\n\t\t\t\t\t<\/div>\n\t\t\t\t\t<\/div>\n\t\t\t\t\t\t\t\t\t<\/div>\n\t\t\t<\/div>\n\t\t<\/div><div class=\"col post-item\" >\n\t\t\t<div class=\"col-inner\">\n\t\t\t\t<div class=\"box box-normal box-text-bottom box-blog-post has-hover\">\n            \t\t\t\t\t<div class=\"box-image\" >\n  \t\t\t\t\t\t<div class=\"image-cover\" style=\"padding-top:56.25%;\">\n\t\t\t\t\t\t\t<a href=\"https:\/\/carselect.touring.be\/fr\/blog\/controle-technique-en-belgique-2025-regles-et-conseils-pour-une-inspection-reussie\/\" class=\"plain\" aria-label=\"Contr\u00f4le technique en Belgique 2025 : R\u00e8gles et conseils pour une inspection r\u00e9ussie\">\n\t\t\t\t\t\t\t\t<img loading=\"lazy\" decoding=\"async\" width=\"300\" height=\"200\" src=\"\/wp-content\/uploads\/2025\/01\/controle-technique-en-belgique-header-300x200.jpg\" class=\"attachment-medium size-medium wp-post-image\" alt=\"contr\u00f4le technique en belgique\" srcset=\"\/wp-content\/uploads\/2025\/01\/controle-technique-en-belgique-header-300x200.jpg 300w, \/wp-content\/uploads\/2025\/01\/controle-technique-en-belgique-header-768x512.jpg 768w, \/wp-content\/uploads\/2025\/01\/controle-technique-en-belgique-header.jpg 1000w\" sizes=\"auto, (max-width: 300px) 100vw, 300px\" \/>\t\t\t\t\t\t\t<\/a>\n  \t\t\t\t\t\t\t  \t\t\t\t\t\t\t  \t\t\t\t\t\t<\/div>\n  \t\t\t\t\t\t  \t\t\t\t\t<\/div>\n          \t\t\t\t\t<div class=\"box-text text-left\" >\n\t\t\t\t\t<div class=\"box-text-inner blog-post-inner\">\n\n\t\t\t\t\t\n\t\t\t\t\t\t\t\t\t\t<h5 class=\"post-title is-large \">\n\t\t\t\t\t\t<a href=\"https:\/\/carselect.touring.be\/fr\/blog\/controle-technique-en-belgique-2025-regles-et-conseils-pour-une-inspection-reussie\/\" class=\"plain\">Contr\u00f4le technique en Belgique 2025 : R\u00e8gles et conseils pour une inspection r\u00e9ussie<\/a>\n\t\t\t\t\t<\/h5>\n\t\t\t\t\t\t\t\t\t\t<div class=\"is-divider\"><\/div>\n\t\t\t\t\t\t\t\t\t\t<p class=\"from_the_blog_excerpt \">\n\t\t\t\t\t\tD\u00e9couvrez les r\u00e8gles et changements du contr\u00f4le technique en Belgique pour 2025 et comment bien [...]\t\t\t\t\t<\/p>\n\t\t\t\t\t                    \n\t\t\t\t\t\n\t\t\t\t\t\n\t\t\t\t\t<\/div>\n\t\t\t\t\t<\/div>\n\t\t\t\t\t\t\t\t\t<\/div>\n\t\t\t<\/div>\n\t\t<\/div><\/div>\n\n\n\t\t<\/div>\n\t\t\t\t\t<\/div>\n\n\t\n\n<\/div>\n<div class=\"row\"  id=\"row-1312411196\">\n\n\n\t<div id=\"col-2064593362\" class=\"col small-12 large-12\"  >\n\t\t\t\t<div class=\"col-inner\"  >\n\t\t\t\n\t\t\t\n\n\n  <div class=\"banner has-hover\" id=\"banner-34736006\">\n          <div class=\"banner-inner fill\">\n        <div class=\"banner-bg fill\" >\n            <img loading=\"lazy\" decoding=\"async\" width=\"1440\" height=\"160\" src=\"\/wp-content\/uploads\/2025\/01\/Mask-group.png\" class=\"bg attachment-original size-original\" alt=\"\" \/>                                    \n                    <\/div>\n\t\t\n        <div class=\"banner-layers container\">\n            <div class=\"fill banner-link\"><\/div>            \n\n   <div id=\"text-box-1221325390\" class=\"text-box banner-layer x100 md-x100 lg-x100 y10 md-y10 lg-y10 res-text\">\n                                <div class=\"text-box-content text dark\">\n              \n              <div class=\"text-inner text-center\">\n                  \n\n<h2><em>Achetez votre<\/em><\/h2>\n<h2><em>Voiture de r\u00eave<\/em><\/h2>\n<a href=\"https:\/\/carselect.touring.be\/fr\/acheter-une-voiture\/\" class=\"button success\"  >\n\t\t<span>D\u00e9couvrez<\/span>\n\t<\/a>\n\n\n\n              <\/div>\n           <\/div>\n                            \n<style>\n#text-box-1221325390 {\n  width: 35%;\n}\n#text-box-1221325390 .text-box-content {\n  font-size: 100%;\n}\n<\/style>\n    <\/div>\n \n\n        <\/div>\n      <\/div>\n\n            \n<style>\n#banner-34736006 {\n  padding-top: 250px;\n}\n#banner-34736006 .banner-bg img {\n  object-position: 22% 0%;\n}\n<\/style>\n  <\/div>\n\n\n\n\t\t<\/div>\n\t\t\t\t\t<\/div>\n\n\t\n\n<\/div>\n\n\t\t<\/div>\n\n\t\t\n<style>\n#section_1217716923 {\n  padding-top: 0px;\n  padding-bottom: 0px;\n}\n<\/style>\n\t<\/section>\n\t\n\n\n\n<p><\/p>\n\n\n\n<div class=\"row row-full-width align-middle align-center legalTextContainer representativeExampleBanner qa-testid-representative-banner-fr\"  id=\"row-1384508826\">\r\n\r\n\n\t<div id=\"col-522621723\" class=\"col text-container representative-example-container small-12 large-12\"  >\n\t\t\t\t<div class=\"col-inner\"  >\n\t\t\t\n\t\t\t\r\n\r\n<div class=\"legal-text-title\">Attention, emprunter de l\u2019argent co\u00fbte aussi de l\u2019argent.<\/div>\r\n<div class=\"legal-text-content mt-half\">\r\n<p>\r\nExemple repr\u00e9sentatif \u2013 Cr\u00e9dit ballon : <b>Pr\u00eat \u00e0 temp\u00e9rament avec derni\u00e8re mensualit\u00e9 major\u00e9e<\/b>. Montant du cr\u00e9dit : \u20ac 35.002,79. Acompte (facultatif) : \u20ac 0. Prix comptant: \u20ac 35.002,79. <b>TAEG (Taux Annuel Effectif Global)<\/b> de <b>5,99 %<\/b>, taux d\u00e9biteur annuel <b>fixe<\/b> : 5,99 %. Dur\u00e9e du cr\u00e9dit : <b>60 mois<\/b>. Remboursable en 59 mensualit\u00e9s de <b>\u20ac 522,81<\/b>. Derni\u00e8re mensualit\u00e9 major\u00e9e : <b>\u20ac 11.023,64<\/b>. Montant total d\u00fb : \u20ac 41.869,16.\r\n      <\/p>\r\n<p>\r\n        Exemple repr\u00e9sentatif \u2013 Cr\u00e9dit classique : <b>Pr\u00eat \u00e0 temp\u00e9rament<\/b>. Montant du cr\u00e9dit : \u20ac 35.002,79. Acompte (facultatif) : \u20ac 0. Prix comptant : \u20ac 35.002,79. <b>TAEG (Taux Annuel Effectif Global)<\/b> de <b>5,99 %<\/b>, taux d\u00e9biteur annuel <b>fixe<\/b>: 5,99 %. Dur\u00e9e de <b>60 mois<\/b>. Remboursable en 60 mensualit\u00e9s de <b>\u20ac 673,96<\/b>. Montant total d\u00fb : \u20ac 40.437,85.\r\n      <\/p>\r\n<p>\r\n        Sous r\u00e9serve d\u2019acceptation de votre demande de cr\u00e9dit par Alpha Credit s.a., pr\u00eateur, Montagne du Parc 8\/3, 1000 Bruxelles, TVA BE 0445.781.316, RPM Bruxelles. Annonceur : TCS Mobility S.A., agent \u00e0 titre accessoire, Boulevard Albert II 4, B12, 1000 Bruxelles, TVA BE 1003.765.106, BE93 0019 6639 0767, RPM Bruxelles. La souscription d\u2019un pr\u00eat \u00e0 temp\u00e9rament est soumise \u00e0 la l\u00e9gislation relative au cr\u00e9dit \u00e0 la consommation, et plus sp\u00e9cifiquement au livre VII du Code de droit \u00e9conomique.\r\n      <\/p>\r\n<\/div>\r\n\r\n\r\n\t\t<\/div>\n\t\t\t\t\t<\/div>\n\n\t\r\n\n\t<div id=\"col-316185064\" class=\"col text-container ilustrative-example-container small-12 large-12\"  >\n\t\t\t\t<div class=\"col-inner\"  >\n\t\t\t\n\t\t\t\r\n\r\n<div class=\"legal-text-title\">Attention, emprunter de l\u2019argent co\u00fbte aussi de l\u2019argent.<\/div>\r\n<div class=\"legal-text-content mt-half\">\r\n<p class=\"balloon-financing\">Exemple illustratif \u2013 Cr\u00e9dit ballon : Pr\u00eat \u00e0 temp\u00e9rament avec derni\u00e8re mensualit\u00e9 major\u00e9e. Montant du cr\u00e9dit : \u20ac\u00a0<span id=\"balloon-loan-amount\">35.002,79<\/span>. Acompte (facultatif) : \u20ac\u00a00. Prix comptant: \u20ac\u00a0<span id=\"balloon-price\">35.002,79<\/span>. TAEG (Taux Annuel Effectif Global) de <span id=\"balloon-jkp\">5,99<\/span> %, taux d\u00e9biteur annuel fixe : <span id=\"balloon-interest-rate\">5,99<\/span> %. Dur\u00e9e du cr\u00e9dit : <span id=\"balloon-number-of-months\">60<\/span> mois. Remboursable en <span id=\"balloon-lower-rate-number-of-months\">59<\/span> mensualit\u00e9s de \u20ac\u00a0<span id=\"balloon-rate-per-month\">522,81<\/span>. Derni\u00e8re mensualit\u00e9 major\u00e9e : \u20ac\u00a0<span id=\"balloon-residual-value\">11.023,64<\/span>. Montant total d\u00fb : \u20ac\u00a0<span id=\"balloon-total-financing-cost\">41.869,16<\/span>.<\/p>\r\n<p class=\"classic-financing\">Exemple illustratif \u2013 Cr\u00e9dit classique : Pr\u00eat \u00e0 temp\u00e9rament. Montant du cr\u00e9dit : \u20ac\u00a0<span id=\"classic-loan-amount\">35.002,79<\/span>. Acompte (facultatif) : \u20ac\u00a00. Prix comptant : \u20ac\u00a0<span id=\"classic-price\">35.002,79<\/span>. TAEG (Taux Annuel Effectif Global) de <span id=\"classic-jkp\">5,99<\/span> %, taux d\u00e9biteur annuel fixe: <span id=\"classic-interest-rate\">5,99<\/span> %. Dur\u00e9e de <span id=\"classic-number-of-months\">60<\/span> mois. Remboursable en 60 mensualit\u00e9s de \u20ac\u00a0<span id=\"classic-rate-per-month\">673,96<\/span>. Montant total d\u00fb : \u20ac\u00a0<span id=\"classic-total-financing-cost\">40.437,85<\/span>.<\/p>\r\n<\/div>\r\n\r\n\r\n\t\t<\/div>\n\t\t\t\t\t<\/div>\n\n\t\r\n\n\t<div id=\"col-1104789134\" class=\"col buttons-container small-12 large-12\"  >\n\t\t\t\t<div class=\"col-inner\"  >\n\t\t\t\n\t\t\t\r\n\r\n<a class=\"button success lowercase hideLegalText\"  >\n\t\t<span>Fermer<\/span>\n\t<\/a>\n\r\n\r\n<a href=\"\/fr\/blog\/choisir-la-meilleure-couleur-des-voiture-pour-votre-style\/\" class=\"button white lowercase more-info hidden\"  >\n\t\t<span>Plus d\u2019infos<\/span>\n\t<\/a>\n\r\n\r\n\r\n\t\t<\/div>\n\t\t\t\t\t<\/div>\n\n\t\r\n\r\n<\/div>\n\n\n","protected":false},"excerpt":{"rendered":"<p>D\u00e9couvrez tout sur la vignette Autriche 2025 : prix, validit\u00e9 et conseils pratiques. Pr\u00e9parez votre voyage sereinement d\u00e8s maintenant !<\/p>\n","protected":false},"author":28,"featured_media":13333,"comment_status":"closed","ping_status":"open","sticky":false,"template":"","format":"standard","meta":{"footnotes":""},"categories":[75],"tags":[],"class_list":["post-13329","post","type-post","status-publish","format-standard","has-post-thumbnail","hentry","category-conseils"],"yoast_head":"<!-- This site is optimized with the Yoast SEO Premium plugin v24.0 (Yoast SEO v24.0) - https:\/\/yoast.com\/wordpress\/plugins\/seo\/ -->\n<title>Vignette Autriche 2025 : Voyagez sans souci au-del\u00e0 de la fronti\u00e8re!<\/title>\n<meta name=\"description\" content=\"D\u00e9couvrez tout sur la vignette Autriche 2025 : prix, validit\u00e9 et conseils pratiques. Pr\u00e9parez votre voyage sereinement d\u00e8s maintenant !\" \/>\n<meta name=\"robots\" content=\"index, follow, max-snippet:-1, max-image-preview:large, max-video-preview:-1\" \/>\n<link rel=\"canonical\" href=\"https:\/\/carselect.touring.be\/fr\/blog\/vignette-autriche-2025-voyagez-sans-souci-au-dela-de-la-frontiere\/\" \/>\n<meta property=\"og:locale\" content=\"fr_FR\" \/>\n<meta property=\"og:type\" content=\"article\" \/>\n<meta property=\"og:title\" content=\"Vignette Autriche 2025 : Voyagez sans souci au-del\u00e0 de la fronti\u00e8re !\" \/>\n<meta property=\"og:description\" content=\"D\u00e9couvrez tout sur la vignette Autriche 2025 : prix, validit\u00e9 et conseils pratiques. Pr\u00e9parez votre voyage sereinement d\u00e8s maintenant !\" \/>\n<meta property=\"og:url\" content=\"https:\/\/carselect.touring.be\/fr\/blog\/vignette-autriche-2025-voyagez-sans-souci-au-dela-de-la-frontiere\/\" \/>\n<meta property=\"og:site_name\" content=\"Touring Dealer\" \/>\n<meta property=\"article:published_time\" content=\"2025-03-24T21:48:07+00:00\" \/>\n<meta property=\"article:modified_time\" content=\"2025-07-10T06:49:14+00:00\" \/>\n<meta property=\"og:image\" content=\"https:\/\/carselect.touring.be\/wp-content\/uploads\/2025\/03\/vignette-autriche-2025-1.jpg\" \/>\n\t<meta property=\"og:image:width\" content=\"1000\" \/>\n\t<meta property=\"og:image:height\" content=\"667\" \/>\n\t<meta property=\"og:image:type\" content=\"image\/jpeg\" \/>\n<meta name=\"author\" content=\"Storme Wouter\" \/>\n<meta name=\"twitter:card\" content=\"summary_large_image\" \/>\n<meta name=\"twitter:label1\" content=\"\u00c9crit par\" \/>\n\t<meta name=\"twitter:data1\" content=\"Storme Wouter\" \/>\n\t<meta name=\"twitter:label2\" content=\"Dur\u00e9e de lecture est.\" \/>\n\t<meta name=\"twitter:data2\" content=\"11 minutes\" \/>\n<script type=\"application\/ld+json\" class=\"yoast-schema-graph\">{\"@context\":\"https:\/\/schema.org\",\"@graph\":[{\"@type\":\"Article\",\"@id\":\"https:\/\/carselect.touring.be\/fr\/blog\/vignette-autriche-2025-voyagez-sans-souci-au-dela-de-la-frontiere\/#article\",\"isPartOf\":{\"@id\":\"https:\/\/carselect.touring.be\/fr\/blog\/vignette-autriche-2025-voyagez-sans-souci-au-dela-de-la-frontiere\/\"},\"author\":{\"name\":\"Storme Wouter\",\"@id\":\"https:\/\/carselect.touring.be\/fr\/#\/schema\/person\/ac266868402e795f000a152b0f4fd4d8\"},\"headline\":\"Vignette Autriche 2025 : Voyagez sans souci au-del\u00e0 de la fronti\u00e8re !\",\"datePublished\":\"2025-03-24T21:48:07+00:00\",\"dateModified\":\"2025-07-10T06:49:14+00:00\",\"mainEntityOfPage\":{\"@id\":\"https:\/\/carselect.touring.be\/fr\/blog\/vignette-autriche-2025-voyagez-sans-souci-au-dela-de-la-frontiere\/\"},\"wordCount\":2666,\"publisher\":{\"@id\":\"https:\/\/carselect.touring.be\/fr\/#organization\"},\"image\":{\"@id\":\"https:\/\/carselect.touring.be\/fr\/blog\/vignette-autriche-2025-voyagez-sans-souci-au-dela-de-la-frontiere\/#primaryimage\"},\"thumbnailUrl\":\"\/wp-content\/uploads\/2025\/03\/vignette-autriche-2025-1.jpg\",\"articleSection\":[\"Conseils\"],\"inLanguage\":\"fr-BE\"},{\"@type\":\"WebPage\",\"@id\":\"https:\/\/carselect.touring.be\/fr\/blog\/vignette-autriche-2025-voyagez-sans-souci-au-dela-de-la-frontiere\/\",\"url\":\"https:\/\/carselect.touring.be\/fr\/blog\/vignette-autriche-2025-voyagez-sans-souci-au-dela-de-la-frontiere\/\",\"name\":\"Vignette Autriche 2025 : Voyagez sans souci au-del\u00e0 de la fronti\u00e8re!\",\"isPartOf\":{\"@id\":\"https:\/\/carselect.touring.be\/fr\/#website\"},\"primaryImageOfPage\":{\"@id\":\"https:\/\/carselect.touring.be\/fr\/blog\/vignette-autriche-2025-voyagez-sans-souci-au-dela-de-la-frontiere\/#primaryimage\"},\"image\":{\"@id\":\"https:\/\/carselect.touring.be\/fr\/blog\/vignette-autriche-2025-voyagez-sans-souci-au-dela-de-la-frontiere\/#primaryimage\"},\"thumbnailUrl\":\"\/wp-content\/uploads\/2025\/03\/vignette-autriche-2025-1.jpg\",\"datePublished\":\"2025-03-24T21:48:07+00:00\",\"dateModified\":\"2025-07-10T06:49:14+00:00\",\"description\":\"D\u00e9couvrez tout sur la vignette Autriche 2025 : prix, validit\u00e9 et conseils pratiques. Pr\u00e9parez votre voyage sereinement d\u00e8s maintenant !\",\"breadcrumb\":{\"@id\":\"https:\/\/carselect.touring.be\/fr\/blog\/vignette-autriche-2025-voyagez-sans-souci-au-dela-de-la-frontiere\/#breadcrumb\"},\"inLanguage\":\"fr-BE\",\"potentialAction\":[{\"@type\":\"ReadAction\",\"target\":[\"https:\/\/carselect.touring.be\/fr\/blog\/vignette-autriche-2025-voyagez-sans-souci-au-dela-de-la-frontiere\/\"]}]},{\"@type\":\"ImageObject\",\"inLanguage\":\"fr-BE\",\"@id\":\"https:\/\/carselect.touring.be\/fr\/blog\/vignette-autriche-2025-voyagez-sans-souci-au-dela-de-la-frontiere\/#primaryimage\",\"url\":\"\/wp-content\/uploads\/2025\/03\/vignette-autriche-2025-1.jpg\",\"contentUrl\":\"\/wp-content\/uploads\/2025\/03\/vignette-autriche-2025-1.jpg\",\"width\":1000,\"height\":667,\"caption\":\"vignette autriche 2025\"},{\"@type\":\"BreadcrumbList\",\"@id\":\"https:\/\/carselect.touring.be\/fr\/blog\/vignette-autriche-2025-voyagez-sans-souci-au-dela-de-la-frontiere\/#breadcrumb\",\"itemListElement\":[{\"@type\":\"ListItem\",\"position\":1,\"name\":\"Home\",\"item\":\"https:\/\/carselect.touring.be\/fr\/\"},{\"@type\":\"ListItem\",\"position\":2,\"name\":\"Vignette Autriche 2025 : Voyagez sans souci au-del\u00e0 de la fronti\u00e8re !\"}]},{\"@type\":\"WebSite\",\"@id\":\"https:\/\/carselect.touring.be\/fr\/#website\",\"url\":\"https:\/\/carselect.touring.be\/fr\/\",\"name\":\"Touring CarSelect\",\"description\":\"\",\"publisher\":{\"@id\":\"https:\/\/carselect.touring.be\/fr\/#organization\"},\"potentialAction\":[{\"@type\":\"SearchAction\",\"target\":{\"@type\":\"EntryPoint\",\"urlTemplate\":\"https:\/\/carselect.touring.be\/fr\/?s={search_term_string}\"},\"query-input\":{\"@type\":\"PropertyValueSpecification\",\"valueRequired\":true,\"valueName\":\"search_term_string\"}}],\"inLanguage\":\"fr-BE\"},{\"@type\":\"Organization\",\"@id\":\"https:\/\/carselect.touring.be\/fr\/#organization\",\"name\":\"Touring CarSelect\",\"url\":\"https:\/\/carselect.touring.be\/fr\/\",\"logo\":{\"@type\":\"ImageObject\",\"inLanguage\":\"fr-BE\",\"@id\":\"https:\/\/carselect.touring.be\/fr\/#\/schema\/logo\/image\/\",\"url\":\"\/wp-content\/uploads\/2024\/04\/Touring-Car-Select-Logo.png\",\"contentUrl\":\"\/wp-content\/uploads\/2024\/04\/Touring-Car-Select-Logo.png\",\"width\":154,\"height\":53,\"caption\":\"Touring CarSelect\"},\"image\":{\"@id\":\"https:\/\/carselect.touring.be\/fr\/#\/schema\/logo\/image\/\"}},{\"@type\":\"Person\",\"@id\":\"https:\/\/carselect.touring.be\/fr\/#\/schema\/person\/ac266868402e795f000a152b0f4fd4d8\",\"name\":\"Storme Wouter\",\"image\":{\"@type\":\"ImageObject\",\"inLanguage\":\"fr-BE\",\"@id\":\"https:\/\/carselect.touring.be\/fr\/#\/schema\/person\/image\/\",\"url\":\"https:\/\/secure.gravatar.com\/avatar\/84473de8cbf4200af853908f03b9ea9e?s=96&d=mm&r=g\",\"contentUrl\":\"https:\/\/secure.gravatar.com\/avatar\/84473de8cbf4200af853908f03b9ea9e?s=96&d=mm&r=g\",\"caption\":\"Storme Wouter\"},\"url\":\"https:\/\/carselect.touring.be\/fr\/blog\/author\/storme-wouter\/\"}]}<\/script>\n<!-- \/ Yoast SEO Premium plugin. -->","yoast_head_json":{"title":"Vignette Autriche 2025 : Voyagez sans souci au-del\u00e0 de la fronti\u00e8re!","description":"D\u00e9couvrez tout sur la vignette Autriche 2025 : prix, validit\u00e9 et conseils pratiques. Pr\u00e9parez votre voyage sereinement d\u00e8s maintenant !","robots":{"index":"index","follow":"follow","max-snippet":"max-snippet:-1","max-image-preview":"max-image-preview:large","max-video-preview":"max-video-preview:-1"},"canonical":"https:\/\/carselect.touring.be\/fr\/blog\/vignette-autriche-2025-voyagez-sans-souci-au-dela-de-la-frontiere\/","og_locale":"fr_FR","og_type":"article","og_title":"Vignette Autriche 2025 : Voyagez sans souci au-del\u00e0 de la fronti\u00e8re !","og_description":"D\u00e9couvrez tout sur la vignette Autriche 2025 : prix, validit\u00e9 et conseils pratiques. Pr\u00e9parez votre voyage sereinement d\u00e8s maintenant !","og_url":"https:\/\/carselect.touring.be\/fr\/blog\/vignette-autriche-2025-voyagez-sans-souci-au-dela-de-la-frontiere\/","og_site_name":"Touring Dealer","article_published_time":"2025-03-24T21:48:07+00:00","article_modified_time":"2025-07-10T06:49:14+00:00","og_image":[{"width":1000,"height":667,"url":"https:\/\/carselect.touring.be\/wp-content\/uploads\/2025\/03\/vignette-autriche-2025-1.jpg","type":"image\/jpeg"}],"author":"Storme Wouter","twitter_card":"summary_large_image","twitter_misc":{"\u00c9crit par":"Storme Wouter","Dur\u00e9e de lecture est.":"11 minutes"},"schema":{"@context":"https:\/\/schema.org","@graph":[{"@type":"Article","@id":"https:\/\/carselect.touring.be\/fr\/blog\/vignette-autriche-2025-voyagez-sans-souci-au-dela-de-la-frontiere\/#article","isPartOf":{"@id":"https:\/\/carselect.touring.be\/fr\/blog\/vignette-autriche-2025-voyagez-sans-souci-au-dela-de-la-frontiere\/"},"author":{"name":"Storme Wouter","@id":"https:\/\/carselect.touring.be\/fr\/#\/schema\/person\/ac266868402e795f000a152b0f4fd4d8"},"headline":"Vignette Autriche 2025 : Voyagez sans souci au-del\u00e0 de la fronti\u00e8re !","datePublished":"2025-03-24T21:48:07+00:00","dateModified":"2025-07-10T06:49:14+00:00","mainEntityOfPage":{"@id":"https:\/\/carselect.touring.be\/fr\/blog\/vignette-autriche-2025-voyagez-sans-souci-au-dela-de-la-frontiere\/"},"wordCount":2666,"publisher":{"@id":"https:\/\/carselect.touring.be\/fr\/#organization"},"image":{"@id":"https:\/\/carselect.touring.be\/fr\/blog\/vignette-autriche-2025-voyagez-sans-souci-au-dela-de-la-frontiere\/#primaryimage"},"thumbnailUrl":"\/wp-content\/uploads\/2025\/03\/vignette-autriche-2025-1.jpg","articleSection":["Conseils"],"inLanguage":"fr-BE"},{"@type":"WebPage","@id":"https:\/\/carselect.touring.be\/fr\/blog\/vignette-autriche-2025-voyagez-sans-souci-au-dela-de-la-frontiere\/","url":"https:\/\/carselect.touring.be\/fr\/blog\/vignette-autriche-2025-voyagez-sans-souci-au-dela-de-la-frontiere\/","name":"Vignette Autriche 2025 : Voyagez sans souci au-del\u00e0 de la fronti\u00e8re!","isPartOf":{"@id":"https:\/\/carselect.touring.be\/fr\/#website"},"primaryImageOfPage":{"@id":"https:\/\/carselect.touring.be\/fr\/blog\/vignette-autriche-2025-voyagez-sans-souci-au-dela-de-la-frontiere\/#primaryimage"},"image":{"@id":"https:\/\/carselect.touring.be\/fr\/blog\/vignette-autriche-2025-voyagez-sans-souci-au-dela-de-la-frontiere\/#primaryimage"},"thumbnailUrl":"\/wp-content\/uploads\/2025\/03\/vignette-autriche-2025-1.jpg","datePublished":"2025-03-24T21:48:07+00:00","dateModified":"2025-07-10T06:49:14+00:00","description":"D\u00e9couvrez tout sur la vignette Autriche 2025 : prix, validit\u00e9 et conseils pratiques. Pr\u00e9parez votre voyage sereinement d\u00e8s maintenant !","breadcrumb":{"@id":"https:\/\/carselect.touring.be\/fr\/blog\/vignette-autriche-2025-voyagez-sans-souci-au-dela-de-la-frontiere\/#breadcrumb"},"inLanguage":"fr-BE","potentialAction":[{"@type":"ReadAction","target":["https:\/\/carselect.touring.be\/fr\/blog\/vignette-autriche-2025-voyagez-sans-souci-au-dela-de-la-frontiere\/"]}]},{"@type":"ImageObject","inLanguage":"fr-BE","@id":"https:\/\/carselect.touring.be\/fr\/blog\/vignette-autriche-2025-voyagez-sans-souci-au-dela-de-la-frontiere\/#primaryimage","url":"\/wp-content\/uploads\/2025\/03\/vignette-autriche-2025-1.jpg","contentUrl":"\/wp-content\/uploads\/2025\/03\/vignette-autriche-2025-1.jpg","width":1000,"height":667,"caption":"vignette autriche 2025"},{"@type":"BreadcrumbList","@id":"https:\/\/carselect.touring.be\/fr\/blog\/vignette-autriche-2025-voyagez-sans-souci-au-dela-de-la-frontiere\/#breadcrumb","itemListElement":[{"@type":"ListItem","position":1,"name":"Home","item":"https:\/\/carselect.touring.be\/fr\/"},{"@type":"ListItem","position":2,"name":"Vignette Autriche 2025 : Voyagez sans souci au-del\u00e0 de la fronti\u00e8re !"}]},{"@type":"WebSite","@id":"https:\/\/carselect.touring.be\/fr\/#website","url":"https:\/\/carselect.touring.be\/fr\/","name":"Touring CarSelect","description":"","publisher":{"@id":"https:\/\/carselect.touring.be\/fr\/#organization"},"potentialAction":[{"@type":"SearchAction","target":{"@type":"EntryPoint","urlTemplate":"https:\/\/carselect.touring.be\/fr\/?s={search_term_string}"},"query-input":{"@type":"PropertyValueSpecification","valueRequired":true,"valueName":"search_term_string"}}],"inLanguage":"fr-BE"},{"@type":"Organization","@id":"https:\/\/carselect.touring.be\/fr\/#organization","name":"Touring CarSelect","url":"https:\/\/carselect.touring.be\/fr\/","logo":{"@type":"ImageObject","inLanguage":"fr-BE","@id":"https:\/\/carselect.touring.be\/fr\/#\/schema\/logo\/image\/","url":"\/wp-content\/uploads\/2024\/04\/Touring-Car-Select-Logo.png","contentUrl":"\/wp-content\/uploads\/2024\/04\/Touring-Car-Select-Logo.png","width":154,"height":53,"caption":"Touring CarSelect"},"image":{"@id":"https:\/\/carselect.touring.be\/fr\/#\/schema\/logo\/image\/"}},{"@type":"Person","@id":"https:\/\/carselect.touring.be\/fr\/#\/schema\/person\/ac266868402e795f000a152b0f4fd4d8","name":"Storme Wouter","image":{"@type":"ImageObject","inLanguage":"fr-BE","@id":"https:\/\/carselect.touring.be\/fr\/#\/schema\/person\/image\/","url":"https:\/\/secure.gravatar.com\/avatar\/84473de8cbf4200af853908f03b9ea9e?s=96&d=mm&r=g","contentUrl":"https:\/\/secure.gravatar.com\/avatar\/84473de8cbf4200af853908f03b9ea9e?s=96&d=mm&r=g","caption":"Storme Wouter"},"url":"https:\/\/carselect.touring.be\/fr\/blog\/author\/storme-wouter\/"}]}},"_links":{"self":[{"href":"https:\/\/carselect.touring.be\/fr\/wp-json\/wp\/v2\/posts\/13329","targetHints":{"allow":["GET"]}}],"collection":[{"href":"https:\/\/carselect.touring.be\/fr\/wp-json\/wp\/v2\/posts"}],"about":[{"href":"https:\/\/carselect.touring.be\/fr\/wp-json\/wp\/v2\/types\/post"}],"author":[{"embeddable":true,"href":"https:\/\/carselect.touring.be\/fr\/wp-json\/wp\/v2\/users\/28"}],"replies":[{"embeddable":true,"href":"https:\/\/carselect.touring.be\/fr\/wp-json\/wp\/v2\/comments?post=13329"}],"version-history":[{"count":7,"href":"https:\/\/carselect.touring.be\/fr\/wp-json\/wp\/v2\/posts\/13329\/revisions"}],"predecessor-version":[{"id":13996,"href":"https:\/\/carselect.touring.be\/fr\/wp-json\/wp\/v2\/posts\/13329\/revisions\/13996"}],"wp:featuredmedia":[{"embeddable":true,"href":"https:\/\/carselect.touring.be\/fr\/wp-json\/wp\/v2\/media\/13333"}],"wp:attachment":[{"href":"https:\/\/carselect.touring.be\/fr\/wp-json\/wp\/v2\/media?parent=13329"}],"wp:term":[{"taxonomy":"category","embeddable":true,"href":"https:\/\/carselect.touring.be\/fr\/wp-json\/wp\/v2\/categories?post=13329"},{"taxonomy":"post_tag","embeddable":true,"href":"https:\/\/carselect.touring.be\/fr\/wp-json\/wp\/v2\/tags?post=13329"}],"curies":[{"name":"wp","href":"https:\/\/api.w.org\/{rel}","templated":true}]}}