{"id":13307,"date":"2025-03-18T21:58:14","date_gmt":"2025-03-18T20:58:14","guid":{"rendered":"https:\/\/carselect.touring.be\/blog\/quel-est-le-prix-dune-assurance-auto-par-an-le-guide-complet\/"},"modified":"2025-07-10T09:01:10","modified_gmt":"2025-07-10T07:01:10","slug":"quel-est-le-prix-dune-assurance-auto-par-an-le-guide-complet","status":"publish","type":"post","link":"https:\/\/carselect.touring.be\/fr\/blog\/quel-est-le-prix-dune-assurance-auto-par-an-le-guide-complet\/","title":{"rendered":"Quel est le prix d&rsquo;une assurance auto par an ? Le guide complet"},"content":{"rendered":"\n\n\n<style>\n.banner-carousel div[class$=\"-banner\"] {\n  display: none;\n}\n\n.banner-carousel div[class$=\"-banner\"]:first-child,\n.banner-carousel.flickity-enabled div[class$=\"-banner\"] {\n  display: inline-flex;\n} \n\n  .roadside-margin-top {\n    margin-top: 0px;\n  }\n\n  .roadside-margin-top-stock {\n    margin-top: 24px;\n  }\n\n  .roadside-assistance-banner {\n    background-color: #E4EDF4;\n    color: var(--primary-color);\n    text-align: center;\n    height: 56px;\n    font-weight: bold;\n    position: static;\n    box-shadow: rgba(0, 0, 0, 0.15) 1px 1px 10px;\n  }\n\n  .roadside-assistance-banner img {\n    height: 30px;\n  }\n\n  .roadside-assistance-banner .full-banner-button {\n    color: var(--primary-color);\n    cursor: pointer;\n    display: inline-flex;\n    align-items: center;\n    justify-content: center;\n    height: 56px;\n  }\n\n.banner-carousel-container .quality-check-banner, \n.banner-carousel-container  .roadside-banner, \n.banner-carousel-container .stock-banner {\n    color: var(--primary-color);\n    display: inline-flex;\n    align-items: center;\n    justify-content: center;\n    height: 56px;\n  }\n\n  .roadside-assistance-banner.mobile-only .banner-text {\n    padding-right: 8px;\n    padding-left: 8px;\n    margin: 0px;\n  }\n\n  .roadside-assistance-banner .banner-text {\n    font-weight: bold;\n    margin-right: 24px;\n    margin-left: 8px;\n    font-size: 18px;\n  }\n\n  .roadside-assistance-banner.desktop-only {\n    height: 56px;\n    line-height: 56px;\n    width: 100%;\n  }\n  \n  .more-info-button {\n    color: white;\n    background-color: var(--primary-color);\n    padding: 6px 10px;\n    cursor: pointer;\n    border-radius: 5px;\n  }\n\n  .more-info-button:hover, .blog-single a:focus {\n    color: white!important;\n  }\n\n  .roadside-assistance-popup .roadside-assistance-title {\n    text-align: center;\n    margin-bottom: 8px; line-height: 15px;\n  }\n\n .roadside-assistance-popup .roadside-assistance-list {\n    display: flex;\n    flex-direction: column;\n    font-size: 16px;\n  }\n\n .roadside-assistance-popup .roadside-assistance-item {\n    display: flex;\n    align-items: baseline;\n    position: relative;\n    margin-bottom: 10px;\n  }\n\n .roadside-assistance-popup .roadside-assistance-circle {\n    width: 20px;\n    min-width: 20px;\n    height: 20px;\n    border-radius: 50%;\n    background-color: var(--primary-color);\n    display: flex;\n    justify-content: center;\n    align-items: center;\n    font-weight: bold;\n    position: relative;\n    color: white;\n  }\n\n .roadside-assistance-popup .roadside-assistance-text {\n    margin-left: 8px;\n    color: var(--primary-color);\n    line-height: 16px;\n  }\n\n .roadside-assistance-popup .roadside-assistance-item:not(:last-child)::before {\n    content: \"\";\n    position: absolute;\n    width: 1px;\n    height: 28px;\n    background-color: var(--primary-color);\n    left: 10px;\n    top: 20px;\n  }\n\n .roadside-assistance-popup .roadside-assistance-item:nth-child(3)::after {\n    content: \"\";\n    position: absolute;\n    left: 7px;\n    top: 40px;\n    border: solid var(--primary-color);\n    border-width: 0 1px 1px 0;\n    padding: 3px;\n    transform: rotate(45deg);\n    -webkit-transform: rotate(45deg);\n  }\n\n  .roadside-assistance-popup .roadside-assistance-item:last-child {\n    padding-top: 20px;\n  }\n\n  .roadside-assistance-popup .roadside-assistance-item:last-child .roadside-assistance-circle {\n    padding-top: 1px;\n    background-color: #08ccb4;\n    color: white;\n  }\n\n  .roadside-assistance-popup .roadside-assistance-sublist {\n    color:var(--primary-color);\n    font-size: 16px;\n    padding-left: 28px;\n  }\n\n  .roadside-assistance-popup .roadside-assistance-sublist .checkmark {\n    color: var(--primary-color);\n  }\n\n  .roadside-assistance-popup.lightbox-content {\n    background-color: unset;\n    box-shadow: unset;\n  }\n\n  .roadside-assistance-popup .dialog-container > .col-inner {\n    box-shadow: 3px 3px 20px 0 rgba(0, 0, 0, .15);\n  }\n\n  @media only screen and (max-width: 800px) {\n    .roadside-assistance-banner {\n      z-index: 1000;\n    }\n\n    .roadside-assistance-banner.mobile-only {\n      display: block !important;\n    }\n\n    .roadside-assistance-banner.desktop-only {\n      display: none;\n    }\n  }\n\n  @media only screen and (min-width: 801px) {\n    .roadside-assistance-banner {\n      z-index: 8;\n    }\n\n    .roadside-assistance-banner.mobile-only {\n      display: none;\n    }\n\n    .roadside-assistance-banner.desktop-only {\n      display: block;\n    }\n  }\n\n  @media only screen and (max-width: 548px) {\n    #stock-general .stock-general__header-order--3 {\n      margin-top: 12px;\n    }\n  }\n  .roadside-assistance-popup .service-link.button.close {\n    font-size: 16px;\n    margin-left: 8px;\n  }\n\n  .roadside-assistance-popup .car-item-detail {\n    align-items: center;\n  }\n\n  .article-text, .default-text  {\n    display: none;\n  }\n\n  @media only screen and (max-width: 500px) {\n    .roadside-assistance-banner.mobile-only .banner-text {\n      font-size: 14px;\n      line-height: 16px;\n    }\n  }\n\n  @media only screen and (max-width: 405px) {\n    .roadside-assistance-banner.mobile-only .article-text {\n      width: 75%;\n    }\n  }\n\n  .roadside-assistance-banner.mobile-only img {\n    margin-left: 8px;\n  }\n\n  article .roadside-assistance-banner {\n    width: 100vw !important;\n    margin-left: calc(50% - 50vw);\n  }\n<\/style>\n\n\n\n<div class=\"roadside-assistance-banner desktop-only banner-carousel-container\"> \n  <div class=\"banner-carousel\">\n    <div class=\"quality-check-banner\">\n<svg width=\"24\" height=\"24\" viewBox=\"0 0 24 24\" fill=\"none\" xmlns=\"http:\/\/www.w3.org\/2000\/svg\">\n<path d=\"M4 12.5L9.5 17L19 7\" stroke=\"#00418c\" stroke-width=\"2.5\" stroke-linecap=\"round\" stroke-linejoin=\"round\"\/>\n<\/svg>\n      <span class=\"banner-text\">\nContr\u00f4les de qualit\u00e9 par Touring\n      <\/span>\n    <\/div>\n    <div class=\"roadside-banner\">\n<svg width=\"24\" height=\"24\" viewBox=\"0 0 24 24\" fill=\"none\" xmlns=\"http:\/\/www.w3.org\/2000\/svg\">\n<path d=\"M4 12.5L9.5 17L19 7\" stroke=\"#00418c\" stroke-width=\"2.5\" stroke-linecap=\"round\" stroke-linejoin=\"round\"\/>\n<\/svg>\n      <span class=\"banner-text default-text\">\n12 mois de d\u00e9pannage offerts\n      <\/span>\n      <span class=\"banner-text article-text\">\nD\u00e9couvrez notre large stock de voitures d\u2019occasion fiables\n      <\/span>\n    <\/div>\n    <div class=\"stock-banner\">\n<svg width=\"24\" height=\"24\" viewBox=\"0 0 24 24\" fill=\"none\" xmlns=\"http:\/\/www.w3.org\/2000\/svg\">\n<path d=\"M4 12.5L9.5 17L19 7\" stroke=\"#00418c\" stroke-width=\"2.5\" stroke-linecap=\"round\" stroke-linejoin=\"round\"\/>\n<\/svg>\n      <span class=\"banner-text\">\n<span class=\"stock-count\">0<\/span> voitures disponibles\n      <\/span>\n    <\/div>\n  <\/div>\n<\/div>\n\n\n\n<div class=\"roadside-assistance-banner mobile-only banner-carousel-container\"> \n  <div class=\"banner-carousel\">\n    <div class=\"quality-check-banner\">\n<svg width=\"24\" height=\"24\" viewBox=\"0 0 24 24\" fill=\"none\" xmlns=\"http:\/\/www.w3.org\/2000\/svg\">\n<path d=\"M4 12.5L9.5 17L19 7\" stroke=\"#00418c\" stroke-width=\"2.5\" stroke-linecap=\"round\" stroke-linejoin=\"round\"\/>\n<\/svg>\n      <span class=\"banner-text\">\nContr\u00f4les de qualit\u00e9 par Touring\n      <\/span>\n    <\/div>\n    <div class=\"roadside-banner\">\n<svg width=\"24\" height=\"24\" viewBox=\"0 0 24 24\" fill=\"none\" xmlns=\"http:\/\/www.w3.org\/2000\/svg\">\n<path d=\"M4 12.5L9.5 17L19 7\" stroke=\"#00418c\" stroke-width=\"2.5\" stroke-linecap=\"round\" stroke-linejoin=\"round\"\/>\n<\/svg>\n        <span class=\"banner-text default-text\">\n12 mois de d\u00e9pannage offerts\n        <\/span>\n        <span class=\"banner-text article-text\">\nD\u00e9couvrez notre large stock de voitures d\u2019occasion fiables\n        <\/span>\n    <\/div>\n    <div class=\"stock-banner\">\n<svg width=\"24\" height=\"24\" viewBox=\"0 0 24 24\" fill=\"none\" xmlns=\"http:\/\/www.w3.org\/2000\/svg\">\n<path d=\"M4 12.5L9.5 17L19 7\" stroke=\"#00418c\" stroke-width=\"2.5\" stroke-linecap=\"round\" stroke-linejoin=\"round\"\/>\n<\/svg>\n      <span class=\"banner-text\">\n<span class=\"stock-count\">0<\/span> voitures disponibles\n      <\/span>\n    <\/div>\n  <\/div>\n<\/div>\n\n<div class=\"row align-center roadside-assistance-popup lightbox-by-id lightbox-content lightbox-white mfp-hide\"  id=\"row-638920787\">\n\n\n\t<div id=\"col-1271674462\" class=\"col dialog-container medium-6 small-12 large-6\"  >\n\t\t\t\t<div class=\"col-inner\" style=\"background-color:rgb(255, 255, 255);\" >\n\t\t\t\n\t\t\t\n\n\t<div class=\"img has-hover x md-x lg-x y md-y lg-y\" id=\"image_423281892\">\n\t\t\t\t\t\t\t\t<div class=\"img-inner dark\" >\n\t\t\t<img loading=\"lazy\" decoding=\"async\" width=\"1020\" height=\"680\" src=\"\/wp-content\/uploads\/2025\/04\/Touring_221026_3058_NL-1-1024x683.webp\" class=\"attachment-large size-large\" alt=\"Roadside Assistance Banner NL\" srcset=\"\/wp-content\/uploads\/2025\/04\/Touring_221026_3058_NL-1-1024x683.webp 1024w, \/wp-content\/uploads\/2025\/04\/Touring_221026_3058_NL-1-300x200.webp 300w, \/wp-content\/uploads\/2025\/04\/Touring_221026_3058_NL-1-768x512.webp 768w, \/wp-content\/uploads\/2025\/04\/Touring_221026_3058_NL-1-1536x1024.webp 1536w, \/wp-content\/uploads\/2025\/04\/Touring_221026_3058_NL-1-2048x1365.webp 2048w\" sizes=\"auto, (max-width: 1020px) 100vw, 1020px\" \/>\t\t\t\t\t\t\n\t\t\t\t\t<\/div>\n\t\t\t\t\t\t\t\t\n<style>\n#image_423281892 {\n  width: 100%;\n}\n<\/style>\n\t<\/div>\n\t\n\n<div class=\"row\"  id=\"row-1442329541\">\n\n\n\t<div id=\"col-807485215\" class=\"col small-12 large-12\"  >\n\t\t\t\t<div class=\"col-inner\"  >\n\t\t\t\n\t\t\t\n\n\n\n<p data-text-color=\"primary\" class=\"roadside-assistance-title\">\n  <strong>12 mois d\u2019assistance d\u00e9pannage offerts sur tous les v\u00e9hicules<\/strong>\n<\/p>\n<div class=\"roadside-assistance-list\">\n  <div class=\"roadside-assistance-item\">\n      <div class=\"roadside-assistance-circle\">1<\/div>\n      <div class=\"roadside-assistance-text\">Trouvez votre v\u00e9hicule<\/div>\n  <\/div>\n  <div class=\"roadside-assistance-item\">\n      <div class=\"roadside-assistance-circle\">2<\/div>\n      <div class=\"roadside-assistance-text\">Rendez-vous dans votre concession<\/div>\n  <\/div>\n  <div class=\"roadside-assistance-item\">\n      <div class=\"roadside-assistance-circle\">3<\/div>\n      <div class=\"roadside-assistance-text\">Le vendeur active instantan\u00e9ment votre assistance<\/div>\n  <\/div>\n  <div class=\"roadside-assistance-item\">\n      <div class=\"roadside-assistance-circle\">\u2713<\/div>\n      <div class=\"roadside-assistance-text\"><strong>Profitez de votre assistance pendant 12 mois<\/strong><\/div>\n  <\/div>\n<\/div>\n<div class=\"roadside-assistance-sublist\">\n<div>\n<span class=\"checkmark \">\u2713<\/span>\n<span>Dans toute la Belgique<\/span>\n<\/div>\n<div>\n<span class=\"checkmark \">\u2713<\/span>\n<span>V\u00e9hicule de remplacement<\/span>\n<\/div>\n<\/div>\n\n\n\t\t<\/div>\n\t\t\t\t\t<\/div>\n\n\t\n\n\t<div id=\"col-468434579\" class=\"col small-12 large-12\"  >\n\t\t\t\t<div class=\"col-inner\"  >\n\t\t\t\n\t\t\t\n\n\n\n<div class=\"car-item-detail d-flex\"> \n         <a href=\"https:\/\/carselect.touring.be\/fr\/services-solutions\/#roadside-assistance\">\n         <div class=\"more-info-button bold\">\n Plus d\u2019information\n         <\/div>\n           <\/a>\n<button class=\"button success lowercase service-link close\">Fermer<\/button>\n      <\/div>\n\n\n\t\t<\/div>\n\t\t\t\t\t<\/div>\n\n\t\n\n\n<style>\n#row-1442329541 > .col > .col-inner {\n  padding: 0px 24px 0px 24px;\n}\n<\/style>\n<\/div>\n\n\t\t<\/div>\n\t\t\t\t\t<\/div>\n\n\t\n\n<\/div>\n\n\n<script>\ndocument.querySelector('.roadside-assistance-popup').setAttribute('id', 'roadside-assistance-popup');\n\ndocument.querySelector('.roadside-assistance-popup .button.close').addEventListener('click', function() {\n$.magnificPopup.close();\n});\n\nif (window.location.pathname.includes(\"blog\")) {\n  const toShow = document.querySelectorAll(\".article-text\");\n  toShow.forEach(el => {\n    el.style.display=\"inline\";\n  });\n} else {\n  const toShow = document.querySelectorAll(\".default-text\");\n  toShow.forEach(el => {\n    el.style.display=\"inline\";\n  });\n}\n<\/script>\n\n\n\n\t<section class=\"section news-details\" id=\"section_289463224\">\n\t\t<div class=\"section-bg fill\" >\n\t\t\t\t\t\t\t\t\t\n\t\t\t\n\n\t\t<\/div>\n\n\t\t\n\n\t\t<div class=\"section-content relative\">\n\t\t\t\n\n<div class=\"row row-large\"  id=\"row-1358423829\">\n\n\n\t<div id=\"col-1542808972\" class=\"col medium-8 small-12 large-8\"  >\n\t\t\t\t<div class=\"col-inner\"  >\n\t\t\t\n\t\t\t\n\n<div class=\"container section-title-container\" ><h1 class=\"section-title section-title-normal\"><b><\/b><span class=\"section-title-main\" >Quel est le prix d'une assurance auto par an ? D\u00e9couvrez le co\u00fbt total et les facteurs qui l\u2019influencent<\/span><b><\/b><\/h1><\/div>\n\n\n\t\t<\/div>\n\t\t\t\t\n<style>\n#col-1542808972 > .col-inner {\n  padding: 0px 0px 0px 0px;\n  margin: 0px 0px 0px 0px;\n}\n<\/style>\n\t<\/div>\n\n\t\n\n\t<div id=\"col-520355288\" class=\"col small-12 large-12\"  >\n\t\t\t\t<div class=\"col-inner\"  >\n\t\t\t\n\t\t\t\n\n\t<div class=\"img has-hover x md-x lg-x y md-y lg-y\" id=\"image_1295522181\">\n\t\t\t\t\t\t\t\t<div class=\"img-inner dark\" >\n\t\t\t<img loading=\"lazy\" decoding=\"async\" width=\"1000\" height=\"666\" src=\"\/wp-content\/uploads\/2025\/03\/headerimage-hoeveel-kost-een-autoverzekering.jpg\" class=\"attachment-large size-large\" alt=\"hoeveel kost een autoverzekering\" srcset=\"\/wp-content\/uploads\/2025\/03\/headerimage-hoeveel-kost-een-autoverzekering.jpg 1000w, \/wp-content\/uploads\/2025\/03\/headerimage-hoeveel-kost-een-autoverzekering-300x200.jpg 300w, \/wp-content\/uploads\/2025\/03\/headerimage-hoeveel-kost-een-autoverzekering-768x511.jpg 768w\" sizes=\"auto, (max-width: 1000px) 100vw, 1000px\" \/>\t\t\t\t\t\t\n\t\t\t\t\t<\/div>\n\t\t\t\t\t\t\t\t\n<style>\n#image_1295522181 {\n  width: 100%;\n}\n<\/style>\n\t<\/div>\n\t\n\n\n\t\t<\/div>\n\t\t\t\t\n<style>\n#col-520355288 > .col-inner {\n  margin: 0px 0px 25px 0px;\n}\n<\/style>\n\t<\/div>\n\n\t\n\n\t<div id=\"col-616245291\" class=\"col medium-8 small-12 large-8\"  >\n\t\t\t\t<div class=\"col-inner\"  >\n\t\t\t\n\t\t\t\n\n<p>Quel est le prix d&rsquo;une assurance auto ? C&rsquo;est l&rsquo;une des premi\u00e8res questions que l&rsquo;on se pose lorsqu&rsquo;on ach\u00e8te une voiture ou que l&rsquo;on souhaite changer d&rsquo;assureur. Le co\u00fbt d&rsquo;une assurance auto d\u00e9pend de plusieurs crit\u00e8res, notamment l&rsquo;\u00e2ge du conducteur, son exp\u00e9rience au volant, le type de v\u00e9hicule et la formule d&rsquo;assurance choisie. Certains conducteurs paient quelques centaines d\u2019euros par an, tandis que d\u2019autres doivent d\u00e9bourser plus de 2.500 \u20ac.   <\/p>\n<p>Lors du choix d\u2019une assurance auto, il ne faut pas seulement se concentrer sur le prix, mais aussi sur la couverture la plus adapt\u00e9e \u00e0 votre situation. Une offre \u00e0 bas prix peut sembler avantageuse au d\u00e9part, mais elle peut s&rsquo;av\u00e9rer co\u00fbteuse si certaines garanties essentielles font d\u00e9faut. Il est donc crucial de bien d\u00e9finir vos besoins et de chercher des moyens de r\u00e9duire votre prime sans compromettre votre s\u00e9curit\u00e9 et votre tranquillit\u00e9 d&rsquo;esprit.  <\/p>\n<p>Dans cet article, nous vous offrons un aper\u00e7u clair des co\u00fbts moyens d\u2019une assurance auto en Belgique, des \u00e9l\u00e9ments qui influencent son prix et des strat\u00e9gies pour \u00e9conomiser sur votre prime. L\u2019objectif est que vous puissiez prendre une d\u00e9cision \u00e9clair\u00e9e sans avoir l\u2019impression de payer trop cher. <\/p>\n<div class=\"container section-title-container\" ><h2 class=\"section-title section-title-normal\"><b><\/b><span class=\"section-title-main\" >Quels \u00e9l\u00e9ments influencent le prix d\u2019une assurance auto<\/span><b><\/b><\/h2><\/div>\n\n<p>Le tarif d\u2019une assurance auto en Belgique repose sur plusieurs facteurs. Les assureurs calculent leurs primes en fonction d\u2019une \u00e9valuation des risques. Certaines statistiques indiquent que le profil du conducteur, son lieu de r\u00e9sidence ou encore les caract\u00e9ristiques du v\u00e9hicule ont une influence directe sur ces risques, ce qui entra\u00eene des ajustements de la prime. Plus le risque est \u00e9lev\u00e9, plus l\u2019assurance est co\u00fbteuse.   <\/p>\n<p>Voici les principaux \u00e9l\u00e9ments qui d\u00e9terminent le prix d\u2019une assurance auto :<\/p>\n<div class=\"container section-title-container\" ><h3 class=\"section-title section-title-normal\"><b><\/b><span class=\"section-title-main\" >Type d\u2019assurance auto (Responsabilit\u00e9 Civile &amp; Omnium)<\/span><b><\/b><\/h3><\/div>\n\n<p>En Belgique, l\u2019assurance responsabilit\u00e9 civile (RC auto) est obligatoire pour tout v\u00e9hicule circulant sur la voie publique. Elle couvre les dommages caus\u00e9s aux tiers, mais pas ceux subis par votre propre v\u00e9hicule. C&rsquo;est la formule la plus abordable, mais pour les propri\u00e9taires de voitures neuves ou co\u00fbteuses, il peut \u00eatre plus judicieux d\u2019opter pour une couverture plus large.  <\/p>\n<p>D\u2019autres garanties sp\u00e9cifiques, comme l\u2019assistance, la protection juridique ou l\u2019assurance conducteur, peuvent \u00e9galement \u00eatre ajout\u00e9es en fonction des besoins.<\/p>\n<div class=\"container section-title-container\" ><h4 class=\"section-title section-title-normal\"><b><\/b><span class=\"section-title-main\" >Mini-Omnium : Une protection contre les dommages externes<\/span><b><\/b><\/h4><\/div>\n\n<p>L\u2019assurance mini-omnium offre une couverture suppl\u00e9mentaire contre le vol, l\u2019incendie, la casse de vitres, les catastrophes naturelles et les collisions avec des animaux. C\u2019est un choix populaire pour ceux qui souhaitent une protection renforc\u00e9e sans supporter le co\u00fbt d\u2019une full-omnium. <\/p>\n<p><span style=\"font-weight: 400\">Certains assureurs, comme<\/span> <a href=\"https:\/\/ag.be\/particulieren\/fr\"><span style=\"font-weight: 400\">AG<\/span><\/a>, proposent <span style=\"font-weight: 400\">\u00e9galement une mini-omnium limit\u00e9e, couvrant uniquement les dommages li\u00e9s aux catastrophes naturelles ou aux catastrophes naturelles et bris de glace.<\/span><\/p>\n<div class=\"container section-title-container\" ><h4 class=\"section-title section-title-normal\"><b><\/b><span class=\"section-title-main\" >Full-Omnium : Une couverture compl\u00e8te incluant vos propres dommages<\/span><b><\/b><\/h4><\/div>\n\n<p>L\u2019assurance full-omnium couvre non seulement les dommages externes, mais aussi ceux caus\u00e9s \u00e0 votre propre v\u00e9hicule, m\u00eame en cas d\u2019accident responsable. C&rsquo;est une option int\u00e9ressante pour les propri\u00e9taires de voitures neuves ou haut de gamme, ainsi que pour ceux ayant un financement en cours. Bien que la prime soit nettement plus \u00e9lev\u00e9e que pour une RC auto avec mini-omnium, elle garantit une protection maximale.  <\/p>\n<div class=\"container section-title-container\" ><h3 class=\"section-title section-title-normal\"><b><\/b><span class=\"section-title-main\" >\u00c2ge et exp\u00e9rience de conduite<\/span><b><\/b><\/h3><\/div>\n\n<div class=\"container section-title-container\" ><h4 class=\"section-title section-title-normal\"><b><\/b><span class=\"section-title-main\" >Les jeunes conducteurs paient une prime plus \u00e9lev\u00e9e<\/span><b><\/b><\/h4><\/div>\n\n<p>Les conducteurs de moins de 25 ant sont consid\u00e9r\u00e9s comme plus \u00e0 risque par les assureurs. Les statistiques montrent que les jeunes conducteurs sont plus souvent impliqu\u00e9s dans des accidents de la route, en particulier durant les premi\u00e8res ann\u00e9es suivant l\u2019obtention de leur permis de conduire (source :<a href=\"https:\/\/cms.assuralia.be\/sites\/default\/files\/2024-12\/Evolutie-schadefrequentie-BA%20motorrijtuigen.pdf\"><span style=\"font-weight: 400\"> Assuralia<\/span><\/a>). Ce risque accru se traduit directement par des primes d\u2019assurance plus \u00e9lev\u00e9es.  <\/p>\n<div class=\"container section-title-container\" ><h4 class=\"section-title section-title-normal\"><b><\/b><span class=\"section-title-main\" >Les conducteurs exp\u00e9riment\u00e9s b\u00e9n\u00e9ficient de r\u00e9ductions gr\u00e2ce aux ann\u00e9es sans sinistre<\/span><b><\/b><\/h4><\/div>\n\n<p>Pour les conducteurs plus \u00e2g\u00e9s et exp\u00e9riment\u00e9s, qui n\u2019ont d\u00e9clar\u00e9 aucun sinistre pendant plusieurs ann\u00e9es, les assureurs appliquent un syst\u00e8me de Bonus Malus. Ce m\u00e9canisme r\u00e9compense les conducteurs prudents en r\u00e9duisant progressivement leur prime d\u2019assurance.  <\/p>\n<p><span style=\"font-weight: 400\">Outre l\u2019historique des sinistres, l\u2019exp\u00e9rience de conduite joue \u00e9galement un r\u00f4le dans le calcul de la prime. Un conducteur qui poss\u00e8de son permis depuis plusieurs ann\u00e9es pr\u00e9sente un risque moindre qu\u2019un conducteur novice. <\/span><\/p>\n<p><b>Conseil<\/b> : Pour un jeune conducteur, il est pr\u00e9f\u00e9rable de choisir un v\u00e9hicule avec une faible valeur catalogue et une motorisation modeste afin de maintenir la prime \u00e0 un niveau abordable. Vous \u00eates un conducteur d\u00e9butant et souhaitez trouver la meilleure assurance auto ? Consultez notre article sur l\u2019assurance auto<a href=\"https:\/\/carselect.touring.be\/fr\/blog\/assurance-jeune-conducteur-en-belgique-quelles-sont-les-options\/\"><b> pour jeunes conducteurs.<\/b><\/a>  <\/p>\n<div class=\"container section-title-container\" ><h3 class=\"section-title section-title-normal\"><b><\/b><span class=\"section-title-main\" >Type de v\u00e9hicule et puissance<\/span><b><\/b><\/h3><\/div>\n\n<p><span style=\"font-weight: 400\">Le type de v\u00e9hicule \u00e0 assurer a un impact direct sur le co\u00fbt de la prime. Les voitures plus puissantes, comme les SUV ou les mod\u00e8les sportifs, sont consid\u00e9r\u00e9es comme plus risqu\u00e9es, ce qui entra\u00eene une prime plus \u00e9lev\u00e9e en responsabilit\u00e9 civile. &nbsp; De plus, certains v\u00e9hicules sont plus expos\u00e9s aux vols, notamment les SUV et certaines berlines haut de gamme. Ce facteur peut \u00e9galement influencer la prime d\u2019assurance, en particulier pour les garanties Mini-Omnium et Full-Omnium. <\/span><\/p>\n<p><b>Conseil:<\/b><span style=\"font-weight: 400\"> Opter pour une voiture d\u2019occasion avec une motorisation r\u00e9duite permet non seulement de r\u00e9duire le co\u00fbt d\u2019achat, mais aussi de b\u00e9n\u00e9ficier d\u2019une assurance auto moins on\u00e9reuse. <\/span><\/p>\n\n\n<script type=\"text\/javascript\">\n    var seoPlugins = window.seoPlugins || [];\n\n    seoPlugins.push({\n        \"PluginCode\": \"a9f957e3-d8b9-4005-bf73-c81df6fc4833\",\n        \"PluginName\": \"#compactestadswagen\",\n        \"FilterCookie\": {\"BodyworkTypeIds\":[\"2\"]}\n    })\n\n    window.seoPlugins = seoPlugins;\n\n    var seoPlugins = window.seoPlugins || [];\n\n    for (var i = 0; i < seoPlugins.length; i++) {\n        var pluginData = seoPlugins[i];\n        CFM.API.enable(pluginData.PluginCode, pluginData.PluginName, null, {\n            FilterCookie: pluginData.FilterCookie\n        });\n    }\n<\/script>\n<div id=\"compactestadswagen\"><\/div>\n\n<div class=\"container section-title-container\" ><h3 class=\"section-title section-title-normal\"><b><\/b><span class=\"section-title-main\" >Le nombre de kilom\u00e8tres parcourus<\/span><b><\/b><\/h3><\/div>\n\n<div class=\"container section-title-container\" ><h4 class=\"section-title section-title-normal\"><b><\/b><span class=\"section-title-main\" >Moins vous roulez, moins vous payez<\/span><b><\/b><\/h4><\/div>\n\n<p>Le nombre de kilom\u00e8tres parcourus chaque ann\u00e9e a une influence directe sur la prime d\u2019assurance. Plus vous roulez, plus le risque d\u2019accident augmente, ce qui se traduit par une prime plus \u00e9lev\u00e9e. <\/p>\n<div class=\"container section-title-container\" ><h4 class=\"section-title section-title-normal\"><b><\/b><span class=\"section-title-main\" >Des formules adapt\u00e9es aux petits rouleurs<\/span><b><\/b><\/h4><\/div>\n\n<p>Certaines compagnies proposent des assurances bas\u00e9es sur le kilom\u00e9trage annuel, ajustant la prime selon l\u2019usage r\u00e9el du v\u00e9hicule. Certains assureurs appliquent un tarif au kilom\u00e8tre, avec une facturation annuelle calcul\u00e9e sur les kilom\u00e8tres r\u00e9ellement parcourus, tandis que d\u2019autres utilisent des paliers kilom\u00e9triques (par exemple, entre 7.500 et 15.000 km\/an), permettant de choisir une couverture adapt\u00e9e. Cette approche offre ainsi une prime d\u2019assurance ajust\u00e9e \u00e0 vos besoins r\u00e9els.<\/p>\n<div class=\"container section-title-container\" ><h3 class=\"section-title section-title-normal\"><b><\/b><span class=\"section-title-main\" >Lieu de r\u00e9sidence et profil de risque<\/span><b><\/b><\/h3><\/div>\n\n<p><span style=\"font-weight: 400\">Le lieu o\u00f9 vous habitez joue un r\u00f4le cl\u00e9 dans le calcul de la prime d\u2019assurance. Les conducteurs r\u00e9sidant dans des grandes villes comme Bruxelles, Anvers ou Gand paient g\u00e9n\u00e9ralement une prime plus \u00e9lev\u00e9e que ceux vivant en zones rurales. Cela s\u2019explique par un risque accru d\u2019accidents li\u00e9 \u00e0 la densit\u00e9 du trafic et aux situations routi\u00e8res plus complexes.  <\/span><\/p>\n<p><span style=\"font-weight: 400\">Le risque de vol impacte \u00e9galement la prime des assurances Mini-Omnium et Full-Omnium. Si vous habitez dans une zone o\u00f9 les vols de voitures sont plus fr\u00e9quents, votre prime sera plus \u00e9lev\u00e9e. Les assureurs se basent sur des statistiques r\u00e9gionales pour ajuster leurs tarifs.  <\/span><\/p>\n<div class=\"container section-title-container\" ><h3 class=\"section-title section-title-normal\"><b><\/b><span class=\"section-title-main\" >Ann\u00e9es sans sinistre et syst\u00e8me Bonus-Malus<\/span><b><\/b><\/h3><\/div>\n\n<p><span style=\"font-weight: 400\">Les conducteurs qui ne d\u00e9clarent aucun sinistre pendant plusieurs ann\u00e9es sont r\u00e9compens\u00e9s par des primes d\u2019assurance plus basses. Le syst\u00e8me Bonus-Malus permet de r\u00e9compenser les automobilistes prudents en r\u00e9duisant leur coefficient de risque, ce qui entra\u00eene une diminution du co\u00fbt de l\u2019assurance auto. <\/span><\/p>\n<p><span style=\"font-weight: 400\">Chez certains assureurs, la prime reste stable apr\u00e8s un premier sinistre ou le Bonus-Malus est bloqu\u00e9 au niveau le plus bas, m\u00eame apr\u00e8s un accident responsable. D\u2019autres compagnies appliquent une augmentation pouvant d\u00e9passer 20 % apr\u00e8s un accident en tort. <\/span><\/p>\n<p><span style=\"font-weight: 400\">En moyenne, un conducteur belge est responsable d\u2019un accident causant des dommages \u00e0 un tiers tous les 20 ans.<\/span><\/p>\n<div class=\"container section-title-container\" ><h3 class=\"section-title section-title-normal\"><b><\/b><span class=\"section-title-main\" >Syst\u00e8mes de s\u00e9curit\u00e9 dans les v\u00e9hicules<\/span><b><\/b><\/h3><\/div>\n\n<p><span style=\"font-weight: 400\">Les voitures \u00e9quip\u00e9es de syst\u00e8mes d\u2019aide \u00e0 la conduite comme<\/span> <span style=\"font-weight: 400\">le r\u00e9gulateur de vitesse adaptatif<\/span>, <span style=\"font-weight: 400\">l\u2019assistance au maintien de voie et la d\u00e9tection des angles morts r\u00e9duisent consid\u00e9rablement le risque d\u2019accident. Certains assureurs prennent ces technologies en compte et peuvent ainsi offrir une prime d\u2019assurance plus avantageuse.<\/span><\/p>\n<p><span style=\"font-weight: 400\">Outre les syst\u00e8mes d\u2019aide \u00e0 la conduite, la s\u00e9curit\u00e9 antivol joue \u00e9galement un r\u00f4le. Une voiture \u00e9quip\u00e9e d\u2019une alarme, d\u2019un syst\u00e8me antid\u00e9marrage ou d\u2019un traceur GPS est moins susceptible d\u2019\u00eatre vol\u00e9e, ou plus facile \u00e0 retrouver en cas de vol. Pour les v\u00e9hicules haut de gamme ou les mod\u00e8les fr\u00e9quemment cibl\u00e9s par les voleurs, certains assureurs exigent m\u00eame l\u2019installation d\u2019un syst\u00e8me d\u2019alarme agr\u00e9\u00e9 afin de b\u00e9n\u00e9ficier de la couverture vol.  <\/span><\/p>\n\t<div class=\"img has-hover x md-x lg-x y md-y lg-y\" id=\"image_1192869648\">\n\t\t\t\t\t\t\t\t<div class=\"img-inner dark\" >\n\t\t\t<img loading=\"lazy\" decoding=\"async\" width=\"768\" height=\"513\" src=\"\/wp-content\/uploads\/2025\/03\/dode-hoek-camerafr-768x513.jpg\" class=\"attachment-medium_large size-medium_large\" alt=\"L&#039;angle de la cam\u00e9ra de la voiture a une incidence sur le prix de l&#039;assurance automobile\" srcset=\"\/wp-content\/uploads\/2025\/03\/dode-hoek-camerafr-768x513.jpg 768w, \/wp-content\/uploads\/2025\/03\/dode-hoek-camerafr-300x200.jpg 300w, \/wp-content\/uploads\/2025\/03\/dode-hoek-camerafr.jpg 1000w\" sizes=\"auto, (max-width: 768px) 100vw, 768px\" \/>\t\t\t\t\t\t\n\t\t\t\t\t<\/div>\n\t\t\t\t\t\t\t\t\n<style>\n#image_1192869648 {\n  width: 100%;\n}\n<\/style>\n\t<\/div>\n\t\n\n<div class=\"container section-title-container\" ><h2 class=\"section-title section-title-normal\"><b><\/b><span class=\"section-title-main\" >Quel est le prix moyen d\u2019une assurance auto en Belgique ?<\/span><b><\/b><\/h2><\/div>\n\n<p>Comme vous l\u2019aurez compris, le prix d\u2019une assurance auto en Belgique d\u00e9pend de plusieurs facteurs. Les compagnies d\u2019assurance \u00e9valuent leurs primes en fonction du risque repr\u00e9sent\u00e9 par le conducteur. Les jeunes conducteurs et ceux qui ont peu d\u2019exp\u00e9rience paient g\u00e9n\u00e9ralement plus cher que les automobilistes exp\u00e9riment\u00e9s ayant accumul\u00e9 plusieurs ann\u00e9es sans sinistre.  <\/p>\n<p>Nous allons ici d\u00e9tailler les prix moyens des assurances auto en Belgique en fonction des diff\u00e9rents types de couverture et des compagnies les plus populaires.<\/p>\n<p>Important : Les montants indiqu\u00e9s ci-dessous sont des estimations bas\u00e9es sur des profils standards. Pour obtenir un tarif pr\u00e9cis, il est toujours recommand\u00e9 de contacter un courtier en assurance ou d\u2019effectuer une simulation en ligne. <\/p>\n<p>Ne comparez pas uniquement les prix, mais aussi les garanties propos\u00e9es, les exclusions et les limitations. Se baser uniquement sur le prix peut parfois co\u00fbter cher \u00e0 long terme si certaines protections essentielles sont absentes. <\/p>\n<div class=\"container section-title-container\" ><h3 class=\"section-title section-title-normal\"><b><\/b><span class=\"section-title-main\" >Prix d\u2019une assurance RC Auto (Responsabilit\u00e9 Civile)<\/span><b><\/b><\/h3><\/div>\n\n<p><span style=\"font-weight: 400\">L\u2019assurance Responsabilit\u00e9 Civile (RC Auto) est la couverture minimale obligatoire en Belgique. Elle couvre les dommages caus\u00e9s aux tiers en cas d\u2019accident, mais ne prend pas en charge les d\u00e9g\u00e2ts de votre propre v\u00e9hicule. <\/span><\/p>\n<p><span style=\"font-weight: 400\">Le co\u00fbt d\u2019une assurance RC varie fortement en fonction de plusieurs crit\u00e8res, comme l\u2019\u00e2ge du conducteur et le type de v\u00e9hicule :<\/span><\/p>\n<ul>\n<li><b>Prix moyen estim\u00e9 :<\/b><span style=\"font-weight: 400\"> entre 300 et 1.200 \u20ac\/an.<\/span><\/li>\n<li><b>Jeunes conducteurs (18-25 ans):<\/b><span style=\"font-weight: 400\"> g\u00e9n\u00e9ralement parmi les plus touch\u00e9s par des primes \u00e9lev\u00e9es, avec des montants pouvant atteindre 1.000 \u00e0 1.200 \u20ac\/an. Un conducteur jeune qui choisit un v\u00e9hicule puissant ou de grande valeur peut m\u00eame se voir refuser par certains assureurs en raison du risque trop \u00e9lev\u00e9. <\/span><\/li>\n<li><strong>Conducteurs exp\u00e9riment\u00e9s avec un historique sans sinistre<\/strong><b style=\"color: #555555\"> :<\/b><span style=\"font-weight: 400\"> leur prime est souvent proche du minimum, soit entre 300 et 700 \u20ac\/an.<\/span><\/li>\n<\/ul>\n<div class=\"container section-title-container\" ><h3 class=\"section-title section-title-normal\"><b><\/b><span class=\"section-title-main\" >Mini-omnium et assurance omnium compl\u00e8te<\/span><b><\/b><\/h3><\/div>\n\n<p>Comme mentionn\u00e9 pr\u00e9c\u00e9demment, en plus de l\u2019assurance RC Auto obligatoire, les compagnies d\u2019assurance proposent des couvertures suppl\u00e9mentaires : la mini-omnium et l\u2019omnium compl\u00e8te. <\/p>\n<p>La mini-omnium couvre principalement les d\u00e9g\u00e2ts caus\u00e9s par des \u00e9v\u00e9nements ext\u00e9rieurs, tels que l\u2019incendie, le vol, le bris de glace, les temp\u00eates et les catastrophes naturelles. Cependant, elle ne prend pas en charge les dommages caus\u00e9s \u00e0 votre propre v\u00e9hicule si vous \u00eates en tort. En moyenne, une mini-omnium co\u00fbte entre 800 \u20ac et 1.800 \u20ac par an. Pour les jeunes conducteurs ou les propri\u00e9taires de v\u00e9hicules co\u00fbteux, la prime peut d\u00e9passer 1.500 \u20ac, en raison du risque accru et des co\u00fbts \u00e9lev\u00e9s de r\u00e9paration.   <\/p>\n<p>L\u2019assurance omnium compl\u00e8te, quant \u00e0 elle, offre une couverture totale, y compris les dommages caus\u00e9s \u00e0 votre propre v\u00e9hicule, m\u00eame en cas d\u2019accident responsable. Elle est particuli\u00e8rement recommand\u00e9e pour les voitures neuves ou haut de gamme. Son prix varie entre 1.200 \u20ac et 2.500 \u20ac par an, avec des montants plus \u00e9lev\u00e9s pour les jeunes conducteurs et les propri\u00e9taires de v\u00e9hicules de luxe. Attention \u00e0 la franchise : plus votre contribution personnelle en cas de sinistre est faible, plus votre prime d\u2019assurance sera \u00e9lev\u00e9e.  <\/p>\n<p><em>Vous voulez \u00e9conomiser sur votre assurance automobile ? Lisez <strong>aussi nos conseils pour \u00e9conomiser dans la section suivante.<\/strong> <\/em><\/p>\n\t<div class=\"img has-hover x md-x lg-x y md-y lg-y\" id=\"image_724891079\">\n\t\t\t\t\t\t\t\t<div class=\"img-inner dark\" >\n\t\t\t<img loading=\"lazy\" decoding=\"async\" width=\"768\" height=\"512\" src=\"\/wp-content\/uploads\/2025\/03\/boom-op-autofr-768x512.jpg\" class=\"attachment-medium_large size-medium_large\" alt=\"les catastrophes naturelles affectent le co\u00fbt de l&#039;assurance automobile\" srcset=\"\/wp-content\/uploads\/2025\/03\/boom-op-autofr-768x512.jpg 768w, \/wp-content\/uploads\/2025\/03\/boom-op-autofr-300x200.jpg 300w, \/wp-content\/uploads\/2025\/03\/boom-op-autofr.jpg 1000w\" sizes=\"auto, (max-width: 768px) 100vw, 768px\" \/>\t\t\t\t\t\t\n\t\t\t\t\t<\/div>\n\t\t\t\t\t\t\t\t\n<style>\n#image_724891079 {\n  width: 100%;\n}\n<\/style>\n\t<\/div>\n\t\n\n<div class=\"container section-title-container\" ><h2 class=\"section-title section-title-normal\"><b><\/b><span class=\"section-title-main\" >Comment \u00e9conomiser sur son assurance auto ?<\/span><b><\/b><\/h2><\/div>\n\n<p>L\u2019assurance auto repr\u00e9sente un co\u00fbt in\u00e9vitable pour tout conducteur, mais cela ne signifie pas que vous devez payer plus que n\u00e9cessaire. <\/p>\n<p>En adoptant des strat\u00e9gies intelligentes et en faisant des choix r\u00e9fl\u00e9chis, vous pouvez r\u00e9duire votre prime d\u2019assurance sans sacrifier les garanties essentielles. <\/p>\n<p>Par exemple, demander conseil \u00e0 un courtier en assurance, opter pour une franchise plus \u00e9lev\u00e9e ou choisir un v\u00e9hicule \u00e9quip\u00e9 de dispositifs de s\u00e9curit\u00e9 avanc\u00e9s peut vous permettre d\u2019obtenir une r\u00e9duction significative.<\/p>\n<div class=\"container section-title-container\" ><h3 class=\"section-title section-title-normal\"><b><\/b><span class=\"section-title-main\" >Choisir la couverture adapt\u00e9e \u00e0 ses besoins<\/span><b><\/b><\/h3><\/div>\n\n<p><span style=\"font-weight: 400\">En Belgique, l\u2019assurance responsabilit\u00e9 civile (RC Auto) est obligatoire, mais les options comme la mini-omnium ou l\u2019omnium compl\u00e8te sont facultatives. Cela signifie que vous pouvez \u00e9conomiser en s\u00e9lectionnant uniquement la couverture qui correspond \u00e0 votre situation. <\/span><\/p>\n<p><span style=\"font-weight: 400\">Ne vous focalisez pas uniquement sur les co\u00fbts \u00e0 court terme. Tout le monde n\u2019a pas besoin d\u2019une assistance \u00e9tendue, mais il faut garder en t\u00eate que le co\u00fbt d\u2019un d\u00e9pannage sur autoroute peut facilement atteindre plusieurs centaines d\u2019euros. Ne pas souscrire certaines garanties pour \u00e9conomiser imm\u00e9diatement peut s\u2019av\u00e9rer \u00eatre un mauvais calcul sur le long terme.  <\/span><\/p>\n<p><span style=\"font-weight: 400\">En d\u00e9finissant pr\u00e9cis\u00e9ment les garanties dont vous avez r\u00e9ellement besoin et en \u00e9liminant celles qui sont superflues, vous pouvez \u00e9viter des d\u00e9penses inutiles.<\/span><\/p>\n<div class=\"container section-title-container\" ><h3 class=\"section-title section-title-normal\"><b><\/b><span class=\"section-title-main\" >Accumuler des ann\u00e9es sans sinistre<\/span><b><\/b><\/h3><\/div>\n\n<p>Un des facteurs les plus influents sur le prix de votre assurance auto est le nombre d\u2019ann\u00e9es sans accident. Plus vous roulez sans sinistre, plus votre bonus-malus s\u2019am\u00e9liore, ce qui se traduit par une prime d\u2019assurance r\u00e9duite. <\/p>\n<ul>\n<li>Les compagnies d\u2019assurance r\u00e9compensent les conducteurs prudents, mais les modalit\u00e9s varient selon les assureurs. <\/li>\n<li><b>Apr\u00e8s quelques ann\u00e9es sans sinistre, vous pouvez b\u00e9n\u00e9ficier d\u2019une r\u00e9duction de jusqu\u2019\u00e0 50% sur votre prime.<\/b><\/li>\n<li>En changeant d\u2019assureur, vous conservez vos ann\u00e9es de conduite sans accident, ce qui vous permet de b\u00e9n\u00e9ficier de tarifs avantageux chez votre nouvel assureur.<\/li>\n<\/ul>\n<p>Adopter une conduite d\u00e9fensive et s\u00e9curis\u00e9e est donc un excellent moyen de faire baisser le co\u00fbt de votre assurance auto sur le long terme.<\/p>\n<div class=\"container section-title-container\" ><h3 class=\"section-title section-title-normal\"><b><\/b><span class=\"section-title-main\" >Payer annuellement au lieu de mensuellement<\/span><b><\/b><\/h3><\/div>\n\n<p><span style=\"font-weight: 400\">De nombreux conducteurs choisissent de payer leur assurance auto mensuellement, mais cela peut augmenter le co\u00fbt total en raison des frais administratifs suppl\u00e9mentaires appliqu\u00e9s par les compagnies d\u2019assurance.<\/span><\/p>\n<p><span style=\"font-weight: 400\">Opter pour un paiement annuel peut vous faire \u00e9conomiser jusqu\u2019\u00e0 5% sur votre prime chez certains assureurs. Toutefois, cet avantage reste limit\u00e9 et n\u2019a qu\u2019un impact mod\u00e9r\u00e9 sur le co\u00fbt global de l\u2019assurance. &nbsp; <\/span><\/p>\n<div class=\"container section-title-container\" ><h3 class=\"section-title section-title-normal\"><b><\/b><span class=\"section-title-main\" >Opter pour une voiture \u00e9lectrique ou hybride<\/span><b><\/b><\/h3><\/div>\n\n<p>Les assureurs encouragent la mobilit\u00e9 durable en proposant des r\u00e9ductions sp\u00e9ciales pour les propri\u00e9taires de<a href=\"https:\/\/carselect.touring.be\/fr\/blog\/voiture-electrique-ou-hybride-rechargeable\/\"> <span style=\"font-weight: 400\">v\u00e9hicules \u00e9lectriques ou hybrides<\/span>.<\/a> <span style=\"font-weight: 400\">Certaines compagnies offrent une remise allant jusqu\u2019\u00e0 10% sur la prime d\u2019assurance pour ce type de v\u00e9hicules.<\/span><\/p>\n<p> Si vous envisagez de passer \u00e0 une voiture plus \u00e9cologique, cela peut non seulement vous faire \u00e9conomiser sur le carburant, mais aussi r\u00e9duire le co\u00fbt de votre assurance auto.<\/p>\n\n\n<script type=\"text\/javascript\">\n    var seoPlugins = window.seoPlugins || [];\n\n    seoPlugins.push({\n        \"PluginCode\": \"a9f957e3-d8b9-4005-bf73-c81df6fc4833\",\n        \"PluginName\": \"#secondhandelectricv2\",\n        \"FilterCookie\": {\"FuelTypeIds\":[\"3\"],\"CarCategoryIds\":[\"1\"]}\n    })\n\n    window.seoPlugins = seoPlugins;\n\n    var seoPlugins = window.seoPlugins || [];\n\n    for (var i = 0; i < seoPlugins.length; i++) {\n        var pluginData = seoPlugins[i];\n        CFM.API.enable(pluginData.PluginCode, pluginData.PluginName, null, {\n            FilterCookie: pluginData.FilterCookie\n        });\n    }\n<\/script>\n<div id=\"secondhandelectricv2\"><\/div>\n\n\t<div class=\"img has-hover x md-x lg-x y md-y lg-y\" id=\"image_2084370217\">\n\t\t\t\t\t\t\t\t<div class=\"img-inner dark\" >\n\t\t\t<img loading=\"lazy\" decoding=\"async\" width=\"1000\" height=\"667\" src=\"\/wp-content\/uploads\/2025\/03\/hybrid-and-electriccar-fr.jpg\" class=\"attachment-large size-large\" alt=\"une voiture \u00e9lectrique ou hybride influe sur le prix de votre assurance automobile\" srcset=\"\/wp-content\/uploads\/2025\/03\/hybrid-and-electriccar-fr.jpg 1000w, \/wp-content\/uploads\/2025\/03\/hybrid-and-electriccar-fr-300x200.jpg 300w, \/wp-content\/uploads\/2025\/03\/hybrid-and-electriccar-fr-768x512.jpg 768w\" sizes=\"auto, (max-width: 1000px) 100vw, 1000px\" \/>\t\t\t\t\t\t\n\t\t\t\t\t<\/div>\n\t\t\t\t\t\t\t\t\n<style>\n#image_2084370217 {\n  width: 100%;\n}\n<\/style>\n\t<\/div>\n\t\n\n<div class=\"container section-title-container\" ><h2 class=\"section-title section-title-normal\"><b><\/b><span class=\"section-title-main\" >Bien s\u2019assurer : Comment choisir l\u2019assurance auto adapt\u00e9e sans payer trop cher ?<\/span><b><\/b><\/h2><\/div>\n\n<p>Trouver une assurance auto au bon prix est essentiel, mais cela ne signifie pas qu&rsquo;il faut sacrifier la qualit\u00e9 de la couverture. De nombreux facteurs influencent le co\u00fbt de votre prime, comme votre \u00e2ge, votre exp\u00e9rience de conduite, le type de v\u00e9hicule et le nombre de kilom\u00e8tres parcourus.  <\/p>\n<p><span style=\"font-weight: 400\">Les jeunes conducteurs et les propri\u00e9taires de voitures puissantes paient g\u00e9n\u00e9ralement plus cher, tandis que les automobilistes ayant plusieurs ann\u00e9es de conduite sans sinistre b\u00e9n\u00e9ficient de r\u00e9ductions gr\u00e2ce \u00e0 leur bonus-malus. Par ailleurs, les \u00e9volutions l\u00e9gislatives et les tendances du secteur automobile ont un impact direct sur les tarifs appliqu\u00e9s par les assureurs. <\/span><\/p>\n<p>Pour \u00e9viter de payer trop cher, il est recommand\u00e9 de r\u00e9\u00e9valuer r\u00e9guli\u00e8rement son contrat d\u2019assurance. Par exemple, si vous payez encore une surprime pour jeune conducteur, mais que vos enfants ne sont plus \u00e0 votre charge, il peut \u00eatre int\u00e9ressant d\u2019adapter votre contrat afin d\u2019\u00e9liminer ces frais superflus. Avant de souscrire, prenez le temps de comparer les offres et d\u2019analyser les garanties propos\u00e9es. Une police d\u2019assurance bon march\u00e9 peut sembler avantageuse, mais si elle n\u2019inclut pas les protections essentielles, elle pourrait vous co\u00fbter plus cher en cas de sinistre.<\/p>\n<p>Vous souhaitez trouver l\u2019assurance la plus adapt\u00e9e \u00e0 votre profil ? Consultez un courtier en assurance, qui pourra vous orienter vers la solution la plus avantageuse. <\/p>\n<p>Chez Touring CarSelect, nous recommandons notre partenaire <a href=\"https:\/\/ag.be\/particulieren\/nl\">AG Insurance<\/a> pour une couverture compl\u00e8te et adapt\u00e9e \u00e0 chaque conducteur.<\/p>\n\n\n<script type=\"text\/javascript\">\n    var seoPlugins = window.seoPlugins || [];\n\n    seoPlugins.push({\n        \"PluginCode\": \"a9f957e3-d8b9-4005-bf73-c81df6fc4833\",\n        \"PluginName\": \"#newsecondhandelectricv2\",\n        \"FilterCookie\": {\"FuelTypeIds\":[\"3\"],\"CarCategoryIds\":[\"1\"]}\n    })\n\n    window.seoPlugins = seoPlugins;\n\n    var seoPlugins = window.seoPlugins || [];\n\n    for (var i = 0; i < seoPlugins.length; i++) {\n        var pluginData = seoPlugins[i];\n        CFM.API.enable(pluginData.PluginCode, pluginData.PluginName, null, {\n            FilterCookie: pluginData.FilterCookie\n        });\n    }\n<\/script>\n<div id=\"newsecondhandelectricv2\"><\/div>\n\n\n\t\t<\/div>\n\t\t\t\t\t<\/div>\n\n\t\n\n\t<div id=\"col-719165011\" class=\"col medium-4 small-12 large-4\"  >\n\t\t\t\t<div class=\"col-inner\"  >\n\t\t\t\n\t\t\t\n\n\n  \n    <div class=\"row large-columns-1 medium-columns-1 small-columns-1\" >\n  <div class=\"col post-item\" >\n\t\t\t<div class=\"col-inner\">\n\t\t\t\t<div class=\"box box-normal box-text-bottom box-blog-post has-hover\">\n            \t\t\t\t\t<div class=\"box-image\" >\n  \t\t\t\t\t\t<div class=\"image-cover\" style=\"padding-top:56.25%;\">\n\t\t\t\t\t\t\t<a href=\"https:\/\/carselect.touring.be\/fr\/blog\/assurance-jeune-conducteur-en-belgique-quelles-sont-les-options\/\" class=\"plain\" aria-label=\"Assurance jeune conducteur en Belgique : quelles sont les options ?\">\n\t\t\t\t\t\t\t\t<img loading=\"lazy\" decoding=\"async\" width=\"300\" height=\"200\" src=\"\/wp-content\/uploads\/2025\/02\/assurance-jeune-conducteur-belgique-header-300x200.png\" class=\"attachment-medium size-medium wp-post-image\" alt=\"assurance jeune conducteur belgique\" srcset=\"\/wp-content\/uploads\/2025\/02\/assurance-jeune-conducteur-belgique-header-300x200.png 300w, \/wp-content\/uploads\/2025\/02\/assurance-jeune-conducteur-belgique-header-768x512.png 768w, \/wp-content\/uploads\/2025\/02\/assurance-jeune-conducteur-belgique-header.png 1000w\" sizes=\"auto, (max-width: 300px) 100vw, 300px\" \/>\t\t\t\t\t\t\t<\/a>\n  \t\t\t\t\t\t\t  \t\t\t\t\t\t\t  \t\t\t\t\t\t<\/div>\n  \t\t\t\t\t\t  \t\t\t\t\t<\/div>\n          \t\t\t\t\t<div class=\"box-text text-left\" >\n\t\t\t\t\t<div class=\"box-text-inner blog-post-inner\">\n\n\t\t\t\t\t\n\t\t\t\t\t\t\t\t\t\t<h5 class=\"post-title is-large \">\n\t\t\t\t\t\t<a href=\"https:\/\/carselect.touring.be\/fr\/blog\/assurance-jeune-conducteur-en-belgique-quelles-sont-les-options\/\" class=\"plain\">Assurance jeune conducteur en Belgique : quelles sont les options ?<\/a>\n\t\t\t\t\t<\/h5>\n\t\t\t\t\t\t\t\t\t\t<div class=\"is-divider\"><\/div>\n\t\t\t\t\t\t\t\t\t\t<p class=\"from_the_blog_excerpt \">\n\t\t\t\t\t\tL'assurance jeune conducteur en Belgique est co\u00fbteuse, mais il existe des astuces pour \u00e9conomiser ! [...]\t\t\t\t\t<\/p>\n\t\t\t\t\t                    \n\t\t\t\t\t\n\t\t\t\t\t\n\t\t\t\t\t<\/div>\n\t\t\t\t\t<\/div>\n\t\t\t\t\t\t\t\t\t<\/div>\n\t\t\t<\/div>\n\t\t<\/div><div class=\"col post-item\" >\n\t\t\t<div class=\"col-inner\">\n\t\t\t\t<div class=\"box box-normal box-text-bottom box-blog-post has-hover\">\n            \t\t\t\t\t<div class=\"box-image\" >\n  \t\t\t\t\t\t<div class=\"image-cover\" style=\"padding-top:56.25%;\">\n\t\t\t\t\t\t\t<a href=\"https:\/\/carselect.touring.be\/fr\/blog\/contrat-de-vente-de-voiture-tout-ce-quil-faut-savoir\/\" class=\"plain\" aria-label=\"Contrat de vente de voiture : Tout ce qu&rsquo;il faut savoir\">\n\t\t\t\t\t\t\t\t<img loading=\"lazy\" decoding=\"async\" width=\"300\" height=\"200\" src=\"\/wp-content\/uploads\/2025\/01\/header-vendre-voiture-1-300x200.jpg\" class=\"attachment-medium size-medium wp-post-image\" alt=\"contrat de vente de voiture\" srcset=\"\/wp-content\/uploads\/2025\/01\/header-vendre-voiture-1-300x200.jpg 300w, \/wp-content\/uploads\/2025\/01\/header-vendre-voiture-1-768x512.jpg 768w, \/wp-content\/uploads\/2025\/01\/header-vendre-voiture-1.jpg 1000w\" sizes=\"auto, (max-width: 300px) 100vw, 300px\" \/>\t\t\t\t\t\t\t<\/a>\n  \t\t\t\t\t\t\t  \t\t\t\t\t\t\t  \t\t\t\t\t\t<\/div>\n  \t\t\t\t\t\t  \t\t\t\t\t<\/div>\n          \t\t\t\t\t<div class=\"box-text text-left\" >\n\t\t\t\t\t<div class=\"box-text-inner blog-post-inner\">\n\n\t\t\t\t\t\n\t\t\t\t\t\t\t\t\t\t<h5 class=\"post-title is-large \">\n\t\t\t\t\t\t<a href=\"https:\/\/carselect.touring.be\/fr\/blog\/contrat-de-vente-de-voiture-tout-ce-quil-faut-savoir\/\" class=\"plain\">Contrat de vente de voiture : Tout ce qu&rsquo;il faut savoir<\/a>\n\t\t\t\t\t<\/h5>\n\t\t\t\t\t\t\t\t\t\t<div class=\"is-divider\"><\/div>\n\t\t\t\t\t\t\t\t\t\t<p class=\"from_the_blog_excerpt \">\n\t\t\t\t\t\tD\u00e9couvrez les \u00e9l\u00e9ments cl\u00e9s d'un contrat de vente de voiture. Assurez-vous d'une transaction s\u00e9curis\u00e9e et [...]\t\t\t\t\t<\/p>\n\t\t\t\t\t                    \n\t\t\t\t\t\n\t\t\t\t\t\n\t\t\t\t\t<\/div>\n\t\t\t\t\t<\/div>\n\t\t\t\t\t\t\t\t\t<\/div>\n\t\t\t<\/div>\n\t\t<\/div><div class=\"col post-item\" >\n\t\t\t<div class=\"col-inner\">\n\t\t\t\t<div class=\"box box-normal box-text-bottom box-blog-post has-hover\">\n            \t\t\t\t\t<div class=\"box-image\" >\n  \t\t\t\t\t\t<div class=\"image-cover\" style=\"padding-top:56.25%;\">\n\t\t\t\t\t\t\t<a href=\"https:\/\/carselect.touring.be\/fr\/blog\/voiture-electrique-ou-hybride-rechargeable\/\" class=\"plain\" aria-label=\"Voiture \u00e9lectrique ou hybride (rechargeable) : quelle est la diff\u00e9rence ? Et laquelle vous convient le mieux ?\">\n\t\t\t\t\t\t\t\t<img loading=\"lazy\" decoding=\"async\" width=\"300\" height=\"169\" src=\"\/wp-content\/uploads\/2024\/12\/header-image-elektrische-en-hybride-wagen-2-300x169.jpg\" class=\"attachment-medium size-medium wp-post-image\" alt=\"Voiture \u00e9lectrique vs. hybride rechargeable\" srcset=\"\/wp-content\/uploads\/2024\/12\/header-image-elektrische-en-hybride-wagen-2-300x169.jpg 300w, \/wp-content\/uploads\/2024\/12\/header-image-elektrische-en-hybride-wagen-2-768x432.jpg 768w, \/wp-content\/uploads\/2024\/12\/header-image-elektrische-en-hybride-wagen-2.jpg 1000w\" sizes=\"auto, (max-width: 300px) 100vw, 300px\" \/>\t\t\t\t\t\t\t<\/a>\n  \t\t\t\t\t\t\t  \t\t\t\t\t\t\t  \t\t\t\t\t\t<\/div>\n  \t\t\t\t\t\t  \t\t\t\t\t<\/div>\n          \t\t\t\t\t<div class=\"box-text text-left\" >\n\t\t\t\t\t<div class=\"box-text-inner blog-post-inner\">\n\n\t\t\t\t\t\n\t\t\t\t\t\t\t\t\t\t<h5 class=\"post-title is-large \">\n\t\t\t\t\t\t<a href=\"https:\/\/carselect.touring.be\/fr\/blog\/voiture-electrique-ou-hybride-rechargeable\/\" class=\"plain\">Voiture \u00e9lectrique ou hybride (rechargeable) : quelle est la diff\u00e9rence ? Et laquelle vous convient le mieux ?<\/a>\n\t\t\t\t\t<\/h5>\n\t\t\t\t\t\t\t\t\t\t<div class=\"is-divider\"><\/div>\n\t\t\t\t\t\t\t\t\t\t<p class=\"from_the_blog_excerpt \">\n\t\t\t\t\t\tVous h\u00e9sitez entre l'achat d'une voiture hybride ou \u00e9lectrique ? D\u00e9couvrez les diff\u00e9rences et les [...]\t\t\t\t\t<\/p>\n\t\t\t\t\t                    \n\t\t\t\t\t\n\t\t\t\t\t\n\t\t\t\t\t<\/div>\n\t\t\t\t\t<\/div>\n\t\t\t\t\t\t\t\t\t<\/div>\n\t\t\t<\/div>\n\t\t<\/div><div class=\"col post-item\" >\n\t\t\t<div class=\"col-inner\">\n\t\t\t\t<div class=\"box box-normal box-text-bottom box-blog-post has-hover\">\n            \t\t\t\t\t<div class=\"box-image\" >\n  \t\t\t\t\t\t<div class=\"image-cover\" style=\"padding-top:56.25%;\">\n\t\t\t\t\t\t\t<a href=\"https:\/\/carselect.touring.be\/fr\/blog\/prime-pour-voiture-electrique-que-se-passe-t-il-apres-la-suppression-de-la-subvention-en-2025\/\" class=\"plain\" aria-label=\"Prime pour voiture \u00e9lectrique : que se passe-t-il apr\u00e8s la suppression de la subvention en 2025 ?\">\n\t\t\t\t\t\t\t\t<img loading=\"lazy\" decoding=\"async\" width=\"300\" height=\"200\" src=\"\/wp-content\/uploads\/2025\/02\/header_prime-pour-voiture-electrique-300x200.jpg\" class=\"attachment-medium size-medium wp-post-image\" alt=\"prime pour voiture \u00e9lectrique\" srcset=\"\/wp-content\/uploads\/2025\/02\/header_prime-pour-voiture-electrique-300x200.jpg 300w, \/wp-content\/uploads\/2025\/02\/header_prime-pour-voiture-electrique-768x511.jpg 768w, \/wp-content\/uploads\/2025\/02\/header_prime-pour-voiture-electrique.jpg 1000w\" sizes=\"auto, (max-width: 300px) 100vw, 300px\" \/>\t\t\t\t\t\t\t<\/a>\n  \t\t\t\t\t\t\t  \t\t\t\t\t\t\t  \t\t\t\t\t\t<\/div>\n  \t\t\t\t\t\t  \t\t\t\t\t<\/div>\n          \t\t\t\t\t<div class=\"box-text text-left\" >\n\t\t\t\t\t<div class=\"box-text-inner blog-post-inner\">\n\n\t\t\t\t\t\n\t\t\t\t\t\t\t\t\t\t<h5 class=\"post-title is-large \">\n\t\t\t\t\t\t<a href=\"https:\/\/carselect.touring.be\/fr\/blog\/prime-pour-voiture-electrique-que-se-passe-t-il-apres-la-suppression-de-la-subvention-en-2025\/\" class=\"plain\">Prime pour voiture \u00e9lectrique : que se passe-t-il apr\u00e8s la suppression de la subvention en 2025 ?<\/a>\n\t\t\t\t\t<\/h5>\n\t\t\t\t\t\t\t\t\t\t<div class=\"is-divider\"><\/div>\n\t\t\t\t\t\t\t\t\t\t<p class=\"from_the_blog_excerpt \">\n\t\t\t\t\t\tTout sur la prime pour voiture \u00e9lectrique en 2024. Pourquoi a-t-elle \u00e9t\u00e9 arr\u00eat\u00e9e et quelles [...]\t\t\t\t\t<\/p>\n\t\t\t\t\t                    \n\t\t\t\t\t\n\t\t\t\t\t\n\t\t\t\t\t<\/div>\n\t\t\t\t\t<\/div>\n\t\t\t\t\t\t\t\t\t<\/div>\n\t\t\t<\/div>\n\t\t<\/div><div class=\"col post-item\" >\n\t\t\t<div class=\"col-inner\">\n\t\t\t\t<div class=\"box box-normal box-text-bottom box-blog-post has-hover\">\n            \t\t\t\t\t<div class=\"box-image\" >\n  \t\t\t\t\t\t<div class=\"image-cover\" style=\"padding-top:56.25%;\">\n\t\t\t\t\t\t\t<a href=\"https:\/\/carselect.touring.be\/fr\/blog\/les-voitures-electriques-avec-la-plus-grande-autonomie\/\" class=\"plain\" aria-label=\"Les voitures \u00e9lectriques avec la plus grande autonomie\">\n\t\t\t\t\t\t\t\t<img loading=\"lazy\" decoding=\"async\" width=\"300\" height=\"187\" src=\"\/wp-content\/uploads\/2024\/12\/header-1-300x187.jpg\" class=\"attachment-medium size-medium wp-post-image\" alt=\"diff\u00e9rentes voitures \u00e9lectriques avec la plus grande autonomie\" srcset=\"\/wp-content\/uploads\/2024\/12\/header-1-300x187.jpg 300w, \/wp-content\/uploads\/2024\/12\/header-1-768x479.jpg 768w, \/wp-content\/uploads\/2024\/12\/header-1.jpg 1000w\" sizes=\"auto, (max-width: 300px) 100vw, 300px\" \/>\t\t\t\t\t\t\t<\/a>\n  \t\t\t\t\t\t\t  \t\t\t\t\t\t\t  \t\t\t\t\t\t<\/div>\n  \t\t\t\t\t\t  \t\t\t\t\t<\/div>\n          \t\t\t\t\t<div class=\"box-text text-left\" >\n\t\t\t\t\t<div class=\"box-text-inner blog-post-inner\">\n\n\t\t\t\t\t\n\t\t\t\t\t\t\t\t\t\t<h5 class=\"post-title is-large \">\n\t\t\t\t\t\t<a href=\"https:\/\/carselect.touring.be\/fr\/blog\/les-voitures-electriques-avec-la-plus-grande-autonomie\/\" class=\"plain\">Les voitures \u00e9lectriques avec la plus grande autonomie<\/a>\n\t\t\t\t\t<\/h5>\n\t\t\t\t\t\t\t\t\t\t<div class=\"is-divider\"><\/div>\n\t\t\t\t\t\t\t\t\t\t<p class=\"from_the_blog_excerpt \">\n\t\t\t\t\t\tD\u00e9couvrez les meilleures voitures \u00e9lectriques de 2024. Comparez l'autonomie et le prix pour faire le [...]\t\t\t\t\t<\/p>\n\t\t\t\t\t                    \n\t\t\t\t\t\n\t\t\t\t\t\n\t\t\t\t\t<\/div>\n\t\t\t\t\t<\/div>\n\t\t\t\t\t\t\t\t\t<\/div>\n\t\t\t<\/div>\n\t\t<\/div><div class=\"col post-item\" >\n\t\t\t<div class=\"col-inner\">\n\t\t\t\t<div class=\"box box-normal box-text-bottom box-blog-post has-hover\">\n            \t\t\t\t\t<div class=\"box-image\" >\n  \t\t\t\t\t\t<div class=\"image-cover\" style=\"padding-top:56.25%;\">\n\t\t\t\t\t\t\t<a href=\"https:\/\/carselect.touring.be\/fr\/blog\/voiture-electrique-en-hiver-conseils-pour-optimiser-autonomie-et-confort\/\" class=\"plain\" aria-label=\"Voiture \u00e9lectrique en hiver : conseils pour optimiser autonomie et confort\">\n\t\t\t\t\t\t\t\t<img loading=\"lazy\" decoding=\"async\" width=\"300\" height=\"200\" src=\"\/wp-content\/uploads\/2024\/12\/header-elekrische-wagen-winter-1-1-300x200.jpg\" class=\"attachment-medium size-medium wp-post-image\" alt=\"voiture \u00e9lectrique en hiver\u200b\" srcset=\"\/wp-content\/uploads\/2024\/12\/header-elekrische-wagen-winter-1-1-300x200.jpg 300w, \/wp-content\/uploads\/2024\/12\/header-elekrische-wagen-winter-1-1-768x512.jpg 768w, \/wp-content\/uploads\/2024\/12\/header-elekrische-wagen-winter-1-1.jpg 1000w\" sizes=\"auto, (max-width: 300px) 100vw, 300px\" \/>\t\t\t\t\t\t\t<\/a>\n  \t\t\t\t\t\t\t  \t\t\t\t\t\t\t  \t\t\t\t\t\t<\/div>\n  \t\t\t\t\t\t  \t\t\t\t\t<\/div>\n          \t\t\t\t\t<div class=\"box-text text-left\" >\n\t\t\t\t\t<div class=\"box-text-inner blog-post-inner\">\n\n\t\t\t\t\t\n\t\t\t\t\t\t\t\t\t\t<h5 class=\"post-title is-large \">\n\t\t\t\t\t\t<a href=\"https:\/\/carselect.touring.be\/fr\/blog\/voiture-electrique-en-hiver-conseils-pour-optimiser-autonomie-et-confort\/\" class=\"plain\">Voiture \u00e9lectrique en hiver : conseils pour optimiser autonomie et confort<\/a>\n\t\t\t\t\t<\/h5>\n\t\t\t\t\t\t\t\t\t\t<div class=\"is-divider\"><\/div>\n\t\t\t\t\t\t\t\t\t\t<p class=\"from_the_blog_excerpt \">\n\t\t\t\t\t\tD\u00e9couvrez des conseils pratiques pour optimiser l'autonomie et les performances de votre voiture \u00e9lectrique cet [...]\t\t\t\t\t<\/p>\n\t\t\t\t\t                    \n\t\t\t\t\t\n\t\t\t\t\t\n\t\t\t\t\t<\/div>\n\t\t\t\t\t<\/div>\n\t\t\t\t\t\t\t\t\t<\/div>\n\t\t\t<\/div>\n\t\t<\/div><div class=\"col post-item\" >\n\t\t\t<div class=\"col-inner\">\n\t\t\t\t<div class=\"box box-normal box-text-bottom box-blog-post has-hover\">\n            \t\t\t\t\t<div class=\"box-image\" >\n  \t\t\t\t\t\t<div class=\"image-cover\" style=\"padding-top:56.25%;\">\n\t\t\t\t\t\t\t<a href=\"https:\/\/carselect.touring.be\/fr\/blog\/voiture-hydrogene-avantages-fonctionnement-et-ou-faire-le-plein-2\/\" class=\"plain\" aria-label=\"Voiture hydrog\u00e8ne : avantages, fonctionnement et o\u00f9 faire le plein\">\n\t\t\t\t\t\t\t\t<img loading=\"lazy\" decoding=\"async\" width=\"300\" height=\"161\" src=\"\/wp-content\/uploads\/2025\/01\/header-voiture-hydrogene-300x161.jpg\" class=\"attachment-medium size-medium wp-post-image\" alt=\"voiture hydrog\u00e8ne\" srcset=\"\/wp-content\/uploads\/2025\/01\/header-voiture-hydrogene-300x161.jpg 300w, \/wp-content\/uploads\/2025\/01\/header-voiture-hydrogene-768x412.jpg 768w, \/wp-content\/uploads\/2025\/01\/header-voiture-hydrogene.jpg 1000w\" sizes=\"auto, (max-width: 300px) 100vw, 300px\" \/>\t\t\t\t\t\t\t<\/a>\n  \t\t\t\t\t\t\t  \t\t\t\t\t\t\t  \t\t\t\t\t\t<\/div>\n  \t\t\t\t\t\t  \t\t\t\t\t<\/div>\n          \t\t\t\t\t<div class=\"box-text text-left\" >\n\t\t\t\t\t<div class=\"box-text-inner blog-post-inner\">\n\n\t\t\t\t\t\n\t\t\t\t\t\t\t\t\t\t<h5 class=\"post-title is-large \">\n\t\t\t\t\t\t<a href=\"https:\/\/carselect.touring.be\/fr\/blog\/voiture-hydrogene-avantages-fonctionnement-et-ou-faire-le-plein-2\/\" class=\"plain\">Voiture hydrog\u00e8ne : avantages, fonctionnement et o\u00f9 faire le plein<\/a>\n\t\t\t\t\t<\/h5>\n\t\t\t\t\t\t\t\t\t\t<div class=\"is-divider\"><\/div>\n\t\t\t\t\t\t\t\t\t\t<p class=\"from_the_blog_excerpt \">\n\t\t\t\t\t\tD\u00e9couvrez les avantages des voitures hydrog\u00e8ne pour une mobilit\u00e9 durable. Apprenez leur fonctionnement et leur [...]\t\t\t\t\t<\/p>\n\t\t\t\t\t                    \n\t\t\t\t\t\n\t\t\t\t\t\n\t\t\t\t\t<\/div>\n\t\t\t\t\t<\/div>\n\t\t\t\t\t\t\t\t\t<\/div>\n\t\t\t<\/div>\n\t\t<\/div><div class=\"col post-item\" >\n\t\t\t<div class=\"col-inner\">\n\t\t\t\t<div class=\"box box-normal box-text-bottom box-blog-post has-hover\">\n            \t\t\t\t\t<div class=\"box-image\" >\n  \t\t\t\t\t\t<div class=\"image-cover\" style=\"padding-top:56.25%;\">\n\t\t\t\t\t\t\t<a href=\"https:\/\/carselect.touring.be\/fr\/blog\/meilleur-porte-velos-pour-votre-voiture-conseils-et-astuces\/\" class=\"plain\" aria-label=\"Le meilleur porte v\u00e9los pour votre voiture : conseils et astuces pour faire le bon choix\">\n\t\t\t\t\t\t\t\t<img loading=\"lazy\" decoding=\"async\" width=\"300\" height=\"191\" src=\"\/wp-content\/uploads\/2024\/12\/porte-velos-header-300x191.jpg\" class=\"attachment-medium size-medium wp-post-image\" alt=\"Porte-v\u00e9los pour la voiture mais sur la barre d&#039;attelage\" srcset=\"\/wp-content\/uploads\/2024\/12\/porte-velos-header-300x191.jpg 300w, \/wp-content\/uploads\/2024\/12\/porte-velos-header-768x490.jpg 768w, \/wp-content\/uploads\/2024\/12\/porte-velos-header.jpg 1000w\" sizes=\"auto, (max-width: 300px) 100vw, 300px\" \/>\t\t\t\t\t\t\t<\/a>\n  \t\t\t\t\t\t\t  \t\t\t\t\t\t\t  \t\t\t\t\t\t<\/div>\n  \t\t\t\t\t\t  \t\t\t\t\t<\/div>\n          \t\t\t\t\t<div class=\"box-text text-left\" >\n\t\t\t\t\t<div class=\"box-text-inner blog-post-inner\">\n\n\t\t\t\t\t\n\t\t\t\t\t\t\t\t\t\t<h5 class=\"post-title is-large \">\n\t\t\t\t\t\t<a href=\"https:\/\/carselect.touring.be\/fr\/blog\/meilleur-porte-velos-pour-votre-voiture-conseils-et-astuces\/\" class=\"plain\">Le meilleur porte v\u00e9los pour votre voiture : conseils et astuces pour faire le bon choix<\/a>\n\t\t\t\t\t<\/h5>\n\t\t\t\t\t\t\t\t\t\t<div class=\"is-divider\"><\/div>\n\t\t\t\t\t\t\t\t\t\t<p class=\"from_the_blog_excerpt \">\n\t\t\t\t\t\tD\u00e9couvrez comment choisir le porte-v\u00e9los id\u00e9al pour votre v\u00e9hicule. \u00c9vitez les erreurs courantes et optimisez [...]\t\t\t\t\t<\/p>\n\t\t\t\t\t                    \n\t\t\t\t\t\n\t\t\t\t\t\n\t\t\t\t\t<\/div>\n\t\t\t\t\t<\/div>\n\t\t\t\t\t\t\t\t\t<\/div>\n\t\t\t<\/div>\n\t\t<\/div><div class=\"col post-item\" >\n\t\t\t<div class=\"col-inner\">\n\t\t\t\t<div class=\"box box-normal box-text-bottom box-blog-post has-hover\">\n            \t\t\t\t\t<div class=\"box-image\" >\n  \t\t\t\t\t\t<div class=\"image-cover\" style=\"padding-top:56.25%;\">\n\t\t\t\t\t\t\t<a href=\"https:\/\/carselect.touring.be\/fr\/blog\/controle-technique-en-belgique-2025-regles-et-conseils-pour-une-inspection-reussie\/\" class=\"plain\" aria-label=\"Contr\u00f4le technique en Belgique 2025 : R\u00e8gles et conseils pour une inspection r\u00e9ussie\">\n\t\t\t\t\t\t\t\t<img loading=\"lazy\" decoding=\"async\" width=\"300\" height=\"200\" src=\"\/wp-content\/uploads\/2025\/01\/controle-technique-en-belgique-header-300x200.jpg\" class=\"attachment-medium size-medium wp-post-image\" alt=\"contr\u00f4le technique en belgique\" srcset=\"\/wp-content\/uploads\/2025\/01\/controle-technique-en-belgique-header-300x200.jpg 300w, \/wp-content\/uploads\/2025\/01\/controle-technique-en-belgique-header-768x512.jpg 768w, \/wp-content\/uploads\/2025\/01\/controle-technique-en-belgique-header.jpg 1000w\" sizes=\"auto, (max-width: 300px) 100vw, 300px\" \/>\t\t\t\t\t\t\t<\/a>\n  \t\t\t\t\t\t\t  \t\t\t\t\t\t\t  \t\t\t\t\t\t<\/div>\n  \t\t\t\t\t\t  \t\t\t\t\t<\/div>\n          \t\t\t\t\t<div class=\"box-text text-left\" >\n\t\t\t\t\t<div class=\"box-text-inner blog-post-inner\">\n\n\t\t\t\t\t\n\t\t\t\t\t\t\t\t\t\t<h5 class=\"post-title is-large \">\n\t\t\t\t\t\t<a href=\"https:\/\/carselect.touring.be\/fr\/blog\/controle-technique-en-belgique-2025-regles-et-conseils-pour-une-inspection-reussie\/\" class=\"plain\">Contr\u00f4le technique en Belgique 2025 : R\u00e8gles et conseils pour une inspection r\u00e9ussie<\/a>\n\t\t\t\t\t<\/h5>\n\t\t\t\t\t\t\t\t\t\t<div class=\"is-divider\"><\/div>\n\t\t\t\t\t\t\t\t\t\t<p class=\"from_the_blog_excerpt \">\n\t\t\t\t\t\tD\u00e9couvrez les r\u00e8gles et changements du contr\u00f4le technique en Belgique pour 2025 et comment bien [...]\t\t\t\t\t<\/p>\n\t\t\t\t\t                    \n\t\t\t\t\t\n\t\t\t\t\t\n\t\t\t\t\t<\/div>\n\t\t\t\t\t<\/div>\n\t\t\t\t\t\t\t\t\t<\/div>\n\t\t\t<\/div>\n\t\t<\/div><div class=\"col post-item\" >\n\t\t\t<div class=\"col-inner\">\n\t\t\t\t<div class=\"box box-normal box-text-bottom box-blog-post has-hover\">\n            \t\t\t\t\t<div class=\"box-image\" >\n  \t\t\t\t\t\t<div class=\"image-cover\" style=\"padding-top:56.25%;\">\n\t\t\t\t\t\t\t<a href=\"https:\/\/carselect.touring.be\/fr\/blog\/impact-caillou-carrosserie-reparation-restauration-et-prevention-des-dommages\/\" class=\"plain\" aria-label=\"Impact caillou carrosserie : R\u00e9paration, restauration et pr\u00e9vention des dommages\">\n\t\t\t\t\t\t\t\t<img loading=\"lazy\" decoding=\"async\" width=\"300\" height=\"200\" src=\"\/wp-content\/uploads\/2024\/12\/header-impact-caillou-carrosserie-300x200.jpg\" class=\"attachment-medium size-medium wp-post-image\" alt=\"impact caillou carrosserie\" srcset=\"\/wp-content\/uploads\/2024\/12\/header-impact-caillou-carrosserie-300x200.jpg 300w, \/wp-content\/uploads\/2024\/12\/header-impact-caillou-carrosserie-768x512.jpg 768w, \/wp-content\/uploads\/2024\/12\/header-impact-caillou-carrosserie.jpg 1000w\" sizes=\"auto, (max-width: 300px) 100vw, 300px\" \/>\t\t\t\t\t\t\t<\/a>\n  \t\t\t\t\t\t\t  \t\t\t\t\t\t\t  \t\t\t\t\t\t<\/div>\n  \t\t\t\t\t\t  \t\t\t\t\t<\/div>\n          \t\t\t\t\t<div class=\"box-text text-left\" >\n\t\t\t\t\t<div class=\"box-text-inner blog-post-inner\">\n\n\t\t\t\t\t\n\t\t\t\t\t\t\t\t\t\t<h5 class=\"post-title is-large \">\n\t\t\t\t\t\t<a href=\"https:\/\/carselect.touring.be\/fr\/blog\/impact-caillou-carrosserie-reparation-restauration-et-prevention-des-dommages\/\" class=\"plain\">Impact caillou carrosserie : R\u00e9paration, restauration et pr\u00e9vention des dommages<\/a>\n\t\t\t\t\t<\/h5>\n\t\t\t\t\t\t\t\t\t\t<div class=\"is-divider\"><\/div>\n\t\t\t\t\t\t\t\t\t\t<p class=\"from_the_blog_excerpt \">\n\t\t\t\t\t\tD\u00e9couvrez comment r\u00e9parer un pare-brise efficacement et des essuie-glaces avec notre guide pratique et des [...]\t\t\t\t\t<\/p>\n\t\t\t\t\t                    \n\t\t\t\t\t\n\t\t\t\t\t\n\t\t\t\t\t<\/div>\n\t\t\t\t\t<\/div>\n\t\t\t\t\t\t\t\t\t<\/div>\n\t\t\t<\/div>\n\t\t<\/div><div class=\"col post-item\" >\n\t\t\t<div class=\"col-inner\">\n\t\t\t\t<div class=\"box box-normal box-text-bottom box-blog-post has-hover\">\n            \t\t\t\t\t<div class=\"box-image\" >\n  \t\t\t\t\t\t<div class=\"image-cover\" style=\"padding-top:56.25%;\">\n\t\t\t\t\t\t\t<a href=\"https:\/\/carselect.touring.be\/fr\/blog\/voiture-autonome-quand-la-norme\/\" class=\"plain\" aria-label=\"Voiture Autonome : Quand Deviendra-t-elle la Norme ?\">\n\t\t\t\t\t\t\t\t<img loading=\"lazy\" decoding=\"async\" width=\"300\" height=\"200\" src=\"\/wp-content\/uploads\/2025\/03\/Header-voiture-autonome-300x200.jpg\" class=\"attachment-medium size-medium wp-post-image\" alt=\"voiture autonome en \u00e9tats-unis\" srcset=\"\/wp-content\/uploads\/2025\/03\/Header-voiture-autonome-300x200.jpg 300w, \/wp-content\/uploads\/2025\/03\/Header-voiture-autonome-768x511.jpg 768w, \/wp-content\/uploads\/2025\/03\/Header-voiture-autonome.jpg 1000w\" sizes=\"auto, (max-width: 300px) 100vw, 300px\" \/>\t\t\t\t\t\t\t<\/a>\n  \t\t\t\t\t\t\t  \t\t\t\t\t\t\t  \t\t\t\t\t\t<\/div>\n  \t\t\t\t\t\t  \t\t\t\t\t<\/div>\n          \t\t\t\t\t<div class=\"box-text text-left\" >\n\t\t\t\t\t<div class=\"box-text-inner blog-post-inner\">\n\n\t\t\t\t\t\n\t\t\t\t\t\t\t\t\t\t<h5 class=\"post-title is-large \">\n\t\t\t\t\t\t<a href=\"https:\/\/carselect.touring.be\/fr\/blog\/voiture-autonome-quand-la-norme\/\" class=\"plain\">Voiture Autonome : Quand Deviendra-t-elle la Norme ?<\/a>\n\t\t\t\t\t<\/h5>\n\t\t\t\t\t\t\t\t\t\t<div class=\"is-divider\"><\/div>\n\t\t\t\t\t\t\t\t\t\t<p class=\"from_the_blog_excerpt \">\n\t\t\t\t\t\tQu'est-ce qu'une voiture autonome et comment \u00e9volue cette technologie ? D\u00e9couvrez les types, la l\u00e9gislation [...]\t\t\t\t\t<\/p>\n\t\t\t\t\t                    \n\t\t\t\t\t\n\t\t\t\t\t\n\t\t\t\t\t<\/div>\n\t\t\t\t\t<\/div>\n\t\t\t\t\t\t\t\t\t<\/div>\n\t\t\t<\/div>\n\t\t<\/div><\/div>\n\n\n\t\t<\/div>\n\t\t\t\t\t<\/div>\n\n\t\n\n<\/div>\n<div class=\"row\"  id=\"row-2090109633\">\n\n\n\t<div id=\"col-1637458110\" class=\"col small-12 large-12\"  >\n\t\t\t\t<div class=\"col-inner\"  >\n\t\t\t\n\t\t\t\n\n\n  <div class=\"banner has-hover\" id=\"banner-178375502\">\n          <div class=\"banner-inner fill\">\n        <div class=\"banner-bg fill\" >\n            <img loading=\"lazy\" decoding=\"async\" width=\"1440\" height=\"160\" src=\"\/wp-content\/uploads\/2025\/01\/Mask-group.png\" class=\"bg attachment-original size-original\" alt=\"\" \/>                                    \n                    <\/div>\n\t\t\n        <div class=\"banner-layers container\">\n            <div class=\"fill banner-link\"><\/div>            \n\n   <div id=\"text-box-112517790\" class=\"text-box banner-layer x100 md-x100 lg-x100 y10 md-y10 lg-y10 res-text\">\n                                <div class=\"text-box-content text dark\">\n              \n              <div class=\"text-inner text-center\">\n                  \n\n<h2><em>Achetez votre<\/em><\/h2>\n<h2><em>Voiture de r\u00eave<\/em><\/h2>\n<a href=\"https:\/\/carselect.touring.be\/fr\/acheter-une-voiture\/\" class=\"button success\"  >\n\t\t<span>D\u00e9couvrez<\/span>\n\t<\/a>\n\n\n\n              <\/div>\n           <\/div>\n                            \n<style>\n#text-box-112517790 {\n  width: 35%;\n}\n#text-box-112517790 .text-box-content {\n  font-size: 100%;\n}\n<\/style>\n    <\/div>\n \n\n        <\/div>\n      <\/div>\n\n            \n<style>\n#banner-178375502 {\n  padding-top: 250px;\n}\n#banner-178375502 .banner-bg img {\n  object-position: 22% 0%;\n}\n<\/style>\n  <\/div>\n\n\n\n\t\t<\/div>\n\t\t\t\t\t<\/div>\n\n\t\n\n<\/div>\n\n\t\t<\/div>\n\n\t\t\n<style>\n#section_289463224 {\n  padding-top: 0px;\n  padding-bottom: 0px;\n}\n<\/style>\n\t<\/section>\n\t\n\n\n\n<p><\/p>\n\n\n\n<div class=\"row row-full-width align-middle align-center legalTextContainer representativeExampleBanner qa-testid-representative-banner-fr\"  id=\"row-1303218622\">\r\n\r\n\n\t<div id=\"col-1407540928\" class=\"col text-container representative-example-container small-12 large-12\"  >\n\t\t\t\t<div class=\"col-inner\"  >\n\t\t\t\n\t\t\t\r\n\r\n<div class=\"legal-text-title\">Attention, emprunter de l\u2019argent co\u00fbte aussi de l\u2019argent.<\/div>\r\n<div class=\"legal-text-content mt-half\">\r\n<p>\r\nExemple repr\u00e9sentatif \u2013 Cr\u00e9dit ballon : <b>Pr\u00eat \u00e0 temp\u00e9rament avec derni\u00e8re mensualit\u00e9 major\u00e9e<\/b>. Montant du cr\u00e9dit : \u20ac 35.002,79. Acompte (facultatif) : \u20ac 0. Prix comptant: \u20ac 35.002,79. <b>TAEG (Taux Annuel Effectif Global)<\/b> de <b>5,99 %<\/b>, taux d\u00e9biteur annuel <b>fixe<\/b> : 5,99 %. Dur\u00e9e du cr\u00e9dit : <b>60 mois<\/b>. Remboursable en 59 mensualit\u00e9s de <b>\u20ac 522,81<\/b>. Derni\u00e8re mensualit\u00e9 major\u00e9e : <b>\u20ac 11.023,64<\/b>. Montant total d\u00fb : \u20ac 41.869,16.\r\n      <\/p>\r\n<p>\r\n        Exemple repr\u00e9sentatif \u2013 Cr\u00e9dit classique : <b>Pr\u00eat \u00e0 temp\u00e9rament<\/b>. Montant du cr\u00e9dit : \u20ac 35.002,79. Acompte (facultatif) : \u20ac 0. Prix comptant : \u20ac 35.002,79. <b>TAEG (Taux Annuel Effectif Global)<\/b> de <b>5,99 %<\/b>, taux d\u00e9biteur annuel <b>fixe<\/b>: 5,99 %. Dur\u00e9e de <b>60 mois<\/b>. Remboursable en 60 mensualit\u00e9s de <b>\u20ac 673,96<\/b>. Montant total d\u00fb : \u20ac 40.437,85.\r\n      <\/p>\r\n<p>\r\n        Sous r\u00e9serve d\u2019acceptation de votre demande de cr\u00e9dit par Alpha Credit s.a., pr\u00eateur, Montagne du Parc 8\/3, 1000 Bruxelles, TVA BE 0445.781.316, RPM Bruxelles. Annonceur : TCS Mobility S.A., agent \u00e0 titre accessoire, Boulevard Albert II 4, B12, 1000 Bruxelles, TVA BE 1003.765.106, BE93 0019 6639 0767, RPM Bruxelles. La souscription d\u2019un pr\u00eat \u00e0 temp\u00e9rament est soumise \u00e0 la l\u00e9gislation relative au cr\u00e9dit \u00e0 la consommation, et plus sp\u00e9cifiquement au livre VII du Code de droit \u00e9conomique.\r\n      <\/p>\r\n<\/div>\r\n\r\n\r\n\t\t<\/div>\n\t\t\t\t\t<\/div>\n\n\t\r\n\n\t<div id=\"col-1122785248\" class=\"col text-container ilustrative-example-container small-12 large-12\"  >\n\t\t\t\t<div class=\"col-inner\"  >\n\t\t\t\n\t\t\t\r\n\r\n<div class=\"legal-text-title\">Attention, emprunter de l\u2019argent co\u00fbte aussi de l\u2019argent.<\/div>\r\n<div class=\"legal-text-content mt-half\">\r\n<p class=\"balloon-financing\">Exemple illustratif \u2013 Cr\u00e9dit ballon : Pr\u00eat \u00e0 temp\u00e9rament avec derni\u00e8re mensualit\u00e9 major\u00e9e. Montant du cr\u00e9dit : \u20ac\u00a0<span id=\"balloon-loan-amount\">35.002,79<\/span>. Acompte (facultatif) : \u20ac\u00a00. Prix comptant: \u20ac\u00a0<span id=\"balloon-price\">35.002,79<\/span>. TAEG (Taux Annuel Effectif Global) de <span id=\"balloon-jkp\">5,99<\/span> %, taux d\u00e9biteur annuel fixe : <span id=\"balloon-interest-rate\">5,99<\/span> %. Dur\u00e9e du cr\u00e9dit : <span id=\"balloon-number-of-months\">60<\/span> mois. Remboursable en <span id=\"balloon-lower-rate-number-of-months\">59<\/span> mensualit\u00e9s de \u20ac\u00a0<span id=\"balloon-rate-per-month\">522,81<\/span>. Derni\u00e8re mensualit\u00e9 major\u00e9e : \u20ac\u00a0<span id=\"balloon-residual-value\">11.023,64<\/span>. Montant total d\u00fb : \u20ac\u00a0<span id=\"balloon-total-financing-cost\">41.869,16<\/span>.<\/p>\r\n<p class=\"classic-financing\">Exemple illustratif \u2013 Cr\u00e9dit classique : Pr\u00eat \u00e0 temp\u00e9rament. Montant du cr\u00e9dit : \u20ac\u00a0<span id=\"classic-loan-amount\">35.002,79<\/span>. Acompte (facultatif) : \u20ac\u00a00. Prix comptant : \u20ac\u00a0<span id=\"classic-price\">35.002,79<\/span>. TAEG (Taux Annuel Effectif Global) de <span id=\"classic-jkp\">5,99<\/span> %, taux d\u00e9biteur annuel fixe: <span id=\"classic-interest-rate\">5,99<\/span> %. Dur\u00e9e de <span id=\"classic-number-of-months\">60<\/span> mois. Remboursable en 60 mensualit\u00e9s de \u20ac\u00a0<span id=\"classic-rate-per-month\">673,96<\/span>. Montant total d\u00fb : \u20ac\u00a0<span id=\"classic-total-financing-cost\">40.437,85<\/span>.<\/p>\r\n<\/div>\r\n\r\n\r\n\t\t<\/div>\n\t\t\t\t\t<\/div>\n\n\t\r\n\n\t<div id=\"col-694816890\" class=\"col buttons-container small-12 large-12\"  >\n\t\t\t\t<div class=\"col-inner\"  >\n\t\t\t\n\t\t\t\r\n\r\n<a class=\"button success lowercase hideLegalText\"  >\n\t\t<span>Fermer<\/span>\n\t<\/a>\n\r\n\r\n<a href=\"\/fr\/blog\/choisir-la-meilleure-couleur-des-voiture-pour-votre-style\/\" class=\"button white lowercase more-info hidden\"  >\n\t\t<span>Plus d\u2019infos<\/span>\n\t<\/a>\n\r\n\r\n\r\n\t\t<\/div>\n\t\t\t\t\t<\/div>\n\n\t\r\n\r\n<\/div>\n\n\n","protected":false},"excerpt":{"rendered":"<p>Quel est le prix d&rsquo;une assurance auto par an en Belgique ? D\u00e9couvrez les tarifs moyens, comment \u00e9conomiser et choisir la meilleure couverture pour vous.<\/p>\n","protected":false},"author":28,"featured_media":13313,"comment_status":"closed","ping_status":"open","sticky":false,"template":"","format":"standard","meta":{"footnotes":""},"categories":[75],"tags":[],"class_list":["post-13307","post","type-post","status-publish","format-standard","has-post-thumbnail","hentry","category-conseils"],"yoast_head":"<!-- This site is optimized with the Yoast SEO Premium plugin v24.0 (Yoast SEO v24.0) - https:\/\/yoast.com\/wordpress\/plugins\/seo\/ -->\n<title>Quel est le prix d&#039;une assurance auto par an ? Le guide complet<\/title>\n<meta name=\"description\" content=\"Quel est le prix d&#039;une assurance auto par an ? D\u00e9couvrez le co\u00fbt total et les facteurs qui l\u2019influencent\" \/>\n<meta name=\"robots\" content=\"index, follow, max-snippet:-1, max-image-preview:large, max-video-preview:-1\" \/>\n<link rel=\"canonical\" href=\"https:\/\/carselect.touring.be\/fr\/blog\/quel-est-le-prix-dune-assurance-auto-par-an-le-guide-complet\/\" \/>\n<meta property=\"og:locale\" content=\"fr_FR\" \/>\n<meta property=\"og:type\" content=\"article\" \/>\n<meta property=\"og:title\" content=\"Quel est le prix d&#039;une assurance auto par an ? Le guide complet\" \/>\n<meta property=\"og:description\" content=\"Quel est le prix d&#039;une assurance auto par an ? D\u00e9couvrez le co\u00fbt total et les facteurs qui l\u2019influencent\" \/>\n<meta property=\"og:url\" content=\"https:\/\/carselect.touring.be\/fr\/blog\/quel-est-le-prix-dune-assurance-auto-par-an-le-guide-complet\/\" \/>\n<meta property=\"og:site_name\" content=\"Touring Dealer\" \/>\n<meta property=\"article:published_time\" content=\"2025-03-18T20:58:14+00:00\" \/>\n<meta property=\"article:modified_time\" content=\"2025-07-10T07:01:10+00:00\" \/>\n<meta property=\"og:image\" content=\"https:\/\/carselect.touring.be\/wp-content\/uploads\/2025\/03\/headerimage-prix-assurance-auto.jpg\" \/>\n\t<meta property=\"og:image:width\" content=\"1000\" \/>\n\t<meta property=\"og:image:height\" content=\"666\" \/>\n\t<meta property=\"og:image:type\" content=\"image\/jpeg\" \/>\n<meta name=\"author\" content=\"Storme Wouter\" \/>\n<meta name=\"twitter:card\" content=\"summary_large_image\" \/>\n<meta name=\"twitter:label1\" content=\"\u00c9crit par\" \/>\n\t<meta name=\"twitter:data1\" content=\"Storme Wouter\" \/>\n\t<meta name=\"twitter:label2\" content=\"Dur\u00e9e de lecture est.\" \/>\n\t<meta name=\"twitter:data2\" content=\"12 minutes\" \/>\n<script type=\"application\/ld+json\" class=\"yoast-schema-graph\">{\"@context\":\"https:\/\/schema.org\",\"@graph\":[{\"@type\":\"Article\",\"@id\":\"https:\/\/carselect.touring.be\/fr\/blog\/quel-est-le-prix-dune-assurance-auto-par-an-le-guide-complet\/#article\",\"isPartOf\":{\"@id\":\"https:\/\/carselect.touring.be\/fr\/blog\/quel-est-le-prix-dune-assurance-auto-par-an-le-guide-complet\/\"},\"author\":{\"name\":\"Storme Wouter\",\"@id\":\"https:\/\/carselect.touring.be\/fr\/#\/schema\/person\/ac266868402e795f000a152b0f4fd4d8\"},\"headline\":\"Quel est le prix d&rsquo;une assurance auto par an ? Le guide complet\",\"datePublished\":\"2025-03-18T20:58:14+00:00\",\"dateModified\":\"2025-07-10T07:01:10+00:00\",\"mainEntityOfPage\":{\"@id\":\"https:\/\/carselect.touring.be\/fr\/blog\/quel-est-le-prix-dune-assurance-auto-par-an-le-guide-complet\/\"},\"wordCount\":3189,\"publisher\":{\"@id\":\"https:\/\/carselect.touring.be\/fr\/#organization\"},\"image\":{\"@id\":\"https:\/\/carselect.touring.be\/fr\/blog\/quel-est-le-prix-dune-assurance-auto-par-an-le-guide-complet\/#primaryimage\"},\"thumbnailUrl\":\"\/wp-content\/uploads\/2025\/03\/headerimage-prix-assurance-auto.jpg\",\"articleSection\":[\"Conseils\"],\"inLanguage\":\"fr-BE\"},{\"@type\":\"WebPage\",\"@id\":\"https:\/\/carselect.touring.be\/fr\/blog\/quel-est-le-prix-dune-assurance-auto-par-an-le-guide-complet\/\",\"url\":\"https:\/\/carselect.touring.be\/fr\/blog\/quel-est-le-prix-dune-assurance-auto-par-an-le-guide-complet\/\",\"name\":\"Quel est le prix d'une assurance auto par an ? Le guide complet\",\"isPartOf\":{\"@id\":\"https:\/\/carselect.touring.be\/fr\/#website\"},\"primaryImageOfPage\":{\"@id\":\"https:\/\/carselect.touring.be\/fr\/blog\/quel-est-le-prix-dune-assurance-auto-par-an-le-guide-complet\/#primaryimage\"},\"image\":{\"@id\":\"https:\/\/carselect.touring.be\/fr\/blog\/quel-est-le-prix-dune-assurance-auto-par-an-le-guide-complet\/#primaryimage\"},\"thumbnailUrl\":\"\/wp-content\/uploads\/2025\/03\/headerimage-prix-assurance-auto.jpg\",\"datePublished\":\"2025-03-18T20:58:14+00:00\",\"dateModified\":\"2025-07-10T07:01:10+00:00\",\"description\":\"Quel est le prix d'une assurance auto par an ? D\u00e9couvrez le co\u00fbt total et les facteurs qui l\u2019influencent\",\"breadcrumb\":{\"@id\":\"https:\/\/carselect.touring.be\/fr\/blog\/quel-est-le-prix-dune-assurance-auto-par-an-le-guide-complet\/#breadcrumb\"},\"inLanguage\":\"fr-BE\",\"potentialAction\":[{\"@type\":\"ReadAction\",\"target\":[\"https:\/\/carselect.touring.be\/fr\/blog\/quel-est-le-prix-dune-assurance-auto-par-an-le-guide-complet\/\"]}]},{\"@type\":\"ImageObject\",\"inLanguage\":\"fr-BE\",\"@id\":\"https:\/\/carselect.touring.be\/fr\/blog\/quel-est-le-prix-dune-assurance-auto-par-an-le-guide-complet\/#primaryimage\",\"url\":\"\/wp-content\/uploads\/2025\/03\/headerimage-prix-assurance-auto.jpg\",\"contentUrl\":\"\/wp-content\/uploads\/2025\/03\/headerimage-prix-assurance-auto.jpg\",\"width\":1000,\"height\":666,\"caption\":\"prix assurance automobile\"},{\"@type\":\"BreadcrumbList\",\"@id\":\"https:\/\/carselect.touring.be\/fr\/blog\/quel-est-le-prix-dune-assurance-auto-par-an-le-guide-complet\/#breadcrumb\",\"itemListElement\":[{\"@type\":\"ListItem\",\"position\":1,\"name\":\"Home\",\"item\":\"https:\/\/carselect.touring.be\/fr\/\"},{\"@type\":\"ListItem\",\"position\":2,\"name\":\"Quel est le prix d&#8217;une assurance auto par an ? Le guide complet\"}]},{\"@type\":\"WebSite\",\"@id\":\"https:\/\/carselect.touring.be\/fr\/#website\",\"url\":\"https:\/\/carselect.touring.be\/fr\/\",\"name\":\"Touring CarSelect\",\"description\":\"\",\"publisher\":{\"@id\":\"https:\/\/carselect.touring.be\/fr\/#organization\"},\"potentialAction\":[{\"@type\":\"SearchAction\",\"target\":{\"@type\":\"EntryPoint\",\"urlTemplate\":\"https:\/\/carselect.touring.be\/fr\/?s={search_term_string}\"},\"query-input\":{\"@type\":\"PropertyValueSpecification\",\"valueRequired\":true,\"valueName\":\"search_term_string\"}}],\"inLanguage\":\"fr-BE\"},{\"@type\":\"Organization\",\"@id\":\"https:\/\/carselect.touring.be\/fr\/#organization\",\"name\":\"Touring CarSelect\",\"url\":\"https:\/\/carselect.touring.be\/fr\/\",\"logo\":{\"@type\":\"ImageObject\",\"inLanguage\":\"fr-BE\",\"@id\":\"https:\/\/carselect.touring.be\/fr\/#\/schema\/logo\/image\/\",\"url\":\"\/wp-content\/uploads\/2024\/04\/Touring-Car-Select-Logo.png\",\"contentUrl\":\"\/wp-content\/uploads\/2024\/04\/Touring-Car-Select-Logo.png\",\"width\":154,\"height\":53,\"caption\":\"Touring CarSelect\"},\"image\":{\"@id\":\"https:\/\/carselect.touring.be\/fr\/#\/schema\/logo\/image\/\"}},{\"@type\":\"Person\",\"@id\":\"https:\/\/carselect.touring.be\/fr\/#\/schema\/person\/ac266868402e795f000a152b0f4fd4d8\",\"name\":\"Storme Wouter\",\"image\":{\"@type\":\"ImageObject\",\"inLanguage\":\"fr-BE\",\"@id\":\"https:\/\/carselect.touring.be\/fr\/#\/schema\/person\/image\/\",\"url\":\"https:\/\/secure.gravatar.com\/avatar\/84473de8cbf4200af853908f03b9ea9e?s=96&d=mm&r=g\",\"contentUrl\":\"https:\/\/secure.gravatar.com\/avatar\/84473de8cbf4200af853908f03b9ea9e?s=96&d=mm&r=g\",\"caption\":\"Storme Wouter\"},\"url\":\"https:\/\/carselect.touring.be\/fr\/blog\/author\/storme-wouter\/\"}]}<\/script>\n<!-- \/ Yoast SEO Premium plugin. -->","yoast_head_json":{"title":"Quel est le prix d'une assurance auto par an ? Le guide complet","description":"Quel est le prix d'une assurance auto par an ? D\u00e9couvrez le co\u00fbt total et les facteurs qui l\u2019influencent","robots":{"index":"index","follow":"follow","max-snippet":"max-snippet:-1","max-image-preview":"max-image-preview:large","max-video-preview":"max-video-preview:-1"},"canonical":"https:\/\/carselect.touring.be\/fr\/blog\/quel-est-le-prix-dune-assurance-auto-par-an-le-guide-complet\/","og_locale":"fr_FR","og_type":"article","og_title":"Quel est le prix d'une assurance auto par an ? Le guide complet","og_description":"Quel est le prix d'une assurance auto par an ? D\u00e9couvrez le co\u00fbt total et les facteurs qui l\u2019influencent","og_url":"https:\/\/carselect.touring.be\/fr\/blog\/quel-est-le-prix-dune-assurance-auto-par-an-le-guide-complet\/","og_site_name":"Touring Dealer","article_published_time":"2025-03-18T20:58:14+00:00","article_modified_time":"2025-07-10T07:01:10+00:00","og_image":[{"width":1000,"height":666,"url":"https:\/\/carselect.touring.be\/wp-content\/uploads\/2025\/03\/headerimage-prix-assurance-auto.jpg","type":"image\/jpeg"}],"author":"Storme Wouter","twitter_card":"summary_large_image","twitter_misc":{"\u00c9crit par":"Storme Wouter","Dur\u00e9e de lecture est.":"12 minutes"},"schema":{"@context":"https:\/\/schema.org","@graph":[{"@type":"Article","@id":"https:\/\/carselect.touring.be\/fr\/blog\/quel-est-le-prix-dune-assurance-auto-par-an-le-guide-complet\/#article","isPartOf":{"@id":"https:\/\/carselect.touring.be\/fr\/blog\/quel-est-le-prix-dune-assurance-auto-par-an-le-guide-complet\/"},"author":{"name":"Storme Wouter","@id":"https:\/\/carselect.touring.be\/fr\/#\/schema\/person\/ac266868402e795f000a152b0f4fd4d8"},"headline":"Quel est le prix d&rsquo;une assurance auto par an ? Le guide complet","datePublished":"2025-03-18T20:58:14+00:00","dateModified":"2025-07-10T07:01:10+00:00","mainEntityOfPage":{"@id":"https:\/\/carselect.touring.be\/fr\/blog\/quel-est-le-prix-dune-assurance-auto-par-an-le-guide-complet\/"},"wordCount":3189,"publisher":{"@id":"https:\/\/carselect.touring.be\/fr\/#organization"},"image":{"@id":"https:\/\/carselect.touring.be\/fr\/blog\/quel-est-le-prix-dune-assurance-auto-par-an-le-guide-complet\/#primaryimage"},"thumbnailUrl":"\/wp-content\/uploads\/2025\/03\/headerimage-prix-assurance-auto.jpg","articleSection":["Conseils"],"inLanguage":"fr-BE"},{"@type":"WebPage","@id":"https:\/\/carselect.touring.be\/fr\/blog\/quel-est-le-prix-dune-assurance-auto-par-an-le-guide-complet\/","url":"https:\/\/carselect.touring.be\/fr\/blog\/quel-est-le-prix-dune-assurance-auto-par-an-le-guide-complet\/","name":"Quel est le prix d'une assurance auto par an ? Le guide complet","isPartOf":{"@id":"https:\/\/carselect.touring.be\/fr\/#website"},"primaryImageOfPage":{"@id":"https:\/\/carselect.touring.be\/fr\/blog\/quel-est-le-prix-dune-assurance-auto-par-an-le-guide-complet\/#primaryimage"},"image":{"@id":"https:\/\/carselect.touring.be\/fr\/blog\/quel-est-le-prix-dune-assurance-auto-par-an-le-guide-complet\/#primaryimage"},"thumbnailUrl":"\/wp-content\/uploads\/2025\/03\/headerimage-prix-assurance-auto.jpg","datePublished":"2025-03-18T20:58:14+00:00","dateModified":"2025-07-10T07:01:10+00:00","description":"Quel est le prix d'une assurance auto par an ? D\u00e9couvrez le co\u00fbt total et les facteurs qui l\u2019influencent","breadcrumb":{"@id":"https:\/\/carselect.touring.be\/fr\/blog\/quel-est-le-prix-dune-assurance-auto-par-an-le-guide-complet\/#breadcrumb"},"inLanguage":"fr-BE","potentialAction":[{"@type":"ReadAction","target":["https:\/\/carselect.touring.be\/fr\/blog\/quel-est-le-prix-dune-assurance-auto-par-an-le-guide-complet\/"]}]},{"@type":"ImageObject","inLanguage":"fr-BE","@id":"https:\/\/carselect.touring.be\/fr\/blog\/quel-est-le-prix-dune-assurance-auto-par-an-le-guide-complet\/#primaryimage","url":"\/wp-content\/uploads\/2025\/03\/headerimage-prix-assurance-auto.jpg","contentUrl":"\/wp-content\/uploads\/2025\/03\/headerimage-prix-assurance-auto.jpg","width":1000,"height":666,"caption":"prix assurance automobile"},{"@type":"BreadcrumbList","@id":"https:\/\/carselect.touring.be\/fr\/blog\/quel-est-le-prix-dune-assurance-auto-par-an-le-guide-complet\/#breadcrumb","itemListElement":[{"@type":"ListItem","position":1,"name":"Home","item":"https:\/\/carselect.touring.be\/fr\/"},{"@type":"ListItem","position":2,"name":"Quel est le prix d&#8217;une assurance auto par an ? Le guide complet"}]},{"@type":"WebSite","@id":"https:\/\/carselect.touring.be\/fr\/#website","url":"https:\/\/carselect.touring.be\/fr\/","name":"Touring CarSelect","description":"","publisher":{"@id":"https:\/\/carselect.touring.be\/fr\/#organization"},"potentialAction":[{"@type":"SearchAction","target":{"@type":"EntryPoint","urlTemplate":"https:\/\/carselect.touring.be\/fr\/?s={search_term_string}"},"query-input":{"@type":"PropertyValueSpecification","valueRequired":true,"valueName":"search_term_string"}}],"inLanguage":"fr-BE"},{"@type":"Organization","@id":"https:\/\/carselect.touring.be\/fr\/#organization","name":"Touring CarSelect","url":"https:\/\/carselect.touring.be\/fr\/","logo":{"@type":"ImageObject","inLanguage":"fr-BE","@id":"https:\/\/carselect.touring.be\/fr\/#\/schema\/logo\/image\/","url":"\/wp-content\/uploads\/2024\/04\/Touring-Car-Select-Logo.png","contentUrl":"\/wp-content\/uploads\/2024\/04\/Touring-Car-Select-Logo.png","width":154,"height":53,"caption":"Touring CarSelect"},"image":{"@id":"https:\/\/carselect.touring.be\/fr\/#\/schema\/logo\/image\/"}},{"@type":"Person","@id":"https:\/\/carselect.touring.be\/fr\/#\/schema\/person\/ac266868402e795f000a152b0f4fd4d8","name":"Storme Wouter","image":{"@type":"ImageObject","inLanguage":"fr-BE","@id":"https:\/\/carselect.touring.be\/fr\/#\/schema\/person\/image\/","url":"https:\/\/secure.gravatar.com\/avatar\/84473de8cbf4200af853908f03b9ea9e?s=96&d=mm&r=g","contentUrl":"https:\/\/secure.gravatar.com\/avatar\/84473de8cbf4200af853908f03b9ea9e?s=96&d=mm&r=g","caption":"Storme Wouter"},"url":"https:\/\/carselect.touring.be\/fr\/blog\/author\/storme-wouter\/"}]}},"_links":{"self":[{"href":"https:\/\/carselect.touring.be\/fr\/wp-json\/wp\/v2\/posts\/13307","targetHints":{"allow":["GET"]}}],"collection":[{"href":"https:\/\/carselect.touring.be\/fr\/wp-json\/wp\/v2\/posts"}],"about":[{"href":"https:\/\/carselect.touring.be\/fr\/wp-json\/wp\/v2\/types\/post"}],"author":[{"embeddable":true,"href":"https:\/\/carselect.touring.be\/fr\/wp-json\/wp\/v2\/users\/28"}],"replies":[{"embeddable":true,"href":"https:\/\/carselect.touring.be\/fr\/wp-json\/wp\/v2\/comments?post=13307"}],"version-history":[{"count":5,"href":"https:\/\/carselect.touring.be\/fr\/wp-json\/wp\/v2\/posts\/13307\/revisions"}],"predecessor-version":[{"id":13997,"href":"https:\/\/carselect.touring.be\/fr\/wp-json\/wp\/v2\/posts\/13307\/revisions\/13997"}],"wp:featuredmedia":[{"embeddable":true,"href":"https:\/\/carselect.touring.be\/fr\/wp-json\/wp\/v2\/media\/13313"}],"wp:attachment":[{"href":"https:\/\/carselect.touring.be\/fr\/wp-json\/wp\/v2\/media?parent=13307"}],"wp:term":[{"taxonomy":"category","embeddable":true,"href":"https:\/\/carselect.touring.be\/fr\/wp-json\/wp\/v2\/categories?post=13307"},{"taxonomy":"post_tag","embeddable":true,"href":"https:\/\/carselect.touring.be\/fr\/wp-json\/wp\/v2\/tags?post=13307"}],"curies":[{"name":"wp","href":"https:\/\/api.w.org\/{rel}","templated":true}]}}