{"id":13170,"date":"2025-02-03T20:42:52","date_gmt":"2025-02-03T19:42:52","guid":{"rendered":"https:\/\/carselect.touring.be\/blog\/prime-pour-voiture-electrique-que-se-passe-t-il-apres-la-suppression-de-la-subvention-en-2025\/"},"modified":"2025-07-02T10:27:15","modified_gmt":"2025-07-02T08:27:15","slug":"prime-pour-voiture-electrique-que-se-passe-t-il-apres-la-suppression-de-la-subvention-en-2025","status":"publish","type":"post","link":"https:\/\/carselect.touring.be\/fr\/blog\/prime-pour-voiture-electrique-que-se-passe-t-il-apres-la-suppression-de-la-subvention-en-2025\/","title":{"rendered":"Prime pour voiture \u00e9lectrique : que se passe-t-il apr\u00e8s la suppression de la subvention en 2025 ?"},"content":{"rendered":"\n\n\n<style>\n.banner-carousel div[class$=\"-banner\"] {\n  display: none;\n}\n\n.banner-carousel div[class$=\"-banner\"]:first-child,\n.banner-carousel.flickity-enabled div[class$=\"-banner\"] {\n  display: inline-flex;\n} \n\n  .roadside-margin-top {\n    margin-top: 0px;\n  }\n\n  .roadside-margin-top-stock {\n    margin-top: 24px;\n  }\n\n  .roadside-assistance-banner {\n    background-color: #E4EDF4;\n    color: var(--primary-color);\n    text-align: center;\n    height: 56px;\n    font-weight: bold;\n    position: static;\n    box-shadow: rgba(0, 0, 0, 0.15) 1px 1px 10px;\n  }\n\n  .roadside-assistance-banner img {\n    height: 30px;\n  }\n\n  .roadside-assistance-banner .full-banner-button {\n    color: var(--primary-color);\n    cursor: pointer;\n    display: inline-flex;\n    align-items: center;\n    justify-content: center;\n    height: 56px;\n  }\n\n.banner-carousel-container .quality-check-banner, \n.banner-carousel-container  .roadside-banner, \n.banner-carousel-container .stock-banner {\n    color: var(--primary-color);\n    display: inline-flex;\n    align-items: center;\n    justify-content: center;\n    height: 56px;\n  }\n\n  .roadside-assistance-banner.mobile-only .banner-text {\n    padding-right: 8px;\n    padding-left: 8px;\n    margin: 0px;\n  }\n\n  .roadside-assistance-banner .banner-text {\n    font-weight: bold;\n    margin-right: 24px;\n    margin-left: 8px;\n    font-size: 18px;\n  }\n\n  .roadside-assistance-banner.desktop-only {\n    height: 56px;\n    line-height: 56px;\n    width: 100%;\n  }\n  \n  .more-info-button {\n    color: white;\n    background-color: var(--primary-color);\n    padding: 6px 10px;\n    cursor: pointer;\n    border-radius: 5px;\n  }\n\n  .more-info-button:hover, .blog-single a:focus {\n    color: white!important;\n  }\n\n  .roadside-assistance-popup .roadside-assistance-title {\n    text-align: center;\n    margin-bottom: 8px; line-height: 15px;\n  }\n\n .roadside-assistance-popup .roadside-assistance-list {\n    display: flex;\n    flex-direction: column;\n    font-size: 16px;\n  }\n\n .roadside-assistance-popup .roadside-assistance-item {\n    display: flex;\n    align-items: baseline;\n    position: relative;\n    margin-bottom: 10px;\n  }\n\n .roadside-assistance-popup .roadside-assistance-circle {\n    width: 20px;\n    min-width: 20px;\n    height: 20px;\n    border-radius: 50%;\n    background-color: var(--primary-color);\n    display: flex;\n    justify-content: center;\n    align-items: center;\n    font-weight: bold;\n    position: relative;\n    color: white;\n  }\n\n .roadside-assistance-popup .roadside-assistance-text {\n    margin-left: 8px;\n    color: var(--primary-color);\n    line-height: 16px;\n  }\n\n .roadside-assistance-popup .roadside-assistance-item:not(:last-child)::before {\n    content: \"\";\n    position: absolute;\n    width: 1px;\n    height: 28px;\n    background-color: var(--primary-color);\n    left: 10px;\n    top: 20px;\n  }\n\n .roadside-assistance-popup .roadside-assistance-item:nth-child(3)::after {\n    content: \"\";\n    position: absolute;\n    left: 7px;\n    top: 40px;\n    border: solid var(--primary-color);\n    border-width: 0 1px 1px 0;\n    padding: 3px;\n    transform: rotate(45deg);\n    -webkit-transform: rotate(45deg);\n  }\n\n  .roadside-assistance-popup .roadside-assistance-item:last-child {\n    padding-top: 20px;\n  }\n\n  .roadside-assistance-popup .roadside-assistance-item:last-child .roadside-assistance-circle {\n    padding-top: 1px;\n    background-color: #08ccb4;\n    color: white;\n  }\n\n  .roadside-assistance-popup .roadside-assistance-sublist {\n    color:var(--primary-color);\n    font-size: 16px;\n    padding-left: 28px;\n  }\n\n  .roadside-assistance-popup .roadside-assistance-sublist .checkmark {\n    color: var(--primary-color);\n  }\n\n  .roadside-assistance-popup.lightbox-content {\n    background-color: unset;\n    box-shadow: unset;\n  }\n\n  .roadside-assistance-popup .dialog-container > .col-inner {\n    box-shadow: 3px 3px 20px 0 rgba(0, 0, 0, .15);\n  }\n\n  @media only screen and (max-width: 800px) {\n    .roadside-assistance-banner {\n      z-index: 1000;\n    }\n\n    .roadside-assistance-banner.mobile-only {\n      display: block !important;\n    }\n\n    .roadside-assistance-banner.desktop-only {\n      display: none;\n    }\n  }\n\n  @media only screen and (min-width: 801px) {\n    .roadside-assistance-banner {\n      z-index: 8;\n    }\n\n    .roadside-assistance-banner.mobile-only {\n      display: none;\n    }\n\n    .roadside-assistance-banner.desktop-only {\n      display: block;\n    }\n  }\n\n  @media only screen and (max-width: 548px) {\n    #stock-general .stock-general__header-order--3 {\n      margin-top: 12px;\n    }\n  }\n  .roadside-assistance-popup .service-link.button.close {\n    font-size: 16px;\n    margin-left: 8px;\n  }\n\n  .roadside-assistance-popup .car-item-detail {\n    align-items: center;\n  }\n\n  .article-text, .default-text  {\n    display: none;\n  }\n\n  @media only screen and (max-width: 500px) {\n    .roadside-assistance-banner.mobile-only .banner-text {\n      font-size: 14px;\n      line-height: 16px;\n    }\n  }\n\n  @media only screen and (max-width: 405px) {\n    .roadside-assistance-banner.mobile-only .article-text {\n      width: 75%;\n    }\n  }\n\n  .roadside-assistance-banner.mobile-only img {\n    margin-left: 8px;\n  }\n\n  article .roadside-assistance-banner {\n    width: 100vw !important;\n    margin-left: calc(50% - 50vw);\n  }\n<\/style>\n\n\n\n<div class=\"roadside-assistance-banner desktop-only banner-carousel-container\"> \n  <div class=\"banner-carousel\">\n    <div class=\"quality-check-banner\">\n<svg width=\"24\" height=\"24\" viewBox=\"0 0 24 24\" fill=\"none\" xmlns=\"http:\/\/www.w3.org\/2000\/svg\">\n<path d=\"M4 12.5L9.5 17L19 7\" stroke=\"#00418c\" stroke-width=\"2.5\" stroke-linecap=\"round\" stroke-linejoin=\"round\"\/>\n<\/svg>\n      <span class=\"banner-text\">\nContr\u00f4les de qualit\u00e9 par Touring\n      <\/span>\n    <\/div>\n    <div class=\"roadside-banner\">\n<svg width=\"24\" height=\"24\" viewBox=\"0 0 24 24\" fill=\"none\" xmlns=\"http:\/\/www.w3.org\/2000\/svg\">\n<path d=\"M4 12.5L9.5 17L19 7\" stroke=\"#00418c\" stroke-width=\"2.5\" stroke-linecap=\"round\" stroke-linejoin=\"round\"\/>\n<\/svg>\n      <span class=\"banner-text default-text\">\n12 mois de d\u00e9pannage offerts\n      <\/span>\n      <span class=\"banner-text article-text\">\nD\u00e9couvrez notre large stock de voitures d\u2019occasion fiables\n      <\/span>\n    <\/div>\n    <div class=\"stock-banner\">\n<svg width=\"24\" height=\"24\" viewBox=\"0 0 24 24\" fill=\"none\" xmlns=\"http:\/\/www.w3.org\/2000\/svg\">\n<path d=\"M4 12.5L9.5 17L19 7\" stroke=\"#00418c\" stroke-width=\"2.5\" stroke-linecap=\"round\" stroke-linejoin=\"round\"\/>\n<\/svg>\n      <span class=\"banner-text\">\n<span class=\"stock-count\">0<\/span> voitures disponibles\n      <\/span>\n    <\/div>\n  <\/div>\n<\/div>\n\n\n\n<div class=\"roadside-assistance-banner mobile-only banner-carousel-container\"> \n  <div class=\"banner-carousel\">\n    <div class=\"quality-check-banner\">\n<svg width=\"24\" height=\"24\" viewBox=\"0 0 24 24\" fill=\"none\" xmlns=\"http:\/\/www.w3.org\/2000\/svg\">\n<path d=\"M4 12.5L9.5 17L19 7\" stroke=\"#00418c\" stroke-width=\"2.5\" stroke-linecap=\"round\" stroke-linejoin=\"round\"\/>\n<\/svg>\n      <span class=\"banner-text\">\nContr\u00f4les de qualit\u00e9 par Touring\n      <\/span>\n    <\/div>\n    <div class=\"roadside-banner\">\n<svg width=\"24\" height=\"24\" viewBox=\"0 0 24 24\" fill=\"none\" xmlns=\"http:\/\/www.w3.org\/2000\/svg\">\n<path d=\"M4 12.5L9.5 17L19 7\" stroke=\"#00418c\" stroke-width=\"2.5\" stroke-linecap=\"round\" stroke-linejoin=\"round\"\/>\n<\/svg>\n        <span class=\"banner-text default-text\">\n12 mois de d\u00e9pannage offerts\n        <\/span>\n        <span class=\"banner-text article-text\">\nD\u00e9couvrez notre large stock de voitures d\u2019occasion fiables\n        <\/span>\n    <\/div>\n    <div class=\"stock-banner\">\n<svg width=\"24\" height=\"24\" viewBox=\"0 0 24 24\" fill=\"none\" xmlns=\"http:\/\/www.w3.org\/2000\/svg\">\n<path d=\"M4 12.5L9.5 17L19 7\" stroke=\"#00418c\" stroke-width=\"2.5\" stroke-linecap=\"round\" stroke-linejoin=\"round\"\/>\n<\/svg>\n      <span class=\"banner-text\">\n<span class=\"stock-count\">0<\/span> voitures disponibles\n      <\/span>\n    <\/div>\n  <\/div>\n<\/div>\n\n<div class=\"row align-center roadside-assistance-popup lightbox-by-id lightbox-content lightbox-white mfp-hide\"  id=\"row-721750671\">\n\n\n\t<div id=\"col-1623584148\" class=\"col dialog-container medium-6 small-12 large-6\"  >\n\t\t\t\t<div class=\"col-inner\" style=\"background-color:rgb(255, 255, 255);\" >\n\t\t\t\n\t\t\t\n\n\t<div class=\"img has-hover x md-x lg-x y md-y lg-y\" id=\"image_683411239\">\n\t\t\t\t\t\t\t\t<div class=\"img-inner dark\" >\n\t\t\t<img loading=\"lazy\" decoding=\"async\" width=\"1020\" height=\"680\" src=\"\/wp-content\/uploads\/2025\/04\/Touring_221026_3058_NL-1-1024x683.webp\" class=\"attachment-large size-large\" alt=\"Roadside Assistance Banner NL\" srcset=\"\/wp-content\/uploads\/2025\/04\/Touring_221026_3058_NL-1-1024x683.webp 1024w, \/wp-content\/uploads\/2025\/04\/Touring_221026_3058_NL-1-300x200.webp 300w, \/wp-content\/uploads\/2025\/04\/Touring_221026_3058_NL-1-768x512.webp 768w, \/wp-content\/uploads\/2025\/04\/Touring_221026_3058_NL-1-1536x1024.webp 1536w, \/wp-content\/uploads\/2025\/04\/Touring_221026_3058_NL-1-2048x1365.webp 2048w\" sizes=\"auto, (max-width: 1020px) 100vw, 1020px\" \/>\t\t\t\t\t\t\n\t\t\t\t\t<\/div>\n\t\t\t\t\t\t\t\t\n<style>\n#image_683411239 {\n  width: 100%;\n}\n<\/style>\n\t<\/div>\n\t\n\n<div class=\"row\"  id=\"row-1158548053\">\n\n\n\t<div id=\"col-1021627296\" class=\"col small-12 large-12\"  >\n\t\t\t\t<div class=\"col-inner\"  >\n\t\t\t\n\t\t\t\n\n\n\n<p data-text-color=\"primary\" class=\"roadside-assistance-title\">\n  <strong>12 mois d\u2019assistance d\u00e9pannage offerts sur tous les v\u00e9hicules<\/strong>\n<\/p>\n<div class=\"roadside-assistance-list\">\n  <div class=\"roadside-assistance-item\">\n      <div class=\"roadside-assistance-circle\">1<\/div>\n      <div class=\"roadside-assistance-text\">Trouvez votre v\u00e9hicule<\/div>\n  <\/div>\n  <div class=\"roadside-assistance-item\">\n      <div class=\"roadside-assistance-circle\">2<\/div>\n      <div class=\"roadside-assistance-text\">Rendez-vous dans votre concession<\/div>\n  <\/div>\n  <div class=\"roadside-assistance-item\">\n      <div class=\"roadside-assistance-circle\">3<\/div>\n      <div class=\"roadside-assistance-text\">Le vendeur active instantan\u00e9ment votre assistance<\/div>\n  <\/div>\n  <div class=\"roadside-assistance-item\">\n      <div class=\"roadside-assistance-circle\">\u2713<\/div>\n      <div class=\"roadside-assistance-text\"><strong>Profitez de votre assistance pendant 12 mois<\/strong><\/div>\n  <\/div>\n<\/div>\n<div class=\"roadside-assistance-sublist\">\n<div>\n<span class=\"checkmark \">\u2713<\/span>\n<span>Dans toute la Belgique<\/span>\n<\/div>\n<div>\n<span class=\"checkmark \">\u2713<\/span>\n<span>V\u00e9hicule de remplacement<\/span>\n<\/div>\n<\/div>\n\n\n\t\t<\/div>\n\t\t\t\t\t<\/div>\n\n\t\n\n\t<div id=\"col-264445499\" class=\"col small-12 large-12\"  >\n\t\t\t\t<div class=\"col-inner\"  >\n\t\t\t\n\t\t\t\n\n\n\n<div class=\"car-item-detail d-flex\"> \n         <a href=\"https:\/\/carselect.touring.be\/fr\/services-solutions\/#roadside-assistance\">\n         <div class=\"more-info-button bold\">\n Plus d\u2019information\n         <\/div>\n           <\/a>\n<button class=\"button success lowercase service-link close\">Fermer<\/button>\n      <\/div>\n\n\n\t\t<\/div>\n\t\t\t\t\t<\/div>\n\n\t\n\n\n<style>\n#row-1158548053 > .col > .col-inner {\n  padding: 0px 24px 0px 24px;\n}\n<\/style>\n<\/div>\n\n\t\t<\/div>\n\t\t\t\t\t<\/div>\n\n\t\n\n<\/div>\n\n\n<script>\ndocument.querySelector('.roadside-assistance-popup').setAttribute('id', 'roadside-assistance-popup');\n\ndocument.querySelector('.roadside-assistance-popup .button.close').addEventListener('click', function() {\n$.magnificPopup.close();\n});\n\nif (window.location.pathname.includes(\"blog\")) {\n  const toShow = document.querySelectorAll(\".article-text\");\n  toShow.forEach(el => {\n    el.style.display=\"inline\";\n  });\n} else {\n  const toShow = document.querySelectorAll(\".default-text\");\n  toShow.forEach(el => {\n    el.style.display=\"inline\";\n  });\n}\n<\/script>\n\n\n\n\t<section class=\"section news-details\" id=\"section_918490518\">\n\t\t<div class=\"section-bg fill\" >\n\t\t\t\t\t\t\t\t\t\n\t\t\t\n\n\t\t<\/div>\n\n\t\t\n\n\t\t<div class=\"section-content relative\">\n\t\t\t\n\n<div class=\"row row-large\"  id=\"row-331310543\">\n\n\n\t<div id=\"col-1948355436\" class=\"col medium-8 small-12 large-8\"  >\n\t\t\t\t<div class=\"col-inner\"  >\n\t\t\t\n\t\t\t\n\n<div class=\"container section-title-container\" ><h1 class=\"section-title section-title-normal\"><b><\/b><span class=\"section-title-main\" >Prime pour voiture \u00e9lectrique : que se passe-t-il apr\u00e8s la suppression de la subvention en 2025 ?<\/span><b><\/b><\/h1><\/div>\n\n\n\t\t<\/div>\n\t\t\t\t\n<style>\n#col-1948355436 > .col-inner {\n  padding: 0px 0px 0px 0px;\n  margin: 0px 0px 0px 0px;\n}\n<\/style>\n\t<\/div>\n\n\t\n\n\t<div id=\"col-785924224\" class=\"col small-12 large-12\"  >\n\t\t\t\t<div class=\"col-inner\"  >\n\t\t\t\n\t\t\t\n\n\t<div class=\"img has-hover x md-x lg-x y md-y lg-y\" id=\"image_989370446\">\n\t\t\t\t\t\t\t\t<div class=\"img-inner dark\" >\n\t\t\t<img loading=\"lazy\" decoding=\"async\" width=\"1000\" height=\"665\" src=\"\/wp-content\/uploads\/2025\/02\/header_prime-pour-voiture-electrique.jpg\" class=\"attachment-large size-large\" alt=\"prime pour voiture \u00e9lectrique\" srcset=\"\/wp-content\/uploads\/2025\/02\/header_prime-pour-voiture-electrique.jpg 1000w, \/wp-content\/uploads\/2025\/02\/header_prime-pour-voiture-electrique-300x200.jpg 300w, \/wp-content\/uploads\/2025\/02\/header_prime-pour-voiture-electrique-768x511.jpg 768w\" sizes=\"auto, (max-width: 1000px) 100vw, 1000px\" \/>\t\t\t\t\t\t\n\t\t\t\t\t<\/div>\n\t\t\t\t\t\t\t\t\n<style>\n#image_989370446 {\n  width: 100%;\n}\n<\/style>\n\t<\/div>\n\t\n\n\n\t\t<\/div>\n\t\t\t\t\n<style>\n#col-785924224 > .col-inner {\n  margin: 0px 0px 25px 0px;\n}\n<\/style>\n\t<\/div>\n\n\t\n\n\t<div id=\"col-1874024209\" class=\"col medium-8 small-12 large-8\"  >\n\t\t\t\t<div class=\"col-inner\"  >\n\t\t\t\n\t\t\t\n\n<p>La prime flamande a boost\u00e9 les ventes de v\u00e9hicules \u00e9lectriques au cours de l\u2019ann\u00e9e \u00e9coul\u00e9e. Avec une aide financi\u00e8re allant jusqu&rsquo;\u00e0 5 000 \u20ac pour les voitures neuves et 3 000 \u20ac pour les mod\u00e8les d&rsquo;occasion, cette mesure a permis de lever certains freins pour de nombreux particuliers et entreprises.  <\/p>\n<p>Mais maintenant que cette prime a \u00e9t\u00e9 supprim\u00e9e en 2025, une question se pose : quelles cons\u00e9quences pour l\u2019avenir de la mobilit\u00e9 \u00e9lectrique en Flandre ? Quel sera l\u2019impact sur les ventes, le march\u00e9 de l\u2019occasion et la transition vers un parc automobile plus durable ?  <\/p>\n<p>Dans cet article, nous analysons l\u2019importance de cette prime, les raisons de sa suppression, ses effets et la mani\u00e8re dont le secteur s\u2019adapte \u00e0 cette nouvelle r\u00e9alit\u00e9.<\/p>\n<div class=\"container section-title-container\" ><h2 class=\"section-title section-title-normal\"><b><\/b><span class=\"section-title-main\" >Qu\u2019est-ce que la prime et qui pouvait en b\u00e9n\u00e9ficier ?<\/span><b><\/b><\/h2><\/div>\n\n<p>Le gouvernement flamand, sous la direction de la ministre de la Mobilit\u00e9 Lydia Peeters, avait mis en place la prime pour voiture \u00e9lectrique afin de rendre les v\u00e9hicules \u00e0 z\u00e9ro \u00e9mission plus accessibles et populaires.<\/p>\n<p><em>L\u2019objectif principal ? <\/em>Acc\u00e9l\u00e9rer la transition vers une mobilit\u00e9 plus \u00e9cologique et augmenter le nombre de v\u00e9hicules \u00e9lectriques en circulation.<\/p>\n<p>Cette subvention ciblait principalement deux groupes :<\/p>\n<ol>\n<li>\n<p><strong>Les particuliers<\/strong> souhaitant acqu\u00e9rir une voiture \u00e9lectrique neuve ou d&rsquo;occasion.<\/p>\n<\/li>\n<li>\n<p><strong>Les entreprises <\/strong>d\u00e9sireuses de verdir leur flotte, principalement incit\u00e9es via des avantages fiscaux et une d\u00e9ductibilit\u00e9 totale des v\u00e9hicules \u00e9lectriques. Un levier important, sachant que les entreprises repr\u00e9sentent une part significative du trafic automobile total. <\/p>\n<\/li>\n<\/ol>\n<p>Avec cette prime, la r\u00e9gion flamande visait \u00e0 r\u00e9duire le principal obstacle : le prix d\u2019achat plus \u00e9lev\u00e9 des voitures \u00e9lectriques. En parall\u00e8le, elle souhaitait \u00e9galement sensibiliser le grand public aux avantages de la mobilit\u00e9 sans \u00e9missions. <\/p>\n<div class=\"container section-title-container\" ><h3 class=\"section-title section-title-normal\"><b><\/b><span class=\"section-title-main\" >Comment fonctionnait la prime flamande ?<\/span><b><\/b><\/h3><\/div>\n\n<p>La prime offrait un soutien financier bas\u00e9 sur le type de v\u00e9hicule \u00e9lectrique et des crit\u00e8res sp\u00e9cifiques.<\/p>\n<p>Les acheteurs d\u2019un v\u00e9hicule neuf d\u2019une valeur catalogue maximale de 40 000 \u20ac (TVA incluse) pouvaient recevoir jusqu\u2019\u00e0 5 000 \u20ac d\u2019aide. Pour un v\u00e9hicule d\u2019occasion, la prime \u00e9tait plafonn\u00e9e \u00e0 3 000 \u20ac, selon son \u00e9tat et son anciennet\u00e9.<\/p>\n<p>Pour \u00eatre \u00e9ligible, le v\u00e9hicule devait respecter certains crit\u00e8res. Seuls les v\u00e9hicules \u00e0 z\u00e9ro \u00e9mission, comme les voitures \u00e9lectriques \u00e0 batterie et \u00e0 hydrog\u00e8ne, \u00e9taient concern\u00e9s. Les hybrides et les v\u00e9hicules \u00e0 carburant fossile \u00e9taient exclus du dispositif.<\/p>\n<h4><strong><span style=\"color: #333333\">Comment demander cette prime ?<\/span><\/strong><\/h4>\n<p>La demande de prime pour v\u00e9hicule \u00e9lectrique se faisait via <strong>la plateforme en ligne du gouvernement flamand<\/strong>. L\u2019acheteur devait enregistrer son achat avec un contrat de vente et soumettre sa demande dans un d\u00e9lai de <strong>90 jours apr\u00e8s la signature.<\/strong><\/p>\n<p>Pour la valider, il devait fournir la facture d\u2019achat du v\u00e9hicule ainsi que le certificat d\u2019immatriculation. Une fois la demande approuv\u00e9e, le montant de la subvention \u00e9tait vers\u00e9 directement sur le compte bancaire indiqu\u00e9, assurant un traitement rapide et efficace.<\/p>\n<div class=\"container section-title-container\" ><h2 class=\"section-title section-title-normal\"><b><\/b><span class=\"section-title-main\" >Qui \u00e9tait \u00e9ligible \u00e0 la prime ?<\/span><b><\/b><\/h2><\/div>\n\n<p>Comme mentionn\u00e9 pr\u00e9c\u00e9demment, la prime \u00e9tait exclusivement r\u00e9serv\u00e9e aux v\u00e9hicules z\u00e9ro \u00e9mission, tels que les voitures \u00e9lectriques \u00e0 batterie et les voitures \u00e0 hydrog\u00e8ne. En revanche, les mod\u00e8les hybrides, y compris les hybrides rechargeables, \u00e9taient exclus en raison de leur d\u00e9pendance partielle aux combustibles fossiles.<\/p>\n<p>De plus, la prime de 5 000 euros \u00e9tait limit\u00e9e aux v\u00e9hicules neufs dont<strong> la valeur catalogue ne d\u00e9passait pas 40 000 euros<\/strong> (TVA incluse). Ce plafond a permis de cibler les mod\u00e8les abordables, excluant ainsi les v\u00e9hicules de luxe tels que la Porsche Taycan, l\u2019Audi e-tron GT et les mod\u00e8les haut de gamme de Tesla.<\/p>\n<p>Pour <strong>les v\u00e9hicules z\u00e9ro \u00e9mission d\u2019occasion<\/strong>, une prime de<strong> 3 000 euros<\/strong> \u00e9tait \u00e9galement disponible. Ces v\u00e9hicules devaient avoir <strong>entre 3 et 8 ans depuis leur premi\u00e8re immatriculation<\/strong> et avoir eu <strong>une valeur catalogue d\u2019origine inf\u00e9rieure \u00e0 60 000 euros<\/strong> (TVA incluse).<\/p>\n<div class=\"container section-title-container\" ><h3 class=\"section-title section-title-normal\"><b><\/b><span class=\"section-title-main\" >Les derni\u00e8res \u00e9ch\u00e9ances pour b\u00e9n\u00e9ficier de la prime en 2024<\/span><b><\/b><\/h3><\/div>\n\n<p>Pour les acheteurs souhaitant encore profiter de la prime, des dates limites strictes avaient \u00e9t\u00e9 fix\u00e9es. Seuls les v\u00e9hicules achet\u00e9s avant le 22 novembre 2024 \u00e9taient \u00e9ligibles, et les dossiers complets, incluant le contrat de vente et les autres documents justificatifs, devaient \u00eatre soumis avant le 31 d\u00e9cembre 2024 via l\u2019e-loket du gouvernement flamand. Le gouvernement a assur\u00e9 que les demandes correctement introduites seraient bien trait\u00e9es et que les paiements seraient honor\u00e9s, m\u00eame apr\u00e8s la suppression de la mesure.<\/p>\n<p>Cette transition visait \u00e0 offrir plus de clart\u00e9 et \u00e0 \u00e9viter des complications administratives, bien que la suppression anticip\u00e9e de la prime ait \u00e9t\u00e9 une d\u00e9ception pour de nombreux conducteurs et entreprises.<\/p>\n<div class=\"container section-title-container\" ><h2 class=\"section-title section-title-normal\"><b><\/b><span class=\"section-title-main\" >Pourquoi la prime pour voiture \u00e9lectrique a-t-elle \u00e9t\u00e9 supprim\u00e9e ?<\/span><b><\/b><\/h2><\/div>\n\n<p>En 2024, le nouveau gouvernement flamand, dirig\u00e9 par Matthias Diependaele (N-VA), a d\u00e9cid\u00e9 d\u2019arr\u00eater pr\u00e9matur\u00e9ment la prime pour les v\u00e9hicules \u00e9lectriques. Cette d\u00e9cision a \u00e9t\u00e9 prise en raison de contraintes budg\u00e9taires et d\u2019un changement strat\u00e9gique de politique.<\/p>\n<p>Les ventes de voitures \u00e9lectriques ont fortement augment\u00e9 en 2023 et 2024, entra\u00eenant une \u00e9puisement plus rapide des fonds allou\u00e9s par la r\u00e9gion flamande. Parall\u00e8lement, le gouvernement flamand souhaitait red\u00e9finir ses priorit\u00e9s en investissant davantage dans l\u2019infrastructure des bornes de recharge et les stations de recharge rapide, jug\u00e9es plus efficaces pour acc\u00e9l\u00e9rer la transition vers une mobilit\u00e9 verte.<\/p>\n<p>Le ministre Matthias Diependaele a soulign\u00e9 que la prime n\u2019\u00e9tait plus viable financi\u00e8rement et a plaid\u00e9 pour une approche plus cibl\u00e9e afin d\u2019accompagner les particuliers et les entreprises dans l\u2019adoption des v\u00e9hicules \u00e9lectriques.<\/p>\n<div class=\"container section-title-container\" ><h2 class=\"section-title section-title-normal\"><b><\/b><span class=\"section-title-main\" >Les grands gagnants de la prime en Flandre<\/span><b><\/b><\/h2><\/div>\n\n<p>Tesla a largement domin\u00e9 le march\u00e9 des voitures \u00e9lectriques en Flandre, en grande partie gr\u00e2ce au syst\u00e8me de subventions mis en place. Le Tesla Model Y s\u2019est clairement impos\u00e9 comme le mod\u00e8le pr\u00e9f\u00e9r\u00e9 des acheteurs particuliers, avec 4 354 unit\u00e9s vendues.<\/p>\n<p>Le Tesla Model 3 a \u00e9galement affich\u00e9 d\u2019excellents r\u00e9sultats, avec 2 382 exemplaires \u00e9coul\u00e9s, confirmant ainsi la popularit\u00e9 de la marque sur le march\u00e9 des v\u00e9hicules \u00e9lectriques en Belgique.<\/p>\n\t<div class=\"img has-hover x md-x lg-x y md-y lg-y\" id=\"image_1896652929\">\n\t\t\t\t\t\t\t\t<div class=\"img-inner dark\" >\n\t\t\t<img loading=\"lazy\" decoding=\"async\" width=\"768\" height=\"576\" src=\"\/wp-content\/uploads\/2025\/02\/tesla-model-y_FR-768x576.jpg\" class=\"attachment-medium_large size-medium_large\" alt=\"\" srcset=\"\/wp-content\/uploads\/2025\/02\/tesla-model-y_FR-768x576.jpg 768w, \/wp-content\/uploads\/2025\/02\/tesla-model-y_FR-300x225.jpg 300w, \/wp-content\/uploads\/2025\/02\/tesla-model-y_FR.jpg 1000w\" sizes=\"auto, (max-width: 768px) 100vw, 768px\" \/>\t\t\t\t\t\t\n\t\t\t\t\t<\/div>\n\t\t\t\t\t\t\t\t\n<style>\n#image_1896652929 {\n  width: 100%;\n}\n<\/style>\n\t<\/div>\n\t\n\n<p data-pm-slice=\"1 1 &#091;&#093;\">\u00c0 une certaine distance, on retrouvait le SUV \u00e9lectrique compact de Volvo, l\u2019EX30, qui a s\u00e9duit 849 acheteurs particuliers. De son c\u00f4t\u00e9, la Dacia Spring, souvent qualifi\u00e9e de<a href=\"https:\/\/carselect.touring.be\/fr\/blog\/meilleures-voitures-electriques-pas-cher-2024\/\"> voiture \u00e9lectrique la plus abordable de Belgique<\/a>, a cl\u00f4tur\u00e9 le top 5 avec 548 unit\u00e9s vendues (<em>source :<\/em> <a href=\"https:\/\/www.tijd.be\/ondernemen\/auto\/vlaamse-premie-stuwde-verkoop-elektrische-auto-s\/10581549.html?utm_term=Autofeed&amp;utm_medium=Social&amp;utm_source=Facebook#Echobox=1736257125\" target=\"_blank\" rel=\"noopener noreferrer\">De Tijd<\/a>).<\/p>\n<p>L\u2019offre vari\u00e9e de mod\u00e8les disponibles a rendu la mobilit\u00e9 \u00e9lectrique plus accessible, aussi bien pour les acheteurs soucieux de leur budget que pour les passionn\u00e9s de technologie avanc\u00e9e.<\/p>\n<div class=\"container section-title-container\" ><h2 class=\"section-title section-title-normal\"><b><\/b><span class=\"section-title-main\" >L'impact de la prime sur le march\u00e9 des voitures \u00e9lectriques en Flandre<\/span><b><\/b><\/h2><\/div>\n\n<div class=\"container section-title-container\" ><h3 class=\"section-title section-title-normal\"><b><\/b><span class=\"section-title-main\" >Hausse des ventes en 2024<\/span><b><\/b><\/h3><\/div>\n\n<p>La prime a directement entra\u00een\u00e9 une augmentation des ventes de voitures \u00e9lectriques en Belgique, avec un impact particuli\u00e8rement fort en Flandre.<\/p>\n<p>En 2024, pr\u00e8s de <strong>128 000 nouveaux v\u00e9hicules<\/strong> \u00e9lectriques ont \u00e9t\u00e9 immatricul\u00e9s, soit<strong> une hausse impressionnante de 37 %<\/strong> par rapport \u00e0 l\u2019ann\u00e9e pr\u00e9c\u00e9dente. Parall\u00e8lement, le nombre total de nouvelles immatriculations de voitures a diminu\u00e9 de 6 %, selon les chiffres de la f\u00e9d\u00e9ration du secteur automobile, <a href=\"https:\/\/www.traxio.be\/\" target=\"_blank\" rel=\"noopener noreferrer\">Traxio<\/a>. <\/p>\n<p>Ces donn\u00e9es soulignent l\u2019efficacit\u00e9 de la prime pour encourager la transition vers des v\u00e9hicules z\u00e9ro \u00e9mission. Il est toutefois important de pr\u00e9ciser que de nombreux v\u00e9hicules command\u00e9s gr\u00e2ce \u00e0 cette aide ne seront livr\u00e9s et immatricul\u00e9s qu\u2019au d\u00e9but de l\u2019ann\u00e9e 2025. <\/p>\n<p>Nous sommes donc curieux de voir combien de Flamands auront effectivement profit\u00e9 de cette prime.<\/p>\n<div class=\"container section-title-container\" ><h3 class=\"section-title section-title-normal\"><b><\/b><span class=\"section-title-main\" >Impact sur le march\u00e9 de l\u2019occasion<\/span><b><\/b><\/h3><\/div>\n\n<p>L&rsquo;incitation financi\u00e8re pour l&rsquo;achat de v\u00e9hicules \u00e9lectriques neufs en Flandre a indirectement dynamis\u00e9 le march\u00e9 de l&rsquo;occasion. De nombreux conducteurs ayant opt\u00e9 pour un mod\u00e8le neuf gr\u00e2ce \u00e0 la prime ont remis leurs anciens v\u00e9hicules sur le march\u00e9, enrichissant ainsi l\u2019offre de voitures \u00e9lectriques d\u2019occasion.  <\/p>\n<p>Avec la suppression de la prime, on s\u2019attend \u00e0 une hausse de la demande pour les mod\u00e8les d&rsquo;occasion. Sans subvention directe pour les v\u00e9hicules neufs, davantage de particuliers et d\u2019entreprises consid\u00e9reront le march\u00e9 de l\u2019occasion comme une alternative abordable pour passer \u00e0 l\u2019\u00e9lectrique. <\/p>\n\n\n<script type=\"text\/javascript\">\n    var seoPlugins = window.seoPlugins || [];\n\n    seoPlugins.push({\n        \"PluginCode\": \"a9f957e3-d8b9-4005-bf73-c81df6fc4833\",\n        \"PluginName\": \"#secondhandelectricsv2021\",\n        \"FilterCookie\": {\"FuelTypeIds\":[\"3\"],\"CarCategoryIds\":[\"1\"]}\n    })\n\n    window.seoPlugins = seoPlugins;\n\n    var seoPlugins = window.seoPlugins || [];\n\n    for (var i = 0; i < seoPlugins.length; i++) {\n        var pluginData = seoPlugins[i];\n        CFM.API.enable(pluginData.PluginCode, pluginData.PluginName, null, {\n            FilterCookie: pluginData.FilterCookie\n        });\n    }\n<\/script>\n<div id=\"secondhandelectricsv2021\"><\/div>\n\n<div class=\"container section-title-container\" ><h2 class=\"section-title section-title-normal\"><b><\/b><span class=\"section-title-main\" >Que peut-on attendre apr\u00e8s la suppression de la prime flamande en 2025 ?<\/span><b><\/b><\/h2><\/div>\n\n<p>La prime flamande pour les v\u00e9hicules \u00e9lectriques a largement contribu\u00e9 \u00e0 l\u2019essor d\u2019un parc automobile plus \u00e9cologique, acc\u00e9l\u00e9rant la transition vers des transports plus durables.<\/p>\n<p>Avec des ventes records en 2024 et un march\u00e9 de l&rsquo;occasion en pleine expansion, il est clair qu&rsquo;un coup de pouce financier a eu un impact positif.<\/p>\n<p>Mais avec la suppression de cette subvention, nous entrons dans une nouvelle phase. D\u00e9sormais, l&rsquo;accent sera mis sur les investissements dans l\u2019infrastructure de recharge et d&rsquo;autres mesures li\u00e9es \u00e0 la durabilit\u00e9. La question est de savoir si cette strat\u00e9gie suffira \u00e0 maintenir la dynamique du march\u00e9.  <\/p>\n<div class=\"container section-title-container\" ><h3 class=\"section-title section-title-normal\"><b><\/b><span class=\"section-title-main\" >Un regard vers l\u2019avenir<\/span><b><\/b><\/h3><\/div>\n\n<p>L\u2019avenir du march\u00e9 d\u00e9pendra fortement des choix politiques en 2025 et d\u2019une \u00e9ventuelle introduction de nouveaux incitants, que ce soit au niveau flamand ou f\u00e9d\u00e9ral. En parall\u00e8le, l\u2019\u00e9volution de l\u2019offre jouera un r\u00f4le majeur, avec de plus en plus de constructeurs automobiles proposant des mod\u00e8les abordables, rendant ainsi la mobilit\u00e9 \u00e9lectrique accessible \u00e0 un plus grand nombre. <\/p>\n<p>Avec l\u2019int\u00e9r\u00eat croissant pour les v\u00e9hicules \u00e9lectriques et le d\u00e9veloppement du march\u00e9 de l\u2019occasion, les perspectives restent prometteuses. Cependant, les futures mesures gouvernementales seront d\u00e9terminantes pour assurer la croissance continue du secteur.<\/p>\n<p>La question demeure : quelles seront les prochaines aides ou innovations pour acc\u00e9l\u00e9rer l\u2019\u00e9lectrification du parc automobile en Belgique ?<\/p>\n\n\n<script type=\"text\/javascript\">\n    var seoPlugins = window.seoPlugins || [];\n\n    seoPlugins.push({\n        \"PluginCode\": \"a9f957e3-d8b9-4005-bf73-c81df6fc4833\",\n        \"PluginName\": \"#newsecondhandelectricsv2021\",\n        \"FilterCookie\": {\"FuelTypeIds\":[\"3\"],\"CarCategoryIds\":[\"1\"]}\n    })\n\n    window.seoPlugins = seoPlugins;\n\n    var seoPlugins = window.seoPlugins || [];\n\n    for (var i = 0; i < seoPlugins.length; i++) {\n        var pluginData = seoPlugins[i];\n        CFM.API.enable(pluginData.PluginCode, pluginData.PluginName, null, {\n            FilterCookie: pluginData.FilterCookie\n        });\n    }\n<\/script>\n<div id=\"newsecondhandelectricsv2021\"><\/div>\n\n\n\t\t<\/div>\n\t\t\t\t\t<\/div>\n\n\t\n\n\t<div id=\"col-715793208\" class=\"col medium-4 small-12 large-4\"  >\n\t\t\t\t<div class=\"col-inner\"  >\n\t\t\t\n\t\t\t\n\n\n  \n    <div class=\"row large-columns-1 medium-columns-1 small-columns-1\" >\n  <div class=\"col post-item\" >\n\t\t\t<div class=\"col-inner\">\n\t\t\t\t<div class=\"box box-normal box-text-bottom box-blog-post has-hover\">\n            \t\t\t\t\t<div class=\"box-image\" >\n  \t\t\t\t\t\t<div class=\"image-cover\" style=\"padding-top:56.25%;\">\n\t\t\t\t\t\t\t<a href=\"https:\/\/carselect.touring.be\/fr\/blog\/numero-chassis-voiture-verification-occasion\/\" class=\"plain\" aria-label=\"Rechercher le Num\u00e9ro de Ch\u00e2ssis Voiture : Comment V\u00e9rifier l&rsquo;Honn\u00eatet\u00e9 d&rsquo;une Occasion\">\n\t\t\t\t\t\t\t\t<img loading=\"lazy\" decoding=\"async\" width=\"300\" height=\"199\" src=\"\/wp-content\/uploads\/2026\/03\/Numero-de-Chassis-Voiture-300x199.jpg\" class=\"attachment-medium size-medium wp-post-image\" alt=\"Num\u00e9ro de Ch\u00e2ssis Voiture\" srcset=\"\/wp-content\/uploads\/2026\/03\/Numero-de-Chassis-Voiture-300x199.jpg 300w, \/wp-content\/uploads\/2026\/03\/Numero-de-Chassis-Voiture-768x510.jpg 768w, \/wp-content\/uploads\/2026\/03\/Numero-de-Chassis-Voiture.jpg 1000w\" sizes=\"auto, (max-width: 300px) 100vw, 300px\" \/>\t\t\t\t\t\t\t<\/a>\n  \t\t\t\t\t\t\t  \t\t\t\t\t\t\t  \t\t\t\t\t\t<\/div>\n  \t\t\t\t\t\t  \t\t\t\t\t<\/div>\n          \t\t\t\t\t<div class=\"box-text text-left\" >\n\t\t\t\t\t<div class=\"box-text-inner blog-post-inner\">\n\n\t\t\t\t\t\n\t\t\t\t\t\t\t\t\t\t<h5 class=\"post-title is-large \">\n\t\t\t\t\t\t<a href=\"https:\/\/carselect.touring.be\/fr\/blog\/numero-chassis-voiture-verification-occasion\/\" class=\"plain\">Rechercher le Num\u00e9ro de Ch\u00e2ssis Voiture : Comment V\u00e9rifier l&rsquo;Honn\u00eatet\u00e9 d&rsquo;une Occasion<\/a>\n\t\t\t\t\t<\/h5>\n\t\t\t\t\t\t\t\t\t\t<div class=\"is-divider\"><\/div>\n\t\t\t\t\t\t\t\t\t\t<p class=\"from_the_blog_excerpt \">\n\t\t\t\t\t\tNum\u00e9ro de ch\u00e2ssis voiture en Belgique ? D\u00e9couvrez ce que le VIN r\u00e9v\u00e8le, o\u00f9 le [...]\t\t\t\t\t<\/p>\n\t\t\t\t\t                    \n\t\t\t\t\t\n\t\t\t\t\t\n\t\t\t\t\t<\/div>\n\t\t\t\t\t<\/div>\n\t\t\t\t\t\t\t\t\t<\/div>\n\t\t\t<\/div>\n\t\t<\/div><div class=\"col post-item\" >\n\t\t\t<div class=\"col-inner\">\n\t\t\t\t<div class=\"box box-normal box-text-bottom box-blog-post has-hover\">\n            \t\t\t\t\t<div class=\"box-image\" >\n  \t\t\t\t\t\t<div class=\"image-cover\" style=\"padding-top:56.25%;\">\n\t\t\t\t\t\t\t<a href=\"https:\/\/carselect.touring.be\/fr\/blog\/prix-controle-technique-belgique\/\" class=\"plain\" aria-label=\"Prix Contr\u00f4le Technique en Belgique : Tous les Tarifs en Un Coup d&rsquo;\u0152il\">\n\t\t\t\t\t\t\t\t<img loading=\"lazy\" decoding=\"async\" width=\"300\" height=\"200\" src=\"\/wp-content\/uploads\/2026\/03\/prix-controle-technique-300x200.jpg\" class=\"attachment-medium size-medium wp-post-image\" alt=\"prix controle technique\" srcset=\"\/wp-content\/uploads\/2026\/03\/prix-controle-technique-300x200.jpg 300w, \/wp-content\/uploads\/2026\/03\/prix-controle-technique-768x512.jpg 768w, \/wp-content\/uploads\/2026\/03\/prix-controle-technique.jpg 1000w\" sizes=\"auto, (max-width: 300px) 100vw, 300px\" \/>\t\t\t\t\t\t\t<\/a>\n  \t\t\t\t\t\t\t  \t\t\t\t\t\t\t  \t\t\t\t\t\t<\/div>\n  \t\t\t\t\t\t  \t\t\t\t\t<\/div>\n          \t\t\t\t\t<div class=\"box-text text-left\" >\n\t\t\t\t\t<div class=\"box-text-inner blog-post-inner\">\n\n\t\t\t\t\t\n\t\t\t\t\t\t\t\t\t\t<h5 class=\"post-title is-large \">\n\t\t\t\t\t\t<a href=\"https:\/\/carselect.touring.be\/fr\/blog\/prix-controle-technique-belgique\/\" class=\"plain\">Prix Contr\u00f4le Technique en Belgique : Tous les Tarifs en Un Coup d&rsquo;\u0152il<\/a>\n\t\t\t\t\t<\/h5>\n\t\t\t\t\t\t\t\t\t\t<div class=\"is-divider\"><\/div>\n\t\t\t\t\t\t\t\t\t\t<p class=\"from_the_blog_excerpt \">\n\t\t\t\t\t\tPrix contr\u00f4le technique Belgique 2026 : d\u00e9couvrez tous les tarifs officiels pour essence, diesel, contr\u00f4le [...]\t\t\t\t\t<\/p>\n\t\t\t\t\t                    \n\t\t\t\t\t\n\t\t\t\t\t\n\t\t\t\t\t<\/div>\n\t\t\t\t\t<\/div>\n\t\t\t\t\t\t\t\t\t<\/div>\n\t\t\t<\/div>\n\t\t<\/div><div class=\"col post-item\" >\n\t\t\t<div class=\"col-inner\">\n\t\t\t\t<div class=\"box box-normal box-text-bottom box-blog-post has-hover\">\n            \t\t\t\t\t<div class=\"box-image\" >\n  \t\t\t\t\t\t<div class=\"image-cover\" style=\"padding-top:56.25%;\">\n\t\t\t\t\t\t\t<a href=\"https:\/\/carselect.touring.be\/fr\/blog\/covering-voiture-belgique-prix-legalite\/\" class=\"plain\" aria-label=\"Covering Voiture : Du R\u00eave Mat \u00e0 la R\u00e9alit\u00e9 Brillante, Comment \u00e7a Marche en Belgique\">\n\t\t\t\t\t\t\t\t<img loading=\"lazy\" decoding=\"async\" width=\"300\" height=\"200\" src=\"\/wp-content\/uploads\/2026\/03\/covering-voiture-header-300x200.jpg\" class=\"attachment-medium size-medium wp-post-image\" alt=\"covering voiture\" srcset=\"\/wp-content\/uploads\/2026\/03\/covering-voiture-header-300x200.jpg 300w, \/wp-content\/uploads\/2026\/03\/covering-voiture-header-768x512.jpg 768w, \/wp-content\/uploads\/2026\/03\/covering-voiture-header.jpg 1000w\" sizes=\"auto, (max-width: 300px) 100vw, 300px\" \/>\t\t\t\t\t\t\t<\/a>\n  \t\t\t\t\t\t\t  \t\t\t\t\t\t\t  \t\t\t\t\t\t<\/div>\n  \t\t\t\t\t\t  \t\t\t\t\t<\/div>\n          \t\t\t\t\t<div class=\"box-text text-left\" >\n\t\t\t\t\t<div class=\"box-text-inner blog-post-inner\">\n\n\t\t\t\t\t\n\t\t\t\t\t\t\t\t\t\t<h5 class=\"post-title is-large \">\n\t\t\t\t\t\t<a href=\"https:\/\/carselect.touring.be\/fr\/blog\/covering-voiture-belgique-prix-legalite\/\" class=\"plain\">Covering Voiture : Du R\u00eave Mat \u00e0 la R\u00e9alit\u00e9 Brillante, Comment \u00e7a Marche en Belgique<\/a>\n\t\t\t\t\t<\/h5>\n\t\t\t\t\t\t\t\t\t\t<div class=\"is-divider\"><\/div>\n\t\t\t\t\t\t\t\t\t\t<p class=\"from_the_blog_excerpt \">\n\t\t\t\t\t\tD\u00e9couvrez comment le covering voiture peut transformer votre v\u00e9hicule en un mod\u00e8le unique et styl\u00e9. [...]\t\t\t\t\t<\/p>\n\t\t\t\t\t                    \n\t\t\t\t\t\n\t\t\t\t\t\n\t\t\t\t\t<\/div>\n\t\t\t\t\t<\/div>\n\t\t\t\t\t\t\t\t\t<\/div>\n\t\t\t<\/div>\n\t\t<\/div><div class=\"col post-item\" >\n\t\t\t<div class=\"col-inner\">\n\t\t\t\t<div class=\"box box-normal box-text-bottom box-blog-post has-hover\">\n            \t\t\t\t\t<div class=\"box-image\" >\n  \t\t\t\t\t\t<div class=\"image-cover\" style=\"padding-top:56.25%;\">\n\t\t\t\t\t\t\t<a href=\"https:\/\/carselect.touring.be\/fr\/blog\/plaque-personnalisee-en-belgique\/\" class=\"plain\" aria-label=\"Plaque Personnalis\u00e9e Belgique : R\u00e8gles, Co\u00fbts et Comment en Faire la Demande\">\n\t\t\t\t\t\t\t\t<img loading=\"lazy\" decoding=\"async\" width=\"300\" height=\"200\" src=\"\/wp-content\/uploads\/2026\/03\/plaque-personnalisee-belgique-300x200.png\" class=\"attachment-medium size-medium wp-post-image\" alt=\"plaque personnalis\u00e9e belgique\" srcset=\"\/wp-content\/uploads\/2026\/03\/plaque-personnalisee-belgique-300x200.png 300w, \/wp-content\/uploads\/2026\/03\/plaque-personnalisee-belgique-1024x683.png 1024w, \/wp-content\/uploads\/2026\/03\/plaque-personnalisee-belgique-768x512.png 768w, \/wp-content\/uploads\/2026\/03\/plaque-personnalisee-belgique.png 1536w\" sizes=\"auto, (max-width: 300px) 100vw, 300px\" \/>\t\t\t\t\t\t\t<\/a>\n  \t\t\t\t\t\t\t  \t\t\t\t\t\t\t  \t\t\t\t\t\t<\/div>\n  \t\t\t\t\t\t  \t\t\t\t\t<\/div>\n          \t\t\t\t\t<div class=\"box-text text-left\" >\n\t\t\t\t\t<div class=\"box-text-inner blog-post-inner\">\n\n\t\t\t\t\t\n\t\t\t\t\t\t\t\t\t\t<h5 class=\"post-title is-large \">\n\t\t\t\t\t\t<a href=\"https:\/\/carselect.touring.be\/fr\/blog\/plaque-personnalisee-en-belgique\/\" class=\"plain\">Plaque Personnalis\u00e9e Belgique : R\u00e8gles, Co\u00fbts et Comment en Faire la Demande<\/a>\n\t\t\t\t\t<\/h5>\n\t\t\t\t\t\t\t\t\t\t<div class=\"is-divider\"><\/div>\n\t\t\t\t\t\t\t\t\t\t<p class=\"from_the_blog_excerpt \">\n\t\t\t\t\t\tCr\u00e9ez une plaque personnalis\u00e9e en Belgique pour afficher votre style unique sur la route. D\u00e9couvrez [...]\t\t\t\t\t<\/p>\n\t\t\t\t\t                    \n\t\t\t\t\t\n\t\t\t\t\t\n\t\t\t\t\t<\/div>\n\t\t\t\t\t<\/div>\n\t\t\t\t\t\t\t\t\t<\/div>\n\t\t\t<\/div>\n\t\t<\/div><div class=\"col post-item\" >\n\t\t\t<div class=\"col-inner\">\n\t\t\t\t<div class=\"box box-normal box-text-bottom box-blog-post has-hover\">\n            \t\t\t\t\t<div class=\"box-image\" >\n  \t\t\t\t\t\t<div class=\"image-cover\" style=\"padding-top:56.25%;\">\n\t\t\t\t\t\t\t<a href=\"https:\/\/carselect.touring.be\/fr\/blog\/plaque-immatriculation-belgique-regles-couts\/\" class=\"plain\" aria-label=\"Plaque d&rsquo;Immatriculation en Belgique : R\u00e8gles, Co\u00fbts et Ce Qu&rsquo;il Faut Retenir\">\n\t\t\t\t\t\t\t\t<img loading=\"lazy\" decoding=\"async\" width=\"300\" height=\"225\" src=\"\/wp-content\/uploads\/2026\/02\/plaque-dimmatriculation-header-300x225.jpg\" class=\"attachment-medium size-medium wp-post-image\" alt=\"plaque d&#039;immatriculation\" srcset=\"\/wp-content\/uploads\/2026\/02\/plaque-dimmatriculation-header-300x225.jpg 300w, \/wp-content\/uploads\/2026\/02\/plaque-dimmatriculation-header-1024x768.jpg 1024w, \/wp-content\/uploads\/2026\/02\/plaque-dimmatriculation-header-768x576.jpg 768w, \/wp-content\/uploads\/2026\/02\/plaque-dimmatriculation-header.jpg 1184w\" sizes=\"auto, (max-width: 300px) 100vw, 300px\" \/>\t\t\t\t\t\t\t<\/a>\n  \t\t\t\t\t\t\t  \t\t\t\t\t\t\t  \t\t\t\t\t\t<\/div>\n  \t\t\t\t\t\t  \t\t\t\t\t<\/div>\n          \t\t\t\t\t<div class=\"box-text text-left\" >\n\t\t\t\t\t<div class=\"box-text-inner blog-post-inner\">\n\n\t\t\t\t\t\n\t\t\t\t\t\t\t\t\t\t<h5 class=\"post-title is-large \">\n\t\t\t\t\t\t<a href=\"https:\/\/carselect.touring.be\/fr\/blog\/plaque-immatriculation-belgique-regles-couts\/\" class=\"plain\">Plaque d&rsquo;Immatriculation en Belgique : R\u00e8gles, Co\u00fbts et Ce Qu&rsquo;il Faut Retenir<\/a>\n\t\t\t\t\t<\/h5>\n\t\t\t\t\t\t\t\t\t\t<div class=\"is-divider\"><\/div>\n\t\t\t\t\t\t\t\t\t\t<p class=\"from_the_blog_excerpt \">\n\t\t\t\t\t\tPlaque d'immatriculation en Belgique : r\u00e8gles, co\u00fbts (\u20ac30), demande via DIV, garder ancienne plaque ou [...]\t\t\t\t\t<\/p>\n\t\t\t\t\t                    \n\t\t\t\t\t\n\t\t\t\t\t\n\t\t\t\t\t<\/div>\n\t\t\t\t\t<\/div>\n\t\t\t\t\t\t\t\t\t<\/div>\n\t\t\t<\/div>\n\t\t<\/div><div class=\"col post-item\" >\n\t\t\t<div class=\"col-inner\">\n\t\t\t\t<div class=\"box box-normal box-text-bottom box-blog-post has-hover\">\n            \t\t\t\t\t<div class=\"box-image\" >\n  \t\t\t\t\t\t<div class=\"image-cover\" style=\"padding-top:56.25%;\">\n\t\t\t\t\t\t\t<a href=\"https:\/\/carselect.touring.be\/fr\/blog\/radier-plaque-immatriculation-ou-transferer\/\" class=\"plain\" aria-label=\"Transf\u00e9rer ou radier plaque immatriculation : \u00c9vitez ces erreurs fr\u00e9quentes\">\n\t\t\t\t\t\t\t\t<img loading=\"lazy\" decoding=\"async\" width=\"300\" height=\"181\" src=\"\/wp-content\/uploads\/2026\/02\/radier-plaque-immatriculation-header-300x181.jpeg\" class=\"attachment-medium size-medium wp-post-image\" alt=\"radier plaque immatriculation\" srcset=\"\/wp-content\/uploads\/2026\/02\/radier-plaque-immatriculation-header-300x181.jpeg 300w, \/wp-content\/uploads\/2026\/02\/radier-plaque-immatriculation-header-768x462.jpeg 768w, \/wp-content\/uploads\/2026\/02\/radier-plaque-immatriculation-header.jpeg 1000w\" sizes=\"auto, (max-width: 300px) 100vw, 300px\" \/>\t\t\t\t\t\t\t<\/a>\n  \t\t\t\t\t\t\t  \t\t\t\t\t\t\t  \t\t\t\t\t\t<\/div>\n  \t\t\t\t\t\t  \t\t\t\t\t<\/div>\n          \t\t\t\t\t<div class=\"box-text text-left\" >\n\t\t\t\t\t<div class=\"box-text-inner blog-post-inner\">\n\n\t\t\t\t\t\n\t\t\t\t\t\t\t\t\t\t<h5 class=\"post-title is-large \">\n\t\t\t\t\t\t<a href=\"https:\/\/carselect.touring.be\/fr\/blog\/radier-plaque-immatriculation-ou-transferer\/\" class=\"plain\">Transf\u00e9rer ou radier plaque immatriculation : \u00c9vitez ces erreurs fr\u00e9quentes<\/a>\n\t\t\t\t\t<\/h5>\n\t\t\t\t\t\t\t\t\t\t<div class=\"is-divider\"><\/div>\n\t\t\t\t\t\t\t\t\t\t<p class=\"from_the_blog_excerpt \">\n\t\t\t\t\t\tD\u00e9couvrez comment radier une plaque immatriculation avec notre guide pratique et les \u00e9tapes essentielles \u00e0 [...]\t\t\t\t\t<\/p>\n\t\t\t\t\t                    \n\t\t\t\t\t\n\t\t\t\t\t\n\t\t\t\t\t<\/div>\n\t\t\t\t\t<\/div>\n\t\t\t\t\t\t\t\t\t<\/div>\n\t\t\t<\/div>\n\t\t<\/div><div class=\"col post-item\" >\n\t\t\t<div class=\"col-inner\">\n\t\t\t\t<div class=\"box box-normal box-text-bottom box-blog-post has-hover\">\n            \t\t\t\t\t<div class=\"box-image\" >\n  \t\t\t\t\t\t<div class=\"image-cover\" style=\"padding-top:56.25%;\">\n\t\t\t\t\t\t\t<a href=\"https:\/\/carselect.touring.be\/fr\/blog\/valeur-catalogue-voiture-comprendre-pourquoi-cest-important\/\" class=\"plain\" aria-label=\"Valeur Catalogue Voiture : Qu&rsquo;est-ce que c&rsquo;est, Comment la rechercher et pourquoi reste-t-elle importante m\u00eame pour l&rsquo;occasion ?\">\n\t\t\t\t\t\t\t\t<img loading=\"lazy\" decoding=\"async\" width=\"300\" height=\"200\" src=\"\/wp-content\/uploads\/2026\/01\/valeur-catalogue-voiture-header-300x200.jpg\" class=\"attachment-medium size-medium wp-post-image\" alt=\"Valeur Catalogue Voiture\" srcset=\"\/wp-content\/uploads\/2026\/01\/valeur-catalogue-voiture-header-300x200.jpg 300w, \/wp-content\/uploads\/2026\/01\/valeur-catalogue-voiture-header-768x512.jpg 768w, \/wp-content\/uploads\/2026\/01\/valeur-catalogue-voiture-header.jpg 1000w\" sizes=\"auto, (max-width: 300px) 100vw, 300px\" \/>\t\t\t\t\t\t\t<\/a>\n  \t\t\t\t\t\t\t  \t\t\t\t\t\t\t  \t\t\t\t\t\t<\/div>\n  \t\t\t\t\t\t  \t\t\t\t\t<\/div>\n          \t\t\t\t\t<div class=\"box-text text-left\" >\n\t\t\t\t\t<div class=\"box-text-inner blog-post-inner\">\n\n\t\t\t\t\t\n\t\t\t\t\t\t\t\t\t\t<h5 class=\"post-title is-large \">\n\t\t\t\t\t\t<a href=\"https:\/\/carselect.touring.be\/fr\/blog\/valeur-catalogue-voiture-comprendre-pourquoi-cest-important\/\" class=\"plain\">Valeur Catalogue Voiture : Qu&rsquo;est-ce que c&rsquo;est, Comment la rechercher et pourquoi reste-t-elle importante m\u00eame pour l&rsquo;occasion ?<\/a>\n\t\t\t\t\t<\/h5>\n\t\t\t\t\t\t\t\t\t\t<div class=\"is-divider\"><\/div>\n\t\t\t\t\t\t\t\t\t\t<p class=\"from_the_blog_excerpt \">\n\t\t\t\t\t\tD\u00e9couvrez ce que signifie la valeur catalogue d'une voiture pour votre achat. Faites un choix [...]\t\t\t\t\t<\/p>\n\t\t\t\t\t                    \n\t\t\t\t\t\n\t\t\t\t\t\n\t\t\t\t\t<\/div>\n\t\t\t\t\t<\/div>\n\t\t\t\t\t\t\t\t\t<\/div>\n\t\t\t<\/div>\n\t\t<\/div><div class=\"col post-item\" >\n\t\t\t<div class=\"col-inner\">\n\t\t\t\t<div class=\"box box-normal box-text-bottom box-blog-post has-hover\">\n            \t\t\t\t\t<div class=\"box-image\" >\n  \t\t\t\t\t\t<div class=\"image-cover\" style=\"padding-top:56.25%;\">\n\t\t\t\t\t\t\t<a href=\"https:\/\/carselect.touring.be\/fr\/blog\/la-voiture-la-plus-chere-du-monde-prix-et-pourquoi-elle-est-exceptionnelle\/\" class=\"plain\" aria-label=\"La Voiture la Plus Ch\u00e8re au Monde : Prix et Caract\u00e9ristiques\">\n\t\t\t\t\t\t\t\t<img loading=\"lazy\" decoding=\"async\" width=\"300\" height=\"187\" src=\"\/wp-content\/uploads\/2026\/01\/la-voiture-la-plus-chere-au-monde.jpg-300x187.jpg\" class=\"attachment-medium size-medium wp-post-image\" alt=\"La Voiture la Plus Ch\u00e8re au Monde\" srcset=\"\/wp-content\/uploads\/2026\/01\/la-voiture-la-plus-chere-au-monde.jpg-300x187.jpg 300w, \/wp-content\/uploads\/2026\/01\/la-voiture-la-plus-chere-au-monde.jpg-768x479.jpg 768w, \/wp-content\/uploads\/2026\/01\/la-voiture-la-plus-chere-au-monde.jpg.jpg 1000w\" sizes=\"auto, (max-width: 300px) 100vw, 300px\" \/>\t\t\t\t\t\t\t<\/a>\n  \t\t\t\t\t\t\t  \t\t\t\t\t\t\t  \t\t\t\t\t\t<\/div>\n  \t\t\t\t\t\t  \t\t\t\t\t<\/div>\n          \t\t\t\t\t<div class=\"box-text text-left\" >\n\t\t\t\t\t<div class=\"box-text-inner blog-post-inner\">\n\n\t\t\t\t\t\n\t\t\t\t\t\t\t\t\t\t<h5 class=\"post-title is-large \">\n\t\t\t\t\t\t<a href=\"https:\/\/carselect.touring.be\/fr\/blog\/la-voiture-la-plus-chere-du-monde-prix-et-pourquoi-elle-est-exceptionnelle\/\" class=\"plain\">La Voiture la Plus Ch\u00e8re au Monde : Prix et Caract\u00e9ristiques<\/a>\n\t\t\t\t\t<\/h5>\n\t\t\t\t\t\t\t\t\t\t<div class=\"is-divider\"><\/div>\n\t\t\t\t\t\t\t\t\t\t<p class=\"from_the_blog_excerpt \">\n\t\t\t\t\t\tQuelle est la voiture la plus ch\u00e8re au monde ? D\u00e9couvrez le record de 142 [...]\t\t\t\t\t<\/p>\n\t\t\t\t\t                    \n\t\t\t\t\t\n\t\t\t\t\t\n\t\t\t\t\t<\/div>\n\t\t\t\t\t<\/div>\n\t\t\t\t\t\t\t\t\t<\/div>\n\t\t\t<\/div>\n\t\t<\/div><\/div>\n\n\n\t\t<\/div>\n\t\t\t\t\t<\/div>\n\n\t\n\n<\/div>\n<div class=\"row\"  id=\"row-742909589\">\n\n\n\t<div id=\"col-20403413\" class=\"col small-12 large-12\"  >\n\t\t\t\t<div class=\"col-inner\"  >\n\t\t\t\n\t\t\t\n\n\n  <div class=\"banner has-hover\" id=\"banner-950350119\">\n          <div class=\"banner-inner fill\">\n        <div class=\"banner-bg fill\" >\n            <img loading=\"lazy\" decoding=\"async\" width=\"1440\" height=\"160\" src=\"\/wp-content\/uploads\/2025\/01\/Mask-group.png\" class=\"bg attachment-original size-original\" alt=\"\" \/>                                    \n                    <\/div>\n\t\t\n        <div class=\"banner-layers container\">\n            <div class=\"fill banner-link\"><\/div>            \n\n   <div id=\"text-box-2057157436\" class=\"text-box banner-layer x100 md-x100 lg-x100 y10 md-y10 lg-y10 res-text\">\n                                <div class=\"text-box-content text dark\">\n              \n              <div class=\"text-inner text-center\">\n                  \n\n<h2><em>Achetez votre<\/em><\/h2>\n<h2><em>Voiture de r\u00eave<\/em><\/h2>\n<a href=\"https:\/\/carselect.touring.be\/fr\/acheter-une-voiture\/\" class=\"button success\"  >\n\t\t<span>D\u00e9couvrez<\/span>\n\t<\/a>\n\n\n\n              <\/div>\n           <\/div>\n                            \n<style>\n#text-box-2057157436 {\n  width: 35%;\n}\n#text-box-2057157436 .text-box-content {\n  font-size: 100%;\n}\n<\/style>\n    <\/div>\n \n\n        <\/div>\n      <\/div>\n\n            \n<style>\n#banner-950350119 {\n  padding-top: 250px;\n}\n#banner-950350119 .banner-bg img {\n  object-position: 22% 0%;\n}\n<\/style>\n  <\/div>\n\n\n\n\t\t<\/div>\n\t\t\t\t\t<\/div>\n\n\t\n\n<\/div>\n\n\t\t<\/div>\n\n\t\t\n<style>\n#section_918490518 {\n  padding-top: 0px;\n  padding-bottom: 0px;\n}\n<\/style>\n\t<\/section>\n\t\n\n\n\n<p><\/p>\n\n\n\n<div class=\"row row-full-width align-middle align-center legalTextContainer representativeExampleBanner qa-testid-representative-banner-fr\"  id=\"row-496490605\">\r\n\r\n\n\t<div id=\"col-480045995\" class=\"col text-container representative-example-container small-12 large-12\"  >\n\t\t\t\t<div class=\"col-inner\"  >\n\t\t\t\n\t\t\t\r\n\r\n<div class=\"legal-text-title\">Attention, emprunter de l\u2019argent co\u00fbte aussi de l\u2019argent.<\/div>\r\n<div class=\"legal-text-content mt-half\">\r\n<p>\r\nExemple repr\u00e9sentatif \u2013 Cr\u00e9dit ballon : <b>Pr\u00eat \u00e0 temp\u00e9rament avec derni\u00e8re mensualit\u00e9 major\u00e9e<\/b>. Montant du cr\u00e9dit : \u20ac 35.002,79. Acompte (facultatif) : \u20ac 0. Prix comptant: \u20ac 35.002,79. <b>TAEG (Taux Annuel Effectif Global)<\/b> de <b>5,99 %<\/b>, taux d\u00e9biteur annuel <b>fixe<\/b> : 5,99 %. Dur\u00e9e du cr\u00e9dit : <b>60 mois<\/b>. Remboursable en 59 mensualit\u00e9s de <b>\u20ac 522,81<\/b>. Derni\u00e8re mensualit\u00e9 major\u00e9e : <b>\u20ac 11.023,64<\/b>. Montant total d\u00fb : \u20ac 41.869,16.\r\n      <\/p>\r\n<p>\r\n        Exemple repr\u00e9sentatif \u2013 Cr\u00e9dit classique : <b>Pr\u00eat \u00e0 temp\u00e9rament<\/b>. Montant du cr\u00e9dit : \u20ac 35.002,79. Acompte (facultatif) : \u20ac 0. Prix comptant : \u20ac 35.002,79. <b>TAEG (Taux Annuel Effectif Global)<\/b> de <b>5,99 %<\/b>, taux d\u00e9biteur annuel <b>fixe<\/b>: 5,99 %. Dur\u00e9e de <b>60 mois<\/b>. Remboursable en 60 mensualit\u00e9s de <b>\u20ac 673,96<\/b>. Montant total d\u00fb : \u20ac 40.437,85.\r\n      <\/p>\r\n<p>\r\n        Sous r\u00e9serve d\u2019acceptation de votre demande de cr\u00e9dit par Alpha Credit s.a., pr\u00eateur, Montagne du Parc 8\/3, 1000 Bruxelles, TVA BE 0445.781.316, RPM Bruxelles. Annonceur : TCS Mobility S.A., agent \u00e0 titre accessoire, Boulevard Albert II 4, B12, 1000 Bruxelles, TVA BE 1003.765.106, BE93 0019 6639 0767, RPM Bruxelles. La souscription d\u2019un pr\u00eat \u00e0 temp\u00e9rament est soumise \u00e0 la l\u00e9gislation relative au cr\u00e9dit \u00e0 la consommation, et plus sp\u00e9cifiquement au livre VII du Code de droit \u00e9conomique.\r\n      <\/p>\r\n<\/div>\r\n\r\n\r\n\t\t<\/div>\n\t\t\t\t\t<\/div>\n\n\t\r\n\n\t<div id=\"col-1600570958\" class=\"col text-container ilustrative-example-container small-12 large-12\"  >\n\t\t\t\t<div class=\"col-inner\"  >\n\t\t\t\n\t\t\t\r\n\r\n<div class=\"legal-text-title\">Attention, emprunter de l\u2019argent co\u00fbte aussi de l\u2019argent.<\/div>\r\n<div class=\"legal-text-content mt-half\">\r\n<p class=\"balloon-financing\">Exemple illustratif \u2013 Cr\u00e9dit ballon : Pr\u00eat \u00e0 temp\u00e9rament avec derni\u00e8re mensualit\u00e9 major\u00e9e. Montant du cr\u00e9dit : \u20ac\u00a0<span id=\"balloon-loan-amount\">35.002,79<\/span>. Acompte (facultatif) : \u20ac\u00a00. Prix comptant: \u20ac\u00a0<span id=\"balloon-price\">35.002,79<\/span>. TAEG (Taux Annuel Effectif Global) de <span id=\"balloon-jkp\">5,99<\/span> %, taux d\u00e9biteur annuel fixe : <span id=\"balloon-interest-rate\">5,99<\/span> %. Dur\u00e9e du cr\u00e9dit : <span id=\"balloon-number-of-months\">60<\/span> mois. Remboursable en <span id=\"balloon-lower-rate-number-of-months\">59<\/span> mensualit\u00e9s de \u20ac\u00a0<span id=\"balloon-rate-per-month\">522,81<\/span>. Derni\u00e8re mensualit\u00e9 major\u00e9e : \u20ac\u00a0<span id=\"balloon-residual-value\">11.023,64<\/span>. Montant total d\u00fb : \u20ac\u00a0<span id=\"balloon-total-financing-cost\">41.869,16<\/span>.<\/p>\r\n<p class=\"classic-financing\">Exemple illustratif \u2013 Cr\u00e9dit classique : Pr\u00eat \u00e0 temp\u00e9rament. Montant du cr\u00e9dit : \u20ac\u00a0<span id=\"classic-loan-amount\">35.002,79<\/span>. Acompte (facultatif) : \u20ac\u00a00. Prix comptant : \u20ac\u00a0<span id=\"classic-price\">35.002,79<\/span>. TAEG (Taux Annuel Effectif Global) de <span id=\"classic-jkp\">5,99<\/span> %, taux d\u00e9biteur annuel fixe: <span id=\"classic-interest-rate\">5,99<\/span> %. Dur\u00e9e de <span id=\"classic-number-of-months\">60<\/span> mois. Remboursable en 60 mensualit\u00e9s de \u20ac\u00a0<span id=\"classic-rate-per-month\">673,96<\/span>. Montant total d\u00fb : \u20ac\u00a0<span id=\"classic-total-financing-cost\">40.437,85<\/span>.<\/p>\r\n<\/div>\r\n\r\n\r\n\t\t<\/div>\n\t\t\t\t\t<\/div>\n\n\t\r\n\n\t<div id=\"col-251061134\" class=\"col buttons-container small-12 large-12\"  >\n\t\t\t\t<div class=\"col-inner\"  >\n\t\t\t\n\t\t\t\r\n\r\n<a class=\"button success lowercase hideLegalText\"  >\n\t\t<span>Fermer<\/span>\n\t<\/a>\n\r\n\r\n<a href=\"\/fr\/blog\/choisir-la-meilleure-couleur-des-voiture-pour-votre-style\/\" class=\"button white lowercase more-info hidden\"  >\n\t\t<span>Plus d\u2019infos<\/span>\n\t<\/a>\n\r\n\r\n\r\n\t\t<\/div>\n\t\t\t\t\t<\/div>\n\n\t\r\n\r\n<\/div>\n\n\n","protected":false},"excerpt":{"rendered":"<p>Tout sur la prime pour voiture \u00e9lectrique en 2024. Pourquoi a-t-elle \u00e9t\u00e9 arr\u00eat\u00e9e et quelles sont les perspectives pour 2025 ? D\u00e9couvrez-le ici !<\/p>\n","protected":false},"author":28,"featured_media":13172,"comment_status":"closed","ping_status":"open","sticky":false,"template":"","format":"standard","meta":{"footnotes":""},"categories":[75],"tags":[100,101],"class_list":["post-13170","post","type-post","status-publish","format-standard","has-post-thumbnail","hentry","category-conseils","tag-couleur-des-voiture","tag-peinture-voiture"],"yoast_head":"<!-- This site is optimized with the Yoast SEO Premium plugin v24.0 (Yoast SEO v24.0) - https:\/\/yoast.com\/wordpress\/plugins\/seo\/ -->\n<title>Prime pour voiture \u00e9lectrique supprim\u00e9e : que pr\u00e9voir pour 2025 ?<\/title>\n<meta name=\"description\" content=\"Tout sur la prime pour voiture \u00e9lectrique en 2024. Pourquoi a-t-elle \u00e9t\u00e9 arr\u00eat\u00e9e et quelles sont les perspectives pour 2025 ?\" \/>\n<meta name=\"robots\" content=\"index, follow, max-snippet:-1, max-image-preview:large, max-video-preview:-1\" \/>\n<link rel=\"canonical\" href=\"https:\/\/carselect.touring.be\/fr\/blog\/prime-pour-voiture-electrique-que-se-passe-t-il-apres-la-suppression-de-la-subvention-en-2025\/\" \/>\n<meta property=\"og:locale\" content=\"fr_FR\" \/>\n<meta property=\"og:type\" content=\"article\" \/>\n<meta property=\"og:title\" content=\"Prime pour voiture \u00e9lectrique : que se passe-t-il apr\u00e8s la suppression de la subvention en 2025 ?\" \/>\n<meta property=\"og:description\" content=\"Tout sur la prime pour voiture \u00e9lectrique en 2024. Pourquoi a-t-elle \u00e9t\u00e9 arr\u00eat\u00e9e et quelles sont les perspectives pour 2025 ?\" \/>\n<meta property=\"og:url\" content=\"https:\/\/carselect.touring.be\/fr\/blog\/prime-pour-voiture-electrique-que-se-passe-t-il-apres-la-suppression-de-la-subvention-en-2025\/\" \/>\n<meta property=\"og:site_name\" content=\"Touring Dealer\" \/>\n<meta property=\"article:published_time\" content=\"2025-02-03T19:42:52+00:00\" \/>\n<meta property=\"article:modified_time\" content=\"2025-07-02T08:27:15+00:00\" \/>\n<meta property=\"og:image\" content=\"https:\/\/carselect.touring.be\/wp-content\/uploads\/2025\/02\/header_prime-pour-voiture-electrique.jpg\" \/>\n\t<meta property=\"og:image:width\" content=\"1000\" \/>\n\t<meta property=\"og:image:height\" content=\"665\" \/>\n\t<meta property=\"og:image:type\" content=\"image\/jpeg\" \/>\n<meta name=\"author\" content=\"Storme Wouter\" \/>\n<meta name=\"twitter:card\" content=\"summary_large_image\" \/>\n<meta name=\"twitter:label1\" content=\"\u00c9crit par\" \/>\n\t<meta name=\"twitter:data1\" content=\"Storme Wouter\" \/>\n\t<meta name=\"twitter:label2\" content=\"Dur\u00e9e de lecture est.\" \/>\n\t<meta name=\"twitter:data2\" content=\"8 minutes\" \/>\n<script type=\"application\/ld+json\" class=\"yoast-schema-graph\">{\"@context\":\"https:\/\/schema.org\",\"@graph\":[{\"@type\":\"Article\",\"@id\":\"https:\/\/carselect.touring.be\/fr\/blog\/prime-pour-voiture-electrique-que-se-passe-t-il-apres-la-suppression-de-la-subvention-en-2025\/#article\",\"isPartOf\":{\"@id\":\"https:\/\/carselect.touring.be\/fr\/blog\/prime-pour-voiture-electrique-que-se-passe-t-il-apres-la-suppression-de-la-subvention-en-2025\/\"},\"author\":{\"name\":\"Storme Wouter\",\"@id\":\"https:\/\/carselect.touring.be\/fr\/#\/schema\/person\/ac266868402e795f000a152b0f4fd4d8\"},\"headline\":\"Prime pour voiture \u00e9lectrique : que se passe-t-il apr\u00e8s la suppression de la subvention en 2025 ?\",\"datePublished\":\"2025-02-03T19:42:52+00:00\",\"dateModified\":\"2025-07-02T08:27:15+00:00\",\"mainEntityOfPage\":{\"@id\":\"https:\/\/carselect.touring.be\/fr\/blog\/prime-pour-voiture-electrique-que-se-passe-t-il-apres-la-suppression-de-la-subvention-en-2025\/\"},\"wordCount\":1876,\"publisher\":{\"@id\":\"https:\/\/carselect.touring.be\/fr\/#organization\"},\"image\":{\"@id\":\"https:\/\/carselect.touring.be\/fr\/blog\/prime-pour-voiture-electrique-que-se-passe-t-il-apres-la-suppression-de-la-subvention-en-2025\/#primaryimage\"},\"thumbnailUrl\":\"\/wp-content\/uploads\/2025\/02\/header_prime-pour-voiture-electrique.jpg\",\"keywords\":[\"couleur des voiture\",\"peinture voiture\"],\"articleSection\":[\"Conseils\"],\"inLanguage\":\"fr-BE\"},{\"@type\":\"WebPage\",\"@id\":\"https:\/\/carselect.touring.be\/fr\/blog\/prime-pour-voiture-electrique-que-se-passe-t-il-apres-la-suppression-de-la-subvention-en-2025\/\",\"url\":\"https:\/\/carselect.touring.be\/fr\/blog\/prime-pour-voiture-electrique-que-se-passe-t-il-apres-la-suppression-de-la-subvention-en-2025\/\",\"name\":\"Prime pour voiture \u00e9lectrique supprim\u00e9e : que pr\u00e9voir pour 2025 ?\",\"isPartOf\":{\"@id\":\"https:\/\/carselect.touring.be\/fr\/#website\"},\"primaryImageOfPage\":{\"@id\":\"https:\/\/carselect.touring.be\/fr\/blog\/prime-pour-voiture-electrique-que-se-passe-t-il-apres-la-suppression-de-la-subvention-en-2025\/#primaryimage\"},\"image\":{\"@id\":\"https:\/\/carselect.touring.be\/fr\/blog\/prime-pour-voiture-electrique-que-se-passe-t-il-apres-la-suppression-de-la-subvention-en-2025\/#primaryimage\"},\"thumbnailUrl\":\"\/wp-content\/uploads\/2025\/02\/header_prime-pour-voiture-electrique.jpg\",\"datePublished\":\"2025-02-03T19:42:52+00:00\",\"dateModified\":\"2025-07-02T08:27:15+00:00\",\"description\":\"Tout sur la prime pour voiture \u00e9lectrique en 2024. Pourquoi a-t-elle \u00e9t\u00e9 arr\u00eat\u00e9e et quelles sont les perspectives pour 2025 ?\",\"breadcrumb\":{\"@id\":\"https:\/\/carselect.touring.be\/fr\/blog\/prime-pour-voiture-electrique-que-se-passe-t-il-apres-la-suppression-de-la-subvention-en-2025\/#breadcrumb\"},\"inLanguage\":\"fr-BE\",\"potentialAction\":[{\"@type\":\"ReadAction\",\"target\":[\"https:\/\/carselect.touring.be\/fr\/blog\/prime-pour-voiture-electrique-que-se-passe-t-il-apres-la-suppression-de-la-subvention-en-2025\/\"]}]},{\"@type\":\"ImageObject\",\"inLanguage\":\"fr-BE\",\"@id\":\"https:\/\/carselect.touring.be\/fr\/blog\/prime-pour-voiture-electrique-que-se-passe-t-il-apres-la-suppression-de-la-subvention-en-2025\/#primaryimage\",\"url\":\"\/wp-content\/uploads\/2025\/02\/header_prime-pour-voiture-electrique.jpg\",\"contentUrl\":\"\/wp-content\/uploads\/2025\/02\/header_prime-pour-voiture-electrique.jpg\",\"width\":1000,\"height\":665,\"caption\":\"prime pour voiture \u00e9lectrique\"},{\"@type\":\"BreadcrumbList\",\"@id\":\"https:\/\/carselect.touring.be\/fr\/blog\/prime-pour-voiture-electrique-que-se-passe-t-il-apres-la-suppression-de-la-subvention-en-2025\/#breadcrumb\",\"itemListElement\":[{\"@type\":\"ListItem\",\"position\":1,\"name\":\"Home\",\"item\":\"https:\/\/carselect.touring.be\/fr\/\"},{\"@type\":\"ListItem\",\"position\":2,\"name\":\"Prime pour voiture \u00e9lectrique : que se passe-t-il apr\u00e8s la suppression de la subvention en 2025 ?\"}]},{\"@type\":\"WebSite\",\"@id\":\"https:\/\/carselect.touring.be\/fr\/#website\",\"url\":\"https:\/\/carselect.touring.be\/fr\/\",\"name\":\"Touring CarSelect\",\"description\":\"\",\"publisher\":{\"@id\":\"https:\/\/carselect.touring.be\/fr\/#organization\"},\"potentialAction\":[{\"@type\":\"SearchAction\",\"target\":{\"@type\":\"EntryPoint\",\"urlTemplate\":\"https:\/\/carselect.touring.be\/fr\/?s={search_term_string}\"},\"query-input\":{\"@type\":\"PropertyValueSpecification\",\"valueRequired\":true,\"valueName\":\"search_term_string\"}}],\"inLanguage\":\"fr-BE\"},{\"@type\":\"Organization\",\"@id\":\"https:\/\/carselect.touring.be\/fr\/#organization\",\"name\":\"Touring CarSelect\",\"url\":\"https:\/\/carselect.touring.be\/fr\/\",\"logo\":{\"@type\":\"ImageObject\",\"inLanguage\":\"fr-BE\",\"@id\":\"https:\/\/carselect.touring.be\/fr\/#\/schema\/logo\/image\/\",\"url\":\"\/wp-content\/uploads\/2024\/04\/Touring-Car-Select-Logo.png\",\"contentUrl\":\"\/wp-content\/uploads\/2024\/04\/Touring-Car-Select-Logo.png\",\"width\":154,\"height\":53,\"caption\":\"Touring CarSelect\"},\"image\":{\"@id\":\"https:\/\/carselect.touring.be\/fr\/#\/schema\/logo\/image\/\"}},{\"@type\":\"Person\",\"@id\":\"https:\/\/carselect.touring.be\/fr\/#\/schema\/person\/ac266868402e795f000a152b0f4fd4d8\",\"name\":\"Storme Wouter\",\"image\":{\"@type\":\"ImageObject\",\"inLanguage\":\"fr-BE\",\"@id\":\"https:\/\/carselect.touring.be\/fr\/#\/schema\/person\/image\/\",\"url\":\"https:\/\/secure.gravatar.com\/avatar\/84473de8cbf4200af853908f03b9ea9e?s=96&d=mm&r=g\",\"contentUrl\":\"https:\/\/secure.gravatar.com\/avatar\/84473de8cbf4200af853908f03b9ea9e?s=96&d=mm&r=g\",\"caption\":\"Storme Wouter\"},\"url\":\"https:\/\/carselect.touring.be\/fr\/blog\/author\/storme-wouter\/\"}]}<\/script>\n<!-- \/ Yoast SEO Premium plugin. -->","yoast_head_json":{"title":"Prime pour voiture \u00e9lectrique supprim\u00e9e : que pr\u00e9voir pour 2025 ?","description":"Tout sur la prime pour voiture \u00e9lectrique en 2024. Pourquoi a-t-elle \u00e9t\u00e9 arr\u00eat\u00e9e et quelles sont les perspectives pour 2025 ?","robots":{"index":"index","follow":"follow","max-snippet":"max-snippet:-1","max-image-preview":"max-image-preview:large","max-video-preview":"max-video-preview:-1"},"canonical":"https:\/\/carselect.touring.be\/fr\/blog\/prime-pour-voiture-electrique-que-se-passe-t-il-apres-la-suppression-de-la-subvention-en-2025\/","og_locale":"fr_FR","og_type":"article","og_title":"Prime pour voiture \u00e9lectrique : que se passe-t-il apr\u00e8s la suppression de la subvention en 2025 ?","og_description":"Tout sur la prime pour voiture \u00e9lectrique en 2024. Pourquoi a-t-elle \u00e9t\u00e9 arr\u00eat\u00e9e et quelles sont les perspectives pour 2025 ?","og_url":"https:\/\/carselect.touring.be\/fr\/blog\/prime-pour-voiture-electrique-que-se-passe-t-il-apres-la-suppression-de-la-subvention-en-2025\/","og_site_name":"Touring Dealer","article_published_time":"2025-02-03T19:42:52+00:00","article_modified_time":"2025-07-02T08:27:15+00:00","og_image":[{"width":1000,"height":665,"url":"https:\/\/carselect.touring.be\/wp-content\/uploads\/2025\/02\/header_prime-pour-voiture-electrique.jpg","type":"image\/jpeg"}],"author":"Storme Wouter","twitter_card":"summary_large_image","twitter_misc":{"\u00c9crit par":"Storme Wouter","Dur\u00e9e de lecture est.":"8 minutes"},"schema":{"@context":"https:\/\/schema.org","@graph":[{"@type":"Article","@id":"https:\/\/carselect.touring.be\/fr\/blog\/prime-pour-voiture-electrique-que-se-passe-t-il-apres-la-suppression-de-la-subvention-en-2025\/#article","isPartOf":{"@id":"https:\/\/carselect.touring.be\/fr\/blog\/prime-pour-voiture-electrique-que-se-passe-t-il-apres-la-suppression-de-la-subvention-en-2025\/"},"author":{"name":"Storme Wouter","@id":"https:\/\/carselect.touring.be\/fr\/#\/schema\/person\/ac266868402e795f000a152b0f4fd4d8"},"headline":"Prime pour voiture \u00e9lectrique : que se passe-t-il apr\u00e8s la suppression de la subvention en 2025 ?","datePublished":"2025-02-03T19:42:52+00:00","dateModified":"2025-07-02T08:27:15+00:00","mainEntityOfPage":{"@id":"https:\/\/carselect.touring.be\/fr\/blog\/prime-pour-voiture-electrique-que-se-passe-t-il-apres-la-suppression-de-la-subvention-en-2025\/"},"wordCount":1876,"publisher":{"@id":"https:\/\/carselect.touring.be\/fr\/#organization"},"image":{"@id":"https:\/\/carselect.touring.be\/fr\/blog\/prime-pour-voiture-electrique-que-se-passe-t-il-apres-la-suppression-de-la-subvention-en-2025\/#primaryimage"},"thumbnailUrl":"\/wp-content\/uploads\/2025\/02\/header_prime-pour-voiture-electrique.jpg","keywords":["couleur des voiture","peinture voiture"],"articleSection":["Conseils"],"inLanguage":"fr-BE"},{"@type":"WebPage","@id":"https:\/\/carselect.touring.be\/fr\/blog\/prime-pour-voiture-electrique-que-se-passe-t-il-apres-la-suppression-de-la-subvention-en-2025\/","url":"https:\/\/carselect.touring.be\/fr\/blog\/prime-pour-voiture-electrique-que-se-passe-t-il-apres-la-suppression-de-la-subvention-en-2025\/","name":"Prime pour voiture \u00e9lectrique supprim\u00e9e : que pr\u00e9voir pour 2025 ?","isPartOf":{"@id":"https:\/\/carselect.touring.be\/fr\/#website"},"primaryImageOfPage":{"@id":"https:\/\/carselect.touring.be\/fr\/blog\/prime-pour-voiture-electrique-que-se-passe-t-il-apres-la-suppression-de-la-subvention-en-2025\/#primaryimage"},"image":{"@id":"https:\/\/carselect.touring.be\/fr\/blog\/prime-pour-voiture-electrique-que-se-passe-t-il-apres-la-suppression-de-la-subvention-en-2025\/#primaryimage"},"thumbnailUrl":"\/wp-content\/uploads\/2025\/02\/header_prime-pour-voiture-electrique.jpg","datePublished":"2025-02-03T19:42:52+00:00","dateModified":"2025-07-02T08:27:15+00:00","description":"Tout sur la prime pour voiture \u00e9lectrique en 2024. Pourquoi a-t-elle \u00e9t\u00e9 arr\u00eat\u00e9e et quelles sont les perspectives pour 2025 ?","breadcrumb":{"@id":"https:\/\/carselect.touring.be\/fr\/blog\/prime-pour-voiture-electrique-que-se-passe-t-il-apres-la-suppression-de-la-subvention-en-2025\/#breadcrumb"},"inLanguage":"fr-BE","potentialAction":[{"@type":"ReadAction","target":["https:\/\/carselect.touring.be\/fr\/blog\/prime-pour-voiture-electrique-que-se-passe-t-il-apres-la-suppression-de-la-subvention-en-2025\/"]}]},{"@type":"ImageObject","inLanguage":"fr-BE","@id":"https:\/\/carselect.touring.be\/fr\/blog\/prime-pour-voiture-electrique-que-se-passe-t-il-apres-la-suppression-de-la-subvention-en-2025\/#primaryimage","url":"\/wp-content\/uploads\/2025\/02\/header_prime-pour-voiture-electrique.jpg","contentUrl":"\/wp-content\/uploads\/2025\/02\/header_prime-pour-voiture-electrique.jpg","width":1000,"height":665,"caption":"prime pour voiture \u00e9lectrique"},{"@type":"BreadcrumbList","@id":"https:\/\/carselect.touring.be\/fr\/blog\/prime-pour-voiture-electrique-que-se-passe-t-il-apres-la-suppression-de-la-subvention-en-2025\/#breadcrumb","itemListElement":[{"@type":"ListItem","position":1,"name":"Home","item":"https:\/\/carselect.touring.be\/fr\/"},{"@type":"ListItem","position":2,"name":"Prime pour voiture \u00e9lectrique : que se passe-t-il apr\u00e8s la suppression de la subvention en 2025 ?"}]},{"@type":"WebSite","@id":"https:\/\/carselect.touring.be\/fr\/#website","url":"https:\/\/carselect.touring.be\/fr\/","name":"Touring CarSelect","description":"","publisher":{"@id":"https:\/\/carselect.touring.be\/fr\/#organization"},"potentialAction":[{"@type":"SearchAction","target":{"@type":"EntryPoint","urlTemplate":"https:\/\/carselect.touring.be\/fr\/?s={search_term_string}"},"query-input":{"@type":"PropertyValueSpecification","valueRequired":true,"valueName":"search_term_string"}}],"inLanguage":"fr-BE"},{"@type":"Organization","@id":"https:\/\/carselect.touring.be\/fr\/#organization","name":"Touring CarSelect","url":"https:\/\/carselect.touring.be\/fr\/","logo":{"@type":"ImageObject","inLanguage":"fr-BE","@id":"https:\/\/carselect.touring.be\/fr\/#\/schema\/logo\/image\/","url":"\/wp-content\/uploads\/2024\/04\/Touring-Car-Select-Logo.png","contentUrl":"\/wp-content\/uploads\/2024\/04\/Touring-Car-Select-Logo.png","width":154,"height":53,"caption":"Touring CarSelect"},"image":{"@id":"https:\/\/carselect.touring.be\/fr\/#\/schema\/logo\/image\/"}},{"@type":"Person","@id":"https:\/\/carselect.touring.be\/fr\/#\/schema\/person\/ac266868402e795f000a152b0f4fd4d8","name":"Storme Wouter","image":{"@type":"ImageObject","inLanguage":"fr-BE","@id":"https:\/\/carselect.touring.be\/fr\/#\/schema\/person\/image\/","url":"https:\/\/secure.gravatar.com\/avatar\/84473de8cbf4200af853908f03b9ea9e?s=96&d=mm&r=g","contentUrl":"https:\/\/secure.gravatar.com\/avatar\/84473de8cbf4200af853908f03b9ea9e?s=96&d=mm&r=g","caption":"Storme Wouter"},"url":"https:\/\/carselect.touring.be\/fr\/blog\/author\/storme-wouter\/"}]}},"_links":{"self":[{"href":"https:\/\/carselect.touring.be\/fr\/wp-json\/wp\/v2\/posts\/13170","targetHints":{"allow":["GET"]}}],"collection":[{"href":"https:\/\/carselect.touring.be\/fr\/wp-json\/wp\/v2\/posts"}],"about":[{"href":"https:\/\/carselect.touring.be\/fr\/wp-json\/wp\/v2\/types\/post"}],"author":[{"embeddable":true,"href":"https:\/\/carselect.touring.be\/fr\/wp-json\/wp\/v2\/users\/28"}],"replies":[{"embeddable":true,"href":"https:\/\/carselect.touring.be\/fr\/wp-json\/wp\/v2\/comments?post=13170"}],"version-history":[{"count":5,"href":"https:\/\/carselect.touring.be\/fr\/wp-json\/wp\/v2\/posts\/13170\/revisions"}],"predecessor-version":[{"id":14000,"href":"https:\/\/carselect.touring.be\/fr\/wp-json\/wp\/v2\/posts\/13170\/revisions\/14000"}],"wp:featuredmedia":[{"embeddable":true,"href":"https:\/\/carselect.touring.be\/fr\/wp-json\/wp\/v2\/media\/13172"}],"wp:attachment":[{"href":"https:\/\/carselect.touring.be\/fr\/wp-json\/wp\/v2\/media?parent=13170"}],"wp:term":[{"taxonomy":"category","embeddable":true,"href":"https:\/\/carselect.touring.be\/fr\/wp-json\/wp\/v2\/categories?post=13170"},{"taxonomy":"post_tag","embeddable":true,"href":"https:\/\/carselect.touring.be\/fr\/wp-json\/wp\/v2\/tags?post=13170"}],"curies":[{"name":"wp","href":"https:\/\/api.w.org\/{rel}","templated":true}]}}