{"id":12814,"date":"2025-01-11T13:59:33","date_gmt":"2025-01-11T12:59:33","guid":{"rendered":"https:\/\/wp-bnp.azurewebsites.net\/2025\/01\/04\/zone-de-basses-emissions-belgique-un-apercu-concis\/"},"modified":"2025-07-02T10:29:10","modified_gmt":"2025-07-02T08:29:10","slug":"zone-de-basses-emissions-belgique-un-apercu-concis","status":"publish","type":"post","link":"https:\/\/carselect.touring.be\/fr\/blog\/zone-de-basses-emissions-belgique-un-apercu-concis\/","title":{"rendered":"Zone de basses \u00e9missions Belgique : Un aper\u00e7u concis"},"content":{"rendered":"\n\n\n<style>\n.banner-carousel div[class$=\"-banner\"] {\n  display: none;\n}\n\n.banner-carousel div[class$=\"-banner\"]:first-child,\n.banner-carousel.flickity-enabled div[class$=\"-banner\"] {\n  display: inline-flex;\n} \n\n  .roadside-margin-top {\n    margin-top: 0px;\n  }\n\n  .roadside-margin-top-stock {\n    margin-top: 24px;\n  }\n\n  .roadside-assistance-banner {\n    background-color: #E4EDF4;\n    color: var(--primary-color);\n    text-align: center;\n    height: 56px;\n    font-weight: bold;\n    position: static;\n    box-shadow: rgba(0, 0, 0, 0.15) 1px 1px 10px;\n  }\n\n  .roadside-assistance-banner img {\n    height: 30px;\n  }\n\n  .roadside-assistance-banner .full-banner-button {\n    color: var(--primary-color);\n    cursor: pointer;\n    display: inline-flex;\n    align-items: center;\n    justify-content: center;\n    height: 56px;\n  }\n\n.banner-carousel-container .quality-check-banner, \n.banner-carousel-container  .roadside-banner, \n.banner-carousel-container .stock-banner {\n    color: var(--primary-color);\n    display: inline-flex;\n    align-items: center;\n    justify-content: center;\n    height: 56px;\n  }\n\n  .roadside-assistance-banner.mobile-only .banner-text {\n    padding-right: 8px;\n    padding-left: 8px;\n    margin: 0px;\n  }\n\n  .roadside-assistance-banner .banner-text {\n    font-weight: bold;\n    margin-right: 24px;\n    margin-left: 8px;\n    font-size: 18px;\n  }\n\n  .roadside-assistance-banner.desktop-only {\n    height: 56px;\n    line-height: 56px;\n    width: 100%;\n  }\n  \n  .more-info-button {\n    color: white;\n    background-color: var(--primary-color);\n    padding: 6px 10px;\n    cursor: pointer;\n    border-radius: 5px;\n  }\n\n  .more-info-button:hover, .blog-single a:focus {\n    color: white!important;\n  }\n\n  .roadside-assistance-popup .roadside-assistance-title {\n    text-align: center;\n    margin-bottom: 8px; line-height: 15px;\n  }\n\n .roadside-assistance-popup .roadside-assistance-list {\n    display: flex;\n    flex-direction: column;\n    font-size: 16px;\n  }\n\n .roadside-assistance-popup .roadside-assistance-item {\n    display: flex;\n    align-items: baseline;\n    position: relative;\n    margin-bottom: 10px;\n  }\n\n .roadside-assistance-popup .roadside-assistance-circle {\n    width: 20px;\n    min-width: 20px;\n    height: 20px;\n    border-radius: 50%;\n    background-color: var(--primary-color);\n    display: flex;\n    justify-content: center;\n    align-items: center;\n    font-weight: bold;\n    position: relative;\n    color: white;\n  }\n\n .roadside-assistance-popup .roadside-assistance-text {\n    margin-left: 8px;\n    color: var(--primary-color);\n    line-height: 16px;\n  }\n\n .roadside-assistance-popup .roadside-assistance-item:not(:last-child)::before {\n    content: \"\";\n    position: absolute;\n    width: 1px;\n    height: 28px;\n    background-color: var(--primary-color);\n    left: 10px;\n    top: 20px;\n  }\n\n .roadside-assistance-popup .roadside-assistance-item:nth-child(3)::after {\n    content: \"\";\n    position: absolute;\n    left: 7px;\n    top: 40px;\n    border: solid var(--primary-color);\n    border-width: 0 1px 1px 0;\n    padding: 3px;\n    transform: rotate(45deg);\n    -webkit-transform: rotate(45deg);\n  }\n\n  .roadside-assistance-popup .roadside-assistance-item:last-child {\n    padding-top: 20px;\n  }\n\n  .roadside-assistance-popup .roadside-assistance-item:last-child .roadside-assistance-circle {\n    padding-top: 1px;\n    background-color: #08ccb4;\n    color: white;\n  }\n\n  .roadside-assistance-popup .roadside-assistance-sublist {\n    color:var(--primary-color);\n    font-size: 16px;\n    padding-left: 28px;\n  }\n\n  .roadside-assistance-popup .roadside-assistance-sublist .checkmark {\n    color: var(--primary-color);\n  }\n\n  .roadside-assistance-popup.lightbox-content {\n    background-color: unset;\n    box-shadow: unset;\n  }\n\n  .roadside-assistance-popup .dialog-container > .col-inner {\n    box-shadow: 3px 3px 20px 0 rgba(0, 0, 0, .15);\n  }\n\n  @media only screen and (max-width: 800px) {\n    .roadside-assistance-banner {\n      z-index: 1000;\n    }\n\n    .roadside-assistance-banner.mobile-only {\n      display: block !important;\n    }\n\n    .roadside-assistance-banner.desktop-only {\n      display: none;\n    }\n  }\n\n  @media only screen and (min-width: 801px) {\n    .roadside-assistance-banner {\n      z-index: 8;\n    }\n\n    .roadside-assistance-banner.mobile-only {\n      display: none;\n    }\n\n    .roadside-assistance-banner.desktop-only {\n      display: block;\n    }\n  }\n\n  @media only screen and (max-width: 548px) {\n    #stock-general .stock-general__header-order--3 {\n      margin-top: 12px;\n    }\n  }\n  .roadside-assistance-popup .service-link.button.close {\n    font-size: 16px;\n    margin-left: 8px;\n  }\n\n  .roadside-assistance-popup .car-item-detail {\n    align-items: center;\n  }\n\n  .article-text, .default-text  {\n    display: none;\n  }\n\n  @media only screen and (max-width: 500px) {\n    .roadside-assistance-banner.mobile-only .banner-text {\n      font-size: 14px;\n      line-height: 16px;\n    }\n  }\n\n  @media only screen and (max-width: 405px) {\n    .roadside-assistance-banner.mobile-only .article-text {\n      width: 75%;\n    }\n  }\n\n  .roadside-assistance-banner.mobile-only img {\n    margin-left: 8px;\n  }\n\n  article .roadside-assistance-banner {\n    width: 100vw !important;\n    margin-left: calc(50% - 50vw);\n  }\n<\/style>\n\n\n\n<div class=\"roadside-assistance-banner desktop-only banner-carousel-container\"> \n  <div class=\"banner-carousel\">\n    <div class=\"quality-check-banner\">\n<svg width=\"24\" height=\"24\" viewBox=\"0 0 24 24\" fill=\"none\" xmlns=\"http:\/\/www.w3.org\/2000\/svg\">\n<path d=\"M4 12.5L9.5 17L19 7\" stroke=\"#00418c\" stroke-width=\"2.5\" stroke-linecap=\"round\" stroke-linejoin=\"round\"\/>\n<\/svg>\n      <span class=\"banner-text\">\nContr\u00f4les de qualit\u00e9 par Touring\n      <\/span>\n    <\/div>\n    <div class=\"roadside-banner\">\n<svg width=\"24\" height=\"24\" viewBox=\"0 0 24 24\" fill=\"none\" xmlns=\"http:\/\/www.w3.org\/2000\/svg\">\n<path d=\"M4 12.5L9.5 17L19 7\" stroke=\"#00418c\" stroke-width=\"2.5\" stroke-linecap=\"round\" stroke-linejoin=\"round\"\/>\n<\/svg>\n      <span class=\"banner-text default-text\">\n12 mois de d\u00e9pannage offerts\n      <\/span>\n      <span class=\"banner-text article-text\">\nD\u00e9couvrez notre large stock de voitures d\u2019occasion fiables\n      <\/span>\n    <\/div>\n    <div class=\"stock-banner\">\n<svg width=\"24\" height=\"24\" viewBox=\"0 0 24 24\" fill=\"none\" xmlns=\"http:\/\/www.w3.org\/2000\/svg\">\n<path d=\"M4 12.5L9.5 17L19 7\" stroke=\"#00418c\" stroke-width=\"2.5\" stroke-linecap=\"round\" stroke-linejoin=\"round\"\/>\n<\/svg>\n      <span class=\"banner-text\">\n<span class=\"stock-count\">0<\/span> voitures disponibles\n      <\/span>\n    <\/div>\n  <\/div>\n<\/div>\n\n\n\n<div class=\"roadside-assistance-banner mobile-only banner-carousel-container\"> \n  <div class=\"banner-carousel\">\n    <div class=\"quality-check-banner\">\n<svg width=\"24\" height=\"24\" viewBox=\"0 0 24 24\" fill=\"none\" xmlns=\"http:\/\/www.w3.org\/2000\/svg\">\n<path d=\"M4 12.5L9.5 17L19 7\" stroke=\"#00418c\" stroke-width=\"2.5\" stroke-linecap=\"round\" stroke-linejoin=\"round\"\/>\n<\/svg>\n      <span class=\"banner-text\">\nContr\u00f4les de qualit\u00e9 par Touring\n      <\/span>\n    <\/div>\n    <div class=\"roadside-banner\">\n<svg width=\"24\" height=\"24\" viewBox=\"0 0 24 24\" fill=\"none\" xmlns=\"http:\/\/www.w3.org\/2000\/svg\">\n<path d=\"M4 12.5L9.5 17L19 7\" stroke=\"#00418c\" stroke-width=\"2.5\" stroke-linecap=\"round\" stroke-linejoin=\"round\"\/>\n<\/svg>\n        <span class=\"banner-text default-text\">\n12 mois de d\u00e9pannage offerts\n        <\/span>\n        <span class=\"banner-text article-text\">\nD\u00e9couvrez notre large stock de voitures d\u2019occasion fiables\n        <\/span>\n    <\/div>\n    <div class=\"stock-banner\">\n<svg width=\"24\" height=\"24\" viewBox=\"0 0 24 24\" fill=\"none\" xmlns=\"http:\/\/www.w3.org\/2000\/svg\">\n<path d=\"M4 12.5L9.5 17L19 7\" stroke=\"#00418c\" stroke-width=\"2.5\" stroke-linecap=\"round\" stroke-linejoin=\"round\"\/>\n<\/svg>\n      <span class=\"banner-text\">\n<span class=\"stock-count\">0<\/span> voitures disponibles\n      <\/span>\n    <\/div>\n  <\/div>\n<\/div>\n\n<div class=\"row align-center roadside-assistance-popup lightbox-by-id lightbox-content lightbox-white mfp-hide\"  id=\"row-1415794337\">\n\n\n\t<div id=\"col-825241755\" class=\"col dialog-container medium-6 small-12 large-6\"  >\n\t\t\t\t<div class=\"col-inner\" style=\"background-color:rgb(255, 255, 255);\" >\n\t\t\t\n\t\t\t\n\n\t<div class=\"img has-hover x md-x lg-x y md-y lg-y\" id=\"image_397974196\">\n\t\t\t\t\t\t\t\t<div class=\"img-inner dark\" >\n\t\t\t<img loading=\"lazy\" decoding=\"async\" width=\"1020\" height=\"680\" src=\"\/wp-content\/uploads\/2025\/04\/Touring_221026_3058_NL-1-1024x683.webp\" class=\"attachment-large size-large\" alt=\"Roadside Assistance Banner NL\" srcset=\"\/wp-content\/uploads\/2025\/04\/Touring_221026_3058_NL-1-1024x683.webp 1024w, \/wp-content\/uploads\/2025\/04\/Touring_221026_3058_NL-1-300x200.webp 300w, \/wp-content\/uploads\/2025\/04\/Touring_221026_3058_NL-1-768x512.webp 768w, \/wp-content\/uploads\/2025\/04\/Touring_221026_3058_NL-1-1536x1024.webp 1536w, \/wp-content\/uploads\/2025\/04\/Touring_221026_3058_NL-1-2048x1365.webp 2048w\" sizes=\"auto, (max-width: 1020px) 100vw, 1020px\" \/>\t\t\t\t\t\t\n\t\t\t\t\t<\/div>\n\t\t\t\t\t\t\t\t\n<style>\n#image_397974196 {\n  width: 100%;\n}\n<\/style>\n\t<\/div>\n\t\n\n<div class=\"row\"  id=\"row-1196158854\">\n\n\n\t<div id=\"col-1054769923\" class=\"col small-12 large-12\"  >\n\t\t\t\t<div class=\"col-inner\"  >\n\t\t\t\n\t\t\t\n\n\n\n<p data-text-color=\"primary\" class=\"roadside-assistance-title\">\n  <strong>12 mois d\u2019assistance d\u00e9pannage offerts sur tous les v\u00e9hicules<\/strong>\n<\/p>\n<div class=\"roadside-assistance-list\">\n  <div class=\"roadside-assistance-item\">\n      <div class=\"roadside-assistance-circle\">1<\/div>\n      <div class=\"roadside-assistance-text\">Trouvez votre v\u00e9hicule<\/div>\n  <\/div>\n  <div class=\"roadside-assistance-item\">\n      <div class=\"roadside-assistance-circle\">2<\/div>\n      <div class=\"roadside-assistance-text\">Rendez-vous dans votre concession<\/div>\n  <\/div>\n  <div class=\"roadside-assistance-item\">\n      <div class=\"roadside-assistance-circle\">3<\/div>\n      <div class=\"roadside-assistance-text\">Le vendeur active instantan\u00e9ment votre assistance<\/div>\n  <\/div>\n  <div class=\"roadside-assistance-item\">\n      <div class=\"roadside-assistance-circle\">\u2713<\/div>\n      <div class=\"roadside-assistance-text\"><strong>Profitez de votre assistance pendant 12 mois<\/strong><\/div>\n  <\/div>\n<\/div>\n<div class=\"roadside-assistance-sublist\">\n<div>\n<span class=\"checkmark \">\u2713<\/span>\n<span>Dans toute la Belgique<\/span>\n<\/div>\n<div>\n<span class=\"checkmark \">\u2713<\/span>\n<span>V\u00e9hicule de remplacement<\/span>\n<\/div>\n<\/div>\n\n\n\t\t<\/div>\n\t\t\t\t\t<\/div>\n\n\t\n\n\t<div id=\"col-1615247100\" class=\"col small-12 large-12\"  >\n\t\t\t\t<div class=\"col-inner\"  >\n\t\t\t\n\t\t\t\n\n\n\n<div class=\"car-item-detail d-flex\"> \n         <a href=\"https:\/\/carselect.touring.be\/fr\/services-solutions\/#roadside-assistance\">\n         <div class=\"more-info-button bold\">\n Plus d\u2019information\n         <\/div>\n           <\/a>\n<button class=\"button success lowercase service-link close\">Fermer<\/button>\n      <\/div>\n\n\n\t\t<\/div>\n\t\t\t\t\t<\/div>\n\n\t\n\n\n<style>\n#row-1196158854 > .col > .col-inner {\n  padding: 0px 24px 0px 24px;\n}\n<\/style>\n<\/div>\n\n\t\t<\/div>\n\t\t\t\t\t<\/div>\n\n\t\n\n<\/div>\n\n\n<script>\ndocument.querySelector('.roadside-assistance-popup').setAttribute('id', 'roadside-assistance-popup');\n\ndocument.querySelector('.roadside-assistance-popup .button.close').addEventListener('click', function() {\n$.magnificPopup.close();\n});\n\nif (window.location.pathname.includes(\"blog\")) {\n  const toShow = document.querySelectorAll(\".article-text\");\n  toShow.forEach(el => {\n    el.style.display=\"inline\";\n  });\n} else {\n  const toShow = document.querySelectorAll(\".default-text\");\n  toShow.forEach(el => {\n    el.style.display=\"inline\";\n  });\n}\n<\/script>\n\n\n\n\t<section class=\"section news-details\" id=\"section_1067737238\">\n\t\t<div class=\"section-bg fill\" >\n\t\t\t\t\t\t\t\t\t\n\t\t\t\n\n\t\t<\/div>\n\n\t\t\n\n\t\t<div class=\"section-content relative\">\n\t\t\t\n\n<div class=\"row row-large\"  id=\"row-1973825765\">\n\n\n\t<div id=\"col-2049300384\" class=\"col medium-8 small-12 large-8\"  >\n\t\t\t\t<div class=\"col-inner\"  >\n\t\t\t\n\t\t\t\n\n<div class=\"container section-title-container\" ><h1 class=\"section-title section-title-normal\"><b><\/b><span class=\"section-title-main\" >Zone de basses \u00e9missions Belgique : Un aper\u00e7u concis<\/span><b><\/b><\/h1><\/div>\n\n\n\t\t<\/div>\n\t\t\t\t\n<style>\n#col-2049300384 > .col-inner {\n  padding: 0px 0px 0px 0px;\n  margin: 0px 0px 0px 0px;\n}\n<\/style>\n\t<\/div>\n\n\t\n\n\t<div id=\"col-1477525726\" class=\"col small-12 large-12\"  >\n\t\t\t\t<div class=\"col-inner\"  >\n\t\t\t\n\t\t\t\n\n\t<div class=\"img has-hover x md-x lg-x y md-y lg-y\" id=\"image_1046784317\">\n\t\t\t\t\t\t\t\t<div class=\"img-inner dark\" >\n\t\t\t<img loading=\"lazy\" decoding=\"async\" width=\"1000\" height=\"667\" src=\"\/wp-content\/uploads\/2025\/01\/header-sba-1.jpg\" class=\"attachment-large size-large\" alt=\"\" srcset=\"\/wp-content\/uploads\/2025\/01\/header-sba-1.jpg 1000w, \/wp-content\/uploads\/2025\/01\/header-sba-1-300x200.jpg 300w, \/wp-content\/uploads\/2025\/01\/header-sba-1-768x512.jpg 768w\" sizes=\"auto, (max-width: 1000px) 100vw, 1000px\" \/>\t\t\t\t\t\t\n\t\t\t\t\t<\/div>\n\t\t\t\t\t\t\t\t\n<style>\n#image_1046784317 {\n  width: 100%;\n}\n<\/style>\n\t<\/div>\n\t\n\n\n\t\t<\/div>\n\t\t\t\t\n<style>\n#col-1477525726 > .col-inner {\n  margin: 0px 0px 25px 0px;\n}\n<\/style>\n\t<\/div>\n\n\t\n\n\t<div id=\"col-2017065235\" class=\"col medium-8 small-12 large-8\"  >\n\t\t\t\t<div class=\"col-inner\"  >\n\t\t\t\n\t\t\t\n\n<p>Les zones de basses \u00e9missions (ZBE) transforment la mani\u00e8re dont nous circulons dans les villes belges. Que ce soit \u00e0 Bruxelles, Anvers ou Gand, votre v\u00e9hicule doit respecter des normes strictes d\u2019\u00e9missions pour pouvoir y acc\u00e9der. Cela a un impact majeur sur la qualit\u00e9 de l\u2019air, mais soul\u00e8ve aussi de nombreuses questions pour les automobilistes.  <\/p>\n<p>Votre voiture est-elle autoris\u00e9e dans la ZBE ? Quelles r\u00e8gles s\u2019appliquent exactement ? Et quelles alternatives s\u2019offrent \u00e0 vous si votre v\u00e9hicule n\u2019est pas conforme ? D\u00e9couvrez les r\u00e9ponses dans cet article.   <\/p>\n<div class=\"container section-title-container\" ><h2 class=\"section-title section-title-normal\"><b><\/b><span class=\"section-title-main\" >Qu\u2019est-ce qu\u2019une zone de basses \u00e9missions (ZBE) ?<\/span><b><\/b><\/h2><\/div>\n\n<p>Une zone de basses \u00e9missions (ZBE) est une zone d\u00e9limit\u00e9e o\u00f9 l\u2019acc\u00e8s de certains v\u00e9hicules est restreint en fonction de leurs \u00e9missions polluantes. L\u2019objectif d\u2019une ZBE est d\u2019am\u00e9liorer la qualit\u00e9 de l\u2019air et de r\u00e9duire l\u2019impact des v\u00e9hicules polluants sur l\u2019environnement et la sant\u00e9 publique. <\/p>\n<p>Des villes comme Bruxelles, Anvers et Gand ont mis en place ces zones pour diminuer les \u00e9missions nocives telles que les particules fines et les oxydes d\u2019azote. <\/p>\n<p>Cela contribue naturellement \u00e0 un environnement plus sain et \u00e0 un climat plus agr\u00e9able pour les habitants et les visiteurs. Les r\u00e8gles des ZBE ciblent sp\u00e9cifiquement les v\u00e9hicules dot\u00e9s d\u2019une norme Euro faible, comme les anciens mod\u00e8les diesel, car ils sont les plus polluants. <\/p>\n<div class=\"container section-title-container\" ><h3 class=\"section-title section-title-normal\"><b><\/b><span class=\"section-title-main\" >O\u00f9 se trouvent les zones de basses \u00e9missions en Belgique ?<\/span><b><\/b><\/h3><\/div>\n\n<p>La Belgique compte actuellement trois grandes zones de basses \u00e9missions, chacune avec ses propres r\u00e8gles d\u2019acc\u00e8s et syst\u00e8mes de contr\u00f4le :<\/p>\n<ul>\n<li>\n<p><strong>Bruxelles<\/strong> : La ZBE couvre toute la R\u00e9gion de Bruxelles-Capitale. Les r\u00e8gles d\u2019acc\u00e8s y sont strictement contr\u00f4l\u00e9es, et les contrevenants s\u2019exposent \u00e0 de lourdes amendes. \u00c0 partir de 2025, les r\u00e8gles seront renforc\u00e9es, limitant encore davantage l\u2019acc\u00e8s aux v\u00e9hicules polluants.  <\/p>\n<\/li>\n<li>\n<p><strong>Anvers<\/strong> : Cette ZBE comprend le centre-ville et plusieurs districts environnants. \u00c0 Anvers, l\u2019acc\u00e8s est contr\u00f4l\u00e9 par des cam\u00e9ras qui scannent les plaques d\u2019immatriculation et les comparent \u00e0 une base de donn\u00e9es centrale. <\/p>\n<\/li>\n<li>\n<p><strong>Gand<\/strong> : La ZBE gantoise est active dans le centre-ville. Les autorit\u00e9s municipales cherchent \u00e0 \u00e9quilibrer l\u2019am\u00e9lioration de la qualit\u00e9 de l\u2019air et une circulation fluide du trafic. <\/p>\n<\/li>\n<\/ul>\n<p>De plus, des projets visent \u00e0 \u00e9tendre le r\u00e9seau des ZBE en Flandre \u00e0 d\u2019autres villes et r\u00e9gions, en fonction des objectifs locaux de qualit\u00e9 de l\u2019air. <\/p>\n<div class=\"container section-title-container\" ><h3 class=\"section-title section-title-normal\"><b><\/b><span class=\"section-title-main\" >Qu\u2019en est-il des zones de basses \u00e9missions en Wallonie ?<\/span><b><\/b><\/h3><\/div>\n\n<p>En Wallonie, aucune zone de basses \u00e9missions n\u2019est encore active. Cependant, le d\u00e9cret wallon de 2019 permet deux types de ZBE : <\/p>\n<ul>\n<li>\n<p><strong>ZBE communale <\/strong>: Les communes peuvent instaurer une ZBE permanente, mais jusqu\u2019\u00e0 pr\u00e9sent, aucune commune n\u2019a exploit\u00e9 cette possibilit\u00e9.<\/p>\n<\/li>\n<li>\n<p><strong>ZBE r\u00e9gionale<\/strong> : Toute la r\u00e9gion wallonne pourrait \u00eatre d\u00e9sign\u00e9e comme ZBE, mais cette d\u00e9cision a \u00e9t\u00e9 report\u00e9e et ne semble plus \u00e0 l\u2019ordre du jour.<\/p>\n<\/li>\n<\/ul>\n<p>La ministre wallonne de l\u2019Environnement, C\u00e9line Tellier, a annonc\u00e9 en mars 2024 travailler sur une nouvelle proposition. L\u2019accent serait mis sur des ZBE dans certains grands centres urbains plut\u00f4t que sur une ZBE r\u00e9gionale. <\/p>\n<div class=\"container section-title-container\" ><h2 class=\"section-title section-title-normal\"><b><\/b><span class=\"section-title-main\" >R\u00e8gles d'acc\u00e8s pour les v\u00e9hicules<\/span><b><\/b><\/h2><\/div>\n\n<div class=\"container section-title-container\" ><h3 class=\"section-title section-title-normal\"><b><\/b><span class=\"section-title-main\" >Quels v\u00e9hicules peuvent entrer dans une ZBE ?<\/span><b><\/b><\/h3><\/div>\n\n<p>L&rsquo;acc\u00e8s \u00e0 une zone de basses \u00e9missions (ZBE) d\u00e9pend de la norme Euro de votre v\u00e9hicule. La norme Euro est une r\u00e9glementation europ\u00e9enne qui limite les \u00e9missions polluantes des v\u00e9hicules. Plus la norme Euro est \u00e9lev\u00e9e, plus votre v\u00e9hicule est propre et plus il est probable qu&rsquo;il soit autoris\u00e9 \u00e0 entrer dans une ZBE.  <\/p>\n<ul>\n<li>\n<p><strong>Voitures particuli\u00e8res<\/strong> : Les v\u00e9hicules respectant la norme Euro 5 ou sup\u00e9rieure sont g\u00e9n\u00e9ralement autoris\u00e9s dans une ZBE. Les anciens mod\u00e8les diesel sans filtre \u00e0 particules ou avec une norme Euro inf\u00e9rieure ne sont pas admis. <\/p>\n<\/li>\n<li>\n<p><strong>Poids lourds et bus<\/strong> : Ces cat\u00e9gories sont \u00e9galement soumises \u00e0 des normes strictes. Les v\u00e9hicules affichant une norme Euro 4 ou inf\u00e9rieure sont souvent interdits.<\/p>\n<\/li>\n<li>\n<p><strong>Types de v\u00e9hicules automatiquement admis<\/strong> : Les v\u00e9hicules \u00e9lectriques, \u00e0 hydrog\u00e8ne ou hybrides \u00e0 faibles \u00e9missions sont syst\u00e9matiquement autoris\u00e9s.<\/p>\n<\/li>\n<\/ul>\n<div class=\"container section-title-container\" ><h3 class=\"section-title section-title-normal\"><b><\/b><span class=\"section-title-main\" >Exceptions et d\u00e9rogations<\/span><b><\/b><\/h3><\/div>\n\n<p>Certains v\u00e9hicules ne sont pas soumis aux r\u00e8gles g\u00e9n\u00e9rales des ZBE et peuvent tout de m\u00eame obtenir une autorisation :<\/p>\n<div class=\"container section-title-container\" ><h4 class=\"section-title section-title-normal\"><b><\/b><span class=\"section-title-main\" >V\u00e9hicules prioritaires<\/span><b><\/b><\/h4><\/div>\n\n<p>Les ambulances, les camions de pompiers et les v\u00e9hicules de police ont toujours acc\u00e8s aux ZBE.<\/p>\n<div class=\"container section-title-container\" ><h4 class=\"section-title section-title-normal\"><b><\/b><span class=\"section-title-main\" >Acc\u00e8s des ZBE pour les cyclomoteurs et motos<\/span><b><\/b><\/h4><\/div>\n\n<p>Les v\u00e9hicules ne relevant pas des cat\u00e9gories M, N ou T, comme les cyclomoteurs et les motos, sont toujours autoris\u00e9s dans une ZBE.<\/p>\n<div class=\"container section-title-container\" ><h4 class=\"section-title section-title-normal\"><b><\/b><span class=\"section-title-main\" >V\u00e9hicules \u00e9lectriques et \u00e0 hydrog\u00e8ne<\/span><b><\/b><\/h4><\/div>\n\n<p>Les v\u00e9hicules \u00e9lectriques et \u00e0 hydrog\u00e8ne b\u00e9n\u00e9ficient d&rsquo;un acc\u00e8s illimit\u00e9 aux ZBE, quelle que soit leur norme Euro.<\/p>\n<div class=\"container section-title-container\" ><h4 class=\"section-title section-title-normal\"><b><\/b><span class=\"section-title-main\" >V\u00e9hicules anciens de plus de 30 ans<\/span><b><\/b><\/h4><\/div>\n\n<p>Les v\u00e9hicules de collection en Belgique doivent r\u00e9pondre \u00e0 des conditions sp\u00e9cifiques pour acc\u00e9der \u00e0 une ZBE. Ils doivent : Avoir <strong>plus de 30 ans <\/strong>; <strong>\u00catre immatricul\u00e9s comme v\u00e9hicules de collection <\/strong>avec une plaque commen\u00e7ant par \u00ab\u00a0O\u00a0\u00bb, \u00ab\u00a01-O\u00a0\u00bb, ou une plaque personnalis\u00e9e ;<br \/>\u00catre utilis\u00e9s uniquement \u00e0 <strong>des fins r\u00e9cr\u00e9atives<\/strong> (les usages commerciaux, professionnels et les trajets domicile-travail sont interdits).  <\/p>\n<p>Une inscription aupr\u00e8s des autorit\u00e9s locales est obligatoire. Cette d\u00e9marche est gratuite \u00e0 Anvers et \u00e0 Gand et doit \u00eatre effectu\u00e9e au plus tard le lendemain de l&rsquo;entr\u00e9e dans la ZBE. Plus d&rsquo;informations sont disponibles <a href=\"https:\/\/www.vlaanderen.be\/lage-emissiezones-lez#:~:text=Oldtimers%20ouder%20dan%2030%20jaar\" target=\"_blank\" rel=\"noopener noreferrer\">ici.<\/a> <\/p>\n\t<div class=\"img has-hover x md-x lg-x y md-y lg-y\" id=\"image_1865240094\">\n\t\t\t\t\t\t\t\t<div class=\"img-inner dark\" >\n\t\t\t<img loading=\"lazy\" decoding=\"async\" width=\"768\" height=\"512\" src=\"\/wp-content\/uploads\/2025\/01\/sba-oldtimer-1-768x512.jpg\" class=\"attachment-medium_large size-medium_large\" alt=\"\" srcset=\"\/wp-content\/uploads\/2025\/01\/sba-oldtimer-1-768x512.jpg 768w, \/wp-content\/uploads\/2025\/01\/sba-oldtimer-1-300x200.jpg 300w, \/wp-content\/uploads\/2025\/01\/sba-oldtimer-1.jpg 1000w\" sizes=\"auto, (max-width: 768px) 100vw, 768px\" \/>\t\t\t\t\t\t\n\t\t\t\t\t<\/div>\n\t\t\t\t\t\t\t\t\n<style>\n#image_1865240094 {\n  width: 100%;\n}\n<\/style>\n\t<\/div>\n\t\n\n<div class=\"container section-title-container\" ><h4 class=\"section-title section-title-normal\"><b><\/b><span class=\"section-title-main\" >Demandes de d\u00e9rogation<\/span><b><\/b><\/h4><\/div>\n\n<p>Les v\u00e9hicules essentiels \u00e0 une activit\u00e9 professionnelle, adapt\u00e9s pour les personnes en situation de handicap ou appartenant \u00e0 des propri\u00e9taires b\u00e9n\u00e9ficiant d&rsquo;une aide sociale renforc\u00e9e peuvent, sous certaines conditions, demander une d\u00e9rogation pour acc\u00e9der \u00e0 une ZBE.<\/p>\n<div class=\"container section-title-container\" ><h2 class=\"section-title section-title-normal\"><b><\/b><span class=\"section-title-main\" >Comment savoir si votre v\u00e9hicule est autoris\u00e9 \u00e0 entrer dans une ZBE ?<\/span><b><\/b><\/h2><\/div>\n\n<p>Sur les sites officiels des diff\u00e9rentes zones de basses \u00e9missions (ZBE) en Belgique, vous pouvez v\u00e9rifier si votre v\u00e9hicule est autoris\u00e9. Voici les principales plateformes pour chaque r\u00e9gion : <\/p>\n<ul>\n<li>\n<p><a href=\"https:\/\/lez.brussels\/mytax\/\" target=\"_blank\" rel=\"noopener noreferrer\">R\u00e9gion de Bruxelles-Capitale<\/a><\/p>\n<\/li>\n<li>\n<p><a href=\"https:\/\/www.slimnaarantwerpen.be\/nl\/lez\" target=\"_blank\" rel=\"noopener noreferrer\">Anvers<br \/><\/a><\/p>\n<\/li>\n<li>\n<p><a href=\"https:\/\/stad.gent\/nl\/mobiliteit-openbare-werken\/lage-emissiezone\" target=\"_blank\" rel=\"noopener noreferrer\">Gand<\/a><\/p>\n<\/li>\n<\/ul>\n<div class=\"container section-title-container\" ><h3 class=\"section-title section-title-normal\"><b><\/b><span class=\"section-title-main\" >Enregistrement des v\u00e9hicules \u00e9trangers<\/span><b><\/b><\/h3><\/div>\n\n<p>Les v\u00e9hicules immatricul\u00e9s \u00e0 l&rsquo;\u00e9tranger, \u00e0 l&rsquo;exception de ceux venant des Pays-Bas, doivent obligatoirement \u00eatre enregistr\u00e9s pour acc\u00e9der aux ZBE belges, quelle que soit leur norme Euro. Cette d\u00e9marche est requise pour des villes comme Anvers, Gand et Bruxelles. L&rsquo;enregistrement doit \u00eatre effectu\u00e9 en ligne sur les sites officiels mentionn\u00e9s ci-dessus, au plus tard 24 heures avant votre visite, pour \u00e9viter des amendes. <\/p>\n\t<div class=\"img has-hover x md-x lg-x y md-y lg-y\" id=\"image_1075181303\">\n\t\t\t\t\t\t\t\t<div class=\"img-inner dark\" >\n\t\t\t<img loading=\"lazy\" decoding=\"async\" width=\"768\" height=\"512\" src=\"\/wp-content\/uploads\/2025\/01\/plaque-dimmatriculation-etrangere-1-768x512.jpg\" class=\"attachment-medium_large size-medium_large\" alt=\"\" srcset=\"\/wp-content\/uploads\/2025\/01\/plaque-dimmatriculation-etrangere-1-768x512.jpg 768w, \/wp-content\/uploads\/2025\/01\/plaque-dimmatriculation-etrangere-1-300x200.jpg 300w, \/wp-content\/uploads\/2025\/01\/plaque-dimmatriculation-etrangere-1.jpg 1000w\" sizes=\"auto, (max-width: 768px) 100vw, 768px\" \/>\t\t\t\t\t\t\n\t\t\t\t\t<\/div>\n\t\t\t\t\t\t\t\t\n<style>\n#image_1075181303 {\n  width: 100%;\n}\n<\/style>\n\t<\/div>\n\t\n\n<div class=\"container section-title-container\" ><h3 class=\"section-title section-title-normal\"><b><\/b><span class=\"section-title-main\" >Que faire si votre v\u00e9hicule ne r\u00e9pond pas aux crit\u00e8res ?<\/span><b><\/b><\/h3><\/div>\n\n<p>Dans toutes les ZBE, des cam\u00e9ras scannent les plaques d&rsquo;immatriculation et les comparent \u00e0 une base de donn\u00e9es d\u00e9terminant l&rsquo;autorisation d&rsquo;acc\u00e8s. Si votre v\u00e9hicule ne satisfait pas aux exigences et que vous ne disposez pas d&rsquo;une d\u00e9rogation, une amende est automatiquement \u00e9mise. Ces amendes peuvent atteindre 350 \u20ac par infraction.   <\/p>\n<p>Voici quelques solutions pour \u00e9viter une amende :<\/p>\n<ul>\n<li>\n<p><strong>Adapter ou remplacer votre v\u00e9hicule<\/strong>: Installez un filtre \u00e0 particules ou optez pour une alternative plus \u00e9cologique, comme une voiture \u00e9lectrique ou hybride. Dans certaines r\u00e9gions, des subventions sont disponibles pour financer ces modifications ou l&rsquo;achat d&rsquo;un nouveau v\u00e9hicule. <\/p>\n<\/li>\n<li>\n<p><strong>Acheter un pass journalier<\/strong> : Pour des visites occasionnelles, certaines villes proposent des passes journali\u00e8res. Ces passes sont limit\u00e9es \u00e0 quelques jours par an, et leurs co\u00fbts varient selon la ville. <\/p>\n<\/li>\n<\/ul>\n<div class=\"container section-title-container\" ><h3 class=\"section-title section-title-normal\"><b><\/b><span class=\"section-title-main\" >Alternatives et avantages des zones de basses \u00e9missions (ZBE)<\/span><b><\/b><\/h3><\/div>\n\n<div class=\"container section-title-container\" ><h4 class=\"section-title section-title-normal\"><b><\/b><span class=\"section-title-main\" >Options de transport durable<\/span><b><\/b><\/h4><\/div>\n\n<p>Les zones de basses \u00e9missions (ZBE) encouragent la mobilit\u00e9 durable en favorisant des alternatives \u00e9cologiques :<\/span><\/p>\n<ul>\n<li>\n<p><strong><span data-color=\"var(--blue-10)\">Transports en commun, v\u00e9lo et covoiturage<\/span><\/strong><span data-color=\"var(--blue-10)\"> : Les transports en commun, tels que les bus, trams et trains, constituent une alternative efficace et respectueuse de l\u2019environnement. De plus, le v\u00e9lo et le covoiturage sont des options saines et \u00e9conomiques, contribuant \u00e0 r\u00e9duire les \u00e9missions.<\/span><\/p>\n<\/li>\n<li>\n<p><strong><span data-color=\"var(--blue-10)\">Incitation \u00e0 des modes de transport plus durables<\/span><\/strong><span data-color=\"var(--blue-10)\"> : Les ZBE acc\u00e9l\u00e8rent la transition vers des v\u00e9hicules plus \u00e9cologiques. Elles incitent \u00e0 l&rsquo;achat de v\u00e9hicules plus propres et r\u00e9duisent l&rsquo;utilisation de v\u00e9hicules polluants, ce qui am\u00e9liore la qualit\u00e9 de l&rsquo;air et cr\u00e9e un environnement plus sain.<\/span><\/p>\n<\/li>\n<\/ul>\n\n\n<script type=\"text\/javascript\">\n    var seoPlugins = window.seoPlugins || [];\n\n    seoPlugins.push({\n        \"PluginCode\": \"a9f957e3-d8b9-4005-bf73-c81df6fc4833\",\n        \"PluginName\": \"#hybride-electric\",\n        \"FilterCookie\": {\"FuelTypeIds\":[\"3\",\"4\",\"13\"]}\n    })\n\n    window.seoPlugins = seoPlugins;\n\n    var seoPlugins = window.seoPlugins || [];\n\n    for (var i = 0; i < seoPlugins.length; i++) {\n        var pluginData = seoPlugins[i];\n        CFM.API.enable(pluginData.PluginCode, pluginData.PluginName, null, {\n            FilterCookie: pluginData.FilterCookie\n        });\n    }\n<\/script>\n<div id=\"hybride-electric\"><\/div>\n\n<div class=\"container section-title-container\" ><h4 class=\"section-title section-title-normal\"><b><\/b><span class=\"section-title-main\" >Subventions et primes \u00e0 la casse<\/span><b><\/b><\/h4><\/div>\n\n<p>Pour faciliter la transition vers des v\u00e9hicules plus respectueux de l\u2019environnement, certaines villes offrent un soutien financier :<\/span><\/p>\n<ul>\n<li>\n<p><strong><span data-color=\"var(--blue-10)\">Subventions en Belgique<\/span><\/strong><span data-color=\"var(--blue-10)\"> : Diverses subventions sont disponibles pour l\u2019achat de v\u00e9hicules \u00e9lectriques ou hybrides. Elles permettent de r\u00e9duire le co\u00fbt initial et rendent les options de transport durable plus accessibles \u00e0 un plus grand nombre de personnes.<\/span><\/p>\n<\/li>\n<li>\n<p><strong><span data-color=\"var(--blue-10)\">Prime \u00e0 la casse \u00e0 Gand<\/span><\/strong><span data-color=\"var(--blue-10)\"> : Les habitants de Gand b\u00e9n\u00e9ficiant d&rsquo;une aide sociale accrue peuvent demander une prime \u00e0 la casse si leur v\u00e9hicule ne r\u00e9pond pas aux normes des ZBE. Cette prime vise \u00e0 retirer les v\u00e9hicules polluants de la circulation tout en offrant une aide financi\u00e8re pour adopter une alternative plus \u00e9cologique. Chaque prime est limit\u00e9e \u00e0 un v\u00e9hicule par foyer ou adresse. <\/span><a href=\"#\" target=\"_blank\" rel=\"noopener\"><span data-color=\"var(--blue-10)\">Plus d&rsquo;informations disponibles ici.<\/span><\/a><\/p>\n<\/li>\n<\/ul>\n<div class=\"container section-title-container\" ><h2 class=\"section-title section-title-normal\"><b><\/b><span class=\"section-title-main\" >Que signifie une ZBE pour vous ?<\/span><b><\/b><\/h2><\/div>\n\n<p>Les zones de basses \u00e9missions ne sont pas qu\u2019une restriction, elles repr\u00e9sentent une opportunit\u00e9 de contribuer \u00e0 un environnement plus propre et plus sain. En optant pour un v\u00e9hicule respectueux de l\u2019environnement, en utilisant des alternatives durables ou en profitant des subventions, vous devenez acteur du changement.<\/p>\n<p>Pr\u00e9parez-vous en ayant la documentation ad\u00e9quate pour \u00e9viter les amendes et envisagez des solutions comme un pass journalier. Ensemble, nous construisons un avenir avec moins d\u2019\u00e9missions et plus d\u2019air pur.<\/p>\n\n\n<script type=\"text\/javascript\">\n    var seoPlugins = window.seoPlugins || [];\n\n    seoPlugins.push({\n        \"PluginCode\": \"a9f957e3-d8b9-4005-bf73-c81df6fc4833\",\n        \"PluginName\": \"#new-hybride-electric\",\n        \"FilterCookie\": {\"FuelTypeIds\":[\"3\",\"4\",\"13\"]}\n    })\n\n    window.seoPlugins = seoPlugins;\n\n    var seoPlugins = window.seoPlugins || [];\n\n    for (var i = 0; i < seoPlugins.length; i++) {\n        var pluginData = seoPlugins[i];\n        CFM.API.enable(pluginData.PluginCode, pluginData.PluginName, null, {\n            FilterCookie: pluginData.FilterCookie\n        });\n    }\n<\/script>\n<div id=\"new-hybride-electric\"><\/div>\n\n\n\t\t<\/div>\n\t\t\t\t\t<\/div>\n\n\t\n\n\t<div id=\"col-818800044\" class=\"col medium-4 small-12 large-4\"  >\n\t\t\t\t<div class=\"col-inner\"  >\n\t\t\t\n\t\t\t\n\n\n  \n    <div class=\"row large-columns-1 medium-columns-1 small-columns-1\" >\n  <div class=\"col post-item\" >\n\t\t\t<div class=\"col-inner\">\n\t\t\t\t<div class=\"box box-normal box-text-bottom box-blog-post has-hover\">\n            \t\t\t\t\t<div class=\"box-image\" >\n  \t\t\t\t\t\t<div class=\"image-cover\" style=\"padding-top:56.25%;\">\n\t\t\t\t\t\t\t<a href=\"https:\/\/carselect.touring.be\/fr\/blog\/numero-chassis-voiture-verification-occasion\/\" class=\"plain\" aria-label=\"Rechercher le Num\u00e9ro de Ch\u00e2ssis Voiture : Comment V\u00e9rifier l&rsquo;Honn\u00eatet\u00e9 d&rsquo;une Occasion\">\n\t\t\t\t\t\t\t\t<img loading=\"lazy\" decoding=\"async\" width=\"300\" height=\"199\" src=\"\/wp-content\/uploads\/2026\/03\/Numero-de-Chassis-Voiture-300x199.jpg\" class=\"attachment-medium size-medium wp-post-image\" alt=\"Num\u00e9ro de Ch\u00e2ssis Voiture\" srcset=\"\/wp-content\/uploads\/2026\/03\/Numero-de-Chassis-Voiture-300x199.jpg 300w, \/wp-content\/uploads\/2026\/03\/Numero-de-Chassis-Voiture-768x510.jpg 768w, \/wp-content\/uploads\/2026\/03\/Numero-de-Chassis-Voiture.jpg 1000w\" sizes=\"auto, (max-width: 300px) 100vw, 300px\" \/>\t\t\t\t\t\t\t<\/a>\n  \t\t\t\t\t\t\t  \t\t\t\t\t\t\t  \t\t\t\t\t\t<\/div>\n  \t\t\t\t\t\t  \t\t\t\t\t<\/div>\n          \t\t\t\t\t<div class=\"box-text text-left\" >\n\t\t\t\t\t<div class=\"box-text-inner blog-post-inner\">\n\n\t\t\t\t\t\n\t\t\t\t\t\t\t\t\t\t<h5 class=\"post-title is-large \">\n\t\t\t\t\t\t<a href=\"https:\/\/carselect.touring.be\/fr\/blog\/numero-chassis-voiture-verification-occasion\/\" class=\"plain\">Rechercher le Num\u00e9ro de Ch\u00e2ssis Voiture : Comment V\u00e9rifier l&rsquo;Honn\u00eatet\u00e9 d&rsquo;une Occasion<\/a>\n\t\t\t\t\t<\/h5>\n\t\t\t\t\t\t\t\t\t\t<div class=\"is-divider\"><\/div>\n\t\t\t\t\t\t\t\t\t\t<p class=\"from_the_blog_excerpt \">\n\t\t\t\t\t\tNum\u00e9ro de ch\u00e2ssis voiture en Belgique ? D\u00e9couvrez ce que le VIN r\u00e9v\u00e8le, o\u00f9 le [...]\t\t\t\t\t<\/p>\n\t\t\t\t\t                    \n\t\t\t\t\t\n\t\t\t\t\t\n\t\t\t\t\t<\/div>\n\t\t\t\t\t<\/div>\n\t\t\t\t\t\t\t\t\t<\/div>\n\t\t\t<\/div>\n\t\t<\/div><div class=\"col post-item\" >\n\t\t\t<div class=\"col-inner\">\n\t\t\t\t<div class=\"box box-normal box-text-bottom box-blog-post has-hover\">\n            \t\t\t\t\t<div class=\"box-image\" >\n  \t\t\t\t\t\t<div class=\"image-cover\" style=\"padding-top:56.25%;\">\n\t\t\t\t\t\t\t<a href=\"https:\/\/carselect.touring.be\/fr\/blog\/prix-controle-technique-belgique\/\" class=\"plain\" aria-label=\"Prix Contr\u00f4le Technique en Belgique : Tous les Tarifs en Un Coup d&rsquo;\u0152il\">\n\t\t\t\t\t\t\t\t<img loading=\"lazy\" decoding=\"async\" width=\"300\" height=\"200\" src=\"\/wp-content\/uploads\/2026\/03\/prix-controle-technique-300x200.jpg\" class=\"attachment-medium size-medium wp-post-image\" alt=\"prix controle technique\" srcset=\"\/wp-content\/uploads\/2026\/03\/prix-controle-technique-300x200.jpg 300w, \/wp-content\/uploads\/2026\/03\/prix-controle-technique-768x512.jpg 768w, \/wp-content\/uploads\/2026\/03\/prix-controle-technique.jpg 1000w\" sizes=\"auto, (max-width: 300px) 100vw, 300px\" \/>\t\t\t\t\t\t\t<\/a>\n  \t\t\t\t\t\t\t  \t\t\t\t\t\t\t  \t\t\t\t\t\t<\/div>\n  \t\t\t\t\t\t  \t\t\t\t\t<\/div>\n          \t\t\t\t\t<div class=\"box-text text-left\" >\n\t\t\t\t\t<div class=\"box-text-inner blog-post-inner\">\n\n\t\t\t\t\t\n\t\t\t\t\t\t\t\t\t\t<h5 class=\"post-title is-large \">\n\t\t\t\t\t\t<a href=\"https:\/\/carselect.touring.be\/fr\/blog\/prix-controle-technique-belgique\/\" class=\"plain\">Prix Contr\u00f4le Technique en Belgique : Tous les Tarifs en Un Coup d&rsquo;\u0152il<\/a>\n\t\t\t\t\t<\/h5>\n\t\t\t\t\t\t\t\t\t\t<div class=\"is-divider\"><\/div>\n\t\t\t\t\t\t\t\t\t\t<p class=\"from_the_blog_excerpt \">\n\t\t\t\t\t\tPrix contr\u00f4le technique Belgique 2026 : d\u00e9couvrez tous les tarifs officiels pour essence, diesel, contr\u00f4le [...]\t\t\t\t\t<\/p>\n\t\t\t\t\t                    \n\t\t\t\t\t\n\t\t\t\t\t\n\t\t\t\t\t<\/div>\n\t\t\t\t\t<\/div>\n\t\t\t\t\t\t\t\t\t<\/div>\n\t\t\t<\/div>\n\t\t<\/div><div class=\"col post-item\" >\n\t\t\t<div class=\"col-inner\">\n\t\t\t\t<div class=\"box box-normal box-text-bottom box-blog-post has-hover\">\n            \t\t\t\t\t<div class=\"box-image\" >\n  \t\t\t\t\t\t<div class=\"image-cover\" style=\"padding-top:56.25%;\">\n\t\t\t\t\t\t\t<a href=\"https:\/\/carselect.touring.be\/fr\/blog\/covering-voiture-belgique-prix-legalite\/\" class=\"plain\" aria-label=\"Covering Voiture : Du R\u00eave Mat \u00e0 la R\u00e9alit\u00e9 Brillante, Comment \u00e7a Marche en Belgique\">\n\t\t\t\t\t\t\t\t<img loading=\"lazy\" decoding=\"async\" width=\"300\" height=\"200\" src=\"\/wp-content\/uploads\/2026\/03\/covering-voiture-header-300x200.jpg\" class=\"attachment-medium size-medium wp-post-image\" alt=\"covering voiture\" srcset=\"\/wp-content\/uploads\/2026\/03\/covering-voiture-header-300x200.jpg 300w, \/wp-content\/uploads\/2026\/03\/covering-voiture-header-768x512.jpg 768w, \/wp-content\/uploads\/2026\/03\/covering-voiture-header.jpg 1000w\" sizes=\"auto, (max-width: 300px) 100vw, 300px\" \/>\t\t\t\t\t\t\t<\/a>\n  \t\t\t\t\t\t\t  \t\t\t\t\t\t\t  \t\t\t\t\t\t<\/div>\n  \t\t\t\t\t\t  \t\t\t\t\t<\/div>\n          \t\t\t\t\t<div class=\"box-text text-left\" >\n\t\t\t\t\t<div class=\"box-text-inner blog-post-inner\">\n\n\t\t\t\t\t\n\t\t\t\t\t\t\t\t\t\t<h5 class=\"post-title is-large \">\n\t\t\t\t\t\t<a href=\"https:\/\/carselect.touring.be\/fr\/blog\/covering-voiture-belgique-prix-legalite\/\" class=\"plain\">Covering Voiture : Du R\u00eave Mat \u00e0 la R\u00e9alit\u00e9 Brillante, Comment \u00e7a Marche en Belgique<\/a>\n\t\t\t\t\t<\/h5>\n\t\t\t\t\t\t\t\t\t\t<div class=\"is-divider\"><\/div>\n\t\t\t\t\t\t\t\t\t\t<p class=\"from_the_blog_excerpt \">\n\t\t\t\t\t\tD\u00e9couvrez comment le covering voiture peut transformer votre v\u00e9hicule en un mod\u00e8le unique et styl\u00e9. [...]\t\t\t\t\t<\/p>\n\t\t\t\t\t                    \n\t\t\t\t\t\n\t\t\t\t\t\n\t\t\t\t\t<\/div>\n\t\t\t\t\t<\/div>\n\t\t\t\t\t\t\t\t\t<\/div>\n\t\t\t<\/div>\n\t\t<\/div><div class=\"col post-item\" >\n\t\t\t<div class=\"col-inner\">\n\t\t\t\t<div class=\"box box-normal box-text-bottom box-blog-post has-hover\">\n            \t\t\t\t\t<div class=\"box-image\" >\n  \t\t\t\t\t\t<div class=\"image-cover\" style=\"padding-top:56.25%;\">\n\t\t\t\t\t\t\t<a href=\"https:\/\/carselect.touring.be\/fr\/blog\/plaque-personnalisee-en-belgique\/\" class=\"plain\" aria-label=\"Plaque Personnalis\u00e9e Belgique : R\u00e8gles, Co\u00fbts et Comment en Faire la Demande\">\n\t\t\t\t\t\t\t\t<img loading=\"lazy\" decoding=\"async\" width=\"300\" height=\"200\" src=\"\/wp-content\/uploads\/2026\/03\/plaque-personnalisee-belgique-300x200.png\" class=\"attachment-medium size-medium wp-post-image\" alt=\"plaque personnalis\u00e9e belgique\" srcset=\"\/wp-content\/uploads\/2026\/03\/plaque-personnalisee-belgique-300x200.png 300w, \/wp-content\/uploads\/2026\/03\/plaque-personnalisee-belgique-1024x683.png 1024w, \/wp-content\/uploads\/2026\/03\/plaque-personnalisee-belgique-768x512.png 768w, \/wp-content\/uploads\/2026\/03\/plaque-personnalisee-belgique.png 1536w\" sizes=\"auto, (max-width: 300px) 100vw, 300px\" \/>\t\t\t\t\t\t\t<\/a>\n  \t\t\t\t\t\t\t  \t\t\t\t\t\t\t  \t\t\t\t\t\t<\/div>\n  \t\t\t\t\t\t  \t\t\t\t\t<\/div>\n          \t\t\t\t\t<div class=\"box-text text-left\" >\n\t\t\t\t\t<div class=\"box-text-inner blog-post-inner\">\n\n\t\t\t\t\t\n\t\t\t\t\t\t\t\t\t\t<h5 class=\"post-title is-large \">\n\t\t\t\t\t\t<a href=\"https:\/\/carselect.touring.be\/fr\/blog\/plaque-personnalisee-en-belgique\/\" class=\"plain\">Plaque Personnalis\u00e9e Belgique : R\u00e8gles, Co\u00fbts et Comment en Faire la Demande<\/a>\n\t\t\t\t\t<\/h5>\n\t\t\t\t\t\t\t\t\t\t<div class=\"is-divider\"><\/div>\n\t\t\t\t\t\t\t\t\t\t<p class=\"from_the_blog_excerpt \">\n\t\t\t\t\t\tCr\u00e9ez une plaque personnalis\u00e9e en Belgique pour afficher votre style unique sur la route. D\u00e9couvrez [...]\t\t\t\t\t<\/p>\n\t\t\t\t\t                    \n\t\t\t\t\t\n\t\t\t\t\t\n\t\t\t\t\t<\/div>\n\t\t\t\t\t<\/div>\n\t\t\t\t\t\t\t\t\t<\/div>\n\t\t\t<\/div>\n\t\t<\/div><div class=\"col post-item\" >\n\t\t\t<div class=\"col-inner\">\n\t\t\t\t<div class=\"box box-normal box-text-bottom box-blog-post has-hover\">\n            \t\t\t\t\t<div class=\"box-image\" >\n  \t\t\t\t\t\t<div class=\"image-cover\" style=\"padding-top:56.25%;\">\n\t\t\t\t\t\t\t<a href=\"https:\/\/carselect.touring.be\/fr\/blog\/plaque-immatriculation-belgique-regles-couts\/\" class=\"plain\" aria-label=\"Plaque d&rsquo;Immatriculation en Belgique : R\u00e8gles, Co\u00fbts et Ce Qu&rsquo;il Faut Retenir\">\n\t\t\t\t\t\t\t\t<img loading=\"lazy\" decoding=\"async\" width=\"300\" height=\"225\" src=\"\/wp-content\/uploads\/2026\/02\/plaque-dimmatriculation-header-300x225.jpg\" class=\"attachment-medium size-medium wp-post-image\" alt=\"plaque d&#039;immatriculation\" srcset=\"\/wp-content\/uploads\/2026\/02\/plaque-dimmatriculation-header-300x225.jpg 300w, \/wp-content\/uploads\/2026\/02\/plaque-dimmatriculation-header-1024x768.jpg 1024w, \/wp-content\/uploads\/2026\/02\/plaque-dimmatriculation-header-768x576.jpg 768w, \/wp-content\/uploads\/2026\/02\/plaque-dimmatriculation-header.jpg 1184w\" sizes=\"auto, (max-width: 300px) 100vw, 300px\" \/>\t\t\t\t\t\t\t<\/a>\n  \t\t\t\t\t\t\t  \t\t\t\t\t\t\t  \t\t\t\t\t\t<\/div>\n  \t\t\t\t\t\t  \t\t\t\t\t<\/div>\n          \t\t\t\t\t<div class=\"box-text text-left\" >\n\t\t\t\t\t<div class=\"box-text-inner blog-post-inner\">\n\n\t\t\t\t\t\n\t\t\t\t\t\t\t\t\t\t<h5 class=\"post-title is-large \">\n\t\t\t\t\t\t<a href=\"https:\/\/carselect.touring.be\/fr\/blog\/plaque-immatriculation-belgique-regles-couts\/\" class=\"plain\">Plaque d&rsquo;Immatriculation en Belgique : R\u00e8gles, Co\u00fbts et Ce Qu&rsquo;il Faut Retenir<\/a>\n\t\t\t\t\t<\/h5>\n\t\t\t\t\t\t\t\t\t\t<div class=\"is-divider\"><\/div>\n\t\t\t\t\t\t\t\t\t\t<p class=\"from_the_blog_excerpt \">\n\t\t\t\t\t\tPlaque d'immatriculation en Belgique : r\u00e8gles, co\u00fbts (\u20ac30), demande via DIV, garder ancienne plaque ou [...]\t\t\t\t\t<\/p>\n\t\t\t\t\t                    \n\t\t\t\t\t\n\t\t\t\t\t\n\t\t\t\t\t<\/div>\n\t\t\t\t\t<\/div>\n\t\t\t\t\t\t\t\t\t<\/div>\n\t\t\t<\/div>\n\t\t<\/div><div class=\"col post-item\" >\n\t\t\t<div class=\"col-inner\">\n\t\t\t\t<div class=\"box box-normal box-text-bottom box-blog-post has-hover\">\n            \t\t\t\t\t<div class=\"box-image\" >\n  \t\t\t\t\t\t<div class=\"image-cover\" style=\"padding-top:56.25%;\">\n\t\t\t\t\t\t\t<a href=\"https:\/\/carselect.touring.be\/fr\/blog\/radier-plaque-immatriculation-ou-transferer\/\" class=\"plain\" aria-label=\"Transf\u00e9rer ou radier plaque immatriculation : \u00c9vitez ces erreurs fr\u00e9quentes\">\n\t\t\t\t\t\t\t\t<img loading=\"lazy\" decoding=\"async\" width=\"300\" height=\"181\" src=\"\/wp-content\/uploads\/2026\/02\/radier-plaque-immatriculation-header-300x181.jpeg\" class=\"attachment-medium size-medium wp-post-image\" alt=\"radier plaque immatriculation\" srcset=\"\/wp-content\/uploads\/2026\/02\/radier-plaque-immatriculation-header-300x181.jpeg 300w, \/wp-content\/uploads\/2026\/02\/radier-plaque-immatriculation-header-768x462.jpeg 768w, \/wp-content\/uploads\/2026\/02\/radier-plaque-immatriculation-header.jpeg 1000w\" sizes=\"auto, (max-width: 300px) 100vw, 300px\" \/>\t\t\t\t\t\t\t<\/a>\n  \t\t\t\t\t\t\t  \t\t\t\t\t\t\t  \t\t\t\t\t\t<\/div>\n  \t\t\t\t\t\t  \t\t\t\t\t<\/div>\n          \t\t\t\t\t<div class=\"box-text text-left\" >\n\t\t\t\t\t<div class=\"box-text-inner blog-post-inner\">\n\n\t\t\t\t\t\n\t\t\t\t\t\t\t\t\t\t<h5 class=\"post-title is-large \">\n\t\t\t\t\t\t<a href=\"https:\/\/carselect.touring.be\/fr\/blog\/radier-plaque-immatriculation-ou-transferer\/\" class=\"plain\">Transf\u00e9rer ou radier plaque immatriculation : \u00c9vitez ces erreurs fr\u00e9quentes<\/a>\n\t\t\t\t\t<\/h5>\n\t\t\t\t\t\t\t\t\t\t<div class=\"is-divider\"><\/div>\n\t\t\t\t\t\t\t\t\t\t<p class=\"from_the_blog_excerpt \">\n\t\t\t\t\t\tD\u00e9couvrez comment radier une plaque immatriculation avec notre guide pratique et les \u00e9tapes essentielles \u00e0 [...]\t\t\t\t\t<\/p>\n\t\t\t\t\t                    \n\t\t\t\t\t\n\t\t\t\t\t\n\t\t\t\t\t<\/div>\n\t\t\t\t\t<\/div>\n\t\t\t\t\t\t\t\t\t<\/div>\n\t\t\t<\/div>\n\t\t<\/div><div class=\"col post-item\" >\n\t\t\t<div class=\"col-inner\">\n\t\t\t\t<div class=\"box box-normal box-text-bottom box-blog-post has-hover\">\n            \t\t\t\t\t<div class=\"box-image\" >\n  \t\t\t\t\t\t<div class=\"image-cover\" style=\"padding-top:56.25%;\">\n\t\t\t\t\t\t\t<a href=\"https:\/\/carselect.touring.be\/fr\/blog\/valeur-catalogue-voiture-comprendre-pourquoi-cest-important\/\" class=\"plain\" aria-label=\"Valeur Catalogue Voiture : Qu&rsquo;est-ce que c&rsquo;est, Comment la rechercher et pourquoi reste-t-elle importante m\u00eame pour l&rsquo;occasion ?\">\n\t\t\t\t\t\t\t\t<img loading=\"lazy\" decoding=\"async\" width=\"300\" height=\"200\" src=\"\/wp-content\/uploads\/2026\/01\/valeur-catalogue-voiture-header-300x200.jpg\" class=\"attachment-medium size-medium wp-post-image\" alt=\"Valeur Catalogue Voiture\" srcset=\"\/wp-content\/uploads\/2026\/01\/valeur-catalogue-voiture-header-300x200.jpg 300w, \/wp-content\/uploads\/2026\/01\/valeur-catalogue-voiture-header-768x512.jpg 768w, \/wp-content\/uploads\/2026\/01\/valeur-catalogue-voiture-header.jpg 1000w\" sizes=\"auto, (max-width: 300px) 100vw, 300px\" \/>\t\t\t\t\t\t\t<\/a>\n  \t\t\t\t\t\t\t  \t\t\t\t\t\t\t  \t\t\t\t\t\t<\/div>\n  \t\t\t\t\t\t  \t\t\t\t\t<\/div>\n          \t\t\t\t\t<div class=\"box-text text-left\" >\n\t\t\t\t\t<div class=\"box-text-inner blog-post-inner\">\n\n\t\t\t\t\t\n\t\t\t\t\t\t\t\t\t\t<h5 class=\"post-title is-large \">\n\t\t\t\t\t\t<a href=\"https:\/\/carselect.touring.be\/fr\/blog\/valeur-catalogue-voiture-comprendre-pourquoi-cest-important\/\" class=\"plain\">Valeur Catalogue Voiture : Qu&rsquo;est-ce que c&rsquo;est, Comment la rechercher et pourquoi reste-t-elle importante m\u00eame pour l&rsquo;occasion ?<\/a>\n\t\t\t\t\t<\/h5>\n\t\t\t\t\t\t\t\t\t\t<div class=\"is-divider\"><\/div>\n\t\t\t\t\t\t\t\t\t\t<p class=\"from_the_blog_excerpt \">\n\t\t\t\t\t\tD\u00e9couvrez ce que signifie la valeur catalogue d'une voiture pour votre achat. Faites un choix [...]\t\t\t\t\t<\/p>\n\t\t\t\t\t                    \n\t\t\t\t\t\n\t\t\t\t\t\n\t\t\t\t\t<\/div>\n\t\t\t\t\t<\/div>\n\t\t\t\t\t\t\t\t\t<\/div>\n\t\t\t<\/div>\n\t\t<\/div><div class=\"col post-item\" >\n\t\t\t<div class=\"col-inner\">\n\t\t\t\t<div class=\"box box-normal box-text-bottom box-blog-post has-hover\">\n            \t\t\t\t\t<div class=\"box-image\" >\n  \t\t\t\t\t\t<div class=\"image-cover\" style=\"padding-top:56.25%;\">\n\t\t\t\t\t\t\t<a href=\"https:\/\/carselect.touring.be\/fr\/blog\/la-voiture-la-plus-chere-du-monde-prix-et-pourquoi-elle-est-exceptionnelle\/\" class=\"plain\" aria-label=\"La Voiture la Plus Ch\u00e8re au Monde : Prix et Caract\u00e9ristiques\">\n\t\t\t\t\t\t\t\t<img loading=\"lazy\" decoding=\"async\" width=\"300\" height=\"187\" src=\"\/wp-content\/uploads\/2026\/01\/la-voiture-la-plus-chere-au-monde.jpg-300x187.jpg\" class=\"attachment-medium size-medium wp-post-image\" alt=\"La Voiture la Plus Ch\u00e8re au Monde\" srcset=\"\/wp-content\/uploads\/2026\/01\/la-voiture-la-plus-chere-au-monde.jpg-300x187.jpg 300w, \/wp-content\/uploads\/2026\/01\/la-voiture-la-plus-chere-au-monde.jpg-768x479.jpg 768w, \/wp-content\/uploads\/2026\/01\/la-voiture-la-plus-chere-au-monde.jpg.jpg 1000w\" sizes=\"auto, (max-width: 300px) 100vw, 300px\" \/>\t\t\t\t\t\t\t<\/a>\n  \t\t\t\t\t\t\t  \t\t\t\t\t\t\t  \t\t\t\t\t\t<\/div>\n  \t\t\t\t\t\t  \t\t\t\t\t<\/div>\n          \t\t\t\t\t<div class=\"box-text text-left\" >\n\t\t\t\t\t<div class=\"box-text-inner blog-post-inner\">\n\n\t\t\t\t\t\n\t\t\t\t\t\t\t\t\t\t<h5 class=\"post-title is-large \">\n\t\t\t\t\t\t<a href=\"https:\/\/carselect.touring.be\/fr\/blog\/la-voiture-la-plus-chere-du-monde-prix-et-pourquoi-elle-est-exceptionnelle\/\" class=\"plain\">La Voiture la Plus Ch\u00e8re au Monde : Prix et Caract\u00e9ristiques<\/a>\n\t\t\t\t\t<\/h5>\n\t\t\t\t\t\t\t\t\t\t<div class=\"is-divider\"><\/div>\n\t\t\t\t\t\t\t\t\t\t<p class=\"from_the_blog_excerpt \">\n\t\t\t\t\t\tQuelle est la voiture la plus ch\u00e8re au monde ? D\u00e9couvrez le record de 142 [...]\t\t\t\t\t<\/p>\n\t\t\t\t\t                    \n\t\t\t\t\t\n\t\t\t\t\t\n\t\t\t\t\t<\/div>\n\t\t\t\t\t<\/div>\n\t\t\t\t\t\t\t\t\t<\/div>\n\t\t\t<\/div>\n\t\t<\/div><\/div>\n\n\n\t\t<\/div>\n\t\t\t\t\t<\/div>\n\n\t\n\n<\/div>\n<div class=\"row\"  id=\"row-107667244\">\n\n\n\t<div id=\"col-753446204\" class=\"col small-12 large-12\"  >\n\t\t\t\t<div class=\"col-inner\"  >\n\t\t\t\n\t\t\t\n\n\n  <div class=\"banner has-hover\" id=\"banner-153937246\">\n          <div class=\"banner-inner fill\">\n        <div class=\"banner-bg fill\" >\n            <img loading=\"lazy\" decoding=\"async\" width=\"1440\" height=\"160\" src=\"\/wp-content\/uploads\/2025\/01\/Mask-group.png\" class=\"bg attachment-original size-original\" alt=\"\" \/>                                    \n                    <\/div>\n\t\t\n        <div class=\"banner-layers container\">\n            <div class=\"fill banner-link\"><\/div>            \n\n   <div id=\"text-box-1869669042\" class=\"text-box banner-layer x100 md-x100 lg-x100 y10 md-y10 lg-y10 res-text\">\n                                <div class=\"text-box-content text dark\">\n              \n              <div class=\"text-inner text-center\">\n                  \n\n<h2><em>Achetez votre<\/em><\/h2>\n<h2><em>Voiture de r\u00eave<\/em><\/h2>\n<a href=\"https:\/\/carselect.touring.be\/fr\/acheter-une-voiture\/\" class=\"button success\"  >\n\t\t<span>D\u00e9couvrez<\/span>\n\t<\/a>\n\n\n\n              <\/div>\n           <\/div>\n                            \n<style>\n#text-box-1869669042 {\n  width: 35%;\n}\n#text-box-1869669042 .text-box-content {\n  font-size: 100%;\n}\n<\/style>\n    <\/div>\n \n\n        <\/div>\n      <\/div>\n\n            \n<style>\n#banner-153937246 {\n  padding-top: 250px;\n}\n#banner-153937246 .banner-bg img {\n  object-position: 22% 0%;\n}\n<\/style>\n  <\/div>\n\n\n\n\t\t<\/div>\n\t\t\t\t\t<\/div>\n\n\t\n\n<\/div>\n\n\t\t<\/div>\n\n\t\t\n<style>\n#section_1067737238 {\n  padding-top: 0px;\n  padding-bottom: 0px;\n}\n<\/style>\n\t<\/section>\n\t\n\n\n\n<p><\/p>\n\n\n\n<div class=\"row row-full-width align-middle align-center legalTextContainer representativeExampleBanner qa-testid-representative-banner-fr\"  id=\"row-200630994\">\r\n\r\n\n\t<div id=\"col-1097269696\" class=\"col text-container representative-example-container small-12 large-12\"  >\n\t\t\t\t<div class=\"col-inner\"  >\n\t\t\t\n\t\t\t\r\n\r\n<div class=\"legal-text-title\">Attention, emprunter de l\u2019argent co\u00fbte aussi de l\u2019argent.<\/div>\r\n<div class=\"legal-text-content mt-half\">\r\n<p>\r\nExemple repr\u00e9sentatif \u2013 Cr\u00e9dit ballon : <b>Pr\u00eat \u00e0 temp\u00e9rament avec derni\u00e8re mensualit\u00e9 major\u00e9e<\/b>. Montant du cr\u00e9dit : \u20ac 35.002,79. Acompte (facultatif) : \u20ac 0. Prix comptant: \u20ac 35.002,79. <b>TAEG (Taux Annuel Effectif Global)<\/b> de <b>5,99 %<\/b>, taux d\u00e9biteur annuel <b>fixe<\/b> : 5,99 %. Dur\u00e9e du cr\u00e9dit : <b>60 mois<\/b>. Remboursable en 59 mensualit\u00e9s de <b>\u20ac 522,81<\/b>. Derni\u00e8re mensualit\u00e9 major\u00e9e : <b>\u20ac 11.023,64<\/b>. Montant total d\u00fb : \u20ac 41.869,16.\r\n      <\/p>\r\n<p>\r\n        Exemple repr\u00e9sentatif \u2013 Cr\u00e9dit classique : <b>Pr\u00eat \u00e0 temp\u00e9rament<\/b>. Montant du cr\u00e9dit : \u20ac 35.002,79. Acompte (facultatif) : \u20ac 0. Prix comptant : \u20ac 35.002,79. <b>TAEG (Taux Annuel Effectif Global)<\/b> de <b>5,99 %<\/b>, taux d\u00e9biteur annuel <b>fixe<\/b>: 5,99 %. Dur\u00e9e de <b>60 mois<\/b>. Remboursable en 60 mensualit\u00e9s de <b>\u20ac 673,96<\/b>. Montant total d\u00fb : \u20ac 40.437,85.\r\n      <\/p>\r\n<p>\r\n        Sous r\u00e9serve d\u2019acceptation de votre demande de cr\u00e9dit par Alpha Credit s.a., pr\u00eateur, Montagne du Parc 8\/3, 1000 Bruxelles, TVA BE 0445.781.316, RPM Bruxelles. Annonceur : TCS Mobility S.A., agent \u00e0 titre accessoire, Boulevard Albert II 4, B12, 1000 Bruxelles, TVA BE 1003.765.106, BE93 0019 6639 0767, RPM Bruxelles. La souscription d\u2019un pr\u00eat \u00e0 temp\u00e9rament est soumise \u00e0 la l\u00e9gislation relative au cr\u00e9dit \u00e0 la consommation, et plus sp\u00e9cifiquement au livre VII du Code de droit \u00e9conomique.\r\n      <\/p>\r\n<\/div>\r\n\r\n\r\n\t\t<\/div>\n\t\t\t\t\t<\/div>\n\n\t\r\n\n\t<div id=\"col-1354604227\" class=\"col text-container ilustrative-example-container small-12 large-12\"  >\n\t\t\t\t<div class=\"col-inner\"  >\n\t\t\t\n\t\t\t\r\n\r\n<div class=\"legal-text-title\">Attention, emprunter de l\u2019argent co\u00fbte aussi de l\u2019argent.<\/div>\r\n<div class=\"legal-text-content mt-half\">\r\n<p class=\"balloon-financing\">Exemple illustratif \u2013 Cr\u00e9dit ballon : Pr\u00eat \u00e0 temp\u00e9rament avec derni\u00e8re mensualit\u00e9 major\u00e9e. Montant du cr\u00e9dit : \u20ac\u00a0<span id=\"balloon-loan-amount\">35.002,79<\/span>. Acompte (facultatif) : \u20ac\u00a00. Prix comptant: \u20ac\u00a0<span id=\"balloon-price\">35.002,79<\/span>. TAEG (Taux Annuel Effectif Global) de <span id=\"balloon-jkp\">5,99<\/span> %, taux d\u00e9biteur annuel fixe : <span id=\"balloon-interest-rate\">5,99<\/span> %. Dur\u00e9e du cr\u00e9dit : <span id=\"balloon-number-of-months\">60<\/span> mois. Remboursable en <span id=\"balloon-lower-rate-number-of-months\">59<\/span> mensualit\u00e9s de \u20ac\u00a0<span id=\"balloon-rate-per-month\">522,81<\/span>. Derni\u00e8re mensualit\u00e9 major\u00e9e : \u20ac\u00a0<span id=\"balloon-residual-value\">11.023,64<\/span>. Montant total d\u00fb : \u20ac\u00a0<span id=\"balloon-total-financing-cost\">41.869,16<\/span>.<\/p>\r\n<p class=\"classic-financing\">Exemple illustratif \u2013 Cr\u00e9dit classique : Pr\u00eat \u00e0 temp\u00e9rament. Montant du cr\u00e9dit : \u20ac\u00a0<span id=\"classic-loan-amount\">35.002,79<\/span>. Acompte (facultatif) : \u20ac\u00a00. Prix comptant : \u20ac\u00a0<span id=\"classic-price\">35.002,79<\/span>. TAEG (Taux Annuel Effectif Global) de <span id=\"classic-jkp\">5,99<\/span> %, taux d\u00e9biteur annuel fixe: <span id=\"classic-interest-rate\">5,99<\/span> %. Dur\u00e9e de <span id=\"classic-number-of-months\">60<\/span> mois. Remboursable en 60 mensualit\u00e9s de \u20ac\u00a0<span id=\"classic-rate-per-month\">673,96<\/span>. Montant total d\u00fb : \u20ac\u00a0<span id=\"classic-total-financing-cost\">40.437,85<\/span>.<\/p>\r\n<\/div>\r\n\r\n\r\n\t\t<\/div>\n\t\t\t\t\t<\/div>\n\n\t\r\n\n\t<div id=\"col-1273387419\" class=\"col buttons-container small-12 large-12\"  >\n\t\t\t\t<div class=\"col-inner\"  >\n\t\t\t\n\t\t\t\r\n\r\n<a class=\"button success lowercase hideLegalText\"  >\n\t\t<span>Fermer<\/span>\n\t<\/a>\n\r\n\r\n<a href=\"\/fr\/blog\/choisir-la-meilleure-couleur-des-voiture-pour-votre-style\/\" class=\"button white lowercase more-info hidden\"  >\n\t\t<span>Plus d\u2019infos<\/span>\n\t<\/a>\n\r\n\r\n\r\n\t\t<\/div>\n\t\t\t\t\t<\/div>\n\n\t\r\n\r\n<\/div>\n\n\n","protected":false},"excerpt":{"rendered":"<p>D\u00e9couvrez tout sur la zone de basses \u00e9missions en Belgique et son impact sur votre v\u00e9hicule. Pr\u00e9parez-vous d\u00e8s maintenant. Lisez l&rsquo;article\u202f!<\/p>\n","protected":false},"author":28,"featured_media":12817,"comment_status":"closed","ping_status":"open","sticky":false,"template":"","format":"standard","meta":{"footnotes":""},"categories":[75],"tags":[121,122],"class_list":["post-12814","post","type-post","status-publish","format-standard","has-post-thumbnail","hentry","category-conseils","tag-zbe","tag-zone-de-basses-emissions"],"yoast_head":"<!-- This site is optimized with the Yoast SEO Premium plugin v24.0 (Yoast SEO v24.0) - https:\/\/yoast.com\/wordpress\/plugins\/seo\/ -->\n<title>Zone de basses \u00e9missions Belgique : Un aper\u00e7u concis - Touring Dealer<\/title>\n<meta name=\"description\" content=\"D\u00e9couvrez tout sur la zone de basses \u00e9missions en Belgique et son impact sur votre v\u00e9hicule. Pr\u00e9parez-vous d\u00e8s maintenant. Lisez l&#039;article\u202f!\" \/>\n<meta name=\"robots\" content=\"index, follow, max-snippet:-1, max-image-preview:large, max-video-preview:-1\" \/>\n<link rel=\"canonical\" href=\"https:\/\/carselect.touring.be\/fr\/blog\/zone-de-basses-emissions-belgique-un-apercu-concis\/\" \/>\n<meta property=\"og:locale\" content=\"fr_FR\" \/>\n<meta property=\"og:type\" content=\"article\" \/>\n<meta property=\"og:title\" content=\"Zone de basses \u00e9missions Belgique : Un aper\u00e7u concis\" \/>\n<meta property=\"og:description\" content=\"D\u00e9couvrez tout sur la zone de basses \u00e9missions en Belgique et son impact sur votre v\u00e9hicule. Pr\u00e9parez-vous d\u00e8s maintenant. Lisez l&#039;article\u202f!\" \/>\n<meta property=\"og:url\" content=\"https:\/\/carselect.touring.be\/fr\/blog\/zone-de-basses-emissions-belgique-un-apercu-concis\/\" \/>\n<meta property=\"og:site_name\" content=\"Touring Dealer\" \/>\n<meta property=\"article:published_time\" content=\"2025-01-11T12:59:33+00:00\" \/>\n<meta property=\"article:modified_time\" content=\"2025-07-02T08:29:10+00:00\" \/>\n<meta property=\"og:image\" content=\"https:\/\/carselect.touring.be\/wp-content\/uploads\/2025\/01\/header-sba.jpg\" \/>\n\t<meta property=\"og:image:width\" content=\"1000\" \/>\n\t<meta property=\"og:image:height\" content=\"667\" \/>\n\t<meta property=\"og:image:type\" content=\"image\/jpeg\" \/>\n<meta name=\"author\" content=\"Storme Wouter\" \/>\n<meta name=\"twitter:card\" content=\"summary_large_image\" \/>\n<meta name=\"twitter:label1\" content=\"\u00c9crit par\" \/>\n\t<meta name=\"twitter:data1\" content=\"Storme Wouter\" \/>\n\t<meta name=\"twitter:label2\" content=\"Dur\u00e9e de lecture est.\" \/>\n\t<meta name=\"twitter:data2\" content=\"8 minutes\" \/>\n<script type=\"application\/ld+json\" class=\"yoast-schema-graph\">{\"@context\":\"https:\/\/schema.org\",\"@graph\":[{\"@type\":\"Article\",\"@id\":\"https:\/\/carselect.touring.be\/fr\/blog\/zone-de-basses-emissions-belgique-un-apercu-concis\/#article\",\"isPartOf\":{\"@id\":\"https:\/\/carselect.touring.be\/fr\/blog\/zone-de-basses-emissions-belgique-un-apercu-concis\/\"},\"author\":{\"name\":\"Storme Wouter\",\"@id\":\"https:\/\/carselect.touring.be\/fr\/#\/schema\/person\/ac266868402e795f000a152b0f4fd4d8\"},\"headline\":\"Zone de basses \u00e9missions Belgique : Un aper\u00e7u concis\",\"datePublished\":\"2025-01-11T12:59:33+00:00\",\"dateModified\":\"2025-07-02T08:29:10+00:00\",\"mainEntityOfPage\":{\"@id\":\"https:\/\/carselect.touring.be\/fr\/blog\/zone-de-basses-emissions-belgique-un-apercu-concis\/\"},\"wordCount\":1890,\"publisher\":{\"@id\":\"https:\/\/carselect.touring.be\/fr\/#organization\"},\"image\":{\"@id\":\"https:\/\/carselect.touring.be\/fr\/blog\/zone-de-basses-emissions-belgique-un-apercu-concis\/#primaryimage\"},\"thumbnailUrl\":\"\/wp-content\/uploads\/2025\/01\/header-sba.jpg\",\"keywords\":[\"zbe\",\"zone de basses \u00e9missions\"],\"articleSection\":[\"Conseils\"],\"inLanguage\":\"fr-BE\"},{\"@type\":\"WebPage\",\"@id\":\"https:\/\/carselect.touring.be\/fr\/blog\/zone-de-basses-emissions-belgique-un-apercu-concis\/\",\"url\":\"https:\/\/carselect.touring.be\/fr\/blog\/zone-de-basses-emissions-belgique-un-apercu-concis\/\",\"name\":\"Zone de basses \u00e9missions Belgique : Un aper\u00e7u concis - Touring Dealer\",\"isPartOf\":{\"@id\":\"https:\/\/carselect.touring.be\/fr\/#website\"},\"primaryImageOfPage\":{\"@id\":\"https:\/\/carselect.touring.be\/fr\/blog\/zone-de-basses-emissions-belgique-un-apercu-concis\/#primaryimage\"},\"image\":{\"@id\":\"https:\/\/carselect.touring.be\/fr\/blog\/zone-de-basses-emissions-belgique-un-apercu-concis\/#primaryimage\"},\"thumbnailUrl\":\"\/wp-content\/uploads\/2025\/01\/header-sba.jpg\",\"datePublished\":\"2025-01-11T12:59:33+00:00\",\"dateModified\":\"2025-07-02T08:29:10+00:00\",\"description\":\"D\u00e9couvrez tout sur la zone de basses \u00e9missions en Belgique et son impact sur votre v\u00e9hicule. Pr\u00e9parez-vous d\u00e8s maintenant. Lisez l'article\u202f!\",\"breadcrumb\":{\"@id\":\"https:\/\/carselect.touring.be\/fr\/blog\/zone-de-basses-emissions-belgique-un-apercu-concis\/#breadcrumb\"},\"inLanguage\":\"fr-BE\",\"potentialAction\":[{\"@type\":\"ReadAction\",\"target\":[\"https:\/\/carselect.touring.be\/fr\/blog\/zone-de-basses-emissions-belgique-un-apercu-concis\/\"]}]},{\"@type\":\"ImageObject\",\"inLanguage\":\"fr-BE\",\"@id\":\"https:\/\/carselect.touring.be\/fr\/blog\/zone-de-basses-emissions-belgique-un-apercu-concis\/#primaryimage\",\"url\":\"\/wp-content\/uploads\/2025\/01\/header-sba.jpg\",\"contentUrl\":\"\/wp-content\/uploads\/2025\/01\/header-sba.jpg\",\"width\":1000,\"height\":667,\"caption\":\"zone de basses \u00e9missions\"},{\"@type\":\"BreadcrumbList\",\"@id\":\"https:\/\/carselect.touring.be\/fr\/blog\/zone-de-basses-emissions-belgique-un-apercu-concis\/#breadcrumb\",\"itemListElement\":[{\"@type\":\"ListItem\",\"position\":1,\"name\":\"Home\",\"item\":\"https:\/\/carselect.touring.be\/fr\/\"},{\"@type\":\"ListItem\",\"position\":2,\"name\":\"Zone de basses \u00e9missions Belgique : Un aper\u00e7u concis\"}]},{\"@type\":\"WebSite\",\"@id\":\"https:\/\/carselect.touring.be\/fr\/#website\",\"url\":\"https:\/\/carselect.touring.be\/fr\/\",\"name\":\"Touring CarSelect\",\"description\":\"\",\"publisher\":{\"@id\":\"https:\/\/carselect.touring.be\/fr\/#organization\"},\"potentialAction\":[{\"@type\":\"SearchAction\",\"target\":{\"@type\":\"EntryPoint\",\"urlTemplate\":\"https:\/\/carselect.touring.be\/fr\/?s={search_term_string}\"},\"query-input\":{\"@type\":\"PropertyValueSpecification\",\"valueRequired\":true,\"valueName\":\"search_term_string\"}}],\"inLanguage\":\"fr-BE\"},{\"@type\":\"Organization\",\"@id\":\"https:\/\/carselect.touring.be\/fr\/#organization\",\"name\":\"Touring CarSelect\",\"url\":\"https:\/\/carselect.touring.be\/fr\/\",\"logo\":{\"@type\":\"ImageObject\",\"inLanguage\":\"fr-BE\",\"@id\":\"https:\/\/carselect.touring.be\/fr\/#\/schema\/logo\/image\/\",\"url\":\"\/wp-content\/uploads\/2024\/04\/Touring-Car-Select-Logo.png\",\"contentUrl\":\"\/wp-content\/uploads\/2024\/04\/Touring-Car-Select-Logo.png\",\"width\":154,\"height\":53,\"caption\":\"Touring CarSelect\"},\"image\":{\"@id\":\"https:\/\/carselect.touring.be\/fr\/#\/schema\/logo\/image\/\"}},{\"@type\":\"Person\",\"@id\":\"https:\/\/carselect.touring.be\/fr\/#\/schema\/person\/ac266868402e795f000a152b0f4fd4d8\",\"name\":\"Storme Wouter\",\"image\":{\"@type\":\"ImageObject\",\"inLanguage\":\"fr-BE\",\"@id\":\"https:\/\/carselect.touring.be\/fr\/#\/schema\/person\/image\/\",\"url\":\"https:\/\/secure.gravatar.com\/avatar\/84473de8cbf4200af853908f03b9ea9e?s=96&d=mm&r=g\",\"contentUrl\":\"https:\/\/secure.gravatar.com\/avatar\/84473de8cbf4200af853908f03b9ea9e?s=96&d=mm&r=g\",\"caption\":\"Storme Wouter\"},\"url\":\"https:\/\/carselect.touring.be\/fr\/blog\/author\/storme-wouter\/\"}]}<\/script>\n<!-- \/ Yoast SEO Premium plugin. -->","yoast_head_json":{"title":"Zone de basses \u00e9missions Belgique : Un aper\u00e7u concis - Touring Dealer","description":"D\u00e9couvrez tout sur la zone de basses \u00e9missions en Belgique et son impact sur votre v\u00e9hicule. Pr\u00e9parez-vous d\u00e8s maintenant. Lisez l'article\u202f!","robots":{"index":"index","follow":"follow","max-snippet":"max-snippet:-1","max-image-preview":"max-image-preview:large","max-video-preview":"max-video-preview:-1"},"canonical":"https:\/\/carselect.touring.be\/fr\/blog\/zone-de-basses-emissions-belgique-un-apercu-concis\/","og_locale":"fr_FR","og_type":"article","og_title":"Zone de basses \u00e9missions Belgique : Un aper\u00e7u concis","og_description":"D\u00e9couvrez tout sur la zone de basses \u00e9missions en Belgique et son impact sur votre v\u00e9hicule. Pr\u00e9parez-vous d\u00e8s maintenant. Lisez l'article\u202f!","og_url":"https:\/\/carselect.touring.be\/fr\/blog\/zone-de-basses-emissions-belgique-un-apercu-concis\/","og_site_name":"Touring Dealer","article_published_time":"2025-01-11T12:59:33+00:00","article_modified_time":"2025-07-02T08:29:10+00:00","og_image":[{"width":1000,"height":667,"url":"https:\/\/carselect.touring.be\/wp-content\/uploads\/2025\/01\/header-sba.jpg","type":"image\/jpeg"}],"author":"Storme Wouter","twitter_card":"summary_large_image","twitter_misc":{"\u00c9crit par":"Storme Wouter","Dur\u00e9e de lecture est.":"8 minutes"},"schema":{"@context":"https:\/\/schema.org","@graph":[{"@type":"Article","@id":"https:\/\/carselect.touring.be\/fr\/blog\/zone-de-basses-emissions-belgique-un-apercu-concis\/#article","isPartOf":{"@id":"https:\/\/carselect.touring.be\/fr\/blog\/zone-de-basses-emissions-belgique-un-apercu-concis\/"},"author":{"name":"Storme Wouter","@id":"https:\/\/carselect.touring.be\/fr\/#\/schema\/person\/ac266868402e795f000a152b0f4fd4d8"},"headline":"Zone de basses \u00e9missions Belgique : Un aper\u00e7u concis","datePublished":"2025-01-11T12:59:33+00:00","dateModified":"2025-07-02T08:29:10+00:00","mainEntityOfPage":{"@id":"https:\/\/carselect.touring.be\/fr\/blog\/zone-de-basses-emissions-belgique-un-apercu-concis\/"},"wordCount":1890,"publisher":{"@id":"https:\/\/carselect.touring.be\/fr\/#organization"},"image":{"@id":"https:\/\/carselect.touring.be\/fr\/blog\/zone-de-basses-emissions-belgique-un-apercu-concis\/#primaryimage"},"thumbnailUrl":"\/wp-content\/uploads\/2025\/01\/header-sba.jpg","keywords":["zbe","zone de basses \u00e9missions"],"articleSection":["Conseils"],"inLanguage":"fr-BE"},{"@type":"WebPage","@id":"https:\/\/carselect.touring.be\/fr\/blog\/zone-de-basses-emissions-belgique-un-apercu-concis\/","url":"https:\/\/carselect.touring.be\/fr\/blog\/zone-de-basses-emissions-belgique-un-apercu-concis\/","name":"Zone de basses \u00e9missions Belgique : Un aper\u00e7u concis - Touring Dealer","isPartOf":{"@id":"https:\/\/carselect.touring.be\/fr\/#website"},"primaryImageOfPage":{"@id":"https:\/\/carselect.touring.be\/fr\/blog\/zone-de-basses-emissions-belgique-un-apercu-concis\/#primaryimage"},"image":{"@id":"https:\/\/carselect.touring.be\/fr\/blog\/zone-de-basses-emissions-belgique-un-apercu-concis\/#primaryimage"},"thumbnailUrl":"\/wp-content\/uploads\/2025\/01\/header-sba.jpg","datePublished":"2025-01-11T12:59:33+00:00","dateModified":"2025-07-02T08:29:10+00:00","description":"D\u00e9couvrez tout sur la zone de basses \u00e9missions en Belgique et son impact sur votre v\u00e9hicule. Pr\u00e9parez-vous d\u00e8s maintenant. Lisez l'article\u202f!","breadcrumb":{"@id":"https:\/\/carselect.touring.be\/fr\/blog\/zone-de-basses-emissions-belgique-un-apercu-concis\/#breadcrumb"},"inLanguage":"fr-BE","potentialAction":[{"@type":"ReadAction","target":["https:\/\/carselect.touring.be\/fr\/blog\/zone-de-basses-emissions-belgique-un-apercu-concis\/"]}]},{"@type":"ImageObject","inLanguage":"fr-BE","@id":"https:\/\/carselect.touring.be\/fr\/blog\/zone-de-basses-emissions-belgique-un-apercu-concis\/#primaryimage","url":"\/wp-content\/uploads\/2025\/01\/header-sba.jpg","contentUrl":"\/wp-content\/uploads\/2025\/01\/header-sba.jpg","width":1000,"height":667,"caption":"zone de basses \u00e9missions"},{"@type":"BreadcrumbList","@id":"https:\/\/carselect.touring.be\/fr\/blog\/zone-de-basses-emissions-belgique-un-apercu-concis\/#breadcrumb","itemListElement":[{"@type":"ListItem","position":1,"name":"Home","item":"https:\/\/carselect.touring.be\/fr\/"},{"@type":"ListItem","position":2,"name":"Zone de basses \u00e9missions Belgique : Un aper\u00e7u concis"}]},{"@type":"WebSite","@id":"https:\/\/carselect.touring.be\/fr\/#website","url":"https:\/\/carselect.touring.be\/fr\/","name":"Touring CarSelect","description":"","publisher":{"@id":"https:\/\/carselect.touring.be\/fr\/#organization"},"potentialAction":[{"@type":"SearchAction","target":{"@type":"EntryPoint","urlTemplate":"https:\/\/carselect.touring.be\/fr\/?s={search_term_string}"},"query-input":{"@type":"PropertyValueSpecification","valueRequired":true,"valueName":"search_term_string"}}],"inLanguage":"fr-BE"},{"@type":"Organization","@id":"https:\/\/carselect.touring.be\/fr\/#organization","name":"Touring CarSelect","url":"https:\/\/carselect.touring.be\/fr\/","logo":{"@type":"ImageObject","inLanguage":"fr-BE","@id":"https:\/\/carselect.touring.be\/fr\/#\/schema\/logo\/image\/","url":"\/wp-content\/uploads\/2024\/04\/Touring-Car-Select-Logo.png","contentUrl":"\/wp-content\/uploads\/2024\/04\/Touring-Car-Select-Logo.png","width":154,"height":53,"caption":"Touring CarSelect"},"image":{"@id":"https:\/\/carselect.touring.be\/fr\/#\/schema\/logo\/image\/"}},{"@type":"Person","@id":"https:\/\/carselect.touring.be\/fr\/#\/schema\/person\/ac266868402e795f000a152b0f4fd4d8","name":"Storme Wouter","image":{"@type":"ImageObject","inLanguage":"fr-BE","@id":"https:\/\/carselect.touring.be\/fr\/#\/schema\/person\/image\/","url":"https:\/\/secure.gravatar.com\/avatar\/84473de8cbf4200af853908f03b9ea9e?s=96&d=mm&r=g","contentUrl":"https:\/\/secure.gravatar.com\/avatar\/84473de8cbf4200af853908f03b9ea9e?s=96&d=mm&r=g","caption":"Storme Wouter"},"url":"https:\/\/carselect.touring.be\/fr\/blog\/author\/storme-wouter\/"}]}},"_links":{"self":[{"href":"https:\/\/carselect.touring.be\/fr\/wp-json\/wp\/v2\/posts\/12814","targetHints":{"allow":["GET"]}}],"collection":[{"href":"https:\/\/carselect.touring.be\/fr\/wp-json\/wp\/v2\/posts"}],"about":[{"href":"https:\/\/carselect.touring.be\/fr\/wp-json\/wp\/v2\/types\/post"}],"author":[{"embeddable":true,"href":"https:\/\/carselect.touring.be\/fr\/wp-json\/wp\/v2\/users\/28"}],"replies":[{"embeddable":true,"href":"https:\/\/carselect.touring.be\/fr\/wp-json\/wp\/v2\/comments?post=12814"}],"version-history":[{"count":6,"href":"https:\/\/carselect.touring.be\/fr\/wp-json\/wp\/v2\/posts\/12814\/revisions"}],"predecessor-version":[{"id":14003,"href":"https:\/\/carselect.touring.be\/fr\/wp-json\/wp\/v2\/posts\/12814\/revisions\/14003"}],"wp:featuredmedia":[{"embeddable":true,"href":"https:\/\/carselect.touring.be\/fr\/wp-json\/wp\/v2\/media\/12817"}],"wp:attachment":[{"href":"https:\/\/carselect.touring.be\/fr\/wp-json\/wp\/v2\/media?parent=12814"}],"wp:term":[{"taxonomy":"category","embeddable":true,"href":"https:\/\/carselect.touring.be\/fr\/wp-json\/wp\/v2\/categories?post=12814"},{"taxonomy":"post_tag","embeddable":true,"href":"https:\/\/carselect.touring.be\/fr\/wp-json\/wp\/v2\/tags?post=12814"}],"curies":[{"name":"wp","href":"https:\/\/api.w.org\/{rel}","templated":true}]}}