{"id":12793,"date":"2025-01-03T13:02:09","date_gmt":"2025-01-03T12:02:09","guid":{"rendered":"https:\/\/wp-bnp.azurewebsites.net\/2025\/01\/04\/controle-technique-en-belgique-2025-regles-et-conseils-pour-une-inspection-reussie\/"},"modified":"2025-07-09T16:14:43","modified_gmt":"2025-07-09T14:14:43","slug":"controle-technique-en-belgique-2025-regles-et-conseils-pour-une-inspection-reussie","status":"publish","type":"post","link":"https:\/\/carselect.touring.be\/fr\/blog\/controle-technique-en-belgique-2025-regles-et-conseils-pour-une-inspection-reussie\/","title":{"rendered":"Contr\u00f4le technique en Belgique 2025 : R\u00e8gles et conseils pour une inspection r\u00e9ussie"},"content":{"rendered":"\n\n\n<style>\n.banner-carousel div[class$=\"-banner\"] {\n  display: none;\n}\n\n.banner-carousel div[class$=\"-banner\"]:first-child,\n.banner-carousel.flickity-enabled div[class$=\"-banner\"] {\n  display: inline-flex;\n} \n\n  .roadside-margin-top {\n    margin-top: 0px;\n  }\n\n  .roadside-margin-top-stock {\n    margin-top: 24px;\n  }\n\n  .roadside-assistance-banner {\n    background-color: #E4EDF4;\n    color: var(--primary-color);\n    text-align: center;\n    height: 56px;\n    font-weight: bold;\n    position: static;\n    box-shadow: rgba(0, 0, 0, 0.15) 1px 1px 10px;\n  }\n\n  .roadside-assistance-banner img {\n    height: 30px;\n  }\n\n  .roadside-assistance-banner .full-banner-button {\n    color: var(--primary-color);\n    cursor: pointer;\n    display: inline-flex;\n    align-items: center;\n    justify-content: center;\n    height: 56px;\n  }\n\n.banner-carousel-container .quality-check-banner, \n.banner-carousel-container  .roadside-banner, \n.banner-carousel-container .stock-banner {\n    color: var(--primary-color);\n    display: inline-flex;\n    align-items: center;\n    justify-content: center;\n    height: 56px;\n  }\n\n  .roadside-assistance-banner.mobile-only .banner-text {\n    padding-right: 8px;\n    padding-left: 8px;\n    margin: 0px;\n  }\n\n  .roadside-assistance-banner .banner-text {\n    font-weight: bold;\n    margin-right: 24px;\n    margin-left: 8px;\n    font-size: 18px;\n  }\n\n  .roadside-assistance-banner.desktop-only {\n    height: 56px;\n    line-height: 56px;\n    width: 100%;\n  }\n  \n  .more-info-button {\n    color: white;\n    background-color: var(--primary-color);\n    padding: 6px 10px;\n    cursor: pointer;\n    border-radius: 5px;\n  }\n\n  .more-info-button:hover, .blog-single a:focus {\n    color: white!important;\n  }\n\n  .roadside-assistance-popup .roadside-assistance-title {\n    text-align: center;\n    margin-bottom: 8px; line-height: 15px;\n  }\n\n .roadside-assistance-popup .roadside-assistance-list {\n    display: flex;\n    flex-direction: column;\n    font-size: 16px;\n  }\n\n .roadside-assistance-popup .roadside-assistance-item {\n    display: flex;\n    align-items: baseline;\n    position: relative;\n    margin-bottom: 10px;\n  }\n\n .roadside-assistance-popup .roadside-assistance-circle {\n    width: 20px;\n    min-width: 20px;\n    height: 20px;\n    border-radius: 50%;\n    background-color: var(--primary-color);\n    display: flex;\n    justify-content: center;\n    align-items: center;\n    font-weight: bold;\n    position: relative;\n    color: white;\n  }\n\n .roadside-assistance-popup .roadside-assistance-text {\n    margin-left: 8px;\n    color: var(--primary-color);\n    line-height: 16px;\n  }\n\n .roadside-assistance-popup .roadside-assistance-item:not(:last-child)::before {\n    content: \"\";\n    position: absolute;\n    width: 1px;\n    height: 28px;\n    background-color: var(--primary-color);\n    left: 10px;\n    top: 20px;\n  }\n\n .roadside-assistance-popup .roadside-assistance-item:nth-child(3)::after {\n    content: \"\";\n    position: absolute;\n    left: 7px;\n    top: 40px;\n    border: solid var(--primary-color);\n    border-width: 0 1px 1px 0;\n    padding: 3px;\n    transform: rotate(45deg);\n    -webkit-transform: rotate(45deg);\n  }\n\n  .roadside-assistance-popup .roadside-assistance-item:last-child {\n    padding-top: 20px;\n  }\n\n  .roadside-assistance-popup .roadside-assistance-item:last-child .roadside-assistance-circle {\n    padding-top: 1px;\n    background-color: #08ccb4;\n    color: white;\n  }\n\n  .roadside-assistance-popup .roadside-assistance-sublist {\n    color:var(--primary-color);\n    font-size: 16px;\n    padding-left: 28px;\n  }\n\n  .roadside-assistance-popup .roadside-assistance-sublist .checkmark {\n    color: var(--primary-color);\n  }\n\n  .roadside-assistance-popup.lightbox-content {\n    background-color: unset;\n    box-shadow: unset;\n  }\n\n  .roadside-assistance-popup .dialog-container > .col-inner {\n    box-shadow: 3px 3px 20px 0 rgba(0, 0, 0, .15);\n  }\n\n  @media only screen and (max-width: 800px) {\n    .roadside-assistance-banner {\n      z-index: 1000;\n    }\n\n    .roadside-assistance-banner.mobile-only {\n      display: block !important;\n    }\n\n    .roadside-assistance-banner.desktop-only {\n      display: none;\n    }\n  }\n\n  @media only screen and (min-width: 801px) {\n    .roadside-assistance-banner {\n      z-index: 8;\n    }\n\n    .roadside-assistance-banner.mobile-only {\n      display: none;\n    }\n\n    .roadside-assistance-banner.desktop-only {\n      display: block;\n    }\n  }\n\n  @media only screen and (max-width: 548px) {\n    #stock-general .stock-general__header-order--3 {\n      margin-top: 12px;\n    }\n  }\n  .roadside-assistance-popup .service-link.button.close {\n    font-size: 16px;\n    margin-left: 8px;\n  }\n\n  .roadside-assistance-popup .car-item-detail {\n    align-items: center;\n  }\n\n  .article-text, .default-text  {\n    display: none;\n  }\n\n  @media only screen and (max-width: 500px) {\n    .roadside-assistance-banner.mobile-only .banner-text {\n      font-size: 14px;\n      line-height: 16px;\n    }\n  }\n\n  @media only screen and (max-width: 405px) {\n    .roadside-assistance-banner.mobile-only .article-text {\n      width: 75%;\n    }\n  }\n\n  .roadside-assistance-banner.mobile-only img {\n    margin-left: 8px;\n  }\n\n  article .roadside-assistance-banner {\n    width: 100vw !important;\n    margin-left: calc(50% - 50vw);\n  }\n<\/style>\n\n\n\n<div class=\"roadside-assistance-banner desktop-only banner-carousel-container\"> \n  <div class=\"banner-carousel\">\n    <div class=\"quality-check-banner\">\n<svg width=\"24\" height=\"24\" viewBox=\"0 0 24 24\" fill=\"none\" xmlns=\"http:\/\/www.w3.org\/2000\/svg\">\n<path d=\"M4 12.5L9.5 17L19 7\" stroke=\"#00418c\" stroke-width=\"2.5\" stroke-linecap=\"round\" stroke-linejoin=\"round\"\/>\n<\/svg>\n      <span class=\"banner-text\">\nContr\u00f4les de qualit\u00e9 par Touring\n      <\/span>\n    <\/div>\n    <div class=\"roadside-banner\">\n<svg width=\"24\" height=\"24\" viewBox=\"0 0 24 24\" fill=\"none\" xmlns=\"http:\/\/www.w3.org\/2000\/svg\">\n<path d=\"M4 12.5L9.5 17L19 7\" stroke=\"#00418c\" stroke-width=\"2.5\" stroke-linecap=\"round\" stroke-linejoin=\"round\"\/>\n<\/svg>\n      <span class=\"banner-text default-text\">\n12 mois de d\u00e9pannage offerts\n      <\/span>\n      <span class=\"banner-text article-text\">\nD\u00e9couvrez notre large stock de voitures d\u2019occasion fiables\n      <\/span>\n    <\/div>\n    <div class=\"stock-banner\">\n<svg width=\"24\" height=\"24\" viewBox=\"0 0 24 24\" fill=\"none\" xmlns=\"http:\/\/www.w3.org\/2000\/svg\">\n<path d=\"M4 12.5L9.5 17L19 7\" stroke=\"#00418c\" stroke-width=\"2.5\" stroke-linecap=\"round\" stroke-linejoin=\"round\"\/>\n<\/svg>\n      <span class=\"banner-text\">\n<span class=\"stock-count\">0<\/span> voitures disponibles\n      <\/span>\n    <\/div>\n  <\/div>\n<\/div>\n\n\n\n<div class=\"roadside-assistance-banner mobile-only banner-carousel-container\"> \n  <div class=\"banner-carousel\">\n    <div class=\"quality-check-banner\">\n<svg width=\"24\" height=\"24\" viewBox=\"0 0 24 24\" fill=\"none\" xmlns=\"http:\/\/www.w3.org\/2000\/svg\">\n<path d=\"M4 12.5L9.5 17L19 7\" stroke=\"#00418c\" stroke-width=\"2.5\" stroke-linecap=\"round\" stroke-linejoin=\"round\"\/>\n<\/svg>\n      <span class=\"banner-text\">\nContr\u00f4les de qualit\u00e9 par Touring\n      <\/span>\n    <\/div>\n    <div class=\"roadside-banner\">\n<svg width=\"24\" height=\"24\" viewBox=\"0 0 24 24\" fill=\"none\" xmlns=\"http:\/\/www.w3.org\/2000\/svg\">\n<path d=\"M4 12.5L9.5 17L19 7\" stroke=\"#00418c\" stroke-width=\"2.5\" stroke-linecap=\"round\" stroke-linejoin=\"round\"\/>\n<\/svg>\n        <span class=\"banner-text default-text\">\n12 mois de d\u00e9pannage offerts\n        <\/span>\n        <span class=\"banner-text article-text\">\nD\u00e9couvrez notre large stock de voitures d\u2019occasion fiables\n        <\/span>\n    <\/div>\n    <div class=\"stock-banner\">\n<svg width=\"24\" height=\"24\" viewBox=\"0 0 24 24\" fill=\"none\" xmlns=\"http:\/\/www.w3.org\/2000\/svg\">\n<path d=\"M4 12.5L9.5 17L19 7\" stroke=\"#00418c\" stroke-width=\"2.5\" stroke-linecap=\"round\" stroke-linejoin=\"round\"\/>\n<\/svg>\n      <span class=\"banner-text\">\n<span class=\"stock-count\">0<\/span> voitures disponibles\n      <\/span>\n    <\/div>\n  <\/div>\n<\/div>\n\n<div class=\"row align-center roadside-assistance-popup lightbox-by-id lightbox-content lightbox-white mfp-hide\"  id=\"row-891011759\">\n\n\n\t<div id=\"col-1994092076\" class=\"col dialog-container medium-6 small-12 large-6\"  >\n\t\t\t\t<div class=\"col-inner\" style=\"background-color:rgb(255, 255, 255);\" >\n\t\t\t\n\t\t\t\n\n\t<div class=\"img has-hover x md-x lg-x y md-y lg-y\" id=\"image_2020382850\">\n\t\t\t\t\t\t\t\t<div class=\"img-inner dark\" >\n\t\t\t<img loading=\"lazy\" decoding=\"async\" width=\"1020\" height=\"680\" src=\"\/wp-content\/uploads\/2025\/04\/Touring_221026_3058_NL-1-1024x683.webp\" class=\"attachment-large size-large\" alt=\"Roadside Assistance Banner NL\" srcset=\"\/wp-content\/uploads\/2025\/04\/Touring_221026_3058_NL-1-1024x683.webp 1024w, \/wp-content\/uploads\/2025\/04\/Touring_221026_3058_NL-1-300x200.webp 300w, \/wp-content\/uploads\/2025\/04\/Touring_221026_3058_NL-1-768x512.webp 768w, \/wp-content\/uploads\/2025\/04\/Touring_221026_3058_NL-1-1536x1024.webp 1536w, \/wp-content\/uploads\/2025\/04\/Touring_221026_3058_NL-1-2048x1365.webp 2048w\" sizes=\"auto, (max-width: 1020px) 100vw, 1020px\" \/>\t\t\t\t\t\t\n\t\t\t\t\t<\/div>\n\t\t\t\t\t\t\t\t\n<style>\n#image_2020382850 {\n  width: 100%;\n}\n<\/style>\n\t<\/div>\n\t\n\n<div class=\"row\"  id=\"row-1677008225\">\n\n\n\t<div id=\"col-2104451839\" class=\"col small-12 large-12\"  >\n\t\t\t\t<div class=\"col-inner\"  >\n\t\t\t\n\t\t\t\n\n\n\n<p data-text-color=\"primary\" class=\"roadside-assistance-title\">\n  <strong>12 mois d\u2019assistance d\u00e9pannage offerts sur tous les v\u00e9hicules<\/strong>\n<\/p>\n<div class=\"roadside-assistance-list\">\n  <div class=\"roadside-assistance-item\">\n      <div class=\"roadside-assistance-circle\">1<\/div>\n      <div class=\"roadside-assistance-text\">Trouvez votre v\u00e9hicule<\/div>\n  <\/div>\n  <div class=\"roadside-assistance-item\">\n      <div class=\"roadside-assistance-circle\">2<\/div>\n      <div class=\"roadside-assistance-text\">Rendez-vous dans votre concession<\/div>\n  <\/div>\n  <div class=\"roadside-assistance-item\">\n      <div class=\"roadside-assistance-circle\">3<\/div>\n      <div class=\"roadside-assistance-text\">Le vendeur active instantan\u00e9ment votre assistance<\/div>\n  <\/div>\n  <div class=\"roadside-assistance-item\">\n      <div class=\"roadside-assistance-circle\">\u2713<\/div>\n      <div class=\"roadside-assistance-text\"><strong>Profitez de votre assistance pendant 12 mois<\/strong><\/div>\n  <\/div>\n<\/div>\n<div class=\"roadside-assistance-sublist\">\n<div>\n<span class=\"checkmark \">\u2713<\/span>\n<span>Dans toute la Belgique<\/span>\n<\/div>\n<div>\n<span class=\"checkmark \">\u2713<\/span>\n<span>V\u00e9hicule de remplacement<\/span>\n<\/div>\n<\/div>\n\n\n\t\t<\/div>\n\t\t\t\t\t<\/div>\n\n\t\n\n\t<div id=\"col-1902874622\" class=\"col small-12 large-12\"  >\n\t\t\t\t<div class=\"col-inner\"  >\n\t\t\t\n\t\t\t\n\n\n\n<div class=\"car-item-detail d-flex\"> \n         <a href=\"https:\/\/carselect.touring.be\/fr\/services-solutions\/#roadside-assistance\">\n         <div class=\"more-info-button bold\">\n Plus d\u2019information\n         <\/div>\n           <\/a>\n<button class=\"button success lowercase service-link close\">Fermer<\/button>\n      <\/div>\n\n\n\t\t<\/div>\n\t\t\t\t\t<\/div>\n\n\t\n\n\n<style>\n#row-1677008225 > .col > .col-inner {\n  padding: 0px 24px 0px 24px;\n}\n<\/style>\n<\/div>\n\n\t\t<\/div>\n\t\t\t\t\t<\/div>\n\n\t\n\n<\/div>\n\n\n<script>\ndocument.querySelector('.roadside-assistance-popup').setAttribute('id', 'roadside-assistance-popup');\n\ndocument.querySelector('.roadside-assistance-popup .button.close').addEventListener('click', function() {\n$.magnificPopup.close();\n});\n\nif (window.location.pathname.includes(\"blog\")) {\n  const toShow = document.querySelectorAll(\".article-text\");\n  toShow.forEach(el => {\n    el.style.display=\"inline\";\n  });\n} else {\n  const toShow = document.querySelectorAll(\".default-text\");\n  toShow.forEach(el => {\n    el.style.display=\"inline\";\n  });\n}\n<\/script>\n\n\n\n\t<section class=\"section news-details\" id=\"section_1803102162\">\n\t\t<div class=\"section-bg fill\" >\n\t\t\t\t\t\t\t\t\t\n\t\t\t\n\n\t\t<\/div>\n\n\t\t\n\n\t\t<div class=\"section-content relative\">\n\t\t\t\n\n<div class=\"row row-large\"  id=\"row-510437262\">\n\n\n\t<div id=\"col-153398196\" class=\"col medium-8 small-12 large-8\"  >\n\t\t\t\t<div class=\"col-inner\"  >\n\t\t\t\n\t\t\t\n\n<div class=\"container section-title-container\" ><h1 class=\"section-title section-title-normal\"><b><\/b><span class=\"section-title-main\" >Contr\u00f4le technique en Belgique 2025 : R\u00e8gles et conseils pour une inspection r\u00e9ussie<\/span><b><\/b><\/h1><\/div>\n\n\n\t\t<\/div>\n\t\t\t\t\n<style>\n#col-153398196 > .col-inner {\n  padding: 0px 0px 0px 0px;\n  margin: 0px 0px 0px 0px;\n}\n<\/style>\n\t<\/div>\n\n\t\n\n\t<div id=\"col-216055362\" class=\"col small-12 large-12\"  >\n\t\t\t\t<div class=\"col-inner\"  >\n\t\t\t\n\t\t\t\n\n\t<div class=\"img has-hover x md-x lg-x y md-y lg-y\" id=\"image_1678453679\">\n\t\t\t\t\t\t\t\t<div class=\"img-inner dark\" >\n\t\t\t<img loading=\"lazy\" decoding=\"async\" width=\"1000\" height=\"667\" src=\"\/wp-content\/uploads\/2025\/01\/controle-technique-en-belgique-header-1.jpg\" class=\"attachment-large size-large\" alt=\"\" srcset=\"\/wp-content\/uploads\/2025\/01\/controle-technique-en-belgique-header-1.jpg 1000w, \/wp-content\/uploads\/2025\/01\/controle-technique-en-belgique-header-1-300x200.jpg 300w, \/wp-content\/uploads\/2025\/01\/controle-technique-en-belgique-header-1-768x512.jpg 768w\" sizes=\"auto, (max-width: 1000px) 100vw, 1000px\" \/>\t\t\t\t\t\t\n\t\t\t\t\t<\/div>\n\t\t\t\t\t\t\t\t\n<style>\n#image_1678453679 {\n  width: 100%;\n}\n<\/style>\n\t<\/div>\n\t\n\n\n\t\t<\/div>\n\t\t\t\t\n<style>\n#col-216055362 > .col-inner {\n  margin: 0px 0px 25px 0px;\n}\n<\/style>\n\t<\/div>\n\n\t\n\n\t<div id=\"col-1352010138\" class=\"col medium-8 small-12 large-8\"  >\n\t\t\t\t<div class=\"col-inner\"  >\n\t\t\t\n\t\t\t\n\n<p>Le contr\u00f4le technique en Belgique est une \u00e9tape essentielle pour garantir la s\u00e9curit\u00e9 et le respect de l&rsquo;environnement des v\u00e9hicules. Depuis 2024, de nouvelles r\u00e8gles renforcent l&rsquo;importance d&rsquo;un entretien r\u00e9gulier. Comment r\u00e9ussir cette \u00e9tape sans stress ?   <\/p>\n<p>Des nouvelles fr\u00e9quences d&rsquo;inspection aux r\u00e8gles strictes sur les pneus, voici tout ce que vous devez savoir pour \u00e9viter les mauvaises surprises lors de votre prochain contr\u00f4le technique ! <\/p>\n<div class=\"container section-title-container\" ><h2 class=\"section-title section-title-normal\"><b><\/b><span class=\"section-title-main\" >Qu'est-ce que le contr\u00f4le technique p\u00e9riodique ?<\/span><b><\/b><\/h2><\/div>\n\n<p>Le contr\u00f4le technique p\u00e9riodique est une inspection obligatoire qui garantit que les v\u00e9hicules respectent des normes strictes en mati\u00e8re de s\u00e9curit\u00e9 routi\u00e8re et de respect de l&rsquo;environnement. Cette mesure prot\u00e8ge non seulement le conducteur, mais contribue \u00e9galement \u00e0 une meilleure qualit\u00e9 de vie pour tous. <\/p>\n<p>L\u2019objectif principal du contr\u00f4le est de retirer les v\u00e9hicules dangereux de la circulation et de r\u00e9duire les \u00e9missions polluantes. Les inspections r\u00e9guli\u00e8res permettent de d\u00e9tecter et de corriger les d\u00e9fauts techniques. L&rsquo;accent est mis sur la s\u00e9curit\u00e9 routi\u00e8re (freins, \u00e9clairage, pneus) et l&rsquo;\u00e9cologie (mesures des \u00e9missions de CO2 et de particules fines).  <\/p>\n<div class=\"container section-title-container\" ><h3 class=\"section-title section-title-normal\"><b><\/b><span class=\"section-title-main\" >Nouvelles r\u00e8gles pour le contr\u00f4le technique en Belgique \u00e0 partir de 2024<\/span><b><\/b><\/h3><\/div>\n\n<div class=\"container section-title-container\" ><h4 class=\"section-title section-title-normal\"><b><\/b><span class=\"section-title-main\" >Principale modification : le contr\u00f4le bisannuel<\/span><b><\/b><\/h4><\/div>\n\n<p>Depuis le 1\u1d49\u02b3 juillet 2024, une nouvelle fr\u00e9quence d\u2019inspection s\u2019applique aux voitures particuli\u00e8res avec une date limite de contr\u00f4le apr\u00e8s le 1\u1d49\u02b3 septembre 2024. Les v\u00e9hicules de plus de quatre ans doivent d\u00e9sormais \u00eatre inspect\u00e9s tous les deux ans, tant qu\u2019ils ont parcouru moins de 160 000 km et ont moins de six ans. Pass\u00e9 ce d\u00e9lai, un contr\u00f4le annuel devient obligatoire.  <\/p>\n<div class=\"container section-title-container\" ><h4 class=\"section-title section-title-normal\"><b><\/b><span class=\"section-title-main\" >R\u00e8gles renforc\u00e9es pour les pneus \u00e0 partir de d\u00e9cembre 2024<\/span><b><\/b><\/h4><\/div>\n\n<p>En plus des changements concernant le contr\u00f4le p\u00e9riodique, de nouvelles r\u00e8gles entreront en vigueur en Flandre \u00e0 partir du 1\u1d49\u02b3 d\u00e9cembre 2024 pour le contr\u00f4le technique des pneus de voiture. Ces modifications, visant \u00e0 am\u00e9liorer la s\u00e9curit\u00e9 routi\u00e8re, incluent des contr\u00f4les plus stricts sur l\u2019usure, une vitesse minimale requise de 160 km\/h pour les indices de vitesse, l\u2019obligation d\u2019un marquage E pour les v\u00e9hicules immatricul\u00e9s depuis 2004, ainsi qu\u2019un assouplissement des exigences de sym\u00e9trie. (Source : <a href=\"https:\/\/www.vlaanderen.be\/departement-mobiliteit-en-openbare-werken\/nieuwsberichten\/nieuwe-regels-voor-technische-keuring-van-banden-vanaf-1-december-2024\" target=\"_blank\" rel=\"noopener noreferrer\">Vlaanderen.be<\/a>)  <\/p>\n<p>Ces nouvelles r\u00e8gles de 2024 visent \u00e0 trouver un meilleur \u00e9quilibre entre la pr\u00e9servation de la s\u00e9curit\u00e9 et la r\u00e9duction des charges administratives pour les propri\u00e9taires de v\u00e9hicules. Tout cela dans le but de promouvoir une mobilit\u00e9 plus durable et plus s\u00fbre en Belgique. <\/p>\n<div class=\"container section-title-container\" ><h3 class=\"section-title section-title-normal\"><b><\/b><span class=\"section-title-main\" >Quels types de v\u00e9hicules doivent \u00eatre contr\u00f4l\u00e9s<\/span><b><\/b><\/h3><\/div>\n\n<p>Le contr\u00f4le p\u00e9riodique s&rsquo;applique aux :<\/p>\n<ul>\n<li>\n<p><strong>Voitures particuli\u00e8res<\/strong> : \u00c0 partir de quatre ans et ensuite sur une base annuelle ou biennale, selon l\u2019\u00e2ge et l\u2019\u00e9tat du v\u00e9hicule. Vous avez un v\u00e9hicule \u00e9lectrique ou hybride et souhaitez en savoir plus sur leur contr\u00f4le et entretien ?  <a href=\"https:\/\/carselect.touring.be\/fr\/2024\/12\/12\/entretien-voiture-electrique-et-controle-technique\/\" target=\"_blank\" rel=\"noopener noreferrer\">ici<\/a><\/p>\n<\/li>\n<li>\n<p><strong>Camionnettes l\u00e9g\u00e8res<\/strong> : Soumises \u00e0 un contr\u00f4le plus strict en raison de leur charge plus importante.<\/p>\n<\/li>\n<li>\n<p><strong>Remorques et caravanes<\/strong> : Lorsque leur masse maximale autoris\u00e9e d\u00e9passe 750 kg.<\/p>\n<\/li>\n<li>\n<p><strong>Taxis et v\u00e9hicules de transport public<\/strong> : Ces v\u00e9hicules sont inspect\u00e9s plus fr\u00e9quemment en raison de leur usage intensif.<\/p>\n<\/li>\n<\/ul>\n<div class=\"container section-title-container\" ><h2 class=\"section-title section-title-normal\"><b><\/b><span class=\"section-title-main\" >Quand devez-vous passer le contr\u00f4le technique ?<\/span><b><\/b><\/h2><\/div>\n\n<p>Le moment du contr\u00f4le technique varie en fonction du type et de l&rsquo;\u00e2ge du v\u00e9hicule. En respectant les dates de contr\u00f4le, vous \u00e9vitez des amendes et garantissez que votre v\u00e9hicule est conforme aux exigences l\u00e9gales, tout en obtenant un certificat de contr\u00f4le valide. <\/p>\n<div class=\"container section-title-container\" ><h3 class=\"section-title section-title-normal\"><b><\/b><span class=\"section-title-main\" >Contr\u00f4le p\u00e9riodique<\/span><b><\/b><\/h3><\/div>\n\n<p>La fr\u00e9quence du contr\u00f4le technique d\u00e9pend de l\u2019\u00e2ge de votre v\u00e9hicule :<\/p>\n<ul>\n<li>\n<p><strong>Premi\u00e8re inspection<\/strong> : pour les voitures particuli\u00e8res, la premi\u00e8re inspection est obligatoire d\u00e8s que le v\u00e9hicule a quatre ans.<\/p>\n<\/li>\n<li>\n<p><strong>Contr\u00f4le bisannuel <\/strong>: \u00c0 partir du <u>1er juillet 2024<\/u>, les v\u00e9hicules bien entretenus avec moins de 160 000 kilom\u00e8tres au compteur peuvent b\u00e9n\u00e9ficier d\u2019un contr\u00f4le bisannuel. Consultez les conditions sp\u00e9cifiques dans notre section sur la nouvelle r\u00e9glementation mentionn\u00e9e ci-dessus.<\/p>\n<\/li>\n<li>\n<p><strong>Contr\u00f4le annuel<\/strong> : Les v\u00e9hicules de plus de huit ans ou avec un kilom\u00e9trage plus \u00e9lev\u00e9 doivent \u00eatre inspect\u00e9s chaque ann\u00e9e.<\/p>\n<\/li>\n<\/ul>\n<div class=\"container section-title-container\" ><h3 class=\"section-title section-title-normal\"><b><\/b><span class=\"section-title-main\" >Quelle est la date limite du contr\u00f4le technique et comment \u00e9viter les amendes ?<\/span><b><\/b><\/h3><\/div>\n\n<p>La date limite du contr\u00f4le est indiqu\u00e9e sur votre certificat de visite actuel. Faites contr\u00f4ler votre v\u00e9hicule \u00e0 temps (dans les deux mois pr\u00e9c\u00e9dant cette date) pour \u00e9viter des amendes de <strong>15 \u00e0 30 \u20ac.<\/strong> <\/p>\n<div class=\"container section-title-container\" ><h3 class=\"section-title section-title-normal\"><b><\/b><span class=\"section-title-main\" >Contr\u00f4le technique pour la vente, un contr\u00f4le non p\u00e9riodique<\/span><b><\/b><\/h3><\/div>\n\n<p>Lors de la vente d\u2019une voiture d\u2019occasion, un contr\u00f4le technique est obligatoire. Ce dernier offre \u00e0 l\u2019acheteur une garantie sur l\u2019\u00e9tat technique du v\u00e9hicule. Apr\u00e8s l\u2019inspection, vous recevez un rapport d\u00e9taillant les \u00e9ventuels d\u00e9fauts et les sp\u00e9cifications techniques.  <\/p>\n<p>Vous h\u00e9sitez \u00e0 vendre votre voiture d\u2019occasion ? D\u00e9couvrez plus d\u2019informations sur la r\u00e9daction d\u2019un contrat de vente dans <a href=\"https:\/\/carselect.touring.be\/fr\/2025\/01\/04\/contrat-de-vente-de-voiture-tout-ce-quil-faut-savoir\/\">cet article.<\/a> <\/p>\n\t<div class=\"img has-hover x md-x lg-x y md-y lg-y\" id=\"image_721954827\">\n\t\t\t\t\t\t\t\t<div class=\"img-inner dark\" >\n\t\t\t<img loading=\"lazy\" decoding=\"async\" width=\"768\" height=\"513\" src=\"\/wp-content\/uploads\/2025\/01\/phares-1-768x513.jpg\" class=\"attachment-medium_large size-medium_large\" alt=\"\" srcset=\"\/wp-content\/uploads\/2025\/01\/phares-1-768x513.jpg 768w, \/wp-content\/uploads\/2025\/01\/phares-1-300x200.jpg 300w, \/wp-content\/uploads\/2025\/01\/phares-1.jpg 1000w\" sizes=\"auto, (max-width: 768px) 100vw, 768px\" \/>\t\t\t\t\t\t\n\t\t\t\t\t<\/div>\n\t\t\t\t\t\t\t\t\n<style>\n#image_721954827 {\n  width: 100%;\n}\n<\/style>\n\t<\/div>\n\t\n\n<div class=\"container section-title-container\" ><h2 class=\"section-title section-title-normal\"><b><\/b><span class=\"section-title-main\" >Comment pr\u00e9parer votre voiture pour le contr\u00f4le technique ?<\/span><b><\/b><\/h2><\/div>\n\n<p>Un v\u00e9hicule bien pr\u00e9par\u00e9 a non seulement plus de chances d\u2019obtenir un certificat vert, mais \u00e9vite \u00e9galement des contre-visites inutiles et des co\u00fbts suppl\u00e9mentaires. Voici les \u00e9tapes essentielles pour pr\u00e9parer votre voiture. <\/p>\n<div class=\"container section-title-container\" ><h3 class=\"section-title section-title-normal\"><b><\/b><span class=\"section-title-main\" >Contr\u00f4les essentiels pour r\u00e9ussir le contr\u00f4le<\/span><b><\/b><\/h3><\/div>\n\n<p>Avant de vous rendre au contr\u00f4le technique, effectuez ces v\u00e9rifications simples afin de pr\u00e9venir les d\u00e9fauts techniques :<\/p>\n<ul>\n<li>\n<p><strong>Pneus<\/strong> : V\u00e9rifiez et ajustez la pression des pneus selon le manuel de votre v\u00e9hicule. Inspectez \u00e9galement leur \u00e9tat : si la profondeur de la bande de roulement est inf\u00e9rieure \u00e0 1,6 mm selon l\u2019indicateur d\u2019usure, vous risquez de recevoir un certificat rouge. <\/p>\n<\/li>\n<li>\n<p><strong>\u00c9clairage <\/strong>: Testez tous les feux, y compris les phares, feux stop, clignotants et feux antibrouillard.<\/p>\n<\/li>\n<li>\n<p><strong>Freins<\/strong> : Assurez-vous que le frein \u00e0 main et la p\u00e9dale de frein fonctionnent correctement ; les probl\u00e8mes de freinage sont l\u2019une des principales causes de rejet.<\/p>\n<\/li>\n<li>\n<p><strong>Documents du v\u00e9hicule<\/strong> : Rassemblez tous les documents n\u00e9cessaires tels que le certificat d\u2019immatriculation, le certificat de conformit\u00e9 et l\u2019attestation d\u2019assurance.<\/p>\n<\/li>\n<\/ul>\n<p>Si vous souhaitez \u00eatre totalement rassur\u00e9, il est conseill\u00e9 de faire v\u00e9rifier votre voiture par votre garagiste avant de vous rendre au contr\u00f4le technique.<\/p>\n\t<div class=\"img has-hover x md-x lg-x y md-y lg-y\" id=\"image_85117831\">\n\t\t\t\t\t\t\t\t<div class=\"img-inner dark\" >\n\t\t\t<img loading=\"lazy\" decoding=\"async\" width=\"768\" height=\"466\" src=\"\/wp-content\/uploads\/2025\/01\/pneus-1-768x466.jpg\" class=\"attachment-medium_large size-medium_large\" alt=\"\" srcset=\"\/wp-content\/uploads\/2025\/01\/pneus-1-768x466.jpg 768w, \/wp-content\/uploads\/2025\/01\/pneus-1-300x182.jpg 300w, \/wp-content\/uploads\/2025\/01\/pneus-1.jpg 1000w\" sizes=\"auto, (max-width: 768px) 100vw, 768px\" \/>\t\t\t\t\t\t\n\t\t\t\t\t<\/div>\n\t\t\t\t\t\t\t\t\n<style>\n#image_85117831 {\n  width: 100%;\n}\n<\/style>\n\t<\/div>\n\t\n\n<div class=\"container section-title-container\" ><h2 class=\"section-title section-title-normal\"><b><\/b><span class=\"section-title-main\" >Quelles sont les 5 principales raisons de rejet lors du contr\u00f4le technique et comment les \u00e9viter ?<\/span><b><\/b><\/h2><\/div>\n\n<div class=\"container section-title-container\" ><h4 class=\"section-title section-title-normal\"><b><\/b><span class=\"section-title-main\" >Pneus us\u00e9s ou profondeur de sculpture insuffisante<\/span><b><\/b><\/h4><\/div>\n\n<p>Les pneus us\u00e9s, en particulier avec une profondeur de sculpture inf\u00e9rieure \u00e0 1,6 mm, sont l&rsquo;une des raisons les plus fr\u00e9quentes de rejet.<br \/>Solution : V\u00e9rifiez r\u00e9guli\u00e8rement la profondeur des sculptures \u00e0 l&rsquo;aide d&rsquo;un jaugeur et remplacez vos pneus \u00e0 temps pour respecter les normes l\u00e9gales. <\/p>\n<div class=\"container section-title-container\" ><h4 class=\"section-title section-title-normal\"><b><\/b><span class=\"section-title-main\" >\u00c9clairage d\u00e9fectueux ou mauvais r\u00e9glage des phares<\/span><b><\/b><\/h4><\/div>\n\n<p>Des lampes non fonctionnelles ou des phares mal r\u00e9gl\u00e9s entra\u00eenent un rejet et augmentent le danger sur la route.<br \/>Solution : Testez tous les feux, y compris l&rsquo;\u00e9clairage de la plaque d&rsquo;immatriculation, et faites r\u00e9gler vos phares par un professionnel en garage. <\/p>\n<div class=\"container section-title-container\" ><h4 class=\"section-title section-title-normal\"><b><\/b><span class=\"section-title-main\" >Freins d\u00e9fectueux ou frein \u00e0 main non fonctionnel<\/span><b><\/b><\/h4><\/div>\n\n<p>Une puissance de freinage insuffisante ou un frein \u00e0 main d\u00e9fectueux augmentent le risque d&rsquo;accident et entra\u00eenent souvent un rejet.<br \/>Solution : Faites v\u00e9rifier vos freins en d\u00e9tail avant le contr\u00f4le technique et r\u00e9parez les \u00e9ventuelles d\u00e9faillances lors d&rsquo;une r\u00e9vision. <\/p>\n<div class=\"container section-title-container\" ><h4 class=\"section-title section-title-normal\"><b><\/b><span class=\"section-title-main\" >\u00c9missions trop \u00e9lev\u00e9es, notamment pour les v\u00e9hicules diesel sans filtre \u00e0 particules<\/span><b><\/b><\/h4><\/div>\n\n<p>Les v\u00e9hicules pr\u00e9sentant des \u00e9missions \u00e9lev\u00e9es, en particulier les diesels sans filtre \u00e0 particules en \u00e9tat de marche, sont souvent rejet\u00e9s en raison des normes environnementales strictes. <\/p>\n<p>Solution : Entretenez r\u00e9guli\u00e8rement votre moteur et remplacez imm\u00e9diatement un filtre \u00e0 particules d\u00e9fectueux chez un garagiste.<\/p>\n\t<div class=\"img has-hover x md-x lg-x y md-y lg-y\" id=\"image_702412290\">\n\t\t\t\t\t\t\t\t<div class=\"img-inner dark\" >\n\t\t\t<img loading=\"lazy\" decoding=\"async\" width=\"768\" height=\"511\" src=\"\/wp-content\/uploads\/2025\/01\/emissions-1-768x511.jpg\" class=\"attachment-medium_large size-medium_large\" alt=\"\" srcset=\"\/wp-content\/uploads\/2025\/01\/emissions-1-768x511.jpg 768w, \/wp-content\/uploads\/2025\/01\/emissions-1-300x200.jpg 300w, \/wp-content\/uploads\/2025\/01\/emissions-1.jpg 1000w\" sizes=\"auto, (max-width: 768px) 100vw, 768px\" \/>\t\t\t\t\t\t\n\t\t\t\t\t<\/div>\n\t\t\t\t\t\t\t\t\n<style>\n#image_702412290 {\n  width: 100%;\n}\n<\/style>\n\t<\/div>\n\t\n\n<div class=\"container section-title-container\" ><h4 class=\"section-title section-title-normal\"><b><\/b><span class=\"section-title-main\" >Corrosion ou dommages au ch\u00e2ssis<\/span><b><\/b><\/h4><\/div>\n\n<p>La corrosion ou les dommages structurels au ch\u00e2ssis sont une autre cause fr\u00e9quente de rejet. <\/p>\n<p>Solution : R\u00e9parez les dommages et traitez les zones rouill\u00e9es \u00e0 temps. Nettoyez \u00e9galement soigneusement le dessous de votre v\u00e9hicule avant l&rsquo;inspection pour faciliter un contr\u00f4le pr\u00e9cis. <\/p>\n<div class=\"container section-title-container\" ><h2 class=\"section-title section-title-normal\"><b><\/b><span class=\"section-title-main\" >Combien co\u00fbte le contr\u00f4le technique en Belgique ?<\/span><b><\/b><\/h2><\/div>\n\n<p>Le prix du contr\u00f4le technique en Belgique varie selon la r\u00e9gion et le type de v\u00e9hicule. Voici un aper\u00e7u des co\u00fbts de base et des frais suppl\u00e9mentaires pour vous aider \u00e0 \u00e9viter les surprises.<\/p>\n<p><strong>Tarifs de base<\/strong><\/p>\n<ul>\n<li>\n<p><strong>Flandre et Bruxelles<\/strong> : Le contr\u00f4le standard co\u00fbte environ 39,50 \u20ac.<\/p>\n<\/li>\n<li>\n<p><strong>Wallonie :<\/strong> Le prix de base est l\u00e9g\u00e8rement plus \u00e9lev\u00e9, \u00e0 environ 55,70 \u20ac.<br \/>Ces montants incluent la v\u00e9rification g\u00e9n\u00e9rale, les tests des \u00e9missions et des freins.<\/p>\n<\/li>\n<\/ul>\n<p><strong>Frais suppl\u00e9mentaires<br \/><\/strong><\/p>\n<ul>\n<li>\n<p><strong>Installations LPG<\/strong> : Suppl\u00e9ment de 20,80 \u20ac (Flandre et Bruxelles) et 21 \u20ac (Wallonie) pour la v\u00e9rification des installations au gaz.<\/p>\n<\/li>\n<li>\n<p><strong>Contr\u00f4le apr\u00e8s accident<\/strong> : Une inspection du ch\u00e2ssis et de la g\u00e9om\u00e9trie des roues co\u00fbte en moyenne 118,80 \u20ac (Flandre et Bruxelles) et 119,50 \u20ac (Wallonie).<\/p>\n<\/li>\n<li>\n<p><strong>Contr\u00f4les non p\u00e9riodiques<\/strong> : Les co\u00fbts varient en fonction des modifications, comme le tuning ou la transformation du v\u00e9hicule.<\/p>\n<\/li>\n<\/ul>\n<p>Pour des informations pr\u00e9cises sur les tarifs, consultez les liens officiels suivants :<\/p>\n<ul>\n<li>\n<p><a href=\"https:\/\/www.gocavlaanderen.be\/detail-page\/tarieven\" target=\"_blank\" rel=\"noopener noreferrer\">Flandre<\/a><\/p>\n<\/li>\n<li>\n<p><a href=\"https:\/\/www.autocontrole.be\/nl\/tarieven-autokeuring\" target=\"_blank\" rel=\"noopener noreferrer\">Bruxelles<\/a><\/p>\n<\/li>\n<li>\n<p><a href=\"https:\/\/www.aibv.be\/fr\/tarifs-controle-technique\" target=\"_blank\" rel=\"noopener noreferrer\">Wallonie<\/a><\/p>\n<\/li>\n<\/ul>\n<div class=\"container section-title-container\" ><h2 class=\"section-title section-title-normal\"><b><\/b><span class=\"section-title-main\" >Que faire si votre v\u00e9hicule est refus\u00e9 ?<\/span><b><\/b><\/h2><\/div>\n\n<p>Si votre v\u00e9hicule \u00e9choue au contr\u00f4le technique, vous recevrez un<strong> certificat rouge.<\/strong> Cela signifie que vous ne pouvez circuler que pour aller du centre de contr\u00f4le \u00e0 votre domicile ou \u00e0 un garage pour les r\u00e9parations n\u00e9cessaires. <\/p>\n<p>Vous disposez g\u00e9n\u00e9ralement de <strong>15 jours <\/strong>pour effectuer les r\u00e9parations et pr\u00e9senter \u00e0 nouveau votre v\u00e9hicule au contr\u00f4le technique.<\/p>\n<div class=\"container section-title-container\" ><h3 class=\"section-title section-title-normal\"><b><\/b><span class=\"section-title-main\" >Prix pour une contre-visite<\/span><b><\/b><\/h3><\/div>\n\n<p>Les co\u00fbts d\u2019une contre-visite varient en fonction des contr\u00f4les : une contre-visite visuelle, comme pour les feux ou les pneus, co\u00fbte en moyenne 12,50 \u20ac en Flandre et \u00e0 Bruxelles, tandis qu\u2019une contre-visite approfondie avec des tests de freinage ou des mesures d\u2019\u00e9missions varie entre 20 \u20ac et 30 \u20ac, selon les inspections n\u00e9cessaires.<\/p>\n<div class=\"container section-title-container\" ><h2 class=\"section-title section-title-normal\"><b><\/b><span class=\"section-title-main\" >Une inspection du v\u00e9hicule sans stress<\/span><b><\/b><\/h2><\/div>\n\n<p>Un contr\u00f4le technique commence par une bonne pr\u00e9paration. V\u00e9rifiez les \u00e9l\u00e9ments essentiels comme l\u2019\u00e9clairage, les pneus et les freins, et assurez-vous d\u2019avoir tous les documents n\u00e9cessaires \u00e0 port\u00e9e de main. Les nouvelles r\u00e8gles en vigueur \u00e0 partir de 2024, telles que le contr\u00f4le bisannuel et les exigences renforc\u00e9es sur les pneus, soulignent l\u2019importance d\u2019un bon entretien et offrent des opportunit\u00e9s pour une conduite plus durable. En traitant les d\u00e9fauts \u00e0 temps, vous \u00e9vitez les contre-visites et des co\u00fbts suppl\u00e9mentaires.   <\/p>\n\t\t<div class=\"news-related-vehicles\">\n\t\t\t\t\n\n<script type=\"text\/javascript\">\n    var seoPlugins = window.seoPlugins || [];\n\n    seoPlugins.push({\n        \"PluginCode\": \"a9f957e3-d8b9-4005-bf73-c81df6fc4833\",\n        \"PluginName\": \"#newgeneraloverview\",\n        \"FilterCookie\": {\"CarCategoryIds\":[\"1\",\"2\"]}\n    })\n\n    window.seoPlugins = seoPlugins;\n\n    var seoPlugins = window.seoPlugins || [];\n\n    for (var i = 0; i < seoPlugins.length; i++) {\n        var pluginData = seoPlugins[i];\n        CFM.API.enable(pluginData.PluginCode, pluginData.PluginName, null, {\n            FilterCookie: pluginData.FilterCookie\n        });\n    }\n<\/script>\n<div id=\"newgeneraloverview\"><\/div>\n\t\t<\/div>\n\t\n\n\t\t<\/div>\n\t\t\t\t\t<\/div>\n\n\t\n\n\t<div id=\"col-156133175\" class=\"col medium-4 small-12 large-4\"  >\n\t\t\t\t<div class=\"col-inner\"  >\n\t\t\t\n\t\t\t\n\n\n  \n    <div class=\"row large-columns-1 medium-columns-1 small-columns-1\" >\n  <div class=\"col post-item\" >\n\t\t\t<div class=\"col-inner\">\n\t\t\t\t<div class=\"box box-normal box-text-bottom box-blog-post has-hover\">\n            \t\t\t\t\t<div class=\"box-image\" >\n  \t\t\t\t\t\t<div class=\"image-cover\" style=\"padding-top:56.25%;\">\n\t\t\t\t\t\t\t<a href=\"https:\/\/carselect.touring.be\/fr\/blog\/numero-chassis-voiture-verification-occasion\/\" class=\"plain\" aria-label=\"Rechercher le Num\u00e9ro de Ch\u00e2ssis Voiture : Comment V\u00e9rifier l&rsquo;Honn\u00eatet\u00e9 d&rsquo;une Occasion\">\n\t\t\t\t\t\t\t\t<img loading=\"lazy\" decoding=\"async\" width=\"300\" height=\"199\" src=\"\/wp-content\/uploads\/2026\/03\/Numero-de-Chassis-Voiture-300x199.jpg\" class=\"attachment-medium size-medium wp-post-image\" alt=\"Num\u00e9ro de Ch\u00e2ssis Voiture\" srcset=\"\/wp-content\/uploads\/2026\/03\/Numero-de-Chassis-Voiture-300x199.jpg 300w, \/wp-content\/uploads\/2026\/03\/Numero-de-Chassis-Voiture-768x510.jpg 768w, \/wp-content\/uploads\/2026\/03\/Numero-de-Chassis-Voiture.jpg 1000w\" sizes=\"auto, (max-width: 300px) 100vw, 300px\" \/>\t\t\t\t\t\t\t<\/a>\n  \t\t\t\t\t\t\t  \t\t\t\t\t\t\t  \t\t\t\t\t\t<\/div>\n  \t\t\t\t\t\t  \t\t\t\t\t<\/div>\n          \t\t\t\t\t<div class=\"box-text text-left\" >\n\t\t\t\t\t<div class=\"box-text-inner blog-post-inner\">\n\n\t\t\t\t\t\n\t\t\t\t\t\t\t\t\t\t<h5 class=\"post-title is-large \">\n\t\t\t\t\t\t<a href=\"https:\/\/carselect.touring.be\/fr\/blog\/numero-chassis-voiture-verification-occasion\/\" class=\"plain\">Rechercher le Num\u00e9ro de Ch\u00e2ssis Voiture : Comment V\u00e9rifier l&rsquo;Honn\u00eatet\u00e9 d&rsquo;une Occasion<\/a>\n\t\t\t\t\t<\/h5>\n\t\t\t\t\t\t\t\t\t\t<div class=\"is-divider\"><\/div>\n\t\t\t\t\t\t\t\t\t\t<p class=\"from_the_blog_excerpt \">\n\t\t\t\t\t\tNum\u00e9ro de ch\u00e2ssis voiture en Belgique ? D\u00e9couvrez ce que le VIN r\u00e9v\u00e8le, o\u00f9 le [...]\t\t\t\t\t<\/p>\n\t\t\t\t\t                    \n\t\t\t\t\t\n\t\t\t\t\t\n\t\t\t\t\t<\/div>\n\t\t\t\t\t<\/div>\n\t\t\t\t\t\t\t\t\t<\/div>\n\t\t\t<\/div>\n\t\t<\/div><div class=\"col post-item\" >\n\t\t\t<div class=\"col-inner\">\n\t\t\t\t<div class=\"box box-normal box-text-bottom box-blog-post has-hover\">\n            \t\t\t\t\t<div class=\"box-image\" >\n  \t\t\t\t\t\t<div class=\"image-cover\" style=\"padding-top:56.25%;\">\n\t\t\t\t\t\t\t<a href=\"https:\/\/carselect.touring.be\/fr\/blog\/prix-controle-technique-belgique\/\" class=\"plain\" aria-label=\"Prix Contr\u00f4le Technique en Belgique : Tous les Tarifs en Un Coup d&rsquo;\u0152il\">\n\t\t\t\t\t\t\t\t<img loading=\"lazy\" decoding=\"async\" width=\"300\" height=\"200\" src=\"\/wp-content\/uploads\/2026\/03\/prix-controle-technique-300x200.jpg\" class=\"attachment-medium size-medium wp-post-image\" alt=\"prix controle technique\" srcset=\"\/wp-content\/uploads\/2026\/03\/prix-controle-technique-300x200.jpg 300w, \/wp-content\/uploads\/2026\/03\/prix-controle-technique-768x512.jpg 768w, \/wp-content\/uploads\/2026\/03\/prix-controle-technique.jpg 1000w\" sizes=\"auto, (max-width: 300px) 100vw, 300px\" \/>\t\t\t\t\t\t\t<\/a>\n  \t\t\t\t\t\t\t  \t\t\t\t\t\t\t  \t\t\t\t\t\t<\/div>\n  \t\t\t\t\t\t  \t\t\t\t\t<\/div>\n          \t\t\t\t\t<div class=\"box-text text-left\" >\n\t\t\t\t\t<div class=\"box-text-inner blog-post-inner\">\n\n\t\t\t\t\t\n\t\t\t\t\t\t\t\t\t\t<h5 class=\"post-title is-large \">\n\t\t\t\t\t\t<a href=\"https:\/\/carselect.touring.be\/fr\/blog\/prix-controle-technique-belgique\/\" class=\"plain\">Prix Contr\u00f4le Technique en Belgique : Tous les Tarifs en Un Coup d&rsquo;\u0152il<\/a>\n\t\t\t\t\t<\/h5>\n\t\t\t\t\t\t\t\t\t\t<div class=\"is-divider\"><\/div>\n\t\t\t\t\t\t\t\t\t\t<p class=\"from_the_blog_excerpt \">\n\t\t\t\t\t\tPrix contr\u00f4le technique Belgique 2026 : d\u00e9couvrez tous les tarifs officiels pour essence, diesel, contr\u00f4le [...]\t\t\t\t\t<\/p>\n\t\t\t\t\t                    \n\t\t\t\t\t\n\t\t\t\t\t\n\t\t\t\t\t<\/div>\n\t\t\t\t\t<\/div>\n\t\t\t\t\t\t\t\t\t<\/div>\n\t\t\t<\/div>\n\t\t<\/div><div class=\"col post-item\" >\n\t\t\t<div class=\"col-inner\">\n\t\t\t\t<div class=\"box box-normal box-text-bottom box-blog-post has-hover\">\n            \t\t\t\t\t<div class=\"box-image\" >\n  \t\t\t\t\t\t<div class=\"image-cover\" style=\"padding-top:56.25%;\">\n\t\t\t\t\t\t\t<a href=\"https:\/\/carselect.touring.be\/fr\/blog\/covering-voiture-belgique-prix-legalite\/\" class=\"plain\" aria-label=\"Covering Voiture : Du R\u00eave Mat \u00e0 la R\u00e9alit\u00e9 Brillante, Comment \u00e7a Marche en Belgique\">\n\t\t\t\t\t\t\t\t<img loading=\"lazy\" decoding=\"async\" width=\"300\" height=\"200\" src=\"\/wp-content\/uploads\/2026\/03\/covering-voiture-header-300x200.jpg\" class=\"attachment-medium size-medium wp-post-image\" alt=\"covering voiture\" srcset=\"\/wp-content\/uploads\/2026\/03\/covering-voiture-header-300x200.jpg 300w, \/wp-content\/uploads\/2026\/03\/covering-voiture-header-768x512.jpg 768w, \/wp-content\/uploads\/2026\/03\/covering-voiture-header.jpg 1000w\" sizes=\"auto, (max-width: 300px) 100vw, 300px\" \/>\t\t\t\t\t\t\t<\/a>\n  \t\t\t\t\t\t\t  \t\t\t\t\t\t\t  \t\t\t\t\t\t<\/div>\n  \t\t\t\t\t\t  \t\t\t\t\t<\/div>\n          \t\t\t\t\t<div class=\"box-text text-left\" >\n\t\t\t\t\t<div class=\"box-text-inner blog-post-inner\">\n\n\t\t\t\t\t\n\t\t\t\t\t\t\t\t\t\t<h5 class=\"post-title is-large \">\n\t\t\t\t\t\t<a href=\"https:\/\/carselect.touring.be\/fr\/blog\/covering-voiture-belgique-prix-legalite\/\" class=\"plain\">Covering Voiture : Du R\u00eave Mat \u00e0 la R\u00e9alit\u00e9 Brillante, Comment \u00e7a Marche en Belgique<\/a>\n\t\t\t\t\t<\/h5>\n\t\t\t\t\t\t\t\t\t\t<div class=\"is-divider\"><\/div>\n\t\t\t\t\t\t\t\t\t\t<p class=\"from_the_blog_excerpt \">\n\t\t\t\t\t\tD\u00e9couvrez comment le covering voiture peut transformer votre v\u00e9hicule en un mod\u00e8le unique et styl\u00e9. [...]\t\t\t\t\t<\/p>\n\t\t\t\t\t                    \n\t\t\t\t\t\n\t\t\t\t\t\n\t\t\t\t\t<\/div>\n\t\t\t\t\t<\/div>\n\t\t\t\t\t\t\t\t\t<\/div>\n\t\t\t<\/div>\n\t\t<\/div><div class=\"col post-item\" >\n\t\t\t<div class=\"col-inner\">\n\t\t\t\t<div class=\"box box-normal box-text-bottom box-blog-post has-hover\">\n            \t\t\t\t\t<div class=\"box-image\" >\n  \t\t\t\t\t\t<div class=\"image-cover\" style=\"padding-top:56.25%;\">\n\t\t\t\t\t\t\t<a href=\"https:\/\/carselect.touring.be\/fr\/blog\/plaque-personnalisee-en-belgique\/\" class=\"plain\" aria-label=\"Plaque Personnalis\u00e9e Belgique : R\u00e8gles, Co\u00fbts et Comment en Faire la Demande\">\n\t\t\t\t\t\t\t\t<img loading=\"lazy\" decoding=\"async\" width=\"300\" height=\"200\" src=\"\/wp-content\/uploads\/2026\/03\/plaque-personnalisee-belgique-300x200.png\" class=\"attachment-medium size-medium wp-post-image\" alt=\"plaque personnalis\u00e9e belgique\" srcset=\"\/wp-content\/uploads\/2026\/03\/plaque-personnalisee-belgique-300x200.png 300w, \/wp-content\/uploads\/2026\/03\/plaque-personnalisee-belgique-1024x683.png 1024w, \/wp-content\/uploads\/2026\/03\/plaque-personnalisee-belgique-768x512.png 768w, \/wp-content\/uploads\/2026\/03\/plaque-personnalisee-belgique.png 1536w\" sizes=\"auto, (max-width: 300px) 100vw, 300px\" \/>\t\t\t\t\t\t\t<\/a>\n  \t\t\t\t\t\t\t  \t\t\t\t\t\t\t  \t\t\t\t\t\t<\/div>\n  \t\t\t\t\t\t  \t\t\t\t\t<\/div>\n          \t\t\t\t\t<div class=\"box-text text-left\" >\n\t\t\t\t\t<div class=\"box-text-inner blog-post-inner\">\n\n\t\t\t\t\t\n\t\t\t\t\t\t\t\t\t\t<h5 class=\"post-title is-large \">\n\t\t\t\t\t\t<a href=\"https:\/\/carselect.touring.be\/fr\/blog\/plaque-personnalisee-en-belgique\/\" class=\"plain\">Plaque Personnalis\u00e9e Belgique : R\u00e8gles, Co\u00fbts et Comment en Faire la Demande<\/a>\n\t\t\t\t\t<\/h5>\n\t\t\t\t\t\t\t\t\t\t<div class=\"is-divider\"><\/div>\n\t\t\t\t\t\t\t\t\t\t<p class=\"from_the_blog_excerpt \">\n\t\t\t\t\t\tCr\u00e9ez une plaque personnalis\u00e9e en Belgique pour afficher votre style unique sur la route. D\u00e9couvrez [...]\t\t\t\t\t<\/p>\n\t\t\t\t\t                    \n\t\t\t\t\t\n\t\t\t\t\t\n\t\t\t\t\t<\/div>\n\t\t\t\t\t<\/div>\n\t\t\t\t\t\t\t\t\t<\/div>\n\t\t\t<\/div>\n\t\t<\/div><div class=\"col post-item\" >\n\t\t\t<div class=\"col-inner\">\n\t\t\t\t<div class=\"box box-normal box-text-bottom box-blog-post has-hover\">\n            \t\t\t\t\t<div class=\"box-image\" >\n  \t\t\t\t\t\t<div class=\"image-cover\" style=\"padding-top:56.25%;\">\n\t\t\t\t\t\t\t<a href=\"https:\/\/carselect.touring.be\/fr\/blog\/plaque-immatriculation-belgique-regles-couts\/\" class=\"plain\" aria-label=\"Plaque d&rsquo;Immatriculation en Belgique : R\u00e8gles, Co\u00fbts et Ce Qu&rsquo;il Faut Retenir\">\n\t\t\t\t\t\t\t\t<img loading=\"lazy\" decoding=\"async\" width=\"300\" height=\"225\" src=\"\/wp-content\/uploads\/2026\/02\/plaque-dimmatriculation-header-300x225.jpg\" class=\"attachment-medium size-medium wp-post-image\" alt=\"plaque d&#039;immatriculation\" srcset=\"\/wp-content\/uploads\/2026\/02\/plaque-dimmatriculation-header-300x225.jpg 300w, \/wp-content\/uploads\/2026\/02\/plaque-dimmatriculation-header-1024x768.jpg 1024w, \/wp-content\/uploads\/2026\/02\/plaque-dimmatriculation-header-768x576.jpg 768w, \/wp-content\/uploads\/2026\/02\/plaque-dimmatriculation-header.jpg 1184w\" sizes=\"auto, (max-width: 300px) 100vw, 300px\" \/>\t\t\t\t\t\t\t<\/a>\n  \t\t\t\t\t\t\t  \t\t\t\t\t\t\t  \t\t\t\t\t\t<\/div>\n  \t\t\t\t\t\t  \t\t\t\t\t<\/div>\n          \t\t\t\t\t<div class=\"box-text text-left\" >\n\t\t\t\t\t<div class=\"box-text-inner blog-post-inner\">\n\n\t\t\t\t\t\n\t\t\t\t\t\t\t\t\t\t<h5 class=\"post-title is-large \">\n\t\t\t\t\t\t<a href=\"https:\/\/carselect.touring.be\/fr\/blog\/plaque-immatriculation-belgique-regles-couts\/\" class=\"plain\">Plaque d&rsquo;Immatriculation en Belgique : R\u00e8gles, Co\u00fbts et Ce Qu&rsquo;il Faut Retenir<\/a>\n\t\t\t\t\t<\/h5>\n\t\t\t\t\t\t\t\t\t\t<div class=\"is-divider\"><\/div>\n\t\t\t\t\t\t\t\t\t\t<p class=\"from_the_blog_excerpt \">\n\t\t\t\t\t\tPlaque d'immatriculation en Belgique : r\u00e8gles, co\u00fbts (\u20ac30), demande via DIV, garder ancienne plaque ou [...]\t\t\t\t\t<\/p>\n\t\t\t\t\t                    \n\t\t\t\t\t\n\t\t\t\t\t\n\t\t\t\t\t<\/div>\n\t\t\t\t\t<\/div>\n\t\t\t\t\t\t\t\t\t<\/div>\n\t\t\t<\/div>\n\t\t<\/div><div class=\"col post-item\" >\n\t\t\t<div class=\"col-inner\">\n\t\t\t\t<div class=\"box box-normal box-text-bottom box-blog-post has-hover\">\n            \t\t\t\t\t<div class=\"box-image\" >\n  \t\t\t\t\t\t<div class=\"image-cover\" style=\"padding-top:56.25%;\">\n\t\t\t\t\t\t\t<a href=\"https:\/\/carselect.touring.be\/fr\/blog\/radier-plaque-immatriculation-ou-transferer\/\" class=\"plain\" aria-label=\"Transf\u00e9rer ou radier plaque immatriculation : \u00c9vitez ces erreurs fr\u00e9quentes\">\n\t\t\t\t\t\t\t\t<img loading=\"lazy\" decoding=\"async\" width=\"300\" height=\"181\" src=\"\/wp-content\/uploads\/2026\/02\/radier-plaque-immatriculation-header-300x181.jpeg\" class=\"attachment-medium size-medium wp-post-image\" alt=\"radier plaque immatriculation\" srcset=\"\/wp-content\/uploads\/2026\/02\/radier-plaque-immatriculation-header-300x181.jpeg 300w, \/wp-content\/uploads\/2026\/02\/radier-plaque-immatriculation-header-768x462.jpeg 768w, \/wp-content\/uploads\/2026\/02\/radier-plaque-immatriculation-header.jpeg 1000w\" sizes=\"auto, (max-width: 300px) 100vw, 300px\" \/>\t\t\t\t\t\t\t<\/a>\n  \t\t\t\t\t\t\t  \t\t\t\t\t\t\t  \t\t\t\t\t\t<\/div>\n  \t\t\t\t\t\t  \t\t\t\t\t<\/div>\n          \t\t\t\t\t<div class=\"box-text text-left\" >\n\t\t\t\t\t<div class=\"box-text-inner blog-post-inner\">\n\n\t\t\t\t\t\n\t\t\t\t\t\t\t\t\t\t<h5 class=\"post-title is-large \">\n\t\t\t\t\t\t<a href=\"https:\/\/carselect.touring.be\/fr\/blog\/radier-plaque-immatriculation-ou-transferer\/\" class=\"plain\">Transf\u00e9rer ou radier plaque immatriculation : \u00c9vitez ces erreurs fr\u00e9quentes<\/a>\n\t\t\t\t\t<\/h5>\n\t\t\t\t\t\t\t\t\t\t<div class=\"is-divider\"><\/div>\n\t\t\t\t\t\t\t\t\t\t<p class=\"from_the_blog_excerpt \">\n\t\t\t\t\t\tD\u00e9couvrez comment radier une plaque immatriculation avec notre guide pratique et les \u00e9tapes essentielles \u00e0 [...]\t\t\t\t\t<\/p>\n\t\t\t\t\t                    \n\t\t\t\t\t\n\t\t\t\t\t\n\t\t\t\t\t<\/div>\n\t\t\t\t\t<\/div>\n\t\t\t\t\t\t\t\t\t<\/div>\n\t\t\t<\/div>\n\t\t<\/div><div class=\"col post-item\" >\n\t\t\t<div class=\"col-inner\">\n\t\t\t\t<div class=\"box box-normal box-text-bottom box-blog-post has-hover\">\n            \t\t\t\t\t<div class=\"box-image\" >\n  \t\t\t\t\t\t<div class=\"image-cover\" style=\"padding-top:56.25%;\">\n\t\t\t\t\t\t\t<a href=\"https:\/\/carselect.touring.be\/fr\/blog\/valeur-catalogue-voiture-comprendre-pourquoi-cest-important\/\" class=\"plain\" aria-label=\"Valeur Catalogue Voiture : Qu&rsquo;est-ce que c&rsquo;est, Comment la rechercher et pourquoi reste-t-elle importante m\u00eame pour l&rsquo;occasion ?\">\n\t\t\t\t\t\t\t\t<img loading=\"lazy\" decoding=\"async\" width=\"300\" height=\"200\" src=\"\/wp-content\/uploads\/2026\/01\/valeur-catalogue-voiture-header-300x200.jpg\" class=\"attachment-medium size-medium wp-post-image\" alt=\"Valeur Catalogue Voiture\" srcset=\"\/wp-content\/uploads\/2026\/01\/valeur-catalogue-voiture-header-300x200.jpg 300w, \/wp-content\/uploads\/2026\/01\/valeur-catalogue-voiture-header-768x512.jpg 768w, \/wp-content\/uploads\/2026\/01\/valeur-catalogue-voiture-header.jpg 1000w\" sizes=\"auto, (max-width: 300px) 100vw, 300px\" \/>\t\t\t\t\t\t\t<\/a>\n  \t\t\t\t\t\t\t  \t\t\t\t\t\t\t  \t\t\t\t\t\t<\/div>\n  \t\t\t\t\t\t  \t\t\t\t\t<\/div>\n          \t\t\t\t\t<div class=\"box-text text-left\" >\n\t\t\t\t\t<div class=\"box-text-inner blog-post-inner\">\n\n\t\t\t\t\t\n\t\t\t\t\t\t\t\t\t\t<h5 class=\"post-title is-large \">\n\t\t\t\t\t\t<a href=\"https:\/\/carselect.touring.be\/fr\/blog\/valeur-catalogue-voiture-comprendre-pourquoi-cest-important\/\" class=\"plain\">Valeur Catalogue Voiture : Qu&rsquo;est-ce que c&rsquo;est, Comment la rechercher et pourquoi reste-t-elle importante m\u00eame pour l&rsquo;occasion ?<\/a>\n\t\t\t\t\t<\/h5>\n\t\t\t\t\t\t\t\t\t\t<div class=\"is-divider\"><\/div>\n\t\t\t\t\t\t\t\t\t\t<p class=\"from_the_blog_excerpt \">\n\t\t\t\t\t\tD\u00e9couvrez ce que signifie la valeur catalogue d'une voiture pour votre achat. Faites un choix [...]\t\t\t\t\t<\/p>\n\t\t\t\t\t                    \n\t\t\t\t\t\n\t\t\t\t\t\n\t\t\t\t\t<\/div>\n\t\t\t\t\t<\/div>\n\t\t\t\t\t\t\t\t\t<\/div>\n\t\t\t<\/div>\n\t\t<\/div><div class=\"col post-item\" >\n\t\t\t<div class=\"col-inner\">\n\t\t\t\t<div class=\"box box-normal box-text-bottom box-blog-post has-hover\">\n            \t\t\t\t\t<div class=\"box-image\" >\n  \t\t\t\t\t\t<div class=\"image-cover\" style=\"padding-top:56.25%;\">\n\t\t\t\t\t\t\t<a href=\"https:\/\/carselect.touring.be\/fr\/blog\/la-voiture-la-plus-chere-du-monde-prix-et-pourquoi-elle-est-exceptionnelle\/\" class=\"plain\" aria-label=\"La Voiture la Plus Ch\u00e8re au Monde : Prix et Caract\u00e9ristiques\">\n\t\t\t\t\t\t\t\t<img loading=\"lazy\" decoding=\"async\" width=\"300\" height=\"187\" src=\"\/wp-content\/uploads\/2026\/01\/la-voiture-la-plus-chere-au-monde.jpg-300x187.jpg\" class=\"attachment-medium size-medium wp-post-image\" alt=\"La Voiture la Plus Ch\u00e8re au Monde\" srcset=\"\/wp-content\/uploads\/2026\/01\/la-voiture-la-plus-chere-au-monde.jpg-300x187.jpg 300w, \/wp-content\/uploads\/2026\/01\/la-voiture-la-plus-chere-au-monde.jpg-768x479.jpg 768w, \/wp-content\/uploads\/2026\/01\/la-voiture-la-plus-chere-au-monde.jpg.jpg 1000w\" sizes=\"auto, (max-width: 300px) 100vw, 300px\" \/>\t\t\t\t\t\t\t<\/a>\n  \t\t\t\t\t\t\t  \t\t\t\t\t\t\t  \t\t\t\t\t\t<\/div>\n  \t\t\t\t\t\t  \t\t\t\t\t<\/div>\n          \t\t\t\t\t<div class=\"box-text text-left\" >\n\t\t\t\t\t<div class=\"box-text-inner blog-post-inner\">\n\n\t\t\t\t\t\n\t\t\t\t\t\t\t\t\t\t<h5 class=\"post-title is-large \">\n\t\t\t\t\t\t<a href=\"https:\/\/carselect.touring.be\/fr\/blog\/la-voiture-la-plus-chere-du-monde-prix-et-pourquoi-elle-est-exceptionnelle\/\" class=\"plain\">La Voiture la Plus Ch\u00e8re au Monde : Prix et Caract\u00e9ristiques<\/a>\n\t\t\t\t\t<\/h5>\n\t\t\t\t\t\t\t\t\t\t<div class=\"is-divider\"><\/div>\n\t\t\t\t\t\t\t\t\t\t<p class=\"from_the_blog_excerpt \">\n\t\t\t\t\t\tQuelle est la voiture la plus ch\u00e8re au monde ? D\u00e9couvrez le record de 142 [...]\t\t\t\t\t<\/p>\n\t\t\t\t\t                    \n\t\t\t\t\t\n\t\t\t\t\t\n\t\t\t\t\t<\/div>\n\t\t\t\t\t<\/div>\n\t\t\t\t\t\t\t\t\t<\/div>\n\t\t\t<\/div>\n\t\t<\/div><\/div>\n\n\n\t\t<\/div>\n\t\t\t\t\t<\/div>\n\n\t\n\n<\/div>\n<div class=\"row\"  id=\"row-1771139933\">\n\n\n\t<div id=\"col-574055034\" class=\"col small-12 large-12\"  >\n\t\t\t\t<div class=\"col-inner\"  >\n\t\t\t\n\t\t\t\n\n\n  <div class=\"banner has-hover\" id=\"banner-1787732534\">\n          <div class=\"banner-inner fill\">\n        <div class=\"banner-bg fill\" >\n            <img loading=\"lazy\" decoding=\"async\" width=\"1440\" height=\"160\" src=\"\/wp-content\/uploads\/2025\/01\/Mask-group.png\" class=\"bg attachment-original size-original\" alt=\"\" \/>                                    \n                    <\/div>\n\t\t\n        <div class=\"banner-layers container\">\n            <div class=\"fill banner-link\"><\/div>            \n\n   <div id=\"text-box-1618363545\" class=\"text-box banner-layer x100 md-x100 lg-x100 y10 md-y10 lg-y10 res-text\">\n                                <div class=\"text-box-content text dark\">\n              \n              <div class=\"text-inner text-center\">\n                  \n\n<h2><em>Achetez votre<\/em><\/h2>\n<h2><em>Voiture de r\u00eave<\/em><\/h2>\n<a href=\"https:\/\/carselect.touring.be\/fr\/acheter-une-voiture\/\" class=\"button success\"  >\n\t\t<span>D\u00e9couvrez<\/span>\n\t<\/a>\n\n\n\n              <\/div>\n           <\/div>\n                            \n<style>\n#text-box-1618363545 {\n  width: 35%;\n}\n#text-box-1618363545 .text-box-content {\n  font-size: 100%;\n}\n<\/style>\n    <\/div>\n \n\n        <\/div>\n      <\/div>\n\n            \n<style>\n#banner-1787732534 {\n  padding-top: 250px;\n}\n#banner-1787732534 .banner-bg img {\n  object-position: 22% 0%;\n}\n<\/style>\n  <\/div>\n\n\n\n\t\t<\/div>\n\t\t\t\t\t<\/div>\n\n\t\n\n<\/div>\n\n\t\t<\/div>\n\n\t\t\n<style>\n#section_1803102162 {\n  padding-top: 0px;\n  padding-bottom: 0px;\n}\n<\/style>\n\t<\/section>\n\t\n\n\n\n<p><\/p>\n\n\n\n<div class=\"row row-full-width align-middle align-center legalTextContainer representativeExampleBanner qa-testid-representative-banner-fr\"  id=\"row-936003711\">\r\n\r\n\n\t<div id=\"col-723095974\" class=\"col text-container representative-example-container small-12 large-12\"  >\n\t\t\t\t<div class=\"col-inner\"  >\n\t\t\t\n\t\t\t\r\n\r\n<div class=\"legal-text-title\">Attention, emprunter de l\u2019argent co\u00fbte aussi de l\u2019argent.<\/div>\r\n<div class=\"legal-text-content mt-half\">\r\n<p>\r\nExemple repr\u00e9sentatif \u2013 Cr\u00e9dit ballon : <b>Pr\u00eat \u00e0 temp\u00e9rament avec derni\u00e8re mensualit\u00e9 major\u00e9e<\/b>. Montant du cr\u00e9dit : \u20ac 35.002,79. Acompte (facultatif) : \u20ac 0. Prix comptant: \u20ac 35.002,79. <b>TAEG (Taux Annuel Effectif Global)<\/b> de <b>5,99 %<\/b>, taux d\u00e9biteur annuel <b>fixe<\/b> : 5,99 %. Dur\u00e9e du cr\u00e9dit : <b>60 mois<\/b>. Remboursable en 59 mensualit\u00e9s de <b>\u20ac 522,81<\/b>. Derni\u00e8re mensualit\u00e9 major\u00e9e : <b>\u20ac 11.023,64<\/b>. Montant total d\u00fb : \u20ac 41.869,16.\r\n      <\/p>\r\n<p>\r\n        Exemple repr\u00e9sentatif \u2013 Cr\u00e9dit classique : <b>Pr\u00eat \u00e0 temp\u00e9rament<\/b>. Montant du cr\u00e9dit : \u20ac 35.002,79. Acompte (facultatif) : \u20ac 0. Prix comptant : \u20ac 35.002,79. <b>TAEG (Taux Annuel Effectif Global)<\/b> de <b>5,99 %<\/b>, taux d\u00e9biteur annuel <b>fixe<\/b>: 5,99 %. Dur\u00e9e de <b>60 mois<\/b>. Remboursable en 60 mensualit\u00e9s de <b>\u20ac 673,96<\/b>. Montant total d\u00fb : \u20ac 40.437,85.\r\n      <\/p>\r\n<p>\r\n        Sous r\u00e9serve d\u2019acceptation de votre demande de cr\u00e9dit par Alpha Credit s.a., pr\u00eateur, Montagne du Parc 8\/3, 1000 Bruxelles, TVA BE 0445.781.316, RPM Bruxelles. Annonceur : TCS Mobility S.A., agent \u00e0 titre accessoire, Boulevard Albert II 4, B12, 1000 Bruxelles, TVA BE 1003.765.106, BE93 0019 6639 0767, RPM Bruxelles. La souscription d\u2019un pr\u00eat \u00e0 temp\u00e9rament est soumise \u00e0 la l\u00e9gislation relative au cr\u00e9dit \u00e0 la consommation, et plus sp\u00e9cifiquement au livre VII du Code de droit \u00e9conomique.\r\n      <\/p>\r\n<\/div>\r\n\r\n\r\n\t\t<\/div>\n\t\t\t\t\t<\/div>\n\n\t\r\n\n\t<div id=\"col-1036758693\" class=\"col text-container ilustrative-example-container small-12 large-12\"  >\n\t\t\t\t<div class=\"col-inner\"  >\n\t\t\t\n\t\t\t\r\n\r\n<div class=\"legal-text-title\">Attention, emprunter de l\u2019argent co\u00fbte aussi de l\u2019argent.<\/div>\r\n<div class=\"legal-text-content mt-half\">\r\n<p class=\"balloon-financing\">Exemple illustratif \u2013 Cr\u00e9dit ballon : Pr\u00eat \u00e0 temp\u00e9rament avec derni\u00e8re mensualit\u00e9 major\u00e9e. Montant du cr\u00e9dit : \u20ac\u00a0<span id=\"balloon-loan-amount\">35.002,79<\/span>. Acompte (facultatif) : \u20ac\u00a00. Prix comptant: \u20ac\u00a0<span id=\"balloon-price\">35.002,79<\/span>. TAEG (Taux Annuel Effectif Global) de <span id=\"balloon-jkp\">5,99<\/span> %, taux d\u00e9biteur annuel fixe : <span id=\"balloon-interest-rate\">5,99<\/span> %. Dur\u00e9e du cr\u00e9dit : <span id=\"balloon-number-of-months\">60<\/span> mois. Remboursable en <span id=\"balloon-lower-rate-number-of-months\">59<\/span> mensualit\u00e9s de \u20ac\u00a0<span id=\"balloon-rate-per-month\">522,81<\/span>. Derni\u00e8re mensualit\u00e9 major\u00e9e : \u20ac\u00a0<span id=\"balloon-residual-value\">11.023,64<\/span>. Montant total d\u00fb : \u20ac\u00a0<span id=\"balloon-total-financing-cost\">41.869,16<\/span>.<\/p>\r\n<p class=\"classic-financing\">Exemple illustratif \u2013 Cr\u00e9dit classique : Pr\u00eat \u00e0 temp\u00e9rament. Montant du cr\u00e9dit : \u20ac\u00a0<span id=\"classic-loan-amount\">35.002,79<\/span>. Acompte (facultatif) : \u20ac\u00a00. Prix comptant : \u20ac\u00a0<span id=\"classic-price\">35.002,79<\/span>. TAEG (Taux Annuel Effectif Global) de <span id=\"classic-jkp\">5,99<\/span> %, taux d\u00e9biteur annuel fixe: <span id=\"classic-interest-rate\">5,99<\/span> %. Dur\u00e9e de <span id=\"classic-number-of-months\">60<\/span> mois. Remboursable en 60 mensualit\u00e9s de \u20ac\u00a0<span id=\"classic-rate-per-month\">673,96<\/span>. Montant total d\u00fb : \u20ac\u00a0<span id=\"classic-total-financing-cost\">40.437,85<\/span>.<\/p>\r\n<\/div>\r\n\r\n\r\n\t\t<\/div>\n\t\t\t\t\t<\/div>\n\n\t\r\n\n\t<div id=\"col-1734701470\" class=\"col buttons-container small-12 large-12\"  >\n\t\t\t\t<div class=\"col-inner\"  >\n\t\t\t\n\t\t\t\r\n\r\n<a class=\"button success lowercase hideLegalText\"  >\n\t\t<span>Fermer<\/span>\n\t<\/a>\n\r\n\r\n<a href=\"\/fr\/blog\/choisir-la-meilleure-couleur-des-voiture-pour-votre-style\/\" class=\"button white lowercase more-info hidden\"  >\n\t\t<span>Plus d\u2019infos<\/span>\n\t<\/a>\n\r\n\r\n\r\n\t\t<\/div>\n\t\t\t\t\t<\/div>\n\n\t\r\n\r\n<\/div>\n\n\n","protected":false},"excerpt":{"rendered":"<p>D\u00e9couvrez les r\u00e8gles et changements du contr\u00f4le technique en Belgique pour 2025 et comment bien vous pr\u00e9parer. Lisez l&rsquo;article pour en savoir plus\u202f!<\/p>\n","protected":false},"author":28,"featured_media":12796,"comment_status":"closed","ping_status":"open","sticky":false,"template":"","format":"standard","meta":{"footnotes":""},"categories":[75],"tags":[119,120],"class_list":["post-12793","post","type-post","status-publish","format-standard","has-post-thumbnail","hentry","category-conseils","tag-controle-technique","tag-inspection-des-voitures"],"yoast_head":"<!-- This site is optimized with the Yoast SEO Premium plugin v24.0 (Yoast SEO v24.0) - https:\/\/yoast.com\/wordpress\/plugins\/seo\/ -->\n<title>Contr\u00f4le technique en Belgique : r\u00e8gles cl\u00e9s et nouveaut\u00e9s 2025<\/title>\n<meta name=\"description\" content=\"D\u00e9couvrez les r\u00e8gles et changements du contr\u00f4le technique en Belgique pour 2025 et comment vous pr\u00e9parer. Lisez l&#039;article!\" \/>\n<meta name=\"robots\" content=\"index, follow, max-snippet:-1, max-image-preview:large, max-video-preview:-1\" \/>\n<link rel=\"canonical\" href=\"https:\/\/carselect.touring.be\/fr\/blog\/controle-technique-en-belgique-2025-regles-et-conseils-pour-une-inspection-reussie\/\" \/>\n<meta property=\"og:locale\" content=\"fr_FR\" \/>\n<meta property=\"og:type\" content=\"article\" \/>\n<meta property=\"og:title\" content=\"Contr\u00f4le technique en Belgique 2025 : R\u00e8gles et conseils pour une inspection r\u00e9ussie\" \/>\n<meta property=\"og:description\" content=\"D\u00e9couvrez les r\u00e8gles et changements du contr\u00f4le technique en Belgique pour 2025 et comment vous pr\u00e9parer. Lisez l&#039;article!\" \/>\n<meta property=\"og:url\" content=\"https:\/\/carselect.touring.be\/fr\/blog\/controle-technique-en-belgique-2025-regles-et-conseils-pour-une-inspection-reussie\/\" \/>\n<meta property=\"og:site_name\" content=\"Touring Dealer\" \/>\n<meta property=\"article:published_time\" content=\"2025-01-03T12:02:09+00:00\" \/>\n<meta property=\"article:modified_time\" content=\"2025-07-09T14:14:43+00:00\" \/>\n<meta property=\"og:image\" content=\"https:\/\/carselect.touring.be\/wp-content\/uploads\/2025\/01\/controle-technique-en-belgique-header.jpg\" \/>\n\t<meta property=\"og:image:width\" content=\"1000\" \/>\n\t<meta property=\"og:image:height\" content=\"667\" \/>\n\t<meta property=\"og:image:type\" content=\"image\/jpeg\" \/>\n<meta name=\"author\" content=\"Storme Wouter\" \/>\n<meta name=\"twitter:card\" content=\"summary_large_image\" \/>\n<meta name=\"twitter:label1\" content=\"\u00c9crit par\" \/>\n\t<meta name=\"twitter:data1\" content=\"Storme Wouter\" \/>\n\t<meta name=\"twitter:label2\" content=\"Dur\u00e9e de lecture est.\" \/>\n\t<meta name=\"twitter:data2\" content=\"8 minutes\" \/>\n<script type=\"application\/ld+json\" class=\"yoast-schema-graph\">{\"@context\":\"https:\/\/schema.org\",\"@graph\":[{\"@type\":\"Article\",\"@id\":\"https:\/\/carselect.touring.be\/fr\/blog\/controle-technique-en-belgique-2025-regles-et-conseils-pour-une-inspection-reussie\/#article\",\"isPartOf\":{\"@id\":\"https:\/\/carselect.touring.be\/fr\/blog\/controle-technique-en-belgique-2025-regles-et-conseils-pour-une-inspection-reussie\/\"},\"author\":{\"name\":\"Storme Wouter\",\"@id\":\"https:\/\/carselect.touring.be\/fr\/#\/schema\/person\/ac266868402e795f000a152b0f4fd4d8\"},\"headline\":\"Contr\u00f4le technique en Belgique 2025 : R\u00e8gles et conseils pour une inspection r\u00e9ussie\",\"datePublished\":\"2025-01-03T12:02:09+00:00\",\"dateModified\":\"2025-07-09T14:14:43+00:00\",\"mainEntityOfPage\":{\"@id\":\"https:\/\/carselect.touring.be\/fr\/blog\/controle-technique-en-belgique-2025-regles-et-conseils-pour-une-inspection-reussie\/\"},\"wordCount\":2060,\"publisher\":{\"@id\":\"https:\/\/carselect.touring.be\/fr\/#organization\"},\"image\":{\"@id\":\"https:\/\/carselect.touring.be\/fr\/blog\/controle-technique-en-belgique-2025-regles-et-conseils-pour-une-inspection-reussie\/#primaryimage\"},\"thumbnailUrl\":\"\/wp-content\/uploads\/2025\/01\/controle-technique-en-belgique-header.jpg\",\"keywords\":[\"contr\u00f4le technique\",\"inspection des voitures\"],\"articleSection\":[\"Conseils\"],\"inLanguage\":\"fr-BE\"},{\"@type\":\"WebPage\",\"@id\":\"https:\/\/carselect.touring.be\/fr\/blog\/controle-technique-en-belgique-2025-regles-et-conseils-pour-une-inspection-reussie\/\",\"url\":\"https:\/\/carselect.touring.be\/fr\/blog\/controle-technique-en-belgique-2025-regles-et-conseils-pour-une-inspection-reussie\/\",\"name\":\"Contr\u00f4le technique en Belgique : r\u00e8gles cl\u00e9s et nouveaut\u00e9s 2025\",\"isPartOf\":{\"@id\":\"https:\/\/carselect.touring.be\/fr\/#website\"},\"primaryImageOfPage\":{\"@id\":\"https:\/\/carselect.touring.be\/fr\/blog\/controle-technique-en-belgique-2025-regles-et-conseils-pour-une-inspection-reussie\/#primaryimage\"},\"image\":{\"@id\":\"https:\/\/carselect.touring.be\/fr\/blog\/controle-technique-en-belgique-2025-regles-et-conseils-pour-une-inspection-reussie\/#primaryimage\"},\"thumbnailUrl\":\"\/wp-content\/uploads\/2025\/01\/controle-technique-en-belgique-header.jpg\",\"datePublished\":\"2025-01-03T12:02:09+00:00\",\"dateModified\":\"2025-07-09T14:14:43+00:00\",\"description\":\"D\u00e9couvrez les r\u00e8gles et changements du contr\u00f4le technique en Belgique pour 2025 et comment vous pr\u00e9parer. Lisez l'article!\",\"breadcrumb\":{\"@id\":\"https:\/\/carselect.touring.be\/fr\/blog\/controle-technique-en-belgique-2025-regles-et-conseils-pour-une-inspection-reussie\/#breadcrumb\"},\"inLanguage\":\"fr-BE\",\"potentialAction\":[{\"@type\":\"ReadAction\",\"target\":[\"https:\/\/carselect.touring.be\/fr\/blog\/controle-technique-en-belgique-2025-regles-et-conseils-pour-une-inspection-reussie\/\"]}]},{\"@type\":\"ImageObject\",\"inLanguage\":\"fr-BE\",\"@id\":\"https:\/\/carselect.touring.be\/fr\/blog\/controle-technique-en-belgique-2025-regles-et-conseils-pour-une-inspection-reussie\/#primaryimage\",\"url\":\"\/wp-content\/uploads\/2025\/01\/controle-technique-en-belgique-header.jpg\",\"contentUrl\":\"\/wp-content\/uploads\/2025\/01\/controle-technique-en-belgique-header.jpg\",\"width\":1000,\"height\":667,\"caption\":\"contr\u00f4le technique en belgique\"},{\"@type\":\"BreadcrumbList\",\"@id\":\"https:\/\/carselect.touring.be\/fr\/blog\/controle-technique-en-belgique-2025-regles-et-conseils-pour-une-inspection-reussie\/#breadcrumb\",\"itemListElement\":[{\"@type\":\"ListItem\",\"position\":1,\"name\":\"Home\",\"item\":\"https:\/\/carselect.touring.be\/fr\/\"},{\"@type\":\"ListItem\",\"position\":2,\"name\":\"Contr\u00f4le technique en Belgique 2025 : R\u00e8gles et conseils pour une inspection r\u00e9ussie\"}]},{\"@type\":\"WebSite\",\"@id\":\"https:\/\/carselect.touring.be\/fr\/#website\",\"url\":\"https:\/\/carselect.touring.be\/fr\/\",\"name\":\"Touring CarSelect\",\"description\":\"\",\"publisher\":{\"@id\":\"https:\/\/carselect.touring.be\/fr\/#organization\"},\"potentialAction\":[{\"@type\":\"SearchAction\",\"target\":{\"@type\":\"EntryPoint\",\"urlTemplate\":\"https:\/\/carselect.touring.be\/fr\/?s={search_term_string}\"},\"query-input\":{\"@type\":\"PropertyValueSpecification\",\"valueRequired\":true,\"valueName\":\"search_term_string\"}}],\"inLanguage\":\"fr-BE\"},{\"@type\":\"Organization\",\"@id\":\"https:\/\/carselect.touring.be\/fr\/#organization\",\"name\":\"Touring CarSelect\",\"url\":\"https:\/\/carselect.touring.be\/fr\/\",\"logo\":{\"@type\":\"ImageObject\",\"inLanguage\":\"fr-BE\",\"@id\":\"https:\/\/carselect.touring.be\/fr\/#\/schema\/logo\/image\/\",\"url\":\"\/wp-content\/uploads\/2024\/04\/Touring-Car-Select-Logo.png\",\"contentUrl\":\"\/wp-content\/uploads\/2024\/04\/Touring-Car-Select-Logo.png\",\"width\":154,\"height\":53,\"caption\":\"Touring CarSelect\"},\"image\":{\"@id\":\"https:\/\/carselect.touring.be\/fr\/#\/schema\/logo\/image\/\"}},{\"@type\":\"Person\",\"@id\":\"https:\/\/carselect.touring.be\/fr\/#\/schema\/person\/ac266868402e795f000a152b0f4fd4d8\",\"name\":\"Storme Wouter\",\"image\":{\"@type\":\"ImageObject\",\"inLanguage\":\"fr-BE\",\"@id\":\"https:\/\/carselect.touring.be\/fr\/#\/schema\/person\/image\/\",\"url\":\"https:\/\/secure.gravatar.com\/avatar\/84473de8cbf4200af853908f03b9ea9e?s=96&d=mm&r=g\",\"contentUrl\":\"https:\/\/secure.gravatar.com\/avatar\/84473de8cbf4200af853908f03b9ea9e?s=96&d=mm&r=g\",\"caption\":\"Storme Wouter\"},\"url\":\"https:\/\/carselect.touring.be\/fr\/blog\/author\/storme-wouter\/\"}]}<\/script>\n<!-- \/ Yoast SEO Premium plugin. -->","yoast_head_json":{"title":"Contr\u00f4le technique en Belgique : r\u00e8gles cl\u00e9s et nouveaut\u00e9s 2025","description":"D\u00e9couvrez les r\u00e8gles et changements du contr\u00f4le technique en Belgique pour 2025 et comment vous pr\u00e9parer. Lisez l'article!","robots":{"index":"index","follow":"follow","max-snippet":"max-snippet:-1","max-image-preview":"max-image-preview:large","max-video-preview":"max-video-preview:-1"},"canonical":"https:\/\/carselect.touring.be\/fr\/blog\/controle-technique-en-belgique-2025-regles-et-conseils-pour-une-inspection-reussie\/","og_locale":"fr_FR","og_type":"article","og_title":"Contr\u00f4le technique en Belgique 2025 : R\u00e8gles et conseils pour une inspection r\u00e9ussie","og_description":"D\u00e9couvrez les r\u00e8gles et changements du contr\u00f4le technique en Belgique pour 2025 et comment vous pr\u00e9parer. Lisez l'article!","og_url":"https:\/\/carselect.touring.be\/fr\/blog\/controle-technique-en-belgique-2025-regles-et-conseils-pour-une-inspection-reussie\/","og_site_name":"Touring Dealer","article_published_time":"2025-01-03T12:02:09+00:00","article_modified_time":"2025-07-09T14:14:43+00:00","og_image":[{"width":1000,"height":667,"url":"https:\/\/carselect.touring.be\/wp-content\/uploads\/2025\/01\/controle-technique-en-belgique-header.jpg","type":"image\/jpeg"}],"author":"Storme Wouter","twitter_card":"summary_large_image","twitter_misc":{"\u00c9crit par":"Storme Wouter","Dur\u00e9e de lecture est.":"8 minutes"},"schema":{"@context":"https:\/\/schema.org","@graph":[{"@type":"Article","@id":"https:\/\/carselect.touring.be\/fr\/blog\/controle-technique-en-belgique-2025-regles-et-conseils-pour-une-inspection-reussie\/#article","isPartOf":{"@id":"https:\/\/carselect.touring.be\/fr\/blog\/controle-technique-en-belgique-2025-regles-et-conseils-pour-une-inspection-reussie\/"},"author":{"name":"Storme Wouter","@id":"https:\/\/carselect.touring.be\/fr\/#\/schema\/person\/ac266868402e795f000a152b0f4fd4d8"},"headline":"Contr\u00f4le technique en Belgique 2025 : R\u00e8gles et conseils pour une inspection r\u00e9ussie","datePublished":"2025-01-03T12:02:09+00:00","dateModified":"2025-07-09T14:14:43+00:00","mainEntityOfPage":{"@id":"https:\/\/carselect.touring.be\/fr\/blog\/controle-technique-en-belgique-2025-regles-et-conseils-pour-une-inspection-reussie\/"},"wordCount":2060,"publisher":{"@id":"https:\/\/carselect.touring.be\/fr\/#organization"},"image":{"@id":"https:\/\/carselect.touring.be\/fr\/blog\/controle-technique-en-belgique-2025-regles-et-conseils-pour-une-inspection-reussie\/#primaryimage"},"thumbnailUrl":"\/wp-content\/uploads\/2025\/01\/controle-technique-en-belgique-header.jpg","keywords":["contr\u00f4le technique","inspection des voitures"],"articleSection":["Conseils"],"inLanguage":"fr-BE"},{"@type":"WebPage","@id":"https:\/\/carselect.touring.be\/fr\/blog\/controle-technique-en-belgique-2025-regles-et-conseils-pour-une-inspection-reussie\/","url":"https:\/\/carselect.touring.be\/fr\/blog\/controle-technique-en-belgique-2025-regles-et-conseils-pour-une-inspection-reussie\/","name":"Contr\u00f4le technique en Belgique : r\u00e8gles cl\u00e9s et nouveaut\u00e9s 2025","isPartOf":{"@id":"https:\/\/carselect.touring.be\/fr\/#website"},"primaryImageOfPage":{"@id":"https:\/\/carselect.touring.be\/fr\/blog\/controle-technique-en-belgique-2025-regles-et-conseils-pour-une-inspection-reussie\/#primaryimage"},"image":{"@id":"https:\/\/carselect.touring.be\/fr\/blog\/controle-technique-en-belgique-2025-regles-et-conseils-pour-une-inspection-reussie\/#primaryimage"},"thumbnailUrl":"\/wp-content\/uploads\/2025\/01\/controle-technique-en-belgique-header.jpg","datePublished":"2025-01-03T12:02:09+00:00","dateModified":"2025-07-09T14:14:43+00:00","description":"D\u00e9couvrez les r\u00e8gles et changements du contr\u00f4le technique en Belgique pour 2025 et comment vous pr\u00e9parer. Lisez l'article!","breadcrumb":{"@id":"https:\/\/carselect.touring.be\/fr\/blog\/controle-technique-en-belgique-2025-regles-et-conseils-pour-une-inspection-reussie\/#breadcrumb"},"inLanguage":"fr-BE","potentialAction":[{"@type":"ReadAction","target":["https:\/\/carselect.touring.be\/fr\/blog\/controle-technique-en-belgique-2025-regles-et-conseils-pour-une-inspection-reussie\/"]}]},{"@type":"ImageObject","inLanguage":"fr-BE","@id":"https:\/\/carselect.touring.be\/fr\/blog\/controle-technique-en-belgique-2025-regles-et-conseils-pour-une-inspection-reussie\/#primaryimage","url":"\/wp-content\/uploads\/2025\/01\/controle-technique-en-belgique-header.jpg","contentUrl":"\/wp-content\/uploads\/2025\/01\/controle-technique-en-belgique-header.jpg","width":1000,"height":667,"caption":"contr\u00f4le technique en belgique"},{"@type":"BreadcrumbList","@id":"https:\/\/carselect.touring.be\/fr\/blog\/controle-technique-en-belgique-2025-regles-et-conseils-pour-une-inspection-reussie\/#breadcrumb","itemListElement":[{"@type":"ListItem","position":1,"name":"Home","item":"https:\/\/carselect.touring.be\/fr\/"},{"@type":"ListItem","position":2,"name":"Contr\u00f4le technique en Belgique 2025 : R\u00e8gles et conseils pour une inspection r\u00e9ussie"}]},{"@type":"WebSite","@id":"https:\/\/carselect.touring.be\/fr\/#website","url":"https:\/\/carselect.touring.be\/fr\/","name":"Touring CarSelect","description":"","publisher":{"@id":"https:\/\/carselect.touring.be\/fr\/#organization"},"potentialAction":[{"@type":"SearchAction","target":{"@type":"EntryPoint","urlTemplate":"https:\/\/carselect.touring.be\/fr\/?s={search_term_string}"},"query-input":{"@type":"PropertyValueSpecification","valueRequired":true,"valueName":"search_term_string"}}],"inLanguage":"fr-BE"},{"@type":"Organization","@id":"https:\/\/carselect.touring.be\/fr\/#organization","name":"Touring CarSelect","url":"https:\/\/carselect.touring.be\/fr\/","logo":{"@type":"ImageObject","inLanguage":"fr-BE","@id":"https:\/\/carselect.touring.be\/fr\/#\/schema\/logo\/image\/","url":"\/wp-content\/uploads\/2024\/04\/Touring-Car-Select-Logo.png","contentUrl":"\/wp-content\/uploads\/2024\/04\/Touring-Car-Select-Logo.png","width":154,"height":53,"caption":"Touring CarSelect"},"image":{"@id":"https:\/\/carselect.touring.be\/fr\/#\/schema\/logo\/image\/"}},{"@type":"Person","@id":"https:\/\/carselect.touring.be\/fr\/#\/schema\/person\/ac266868402e795f000a152b0f4fd4d8","name":"Storme Wouter","image":{"@type":"ImageObject","inLanguage":"fr-BE","@id":"https:\/\/carselect.touring.be\/fr\/#\/schema\/person\/image\/","url":"https:\/\/secure.gravatar.com\/avatar\/84473de8cbf4200af853908f03b9ea9e?s=96&d=mm&r=g","contentUrl":"https:\/\/secure.gravatar.com\/avatar\/84473de8cbf4200af853908f03b9ea9e?s=96&d=mm&r=g","caption":"Storme Wouter"},"url":"https:\/\/carselect.touring.be\/fr\/blog\/author\/storme-wouter\/"}]}},"_links":{"self":[{"href":"https:\/\/carselect.touring.be\/fr\/wp-json\/wp\/v2\/posts\/12793","targetHints":{"allow":["GET"]}}],"collection":[{"href":"https:\/\/carselect.touring.be\/fr\/wp-json\/wp\/v2\/posts"}],"about":[{"href":"https:\/\/carselect.touring.be\/fr\/wp-json\/wp\/v2\/types\/post"}],"author":[{"embeddable":true,"href":"https:\/\/carselect.touring.be\/fr\/wp-json\/wp\/v2\/users\/28"}],"replies":[{"embeddable":true,"href":"https:\/\/carselect.touring.be\/fr\/wp-json\/wp\/v2\/comments?post=12793"}],"version-history":[{"count":6,"href":"https:\/\/carselect.touring.be\/fr\/wp-json\/wp\/v2\/posts\/12793\/revisions"}],"predecessor-version":[{"id":14004,"href":"https:\/\/carselect.touring.be\/fr\/wp-json\/wp\/v2\/posts\/12793\/revisions\/14004"}],"wp:featuredmedia":[{"embeddable":true,"href":"https:\/\/carselect.touring.be\/fr\/wp-json\/wp\/v2\/media\/12796"}],"wp:attachment":[{"href":"https:\/\/carselect.touring.be\/fr\/wp-json\/wp\/v2\/media?parent=12793"}],"wp:term":[{"taxonomy":"category","embeddable":true,"href":"https:\/\/carselect.touring.be\/fr\/wp-json\/wp\/v2\/categories?post=12793"},{"taxonomy":"post_tag","embeddable":true,"href":"https:\/\/carselect.touring.be\/fr\/wp-json\/wp\/v2\/tags?post=12793"}],"curies":[{"name":"wp","href":"https:\/\/api.w.org\/{rel}","templated":true}]}}