{"id":12638,"date":"2025-01-01T09:23:58","date_gmt":"2025-01-01T08:23:58","guid":{"rendered":"https:\/\/wp-bnp.azurewebsites.net\/2024\/12\/30\/reparer-un-pare-brise-et-des-essuie-glaces-conseils-pour-un-remplacement-rapide-et-economique\/"},"modified":"2025-07-10T08:52:42","modified_gmt":"2025-07-10T06:52:42","slug":"reparer-un-pare-brise-et-changer-essuie-glaces-conseils-pratique","status":"publish","type":"post","link":"https:\/\/carselect.touring.be\/fr\/blog\/reparer-un-pare-brise-et-changer-essuie-glaces-conseils-pratique\/","title":{"rendered":"Comment r\u00e9parer un pare-brise et changer des essuie-glaces: guide pratique et conseils"},"content":{"rendered":"\n\n\n<style>\n.banner-carousel div[class$=\"-banner\"] {\n  display: none;\n}\n\n.banner-carousel div[class$=\"-banner\"]:first-child,\n.banner-carousel.flickity-enabled div[class$=\"-banner\"] {\n  display: inline-flex;\n} \n\n  .roadside-margin-top {\n    margin-top: 0px;\n  }\n\n  .roadside-margin-top-stock {\n    margin-top: 24px;\n  }\n\n  .roadside-assistance-banner {\n    background-color: #E4EDF4;\n    color: var(--primary-color);\n    text-align: center;\n    height: 56px;\n    font-weight: bold;\n    position: static;\n    box-shadow: rgba(0, 0, 0, 0.15) 1px 1px 10px;\n  }\n\n  .roadside-assistance-banner img {\n    height: 30px;\n  }\n\n  .roadside-assistance-banner .full-banner-button {\n    color: var(--primary-color);\n    cursor: pointer;\n    display: inline-flex;\n    align-items: center;\n    justify-content: center;\n    height: 56px;\n  }\n\n.banner-carousel-container .quality-check-banner, \n.banner-carousel-container  .roadside-banner, \n.banner-carousel-container .stock-banner {\n    color: var(--primary-color);\n    display: inline-flex;\n    align-items: center;\n    justify-content: center;\n    height: 56px;\n  }\n\n  .roadside-assistance-banner.mobile-only .banner-text {\n    padding-right: 8px;\n    padding-left: 8px;\n    margin: 0px;\n  }\n\n  .roadside-assistance-banner .banner-text {\n    font-weight: bold;\n    margin-right: 24px;\n    margin-left: 8px;\n    font-size: 18px;\n  }\n\n  .roadside-assistance-banner.desktop-only {\n    height: 56px;\n    line-height: 56px;\n    width: 100%;\n  }\n  \n  .more-info-button {\n    color: white;\n    background-color: var(--primary-color);\n    padding: 6px 10px;\n    cursor: pointer;\n    border-radius: 5px;\n  }\n\n  .more-info-button:hover, .blog-single a:focus {\n    color: white!important;\n  }\n\n  .roadside-assistance-popup .roadside-assistance-title {\n    text-align: center;\n    margin-bottom: 8px; line-height: 15px;\n  }\n\n .roadside-assistance-popup .roadside-assistance-list {\n    display: flex;\n    flex-direction: column;\n    font-size: 16px;\n  }\n\n .roadside-assistance-popup .roadside-assistance-item {\n    display: flex;\n    align-items: baseline;\n    position: relative;\n    margin-bottom: 10px;\n  }\n\n .roadside-assistance-popup .roadside-assistance-circle {\n    width: 20px;\n    min-width: 20px;\n    height: 20px;\n    border-radius: 50%;\n    background-color: var(--primary-color);\n    display: flex;\n    justify-content: center;\n    align-items: center;\n    font-weight: bold;\n    position: relative;\n    color: white;\n  }\n\n .roadside-assistance-popup .roadside-assistance-text {\n    margin-left: 8px;\n    color: var(--primary-color);\n    line-height: 16px;\n  }\n\n .roadside-assistance-popup .roadside-assistance-item:not(:last-child)::before {\n    content: \"\";\n    position: absolute;\n    width: 1px;\n    height: 28px;\n    background-color: var(--primary-color);\n    left: 10px;\n    top: 20px;\n  }\n\n .roadside-assistance-popup .roadside-assistance-item:nth-child(3)::after {\n    content: \"\";\n    position: absolute;\n    left: 7px;\n    top: 40px;\n    border: solid var(--primary-color);\n    border-width: 0 1px 1px 0;\n    padding: 3px;\n    transform: rotate(45deg);\n    -webkit-transform: rotate(45deg);\n  }\n\n  .roadside-assistance-popup .roadside-assistance-item:last-child {\n    padding-top: 20px;\n  }\n\n  .roadside-assistance-popup .roadside-assistance-item:last-child .roadside-assistance-circle {\n    padding-top: 1px;\n    background-color: #08ccb4;\n    color: white;\n  }\n\n  .roadside-assistance-popup .roadside-assistance-sublist {\n    color:var(--primary-color);\n    font-size: 16px;\n    padding-left: 28px;\n  }\n\n  .roadside-assistance-popup .roadside-assistance-sublist .checkmark {\n    color: var(--primary-color);\n  }\n\n  .roadside-assistance-popup.lightbox-content {\n    background-color: unset;\n    box-shadow: unset;\n  }\n\n  .roadside-assistance-popup .dialog-container > .col-inner {\n    box-shadow: 3px 3px 20px 0 rgba(0, 0, 0, .15);\n  }\n\n  @media only screen and (max-width: 800px) {\n    .roadside-assistance-banner {\n      z-index: 1000;\n    }\n\n    .roadside-assistance-banner.mobile-only {\n      display: block !important;\n    }\n\n    .roadside-assistance-banner.desktop-only {\n      display: none;\n    }\n  }\n\n  @media only screen and (min-width: 801px) {\n    .roadside-assistance-banner {\n      z-index: 8;\n    }\n\n    .roadside-assistance-banner.mobile-only {\n      display: none;\n    }\n\n    .roadside-assistance-banner.desktop-only {\n      display: block;\n    }\n  }\n\n  @media only screen and (max-width: 548px) {\n    #stock-general .stock-general__header-order--3 {\n      margin-top: 12px;\n    }\n  }\n  .roadside-assistance-popup .service-link.button.close {\n    font-size: 16px;\n    margin-left: 8px;\n  }\n\n  .roadside-assistance-popup .car-item-detail {\n    align-items: center;\n  }\n\n  .article-text, .default-text  {\n    display: none;\n  }\n\n  @media only screen and (max-width: 500px) {\n    .roadside-assistance-banner.mobile-only .banner-text {\n      font-size: 14px;\n      line-height: 16px;\n    }\n  }\n\n  @media only screen and (max-width: 405px) {\n    .roadside-assistance-banner.mobile-only .article-text {\n      width: 75%;\n    }\n  }\n\n  .roadside-assistance-banner.mobile-only img {\n    margin-left: 8px;\n  }\n\n  article .roadside-assistance-banner {\n    width: 100vw !important;\n    margin-left: calc(50% - 50vw);\n  }\n<\/style>\n\n\n\n<div class=\"roadside-assistance-banner desktop-only banner-carousel-container\"> \n  <div class=\"banner-carousel\">\n    <div class=\"quality-check-banner\">\n<svg width=\"24\" height=\"24\" viewBox=\"0 0 24 24\" fill=\"none\" xmlns=\"http:\/\/www.w3.org\/2000\/svg\">\n<path d=\"M4 12.5L9.5 17L19 7\" stroke=\"#00418c\" stroke-width=\"2.5\" stroke-linecap=\"round\" stroke-linejoin=\"round\"\/>\n<\/svg>\n      <span class=\"banner-text\">\nContr\u00f4les de qualit\u00e9 par Touring\n      <\/span>\n    <\/div>\n    <div class=\"roadside-banner\">\n<svg width=\"24\" height=\"24\" viewBox=\"0 0 24 24\" fill=\"none\" xmlns=\"http:\/\/www.w3.org\/2000\/svg\">\n<path d=\"M4 12.5L9.5 17L19 7\" stroke=\"#00418c\" stroke-width=\"2.5\" stroke-linecap=\"round\" stroke-linejoin=\"round\"\/>\n<\/svg>\n      <span class=\"banner-text default-text\">\n12 mois de d\u00e9pannage offerts\n      <\/span>\n      <span class=\"banner-text article-text\">\nD\u00e9couvrez notre large stock de voitures d\u2019occasion fiables\n      <\/span>\n    <\/div>\n    <div class=\"stock-banner\">\n<svg width=\"24\" height=\"24\" viewBox=\"0 0 24 24\" fill=\"none\" xmlns=\"http:\/\/www.w3.org\/2000\/svg\">\n<path d=\"M4 12.5L9.5 17L19 7\" stroke=\"#00418c\" stroke-width=\"2.5\" stroke-linecap=\"round\" stroke-linejoin=\"round\"\/>\n<\/svg>\n      <span class=\"banner-text\">\n<span class=\"stock-count\">0<\/span> voitures disponibles\n      <\/span>\n    <\/div>\n  <\/div>\n<\/div>\n\n\n\n<div class=\"roadside-assistance-banner mobile-only banner-carousel-container\"> \n  <div class=\"banner-carousel\">\n    <div class=\"quality-check-banner\">\n<svg width=\"24\" height=\"24\" viewBox=\"0 0 24 24\" fill=\"none\" xmlns=\"http:\/\/www.w3.org\/2000\/svg\">\n<path d=\"M4 12.5L9.5 17L19 7\" stroke=\"#00418c\" stroke-width=\"2.5\" stroke-linecap=\"round\" stroke-linejoin=\"round\"\/>\n<\/svg>\n      <span class=\"banner-text\">\nContr\u00f4les de qualit\u00e9 par Touring\n      <\/span>\n    <\/div>\n    <div class=\"roadside-banner\">\n<svg width=\"24\" height=\"24\" viewBox=\"0 0 24 24\" fill=\"none\" xmlns=\"http:\/\/www.w3.org\/2000\/svg\">\n<path d=\"M4 12.5L9.5 17L19 7\" stroke=\"#00418c\" stroke-width=\"2.5\" stroke-linecap=\"round\" stroke-linejoin=\"round\"\/>\n<\/svg>\n        <span class=\"banner-text default-text\">\n12 mois de d\u00e9pannage offerts\n        <\/span>\n        <span class=\"banner-text article-text\">\nD\u00e9couvrez notre large stock de voitures d\u2019occasion fiables\n        <\/span>\n    <\/div>\n    <div class=\"stock-banner\">\n<svg width=\"24\" height=\"24\" viewBox=\"0 0 24 24\" fill=\"none\" xmlns=\"http:\/\/www.w3.org\/2000\/svg\">\n<path d=\"M4 12.5L9.5 17L19 7\" stroke=\"#00418c\" stroke-width=\"2.5\" stroke-linecap=\"round\" stroke-linejoin=\"round\"\/>\n<\/svg>\n      <span class=\"banner-text\">\n<span class=\"stock-count\">0<\/span> voitures disponibles\n      <\/span>\n    <\/div>\n  <\/div>\n<\/div>\n\n<div class=\"row align-center roadside-assistance-popup lightbox-by-id lightbox-content lightbox-white mfp-hide\"  id=\"row-1979380275\">\n\n\n\t<div id=\"col-1816854036\" class=\"col dialog-container medium-6 small-12 large-6\"  >\n\t\t\t\t<div class=\"col-inner\" style=\"background-color:rgb(255, 255, 255);\" >\n\t\t\t\n\t\t\t\n\n\t<div class=\"img has-hover x md-x lg-x y md-y lg-y\" id=\"image_1432732559\">\n\t\t\t\t\t\t\t\t<div class=\"img-inner dark\" >\n\t\t\t<img loading=\"lazy\" decoding=\"async\" width=\"1020\" height=\"680\" src=\"\/wp-content\/uploads\/2025\/04\/Touring_221026_3058_NL-1-1024x683.webp\" class=\"attachment-large size-large\" alt=\"Roadside Assistance Banner NL\" srcset=\"\/wp-content\/uploads\/2025\/04\/Touring_221026_3058_NL-1-1024x683.webp 1024w, \/wp-content\/uploads\/2025\/04\/Touring_221026_3058_NL-1-300x200.webp 300w, \/wp-content\/uploads\/2025\/04\/Touring_221026_3058_NL-1-768x512.webp 768w, \/wp-content\/uploads\/2025\/04\/Touring_221026_3058_NL-1-1536x1024.webp 1536w, \/wp-content\/uploads\/2025\/04\/Touring_221026_3058_NL-1-2048x1365.webp 2048w\" sizes=\"auto, (max-width: 1020px) 100vw, 1020px\" \/>\t\t\t\t\t\t\n\t\t\t\t\t<\/div>\n\t\t\t\t\t\t\t\t\n<style>\n#image_1432732559 {\n  width: 100%;\n}\n<\/style>\n\t<\/div>\n\t\n\n<div class=\"row\"  id=\"row-414253281\">\n\n\n\t<div id=\"col-1018847097\" class=\"col small-12 large-12\"  >\n\t\t\t\t<div class=\"col-inner\"  >\n\t\t\t\n\t\t\t\n\n\n\n<p data-text-color=\"primary\" class=\"roadside-assistance-title\">\n  <strong>12 mois d\u2019assistance d\u00e9pannage offerts sur tous les v\u00e9hicules<\/strong>\n<\/p>\n<div class=\"roadside-assistance-list\">\n  <div class=\"roadside-assistance-item\">\n      <div class=\"roadside-assistance-circle\">1<\/div>\n      <div class=\"roadside-assistance-text\">Trouvez votre v\u00e9hicule<\/div>\n  <\/div>\n  <div class=\"roadside-assistance-item\">\n      <div class=\"roadside-assistance-circle\">2<\/div>\n      <div class=\"roadside-assistance-text\">Rendez-vous dans votre concession<\/div>\n  <\/div>\n  <div class=\"roadside-assistance-item\">\n      <div class=\"roadside-assistance-circle\">3<\/div>\n      <div class=\"roadside-assistance-text\">Le vendeur active instantan\u00e9ment votre assistance<\/div>\n  <\/div>\n  <div class=\"roadside-assistance-item\">\n      <div class=\"roadside-assistance-circle\">\u2713<\/div>\n      <div class=\"roadside-assistance-text\"><strong>Profitez de votre assistance pendant 12 mois<\/strong><\/div>\n  <\/div>\n<\/div>\n<div class=\"roadside-assistance-sublist\">\n<div>\n<span class=\"checkmark \">\u2713<\/span>\n<span>Dans toute la Belgique<\/span>\n<\/div>\n<div>\n<span class=\"checkmark \">\u2713<\/span>\n<span>V\u00e9hicule de remplacement<\/span>\n<\/div>\n<\/div>\n\n\n\t\t<\/div>\n\t\t\t\t\t<\/div>\n\n\t\n\n\t<div id=\"col-1017333608\" class=\"col small-12 large-12\"  >\n\t\t\t\t<div class=\"col-inner\"  >\n\t\t\t\n\t\t\t\n\n\n\n<div class=\"car-item-detail d-flex\"> \n         <a href=\"https:\/\/carselect.touring.be\/fr\/services-solutions\/#roadside-assistance\">\n         <div class=\"more-info-button bold\">\n Plus d\u2019information\n         <\/div>\n           <\/a>\n<button class=\"button success lowercase service-link close\">Fermer<\/button>\n      <\/div>\n\n\n\t\t<\/div>\n\t\t\t\t\t<\/div>\n\n\t\n\n\n<style>\n#row-414253281 > .col > .col-inner {\n  padding: 0px 24px 0px 24px;\n}\n<\/style>\n<\/div>\n\n\t\t<\/div>\n\t\t\t\t\t<\/div>\n\n\t\n\n<\/div>\n\n\n<script>\ndocument.querySelector('.roadside-assistance-popup').setAttribute('id', 'roadside-assistance-popup');\n\ndocument.querySelector('.roadside-assistance-popup .button.close').addEventListener('click', function() {\n$.magnificPopup.close();\n});\n\nif (window.location.pathname.includes(\"blog\")) {\n  const toShow = document.querySelectorAll(\".article-text\");\n  toShow.forEach(el => {\n    el.style.display=\"inline\";\n  });\n} else {\n  const toShow = document.querySelectorAll(\".default-text\");\n  toShow.forEach(el => {\n    el.style.display=\"inline\";\n  });\n}\n<\/script>\n\n\n\n\t<section class=\"section news-details\" id=\"section_1160009868\">\n\t\t<div class=\"section-bg fill\" >\n\t\t\t\t\t\t\t\t\t\n\t\t\t\n\n\t\t<\/div>\n\n\t\t\n\n\t\t<div class=\"section-content relative\">\n\t\t\t\n\n<div class=\"row row-large\"  id=\"row-738428999\">\n\n\n\t<div id=\"col-641585512\" class=\"col medium-8 small-12 large-8\"  >\n\t\t\t\t<div class=\"col-inner\"  >\n\t\t\t\n\t\t\t\n\n<div class=\"container section-title-container\" ><h1 class=\"section-title section-title-normal\"><b><\/b><span class=\"section-title-main\" >R\u00e9parer un pare-brise et changer des essuie-glaces : guide pratique et conseils<\/span><b><\/b><\/h1><\/div>\n\n\n\t\t<\/div>\n\t\t\t\t\n<style>\n#col-641585512 > .col-inner {\n  padding: 0px 0px 0px 0px;\n  margin: 0px 0px 0px 0px;\n}\n<\/style>\n\t<\/div>\n\n\t\n\n\t<div id=\"col-518093326\" class=\"col small-12 large-12\"  >\n\t\t\t\t<div class=\"col-inner\"  >\n\t\t\t\n\t\t\t\n\n\t<div class=\"img has-hover x md-x lg-x y md-y lg-y\" id=\"image_1293741755\">\n\t\t\t\t\t\t\t\t<div class=\"img-inner dark\" >\n\t\t\t<img loading=\"lazy\" decoding=\"async\" width=\"1000\" height=\"645\" src=\"\/wp-content\/uploads\/2024\/12\/header-reparer_pare-brise-1.jpg\" class=\"attachment-large size-large\" alt=\"\" srcset=\"\/wp-content\/uploads\/2024\/12\/header-reparer_pare-brise-1.jpg 1000w, \/wp-content\/uploads\/2024\/12\/header-reparer_pare-brise-1-300x194.jpg 300w, \/wp-content\/uploads\/2024\/12\/header-reparer_pare-brise-1-768x495.jpg 768w\" sizes=\"auto, (max-width: 1000px) 100vw, 1000px\" \/>\t\t\t\t\t\t\n\t\t\t\t\t<\/div>\n\t\t\t\t\t\t\t\t\n<style>\n#image_1293741755 {\n  width: 100%;\n}\n<\/style>\n\t<\/div>\n\t\n\n\n\t\t<\/div>\n\t\t\t\t\n<style>\n#col-518093326 > .col-inner {\n  margin: 0px 0px 25px 0px;\n}\n<\/style>\n\t<\/div>\n\n\t\n\n\t<div id=\"col-887529616\" class=\"col medium-8 small-12 large-8\"  >\n\t\t\t\t<div class=\"col-inner\"  >\n\t\t\t\n\t\t\t\n\n<p>Le pare-brise de votre v\u00e9hicule joue un r\u00f4le bien plus crucial que de simplement prot\u00e9ger contre le vent et la pluie. Il constitue un \u00e9l\u00e9ment fondamental de la s\u00e9curit\u00e9 et du confort de conduite. Qu&rsquo;il s&rsquo;agisse d&rsquo;offrir une vision claire par temps de pluie, de soutenir les syst\u00e8mes de s\u00e9curit\u00e9 modernes tels que l\u2019assistance au maintien de trajectoire et les capteurs, ou de prot\u00e9ger les passagers lors d\u2019un impact, un pare-brise bien entretenu fait toute la diff\u00e9rence.  <\/p>\n<p>Dans cet article, d\u00e9couvrez pourquoi le pare-brise est essentiel, comment reconna\u00eetre et pr\u00e9venir les dommages, et ce qu\u2019implique son remplacement. Vous apprendrez \u00e9galement comment remplacer facilement vos balais d\u2019essuie-glace et d\u00e9givrer rapidement votre pare-brise. Un bon entretien garantit non seulement votre s\u00e9curit\u00e9, mais am\u00e9liore aussi votre exp\u00e9rience de conduite.  <\/p>\n<div class=\"container section-title-container\" ><h2 class=\"section-title section-title-normal\"><b><\/b><span class=\"section-title-main\" >Pourquoi un pare-brise de qualit\u00e9 est-il essentiel ?<\/span><b><\/b><\/h2><\/div>\n\n<p>Le pare-brise d\u2019une voiture remplit plusieurs fonctions, o\u00f9 s\u00e9curit\u00e9 et confort de conduite sont des priorit\u00e9s.<\/p>\n<div class=\"container section-title-container\" ><h3 class=\"section-title section-title-normal\"><b><\/b><span class=\"section-title-main\" >R\u00f4le du pare-brise dans la s\u00e9curit\u00e9 structurelle<\/span><b><\/b><\/h3><\/div>\n\n<p>Le pare-brise n\u2019est pas simplement une vitre situ\u00e9e \u00e0 l\u2019avant de votre v\u00e9hicule. C\u2019est un composant essentiel de la s\u00e9curit\u00e9 structurelle. Sur les v\u00e9hicules modernes, il contribue \u00e0 la stabilit\u00e9 du ch\u00e2ssis, en particulier en cas de collision ou de retournement. Un pare-brise robuste et en bon \u00e9tat garantit que l\u2019airbag fonctionne correctement, en s\u2019appuyant sur la vitre lors d\u2019un impact. En revanche, un pare-brise endommag\u00e9 ou mal install\u00e9 peut r\u00e9duire la stabilit\u00e9 du v\u00e9hicule, mettant en danger la vie des passagers.    <\/p>\n<div class=\"container section-title-container\" ><h3 class=\"section-title section-title-normal\"><b><\/b><span class=\"section-title-main\" >L'impact des dommages sur la visibilit\u00e9 et la s\u00e9curit\u00e9<\/span><b><\/b><\/h3><\/div>\n\n<p>Un petit \u00e9clat ou une fissure peut sembler anodin au premier abord, mais il peut s\u00e9rieusement alt\u00e9rer la visibilit\u00e9, notamment en cas de forte luminosit\u00e9 ou de conduite nocturne. Les reflets, r\u00e9fractions ou distorsions dans le verre compliquent l\u2019observation de la route et des obstacles. De plus, un impact mineur peut rapidement s&rsquo;aggraver sous l\u2019effet des variations de temp\u00e9rature ou des vibrations, compromettant encore davantage la s\u00e9curit\u00e9.  <\/p>\n<div class=\"container section-title-container\" ><h2 class=\"section-title section-title-normal\"><b><\/b><span class=\"section-title-main\" >Ce qui rend un pare-brise unique<\/span><b><\/b><\/h2><\/div>\n\n<p>Le pare-brise est l&rsquo;un des composants les plus essentiels de votre v\u00e9hicule. Mais qu\u2019est-ce qui le rend si sp\u00e9cial ? Voici un aper\u00e7u de ses propri\u00e9t\u00e9s distinctives.  <\/p>\n<div class=\"container section-title-container\" ><h3 class=\"section-title section-title-normal\"><b><\/b><span class=\"section-title-main\" >Verre feuillet\u00e9 avec couche PVB : robustesse et s\u00e9curit\u00e9<\/span><b><\/b><\/h3><\/div>\n\n<p>Un pare-brise moderne est constitu\u00e9 de verre feuillet\u00e9, compos\u00e9 de deux couches de verre entourant une couche interm\u00e9diaire de polyvinyle butyral (PVB). En cas de bris, les morceaux de verre restent coll\u00e9s \u00e0 la couche PVB, r\u00e9duisant les risques de blessures. Ce design sp\u00e9cial r\u00e9siste \u00e9galement aux impacts tels que les projections de gravier.  <\/p>\n<div class=\"container section-title-container\" ><h3 class=\"section-title section-title-normal\"><b><\/b><span class=\"section-title-main\" >Diff\u00e9rents types de pare-brises : confort et technologie<\/span><b><\/b><\/h3><\/div>\n\n<p>Les pare-brises ne se limitent pas \u00e0 un simple verre feuillet\u00e9 ; certains mod\u00e8les offrent des fonctionnalit\u00e9s qui am\u00e9liorent le confort de conduite, notamment :<\/p>\n<div class=\"container section-title-container\" ><h4 class=\"section-title section-title-normal\"><b><\/b><span class=\"section-title-main\" >Pare-brises athermiques<\/span><b><\/b><\/h4><\/div>\n\n<p>Ces pare-brises sont dot\u00e9s d&rsquo;un rev\u00eatement sp\u00e9cial qui filtre les rayons UV et infrarouges, aidant \u00e0 maintenir une temp\u00e9rature int\u00e9rieure plus fra\u00eeche et \u00e0 r\u00e9duire l&rsquo;utilisation de la climatisation. Cependant, la couche m\u00e9tallique peut parfois perturber la r\u00e9ception des signaux GPS ou des badges de p\u00e9age. <\/p>\n<div class=\"container section-title-container\" ><h4 class=\"section-title section-title-normal\"><b><\/b><span class=\"section-title-main\" >Pare-brises teint\u00e9s<\/span><b><\/b><\/h4><\/div>\n\n<p>Les pare-brises teint\u00e9s absorbent l&rsquo;\u00e9nergie solaire et r\u00e9duisent les \u00e9blouissements, augmentant ainsi le confort de conduite. Cependant, les teintes suppl\u00e9mentaires sont <strong>strictement r\u00e9glement\u00e9es<\/strong>, bien qu&rsquo;une bande solaire en haut du pare-brise soit souvent autoris\u00e9e. Pour en savoir plus, consultez notre guide sur les pare-brises teint\u00e9s. <\/p>\n<p>Pour en savoir plus, consultez<a href=\"https:\/\/www.touring.be\/nl\/artikels\/getinte-ruiten-vijf-vragen-die-je-jezelf-moet-stellen\" target=\"_blank\" rel=\"noopener noreferrer\"> notre guide <\/a>sur les pare-brises teint\u00e9s.<\/p>\n<div class=\"container section-title-container\" ><h4 class=\"section-title section-title-normal\"><b><\/b><span class=\"section-title-main\" >Pare-brises avec d\u00e9givrage int\u00e9gr\u00e9<\/span><b><\/b><\/h4><\/div>\n\n<p>Ces pare-brises sont \u00e9quip\u00e9s de micro-filaments qui d\u00e9givrent rapidement et \u00e9liminent la condensation, parfaits pour les matins froids. Cependant, certains conducteurs signalent une l\u00e9g\u00e8re distorsion des phares d&rsquo;autres v\u00e9hicules la nuit. <\/p>\n<div class=\"container section-title-container\" ><h4 class=\"section-title section-title-normal\"><b><\/b><span class=\"section-title-main\" >Pare-brises acoustiques<\/span><b><\/b><\/h4><\/div>\n\n<p>Gr\u00e2ce \u00e0 des couches de r\u00e9sine sp\u00e9cifiques, ces pare-brises absorbent les vibrations sonores, offrant une cabine plus silencieuse \u2013 id\u00e9ale pour les longs trajets sur autoroute. <\/p>\n<div class=\"container section-title-container\" ><h4 class=\"section-title section-title-normal\"><b><\/b><span class=\"section-title-main\" >Int\u00e9gration technologique dans les pare-brises modernes<\/span><b><\/b><\/h4><\/div>\n\n<p>Les pare-brises actuels ne se limitent pas \u00e0 leur fonction protectrice. Ils int\u00e8grent des technologies innovantes, notamment :<\/p>\n<ul>\n<li>\n<p><strong>Affichage t\u00eate haute (HUD)<\/strong> : Projette des informations essentielles, comme la vitesse ou la navigation, directement sur le pare-brise<\/p>\n<\/li>\n<li>\n<p><strong>Capteurs int\u00e9gr\u00e9s<\/strong> : Soutiennent des syst\u00e8mes comme l\u2019assistance au maintien de trajectoire ou le r\u00e9gulateur de vitesse adaptatif.<\/p>\n<\/li>\n<li>\n<p><strong>Designs panoramiques<\/strong> : Pr\u00e9sents sur les SUV et les monospaces, ils am\u00e9liorent la visibilit\u00e9 tout en renfor\u00e7ant l&rsquo;int\u00e9grit\u00e9 structurelle du v\u00e9hicule.<\/p>\n<\/li>\n<\/ul>\n\t<div class=\"img has-hover x md-x lg-x y md-y lg-y\" id=\"image_1030773458\">\n\t\t\t\t\t\t\t\t<div class=\"img-inner dark\" >\n\t\t\t<img loading=\"lazy\" decoding=\"async\" width=\"768\" height=\"511\" src=\"\/wp-content\/uploads\/2024\/12\/hud-1-768x511.jpg\" class=\"attachment-medium_large size-medium_large\" alt=\"r\u00e9parer un pare brise avec HUD\" srcset=\"\/wp-content\/uploads\/2024\/12\/hud-1-768x511.jpg 768w, \/wp-content\/uploads\/2024\/12\/hud-1-300x200.jpg 300w, \/wp-content\/uploads\/2024\/12\/hud-1.jpg 1000w\" sizes=\"auto, (max-width: 768px) 100vw, 768px\" \/>\t\t\t\t\t\t\n\t\t\t\t\t<\/div>\n\t\t\t\t\t\t\t\t\n<style>\n#image_1030773458 {\n  width: 100%;\n}\n<\/style>\n\t<\/div>\n\t\n\n<div class=\"container section-title-container\" ><h3 class=\"section-title section-title-normal\"><b><\/b><span class=\"section-title-main\" >Diff\u00e9rences entre le pare-brise et les autres vitres du v\u00e9hicule<\/span><b><\/b><\/h3><\/div>\n\n<p>Les pare-brises sont fabriqu\u00e9s \u00e0 partir de verre feuillet\u00e9, tandis que les vitres arri\u00e8re et lat\u00e9rales sont g\u00e9n\u00e9ralement en verre tremp\u00e9. Le verre tremp\u00e9, en cas d&rsquo;impact, se brise en petits morceaux non tranchants pour minimiser les blessures. En revanche, le pare-brise offre des fonctionnalit\u00e9s suppl\u00e9mentaires comme des capteurs de pluie int\u00e9gr\u00e9s, des fils chauffants ou des rev\u00eatements anti-UV. Ces caract\u00e9ristiques en font un composant complexe et essentiel, tant pour la s\u00e9curit\u00e9 que pour le confort de conduite, notamment lorsqu&rsquo;il doit \u00eatre remplac\u00e9.    <\/p>\n<div class=\"container section-title-container\" ><h2 class=\"section-title section-title-normal\"><b><\/b><span class=\"section-title-main\" >Quand faut-il remplacer un pare-brise ?<\/span><b><\/b><\/h2><\/div>\n\n<p>Voici un aper\u00e7u des types de dommages au pare-brise afin de d\u00e9terminer si une simple r\u00e9paration suffit ou si un remplacement est n\u00e9cessaire.<\/p>\n<div class=\"container section-title-container\" ><h3 class=\"section-title section-title-normal\"><b><\/b><span class=\"section-title-main\" >Impact mineur : r\u00e9parer ou remplacer ?<\/span><b><\/b><\/h3><\/div>\n\n<p>Un impact mineur, tel qu&rsquo;un \u00e9clat, peut souvent \u00eatre r\u00e9par\u00e9, \u00e0 condition qu&rsquo;il soit plus petit qu&rsquo;une pi\u00e8ce de deux euros, qu&rsquo;il ne soit pas situ\u00e9 dans le champ de vision direct du conducteur et qu&rsquo;il se trouve \u00e0 plus de 6 cm du bord du pare-brise. La r\u00e9paration emp\u00eache l&rsquo;agrandissement de la fissure tout en pr\u00e9servant l&rsquo;int\u00e9grit\u00e9 de la vitre.   <\/p>\n<p>Cependant, les \u00e9clats avec des ramifications ou situ\u00e9s dans la zone de vision n\u00e9cessitent g\u00e9n\u00e9ralement un remplacement pour garantir la s\u00e9curit\u00e9. <strong>En moyenne, la r\u00e9paration d&rsquo;un \u00e9clat co\u00fbte entre 100 \u20ac et 170 \u20ac.<\/strong><\/p>\n\t<div class=\"img has-hover x md-x lg-x y md-y lg-y\" id=\"image_1454440408\">\n\t\t\t\t\t\t\t\t<div class=\"img-inner dark\" >\n\t\t\t<img loading=\"lazy\" decoding=\"async\" width=\"768\" height=\"512\" src=\"\/wp-content\/uploads\/2024\/12\/impact-mineur-1-768x512.jpg\" class=\"attachment-medium_large size-medium_large\" alt=\"Le remplacement de l&#039;ouverture du pare-brise n&#039;est pas toujours n\u00e9cessaire\" srcset=\"\/wp-content\/uploads\/2024\/12\/impact-mineur-1-768x512.jpg 768w, \/wp-content\/uploads\/2024\/12\/impact-mineur-1-300x200.jpg 300w, \/wp-content\/uploads\/2024\/12\/impact-mineur-1.jpg 1000w\" sizes=\"auto, (max-width: 768px) 100vw, 768px\" \/>\t\t\t\t\t\t\n\t\t\t\t\t<\/div>\n\t\t\t\t\t\t\t\t\n<style>\n#image_1454440408 {\n  width: 100%;\n}\n<\/style>\n\t<\/div>\n\t\n\n<div class=\"container section-title-container\" ><h3 class=\"section-title section-title-normal\"><b><\/b><span class=\"section-title-main\" >Fissures importantes : quand le remplacement est indispensable<\/span><b><\/b><\/h3><\/div>\n\n<p>Pour les fissures de plus de 30 cm ou celles qui atteignent le bord du pare-brise, un remplacement est souvent in\u00e9vitable. Ces dommages compromettent la stabilit\u00e9 structurelle du pare-brise, augmentant les risques lors de la conduite ou en cas d&rsquo;accident.  <\/p>\n\t<div class=\"img has-hover x md-x lg-x y md-y lg-y\" id=\"image_619596728\">\n\t\t\t\t\t\t\t\t<div class=\"img-inner dark\" >\n\t\t\t<img loading=\"lazy\" decoding=\"async\" width=\"768\" height=\"512\" src=\"\/wp-content\/uploads\/2024\/12\/barst-voorruit-768x512.webp\" class=\"attachment-medium_large size-medium_large\" alt=\"\" srcset=\"\/wp-content\/uploads\/2024\/12\/barst-voorruit-768x512.webp 768w, \/wp-content\/uploads\/2024\/12\/barst-voorruit-300x200.webp 300w, \/wp-content\/uploads\/2024\/12\/barst-voorruit.webp 1000w\" sizes=\"auto, (max-width: 768px) 100vw, 768px\" \/>\t\t\t\t\t\t\n\t\t\t\t\t<\/div>\n\t\t\t\t\t\t\t\t\n<style>\n#image_619596728 {\n  width: 100%;\n}\n<\/style>\n\t<\/div>\n\t\n\n<div class=\"container section-title-container\" ><h2 class=\"section-title section-title-normal\"><b><\/b><span class=\"section-title-main\" >Risques li\u00e9s \u00e0 un pare-brise endommag\u00e9<\/span><b><\/b><\/h2><\/div>\n\n<p>Un pare-brise endommag\u00e9 compromet <strong>la s\u00e9curit\u00e9 des passagers.<\/strong> En cas d&rsquo;accident, il peut se briser plus facilement et affecter le bon d\u00e9ploiement de l&rsquo;airbag. En Belgique, il <strong>est obligatoire <\/strong>de maintenir le v\u00e9hicule, y compris le pare-brise, en bon \u00e9tat. Toute obstruction \u00e0 la visibilit\u00e9 peut entra\u00eener un refus au contr\u00f4le technique ou une amende, car cela repr\u00e9sente un risque direct pour la s\u00e9curit\u00e9 routi\u00e8re.  <\/p>\n<div class=\"container section-title-container\" ><h2 class=\"section-title section-title-normal\"><b><\/b><span class=\"section-title-main\" >Co\u00fbts et tarifs pour remplacer un pare-brise<\/span><b><\/b><\/h2><\/div>\n\n<p>Le prix du remplacement d\u2019un pare-brise d\u00e9pend du mod\u00e8le du v\u00e9hicule et des options incluses, telles que les capteurs de pluie, les cam\u00e9ras ou les rev\u00eatements sp\u00e9cifiques. Voici un aper\u00e7u des principaux facteurs qui influencent les co\u00fbts. <\/p>\n<div class=\"container section-title-container\" ><h3 class=\"section-title section-title-normal\"><b><\/b><span class=\"section-title-main\" >Options du v\u00e9hicule : capteurs de pluie, cam\u00e9ras, affichage t\u00eate haute<\/span><b><\/b><\/h3><\/div>\n\n<p>Les pare-brises \u00e9quip\u00e9s de technologies comme des capteurs de pluie, des cam\u00e9ras d\u2019assistance \u00e0 la conduite ou un affichage t\u00eate haute co\u00fbtent plus cher. Ces fonctionnalit\u00e9s n\u00e9cessitent une installation et une calibration sp\u00e9cifiques, augmentant ainsi les co\u00fbts. Les pare-brises pour voitures de luxe ou avec un toit panoramique appartiennent \u00e9galement \u00e0 une cat\u00e9gorie de prix plus \u00e9lev\u00e9e en raison de leur complexit\u00e9.   <\/p>\n<div class=\"container section-title-container\" ><h3 class=\"section-title section-title-normal\"><b><\/b><span class=\"section-title-main\" >Concessionnaire ou sp\u00e9cialiste ind\u00e9pendant : quelle option est la plus avantageuse ?<\/span><b><\/b><\/h3><\/div>\n\n<p>Bien que le remplacement chez un concessionnaire soit souvent per\u00e7u comme une option standard, il est g\u00e9n\u00e9ralement plus co\u00fbteux. Les sp\u00e9cialistes ind\u00e9pendants offrent une alternative plus \u00e9conomique sans compromettre la qualit\u00e9. Ces experts, souvent mobiles, utilisent des pi\u00e8ces d&rsquo;origine de fabricants r\u00e9put\u00e9s comme Pilkington ou Saint-Gobain, mais \u00e0 des tarifs de main-d&rsquo;\u0153uvre r\u00e9duits.  <\/p>\n<p><strong>Comparez les devis <\/strong>et choisissez un professionnel certifi\u00e9 pour un bon rapport qualit\u00e9-prix.<\/p>\n<div class=\"container section-title-container\" ><h3 class=\"section-title section-title-normal\"><b><\/b><span class=\"section-title-main\" >Quand l\u2019assurance prend-elle en charge les co\u00fbts ?<\/span><b><\/b><\/h3><\/div>\n\n<p>Si vous disposez d\u2019une assurance avec couverture pour bris de glace, les frais de remplacement du pare-brise sont souvent partiellement ou totalement pris en charge. Consultez votre contrat pour conna\u00eetre les modalit\u00e9s, car les assureurs collaborent souvent avec des r\u00e9parateurs agr\u00e9\u00e9s et peuvent appliquer une franchise.   <\/p>\n<p>En g\u00e9n\u00e9ral, cette franchise est plus basse pour une r\u00e9paration que pour un remplacement. Faites r\u00e9parer les \u00e9clats rapidement et surveillez les offres, comme des r\u00e9parations gratuites ou des r\u00e9ductions sur votre franchise. De nombreux centres de service offrent \u00e9galement une garantie \u00e0 vie sur les r\u00e9parations des impacts mineurs.<\/p>\n<div class=\"container section-title-container\" ><h3 class=\"section-title section-title-normal\"><b><\/b><span class=\"section-title-main\" >Co\u00fbt moyen pour remplacer un pare-brise<\/span><b><\/b><\/h3><\/div>\n\n<p>Comme mentionn\u00e9 pr\u00e9c\u00e9demment, le prix du remplacement d\u2019un pare-brise d\u00e9pend de plusieurs facteurs, notamment les options de la voiture, la marque, le mod\u00e8le et le r\u00e9parateur choisi. En moyenne, les co\u00fbts varient entre <strong>240 \u20ac et 685 \u20ac<\/strong> (source : <a href=\"\" target=\"\" rel=\"\">autoverzekeringenberekenen.be<\/a>). <\/p>\n<div class=\"container section-title-container\" ><h2 class=\"section-title section-title-normal\"><b><\/b><span class=\"section-title-main\" >Comment le remplacement d\u2019un pare-brise est-il effectu\u00e9 ?<\/span><b><\/b><\/h2><\/div>\n\n<p>Un technicien sp\u00e9cialis\u00e9 commence par retirer le pare-brise endommag\u00e9 en coupant soigneusement la couche de colle existante. Les r\u00e9sidus de colle sont enti\u00e8rement \u00e9limin\u00e9s, et la zone de montage est nettoy\u00e9e et inspect\u00e9e pour d\u00e9tecter d&rsquo;\u00e9ventuels dommages.<\/p>\n<p>Ensuite, une nouvelle vitre de haute qualit\u00e9 est pr\u00e9par\u00e9e et fix\u00e9e en appliquant une colle sp\u00e9ciale. Enfin, la technologie int\u00e9gr\u00e9e, comme les capteurs et cam\u00e9ras, est calibr\u00e9e avec pr\u00e9cision.      <\/p>\n<div class=\"container section-title-container\" ><h3 class=\"section-title section-title-normal\"><b><\/b><span class=\"section-title-main\" >Les \u00e9tapes du remplacement par un technicien sp\u00e9cialis\u00e9<\/span><b><\/b><\/h3><\/div>\n\n<p>Les experts en vitrage suivent g\u00e9n\u00e9ralement les m\u00eames \u00e9tapes, que ce soit dans un centre sp\u00e9cialis\u00e9 ou directement chez vous : <\/p>\n<ol>\n<li>\n<p><strong>Contr\u00f4le<\/strong> : V\u00e9rification que la nouvelle vitre correspond exactement \u00e0 celle \u00e0 remplacer, sans aucune divergence.<\/p>\n<\/li>\n<li>\n<p><strong>Pr\u00e9paration<\/strong> : Nettoyage et d\u00e9graissage du nouveau pare-brise.<\/p>\n<\/li>\n<li>\n<p><strong>Protection <\/strong>: Les si\u00e8ges, le tableau de bord et la cabine sont prot\u00e9g\u00e9s, et les essuie-glaces ainsi que les protections en plastique sont retir\u00e9s.<\/p>\n<\/li>\n<li>\n<p><strong>Retrait de l\u2019ancien joint<\/strong> : Une fine corde m\u00e9tallique est utilis\u00e9e pour enlever le joint existant.<\/p>\n<\/li>\n<li>\n<p><strong>Extraction de la vitre<\/strong> : Le pare-brise endommag\u00e9 est soigneusement retir\u00e9.<\/p>\n<\/li>\n<li>\n<p><strong>Nettoyage<\/strong> : La carrosserie et les r\u00e9sidus de joint sont nettoy\u00e9s en profondeur.<\/p>\n<\/li>\n<li>\n<p><strong>Application d\u2019un appr\u00eat <\/strong>: Un appr\u00eat liquide est appliqu\u00e9 pour am\u00e9liorer l\u2019adh\u00e9rence du nouveau joint et du pare-brise.<\/p>\n<\/li>\n<li>\n<p><strong>Pose du nouveau joint<\/strong> : Le joint est appliqu\u00e9 sur la nouvelle vitre.<\/p>\n<\/li>\n<li>\n<p><strong>Installation <\/strong>: Deux techniciens placent le pare-brise avec pr\u00e9cision.<\/p>\n<\/li>\n<li>\n<p><strong>Temps de s\u00e9chage<\/strong> : Le joint s\u00e8che pendant 30 minutes pour une adh\u00e9sion optimale.<\/p>\n<\/li>\n<li>\n<p><strong>Finitions :<\/strong> Toutes les vitres sont nettoy\u00e9es, et les accessoires sont remont\u00e9s.<\/p>\n<\/li>\n<li>\n<p><strong>Calibration<\/strong> : Les capteurs et cam\u00e9ras sont ajust\u00e9s avec une table de calibration sp\u00e9cifique au mod\u00e8le de voiture.<\/p>\n<\/li>\n<\/ol>\n\t<div class=\"img has-hover x md-x lg-x y md-y lg-y\" id=\"image_1133481637\">\n\t\t\t\t\t\t\t\t<div class=\"img-inner dark\" >\n\t\t\t<img loading=\"lazy\" decoding=\"async\" width=\"768\" height=\"512\" src=\"\/wp-content\/uploads\/2024\/12\/repare-pare-brise-installateur-1-768x512.jpg\" class=\"attachment-medium_large size-medium_large\" alt=\"\" srcset=\"\/wp-content\/uploads\/2024\/12\/repare-pare-brise-installateur-1-768x512.jpg 768w, \/wp-content\/uploads\/2024\/12\/repare-pare-brise-installateur-1-300x200.jpg 300w, \/wp-content\/uploads\/2024\/12\/repare-pare-brise-installateur-1.jpg 1000w\" sizes=\"auto, (max-width: 768px) 100vw, 768px\" \/>\t\t\t\t\t\t\n\t\t\t\t\t<\/div>\n\t\t\t\t\t\t\t\t\n<style>\n#image_1133481637 {\n  width: 100%;\n}\n<\/style>\n\t<\/div>\n\t\n\n<div class=\"container section-title-container\" ><h4 class=\"section-title section-title-normal\"><b><\/b><span class=\"section-title-main\" >Points importants apr\u00e8s le remplacement<\/span><b><\/b><\/h4><\/div>\n\n<p>Apr\u00e8s l\u2019installation, la colle n\u00e9cessite plusieurs heures de s\u00e9chage avant que le v\u00e9hicule ne puisse \u00eatre d\u00e9plac\u00e9. Si vous devez partir imm\u00e9diatement, des bandes adh\u00e9sives sont plac\u00e9es sur le pare-brise et peuvent \u00eatre retir\u00e9es apr\u00e8s quelques heures.<\/p>\n<p>De plus, le technicien v\u00e9rifie la calibration des capteurs de pluie et des syst\u00e8mes de s\u00e9curit\u00e9 associ\u00e9s pour garantir leur fonctionnement optimal.  <\/p>\n<div class=\"container section-title-container\" ><h2 class=\"section-title section-title-normal\"><b><\/b><span class=\"section-title-main\" >Remplacement des essuie-glaces : simple et \u00e9conomique<\/span><b><\/b><\/h2><\/div>\n\n<p>Contrairement au remplacement d\u2019un pare-brise, qui n\u00e9cessite une intervention sp\u00e9cialis\u00e9e, le changement des essuie-glaces est une t\u00e2che facile que vous pouvez r\u00e9aliser vous-m\u00eame. Voici pourquoi leur remplacement r\u00e9gulier est essentiel, comment proc\u00e9der \u00e9tape par \u00e9tape, et les points importants \u00e0 surveiller. <\/p>\n<div class=\"container section-title-container\" ><h3 class=\"section-title section-title-normal\"><b><\/b><span class=\"section-title-main\" >Pourquoi un remplacement r\u00e9gulier est-il essentiel ?<\/span><b><\/b><\/h3><\/div>\n\n<p>Les essuie-glaces sont indispensables pour garantir une bonne visibilit\u00e9 par temps de pluie, de neige ou en cas de salet\u00e9 sur le pare-brise. Des essuie-glaces us\u00e9s peuvent laisser des traces, faire du bruit ou mal adh\u00e9rer au verre, augmentant ainsi le risque d\u2019accidents. Remplacez-les r\u00e9guli\u00e8rement, id\u00e9alement tous les 12 mois ou d\u00e8s qu\u2019ils montrent des signes d\u2019usure, afin de garantir votre s\u00e9curit\u00e9 sur la route.  <\/p>\n<div class=\"container section-title-container\" ><h3 class=\"section-title section-title-normal\"><b><\/b><span class=\"section-title-main\" >Tutoriel : remplacer vos essuie-glaces en 4 \u00e9tapes<\/span><b><\/b><\/h3><\/div>\n\n<div class=\"container section-title-container\" ><h4 class=\"section-title section-title-normal\"><b><\/b><span class=\"section-title-main\" >\u00c9tape 1 : Retirer les anciens essuie-glaces<\/span><b><\/b><\/h4><\/div>\n\n<p>Relevez le bras de l\u2019essuie-glace et appuyez sur le clip ou le bouton pour d\u00e9tacher l\u2019essuie-glace. Faites attention \u00e0 ne pas laisser le bras retomber sur le pare-brise pour \u00e9viter de l\u2019endommager. <\/p>\n<div class=\"container section-title-container\" ><h4 class=\"section-title section-title-normal\"><b><\/b><span class=\"section-title-main\" >\u00c9tape 2 : Choisir la bonne taille<\/span><b><\/b><\/h4><\/div>\n\n<p>R\u00e9f\u00e9rez-vous au manuel du v\u00e9hicule ou aux dimensions des anciens essuie-glaces pour s\u00e9lectionner la bonne taille. Les mod\u00e8les premium offrent souvent de meilleures performances et une plus grande durabilit\u00e9. <\/p>\n<div class=\"container section-title-container\" ><h4 class=\"section-title section-title-normal\"><b><\/b><span class=\"section-title-main\" >\u00c9tape 3 : Installer les nouveaux essuie-glaces<\/span><b><\/b><\/h4><\/div>\n\n<p>Ins\u00e9rez le nouvel essuie-glace dans le bras jusqu\u2019\u00e0 entendre un clic. V\u00e9rifiez qu\u2019il est bien fix\u00e9 et qu\u2019il se d\u00e9place sans accroc. <\/p>\n<div class=\"container section-title-container\" ><h4 class=\"section-title section-title-normal\"><b><\/b><span class=\"section-title-main\" >\u00c9tape 4 : Tester les essuie-glaces<\/span><b><\/b><\/h4><\/div>\n\n<p>Mettez-les en marche pour v\u00e9rifier leur fluidit\u00e9 et l\u2019absence de traces sur le pare-brise. C\u2019est \u00e9galement le bon moment pour tester et remplir votre liquide lave-glace si n\u00e9cessaire.<\/p>\n\t<div class=\"img has-hover x md-x lg-x y md-y lg-y\" id=\"image_1928320187\">\n\t\t\t\t\t\t\t\t<div class=\"img-inner dark\" >\n\t\t\t<img loading=\"lazy\" decoding=\"async\" width=\"768\" height=\"508\" src=\"\/wp-content\/uploads\/2024\/12\/reparer-essuie-glaces-1-768x508.jpg\" class=\"attachment-medium_large size-medium_large\" alt=\"\" srcset=\"\/wp-content\/uploads\/2024\/12\/reparer-essuie-glaces-1-768x508.jpg 768w, \/wp-content\/uploads\/2024\/12\/reparer-essuie-glaces-1-300x199.jpg 300w, \/wp-content\/uploads\/2024\/12\/reparer-essuie-glaces-1.jpg 1000w\" sizes=\"auto, (max-width: 768px) 100vw, 768px\" \/>\t\t\t\t\t\t\n\t\t\t\t\t<\/div>\n\t\t\t\t\t\t\t\t\n<style>\n#image_1928320187 {\n  width: 100%;\n}\n<\/style>\n\t<\/div>\n\t\n\n<div class=\"container section-title-container\" ><h2 class=\"section-title section-title-normal\"><b><\/b><span class=\"section-title-main\" >Tutoriel : d\u00e9sembuer votre pare-brise rapidement et efficacement<\/span><b><\/b><\/h2><\/div>\n\n<p>M\u00eame avec des essuie-glaces en parfait \u00e9tat, un pare-brise embu\u00e9 peut nuire \u00e0 la visibilit\u00e9, surtout par temps froid ou humide. Voici comment \u00e9liminer la condensation de mani\u00e8re simple et rapide.   <\/p>\n<div class=\"container section-title-container\" ><h3 class=\"section-title section-title-normal\"><b><\/b><span class=\"section-title-main\" >Pourquoi un pare-brise s\u2019embue-t-il ?<\/span><b><\/b><\/h3><\/div>\n\n<p>La bu\u00e9e se forme lorsque l\u2019air chaud et humide de l\u2019habitacle entre en contact avec la surface froide du pare-brise. Les chaussures mouill\u00e9es, les v\u00eatements humides ou une mauvaise ventilation aggravent ce ph\u00e9nom\u00e8ne, particuli\u00e8rement en automne et en hiver. <\/p>\n<div class=\"container section-title-container\" ><h3 class=\"section-title section-title-normal\"><b><\/b><span class=\"section-title-main\" >D\u00e9sembuer efficacement en 4 \u00e9tapes simples<\/span><b><\/b><\/h3><\/div>\n\n<p>Un pare-brise embu\u00e9 peut \u00eatre dangereux \u00e0 tout moment de l&rsquo;ann\u00e9e lorsque vous prenez la route. Gr\u00e2ce \u00e0 notre vid\u00e9o et nos quatre \u00e9tapes faciles, vous pouvez \u00e9liminer rapidement cette condensation et garantir une conduite en toute s\u00e9curit\u00e9.<\/p>\n<ol>\n<li data-pm-slice=\"1 1 &#091;&#093;\"><strong>D\u00e9marrez le moteur<\/strong><br \/>Assurez-vous que le moteur de votre voiture tourne.<\/li>\n<li data-pm-slice=\"1 1 &#091;&#093;\">\n<p data-pm-slice=\"1 1 &#091;&#093;\"><strong>Mettez le ventilateur \u00e0 pleine puissance et activez la climatisation<br \/><\/strong>R\u00e9glez le ventilateur sur sa puissance maximale, activez la climatisation et d\u00e9sactivez la recirculation de l&rsquo;air int\u00e9rieur.<\/p>\n<\/li>\n<li data-pm-slice=\"1 1 &#091;&#093;\">\n<p><strong>Orientez la ventilation vers le pare-brise<br \/><\/strong>S\u00e9lectionnez le mode de ventilation dirig\u00e9 sp\u00e9cifiquement sur le pare-brise pour maximiser son efficacit\u00e9.<\/p>\n<\/li>\n<li data-pm-slice=\"1 1 &#091;&#093;\">\n<p><strong>Laissez l\u00e9g\u00e8rement entrouvertes les fen\u00eatres<br \/><\/strong>Permettez \u00e0 l&rsquo;air humide de s&rsquo;\u00e9chapper plus rapidement en entrouvrant l\u00e9g\u00e8rement les fen\u00eatres.<strong><br \/><\/strong><\/p>\n<\/li>\n<\/ol>\n<div class=\"video video-fit mb\" style=\"padding-top:56.25%;\"><iframe loading=\"lazy\" title=\"Touring - DIY - Voorruit ontwasemen\" width=\"1020\" height=\"574\" src=\"https:\/\/www.youtube.com\/embed\/br5L_9ioAvw?feature=oembed\" frameborder=\"0\" allow=\"accelerometer; autoplay; clipboard-write; encrypted-media; gyroscope; picture-in-picture; web-share\" referrerpolicy=\"strict-origin-when-cross-origin\" allowfullscreen><\/iframe><\/div>\n\n<div class=\"container section-title-container\" ><h2 class=\"section-title section-title-normal\"><b><\/b><span class=\"section-title-main\" >Votre pare-brise : bien plus qu'une simple vitre<\/span><b><\/b><\/h2><\/div>\n\n<p>Votre pare-brise est bien plus qu\u2019une simple plaque de verre : c\u2019est un \u00e9l\u00e9ment fondamental de votre v\u00e9hicule, garantissant s\u00e9curit\u00e9, visibilit\u00e9 et confort. Il joue un r\u00f4le crucial, de la protection contre les dommages graves en cas de collision \u00e0 l\u2019int\u00e9gration des technologies modernes comme les capteurs et cam\u00e9ras. Ainsi, un pare-brise intact et bien entretenu est indispensable pour chaque trajet. Dans certains cas, le remplacement de votre pare-brise devient tout simplement incontournable.<\/p>\n<p><strong>Des gestes simples pour une meilleure s\u00e9curit\u00e9 :<\/strong><\/p>\n<ul>\n<li>\n<p>R\u00e9parez les petits \u00e9clats rapidement pour \u00e9viter qu\u2019ils ne se transforment en fissures importantes.<\/p>\n<\/li>\n<li>\n<p>Remplacez vos essuie-glaces r\u00e9guli\u00e8rement afin de maintenir une visibilit\u00e9 optimale quelles que soient les conditions climatiques.<\/p>\n<\/li>\n<li>\n<p>Traitez efficacement la condensation pour pr\u00e9venir les dangers li\u00e9s \u00e0 un pare-brise embu\u00e9.<\/p>\n<\/li>\n<\/ul>\n<p>Pour des probl\u00e8mes plus s\u00e9rieux, tels qu\u2019un pare-brise endommag\u00e9 ou dysfonctionnel, il est essentiel de proc\u00e9der \u00e0 un remplacement professionnel. Cela inclut une calibration minutieuse des syst\u00e8mes modernes pour garantir leur bon fonctionnement.<\/p>\n<p>Avec un entretien r\u00e9gulier et une attention ad\u00e9quate, votre pare-brise restera un alli\u00e9 fiable, vous assurant une conduite s\u00e9curis\u00e9e et confortable en toutes circonstances. Investissez dans l\u2019entretien de votre pare-brise et profitez de trajets s\u00fbrs et clairs \u00e0 chaque fois que vous prenez la route.<\/p>\n\t\t<div class=\"news-related-vehicles\">\n\t\t\t\t\n\n<script type=\"text\/javascript\">\n    var seoPlugins = window.seoPlugins || [];\n\n    seoPlugins.push({\n        \"PluginCode\": \"a9f957e3-d8b9-4005-bf73-c81df6fc4833\",\n        \"PluginName\": \"#newgeneraloverview\",\n        \"FilterCookie\": {\"CarCategoryIds\":[\"1\",\"2\"]}\n    })\n\n    window.seoPlugins = seoPlugins;\n\n    var seoPlugins = window.seoPlugins || [];\n\n    for (var i = 0; i < seoPlugins.length; i++) {\n        var pluginData = seoPlugins[i];\n        CFM.API.enable(pluginData.PluginCode, pluginData.PluginName, null, {\n            FilterCookie: pluginData.FilterCookie\n        });\n    }\n<\/script>\n<div id=\"newgeneraloverview\"><\/div>\n\t\t<\/div>\n\t\n\n\t\t<\/div>\n\t\t\t\t\t<\/div>\n\n\t\n\n\t<div id=\"col-1029081933\" class=\"col medium-4 small-12 large-4\"  >\n\t\t\t\t<div class=\"col-inner\"  >\n\t\t\t\n\t\t\t\n\n\n  \n    <div class=\"row large-columns-1 medium-columns-1 small-columns-1\" >\n  <div class=\"col post-item\" >\n\t\t\t<div class=\"col-inner\">\n\t\t\t\t<div class=\"box box-normal box-text-bottom box-blog-post has-hover\">\n            \t\t\t\t\t<div class=\"box-image\" >\n  \t\t\t\t\t\t<div class=\"image-cover\" style=\"padding-top:56.25%;\">\n\t\t\t\t\t\t\t<a href=\"https:\/\/carselect.touring.be\/fr\/blog\/siege-auto-belgique-regles-ages-amendes\/\" class=\"plain\" aria-label=\"Siege Auto en Belgique : R\u00e8gles, \u00c2ges et Amendes Expliqu\u00e9s\">\n\t\t\t\t\t\t\t\t<img loading=\"lazy\" decoding=\"async\" width=\"300\" height=\"200\" src=\"\/wp-content\/uploads\/2026\/04\/siege-auto-header-300x200.jpg\" class=\"attachment-medium size-medium wp-post-image\" alt=\"siege auto\" srcset=\"\/wp-content\/uploads\/2026\/04\/siege-auto-header-300x200.jpg 300w, \/wp-content\/uploads\/2026\/04\/siege-auto-header-768x512.jpg 768w, \/wp-content\/uploads\/2026\/04\/siege-auto-header.jpg 1000w\" sizes=\"auto, (max-width: 300px) 100vw, 300px\" \/>\t\t\t\t\t\t\t<\/a>\n  \t\t\t\t\t\t\t  \t\t\t\t\t\t\t  \t\t\t\t\t\t<\/div>\n  \t\t\t\t\t\t  \t\t\t\t\t<\/div>\n          \t\t\t\t\t<div class=\"box-text text-left\" >\n\t\t\t\t\t<div class=\"box-text-inner blog-post-inner\">\n\n\t\t\t\t\t\n\t\t\t\t\t\t\t\t\t\t<h5 class=\"post-title is-large \">\n\t\t\t\t\t\t<a href=\"https:\/\/carselect.touring.be\/fr\/blog\/siege-auto-belgique-regles-ages-amendes\/\" class=\"plain\">Siege Auto en Belgique : R\u00e8gles, \u00c2ges et Amendes Expliqu\u00e9s<\/a>\n\t\t\t\t\t<\/h5>\n\t\t\t\t\t\t\t\t\t\t<div class=\"is-divider\"><\/div>\n\t\t\t\t\t\t\t\t\t\t<p class=\"from_the_blog_excerpt \">\n\t\t\t\t\t\tSi\u00e8ge auto en Belgique : r\u00e8gles, \u00e2ges et amendes expliqu\u00e9s. Ce que dit la loi [...]\t\t\t\t\t<\/p>\n\t\t\t\t\t                    \n\t\t\t\t\t\n\t\t\t\t\t\n\t\t\t\t\t<\/div>\n\t\t\t\t\t<\/div>\n\t\t\t\t\t\t\t\t\t<\/div>\n\t\t\t<\/div>\n\t\t<\/div><div class=\"col post-item\" >\n\t\t\t<div class=\"col-inner\">\n\t\t\t\t<div class=\"box box-normal box-text-bottom box-blog-post has-hover\">\n            \t\t\t\t\t<div class=\"box-image\" >\n  \t\t\t\t\t\t<div class=\"image-cover\" style=\"padding-top:56.25%;\">\n\t\t\t\t\t\t\t<a href=\"https:\/\/carselect.touring.be\/fr\/blog\/numero-chassis-voiture-verification-occasion\/\" class=\"plain\" aria-label=\"Rechercher le Num\u00e9ro de Ch\u00e2ssis Voiture : Comment V\u00e9rifier l&rsquo;Honn\u00eatet\u00e9 d&rsquo;une Occasion\">\n\t\t\t\t\t\t\t\t<img loading=\"lazy\" decoding=\"async\" width=\"300\" height=\"199\" src=\"\/wp-content\/uploads\/2026\/03\/Numero-de-Chassis-Voiture-300x199.jpg\" class=\"attachment-medium size-medium wp-post-image\" alt=\"Num\u00e9ro de Ch\u00e2ssis Voiture\" srcset=\"\/wp-content\/uploads\/2026\/03\/Numero-de-Chassis-Voiture-300x199.jpg 300w, \/wp-content\/uploads\/2026\/03\/Numero-de-Chassis-Voiture-768x510.jpg 768w, \/wp-content\/uploads\/2026\/03\/Numero-de-Chassis-Voiture.jpg 1000w\" sizes=\"auto, (max-width: 300px) 100vw, 300px\" \/>\t\t\t\t\t\t\t<\/a>\n  \t\t\t\t\t\t\t  \t\t\t\t\t\t\t  \t\t\t\t\t\t<\/div>\n  \t\t\t\t\t\t  \t\t\t\t\t<\/div>\n          \t\t\t\t\t<div class=\"box-text text-left\" >\n\t\t\t\t\t<div class=\"box-text-inner blog-post-inner\">\n\n\t\t\t\t\t\n\t\t\t\t\t\t\t\t\t\t<h5 class=\"post-title is-large \">\n\t\t\t\t\t\t<a href=\"https:\/\/carselect.touring.be\/fr\/blog\/numero-chassis-voiture-verification-occasion\/\" class=\"plain\">Rechercher le Num\u00e9ro de Ch\u00e2ssis Voiture : Comment V\u00e9rifier l&rsquo;Honn\u00eatet\u00e9 d&rsquo;une Occasion<\/a>\n\t\t\t\t\t<\/h5>\n\t\t\t\t\t\t\t\t\t\t<div class=\"is-divider\"><\/div>\n\t\t\t\t\t\t\t\t\t\t<p class=\"from_the_blog_excerpt \">\n\t\t\t\t\t\tNum\u00e9ro de ch\u00e2ssis voiture en Belgique ? D\u00e9couvrez ce que le VIN r\u00e9v\u00e8le, o\u00f9 le [...]\t\t\t\t\t<\/p>\n\t\t\t\t\t                    \n\t\t\t\t\t\n\t\t\t\t\t\n\t\t\t\t\t<\/div>\n\t\t\t\t\t<\/div>\n\t\t\t\t\t\t\t\t\t<\/div>\n\t\t\t<\/div>\n\t\t<\/div><div class=\"col post-item\" >\n\t\t\t<div class=\"col-inner\">\n\t\t\t\t<div class=\"box box-normal box-text-bottom box-blog-post has-hover\">\n            \t\t\t\t\t<div class=\"box-image\" >\n  \t\t\t\t\t\t<div class=\"image-cover\" style=\"padding-top:56.25%;\">\n\t\t\t\t\t\t\t<a href=\"https:\/\/carselect.touring.be\/fr\/blog\/prix-controle-technique-belgique\/\" class=\"plain\" aria-label=\"Prix Contr\u00f4le Technique en Belgique : Tous les Tarifs en Un Coup d&rsquo;\u0152il\">\n\t\t\t\t\t\t\t\t<img loading=\"lazy\" decoding=\"async\" width=\"300\" height=\"200\" src=\"\/wp-content\/uploads\/2026\/03\/prix-controle-technique-300x200.jpg\" class=\"attachment-medium size-medium wp-post-image\" alt=\"prix controle technique\" srcset=\"\/wp-content\/uploads\/2026\/03\/prix-controle-technique-300x200.jpg 300w, \/wp-content\/uploads\/2026\/03\/prix-controle-technique-768x512.jpg 768w, \/wp-content\/uploads\/2026\/03\/prix-controle-technique.jpg 1000w\" sizes=\"auto, (max-width: 300px) 100vw, 300px\" \/>\t\t\t\t\t\t\t<\/a>\n  \t\t\t\t\t\t\t  \t\t\t\t\t\t\t  \t\t\t\t\t\t<\/div>\n  \t\t\t\t\t\t  \t\t\t\t\t<\/div>\n          \t\t\t\t\t<div class=\"box-text text-left\" >\n\t\t\t\t\t<div class=\"box-text-inner blog-post-inner\">\n\n\t\t\t\t\t\n\t\t\t\t\t\t\t\t\t\t<h5 class=\"post-title is-large \">\n\t\t\t\t\t\t<a href=\"https:\/\/carselect.touring.be\/fr\/blog\/prix-controle-technique-belgique\/\" class=\"plain\">Prix Contr\u00f4le Technique en Belgique : Tous les Tarifs en Un Coup d&rsquo;\u0152il<\/a>\n\t\t\t\t\t<\/h5>\n\t\t\t\t\t\t\t\t\t\t<div class=\"is-divider\"><\/div>\n\t\t\t\t\t\t\t\t\t\t<p class=\"from_the_blog_excerpt \">\n\t\t\t\t\t\tPrix contr\u00f4le technique Belgique 2026 : d\u00e9couvrez tous les tarifs officiels pour essence, diesel, contr\u00f4le [...]\t\t\t\t\t<\/p>\n\t\t\t\t\t                    \n\t\t\t\t\t\n\t\t\t\t\t\n\t\t\t\t\t<\/div>\n\t\t\t\t\t<\/div>\n\t\t\t\t\t\t\t\t\t<\/div>\n\t\t\t<\/div>\n\t\t<\/div><div class=\"col post-item\" >\n\t\t\t<div class=\"col-inner\">\n\t\t\t\t<div class=\"box box-normal box-text-bottom box-blog-post has-hover\">\n            \t\t\t\t\t<div class=\"box-image\" >\n  \t\t\t\t\t\t<div class=\"image-cover\" style=\"padding-top:56.25%;\">\n\t\t\t\t\t\t\t<a href=\"https:\/\/carselect.touring.be\/fr\/blog\/covering-voiture-belgique-prix-legalite\/\" class=\"plain\" aria-label=\"Covering Voiture : Du R\u00eave Mat \u00e0 la R\u00e9alit\u00e9 Brillante, Comment \u00e7a Marche en Belgique\">\n\t\t\t\t\t\t\t\t<img loading=\"lazy\" decoding=\"async\" width=\"300\" height=\"200\" src=\"\/wp-content\/uploads\/2026\/03\/covering-voiture-header-300x200.jpg\" class=\"attachment-medium size-medium wp-post-image\" alt=\"covering voiture\" srcset=\"\/wp-content\/uploads\/2026\/03\/covering-voiture-header-300x200.jpg 300w, \/wp-content\/uploads\/2026\/03\/covering-voiture-header-768x512.jpg 768w, \/wp-content\/uploads\/2026\/03\/covering-voiture-header.jpg 1000w\" sizes=\"auto, (max-width: 300px) 100vw, 300px\" \/>\t\t\t\t\t\t\t<\/a>\n  \t\t\t\t\t\t\t  \t\t\t\t\t\t\t  \t\t\t\t\t\t<\/div>\n  \t\t\t\t\t\t  \t\t\t\t\t<\/div>\n          \t\t\t\t\t<div class=\"box-text text-left\" >\n\t\t\t\t\t<div class=\"box-text-inner blog-post-inner\">\n\n\t\t\t\t\t\n\t\t\t\t\t\t\t\t\t\t<h5 class=\"post-title is-large \">\n\t\t\t\t\t\t<a href=\"https:\/\/carselect.touring.be\/fr\/blog\/covering-voiture-belgique-prix-legalite\/\" class=\"plain\">Covering Voiture : Du R\u00eave Mat \u00e0 la R\u00e9alit\u00e9 Brillante, Comment \u00e7a Marche en Belgique<\/a>\n\t\t\t\t\t<\/h5>\n\t\t\t\t\t\t\t\t\t\t<div class=\"is-divider\"><\/div>\n\t\t\t\t\t\t\t\t\t\t<p class=\"from_the_blog_excerpt \">\n\t\t\t\t\t\tD\u00e9couvrez comment le covering voiture peut transformer votre v\u00e9hicule en un mod\u00e8le unique et styl\u00e9. [...]\t\t\t\t\t<\/p>\n\t\t\t\t\t                    \n\t\t\t\t\t\n\t\t\t\t\t\n\t\t\t\t\t<\/div>\n\t\t\t\t\t<\/div>\n\t\t\t\t\t\t\t\t\t<\/div>\n\t\t\t<\/div>\n\t\t<\/div><div class=\"col post-item\" >\n\t\t\t<div class=\"col-inner\">\n\t\t\t\t<div class=\"box box-normal box-text-bottom box-blog-post has-hover\">\n            \t\t\t\t\t<div class=\"box-image\" >\n  \t\t\t\t\t\t<div class=\"image-cover\" style=\"padding-top:56.25%;\">\n\t\t\t\t\t\t\t<a href=\"https:\/\/carselect.touring.be\/fr\/blog\/plaque-personnalisee-en-belgique\/\" class=\"plain\" aria-label=\"Plaque Personnalis\u00e9e Belgique : R\u00e8gles, Co\u00fbts et Comment en Faire la Demande\">\n\t\t\t\t\t\t\t\t<img loading=\"lazy\" decoding=\"async\" width=\"300\" height=\"200\" src=\"\/wp-content\/uploads\/2026\/03\/plaque-personnalisee-belgique-300x200.png\" class=\"attachment-medium size-medium wp-post-image\" alt=\"plaque personnalis\u00e9e belgique\" srcset=\"\/wp-content\/uploads\/2026\/03\/plaque-personnalisee-belgique-300x200.png 300w, \/wp-content\/uploads\/2026\/03\/plaque-personnalisee-belgique-1024x683.png 1024w, \/wp-content\/uploads\/2026\/03\/plaque-personnalisee-belgique-768x512.png 768w, \/wp-content\/uploads\/2026\/03\/plaque-personnalisee-belgique.png 1536w\" sizes=\"auto, (max-width: 300px) 100vw, 300px\" \/>\t\t\t\t\t\t\t<\/a>\n  \t\t\t\t\t\t\t  \t\t\t\t\t\t\t  \t\t\t\t\t\t<\/div>\n  \t\t\t\t\t\t  \t\t\t\t\t<\/div>\n          \t\t\t\t\t<div class=\"box-text text-left\" >\n\t\t\t\t\t<div class=\"box-text-inner blog-post-inner\">\n\n\t\t\t\t\t\n\t\t\t\t\t\t\t\t\t\t<h5 class=\"post-title is-large \">\n\t\t\t\t\t\t<a href=\"https:\/\/carselect.touring.be\/fr\/blog\/plaque-personnalisee-en-belgique\/\" class=\"plain\">Plaque Personnalis\u00e9e Belgique : R\u00e8gles, Co\u00fbts et Comment en Faire la Demande<\/a>\n\t\t\t\t\t<\/h5>\n\t\t\t\t\t\t\t\t\t\t<div class=\"is-divider\"><\/div>\n\t\t\t\t\t\t\t\t\t\t<p class=\"from_the_blog_excerpt \">\n\t\t\t\t\t\tCr\u00e9ez une plaque personnalis\u00e9e en Belgique pour afficher votre style unique sur la route. D\u00e9couvrez [...]\t\t\t\t\t<\/p>\n\t\t\t\t\t                    \n\t\t\t\t\t\n\t\t\t\t\t\n\t\t\t\t\t<\/div>\n\t\t\t\t\t<\/div>\n\t\t\t\t\t\t\t\t\t<\/div>\n\t\t\t<\/div>\n\t\t<\/div><div class=\"col post-item\" >\n\t\t\t<div class=\"col-inner\">\n\t\t\t\t<div class=\"box box-normal box-text-bottom box-blog-post has-hover\">\n            \t\t\t\t\t<div class=\"box-image\" >\n  \t\t\t\t\t\t<div class=\"image-cover\" style=\"padding-top:56.25%;\">\n\t\t\t\t\t\t\t<a href=\"https:\/\/carselect.touring.be\/fr\/blog\/plaque-immatriculation-belgique-regles-couts\/\" class=\"plain\" aria-label=\"Plaque d&rsquo;Immatriculation en Belgique : R\u00e8gles, Co\u00fbts et Ce Qu&rsquo;il Faut Retenir\">\n\t\t\t\t\t\t\t\t<img loading=\"lazy\" decoding=\"async\" width=\"300\" height=\"225\" src=\"\/wp-content\/uploads\/2026\/02\/plaque-dimmatriculation-header-300x225.jpg\" class=\"attachment-medium size-medium wp-post-image\" alt=\"plaque d&#039;immatriculation\" srcset=\"\/wp-content\/uploads\/2026\/02\/plaque-dimmatriculation-header-300x225.jpg 300w, \/wp-content\/uploads\/2026\/02\/plaque-dimmatriculation-header-1024x768.jpg 1024w, \/wp-content\/uploads\/2026\/02\/plaque-dimmatriculation-header-768x576.jpg 768w, \/wp-content\/uploads\/2026\/02\/plaque-dimmatriculation-header.jpg 1184w\" sizes=\"auto, (max-width: 300px) 100vw, 300px\" \/>\t\t\t\t\t\t\t<\/a>\n  \t\t\t\t\t\t\t  \t\t\t\t\t\t\t  \t\t\t\t\t\t<\/div>\n  \t\t\t\t\t\t  \t\t\t\t\t<\/div>\n          \t\t\t\t\t<div class=\"box-text text-left\" >\n\t\t\t\t\t<div class=\"box-text-inner blog-post-inner\">\n\n\t\t\t\t\t\n\t\t\t\t\t\t\t\t\t\t<h5 class=\"post-title is-large \">\n\t\t\t\t\t\t<a href=\"https:\/\/carselect.touring.be\/fr\/blog\/plaque-immatriculation-belgique-regles-couts\/\" class=\"plain\">Plaque d&rsquo;Immatriculation en Belgique : R\u00e8gles, Co\u00fbts et Ce Qu&rsquo;il Faut Retenir<\/a>\n\t\t\t\t\t<\/h5>\n\t\t\t\t\t\t\t\t\t\t<div class=\"is-divider\"><\/div>\n\t\t\t\t\t\t\t\t\t\t<p class=\"from_the_blog_excerpt \">\n\t\t\t\t\t\tPlaque d'immatriculation en Belgique : r\u00e8gles, co\u00fbts (\u20ac30), demande via DIV, garder ancienne plaque ou [...]\t\t\t\t\t<\/p>\n\t\t\t\t\t                    \n\t\t\t\t\t\n\t\t\t\t\t\n\t\t\t\t\t<\/div>\n\t\t\t\t\t<\/div>\n\t\t\t\t\t\t\t\t\t<\/div>\n\t\t\t<\/div>\n\t\t<\/div><div class=\"col post-item\" >\n\t\t\t<div class=\"col-inner\">\n\t\t\t\t<div class=\"box box-normal box-text-bottom box-blog-post has-hover\">\n            \t\t\t\t\t<div class=\"box-image\" >\n  \t\t\t\t\t\t<div class=\"image-cover\" style=\"padding-top:56.25%;\">\n\t\t\t\t\t\t\t<a href=\"https:\/\/carselect.touring.be\/fr\/blog\/radier-plaque-immatriculation-ou-transferer\/\" class=\"plain\" aria-label=\"Transf\u00e9rer ou radier plaque immatriculation : \u00c9vitez ces erreurs fr\u00e9quentes\">\n\t\t\t\t\t\t\t\t<img loading=\"lazy\" decoding=\"async\" width=\"300\" height=\"181\" src=\"\/wp-content\/uploads\/2026\/02\/radier-plaque-immatriculation-header-300x181.jpeg\" class=\"attachment-medium size-medium wp-post-image\" alt=\"radier plaque immatriculation\" srcset=\"\/wp-content\/uploads\/2026\/02\/radier-plaque-immatriculation-header-300x181.jpeg 300w, \/wp-content\/uploads\/2026\/02\/radier-plaque-immatriculation-header-768x462.jpeg 768w, \/wp-content\/uploads\/2026\/02\/radier-plaque-immatriculation-header.jpeg 1000w\" sizes=\"auto, (max-width: 300px) 100vw, 300px\" \/>\t\t\t\t\t\t\t<\/a>\n  \t\t\t\t\t\t\t  \t\t\t\t\t\t\t  \t\t\t\t\t\t<\/div>\n  \t\t\t\t\t\t  \t\t\t\t\t<\/div>\n          \t\t\t\t\t<div class=\"box-text text-left\" >\n\t\t\t\t\t<div class=\"box-text-inner blog-post-inner\">\n\n\t\t\t\t\t\n\t\t\t\t\t\t\t\t\t\t<h5 class=\"post-title is-large \">\n\t\t\t\t\t\t<a href=\"https:\/\/carselect.touring.be\/fr\/blog\/radier-plaque-immatriculation-ou-transferer\/\" class=\"plain\">Transf\u00e9rer ou radier plaque immatriculation : \u00c9vitez ces erreurs fr\u00e9quentes<\/a>\n\t\t\t\t\t<\/h5>\n\t\t\t\t\t\t\t\t\t\t<div class=\"is-divider\"><\/div>\n\t\t\t\t\t\t\t\t\t\t<p class=\"from_the_blog_excerpt \">\n\t\t\t\t\t\tD\u00e9couvrez comment radier une plaque immatriculation avec notre guide pratique et les \u00e9tapes essentielles \u00e0 [...]\t\t\t\t\t<\/p>\n\t\t\t\t\t                    \n\t\t\t\t\t\n\t\t\t\t\t\n\t\t\t\t\t<\/div>\n\t\t\t\t\t<\/div>\n\t\t\t\t\t\t\t\t\t<\/div>\n\t\t\t<\/div>\n\t\t<\/div><div class=\"col post-item\" >\n\t\t\t<div class=\"col-inner\">\n\t\t\t\t<div class=\"box box-normal box-text-bottom box-blog-post has-hover\">\n            \t\t\t\t\t<div class=\"box-image\" >\n  \t\t\t\t\t\t<div class=\"image-cover\" style=\"padding-top:56.25%;\">\n\t\t\t\t\t\t\t<a href=\"https:\/\/carselect.touring.be\/fr\/blog\/valeur-catalogue-voiture-comprendre-pourquoi-cest-important\/\" class=\"plain\" aria-label=\"Valeur Catalogue Voiture : Qu&rsquo;est-ce que c&rsquo;est, Comment la rechercher et pourquoi reste-t-elle importante m\u00eame pour l&rsquo;occasion ?\">\n\t\t\t\t\t\t\t\t<img loading=\"lazy\" decoding=\"async\" width=\"300\" height=\"200\" src=\"\/wp-content\/uploads\/2026\/01\/valeur-catalogue-voiture-header-300x200.jpg\" class=\"attachment-medium size-medium wp-post-image\" alt=\"Valeur Catalogue Voiture\" srcset=\"\/wp-content\/uploads\/2026\/01\/valeur-catalogue-voiture-header-300x200.jpg 300w, \/wp-content\/uploads\/2026\/01\/valeur-catalogue-voiture-header-768x512.jpg 768w, \/wp-content\/uploads\/2026\/01\/valeur-catalogue-voiture-header.jpg 1000w\" sizes=\"auto, (max-width: 300px) 100vw, 300px\" \/>\t\t\t\t\t\t\t<\/a>\n  \t\t\t\t\t\t\t  \t\t\t\t\t\t\t  \t\t\t\t\t\t<\/div>\n  \t\t\t\t\t\t  \t\t\t\t\t<\/div>\n          \t\t\t\t\t<div class=\"box-text text-left\" >\n\t\t\t\t\t<div class=\"box-text-inner blog-post-inner\">\n\n\t\t\t\t\t\n\t\t\t\t\t\t\t\t\t\t<h5 class=\"post-title is-large \">\n\t\t\t\t\t\t<a href=\"https:\/\/carselect.touring.be\/fr\/blog\/valeur-catalogue-voiture-comprendre-pourquoi-cest-important\/\" class=\"plain\">Valeur Catalogue Voiture : Qu&rsquo;est-ce que c&rsquo;est, Comment la rechercher et pourquoi reste-t-elle importante m\u00eame pour l&rsquo;occasion ?<\/a>\n\t\t\t\t\t<\/h5>\n\t\t\t\t\t\t\t\t\t\t<div class=\"is-divider\"><\/div>\n\t\t\t\t\t\t\t\t\t\t<p class=\"from_the_blog_excerpt \">\n\t\t\t\t\t\tD\u00e9couvrez ce que signifie la valeur catalogue d'une voiture pour votre achat. Faites un choix [...]\t\t\t\t\t<\/p>\n\t\t\t\t\t                    \n\t\t\t\t\t\n\t\t\t\t\t\n\t\t\t\t\t<\/div>\n\t\t\t\t\t<\/div>\n\t\t\t\t\t\t\t\t\t<\/div>\n\t\t\t<\/div>\n\t\t<\/div><\/div>\n\n\n\t\t<\/div>\n\t\t\t\t\t<\/div>\n\n\t\n\n<\/div>\n<div class=\"row\"  id=\"row-1212116751\">\n\n\n\t<div id=\"col-313118086\" class=\"col small-12 large-12\"  >\n\t\t\t\t<div class=\"col-inner\"  >\n\t\t\t\n\t\t\t\n\n\n  <div class=\"banner has-hover\" id=\"banner-365568103\">\n          <div class=\"banner-inner fill\">\n        <div class=\"banner-bg fill\" >\n            <img loading=\"lazy\" decoding=\"async\" width=\"1440\" height=\"160\" src=\"\/wp-content\/uploads\/2025\/01\/Mask-group.png\" class=\"bg attachment-original size-original\" alt=\"\" \/>                                    \n                    <\/div>\n\t\t\n        <div class=\"banner-layers container\">\n            <div class=\"fill banner-link\"><\/div>            \n\n   <div id=\"text-box-1802528416\" class=\"text-box banner-layer x100 md-x100 lg-x100 y10 md-y10 lg-y10 res-text\">\n                                <div class=\"text-box-content text dark\">\n              \n              <div class=\"text-inner text-center\">\n                  \n\n<h2><em>Achetez votre<\/em><\/h2>\n<h2><em>Voiture de r\u00eave<\/em><\/h2>\n<a href=\"https:\/\/carselect.touring.be\/fr\/acheter-une-voiture\/\" class=\"button success\"  >\n\t\t<span>D\u00e9couvrez<\/span>\n\t<\/a>\n\n\n\n              <\/div>\n           <\/div>\n                            \n<style>\n#text-box-1802528416 {\n  width: 35%;\n}\n#text-box-1802528416 .text-box-content {\n  font-size: 100%;\n}\n<\/style>\n    <\/div>\n \n\n        <\/div>\n      <\/div>\n\n            \n<style>\n#banner-365568103 {\n  padding-top: 250px;\n}\n#banner-365568103 .banner-bg img {\n  object-position: 22% 0%;\n}\n<\/style>\n  <\/div>\n\n\n\n\t\t<\/div>\n\t\t\t\t\t<\/div>\n\n\t\n\n<\/div>\n\n\t\t<\/div>\n\n\t\t\n<style>\n#section_1160009868 {\n  padding-top: 0px;\n  padding-bottom: 0px;\n}\n<\/style>\n\t<\/section>\n\t\n\n\n\n<p><\/p>\n\n\n\n<div class=\"row row-full-width align-middle align-center legalTextContainer representativeExampleBanner qa-testid-representative-banner-fr\"  id=\"row-1429162175\">\r\n\r\n\n\t<div id=\"col-1916536788\" class=\"col text-container representative-example-container small-12 large-12\"  >\n\t\t\t\t<div class=\"col-inner\"  >\n\t\t\t\n\t\t\t\r\n\r\n<div class=\"legal-text-title\">Attention, emprunter de l\u2019argent co\u00fbte aussi de l\u2019argent.<\/div>\r\n<div class=\"legal-text-content mt-half\">\r\n<p>\r\nExemple repr\u00e9sentatif \u2013 Cr\u00e9dit ballon : <b>Pr\u00eat \u00e0 temp\u00e9rament avec derni\u00e8re mensualit\u00e9 major\u00e9e<\/b>. Montant du cr\u00e9dit : \u20ac 35.002,79. Acompte (facultatif) : \u20ac 0. Prix comptant: \u20ac 35.002,79. <b>TAEG (Taux Annuel Effectif Global)<\/b> de <b>5,99 %<\/b>, taux d\u00e9biteur annuel <b>fixe<\/b> : 5,99 %. Dur\u00e9e du cr\u00e9dit : <b>60 mois<\/b>. Remboursable en 59 mensualit\u00e9s de <b>\u20ac 522,81<\/b>. Derni\u00e8re mensualit\u00e9 major\u00e9e : <b>\u20ac 11.023,64<\/b>. Montant total d\u00fb : \u20ac 41.869,16.\r\n      <\/p>\r\n<p>\r\n        Exemple repr\u00e9sentatif \u2013 Cr\u00e9dit classique : <b>Pr\u00eat \u00e0 temp\u00e9rament<\/b>. Montant du cr\u00e9dit : \u20ac 35.002,79. Acompte (facultatif) : \u20ac 0. Prix comptant : \u20ac 35.002,79. <b>TAEG (Taux Annuel Effectif Global)<\/b> de <b>5,99 %<\/b>, taux d\u00e9biteur annuel <b>fixe<\/b>: 5,99 %. Dur\u00e9e de <b>60 mois<\/b>. Remboursable en 60 mensualit\u00e9s de <b>\u20ac 673,96<\/b>. Montant total d\u00fb : \u20ac 40.437,85.\r\n      <\/p>\r\n<p>\r\n        Sous r\u00e9serve d\u2019acceptation de votre demande de cr\u00e9dit par Alpha Credit s.a., pr\u00eateur, Montagne du Parc 8\/3, 1000 Bruxelles, TVA BE 0445.781.316, RPM Bruxelles. Annonceur : TCS Mobility S.A., agent \u00e0 titre accessoire, Boulevard Albert II 4, B12, 1000 Bruxelles, TVA BE 1003.765.106, BE93 0019 6639 0767, RPM Bruxelles. La souscription d\u2019un pr\u00eat \u00e0 temp\u00e9rament est soumise \u00e0 la l\u00e9gislation relative au cr\u00e9dit \u00e0 la consommation, et plus sp\u00e9cifiquement au livre VII du Code de droit \u00e9conomique.\r\n      <\/p>\r\n<\/div>\r\n\r\n\r\n\t\t<\/div>\n\t\t\t\t\t<\/div>\n\n\t\r\n\n\t<div id=\"col-1995722560\" class=\"col text-container ilustrative-example-container small-12 large-12\"  >\n\t\t\t\t<div class=\"col-inner\"  >\n\t\t\t\n\t\t\t\r\n\r\n<div class=\"legal-text-title\">Attention, emprunter de l\u2019argent co\u00fbte aussi de l\u2019argent.<\/div>\r\n<div class=\"legal-text-content mt-half\">\r\n<p class=\"balloon-financing\">Exemple illustratif \u2013 Cr\u00e9dit ballon : Pr\u00eat \u00e0 temp\u00e9rament avec derni\u00e8re mensualit\u00e9 major\u00e9e. Montant du cr\u00e9dit : \u20ac\u00a0<span id=\"balloon-loan-amount\">35.002,79<\/span>. Acompte (facultatif) : \u20ac\u00a00. Prix comptant: \u20ac\u00a0<span id=\"balloon-price\">35.002,79<\/span>. TAEG (Taux Annuel Effectif Global) de <span id=\"balloon-jkp\">5,99<\/span> %, taux d\u00e9biteur annuel fixe : <span id=\"balloon-interest-rate\">5,99<\/span> %. Dur\u00e9e du cr\u00e9dit : <span id=\"balloon-number-of-months\">60<\/span> mois. Remboursable en <span id=\"balloon-lower-rate-number-of-months\">59<\/span> mensualit\u00e9s de \u20ac\u00a0<span id=\"balloon-rate-per-month\">522,81<\/span>. Derni\u00e8re mensualit\u00e9 major\u00e9e : \u20ac\u00a0<span id=\"balloon-residual-value\">11.023,64<\/span>. Montant total d\u00fb : \u20ac\u00a0<span id=\"balloon-total-financing-cost\">41.869,16<\/span>.<\/p>\r\n<p class=\"classic-financing\">Exemple illustratif \u2013 Cr\u00e9dit classique : Pr\u00eat \u00e0 temp\u00e9rament. Montant du cr\u00e9dit : \u20ac\u00a0<span id=\"classic-loan-amount\">35.002,79<\/span>. Acompte (facultatif) : \u20ac\u00a00. Prix comptant : \u20ac\u00a0<span id=\"classic-price\">35.002,79<\/span>. TAEG (Taux Annuel Effectif Global) de <span id=\"classic-jkp\">5,99<\/span> %, taux d\u00e9biteur annuel fixe: <span id=\"classic-interest-rate\">5,99<\/span> %. Dur\u00e9e de <span id=\"classic-number-of-months\">60<\/span> mois. Remboursable en 60 mensualit\u00e9s de \u20ac\u00a0<span id=\"classic-rate-per-month\">673,96<\/span>. Montant total d\u00fb : \u20ac\u00a0<span id=\"classic-total-financing-cost\">40.437,85<\/span>.<\/p>\r\n<\/div>\r\n\r\n\r\n\t\t<\/div>\n\t\t\t\t\t<\/div>\n\n\t\r\n\n\t<div id=\"col-191202\" class=\"col buttons-container small-12 large-12\"  >\n\t\t\t\t<div class=\"col-inner\"  >\n\t\t\t\n\t\t\t\r\n\r\n<a class=\"button success lowercase hideLegalText\"  >\n\t\t<span>Fermer<\/span>\n\t<\/a>\n\r\n\r\n<a href=\"\/fr\/blog\/choisir-la-meilleure-couleur-des-voiture-pour-votre-style\/\" class=\"button white lowercase more-info hidden\"  >\n\t\t<span>Plus d\u2019infos<\/span>\n\t<\/a>\n\r\n\r\n\r\n\t\t<\/div>\n\t\t\t\t\t<\/div>\n\n\t\r\n\r\n<\/div>\n\n\n","protected":false},"excerpt":{"rendered":"<p>D\u00e9couvrez comment r\u00e9parer un pare-brise et remplacer des essuie-glaces gr\u00e2ce \u00e0 notre guide pratique rempli d&rsquo;astuces et de conseils utiles.<\/p>\n","protected":false},"author":28,"featured_media":12620,"comment_status":"closed","ping_status":"open","sticky":false,"template":"","format":"standard","meta":{"footnotes":""},"categories":[75],"tags":[105,106,107],"class_list":["post-12638","post","type-post","status-publish","format-standard","has-post-thumbnail","hentry","category-conseils","tag-desembuage","tag-essuie-glaces-fr","tag-pare-brise-fr"],"yoast_head":"<!-- This site is optimized with the Yoast SEO Premium plugin v24.0 (Yoast SEO v24.0) - https:\/\/yoast.com\/wordpress\/plugins\/seo\/ -->\n<title>R\u00e9parer un pare-brise et changer des essuie-glaces<\/title>\n<meta name=\"description\" content=\"D\u00e9couvrez comment r\u00e9parer un pare-brise et remplacer des essuie-glaces gr\u00e2ce \u00e0 notre guide pratique rempli d&#039;astuces et de conseils utiles.\" \/>\n<meta name=\"robots\" content=\"index, follow, max-snippet:-1, max-image-preview:large, max-video-preview:-1\" \/>\n<link rel=\"canonical\" href=\"https:\/\/carselect.touring.be\/fr\/blog\/reparer-un-pare-brise-et-changer-essuie-glaces-conseils-pratique\/\" \/>\n<meta property=\"og:locale\" content=\"fr_FR\" \/>\n<meta property=\"og:type\" content=\"article\" \/>\n<meta property=\"og:title\" content=\"Comment r\u00e9parer un pare-brise et changer des essuie-glaces: guide pratique et conseils\" \/>\n<meta property=\"og:description\" content=\"D\u00e9couvrez comment r\u00e9parer un pare-brise et remplacer des essuie-glaces gr\u00e2ce \u00e0 notre guide pratique rempli d&#039;astuces et de conseils utiles.\" \/>\n<meta property=\"og:url\" content=\"https:\/\/carselect.touring.be\/fr\/blog\/reparer-un-pare-brise-et-changer-essuie-glaces-conseils-pratique\/\" \/>\n<meta property=\"og:site_name\" content=\"Touring Dealer\" \/>\n<meta property=\"article:published_time\" content=\"2025-01-01T08:23:58+00:00\" \/>\n<meta property=\"article:modified_time\" content=\"2025-07-10T06:52:42+00:00\" \/>\n<meta property=\"og:image\" content=\"https:\/\/carselect.touring.be\/wp-content\/uploads\/2024\/12\/header-reparer_pare-brise.jpg\" \/>\n\t<meta property=\"og:image:width\" content=\"1000\" \/>\n\t<meta property=\"og:image:height\" content=\"645\" \/>\n\t<meta property=\"og:image:type\" content=\"image\/jpeg\" \/>\n<meta name=\"author\" content=\"Storme Wouter\" \/>\n<meta name=\"twitter:card\" content=\"summary_large_image\" \/>\n<meta name=\"twitter:label1\" content=\"\u00c9crit par\" \/>\n\t<meta name=\"twitter:data1\" content=\"Storme Wouter\" \/>\n\t<meta name=\"twitter:label2\" content=\"Dur\u00e9e de lecture est.\" \/>\n\t<meta name=\"twitter:data2\" content=\"12 minutes\" \/>\n<script type=\"application\/ld+json\" class=\"yoast-schema-graph\">{\"@context\":\"https:\/\/schema.org\",\"@graph\":[{\"@type\":\"Article\",\"@id\":\"https:\/\/carselect.touring.be\/fr\/blog\/reparer-un-pare-brise-et-changer-essuie-glaces-conseils-pratique\/#article\",\"isPartOf\":{\"@id\":\"https:\/\/carselect.touring.be\/fr\/blog\/reparer-un-pare-brise-et-changer-essuie-glaces-conseils-pratique\/\"},\"author\":{\"name\":\"Storme Wouter\",\"@id\":\"https:\/\/carselect.touring.be\/fr\/#\/schema\/person\/ac266868402e795f000a152b0f4fd4d8\"},\"headline\":\"Comment r\u00e9parer un pare-brise et changer des essuie-glaces: guide pratique et conseils\",\"datePublished\":\"2025-01-01T08:23:58+00:00\",\"dateModified\":\"2025-07-10T06:52:42+00:00\",\"mainEntityOfPage\":{\"@id\":\"https:\/\/carselect.touring.be\/fr\/blog\/reparer-un-pare-brise-et-changer-essuie-glaces-conseils-pratique\/\"},\"wordCount\":3073,\"publisher\":{\"@id\":\"https:\/\/carselect.touring.be\/fr\/#organization\"},\"image\":{\"@id\":\"https:\/\/carselect.touring.be\/fr\/blog\/reparer-un-pare-brise-et-changer-essuie-glaces-conseils-pratique\/#primaryimage\"},\"thumbnailUrl\":\"\/wp-content\/uploads\/2024\/12\/header-reparer_pare-brise.jpg\",\"keywords\":[\"d\u00e9sembuage\",\"essuie-glaces\",\"pare-brise\"],\"articleSection\":[\"Conseils\"],\"inLanguage\":\"fr-BE\"},{\"@type\":\"WebPage\",\"@id\":\"https:\/\/carselect.touring.be\/fr\/blog\/reparer-un-pare-brise-et-changer-essuie-glaces-conseils-pratique\/\",\"url\":\"https:\/\/carselect.touring.be\/fr\/blog\/reparer-un-pare-brise-et-changer-essuie-glaces-conseils-pratique\/\",\"name\":\"R\u00e9parer un pare-brise et changer des essuie-glaces\",\"isPartOf\":{\"@id\":\"https:\/\/carselect.touring.be\/fr\/#website\"},\"primaryImageOfPage\":{\"@id\":\"https:\/\/carselect.touring.be\/fr\/blog\/reparer-un-pare-brise-et-changer-essuie-glaces-conseils-pratique\/#primaryimage\"},\"image\":{\"@id\":\"https:\/\/carselect.touring.be\/fr\/blog\/reparer-un-pare-brise-et-changer-essuie-glaces-conseils-pratique\/#primaryimage\"},\"thumbnailUrl\":\"\/wp-content\/uploads\/2024\/12\/header-reparer_pare-brise.jpg\",\"datePublished\":\"2025-01-01T08:23:58+00:00\",\"dateModified\":\"2025-07-10T06:52:42+00:00\",\"description\":\"D\u00e9couvrez comment r\u00e9parer un pare-brise et remplacer des essuie-glaces gr\u00e2ce \u00e0 notre guide pratique rempli d'astuces et de conseils utiles.\",\"breadcrumb\":{\"@id\":\"https:\/\/carselect.touring.be\/fr\/blog\/reparer-un-pare-brise-et-changer-essuie-glaces-conseils-pratique\/#breadcrumb\"},\"inLanguage\":\"fr-BE\",\"potentialAction\":[{\"@type\":\"ReadAction\",\"target\":[\"https:\/\/carselect.touring.be\/fr\/blog\/reparer-un-pare-brise-et-changer-essuie-glaces-conseils-pratique\/\"]}]},{\"@type\":\"ImageObject\",\"inLanguage\":\"fr-BE\",\"@id\":\"https:\/\/carselect.touring.be\/fr\/blog\/reparer-un-pare-brise-et-changer-essuie-glaces-conseils-pratique\/#primaryimage\",\"url\":\"\/wp-content\/uploads\/2024\/12\/header-reparer_pare-brise.jpg\",\"contentUrl\":\"\/wp-content\/uploads\/2024\/12\/header-reparer_pare-brise.jpg\",\"width\":1000,\"height\":645,\"caption\":\"r\u00e9parer\"},{\"@type\":\"BreadcrumbList\",\"@id\":\"https:\/\/carselect.touring.be\/fr\/blog\/reparer-un-pare-brise-et-changer-essuie-glaces-conseils-pratique\/#breadcrumb\",\"itemListElement\":[{\"@type\":\"ListItem\",\"position\":1,\"name\":\"Home\",\"item\":\"https:\/\/carselect.touring.be\/fr\/\"},{\"@type\":\"ListItem\",\"position\":2,\"name\":\"Comment r\u00e9parer un pare-brise et changer des essuie-glaces: guide pratique et conseils\"}]},{\"@type\":\"WebSite\",\"@id\":\"https:\/\/carselect.touring.be\/fr\/#website\",\"url\":\"https:\/\/carselect.touring.be\/fr\/\",\"name\":\"Touring CarSelect\",\"description\":\"\",\"publisher\":{\"@id\":\"https:\/\/carselect.touring.be\/fr\/#organization\"},\"potentialAction\":[{\"@type\":\"SearchAction\",\"target\":{\"@type\":\"EntryPoint\",\"urlTemplate\":\"https:\/\/carselect.touring.be\/fr\/?s={search_term_string}\"},\"query-input\":{\"@type\":\"PropertyValueSpecification\",\"valueRequired\":true,\"valueName\":\"search_term_string\"}}],\"inLanguage\":\"fr-BE\"},{\"@type\":\"Organization\",\"@id\":\"https:\/\/carselect.touring.be\/fr\/#organization\",\"name\":\"Touring CarSelect\",\"url\":\"https:\/\/carselect.touring.be\/fr\/\",\"logo\":{\"@type\":\"ImageObject\",\"inLanguage\":\"fr-BE\",\"@id\":\"https:\/\/carselect.touring.be\/fr\/#\/schema\/logo\/image\/\",\"url\":\"\/wp-content\/uploads\/2024\/04\/Touring-Car-Select-Logo.png\",\"contentUrl\":\"\/wp-content\/uploads\/2024\/04\/Touring-Car-Select-Logo.png\",\"width\":154,\"height\":53,\"caption\":\"Touring CarSelect\"},\"image\":{\"@id\":\"https:\/\/carselect.touring.be\/fr\/#\/schema\/logo\/image\/\"}},{\"@type\":\"Person\",\"@id\":\"https:\/\/carselect.touring.be\/fr\/#\/schema\/person\/ac266868402e795f000a152b0f4fd4d8\",\"name\":\"Storme Wouter\",\"image\":{\"@type\":\"ImageObject\",\"inLanguage\":\"fr-BE\",\"@id\":\"https:\/\/carselect.touring.be\/fr\/#\/schema\/person\/image\/\",\"url\":\"https:\/\/secure.gravatar.com\/avatar\/84473de8cbf4200af853908f03b9ea9e?s=96&d=mm&r=g\",\"contentUrl\":\"https:\/\/secure.gravatar.com\/avatar\/84473de8cbf4200af853908f03b9ea9e?s=96&d=mm&r=g\",\"caption\":\"Storme Wouter\"},\"url\":\"https:\/\/carselect.touring.be\/fr\/blog\/author\/storme-wouter\/\"}]}<\/script>\n<!-- \/ Yoast SEO Premium plugin. -->","yoast_head_json":{"title":"R\u00e9parer un pare-brise et changer des essuie-glaces","description":"D\u00e9couvrez comment r\u00e9parer un pare-brise et remplacer des essuie-glaces gr\u00e2ce \u00e0 notre guide pratique rempli d'astuces et de conseils utiles.","robots":{"index":"index","follow":"follow","max-snippet":"max-snippet:-1","max-image-preview":"max-image-preview:large","max-video-preview":"max-video-preview:-1"},"canonical":"https:\/\/carselect.touring.be\/fr\/blog\/reparer-un-pare-brise-et-changer-essuie-glaces-conseils-pratique\/","og_locale":"fr_FR","og_type":"article","og_title":"Comment r\u00e9parer un pare-brise et changer des essuie-glaces: guide pratique et conseils","og_description":"D\u00e9couvrez comment r\u00e9parer un pare-brise et remplacer des essuie-glaces gr\u00e2ce \u00e0 notre guide pratique rempli d'astuces et de conseils utiles.","og_url":"https:\/\/carselect.touring.be\/fr\/blog\/reparer-un-pare-brise-et-changer-essuie-glaces-conseils-pratique\/","og_site_name":"Touring Dealer","article_published_time":"2025-01-01T08:23:58+00:00","article_modified_time":"2025-07-10T06:52:42+00:00","og_image":[{"width":1000,"height":645,"url":"https:\/\/carselect.touring.be\/wp-content\/uploads\/2024\/12\/header-reparer_pare-brise.jpg","type":"image\/jpeg"}],"author":"Storme Wouter","twitter_card":"summary_large_image","twitter_misc":{"\u00c9crit par":"Storme Wouter","Dur\u00e9e de lecture est.":"12 minutes"},"schema":{"@context":"https:\/\/schema.org","@graph":[{"@type":"Article","@id":"https:\/\/carselect.touring.be\/fr\/blog\/reparer-un-pare-brise-et-changer-essuie-glaces-conseils-pratique\/#article","isPartOf":{"@id":"https:\/\/carselect.touring.be\/fr\/blog\/reparer-un-pare-brise-et-changer-essuie-glaces-conseils-pratique\/"},"author":{"name":"Storme Wouter","@id":"https:\/\/carselect.touring.be\/fr\/#\/schema\/person\/ac266868402e795f000a152b0f4fd4d8"},"headline":"Comment r\u00e9parer un pare-brise et changer des essuie-glaces: guide pratique et conseils","datePublished":"2025-01-01T08:23:58+00:00","dateModified":"2025-07-10T06:52:42+00:00","mainEntityOfPage":{"@id":"https:\/\/carselect.touring.be\/fr\/blog\/reparer-un-pare-brise-et-changer-essuie-glaces-conseils-pratique\/"},"wordCount":3073,"publisher":{"@id":"https:\/\/carselect.touring.be\/fr\/#organization"},"image":{"@id":"https:\/\/carselect.touring.be\/fr\/blog\/reparer-un-pare-brise-et-changer-essuie-glaces-conseils-pratique\/#primaryimage"},"thumbnailUrl":"\/wp-content\/uploads\/2024\/12\/header-reparer_pare-brise.jpg","keywords":["d\u00e9sembuage","essuie-glaces","pare-brise"],"articleSection":["Conseils"],"inLanguage":"fr-BE"},{"@type":"WebPage","@id":"https:\/\/carselect.touring.be\/fr\/blog\/reparer-un-pare-brise-et-changer-essuie-glaces-conseils-pratique\/","url":"https:\/\/carselect.touring.be\/fr\/blog\/reparer-un-pare-brise-et-changer-essuie-glaces-conseils-pratique\/","name":"R\u00e9parer un pare-brise et changer des essuie-glaces","isPartOf":{"@id":"https:\/\/carselect.touring.be\/fr\/#website"},"primaryImageOfPage":{"@id":"https:\/\/carselect.touring.be\/fr\/blog\/reparer-un-pare-brise-et-changer-essuie-glaces-conseils-pratique\/#primaryimage"},"image":{"@id":"https:\/\/carselect.touring.be\/fr\/blog\/reparer-un-pare-brise-et-changer-essuie-glaces-conseils-pratique\/#primaryimage"},"thumbnailUrl":"\/wp-content\/uploads\/2024\/12\/header-reparer_pare-brise.jpg","datePublished":"2025-01-01T08:23:58+00:00","dateModified":"2025-07-10T06:52:42+00:00","description":"D\u00e9couvrez comment r\u00e9parer un pare-brise et remplacer des essuie-glaces gr\u00e2ce \u00e0 notre guide pratique rempli d'astuces et de conseils utiles.","breadcrumb":{"@id":"https:\/\/carselect.touring.be\/fr\/blog\/reparer-un-pare-brise-et-changer-essuie-glaces-conseils-pratique\/#breadcrumb"},"inLanguage":"fr-BE","potentialAction":[{"@type":"ReadAction","target":["https:\/\/carselect.touring.be\/fr\/blog\/reparer-un-pare-brise-et-changer-essuie-glaces-conseils-pratique\/"]}]},{"@type":"ImageObject","inLanguage":"fr-BE","@id":"https:\/\/carselect.touring.be\/fr\/blog\/reparer-un-pare-brise-et-changer-essuie-glaces-conseils-pratique\/#primaryimage","url":"\/wp-content\/uploads\/2024\/12\/header-reparer_pare-brise.jpg","contentUrl":"\/wp-content\/uploads\/2024\/12\/header-reparer_pare-brise.jpg","width":1000,"height":645,"caption":"r\u00e9parer"},{"@type":"BreadcrumbList","@id":"https:\/\/carselect.touring.be\/fr\/blog\/reparer-un-pare-brise-et-changer-essuie-glaces-conseils-pratique\/#breadcrumb","itemListElement":[{"@type":"ListItem","position":1,"name":"Home","item":"https:\/\/carselect.touring.be\/fr\/"},{"@type":"ListItem","position":2,"name":"Comment r\u00e9parer un pare-brise et changer des essuie-glaces: guide pratique et conseils"}]},{"@type":"WebSite","@id":"https:\/\/carselect.touring.be\/fr\/#website","url":"https:\/\/carselect.touring.be\/fr\/","name":"Touring CarSelect","description":"","publisher":{"@id":"https:\/\/carselect.touring.be\/fr\/#organization"},"potentialAction":[{"@type":"SearchAction","target":{"@type":"EntryPoint","urlTemplate":"https:\/\/carselect.touring.be\/fr\/?s={search_term_string}"},"query-input":{"@type":"PropertyValueSpecification","valueRequired":true,"valueName":"search_term_string"}}],"inLanguage":"fr-BE"},{"@type":"Organization","@id":"https:\/\/carselect.touring.be\/fr\/#organization","name":"Touring CarSelect","url":"https:\/\/carselect.touring.be\/fr\/","logo":{"@type":"ImageObject","inLanguage":"fr-BE","@id":"https:\/\/carselect.touring.be\/fr\/#\/schema\/logo\/image\/","url":"\/wp-content\/uploads\/2024\/04\/Touring-Car-Select-Logo.png","contentUrl":"\/wp-content\/uploads\/2024\/04\/Touring-Car-Select-Logo.png","width":154,"height":53,"caption":"Touring CarSelect"},"image":{"@id":"https:\/\/carselect.touring.be\/fr\/#\/schema\/logo\/image\/"}},{"@type":"Person","@id":"https:\/\/carselect.touring.be\/fr\/#\/schema\/person\/ac266868402e795f000a152b0f4fd4d8","name":"Storme Wouter","image":{"@type":"ImageObject","inLanguage":"fr-BE","@id":"https:\/\/carselect.touring.be\/fr\/#\/schema\/person\/image\/","url":"https:\/\/secure.gravatar.com\/avatar\/84473de8cbf4200af853908f03b9ea9e?s=96&d=mm&r=g","contentUrl":"https:\/\/secure.gravatar.com\/avatar\/84473de8cbf4200af853908f03b9ea9e?s=96&d=mm&r=g","caption":"Storme Wouter"},"url":"https:\/\/carselect.touring.be\/fr\/blog\/author\/storme-wouter\/"}]}},"_links":{"self":[{"href":"https:\/\/carselect.touring.be\/fr\/wp-json\/wp\/v2\/posts\/12638","targetHints":{"allow":["GET"]}}],"collection":[{"href":"https:\/\/carselect.touring.be\/fr\/wp-json\/wp\/v2\/posts"}],"about":[{"href":"https:\/\/carselect.touring.be\/fr\/wp-json\/wp\/v2\/types\/post"}],"author":[{"embeddable":true,"href":"https:\/\/carselect.touring.be\/fr\/wp-json\/wp\/v2\/users\/28"}],"replies":[{"embeddable":true,"href":"https:\/\/carselect.touring.be\/fr\/wp-json\/wp\/v2\/comments?post=12638"}],"version-history":[{"count":8,"href":"https:\/\/carselect.touring.be\/fr\/wp-json\/wp\/v2\/posts\/12638\/revisions"}],"predecessor-version":[{"id":14006,"href":"https:\/\/carselect.touring.be\/fr\/wp-json\/wp\/v2\/posts\/12638\/revisions\/14006"}],"wp:featuredmedia":[{"embeddable":true,"href":"https:\/\/carselect.touring.be\/fr\/wp-json\/wp\/v2\/media\/12620"}],"wp:attachment":[{"href":"https:\/\/carselect.touring.be\/fr\/wp-json\/wp\/v2\/media?parent=12638"}],"wp:term":[{"taxonomy":"category","embeddable":true,"href":"https:\/\/carselect.touring.be\/fr\/wp-json\/wp\/v2\/categories?post=12638"},{"taxonomy":"post_tag","embeddable":true,"href":"https:\/\/carselect.touring.be\/fr\/wp-json\/wp\/v2\/tags?post=12638"}],"curies":[{"name":"wp","href":"https:\/\/api.w.org\/{rel}","templated":true}]}}