{"id":12353,"date":"2025-01-08T16:06:08","date_gmt":"2025-01-08T15:06:08","guid":{"rendered":"https:\/\/wp-bnp.azurewebsites.net\/2024\/12\/15\/quelle-est-la-voiture-electrique-la-moins-chere-du-marche-et-quest-ce-qui-explique-son-prix\/"},"modified":"2025-07-10T08:53:59","modified_gmt":"2025-07-10T06:53:59","slug":"meilleures-voitures-electriques-pas-cher-2024","status":"publish","type":"post","link":"https:\/\/carselect.touring.be\/fr\/blog\/meilleures-voitures-electriques-pas-cher-2024\/","title":{"rendered":"Quelle est la voiture \u00e9lectrique la moins ch\u00e8re du march\u00e9 ? Et qu\u2019est-ce qui explique son prix ?"},"content":{"rendered":"\n\n\n<style>\n.banner-carousel div[class$=\"-banner\"] {\n  display: none;\n}\n\n.banner-carousel div[class$=\"-banner\"]:first-child,\n.banner-carousel.flickity-enabled div[class$=\"-banner\"] {\n  display: inline-flex;\n} \n\n  .roadside-margin-top {\n    margin-top: 0px;\n  }\n\n  .roadside-margin-top-stock {\n    margin-top: 24px;\n  }\n\n  .roadside-assistance-banner {\n    background-color: #E4EDF4;\n    color: var(--primary-color);\n    text-align: center;\n    height: 56px;\n    font-weight: bold;\n    position: static;\n    box-shadow: rgba(0, 0, 0, 0.15) 1px 1px 10px;\n  }\n\n  .roadside-assistance-banner img {\n    height: 30px;\n  }\n\n  .roadside-assistance-banner .full-banner-button {\n    color: var(--primary-color);\n    cursor: pointer;\n    display: inline-flex;\n    align-items: center;\n    justify-content: center;\n    height: 56px;\n  }\n\n.banner-carousel-container .quality-check-banner, \n.banner-carousel-container  .roadside-banner, \n.banner-carousel-container .stock-banner {\n    color: var(--primary-color);\n    display: inline-flex;\n    align-items: center;\n    justify-content: center;\n    height: 56px;\n  }\n\n  .roadside-assistance-banner.mobile-only .banner-text {\n    padding-right: 8px;\n    padding-left: 8px;\n    margin: 0px;\n  }\n\n  .roadside-assistance-banner .banner-text {\n    font-weight: bold;\n    margin-right: 24px;\n    margin-left: 8px;\n    font-size: 18px;\n  }\n\n  .roadside-assistance-banner.desktop-only {\n    height: 56px;\n    line-height: 56px;\n    width: 100%;\n  }\n  \n  .more-info-button {\n    color: white;\n    background-color: var(--primary-color);\n    padding: 6px 10px;\n    cursor: pointer;\n    border-radius: 5px;\n  }\n\n  .more-info-button:hover, .blog-single a:focus {\n    color: white!important;\n  }\n\n  .roadside-assistance-popup .roadside-assistance-title {\n    text-align: center;\n    margin-bottom: 8px; line-height: 15px;\n  }\n\n .roadside-assistance-popup .roadside-assistance-list {\n    display: flex;\n    flex-direction: column;\n    font-size: 16px;\n  }\n\n .roadside-assistance-popup .roadside-assistance-item {\n    display: flex;\n    align-items: baseline;\n    position: relative;\n    margin-bottom: 10px;\n  }\n\n .roadside-assistance-popup .roadside-assistance-circle {\n    width: 20px;\n    min-width: 20px;\n    height: 20px;\n    border-radius: 50%;\n    background-color: var(--primary-color);\n    display: flex;\n    justify-content: center;\n    align-items: center;\n    font-weight: bold;\n    position: relative;\n    color: white;\n  }\n\n .roadside-assistance-popup .roadside-assistance-text {\n    margin-left: 8px;\n    color: var(--primary-color);\n    line-height: 16px;\n  }\n\n .roadside-assistance-popup .roadside-assistance-item:not(:last-child)::before {\n    content: \"\";\n    position: absolute;\n    width: 1px;\n    height: 28px;\n    background-color: var(--primary-color);\n    left: 10px;\n    top: 20px;\n  }\n\n .roadside-assistance-popup .roadside-assistance-item:nth-child(3)::after {\n    content: \"\";\n    position: absolute;\n    left: 7px;\n    top: 40px;\n    border: solid var(--primary-color);\n    border-width: 0 1px 1px 0;\n    padding: 3px;\n    transform: rotate(45deg);\n    -webkit-transform: rotate(45deg);\n  }\n\n  .roadside-assistance-popup .roadside-assistance-item:last-child {\n    padding-top: 20px;\n  }\n\n  .roadside-assistance-popup .roadside-assistance-item:last-child .roadside-assistance-circle {\n    padding-top: 1px;\n    background-color: #08ccb4;\n    color: white;\n  }\n\n  .roadside-assistance-popup .roadside-assistance-sublist {\n    color:var(--primary-color);\n    font-size: 16px;\n    padding-left: 28px;\n  }\n\n  .roadside-assistance-popup .roadside-assistance-sublist .checkmark {\n    color: var(--primary-color);\n  }\n\n  .roadside-assistance-popup.lightbox-content {\n    background-color: unset;\n    box-shadow: unset;\n  }\n\n  .roadside-assistance-popup .dialog-container > .col-inner {\n    box-shadow: 3px 3px 20px 0 rgba(0, 0, 0, .15);\n  }\n\n  @media only screen and (max-width: 800px) {\n    .roadside-assistance-banner {\n      z-index: 1000;\n    }\n\n    .roadside-assistance-banner.mobile-only {\n      display: block !important;\n    }\n\n    .roadside-assistance-banner.desktop-only {\n      display: none;\n    }\n  }\n\n  @media only screen and (min-width: 801px) {\n    .roadside-assistance-banner {\n      z-index: 8;\n    }\n\n    .roadside-assistance-banner.mobile-only {\n      display: none;\n    }\n\n    .roadside-assistance-banner.desktop-only {\n      display: block;\n    }\n  }\n\n  @media only screen and (max-width: 548px) {\n    #stock-general .stock-general__header-order--3 {\n      margin-top: 12px;\n    }\n  }\n  .roadside-assistance-popup .service-link.button.close {\n    font-size: 16px;\n    margin-left: 8px;\n  }\n\n  .roadside-assistance-popup .car-item-detail {\n    align-items: center;\n  }\n\n  .article-text, .default-text  {\n    display: none;\n  }\n\n  @media only screen and (max-width: 500px) {\n    .roadside-assistance-banner.mobile-only .banner-text {\n      font-size: 14px;\n      line-height: 16px;\n    }\n  }\n\n  @media only screen and (max-width: 405px) {\n    .roadside-assistance-banner.mobile-only .article-text {\n      width: 75%;\n    }\n  }\n\n  .roadside-assistance-banner.mobile-only img {\n    margin-left: 8px;\n  }\n\n  article .roadside-assistance-banner {\n    width: 100vw !important;\n    margin-left: calc(50% - 50vw);\n  }\n<\/style>\n\n\n\n<div class=\"roadside-assistance-banner desktop-only banner-carousel-container\"> \n  <div class=\"banner-carousel\">\n    <div class=\"quality-check-banner\">\n<svg width=\"24\" height=\"24\" viewBox=\"0 0 24 24\" fill=\"none\" xmlns=\"http:\/\/www.w3.org\/2000\/svg\">\n<path d=\"M4 12.5L9.5 17L19 7\" stroke=\"#00418c\" stroke-width=\"2.5\" stroke-linecap=\"round\" stroke-linejoin=\"round\"\/>\n<\/svg>\n      <span class=\"banner-text\">\nContr\u00f4les de qualit\u00e9 par Touring\n      <\/span>\n    <\/div>\n    <div class=\"roadside-banner\">\n<svg width=\"24\" height=\"24\" viewBox=\"0 0 24 24\" fill=\"none\" xmlns=\"http:\/\/www.w3.org\/2000\/svg\">\n<path d=\"M4 12.5L9.5 17L19 7\" stroke=\"#00418c\" stroke-width=\"2.5\" stroke-linecap=\"round\" stroke-linejoin=\"round\"\/>\n<\/svg>\n      <span class=\"banner-text default-text\">\n12 mois de d\u00e9pannage offerts\n      <\/span>\n      <span class=\"banner-text article-text\">\nD\u00e9couvrez notre large stock de voitures d\u2019occasion fiables\n      <\/span>\n    <\/div>\n    <div class=\"stock-banner\">\n<svg width=\"24\" height=\"24\" viewBox=\"0 0 24 24\" fill=\"none\" xmlns=\"http:\/\/www.w3.org\/2000\/svg\">\n<path d=\"M4 12.5L9.5 17L19 7\" stroke=\"#00418c\" stroke-width=\"2.5\" stroke-linecap=\"round\" stroke-linejoin=\"round\"\/>\n<\/svg>\n      <span class=\"banner-text\">\n<span class=\"stock-count\">0<\/span> voitures disponibles\n      <\/span>\n    <\/div>\n  <\/div>\n<\/div>\n\n\n\n<div class=\"roadside-assistance-banner mobile-only banner-carousel-container\"> \n  <div class=\"banner-carousel\">\n    <div class=\"quality-check-banner\">\n<svg width=\"24\" height=\"24\" viewBox=\"0 0 24 24\" fill=\"none\" xmlns=\"http:\/\/www.w3.org\/2000\/svg\">\n<path d=\"M4 12.5L9.5 17L19 7\" stroke=\"#00418c\" stroke-width=\"2.5\" stroke-linecap=\"round\" stroke-linejoin=\"round\"\/>\n<\/svg>\n      <span class=\"banner-text\">\nContr\u00f4les de qualit\u00e9 par Touring\n      <\/span>\n    <\/div>\n    <div class=\"roadside-banner\">\n<svg width=\"24\" height=\"24\" viewBox=\"0 0 24 24\" fill=\"none\" xmlns=\"http:\/\/www.w3.org\/2000\/svg\">\n<path d=\"M4 12.5L9.5 17L19 7\" stroke=\"#00418c\" stroke-width=\"2.5\" stroke-linecap=\"round\" stroke-linejoin=\"round\"\/>\n<\/svg>\n        <span class=\"banner-text default-text\">\n12 mois de d\u00e9pannage offerts\n        <\/span>\n        <span class=\"banner-text article-text\">\nD\u00e9couvrez notre large stock de voitures d\u2019occasion fiables\n        <\/span>\n    <\/div>\n    <div class=\"stock-banner\">\n<svg width=\"24\" height=\"24\" viewBox=\"0 0 24 24\" fill=\"none\" xmlns=\"http:\/\/www.w3.org\/2000\/svg\">\n<path d=\"M4 12.5L9.5 17L19 7\" stroke=\"#00418c\" stroke-width=\"2.5\" stroke-linecap=\"round\" stroke-linejoin=\"round\"\/>\n<\/svg>\n      <span class=\"banner-text\">\n<span class=\"stock-count\">0<\/span> voitures disponibles\n      <\/span>\n    <\/div>\n  <\/div>\n<\/div>\n\n<div class=\"row align-center roadside-assistance-popup lightbox-by-id lightbox-content lightbox-white mfp-hide\"  id=\"row-92106890\">\n\n\n\t<div id=\"col-1046592311\" class=\"col dialog-container medium-6 small-12 large-6\"  >\n\t\t\t\t<div class=\"col-inner\" style=\"background-color:rgb(255, 255, 255);\" >\n\t\t\t\n\t\t\t\n\n\t<div class=\"img has-hover x md-x lg-x y md-y lg-y\" id=\"image_1809814372\">\n\t\t\t\t\t\t\t\t<div class=\"img-inner dark\" >\n\t\t\t<img loading=\"lazy\" decoding=\"async\" width=\"1020\" height=\"680\" src=\"\/wp-content\/uploads\/2025\/04\/Touring_221026_3058_NL-1-1024x683.webp\" class=\"attachment-large size-large\" alt=\"Roadside Assistance Banner NL\" srcset=\"\/wp-content\/uploads\/2025\/04\/Touring_221026_3058_NL-1-1024x683.webp 1024w, \/wp-content\/uploads\/2025\/04\/Touring_221026_3058_NL-1-300x200.webp 300w, \/wp-content\/uploads\/2025\/04\/Touring_221026_3058_NL-1-768x512.webp 768w, \/wp-content\/uploads\/2025\/04\/Touring_221026_3058_NL-1-1536x1024.webp 1536w, \/wp-content\/uploads\/2025\/04\/Touring_221026_3058_NL-1-2048x1365.webp 2048w\" sizes=\"auto, (max-width: 1020px) 100vw, 1020px\" \/>\t\t\t\t\t\t\n\t\t\t\t\t<\/div>\n\t\t\t\t\t\t\t\t\n<style>\n#image_1809814372 {\n  width: 100%;\n}\n<\/style>\n\t<\/div>\n\t\n\n<div class=\"row\"  id=\"row-1049396065\">\n\n\n\t<div id=\"col-1413329667\" class=\"col small-12 large-12\"  >\n\t\t\t\t<div class=\"col-inner\"  >\n\t\t\t\n\t\t\t\n\n\n\n<p data-text-color=\"primary\" class=\"roadside-assistance-title\">\n  <strong>12 mois d\u2019assistance d\u00e9pannage offerts sur tous les v\u00e9hicules<\/strong>\n<\/p>\n<div class=\"roadside-assistance-list\">\n  <div class=\"roadside-assistance-item\">\n      <div class=\"roadside-assistance-circle\">1<\/div>\n      <div class=\"roadside-assistance-text\">Trouvez votre v\u00e9hicule<\/div>\n  <\/div>\n  <div class=\"roadside-assistance-item\">\n      <div class=\"roadside-assistance-circle\">2<\/div>\n      <div class=\"roadside-assistance-text\">Rendez-vous dans votre concession<\/div>\n  <\/div>\n  <div class=\"roadside-assistance-item\">\n      <div class=\"roadside-assistance-circle\">3<\/div>\n      <div class=\"roadside-assistance-text\">Le vendeur active instantan\u00e9ment votre assistance<\/div>\n  <\/div>\n  <div class=\"roadside-assistance-item\">\n      <div class=\"roadside-assistance-circle\">\u2713<\/div>\n      <div class=\"roadside-assistance-text\"><strong>Profitez de votre assistance pendant 12 mois<\/strong><\/div>\n  <\/div>\n<\/div>\n<div class=\"roadside-assistance-sublist\">\n<div>\n<span class=\"checkmark \">\u2713<\/span>\n<span>Dans toute la Belgique<\/span>\n<\/div>\n<div>\n<span class=\"checkmark \">\u2713<\/span>\n<span>V\u00e9hicule de remplacement<\/span>\n<\/div>\n<\/div>\n\n\n\t\t<\/div>\n\t\t\t\t\t<\/div>\n\n\t\n\n\t<div id=\"col-1583800016\" class=\"col small-12 large-12\"  >\n\t\t\t\t<div class=\"col-inner\"  >\n\t\t\t\n\t\t\t\n\n\n\n<div class=\"car-item-detail d-flex\"> \n         <a href=\"https:\/\/carselect.touring.be\/fr\/services-solutions\/#roadside-assistance\">\n         <div class=\"more-info-button bold\">\n Plus d\u2019information\n         <\/div>\n           <\/a>\n<button class=\"button success lowercase service-link close\">Fermer<\/button>\n      <\/div>\n\n\n\t\t<\/div>\n\t\t\t\t\t<\/div>\n\n\t\n\n\n<style>\n#row-1049396065 > .col > .col-inner {\n  padding: 0px 24px 0px 24px;\n}\n<\/style>\n<\/div>\n\n\t\t<\/div>\n\t\t\t\t\t<\/div>\n\n\t\n\n<\/div>\n\n\n<script>\ndocument.querySelector('.roadside-assistance-popup').setAttribute('id', 'roadside-assistance-popup');\n\ndocument.querySelector('.roadside-assistance-popup .button.close').addEventListener('click', function() {\n$.magnificPopup.close();\n});\n\nif (window.location.pathname.includes(\"blog\")) {\n  const toShow = document.querySelectorAll(\".article-text\");\n  toShow.forEach(el => {\n    el.style.display=\"inline\";\n  });\n} else {\n  const toShow = document.querySelectorAll(\".default-text\");\n  toShow.forEach(el => {\n    el.style.display=\"inline\";\n  });\n}\n<\/script>\n\n\n\n\t<section class=\"section news-details\" id=\"section_1051876473\">\n\t\t<div class=\"section-bg fill\" >\n\t\t\t\t\t\t\t\t\t\n\t\t\t\n\n\t\t<\/div>\n\n\t\t\n\n\t\t<div class=\"section-content relative\">\n\t\t\t\n\n<div class=\"row row-large\"  id=\"row-1897958480\">\n\n\n\t<div id=\"col-1651355592\" class=\"col medium-8 small-12 large-8\"  >\n\t\t\t\t<div class=\"col-inner\"  >\n\t\t\t\n\t\t\t\n\n<div class=\"container section-title-container\" ><h1 class=\"section-title section-title-normal\"><b><\/b><span class=\"section-title-main\" style=\"font-size:123%;\">Quelle est la voiture \u00e9lectrique la moins ch\u00e8re du march\u00e9 ? Et qu\u2019est-ce qui explique son prix ?<\/span><b><\/b><\/h1><\/div>\n\n\n\t\t<\/div>\n\t\t\t\t\n<style>\n#col-1651355592 > .col-inner {\n  padding: 0px 0px 0px 0px;\n  margin: 0px 0px 0px 0px;\n}\n<\/style>\n\t<\/div>\n\n\t\n\n\t<div id=\"col-98086615\" class=\"col small-12 large-12\"  >\n\t\t\t\t<div class=\"col-inner\"  >\n\t\t\t\n\t\t\t\n\n\t<div class=\"img has-hover x md-x lg-x y md-y lg-y\" id=\"image_1928691236\">\n\t\t\t\t\t\t\t\t<div class=\"img-inner dark\" >\n\t\t\t<img loading=\"lazy\" decoding=\"async\" width=\"1000\" height=\"667\" src=\"\/wp-content\/uploads\/2024\/12\/header-elektrische-auto-budget-1.jpg\" class=\"attachment-large size-large\" alt=\"voiture electrique pas cher\" srcset=\"\/wp-content\/uploads\/2024\/12\/header-elektrische-auto-budget-1.jpg 1000w, \/wp-content\/uploads\/2024\/12\/header-elektrische-auto-budget-1-300x200.jpg 300w, \/wp-content\/uploads\/2024\/12\/header-elektrische-auto-budget-1-768x512.jpg 768w\" sizes=\"auto, (max-width: 1000px) 100vw, 1000px\" \/>\t\t\t\t\t\t\n\t\t\t\t\t<\/div>\n\t\t\t\t\t\t\t\t\n<style>\n#image_1928691236 {\n  width: 100%;\n}\n<\/style>\n\t<\/div>\n\t\n\n\n\t\t<\/div>\n\t\t\t\t\n<style>\n#col-98086615 > .col-inner {\n  margin: 0px 0px 25px 0px;\n}\n<\/style>\n\t<\/div>\n\n\t\n\n\t<div id=\"col-614446450\" class=\"col medium-8 small-12 large-8\"  >\n\t\t\t\t<div class=\"col-inner\"  >\n\t\t\t\n\t\t\t\n\n<p>Lorsque l\u2019on parle de voitures \u00e9lectriques pas ch\u00e8res, plusieurs \u00e9l\u00e9ments influencent leur co\u00fbt. La batterie, qui repr\u00e9sente une part significative du prix total, est l\u2019un des facteurs principaux. Les batteries pour voitures \u00e9lectriques les moins ch\u00e8res n\u00e9cessitent des technologies avanc\u00e9es et des mat\u00e9riaux comme le lithium et le cobalt, ce qui contribue \u00e0 leur co\u00fbt \u00e9lev\u00e9. De plus, le d\u00e9veloppement de nouvelles technologies et l\u2019adaptation des cha\u00eenes de production pour ces v\u00e9hicules innovants impliquent des d\u00e9penses suppl\u00e9mentaires.   <\/p>\n<p>Outre les co\u00fbts de fabrication, les politiques gouvernementales et les subventions jouent un r\u00f4le important dans la fixation des prix. Dans certains pays, les voitures \u00e9lectriques les moins ch\u00e8res profitent d\u2019incitations fiscales, telles que des subventions ou des r\u00e9ductions d\u2019imp\u00f4ts, rendant ces v\u00e9hicules encore plus accessibles. Enfin, les tarifs varient selon les marques et les mod\u00e8les : certains constructeurs se concentrent sp\u00e9cifiquement sur des voitures pas ch\u00e8res \u00e9lectriques pour s\u00e9duire un plus large public.  <\/p>\n<div class=\"container section-title-container\" ><h2 class=\"section-title section-title-normal\"><b><\/b><span class=\"section-title-main\" >Les ventes de voitures \u00e9lectriques sont en plein essor<\/span><b><\/b><\/h2><\/div>\n\n<p>En Belgique, les ventes de v\u00e9hicules \u00e9lectriques (VE) connaissent une forte croissance ces derni\u00e8res ann\u00e9es. Parmi les mod\u00e8les les plus populaires figurent l\u2019Audi E-tron GT, tr\u00e8s pris\u00e9e pour son design et ses performances. Un autre exemple de voiture \u00e9lectrique recherch\u00e9e est la BMW i5, reconnue pour ses sp\u00e9cifications impressionnantes. Par ailleurs, des mod\u00e8les tels que la Tesla Model Y et l\u2019Audi Q4 se classent parmi les voitures \u00e9lectriques les plus vendues du pays. Cette demande croissante pour des voitures \u00e9lectriques refl\u00e8te non seulement un int\u00e9r\u00eat accru pour des modes de transport respectueux de l\u2019environnement, mais \u00e9galement une volont\u00e9 des consommateurs de passer \u00e0 des alternatives plus durables aux voitures thermiques traditionnelles.<\/p>\n<p>En examinant les derni\u00e8res statistiques, on constate qu&rsquo;il y a actuellement 221 911 voitures enti\u00e8rement \u00e9lectriques en circulation et environ 306 690 hybrides, ce qui repr\u00e9sente ensemble environ 7 % de l\u2019ensemble du parc automobile.<\/p>\n<p>Bien que les voitures \u00e9lectriques soient de plus en plus nombreuses, elles restent souvent per\u00e7ues comme plus co\u00fbteuses que leurs homologues essence ou diesel. Cependant, gr\u00e2ce aux subventions gouvernementales pour l&rsquo;achat d&rsquo;une voiture \u00e9lectrique et \u00e0 l&rsquo;introduction de mod\u00e8les plus accessibles, il est possible de trouver des options adapt\u00e9es \u00e0 diff\u00e9rents budgets. D\u00e9couvrez ici notre top 10 des voitures \u00e9lectriques les moins ch\u00e8res.<\/p>\n<div class=\"container section-title-container\" ><h2 class=\"section-title section-title-normal\"><b><\/b><span class=\"section-title-main\" >Classement des voitures \u00e9lectriques les moins ch\u00e8res en 2023<\/span><b><\/b><\/h2><\/div>\n\n<div class=\"container section-title-container\" ><h2 class=\"section-title section-title-normal\"><b><\/b><span class=\"section-title-main\" >1. Dacia Spring: \u00e0 partir de 20 800 \u20ac<\/span><b><\/b><\/h2><\/div>\n\n<p>Avec un prix de d\u00e9part de 20 800 \u20ac et une autonomie de 230 km (WLTP), la Dacia Spring se positionne comme la voiture \u00e9lectrique la moins ch\u00e8re du march\u00e9. Une version plus puissante, l\u2019Extreme 65 avec 65 chevaux, est disponible \u00e0 partir de 22 300 \u20ac. Compacte et id\u00e9ale pour la mobilit\u00e9 urbaine, la Dacia Spring offre un excellent rapport qualit\u00e9-prix pour les consommateurs \u00e0 la recherche d\u2019une voiture \u00e9lectrique pas ch\u00e8re. Son design simple mais fonctionnel r\u00e9pond aux besoins quotidiens des conducteurs.   <\/p>\n<p>Cette voiture repr\u00e9sente une solution accessible pour une mobilit\u00e9 \u00e9lectrique, sans compromis sur les performances essentielles et l\u2019autonomie. En plus, son caract\u00e8re 100 % \u00e9lectrique et sans \u00e9missions locales en fait une option attrayante pour les consommateurs soucieux de l\u2019environnement. La Dacia Spring prouve que l\u2019\u00e9lectrique peut \u00eatre accessible \u00e0 un public plus large tout en r\u00e9pondant aux d\u00e9fis de la mobilit\u00e9 durable.   <\/p>\n\t<div class=\"img has-hover x md-x lg-x y md-y lg-y\" id=\"image_792185692\">\n\t\t\t\t\t\t\t\t<div class=\"img-inner dark\" >\n\t\t\t<img loading=\"lazy\" decoding=\"async\" width=\"1000\" height=\"667\" src=\"\/wp-content\/uploads\/2024\/12\/shutterstock_2365887025-1.jpg\" class=\"attachment-large size-large\" alt=\"La voiture \u00e9lectrique la moins ch\u00e8re : la dacia spring\" srcset=\"\/wp-content\/uploads\/2024\/12\/shutterstock_2365887025-1.jpg 1000w, \/wp-content\/uploads\/2024\/12\/shutterstock_2365887025-1-300x200.jpg 300w, \/wp-content\/uploads\/2024\/12\/shutterstock_2365887025-1-768x512.jpg 768w\" sizes=\"auto, (max-width: 1000px) 100vw, 1000px\" \/>\t\t\t\t\t\t\n\t\t\t\t\t<\/div>\n\t\t\t\t\t\t\t\t\n<style>\n#image_792185692 {\n  width: 100%;\n}\n<\/style>\n\t<\/div>\n\t\n\n\t\t<div class=\"news-related-vehicles\">\n\t\t\t\t\n\n<script type=\"text\/javascript\">\n    var seoPlugins = window.seoPlugins || [];\n\n    seoPlugins.push({\n        \"PluginCode\": \"a9f957e3-d8b9-4005-bf73-c81df6fc4833\",\n        \"PluginName\": \"#\",\n        \"FilterCookie\": {\"ModelIds\":[\"5041\"],\"BrandIds\":[\"27\"]}\n    })\n\n    window.seoPlugins = seoPlugins;\n\n    var seoPlugins = window.seoPlugins || [];\n\n    for (var i = 0; i < seoPlugins.length; i++) {\n        var pluginData = seoPlugins[i];\n        CFM.API.enable(pluginData.PluginCode, pluginData.PluginName, null, {\n            FilterCookie: pluginData.FilterCookie\n        });\n    }\n<\/script>\n<div id=\"\"><\/div>\n\t\t<\/div>\n\t\n<div class=\"is-divider divider clearfix\" ><\/div>\n\n<div class=\"container section-title-container\" ><h2 class=\"section-title section-title-normal\"><b><\/b><span class=\"section-title-main\" >2. Renault Twingo E-Tech : \u00e0 partir de 23 120 \u20ac<\/span><b><\/b><\/h2><\/div>\n\n<p>La Renault Twingo E-Tech est une petite voiture \u00e9lectrique urbaine disponible \u00e0 partir de 23 120 \u20ac. \u00c9quip\u00e9e d\u2019une batterie de 22 kW, elle offre une autonomie de 190 km (WLTP), id\u00e9ale pour les trajets en ville. Con\u00e7ue pour allier efficacit\u00e9 et praticit\u00e9 dans les environnements urbains, la Twingo E-Tech combine un design \u00e9l\u00e9gant avec une utilisation fonctionnelle, garantissant une exp\u00e9rience de conduite confortable.<\/p>\n<p>Son caract\u00e8re sans \u00e9missions locales en fait un choix respectueux de l\u2019environnement, tout en offrant la libert\u00e9 de rouler \u00e9lectrique sans d\u00e9pendre des carburants fossiles. La Twingo E-Tech int\u00e8gre des technologies modernes et des options de connectivit\u00e9, ce qui en fait une option \u00e0 la fois abordable et intelligente pour les consommateurs \u00e0 la recherche d\u2019une voiture pas cher \u00e9lectrique. Cette solution accessible s\u00e9duit par son prix comp\u00e9titif et son engagement envers la mobilit\u00e9 durable.       <\/p>\n\t<div class=\"img has-hover x md-x lg-x y md-y lg-y\" id=\"image_2093842445\">\n\t\t\t\t\t\t\t\t<div class=\"img-inner dark\" >\n\t\t\t<img loading=\"lazy\" decoding=\"async\" width=\"1000\" height=\"667\" src=\"\/wp-content\/uploads\/2024\/12\/renault-twingo-e-tch.webp\" class=\"attachment-large size-large\" alt=\"\" srcset=\"\/wp-content\/uploads\/2024\/12\/renault-twingo-e-tch.webp 1000w, \/wp-content\/uploads\/2024\/12\/renault-twingo-e-tch-300x200.webp 300w, \/wp-content\/uploads\/2024\/12\/renault-twingo-e-tch-768x512.webp 768w\" sizes=\"auto, (max-width: 1000px) 100vw, 1000px\" \/>\t\t\t\t\t\t\n\t\t\t\t\t<\/div>\n\t\t\t\t\t\t\t\t\n<style>\n#image_2093842445 {\n  width: 100%;\n}\n<\/style>\n\t<\/div>\n\t\n\n\t\t<div class=\"news-related-vehicles\">\n\t\t\t\t\n\n<script type=\"text\/javascript\">\n    var seoPlugins = window.seoPlugins || [];\n\n    seoPlugins.push({\n        \"PluginCode\": \"a9f957e3-d8b9-4005-bf73-c81df6fc4833\",\n        \"PluginName\": \"#\",\n        \"FilterCookie\": {\"ModelIds\":[\"5098\"],\"BrandIds\":[\"94\"]}\n    })\n\n    window.seoPlugins = seoPlugins;\n\n    var seoPlugins = window.seoPlugins || [];\n\n    for (var i = 0; i < seoPlugins.length; i++) {\n        var pluginData = seoPlugins[i];\n        CFM.API.enable(pluginData.PluginCode, pluginData.PluginName, null, {\n            FilterCookie: pluginData.FilterCookie\n        });\n    }\n<\/script>\n<div id=\"\"><\/div>\n\t\t<\/div>\n\t\n<div class=\"is-divider divider clearfix\" ><\/div>\n\n<div class=\"container section-title-container\" ><h2 class=\"section-title section-title-normal\"><b><\/b><span class=\"section-title-main\" >3. Volkswagen e-UP : \u00e0 partir de 28 080 \u20ac<\/span><b><\/b><\/h2><\/div>\n\n<p>La nouvelle Volkswagen e-UP, repens\u00e9e pour offrir un confort accru, est parfaite pour les trajets quotidiens entre domicile et travail. Faisant partie de la gamme \u00e9lectrique e-tron de Volkswagen, cette voiture propose une solution pratique pour la mobilit\u00e9 urbaine. Avec une autonomie d\u2019environ 260 km (WLTP), la e-UP est id\u00e9ale pour des trajets courts \u00e0 moyens, que ce soit en milieu urbain ou p\u00e9riurbain.<br \/>Ce v\u00e9hicule compact est \u00e9quip\u00e9 de technologies modernes, telles qu\u2019un volant multifonctions, un syst\u00e8me d&rsquo;infodivertissement intuitif et des options de connectivit\u00e9, garantissant une exp\u00e9rience de conduite agr\u00e9able. Enti\u00e8rement \u00e9lectrique et sans \u00e9missions locales, la Volkswagen e-UP repr\u00e9sente un choix attrayant pour les conducteurs soucieux de l\u2019environnement. De plus, ses co\u00fbts d\u2019entretien, inf\u00e9rieurs \u00e0 ceux des v\u00e9hicules thermiques, renforcent son attrait en termes de rentabilit\u00e9 globale.   <\/p>\n<p>La e-UP est une option fiable, abordable et respectueuse de l\u2019environnement pour les citadins \u00e0 la recherche d\u2019une voiture \u00e9lectrique pas ch\u00e8re combinant durabilit\u00e9 et praticit\u00e9.  <\/p>\n\t<div class=\"img has-hover x md-x lg-x y md-y lg-y\" id=\"image_856021866\">\n\t\t\t\t\t\t\t\t<div class=\"img-inner dark\" >\n\t\t\t<img loading=\"lazy\" decoding=\"async\" width=\"1000\" height=\"667\" src=\"\/wp-content\/uploads\/2024\/12\/VW-e-up-1.jpg\" class=\"attachment-large size-large\" alt=\"La troisi\u00e8me voiture \u00e9lectrique la moins ch\u00e8re : la Volkswagen e-up\" srcset=\"\/wp-content\/uploads\/2024\/12\/VW-e-up-1.jpg 1000w, \/wp-content\/uploads\/2024\/12\/VW-e-up-1-300x200.jpg 300w, \/wp-content\/uploads\/2024\/12\/VW-e-up-1-768x512.jpg 768w\" sizes=\"auto, (max-width: 1000px) 100vw, 1000px\" \/>\t\t\t\t\t\t\n\t\t\t\t\t<\/div>\n\t\t\t\t\t\t\t\t\n<style>\n#image_856021866 {\n  width: 100%;\n}\n<\/style>\n\t<\/div>\n\t\n\n\t\t<div class=\"news-related-vehicles\">\n\t\t\t\t\n\n<script type=\"text\/javascript\">\n    var seoPlugins = window.seoPlugins || [];\n\n    seoPlugins.push({\n        \"PluginCode\": \"a9f957e3-d8b9-4005-bf73-c81df6fc4833\",\n        \"PluginName\": \"#\u201cvw-eup\u201d\",\n        \"FilterCookie\": {\"ModelIds\":[\"3016\"],\"BrandIds\":[\"117\"]}\n    })\n\n    window.seoPlugins = seoPlugins;\n\n    var seoPlugins = window.seoPlugins || [];\n\n    for (var i = 0; i < seoPlugins.length; i++) {\n        var pluginData = seoPlugins[i];\n        CFM.API.enable(pluginData.PluginCode, pluginData.PluginName, null, {\n            FilterCookie: pluginData.FilterCookie\n        });\n    }\n<\/script>\n<div id=\"\u201cvw-eup\u201d\"><\/div>\n\t\t<\/div>\n\t\n<div class=\"is-divider divider clearfix\" ><\/div>\n\n<div class=\"container section-title-container\" ><h3 class=\"section-title section-title-normal\"><b><\/b><span class=\"section-title-main\" >4. Smart EQ Fortwo Coup\u00e9 : \u00e0 partir de 28 350 \u20ac<\/span><b><\/b><\/h3><\/div>\n\n<p>La Smart EQ Fortwo Coup\u00e9 est une voiture 100 % \u00e9lectrique, compacte et con\u00e7ue pour la mobilit\u00e9 urbaine. Avec une autonomie de 135 km, ce v\u00e9hicule est parfaitement adapt\u00e9 aux d\u00e9placements courts en ville. Gr\u00e2ce \u00e0 sa taille compacte et sa maniabilit\u00e9 exceptionnelle, garer la Smart EQ Fortwo dans les zones urbaines denses devient un jeu d\u2019enfant.   <\/p>\n<p>Malgr\u00e9 ses dimensions r\u00e9duites, la Smart EQ Fortwo est dot\u00e9e de technologies modernes et offre une exp\u00e9rience de conduite confortable. Enti\u00e8rement \u00e9lectrique et sans \u00e9missions locales, cette voiture est un choix judicieux pour les conducteurs urbains soucieux de l\u2019environnement \u00e0 la recherche d\u2019une voiture pas cher \u00e9lectrique.<\/p>\n<p>La Smart EQ Fortwo combine efficacit\u00e9 et style, proposant une mani\u00e8re pratique et respectueuse de l\u2019environnement de naviguer en ville, tout en \u00e9liminant les contraintes li\u00e9es aux carburants fossiles. C\u2019est une solution accessible pour une mobilit\u00e9 durable en milieu urbain.  <\/p>\n\t<div class=\"img has-hover x md-x lg-x y md-y lg-y\" id=\"image_1339102522\">\n\t\t\t\t\t\t\t\t<div class=\"img-inner dark\" >\n\t\t\t<img loading=\"lazy\" decoding=\"async\" width=\"1000\" height=\"667\" src=\"\/wp-content\/uploads\/2024\/12\/smart-eq-fortwo-coupe-1.jpg\" class=\"attachment-large size-large\" alt=\"\" srcset=\"\/wp-content\/uploads\/2024\/12\/smart-eq-fortwo-coupe-1.jpg 1000w, \/wp-content\/uploads\/2024\/12\/smart-eq-fortwo-coupe-1-300x200.jpg 300w, \/wp-content\/uploads\/2024\/12\/smart-eq-fortwo-coupe-1-768x512.jpg 768w\" sizes=\"auto, (max-width: 1000px) 100vw, 1000px\" \/>\t\t\t\t\t\t\n\t\t\t\t\t<\/div>\n\t\t\t\t\t\t\t\t\n<style>\n#image_1339102522 {\n  width: 100%;\n}\n<\/style>\n\t<\/div>\n\t\n\n\t\t<div class=\"news-related-vehicles\">\n\t\t\t\t\n\n<script type=\"text\/javascript\">\n    var seoPlugins = window.seoPlugins || [];\n\n    seoPlugins.push({\n        \"PluginCode\": \"a9f957e3-d8b9-4005-bf73-c81df6fc4833\",\n        \"PluginName\": \"#\u201cfortwo\u201d\",\n        \"FilterCookie\": {\"ModelIds\":[\"1793\"],\"BrandIds\":[\"101\"]}\n    })\n\n    window.seoPlugins = seoPlugins;\n\n    var seoPlugins = window.seoPlugins || [];\n\n    for (var i = 0; i < seoPlugins.length; i++) {\n        var pluginData = seoPlugins[i];\n        CFM.API.enable(pluginData.PluginCode, pluginData.PluginName, null, {\n            FilterCookie: pluginData.FilterCookie\n        });\n    }\n<\/script>\n<div id=\"\u201cfortwo\u201d\"><\/div>\n\t\t<\/div>\n\t\n<div class=\"is-divider divider clearfix\" ><\/div>\n\n<div class=\"container section-title-container\" ><h3 class=\"section-title section-title-normal\"><b><\/b><span class=\"section-title-main\" >5. MG 4 : \u00e0 partir de 29 990 \u20ac<\/span><b><\/b><\/h3><\/div>\n\n<p>La MG4, un SUV \u00e9lectrique abordable introduit par MG en Europe, offre une autonomie impressionnante de 350 km (WLTP). Ce mod\u00e8le combine un design \u00e9l\u00e9gant avec une fonctionnalit\u00e9 optimale, r\u00e9pondant aux attentes des conducteurs modernes \u00e0 la recherche d\u2019une voiture \u00e9lectrique pas ch\u00e8re et performante.<\/p>\n<p>Dot\u00e9e de technologies avanc\u00e9es et de dispositifs de s\u00e9curit\u00e9 modernes, la MG4 est non seulement un choix pratique mais aussi une option s\u00fbre pour les familles et les citadins. Son int\u00e9rieur spacieux et son syst\u00e8me d\u2019infodivertissement moderne garantissent une exp\u00e9rience de conduite confortable. De plus, son fonctionnement sans \u00e9mission locale contribue \u00e0 une mobilit\u00e9 durable. La MG4 est une excellente option pour les consommateurs soucieux de l\u2019environnement, d\u00e9sireux de passer \u00e0 une conduite \u00e9lectrique sans compromettre le style ou les performances.     <\/p>\n\t<div class=\"img has-hover x md-x lg-x y md-y lg-y\" id=\"image_246026428\">\n\t\t\t\t\t\t\t\t<div class=\"img-inner dark\" >\n\t\t\t<img loading=\"lazy\" decoding=\"async\" width=\"1000\" height=\"563\" src=\"\/wp-content\/uploads\/2024\/12\/mg-4.webp\" class=\"attachment-large size-large\" alt=\"\" srcset=\"\/wp-content\/uploads\/2024\/12\/mg-4.webp 1000w, \/wp-content\/uploads\/2024\/12\/mg-4-300x169.webp 300w, \/wp-content\/uploads\/2024\/12\/mg-4-768x432.webp 768w\" sizes=\"auto, (max-width: 1000px) 100vw, 1000px\" \/>\t\t\t\t\t\t\n\t\t\t\t\t<\/div>\n\t\t\t\t\t\t\t\t\n<style>\n#image_246026428 {\n  width: 100%;\n}\n<\/style>\n\t<\/div>\n\t\n\n<div class=\"is-divider divider clearfix\" ><\/div>\n\n<div class=\"container section-title-container\" ><h3 class=\"section-title section-title-normal\"><b><\/b><span class=\"section-title-main\" >6. Fiat 500e 24 kWh : \u00e0 partir de 30 400 \u20ac<\/span><b><\/b><\/h3><\/div>\n\n<p>La Fiat 500e Sedan 24 kWh est l\u2019une des voitures \u00e9lectriques les moins ch\u00e8res du march\u00e9, combinant une esth\u00e9tique raffin\u00e9e avec une fonctionnalit\u00e9 pratique. Avec une autonomie de 190 km (WLTP), cette petite voiture \u00e9lectrique est parfaite pour la mobilit\u00e9 urbaine et les courts trajets.  <\/p>\n<p>Le design iconique de la Fiat 500e allie modernit\u00e9 et \u00e9l\u00e9gance classique, offrant une exp\u00e9rience de conduite styl\u00e9e. \u00c0 l\u2019int\u00e9rieur, le v\u00e9hicule est \u00e9quip\u00e9 de technologies de pointe et de si\u00e8ges confortables pour rendre chaque trajet agr\u00e9able et efficace. Avec z\u00e9ro \u00e9mission locale, la Fiat 500e contribue \u00e0 une mobilit\u00e9 durable, offrant une alternative respectueuse de l\u2019environnement aux v\u00e9hicules thermiques traditionnels.<br \/>Id\u00e9ale pour les conducteurs urbains soucieux de l\u2019environnement, cette voiture pas cher \u00e9lectrique repr\u00e9sente une solution fiable, \u00e9l\u00e9gante et abordable pour les d\u00e9placements quotidiens.   <\/p>\n\t<div class=\"img has-hover x md-x lg-x y md-y lg-y\" id=\"image_1707502321\">\n\t\t\t\t\t\t\t\t<div class=\"img-inner dark\" >\n\t\t\t<img loading=\"lazy\" decoding=\"async\" width=\"1000\" height=\"667\" src=\"\/wp-content\/uploads\/2024\/12\/shutterstock_2289732055.webp\" class=\"attachment-large size-large\" alt=\"\" srcset=\"\/wp-content\/uploads\/2024\/12\/shutterstock_2289732055.webp 1000w, \/wp-content\/uploads\/2024\/12\/shutterstock_2289732055-300x200.webp 300w, \/wp-content\/uploads\/2024\/12\/shutterstock_2289732055-768x512.webp 768w\" sizes=\"auto, (max-width: 1000px) 100vw, 1000px\" \/>\t\t\t\t\t\t\n\t\t\t\t\t<\/div>\n\t\t\t\t\t\t\t\t\n<style>\n#image_1707502321 {\n  width: 100%;\n}\n<\/style>\n\t<\/div>\n\t\n\n\t\t<div class=\"news-related-vehicles\">\n\t\t\t\t\n\n<script type=\"text\/javascript\">\n    var seoPlugins = window.seoPlugins || [];\n\n    seoPlugins.push({\n        \"PluginCode\": \"a9f957e3-d8b9-4005-bf73-c81df6fc4833\",\n        \"PluginName\": \"#\u201c500e\u201d\",\n        \"FilterCookie\": {\"ModelIds\":[\"4896\"],\"BrandIds\":[\"35\"]}\n    })\n\n    window.seoPlugins = seoPlugins;\n\n    var seoPlugins = window.seoPlugins || [];\n\n    for (var i = 0; i < seoPlugins.length; i++) {\n        var pluginData = seoPlugins[i];\n        CFM.API.enable(pluginData.PluginCode, pluginData.PluginName, null, {\n            FilterCookie: pluginData.FilterCookie\n        });\n    }\n<\/script>\n<div id=\"\u201c500e\u201d\"><\/div>\n\t\t<\/div>\n\t\n<div class=\"is-divider divider clearfix\" ><\/div>\n\n<div class=\"container section-title-container\" ><h3 class=\"section-title section-title-normal\"><b><\/b><span class=\"section-title-main\" >7. MG 5: \u00e0 partir de 32 990 \u20ac<\/span><b><\/b><\/h3><\/div>\n\n<p>La MG5, une berline \u00e9lectrique confortable, offre une autonomie de 320 km, avec une version disponible pour une autonomie prolong\u00e9e, id\u00e9ale pour les conducteurs effectuant r\u00e9guli\u00e8rement de longs trajets. Ce v\u00e9hicule allie style et efficacit\u00e9, avec des technologies modernes con\u00e7ues pour am\u00e9liorer l\u2019exp\u00e9rience de conduite.  <\/p>\n<p>Son int\u00e9rieur spacieux est \u00e9quip\u00e9 de syst\u00e8mes d\u2019infodivertissement avanc\u00e9s et d\u2019options de connectivit\u00e9, faisant de la MG5 un excellent choix pour les familles et les professionnels recherchant une voiture \u00e9lectrique pas ch\u00e8re et fiable. Enti\u00e8rement \u00e9lectrique et sans \u00e9missions locales, la MG5 contribue \u00e0 une mobilit\u00e9 durable tout en offrant une alternative \u00e9cologique aux v\u00e9hicules thermiques.<\/p>\n<p>La MG5 est con\u00e7ue pour r\u00e9pondre aux besoins des conducteurs modernes, sans compromettre le confort ou les performances, et reste une option attrayante pour les consommateurs soucieux de l\u2019environnement et du rapport qualit\u00e9-prix.   <\/p>\n\t<div class=\"img has-hover x md-x lg-x y md-y lg-y\" id=\"image_790179826\">\n\t\t\t\t\t\t\t\t<div class=\"img-inner dark\" >\n\t\t\t<img loading=\"lazy\" decoding=\"async\" width=\"1000\" height=\"562\" src=\"\/wp-content\/uploads\/2024\/12\/mg-5.webp\" class=\"attachment-large size-large\" alt=\"\" srcset=\"\/wp-content\/uploads\/2024\/12\/mg-5.webp 1000w, \/wp-content\/uploads\/2024\/12\/mg-5-300x169.webp 300w, \/wp-content\/uploads\/2024\/12\/mg-5-768x432.webp 768w\" sizes=\"auto, (max-width: 1000px) 100vw, 1000px\" \/>\t\t\t\t\t\t\n\t\t\t\t\t<\/div>\n\t\t\t\t\t\t\t\t\n<style>\n#image_790179826 {\n  width: 100%;\n}\n<\/style>\n\t<\/div>\n\t\n\n<div class=\"is-divider divider clearfix\" ><\/div>\n\n<div class=\"container section-title-container\" ><h3 class=\"section-title section-title-normal\"><b><\/b><span class=\"section-title-main\" >8. MG ZS EV : \u00e0 partir de 33 990 \u20ac<\/span><b><\/b><\/h3><\/div>\n\n<p>Le MG ZS EV est un SUV \u00e9lectrique abordable et performant qui se distingue par sa polyvalence et ses caract\u00e9ristiques impressionnantes. Avec une autonomie de 320 km et une option \u201cExtended Range\u201d permettant d\u2019atteindre 440 km, ce mod\u00e8le est parfaitement adapt\u00e9 aux trajets urbains comme aux longues distances. <\/p>\n<p>Alliant un design \u00e9l\u00e9gant \u00e0 une grande praticit\u00e9, le MG ZS EV s\u2019adresse aux consommateurs soucieux de l\u2019environnement recherchant une voiture \u00e9lectrique pas ch\u00e8re mais fiable. Dot\u00e9 de technologies modernes et de dispositifs de s\u00e9curit\u00e9 avanc\u00e9s, il offre une exp\u00e9rience de conduite confortable et contribue \u00e0 une mobilit\u00e9 durable gr\u00e2ce \u00e0 son fonctionnement sans \u00e9mission locale.<\/p>\n<p>Pens\u00e9 pour r\u00e9pondre aux besoins des conducteurs modernes, ce SUV combine confort, performance et respect de l\u2019environnement, en offrant une alternative \u00e9cologique aux v\u00e9hicules \u00e0 combustion fossile.    <\/p>\n\t<div class=\"img has-hover x md-x lg-x y md-y lg-y\" id=\"image_1714719076\">\n\t\t\t\t\t\t\t\t<div class=\"img-inner dark\" >\n\t\t\t<img loading=\"lazy\" decoding=\"async\" width=\"1000\" height=\"666\" src=\"\/wp-content\/uploads\/2024\/12\/mg-zs-ev.webp\" class=\"attachment-large size-large\" alt=\"\" srcset=\"\/wp-content\/uploads\/2024\/12\/mg-zs-ev.webp 1000w, \/wp-content\/uploads\/2024\/12\/mg-zs-ev-300x200.webp 300w, \/wp-content\/uploads\/2024\/12\/mg-zs-ev-768x511.webp 768w\" sizes=\"auto, (max-width: 1000px) 100vw, 1000px\" \/>\t\t\t\t\t\t\n\t\t\t\t\t<\/div>\n\t\t\t\t\t\t\t\t\n<style>\n#image_1714719076 {\n  width: 100%;\n}\n<\/style>\n\t<\/div>\n\t\n\n\t\t<div class=\"news-related-vehicles\">\n\t\t\t\t\n\n<script type=\"text\/javascript\">\n    var seoPlugins = window.seoPlugins || [];\n\n    seoPlugins.push({\n        \"PluginCode\": \"a9f957e3-d8b9-4005-bf73-c81df6fc4833\",\n        \"PluginName\": \"#\u201czs\u201d\",\n        \"FilterCookie\": {\"ModelIds\":[\"847\"],\"BrandIds\":[\"65\"]}\n    })\n\n    window.seoPlugins = seoPlugins;\n\n    var seoPlugins = window.seoPlugins || [];\n\n    for (var i = 0; i < seoPlugins.length; i++) {\n        var pluginData = seoPlugins[i];\n        CFM.API.enable(pluginData.PluginCode, pluginData.PluginName, null, {\n            FilterCookie: pluginData.FilterCookie\n        });\n    }\n<\/script>\n<div id=\"\u201czs\u201d\"><\/div>\n\t\t<\/div>\n\t\n<div class=\"is-divider divider clearfix\" ><\/div>\n\n<div class=\"container section-title-container\" ><h3 class=\"section-title section-title-normal\"><b><\/b><span class=\"section-title-main\" >9. Peugeot e-208: \u00e0 partir de 34 800 \u20ac<\/span><b><\/b><\/h3><\/div>\n\n<p>La Peugeot e-208 est une citadine compacte \u00e9l\u00e9gante, offrant une autonomie de 400 km, id\u00e9ale pour une conduite respectueuse de l\u2019environnement. Con\u00e7ue pour allier style et efficacit\u00e9, cette voiture \u00e9lectrique pas cher propose une exp\u00e9rience de conduite exceptionnelle, tant en milieu urbain que p\u00e9riurbain.  <\/p>\n<p>\u00c9quip\u00e9e des derni\u00e8res technologies et options de connectivit\u00e9, la Peugeot e-208 est un choix judicieux pour les conducteurs modernes. Gr\u00e2ce \u00e0 son fonctionnement sans \u00e9mission locale, elle contribue \u00e0 une mobilit\u00e9 durable tout en offrant une alternative \u00e9cologique aux v\u00e9hicules thermiques.<\/p>\n<p>L\u2019int\u00e9rieur de la e-208 est con\u00e7u pour le confort et la praticit\u00e9, avec des mat\u00e9riaux haut de gamme et un syst\u00e8me d\u2019infodivertissement intuitif qui rend chaque trajet agr\u00e9able. Non seulement elle constitue une option abordable pour les consommateurs soucieux de l\u2019environnement, mais elle incarne \u00e9galement une solution \u00e9l\u00e9gante qui ne fait aucun compromis sur les performances ou l\u2019autonomie.  <\/p>\n\t<div class=\"img has-hover x md-x lg-x y md-y lg-y\" id=\"image_795608229\">\n\t\t\t\t\t\t\t\t<div class=\"img-inner dark\" >\n\t\t\t<img loading=\"lazy\" decoding=\"async\" width=\"1000\" height=\"666\" src=\"\/wp-content\/uploads\/2024\/12\/peugeot-e-208.webp\" class=\"attachment-large size-large\" alt=\"\" srcset=\"\/wp-content\/uploads\/2024\/12\/peugeot-e-208.webp 1000w, \/wp-content\/uploads\/2024\/12\/peugeot-e-208-300x200.webp 300w, \/wp-content\/uploads\/2024\/12\/peugeot-e-208-768x511.webp 768w\" sizes=\"auto, (max-width: 1000px) 100vw, 1000px\" \/>\t\t\t\t\t\t\n\t\t\t\t\t<\/div>\n\t\t\t\t\t\t\t\t\n<style>\n#image_795608229 {\n  width: 100%;\n}\n<\/style>\n\t<\/div>\n\t\n\n\t\t<div class=\"news-related-vehicles\">\n\t\t\t\t\n\n<script type=\"text\/javascript\">\n    var seoPlugins = window.seoPlugins || [];\n\n    seoPlugins.push({\n        \"PluginCode\": \"a9f957e3-d8b9-4005-bf73-c81df6fc4833\",\n        \"PluginName\": \"#\u201cpeogeut\u201d\",\n        \"FilterCookie\": {\"ModelIds\":[\"5093\"],\"BrandIds\":[\"86\"]}\n    })\n\n    window.seoPlugins = seoPlugins;\n\n    var seoPlugins = window.seoPlugins || [];\n\n    for (var i = 0; i < seoPlugins.length; i++) {\n        var pluginData = seoPlugins[i];\n        CFM.API.enable(pluginData.PluginCode, pluginData.PluginName, null, {\n            FilterCookie: pluginData.FilterCookie\n        });\n    }\n<\/script>\n<div id=\"\u201cpeogeut\u201d\"><\/div>\n\t\t<\/div>\n\t\n<div class=\"container section-title-container\" ><h3 class=\"section-title section-title-normal\"><b><\/b><span class=\"section-title-main\" >10. Renault Zoe e-Tech: \u00e0 partir de 35 100 \u20ac<\/span><b><\/b><\/h3><\/div>\n\n<p>La Renault Zoe e-Tech, mod\u00e8le iconique des voitures \u00e9lectriques, est \u00e9quip\u00e9e d\u2019un moteur de 135 chevaux et offre une recharge rapide jusqu\u2019\u00e0 80 %, garantissant une exp\u00e9rience de recharge efficace et rapide. Avec une autonomie impressionnante de 395 km, elle figure parmi les voitures \u00e9lectriques les moins ch\u00e8res et les plus populaires du march\u00e9.<\/p>\n<p>Alliant design moderne et fonctionnalit\u00e9, la Zoe e-Tech assure une conduite confortable gr\u00e2ce \u00e0 ses technologies avanc\u00e9es et son int\u00e9rieur bien pens\u00e9. Ce v\u00e9hicule est con\u00e7u avec soin, offrant une exp\u00e9rience agr\u00e9able tant pour le conducteur que pour les passagers.<\/p>\n<p>Gr\u00e2ce \u00e0 son fonctionnement sans \u00e9mission locale, la Zoe e-Tech promeut une mobilit\u00e9 durable, constituant une alternative \u00e9cologique aux v\u00e9hicules \u00e0 moteur thermique. \u00c9quip\u00e9e d\u2019un syst\u00e8me d\u2019infodivertissement intuitif et de nombreuses options de connectivit\u00e9, elle rend chaque trajet pratique et plaisant.<\/p>\n<p>Adapt\u00e9e aux environnements urbains et p\u00e9riurbains, la Renault Zoe e-Tech offre un excellent rapport qualit\u00e9-prix pour les consommateurs soucieux de l\u2019environnement qui recherchent une voiture pas cher \u00e9lectrique, fiable et performante.      <\/p>\n\t<div class=\"img has-hover x md-x lg-x y md-y lg-y\" id=\"image_1344400180\">\n\t\t\t\t\t\t\t\t<div class=\"img-inner dark\" >\n\t\t\t<img loading=\"lazy\" decoding=\"async\" width=\"1000\" height=\"667\" src=\"\/wp-content\/uploads\/2024\/12\/shutterstock_2076397075.webp\" class=\"attachment-large size-large\" alt=\"\" srcset=\"\/wp-content\/uploads\/2024\/12\/shutterstock_2076397075.webp 1000w, \/wp-content\/uploads\/2024\/12\/shutterstock_2076397075-300x200.webp 300w, \/wp-content\/uploads\/2024\/12\/shutterstock_2076397075-768x512.webp 768w\" sizes=\"auto, (max-width: 1000px) 100vw, 1000px\" \/>\t\t\t\t\t\t\n\t\t\t\t\t<\/div>\n\t\t\t\t\t\t\t\t\n<style>\n#image_1344400180 {\n  width: 100%;\n}\n<\/style>\n\t<\/div>\n\t\n\n\t\t<div class=\"news-related-vehicles\">\n\t\t\t\t\n\n<script type=\"text\/javascript\">\n    var seoPlugins = window.seoPlugins || [];\n\n    seoPlugins.push({\n        \"PluginCode\": \"a9f957e3-d8b9-4005-bf73-c81df6fc4833\",\n        \"PluginName\": \"#\u201czoe\u201d\",\n        \"FilterCookie\": {\"ModelIds\":[\"5097\"],\"BrandIds\":[\"94\"]}\n    })\n\n    window.seoPlugins = seoPlugins;\n\n    var seoPlugins = window.seoPlugins || [];\n\n    for (var i = 0; i < seoPlugins.length; i++) {\n        var pluginData = seoPlugins[i];\n        CFM.API.enable(pluginData.PluginCode, pluginData.PluginName, null, {\n            FilterCookie: pluginData.FilterCookie\n        });\n    }\n<\/script>\n<div id=\"\u201czoe\u201d\"><\/div>\n\t\t<\/div>\n\t\n<div class=\"container section-title-container\" ><h3 class=\"section-title section-title-normal\"><b><\/b><span class=\"section-title-main\" >Pourquoi les voitures \u00e9lectriques \u00e9conomiques restent-elles relativement co\u00fbteuses pour la mobilit\u00e9 \u00e9lectrique ?<\/span><b><\/b><\/h3><\/div>\n\n<p>De nombreux acheteurs consid\u00e8rent le prix d&rsquo;achat \u00e9lev\u00e9 comme un obstacle majeur, en grande partie \u00e0 cause des co\u00fbts des batteries. Cependant, les voitures \u00e9lectriques pas ch\u00e8res sont nettement plus \u00e9conomiques \u00e0 l\u2019usage. Les co\u00fbts de recharge avoisinent en moyenne 2 \u20ac pour 100 km, et ces v\u00e9hicules n\u00e9cessitent moins d\u2019entretien tout en ayant une dur\u00e9e de vie g\u00e9n\u00e9ralement plus longue que les voitures thermiques. Bien que l\u2019autonomie des voitures \u00e9lectriques varie, elle r\u00e9pond g\u00e9n\u00e9ralement aux besoins quotidiens de la majorit\u00e9 des conducteurs.<\/p>\n<div class=\"container section-title-container\" ><h3 class=\"section-title section-title-normal\"><b><\/b><span class=\"section-title-main\" >La baisse des co\u00fbts des voitures \u00e9lectriques dans un avenir proche<\/span><b><\/b><\/h3><\/div>\n\n<p>Dans un avenir proche, les co\u00fbts des voitures pas cher \u00e9lectriques devraient continuer \u00e0 baisser, les rendant accessibles \u00e0 un public plus large. Cette diminution s&rsquo;explique principalement par les avanc\u00e9es constantes dans les technologies des batteries. Les fabricants investissent massivement dans la recherche et le d\u00e9veloppement pour concevoir des batteries plus efficaces et moins co\u00fbteuses. Avec l\u2019augmentation de la production de batteries, le co\u00fbt unitaire diminue, ce qui impacte directement le prix d\u2019achat des v\u00e9hicules \u00e9lectriques.    <\/p>\n<p>Parall\u00e8lement, de nouvelles installations de production voient le jour, g\u00e9n\u00e9rant des \u00e9conomies d&rsquo;\u00e9chelle qui r\u00e9duisent encore davantage les co\u00fbts.<\/p>\n<p>Les politiques publiques et les subventions jouent \u00e9galement un r\u00f4le crucial dans cette baisse. De nombreux pays encouragent la transition vers la mobilit\u00e9 \u00e9lectrique gr\u00e2ce \u00e0 des avantages fiscaux et des incitations financi\u00e8res destin\u00e9es aux fabricants et aux consommateurs. Ces mesures, combin\u00e9es \u00e0 la demande croissante pour une mobilit\u00e9 durable, stimulent le march\u00e9 des voitures \u00e9lectriques. La concurrence accrue entre les fabricants entra\u00eene ainsi une baisse des prix pour les consommateurs.<\/p>\n<p>Avec l\u2019\u00e9volution constante des technologies et l\u2019am\u00e9lioration des infrastructures de recharge, les voitures \u00e9lectriques les moins ch\u00e8res deviendront progressivement une alternative de plus en plus attrayante face aux v\u00e9hicules fonctionnant aux combustibles fossiles.    <\/p>\n<div class=\"is-divider divider clearfix\" ><\/div>\n\n\n\n<script type=\"text\/javascript\">\n    var seoPlugins = window.seoPlugins || [];\n\n    seoPlugins.push({\n        \"PluginCode\": \"a9f957e3-d8b9-4005-bf73-c81df6fc4833\",\n        \"PluginName\": \"#new-electric\",\n        \"FilterCookie\": {\"FuelTypeIds\":[\"3\"]}\n    })\n\n    window.seoPlugins = seoPlugins;\n\n    var seoPlugins = window.seoPlugins || [];\n\n    for (var i = 0; i < seoPlugins.length; i++) {\n        var pluginData = seoPlugins[i];\n        CFM.API.enable(pluginData.PluginCode, pluginData.PluginName, null, {\n            FilterCookie: pluginData.FilterCookie\n        });\n    }\n<\/script>\n<div id=\"new-electric\"><\/div>\n\n\n\t\t<\/div>\n\t\t\t\t\t<\/div>\n\n\t\n\n\t<div id=\"col-1061361363\" class=\"col medium-4 small-12 large-4\"  >\n\t\t\t\t<div class=\"col-inner\"  >\n\t\t\t\n\t\t\t\n\n\n  \n    <div class=\"row large-columns-1 medium-columns-1 small-columns-1\" >\n  <div class=\"col post-item\" >\n\t\t\t<div class=\"col-inner\">\n\t\t\t\t<div class=\"box box-normal box-text-bottom box-blog-post has-hover\">\n            \t\t\t\t\t<div class=\"box-image\" >\n  \t\t\t\t\t\t<div class=\"image-cover\" style=\"padding-top:56.25%;\">\n\t\t\t\t\t\t\t<a href=\"https:\/\/carselect.touring.be\/fr\/blog\/les-voitures-electriques-les-plus-vendues\/\" class=\"plain\" aria-label=\"Les voitures \u00e9lectriques les plus vendues en Belgique\">\n\t\t\t\t\t\t\t\t<img loading=\"lazy\" decoding=\"async\" width=\"300\" height=\"200\" src=\"\/wp-content\/uploads\/2024\/11\/header-4-300x200.jpg\" class=\"attachment-medium size-medium wp-post-image\" alt=\"Un aper\u00e7u de la voiture la plus vendue et d&#039;autres mod\u00e8les populaires.\" srcset=\"\/wp-content\/uploads\/2024\/11\/header-4-300x200.jpg 300w, \/wp-content\/uploads\/2024\/11\/header-4-768x511.jpg 768w, \/wp-content\/uploads\/2024\/11\/header-4.jpg 1000w\" sizes=\"auto, (max-width: 300px) 100vw, 300px\" \/>\t\t\t\t\t\t\t<\/a>\n  \t\t\t\t\t\t\t  \t\t\t\t\t\t\t  \t\t\t\t\t\t<\/div>\n  \t\t\t\t\t\t  \t\t\t\t\t<\/div>\n          \t\t\t\t\t<div class=\"box-text text-left\" >\n\t\t\t\t\t<div class=\"box-text-inner blog-post-inner\">\n\n\t\t\t\t\t\n\t\t\t\t\t\t\t\t\t\t<h5 class=\"post-title is-large \">\n\t\t\t\t\t\t<a href=\"https:\/\/carselect.touring.be\/fr\/blog\/les-voitures-electriques-les-plus-vendues\/\" class=\"plain\">Les voitures \u00e9lectriques les plus vendues en Belgique<\/a>\n\t\t\t\t\t<\/h5>\n\t\t\t\t\t\t\t\t\t\t<div class=\"is-divider\"><\/div>\n\t\t\t\t\t\t\t\t\t\t<p class=\"from_the_blog_excerpt \">\n\t\t\t\t\t\tD\u00e9couvrez les voitures \u00e9lectriques les plus vendues en Belgique et apprenez tout sur les mod\u00e8les [...]\t\t\t\t\t<\/p>\n\t\t\t\t\t                    \n\t\t\t\t\t\n\t\t\t\t\t\n\t\t\t\t\t<\/div>\n\t\t\t\t\t<\/div>\n\t\t\t\t\t\t\t\t\t<\/div>\n\t\t\t<\/div>\n\t\t<\/div><div class=\"col post-item\" >\n\t\t\t<div class=\"col-inner\">\n\t\t\t\t<div class=\"box box-normal box-text-bottom box-blog-post has-hover\">\n            \t\t\t\t\t<div class=\"box-image\" >\n  \t\t\t\t\t\t<div class=\"image-cover\" style=\"padding-top:56.25%;\">\n\t\t\t\t\t\t\t<a href=\"https:\/\/carselect.touring.be\/fr\/blog\/les-voitures-electriques-avec-la-plus-grande-autonomie\/\" class=\"plain\" aria-label=\"Les voitures \u00e9lectriques avec la plus grande autonomie\">\n\t\t\t\t\t\t\t\t<img loading=\"lazy\" decoding=\"async\" width=\"300\" height=\"187\" src=\"\/wp-content\/uploads\/2024\/12\/header-1-300x187.jpg\" class=\"attachment-medium size-medium wp-post-image\" alt=\"diff\u00e9rentes voitures \u00e9lectriques avec la plus grande autonomie\" srcset=\"\/wp-content\/uploads\/2024\/12\/header-1-300x187.jpg 300w, \/wp-content\/uploads\/2024\/12\/header-1-768x479.jpg 768w, \/wp-content\/uploads\/2024\/12\/header-1.jpg 1000w\" sizes=\"auto, (max-width: 300px) 100vw, 300px\" \/>\t\t\t\t\t\t\t<\/a>\n  \t\t\t\t\t\t\t  \t\t\t\t\t\t\t  \t\t\t\t\t\t<\/div>\n  \t\t\t\t\t\t  \t\t\t\t\t<\/div>\n          \t\t\t\t\t<div class=\"box-text text-left\" >\n\t\t\t\t\t<div class=\"box-text-inner blog-post-inner\">\n\n\t\t\t\t\t\n\t\t\t\t\t\t\t\t\t\t<h5 class=\"post-title is-large \">\n\t\t\t\t\t\t<a href=\"https:\/\/carselect.touring.be\/fr\/blog\/les-voitures-electriques-avec-la-plus-grande-autonomie\/\" class=\"plain\">Les voitures \u00e9lectriques avec la plus grande autonomie<\/a>\n\t\t\t\t\t<\/h5>\n\t\t\t\t\t\t\t\t\t\t<div class=\"is-divider\"><\/div>\n\t\t\t\t\t\t\t\t\t\t<p class=\"from_the_blog_excerpt \">\n\t\t\t\t\t\tD\u00e9couvrez les meilleures voitures \u00e9lectriques de 2024. Comparez l'autonomie et le prix pour faire le [...]\t\t\t\t\t<\/p>\n\t\t\t\t\t                    \n\t\t\t\t\t\n\t\t\t\t\t\n\t\t\t\t\t<\/div>\n\t\t\t\t\t<\/div>\n\t\t\t\t\t\t\t\t\t<\/div>\n\t\t\t<\/div>\n\t\t<\/div><div class=\"col post-item\" >\n\t\t\t<div class=\"col-inner\">\n\t\t\t\t<div class=\"box box-normal box-text-bottom box-blog-post has-hover\">\n            \t\t\t\t\t<div class=\"box-image\" >\n  \t\t\t\t\t\t<div class=\"image-cover\" style=\"padding-top:56.25%;\">\n\t\t\t\t\t\t\t<a href=\"https:\/\/carselect.touring.be\/fr\/blog\/voiture-electrique-ou-hybride-rechargeable\/\" class=\"plain\" aria-label=\"Voiture \u00e9lectrique ou hybride (rechargeable) : quelle est la diff\u00e9rence ? Et laquelle vous convient le mieux ?\">\n\t\t\t\t\t\t\t\t<img loading=\"lazy\" decoding=\"async\" width=\"300\" height=\"169\" src=\"\/wp-content\/uploads\/2024\/12\/header-image-elektrische-en-hybride-wagen-2-300x169.jpg\" class=\"attachment-medium size-medium wp-post-image\" alt=\"Voiture \u00e9lectrique vs. hybride rechargeable\" srcset=\"\/wp-content\/uploads\/2024\/12\/header-image-elektrische-en-hybride-wagen-2-300x169.jpg 300w, \/wp-content\/uploads\/2024\/12\/header-image-elektrische-en-hybride-wagen-2-768x432.jpg 768w, \/wp-content\/uploads\/2024\/12\/header-image-elektrische-en-hybride-wagen-2.jpg 1000w\" sizes=\"auto, (max-width: 300px) 100vw, 300px\" \/>\t\t\t\t\t\t\t<\/a>\n  \t\t\t\t\t\t\t  \t\t\t\t\t\t\t  \t\t\t\t\t\t<\/div>\n  \t\t\t\t\t\t  \t\t\t\t\t<\/div>\n          \t\t\t\t\t<div class=\"box-text text-left\" >\n\t\t\t\t\t<div class=\"box-text-inner blog-post-inner\">\n\n\t\t\t\t\t\n\t\t\t\t\t\t\t\t\t\t<h5 class=\"post-title is-large \">\n\t\t\t\t\t\t<a href=\"https:\/\/carselect.touring.be\/fr\/blog\/voiture-electrique-ou-hybride-rechargeable\/\" class=\"plain\">Voiture \u00e9lectrique ou hybride (rechargeable) : quelle est la diff\u00e9rence ? Et laquelle vous convient le mieux ?<\/a>\n\t\t\t\t\t<\/h5>\n\t\t\t\t\t\t\t\t\t\t<div class=\"is-divider\"><\/div>\n\t\t\t\t\t\t\t\t\t\t<p class=\"from_the_blog_excerpt \">\n\t\t\t\t\t\tVous h\u00e9sitez entre l'achat d'une voiture hybride ou \u00e9lectrique ? D\u00e9couvrez les diff\u00e9rences et les [...]\t\t\t\t\t<\/p>\n\t\t\t\t\t                    \n\t\t\t\t\t\n\t\t\t\t\t\n\t\t\t\t\t<\/div>\n\t\t\t\t\t<\/div>\n\t\t\t\t\t\t\t\t\t<\/div>\n\t\t\t<\/div>\n\t\t<\/div><\/div>\n\n\n\t\t<\/div>\n\t\t\t\t\t<\/div>\n\n\t\n\n<\/div>\n<div class=\"row\"  id=\"row-1257589386\">\n\n\n\t<div id=\"col-1814997407\" class=\"col small-12 large-12\"  >\n\t\t\t\t<div class=\"col-inner\"  >\n\t\t\t\n\t\t\t\n\n\n  <div class=\"banner has-hover\" id=\"banner-614229180\">\n          <div class=\"banner-inner fill\">\n        <div class=\"banner-bg fill\" >\n            <img loading=\"lazy\" decoding=\"async\" width=\"1440\" height=\"160\" src=\"\/wp-content\/uploads\/2025\/01\/Mask-group.png\" class=\"bg attachment-original size-original\" alt=\"\" \/>                                    \n                    <\/div>\n\t\t\n        <div class=\"banner-layers container\">\n            <div class=\"fill banner-link\"><\/div>            \n\n   <div id=\"text-box-157681580\" class=\"text-box banner-layer x100 md-x100 lg-x100 y10 md-y10 lg-y10 res-text\">\n                                <div class=\"text-box-content text dark\">\n              \n              <div class=\"text-inner text-center\">\n                  \n\n<h2><em>Achetez votre<\/em><\/h2>\n<h2><em>Voiture de r\u00eave<\/em><\/h2>\n<a href=\"https:\/\/carselect.touring.be\/fr\/acheter-une-voiture\/\" class=\"button success\"  >\n\t\t<span>D\u00e9couvrez<\/span>\n\t<\/a>\n\n\n\n              <\/div>\n           <\/div>\n                            \n<style>\n#text-box-157681580 {\n  width: 35%;\n}\n#text-box-157681580 .text-box-content {\n  font-size: 100%;\n}\n<\/style>\n    <\/div>\n \n\n        <\/div>\n      <\/div>\n\n            \n<style>\n#banner-614229180 {\n  padding-top: 250px;\n}\n#banner-614229180 .banner-bg img {\n  object-position: 22% 0%;\n}\n<\/style>\n  <\/div>\n\n\n\n\t\t<\/div>\n\t\t\t\t\t<\/div>\n\n\t\n\n<\/div>\n\n\t\t<\/div>\n\n\t\t\n<style>\n#section_1051876473 {\n  padding-top: 0px;\n  padding-bottom: 0px;\n}\n<\/style>\n\t<\/section>\n\t\n\n\n\n<p><\/p>\n\n\n\n<div class=\"row row-full-width align-middle align-center legalTextContainer representativeExampleBanner qa-testid-representative-banner-fr\"  id=\"row-315559804\">\r\n\r\n\n\t<div id=\"col-417641022\" class=\"col text-container representative-example-container small-12 large-12\"  >\n\t\t\t\t<div class=\"col-inner\"  >\n\t\t\t\n\t\t\t\r\n\r\n<div class=\"legal-text-title\">Attention, emprunter de l\u2019argent co\u00fbte aussi de l\u2019argent.<\/div>\r\n<div class=\"legal-text-content mt-half\">\r\n<p>\r\nExemple repr\u00e9sentatif \u2013 Cr\u00e9dit ballon : <b>Pr\u00eat \u00e0 temp\u00e9rament avec derni\u00e8re mensualit\u00e9 major\u00e9e<\/b>. Montant du cr\u00e9dit : \u20ac 35.002,79. Acompte (facultatif) : \u20ac 0. Prix comptant: \u20ac 35.002,79. <b>TAEG (Taux Annuel Effectif Global)<\/b> de <b>5,99 %<\/b>, taux d\u00e9biteur annuel <b>fixe<\/b> : 5,99 %. Dur\u00e9e du cr\u00e9dit : <b>60 mois<\/b>. Remboursable en 59 mensualit\u00e9s de <b>\u20ac 522,81<\/b>. Derni\u00e8re mensualit\u00e9 major\u00e9e : <b>\u20ac 11.023,64<\/b>. Montant total d\u00fb : \u20ac 41.869,16.\r\n      <\/p>\r\n<p>\r\n        Exemple repr\u00e9sentatif \u2013 Cr\u00e9dit classique : <b>Pr\u00eat \u00e0 temp\u00e9rament<\/b>. Montant du cr\u00e9dit : \u20ac 35.002,79. Acompte (facultatif) : \u20ac 0. Prix comptant : \u20ac 35.002,79. <b>TAEG (Taux Annuel Effectif Global)<\/b> de <b>5,99 %<\/b>, taux d\u00e9biteur annuel <b>fixe<\/b>: 5,99 %. Dur\u00e9e de <b>60 mois<\/b>. Remboursable en 60 mensualit\u00e9s de <b>\u20ac 673,96<\/b>. Montant total d\u00fb : \u20ac 40.437,85.\r\n      <\/p>\r\n<p>\r\n        Sous r\u00e9serve d\u2019acceptation de votre demande de cr\u00e9dit par Alpha Credit s.a., pr\u00eateur, Montagne du Parc 8\/3, 1000 Bruxelles, TVA BE 0445.781.316, RPM Bruxelles. Annonceur : TCS Mobility S.A., agent \u00e0 titre accessoire, Boulevard Albert II 4, B12, 1000 Bruxelles, TVA BE 1003.765.106, BE93 0019 6639 0767, RPM Bruxelles. La souscription d\u2019un pr\u00eat \u00e0 temp\u00e9rament est soumise \u00e0 la l\u00e9gislation relative au cr\u00e9dit \u00e0 la consommation, et plus sp\u00e9cifiquement au livre VII du Code de droit \u00e9conomique.\r\n      <\/p>\r\n<\/div>\r\n\r\n\r\n\t\t<\/div>\n\t\t\t\t\t<\/div>\n\n\t\r\n\n\t<div id=\"col-822886731\" class=\"col text-container ilustrative-example-container small-12 large-12\"  >\n\t\t\t\t<div class=\"col-inner\"  >\n\t\t\t\n\t\t\t\r\n\r\n<div class=\"legal-text-title\">Attention, emprunter de l\u2019argent co\u00fbte aussi de l\u2019argent.<\/div>\r\n<div class=\"legal-text-content mt-half\">\r\n<p class=\"balloon-financing\">Exemple illustratif \u2013 Cr\u00e9dit ballon : Pr\u00eat \u00e0 temp\u00e9rament avec derni\u00e8re mensualit\u00e9 major\u00e9e. Montant du cr\u00e9dit : \u20ac\u00a0<span id=\"balloon-loan-amount\">35.002,79<\/span>. Acompte (facultatif) : \u20ac\u00a00. Prix comptant: \u20ac\u00a0<span id=\"balloon-price\">35.002,79<\/span>. TAEG (Taux Annuel Effectif Global) de <span id=\"balloon-jkp\">5,99<\/span> %, taux d\u00e9biteur annuel fixe : <span id=\"balloon-interest-rate\">5,99<\/span> %. Dur\u00e9e du cr\u00e9dit : <span id=\"balloon-number-of-months\">60<\/span> mois. Remboursable en <span id=\"balloon-lower-rate-number-of-months\">59<\/span> mensualit\u00e9s de \u20ac\u00a0<span id=\"balloon-rate-per-month\">522,81<\/span>. Derni\u00e8re mensualit\u00e9 major\u00e9e : \u20ac\u00a0<span id=\"balloon-residual-value\">11.023,64<\/span>. Montant total d\u00fb : \u20ac\u00a0<span id=\"balloon-total-financing-cost\">41.869,16<\/span>.<\/p>\r\n<p class=\"classic-financing\">Exemple illustratif \u2013 Cr\u00e9dit classique : Pr\u00eat \u00e0 temp\u00e9rament. Montant du cr\u00e9dit : \u20ac\u00a0<span id=\"classic-loan-amount\">35.002,79<\/span>. Acompte (facultatif) : \u20ac\u00a00. Prix comptant : \u20ac\u00a0<span id=\"classic-price\">35.002,79<\/span>. TAEG (Taux Annuel Effectif Global) de <span id=\"classic-jkp\">5,99<\/span> %, taux d\u00e9biteur annuel fixe: <span id=\"classic-interest-rate\">5,99<\/span> %. Dur\u00e9e de <span id=\"classic-number-of-months\">60<\/span> mois. Remboursable en 60 mensualit\u00e9s de \u20ac\u00a0<span id=\"classic-rate-per-month\">673,96<\/span>. Montant total d\u00fb : \u20ac\u00a0<span id=\"classic-total-financing-cost\">40.437,85<\/span>.<\/p>\r\n<\/div>\r\n\r\n\r\n\t\t<\/div>\n\t\t\t\t\t<\/div>\n\n\t\r\n\n\t<div id=\"col-1098160774\" class=\"col buttons-container small-12 large-12\"  >\n\t\t\t\t<div class=\"col-inner\"  >\n\t\t\t\n\t\t\t\r\n\r\n<a class=\"button success lowercase hideLegalText\"  >\n\t\t<span>Fermer<\/span>\n\t<\/a>\n\r\n\r\n<a href=\"\/fr\/blog\/choisir-la-meilleure-couleur-des-voiture-pour-votre-style\/\" class=\"button white lowercase more-info hidden\"  >\n\t\t<span>Plus d\u2019infos<\/span>\n\t<\/a>\n\r\n\r\n\r\n\t\t<\/div>\n\t\t\t\t\t<\/div>\n\n\t\r\n\r\n<\/div>\n\n\n","protected":false},"excerpt":{"rendered":"<p>Quelle est la voiture \u00e9lectrique la moins ch\u00e8re du march\u00e9 ? Et qu\u2019est-ce qui explique son prix ?<\/p>\n","protected":false},"author":28,"featured_media":12357,"comment_status":"closed","ping_status":"open","sticky":false,"template":"","format":"standard","meta":{"footnotes":""},"categories":[74],"tags":[125,130,129,126],"class_list":["post-12353","post","type-post","status-publish","format-standard","has-post-thumbnail","hentry","category-conduite-electrique","tag-doccasion","tag-elektrische-wagen-fr","tag-tweedehands-fr","tag-voiture-electrique"],"yoast_head":"<!-- This site is optimized with the Yoast SEO Premium plugin v24.0 (Yoast SEO v24.0) - https:\/\/yoast.com\/wordpress\/plugins\/seo\/ -->\n<title>Les meilleures voitures \u00e9lectriques pas ch\u00e8res \u00e0 d\u00e9couvrir en 2024<\/title>\n<meta name=\"description\" content=\"D\u00e9couvrez notre s\u00e9lection des voitures \u00e9lectriques abordables en 2024. Faites le bon choix pour votre budget et avenir. Lisez l&#039;article !\" \/>\n<meta name=\"robots\" content=\"index, follow, max-snippet:-1, max-image-preview:large, max-video-preview:-1\" \/>\n<link rel=\"canonical\" href=\"https:\/\/carselect.touring.be\/fr\/blog\/meilleures-voitures-electriques-pas-cher-2024\/\" \/>\n<meta property=\"og:locale\" content=\"fr_FR\" \/>\n<meta property=\"og:type\" content=\"article\" \/>\n<meta property=\"og:title\" content=\"Quelle est la voiture \u00e9lectrique la moins ch\u00e8re du march\u00e9 ? Et qu\u2019est-ce qui explique son prix ?\" \/>\n<meta property=\"og:description\" content=\"D\u00e9couvrez notre s\u00e9lection des voitures \u00e9lectriques abordables en 2024. Faites le bon choix pour votre budget et avenir. Lisez l&#039;article !\" \/>\n<meta property=\"og:url\" content=\"https:\/\/carselect.touring.be\/fr\/blog\/meilleures-voitures-electriques-pas-cher-2024\/\" \/>\n<meta property=\"og:site_name\" content=\"Touring Dealer\" \/>\n<meta property=\"article:published_time\" content=\"2025-01-08T15:06:08+00:00\" \/>\n<meta property=\"article:modified_time\" content=\"2025-07-10T06:53:59+00:00\" \/>\n<meta property=\"og:image\" content=\"https:\/\/carselect.touring.be\/wp-content\/uploads\/2024\/12\/header-elektrische-auto-budget-1.jpg\" \/>\n\t<meta property=\"og:image:width\" content=\"1000\" \/>\n\t<meta property=\"og:image:height\" content=\"667\" \/>\n\t<meta property=\"og:image:type\" content=\"image\/jpeg\" \/>\n<meta name=\"author\" content=\"Storme Wouter\" \/>\n<meta name=\"twitter:card\" content=\"summary_large_image\" \/>\n<meta name=\"twitter:label1\" content=\"\u00c9crit par\" \/>\n\t<meta name=\"twitter:data1\" content=\"Storme Wouter\" \/>\n\t<meta name=\"twitter:label2\" content=\"Dur\u00e9e de lecture est.\" \/>\n\t<meta name=\"twitter:data2\" content=\"11 minutes\" \/>\n<script type=\"application\/ld+json\" class=\"yoast-schema-graph\">{\"@context\":\"https:\/\/schema.org\",\"@graph\":[{\"@type\":\"Article\",\"@id\":\"https:\/\/carselect.touring.be\/fr\/blog\/meilleures-voitures-electriques-pas-cher-2024\/#article\",\"isPartOf\":{\"@id\":\"https:\/\/carselect.touring.be\/fr\/blog\/meilleures-voitures-electriques-pas-cher-2024\/\"},\"author\":{\"name\":\"Storme Wouter\",\"@id\":\"https:\/\/carselect.touring.be\/fr\/#\/schema\/person\/ac266868402e795f000a152b0f4fd4d8\"},\"headline\":\"Quelle est la voiture \u00e9lectrique la moins ch\u00e8re du march\u00e9 ? Et qu\u2019est-ce qui explique son prix ?\",\"datePublished\":\"2025-01-08T15:06:08+00:00\",\"dateModified\":\"2025-07-10T06:53:59+00:00\",\"mainEntityOfPage\":{\"@id\":\"https:\/\/carselect.touring.be\/fr\/blog\/meilleures-voitures-electriques-pas-cher-2024\/\"},\"wordCount\":2791,\"publisher\":{\"@id\":\"https:\/\/carselect.touring.be\/fr\/#organization\"},\"image\":{\"@id\":\"https:\/\/carselect.touring.be\/fr\/blog\/meilleures-voitures-electriques-pas-cher-2024\/#primaryimage\"},\"thumbnailUrl\":\"\/wp-content\/uploads\/2024\/12\/header-elektrische-auto-budget-1.jpg\",\"keywords\":[\"d'occasion\",\"elektrische wagen\",\"tweedehands\",\"voiture \u00e9lectrique\"],\"articleSection\":[\"Conduite \u00e9lectrique\"],\"inLanguage\":\"fr-BE\"},{\"@type\":\"WebPage\",\"@id\":\"https:\/\/carselect.touring.be\/fr\/blog\/meilleures-voitures-electriques-pas-cher-2024\/\",\"url\":\"https:\/\/carselect.touring.be\/fr\/blog\/meilleures-voitures-electriques-pas-cher-2024\/\",\"name\":\"Les meilleures voitures \u00e9lectriques pas ch\u00e8res \u00e0 d\u00e9couvrir en 2024\",\"isPartOf\":{\"@id\":\"https:\/\/carselect.touring.be\/fr\/#website\"},\"primaryImageOfPage\":{\"@id\":\"https:\/\/carselect.touring.be\/fr\/blog\/meilleures-voitures-electriques-pas-cher-2024\/#primaryimage\"},\"image\":{\"@id\":\"https:\/\/carselect.touring.be\/fr\/blog\/meilleures-voitures-electriques-pas-cher-2024\/#primaryimage\"},\"thumbnailUrl\":\"\/wp-content\/uploads\/2024\/12\/header-elektrische-auto-budget-1.jpg\",\"datePublished\":\"2025-01-08T15:06:08+00:00\",\"dateModified\":\"2025-07-10T06:53:59+00:00\",\"description\":\"D\u00e9couvrez notre s\u00e9lection des voitures \u00e9lectriques abordables en 2024. Faites le bon choix pour votre budget et avenir. Lisez l'article !\",\"breadcrumb\":{\"@id\":\"https:\/\/carselect.touring.be\/fr\/blog\/meilleures-voitures-electriques-pas-cher-2024\/#breadcrumb\"},\"inLanguage\":\"fr-BE\",\"potentialAction\":[{\"@type\":\"ReadAction\",\"target\":[\"https:\/\/carselect.touring.be\/fr\/blog\/meilleures-voitures-electriques-pas-cher-2024\/\"]}]},{\"@type\":\"ImageObject\",\"inLanguage\":\"fr-BE\",\"@id\":\"https:\/\/carselect.touring.be\/fr\/blog\/meilleures-voitures-electriques-pas-cher-2024\/#primaryimage\",\"url\":\"\/wp-content\/uploads\/2024\/12\/header-elektrische-auto-budget-1.jpg\",\"contentUrl\":\"\/wp-content\/uploads\/2024\/12\/header-elektrische-auto-budget-1.jpg\",\"width\":1000,\"height\":667,\"caption\":\"voiture electrique pas cher\"},{\"@type\":\"BreadcrumbList\",\"@id\":\"https:\/\/carselect.touring.be\/fr\/blog\/meilleures-voitures-electriques-pas-cher-2024\/#breadcrumb\",\"itemListElement\":[{\"@type\":\"ListItem\",\"position\":1,\"name\":\"Home\",\"item\":\"https:\/\/carselect.touring.be\/fr\/\"},{\"@type\":\"ListItem\",\"position\":2,\"name\":\"Quelle est la voiture \u00e9lectrique la moins ch\u00e8re du march\u00e9 ? Et qu\u2019est-ce qui explique son prix ?\"}]},{\"@type\":\"WebSite\",\"@id\":\"https:\/\/carselect.touring.be\/fr\/#website\",\"url\":\"https:\/\/carselect.touring.be\/fr\/\",\"name\":\"Touring CarSelect\",\"description\":\"\",\"publisher\":{\"@id\":\"https:\/\/carselect.touring.be\/fr\/#organization\"},\"potentialAction\":[{\"@type\":\"SearchAction\",\"target\":{\"@type\":\"EntryPoint\",\"urlTemplate\":\"https:\/\/carselect.touring.be\/fr\/?s={search_term_string}\"},\"query-input\":{\"@type\":\"PropertyValueSpecification\",\"valueRequired\":true,\"valueName\":\"search_term_string\"}}],\"inLanguage\":\"fr-BE\"},{\"@type\":\"Organization\",\"@id\":\"https:\/\/carselect.touring.be\/fr\/#organization\",\"name\":\"Touring CarSelect\",\"url\":\"https:\/\/carselect.touring.be\/fr\/\",\"logo\":{\"@type\":\"ImageObject\",\"inLanguage\":\"fr-BE\",\"@id\":\"https:\/\/carselect.touring.be\/fr\/#\/schema\/logo\/image\/\",\"url\":\"\/wp-content\/uploads\/2024\/04\/Touring-Car-Select-Logo.png\",\"contentUrl\":\"\/wp-content\/uploads\/2024\/04\/Touring-Car-Select-Logo.png\",\"width\":154,\"height\":53,\"caption\":\"Touring CarSelect\"},\"image\":{\"@id\":\"https:\/\/carselect.touring.be\/fr\/#\/schema\/logo\/image\/\"}},{\"@type\":\"Person\",\"@id\":\"https:\/\/carselect.touring.be\/fr\/#\/schema\/person\/ac266868402e795f000a152b0f4fd4d8\",\"name\":\"Storme Wouter\",\"image\":{\"@type\":\"ImageObject\",\"inLanguage\":\"fr-BE\",\"@id\":\"https:\/\/carselect.touring.be\/fr\/#\/schema\/person\/image\/\",\"url\":\"https:\/\/secure.gravatar.com\/avatar\/84473de8cbf4200af853908f03b9ea9e?s=96&d=mm&r=g\",\"contentUrl\":\"https:\/\/secure.gravatar.com\/avatar\/84473de8cbf4200af853908f03b9ea9e?s=96&d=mm&r=g\",\"caption\":\"Storme Wouter\"},\"url\":\"https:\/\/carselect.touring.be\/fr\/blog\/author\/storme-wouter\/\"}]}<\/script>\n<!-- \/ Yoast SEO Premium plugin. -->","yoast_head_json":{"title":"Les meilleures voitures \u00e9lectriques pas ch\u00e8res \u00e0 d\u00e9couvrir en 2024","description":"D\u00e9couvrez notre s\u00e9lection des voitures \u00e9lectriques abordables en 2024. Faites le bon choix pour votre budget et avenir. Lisez l'article !","robots":{"index":"index","follow":"follow","max-snippet":"max-snippet:-1","max-image-preview":"max-image-preview:large","max-video-preview":"max-video-preview:-1"},"canonical":"https:\/\/carselect.touring.be\/fr\/blog\/meilleures-voitures-electriques-pas-cher-2024\/","og_locale":"fr_FR","og_type":"article","og_title":"Quelle est la voiture \u00e9lectrique la moins ch\u00e8re du march\u00e9 ? Et qu\u2019est-ce qui explique son prix ?","og_description":"D\u00e9couvrez notre s\u00e9lection des voitures \u00e9lectriques abordables en 2024. Faites le bon choix pour votre budget et avenir. Lisez l'article !","og_url":"https:\/\/carselect.touring.be\/fr\/blog\/meilleures-voitures-electriques-pas-cher-2024\/","og_site_name":"Touring Dealer","article_published_time":"2025-01-08T15:06:08+00:00","article_modified_time":"2025-07-10T06:53:59+00:00","og_image":[{"width":1000,"height":667,"url":"https:\/\/carselect.touring.be\/wp-content\/uploads\/2024\/12\/header-elektrische-auto-budget-1.jpg","type":"image\/jpeg"}],"author":"Storme Wouter","twitter_card":"summary_large_image","twitter_misc":{"\u00c9crit par":"Storme Wouter","Dur\u00e9e de lecture est.":"11 minutes"},"schema":{"@context":"https:\/\/schema.org","@graph":[{"@type":"Article","@id":"https:\/\/carselect.touring.be\/fr\/blog\/meilleures-voitures-electriques-pas-cher-2024\/#article","isPartOf":{"@id":"https:\/\/carselect.touring.be\/fr\/blog\/meilleures-voitures-electriques-pas-cher-2024\/"},"author":{"name":"Storme Wouter","@id":"https:\/\/carselect.touring.be\/fr\/#\/schema\/person\/ac266868402e795f000a152b0f4fd4d8"},"headline":"Quelle est la voiture \u00e9lectrique la moins ch\u00e8re du march\u00e9 ? Et qu\u2019est-ce qui explique son prix ?","datePublished":"2025-01-08T15:06:08+00:00","dateModified":"2025-07-10T06:53:59+00:00","mainEntityOfPage":{"@id":"https:\/\/carselect.touring.be\/fr\/blog\/meilleures-voitures-electriques-pas-cher-2024\/"},"wordCount":2791,"publisher":{"@id":"https:\/\/carselect.touring.be\/fr\/#organization"},"image":{"@id":"https:\/\/carselect.touring.be\/fr\/blog\/meilleures-voitures-electriques-pas-cher-2024\/#primaryimage"},"thumbnailUrl":"\/wp-content\/uploads\/2024\/12\/header-elektrische-auto-budget-1.jpg","keywords":["d'occasion","elektrische wagen","tweedehands","voiture \u00e9lectrique"],"articleSection":["Conduite \u00e9lectrique"],"inLanguage":"fr-BE"},{"@type":"WebPage","@id":"https:\/\/carselect.touring.be\/fr\/blog\/meilleures-voitures-electriques-pas-cher-2024\/","url":"https:\/\/carselect.touring.be\/fr\/blog\/meilleures-voitures-electriques-pas-cher-2024\/","name":"Les meilleures voitures \u00e9lectriques pas ch\u00e8res \u00e0 d\u00e9couvrir en 2024","isPartOf":{"@id":"https:\/\/carselect.touring.be\/fr\/#website"},"primaryImageOfPage":{"@id":"https:\/\/carselect.touring.be\/fr\/blog\/meilleures-voitures-electriques-pas-cher-2024\/#primaryimage"},"image":{"@id":"https:\/\/carselect.touring.be\/fr\/blog\/meilleures-voitures-electriques-pas-cher-2024\/#primaryimage"},"thumbnailUrl":"\/wp-content\/uploads\/2024\/12\/header-elektrische-auto-budget-1.jpg","datePublished":"2025-01-08T15:06:08+00:00","dateModified":"2025-07-10T06:53:59+00:00","description":"D\u00e9couvrez notre s\u00e9lection des voitures \u00e9lectriques abordables en 2024. Faites le bon choix pour votre budget et avenir. Lisez l'article !","breadcrumb":{"@id":"https:\/\/carselect.touring.be\/fr\/blog\/meilleures-voitures-electriques-pas-cher-2024\/#breadcrumb"},"inLanguage":"fr-BE","potentialAction":[{"@type":"ReadAction","target":["https:\/\/carselect.touring.be\/fr\/blog\/meilleures-voitures-electriques-pas-cher-2024\/"]}]},{"@type":"ImageObject","inLanguage":"fr-BE","@id":"https:\/\/carselect.touring.be\/fr\/blog\/meilleures-voitures-electriques-pas-cher-2024\/#primaryimage","url":"\/wp-content\/uploads\/2024\/12\/header-elektrische-auto-budget-1.jpg","contentUrl":"\/wp-content\/uploads\/2024\/12\/header-elektrische-auto-budget-1.jpg","width":1000,"height":667,"caption":"voiture electrique pas cher"},{"@type":"BreadcrumbList","@id":"https:\/\/carselect.touring.be\/fr\/blog\/meilleures-voitures-electriques-pas-cher-2024\/#breadcrumb","itemListElement":[{"@type":"ListItem","position":1,"name":"Home","item":"https:\/\/carselect.touring.be\/fr\/"},{"@type":"ListItem","position":2,"name":"Quelle est la voiture \u00e9lectrique la moins ch\u00e8re du march\u00e9 ? Et qu\u2019est-ce qui explique son prix ?"}]},{"@type":"WebSite","@id":"https:\/\/carselect.touring.be\/fr\/#website","url":"https:\/\/carselect.touring.be\/fr\/","name":"Touring CarSelect","description":"","publisher":{"@id":"https:\/\/carselect.touring.be\/fr\/#organization"},"potentialAction":[{"@type":"SearchAction","target":{"@type":"EntryPoint","urlTemplate":"https:\/\/carselect.touring.be\/fr\/?s={search_term_string}"},"query-input":{"@type":"PropertyValueSpecification","valueRequired":true,"valueName":"search_term_string"}}],"inLanguage":"fr-BE"},{"@type":"Organization","@id":"https:\/\/carselect.touring.be\/fr\/#organization","name":"Touring CarSelect","url":"https:\/\/carselect.touring.be\/fr\/","logo":{"@type":"ImageObject","inLanguage":"fr-BE","@id":"https:\/\/carselect.touring.be\/fr\/#\/schema\/logo\/image\/","url":"\/wp-content\/uploads\/2024\/04\/Touring-Car-Select-Logo.png","contentUrl":"\/wp-content\/uploads\/2024\/04\/Touring-Car-Select-Logo.png","width":154,"height":53,"caption":"Touring CarSelect"},"image":{"@id":"https:\/\/carselect.touring.be\/fr\/#\/schema\/logo\/image\/"}},{"@type":"Person","@id":"https:\/\/carselect.touring.be\/fr\/#\/schema\/person\/ac266868402e795f000a152b0f4fd4d8","name":"Storme Wouter","image":{"@type":"ImageObject","inLanguage":"fr-BE","@id":"https:\/\/carselect.touring.be\/fr\/#\/schema\/person\/image\/","url":"https:\/\/secure.gravatar.com\/avatar\/84473de8cbf4200af853908f03b9ea9e?s=96&d=mm&r=g","contentUrl":"https:\/\/secure.gravatar.com\/avatar\/84473de8cbf4200af853908f03b9ea9e?s=96&d=mm&r=g","caption":"Storme Wouter"},"url":"https:\/\/carselect.touring.be\/fr\/blog\/author\/storme-wouter\/"}]}},"_links":{"self":[{"href":"https:\/\/carselect.touring.be\/fr\/wp-json\/wp\/v2\/posts\/12353","targetHints":{"allow":["GET"]}}],"collection":[{"href":"https:\/\/carselect.touring.be\/fr\/wp-json\/wp\/v2\/posts"}],"about":[{"href":"https:\/\/carselect.touring.be\/fr\/wp-json\/wp\/v2\/types\/post"}],"author":[{"embeddable":true,"href":"https:\/\/carselect.touring.be\/fr\/wp-json\/wp\/v2\/users\/28"}],"replies":[{"embeddable":true,"href":"https:\/\/carselect.touring.be\/fr\/wp-json\/wp\/v2\/comments?post=12353"}],"version-history":[{"count":6,"href":"https:\/\/carselect.touring.be\/fr\/wp-json\/wp\/v2\/posts\/12353\/revisions"}],"predecessor-version":[{"id":14016,"href":"https:\/\/carselect.touring.be\/fr\/wp-json\/wp\/v2\/posts\/12353\/revisions\/14016"}],"wp:featuredmedia":[{"embeddable":true,"href":"https:\/\/carselect.touring.be\/fr\/wp-json\/wp\/v2\/media\/12357"}],"wp:attachment":[{"href":"https:\/\/carselect.touring.be\/fr\/wp-json\/wp\/v2\/media?parent=12353"}],"wp:term":[{"taxonomy":"category","embeddable":true,"href":"https:\/\/carselect.touring.be\/fr\/wp-json\/wp\/v2\/categories?post=12353"},{"taxonomy":"post_tag","embeddable":true,"href":"https:\/\/carselect.touring.be\/fr\/wp-json\/wp\/v2\/tags?post=12353"}],"curies":[{"name":"wp","href":"https:\/\/api.w.org\/{rel}","templated":true}]}}