{"id":12328,"date":"2025-01-09T11:29:32","date_gmt":"2025-01-09T10:29:32","guid":{"rendered":"https:\/\/wp-bnp.azurewebsites.net\/2024\/12\/14\/les-voitures-electriques-avec-la-plus-grande-autonomie\/"},"modified":"2025-07-10T08:51:38","modified_gmt":"2025-07-10T06:51:38","slug":"les-voitures-electriques-avec-la-plus-grande-autonomie","status":"publish","type":"post","link":"https:\/\/carselect.touring.be\/fr\/blog\/les-voitures-electriques-avec-la-plus-grande-autonomie\/","title":{"rendered":"Les voitures \u00e9lectriques avec la plus grande autonomie"},"content":{"rendered":"\n\n\n<style>\n.banner-carousel div[class$=\"-banner\"] {\n  display: none;\n}\n\n.banner-carousel div[class$=\"-banner\"]:first-child,\n.banner-carousel.flickity-enabled div[class$=\"-banner\"] {\n  display: inline-flex;\n} \n\n  .roadside-margin-top {\n    margin-top: 0px;\n  }\n\n  .roadside-margin-top-stock {\n    margin-top: 24px;\n  }\n\n  .roadside-assistance-banner {\n    background-color: #E4EDF4;\n    color: var(--primary-color);\n    text-align: center;\n    height: 56px;\n    font-weight: bold;\n    position: static;\n    box-shadow: rgba(0, 0, 0, 0.15) 1px 1px 10px;\n  }\n\n  .roadside-assistance-banner img {\n    height: 30px;\n  }\n\n  .roadside-assistance-banner .full-banner-button {\n    color: var(--primary-color);\n    cursor: pointer;\n    display: inline-flex;\n    align-items: center;\n    justify-content: center;\n    height: 56px;\n  }\n\n.banner-carousel-container .quality-check-banner, \n.banner-carousel-container  .roadside-banner, \n.banner-carousel-container .stock-banner {\n    color: var(--primary-color);\n    display: inline-flex;\n    align-items: center;\n    justify-content: center;\n    height: 56px;\n  }\n\n  .roadside-assistance-banner.mobile-only .banner-text {\n    padding-right: 8px;\n    padding-left: 8px;\n    margin: 0px;\n  }\n\n  .roadside-assistance-banner .banner-text {\n    font-weight: bold;\n    margin-right: 24px;\n    margin-left: 8px;\n    font-size: 18px;\n  }\n\n  .roadside-assistance-banner.desktop-only {\n    height: 56px;\n    line-height: 56px;\n    width: 100%;\n  }\n  \n  .more-info-button {\n    color: white;\n    background-color: var(--primary-color);\n    padding: 6px 10px;\n    cursor: pointer;\n    border-radius: 5px;\n  }\n\n  .more-info-button:hover, .blog-single a:focus {\n    color: white!important;\n  }\n\n  .roadside-assistance-popup .roadside-assistance-title {\n    text-align: center;\n    margin-bottom: 8px; line-height: 15px;\n  }\n\n .roadside-assistance-popup .roadside-assistance-list {\n    display: flex;\n    flex-direction: column;\n    font-size: 16px;\n  }\n\n .roadside-assistance-popup .roadside-assistance-item {\n    display: flex;\n    align-items: baseline;\n    position: relative;\n    margin-bottom: 10px;\n  }\n\n .roadside-assistance-popup .roadside-assistance-circle {\n    width: 20px;\n    min-width: 20px;\n    height: 20px;\n    border-radius: 50%;\n    background-color: var(--primary-color);\n    display: flex;\n    justify-content: center;\n    align-items: center;\n    font-weight: bold;\n    position: relative;\n    color: white;\n  }\n\n .roadside-assistance-popup .roadside-assistance-text {\n    margin-left: 8px;\n    color: var(--primary-color);\n    line-height: 16px;\n  }\n\n .roadside-assistance-popup .roadside-assistance-item:not(:last-child)::before {\n    content: \"\";\n    position: absolute;\n    width: 1px;\n    height: 28px;\n    background-color: var(--primary-color);\n    left: 10px;\n    top: 20px;\n  }\n\n .roadside-assistance-popup .roadside-assistance-item:nth-child(3)::after {\n    content: \"\";\n    position: absolute;\n    left: 7px;\n    top: 40px;\n    border: solid var(--primary-color);\n    border-width: 0 1px 1px 0;\n    padding: 3px;\n    transform: rotate(45deg);\n    -webkit-transform: rotate(45deg);\n  }\n\n  .roadside-assistance-popup .roadside-assistance-item:last-child {\n    padding-top: 20px;\n  }\n\n  .roadside-assistance-popup .roadside-assistance-item:last-child .roadside-assistance-circle {\n    padding-top: 1px;\n    background-color: #08ccb4;\n    color: white;\n  }\n\n  .roadside-assistance-popup .roadside-assistance-sublist {\n    color:var(--primary-color);\n    font-size: 16px;\n    padding-left: 28px;\n  }\n\n  .roadside-assistance-popup .roadside-assistance-sublist .checkmark {\n    color: var(--primary-color);\n  }\n\n  .roadside-assistance-popup.lightbox-content {\n    background-color: unset;\n    box-shadow: unset;\n  }\n\n  .roadside-assistance-popup .dialog-container > .col-inner {\n    box-shadow: 3px 3px 20px 0 rgba(0, 0, 0, .15);\n  }\n\n  @media only screen and (max-width: 800px) {\n    .roadside-assistance-banner {\n      z-index: 1000;\n    }\n\n    .roadside-assistance-banner.mobile-only {\n      display: block !important;\n    }\n\n    .roadside-assistance-banner.desktop-only {\n      display: none;\n    }\n  }\n\n  @media only screen and (min-width: 801px) {\n    .roadside-assistance-banner {\n      z-index: 8;\n    }\n\n    .roadside-assistance-banner.mobile-only {\n      display: none;\n    }\n\n    .roadside-assistance-banner.desktop-only {\n      display: block;\n    }\n  }\n\n  @media only screen and (max-width: 548px) {\n    #stock-general .stock-general__header-order--3 {\n      margin-top: 12px;\n    }\n  }\n  .roadside-assistance-popup .service-link.button.close {\n    font-size: 16px;\n    margin-left: 8px;\n  }\n\n  .roadside-assistance-popup .car-item-detail {\n    align-items: center;\n  }\n\n  .article-text, .default-text  {\n    display: none;\n  }\n\n  @media only screen and (max-width: 500px) {\n    .roadside-assistance-banner.mobile-only .banner-text {\n      font-size: 14px;\n      line-height: 16px;\n    }\n  }\n\n  @media only screen and (max-width: 405px) {\n    .roadside-assistance-banner.mobile-only .article-text {\n      width: 75%;\n    }\n  }\n\n  .roadside-assistance-banner.mobile-only img {\n    margin-left: 8px;\n  }\n\n  article .roadside-assistance-banner {\n    width: 100vw !important;\n    margin-left: calc(50% - 50vw);\n  }\n<\/style>\n\n\n\n<div class=\"roadside-assistance-banner desktop-only banner-carousel-container\"> \n  <div class=\"banner-carousel\">\n    <div class=\"quality-check-banner\">\n<svg width=\"24\" height=\"24\" viewBox=\"0 0 24 24\" fill=\"none\" xmlns=\"http:\/\/www.w3.org\/2000\/svg\">\n<path d=\"M4 12.5L9.5 17L19 7\" stroke=\"#00418c\" stroke-width=\"2.5\" stroke-linecap=\"round\" stroke-linejoin=\"round\"\/>\n<\/svg>\n      <span class=\"banner-text\">\nContr\u00f4les de qualit\u00e9 par Touring\n      <\/span>\n    <\/div>\n    <div class=\"roadside-banner\">\n<svg width=\"24\" height=\"24\" viewBox=\"0 0 24 24\" fill=\"none\" xmlns=\"http:\/\/www.w3.org\/2000\/svg\">\n<path d=\"M4 12.5L9.5 17L19 7\" stroke=\"#00418c\" stroke-width=\"2.5\" stroke-linecap=\"round\" stroke-linejoin=\"round\"\/>\n<\/svg>\n      <span class=\"banner-text default-text\">\n12 mois de d\u00e9pannage offerts\n      <\/span>\n      <span class=\"banner-text article-text\">\nD\u00e9couvrez notre large stock de voitures d\u2019occasion fiables\n      <\/span>\n    <\/div>\n    <div class=\"stock-banner\">\n<svg width=\"24\" height=\"24\" viewBox=\"0 0 24 24\" fill=\"none\" xmlns=\"http:\/\/www.w3.org\/2000\/svg\">\n<path d=\"M4 12.5L9.5 17L19 7\" stroke=\"#00418c\" stroke-width=\"2.5\" stroke-linecap=\"round\" stroke-linejoin=\"round\"\/>\n<\/svg>\n      <span class=\"banner-text\">\n<span class=\"stock-count\">0<\/span> voitures disponibles\n      <\/span>\n    <\/div>\n  <\/div>\n<\/div>\n\n\n\n<div class=\"roadside-assistance-banner mobile-only banner-carousel-container\"> \n  <div class=\"banner-carousel\">\n    <div class=\"quality-check-banner\">\n<svg width=\"24\" height=\"24\" viewBox=\"0 0 24 24\" fill=\"none\" xmlns=\"http:\/\/www.w3.org\/2000\/svg\">\n<path d=\"M4 12.5L9.5 17L19 7\" stroke=\"#00418c\" stroke-width=\"2.5\" stroke-linecap=\"round\" stroke-linejoin=\"round\"\/>\n<\/svg>\n      <span class=\"banner-text\">\nContr\u00f4les de qualit\u00e9 par Touring\n      <\/span>\n    <\/div>\n    <div class=\"roadside-banner\">\n<svg width=\"24\" height=\"24\" viewBox=\"0 0 24 24\" fill=\"none\" xmlns=\"http:\/\/www.w3.org\/2000\/svg\">\n<path d=\"M4 12.5L9.5 17L19 7\" stroke=\"#00418c\" stroke-width=\"2.5\" stroke-linecap=\"round\" stroke-linejoin=\"round\"\/>\n<\/svg>\n        <span class=\"banner-text default-text\">\n12 mois de d\u00e9pannage offerts\n        <\/span>\n        <span class=\"banner-text article-text\">\nD\u00e9couvrez notre large stock de voitures d\u2019occasion fiables\n        <\/span>\n    <\/div>\n    <div class=\"stock-banner\">\n<svg width=\"24\" height=\"24\" viewBox=\"0 0 24 24\" fill=\"none\" xmlns=\"http:\/\/www.w3.org\/2000\/svg\">\n<path d=\"M4 12.5L9.5 17L19 7\" stroke=\"#00418c\" stroke-width=\"2.5\" stroke-linecap=\"round\" stroke-linejoin=\"round\"\/>\n<\/svg>\n      <span class=\"banner-text\">\n<span class=\"stock-count\">0<\/span> voitures disponibles\n      <\/span>\n    <\/div>\n  <\/div>\n<\/div>\n\n<div class=\"row align-center roadside-assistance-popup lightbox-by-id lightbox-content lightbox-white mfp-hide\"  id=\"row-691484765\">\n\n\n\t<div id=\"col-1323130478\" class=\"col dialog-container medium-6 small-12 large-6\"  >\n\t\t\t\t<div class=\"col-inner\" style=\"background-color:rgb(255, 255, 255);\" >\n\t\t\t\n\t\t\t\n\n\t<div class=\"img has-hover x md-x lg-x y md-y lg-y\" id=\"image_2028759279\">\n\t\t\t\t\t\t\t\t<div class=\"img-inner dark\" >\n\t\t\t<img loading=\"lazy\" decoding=\"async\" width=\"1020\" height=\"680\" src=\"\/wp-content\/uploads\/2025\/04\/Touring_221026_3058_NL-1-1024x683.webp\" class=\"attachment-large size-large\" alt=\"Roadside Assistance Banner NL\" srcset=\"\/wp-content\/uploads\/2025\/04\/Touring_221026_3058_NL-1-1024x683.webp 1024w, \/wp-content\/uploads\/2025\/04\/Touring_221026_3058_NL-1-300x200.webp 300w, \/wp-content\/uploads\/2025\/04\/Touring_221026_3058_NL-1-768x512.webp 768w, \/wp-content\/uploads\/2025\/04\/Touring_221026_3058_NL-1-1536x1024.webp 1536w, \/wp-content\/uploads\/2025\/04\/Touring_221026_3058_NL-1-2048x1365.webp 2048w\" sizes=\"auto, (max-width: 1020px) 100vw, 1020px\" \/>\t\t\t\t\t\t\n\t\t\t\t\t<\/div>\n\t\t\t\t\t\t\t\t\n<style>\n#image_2028759279 {\n  width: 100%;\n}\n<\/style>\n\t<\/div>\n\t\n\n<div class=\"row\"  id=\"row-366199867\">\n\n\n\t<div id=\"col-639000548\" class=\"col small-12 large-12\"  >\n\t\t\t\t<div class=\"col-inner\"  >\n\t\t\t\n\t\t\t\n\n\n\n<p data-text-color=\"primary\" class=\"roadside-assistance-title\">\n  <strong>12 mois d\u2019assistance d\u00e9pannage offerts sur tous les v\u00e9hicules<\/strong>\n<\/p>\n<div class=\"roadside-assistance-list\">\n  <div class=\"roadside-assistance-item\">\n      <div class=\"roadside-assistance-circle\">1<\/div>\n      <div class=\"roadside-assistance-text\">Trouvez votre v\u00e9hicule<\/div>\n  <\/div>\n  <div class=\"roadside-assistance-item\">\n      <div class=\"roadside-assistance-circle\">2<\/div>\n      <div class=\"roadside-assistance-text\">Rendez-vous dans votre concession<\/div>\n  <\/div>\n  <div class=\"roadside-assistance-item\">\n      <div class=\"roadside-assistance-circle\">3<\/div>\n      <div class=\"roadside-assistance-text\">Le vendeur active instantan\u00e9ment votre assistance<\/div>\n  <\/div>\n  <div class=\"roadside-assistance-item\">\n      <div class=\"roadside-assistance-circle\">\u2713<\/div>\n      <div class=\"roadside-assistance-text\"><strong>Profitez de votre assistance pendant 12 mois<\/strong><\/div>\n  <\/div>\n<\/div>\n<div class=\"roadside-assistance-sublist\">\n<div>\n<span class=\"checkmark \">\u2713<\/span>\n<span>Dans toute la Belgique<\/span>\n<\/div>\n<div>\n<span class=\"checkmark \">\u2713<\/span>\n<span>V\u00e9hicule de remplacement<\/span>\n<\/div>\n<\/div>\n\n\n\t\t<\/div>\n\t\t\t\t\t<\/div>\n\n\t\n\n\t<div id=\"col-606615841\" class=\"col small-12 large-12\"  >\n\t\t\t\t<div class=\"col-inner\"  >\n\t\t\t\n\t\t\t\n\n\n\n<div class=\"car-item-detail d-flex\"> \n         <a href=\"https:\/\/carselect.touring.be\/fr\/services-solutions\/#roadside-assistance\">\n         <div class=\"more-info-button bold\">\n Plus d\u2019information\n         <\/div>\n           <\/a>\n<button class=\"button success lowercase service-link close\">Fermer<\/button>\n      <\/div>\n\n\n\t\t<\/div>\n\t\t\t\t\t<\/div>\n\n\t\n\n\n<style>\n#row-366199867 > .col > .col-inner {\n  padding: 0px 24px 0px 24px;\n}\n<\/style>\n<\/div>\n\n\t\t<\/div>\n\t\t\t\t\t<\/div>\n\n\t\n\n<\/div>\n\n\n<script>\ndocument.querySelector('.roadside-assistance-popup').setAttribute('id', 'roadside-assistance-popup');\n\ndocument.querySelector('.roadside-assistance-popup .button.close').addEventListener('click', function() {\n$.magnificPopup.close();\n});\n\nif (window.location.pathname.includes(\"blog\")) {\n  const toShow = document.querySelectorAll(\".article-text\");\n  toShow.forEach(el => {\n    el.style.display=\"inline\";\n  });\n} else {\n  const toShow = document.querySelectorAll(\".default-text\");\n  toShow.forEach(el => {\n    el.style.display=\"inline\";\n  });\n}\n<\/script>\n\n\n\n\t<section class=\"section news-details\" id=\"section_481595803\">\n\t\t<div class=\"section-bg fill\" >\n\t\t\t\t\t\t\t\t\t\n\t\t\t\n\n\t\t<\/div>\n\n\t\t\n\n\t\t<div class=\"section-content relative\">\n\t\t\t\n\n<div class=\"row row-large\"  id=\"row-1399746025\">\n\n\n\t<div id=\"col-1898566064\" class=\"col medium-8 small-12 large-8\"  >\n\t\t\t\t<div class=\"col-inner\"  >\n\t\t\t\n\t\t\t\n\n<div class=\"container section-title-container\" ><h1 class=\"section-title section-title-normal\"><b><\/b><span class=\"section-title-main\" style=\"font-size:123%;\">Les voitures \u00e9lectriques ayant la plus grande autonomie en 2024<\/span><b><\/b><\/h1><\/div>\n\n\n\t\t<\/div>\n\t\t\t\t\n<style>\n#col-1898566064 > .col-inner {\n  padding: 0px 0px 0px 0px;\n  margin: 0px 0px 0px 0px;\n}\n<\/style>\n\t<\/div>\n\n\t\n\n\t<div id=\"col-1959164064\" class=\"col small-12 large-12\"  >\n\t\t\t\t<div class=\"col-inner\"  >\n\t\t\t\n\t\t\t\n\n\t<div class=\"img has-hover x md-x lg-x y md-y lg-y\" id=\"image_720135065\">\n\t\t\t\t\t\t\t\t<div class=\"img-inner dark\" >\n\t\t\t<img loading=\"lazy\" decoding=\"async\" width=\"1000\" height=\"624\" src=\"\/wp-content\/uploads\/2024\/11\/header-3.jpg\" class=\"attachment-large size-large\" alt=\"verschillende elektrische auto&#039;s met de grootste actieradius\" srcset=\"\/wp-content\/uploads\/2024\/11\/header-3.jpg 1000w, \/wp-content\/uploads\/2024\/11\/header-3-300x187.jpg 300w, \/wp-content\/uploads\/2024\/11\/header-3-768x479.jpg 768w\" sizes=\"auto, (max-width: 1000px) 100vw, 1000px\" \/>\t\t\t\t\t\t\n\t\t\t\t\t<\/div>\n\t\t\t\t\t\t\t\t\n<style>\n#image_720135065 {\n  width: 100%;\n}\n<\/style>\n\t<\/div>\n\t\n\n\n\t\t<\/div>\n\t\t\t\t\n<style>\n#col-1959164064 > .col-inner {\n  margin: 0px 0px 25px 0px;\n}\n<\/style>\n\t<\/div>\n\n\t\n\n\t<div id=\"col-836593003\" class=\"col medium-8 small-12 large-8\"  >\n\t\t\t\t<div class=\"col-inner\"  >\n\t\t\t\n\t\t\t\n\n<p>Alors que les premi\u00e8res g\u00e9n\u00e9rations de v\u00e9hicules \u00e9lectriques \u00e9taient limit\u00e9es \u00e0 des distances relativement courtes, les mod\u00e8les modernes ont consid\u00e9rablement am\u00e9lior\u00e9 leur autonomie. Des v\u00e9hicules comme l&rsquo;Opel Corsa Electric et l&rsquo;Audi e-tron peuvent d\u00e9sormais parcourir entre 200 et 500 kilom\u00e8tres selon les conditions de conduite. Pour ceux qui souhaitent aller encore plus loin, des marques telles que Mercedes, Tesla et BMW proposent des mod\u00e8les avec une autonomie impressionnante d\u00e9passant les 600 kilom\u00e8tres.<\/p>\n<p>Ces avanc\u00e9es rendent les voitures \u00e9lectriques plus attractives pour un public plus large, encourageant ainsi leur adoption croissante comme alternative aux v\u00e9hicules thermiques. Voici un aper\u00e7u des 10 voitures ayant l\u2019autonomie la plus \u00e9tendue.<\/p>\n<div class=\"container section-title-container\" ><h2 class=\"section-title section-title-normal\"><b><\/b><span class=\"section-title-main\" >1. Luicid Air Dream : 837 km<\/span><b><\/b><\/h2><\/div>\n\n<p>La Lucid Air Dream est une voiture \u00e9lectrique impressionnante qui red\u00e9finit les limites de la mobilit\u00e9 \u00e9lectrique. Son autonomie r\u00e9aliste, refl\u00e9tant la distance r\u00e9elle pouvant \u00eatre parcourue dans des conditions de conduite normales, offre une perspective pratique sur l\u2019utilisation de ce v\u00e9hicule. Avec une autonomie exceptionnelle de 837 km, cette voiture \u00e9lectrique est id\u00e9ale pour les longs trajets sans inqui\u00e9tude li\u00e9e \u00e0 la recharge. Son puissant moteur \u00e9lectrique garantit des performances remarquables et une exp\u00e9rience de conduite fluide.<\/p>\n\t<div class=\"img has-hover x md-x lg-x y md-y lg-y\" id=\"image_1715132789\">\n\t\t\t\t\t\t\t\t<div class=\"img-inner dark\" >\n\t\t\t<img loading=\"lazy\" decoding=\"async\" width=\"1000\" height=\"717\" src=\"\/wp-content\/uploads\/2024\/12\/luicid-air-dream-1.jpg\" class=\"attachment-large size-large\" alt=\"\" srcset=\"\/wp-content\/uploads\/2024\/12\/luicid-air-dream-1.jpg 1000w, \/wp-content\/uploads\/2024\/12\/luicid-air-dream-1-300x215.jpg 300w, \/wp-content\/uploads\/2024\/12\/luicid-air-dream-1-768x551.jpg 768w\" sizes=\"auto, (max-width: 1000px) 100vw, 1000px\" \/>\t\t\t\t\t\t\n\t\t\t\t\t<\/div>\n\t\t\t\t\t\t\t\t\n<style>\n#image_1715132789 {\n  width: 100%;\n}\n<\/style>\n\t<\/div>\n\t\n\n<div class=\"is-divider divider clearfix\" ><\/div>\n\n<div class=\"container section-title-container\" ><h2 class=\"section-title section-title-normal\"><b><\/b><span class=\"section-title-main\" >2. Mercedes EQS : 780 km<\/span><b><\/b><\/h2><\/div>\n\n<p>La Mercedes EQS est une voiture \u00e9lectrique luxueuse qui excelle \u00e0 la fois en mati\u00e8re de confort de conduite et de technologie. \u00c0 titre de comparaison, la Mercedes EQV, un monospace \u00e9lectrique du segment premium, offre une capacit\u00e9 de batterie de 90 kWh et une puissance de 204 ch. Avec une autonomie impressionnante de 780 km, la EQS est parfaite pour les longs trajets sans n\u00e9cessiter de fr\u00e9quentes recharges. Son int\u00e9rieur raffin\u00e9 int\u00e8gre les derni\u00e8res innovations technologiques, notamment un immense hyperscreen parfaitement int\u00e9gr\u00e9 au tableau de bord. Son puissant moteur \u00e9lectrique garantit une conduite fluide et silencieuse, tandis que les syst\u00e8mes avanc\u00e9s d\u2019aide \u00e0 la conduite renforcent la s\u00e9curit\u00e9 et le confort du conducteur.<\/p>\n\t<div class=\"img has-hover x md-x lg-x y md-y lg-y\" id=\"image_1255241246\">\n\t\t\t\t\t\t\t\t<div class=\"img-inner dark\" >\n\t\t\t<img loading=\"lazy\" decoding=\"async\" width=\"1000\" height=\"667\" src=\"\/wp-content\/uploads\/2024\/12\/mercedes-eqs-1.jpg\" class=\"attachment-large size-large\" alt=\"\" srcset=\"\/wp-content\/uploads\/2024\/12\/mercedes-eqs-1.jpg 1000w, \/wp-content\/uploads\/2024\/12\/mercedes-eqs-1-300x200.jpg 300w, \/wp-content\/uploads\/2024\/12\/mercedes-eqs-1-768x512.jpg 768w\" sizes=\"auto, (max-width: 1000px) 100vw, 1000px\" \/>\t\t\t\t\t\t\n\t\t\t\t\t<\/div>\n\t\t\t\t\t\t\t\t\n<style>\n#image_1255241246 {\n  width: 100%;\n}\n<\/style>\n\t<\/div>\n\t\n\n\t\t<div class=\"news-related-vehicles\">\n\t\t\t\t\n\n<script type=\"text\/javascript\">\n    var seoPlugins = window.seoPlugins || [];\n\n    seoPlugins.push({\n        \"PluginCode\": \"a9f957e3-d8b9-4005-bf73-c81df6fc4833\",\n        \"PluginName\": \"#\",\n        \"FilterCookie\": {\"ModelIds\":[\"5088\"],\"BrandIds\":[\"71\"]}\n    })\n\n    window.seoPlugins = seoPlugins;\n\n    var seoPlugins = window.seoPlugins || [];\n\n    for (var i = 0; i < seoPlugins.length; i++) {\n        var pluginData = seoPlugins[i];\n        CFM.API.enable(pluginData.PluginCode, pluginData.PluginName, null, {\n            FilterCookie: pluginData.FilterCookie\n        });\n    }\n<\/script>\n<div id=\"\"><\/div>\n\t\t<\/div>\n\t\n<div class=\"is-divider divider clearfix\" ><\/div>\n\n<div class=\"container section-title-container\" ><h2 class=\"section-title section-title-normal\"><b><\/b><span class=\"section-title-main\" >3. Mercedes EQE : 660 km<\/span><b><\/b><\/h2><\/div>\n\n<p>La Mercedes EQE est une remarquable addition au monde des v\u00e9hicules \u00e9lectriques, mettant l&rsquo;accent sur le luxe et la technologie. En comparaison, la Honda e offre une autonomie d&rsquo;environ 220 km, ce qui la rend davantage adapt\u00e9e aux trajets urbains. Avec une autonomie de 660 km, la EQE constitue un excellent choix pour les longs trajets sans n\u00e9cessiter de recharges fr\u00e9quentes. Son int\u00e9rieur raffin\u00e9 est \u00e9quip\u00e9 des derni\u00e8res innovations technologiques, notamment un hyperscreen int\u00e9gr\u00e9 au tableau de bord. Son puissant moteur \u00e9lectrique assure une conduite fluide et silencieuse, tandis que les syst\u00e8mes avanc\u00e9s d\u2019aide \u00e0 la conduite am\u00e9liorent la s\u00e9curit\u00e9 et le confort du conducteur.<\/p>\n\t<div class=\"img has-hover x md-x lg-x y md-y lg-y\" id=\"image_508556876\">\n\t\t\t\t\t\t\t\t<div class=\"img-inner dark\" >\n\t\t\t<img loading=\"lazy\" decoding=\"async\" width=\"1000\" height=\"665\" src=\"\/wp-content\/uploads\/2024\/12\/mercedes-eqe-1.jpg\" class=\"attachment-large size-large\" alt=\"La voiture avec la troisi\u00e8me plus grande autonomie merecedes eqe\" srcset=\"\/wp-content\/uploads\/2024\/12\/mercedes-eqe-1.jpg 1000w, \/wp-content\/uploads\/2024\/12\/mercedes-eqe-1-300x200.jpg 300w, \/wp-content\/uploads\/2024\/12\/mercedes-eqe-1-768x511.jpg 768w\" sizes=\"auto, (max-width: 1000px) 100vw, 1000px\" \/>\t\t\t\t\t\t\n\t\t\t\t\t<\/div>\n\t\t\t\t\t\t\t\t\n<style>\n#image_508556876 {\n  width: 100%;\n}\n<\/style>\n\t<\/div>\n\t\n\n\t\t<div class=\"news-related-vehicles\">\n\t\t\t\t\n\n<script type=\"text\/javascript\">\n    var seoPlugins = window.seoPlugins || [];\n\n    seoPlugins.push({\n        \"PluginCode\": \"a9f957e3-d8b9-4005-bf73-c81df6fc4833\",\n        \"PluginName\": \"#\",\n        \"FilterCookie\": {\"ModelIds\":[\"5089\"],\"BrandIds\":[\"71\"]}\n    })\n\n    window.seoPlugins = seoPlugins;\n\n    var seoPlugins = window.seoPlugins || [];\n\n    for (var i = 0; i < seoPlugins.length; i++) {\n        var pluginData = seoPlugins[i];\n        CFM.API.enable(pluginData.PluginCode, pluginData.PluginName, null, {\n            FilterCookie: pluginData.FilterCookie\n        });\n    }\n<\/script>\n<div id=\"\"><\/div>\n\t\t<\/div>\n\t\n<div class=\"is-divider divider clearfix\" ><\/div>\n\n<div class=\"container section-title-container\" ><h2 class=\"section-title section-title-normal\"><b><\/b><span class=\"section-title-main\" >4. Tesla Model S : 652 km<\/span><b><\/b><\/h2><\/div>\n\n<p>La Tesla Model S reste un exemple embl\u00e9matique de ce que les voitures \u00e9lectriques peuvent offrir. Une concurrente notable dans cette cat\u00e9gorie est la Porsche Taycan, qui propose \u00e9galement des performances \u00e9lev\u00e9es et une autonomie impressionnante. Avec une autonomie de 652 km et un moteur \u00e9lectrique puissant, ce mod\u00e8le offre une combinaison unique de performance et d&rsquo;efficacit\u00e9.<\/p>\n<p>La Tesla Model S est \u00e9quip\u00e9e des technologies les plus r\u00e9centes, y compris un syst\u00e8me avanc\u00e9 de pilotage automatique et un int\u00e9rieur minimaliste dot\u00e9 d&rsquo;un grand \u00e9cran tactile central qui contr\u00f4le la majorit\u00e9 des fonctions du v\u00e9hicule.<\/p>\n<p>C\u00f4t\u00e9 design, la Model S affiche une \u00e9l\u00e9gance moderne gr\u00e2ce \u00e0 une carrosserie a\u00e9rodynamique et \u00e9pur\u00e9e. Son acc\u00e9l\u00e9ration est impressionnante, avec la capacit\u00e9 d\u2019atteindre les 100 km\/h en quelques secondes seulement, ce qui en fait l\u2019un des v\u00e9hicules \u00e9lectriques les plus rapides sur le march\u00e9.<\/p>\n<p>Un autre atout majeur de la Tesla Model S est le vaste r\u00e9seau de stations Supercharger, permettant des trajets longue distance sans souci de recharge. Cela en fait une voiture id\u00e9ale pour un usage quotidien comme pour les longues distances. Symbole de l&rsquo;avenir de la mobilit\u00e9, la Tesla Model S combine performances, durabilit\u00e9 et technologies avanc\u00e9es.<\/p>\n\t<div class=\"img has-hover x md-x lg-x y md-y lg-y\" id=\"image_460016978\">\n\t\t\t\t\t\t\t\t<div class=\"img-inner dark\" >\n\t\t\t<img loading=\"lazy\" decoding=\"async\" width=\"1000\" height=\"655\" src=\"\/wp-content\/uploads\/2024\/12\/tesla-model-s-1.jpg\" class=\"attachment-large size-large\" alt=\"La voiture avec la quatri\u00e8me plus grande autonomie : Tesla model s\" srcset=\"\/wp-content\/uploads\/2024\/12\/tesla-model-s-1.jpg 1000w, \/wp-content\/uploads\/2024\/12\/tesla-model-s-1-300x197.jpg 300w, \/wp-content\/uploads\/2024\/12\/tesla-model-s-1-768x503.jpg 768w\" sizes=\"auto, (max-width: 1000px) 100vw, 1000px\" \/>\t\t\t\t\t\t\n\t\t\t\t\t<\/div>\n\t\t\t\t\t\t\t\t\n<style>\n#image_460016978 {\n  width: 100%;\n}\n<\/style>\n\t<\/div>\n\t\n\n\t\t<div class=\"news-related-vehicles\">\n\t\t\t\t\n\n<script type=\"text\/javascript\">\n    var seoPlugins = window.seoPlugins || [];\n\n    seoPlugins.push({\n        \"PluginCode\": \"a9f957e3-d8b9-4005-bf73-c81df6fc4833\",\n        \"PluginName\": \"#\",\n        \"FilterCookie\": {\"ModelIds\":[\"2552\"],\"BrandIds\":[\"155\"]}\n    })\n\n    window.seoPlugins = seoPlugins;\n\n    var seoPlugins = window.seoPlugins || [];\n\n    for (var i = 0; i < seoPlugins.length; i++) {\n        var pluginData = seoPlugins[i];\n        CFM.API.enable(pluginData.PluginCode, pluginData.PluginName, null, {\n            FilterCookie: pluginData.FilterCookie\n        });\n    }\n<\/script>\n<div id=\"\"><\/div>\n\t\t<\/div>\n\t\n<div class=\"is-divider divider clearfix\" ><\/div>\n\n<div class=\"container section-title-container\" ><h3 class=\"section-title section-title-normal\"><b><\/b><span class=\"section-title-main\" >5. BMW iX : 630 km<\/span><b><\/b><\/h3><\/div>\n\n<p>Le BMW iX est un SUV \u00e9lectrique impressionnant qui se distingue par sa technologie innovante et son design luxueux. \u00c0 titre de comparaison, la Porsche Macan propose \u00e9galement une exp\u00e9rience haut de gamme, mais avec une approche diff\u00e9rente en mati\u00e8re d\u2019autonomie et de performances. Avec une autonomie d\u2019environ 630 km, selon les conditions de conduite, ce v\u00e9hicule est parfaitement adapt\u00e9 aux trajets urbains et aux longues distances.<\/p>\n<p>Son moteur \u00e9lectrique puissant assure des performances remarquables, tandis que l\u2019int\u00e9rieur offre un confort exceptionnel, enrichi de technologies de pointe telles qu\u2019un \u00e9cran incurv\u00e9 et les derniers syst\u00e8mes d\u2019aide \u00e0 la conduite.<\/p>\n<p>L\u2019ext\u00e9rieur du BMW iX affiche un design futuriste et audacieux, avec une carrosserie \u00e9l\u00e9gante et a\u00e9rodynamique. Le temps de recharge est optimis\u00e9, permettant une pr\u00e9paration rapide pour les prochains trajets.<\/p>\n\t<div class=\"img has-hover x md-x lg-x y md-y lg-y\" id=\"image_789006015\">\n\t\t\t\t\t\t\t\t<div class=\"img-inner dark\" >\n\t\t\t<img loading=\"lazy\" decoding=\"async\" width=\"1000\" height=\"620\" src=\"\/wp-content\/uploads\/2024\/12\/bmw-ix-1.jpg\" class=\"attachment-large size-large\" alt=\"\" srcset=\"\/wp-content\/uploads\/2024\/12\/bmw-ix-1.jpg 1000w, \/wp-content\/uploads\/2024\/12\/bmw-ix-1-300x186.jpg 300w, \/wp-content\/uploads\/2024\/12\/bmw-ix-1-768x476.jpg 768w\" sizes=\"auto, (max-width: 1000px) 100vw, 1000px\" \/>\t\t\t\t\t\t\n\t\t\t\t\t<\/div>\n\t\t\t\t\t\t\t\t\n<style>\n#image_789006015 {\n  width: 100%;\n}\n<\/style>\n\t<\/div>\n\t\n\n\t\t<div class=\"news-related-vehicles\">\n\t\t\t\t\n\n<script type=\"text\/javascript\">\n    var seoPlugins = window.seoPlugins || [];\n\n    seoPlugins.push({\n        \"PluginCode\": \"a9f957e3-d8b9-4005-bf73-c81df6fc4833\",\n        \"PluginName\": \"#\u201cbmwix\u201d\",\n        \"FilterCookie\": {\"ModelIds\":[\"5110\"],\"BrandIds\":[\"10\"]}\n    })\n\n    window.seoPlugins = seoPlugins;\n\n    var seoPlugins = window.seoPlugins || [];\n\n    for (var i = 0; i < seoPlugins.length; i++) {\n        var pluginData = seoPlugins[i];\n        CFM.API.enable(pluginData.PluginCode, pluginData.PluginName, null, {\n            FilterCookie: pluginData.FilterCookie\n        });\n    }\n<\/script>\n<div id=\"\u201cbmwix\u201d\"><\/div>\n\t\t<\/div>\n\t\n<div class=\"is-divider divider clearfix\" ><\/div>\n\n<div class=\"container section-title-container\" ><h3 class=\"section-title section-title-normal\"><b><\/b><span class=\"section-title-main\" >6. Tesla Model 3 : 614 km<\/span><b><\/b><\/h3><\/div>\n\n<p>La Tesla Model 3 est une voiture \u00e9lectrique r\u00e9volutionnaire qui a \u00e9tabli une nouvelle norme pour les v\u00e9hicules \u00e9lectriques modernes. Un autre mod\u00e8le populaire dans un segment diff\u00e9rent est l\u2019Opel Astra, disponible \u00e9galement en version Sports Tourer. Avec une autonomie impressionnante de 614 km, selon les conditions, la Model 3 offre un excellent \u00e9quilibre entre performance et efficacit\u00e9.<\/p>\n<p>Son int\u00e9rieur minimaliste, domin\u00e9 par un grand \u00e9cran tactile central, procure une exp\u00e9rience de conduite futuriste. Son puissant moteur \u00e9lectrique garantit une acc\u00e9l\u00e9ration rapide et une conduite fluide. Gr\u00e2ce au vaste r\u00e9seau de Supercharger de Tesla, la recharge en cours de route est simple et rapide, ce qui rend les longs trajets sans souci.<\/p>\n\t<div class=\"img has-hover x md-x lg-x y md-y lg-y\" id=\"image_1927136292\">\n\t\t\t\t\t\t\t\t<div class=\"img-inner dark\" >\n\t\t\t<img loading=\"lazy\" decoding=\"async\" width=\"1000\" height=\"668\" src=\"\/wp-content\/uploads\/2024\/12\/tesla-model-3-1.jpg\" class=\"attachment-large size-large\" alt=\"La voiture avec la sixi\u00e8me plus grande autonomie: Tesla Model 3\" srcset=\"\/wp-content\/uploads\/2024\/12\/tesla-model-3-1.jpg 1000w, \/wp-content\/uploads\/2024\/12\/tesla-model-3-1-300x200.jpg 300w, \/wp-content\/uploads\/2024\/12\/tesla-model-3-1-768x513.jpg 768w\" sizes=\"auto, (max-width: 1000px) 100vw, 1000px\" \/>\t\t\t\t\t\t\n\t\t\t\t\t<\/div>\n\t\t\t\t\t\t\t\t\n<style>\n#image_1927136292 {\n  width: 100%;\n}\n<\/style>\n\t<\/div>\n\t\n\n\t\t<div class=\"news-related-vehicles\">\n\t\t\t\t\n\n<script type=\"text\/javascript\">\n    var seoPlugins = window.seoPlugins || [];\n\n    seoPlugins.push({\n        \"PluginCode\": \"a9f957e3-d8b9-4005-bf73-c81df6fc4833\",\n        \"PluginName\": \"#\",\n        \"FilterCookie\": {\"ModelIds\":[\"2971\"],\"BrandIds\":[\"155\"]}\n    })\n\n    window.seoPlugins = seoPlugins;\n\n    var seoPlugins = window.seoPlugins || [];\n\n    for (var i = 0; i < seoPlugins.length; i++) {\n        var pluginData = seoPlugins[i];\n        CFM.API.enable(pluginData.PluginCode, pluginData.PluginName, null, {\n            FilterCookie: pluginData.FilterCookie\n        });\n    }\n<\/script>\n<div id=\"\"><\/div>\n\t\t<\/div>\n\t\n<div class=\"is-divider divider clearfix\" ><\/div>\n\n<div class=\"container section-title-container\" ><h3 class=\"section-title section-title-normal\"><b><\/b><span class=\"section-title-main\" >7. Ford Mustang Mach-e : 610 km<\/span><b><\/b><\/h3><\/div>\n\n<p>La Ford Mustang Mach-e est un SUV \u00e9lectrique remarquable qui introduit le nom embl\u00e9matique Mustang dans le monde de la mobilit\u00e9 \u00e9lectrique. Un mod\u00e8le comparable dans ce segment est la Peugeot E-Rifter, r\u00e9put\u00e9e pour sa polyvalence et ses caract\u00e9ristiques pratiques. Avec une autonomie de 610 km, ce v\u00e9hicule \u00e9lectrique offre un excellent compromis entre performance et efficacit\u00e9, id\u00e9al pour les trajets urbains comme pour les longues distances.<\/p>\n<p>Son moteur \u00e9lectrique puissant procure une exp\u00e9rience de conduite dynamique, tandis que l\u2019int\u00e9rieur moderne et technologiquement avanc\u00e9 comprend des fonctionnalit\u00e9s comme un grand \u00e9cran tactile et des syst\u00e8mes d\u2019aide \u00e0 la conduite sophistiqu\u00e9s.<\/p>\n<p>C\u00f4t\u00e9 design, la Mach-e conserve l\u2019apparence sportive qui a rendu la Mustang si populaire, avec une carrosserie \u00e9lanc\u00e9e et des d\u00e9tails marquants.<\/p>\n\t<div class=\"img has-hover x md-x lg-x y md-y lg-y\" id=\"image_336630488\">\n\t\t\t\t\t\t\t\t<div class=\"img-inner dark\" >\n\t\t\t<img loading=\"lazy\" decoding=\"async\" width=\"1000\" height=\"721\" src=\"\/wp-content\/uploads\/2024\/12\/ford-mustang-mache-e-1.jpg\" class=\"attachment-large size-large\" alt=\"De auto met de zevende hoogste actieradius: Ford Mustang Mach-E\" srcset=\"\/wp-content\/uploads\/2024\/12\/ford-mustang-mache-e-1.jpg 1000w, \/wp-content\/uploads\/2024\/12\/ford-mustang-mache-e-1-300x216.jpg 300w, \/wp-content\/uploads\/2024\/12\/ford-mustang-mache-e-1-768x554.jpg 768w\" sizes=\"auto, (max-width: 1000px) 100vw, 1000px\" \/>\t\t\t\t\t\t\n\t\t\t\t\t<\/div>\n\t\t\t\t\t\t\t\t\n<style>\n#image_336630488 {\n  width: 100%;\n}\n<\/style>\n\t<\/div>\n\t\n\n\t\t<div class=\"news-related-vehicles\">\n\t\t\t\t\n\n<script type=\"text\/javascript\">\n    var seoPlugins = window.seoPlugins || [];\n\n    seoPlugins.push({\n        \"PluginCode\": \"a9f957e3-d8b9-4005-bf73-c81df6fc4833\",\n        \"PluginName\": \"#\",\n        \"FilterCookie\": {\"ModelIds\":[\"5075\"],\"BrandIds\":[\"36\"]}\n    })\n\n    window.seoPlugins = seoPlugins;\n\n    var seoPlugins = window.seoPlugins || [];\n\n    for (var i = 0; i < seoPlugins.length; i++) {\n        var pluginData = seoPlugins[i];\n        CFM.API.enable(pluginData.PluginCode, pluginData.PluginName, null, {\n            FilterCookie: pluginData.FilterCookie\n        });\n    }\n<\/script>\n<div id=\"\"><\/div>\n\t\t<\/div>\n\t\n<div class=\"is-divider divider clearfix\" ><\/div>\n\n<div class=\"container section-title-container\" ><h3 class=\"section-title section-title-normal\"><b><\/b><span class=\"section-title-main\" >8. BMW i4 : 590 km<\/span><b><\/b><\/h3><\/div>\n\n<p>La BMW i4 est une voiture \u00e9lectrique impressionnante qui combine l\u2019expertise de BMW en mati\u00e8re de conduite avec les avantages de la mobilit\u00e9 \u00e9lectrique. Avec une autonomie de 590 km, la i4 propose un excellent compromis entre efficacit\u00e9 et performance, id\u00e9ale pour les trajets quotidiens comme pour les longues distances.<\/p>\n<p>Son autonomie r\u00e9aliste, refl\u00e9tant la distance r\u00e9elle dans des conditions normales et \u00e0 temp\u00e9ratures variables, offre une perspective pratique sur l\u2019utilisation de la i4. Le moteur \u00e9lectrique puissant assure une acc\u00e9l\u00e9ration dynamique et une conduite fluide, tandis que l\u2019int\u00e9rieur respire luxe et confort avec des technologies avanc\u00e9es comme un grand \u00e9cran incurv\u00e9.<\/p>\n<p>L\u2019ext\u00e9rieur de la BMW i4 est \u00e9l\u00e9gant et a\u00e9rodynamique, avec une allure sportive qui conserve l\u2019\u00e9l\u00e9gance traditionnelle de BMW.<\/p>\n\t<div class=\"img has-hover x md-x lg-x y md-y lg-y\" id=\"image_1173504054\">\n\t\t\t\t\t\t\t\t<div class=\"img-inner dark\" >\n\t\t\t<img loading=\"lazy\" decoding=\"async\" width=\"1000\" height=\"666\" src=\"\/wp-content\/uploads\/2024\/12\/bmw-i4-1.jpg\" class=\"attachment-large size-large\" alt=\"La voiture avec la huiti\u00e8me plus grande autonomie : BMW i4\" srcset=\"\/wp-content\/uploads\/2024\/12\/bmw-i4-1.jpg 1000w, \/wp-content\/uploads\/2024\/12\/bmw-i4-1-300x200.jpg 300w, \/wp-content\/uploads\/2024\/12\/bmw-i4-1-768x511.jpg 768w\" sizes=\"auto, (max-width: 1000px) 100vw, 1000px\" \/>\t\t\t\t\t\t\n\t\t\t\t\t<\/div>\n\t\t\t\t\t\t\t\t\n<style>\n#image_1173504054 {\n  width: 100%;\n}\n<\/style>\n\t<\/div>\n\t\n\n\t\t<div class=\"news-related-vehicles\">\n\t\t\t\t\n\n<script type=\"text\/javascript\">\n    var seoPlugins = window.seoPlugins || [];\n\n    seoPlugins.push({\n        \"PluginCode\": \"a9f957e3-d8b9-4005-bf73-c81df6fc4833\",\n        \"PluginName\": \"#\u201cbmwi4v\u201d\",\n        \"FilterCookie\": {\"ModelIds\":[\"5066\"],\"BrandIds\":[\"10\"]}\n    })\n\n    window.seoPlugins = seoPlugins;\n\n    var seoPlugins = window.seoPlugins || [];\n\n    for (var i = 0; i < seoPlugins.length; i++) {\n        var pluginData = seoPlugins[i];\n        CFM.API.enable(pluginData.PluginCode, pluginData.PluginName, null, {\n            FilterCookie: pluginData.FilterCookie\n        });\n    }\n<\/script>\n<div id=\"\u201cbmwi4v\u201d\"><\/div>\n\t\t<\/div>\n\t\n<div class=\"is-divider divider clearfix\" ><\/div>\n\n<div class=\"container section-title-container\" ><h3 class=\"section-title section-title-normal\"><b><\/b><span class=\"section-title-main\" >9. Volkswagen ID.3 : 550 km<\/span><b><\/b><\/h3><\/div>\n\n<p>La Volkswagen ID.3 est une voiture \u00e9lectrique prometteuse qui fixe de nouvelles normes pour la mobilit\u00e9 \u00e9lectrique abordable. L\u2019autonomie d\u2019une voiture \u00e9lectrique, comme la ID.3, est un crit\u00e8re crucial pour un usage quotidien et les longs trajets, notamment en relation avec les options de recharge.<\/p>\n<p>Avec une autonomie d\u2019environ 550 km, selon les conditions de conduite, ce v\u00e9hicule propose un excellent \u00e9quilibre entre efficacit\u00e9 et performance. L\u2019int\u00e9rieur moderne et minimaliste est \u00e9quip\u00e9 de technologies avanc\u00e9es, comme un syst\u00e8me d\u2019infodivertissement intuitif et des aides \u00e0 la conduite qui am\u00e9liorent le confort et la s\u00e9curit\u00e9 du conducteur.<\/p>\n\t<div class=\"img has-hover x md-x lg-x y md-y lg-y\" id=\"image_876247097\">\n\t\t\t\t\t\t\t\t<div class=\"img-inner dark\" >\n\t\t\t<img loading=\"lazy\" decoding=\"async\" width=\"1000\" height=\"667\" src=\"\/wp-content\/uploads\/2024\/12\/vw-id3-1.jpg\" class=\"attachment-large size-large\" alt=\"La voiture avec la neuvi\u00e8me plus grande autonomie : VW ID3\" srcset=\"\/wp-content\/uploads\/2024\/12\/vw-id3-1.jpg 1000w, \/wp-content\/uploads\/2024\/12\/vw-id3-1-300x200.jpg 300w, \/wp-content\/uploads\/2024\/12\/vw-id3-1-768x512.jpg 768w\" sizes=\"auto, (max-width: 1000px) 100vw, 1000px\" \/>\t\t\t\t\t\t\n\t\t\t\t\t<\/div>\n\t\t\t\t\t\t\t\t\n<style>\n#image_876247097 {\n  width: 100%;\n}\n<\/style>\n\t<\/div>\n\t\n\n\t\t<div class=\"news-related-vehicles\">\n\t\t\t\t\n\n<script type=\"text\/javascript\">\n    var seoPlugins = window.seoPlugins || [];\n\n    seoPlugins.push({\n        \"PluginCode\": \"a9f957e3-d8b9-4005-bf73-c81df6fc4833\",\n        \"PluginName\": \"#\u201cvwidd3\u201d\",\n        \"FilterCookie\": {\"ModelIds\":[\"3602\"],\"BrandIds\":[\"117\"]}\n    })\n\n    window.seoPlugins = seoPlugins;\n\n    var seoPlugins = window.seoPlugins || [];\n\n    for (var i = 0; i < seoPlugins.length; i++) {\n        var pluginData = seoPlugins[i];\n        CFM.API.enable(pluginData.PluginCode, pluginData.PluginName, null, {\n            FilterCookie: pluginData.FilterCookie\n        });\n    }\n<\/script>\n<div id=\"\u201cvwidd3\u201d\"><\/div>\n\t\t<\/div>\n\t\n<div class=\"is-divider divider clearfix\" ><\/div>\n\n<div class=\"container section-title-container\" ><h3 class=\"section-title section-title-normal\"><b><\/b><span class=\"section-title-main\" >10. Skoda Enyaq : 537 km<\/span><b><\/b><\/h3><\/div>\n\n<p>Le Skoda Enyaq est un SUV \u00e9lectrique polyvalent qui se distingue par son int\u00e9rieur spacieux et sa technologie moderne. Dans le monde des voitures \u00e9lectriques, l\u2019Enyaq repr\u00e9sente une excellente option pour les consommateurs recherchant un v\u00e9hicule fiable et efficace.<\/p>\n<p>Avec une autonomie de 537 km, ce v\u00e9hicule \u00e9lectrique offre un compromis id\u00e9al entre efficacit\u00e9 et performance, adapt\u00e9 aux trajets urbains comme aux longues distances. Son moteur \u00e9lectrique puissant garantit une conduite fluide, tandis que l\u2019int\u00e9rieur offre confort et praticit\u00e9 avec des fonctionnalit\u00e9s avanc\u00e9es telles qu\u2019un grand \u00e9cran tactile et des syst\u00e8mes d\u2019aide \u00e0 la conduite.<\/p>\n<p>L\u2019ext\u00e9rieur de l\u2019Enyaq est \u00e9l\u00e9gant et a\u00e9rodynamique, avec une allure robuste qui allie praticit\u00e9 et attrait esth\u00e9tique.<\/p>\n\t<div class=\"img has-hover x md-x lg-x y md-y lg-y\" id=\"image_709992148\">\n\t\t\t\t\t\t\t\t<div class=\"img-inner dark\" >\n\t\t\t<img loading=\"lazy\" decoding=\"async\" width=\"1000\" height=\"563\" src=\"\/wp-content\/uploads\/2024\/12\/skoda-enyaq-1.jpg\" class=\"attachment-large size-large\" alt=\"La voiture avec la dixi\u00e8me plus grande autonomie : Skoda Enyag\" srcset=\"\/wp-content\/uploads\/2024\/12\/skoda-enyaq-1.jpg 1000w, \/wp-content\/uploads\/2024\/12\/skoda-enyaq-1-300x169.jpg 300w, \/wp-content\/uploads\/2024\/12\/skoda-enyaq-1-768x432.jpg 768w\" sizes=\"auto, (max-width: 1000px) 100vw, 1000px\" \/>\t\t\t\t\t\t\n\t\t\t\t\t<\/div>\n\t\t\t\t\t\t\t\t\n<style>\n#image_709992148 {\n  width: 100%;\n}\n<\/style>\n\t<\/div>\n\t\n\n\t\t<div class=\"news-related-vehicles\">\n\t\t\t\t\n\n<script type=\"text\/javascript\">\n    var seoPlugins = window.seoPlugins || [];\n\n    seoPlugins.push({\n        \"PluginCode\": \"a9f957e3-d8b9-4005-bf73-c81df6fc4833\",\n        \"PluginName\": \"#\u201cenyaq\u201d\",\n        \"FilterCookie\": {\"ModelIds\":[\"4909\"],\"BrandIds\":[\"100\"]}\n    })\n\n    window.seoPlugins = seoPlugins;\n\n    var seoPlugins = window.seoPlugins || [];\n\n    for (var i = 0; i < seoPlugins.length; i++) {\n        var pluginData = seoPlugins[i];\n        CFM.API.enable(pluginData.PluginCode, pluginData.PluginName, null, {\n            FilterCookie: pluginData.FilterCookie\n        });\n    }\n<\/script>\n<div id=\"\u201cenyaq\u201d\"><\/div>\n\t\t<\/div>\n\t\n<div class=\"is-divider divider clearfix\" ><\/div>\n\n\n\t\t<\/div>\n\t\t\t\t\t<\/div>\n\n\t\n\n\t<div id=\"col-666981477\" class=\"col medium-4 small-12 large-4\"  >\n\t\t\t\t<div class=\"col-inner\"  >\n\t\t\t\n\t\t\t\n\n\n  \n    <div class=\"row large-columns-1 medium-columns-1 small-columns-1\" >\n  <div class=\"col post-item\" >\n\t\t\t<div class=\"col-inner\">\n\t\t\t\t<div class=\"box box-normal box-text-bottom box-blog-post has-hover\">\n            \t\t\t\t\t<div class=\"box-image\" >\n  \t\t\t\t\t\t<div class=\"image-cover\" style=\"padding-top:56.25%;\">\n\t\t\t\t\t\t\t<a href=\"https:\/\/carselect.touring.be\/fr\/blog\/meilleures-voitures-electriques-pas-cher-2024\/\" class=\"plain\" aria-label=\"Quelle est la voiture \u00e9lectrique la moins ch\u00e8re du march\u00e9 ? Et qu\u2019est-ce qui explique son prix ?\">\n\t\t\t\t\t\t\t\t<img loading=\"lazy\" decoding=\"async\" width=\"300\" height=\"200\" src=\"\/wp-content\/uploads\/2024\/12\/header-elektrische-auto-budget-1-300x200.jpg\" class=\"attachment-medium size-medium wp-post-image\" alt=\"voiture electrique pas cher\" srcset=\"\/wp-content\/uploads\/2024\/12\/header-elektrische-auto-budget-1-300x200.jpg 300w, \/wp-content\/uploads\/2024\/12\/header-elektrische-auto-budget-1-768x512.jpg 768w, \/wp-content\/uploads\/2024\/12\/header-elektrische-auto-budget-1.jpg 1000w\" sizes=\"auto, (max-width: 300px) 100vw, 300px\" \/>\t\t\t\t\t\t\t<\/a>\n  \t\t\t\t\t\t\t  \t\t\t\t\t\t\t  \t\t\t\t\t\t<\/div>\n  \t\t\t\t\t\t  \t\t\t\t\t<\/div>\n          \t\t\t\t\t<div class=\"box-text text-left\" >\n\t\t\t\t\t<div class=\"box-text-inner blog-post-inner\">\n\n\t\t\t\t\t\n\t\t\t\t\t\t\t\t\t\t<h5 class=\"post-title is-large \">\n\t\t\t\t\t\t<a href=\"https:\/\/carselect.touring.be\/fr\/blog\/meilleures-voitures-electriques-pas-cher-2024\/\" class=\"plain\">Quelle est la voiture \u00e9lectrique la moins ch\u00e8re du march\u00e9 ? Et qu\u2019est-ce qui explique son prix ?<\/a>\n\t\t\t\t\t<\/h5>\n\t\t\t\t\t\t\t\t\t\t<div class=\"is-divider\"><\/div>\n\t\t\t\t\t\t\t\t\t\t<p class=\"from_the_blog_excerpt \">\n\t\t\t\t\t\tQuelle est la voiture \u00e9lectrique la moins ch\u00e8re du march\u00e9 ? Et qu\u2019est-ce qui explique [...]\t\t\t\t\t<\/p>\n\t\t\t\t\t                    \n\t\t\t\t\t\n\t\t\t\t\t\n\t\t\t\t\t<\/div>\n\t\t\t\t\t<\/div>\n\t\t\t\t\t\t\t\t\t<\/div>\n\t\t\t<\/div>\n\t\t<\/div><div class=\"col post-item\" >\n\t\t\t<div class=\"col-inner\">\n\t\t\t\t<div class=\"box box-normal box-text-bottom box-blog-post has-hover\">\n            \t\t\t\t\t<div class=\"box-image\" >\n  \t\t\t\t\t\t<div class=\"image-cover\" style=\"padding-top:56.25%;\">\n\t\t\t\t\t\t\t<a href=\"https:\/\/carselect.touring.be\/fr\/blog\/les-voitures-electriques-les-plus-vendues\/\" class=\"plain\" aria-label=\"Les voitures \u00e9lectriques les plus vendues en Belgique\">\n\t\t\t\t\t\t\t\t<img loading=\"lazy\" decoding=\"async\" width=\"300\" height=\"200\" src=\"\/wp-content\/uploads\/2024\/11\/header-4-300x200.jpg\" class=\"attachment-medium size-medium wp-post-image\" alt=\"Un aper\u00e7u de la voiture la plus vendue et d&#039;autres mod\u00e8les populaires.\" srcset=\"\/wp-content\/uploads\/2024\/11\/header-4-300x200.jpg 300w, \/wp-content\/uploads\/2024\/11\/header-4-768x511.jpg 768w, \/wp-content\/uploads\/2024\/11\/header-4.jpg 1000w\" sizes=\"auto, (max-width: 300px) 100vw, 300px\" \/>\t\t\t\t\t\t\t<\/a>\n  \t\t\t\t\t\t\t  \t\t\t\t\t\t\t  \t\t\t\t\t\t<\/div>\n  \t\t\t\t\t\t  \t\t\t\t\t<\/div>\n          \t\t\t\t\t<div class=\"box-text text-left\" >\n\t\t\t\t\t<div class=\"box-text-inner blog-post-inner\">\n\n\t\t\t\t\t\n\t\t\t\t\t\t\t\t\t\t<h5 class=\"post-title is-large \">\n\t\t\t\t\t\t<a href=\"https:\/\/carselect.touring.be\/fr\/blog\/les-voitures-electriques-les-plus-vendues\/\" class=\"plain\">Les voitures \u00e9lectriques les plus vendues en Belgique<\/a>\n\t\t\t\t\t<\/h5>\n\t\t\t\t\t\t\t\t\t\t<div class=\"is-divider\"><\/div>\n\t\t\t\t\t\t\t\t\t\t<p class=\"from_the_blog_excerpt \">\n\t\t\t\t\t\tD\u00e9couvrez les voitures \u00e9lectriques les plus vendues en Belgique et apprenez tout sur les mod\u00e8les [...]\t\t\t\t\t<\/p>\n\t\t\t\t\t                    \n\t\t\t\t\t\n\t\t\t\t\t\n\t\t\t\t\t<\/div>\n\t\t\t\t\t<\/div>\n\t\t\t\t\t\t\t\t\t<\/div>\n\t\t\t<\/div>\n\t\t<\/div><div class=\"col post-item\" >\n\t\t\t<div class=\"col-inner\">\n\t\t\t\t<div class=\"box box-normal box-text-bottom box-blog-post has-hover\">\n            \t\t\t\t\t<div class=\"box-image\" >\n  \t\t\t\t\t\t<div class=\"image-cover\" style=\"padding-top:56.25%;\">\n\t\t\t\t\t\t\t<a href=\"https:\/\/carselect.touring.be\/fr\/blog\/tout-savoir-sur-lautonomie-et-la-duree-de-vie-de-la-batterie-une-voiture-electrique\/\" class=\"plain\" aria-label=\"Tout savoir sur l\u2019autonomie et la dur\u00e9e de vie de la batterie d\u2019une voiture \u00e9lectrique\">\n\t\t\t\t\t\t\t\t<img loading=\"lazy\" decoding=\"async\" width=\"300\" height=\"163\" src=\"\/wp-content\/uploads\/2024\/12\/header-levensduur-1-300x163.jpg\" class=\"attachment-medium size-medium wp-post-image\" alt=\"Vue transparente d&#039;une batterie de voiture.\" srcset=\"\/wp-content\/uploads\/2024\/12\/header-levensduur-1-300x163.jpg 300w, \/wp-content\/uploads\/2024\/12\/header-levensduur-1-768x417.jpg 768w, \/wp-content\/uploads\/2024\/12\/header-levensduur-1.jpg 1000w\" sizes=\"auto, (max-width: 300px) 100vw, 300px\" \/>\t\t\t\t\t\t\t<\/a>\n  \t\t\t\t\t\t\t  \t\t\t\t\t\t\t  \t\t\t\t\t\t<\/div>\n  \t\t\t\t\t\t  \t\t\t\t\t<\/div>\n          \t\t\t\t\t<div class=\"box-text text-left\" >\n\t\t\t\t\t<div class=\"box-text-inner blog-post-inner\">\n\n\t\t\t\t\t\n\t\t\t\t\t\t\t\t\t\t<h5 class=\"post-title is-large \">\n\t\t\t\t\t\t<a href=\"https:\/\/carselect.touring.be\/fr\/blog\/tout-savoir-sur-lautonomie-et-la-duree-de-vie-de-la-batterie-une-voiture-electrique\/\" class=\"plain\">Tout savoir sur l\u2019autonomie et la dur\u00e9e de vie de la batterie d\u2019une voiture \u00e9lectrique<\/a>\n\t\t\t\t\t<\/h5>\n\t\t\t\t\t\t\t\t\t\t<div class=\"is-divider\"><\/div>\n\t\t\t\t\t\t\t\t\t\t<p class=\"from_the_blog_excerpt \">\n\t\t\t\t\t\tTout savoir sur l'autonomie et la dur\u00e9e de vie de la batterie des voitures \u00e9lectriques. [...]\t\t\t\t\t<\/p>\n\t\t\t\t\t                    \n\t\t\t\t\t\n\t\t\t\t\t\n\t\t\t\t\t<\/div>\n\t\t\t\t\t<\/div>\n\t\t\t\t\t\t\t\t\t<\/div>\n\t\t\t<\/div>\n\t\t<\/div><\/div>\n\n\n\t\t<\/div>\n\t\t\t\t\t<\/div>\n\n\t\n\n<\/div>\n<div class=\"row\"  id=\"row-619707005\">\n\n\n\t<div id=\"col-1007323960\" class=\"col small-12 large-12\"  >\n\t\t\t\t<div class=\"col-inner\"  >\n\t\t\t\n\t\t\t\n\n\n  <div class=\"banner has-hover\" id=\"banner-1159414388\">\n          <div class=\"banner-inner fill\">\n        <div class=\"banner-bg fill\" >\n            <img loading=\"lazy\" decoding=\"async\" width=\"1440\" height=\"160\" src=\"\/wp-content\/uploads\/2025\/01\/Mask-group.png\" class=\"bg attachment-original size-original\" alt=\"\" \/>                                    \n                    <\/div>\n\t\t\n        <div class=\"banner-layers container\">\n            <div class=\"fill banner-link\"><\/div>            \n\n   <div id=\"text-box-68685641\" class=\"text-box banner-layer x100 md-x100 lg-x100 y10 md-y10 lg-y10 res-text\">\n                                <div class=\"text-box-content text dark\">\n              \n              <div class=\"text-inner text-center\">\n                  \n\n<h2><em>Achetez votre<\/em><\/h2>\n<h2><em>Voiture de r\u00eave<\/em><\/h2>\n<a href=\"https:\/\/carselect.touring.be\/fr\/acheter-une-voiture\/\" class=\"button success\"  >\n\t\t<span>D\u00e9couvrez<\/span>\n\t<\/a>\n\n\n\n              <\/div>\n           <\/div>\n                            \n<style>\n#text-box-68685641 {\n  width: 35%;\n}\n#text-box-68685641 .text-box-content {\n  font-size: 100%;\n}\n<\/style>\n    <\/div>\n \n\n        <\/div>\n      <\/div>\n\n            \n<style>\n#banner-1159414388 {\n  padding-top: 250px;\n}\n#banner-1159414388 .banner-bg img {\n  object-position: 22% 0%;\n}\n<\/style>\n  <\/div>\n\n\n\n\t\t<\/div>\n\t\t\t\t\t<\/div>\n\n\t\n\n<\/div>\n\n\t\t<\/div>\n\n\t\t\n<style>\n#section_481595803 {\n  padding-top: 0px;\n  padding-bottom: 0px;\n}\n<\/style>\n\t<\/section>\n\t\n\n\n\n<p><\/p>\n\n\n\n<div class=\"row row-full-width align-middle align-center legalTextContainer representativeExampleBanner qa-testid-representative-banner-fr\"  id=\"row-1866689335\">\r\n\r\n\n\t<div id=\"col-123382238\" class=\"col text-container representative-example-container small-12 large-12\"  >\n\t\t\t\t<div class=\"col-inner\"  >\n\t\t\t\n\t\t\t\r\n\r\n<div class=\"legal-text-title\">Attention, emprunter de l\u2019argent co\u00fbte aussi de l\u2019argent.<\/div>\r\n<div class=\"legal-text-content mt-half\">\r\n<p>\r\nExemple repr\u00e9sentatif \u2013 Cr\u00e9dit ballon : <b>Pr\u00eat \u00e0 temp\u00e9rament avec derni\u00e8re mensualit\u00e9 major\u00e9e<\/b>. Montant du cr\u00e9dit : \u20ac 35.002,79. Acompte (facultatif) : \u20ac 0. Prix comptant: \u20ac 35.002,79. <b>TAEG (Taux Annuel Effectif Global)<\/b> de <b>5,99 %<\/b>, taux d\u00e9biteur annuel <b>fixe<\/b> : 5,99 %. Dur\u00e9e du cr\u00e9dit : <b>60 mois<\/b>. Remboursable en 59 mensualit\u00e9s de <b>\u20ac 522,81<\/b>. Derni\u00e8re mensualit\u00e9 major\u00e9e : <b>\u20ac 11.023,64<\/b>. Montant total d\u00fb : \u20ac 41.869,16.\r\n      <\/p>\r\n<p>\r\n        Exemple repr\u00e9sentatif \u2013 Cr\u00e9dit classique : <b>Pr\u00eat \u00e0 temp\u00e9rament<\/b>. Montant du cr\u00e9dit : \u20ac 35.002,79. Acompte (facultatif) : \u20ac 0. Prix comptant : \u20ac 35.002,79. <b>TAEG (Taux Annuel Effectif Global)<\/b> de <b>5,99 %<\/b>, taux d\u00e9biteur annuel <b>fixe<\/b>: 5,99 %. Dur\u00e9e de <b>60 mois<\/b>. Remboursable en 60 mensualit\u00e9s de <b>\u20ac 673,96<\/b>. Montant total d\u00fb : \u20ac 40.437,85.\r\n      <\/p>\r\n<p>\r\n        Sous r\u00e9serve d\u2019acceptation de votre demande de cr\u00e9dit par Alpha Credit s.a., pr\u00eateur, Montagne du Parc 8\/3, 1000 Bruxelles, TVA BE 0445.781.316, RPM Bruxelles. Annonceur : TCS Mobility S.A., agent \u00e0 titre accessoire, Boulevard Albert II 4, B12, 1000 Bruxelles, TVA BE 1003.765.106, BE93 0019 6639 0767, RPM Bruxelles. La souscription d\u2019un pr\u00eat \u00e0 temp\u00e9rament est soumise \u00e0 la l\u00e9gislation relative au cr\u00e9dit \u00e0 la consommation, et plus sp\u00e9cifiquement au livre VII du Code de droit \u00e9conomique.\r\n      <\/p>\r\n<\/div>\r\n\r\n\r\n\t\t<\/div>\n\t\t\t\t\t<\/div>\n\n\t\r\n\n\t<div id=\"col-1326414981\" class=\"col text-container ilustrative-example-container small-12 large-12\"  >\n\t\t\t\t<div class=\"col-inner\"  >\n\t\t\t\n\t\t\t\r\n\r\n<div class=\"legal-text-title\">Attention, emprunter de l\u2019argent co\u00fbte aussi de l\u2019argent.<\/div>\r\n<div class=\"legal-text-content mt-half\">\r\n<p class=\"balloon-financing\">Exemple illustratif \u2013 Cr\u00e9dit ballon : Pr\u00eat \u00e0 temp\u00e9rament avec derni\u00e8re mensualit\u00e9 major\u00e9e. Montant du cr\u00e9dit : \u20ac\u00a0<span id=\"balloon-loan-amount\">35.002,79<\/span>. Acompte (facultatif) : \u20ac\u00a00. Prix comptant: \u20ac\u00a0<span id=\"balloon-price\">35.002,79<\/span>. TAEG (Taux Annuel Effectif Global) de <span id=\"balloon-jkp\">5,99<\/span> %, taux d\u00e9biteur annuel fixe : <span id=\"balloon-interest-rate\">5,99<\/span> %. Dur\u00e9e du cr\u00e9dit : <span id=\"balloon-number-of-months\">60<\/span> mois. Remboursable en <span id=\"balloon-lower-rate-number-of-months\">59<\/span> mensualit\u00e9s de \u20ac\u00a0<span id=\"balloon-rate-per-month\">522,81<\/span>. Derni\u00e8re mensualit\u00e9 major\u00e9e : \u20ac\u00a0<span id=\"balloon-residual-value\">11.023,64<\/span>. Montant total d\u00fb : \u20ac\u00a0<span id=\"balloon-total-financing-cost\">41.869,16<\/span>.<\/p>\r\n<p class=\"classic-financing\">Exemple illustratif \u2013 Cr\u00e9dit classique : Pr\u00eat \u00e0 temp\u00e9rament. Montant du cr\u00e9dit : \u20ac\u00a0<span id=\"classic-loan-amount\">35.002,79<\/span>. Acompte (facultatif) : \u20ac\u00a00. Prix comptant : \u20ac\u00a0<span id=\"classic-price\">35.002,79<\/span>. TAEG (Taux Annuel Effectif Global) de <span id=\"classic-jkp\">5,99<\/span> %, taux d\u00e9biteur annuel fixe: <span id=\"classic-interest-rate\">5,99<\/span> %. Dur\u00e9e de <span id=\"classic-number-of-months\">60<\/span> mois. Remboursable en 60 mensualit\u00e9s de \u20ac\u00a0<span id=\"classic-rate-per-month\">673,96<\/span>. Montant total d\u00fb : \u20ac\u00a0<span id=\"classic-total-financing-cost\">40.437,85<\/span>.<\/p>\r\n<\/div>\r\n\r\n\r\n\t\t<\/div>\n\t\t\t\t\t<\/div>\n\n\t\r\n\n\t<div id=\"col-245018549\" class=\"col buttons-container small-12 large-12\"  >\n\t\t\t\t<div class=\"col-inner\"  >\n\t\t\t\n\t\t\t\r\n\r\n<a class=\"button success lowercase hideLegalText\"  >\n\t\t<span>Fermer<\/span>\n\t<\/a>\n\r\n\r\n<a href=\"\/fr\/blog\/choisir-la-meilleure-couleur-des-voiture-pour-votre-style\/\" class=\"button white lowercase more-info hidden\"  >\n\t\t<span>Plus d\u2019infos<\/span>\n\t<\/a>\n\r\n\r\n\r\n\t\t<\/div>\n\t\t\t\t\t<\/div>\n\n\t\r\n\r\n<\/div>\n\n\n","protected":false},"excerpt":{"rendered":"<p>D\u00e9couvrez les meilleures voitures \u00e9lectriques de 2024. Comparez l&rsquo;autonomie et le prix pour faire le meilleur choix. Lisez l&rsquo;article pour en savoir plus !<\/p>\n","protected":false},"author":28,"featured_media":12330,"comment_status":"closed","ping_status":"open","sticky":false,"template":"","format":"standard","meta":{"footnotes":""},"categories":[74],"tags":[125,130,130,129,129,126],"class_list":{"0":"post-12328","1":"post","2":"type-post","3":"status-publish","4":"format-standard","5":"has-post-thumbnail","6":"hentry","7":"category-conduite-electrique","8":"tag-doccasion","9":"tag-elektrische-wagen-fr","11":"tag-tweedehands-fr","13":"tag-voiture-electrique"},"yoast_head":"<!-- This site is optimized with the Yoast SEO Premium plugin v24.0 (Yoast SEO v24.0) - https:\/\/yoast.com\/wordpress\/plugins\/seo\/ -->\n<title>Les voitures \u00e9lectriques avec la plus grande autonomie<\/title>\n<meta name=\"description\" content=\"D\u00e9couvrez les mod\u00e8les de voitures \u00e9lectriques 2024 avec la meilleure autonomie. Comparez, choisissez et pr\u00e9parez votre aventure \u00e9lectrique !\" \/>\n<meta name=\"robots\" content=\"index, follow, max-snippet:-1, max-image-preview:large, max-video-preview:-1\" \/>\n<link rel=\"canonical\" href=\"https:\/\/carselect.touring.be\/fr\/blog\/les-voitures-electriques-avec-la-plus-grande-autonomie\/\" \/>\n<meta property=\"og:locale\" content=\"fr_FR\" \/>\n<meta property=\"og:type\" content=\"article\" \/>\n<meta property=\"og:title\" content=\"Les voitures \u00e9lectriques avec la plus grande autonomie\" \/>\n<meta property=\"og:description\" content=\"D\u00e9couvrez les mod\u00e8les de voitures \u00e9lectriques 2024 avec la meilleure autonomie. Comparez, choisissez et pr\u00e9parez votre aventure \u00e9lectrique !\" \/>\n<meta property=\"og:url\" content=\"https:\/\/carselect.touring.be\/fr\/blog\/les-voitures-electriques-avec-la-plus-grande-autonomie\/\" \/>\n<meta property=\"og:site_name\" content=\"Touring Dealer\" \/>\n<meta property=\"article:published_time\" content=\"2025-01-09T10:29:32+00:00\" \/>\n<meta property=\"article:modified_time\" content=\"2025-07-10T06:51:38+00:00\" \/>\n<meta property=\"og:image\" content=\"https:\/\/carselect.touring.be\/wp-content\/uploads\/2024\/12\/header-1.jpg\" \/>\n\t<meta property=\"og:image:width\" content=\"1000\" \/>\n\t<meta property=\"og:image:height\" content=\"624\" \/>\n\t<meta property=\"og:image:type\" content=\"image\/jpeg\" \/>\n<meta name=\"author\" content=\"Storme Wouter\" \/>\n<meta name=\"twitter:card\" content=\"summary_large_image\" \/>\n<meta name=\"twitter:label1\" content=\"\u00c9crit par\" \/>\n\t<meta name=\"twitter:data1\" content=\"Storme Wouter\" \/>\n\t<meta name=\"twitter:label2\" content=\"Dur\u00e9e de lecture est.\" \/>\n\t<meta name=\"twitter:data2\" content=\"1 minute\" \/>\n<script type=\"application\/ld+json\" class=\"yoast-schema-graph\">{\"@context\":\"https:\/\/schema.org\",\"@graph\":[{\"@type\":\"Article\",\"@id\":\"https:\/\/carselect.touring.be\/fr\/blog\/les-voitures-electriques-avec-la-plus-grande-autonomie\/#article\",\"isPartOf\":{\"@id\":\"https:\/\/carselect.touring.be\/fr\/blog\/les-voitures-electriques-avec-la-plus-grande-autonomie\/\"},\"author\":{\"name\":\"Storme Wouter\",\"@id\":\"https:\/\/carselect.touring.be\/fr\/#\/schema\/person\/ac266868402e795f000a152b0f4fd4d8\"},\"headline\":\"Les voitures \u00e9lectriques avec la plus grande autonomie\",\"datePublished\":\"2025-01-09T10:29:32+00:00\",\"dateModified\":\"2025-07-10T06:51:38+00:00\",\"mainEntityOfPage\":{\"@id\":\"https:\/\/carselect.touring.be\/fr\/blog\/les-voitures-electriques-avec-la-plus-grande-autonomie\/\"},\"wordCount\":1889,\"publisher\":{\"@id\":\"https:\/\/carselect.touring.be\/fr\/#organization\"},\"image\":{\"@id\":\"https:\/\/carselect.touring.be\/fr\/blog\/les-voitures-electriques-avec-la-plus-grande-autonomie\/#primaryimage\"},\"thumbnailUrl\":\"\/wp-content\/uploads\/2024\/12\/header-1.jpg\",\"keywords\":[\"d'occasion\",\"elektrische wagen\",\"elektrische wagen\",\"tweedehands\",\"tweedehands\",\"voiture \u00e9lectrique\"],\"articleSection\":[\"Conduite \u00e9lectrique\"],\"inLanguage\":\"fr-BE\"},{\"@type\":\"WebPage\",\"@id\":\"https:\/\/carselect.touring.be\/fr\/blog\/les-voitures-electriques-avec-la-plus-grande-autonomie\/\",\"url\":\"https:\/\/carselect.touring.be\/fr\/blog\/les-voitures-electriques-avec-la-plus-grande-autonomie\/\",\"name\":\"Les voitures \u00e9lectriques avec la plus grande autonomie\",\"isPartOf\":{\"@id\":\"https:\/\/carselect.touring.be\/fr\/#website\"},\"primaryImageOfPage\":{\"@id\":\"https:\/\/carselect.touring.be\/fr\/blog\/les-voitures-electriques-avec-la-plus-grande-autonomie\/#primaryimage\"},\"image\":{\"@id\":\"https:\/\/carselect.touring.be\/fr\/blog\/les-voitures-electriques-avec-la-plus-grande-autonomie\/#primaryimage\"},\"thumbnailUrl\":\"\/wp-content\/uploads\/2024\/12\/header-1.jpg\",\"datePublished\":\"2025-01-09T10:29:32+00:00\",\"dateModified\":\"2025-07-10T06:51:38+00:00\",\"description\":\"D\u00e9couvrez les mod\u00e8les de voitures \u00e9lectriques 2024 avec la meilleure autonomie. Comparez, choisissez et pr\u00e9parez votre aventure \u00e9lectrique !\",\"breadcrumb\":{\"@id\":\"https:\/\/carselect.touring.be\/fr\/blog\/les-voitures-electriques-avec-la-plus-grande-autonomie\/#breadcrumb\"},\"inLanguage\":\"fr-BE\",\"potentialAction\":[{\"@type\":\"ReadAction\",\"target\":[\"https:\/\/carselect.touring.be\/fr\/blog\/les-voitures-electriques-avec-la-plus-grande-autonomie\/\"]}]},{\"@type\":\"ImageObject\",\"inLanguage\":\"fr-BE\",\"@id\":\"https:\/\/carselect.touring.be\/fr\/blog\/les-voitures-electriques-avec-la-plus-grande-autonomie\/#primaryimage\",\"url\":\"\/wp-content\/uploads\/2024\/12\/header-1.jpg\",\"contentUrl\":\"\/wp-content\/uploads\/2024\/12\/header-1.jpg\",\"width\":1000,\"height\":624,\"caption\":\"diff\u00e9rentes voitures \u00e9lectriques avec la plus grande autonomie\"},{\"@type\":\"BreadcrumbList\",\"@id\":\"https:\/\/carselect.touring.be\/fr\/blog\/les-voitures-electriques-avec-la-plus-grande-autonomie\/#breadcrumb\",\"itemListElement\":[{\"@type\":\"ListItem\",\"position\":1,\"name\":\"Home\",\"item\":\"https:\/\/carselect.touring.be\/fr\/\"},{\"@type\":\"ListItem\",\"position\":2,\"name\":\"Les voitures \u00e9lectriques avec la plus grande autonomie\"}]},{\"@type\":\"WebSite\",\"@id\":\"https:\/\/carselect.touring.be\/fr\/#website\",\"url\":\"https:\/\/carselect.touring.be\/fr\/\",\"name\":\"Touring CarSelect\",\"description\":\"\",\"publisher\":{\"@id\":\"https:\/\/carselect.touring.be\/fr\/#organization\"},\"potentialAction\":[{\"@type\":\"SearchAction\",\"target\":{\"@type\":\"EntryPoint\",\"urlTemplate\":\"https:\/\/carselect.touring.be\/fr\/?s={search_term_string}\"},\"query-input\":{\"@type\":\"PropertyValueSpecification\",\"valueRequired\":true,\"valueName\":\"search_term_string\"}}],\"inLanguage\":\"fr-BE\"},{\"@type\":\"Organization\",\"@id\":\"https:\/\/carselect.touring.be\/fr\/#organization\",\"name\":\"Touring CarSelect\",\"url\":\"https:\/\/carselect.touring.be\/fr\/\",\"logo\":{\"@type\":\"ImageObject\",\"inLanguage\":\"fr-BE\",\"@id\":\"https:\/\/carselect.touring.be\/fr\/#\/schema\/logo\/image\/\",\"url\":\"\/wp-content\/uploads\/2024\/04\/Touring-Car-Select-Logo.png\",\"contentUrl\":\"\/wp-content\/uploads\/2024\/04\/Touring-Car-Select-Logo.png\",\"width\":154,\"height\":53,\"caption\":\"Touring CarSelect\"},\"image\":{\"@id\":\"https:\/\/carselect.touring.be\/fr\/#\/schema\/logo\/image\/\"}},{\"@type\":\"Person\",\"@id\":\"https:\/\/carselect.touring.be\/fr\/#\/schema\/person\/ac266868402e795f000a152b0f4fd4d8\",\"name\":\"Storme Wouter\",\"image\":{\"@type\":\"ImageObject\",\"inLanguage\":\"fr-BE\",\"@id\":\"https:\/\/carselect.touring.be\/fr\/#\/schema\/person\/image\/\",\"url\":\"https:\/\/secure.gravatar.com\/avatar\/84473de8cbf4200af853908f03b9ea9e?s=96&d=mm&r=g\",\"contentUrl\":\"https:\/\/secure.gravatar.com\/avatar\/84473de8cbf4200af853908f03b9ea9e?s=96&d=mm&r=g\",\"caption\":\"Storme Wouter\"},\"url\":\"https:\/\/carselect.touring.be\/fr\/blog\/author\/storme-wouter\/\"}]}<\/script>\n<!-- \/ Yoast SEO Premium plugin. -->","yoast_head_json":{"title":"Les voitures \u00e9lectriques avec la plus grande autonomie","description":"D\u00e9couvrez les mod\u00e8les de voitures \u00e9lectriques 2024 avec la meilleure autonomie. Comparez, choisissez et pr\u00e9parez votre aventure \u00e9lectrique !","robots":{"index":"index","follow":"follow","max-snippet":"max-snippet:-1","max-image-preview":"max-image-preview:large","max-video-preview":"max-video-preview:-1"},"canonical":"https:\/\/carselect.touring.be\/fr\/blog\/les-voitures-electriques-avec-la-plus-grande-autonomie\/","og_locale":"fr_FR","og_type":"article","og_title":"Les voitures \u00e9lectriques avec la plus grande autonomie","og_description":"D\u00e9couvrez les mod\u00e8les de voitures \u00e9lectriques 2024 avec la meilleure autonomie. Comparez, choisissez et pr\u00e9parez votre aventure \u00e9lectrique !","og_url":"https:\/\/carselect.touring.be\/fr\/blog\/les-voitures-electriques-avec-la-plus-grande-autonomie\/","og_site_name":"Touring Dealer","article_published_time":"2025-01-09T10:29:32+00:00","article_modified_time":"2025-07-10T06:51:38+00:00","og_image":[{"width":1000,"height":624,"url":"https:\/\/carselect.touring.be\/wp-content\/uploads\/2024\/12\/header-1.jpg","type":"image\/jpeg"}],"author":"Storme Wouter","twitter_card":"summary_large_image","twitter_misc":{"\u00c9crit par":"Storme Wouter","Dur\u00e9e de lecture est.":"1 minute"},"schema":{"@context":"https:\/\/schema.org","@graph":[{"@type":"Article","@id":"https:\/\/carselect.touring.be\/fr\/blog\/les-voitures-electriques-avec-la-plus-grande-autonomie\/#article","isPartOf":{"@id":"https:\/\/carselect.touring.be\/fr\/blog\/les-voitures-electriques-avec-la-plus-grande-autonomie\/"},"author":{"name":"Storme Wouter","@id":"https:\/\/carselect.touring.be\/fr\/#\/schema\/person\/ac266868402e795f000a152b0f4fd4d8"},"headline":"Les voitures \u00e9lectriques avec la plus grande autonomie","datePublished":"2025-01-09T10:29:32+00:00","dateModified":"2025-07-10T06:51:38+00:00","mainEntityOfPage":{"@id":"https:\/\/carselect.touring.be\/fr\/blog\/les-voitures-electriques-avec-la-plus-grande-autonomie\/"},"wordCount":1889,"publisher":{"@id":"https:\/\/carselect.touring.be\/fr\/#organization"},"image":{"@id":"https:\/\/carselect.touring.be\/fr\/blog\/les-voitures-electriques-avec-la-plus-grande-autonomie\/#primaryimage"},"thumbnailUrl":"\/wp-content\/uploads\/2024\/12\/header-1.jpg","keywords":["d'occasion","elektrische wagen","elektrische wagen","tweedehands","tweedehands","voiture \u00e9lectrique"],"articleSection":["Conduite \u00e9lectrique"],"inLanguage":"fr-BE"},{"@type":"WebPage","@id":"https:\/\/carselect.touring.be\/fr\/blog\/les-voitures-electriques-avec-la-plus-grande-autonomie\/","url":"https:\/\/carselect.touring.be\/fr\/blog\/les-voitures-electriques-avec-la-plus-grande-autonomie\/","name":"Les voitures \u00e9lectriques avec la plus grande autonomie","isPartOf":{"@id":"https:\/\/carselect.touring.be\/fr\/#website"},"primaryImageOfPage":{"@id":"https:\/\/carselect.touring.be\/fr\/blog\/les-voitures-electriques-avec-la-plus-grande-autonomie\/#primaryimage"},"image":{"@id":"https:\/\/carselect.touring.be\/fr\/blog\/les-voitures-electriques-avec-la-plus-grande-autonomie\/#primaryimage"},"thumbnailUrl":"\/wp-content\/uploads\/2024\/12\/header-1.jpg","datePublished":"2025-01-09T10:29:32+00:00","dateModified":"2025-07-10T06:51:38+00:00","description":"D\u00e9couvrez les mod\u00e8les de voitures \u00e9lectriques 2024 avec la meilleure autonomie. Comparez, choisissez et pr\u00e9parez votre aventure \u00e9lectrique !","breadcrumb":{"@id":"https:\/\/carselect.touring.be\/fr\/blog\/les-voitures-electriques-avec-la-plus-grande-autonomie\/#breadcrumb"},"inLanguage":"fr-BE","potentialAction":[{"@type":"ReadAction","target":["https:\/\/carselect.touring.be\/fr\/blog\/les-voitures-electriques-avec-la-plus-grande-autonomie\/"]}]},{"@type":"ImageObject","inLanguage":"fr-BE","@id":"https:\/\/carselect.touring.be\/fr\/blog\/les-voitures-electriques-avec-la-plus-grande-autonomie\/#primaryimage","url":"\/wp-content\/uploads\/2024\/12\/header-1.jpg","contentUrl":"\/wp-content\/uploads\/2024\/12\/header-1.jpg","width":1000,"height":624,"caption":"diff\u00e9rentes voitures \u00e9lectriques avec la plus grande autonomie"},{"@type":"BreadcrumbList","@id":"https:\/\/carselect.touring.be\/fr\/blog\/les-voitures-electriques-avec-la-plus-grande-autonomie\/#breadcrumb","itemListElement":[{"@type":"ListItem","position":1,"name":"Home","item":"https:\/\/carselect.touring.be\/fr\/"},{"@type":"ListItem","position":2,"name":"Les voitures \u00e9lectriques avec la plus grande autonomie"}]},{"@type":"WebSite","@id":"https:\/\/carselect.touring.be\/fr\/#website","url":"https:\/\/carselect.touring.be\/fr\/","name":"Touring CarSelect","description":"","publisher":{"@id":"https:\/\/carselect.touring.be\/fr\/#organization"},"potentialAction":[{"@type":"SearchAction","target":{"@type":"EntryPoint","urlTemplate":"https:\/\/carselect.touring.be\/fr\/?s={search_term_string}"},"query-input":{"@type":"PropertyValueSpecification","valueRequired":true,"valueName":"search_term_string"}}],"inLanguage":"fr-BE"},{"@type":"Organization","@id":"https:\/\/carselect.touring.be\/fr\/#organization","name":"Touring CarSelect","url":"https:\/\/carselect.touring.be\/fr\/","logo":{"@type":"ImageObject","inLanguage":"fr-BE","@id":"https:\/\/carselect.touring.be\/fr\/#\/schema\/logo\/image\/","url":"\/wp-content\/uploads\/2024\/04\/Touring-Car-Select-Logo.png","contentUrl":"\/wp-content\/uploads\/2024\/04\/Touring-Car-Select-Logo.png","width":154,"height":53,"caption":"Touring CarSelect"},"image":{"@id":"https:\/\/carselect.touring.be\/fr\/#\/schema\/logo\/image\/"}},{"@type":"Person","@id":"https:\/\/carselect.touring.be\/fr\/#\/schema\/person\/ac266868402e795f000a152b0f4fd4d8","name":"Storme Wouter","image":{"@type":"ImageObject","inLanguage":"fr-BE","@id":"https:\/\/carselect.touring.be\/fr\/#\/schema\/person\/image\/","url":"https:\/\/secure.gravatar.com\/avatar\/84473de8cbf4200af853908f03b9ea9e?s=96&d=mm&r=g","contentUrl":"https:\/\/secure.gravatar.com\/avatar\/84473de8cbf4200af853908f03b9ea9e?s=96&d=mm&r=g","caption":"Storme Wouter"},"url":"https:\/\/carselect.touring.be\/fr\/blog\/author\/storme-wouter\/"}]}},"_links":{"self":[{"href":"https:\/\/carselect.touring.be\/fr\/wp-json\/wp\/v2\/posts\/12328","targetHints":{"allow":["GET"]}}],"collection":[{"href":"https:\/\/carselect.touring.be\/fr\/wp-json\/wp\/v2\/posts"}],"about":[{"href":"https:\/\/carselect.touring.be\/fr\/wp-json\/wp\/v2\/types\/post"}],"author":[{"embeddable":true,"href":"https:\/\/carselect.touring.be\/fr\/wp-json\/wp\/v2\/users\/28"}],"replies":[{"embeddable":true,"href":"https:\/\/carselect.touring.be\/fr\/wp-json\/wp\/v2\/comments?post=12328"}],"version-history":[{"count":4,"href":"https:\/\/carselect.touring.be\/fr\/wp-json\/wp\/v2\/posts\/12328\/revisions"}],"predecessor-version":[{"id":14015,"href":"https:\/\/carselect.touring.be\/fr\/wp-json\/wp\/v2\/posts\/12328\/revisions\/14015"}],"wp:featuredmedia":[{"embeddable":true,"href":"https:\/\/carselect.touring.be\/fr\/wp-json\/wp\/v2\/media\/12330"}],"wp:attachment":[{"href":"https:\/\/carselect.touring.be\/fr\/wp-json\/wp\/v2\/media?parent=12328"}],"wp:term":[{"taxonomy":"category","embeddable":true,"href":"https:\/\/carselect.touring.be\/fr\/wp-json\/wp\/v2\/categories?post=12328"},{"taxonomy":"post_tag","embeddable":true,"href":"https:\/\/carselect.touring.be\/fr\/wp-json\/wp\/v2\/tags?post=12328"}],"curies":[{"name":"wp","href":"https:\/\/api.w.org\/{rel}","templated":true}]}}