{"id":12184,"date":"2025-01-05T17:27:14","date_gmt":"2025-01-05T16:27:14","guid":{"rendered":"https:\/\/wp-bnp.azurewebsites.net\/2024\/12\/12\/voiture-electrique-en-hiver-conseils-pour-optimiser-autonomie-et-confort\/"},"modified":"2025-07-10T09:03:23","modified_gmt":"2025-07-10T07:03:23","slug":"voiture-electrique-en-hiver-conseils-pour-optimiser-autonomie-et-confort","status":"publish","type":"post","link":"https:\/\/carselect.touring.be\/fr\/blog\/voiture-electrique-en-hiver-conseils-pour-optimiser-autonomie-et-confort\/","title":{"rendered":"Voiture \u00e9lectrique en hiver : conseils pour optimiser autonomie et confort"},"content":{"rendered":"\n\n\n<style>\n.banner-carousel div[class$=\"-banner\"] {\n  display: none;\n}\n\n.banner-carousel div[class$=\"-banner\"]:first-child,\n.banner-carousel.flickity-enabled div[class$=\"-banner\"] {\n  display: inline-flex;\n} \n\n  .roadside-margin-top {\n    margin-top: 0px;\n  }\n\n  .roadside-margin-top-stock {\n    margin-top: 24px;\n  }\n\n  .roadside-assistance-banner {\n    background-color: #E4EDF4;\n    color: var(--primary-color);\n    text-align: center;\n    height: 56px;\n    font-weight: bold;\n    position: static;\n    box-shadow: rgba(0, 0, 0, 0.15) 1px 1px 10px;\n  }\n\n  .roadside-assistance-banner img {\n    height: 30px;\n  }\n\n  .roadside-assistance-banner .full-banner-button {\n    color: var(--primary-color);\n    cursor: pointer;\n    display: inline-flex;\n    align-items: center;\n    justify-content: center;\n    height: 56px;\n  }\n\n.banner-carousel-container .quality-check-banner, \n.banner-carousel-container  .roadside-banner, \n.banner-carousel-container .stock-banner {\n    color: var(--primary-color);\n    display: inline-flex;\n    align-items: center;\n    justify-content: center;\n    height: 56px;\n  }\n\n  .roadside-assistance-banner.mobile-only .banner-text {\n    padding-right: 8px;\n    padding-left: 8px;\n    margin: 0px;\n  }\n\n  .roadside-assistance-banner .banner-text {\n    font-weight: bold;\n    margin-right: 24px;\n    margin-left: 8px;\n    font-size: 18px;\n  }\n\n  .roadside-assistance-banner.desktop-only {\n    height: 56px;\n    line-height: 56px;\n    width: 100%;\n  }\n  \n  .more-info-button {\n    color: white;\n    background-color: var(--primary-color);\n    padding: 6px 10px;\n    cursor: pointer;\n    border-radius: 5px;\n  }\n\n  .more-info-button:hover, .blog-single a:focus {\n    color: white!important;\n  }\n\n  .roadside-assistance-popup .roadside-assistance-title {\n    text-align: center;\n    margin-bottom: 8px; line-height: 15px;\n  }\n\n .roadside-assistance-popup .roadside-assistance-list {\n    display: flex;\n    flex-direction: column;\n    font-size: 16px;\n  }\n\n .roadside-assistance-popup .roadside-assistance-item {\n    display: flex;\n    align-items: baseline;\n    position: relative;\n    margin-bottom: 10px;\n  }\n\n .roadside-assistance-popup .roadside-assistance-circle {\n    width: 20px;\n    min-width: 20px;\n    height: 20px;\n    border-radius: 50%;\n    background-color: var(--primary-color);\n    display: flex;\n    justify-content: center;\n    align-items: center;\n    font-weight: bold;\n    position: relative;\n    color: white;\n  }\n\n .roadside-assistance-popup .roadside-assistance-text {\n    margin-left: 8px;\n    color: var(--primary-color);\n    line-height: 16px;\n  }\n\n .roadside-assistance-popup .roadside-assistance-item:not(:last-child)::before {\n    content: \"\";\n    position: absolute;\n    width: 1px;\n    height: 28px;\n    background-color: var(--primary-color);\n    left: 10px;\n    top: 20px;\n  }\n\n .roadside-assistance-popup .roadside-assistance-item:nth-child(3)::after {\n    content: \"\";\n    position: absolute;\n    left: 7px;\n    top: 40px;\n    border: solid var(--primary-color);\n    border-width: 0 1px 1px 0;\n    padding: 3px;\n    transform: rotate(45deg);\n    -webkit-transform: rotate(45deg);\n  }\n\n  .roadside-assistance-popup .roadside-assistance-item:last-child {\n    padding-top: 20px;\n  }\n\n  .roadside-assistance-popup .roadside-assistance-item:last-child .roadside-assistance-circle {\n    padding-top: 1px;\n    background-color: #08ccb4;\n    color: white;\n  }\n\n  .roadside-assistance-popup .roadside-assistance-sublist {\n    color:var(--primary-color);\n    font-size: 16px;\n    padding-left: 28px;\n  }\n\n  .roadside-assistance-popup .roadside-assistance-sublist .checkmark {\n    color: var(--primary-color);\n  }\n\n  .roadside-assistance-popup.lightbox-content {\n    background-color: unset;\n    box-shadow: unset;\n  }\n\n  .roadside-assistance-popup .dialog-container > .col-inner {\n    box-shadow: 3px 3px 20px 0 rgba(0, 0, 0, .15);\n  }\n\n  @media only screen and (max-width: 800px) {\n    .roadside-assistance-banner {\n      z-index: 1000;\n    }\n\n    .roadside-assistance-banner.mobile-only {\n      display: block !important;\n    }\n\n    .roadside-assistance-banner.desktop-only {\n      display: none;\n    }\n  }\n\n  @media only screen and (min-width: 801px) {\n    .roadside-assistance-banner {\n      z-index: 8;\n    }\n\n    .roadside-assistance-banner.mobile-only {\n      display: none;\n    }\n\n    .roadside-assistance-banner.desktop-only {\n      display: block;\n    }\n  }\n\n  @media only screen and (max-width: 548px) {\n    #stock-general .stock-general__header-order--3 {\n      margin-top: 12px;\n    }\n  }\n  .roadside-assistance-popup .service-link.button.close {\n    font-size: 16px;\n    margin-left: 8px;\n  }\n\n  .roadside-assistance-popup .car-item-detail {\n    align-items: center;\n  }\n\n  .article-text, .default-text  {\n    display: none;\n  }\n\n  @media only screen and (max-width: 500px) {\n    .roadside-assistance-banner.mobile-only .banner-text {\n      font-size: 14px;\n      line-height: 16px;\n    }\n  }\n\n  @media only screen and (max-width: 405px) {\n    .roadside-assistance-banner.mobile-only .article-text {\n      width: 75%;\n    }\n  }\n\n  .roadside-assistance-banner.mobile-only img {\n    margin-left: 8px;\n  }\n\n  article .roadside-assistance-banner {\n    width: 100vw !important;\n    margin-left: calc(50% - 50vw);\n  }\n<\/style>\n\n\n\n<div class=\"roadside-assistance-banner desktop-only banner-carousel-container\"> \n  <div class=\"banner-carousel\">\n    <div class=\"quality-check-banner\">\n<svg width=\"24\" height=\"24\" viewBox=\"0 0 24 24\" fill=\"none\" xmlns=\"http:\/\/www.w3.org\/2000\/svg\">\n<path d=\"M4 12.5L9.5 17L19 7\" stroke=\"#00418c\" stroke-width=\"2.5\" stroke-linecap=\"round\" stroke-linejoin=\"round\"\/>\n<\/svg>\n      <span class=\"banner-text\">\nContr\u00f4les de qualit\u00e9 par Touring\n      <\/span>\n    <\/div>\n    <div class=\"roadside-banner\">\n<svg width=\"24\" height=\"24\" viewBox=\"0 0 24 24\" fill=\"none\" xmlns=\"http:\/\/www.w3.org\/2000\/svg\">\n<path d=\"M4 12.5L9.5 17L19 7\" stroke=\"#00418c\" stroke-width=\"2.5\" stroke-linecap=\"round\" stroke-linejoin=\"round\"\/>\n<\/svg>\n      <span class=\"banner-text default-text\">\n12 mois de d\u00e9pannage offerts\n      <\/span>\n      <span class=\"banner-text article-text\">\nD\u00e9couvrez notre large stock de voitures d\u2019occasion fiables\n      <\/span>\n    <\/div>\n    <div class=\"stock-banner\">\n<svg width=\"24\" height=\"24\" viewBox=\"0 0 24 24\" fill=\"none\" xmlns=\"http:\/\/www.w3.org\/2000\/svg\">\n<path d=\"M4 12.5L9.5 17L19 7\" stroke=\"#00418c\" stroke-width=\"2.5\" stroke-linecap=\"round\" stroke-linejoin=\"round\"\/>\n<\/svg>\n      <span class=\"banner-text\">\n<span class=\"stock-count\">0<\/span> voitures disponibles\n      <\/span>\n    <\/div>\n  <\/div>\n<\/div>\n\n\n\n<div class=\"roadside-assistance-banner mobile-only banner-carousel-container\"> \n  <div class=\"banner-carousel\">\n    <div class=\"quality-check-banner\">\n<svg width=\"24\" height=\"24\" viewBox=\"0 0 24 24\" fill=\"none\" xmlns=\"http:\/\/www.w3.org\/2000\/svg\">\n<path d=\"M4 12.5L9.5 17L19 7\" stroke=\"#00418c\" stroke-width=\"2.5\" stroke-linecap=\"round\" stroke-linejoin=\"round\"\/>\n<\/svg>\n      <span class=\"banner-text\">\nContr\u00f4les de qualit\u00e9 par Touring\n      <\/span>\n    <\/div>\n    <div class=\"roadside-banner\">\n<svg width=\"24\" height=\"24\" viewBox=\"0 0 24 24\" fill=\"none\" xmlns=\"http:\/\/www.w3.org\/2000\/svg\">\n<path d=\"M4 12.5L9.5 17L19 7\" stroke=\"#00418c\" stroke-width=\"2.5\" stroke-linecap=\"round\" stroke-linejoin=\"round\"\/>\n<\/svg>\n        <span class=\"banner-text default-text\">\n12 mois de d\u00e9pannage offerts\n        <\/span>\n        <span class=\"banner-text article-text\">\nD\u00e9couvrez notre large stock de voitures d\u2019occasion fiables\n        <\/span>\n    <\/div>\n    <div class=\"stock-banner\">\n<svg width=\"24\" height=\"24\" viewBox=\"0 0 24 24\" fill=\"none\" xmlns=\"http:\/\/www.w3.org\/2000\/svg\">\n<path d=\"M4 12.5L9.5 17L19 7\" stroke=\"#00418c\" stroke-width=\"2.5\" stroke-linecap=\"round\" stroke-linejoin=\"round\"\/>\n<\/svg>\n      <span class=\"banner-text\">\n<span class=\"stock-count\">0<\/span> voitures disponibles\n      <\/span>\n    <\/div>\n  <\/div>\n<\/div>\n\n<div class=\"row align-center roadside-assistance-popup lightbox-by-id lightbox-content lightbox-white mfp-hide\"  id=\"row-886124953\">\n\n\n\t<div id=\"col-2116199871\" class=\"col dialog-container medium-6 small-12 large-6\"  >\n\t\t\t\t<div class=\"col-inner\" style=\"background-color:rgb(255, 255, 255);\" >\n\t\t\t\n\t\t\t\n\n\t<div class=\"img has-hover x md-x lg-x y md-y lg-y\" id=\"image_535974297\">\n\t\t\t\t\t\t\t\t<div class=\"img-inner dark\" >\n\t\t\t<img loading=\"lazy\" decoding=\"async\" width=\"1020\" height=\"680\" src=\"\/wp-content\/uploads\/2025\/04\/Touring_221026_3058_NL-1-1024x683.webp\" class=\"attachment-large size-large\" alt=\"Roadside Assistance Banner NL\" srcset=\"\/wp-content\/uploads\/2025\/04\/Touring_221026_3058_NL-1-1024x683.webp 1024w, \/wp-content\/uploads\/2025\/04\/Touring_221026_3058_NL-1-300x200.webp 300w, \/wp-content\/uploads\/2025\/04\/Touring_221026_3058_NL-1-768x512.webp 768w, \/wp-content\/uploads\/2025\/04\/Touring_221026_3058_NL-1-1536x1024.webp 1536w, \/wp-content\/uploads\/2025\/04\/Touring_221026_3058_NL-1-2048x1365.webp 2048w\" sizes=\"auto, (max-width: 1020px) 100vw, 1020px\" \/>\t\t\t\t\t\t\n\t\t\t\t\t<\/div>\n\t\t\t\t\t\t\t\t\n<style>\n#image_535974297 {\n  width: 100%;\n}\n<\/style>\n\t<\/div>\n\t\n\n<div class=\"row\"  id=\"row-1062518014\">\n\n\n\t<div id=\"col-716477261\" class=\"col small-12 large-12\"  >\n\t\t\t\t<div class=\"col-inner\"  >\n\t\t\t\n\t\t\t\n\n\n\n<p data-text-color=\"primary\" class=\"roadside-assistance-title\">\n  <strong>12 mois d\u2019assistance d\u00e9pannage offerts sur tous les v\u00e9hicules<\/strong>\n<\/p>\n<div class=\"roadside-assistance-list\">\n  <div class=\"roadside-assistance-item\">\n      <div class=\"roadside-assistance-circle\">1<\/div>\n      <div class=\"roadside-assistance-text\">Trouvez votre v\u00e9hicule<\/div>\n  <\/div>\n  <div class=\"roadside-assistance-item\">\n      <div class=\"roadside-assistance-circle\">2<\/div>\n      <div class=\"roadside-assistance-text\">Rendez-vous dans votre concession<\/div>\n  <\/div>\n  <div class=\"roadside-assistance-item\">\n      <div class=\"roadside-assistance-circle\">3<\/div>\n      <div class=\"roadside-assistance-text\">Le vendeur active instantan\u00e9ment votre assistance<\/div>\n  <\/div>\n  <div class=\"roadside-assistance-item\">\n      <div class=\"roadside-assistance-circle\">\u2713<\/div>\n      <div class=\"roadside-assistance-text\"><strong>Profitez de votre assistance pendant 12 mois<\/strong><\/div>\n  <\/div>\n<\/div>\n<div class=\"roadside-assistance-sublist\">\n<div>\n<span class=\"checkmark \">\u2713<\/span>\n<span>Dans toute la Belgique<\/span>\n<\/div>\n<div>\n<span class=\"checkmark \">\u2713<\/span>\n<span>V\u00e9hicule de remplacement<\/span>\n<\/div>\n<\/div>\n\n\n\t\t<\/div>\n\t\t\t\t\t<\/div>\n\n\t\n\n\t<div id=\"col-2079315067\" class=\"col small-12 large-12\"  >\n\t\t\t\t<div class=\"col-inner\"  >\n\t\t\t\n\t\t\t\n\n\n\n<div class=\"car-item-detail d-flex\"> \n         <a href=\"https:\/\/carselect.touring.be\/fr\/services-solutions\/#roadside-assistance\">\n         <div class=\"more-info-button bold\">\n Plus d\u2019information\n         <\/div>\n           <\/a>\n<button class=\"button success lowercase service-link close\">Fermer<\/button>\n      <\/div>\n\n\n\t\t<\/div>\n\t\t\t\t\t<\/div>\n\n\t\n\n\n<style>\n#row-1062518014 > .col > .col-inner {\n  padding: 0px 24px 0px 24px;\n}\n<\/style>\n<\/div>\n\n\t\t<\/div>\n\t\t\t\t\t<\/div>\n\n\t\n\n<\/div>\n\n\n<script>\ndocument.querySelector('.roadside-assistance-popup').setAttribute('id', 'roadside-assistance-popup');\n\ndocument.querySelector('.roadside-assistance-popup .button.close').addEventListener('click', function() {\n$.magnificPopup.close();\n});\n\nif (window.location.pathname.includes(\"blog\")) {\n  const toShow = document.querySelectorAll(\".article-text\");\n  toShow.forEach(el => {\n    el.style.display=\"inline\";\n  });\n} else {\n  const toShow = document.querySelectorAll(\".default-text\");\n  toShow.forEach(el => {\n    el.style.display=\"inline\";\n  });\n}\n<\/script>\n\n\n\n\t<section class=\"section news-details\" id=\"section_316238075\">\n\t\t<div class=\"section-bg fill\" >\n\t\t\t\t\t\t\t\t\t\n\t\t\t\n\n\t\t<\/div>\n\n\t\t\n\n\t\t<div class=\"section-content relative\">\n\t\t\t\n\n<div class=\"row row-large\"  id=\"row-1245442716\">\n\n\n\t<div id=\"col-256296615\" class=\"col medium-8 small-12 large-8\"  >\n\t\t\t\t<div class=\"col-inner\"  >\n\t\t\t\n\t\t\t\n\n<div class=\"container section-title-container\" ><h1 class=\"section-title section-title-normal\"><b><\/b><span class=\"section-title-main\" style=\"font-size:123%;\">Voiture \u00e9lectrique en hiver : conseils pour optimiser autonomie et confort<\/span><b><\/b><\/h1><\/div>\n\n\n\t\t<\/div>\n\t\t\t\t\n<style>\n#col-256296615 > .col-inner {\n  padding: 0px 0px 0px 0px;\n  margin: 0px 0px 0px 0px;\n}\n<\/style>\n\t<\/div>\n\n\t\n\n\t<div id=\"col-657310793\" class=\"col small-12 large-12\"  >\n\t\t\t\t<div class=\"col-inner\"  >\n\t\t\t\n\t\t\t\n\n\t<div class=\"img has-hover x md-x lg-x y md-y lg-y\" id=\"image_697705945\">\n\t\t\t\t\t\t\t\t<div class=\"img-inner dark\" >\n\t\t\t<img loading=\"lazy\" decoding=\"async\" width=\"1000\" height=\"667\" src=\"\/wp-content\/uploads\/2024\/12\/header-elekrische-wagen-winter-1-1.jpg\" class=\"attachment-large size-large\" alt=\"voiture \u00e9lectrique en hiver\u200b\" srcset=\"\/wp-content\/uploads\/2024\/12\/header-elekrische-wagen-winter-1-1.jpg 1000w, \/wp-content\/uploads\/2024\/12\/header-elekrische-wagen-winter-1-1-300x200.jpg 300w, \/wp-content\/uploads\/2024\/12\/header-elekrische-wagen-winter-1-1-768x512.jpg 768w\" sizes=\"auto, (max-width: 1000px) 100vw, 1000px\" \/>\t\t\t\t\t\t\n\t\t\t\t\t<\/div>\n\t\t\t\t\t\t\t\t\n<style>\n#image_697705945 {\n  width: 100%;\n}\n<\/style>\n\t<\/div>\n\t\n\n\n\t\t<\/div>\n\t\t\t\t\n<style>\n#col-657310793 > .col-inner {\n  margin: 0px 0px 25px 0px;\n}\n<\/style>\n\t<\/div>\n\n\t\n\n\t<div id=\"col-1860154972\" class=\"col medium-8 small-12 large-8\"  >\n\t\t\t\t<div class=\"col-inner\"  >\n\t\t\t\n\t\t\t\n\n<p data-pm-slice=\"1 1 &#091;&#093;\">L&rsquo;hiver apporte son lot de d\u00e9fis uniques pour les conducteurs de voitures \u00e9lectriques. Les temp\u00e9ratures basses peuvent r\u00e9duire l\u2019autonomie, augmenter la consommation d\u2019\u00e9nergie et impacter le confort de conduite.<\/p>\n<p>Cependant, avec une bonne pr\u00e9paration et les bonnes habitudes, les mois froids ne deviendront pas un obstacle. Dans cet article, d\u00e9couvrez des conseils pratiques et des astuces pour affronter sereinement l\u2019hiver : des moyens d\u2019augmenter l\u2019autonomie de votre voiture \u00e9lectrique aux solutions pour un confort optimal pendant les journ\u00e9es glaciales.<\/p>\n<div class=\"container section-title-container\" ><h2 class=\"section-title section-title-normal\"><b><\/b><span class=\"section-title-main\" >Comment l'hiver impacte-t-il votre v\u00e9hicule \u00e9lectrique ?<\/span><b><\/b><\/h2><\/div>\n\n<p data-pm-slice=\"1 1 &#091;&#093;\">Les temp\u00e9ratures hivernales ne se limitent pas \u00e0 des variations thermiques importantes : elles posent aussi des d\u00e9fis sp\u00e9cifiques aux conducteurs de voitures \u00e9lectriques. Le froid peut affecter la performance de votre batterie et entra\u00eener une hausse de la consommation \u00e9nerg\u00e9tique. Mais pourquoi cela arrive-t-il, et comment pouvez-vous y rem\u00e9dier ?<\/p>\n<p>Voyons ensemble ce qui se passe avec votre voiture \u00e9lectrique par temps froid, accompagn\u00e9 de quelques astuces hivernales efficaces.<\/p>\n<div class=\"container section-title-container\" ><h3 class=\"section-title section-title-normal\"><b><\/b><span class=\"section-title-main\" >V\u00e9hicule \u00e9lectrique et temp\u00e9ratures basses : l\u2019impact sur l\u2019autonomie<\/span><b><\/b><\/h3><\/div>\n\n<p data-pm-slice=\"1 1 &#091;&#093;\">L\u2019un des effets les plus visibles de l\u2019hiver est la diminution de l\u2019autonomie de votre voiture \u00e9lectrique. Lorsque les temp\u00e9ratures baissent, la batterie fonctionne moins efficacement. Cela s\u2019explique par le fait que les batteries lithium-ion, pr\u00e9sentes dans la majorit\u00e9 des v\u00e9hicules \u00e9lectriques, sont sensibles au froid. Les processus chimiques ralentissent avec des temp\u00e9ratures basses, ce qui r\u00e9duit temporairement la capacit\u00e9 de la batterie.<\/p>\n<p>De plus, une partie de l\u2019\u00e9nergie est utilis\u00e9e pour chauffer l\u2019habitacle et alimenter l\u2019\u00e9lectronique embarqu\u00e9e, diminuant ainsi celle disponible pour le moteur \u00e9lectrique. Dans certains cas, <strong>l\u2019autonomie peut \u00eatre r\u00e9duite jusqu\u2019\u00e0 30 %<\/strong> par rapport \u00e0 une conduite par temp\u00e9ratures plus douces.<\/p>\n<p><em>La bonne nouvelle ? Une pr\u00e9paration ad\u00e9quate peut grandement limiter ces impacts.<\/em><\/p>\n<p data-pm-slice=\"1 1 &#091;&#093;\"><a href=\"https:\/\/carselect.touring.be\/fr\/2024\/12\/15\/tout-savoir-sur-lautonomie-et-la-duree-de-vie-de-la-batterie-une-voiture-electrique\/\">Pour en savoir plus sur l&rsquo;autonomie et la dur\u00e9e de vie des batteries des voitures \u00e9lectriques, cliquez ici. <\/a><\/p>\n\t<div class=\"img has-hover x md-x lg-x y md-y lg-y\" id=\"image_1300693419\">\n\t\t\t\t\t\t\t\t<div class=\"img-inner dark\" >\n\t\t\t<img loading=\"lazy\" decoding=\"async\" width=\"1000\" height=\"751\" src=\"\/wp-content\/uploads\/2024\/12\/visual-rijbereik-bmw-ix1-1-1.jpg\" class=\"attachment-1536x1536 size-1536x1536\" alt=\"\" srcset=\"\/wp-content\/uploads\/2024\/12\/visual-rijbereik-bmw-ix1-1-1.jpg 1000w, \/wp-content\/uploads\/2024\/12\/visual-rijbereik-bmw-ix1-1-1-300x225.jpg 300w, \/wp-content\/uploads\/2024\/12\/visual-rijbereik-bmw-ix1-1-1-768x577.jpg 768w\" sizes=\"auto, (max-width: 1000px) 100vw, 1000px\" \/>\t\t\t\t\t\t\n\t\t\t\t\t<\/div>\n\t\t\t\t\t\t\t\t\n<style>\n#image_1300693419 {\n  width: 100%;\n}\n<\/style>\n\t<\/div>\n\t\n\n<div class=\"container section-title-container\" ><h2 class=\"section-title section-title-normal\"><b><\/b><span class=\"section-title-main\" >Pr\u00e9parer votre voiture \u00e9lectrique pour l\u2019hiver : conseils pour des performances optimales<\/span><b><\/b><\/h2><\/div>\n\n<p data-pm-slice=\"1 1 &#091;&#093;\">Outre la baisse d\u2019autonomie, l\u2019hiver augmente la consommation \u00e9nerg\u00e9tique de votre voiture. Voici quelques conseils pour rouler efficacement malgr\u00e9 le froid :<\/p>\n<div class=\"container section-title-container\" ><h3 class=\"section-title section-title-normal\"><b><\/b><span class=\"section-title-main\" >Privil\u00e9giez les si\u00e8ges et le volant chauffants<\/span><b><\/b><\/h3><\/div>\n\n<p data-pm-slice=\"1 1 &#091;&#093;\">Contrairement aux voitures thermiques qui utilisent la chaleur r\u00e9siduelle du moteur pour chauffer l\u2019habitacle, les voitures \u00e9lectriques doivent produire cette chaleur elles-m\u00eames, augmentant ainsi leur consommation \u00e9nerg\u00e9tique. Les options comme les si\u00e8ges chauffants et le volant chauffant sont des choix \u00e9conomes en \u00e9nergie. Ils offrent un confort optimal tout en consommant beaucoup moins d\u2019\u00e9nergie que le chauffage de l\u2019ensemble de l\u2019habitacle.<\/p>\n\t<div class=\"img has-hover x md-x lg-x y md-y lg-y\" id=\"image_1537013494\">\n\t\t\t\t\t\t\t\t<div class=\"img-inner dark\" >\n\t\t\t<img loading=\"lazy\" decoding=\"async\" width=\"768\" height=\"512\" src=\"\/wp-content\/uploads\/2024\/12\/stoel-en-stuurverwarming-Audi-1-1-768x512.jpg\" class=\"attachment-medium_large size-medium_large\" alt=\"Utilisez le chauffage de votre si\u00e8ge et de votre volant\" srcset=\"\/wp-content\/uploads\/2024\/12\/stoel-en-stuurverwarming-Audi-1-1-768x512.jpg 768w, \/wp-content\/uploads\/2024\/12\/stoel-en-stuurverwarming-Audi-1-1-300x200.jpg 300w, \/wp-content\/uploads\/2024\/12\/stoel-en-stuurverwarming-Audi-1-1.jpg 1000w\" sizes=\"auto, (max-width: 768px) 100vw, 768px\" \/>\t\t\t\t\t\t\n\t\t\t\t\t<\/div>\n\t\t\t\t\t\t\t\t\n<style>\n#image_1537013494 {\n  width: 100%;\n}\n<\/style>\n\t<\/div>\n\t\n\n<div class=\"container section-title-container\" ><h3 class=\"section-title section-title-normal\"><b><\/b><span class=\"section-title-main\" >Pr\u00e9chauffez votre voiture pendant qu\u2019elle est en charge<\/span><b><\/b><\/h3><\/div>\n\n<p data-pm-slice=\"1 1 &#091;&#093;\">Le pr\u00e9chauffage de votre v\u00e9hicule peut faire une grande diff\u00e9rence pour votre voiture \u00e9lectrique en hiver. En chauffant la batterie et l\u2019habitacle avant votre d\u00e9part, vous optimisez l\u2019efficacit\u00e9 du v\u00e9hicule. Veillez \u00e0 effectuer cette op\u00e9ration lorsque votre voiture est branch\u00e9e \u00e0 une borne de recharge. Cela permet d\u2019utiliser l\u2019\u00e9lectricit\u00e9 du r\u00e9seau au lieu de puiser dans la batterie, qui restera ainsi pleinement charg\u00e9e.<\/p>\n<div class=\"container section-title-container\" ><h3 class=\"section-title section-title-normal\"><b><\/b><span class=\"section-title-main\" >Activez le mode \u00e9co pour \u00e9conomiser la batterie<\/span><b><\/b><\/h3><\/div>\n\n<p data-pm-slice=\"1 1 &#091;&#093;\">La plupart des voitures \u00e9lectriques modernes disposent d\u2019un<strong> mode \u00e9co<\/strong>. Celui-ci r\u00e9duit la puissance du moteur pour diminuer la consommation d\u2019\u00e9nergie. Moins de puissance ne signifie pas pour autant sacrifier le confort ou la s\u00e9curit\u00e9. Ce mode est particuli\u00e8rement utile pour les longs trajets hivernaux.<\/p>\n<div class=\"container section-title-container\" ><h3 class=\"section-title section-title-normal\"><b><\/b><span class=\"section-title-main\" >Adoptez une conduite fluide et planifiez vos trajets intelligemment<\/span><b><\/b><\/h3><\/div>\n\n<p data-pm-slice=\"1 1 &#091;&#093;\">Maintenir une vitesse constante et \u00e9viter les arr\u00eats inutiles sont des moyens simples de r\u00e9duire votre consommation. Privil\u00e9giez des trajets fluides en \u00e9vitant les embouteillages et les zones de circulation dense, qui augmentent significativement la consommation \u00e9nerg\u00e9tique.<\/p>\n<div class=\"container section-title-container\" ><h4 class=\"section-title section-title-normal\"><b><\/b><span class=\"section-title-main\" >Utilisez le r\u00e9gulateur de vitesse<\/span><b><\/b><\/h4><\/div>\n\n<p data-pm-slice=\"1 1 &#091;&#093;\">Le r\u00e9gulateur de vitesse est un <strong>excellent outil pour optimiser la consommation \u00e9nerg\u00e9tique sur de longs trajets<\/strong>. Il permet de maintenir une vitesse constante, \u00e9vitant les acc\u00e9l\u00e9rations et freinages inutiles, pour une utilisation plus efficace de la batterie.<\/p>\n<div class=\"container section-title-container\" ><h3 class=\"section-title section-title-normal\"><b><\/b><span class=\"section-title-main\" >Maintenez un niveau de charge minimum<\/span><b><\/b><\/h3><\/div>\n\n<p data-pm-slice=\"1 1 &#091;&#093;\">Les batteries fonctionnent mieux lorsqu\u2019elles sont maintenues entre 20 % et 80 % de charge. Veillez \u00e0 ne pas laisser votre batterie se vider compl\u00e8tement, surtout par temps froid. <strong>Un minimum de 20 % est recommand\u00e9 <\/strong>pour permettre \u00e0 la batterie de se r\u00e9chauffer au d\u00e9marrage et pr\u00e9venir une usure pr\u00e9matur\u00e9e.<\/p>\n<div class=\"container section-title-container\" ><h3 class=\"section-title section-title-normal\"><b><\/b><span class=\"section-title-main\" >Gardez votre voiture au sec et hors du gel<\/span><b><\/b><\/h3><\/div>\n\n<p data-pm-slice=\"1 1 &#091;&#093;\">L\u2019eau autour du port de charge peut geler et causer des probl\u00e8mes, notamment si le c\u00e2ble de charge se retrouve coinc\u00e9. Garez votre voiture dans un espace couvert ou \u00e0 l\u2019int\u00e9rieur pour \u00e9viter ce genre de d\u00e9sagr\u00e9ments.<\/p>\n<p>En cas de c\u00e2ble gel\u00e9, une bouillotte appliqu\u00e9e pr\u00e8s du port de charge peut r\u00e9soudre la situation.<\/p>\n\t<div class=\"img has-hover x md-x lg-x y md-y lg-y\" id=\"image_1393834961\">\n\t\t\t\t\t\t\t\t<div class=\"img-inner dark\" >\n\t\t\t<img loading=\"lazy\" decoding=\"async\" width=\"768\" height=\"538\" src=\"\/wp-content\/uploads\/2024\/12\/tesla-met-bevroren-laadkbal-1-1-768x538.jpg\" class=\"attachment-medium_large size-medium_large\" alt=\"voiture \u00e9lectrique en hiver\u200b: Tesla Model Y\" srcset=\"\/wp-content\/uploads\/2024\/12\/tesla-met-bevroren-laadkbal-1-1-768x538.jpg 768w, \/wp-content\/uploads\/2024\/12\/tesla-met-bevroren-laadkbal-1-1-300x210.jpg 300w, \/wp-content\/uploads\/2024\/12\/tesla-met-bevroren-laadkbal-1-1.jpg 1000w\" sizes=\"auto, (max-width: 768px) 100vw, 768px\" \/>\t\t\t\t\t\t\n\t\t\t\t\t\t\t<div class=\"caption\">C\u00e2ble de charge gel\u00e9 sur une Tesla Model Y en hiver. <\/div>\n\t\t\t\t\t<\/div>\n\t\t\t\t\t\t\t\t\n<style>\n#image_1393834961 {\n  width: 100%;\n}\n<\/style>\n\t<\/div>\n\t\n\n\t\t<div class=\"news-related-vehicles\">\n\t\t\t\t\n\n<script type=\"text\/javascript\">\n    var seoPlugins = window.seoPlugins || [];\n\n    seoPlugins.push({\n        \"PluginCode\": \"a9f957e3-d8b9-4005-bf73-c81df6fc4833\",\n        \"PluginName\": \"#ev-available\",\n        \"FilterCookie\": {\"FuelTypeIds\":[\"3\"]}\n    })\n\n    window.seoPlugins = seoPlugins;\n\n    var seoPlugins = window.seoPlugins || [];\n\n    for (var i = 0; i < seoPlugins.length; i++) {\n        var pluginData = seoPlugins[i];\n        CFM.API.enable(pluginData.PluginCode, pluginData.PluginName, null, {\n            FilterCookie: pluginData.FilterCookie\n        });\n    }\n<\/script>\n<div id=\"ev-available\"><\/div>\n\t\t<\/div>\n\t\n<div class=\"container section-title-container\" ><h3 class=\"section-title section-title-normal\"><b><\/b><span class=\"section-title-main\" >Passez aux pneus d'hiver<\/span><b><\/b><\/h3><\/div>\n\n<p>Les pneus hiver sont essentiels pour assurer votre s\u00e9curit\u00e9 et optimiser les performances de votre voiture \u00e9lectrique. Leur composition et leur profil sp\u00e9cifique offrent une meilleure adh\u00e9rence et un meilleur contr\u00f4le sur les routes glissantes ou enneig\u00e9es.<\/p>\n<p><strong>Avantages des pneus hiver :<\/strong><\/p>\n<ul>\n<li>\n<p><strong>Adh\u00e9rence am\u00e9lior\u00e9e :<\/strong> Le caoutchouc reste souple \u00e0 basse temp\u00e9rature pour offrir une meilleure traction.<\/p>\n<\/li>\n<li>\n<p><strong>Distance de freinage r\u00e9duite :<\/strong> Le profil profond et les lamelles des pneus r\u00e9duisent les distances de freinage sur surfaces glissantes.<\/p>\n<\/li>\n<li>\n<p><strong>Efficacit\u00e9 \u00e9nerg\u00e9tique accrue :<\/strong> Une meilleure adh\u00e9rence r\u00e9duit les pertes d\u2019\u00e9nergie dues aux d\u00e9rapages.<\/p>\n<\/li>\n<\/ul>\n<p><span style=\"text-decoration: underline\"><a href=\"https:\/\/carselect.touring.be\/fr\/2024\/12\/12\/entretien-voiture-electrique-et-controle-technique\/\">D\u00e9couvrez ici tout ce qu&rsquo;il faut savoir sur l&rsquo;entretien d&rsquo;un v\u00e9hicule \u00e9lectrique.<\/a><\/span><\/p>\n\t<div class=\"img has-hover x md-x lg-x y md-y lg-y\" id=\"image_1087483529\">\n\t\t\t\t\t\t\t\t<div class=\"img-inner dark\" >\n\t\t\t<img loading=\"lazy\" decoding=\"async\" width=\"768\" height=\"576\" src=\"\/wp-content\/uploads\/2024\/12\/winterbanden-profiel-1-1-768x576.jpg\" class=\"attachment-medium_large size-medium_large\" alt=\"L&#039;utilisation de pneus d&#039;hiver garantit la s\u00e9curit\u00e9\" srcset=\"\/wp-content\/uploads\/2024\/12\/winterbanden-profiel-1-1-768x576.jpg 768w, \/wp-content\/uploads\/2024\/12\/winterbanden-profiel-1-1-300x225.jpg 300w, \/wp-content\/uploads\/2024\/12\/winterbanden-profiel-1-1.jpg 1000w\" sizes=\"auto, (max-width: 768px) 100vw, 768px\" \/>\t\t\t\t\t\t\n\t\t\t\t\t\t\t<div class=\"caption\">L'utilisation de pneus d'hiver garantit la s\u00e9curit\u00e9<\/div>\n\t\t\t\t\t<\/div>\n\t\t\t\t\t\t\t\t\n<style>\n#image_1087483529 {\n  width: 100%;\n}\n<\/style>\n\t<\/div>\n\t\n\n<div class=\"container section-title-container\" ><h3 class=\"section-title section-title-normal\"><b><\/b><span class=\"section-title-main\" >V\u00e9rifiez r\u00e9guli\u00e8rement la pression des pneus<\/span><b><\/b><\/h3><\/div>\n\n<p data-pm-slice=\"1 1 &#091;&#093;\">Le froid diminue la pression des pneus, augmentant leur r\u00e9sistance au roulement et r\u00e9duisant l\u2019autonomie. Une pression correcte am\u00e9liore non seulement la s\u00e9curit\u00e9 et la consommation, mais aussi l\u2019efficacit\u00e9 \u00e9nerg\u00e9tique, avec <strong>un gain de 3 \u00e0 7 %.<\/strong><\/p>\n<p>Un petit ch\u00e8que qui a un impact important !<\/p>\n<div class=\"container section-title-container\" ><h3 class=\"section-title section-title-normal\"><b><\/b><span class=\"section-title-main\" >Maximisez la r\u00e9cup\u00e9ration d\u2019\u00e9nergie au freinage<\/span><b><\/b><\/h3><\/div>\n\n<p data-pm-slice=\"1 1 &#091;&#093;\">Les voitures \u00e9lectriques r\u00e9cup\u00e8rent de l\u2019\u00e9nergie lors du freinage gr\u00e2ce au freinage r\u00e9g\u00e9n\u00e9ratif. Adoptez une conduite douce et anticipez vos arr\u00eats pour maximiser cette fonctionnalit\u00e9, augmentant ainsi l\u2019autonomie de votre v\u00e9hicule.<\/p>\n<div class=\"container section-title-container\" ><h3 class=\"section-title section-title-normal\"><b><\/b><span class=\"section-title-main\" >Rechargez en d\u00e9placement : planifiez intelligemment<\/span><b><\/b><\/h3><\/div>\n\n<p data-pm-slice=\"1 1 &#091;&#093;\">Lorsque vous rechargez sur la route, choisissez des bornes situ\u00e9es \u00e0 proximit\u00e9 de commerces ou de caf\u00e9s pour rentabiliser votre temps d\u2019attente. Rechargez <strong>id\u00e9alement \u00e0 partir de 20-30 %<\/strong> pour pr\u00e9server la sant\u00e9 de votre batterie.<\/p>\n<div class=\"flex max-w-full flex-col flex-grow\">\n<div class=\"min-h-8 text-message flex w-full flex-col items-end gap-2 whitespace-normal break-words text-start &#091;.text-message+&amp;&#093;:mt-5\" dir=\"auto\" data-message-author-role=\"assistant\" data-message-id=\"6f8d0148-b06e-4bb6-b411-844e116c6c7a\" data-message-model-slug=\"gpt-4o\">\n<div class=\"flex w-full flex-col gap-1 empty:hidden first:pt-&#091;3px&#093;\">\n<div class=\"markdown prose w-full break-words dark:prose-invert dark\">\n<p><span style=\"text-decoration: underline\"><a href=\"https:\/\/carselect.touring.be\/fr\/2024\/12\/12\/recharger-une-voiture-electrique-domicile-ou-public-options-et-couts\/\">Plongez dans notre article d\u00e9taill\u00e9 sur toutes les options pour recharger votre voiture \u00e9lectrique.<\/a><\/span><\/p>\n<\/div>\n<\/div>\n<\/div>\n<\/div>\n<p data-pm-slice=\"1 1 &#091;&#093;\"><strong>&nbsp;<\/strong><\/p>\n<div class=\"container section-title-container\" ><h2 class=\"section-title section-title-normal\"><b><\/b><span class=\"section-title-main\" >Rouler \u00e9lectrique en hiver : plus cher ou plus \u00e9conomique ?<\/span><b><\/b><\/h2><\/div>\n\n<p data-pm-slice=\"1 1 &#091;&#093;\">Malgr\u00e9 les d\u00e9fis, la conduite \u00e9lectrique reste souvent plus \u00e9conomique que les alternatives thermiques. M\u00eame si le froid r\u00e9duit l\u2019autonomie, les co\u00fbts de recharge, notamment \u00e0 domicile pendant les heures creuses, restent inf\u00e9rieurs au prix du carburant. Une planification intelligente et l\u2019utilisation efficace des \u00e9quipements de votre voiture garantissent une exp\u00e9rience \u00e9conomique, m\u00eame en hiver.<\/p>\n<div class=\"container section-title-container\" ><h2 class=\"section-title section-title-normal\"><b><\/b><span class=\"section-title-main\" >Conclusion : conduire une voiture \u00e9lectrique en hiver sans souci<\/span><b><\/b><\/h2><\/div>\n\n<p data-pm-slice=\"1 1 &#091;&#093;\">L\u2019hiver ne doit pas \u00eatre un frein \u00e0 la conduite \u00e9lectrique. Avec des pratiques adapt\u00e9es comme le pr\u00e9chauffage, l\u2019utilisation du mode \u00e9co, des pneus hiver et une planification astucieuse, vous pouvez rouler confortablement et efficacement, m\u00eame pendant les jours les plus froids.&nbsp;<\/p>\n<p>Gr\u00e2ce \u00e0 une gestion intelligente de l\u2019\u00e9nergie et \u00e0 l\u2019utilisation des fonctionnalit\u00e9s sp\u00e9cifiques des voitures \u00e9lectriques, l\u2019hiver peut \u00eatre travers\u00e9 sans encombre. Prenez la route en toute s\u00e9r\u00e9nit\u00e9 et profitez de la conduite \u00e9cologique, quelles que soient les conditions m\u00e9t\u00e9o !<\/p>\n\t\t<div class=\"news-related-vehicles\">\n\t\t\t\t\n\n<script type=\"text\/javascript\">\n    var seoPlugins = window.seoPlugins || [];\n\n    seoPlugins.push({\n        \"PluginCode\": \"a9f957e3-d8b9-4005-bf73-c81df6fc4833\",\n        \"PluginName\": \"#new-ev-available\",\n        \"FilterCookie\": {\"FuelTypeIds\":[\"3\"]}\n    })\n\n    window.seoPlugins = seoPlugins;\n\n    var seoPlugins = window.seoPlugins || [];\n\n    for (var i = 0; i < seoPlugins.length; i++) {\n        var pluginData = seoPlugins[i];\n        CFM.API.enable(pluginData.PluginCode, pluginData.PluginName, null, {\n            FilterCookie: pluginData.FilterCookie\n        });\n    }\n<\/script>\n<div id=\"new-ev-available\"><\/div>\n\t\t<\/div>\n\t\n\n\t\t<\/div>\n\t\t\t\t\t<\/div>\n\n\t\n\n\t<div id=\"col-1890190369\" class=\"col medium-4 small-12 large-4\"  >\n\t\t\t\t<div class=\"col-inner\"  >\n\t\t\t\n\t\t\t\n\n\n  \n    <div class=\"row large-columns-1 medium-columns-1 small-columns-1\" >\n  <div class=\"col post-item\" >\n\t\t\t<div class=\"col-inner\">\n\t\t\t\t<div class=\"box box-normal box-text-bottom box-blog-post has-hover\">\n            \t\t\t\t\t<div class=\"box-image\" >\n  \t\t\t\t\t\t<div class=\"image-cover\" style=\"padding-top:56.25%;\">\n\t\t\t\t\t\t\t<a href=\"https:\/\/carselect.touring.be\/fr\/blog\/entretien-voiture-electrique-et-controle-technique\/\" class=\"plain\" aria-label=\"Contr\u00f4le technique et entretien voitures \u00e9lectriques : tout ce que vous devez savoir\">\n\t\t\t\t\t\t\t\t<img loading=\"lazy\" decoding=\"async\" width=\"300\" height=\"209\" src=\"\/wp-content\/uploads\/2024\/12\/headershutterstock_1122594407-300x209.jpg\" class=\"attachment-medium size-medium wp-post-image\" alt=\"elektrische auto onderhouden\" srcset=\"\/wp-content\/uploads\/2024\/12\/headershutterstock_1122594407-300x209.jpg 300w, \/wp-content\/uploads\/2024\/12\/headershutterstock_1122594407-768x536.jpg 768w, \/wp-content\/uploads\/2024\/12\/headershutterstock_1122594407.jpg 1000w\" sizes=\"auto, (max-width: 300px) 100vw, 300px\" \/>\t\t\t\t\t\t\t<\/a>\n  \t\t\t\t\t\t\t  \t\t\t\t\t\t\t  \t\t\t\t\t\t<\/div>\n  \t\t\t\t\t\t  \t\t\t\t\t<\/div>\n          \t\t\t\t\t<div class=\"box-text text-left\" >\n\t\t\t\t\t<div class=\"box-text-inner blog-post-inner\">\n\n\t\t\t\t\t\n\t\t\t\t\t\t\t\t\t\t<h5 class=\"post-title is-large \">\n\t\t\t\t\t\t<a href=\"https:\/\/carselect.touring.be\/fr\/blog\/entretien-voiture-electrique-et-controle-technique\/\" class=\"plain\">Contr\u00f4le technique et entretien voitures \u00e9lectriques : tout ce que vous devez savoir<\/a>\n\t\t\t\t\t<\/h5>\n\t\t\t\t\t\t\t\t\t\t<div class=\"is-divider\"><\/div>\n\t\t\t\t\t\t\t\t\t\t<p class=\"from_the_blog_excerpt \">\n\t\t\t\t\t\tD\u00e9couvrez des astuces pratiques pour entretenir votre voiture \u00e9lectrique \u00e0 moindre co\u00fbt et de mani\u00e8re [...]\t\t\t\t\t<\/p>\n\t\t\t\t\t                    \n\t\t\t\t\t\n\t\t\t\t\t\n\t\t\t\t\t<\/div>\n\t\t\t\t\t<\/div>\n\t\t\t\t\t\t\t\t\t<\/div>\n\t\t\t<\/div>\n\t\t<\/div><div class=\"col post-item\" >\n\t\t\t<div class=\"col-inner\">\n\t\t\t\t<div class=\"box box-normal box-text-bottom box-blog-post has-hover\">\n            \t\t\t\t\t<div class=\"box-image\" >\n  \t\t\t\t\t\t<div class=\"image-cover\" style=\"padding-top:56.25%;\">\n\t\t\t\t\t\t\t<a href=\"https:\/\/carselect.touring.be\/fr\/blog\/tout-savoir-sur-lautonomie-et-la-duree-de-vie-de-la-batterie-une-voiture-electrique\/\" class=\"plain\" aria-label=\"Tout savoir sur l\u2019autonomie et la dur\u00e9e de vie de la batterie d\u2019une voiture \u00e9lectrique\">\n\t\t\t\t\t\t\t\t<img loading=\"lazy\" decoding=\"async\" width=\"300\" height=\"163\" src=\"\/wp-content\/uploads\/2024\/12\/header-levensduur-1-300x163.jpg\" class=\"attachment-medium size-medium wp-post-image\" alt=\"Vue transparente d&#039;une batterie de voiture.\" srcset=\"\/wp-content\/uploads\/2024\/12\/header-levensduur-1-300x163.jpg 300w, \/wp-content\/uploads\/2024\/12\/header-levensduur-1-768x417.jpg 768w, \/wp-content\/uploads\/2024\/12\/header-levensduur-1.jpg 1000w\" sizes=\"auto, (max-width: 300px) 100vw, 300px\" \/>\t\t\t\t\t\t\t<\/a>\n  \t\t\t\t\t\t\t  \t\t\t\t\t\t\t  \t\t\t\t\t\t<\/div>\n  \t\t\t\t\t\t  \t\t\t\t\t<\/div>\n          \t\t\t\t\t<div class=\"box-text text-left\" >\n\t\t\t\t\t<div class=\"box-text-inner blog-post-inner\">\n\n\t\t\t\t\t\n\t\t\t\t\t\t\t\t\t\t<h5 class=\"post-title is-large \">\n\t\t\t\t\t\t<a href=\"https:\/\/carselect.touring.be\/fr\/blog\/tout-savoir-sur-lautonomie-et-la-duree-de-vie-de-la-batterie-une-voiture-electrique\/\" class=\"plain\">Tout savoir sur l\u2019autonomie et la dur\u00e9e de vie de la batterie d\u2019une voiture \u00e9lectrique<\/a>\n\t\t\t\t\t<\/h5>\n\t\t\t\t\t\t\t\t\t\t<div class=\"is-divider\"><\/div>\n\t\t\t\t\t\t\t\t\t\t<p class=\"from_the_blog_excerpt \">\n\t\t\t\t\t\tTout savoir sur l'autonomie et la dur\u00e9e de vie de la batterie des voitures \u00e9lectriques. [...]\t\t\t\t\t<\/p>\n\t\t\t\t\t                    \n\t\t\t\t\t\n\t\t\t\t\t\n\t\t\t\t\t<\/div>\n\t\t\t\t\t<\/div>\n\t\t\t\t\t\t\t\t\t<\/div>\n\t\t\t<\/div>\n\t\t<\/div><div class=\"col post-item\" >\n\t\t\t<div class=\"col-inner\">\n\t\t\t\t<div class=\"box box-normal box-text-bottom box-blog-post has-hover\">\n            \t\t\t\t\t<div class=\"box-image\" >\n  \t\t\t\t\t\t<div class=\"image-cover\" style=\"padding-top:56.25%;\">\n\t\t\t\t\t\t\t<a href=\"https:\/\/carselect.touring.be\/fr\/blog\/recharger-une-voiture-electrique-domicile-ou-public-options-et-couts\/\" class=\"plain\" aria-label=\"Recharger une voiture \u00e9lectrique : \u00c0 domicile ou en public ? D\u00e9couvrez toutes les options et leurs co\u00fbts\">\n\t\t\t\t\t\t\t\t<img loading=\"lazy\" decoding=\"async\" width=\"300\" height=\"200\" src=\"\/wp-content\/uploads\/2024\/12\/hoofdimage-opladen-elektrische-auto-1-1-300x200.jpg\" class=\"attachment-medium size-medium wp-post-image\" alt=\"Recharger une voiture \u00e9lectrique\" srcset=\"\/wp-content\/uploads\/2024\/12\/hoofdimage-opladen-elektrische-auto-1-1-300x200.jpg 300w, \/wp-content\/uploads\/2024\/12\/hoofdimage-opladen-elektrische-auto-1-1-768x512.jpg 768w, \/wp-content\/uploads\/2024\/12\/hoofdimage-opladen-elektrische-auto-1-1.jpg 1000w\" sizes=\"auto, (max-width: 300px) 100vw, 300px\" \/>\t\t\t\t\t\t\t<\/a>\n  \t\t\t\t\t\t\t  \t\t\t\t\t\t\t  \t\t\t\t\t\t<\/div>\n  \t\t\t\t\t\t  \t\t\t\t\t<\/div>\n          \t\t\t\t\t<div class=\"box-text text-left\" >\n\t\t\t\t\t<div class=\"box-text-inner blog-post-inner\">\n\n\t\t\t\t\t\n\t\t\t\t\t\t\t\t\t\t<h5 class=\"post-title is-large \">\n\t\t\t\t\t\t<a href=\"https:\/\/carselect.touring.be\/fr\/blog\/recharger-une-voiture-electrique-domicile-ou-public-options-et-couts\/\" class=\"plain\">Recharger une voiture \u00e9lectrique : \u00c0 domicile ou en public ? D\u00e9couvrez toutes les options et leurs co\u00fbts<\/a>\n\t\t\t\t\t<\/h5>\n\t\t\t\t\t\t\t\t\t\t<div class=\"is-divider\"><\/div>\n\t\t\t\t\t\t\t\t\t\t<p class=\"from_the_blog_excerpt \">\n\t\t\t\t\t\tD\u00e9couvrez toutes les options de recharge pour votre voiture \u00e9lectrique : recharge \u00e0 domicile, bornes [...]\t\t\t\t\t<\/p>\n\t\t\t\t\t                    \n\t\t\t\t\t\n\t\t\t\t\t\n\t\t\t\t\t<\/div>\n\t\t\t\t\t<\/div>\n\t\t\t\t\t\t\t\t\t<\/div>\n\t\t\t<\/div>\n\t\t<\/div><\/div>\n\n\n\t\t<\/div>\n\t\t\t\t\t<\/div>\n\n\t\n\n<\/div>\n<div class=\"row\"  id=\"row-836359430\">\n\n\n\t<div id=\"col-964657560\" class=\"col small-12 large-12\"  >\n\t\t\t\t<div class=\"col-inner\"  >\n\t\t\t\n\t\t\t\n\n\n  <div class=\"banner has-hover\" id=\"banner-1782463849\">\n          <div class=\"banner-inner fill\">\n        <div class=\"banner-bg fill\" >\n            <img loading=\"lazy\" decoding=\"async\" width=\"1440\" height=\"160\" src=\"\/wp-content\/uploads\/2025\/01\/Mask-group.png\" class=\"bg attachment-original size-original\" alt=\"\" \/>                                    \n                    <\/div>\n\t\t\n        <div class=\"banner-layers container\">\n            <div class=\"fill banner-link\"><\/div>            \n\n   <div id=\"text-box-842129605\" class=\"text-box banner-layer x100 md-x100 lg-x100 y10 md-y10 lg-y10 res-text\">\n                                <div class=\"text-box-content text dark\">\n              \n              <div class=\"text-inner text-center\">\n                  \n\n<h2><em>Achetez votre<\/em><\/h2>\n<h2><em>Voiture de r\u00eave<\/em><\/h2>\n<a href=\"https:\/\/carselect.touring.be\/fr\/acheter-une-voiture\/\" class=\"button success\"  >\n\t\t<span>D\u00e9couvrez<\/span>\n\t<\/a>\n\n\n\n              <\/div>\n           <\/div>\n                            \n<style>\n#text-box-842129605 {\n  width: 35%;\n}\n#text-box-842129605 .text-box-content {\n  font-size: 100%;\n}\n<\/style>\n    <\/div>\n \n\n        <\/div>\n      <\/div>\n\n            \n<style>\n#banner-1782463849 {\n  padding-top: 250px;\n}\n#banner-1782463849 .banner-bg img {\n  object-position: 22% 0%;\n}\n<\/style>\n  <\/div>\n\n\n\n\t\t<\/div>\n\t\t\t\t\t<\/div>\n\n\t\n\n<\/div>\n\n\t\t<\/div>\n\n\t\t\n<style>\n#section_316238075 {\n  padding-top: 0px;\n  padding-bottom: 0px;\n}\n<\/style>\n\t<\/section>\n\t\n\n\n\n<p><\/p>\n\n\n\n<div class=\"row row-full-width align-middle align-center legalTextContainer representativeExampleBanner qa-testid-representative-banner-fr\"  id=\"row-1716501834\">\r\n\r\n\n\t<div id=\"col-300935077\" class=\"col text-container representative-example-container small-12 large-12\"  >\n\t\t\t\t<div class=\"col-inner\"  >\n\t\t\t\n\t\t\t\r\n\r\n<div class=\"legal-text-title\">Attention, emprunter de l\u2019argent co\u00fbte aussi de l\u2019argent.<\/div>\r\n<div class=\"legal-text-content mt-half\">\r\n<p>\r\nExemple repr\u00e9sentatif \u2013 Cr\u00e9dit ballon : <b>Pr\u00eat \u00e0 temp\u00e9rament avec derni\u00e8re mensualit\u00e9 major\u00e9e<\/b>. Montant du cr\u00e9dit : \u20ac 35.002,79. Acompte (facultatif) : \u20ac 0. Prix comptant: \u20ac 35.002,79. <b>TAEG (Taux Annuel Effectif Global)<\/b> de <b>5,99 %<\/b>, taux d\u00e9biteur annuel <b>fixe<\/b> : 5,99 %. Dur\u00e9e du cr\u00e9dit : <b>60 mois<\/b>. Remboursable en 59 mensualit\u00e9s de <b>\u20ac 522,81<\/b>. Derni\u00e8re mensualit\u00e9 major\u00e9e : <b>\u20ac 11.023,64<\/b>. Montant total d\u00fb : \u20ac 41.869,16.\r\n      <\/p>\r\n<p>\r\n        Exemple repr\u00e9sentatif \u2013 Cr\u00e9dit classique : <b>Pr\u00eat \u00e0 temp\u00e9rament<\/b>. Montant du cr\u00e9dit : \u20ac 35.002,79. Acompte (facultatif) : \u20ac 0. Prix comptant : \u20ac 35.002,79. <b>TAEG (Taux Annuel Effectif Global)<\/b> de <b>5,99 %<\/b>, taux d\u00e9biteur annuel <b>fixe<\/b>: 5,99 %. Dur\u00e9e de <b>60 mois<\/b>. Remboursable en 60 mensualit\u00e9s de <b>\u20ac 673,96<\/b>. Montant total d\u00fb : \u20ac 40.437,85.\r\n      <\/p>\r\n<p>\r\n        Sous r\u00e9serve d\u2019acceptation de votre demande de cr\u00e9dit par Alpha Credit s.a., pr\u00eateur, Montagne du Parc 8\/3, 1000 Bruxelles, TVA BE 0445.781.316, RPM Bruxelles. Annonceur : TCS Mobility S.A., agent \u00e0 titre accessoire, Boulevard Albert II 4, B12, 1000 Bruxelles, TVA BE 1003.765.106, BE93 0019 6639 0767, RPM Bruxelles. La souscription d\u2019un pr\u00eat \u00e0 temp\u00e9rament est soumise \u00e0 la l\u00e9gislation relative au cr\u00e9dit \u00e0 la consommation, et plus sp\u00e9cifiquement au livre VII du Code de droit \u00e9conomique.\r\n      <\/p>\r\n<\/div>\r\n\r\n\r\n\t\t<\/div>\n\t\t\t\t\t<\/div>\n\n\t\r\n\n\t<div id=\"col-969592011\" class=\"col text-container ilustrative-example-container small-12 large-12\"  >\n\t\t\t\t<div class=\"col-inner\"  >\n\t\t\t\n\t\t\t\r\n\r\n<div class=\"legal-text-title\">Attention, emprunter de l\u2019argent co\u00fbte aussi de l\u2019argent.<\/div>\r\n<div class=\"legal-text-content mt-half\">\r\n<p class=\"balloon-financing\">Exemple illustratif \u2013 Cr\u00e9dit ballon : Pr\u00eat \u00e0 temp\u00e9rament avec derni\u00e8re mensualit\u00e9 major\u00e9e. Montant du cr\u00e9dit : \u20ac\u00a0<span id=\"balloon-loan-amount\">35.002,79<\/span>. Acompte (facultatif) : \u20ac\u00a00. Prix comptant: \u20ac\u00a0<span id=\"balloon-price\">35.002,79<\/span>. TAEG (Taux Annuel Effectif Global) de <span id=\"balloon-jkp\">5,99<\/span> %, taux d\u00e9biteur annuel fixe : <span id=\"balloon-interest-rate\">5,99<\/span> %. Dur\u00e9e du cr\u00e9dit : <span id=\"balloon-number-of-months\">60<\/span> mois. Remboursable en <span id=\"balloon-lower-rate-number-of-months\">59<\/span> mensualit\u00e9s de \u20ac\u00a0<span id=\"balloon-rate-per-month\">522,81<\/span>. Derni\u00e8re mensualit\u00e9 major\u00e9e : \u20ac\u00a0<span id=\"balloon-residual-value\">11.023,64<\/span>. Montant total d\u00fb : \u20ac\u00a0<span id=\"balloon-total-financing-cost\">41.869,16<\/span>.<\/p>\r\n<p class=\"classic-financing\">Exemple illustratif \u2013 Cr\u00e9dit classique : Pr\u00eat \u00e0 temp\u00e9rament. Montant du cr\u00e9dit : \u20ac\u00a0<span id=\"classic-loan-amount\">35.002,79<\/span>. Acompte (facultatif) : \u20ac\u00a00. Prix comptant : \u20ac\u00a0<span id=\"classic-price\">35.002,79<\/span>. TAEG (Taux Annuel Effectif Global) de <span id=\"classic-jkp\">5,99<\/span> %, taux d\u00e9biteur annuel fixe: <span id=\"classic-interest-rate\">5,99<\/span> %. Dur\u00e9e de <span id=\"classic-number-of-months\">60<\/span> mois. Remboursable en 60 mensualit\u00e9s de \u20ac\u00a0<span id=\"classic-rate-per-month\">673,96<\/span>. Montant total d\u00fb : \u20ac\u00a0<span id=\"classic-total-financing-cost\">40.437,85<\/span>.<\/p>\r\n<\/div>\r\n\r\n\r\n\t\t<\/div>\n\t\t\t\t\t<\/div>\n\n\t\r\n\n\t<div id=\"col-1779934795\" class=\"col buttons-container small-12 large-12\"  >\n\t\t\t\t<div class=\"col-inner\"  >\n\t\t\t\n\t\t\t\r\n\r\n<a class=\"button success lowercase hideLegalText\"  >\n\t\t<span>Fermer<\/span>\n\t<\/a>\n\r\n\r\n<a href=\"\/fr\/blog\/choisir-la-meilleure-couleur-des-voiture-pour-votre-style\/\" class=\"button white lowercase more-info hidden\"  >\n\t\t<span>Plus d\u2019infos<\/span>\n\t<\/a>\n\r\n\r\n\r\n\t\t<\/div>\n\t\t\t\t\t<\/div>\n\n\t\r\n\r\n<\/div>\n\n\n","protected":false},"excerpt":{"rendered":"<p>D\u00e9couvrez des conseils pratiques pour optimiser l&rsquo;autonomie et les performances de votre voiture \u00e9lectrique cet hiver. Lisez l&rsquo;article pour en savoir plus !<\/p>\n","protected":false},"author":28,"featured_media":12186,"comment_status":"closed","ping_status":"open","sticky":false,"template":"","format":"standard","meta":{"footnotes":""},"categories":[74,76],"tags":[125,130,129,126],"class_list":["post-12184","post","type-post","status-publish","format-standard","has-post-thumbnail","hentry","category-conduite-electrique","category-mis-en-avant","tag-doccasion","tag-elektrische-wagen-fr","tag-tweedehands-fr","tag-voiture-electrique"],"yoast_head":"<!-- This site is optimized with the Yoast SEO Premium plugin v24.0 (Yoast SEO v24.0) - https:\/\/yoast.com\/wordpress\/plugins\/seo\/ -->\n<title>Optimiser votre voiture \u00e9lectrique en hiver : conseils pratiques<\/title>\n<meta name=\"description\" content=\"D\u00e9couvrez des conseils pratiques pour optimiser l&#039;autonomie et les performances de votre voiture \u00e9lectrique cet hiver. Lisez l&#039;article !\" \/>\n<meta name=\"robots\" content=\"index, follow, max-snippet:-1, max-image-preview:large, max-video-preview:-1\" \/>\n<link rel=\"canonical\" href=\"https:\/\/carselect.touring.be\/fr\/blog\/voiture-electrique-en-hiver-conseils-pour-optimiser-autonomie-et-confort\/\" \/>\n<meta property=\"og:locale\" content=\"fr_FR\" \/>\n<meta property=\"og:type\" content=\"article\" \/>\n<meta property=\"og:title\" content=\"Voiture \u00e9lectrique en hiver : conseils pour optimiser autonomie et confort\" \/>\n<meta property=\"og:description\" content=\"D\u00e9couvrez des conseils pratiques pour optimiser l&#039;autonomie et les performances de votre voiture \u00e9lectrique cet hiver. Lisez l&#039;article !\" \/>\n<meta property=\"og:url\" content=\"https:\/\/carselect.touring.be\/fr\/blog\/voiture-electrique-en-hiver-conseils-pour-optimiser-autonomie-et-confort\/\" \/>\n<meta property=\"og:site_name\" content=\"Touring Dealer\" \/>\n<meta property=\"article:published_time\" content=\"2025-01-05T16:27:14+00:00\" \/>\n<meta property=\"article:modified_time\" content=\"2025-07-10T07:03:23+00:00\" \/>\n<meta property=\"og:image\" content=\"https:\/\/carselect.touring.be\/wp-content\/uploads\/2024\/12\/header-elekrische-wagen-winter-1-1.jpg\" \/>\n\t<meta property=\"og:image:width\" content=\"1000\" \/>\n\t<meta property=\"og:image:height\" content=\"667\" \/>\n\t<meta property=\"og:image:type\" content=\"image\/jpeg\" \/>\n<meta name=\"author\" content=\"Storme Wouter\" \/>\n<meta name=\"twitter:card\" content=\"summary_large_image\" \/>\n<meta name=\"twitter:label1\" content=\"\u00c9crit par\" \/>\n\t<meta name=\"twitter:data1\" content=\"Storme Wouter\" \/>\n\t<meta name=\"twitter:label2\" content=\"Dur\u00e9e de lecture est.\" \/>\n\t<meta name=\"twitter:data2\" content=\"6 minutes\" \/>\n<script type=\"application\/ld+json\" class=\"yoast-schema-graph\">{\"@context\":\"https:\/\/schema.org\",\"@graph\":[{\"@type\":\"Article\",\"@id\":\"https:\/\/carselect.touring.be\/fr\/blog\/voiture-electrique-en-hiver-conseils-pour-optimiser-autonomie-et-confort\/#article\",\"isPartOf\":{\"@id\":\"https:\/\/carselect.touring.be\/fr\/blog\/voiture-electrique-en-hiver-conseils-pour-optimiser-autonomie-et-confort\/\"},\"author\":{\"name\":\"Storme Wouter\",\"@id\":\"https:\/\/carselect.touring.be\/fr\/#\/schema\/person\/ac266868402e795f000a152b0f4fd4d8\"},\"headline\":\"Voiture \u00e9lectrique en hiver : conseils pour optimiser autonomie et confort\",\"datePublished\":\"2025-01-05T16:27:14+00:00\",\"dateModified\":\"2025-07-10T07:03:23+00:00\",\"mainEntityOfPage\":{\"@id\":\"https:\/\/carselect.touring.be\/fr\/blog\/voiture-electrique-en-hiver-conseils-pour-optimiser-autonomie-et-confort\/\"},\"wordCount\":1568,\"publisher\":{\"@id\":\"https:\/\/carselect.touring.be\/fr\/#organization\"},\"image\":{\"@id\":\"https:\/\/carselect.touring.be\/fr\/blog\/voiture-electrique-en-hiver-conseils-pour-optimiser-autonomie-et-confort\/#primaryimage\"},\"thumbnailUrl\":\"\/wp-content\/uploads\/2024\/12\/header-elekrische-wagen-winter-1-1.jpg\",\"keywords\":[\"d'occasion\",\"elektrische wagen\",\"tweedehands\",\"voiture \u00e9lectrique\"],\"articleSection\":[\"Conduite \u00e9lectrique\",\"Mis en avant\"],\"inLanguage\":\"fr-BE\"},{\"@type\":\"WebPage\",\"@id\":\"https:\/\/carselect.touring.be\/fr\/blog\/voiture-electrique-en-hiver-conseils-pour-optimiser-autonomie-et-confort\/\",\"url\":\"https:\/\/carselect.touring.be\/fr\/blog\/voiture-electrique-en-hiver-conseils-pour-optimiser-autonomie-et-confort\/\",\"name\":\"Optimiser votre voiture \u00e9lectrique en hiver : conseils pratiques\",\"isPartOf\":{\"@id\":\"https:\/\/carselect.touring.be\/fr\/#website\"},\"primaryImageOfPage\":{\"@id\":\"https:\/\/carselect.touring.be\/fr\/blog\/voiture-electrique-en-hiver-conseils-pour-optimiser-autonomie-et-confort\/#primaryimage\"},\"image\":{\"@id\":\"https:\/\/carselect.touring.be\/fr\/blog\/voiture-electrique-en-hiver-conseils-pour-optimiser-autonomie-et-confort\/#primaryimage\"},\"thumbnailUrl\":\"\/wp-content\/uploads\/2024\/12\/header-elekrische-wagen-winter-1-1.jpg\",\"datePublished\":\"2025-01-05T16:27:14+00:00\",\"dateModified\":\"2025-07-10T07:03:23+00:00\",\"description\":\"D\u00e9couvrez des conseils pratiques pour optimiser l'autonomie et les performances de votre voiture \u00e9lectrique cet hiver. Lisez l'article !\",\"breadcrumb\":{\"@id\":\"https:\/\/carselect.touring.be\/fr\/blog\/voiture-electrique-en-hiver-conseils-pour-optimiser-autonomie-et-confort\/#breadcrumb\"},\"inLanguage\":\"fr-BE\",\"potentialAction\":[{\"@type\":\"ReadAction\",\"target\":[\"https:\/\/carselect.touring.be\/fr\/blog\/voiture-electrique-en-hiver-conseils-pour-optimiser-autonomie-et-confort\/\"]}]},{\"@type\":\"ImageObject\",\"inLanguage\":\"fr-BE\",\"@id\":\"https:\/\/carselect.touring.be\/fr\/blog\/voiture-electrique-en-hiver-conseils-pour-optimiser-autonomie-et-confort\/#primaryimage\",\"url\":\"\/wp-content\/uploads\/2024\/12\/header-elekrische-wagen-winter-1-1.jpg\",\"contentUrl\":\"\/wp-content\/uploads\/2024\/12\/header-elekrische-wagen-winter-1-1.jpg\",\"width\":1000,\"height\":667,\"caption\":\"voiture \u00e9lectrique en hiver\u200b\"},{\"@type\":\"BreadcrumbList\",\"@id\":\"https:\/\/carselect.touring.be\/fr\/blog\/voiture-electrique-en-hiver-conseils-pour-optimiser-autonomie-et-confort\/#breadcrumb\",\"itemListElement\":[{\"@type\":\"ListItem\",\"position\":1,\"name\":\"Home\",\"item\":\"https:\/\/carselect.touring.be\/fr\/\"},{\"@type\":\"ListItem\",\"position\":2,\"name\":\"Voiture \u00e9lectrique en hiver : conseils pour optimiser autonomie et confort\"}]},{\"@type\":\"WebSite\",\"@id\":\"https:\/\/carselect.touring.be\/fr\/#website\",\"url\":\"https:\/\/carselect.touring.be\/fr\/\",\"name\":\"Touring CarSelect\",\"description\":\"\",\"publisher\":{\"@id\":\"https:\/\/carselect.touring.be\/fr\/#organization\"},\"potentialAction\":[{\"@type\":\"SearchAction\",\"target\":{\"@type\":\"EntryPoint\",\"urlTemplate\":\"https:\/\/carselect.touring.be\/fr\/?s={search_term_string}\"},\"query-input\":{\"@type\":\"PropertyValueSpecification\",\"valueRequired\":true,\"valueName\":\"search_term_string\"}}],\"inLanguage\":\"fr-BE\"},{\"@type\":\"Organization\",\"@id\":\"https:\/\/carselect.touring.be\/fr\/#organization\",\"name\":\"Touring CarSelect\",\"url\":\"https:\/\/carselect.touring.be\/fr\/\",\"logo\":{\"@type\":\"ImageObject\",\"inLanguage\":\"fr-BE\",\"@id\":\"https:\/\/carselect.touring.be\/fr\/#\/schema\/logo\/image\/\",\"url\":\"\/wp-content\/uploads\/2024\/04\/Touring-Car-Select-Logo.png\",\"contentUrl\":\"\/wp-content\/uploads\/2024\/04\/Touring-Car-Select-Logo.png\",\"width\":154,\"height\":53,\"caption\":\"Touring CarSelect\"},\"image\":{\"@id\":\"https:\/\/carselect.touring.be\/fr\/#\/schema\/logo\/image\/\"}},{\"@type\":\"Person\",\"@id\":\"https:\/\/carselect.touring.be\/fr\/#\/schema\/person\/ac266868402e795f000a152b0f4fd4d8\",\"name\":\"Storme Wouter\",\"image\":{\"@type\":\"ImageObject\",\"inLanguage\":\"fr-BE\",\"@id\":\"https:\/\/carselect.touring.be\/fr\/#\/schema\/person\/image\/\",\"url\":\"https:\/\/secure.gravatar.com\/avatar\/84473de8cbf4200af853908f03b9ea9e?s=96&d=mm&r=g\",\"contentUrl\":\"https:\/\/secure.gravatar.com\/avatar\/84473de8cbf4200af853908f03b9ea9e?s=96&d=mm&r=g\",\"caption\":\"Storme Wouter\"},\"url\":\"https:\/\/carselect.touring.be\/fr\/blog\/author\/storme-wouter\/\"}]}<\/script>\n<!-- \/ Yoast SEO Premium plugin. -->","yoast_head_json":{"title":"Optimiser votre voiture \u00e9lectrique en hiver : conseils pratiques","description":"D\u00e9couvrez des conseils pratiques pour optimiser l'autonomie et les performances de votre voiture \u00e9lectrique cet hiver. Lisez l'article !","robots":{"index":"index","follow":"follow","max-snippet":"max-snippet:-1","max-image-preview":"max-image-preview:large","max-video-preview":"max-video-preview:-1"},"canonical":"https:\/\/carselect.touring.be\/fr\/blog\/voiture-electrique-en-hiver-conseils-pour-optimiser-autonomie-et-confort\/","og_locale":"fr_FR","og_type":"article","og_title":"Voiture \u00e9lectrique en hiver : conseils pour optimiser autonomie et confort","og_description":"D\u00e9couvrez des conseils pratiques pour optimiser l'autonomie et les performances de votre voiture \u00e9lectrique cet hiver. Lisez l'article !","og_url":"https:\/\/carselect.touring.be\/fr\/blog\/voiture-electrique-en-hiver-conseils-pour-optimiser-autonomie-et-confort\/","og_site_name":"Touring Dealer","article_published_time":"2025-01-05T16:27:14+00:00","article_modified_time":"2025-07-10T07:03:23+00:00","og_image":[{"width":1000,"height":667,"url":"https:\/\/carselect.touring.be\/wp-content\/uploads\/2024\/12\/header-elekrische-wagen-winter-1-1.jpg","type":"image\/jpeg"}],"author":"Storme Wouter","twitter_card":"summary_large_image","twitter_misc":{"\u00c9crit par":"Storme Wouter","Dur\u00e9e de lecture est.":"6 minutes"},"schema":{"@context":"https:\/\/schema.org","@graph":[{"@type":"Article","@id":"https:\/\/carselect.touring.be\/fr\/blog\/voiture-electrique-en-hiver-conseils-pour-optimiser-autonomie-et-confort\/#article","isPartOf":{"@id":"https:\/\/carselect.touring.be\/fr\/blog\/voiture-electrique-en-hiver-conseils-pour-optimiser-autonomie-et-confort\/"},"author":{"name":"Storme Wouter","@id":"https:\/\/carselect.touring.be\/fr\/#\/schema\/person\/ac266868402e795f000a152b0f4fd4d8"},"headline":"Voiture \u00e9lectrique en hiver : conseils pour optimiser autonomie et confort","datePublished":"2025-01-05T16:27:14+00:00","dateModified":"2025-07-10T07:03:23+00:00","mainEntityOfPage":{"@id":"https:\/\/carselect.touring.be\/fr\/blog\/voiture-electrique-en-hiver-conseils-pour-optimiser-autonomie-et-confort\/"},"wordCount":1568,"publisher":{"@id":"https:\/\/carselect.touring.be\/fr\/#organization"},"image":{"@id":"https:\/\/carselect.touring.be\/fr\/blog\/voiture-electrique-en-hiver-conseils-pour-optimiser-autonomie-et-confort\/#primaryimage"},"thumbnailUrl":"\/wp-content\/uploads\/2024\/12\/header-elekrische-wagen-winter-1-1.jpg","keywords":["d'occasion","elektrische wagen","tweedehands","voiture \u00e9lectrique"],"articleSection":["Conduite \u00e9lectrique","Mis en avant"],"inLanguage":"fr-BE"},{"@type":"WebPage","@id":"https:\/\/carselect.touring.be\/fr\/blog\/voiture-electrique-en-hiver-conseils-pour-optimiser-autonomie-et-confort\/","url":"https:\/\/carselect.touring.be\/fr\/blog\/voiture-electrique-en-hiver-conseils-pour-optimiser-autonomie-et-confort\/","name":"Optimiser votre voiture \u00e9lectrique en hiver : conseils pratiques","isPartOf":{"@id":"https:\/\/carselect.touring.be\/fr\/#website"},"primaryImageOfPage":{"@id":"https:\/\/carselect.touring.be\/fr\/blog\/voiture-electrique-en-hiver-conseils-pour-optimiser-autonomie-et-confort\/#primaryimage"},"image":{"@id":"https:\/\/carselect.touring.be\/fr\/blog\/voiture-electrique-en-hiver-conseils-pour-optimiser-autonomie-et-confort\/#primaryimage"},"thumbnailUrl":"\/wp-content\/uploads\/2024\/12\/header-elekrische-wagen-winter-1-1.jpg","datePublished":"2025-01-05T16:27:14+00:00","dateModified":"2025-07-10T07:03:23+00:00","description":"D\u00e9couvrez des conseils pratiques pour optimiser l'autonomie et les performances de votre voiture \u00e9lectrique cet hiver. Lisez l'article !","breadcrumb":{"@id":"https:\/\/carselect.touring.be\/fr\/blog\/voiture-electrique-en-hiver-conseils-pour-optimiser-autonomie-et-confort\/#breadcrumb"},"inLanguage":"fr-BE","potentialAction":[{"@type":"ReadAction","target":["https:\/\/carselect.touring.be\/fr\/blog\/voiture-electrique-en-hiver-conseils-pour-optimiser-autonomie-et-confort\/"]}]},{"@type":"ImageObject","inLanguage":"fr-BE","@id":"https:\/\/carselect.touring.be\/fr\/blog\/voiture-electrique-en-hiver-conseils-pour-optimiser-autonomie-et-confort\/#primaryimage","url":"\/wp-content\/uploads\/2024\/12\/header-elekrische-wagen-winter-1-1.jpg","contentUrl":"\/wp-content\/uploads\/2024\/12\/header-elekrische-wagen-winter-1-1.jpg","width":1000,"height":667,"caption":"voiture \u00e9lectrique en hiver\u200b"},{"@type":"BreadcrumbList","@id":"https:\/\/carselect.touring.be\/fr\/blog\/voiture-electrique-en-hiver-conseils-pour-optimiser-autonomie-et-confort\/#breadcrumb","itemListElement":[{"@type":"ListItem","position":1,"name":"Home","item":"https:\/\/carselect.touring.be\/fr\/"},{"@type":"ListItem","position":2,"name":"Voiture \u00e9lectrique en hiver : conseils pour optimiser autonomie et confort"}]},{"@type":"WebSite","@id":"https:\/\/carselect.touring.be\/fr\/#website","url":"https:\/\/carselect.touring.be\/fr\/","name":"Touring CarSelect","description":"","publisher":{"@id":"https:\/\/carselect.touring.be\/fr\/#organization"},"potentialAction":[{"@type":"SearchAction","target":{"@type":"EntryPoint","urlTemplate":"https:\/\/carselect.touring.be\/fr\/?s={search_term_string}"},"query-input":{"@type":"PropertyValueSpecification","valueRequired":true,"valueName":"search_term_string"}}],"inLanguage":"fr-BE"},{"@type":"Organization","@id":"https:\/\/carselect.touring.be\/fr\/#organization","name":"Touring CarSelect","url":"https:\/\/carselect.touring.be\/fr\/","logo":{"@type":"ImageObject","inLanguage":"fr-BE","@id":"https:\/\/carselect.touring.be\/fr\/#\/schema\/logo\/image\/","url":"\/wp-content\/uploads\/2024\/04\/Touring-Car-Select-Logo.png","contentUrl":"\/wp-content\/uploads\/2024\/04\/Touring-Car-Select-Logo.png","width":154,"height":53,"caption":"Touring CarSelect"},"image":{"@id":"https:\/\/carselect.touring.be\/fr\/#\/schema\/logo\/image\/"}},{"@type":"Person","@id":"https:\/\/carselect.touring.be\/fr\/#\/schema\/person\/ac266868402e795f000a152b0f4fd4d8","name":"Storme Wouter","image":{"@type":"ImageObject","inLanguage":"fr-BE","@id":"https:\/\/carselect.touring.be\/fr\/#\/schema\/person\/image\/","url":"https:\/\/secure.gravatar.com\/avatar\/84473de8cbf4200af853908f03b9ea9e?s=96&d=mm&r=g","contentUrl":"https:\/\/secure.gravatar.com\/avatar\/84473de8cbf4200af853908f03b9ea9e?s=96&d=mm&r=g","caption":"Storme Wouter"},"url":"https:\/\/carselect.touring.be\/fr\/blog\/author\/storme-wouter\/"}]}},"_links":{"self":[{"href":"https:\/\/carselect.touring.be\/fr\/wp-json\/wp\/v2\/posts\/12184","targetHints":{"allow":["GET"]}}],"collection":[{"href":"https:\/\/carselect.touring.be\/fr\/wp-json\/wp\/v2\/posts"}],"about":[{"href":"https:\/\/carselect.touring.be\/fr\/wp-json\/wp\/v2\/types\/post"}],"author":[{"embeddable":true,"href":"https:\/\/carselect.touring.be\/fr\/wp-json\/wp\/v2\/users\/28"}],"replies":[{"embeddable":true,"href":"https:\/\/carselect.touring.be\/fr\/wp-json\/wp\/v2\/comments?post=12184"}],"version-history":[{"count":6,"href":"https:\/\/carselect.touring.be\/fr\/wp-json\/wp\/v2\/posts\/12184\/revisions"}],"predecessor-version":[{"id":14019,"href":"https:\/\/carselect.touring.be\/fr\/wp-json\/wp\/v2\/posts\/12184\/revisions\/14019"}],"wp:featuredmedia":[{"embeddable":true,"href":"https:\/\/carselect.touring.be\/fr\/wp-json\/wp\/v2\/media\/12186"}],"wp:attachment":[{"href":"https:\/\/carselect.touring.be\/fr\/wp-json\/wp\/v2\/media?parent=12184"}],"wp:term":[{"taxonomy":"category","embeddable":true,"href":"https:\/\/carselect.touring.be\/fr\/wp-json\/wp\/v2\/categories?post=12184"},{"taxonomy":"post_tag","embeddable":true,"href":"https:\/\/carselect.touring.be\/fr\/wp-json\/wp\/v2\/tags?post=12184"}],"curies":[{"name":"wp","href":"https:\/\/api.w.org\/{rel}","templated":true}]}}