{"id":11653,"date":"2024-11-15T15:51:04","date_gmt":"2024-11-15T14:51:04","guid":{"rendered":"https:\/\/wp-bnp.azurewebsites.net\/2024\/11\/15\/les-voitures-electriques-les-plus-vendues-combien-en-circulent-en-belgique\/"},"modified":"2025-07-02T10:37:36","modified_gmt":"2025-07-02T08:37:36","slug":"les-voitures-electriques-les-plus-vendues","status":"publish","type":"post","link":"https:\/\/carselect.touring.be\/fr\/blog\/les-voitures-electriques-les-plus-vendues\/","title":{"rendered":"Les voitures \u00e9lectriques les plus vendues en Belgique"},"content":{"rendered":"\n\n\n<style>\n.banner-carousel div[class$=\"-banner\"] {\n  display: none;\n}\n\n.banner-carousel div[class$=\"-banner\"]:first-child,\n.banner-carousel.flickity-enabled div[class$=\"-banner\"] {\n  display: inline-flex;\n} \n\n  .roadside-margin-top {\n    margin-top: 0px;\n  }\n\n  .roadside-margin-top-stock {\n    margin-top: 24px;\n  }\n\n  .roadside-assistance-banner {\n    background-color: #E4EDF4;\n    color: var(--primary-color);\n    text-align: center;\n    height: 56px;\n    font-weight: bold;\n    position: static;\n    box-shadow: rgba(0, 0, 0, 0.15) 1px 1px 10px;\n  }\n\n  .roadside-assistance-banner img {\n    height: 30px;\n  }\n\n  .roadside-assistance-banner .full-banner-button {\n    color: var(--primary-color);\n    cursor: pointer;\n    display: inline-flex;\n    align-items: center;\n    justify-content: center;\n    height: 56px;\n  }\n\n.banner-carousel-container .quality-check-banner, \n.banner-carousel-container  .roadside-banner, \n.banner-carousel-container .stock-banner {\n    color: var(--primary-color);\n    display: inline-flex;\n    align-items: center;\n    justify-content: center;\n    height: 56px;\n  }\n\n  .roadside-assistance-banner.mobile-only .banner-text {\n    padding-right: 8px;\n    padding-left: 8px;\n    margin: 0px;\n  }\n\n  .roadside-assistance-banner .banner-text {\n    font-weight: bold;\n    margin-right: 24px;\n    margin-left: 8px;\n    font-size: 18px;\n  }\n\n  .roadside-assistance-banner.desktop-only {\n    height: 56px;\n    line-height: 56px;\n    width: 100%;\n  }\n  \n  .more-info-button {\n    color: white;\n    background-color: var(--primary-color);\n    padding: 6px 10px;\n    cursor: pointer;\n    border-radius: 5px;\n  }\n\n  .more-info-button:hover, .blog-single a:focus {\n    color: white!important;\n  }\n\n  .roadside-assistance-popup .roadside-assistance-title {\n    text-align: center;\n    margin-bottom: 8px; line-height: 15px;\n  }\n\n .roadside-assistance-popup .roadside-assistance-list {\n    display: flex;\n    flex-direction: column;\n    font-size: 16px;\n  }\n\n .roadside-assistance-popup .roadside-assistance-item {\n    display: flex;\n    align-items: baseline;\n    position: relative;\n    margin-bottom: 10px;\n  }\n\n .roadside-assistance-popup .roadside-assistance-circle {\n    width: 20px;\n    min-width: 20px;\n    height: 20px;\n    border-radius: 50%;\n    background-color: var(--primary-color);\n    display: flex;\n    justify-content: center;\n    align-items: center;\n    font-weight: bold;\n    position: relative;\n    color: white;\n  }\n\n .roadside-assistance-popup .roadside-assistance-text {\n    margin-left: 8px;\n    color: var(--primary-color);\n    line-height: 16px;\n  }\n\n .roadside-assistance-popup .roadside-assistance-item:not(:last-child)::before {\n    content: \"\";\n    position: absolute;\n    width: 1px;\n    height: 28px;\n    background-color: var(--primary-color);\n    left: 10px;\n    top: 20px;\n  }\n\n .roadside-assistance-popup .roadside-assistance-item:nth-child(3)::after {\n    content: \"\";\n    position: absolute;\n    left: 7px;\n    top: 40px;\n    border: solid var(--primary-color);\n    border-width: 0 1px 1px 0;\n    padding: 3px;\n    transform: rotate(45deg);\n    -webkit-transform: rotate(45deg);\n  }\n\n  .roadside-assistance-popup .roadside-assistance-item:last-child {\n    padding-top: 20px;\n  }\n\n  .roadside-assistance-popup .roadside-assistance-item:last-child .roadside-assistance-circle {\n    padding-top: 1px;\n    background-color: #08ccb4;\n    color: white;\n  }\n\n  .roadside-assistance-popup .roadside-assistance-sublist {\n    color:var(--primary-color);\n    font-size: 16px;\n    padding-left: 28px;\n  }\n\n  .roadside-assistance-popup .roadside-assistance-sublist .checkmark {\n    color: var(--primary-color);\n  }\n\n  .roadside-assistance-popup.lightbox-content {\n    background-color: unset;\n    box-shadow: unset;\n  }\n\n  .roadside-assistance-popup .dialog-container > .col-inner {\n    box-shadow: 3px 3px 20px 0 rgba(0, 0, 0, .15);\n  }\n\n  @media only screen and (max-width: 800px) {\n    .roadside-assistance-banner {\n      z-index: 1000;\n    }\n\n    .roadside-assistance-banner.mobile-only {\n      display: block !important;\n    }\n\n    .roadside-assistance-banner.desktop-only {\n      display: none;\n    }\n  }\n\n  @media only screen and (min-width: 801px) {\n    .roadside-assistance-banner {\n      z-index: 8;\n    }\n\n    .roadside-assistance-banner.mobile-only {\n      display: none;\n    }\n\n    .roadside-assistance-banner.desktop-only {\n      display: block;\n    }\n  }\n\n  @media only screen and (max-width: 548px) {\n    #stock-general .stock-general__header-order--3 {\n      margin-top: 12px;\n    }\n  }\n  .roadside-assistance-popup .service-link.button.close {\n    font-size: 16px;\n    margin-left: 8px;\n  }\n\n  .roadside-assistance-popup .car-item-detail {\n    align-items: center;\n  }\n\n  .article-text, .default-text  {\n    display: none;\n  }\n\n  @media only screen and (max-width: 500px) {\n    .roadside-assistance-banner.mobile-only .banner-text {\n      font-size: 14px;\n      line-height: 16px;\n    }\n  }\n\n  @media only screen and (max-width: 405px) {\n    .roadside-assistance-banner.mobile-only .article-text {\n      width: 75%;\n    }\n  }\n\n  .roadside-assistance-banner.mobile-only img {\n    margin-left: 8px;\n  }\n\n  article .roadside-assistance-banner {\n    width: 100vw !important;\n    margin-left: calc(50% - 50vw);\n  }\n<\/style>\n\n\n\n<div class=\"roadside-assistance-banner desktop-only banner-carousel-container\"> \n  <div class=\"banner-carousel\">\n    <div class=\"quality-check-banner\">\n<svg width=\"24\" height=\"24\" viewBox=\"0 0 24 24\" fill=\"none\" xmlns=\"http:\/\/www.w3.org\/2000\/svg\">\n<path d=\"M4 12.5L9.5 17L19 7\" stroke=\"#00418c\" stroke-width=\"2.5\" stroke-linecap=\"round\" stroke-linejoin=\"round\"\/>\n<\/svg>\n      <span class=\"banner-text\">\nContr\u00f4les de qualit\u00e9 par Touring\n      <\/span>\n    <\/div>\n    <div class=\"roadside-banner\">\n<svg width=\"24\" height=\"24\" viewBox=\"0 0 24 24\" fill=\"none\" xmlns=\"http:\/\/www.w3.org\/2000\/svg\">\n<path d=\"M4 12.5L9.5 17L19 7\" stroke=\"#00418c\" stroke-width=\"2.5\" stroke-linecap=\"round\" stroke-linejoin=\"round\"\/>\n<\/svg>\n      <span class=\"banner-text default-text\">\n12 mois de d\u00e9pannage offerts\n      <\/span>\n      <span class=\"banner-text article-text\">\nD\u00e9couvrez notre large stock de voitures d\u2019occasion fiables\n      <\/span>\n    <\/div>\n    <div class=\"stock-banner\">\n<svg width=\"24\" height=\"24\" viewBox=\"0 0 24 24\" fill=\"none\" xmlns=\"http:\/\/www.w3.org\/2000\/svg\">\n<path d=\"M4 12.5L9.5 17L19 7\" stroke=\"#00418c\" stroke-width=\"2.5\" stroke-linecap=\"round\" stroke-linejoin=\"round\"\/>\n<\/svg>\n      <span class=\"banner-text\">\n<span class=\"stock-count\">0<\/span> voitures disponibles\n      <\/span>\n    <\/div>\n  <\/div>\n<\/div>\n\n\n\n<div class=\"roadside-assistance-banner mobile-only banner-carousel-container\"> \n  <div class=\"banner-carousel\">\n    <div class=\"quality-check-banner\">\n<svg width=\"24\" height=\"24\" viewBox=\"0 0 24 24\" fill=\"none\" xmlns=\"http:\/\/www.w3.org\/2000\/svg\">\n<path d=\"M4 12.5L9.5 17L19 7\" stroke=\"#00418c\" stroke-width=\"2.5\" stroke-linecap=\"round\" stroke-linejoin=\"round\"\/>\n<\/svg>\n      <span class=\"banner-text\">\nContr\u00f4les de qualit\u00e9 par Touring\n      <\/span>\n    <\/div>\n    <div class=\"roadside-banner\">\n<svg width=\"24\" height=\"24\" viewBox=\"0 0 24 24\" fill=\"none\" xmlns=\"http:\/\/www.w3.org\/2000\/svg\">\n<path d=\"M4 12.5L9.5 17L19 7\" stroke=\"#00418c\" stroke-width=\"2.5\" stroke-linecap=\"round\" stroke-linejoin=\"round\"\/>\n<\/svg>\n        <span class=\"banner-text default-text\">\n12 mois de d\u00e9pannage offerts\n        <\/span>\n        <span class=\"banner-text article-text\">\nD\u00e9couvrez notre large stock de voitures d\u2019occasion fiables\n        <\/span>\n    <\/div>\n    <div class=\"stock-banner\">\n<svg width=\"24\" height=\"24\" viewBox=\"0 0 24 24\" fill=\"none\" xmlns=\"http:\/\/www.w3.org\/2000\/svg\">\n<path d=\"M4 12.5L9.5 17L19 7\" stroke=\"#00418c\" stroke-width=\"2.5\" stroke-linecap=\"round\" stroke-linejoin=\"round\"\/>\n<\/svg>\n      <span class=\"banner-text\">\n<span class=\"stock-count\">0<\/span> voitures disponibles\n      <\/span>\n    <\/div>\n  <\/div>\n<\/div>\n\n<div class=\"row align-center roadside-assistance-popup lightbox-by-id lightbox-content lightbox-white mfp-hide\"  id=\"row-915836675\">\n\n\n\t<div id=\"col-1407834213\" class=\"col dialog-container medium-6 small-12 large-6\"  >\n\t\t\t\t<div class=\"col-inner\" style=\"background-color:rgb(255, 255, 255);\" >\n\t\t\t\n\t\t\t\n\n\t<div class=\"img has-hover x md-x lg-x y md-y lg-y\" id=\"image_805927121\">\n\t\t\t\t\t\t\t\t<div class=\"img-inner dark\" >\n\t\t\t<img loading=\"lazy\" decoding=\"async\" width=\"1020\" height=\"680\" src=\"\/wp-content\/uploads\/2025\/04\/Touring_221026_3058_NL-1-1024x683.webp\" class=\"attachment-large size-large\" alt=\"Roadside Assistance Banner NL\" srcset=\"\/wp-content\/uploads\/2025\/04\/Touring_221026_3058_NL-1-1024x683.webp 1024w, \/wp-content\/uploads\/2025\/04\/Touring_221026_3058_NL-1-300x200.webp 300w, \/wp-content\/uploads\/2025\/04\/Touring_221026_3058_NL-1-768x512.webp 768w, \/wp-content\/uploads\/2025\/04\/Touring_221026_3058_NL-1-1536x1024.webp 1536w, \/wp-content\/uploads\/2025\/04\/Touring_221026_3058_NL-1-2048x1365.webp 2048w\" sizes=\"auto, (max-width: 1020px) 100vw, 1020px\" \/>\t\t\t\t\t\t\n\t\t\t\t\t<\/div>\n\t\t\t\t\t\t\t\t\n<style>\n#image_805927121 {\n  width: 100%;\n}\n<\/style>\n\t<\/div>\n\t\n\n<div class=\"row\"  id=\"row-310010496\">\n\n\n\t<div id=\"col-1608513703\" class=\"col small-12 large-12\"  >\n\t\t\t\t<div class=\"col-inner\"  >\n\t\t\t\n\t\t\t\n\n\n\n<p data-text-color=\"primary\" class=\"roadside-assistance-title\">\n  <strong>12 mois d\u2019assistance d\u00e9pannage offerts sur tous les v\u00e9hicules<\/strong>\n<\/p>\n<div class=\"roadside-assistance-list\">\n  <div class=\"roadside-assistance-item\">\n      <div class=\"roadside-assistance-circle\">1<\/div>\n      <div class=\"roadside-assistance-text\">Trouvez votre v\u00e9hicule<\/div>\n  <\/div>\n  <div class=\"roadside-assistance-item\">\n      <div class=\"roadside-assistance-circle\">2<\/div>\n      <div class=\"roadside-assistance-text\">Rendez-vous dans votre concession<\/div>\n  <\/div>\n  <div class=\"roadside-assistance-item\">\n      <div class=\"roadside-assistance-circle\">3<\/div>\n      <div class=\"roadside-assistance-text\">Le vendeur active instantan\u00e9ment votre assistance<\/div>\n  <\/div>\n  <div class=\"roadside-assistance-item\">\n      <div class=\"roadside-assistance-circle\">\u2713<\/div>\n      <div class=\"roadside-assistance-text\"><strong>Profitez de votre assistance pendant 12 mois<\/strong><\/div>\n  <\/div>\n<\/div>\n<div class=\"roadside-assistance-sublist\">\n<div>\n<span class=\"checkmark \">\u2713<\/span>\n<span>Dans toute la Belgique<\/span>\n<\/div>\n<div>\n<span class=\"checkmark \">\u2713<\/span>\n<span>V\u00e9hicule de remplacement<\/span>\n<\/div>\n<\/div>\n\n\n\t\t<\/div>\n\t\t\t\t\t<\/div>\n\n\t\n\n\t<div id=\"col-479169793\" class=\"col small-12 large-12\"  >\n\t\t\t\t<div class=\"col-inner\"  >\n\t\t\t\n\t\t\t\n\n\n\n<div class=\"car-item-detail d-flex\"> \n         <a href=\"https:\/\/carselect.touring.be\/fr\/services-solutions\/#roadside-assistance\">\n         <div class=\"more-info-button bold\">\n Plus d\u2019information\n         <\/div>\n           <\/a>\n<button class=\"button success lowercase service-link close\">Fermer<\/button>\n      <\/div>\n\n\n\t\t<\/div>\n\t\t\t\t\t<\/div>\n\n\t\n\n\n<style>\n#row-310010496 > .col > .col-inner {\n  padding: 0px 24px 0px 24px;\n}\n<\/style>\n<\/div>\n\n\t\t<\/div>\n\t\t\t\t\t<\/div>\n\n\t\n\n<\/div>\n\n\n<script>\ndocument.querySelector('.roadside-assistance-popup').setAttribute('id', 'roadside-assistance-popup');\n\ndocument.querySelector('.roadside-assistance-popup .button.close').addEventListener('click', function() {\n$.magnificPopup.close();\n});\n\nif (window.location.pathname.includes(\"blog\")) {\n  const toShow = document.querySelectorAll(\".article-text\");\n  toShow.forEach(el => {\n    el.style.display=\"inline\";\n  });\n} else {\n  const toShow = document.querySelectorAll(\".default-text\");\n  toShow.forEach(el => {\n    el.style.display=\"inline\";\n  });\n}\n<\/script>\n\n\n\n\t<section class=\"section news-details\" id=\"section_518717744\">\n\t\t<div class=\"section-bg fill\" >\n\t\t\t\t\t\t\t\t\t\n\t\t\t\n\n\t\t<\/div>\n\n\t\t\n\n\t\t<div class=\"section-content relative\">\n\t\t\t\n\n<div class=\"row row-large\"  id=\"row-780703835\">\n\n\n\t<div id=\"col-406929041\" class=\"col medium-8 small-12 large-8\"  >\n\t\t\t\t<div class=\"col-inner\"  >\n\t\t\t\n\t\t\t\n\n<div class=\"container section-title-container\" ><h1 class=\"section-title section-title-normal\"><b><\/b><span class=\"section-title-main\" style=\"font-size:123%;\">Les voitures \u00e9lectriques les plus vendues en Belgique<\/span><b><\/b><\/h1><\/div>\n\n\n\t\t<\/div>\n\t\t\t\t\n<style>\n#col-406929041 > .col-inner {\n  padding: 0px 0px 0px 0px;\n  margin: 0px 0px 0px 0px;\n}\n<\/style>\n\t<\/div>\n\n\t\n\n\t<div id=\"col-331543459\" class=\"col small-12 large-12\"  >\n\t\t\t\t<div class=\"col-inner\"  >\n\t\t\t\n\t\t\t\n\n\t<div class=\"img has-hover x md-x lg-x y md-y lg-y\" id=\"image_1241536505\">\n\t\t\t\t\t\t\t\t<div class=\"img-inner dark\" >\n\t\t\t<img loading=\"lazy\" decoding=\"async\" width=\"1000\" height=\"666\" src=\"\/wp-content\/uploads\/2024\/11\/header-2.webp\" class=\"attachment-large size-large\" alt=\"\" srcset=\"\/wp-content\/uploads\/2024\/11\/header-2.webp 1000w, \/wp-content\/uploads\/2024\/11\/header-2-300x200.webp 300w, \/wp-content\/uploads\/2024\/11\/header-2-768x511.webp 768w\" sizes=\"auto, (max-width: 1000px) 100vw, 1000px\" \/>\t\t\t\t\t\t\n\t\t\t\t\t<\/div>\n\t\t\t\t\t\t\t\t\n<style>\n#image_1241536505 {\n  width: 100%;\n}\n<\/style>\n\t<\/div>\n\t\n\n\n\t\t<\/div>\n\t\t\t\t\n<style>\n#col-331543459 > .col-inner {\n  margin: 0px 0px 25px 0px;\n}\n<\/style>\n\t<\/div>\n\n\t\n\n\t<div id=\"col-237288056\" class=\"col medium-8 small-12 large-8\"  >\n\t\t\t\t<div class=\"col-inner\"  >\n\t\t\t\n\t\t\t\n\n<p><strong>Les ventes de v\u00e9hicules \u00e9lectriques (VE) en Belgique ont connu une forte croissance ces derni\u00e8res ann\u00e9es. Des mod\u00e8les populaires comme la Tesla Model Y et l&rsquo;Audi Q4 figurent parmi les voitures \u00e9lectriques les plus vendues du pays. Cette demande croissante pour les v\u00e9hicules \u00e9lectriques refl\u00e8te non seulement un int\u00e9r\u00eat grandissant pour les transports \u00e9cologiques, mais aussi une volont\u00e9 accrue des consommateurs de passer \u00e0 des alternatives plus durables aux voitures \u00e0 carburant traditionnel.  <\/strong><\/p>\n<p>En examinant les chiffres r\u00e9cents, on constate actuellement environ 221 911 voitures 100% \u00e9lectriques et environ 306 690 hybrides en circulation, ce qui repr\u00e9sente environ 7% du parc automobile total. <\/p>\n<p>Source: <a href=\"https:\/\/alternative-fuels-observatory.ec.europa.eu\/transport-mode\/road\/belgium\">Alternative fuels observatory<\/a><\/p>\n\t<div class=\"img has-hover x md-x lg-x y md-y lg-y\" id=\"image_201792911\">\n\t\t\t\t\t\t\t\t<div class=\"img-inner dark\" >\n\t\t\t<img loading=\"lazy\" decoding=\"async\" width=\"1020\" height=\"680\" src=\"\/wp-content\/uploads\/2024\/11\/9e09edab-3900-4ca9-a159-bfc71eaf2c1a-1024x683.png\" class=\"attachment-large size-large\" alt=\"\" srcset=\"\/wp-content\/uploads\/2024\/11\/9e09edab-3900-4ca9-a159-bfc71eaf2c1a-1024x683.png 1024w, \/wp-content\/uploads\/2024\/11\/9e09edab-3900-4ca9-a159-bfc71eaf2c1a-300x200.png 300w, \/wp-content\/uploads\/2024\/11\/9e09edab-3900-4ca9-a159-bfc71eaf2c1a-768x512.png 768w, \/wp-content\/uploads\/2024\/11\/9e09edab-3900-4ca9-a159-bfc71eaf2c1a.png 1200w\" sizes=\"auto, (max-width: 1020px) 100vw, 1020px\" \/>\t\t\t\t\t\t\n\t\t\t\t\t<\/div>\n\t\t\t\t\t\t\t\t\n<style>\n#image_201792911 {\n  width: 100%;\n}\n<\/style>\n\t<\/div>\n\t\n\n<p>La croissance exponentielle observ\u00e9e ces derni\u00e8res ann\u00e9es n\u2019est cependant pas le fruit du hasard. Une meilleure infrastructure de recharge, une autonomie plus importante et des avantages fiscaux ont rendu l&rsquo;achat de voitures \u00e9lectriques plus accessible. <\/p>\n\t<div class=\"img has-hover x md-x lg-x y md-y lg-y\" id=\"image_1004205785\">\n\t\t\t\t\t\t\t\t<div class=\"img-inner dark\" >\n\t\t\t<img loading=\"lazy\" decoding=\"async\" width=\"1020\" height=\"680\" src=\"\/wp-content\/uploads\/2024\/11\/753a1f6b-6926-4606-920f-63e1f89d222d-1-1024x683.png\" class=\"attachment-large size-large\" alt=\"\" srcset=\"\/wp-content\/uploads\/2024\/11\/753a1f6b-6926-4606-920f-63e1f89d222d-1-1024x683.png 1024w, \/wp-content\/uploads\/2024\/11\/753a1f6b-6926-4606-920f-63e1f89d222d-1-300x200.png 300w, \/wp-content\/uploads\/2024\/11\/753a1f6b-6926-4606-920f-63e1f89d222d-1-768x512.png 768w, \/wp-content\/uploads\/2024\/11\/753a1f6b-6926-4606-920f-63e1f89d222d-1.png 1200w\" sizes=\"auto, (max-width: 1020px) 100vw, 1020px\" \/>\t\t\t\t\t\t\n\t\t\t\t\t<\/div>\n\t\t\t\t\t\t\t\t\n<style>\n#image_1004205785 {\n  width: 100%;\n}\n<\/style>\n\t<\/div>\n\t\n\n<div class=\"container section-title-container\" ><h2 class=\"section-title section-title-normal\"><b><\/b><span class=\"section-title-main\" >La croissance de l'infrastructure de recharge soutient la transition vers les VE.<\/span><b><\/b><\/h2><\/div>\n\n<p>Une des raisons principales de cette croissance est l\u2019am\u00e9lioration continue de l\u2019infrastructure de recharge en Belgique. Avec un nombre croissant de stations de recharge publiques, les conducteurs peuvent recharger leurs v\u00e9hicules facilement, m\u00eame lors de longs trajets, sans craindre une panne de batterie. En parall\u00e8le, les avanc\u00e9es technologiques dans les v\u00e9hicules \u00e9lectriques, y compris le d\u00e9veloppement de mod\u00e8les dot\u00e9s de moteurs \u00e9lectriques puissants, contribuent \u00e9galement \u00e0 cette \u00e9volution. Selon les donn\u00e9es r\u00e9centes, le gouvernement belge investit massivement dans cette expansion, facilitant la recharge en route. Le r\u00e9seau de Superchargeurs de Tesla et les stations de recharge publiques de divers fournisseurs jouent un r\u00f4le majeur, rendant la conduite \u00e9lectrique plus accessible.    <\/p>\n<p><a href=\"https:\/\/carselect.touring.be\/fr\/2024\/12\/15\/tout-savoir-sur-lautonomie-et-la-duree-de-vie-de-la-batterie-une-voiture-electrique\/\"><strong><u>En savoir plus sur les infrastructures de recharge en Belgique et en Europe.<\/u><\/strong><\/a><\/p>\n<p><a href=\"https:\/\/carselect.touring.be\/fr\/2024\/12\/12\/recharger-une-voiture-electrique-domicile-ou-public-options-et-couts\/\"><strong><span data-color=\"var(--purple-10)\"><u>Ici, vous pouvez en savoir plus sur la mani\u00e8re exacte dont est constitu\u00e9e la batterie des voitures \u00e9lectriques. <\/u><\/span><\/strong><\/a><\/p>\n<div class=\"is-divider divider clearfix\" ><\/div>\n\n<div class=\"container section-title-container\" ><h2 class=\"section-title section-title-normal\"><b><\/b><span class=\"section-title-main\" >Les avantages fiscaux et les subventions favorisent l'adoption des v\u00e9hicules \u00e9lectriques.<\/span><b><\/b><\/h2><\/div>\n\n<p>En plus des am\u00e9liorations d\u2019infrastructure, le gouvernement belge encourage le passage aux v\u00e9hicules \u00e9lectriques avec divers avantages financiers. Par exemple, la Dacia Spring, la voiture \u00e9lectrique la moins ch\u00e8re du march\u00e9, b\u00e9n\u00e9ficie d\u2019avantages fiscaux. Tant les avantages fiscaux que les subventions rendent les v\u00e9hicules \u00e9lectriques plus attractifs pour les particuliers et les entreprises. Ainsi, les entreprises peuvent b\u00e9n\u00e9ficier d\u2019avantages fiscaux lors de l\u2019achat de v\u00e9hicules \u00e9lectriques, augmentant l\u2019int\u00e9r\u00eat pour les v\u00e9hicules utilitaires \u00e9lectriques. Cela rend la transition vers les v\u00e9hicules \u00e9lectriques non seulement plus respectueuse de l&rsquo;environnement, mais aussi plus int\u00e9ressante financi\u00e8rement pour les entreprises, contribuant au renouvellement global vers des v\u00e9hicules durables.   <\/p>\n<p>Les consommateurs peuvent profiter d\u2019une prime f\u00e9d\u00e9rale de \u20ac3000,- \u00e0 l\u2019achat d\u2019un v\u00e9hicule \u00e9lectrique. De plus, les voitures \u00e9lectriques sont exempt\u00e9es de la taxe de mise en circulation et de la taxe de circulation, offrant ainsi des \u00e9conomies substantielles. Ces incitations financi\u00e8res rendent les VE plus attractifs pour un large public, abaissant le seuil d&rsquo;acc\u00e8s aux v\u00e9hicules \u00e9lectriques. Gr\u00e2ce \u00e0 ce soutien, la mobilit\u00e9 \u00e9lectrique devient de plus en plus abordable et accessible pour les familles et les entreprises belges.   <\/p>\n<div class=\"container section-title-container\" ><h2 class=\"section-title section-title-normal\"><b><\/b><span class=\"section-title-main\" >L'autonomie am\u00e9lior\u00e9e augmente l'attractivit\u00e9 des v\u00e9hicules \u00e9lectriques pour les longs trajets<\/span><b><\/b><\/h2><\/div>\n\n<p>Alors que les premi\u00e8res g\u00e9n\u00e9rations de v\u00e9hicules \u00e9lectriques \u00e9taient limit\u00e9es \u00e0 de courtes distances, l\u2019autonomie des mod\u00e8les modernes a consid\u00e9rablement progress\u00e9 gr\u00e2ce \u00e0 un processus de contr\u00f4le minutieux qui garantit la qualit\u00e9 et la fiabilit\u00e9 des v\u00e9hicules. Un bon exemple est l\u2019Opel Mokka, un SUV \u00e9lectrique dot\u00e9 d\u2019une capacit\u00e9 de batterie et de performances impressionnantes. Des mod\u00e8les tels que l\u2019Opel Corsa Electric et l\u2019Audi e-tron offrent une autonomie comprise entre 200 et 500 kilom\u00e8tres, selon les conditions. Pour les trajets plus longs, la Tesla Model S offre m\u00eame une autonomie impressionnante de plus de 600 kilom\u00e8tres. Ces avanc\u00e9es rendent la conduite \u00e9lectrique plus attractive pour un plus grand nombre de consommateurs et favorisent l\u2019acceptation croissante des VE comme alternative aux voitures traditionnelles.   <\/p>\n<p><a href=\"https:\/\/carselect.touring.be\/fr\/2024\/12\/14\/les-voitures-electriques-avec-la-plus-grande-autonomie\/\"><strong><u>D\u00e9couvrez ici un aper\u00e7u des 10 voitures offrant la plus grande autonomie.<\/u><\/strong><\/a><\/p>\n\t\t<div class=\"news-related-vehicles\">\n\t\t\t\t\n\n<script type=\"text\/javascript\">\n    var seoPlugins = window.seoPlugins || [];\n\n    seoPlugins.push({\n        \"PluginCode\": \"a9f957e3-d8b9-4005-bf73-c81df6fc4833\",\n        \"PluginName\": \"#EVv1\",\n        \"FilterCookie\": {\"FuelTypeIds\":[\"3\"],\"CarCategoryIds\":[\"1\",\"2\"]}\n    })\n\n    window.seoPlugins = seoPlugins;\n\n    var seoPlugins = window.seoPlugins || [];\n\n    for (var i = 0; i < seoPlugins.length; i++) {\n        var pluginData = seoPlugins[i];\n        CFM.API.enable(pluginData.PluginCode, pluginData.PluginName, null, {\n            FilterCookie: pluginData.FilterCookie\n        });\n    }\n<\/script>\n<div id=\"EVv1\"><\/div>\n\t\t<\/div>\n\t\n<div class=\"is-divider divider clearfix\" ><\/div>\n\n<div class=\"container section-title-container\" ><h2 class=\"section-title section-title-normal\"><b><\/b><span class=\"section-title-main\" >La meilleure voiture \u00e9lectrique : que disent les chiffres ?<\/span><b><\/b><\/h2><\/div>\n\n<p>Bien que Tesla, Audi et Volvo dominent le march\u00e9, de nombreux autres mod\u00e8les populaires se d\u00e9marquent en Belgique. La Dacia Spring, par exemple, est une option abordable pris\u00e9e pour son prix attractif et son autonomie limit\u00e9e, parfaite pour un usage urbain. Des marques comme Renault, BMW et Audi proposent \u00e9galement des v\u00e9hicules \u00e9lectriques performants. La BMW i5 s\u00e9duit avec des sp\u00e9cifications d\u00e9taill\u00e9es, notamment son prix de d\u00e9part, son autonomie, la capacit\u00e9 de sa batterie, sa vitesse de charge, son nombre de places et son poids tractable, en faisant un choix attrayant pour les acheteurs potentiels. La Peugeot E-Rifter, quant \u00e0 elle, est une fourgonnette \u00e9lectrique populaire dot\u00e9e d&rsquo;une batterie de 100 kWh et d&rsquo;une puissance de 136 chevaux. Des mod\u00e8les comme la BMW iX3 et la Renault Zoe sont appr\u00e9ci\u00e9s pour leur convivialit\u00e9 et leur efficacit\u00e9, les rendant id\u00e9aux pour les trajets urbains comme pour les plus longues distances. Enfin, la BMW i4 offre des performances impressionnantes gr\u00e2ce \u00e0 une grande autonomie et une capacit\u00e9 de charge \u00e9lev\u00e9e, en faisant un choix de premier ordre pour les consommateurs \u00e0 la recherche d\u2019une exp\u00e9rience EV haut de gamme.      <\/p>\n\t<div class=\"img has-hover x md-x lg-x y md-y lg-y\" id=\"image_1620559073\">\n\t\t\t\t\t\t\t\t<div class=\"img-inner dark\" >\n\t\t\t<img loading=\"lazy\" decoding=\"async\" width=\"1020\" height=\"680\" src=\"\/wp-content\/uploads\/2024\/11\/ed6f9119-2de6-4472-920b-b6a31526ef53-1-1024x683.png\" class=\"attachment-large size-large\" alt=\"\" srcset=\"\/wp-content\/uploads\/2024\/11\/ed6f9119-2de6-4472-920b-b6a31526ef53-1-1024x683.png 1024w, \/wp-content\/uploads\/2024\/11\/ed6f9119-2de6-4472-920b-b6a31526ef53-1-300x200.png 300w, \/wp-content\/uploads\/2024\/11\/ed6f9119-2de6-4472-920b-b6a31526ef53-1-768x512.png 768w, \/wp-content\/uploads\/2024\/11\/ed6f9119-2de6-4472-920b-b6a31526ef53-1.png 1200w\" sizes=\"auto, (max-width: 1020px) 100vw, 1020px\" \/>\t\t\t\t\t\t\n\t\t\t\t\t<\/div>\n\t\t\t\t\t\t\t\t\n<style>\n#image_1620559073 {\n  width: 100%;\n}\n<\/style>\n\t<\/div>\n\t\n\n<div class=\"container section-title-container\" ><h3 class=\"section-title section-title-normal\"><b><\/b><span class=\"section-title-main\" >1. Tesla Model Y : 9 027 voitures \u00e9lectriques vendues<\/span><b><\/b><\/h3><\/div>\n\n<p>La <strong>Tesla Model Y<\/strong> est un SUV \u00e9lectrique tr\u00e8s pris\u00e9 qui se distingue par sa polyvalence et ses technologies avanc\u00e9es. Avec une autonomie de plus de 500 km, cette voiture \u00e9lectrique est parfaitement adapt\u00e9e aussi bien aux trajets urbains qu&rsquo;aux longs voyages. Son puissant moteur \u00e9lectrique offre des performances impressionnantes et une conduite fluide, tandis que son int\u00e9rieur minimaliste est \u00e9quip\u00e9 d&rsquo;un grand \u00e9cran tactile qui contr\u00f4le la plupart des fonctionnalit\u00e9s du v\u00e9hicule. De plus, gr\u00e2ce au vaste r\u00e9seau de Superchargeurs de Tesla, la recharge en cours de route devient simple et rapide, renfor\u00e7ant ainsi le confort et la praticit\u00e9 de la conduite \u00e9lectrique. <\/p>\n\t<div class=\"img has-hover x md-x lg-x y md-y lg-y\" id=\"image_1150953827\">\n\t\t\t\t\t\t\t\t<div class=\"img-inner dark\" >\n\t\t\t<img loading=\"lazy\" decoding=\"async\" width=\"1000\" height=\"667\" src=\"\/wp-content\/uploads\/2024\/11\/teslamodely.jpg\" class=\"attachment-large size-large\" alt=\"De meest verkochte auto in Belgi\u00eb\" srcset=\"\/wp-content\/uploads\/2024\/11\/teslamodely.jpg 1000w, \/wp-content\/uploads\/2024\/11\/teslamodely-300x200.jpg 300w, \/wp-content\/uploads\/2024\/11\/teslamodely-768x512.jpg 768w\" sizes=\"auto, (max-width: 1000px) 100vw, 1000px\" \/>\t\t\t\t\t\t\n\t\t\t\t\t<\/div>\n\t\t\t\t\t\t\t\t\n<style>\n#image_1150953827 {\n  width: 100%;\n}\n<\/style>\n\t<\/div>\n\t\n\n\t\t<div class=\"news-related-vehicles\">\n\t\t\t\t\n\n<script type=\"text\/javascript\">\n    var seoPlugins = window.seoPlugins || [];\n\n    seoPlugins.push({\n        \"PluginCode\": \"a9f957e3-d8b9-4005-bf73-c81df6fc4833\",\n        \"PluginName\": \"#tesla\",\n        \"FilterCookie\": {\"ModelIds\":[\"4625\"],\"BrandIds\":[\"155\"]}\n    })\n\n    window.seoPlugins = seoPlugins;\n\n    var seoPlugins = window.seoPlugins || [];\n\n    for (var i = 0; i < seoPlugins.length; i++) {\n        var pluginData = seoPlugins[i];\n        CFM.API.enable(pluginData.PluginCode, pluginData.PluginName, null, {\n            FilterCookie: pluginData.FilterCookie\n        });\n    }\n<\/script>\n<div id=\"tesla\"><\/div>\n\t\t<\/div>\n\t\n<div class=\"is-divider divider clearfix\" ><\/div>\n\n<div class=\"container section-title-container\" ><h3 class=\"section-title section-title-normal\"><b><\/b><span class=\"section-title-main\" >2. Audi Q4 E-TRON : 6 108 voitures \u00e9lectriques vendues<\/span><b><\/b><\/h3><\/div>\n\n<p>L&rsquo;<strong>Audi Q4 e-tron<\/strong> est une remarquable entr\u00e9e dans le monde des voitures \u00e9lectriques, mettant l&rsquo;accent sur le luxe et la technologie. Ce SUV \u00e9lectrique offre une autonomie id\u00e9ale aussi bien pour les trajets urbains que pour les longues distances, en faisant un choix polyvalent pour divers besoins de conduite. Son int\u00e9rieur \u00e9l\u00e9gant est \u00e9quip\u00e9 des derni\u00e8res innovations technologiques, comme un grand \u00e9cran tactile et des syst\u00e8mes avanc\u00e9s d&rsquo;aide \u00e0 la conduite, qui renforcent le confort et la s\u00e9curit\u00e9 du conducteur. Son puissant moteur \u00e9lectrique garantit une conduite fluide et silencieuse, tandis que le temps de recharge optimis\u00e9 am\u00e9liore la praticit\u00e9 lors de vos d\u00e9placements.<\/p>\n\t<div class=\"img has-hover x md-x lg-x y md-y lg-y\" id=\"image_1306929077\">\n\t\t\t\t\t\t\t\t<div class=\"img-inner dark\" >\n\t\t\t<img loading=\"lazy\" decoding=\"async\" width=\"1000\" height=\"667\" src=\"\/wp-content\/uploads\/2024\/11\/audi-q4-e-tron-2.jpg\" class=\"attachment-large size-large\" alt=\"\" srcset=\"\/wp-content\/uploads\/2024\/11\/audi-q4-e-tron-2.jpg 1000w, \/wp-content\/uploads\/2024\/11\/audi-q4-e-tron-2-300x200.jpg 300w, \/wp-content\/uploads\/2024\/11\/audi-q4-e-tron-2-768x512.jpg 768w\" sizes=\"auto, (max-width: 1000px) 100vw, 1000px\" \/>\t\t\t\t\t\t\n\t\t\t\t\t<\/div>\n\t\t\t\t\t\t\t\t\n<style>\n#image_1306929077 {\n  width: 100%;\n}\n<\/style>\n\t<\/div>\n\t\n\n\t\t<div class=\"news-related-vehicles\">\n\t\t\t\t\n\n<script type=\"text\/javascript\">\n    var seoPlugins = window.seoPlugins || [];\n\n    seoPlugins.push({\n        \"PluginCode\": \"a9f957e3-d8b9-4005-bf73-c81df6fc4833\",\n        \"PluginName\": \"#audiq4\u201d brands=\",\n        \"FilterCookie\": {\"ModelIds\":[\"5020\"]}\n    })\n\n    window.seoPlugins = seoPlugins;\n\n    var seoPlugins = window.seoPlugins || [];\n\n    for (var i = 0; i < seoPlugins.length; i++) {\n        var pluginData = seoPlugins[i];\n        CFM.API.enable(pluginData.PluginCode, pluginData.PluginName, null, {\n            FilterCookie: pluginData.FilterCookie\n        });\n    }\n<\/script>\n<div id=\"audiq4\u201d brands=\"><\/div>\n\t\t<\/div>\n\t\n<div class=\"is-divider divider clearfix\" ><\/div>\n\n<div class=\"container section-title-container\" ><h3 class=\"section-title section-title-normal\"><b><\/b><span class=\"section-title-main\" >3. Tesla Model 3 : 5 752 voitures \u00e9lectriques vendues<\/span><b><\/b><\/h3><\/div>\n\n<p>La <strong>Tesla Model 3<\/strong> est l\u2019un des v\u00e9hicules \u00e9lectriques les plus populaires au monde, et ce n\u2019est pas sans raison. Cette voiture \u00e9lectrique combine des performances impressionnantes avec une technologie avanc\u00e9e et un design \u00e9pur\u00e9. Avec une autonomie pouvant atteindre 614 km, selon les conditions de conduite, la Model 3 offre un excellent \u00e9quilibre entre efficacit\u00e9 et port\u00e9e, ce qui en fait un choix id\u00e9al aussi bien pour les trajets urbains que pour les longs voyages. <\/p>\n<p>L&rsquo;int\u00e9rieur de la Tesla Model 3 est minimaliste et futuriste, avec un grand \u00e9cran tactile central qui contr\u00f4le la plupart des fonctions de la voiture. Le moteur \u00e9lectrique puissant permet une acc\u00e9l\u00e9ration rapide et une conduite fluide, tandis que les fonctions avanc\u00e9es de l&rsquo;Autopilot contribuent \u00e0 la s\u00e9curit\u00e9 et \u00e0 la commodit\u00e9 du conducteur. <\/p>\n<p>Un autre grand avantage de la Tesla Model 3 est son r\u00e9seau \u00e9tendu de stations Supercharger, ce qui rend la recharge en cours de route simple et rapide. Cela fait de la Model 3 un excellent choix pour ceux qui voyagent fr\u00e9quemment et doivent parcourir de longues distances sans se soucier de la recharge. <\/p>\n\t<div class=\"img has-hover x md-x lg-x y md-y lg-y\" id=\"image_1111835613\">\n\t\t\t\t\t\t\t\t<div class=\"img-inner dark\" >\n\t\t\t<img loading=\"lazy\" decoding=\"async\" width=\"1000\" height=\"665\" src=\"\/wp-content\/uploads\/2024\/11\/tesla-model-3.jpg\" class=\"attachment-large size-large\" alt=\"De derde meest verkochte auto in Belgi\u00eb\" srcset=\"\/wp-content\/uploads\/2024\/11\/tesla-model-3.jpg 1000w, \/wp-content\/uploads\/2024\/11\/tesla-model-3-300x200.jpg 300w, \/wp-content\/uploads\/2024\/11\/tesla-model-3-768x511.jpg 768w\" sizes=\"auto, (max-width: 1000px) 100vw, 1000px\" \/>\t\t\t\t\t\t\n\t\t\t\t\t<\/div>\n\t\t\t\t\t\t\t\t\n<style>\n#image_1111835613 {\n  width: 100%;\n}\n<\/style>\n\t<\/div>\n\t\n\n\t\t<div class=\"news-related-vehicles\">\n\t\t\t\t\n\n<script type=\"text\/javascript\">\n    var seoPlugins = window.seoPlugins || [];\n\n    seoPlugins.push({\n        \"PluginCode\": \"a9f957e3-d8b9-4005-bf73-c81df6fc4833\",\n        \"PluginName\": \"#teslamodel3\u201d brands=\",\n        \"FilterCookie\": {\"ModelIds\":[\"2971\"]}\n    })\n\n    window.seoPlugins = seoPlugins;\n\n    var seoPlugins = window.seoPlugins || [];\n\n    for (var i = 0; i < seoPlugins.length; i++) {\n        var pluginData = seoPlugins[i];\n        CFM.API.enable(pluginData.PluginCode, pluginData.PluginName, null, {\n            FilterCookie: pluginData.FilterCookie\n        });\n    }\n<\/script>\n<div id=\"teslamodel3\u201d brands=\"><\/div>\n\t\t<\/div>\n\t\n<div class=\"is-divider divider clearfix\" ><\/div>\n\n<div class=\"container section-title-container\" ><h3 class=\"section-title section-title-normal\"><b><\/b><span class=\"section-title-main\" >4. Volvo EX30 : 4 782 voitures \u00e9lectriques vendues<\/span><b><\/b><\/h3><\/div>\n\n<p>Le <strong>Volvo EX30<\/strong> est un SUV \u00e9lectrique compact qui s\u00e9duit par son design moderne et sa technologie de pointe. Ce v\u00e9hicule \u00e9lectrique offre une excellente autonomie, le rendant parfait pour les trajets urbains comme pour les longues distances. Son int\u00e9rieur allie style et fonctionnalit\u00e9, avec des mat\u00e9riaux haut de gamme et un syst\u00e8me d\u2019infodivertissement intuitif. Son puissant moteur \u00e9lectrique garantit une conduite fluide et silencieuse, tandis que les \u00e9quipements de s\u00e9curit\u00e9 renforcent le confort et la tranquillit\u00e9 d&rsquo;esprit du conducteur. Avec son m\u00e9lange d&rsquo;efficacit\u00e9, de performances et d&rsquo;\u00e9l\u00e9gance scandinave, le Volvo EX30 repr\u00e9sente un choix id\u00e9al pour ceux en qu\u00eate d&rsquo;une voiture \u00e9lectrique \u00e9cologique et pratique.<\/p>\n\t<div class=\"img has-hover x md-x lg-x y md-y lg-y\" id=\"image_1820236978\">\n\t\t\t\t\t\t\t\t<div class=\"img-inner dark\" >\n\t\t\t<img loading=\"lazy\" decoding=\"async\" width=\"1000\" height=\"667\" src=\"\/wp-content\/uploads\/2024\/11\/volvo-ex30-2.jpg\" class=\"attachment-large size-large\" alt=\"\" srcset=\"\/wp-content\/uploads\/2024\/11\/volvo-ex30-2.jpg 1000w, \/wp-content\/uploads\/2024\/11\/volvo-ex30-2-300x200.jpg 300w, \/wp-content\/uploads\/2024\/11\/volvo-ex30-2-768x512.jpg 768w\" sizes=\"auto, (max-width: 1000px) 100vw, 1000px\" \/>\t\t\t\t\t\t\n\t\t\t\t\t<\/div>\n\t\t\t\t\t\t\t\t\n<style>\n#image_1820236978 {\n  width: 100%;\n}\n<\/style>\n\t<\/div>\n\t\n\n\t\t<div class=\"news-related-vehicles\">\n\t\t\t\t\n\n<script type=\"text\/javascript\">\n    var seoPlugins = window.seoPlugins || [];\n\n    seoPlugins.push({\n        \"PluginCode\": \"a9f957e3-d8b9-4005-bf73-c81df6fc4833\",\n        \"PluginName\": \"#\u201cvolvoex30\u201d\",\n        \"FilterCookie\": {\"ModelIds\":[\"2304\"],\"BrandIds\":[\"46\"]}\n    })\n\n    window.seoPlugins = seoPlugins;\n\n    var seoPlugins = window.seoPlugins || [];\n\n    for (var i = 0; i < seoPlugins.length; i++) {\n        var pluginData = seoPlugins[i];\n        CFM.API.enable(pluginData.PluginCode, pluginData.PluginName, null, {\n            FilterCookie: pluginData.FilterCookie\n        });\n    }\n<\/script>\n<div id=\"\u201cvolvoex30\u201d\"><\/div>\n\t\t<\/div>\n\t\n<div class=\"is-divider divider clearfix\" ><\/div>\n\n<div class=\"container section-title-container\" ><h3 class=\"section-title section-title-normal\"><b><\/b><span class=\"section-title-main\" >5. Volvo EX40 \/ XC40 : 4 514 voitures \u00e9lectriques vendues<\/span><b><\/b><\/h3><\/div>\n\n<p>La <strong>Volvo EX40<\/strong>, \u00e9galement connue sous le nom de XC40, est un SUV \u00e9lectrique compact qui se distingue par son design scandinave \u00e9l\u00e9gant et sa technologie avanc\u00e9e. Ce v\u00e9hicule \u00e9lectrique offre une autonomie impressionnante, le rendant adapt\u00e9 aussi bien aux trajets urbains qu\u2019aux longues distances. Son int\u00e9rieur moderne et fonctionnel, dot\u00e9 de mat\u00e9riaux de qualit\u00e9 sup\u00e9rieure et d\u2019un syst\u00e8me d&rsquo;infodivertissement intuitif, rend chaque trajet agr\u00e9able. Le moteur \u00e9lectrique puissant garantit une conduite fluide et silencieuse, tandis que les \u00e9quipements de s\u00e9curit\u00e9 renforcent le confort et la tranquillit\u00e9 d&rsquo;esprit du conducteur.   <\/p>\n\t<div class=\"img has-hover x md-x lg-x y md-y lg-y\" id=\"image_717295409\">\n\t\t\t\t\t\t\t\t<div class=\"img-inner dark\" >\n\t\t\t<img loading=\"lazy\" decoding=\"async\" width=\"1000\" height=\"667\" src=\"\/wp-content\/uploads\/2024\/11\/volvo-ex-40.jpg\" class=\"attachment-large size-large\" alt=\"\" srcset=\"\/wp-content\/uploads\/2024\/11\/volvo-ex-40.jpg 1000w, \/wp-content\/uploads\/2024\/11\/volvo-ex-40-300x200.jpg 300w, \/wp-content\/uploads\/2024\/11\/volvo-ex-40-768x512.jpg 768w\" sizes=\"auto, (max-width: 1000px) 100vw, 1000px\" \/>\t\t\t\t\t\t\n\t\t\t\t\t<\/div>\n\t\t\t\t\t\t\t\t\n<style>\n#image_717295409 {\n  width: 100%;\n}\n<\/style>\n\t<\/div>\n\t\n\n\t\t<div class=\"news-related-vehicles\">\n\t\t\t\t\n\n<script type=\"text\/javascript\">\n    var seoPlugins = window.seoPlugins || [];\n\n    seoPlugins.push({\n        \"PluginCode\": \"a9f957e3-d8b9-4005-bf73-c81df6fc4833\",\n        \"PluginName\": \"#\u201cvolvoex40\u201d\",\n        \"FilterCookie\": {\"ModelIds\":[\"5109\"],\"BrandIds\":[\"118\"]}\n    })\n\n    window.seoPlugins = seoPlugins;\n\n    var seoPlugins = window.seoPlugins || [];\n\n    for (var i = 0; i < seoPlugins.length; i++) {\n        var pluginData = seoPlugins[i];\n        CFM.API.enable(pluginData.PluginCode, pluginData.PluginName, null, {\n            FilterCookie: pluginData.FilterCookie\n        });\n    }\n<\/script>\n<div id=\"\u201cvolvoex40\u201d\"><\/div>\n\t\t<\/div>\n\t\n<div class=\"is-divider divider clearfix\" ><\/div>\n\n<div class=\"container section-title-container\" ><h3 class=\"section-title section-title-normal\"><b><\/b><span class=\"section-title-main\" >6. BMW iX1 : 4 363 voitures \u00e9lectriques vendues<\/span><b><\/b><\/h3><\/div>\n\n<p>La<strong> BMW iX1<\/strong> est un SUV \u00e9lectrique compact qui se distingue par son style et ses performances. Avec une autonomie d\u2019environ 333 km, ce v\u00e9hicule \u00e9lectrique offre un excellent \u00e9quilibre entre efficacit\u00e9 et plaisir de conduite. Son moteur \u00e9lectrique puissant garantit une acc\u00e9l\u00e9ration dynamique et une exp\u00e9rience de conduite fluide, tandis que l\u2019int\u00e9rieur allie luxe et confort avec des technologies avanc\u00e9es, comme un grand \u00e9cran incurv\u00e9 et les derniers syst\u00e8mes d\u2019assistance \u00e0 la conduite.<\/p>\n<p>L\u2019ext\u00e9rieur de la BMW iX1 arbore un design moderne et dynamique, avec une carrosserie \u00e9pur\u00e9e qui allie esth\u00e9tique et a\u00e9rodynamisme. Gr\u00e2ce \u00e0 une recharge rapide et efficace, la iX1 est rapidement pr\u00eate \u00e0 reprendre la route.<\/p>\n\t<div class=\"img has-hover x md-x lg-x y md-y lg-y\" id=\"image_144551668\">\n\t\t\t\t\t\t\t\t<div class=\"img-inner dark\" >\n\t\t\t<img loading=\"lazy\" decoding=\"async\" width=\"1000\" height=\"667\" src=\"\/wp-content\/uploads\/2024\/11\/bmw-ix1-2.jpg\" class=\"attachment-large size-large\" alt=\"\" srcset=\"\/wp-content\/uploads\/2024\/11\/bmw-ix1-2.jpg 1000w, \/wp-content\/uploads\/2024\/11\/bmw-ix1-2-300x200.jpg 300w, \/wp-content\/uploads\/2024\/11\/bmw-ix1-2-768x512.jpg 768w\" sizes=\"auto, (max-width: 1000px) 100vw, 1000px\" \/>\t\t\t\t\t\t\n\t\t\t\t\t<\/div>\n\t\t\t\t\t\t\t\t\n<style>\n#image_144551668 {\n  width: 100%;\n}\n<\/style>\n\t<\/div>\n\t\n\n\t\t<div class=\"news-related-vehicles\">\n\t\t\t\t\n\n<script type=\"text\/javascript\">\n    var seoPlugins = window.seoPlugins || [];\n\n    seoPlugins.push({\n        \"PluginCode\": \"a9f957e3-d8b9-4005-bf73-c81df6fc4833\",\n        \"PluginName\": \"#\u201cbmwix1\u201d\",\n        \"FilterCookie\": {\"ModelIds\":[\"5207\"],\"BrandIds\":[\"10\"]}\n    })\n\n    window.seoPlugins = seoPlugins;\n\n    var seoPlugins = window.seoPlugins || [];\n\n    for (var i = 0; i < seoPlugins.length; i++) {\n        var pluginData = seoPlugins[i];\n        CFM.API.enable(pluginData.PluginCode, pluginData.PluginName, null, {\n            FilterCookie: pluginData.FilterCookie\n        });\n    }\n<\/script>\n<div id=\"\u201cbmwix1\u201d\"><\/div>\n\t\t<\/div>\n\t\n<div class=\"is-divider divider clearfix\" ><\/div>\n\n<div class=\"container section-title-container\" ><h3 class=\"section-title section-title-normal\"><b><\/b><span class=\"section-title-main\" >7. BMW i4 : 3 747 voitures \u00e9lectriques vendues<\/span><b><\/b><\/h3><\/div>\n\n<p>La <strong>BMW i4<\/strong> est une voiture \u00e9lectrique impressionnante qui combine l\u2019exp\u00e9rience de conduite embl\u00e9matique de BMW avec les avantages de la mobilit\u00e9 \u00e9lectrique. Avec une autonomie de 590 km, la i4 offre un \u00e9quilibre parfait entre efficacit\u00e9 et performances, id\u00e9ale aussi bien pour les trajets quotidiens que pour les longues distances. Son moteur \u00e9lectrique puissant garantit une acc\u00e9l\u00e9ration dynamique et une conduite fluide, tandis que l&rsquo;int\u00e9rieur allie luxe et confort, enrichi par des technologies avanc\u00e9es comme un grand \u00e9cran incurv\u00e9.  <\/p>\n<p>L&rsquo;ext\u00e9rieur de la BMW i4 est \u00e9l\u00e9gant et a\u00e9rodynamique, avec un look sportif qui conserve l&rsquo;\u00e9l\u00e9gance traditionnelle de BMW.<\/p>\n\t<div class=\"img has-hover x md-x lg-x y md-y lg-y\" id=\"image_1318034137\">\n\t\t\t\t\t\t\t\t<div class=\"img-inner dark\" >\n\t\t\t<img loading=\"lazy\" decoding=\"async\" width=\"1000\" height=\"666\" src=\"\/wp-content\/uploads\/2024\/11\/bmw-i4.jpg\" class=\"attachment-large size-large\" alt=\"\" srcset=\"\/wp-content\/uploads\/2024\/11\/bmw-i4.jpg 1000w, \/wp-content\/uploads\/2024\/11\/bmw-i4-300x200.jpg 300w, \/wp-content\/uploads\/2024\/11\/bmw-i4-768x511.jpg 768w\" sizes=\"auto, (max-width: 1000px) 100vw, 1000px\" \/>\t\t\t\t\t\t\n\t\t\t\t\t<\/div>\n\t\t\t\t\t\t\t\t\n<style>\n#image_1318034137 {\n  width: 100%;\n}\n<\/style>\n\t<\/div>\n\t\n\n\t\t<div class=\"news-related-vehicles\">\n\t\t\t\t\n\n<script type=\"text\/javascript\">\n    var seoPlugins = window.seoPlugins || [];\n\n    seoPlugins.push({\n        \"PluginCode\": \"a9f957e3-d8b9-4005-bf73-c81df6fc4833\",\n        \"PluginName\": \"#\u201cbmwi4\u201d\",\n        \"FilterCookie\": {\"ModelIds\":[\"5066\"],\"BrandIds\":[\"10\"]}\n    })\n\n    window.seoPlugins = seoPlugins;\n\n    var seoPlugins = window.seoPlugins || [];\n\n    for (var i = 0; i < seoPlugins.length; i++) {\n        var pluginData = seoPlugins[i];\n        CFM.API.enable(pluginData.PluginCode, pluginData.PluginName, null, {\n            FilterCookie: pluginData.FilterCookie\n        });\n    }\n<\/script>\n<div id=\"\u201cbmwi4\u201d\"><\/div>\n\t\t<\/div>\n\t\n<div class=\"is-divider divider clearfix\" ><\/div>\n\n<div class=\"container section-title-container\" ><h3 class=\"section-title section-title-normal\"><b><\/b><span class=\"section-title-main\" >8. VW ID.4 : 3 432 voitures \u00e9lectriques vendues<\/span><b><\/b><\/h3><\/div>\n\n<p>Le <strong>Volkswagen ID.4<\/strong> est un SUV \u00e9lectrique tr\u00e8s appr\u00e9ci\u00e9, qui se distingue par son int\u00e9rieur spacieux et sa technologie avanc\u00e9e. Avec une autonomie pouvant atteindre environ 520 km, selon les conditions de conduite, ce v\u00e9hicule \u00e9lectrique offre un \u00e9quilibre parfait entre efficacit\u00e9 et performances. Son int\u00e9rieur moderne et fonctionnel, dot\u00e9 de mat\u00e9riaux de qualit\u00e9 et d\u2019un syst\u00e8me d\u2019infodivertissement intuitif, renforce le plaisir de conduire. Son puissant moteur \u00e9lectrique garantit une conduite fluide, tandis que ses \u00e9quipements de s\u00e9curit\u00e9 assurent confort et tranquillit\u00e9 d\u2019esprit au conducteur.<\/p>\n\t<div class=\"img has-hover x md-x lg-x y md-y lg-y\" id=\"image_1483834575\">\n\t\t\t\t\t\t\t\t<div class=\"img-inner dark\" >\n\t\t\t<img loading=\"lazy\" decoding=\"async\" width=\"1000\" height=\"667\" src=\"\/wp-content\/uploads\/2024\/11\/vw-id4.jpg\" class=\"attachment-large size-large\" alt=\"\" srcset=\"\/wp-content\/uploads\/2024\/11\/vw-id4.jpg 1000w, \/wp-content\/uploads\/2024\/11\/vw-id4-300x200.jpg 300w, \/wp-content\/uploads\/2024\/11\/vw-id4-768x512.jpg 768w\" sizes=\"auto, (max-width: 1000px) 100vw, 1000px\" \/>\t\t\t\t\t\t\n\t\t\t\t\t<\/div>\n\t\t\t\t\t\t\t\t\n<style>\n#image_1483834575 {\n  width: 100%;\n}\n<\/style>\n\t<\/div>\n\t\n\n\t\t<div class=\"news-related-vehicles\">\n\t\t\t\t\n\n<script type=\"text\/javascript\">\n    var seoPlugins = window.seoPlugins || [];\n\n    seoPlugins.push({\n        \"PluginCode\": \"a9f957e3-d8b9-4005-bf73-c81df6fc4833\",\n        \"PluginName\": \"#\u201cvwid4\u201d\",\n        \"FilterCookie\": {\"ModelIds\":[\"4899\"],\"BrandIds\":[\"117\"]}\n    })\n\n    window.seoPlugins = seoPlugins;\n\n    var seoPlugins = window.seoPlugins || [];\n\n    for (var i = 0; i < seoPlugins.length; i++) {\n        var pluginData = seoPlugins[i];\n        CFM.API.enable(pluginData.PluginCode, pluginData.PluginName, null, {\n            FilterCookie: pluginData.FilterCookie\n        });\n    }\n<\/script>\n<div id=\"\u201cvwid4\u201d\"><\/div>\n\t\t<\/div>\n\t\n<div class=\"is-divider divider clearfix\" ><\/div>\n\n<div class=\"container section-title-container\" ><h3 class=\"section-title section-title-normal\"><b><\/b><span class=\"section-title-main\" >9. Mercedes EQB : 2 763 voitures \u00e9lectriques vendues<\/span><b><\/b><\/h3><\/div>\n\n<p>Le <strong>Mercedes EQB<\/strong> est un SUV \u00e9lectrique polyvalent qui se distingue par son int\u00e9rieur spacieux et ses technologies de pointe. Avec une autonomie d\u2019environ 330 km, variable selon les conditions de conduite, ce v\u00e9hicule \u00e9lectrique offre un excellent \u00e9quilibre entre efficacit\u00e9 et performances. L\u2019int\u00e9rieur, \u00e0 la fois moderne et fonctionnel, est con\u00e7u avec des mat\u00e9riaux haut de gamme et int\u00e8gre un syst\u00e8me d&rsquo;infodivertissement intuitif qui am\u00e9liore le plaisir de conduire. Son moteur \u00e9lectrique puissant garantit une conduite fluide, tandis que les \u00e9quipements de s\u00e9curit\u00e9 renforcent le confort et la tranquillit\u00e9 d&rsquo;esprit du conducteur.   <\/p>\n<p>Le design de l&rsquo;EQB d\u00e9gage \u00e9l\u00e9gance et modernit\u00e9, avec une carrosserie a\u00e9rodynamique et fluide qui est \u00e0 la fois styl\u00e9e et fonctionnelle.<\/p>\n\t<div class=\"img has-hover x md-x lg-x y md-y lg-y\" id=\"image_1629748725\">\n\t\t\t\t\t\t\t\t<div class=\"img-inner dark\" >\n\t\t\t<img loading=\"lazy\" decoding=\"async\" width=\"1000\" height=\"667\" src=\"\/wp-content\/uploads\/2024\/11\/mercedes-eqb-2.jpg\" class=\"attachment-large size-large\" alt=\"\" srcset=\"\/wp-content\/uploads\/2024\/11\/mercedes-eqb-2.jpg 1000w, \/wp-content\/uploads\/2024\/11\/mercedes-eqb-2-300x200.jpg 300w, \/wp-content\/uploads\/2024\/11\/mercedes-eqb-2-768x512.jpg 768w\" sizes=\"auto, (max-width: 1000px) 100vw, 1000px\" \/>\t\t\t\t\t\t\n\t\t\t\t\t<\/div>\n\t\t\t\t\t\t\t\t\n<style>\n#image_1629748725 {\n  width: 100%;\n}\n<\/style>\n\t<\/div>\n\t\n\n\t\t<div class=\"news-related-vehicles\">\n\t\t\t\t\n\n<script type=\"text\/javascript\">\n    var seoPlugins = window.seoPlugins || [];\n\n    seoPlugins.push({\n        \"PluginCode\": \"a9f957e3-d8b9-4005-bf73-c81df6fc4833\",\n        \"PluginName\": \"#\u201cmercedseqb\u201d\",\n        \"FilterCookie\": {\"ModelIds\":[\"5048\"],\"BrandIds\":[\"71\"]}\n    })\n\n    window.seoPlugins = seoPlugins;\n\n    var seoPlugins = window.seoPlugins || [];\n\n    for (var i = 0; i < seoPlugins.length; i++) {\n        var pluginData = seoPlugins[i];\n        CFM.API.enable(pluginData.PluginCode, pluginData.PluginName, null, {\n            FilterCookie: pluginData.FilterCookie\n        });\n    }\n<\/script>\n<div id=\"\u201cmercedseqb\u201d\"><\/div>\n\t\t<\/div>\n\t\n<div class=\"is-divider divider clearfix\" ><\/div>\n\n<div class=\"container section-title-container\" ><h3 class=\"section-title section-title-normal\"><b><\/b><span class=\"section-title-main\" >10. Mercedes EQA : 2 391 voitures \u00e9lectriques vendues<\/span><b><\/b><\/h3><\/div>\n\n<p>Le <strong>Mercedes EQA<\/strong> est un SUV \u00e9lectrique compact et \u00e9l\u00e9gant qui se d\u00e9marque par son design raffin\u00e9 et sa technologie avanc\u00e9e. Avec une autonomie d\u2019environ 400 km, selon les conditions de conduite, ce v\u00e9hicule \u00e9lectrique offre un excellent \u00e9quilibre entre efficacit\u00e9 et performances. Son int\u00e9rieur moderne et confortable, con\u00e7u avec des mat\u00e9riaux de qualit\u00e9, int\u00e8gre un syst\u00e8me d\u2019infodivertissement intuitif qui enrichit l\u2019exp\u00e9rience de conduite. Son puissant moteur \u00e9lectrique garantit une conduite fluide et silencieuse, tandis que ses \u00e9quipements de s\u00e9curit\u00e9 renforcent le confort et la s\u00e9r\u00e9nit\u00e9 du conducteur.<\/p>\n\t<div class=\"img has-hover x md-x lg-x y md-y lg-y\" id=\"image_1592977816\">\n\t\t\t\t\t\t\t\t<div class=\"img-inner dark\" >\n\t\t\t<img loading=\"lazy\" decoding=\"async\" width=\"1000\" height=\"667\" src=\"\/wp-content\/uploads\/2024\/11\/mercedes-eqa-2.jpg\" class=\"attachment-large size-large\" alt=\"De negende meest verkochte elektrische auto in Belgi\u00eb\" srcset=\"\/wp-content\/uploads\/2024\/11\/mercedes-eqa-2.jpg 1000w, \/wp-content\/uploads\/2024\/11\/mercedes-eqa-2-300x200.jpg 300w, \/wp-content\/uploads\/2024\/11\/mercedes-eqa-2-768x512.jpg 768w\" sizes=\"auto, (max-width: 1000px) 100vw, 1000px\" \/>\t\t\t\t\t\t\n\t\t\t\t\t<\/div>\n\t\t\t\t\t\t\t\t\n<style>\n#image_1592977816 {\n  width: 100%;\n}\n<\/style>\n\t<\/div>\n\t\n\n\t\t<div class=\"news-related-vehicles\">\n\t\t\t\t\n\n<script type=\"text\/javascript\">\n    var seoPlugins = window.seoPlugins || [];\n\n    seoPlugins.push({\n        \"PluginCode\": \"a9f957e3-d8b9-4005-bf73-c81df6fc4833\",\n        \"PluginName\": \"#\u201cmercedseqa\u201d\",\n        \"FilterCookie\": {\"ModelIds\":[\"5039\"],\"BrandIds\":[\"71\"]}\n    })\n\n    window.seoPlugins = seoPlugins;\n\n    var seoPlugins = window.seoPlugins || [];\n\n    for (var i = 0; i < seoPlugins.length; i++) {\n        var pluginData = seoPlugins[i];\n        CFM.API.enable(pluginData.PluginCode, pluginData.PluginName, null, {\n            FilterCookie: pluginData.FilterCookie\n        });\n    }\n<\/script>\n<div id=\"\u201cmercedseqa\u201d\"><\/div>\n\t\t<\/div>\n\t\n<div class=\"is-divider divider clearfix\" ><\/div>\n\n<div class=\"container section-title-container\" ><h2 class=\"section-title section-title-normal\"><b><\/b><span class=\"section-title-main\" >L'avenir de la mobilit\u00e9 \u00e9lectrique en Belgique<\/span><b><\/b><\/h2><\/div>\n\n<p>L\u2019adoption croissante des v\u00e9hicules \u00e9lectriques (VE) a profond\u00e9ment chang\u00e9 la perception de la mobilit\u00e9 \u00e9lectrique. La consommation des voitures \u00e9lectriques d\u00e9pend de divers facteurs, tels que le poids et l\u2019a\u00e9rodynamisme, tandis que la dur\u00e9e de vie des batteries lithium-ion est influenc\u00e9e par les habitudes d\u2019utilisation et les variations de temp\u00e9rature. Autrefois per\u00e7us comme des produits de niche, les VE sont d\u00e9sormais consid\u00e9r\u00e9s comme de v\u00e9ritables alternatives aux voitures traditionnelles.<\/p>\n<p>Avec des avanc\u00e9es technologiques constantes et l\u2019expansion des infrastructures de recharge, la Belgique est bien plac\u00e9e pour jouer un r\u00f4le cl\u00e9 sur le march\u00e9 europ\u00e9en des VE. En particulier, la jeune g\u00e9n\u00e9ration, tr\u00e8s sensible aux enjeux de durabilit\u00e9, opte de plus en plus pour la mobilit\u00e9 \u00e9lectrique. Cette tendance devrait favoriser la croissance continue du march\u00e9 belge des VE, o\u00f9 les v\u00e9hicules 100 % \u00e9lectriques devraient repr\u00e9senter la majeure partie de cette progression.<\/p>\n<div class=\"is-divider divider clearfix\" ><\/div>\n\n\n\n<script type=\"text\/javascript\">\n    var seoPlugins = window.seoPlugins || [];\n\n    seoPlugins.push({\n        \"PluginCode\": \"a9f957e3-d8b9-4005-bf73-c81df6fc4833\",\n        \"PluginName\": \"#newEV\",\n        \"FilterCookie\": {\"FuelTypeIds\":[\"3\"]}\n    })\n\n    window.seoPlugins = seoPlugins;\n\n    var seoPlugins = window.seoPlugins || [];\n\n    for (var i = 0; i < seoPlugins.length; i++) {\n        var pluginData = seoPlugins[i];\n        CFM.API.enable(pluginData.PluginCode, pluginData.PluginName, null, {\n            FilterCookie: pluginData.FilterCookie\n        });\n    }\n<\/script>\n<div id=\"newEV\"><\/div>\n\n\n\t\t<\/div>\n\t\t\t\t\t<\/div>\n\n\t\n\n\t<div id=\"col-684874069\" class=\"col medium-4 small-12 large-4\"  >\n\t\t\t\t<div class=\"col-inner\"  >\n\t\t\t\n\t\t\t\n\n\n  \n    <div class=\"row large-columns-1 medium-columns-1 small-columns-1\" >\n  <div class=\"col post-item\" >\n\t\t\t<div class=\"col-inner\">\n\t\t\t\t<div class=\"box box-normal box-text-bottom box-blog-post has-hover\">\n            \t\t\t\t\t<div class=\"box-image\" >\n  \t\t\t\t\t\t<div class=\"image-cover\" style=\"padding-top:56.25%;\">\n\t\t\t\t\t\t\t<a href=\"https:\/\/carselect.touring.be\/fr\/blog\/touring-assistance-depannage-12-mois-offerts-avec-votre-voiture\/\" class=\"plain\" aria-label=\"Touring assistance d\u00e9pannage : 12 mois offerts avec votre voiture !\">\n\t\t\t\t\t\t\t\t<img loading=\"lazy\" decoding=\"async\" width=\"300\" height=\"200\" src=\"\/wp-content\/uploads\/2025\/04\/touring-assistance-de\u0301panage-gratuite-300x200.jpg\" class=\"attachment-medium size-medium wp-post-image\" alt=\"Touring assistance d\u00e9pannage\" srcset=\"\/wp-content\/uploads\/2025\/04\/touring-assistance-de\u0301panage-gratuite-300x200.jpg 300w, \/wp-content\/uploads\/2025\/04\/touring-assistance-de\u0301panage-gratuite-1024x683.jpg 1024w, \/wp-content\/uploads\/2025\/04\/touring-assistance-de\u0301panage-gratuite-768x512.jpg 768w, \/wp-content\/uploads\/2025\/04\/touring-assistance-de\u0301panage-gratuite-1536x1024.jpg 1536w, \/wp-content\/uploads\/2025\/04\/touring-assistance-de\u0301panage-gratuite.jpg 1920w\" sizes=\"auto, (max-width: 300px) 100vw, 300px\" \/>\t\t\t\t\t\t\t<\/a>\n  \t\t\t\t\t\t\t  \t\t\t\t\t\t\t  \t\t\t\t\t\t<\/div>\n  \t\t\t\t\t\t  \t\t\t\t\t<\/div>\n          \t\t\t\t\t<div class=\"box-text text-left\" >\n\t\t\t\t\t<div class=\"box-text-inner blog-post-inner\">\n\n\t\t\t\t\t\n\t\t\t\t\t\t\t\t\t\t<h5 class=\"post-title is-large \">\n\t\t\t\t\t\t<a href=\"https:\/\/carselect.touring.be\/fr\/blog\/touring-assistance-depannage-12-mois-offerts-avec-votre-voiture\/\" class=\"plain\">Touring assistance d\u00e9pannage : 12 mois offerts avec votre voiture !<\/a>\n\t\t\t\t\t<\/h5>\n\t\t\t\t\t\t\t\t\t\t<div class=\"is-divider\"><\/div>\n\t\t\t\t\t\t\t\t\t\t<p class=\"from_the_blog_excerpt \">\n\t\t\t\t\t\tAchetez une voiture d\u2019occasion et profitez de 12 mois d\u2019assistance d\u00e9pannage gratuite ! Aide 24\/7 [...]\t\t\t\t\t<\/p>\n\t\t\t\t\t                    \n\t\t\t\t\t\n\t\t\t\t\t\n\t\t\t\t\t<\/div>\n\t\t\t\t\t<\/div>\n\t\t\t\t\t\t\t\t\t<\/div>\n\t\t\t<\/div>\n\t\t<\/div><div class=\"col post-item\" >\n\t\t\t<div class=\"col-inner\">\n\t\t\t\t<div class=\"box box-normal box-text-bottom box-blog-post has-hover\">\n            \t\t\t\t\t<div class=\"box-image\" >\n  \t\t\t\t\t\t<div class=\"image-cover\" style=\"padding-top:56.25%;\">\n\t\t\t\t\t\t\t<a href=\"https:\/\/carselect.touring.be\/fr\/blog\/voiture-electrique-ou-hybride-rechargeable\/\" class=\"plain\" aria-label=\"Voiture \u00e9lectrique ou hybride (rechargeable) : quelle est la diff\u00e9rence ? Et laquelle vous convient le mieux ?\">\n\t\t\t\t\t\t\t\t<img loading=\"lazy\" decoding=\"async\" width=\"300\" height=\"169\" src=\"\/wp-content\/uploads\/2024\/12\/header-image-elektrische-en-hybride-wagen-2-300x169.jpg\" class=\"attachment-medium size-medium wp-post-image\" alt=\"Voiture \u00e9lectrique vs. hybride rechargeable\" srcset=\"\/wp-content\/uploads\/2024\/12\/header-image-elektrische-en-hybride-wagen-2-300x169.jpg 300w, \/wp-content\/uploads\/2024\/12\/header-image-elektrische-en-hybride-wagen-2-768x432.jpg 768w, \/wp-content\/uploads\/2024\/12\/header-image-elektrische-en-hybride-wagen-2.jpg 1000w\" sizes=\"auto, (max-width: 300px) 100vw, 300px\" \/>\t\t\t\t\t\t\t<\/a>\n  \t\t\t\t\t\t\t  \t\t\t\t\t\t\t  \t\t\t\t\t\t<\/div>\n  \t\t\t\t\t\t  \t\t\t\t\t<\/div>\n          \t\t\t\t\t<div class=\"box-text text-left\" >\n\t\t\t\t\t<div class=\"box-text-inner blog-post-inner\">\n\n\t\t\t\t\t\n\t\t\t\t\t\t\t\t\t\t<h5 class=\"post-title is-large \">\n\t\t\t\t\t\t<a href=\"https:\/\/carselect.touring.be\/fr\/blog\/voiture-electrique-ou-hybride-rechargeable\/\" class=\"plain\">Voiture \u00e9lectrique ou hybride (rechargeable) : quelle est la diff\u00e9rence ? Et laquelle vous convient le mieux ?<\/a>\n\t\t\t\t\t<\/h5>\n\t\t\t\t\t\t\t\t\t\t<div class=\"is-divider\"><\/div>\n\t\t\t\t\t\t\t\t\t\t<p class=\"from_the_blog_excerpt \">\n\t\t\t\t\t\tVous h\u00e9sitez entre l'achat d'une voiture hybride ou \u00e9lectrique ? D\u00e9couvrez les diff\u00e9rences et les [...]\t\t\t\t\t<\/p>\n\t\t\t\t\t                    \n\t\t\t\t\t\n\t\t\t\t\t\n\t\t\t\t\t<\/div>\n\t\t\t\t\t<\/div>\n\t\t\t\t\t\t\t\t\t<\/div>\n\t\t\t<\/div>\n\t\t<\/div><div class=\"col post-item\" >\n\t\t\t<div class=\"col-inner\">\n\t\t\t\t<div class=\"box box-normal box-text-bottom box-blog-post has-hover\">\n            \t\t\t\t\t<div class=\"box-image\" >\n  \t\t\t\t\t\t<div class=\"image-cover\" style=\"padding-top:56.25%;\">\n\t\t\t\t\t\t\t<a href=\"https:\/\/carselect.touring.be\/fr\/blog\/tout-savoir-sur-lautonomie-et-la-duree-de-vie-de-la-batterie-une-voiture-electrique\/\" class=\"plain\" aria-label=\"Tout savoir sur l\u2019autonomie et la dur\u00e9e de vie de la batterie d\u2019une voiture \u00e9lectrique\">\n\t\t\t\t\t\t\t\t<img loading=\"lazy\" decoding=\"async\" width=\"300\" height=\"163\" src=\"\/wp-content\/uploads\/2024\/12\/header-levensduur-1-300x163.jpg\" class=\"attachment-medium size-medium wp-post-image\" alt=\"Vue transparente d&#039;une batterie de voiture.\" srcset=\"\/wp-content\/uploads\/2024\/12\/header-levensduur-1-300x163.jpg 300w, \/wp-content\/uploads\/2024\/12\/header-levensduur-1-768x417.jpg 768w, \/wp-content\/uploads\/2024\/12\/header-levensduur-1.jpg 1000w\" sizes=\"auto, (max-width: 300px) 100vw, 300px\" \/>\t\t\t\t\t\t\t<\/a>\n  \t\t\t\t\t\t\t  \t\t\t\t\t\t\t  \t\t\t\t\t\t<\/div>\n  \t\t\t\t\t\t  \t\t\t\t\t<\/div>\n          \t\t\t\t\t<div class=\"box-text text-left\" >\n\t\t\t\t\t<div class=\"box-text-inner blog-post-inner\">\n\n\t\t\t\t\t\n\t\t\t\t\t\t\t\t\t\t<h5 class=\"post-title is-large \">\n\t\t\t\t\t\t<a href=\"https:\/\/carselect.touring.be\/fr\/blog\/tout-savoir-sur-lautonomie-et-la-duree-de-vie-de-la-batterie-une-voiture-electrique\/\" class=\"plain\">Tout savoir sur l\u2019autonomie et la dur\u00e9e de vie de la batterie d\u2019une voiture \u00e9lectrique<\/a>\n\t\t\t\t\t<\/h5>\n\t\t\t\t\t\t\t\t\t\t<div class=\"is-divider\"><\/div>\n\t\t\t\t\t\t\t\t\t\t<p class=\"from_the_blog_excerpt \">\n\t\t\t\t\t\tTout savoir sur l'autonomie et la dur\u00e9e de vie de la batterie des voitures \u00e9lectriques. [...]\t\t\t\t\t<\/p>\n\t\t\t\t\t                    \n\t\t\t\t\t\n\t\t\t\t\t\n\t\t\t\t\t<\/div>\n\t\t\t\t\t<\/div>\n\t\t\t\t\t\t\t\t\t<\/div>\n\t\t\t<\/div>\n\t\t<\/div><\/div>\n\n\n\t\t<\/div>\n\t\t\t\t\t<\/div>\n\n\t\n\n<\/div>\n<div class=\"row\"  id=\"row-311062070\">\n\n\n\t<div id=\"col-940750694\" class=\"col small-12 large-12\"  >\n\t\t\t\t<div class=\"col-inner\"  >\n\t\t\t\n\t\t\t\n\n\n  <div class=\"banner has-hover\" id=\"banner-1456356401\">\n          <div class=\"banner-inner fill\">\n        <div class=\"banner-bg fill\" >\n            <img loading=\"lazy\" decoding=\"async\" width=\"1440\" height=\"160\" src=\"\/wp-content\/uploads\/2025\/01\/Mask-group.png\" class=\"bg attachment-original size-original\" alt=\"\" \/>                                    \n                    <\/div>\n\t\t\n        <div class=\"banner-layers container\">\n            <div class=\"fill banner-link\"><\/div>            \n\n   <div id=\"text-box-433165442\" class=\"text-box banner-layer x100 md-x100 lg-x100 y10 md-y10 lg-y10 res-text\">\n                                <div class=\"text-box-content text dark\">\n              \n              <div class=\"text-inner text-center\">\n                  \n\n<h2><em>Achetez votre<\/em><\/h2>\n<h2><em>Voiture de r\u00eave<\/em><\/h2>\n<a href=\"https:\/\/carselect.touring.be\/fr\/acheter-une-voiture\/\" class=\"button success\"  >\n\t\t<span>D\u00e9couvrez<\/span>\n\t<\/a>\n\n\n\n              <\/div>\n           <\/div>\n                            \n<style>\n#text-box-433165442 {\n  width: 35%;\n}\n#text-box-433165442 .text-box-content {\n  font-size: 100%;\n}\n<\/style>\n    <\/div>\n \n\n        <\/div>\n      <\/div>\n\n            \n<style>\n#banner-1456356401 {\n  padding-top: 250px;\n}\n#banner-1456356401 .banner-bg img {\n  object-position: 22% 0%;\n}\n<\/style>\n  <\/div>\n\n\n\n\t\t<\/div>\n\t\t\t\t\t<\/div>\n\n\t\n\n<\/div>\n\n\t\t<\/div>\n\n\t\t\n<style>\n#section_518717744 {\n  padding-top: 0px;\n  padding-bottom: 0px;\n}\n<\/style>\n\t<\/section>\n\t\n\n\n\n<p><\/p>\n\n\n\n<div class=\"row row-full-width align-middle align-center legalTextContainer representativeExampleBanner qa-testid-representative-banner-fr\"  id=\"row-708268764\">\r\n\r\n\n\t<div id=\"col-1340437432\" class=\"col text-container representative-example-container small-12 large-12\"  >\n\t\t\t\t<div class=\"col-inner\"  >\n\t\t\t\n\t\t\t\r\n\r\n<div class=\"legal-text-title\">Attention, emprunter de l\u2019argent co\u00fbte aussi de l\u2019argent.<\/div>\r\n<div class=\"legal-text-content mt-half\">\r\n<p>\r\nExemple repr\u00e9sentatif \u2013 Cr\u00e9dit ballon : <b>Pr\u00eat \u00e0 temp\u00e9rament avec derni\u00e8re mensualit\u00e9 major\u00e9e<\/b>. Montant du cr\u00e9dit : \u20ac 35.002,79. Acompte (facultatif) : \u20ac 0. Prix comptant: \u20ac 35.002,79. <b>TAEG (Taux Annuel Effectif Global)<\/b> de <b>5,99 %<\/b>, taux d\u00e9biteur annuel <b>fixe<\/b> : 5,99 %. Dur\u00e9e du cr\u00e9dit : <b>60 mois<\/b>. Remboursable en 59 mensualit\u00e9s de <b>\u20ac 522,81<\/b>. Derni\u00e8re mensualit\u00e9 major\u00e9e : <b>\u20ac 11.023,64<\/b>. Montant total d\u00fb : \u20ac 41.869,16.\r\n      <\/p>\r\n<p>\r\n        Exemple repr\u00e9sentatif \u2013 Cr\u00e9dit classique : <b>Pr\u00eat \u00e0 temp\u00e9rament<\/b>. Montant du cr\u00e9dit : \u20ac 35.002,79. Acompte (facultatif) : \u20ac 0. Prix comptant : \u20ac 35.002,79. <b>TAEG (Taux Annuel Effectif Global)<\/b> de <b>5,99 %<\/b>, taux d\u00e9biteur annuel <b>fixe<\/b>: 5,99 %. Dur\u00e9e de <b>60 mois<\/b>. Remboursable en 60 mensualit\u00e9s de <b>\u20ac 673,96<\/b>. Montant total d\u00fb : \u20ac 40.437,85.\r\n      <\/p>\r\n<p>\r\n        Sous r\u00e9serve d\u2019acceptation de votre demande de cr\u00e9dit par Alpha Credit s.a., pr\u00eateur, Montagne du Parc 8\/3, 1000 Bruxelles, TVA BE 0445.781.316, RPM Bruxelles. Annonceur : TCS Mobility S.A., agent \u00e0 titre accessoire, Boulevard Albert II 4, B12, 1000 Bruxelles, TVA BE 1003.765.106, BE93 0019 6639 0767, RPM Bruxelles. La souscription d\u2019un pr\u00eat \u00e0 temp\u00e9rament est soumise \u00e0 la l\u00e9gislation relative au cr\u00e9dit \u00e0 la consommation, et plus sp\u00e9cifiquement au livre VII du Code de droit \u00e9conomique.\r\n      <\/p>\r\n<\/div>\r\n\r\n\r\n\t\t<\/div>\n\t\t\t\t\t<\/div>\n\n\t\r\n\n\t<div id=\"col-721704483\" class=\"col text-container ilustrative-example-container small-12 large-12\"  >\n\t\t\t\t<div class=\"col-inner\"  >\n\t\t\t\n\t\t\t\r\n\r\n<div class=\"legal-text-title\">Attention, emprunter de l\u2019argent co\u00fbte aussi de l\u2019argent.<\/div>\r\n<div class=\"legal-text-content mt-half\">\r\n<p class=\"balloon-financing\">Exemple illustratif \u2013 Cr\u00e9dit ballon : Pr\u00eat \u00e0 temp\u00e9rament avec derni\u00e8re mensualit\u00e9 major\u00e9e. Montant du cr\u00e9dit : \u20ac\u00a0<span id=\"balloon-loan-amount\">35.002,79<\/span>. Acompte (facultatif) : \u20ac\u00a00. Prix comptant: \u20ac\u00a0<span id=\"balloon-price\">35.002,79<\/span>. TAEG (Taux Annuel Effectif Global) de <span id=\"balloon-jkp\">5,99<\/span> %, taux d\u00e9biteur annuel fixe : <span id=\"balloon-interest-rate\">5,99<\/span> %. Dur\u00e9e du cr\u00e9dit : <span id=\"balloon-number-of-months\">60<\/span> mois. Remboursable en <span id=\"balloon-lower-rate-number-of-months\">59<\/span> mensualit\u00e9s de \u20ac\u00a0<span id=\"balloon-rate-per-month\">522,81<\/span>. Derni\u00e8re mensualit\u00e9 major\u00e9e : \u20ac\u00a0<span id=\"balloon-residual-value\">11.023,64<\/span>. Montant total d\u00fb : \u20ac\u00a0<span id=\"balloon-total-financing-cost\">41.869,16<\/span>.<\/p>\r\n<p class=\"classic-financing\">Exemple illustratif \u2013 Cr\u00e9dit classique : Pr\u00eat \u00e0 temp\u00e9rament. Montant du cr\u00e9dit : \u20ac\u00a0<span id=\"classic-loan-amount\">35.002,79<\/span>. Acompte (facultatif) : \u20ac\u00a00. Prix comptant : \u20ac\u00a0<span id=\"classic-price\">35.002,79<\/span>. TAEG (Taux Annuel Effectif Global) de <span id=\"classic-jkp\">5,99<\/span> %, taux d\u00e9biteur annuel fixe: <span id=\"classic-interest-rate\">5,99<\/span> %. Dur\u00e9e de <span id=\"classic-number-of-months\">60<\/span> mois. Remboursable en 60 mensualit\u00e9s de \u20ac\u00a0<span id=\"classic-rate-per-month\">673,96<\/span>. Montant total d\u00fb : \u20ac\u00a0<span id=\"classic-total-financing-cost\">40.437,85<\/span>.<\/p>\r\n<\/div>\r\n\r\n\r\n\t\t<\/div>\n\t\t\t\t\t<\/div>\n\n\t\r\n\n\t<div id=\"col-1311506040\" class=\"col buttons-container small-12 large-12\"  >\n\t\t\t\t<div class=\"col-inner\"  >\n\t\t\t\n\t\t\t\r\n\r\n<a class=\"button success lowercase hideLegalText\"  >\n\t\t<span>Fermer<\/span>\n\t<\/a>\n\r\n\r\n<a href=\"\/fr\/blog\/choisir-la-meilleure-couleur-des-voiture-pour-votre-style\/\" class=\"button white lowercase more-info hidden\"  >\n\t\t<span>Plus d\u2019infos<\/span>\n\t<\/a>\n\r\n\r\n\r\n\t\t<\/div>\n\t\t\t\t\t<\/div>\n\n\t\r\n\r\n<\/div>\n\n\n","protected":false},"excerpt":{"rendered":"<p>D\u00e9couvrez les voitures \u00e9lectriques les plus vendues en Belgique et apprenez tout sur les mod\u00e8les populaires et leurs avantages.<\/p>\n","protected":false},"author":28,"featured_media":12299,"comment_status":"closed","ping_status":"open","sticky":false,"template":"","format":"standard","meta":{"footnotes":""},"categories":[74,76],"tags":[125,130,129,126],"class_list":["post-11653","post","type-post","status-publish","format-standard","has-post-thumbnail","hentry","category-conduite-electrique","category-mis-en-avant","tag-doccasion","tag-elektrische-wagen-fr","tag-tweedehands-fr","tag-voiture-electrique"],"yoast_head":"<!-- This site is optimized with the Yoast SEO Premium plugin v24.0 (Yoast SEO v24.0) - https:\/\/yoast.com\/wordpress\/plugins\/seo\/ -->\n<title>Les voitures \u00e9lectriques les plus vendues en Belgique - Touring Dealer<\/title>\n<meta name=\"description\" content=\"D\u00e9couvrez les voitures \u00e9lectriques les plus vendues en Belgique et apprenez tout sur les mod\u00e8les populaires et leurs avantages.\" \/>\n<meta name=\"robots\" content=\"index, follow, max-snippet:-1, max-image-preview:large, max-video-preview:-1\" \/>\n<link rel=\"canonical\" href=\"https:\/\/carselect.touring.be\/fr\/blog\/les-voitures-electriques-les-plus-vendues\/\" \/>\n<meta property=\"og:locale\" content=\"fr_FR\" \/>\n<meta property=\"og:type\" content=\"article\" \/>\n<meta property=\"og:title\" content=\"Les voitures \u00e9lectriques les plus vendues en Belgique\" \/>\n<meta property=\"og:description\" content=\"D\u00e9couvrez les voitures \u00e9lectriques les plus vendues en Belgique et apprenez tout sur les mod\u00e8les populaires et leurs avantages.\" \/>\n<meta property=\"og:url\" content=\"https:\/\/carselect.touring.be\/fr\/blog\/les-voitures-electriques-les-plus-vendues\/\" \/>\n<meta property=\"og:site_name\" content=\"Touring Dealer\" \/>\n<meta property=\"article:published_time\" content=\"2024-11-15T14:51:04+00:00\" \/>\n<meta property=\"article:modified_time\" content=\"2025-07-02T08:37:36+00:00\" \/>\n<meta property=\"og:image\" content=\"https:\/\/carselect.touring.be\/wp-content\/uploads\/2024\/11\/header-4.jpg\" \/>\n\t<meta property=\"og:image:width\" content=\"1000\" \/>\n\t<meta property=\"og:image:height\" content=\"666\" \/>\n\t<meta property=\"og:image:type\" content=\"image\/jpeg\" \/>\n<meta name=\"author\" content=\"Storme Wouter\" \/>\n<meta name=\"twitter:card\" content=\"summary_large_image\" \/>\n<meta name=\"twitter:label1\" content=\"\u00c9crit par\" \/>\n\t<meta name=\"twitter:data1\" content=\"Storme Wouter\" \/>\n\t<meta name=\"twitter:label2\" content=\"Dur\u00e9e de lecture est.\" \/>\n\t<meta name=\"twitter:data2\" content=\"11 minutes\" \/>\n<script type=\"application\/ld+json\" class=\"yoast-schema-graph\">{\"@context\":\"https:\/\/schema.org\",\"@graph\":[{\"@type\":\"Article\",\"@id\":\"https:\/\/carselect.touring.be\/fr\/blog\/les-voitures-electriques-les-plus-vendues\/#article\",\"isPartOf\":{\"@id\":\"https:\/\/carselect.touring.be\/fr\/blog\/les-voitures-electriques-les-plus-vendues\/\"},\"author\":{\"name\":\"Storme Wouter\",\"@id\":\"https:\/\/carselect.touring.be\/fr\/#\/schema\/person\/ac266868402e795f000a152b0f4fd4d8\"},\"headline\":\"Les voitures \u00e9lectriques les plus vendues en Belgique\",\"datePublished\":\"2024-11-15T14:51:04+00:00\",\"dateModified\":\"2025-07-02T08:37:36+00:00\",\"mainEntityOfPage\":{\"@id\":\"https:\/\/carselect.touring.be\/fr\/blog\/les-voitures-electriques-les-plus-vendues\/\"},\"wordCount\":2875,\"publisher\":{\"@id\":\"https:\/\/carselect.touring.be\/fr\/#organization\"},\"image\":{\"@id\":\"https:\/\/carselect.touring.be\/fr\/blog\/les-voitures-electriques-les-plus-vendues\/#primaryimage\"},\"thumbnailUrl\":\"\/wp-content\/uploads\/2024\/11\/header-4.jpg\",\"keywords\":[\"d'occasion\",\"elektrische wagen\",\"tweedehands\",\"voiture \u00e9lectrique\"],\"articleSection\":[\"Conduite \u00e9lectrique\",\"Mis en avant\"],\"inLanguage\":\"fr-BE\"},{\"@type\":\"WebPage\",\"@id\":\"https:\/\/carselect.touring.be\/fr\/blog\/les-voitures-electriques-les-plus-vendues\/\",\"url\":\"https:\/\/carselect.touring.be\/fr\/blog\/les-voitures-electriques-les-plus-vendues\/\",\"name\":\"Les voitures \u00e9lectriques les plus vendues en Belgique - Touring Dealer\",\"isPartOf\":{\"@id\":\"https:\/\/carselect.touring.be\/fr\/#website\"},\"primaryImageOfPage\":{\"@id\":\"https:\/\/carselect.touring.be\/fr\/blog\/les-voitures-electriques-les-plus-vendues\/#primaryimage\"},\"image\":{\"@id\":\"https:\/\/carselect.touring.be\/fr\/blog\/les-voitures-electriques-les-plus-vendues\/#primaryimage\"},\"thumbnailUrl\":\"\/wp-content\/uploads\/2024\/11\/header-4.jpg\",\"datePublished\":\"2024-11-15T14:51:04+00:00\",\"dateModified\":\"2025-07-02T08:37:36+00:00\",\"description\":\"D\u00e9couvrez les voitures \u00e9lectriques les plus vendues en Belgique et apprenez tout sur les mod\u00e8les populaires et leurs avantages.\",\"breadcrumb\":{\"@id\":\"https:\/\/carselect.touring.be\/fr\/blog\/les-voitures-electriques-les-plus-vendues\/#breadcrumb\"},\"inLanguage\":\"fr-BE\",\"potentialAction\":[{\"@type\":\"ReadAction\",\"target\":[\"https:\/\/carselect.touring.be\/fr\/blog\/les-voitures-electriques-les-plus-vendues\/\"]}]},{\"@type\":\"ImageObject\",\"inLanguage\":\"fr-BE\",\"@id\":\"https:\/\/carselect.touring.be\/fr\/blog\/les-voitures-electriques-les-plus-vendues\/#primaryimage\",\"url\":\"\/wp-content\/uploads\/2024\/11\/header-4.jpg\",\"contentUrl\":\"\/wp-content\/uploads\/2024\/11\/header-4.jpg\",\"width\":1000,\"height\":666,\"caption\":\"Un aper\u00e7u de la voiture la plus vendue et d'autres mod\u00e8les populaires.\"},{\"@type\":\"BreadcrumbList\",\"@id\":\"https:\/\/carselect.touring.be\/fr\/blog\/les-voitures-electriques-les-plus-vendues\/#breadcrumb\",\"itemListElement\":[{\"@type\":\"ListItem\",\"position\":1,\"name\":\"Home\",\"item\":\"https:\/\/carselect.touring.be\/fr\/\"},{\"@type\":\"ListItem\",\"position\":2,\"name\":\"Les voitures \u00e9lectriques les plus vendues en Belgique\"}]},{\"@type\":\"WebSite\",\"@id\":\"https:\/\/carselect.touring.be\/fr\/#website\",\"url\":\"https:\/\/carselect.touring.be\/fr\/\",\"name\":\"Touring CarSelect\",\"description\":\"\",\"publisher\":{\"@id\":\"https:\/\/carselect.touring.be\/fr\/#organization\"},\"potentialAction\":[{\"@type\":\"SearchAction\",\"target\":{\"@type\":\"EntryPoint\",\"urlTemplate\":\"https:\/\/carselect.touring.be\/fr\/?s={search_term_string}\"},\"query-input\":{\"@type\":\"PropertyValueSpecification\",\"valueRequired\":true,\"valueName\":\"search_term_string\"}}],\"inLanguage\":\"fr-BE\"},{\"@type\":\"Organization\",\"@id\":\"https:\/\/carselect.touring.be\/fr\/#organization\",\"name\":\"Touring CarSelect\",\"url\":\"https:\/\/carselect.touring.be\/fr\/\",\"logo\":{\"@type\":\"ImageObject\",\"inLanguage\":\"fr-BE\",\"@id\":\"https:\/\/carselect.touring.be\/fr\/#\/schema\/logo\/image\/\",\"url\":\"\/wp-content\/uploads\/2024\/04\/Touring-Car-Select-Logo.png\",\"contentUrl\":\"\/wp-content\/uploads\/2024\/04\/Touring-Car-Select-Logo.png\",\"width\":154,\"height\":53,\"caption\":\"Touring CarSelect\"},\"image\":{\"@id\":\"https:\/\/carselect.touring.be\/fr\/#\/schema\/logo\/image\/\"}},{\"@type\":\"Person\",\"@id\":\"https:\/\/carselect.touring.be\/fr\/#\/schema\/person\/ac266868402e795f000a152b0f4fd4d8\",\"name\":\"Storme Wouter\",\"image\":{\"@type\":\"ImageObject\",\"inLanguage\":\"fr-BE\",\"@id\":\"https:\/\/carselect.touring.be\/fr\/#\/schema\/person\/image\/\",\"url\":\"https:\/\/secure.gravatar.com\/avatar\/84473de8cbf4200af853908f03b9ea9e?s=96&d=mm&r=g\",\"contentUrl\":\"https:\/\/secure.gravatar.com\/avatar\/84473de8cbf4200af853908f03b9ea9e?s=96&d=mm&r=g\",\"caption\":\"Storme Wouter\"},\"url\":\"https:\/\/carselect.touring.be\/fr\/blog\/author\/storme-wouter\/\"}]}<\/script>\n<!-- \/ Yoast SEO Premium plugin. -->","yoast_head_json":{"title":"Les voitures \u00e9lectriques les plus vendues en Belgique - Touring Dealer","description":"D\u00e9couvrez les voitures \u00e9lectriques les plus vendues en Belgique et apprenez tout sur les mod\u00e8les populaires et leurs avantages.","robots":{"index":"index","follow":"follow","max-snippet":"max-snippet:-1","max-image-preview":"max-image-preview:large","max-video-preview":"max-video-preview:-1"},"canonical":"https:\/\/carselect.touring.be\/fr\/blog\/les-voitures-electriques-les-plus-vendues\/","og_locale":"fr_FR","og_type":"article","og_title":"Les voitures \u00e9lectriques les plus vendues en Belgique","og_description":"D\u00e9couvrez les voitures \u00e9lectriques les plus vendues en Belgique et apprenez tout sur les mod\u00e8les populaires et leurs avantages.","og_url":"https:\/\/carselect.touring.be\/fr\/blog\/les-voitures-electriques-les-plus-vendues\/","og_site_name":"Touring Dealer","article_published_time":"2024-11-15T14:51:04+00:00","article_modified_time":"2025-07-02T08:37:36+00:00","og_image":[{"width":1000,"height":666,"url":"https:\/\/carselect.touring.be\/wp-content\/uploads\/2024\/11\/header-4.jpg","type":"image\/jpeg"}],"author":"Storme Wouter","twitter_card":"summary_large_image","twitter_misc":{"\u00c9crit par":"Storme Wouter","Dur\u00e9e de lecture est.":"11 minutes"},"schema":{"@context":"https:\/\/schema.org","@graph":[{"@type":"Article","@id":"https:\/\/carselect.touring.be\/fr\/blog\/les-voitures-electriques-les-plus-vendues\/#article","isPartOf":{"@id":"https:\/\/carselect.touring.be\/fr\/blog\/les-voitures-electriques-les-plus-vendues\/"},"author":{"name":"Storme Wouter","@id":"https:\/\/carselect.touring.be\/fr\/#\/schema\/person\/ac266868402e795f000a152b0f4fd4d8"},"headline":"Les voitures \u00e9lectriques les plus vendues en Belgique","datePublished":"2024-11-15T14:51:04+00:00","dateModified":"2025-07-02T08:37:36+00:00","mainEntityOfPage":{"@id":"https:\/\/carselect.touring.be\/fr\/blog\/les-voitures-electriques-les-plus-vendues\/"},"wordCount":2875,"publisher":{"@id":"https:\/\/carselect.touring.be\/fr\/#organization"},"image":{"@id":"https:\/\/carselect.touring.be\/fr\/blog\/les-voitures-electriques-les-plus-vendues\/#primaryimage"},"thumbnailUrl":"\/wp-content\/uploads\/2024\/11\/header-4.jpg","keywords":["d'occasion","elektrische wagen","tweedehands","voiture \u00e9lectrique"],"articleSection":["Conduite \u00e9lectrique","Mis en avant"],"inLanguage":"fr-BE"},{"@type":"WebPage","@id":"https:\/\/carselect.touring.be\/fr\/blog\/les-voitures-electriques-les-plus-vendues\/","url":"https:\/\/carselect.touring.be\/fr\/blog\/les-voitures-electriques-les-plus-vendues\/","name":"Les voitures \u00e9lectriques les plus vendues en Belgique - Touring Dealer","isPartOf":{"@id":"https:\/\/carselect.touring.be\/fr\/#website"},"primaryImageOfPage":{"@id":"https:\/\/carselect.touring.be\/fr\/blog\/les-voitures-electriques-les-plus-vendues\/#primaryimage"},"image":{"@id":"https:\/\/carselect.touring.be\/fr\/blog\/les-voitures-electriques-les-plus-vendues\/#primaryimage"},"thumbnailUrl":"\/wp-content\/uploads\/2024\/11\/header-4.jpg","datePublished":"2024-11-15T14:51:04+00:00","dateModified":"2025-07-02T08:37:36+00:00","description":"D\u00e9couvrez les voitures \u00e9lectriques les plus vendues en Belgique et apprenez tout sur les mod\u00e8les populaires et leurs avantages.","breadcrumb":{"@id":"https:\/\/carselect.touring.be\/fr\/blog\/les-voitures-electriques-les-plus-vendues\/#breadcrumb"},"inLanguage":"fr-BE","potentialAction":[{"@type":"ReadAction","target":["https:\/\/carselect.touring.be\/fr\/blog\/les-voitures-electriques-les-plus-vendues\/"]}]},{"@type":"ImageObject","inLanguage":"fr-BE","@id":"https:\/\/carselect.touring.be\/fr\/blog\/les-voitures-electriques-les-plus-vendues\/#primaryimage","url":"\/wp-content\/uploads\/2024\/11\/header-4.jpg","contentUrl":"\/wp-content\/uploads\/2024\/11\/header-4.jpg","width":1000,"height":666,"caption":"Un aper\u00e7u de la voiture la plus vendue et d'autres mod\u00e8les populaires."},{"@type":"BreadcrumbList","@id":"https:\/\/carselect.touring.be\/fr\/blog\/les-voitures-electriques-les-plus-vendues\/#breadcrumb","itemListElement":[{"@type":"ListItem","position":1,"name":"Home","item":"https:\/\/carselect.touring.be\/fr\/"},{"@type":"ListItem","position":2,"name":"Les voitures \u00e9lectriques les plus vendues en Belgique"}]},{"@type":"WebSite","@id":"https:\/\/carselect.touring.be\/fr\/#website","url":"https:\/\/carselect.touring.be\/fr\/","name":"Touring CarSelect","description":"","publisher":{"@id":"https:\/\/carselect.touring.be\/fr\/#organization"},"potentialAction":[{"@type":"SearchAction","target":{"@type":"EntryPoint","urlTemplate":"https:\/\/carselect.touring.be\/fr\/?s={search_term_string}"},"query-input":{"@type":"PropertyValueSpecification","valueRequired":true,"valueName":"search_term_string"}}],"inLanguage":"fr-BE"},{"@type":"Organization","@id":"https:\/\/carselect.touring.be\/fr\/#organization","name":"Touring CarSelect","url":"https:\/\/carselect.touring.be\/fr\/","logo":{"@type":"ImageObject","inLanguage":"fr-BE","@id":"https:\/\/carselect.touring.be\/fr\/#\/schema\/logo\/image\/","url":"\/wp-content\/uploads\/2024\/04\/Touring-Car-Select-Logo.png","contentUrl":"\/wp-content\/uploads\/2024\/04\/Touring-Car-Select-Logo.png","width":154,"height":53,"caption":"Touring CarSelect"},"image":{"@id":"https:\/\/carselect.touring.be\/fr\/#\/schema\/logo\/image\/"}},{"@type":"Person","@id":"https:\/\/carselect.touring.be\/fr\/#\/schema\/person\/ac266868402e795f000a152b0f4fd4d8","name":"Storme Wouter","image":{"@type":"ImageObject","inLanguage":"fr-BE","@id":"https:\/\/carselect.touring.be\/fr\/#\/schema\/person\/image\/","url":"https:\/\/secure.gravatar.com\/avatar\/84473de8cbf4200af853908f03b9ea9e?s=96&d=mm&r=g","contentUrl":"https:\/\/secure.gravatar.com\/avatar\/84473de8cbf4200af853908f03b9ea9e?s=96&d=mm&r=g","caption":"Storme Wouter"},"url":"https:\/\/carselect.touring.be\/fr\/blog\/author\/storme-wouter\/"}]}},"_links":{"self":[{"href":"https:\/\/carselect.touring.be\/fr\/wp-json\/wp\/v2\/posts\/11653","targetHints":{"allow":["GET"]}}],"collection":[{"href":"https:\/\/carselect.touring.be\/fr\/wp-json\/wp\/v2\/posts"}],"about":[{"href":"https:\/\/carselect.touring.be\/fr\/wp-json\/wp\/v2\/types\/post"}],"author":[{"embeddable":true,"href":"https:\/\/carselect.touring.be\/fr\/wp-json\/wp\/v2\/users\/28"}],"replies":[{"embeddable":true,"href":"https:\/\/carselect.touring.be\/fr\/wp-json\/wp\/v2\/comments?post=11653"}],"version-history":[{"count":9,"href":"https:\/\/carselect.touring.be\/fr\/wp-json\/wp\/v2\/posts\/11653\/revisions"}],"predecessor-version":[{"id":14020,"href":"https:\/\/carselect.touring.be\/fr\/wp-json\/wp\/v2\/posts\/11653\/revisions\/14020"}],"wp:featuredmedia":[{"embeddable":true,"href":"https:\/\/carselect.touring.be\/fr\/wp-json\/wp\/v2\/media\/12299"}],"wp:attachment":[{"href":"https:\/\/carselect.touring.be\/fr\/wp-json\/wp\/v2\/media?parent=11653"}],"wp:term":[{"taxonomy":"category","embeddable":true,"href":"https:\/\/carselect.touring.be\/fr\/wp-json\/wp\/v2\/categories?post=11653"},{"taxonomy":"post_tag","embeddable":true,"href":"https:\/\/carselect.touring.be\/fr\/wp-json\/wp\/v2\/tags?post=11653"}],"curies":[{"name":"wp","href":"https:\/\/api.w.org\/{rel}","templated":true}]}}